{"id":47710,"date":"2023-10-24T18:37:47","date_gmt":"2023-10-24T16:37:47","guid":{"rendered":"https:\/\/www.laguiadepamplona.com\/actualidad\/?p=47710"},"modified":"2023-10-24T18:37:47","modified_gmt":"2023-10-24T16:37:47","slug":"pamplona-trabaja-junto-con-otros-seis-ayuntamientos-navarros-y-varias-asociaciones-para-abordar-la-atencion-de-personas-sin-hogar-de-forma-coordinada","status":"publish","type":"post","link":"https:\/\/www.laguiadepamplona.com\/actualidad\/pamplona-trabaja-junto-con-otros-seis-ayuntamientos-navarros-y-varias-asociaciones-para-abordar-la-atencion-de-personas-sin-hogar-de-forma-coordinada\/","title":{"rendered":"Pamplona trabaja junto con otros seis ayuntamientos navarros y varias asociaciones para abordar la atenci\u00f3n de personas sin hogar de forma coordinada"},"content":{"rendered":"<h3>Se han fijado tres reuniones, de ahora a fin de a\u00f1o, con el objetivo de aunar criterios de intervenci\u00f3n y analizar la situaci\u00f3n actual<\/h3>\n<p><!--more--><\/p>\n<p>Los ayuntamientos de Pamplona, No\u00e1in-Valle de Elorz, Valle de Eg\u00fc\u00e9s, Burlada, Bara\u00f1\u00e1in, Estella y Tudela, junto con la Federaci\u00f3n Navarra de Municipios y Concejos, han iniciado una ronda de contactos con el objetivo de coordinar acciones y respuestas ante la creciente demanda de recursos habitacionales para personas sin hogar. En este trabajo conjunto tambi\u00e9n participan la Comisi\u00f3n Espa\u00f1ola de Ayuda al Refugiado, Cruz Roja y C\u00e1ritas, que junto con las entidades locales conocen el d\u00eda a d\u00eda de estas personas, sus necesidades y las circunstancias que les han llevado a vivir as\u00ed.<br \/>\n<script async src=\"\/\/pagead2.googlesyndication.com\/pagead\/js\/adsbygoogle.js\"><\/script><br \/>\n<!-- Noticias La Guia de Pamplona --><br \/>\n<ins class=\"adsbygoogle\"\nstyle=\"display:block\"\ndata-ad-client=\"ca-pub-6943679897239327\"\ndata-ad-slot=\"7048180777\"\ndata-ad-format=\"auto\"><\/ins><br \/>\n<script>\n(adsbygoogle = window.adsbygoogle || []).push({});\n<\/script><\/p>\n<p>Esta ma\u00f1ana ha tenido lugar el primer encuentro entre todas estas entidades, y que ha contado con la presencia del concejal delegado de Servicios Sociales, Deporte y Salud del Ayuntamiento de Pamplona, Ra\u00fal Armend\u00e1riz. El objetivo es realizar tres reuniones de trabajo hasta final de a\u00f1o y lograr acordar en este tiempo una propuesta t\u00e9cnica de trabajo conjunta. De esta manera, se tratar\u00eda de marcar las pautas para establecer acciones, intervenciones y programas de forma coordinada en todos los municipios de la Comunidad Foral.<\/p>\n<p>Por de pronto, en estas reuniones intermunicipales se pretende clarificar cu\u00e1les son los perfiles de personas sin hogar, porque en los \u00faltimos a\u00f1os ha variado y se ha diversificado. De hecho, frente a la imagen de un hombre adulto con problem\u00e1ticas sociales asociadas, en la actualidad existe un abanico m\u00e1s amplio de personas sin hogar en el que se encuentran tambi\u00e9n j\u00f3venes migrantes mayores de edad que han salido de los recursos asistenciales p\u00fablicos. El n\u00famero de \u00e9stos ha crecido exponencialmente en los \u00faltimos a\u00f1os y los recursos municipales para acogerlos no son siempre suficientes. En este sentido, Pamplona, por ejemplo, cuenta con un Centro de Atenci\u00f3n a personas sin Hogar de Trinitarios con capacidad para 50 personas (25 para personas itinerantes y 25 para empadronadas).<br \/>\n<script async src=\"\/\/pagead2.googlesyndication.com\/pagead\/js\/adsbygoogle.js\"><\/script><br \/>\n<!-- Noticias La Guia de Pamplona --><br \/>\n<ins class=\"adsbygoogle\"\nstyle=\"display:block\"\ndata-ad-client=\"ca-pub-6943679897239327\"\ndata-ad-slot=\"7048180777\"\ndata-ad-format=\"auto\"><\/ins><br \/>\n<script>\n(adsbygoogle = window.adsbygoogle || []).push({});\n<\/script><\/p>\n<p><strong>An\u00e1lisis de propuestas y mejorar la coordinaci\u00f3n<\/strong><\/p>\n<p>Al margen de los perfiles, el encuentro ha servido para analizar las distintas respuestas planteadas por los ayuntamientos participantes, incluyendo los recursos y los protocolos ante emergencias clim\u00e1ticas. Adem\u00e1s, se ha trabajado en detectar d\u00f3nde se encuentran las principales dificultades y cu\u00e1les son las principales brechas en la atenci\u00f3n a este colectivo. En este sentido, se ha abordado el papel de los Servicios Sociales de Base, como primer filtro para estos casos y si se requiere de la intervenci\u00f3n de otras \u00e1reas y recursos p\u00fablicos.<\/p>\n<p>Con toda esta informaci\u00f3n, se trabajar\u00e1 en mejorar la respuesta municipal ante casos de sinhogarismo y en hacerlo de forma coordinada entre las localidades participantes y las asociaciones y colectivos que trabajan a pie de calle. De esta forma, se buscar\u00e1 lograr una propuesta com\u00fan que redunde en una mejor atenci\u00f3n a todas aquellas personas que carecen de hogar y que viven a la intemperie o en los recursos habitacionales p\u00fablicos.<\/p>\n","protected":false},"excerpt":{"rendered":"<p>Se han fijado tres reuniones, de ahora a fin de a\u00f1o, con el objetivo de aunar criterios de intervenci\u00f3n y analizar la situaci\u00f3n actual<\/p>\n","protected":false},"author":1,"featured_media":47711,"comment_status":"open","ping_status":"closed","sticky":false,"template":"","format":"standard","meta":{"footnotes":""},"categories":[2],"tags":[],"class_list":["post-47710","post","type-post","status-publish","format-standard","has-post-thumbnail","hentry","category-ayuntamiento-pamplona"],"yoast_head":"<!-- This site is optimized with the Yoast SEO plugin v27.3 - https:\/\/yoast.com\/product\/yoast-seo-wordpress\/ -->\n<title>Pamplona trabaja junto con otros seis ayuntamientos navarros y varias asociaciones para abordar la atenci\u00f3n de personas sin hogar de forma coordinada<\/title>\n<meta name=\"description\" content=\"Se han fijado tres reuniones, de ahora a fin de a\u00f1o, con el objetivo de aunar criterios de intervenci\u00f3n y analizar la situaci\u00f3n actual\" \/>\n<meta name=\"robots\" content=\"index, follow, max-snippet:-1, max-image-preview:large, max-video-preview:-1\" \/>\n<link rel=\"canonical\" href=\"https:\/\/www.laguiadepamplona.com\/actualidad\/pamplona-trabaja-junto-con-otros-seis-ayuntamientos-navarros-y-varias-asociaciones-para-abordar-la-atencion-de-personas-sin-hogar-de-forma-coordinada\/\" \/>\n<meta property=\"og:locale\" content=\"es_ES\" \/>\n<meta property=\"og:type\" content=\"article\" \/>\n<meta property=\"og:title\" content=\"Pamplona trabaja junto con otros seis ayuntamientos navarros y varias asociaciones para abordar la atenci\u00f3n de personas sin hogar de forma coordinada\" \/>\n<meta property=\"og:description\" content=\"Se han fijado tres reuniones, de ahora a fin de a\u00f1o, con el objetivo de aunar criterios de intervenci\u00f3n y analizar la situaci\u00f3n actual\" \/>\n<meta property=\"og:url\" content=\"https:\/\/www.laguiadepamplona.com\/actualidad\/pamplona-trabaja-junto-con-otros-seis-ayuntamientos-navarros-y-varias-asociaciones-para-abordar-la-atencion-de-personas-sin-hogar-de-forma-coordinada\/\" \/>\n<meta property=\"og:site_name\" content=\"La Gu\u00eda de Pamplona\" \/>\n<meta property=\"article:publisher\" content=\"https:\/\/www.facebook.com\/laguiadepamplonacom-133175176762273\/?ref=hl\" \/>\n<meta property=\"article:published_time\" content=\"2023-10-24T16:37:47+00:00\" \/>\n<meta property=\"og:image\" content=\"https:\/\/www.laguiadepamplona.com\/actualidad\/wp-content\/uploads\/2023\/10\/20231024sinhogarismoq5a4305.webp\" \/>\n\t<meta property=\"og:image:width\" content=\"1200\" \/>\n\t<meta property=\"og:image:height\" content=\"800\" \/>\n\t<meta property=\"og:image:type\" content=\"image\/webp\" \/>\n<meta name=\"author\" content=\"La Gu\u00eda de Pamplona\" \/>\n<meta name=\"twitter:card\" content=\"summary_large_image\" \/>\n<meta name=\"twitter:creator\" content=\"@LaGuiadPamplona\" \/>\n<meta name=\"twitter:site\" content=\"@LaGuiadPamplona\" \/>\n<meta name=\"twitter:label1\" content=\"Escrito por\" \/>\n\t<meta name=\"twitter:data1\" content=\"La Gu\u00eda de Pamplona\" \/>\n\t<meta name=\"twitter:label2\" content=\"Tiempo de lectura\" \/>\n\t<meta name=\"twitter:data2\" content=\"3 minutos\" \/>\n<script type=\"application\/ld+json\" class=\"yoast-schema-graph\">{\"@context\":\"https:\\\/\\\/schema.org\",\"@graph\":[{\"@type\":\"Article\",\"@id\":\"https:\\\/\\\/www.laguiadepamplona.com\\\/actualidad\\\/pamplona-trabaja-junto-con-otros-seis-ayuntamientos-navarros-y-varias-asociaciones-para-abordar-la-atencion-de-personas-sin-hogar-de-forma-coordinada\\\/#article\",\"isPartOf\":{\"@id\":\"https:\\\/\\\/www.laguiadepamplona.com\\\/actualidad\\\/pamplona-trabaja-junto-con-otros-seis-ayuntamientos-navarros-y-varias-asociaciones-para-abordar-la-atencion-de-personas-sin-hogar-de-forma-coordinada\\\/\"},\"author\":{\"name\":\"La Gu\u00eda de Pamplona\",\"@id\":\"https:\\\/\\\/www.laguiadepamplona.com\\\/actualidad\\\/#\\\/schema\\\/person\\\/efe887376f0213d4657c93adc50b1fdb\"},\"headline\":\"Pamplona trabaja junto con otros seis ayuntamientos navarros y varias asociaciones para abordar la atenci\u00f3n de personas sin hogar de forma coordinada\",\"datePublished\":\"2023-10-24T16:37:47+00:00\",\"mainEntityOfPage\":{\"@id\":\"https:\\\/\\\/www.laguiadepamplona.com\\\/actualidad\\\/pamplona-trabaja-junto-con-otros-seis-ayuntamientos-navarros-y-varias-asociaciones-para-abordar-la-atencion-de-personas-sin-hogar-de-forma-coordinada\\\/\"},\"wordCount\":551,\"commentCount\":0,\"publisher\":{\"@id\":\"https:\\\/\\\/www.laguiadepamplona.com\\\/actualidad\\\/#organization\"},\"image\":{\"@id\":\"https:\\\/\\\/www.laguiadepamplona.com\\\/actualidad\\\/pamplona-trabaja-junto-con-otros-seis-ayuntamientos-navarros-y-varias-asociaciones-para-abordar-la-atencion-de-personas-sin-hogar-de-forma-coordinada\\\/#primaryimage\"},\"thumbnailUrl\":\"https:\\\/\\\/www.laguiadepamplona.com\\\/actualidad\\\/wp-content\\\/uploads\\\/2023\\\/10\\\/20231024sinhogarismoq5a4305.webp\",\"articleSection\":[\"Ayto Pamplona\"],\"inLanguage\":\"es\",\"potentialAction\":[{\"@type\":\"CommentAction\",\"name\":\"Comment\",\"target\":[\"https:\\\/\\\/www.laguiadepamplona.com\\\/actualidad\\\/pamplona-trabaja-junto-con-otros-seis-ayuntamientos-navarros-y-varias-asociaciones-para-abordar-la-atencion-de-personas-sin-hogar-de-forma-coordinada\\\/#respond\"]}]},{\"@type\":\"WebPage\",\"@id\":\"https:\\\/\\\/www.laguiadepamplona.com\\\/actualidad\\\/pamplona-trabaja-junto-con-otros-seis-ayuntamientos-navarros-y-varias-asociaciones-para-abordar-la-atencion-de-personas-sin-hogar-de-forma-coordinada\\\/\",\"url\":\"https:\\\/\\\/www.laguiadepamplona.com\\\/actualidad\\\/pamplona-trabaja-junto-con-otros-seis-ayuntamientos-navarros-y-varias-asociaciones-para-abordar-la-atencion-de-personas-sin-hogar-de-forma-coordinada\\\/\",\"name\":\"Pamplona trabaja junto con otros seis ayuntamientos navarros y varias asociaciones para abordar la atenci\u00f3n de personas sin hogar de forma coordinada\",\"isPartOf\":{\"@id\":\"https:\\\/\\\/www.laguiadepamplona.com\\\/actualidad\\\/#website\"},\"primaryImageOfPage\":{\"@id\":\"https:\\\/\\\/www.laguiadepamplona.com\\\/actualidad\\\/pamplona-trabaja-junto-con-otros-seis-ayuntamientos-navarros-y-varias-asociaciones-para-abordar-la-atencion-de-personas-sin-hogar-de-forma-coordinada\\\/#primaryimage\"},\"image\":{\"@id\":\"https:\\\/\\\/www.laguiadepamplona.com\\\/actualidad\\\/pamplona-trabaja-junto-con-otros-seis-ayuntamientos-navarros-y-varias-asociaciones-para-abordar-la-atencion-de-personas-sin-hogar-de-forma-coordinada\\\/#primaryimage\"},\"thumbnailUrl\":\"https:\\\/\\\/www.laguiadepamplona.com\\\/actualidad\\\/wp-content\\\/uploads\\\/2023\\\/10\\\/20231024sinhogarismoq5a4305.webp\",\"datePublished\":\"2023-10-24T16:37:47+00:00\",\"description\":\"Se han fijado tres reuniones, de ahora a fin de a\u00f1o, con el objetivo de aunar criterios de intervenci\u00f3n y analizar la situaci\u00f3n actual\",\"breadcrumb\":{\"@id\":\"https:\\\/\\\/www.laguiadepamplona.com\\\/actualidad\\\/pamplona-trabaja-junto-con-otros-seis-ayuntamientos-navarros-y-varias-asociaciones-para-abordar-la-atencion-de-personas-sin-hogar-de-forma-coordinada\\\/#breadcrumb\"},\"inLanguage\":\"es\",\"potentialAction\":[{\"@type\":\"ReadAction\",\"target\":[\"https:\\\/\\\/www.laguiadepamplona.com\\\/actualidad\\\/pamplona-trabaja-junto-con-otros-seis-ayuntamientos-navarros-y-varias-asociaciones-para-abordar-la-atencion-de-personas-sin-hogar-de-forma-coordinada\\\/\"]}]},{\"@type\":\"ImageObject\",\"inLanguage\":\"es\",\"@id\":\"https:\\\/\\\/www.laguiadepamplona.com\\\/actualidad\\\/pamplona-trabaja-junto-con-otros-seis-ayuntamientos-navarros-y-varias-asociaciones-para-abordar-la-atencion-de-personas-sin-hogar-de-forma-coordinada\\\/#primaryimage\",\"url\":\"https:\\\/\\\/www.laguiadepamplona.com\\\/actualidad\\\/wp-content\\\/uploads\\\/2023\\\/10\\\/20231024sinhogarismoq5a4305.webp\",\"contentUrl\":\"https:\\\/\\\/www.laguiadepamplona.com\\\/actualidad\\\/wp-content\\\/uploads\\\/2023\\\/10\\\/20231024sinhogarismoq5a4305.webp\",\"width\":1200,\"height\":800,\"caption\":\"sin hogar\"},{\"@type\":\"BreadcrumbList\",\"@id\":\"https:\\\/\\\/www.laguiadepamplona.com\\\/actualidad\\\/pamplona-trabaja-junto-con-otros-seis-ayuntamientos-navarros-y-varias-asociaciones-para-abordar-la-atencion-de-personas-sin-hogar-de-forma-coordinada\\\/#breadcrumb\",\"itemListElement\":[{\"@type\":\"ListItem\",\"position\":1,\"name\":\"Portada\",\"item\":\"https:\\\/\\\/www.laguiadepamplona.com\\\/actualidad\\\/\"},{\"@type\":\"ListItem\",\"position\":2,\"name\":\"Pamplona trabaja junto con otros seis ayuntamientos navarros y varias asociaciones para abordar la atenci\u00f3n de personas sin hogar de forma coordinada\"}]},{\"@type\":\"WebSite\",\"@id\":\"https:\\\/\\\/www.laguiadepamplona.com\\\/actualidad\\\/#website\",\"url\":\"https:\\\/\\\/www.laguiadepamplona.com\\\/actualidad\\\/\",\"name\":\"La gu\u00eda de Pamplona\",\"description\":\"Noticias de Pamplona\",\"publisher\":{\"@id\":\"https:\\\/\\\/www.laguiadepamplona.com\\\/actualidad\\\/#organization\"},\"potentialAction\":[{\"@type\":\"SearchAction\",\"target\":{\"@type\":\"EntryPoint\",\"urlTemplate\":\"https:\\\/\\\/www.laguiadepamplona.com\\\/actualidad\\\/?s={search_term_string}\"},\"query-input\":{\"@type\":\"PropertyValueSpecification\",\"valueRequired\":true,\"valueName\":\"search_term_string\"}}],\"inLanguage\":\"es\"},{\"@type\":\"Organization\",\"@id\":\"https:\\\/\\\/www.laguiadepamplona.com\\\/actualidad\\\/#organization\",\"name\":\"La Gu\u00eda de Pamplona \\\/ Noticias\",\"url\":\"https:\\\/\\\/www.laguiadepamplona.com\\\/actualidad\\\/\",\"logo\":{\"@type\":\"ImageObject\",\"inLanguage\":\"es\",\"@id\":\"https:\\\/\\\/www.laguiadepamplona.com\\\/actualidad\\\/#\\\/schema\\\/logo\\\/image\\\/\",\"url\":\"https:\\\/\\\/www.laguiadepamplona.com\\\/actualidad\\\/wp-content\\\/uploads\\\/2018\\\/11\\\/logo-laguiadepamplona18-web1.png\",\"contentUrl\":\"https:\\\/\\\/www.laguiadepamplona.com\\\/actualidad\\\/wp-content\\\/uploads\\\/2018\\\/11\\\/logo-laguiadepamplona18-web1.png\",\"width\":600,\"height\":196,\"caption\":\"La Gu\u00eda de Pamplona \\\/ Noticias\"},\"image\":{\"@id\":\"https:\\\/\\\/www.laguiadepamplona.com\\\/actualidad\\\/#\\\/schema\\\/logo\\\/image\\\/\"},\"sameAs\":[\"https:\\\/\\\/www.facebook.com\\\/laguiadepamplonacom-133175176762273\\\/?ref=hl\",\"https:\\\/\\\/x.com\\\/LaGuiadPamplona\",\"https:\\\/\\\/www.instagram.com\\\/la_guia_de_pamplona\\\/\",\"https:\\\/\\\/www.youtube.com\\\/user\\\/laguiadepamplona\"]},{\"@type\":\"Person\",\"@id\":\"https:\\\/\\\/www.laguiadepamplona.com\\\/actualidad\\\/#\\\/schema\\\/person\\\/efe887376f0213d4657c93adc50b1fdb\",\"name\":\"La Gu\u00eda de Pamplona\",\"image\":{\"@type\":\"ImageObject\",\"inLanguage\":\"es\",\"@id\":\"https:\\\/\\\/secure.gravatar.com\\\/avatar\\\/b6992f131dc8d30ab0dff15446e9d346d9dbd95992de0fef795073f5ea83a81c?s=96&d=mm&r=g\",\"url\":\"https:\\\/\\\/secure.gravatar.com\\\/avatar\\\/b6992f131dc8d30ab0dff15446e9d346d9dbd95992de0fef795073f5ea83a81c?s=96&d=mm&r=g\",\"contentUrl\":\"https:\\\/\\\/secure.gravatar.com\\\/avatar\\\/b6992f131dc8d30ab0dff15446e9d346d9dbd95992de0fef795073f5ea83a81c?s=96&d=mm&r=g\",\"caption\":\"La Gu\u00eda de Pamplona\"}}]}<\/script>\n<!-- \/ Yoast SEO plugin. -->","yoast_head_json":{"title":"Pamplona trabaja junto con otros seis ayuntamientos navarros y varias asociaciones para abordar la atenci\u00f3n de personas sin hogar de forma coordinada","description":"Se han fijado tres reuniones, de ahora a fin de a\u00f1o, con el objetivo de aunar criterios de intervenci\u00f3n y analizar la situaci\u00f3n actual","robots":{"index":"index","follow":"follow","max-snippet":"max-snippet:-1","max-image-preview":"max-image-preview:large","max-video-preview":"max-video-preview:-1"},"canonical":"https:\/\/www.laguiadepamplona.com\/actualidad\/pamplona-trabaja-junto-con-otros-seis-ayuntamientos-navarros-y-varias-asociaciones-para-abordar-la-atencion-de-personas-sin-hogar-de-forma-coordinada\/","og_locale":"es_ES","og_type":"article","og_title":"Pamplona trabaja junto con otros seis ayuntamientos navarros y varias asociaciones para abordar la atenci\u00f3n de personas sin hogar de forma coordinada","og_description":"Se han fijado tres reuniones, de ahora a fin de a\u00f1o, con el objetivo de aunar criterios de intervenci\u00f3n y analizar la situaci\u00f3n actual","og_url":"https:\/\/www.laguiadepamplona.com\/actualidad\/pamplona-trabaja-junto-con-otros-seis-ayuntamientos-navarros-y-varias-asociaciones-para-abordar-la-atencion-de-personas-sin-hogar-de-forma-coordinada\/","og_site_name":"La Gu\u00eda de Pamplona","article_publisher":"https:\/\/www.facebook.com\/laguiadepamplonacom-133175176762273\/?ref=hl","article_published_time":"2023-10-24T16:37:47+00:00","og_image":[{"width":1200,"height":800,"url":"https:\/\/www.laguiadepamplona.com\/actualidad\/wp-content\/uploads\/2023\/10\/20231024sinhogarismoq5a4305.webp","type":"image\/webp"}],"author":"La Gu\u00eda de Pamplona","twitter_card":"summary_large_image","twitter_creator":"@LaGuiadPamplona","twitter_site":"@LaGuiadPamplona","twitter_misc":{"Escrito por":"La Gu\u00eda de Pamplona","Tiempo de lectura":"3 minutos"},"schema":{"@context":"https:\/\/schema.org","@graph":[{"@type":"Article","@id":"https:\/\/www.laguiadepamplona.com\/actualidad\/pamplona-trabaja-junto-con-otros-seis-ayuntamientos-navarros-y-varias-asociaciones-para-abordar-la-atencion-de-personas-sin-hogar-de-forma-coordinada\/#article","isPartOf":{"@id":"https:\/\/www.laguiadepamplona.com\/actualidad\/pamplona-trabaja-junto-con-otros-seis-ayuntamientos-navarros-y-varias-asociaciones-para-abordar-la-atencion-de-personas-sin-hogar-de-forma-coordinada\/"},"author":{"name":"La Gu\u00eda de Pamplona","@id":"https:\/\/www.laguiadepamplona.com\/actualidad\/#\/schema\/person\/efe887376f0213d4657c93adc50b1fdb"},"headline":"Pamplona trabaja junto con otros seis ayuntamientos navarros y varias asociaciones para abordar la atenci\u00f3n de personas sin hogar de forma coordinada","datePublished":"2023-10-24T16:37:47+00:00","mainEntityOfPage":{"@id":"https:\/\/www.laguiadepamplona.com\/actualidad\/pamplona-trabaja-junto-con-otros-seis-ayuntamientos-navarros-y-varias-asociaciones-para-abordar-la-atencion-de-personas-sin-hogar-de-forma-coordinada\/"},"wordCount":551,"commentCount":0,"publisher":{"@id":"https:\/\/www.laguiadepamplona.com\/actualidad\/#organization"},"image":{"@id":"https:\/\/www.laguiadepamplona.com\/actualidad\/pamplona-trabaja-junto-con-otros-seis-ayuntamientos-navarros-y-varias-asociaciones-para-abordar-la-atencion-de-personas-sin-hogar-de-forma-coordinada\/#primaryimage"},"thumbnailUrl":"https:\/\/www.laguiadepamplona.com\/actualidad\/wp-content\/uploads\/2023\/10\/20231024sinhogarismoq5a4305.webp","articleSection":["Ayto Pamplona"],"inLanguage":"es","potentialAction":[{"@type":"CommentAction","name":"Comment","target":["https:\/\/www.laguiadepamplona.com\/actualidad\/pamplona-trabaja-junto-con-otros-seis-ayuntamientos-navarros-y-varias-asociaciones-para-abordar-la-atencion-de-personas-sin-hogar-de-forma-coordinada\/#respond"]}]},{"@type":"WebPage","@id":"https:\/\/www.laguiadepamplona.com\/actualidad\/pamplona-trabaja-junto-con-otros-seis-ayuntamientos-navarros-y-varias-asociaciones-para-abordar-la-atencion-de-personas-sin-hogar-de-forma-coordinada\/","url":"https:\/\/www.laguiadepamplona.com\/actualidad\/pamplona-trabaja-junto-con-otros-seis-ayuntamientos-navarros-y-varias-asociaciones-para-abordar-la-atencion-de-personas-sin-hogar-de-forma-coordinada\/","name":"Pamplona trabaja junto con otros seis ayuntamientos navarros y varias asociaciones para abordar la atenci\u00f3n de personas sin hogar de forma coordinada","isPartOf":{"@id":"https:\/\/www.laguiadepamplona.com\/actualidad\/#website"},"primaryImageOfPage":{"@id":"https:\/\/www.laguiadepamplona.com\/actualidad\/pamplona-trabaja-junto-con-otros-seis-ayuntamientos-navarros-y-varias-asociaciones-para-abordar-la-atencion-de-personas-sin-hogar-de-forma-coordinada\/#primaryimage"},"image":{"@id":"https:\/\/www.laguiadepamplona.com\/actualidad\/pamplona-trabaja-junto-con-otros-seis-ayuntamientos-navarros-y-varias-asociaciones-para-abordar-la-atencion-de-personas-sin-hogar-de-forma-coordinada\/#primaryimage"},"thumbnailUrl":"https:\/\/www.laguiadepamplona.com\/actualidad\/wp-content\/uploads\/2023\/10\/20231024sinhogarismoq5a4305.webp","datePublished":"2023-10-24T16:37:47+00:00","description":"Se han fijado tres reuniones, de ahora a fin de a\u00f1o, con el objetivo de aunar criterios de intervenci\u00f3n y analizar la situaci\u00f3n actual","breadcrumb":{"@id":"https:\/\/www.laguiadepamplona.com\/actualidad\/pamplona-trabaja-junto-con-otros-seis-ayuntamientos-navarros-y-varias-asociaciones-para-abordar-la-atencion-de-personas-sin-hogar-de-forma-coordinada\/#breadcrumb"},"inLanguage":"es","potentialAction":[{"@type":"ReadAction","target":["https:\/\/www.laguiadepamplona.com\/actualidad\/pamplona-trabaja-junto-con-otros-seis-ayuntamientos-navarros-y-varias-asociaciones-para-abordar-la-atencion-de-personas-sin-hogar-de-forma-coordinada\/"]}]},{"@type":"ImageObject","inLanguage":"es","@id":"https:\/\/www.laguiadepamplona.com\/actualidad\/pamplona-trabaja-junto-con-otros-seis-ayuntamientos-navarros-y-varias-asociaciones-para-abordar-la-atencion-de-personas-sin-hogar-de-forma-coordinada\/#primaryimage","url":"https:\/\/www.laguiadepamplona.com\/actualidad\/wp-content\/uploads\/2023\/10\/20231024sinhogarismoq5a4305.webp","contentUrl":"https:\/\/www.laguiadepamplona.com\/actualidad\/wp-content\/uploads\/2023\/10\/20231024sinhogarismoq5a4305.webp","width":1200,"height":800,"caption":"sin hogar"},{"@type":"BreadcrumbList","@id":"https:\/\/www.laguiadepamplona.com\/actualidad\/pamplona-trabaja-junto-con-otros-seis-ayuntamientos-navarros-y-varias-asociaciones-para-abordar-la-atencion-de-personas-sin-hogar-de-forma-coordinada\/#breadcrumb","itemListElement":[{"@type":"ListItem","position":1,"name":"Portada","item":"https:\/\/www.laguiadepamplona.com\/actualidad\/"},{"@type":"ListItem","position":2,"name":"Pamplona trabaja junto con otros seis ayuntamientos navarros y varias asociaciones para abordar la atenci\u00f3n de personas sin hogar de forma coordinada"}]},{"@type":"WebSite","@id":"https:\/\/www.laguiadepamplona.com\/actualidad\/#website","url":"https:\/\/www.laguiadepamplona.com\/actualidad\/","name":"La gu\u00eda de Pamplona","description":"Noticias de Pamplona","publisher":{"@id":"https:\/\/www.laguiadepamplona.com\/actualidad\/#organization"},"potentialAction":[{"@type":"SearchAction","target":{"@type":"EntryPoint","urlTemplate":"https:\/\/www.laguiadepamplona.com\/actualidad\/?s={search_term_string}"},"query-input":{"@type":"PropertyValueSpecification","valueRequired":true,"valueName":"search_term_string"}}],"inLanguage":"es"},{"@type":"Organization","@id":"https:\/\/www.laguiadepamplona.com\/actualidad\/#organization","name":"La Gu\u00eda de Pamplona \/ Noticias","url":"https:\/\/www.laguiadepamplona.com\/actualidad\/","logo":{"@type":"ImageObject","inLanguage":"es","@id":"https:\/\/www.laguiadepamplona.com\/actualidad\/#\/schema\/logo\/image\/","url":"https:\/\/www.laguiadepamplona.com\/actualidad\/wp-content\/uploads\/2018\/11\/logo-laguiadepamplona18-web1.png","contentUrl":"https:\/\/www.laguiadepamplona.com\/actualidad\/wp-content\/uploads\/2018\/11\/logo-laguiadepamplona18-web1.png","width":600,"height":196,"caption":"La Gu\u00eda de Pamplona \/ Noticias"},"image":{"@id":"https:\/\/www.laguiadepamplona.com\/actualidad\/#\/schema\/logo\/image\/"},"sameAs":["https:\/\/www.facebook.com\/laguiadepamplonacom-133175176762273\/?ref=hl","https:\/\/x.com\/LaGuiadPamplona","https:\/\/www.instagram.com\/la_guia_de_pamplona\/","https:\/\/www.youtube.com\/user\/laguiadepamplona"]},{"@type":"Person","@id":"https:\/\/www.laguiadepamplona.com\/actualidad\/#\/schema\/person\/efe887376f0213d4657c93adc50b1fdb","name":"La Gu\u00eda de Pamplona","image":{"@type":"ImageObject","inLanguage":"es","@id":"https:\/\/secure.gravatar.com\/avatar\/b6992f131dc8d30ab0dff15446e9d346d9dbd95992de0fef795073f5ea83a81c?s=96&d=mm&r=g","url":"https:\/\/secure.gravatar.com\/avatar\/b6992f131dc8d30ab0dff15446e9d346d9dbd95992de0fef795073f5ea83a81c?s=96&d=mm&r=g","contentUrl":"https:\/\/secure.gravatar.com\/avatar\/b6992f131dc8d30ab0dff15446e9d346d9dbd95992de0fef795073f5ea83a81c?s=96&d=mm&r=g","caption":"La Gu\u00eda de Pamplona"}}]}},"post_mailing_queue_ids":[],"_links":{"self":[{"href":"https:\/\/www.laguiadepamplona.com\/actualidad\/wp-json\/wp\/v2\/posts\/47710","targetHints":{"allow":["GET"]}}],"collection":[{"href":"https:\/\/www.laguiadepamplona.com\/actualidad\/wp-json\/wp\/v2\/posts"}],"about":[{"href":"https:\/\/www.laguiadepamplona.com\/actualidad\/wp-json\/wp\/v2\/types\/post"}],"author":[{"embeddable":true,"href":"https:\/\/www.laguiadepamplona.com\/actualidad\/wp-json\/wp\/v2\/users\/1"}],"replies":[{"embeddable":true,"href":"https:\/\/www.laguiadepamplona.com\/actualidad\/wp-json\/wp\/v2\/comments?post=47710"}],"version-history":[{"count":1,"href":"https:\/\/www.laguiadepamplona.com\/actualidad\/wp-json\/wp\/v2\/posts\/47710\/revisions"}],"predecessor-version":[{"id":47712,"href":"https:\/\/www.laguiadepamplona.com\/actualidad\/wp-json\/wp\/v2\/posts\/47710\/revisions\/47712"}],"wp:featuredmedia":[{"embeddable":true,"href":"https:\/\/www.laguiadepamplona.com\/actualidad\/wp-json\/wp\/v2\/media\/47711"}],"wp:attachment":[{"href":"https:\/\/www.laguiadepamplona.com\/actualidad\/wp-json\/wp\/v2\/media?parent=47710"}],"wp:term":[{"taxonomy":"category","embeddable":true,"href":"https:\/\/www.laguiadepamplona.com\/actualidad\/wp-json\/wp\/v2\/categories?post=47710"},{"taxonomy":"post_tag","embeddable":true,"href":"https:\/\/www.laguiadepamplona.com\/actualidad\/wp-json\/wp\/v2\/tags?post=47710"}],"curies":[{"name":"wp","href":"https:\/\/api.w.org\/{rel}","templated":true}]}}