{"id":47705,"date":"2023-10-24T18:32:17","date_gmt":"2023-10-24T16:32:17","guid":{"rendered":"https:\/\/www.laguiadepamplona.com\/actualidad\/?p=47705"},"modified":"2023-10-24T18:32:17","modified_gmt":"2023-10-24T16:32:17","slug":"pamplona-organiza-este-martes-una-jornada-para-gestionar-y-certificar-la-sostenibilidad-de-las-empresas-del-sector-turistico-y-comercial-de-la-ciudad","status":"publish","type":"post","link":"https:\/\/www.laguiadepamplona.com\/actualidad\/pamplona-organiza-este-martes-una-jornada-para-gestionar-y-certificar-la-sostenibilidad-de-las-empresas-del-sector-turistico-y-comercial-de-la-ciudad\/","title":{"rendered":"Pamplona organiza este martes una jornada para gestionar y certificar la sostenibilidad de las empresas del sector tur\u00edstico y comercial de la ciudad"},"content":{"rendered":"<h3>El Palacio del Condestable acoge la presentaci\u00f3n de la plataforma Biosphere, alineada con los ODS y la Agenda 2030 de Naciones Unidas<\/h3>\n<p><!--more--><\/p>\n<p>El Ayuntamiento de Pamplona ha programado una jornada este martes a mediod\u00eda para presentar su estrategia de sostenibilidad al sector comercial y tur\u00edstico de la ciudad. En la jornada que se va a celebrar en el Palacio del Condestable, se explicar\u00e1 la plataforma de gesti\u00f3n y metodolog\u00eda Biosphere, herramienta elegida por Pamplona para aplicar al sector tur\u00edstico los 17 Objetivos de Desarrollo Sostenible (ODS) y las 169 metas de la Agenda 2030 de Naciones Unidas.<\/p>\n<p>Las asociaciones tur\u00edsticas y comerciales de la ciudad podr\u00e1n utilizar Biosphere para autoevaluar y certificar su nivel de sostenibilidad sin coste alguno, dado que Pamplona est\u00e1 adherida a esa metodolog\u00eda. El certificado Biosphere, dentro del proyecto PSTD Pamplona SF365, permite alinear la pol\u00edtica tur\u00edstica con los ODS y la Agenda Urbana Pamplona 2030; y hacer efectiva la Estrategia de Transici\u00f3n Energ\u00e9tica y cambio clim\u00e1tico de la ciudad.<br \/>\n<script async src=\"\/\/pagead2.googlesyndication.com\/pagead\/js\/adsbygoogle.js\"><\/script><br \/>\n<!-- Noticias La Guia de Pamplona --><br \/>\n<ins class=\"adsbygoogle\"\nstyle=\"display:block\"\ndata-ad-client=\"ca-pub-6943679897239327\"\ndata-ad-slot=\"7048180777\"\ndata-ad-format=\"auto\"><\/ins><br \/>\n<script>\n(adsbygoogle = window.adsbygoogle || []).push({});\n<\/script><\/p>\n<p>La obtenci\u00f3n de este certificado para posicionar a Pamplona como destino tur\u00edstico sostenible supone tambi\u00e9n la oportunidad de establecer un sistema de mejora continua en materia de sostenibilidad en las pol\u00edticas p\u00fablicas de gesti\u00f3n tur\u00edstica, que afecta a una parte importante de la actividad del Ayuntamiento de Pamplona. Este sistema brinda un espacio estructurado para conectar destinos, empresas, ciudadan\u00eda y turistas de manera conjunta.<\/p>\n<p>La jornada de este martes corresponde a la primera fase de un contrato que incluye un total de cuatro. Este primer paso consiste en el diagn\u00f3stico sobre la sostenibilidad del destino y asesoramiento continuo en materia de sostenibilidad, a trav\u00e9s de la presentaci\u00f3n p\u00fablica del proyecto; la elaboraci\u00f3n de un diagn\u00f3stico; la puesta a disposici\u00f3n del Ayuntamiento de Pamplona y el sector tur\u00edstico de la ciudad de la plataforma de gesti\u00f3n y seguimiento de los indicadores; y, finalmente, el asesoramiento on-line continuo.<br \/>\n<script async src=\"\/\/pagead2.googlesyndication.com\/pagead\/js\/adsbygoogle.js\"><\/script><br \/>\n<!-- Noticias La Guia de Pamplona --><br \/>\n<ins class=\"adsbygoogle\"\nstyle=\"display:block\"\ndata-ad-client=\"ca-pub-6943679897239327\"\ndata-ad-slot=\"7048180777\"\ndata-ad-format=\"auto\"><\/ins><br \/>\n<script>\n(adsbygoogle = window.adsbygoogle || []).push({});\n<\/script><\/p>\n<p>Biosphere es un sistema internacional de gesti\u00f3n y reconocimiento en sostenibilidad del Instituto del Turismo Responsable (ITR), entidad internacional que naci\u00f3 con el apoyo de la UNESCO a trav\u00e9s de un Memor\u00e1ndum de Entendimiento que promociona un Sistema Tur\u00edstico Responsable (STR) mediante la puesta en marcha de una metodolog\u00eda que busca la mejora continua y la implicaci\u00f3n del conjunto del destino, y que ofrece por tanto un reconocimiento a estos esfuerzos por parte de las Administraciones y entidades implicadas a trav\u00e9s del sello Biosphere.<\/p>\n<p>El Consejo Global de Turismo Sostenible es la organizaci\u00f3n mundial que gestiona los est\u00e1ndares mundiales para la sostenibilidad en viajes y turismo; y ofrece la acreditaci\u00f3n internacional para Organismos de Certificaci\u00f3n de turismo sostenible. Es la \u00fanica entidad acreditadora en materia de sostenibilidad tur\u00edstica vinculada a las Naciones Unidas a trav\u00e9s de la Organizaci\u00f3n Mundial del Turismo (OMT), el programa de las Naciones Unidas para el Medioambiente (PNUMA), la UNESCO y la Fundaci\u00f3n Naciones Unidas.<\/p>\n<p>Esta actuaci\u00f3n est\u00e1 enmarcada en el proyecto PSTD Pamplona SF365 y cuenta con financiaci\u00f3n europea a trav\u00e9s del Mecanismo de Recuperaci\u00f3n y Resiliencia \u2013 Next Generation EU, instrumento financiero de la inversi\u00f3n C14.I1 del Plan de Recuperaci\u00f3n, Transformaci\u00f3n y Resiliencia del Gobierno de Espa\u00f1a. En este contexto, Pamplona ha recibido una ayuda de 5.492.500 euros a ejecutar en tres a\u00f1os para el despliegue y desarrollo del Plan de Sostenibilidad Tur\u00edstica en Destino \u201cPamplona SF365\u201d, que presenta 13 actuaciones vertebradas en cuatro ejes tem\u00e1ticos dedicados a la transici\u00f3n verde y sostenible, la mejora de la eficiencia energ\u00e9tica, la transici\u00f3n digital y la competitividad. Para m\u00e1s informaci\u00f3n, se puede consultar la <a href=\"https:\/\/www.pamplona.es\/turismo\/turismosostenible\" target=\"_blank\" rel=\"noopener\">web de turismo sostenible<\/a>.<\/p>\n<p>&nbsp;<br \/>\n<script async src=\"\/\/pagead2.googlesyndication.com\/pagead\/js\/adsbygoogle.js\"><\/script><br \/>\n<!-- Noticias La Guia de Pamplona --><br \/>\n<ins class=\"adsbygoogle\"\nstyle=\"display:block\"\ndata-ad-client=\"ca-pub-6943679897239327\"\ndata-ad-slot=\"7048180777\"\ndata-ad-format=\"auto\"><\/ins><br \/>\n<script>\n(adsbygoogle = window.adsbygoogle || []).push({});\n<\/script><\/p>\n<p>&nbsp;<\/p>\n<h3>Compromiso con la Sostenibilidad<\/h3>\n<ul>\n<li>Martes 31 de octubre. 12 horas. Palacio del Condestable (calle Mayor 2)\n<ul>\n<li>Las empresas de Pamplona pueden solicitar su c\u00f3digo de vinculaci\u00f3n en este <a href=\"https:\/\/www.biospheresustainable.com\/es\/71\/pamplona\" target=\"_blank\" rel=\"noopener\">enlace<\/a><\/li>\n<\/ul>\n<\/li>\n<\/ul>\n","protected":false},"excerpt":{"rendered":"<p>El Palacio del Condestable acoge la presentaci\u00f3n de la plataforma Biosphere, alineada con los ODS y la Agenda 2030 de Naciones Unidas<\/p>\n","protected":false},"author":1,"featured_media":33977,"comment_status":"open","ping_status":"closed","sticky":false,"template":"","format":"standard","meta":{"footnotes":""},"categories":[2],"tags":[],"class_list":["post-47705","post","type-post","status-publish","format-standard","has-post-thumbnail","hentry","category-ayuntamiento-pamplona"],"yoast_head":"<!-- This site is optimized with the Yoast SEO plugin v27.3 - https:\/\/yoast.com\/product\/yoast-seo-wordpress\/ -->\n<title>Pamplona organiza este martes una jornada para gestionar y certificar la sostenibilidad de las empresas del sector tur\u00edstico y comercial de la ciudad<\/title>\n<meta name=\"description\" content=\"El Palacio del Condestable acoge la presentaci\u00f3n de la plataforma Biosphere, alineada con los ODS y la Agenda 2030 de Naciones Unidas\" \/>\n<meta name=\"robots\" content=\"index, follow, max-snippet:-1, max-image-preview:large, max-video-preview:-1\" \/>\n<link rel=\"canonical\" href=\"https:\/\/www.laguiadepamplona.com\/actualidad\/pamplona-organiza-este-martes-una-jornada-para-gestionar-y-certificar-la-sostenibilidad-de-las-empresas-del-sector-turistico-y-comercial-de-la-ciudad\/\" \/>\n<meta property=\"og:locale\" content=\"es_ES\" \/>\n<meta property=\"og:type\" content=\"article\" \/>\n<meta property=\"og:title\" content=\"Pamplona organiza este martes una jornada para gestionar y certificar la sostenibilidad de las empresas del sector tur\u00edstico y comercial de la ciudad\" \/>\n<meta property=\"og:description\" content=\"El Palacio del Condestable acoge la presentaci\u00f3n de la plataforma Biosphere, alineada con los ODS y la Agenda 2030 de Naciones Unidas\" \/>\n<meta property=\"og:url\" content=\"https:\/\/www.laguiadepamplona.com\/actualidad\/pamplona-organiza-este-martes-una-jornada-para-gestionar-y-certificar-la-sostenibilidad-de-las-empresas-del-sector-turistico-y-comercial-de-la-ciudad\/\" \/>\n<meta property=\"og:site_name\" content=\"La Gu\u00eda de Pamplona\" \/>\n<meta property=\"article:publisher\" content=\"https:\/\/www.facebook.com\/laguiadepamplonacom-133175176762273\/?ref=hl\" \/>\n<meta property=\"article:published_time\" content=\"2023-10-24T16:32:17+00:00\" \/>\n<meta property=\"og:image\" content=\"https:\/\/www.laguiadepamplona.com\/actualidad\/wp-content\/uploads\/2021\/03\/CARTEL-CAMINO-HOTELES1.jpg\" \/>\n\t<meta property=\"og:image:width\" content=\"1920\" \/>\n\t<meta property=\"og:image:height\" content=\"1073\" \/>\n\t<meta property=\"og:image:type\" content=\"image\/jpeg\" \/>\n<meta name=\"author\" content=\"La Gu\u00eda de Pamplona\" \/>\n<meta name=\"twitter:card\" content=\"summary_large_image\" \/>\n<meta name=\"twitter:creator\" content=\"@LaGuiadPamplona\" \/>\n<meta name=\"twitter:site\" content=\"@LaGuiadPamplona\" \/>\n<meta name=\"twitter:label1\" content=\"Escrito por\" \/>\n\t<meta name=\"twitter:data1\" content=\"La Gu\u00eda de Pamplona\" \/>\n\t<meta name=\"twitter:label2\" content=\"Tiempo de lectura\" \/>\n\t<meta name=\"twitter:data2\" content=\"3 minutos\" \/>\n<script type=\"application\/ld+json\" class=\"yoast-schema-graph\">{\"@context\":\"https:\\\/\\\/schema.org\",\"@graph\":[{\"@type\":\"Article\",\"@id\":\"https:\\\/\\\/www.laguiadepamplona.com\\\/actualidad\\\/pamplona-organiza-este-martes-una-jornada-para-gestionar-y-certificar-la-sostenibilidad-de-las-empresas-del-sector-turistico-y-comercial-de-la-ciudad\\\/#article\",\"isPartOf\":{\"@id\":\"https:\\\/\\\/www.laguiadepamplona.com\\\/actualidad\\\/pamplona-organiza-este-martes-una-jornada-para-gestionar-y-certificar-la-sostenibilidad-de-las-empresas-del-sector-turistico-y-comercial-de-la-ciudad\\\/\"},\"author\":{\"name\":\"La Gu\u00eda de Pamplona\",\"@id\":\"https:\\\/\\\/www.laguiadepamplona.com\\\/actualidad\\\/#\\\/schema\\\/person\\\/efe887376f0213d4657c93adc50b1fdb\"},\"headline\":\"Pamplona organiza este martes una jornada para gestionar y certificar la sostenibilidad de las empresas del sector tur\u00edstico y comercial de la ciudad\",\"datePublished\":\"2023-10-24T16:32:17+00:00\",\"mainEntityOfPage\":{\"@id\":\"https:\\\/\\\/www.laguiadepamplona.com\\\/actualidad\\\/pamplona-organiza-este-martes-una-jornada-para-gestionar-y-certificar-la-sostenibilidad-de-las-empresas-del-sector-turistico-y-comercial-de-la-ciudad\\\/\"},\"wordCount\":691,\"commentCount\":0,\"publisher\":{\"@id\":\"https:\\\/\\\/www.laguiadepamplona.com\\\/actualidad\\\/#organization\"},\"image\":{\"@id\":\"https:\\\/\\\/www.laguiadepamplona.com\\\/actualidad\\\/pamplona-organiza-este-martes-una-jornada-para-gestionar-y-certificar-la-sostenibilidad-de-las-empresas-del-sector-turistico-y-comercial-de-la-ciudad\\\/#primaryimage\"},\"thumbnailUrl\":\"https:\\\/\\\/www.laguiadepamplona.com\\\/actualidad\\\/wp-content\\\/uploads\\\/2021\\\/03\\\/CARTEL-CAMINO-HOTELES1.jpg\",\"articleSection\":[\"Ayto Pamplona\"],\"inLanguage\":\"es\",\"potentialAction\":[{\"@type\":\"CommentAction\",\"name\":\"Comment\",\"target\":[\"https:\\\/\\\/www.laguiadepamplona.com\\\/actualidad\\\/pamplona-organiza-este-martes-una-jornada-para-gestionar-y-certificar-la-sostenibilidad-de-las-empresas-del-sector-turistico-y-comercial-de-la-ciudad\\\/#respond\"]}]},{\"@type\":\"WebPage\",\"@id\":\"https:\\\/\\\/www.laguiadepamplona.com\\\/actualidad\\\/pamplona-organiza-este-martes-una-jornada-para-gestionar-y-certificar-la-sostenibilidad-de-las-empresas-del-sector-turistico-y-comercial-de-la-ciudad\\\/\",\"url\":\"https:\\\/\\\/www.laguiadepamplona.com\\\/actualidad\\\/pamplona-organiza-este-martes-una-jornada-para-gestionar-y-certificar-la-sostenibilidad-de-las-empresas-del-sector-turistico-y-comercial-de-la-ciudad\\\/\",\"name\":\"Pamplona organiza este martes una jornada para gestionar y certificar la sostenibilidad de las empresas del sector tur\u00edstico y comercial de la ciudad\",\"isPartOf\":{\"@id\":\"https:\\\/\\\/www.laguiadepamplona.com\\\/actualidad\\\/#website\"},\"primaryImageOfPage\":{\"@id\":\"https:\\\/\\\/www.laguiadepamplona.com\\\/actualidad\\\/pamplona-organiza-este-martes-una-jornada-para-gestionar-y-certificar-la-sostenibilidad-de-las-empresas-del-sector-turistico-y-comercial-de-la-ciudad\\\/#primaryimage\"},\"image\":{\"@id\":\"https:\\\/\\\/www.laguiadepamplona.com\\\/actualidad\\\/pamplona-organiza-este-martes-una-jornada-para-gestionar-y-certificar-la-sostenibilidad-de-las-empresas-del-sector-turistico-y-comercial-de-la-ciudad\\\/#primaryimage\"},\"thumbnailUrl\":\"https:\\\/\\\/www.laguiadepamplona.com\\\/actualidad\\\/wp-content\\\/uploads\\\/2021\\\/03\\\/CARTEL-CAMINO-HOTELES1.jpg\",\"datePublished\":\"2023-10-24T16:32:17+00:00\",\"description\":\"El Palacio del Condestable acoge la presentaci\u00f3n de la plataforma Biosphere, alineada con los ODS y la Agenda 2030 de Naciones Unidas\",\"breadcrumb\":{\"@id\":\"https:\\\/\\\/www.laguiadepamplona.com\\\/actualidad\\\/pamplona-organiza-este-martes-una-jornada-para-gestionar-y-certificar-la-sostenibilidad-de-las-empresas-del-sector-turistico-y-comercial-de-la-ciudad\\\/#breadcrumb\"},\"inLanguage\":\"es\",\"potentialAction\":[{\"@type\":\"ReadAction\",\"target\":[\"https:\\\/\\\/www.laguiadepamplona.com\\\/actualidad\\\/pamplona-organiza-este-martes-una-jornada-para-gestionar-y-certificar-la-sostenibilidad-de-las-empresas-del-sector-turistico-y-comercial-de-la-ciudad\\\/\"]}]},{\"@type\":\"ImageObject\",\"inLanguage\":\"es\",\"@id\":\"https:\\\/\\\/www.laguiadepamplona.com\\\/actualidad\\\/pamplona-organiza-este-martes-una-jornada-para-gestionar-y-certificar-la-sostenibilidad-de-las-empresas-del-sector-turistico-y-comercial-de-la-ciudad\\\/#primaryimage\",\"url\":\"https:\\\/\\\/www.laguiadepamplona.com\\\/actualidad\\\/wp-content\\\/uploads\\\/2021\\\/03\\\/CARTEL-CAMINO-HOTELES1.jpg\",\"contentUrl\":\"https:\\\/\\\/www.laguiadepamplona.com\\\/actualidad\\\/wp-content\\\/uploads\\\/2021\\\/03\\\/CARTEL-CAMINO-HOTELES1.jpg\",\"width\":1920,\"height\":1073,\"caption\":\"cartel camino hoteles\"},{\"@type\":\"BreadcrumbList\",\"@id\":\"https:\\\/\\\/www.laguiadepamplona.com\\\/actualidad\\\/pamplona-organiza-este-martes-una-jornada-para-gestionar-y-certificar-la-sostenibilidad-de-las-empresas-del-sector-turistico-y-comercial-de-la-ciudad\\\/#breadcrumb\",\"itemListElement\":[{\"@type\":\"ListItem\",\"position\":1,\"name\":\"Portada\",\"item\":\"https:\\\/\\\/www.laguiadepamplona.com\\\/actualidad\\\/\"},{\"@type\":\"ListItem\",\"position\":2,\"name\":\"Pamplona organiza este martes una jornada para gestionar y certificar la sostenibilidad de las empresas del sector tur\u00edstico y comercial de la ciudad\"}]},{\"@type\":\"WebSite\",\"@id\":\"https:\\\/\\\/www.laguiadepamplona.com\\\/actualidad\\\/#website\",\"url\":\"https:\\\/\\\/www.laguiadepamplona.com\\\/actualidad\\\/\",\"name\":\"La gu\u00eda de Pamplona\",\"description\":\"Noticias de Pamplona\",\"publisher\":{\"@id\":\"https:\\\/\\\/www.laguiadepamplona.com\\\/actualidad\\\/#organization\"},\"potentialAction\":[{\"@type\":\"SearchAction\",\"target\":{\"@type\":\"EntryPoint\",\"urlTemplate\":\"https:\\\/\\\/www.laguiadepamplona.com\\\/actualidad\\\/?s={search_term_string}\"},\"query-input\":{\"@type\":\"PropertyValueSpecification\",\"valueRequired\":true,\"valueName\":\"search_term_string\"}}],\"inLanguage\":\"es\"},{\"@type\":\"Organization\",\"@id\":\"https:\\\/\\\/www.laguiadepamplona.com\\\/actualidad\\\/#organization\",\"name\":\"La Gu\u00eda de Pamplona \\\/ Noticias\",\"url\":\"https:\\\/\\\/www.laguiadepamplona.com\\\/actualidad\\\/\",\"logo\":{\"@type\":\"ImageObject\",\"inLanguage\":\"es\",\"@id\":\"https:\\\/\\\/www.laguiadepamplona.com\\\/actualidad\\\/#\\\/schema\\\/logo\\\/image\\\/\",\"url\":\"https:\\\/\\\/www.laguiadepamplona.com\\\/actualidad\\\/wp-content\\\/uploads\\\/2018\\\/11\\\/logo-laguiadepamplona18-web1.png\",\"contentUrl\":\"https:\\\/\\\/www.laguiadepamplona.com\\\/actualidad\\\/wp-content\\\/uploads\\\/2018\\\/11\\\/logo-laguiadepamplona18-web1.png\",\"width\":600,\"height\":196,\"caption\":\"La Gu\u00eda de Pamplona \\\/ Noticias\"},\"image\":{\"@id\":\"https:\\\/\\\/www.laguiadepamplona.com\\\/actualidad\\\/#\\\/schema\\\/logo\\\/image\\\/\"},\"sameAs\":[\"https:\\\/\\\/www.facebook.com\\\/laguiadepamplonacom-133175176762273\\\/?ref=hl\",\"https:\\\/\\\/x.com\\\/LaGuiadPamplona\",\"https:\\\/\\\/www.instagram.com\\\/la_guia_de_pamplona\\\/\",\"https:\\\/\\\/www.youtube.com\\\/user\\\/laguiadepamplona\"]},{\"@type\":\"Person\",\"@id\":\"https:\\\/\\\/www.laguiadepamplona.com\\\/actualidad\\\/#\\\/schema\\\/person\\\/efe887376f0213d4657c93adc50b1fdb\",\"name\":\"La Gu\u00eda de Pamplona\",\"image\":{\"@type\":\"ImageObject\",\"inLanguage\":\"es\",\"@id\":\"https:\\\/\\\/secure.gravatar.com\\\/avatar\\\/b6992f131dc8d30ab0dff15446e9d346d9dbd95992de0fef795073f5ea83a81c?s=96&d=mm&r=g\",\"url\":\"https:\\\/\\\/secure.gravatar.com\\\/avatar\\\/b6992f131dc8d30ab0dff15446e9d346d9dbd95992de0fef795073f5ea83a81c?s=96&d=mm&r=g\",\"contentUrl\":\"https:\\\/\\\/secure.gravatar.com\\\/avatar\\\/b6992f131dc8d30ab0dff15446e9d346d9dbd95992de0fef795073f5ea83a81c?s=96&d=mm&r=g\",\"caption\":\"La Gu\u00eda de Pamplona\"}}]}<\/script>\n<!-- \/ Yoast SEO plugin. -->","yoast_head_json":{"title":"Pamplona organiza este martes una jornada para gestionar y certificar la sostenibilidad de las empresas del sector tur\u00edstico y comercial de la ciudad","description":"El Palacio del Condestable acoge la presentaci\u00f3n de la plataforma Biosphere, alineada con los ODS y la Agenda 2030 de Naciones Unidas","robots":{"index":"index","follow":"follow","max-snippet":"max-snippet:-1","max-image-preview":"max-image-preview:large","max-video-preview":"max-video-preview:-1"},"canonical":"https:\/\/www.laguiadepamplona.com\/actualidad\/pamplona-organiza-este-martes-una-jornada-para-gestionar-y-certificar-la-sostenibilidad-de-las-empresas-del-sector-turistico-y-comercial-de-la-ciudad\/","og_locale":"es_ES","og_type":"article","og_title":"Pamplona organiza este martes una jornada para gestionar y certificar la sostenibilidad de las empresas del sector tur\u00edstico y comercial de la ciudad","og_description":"El Palacio del Condestable acoge la presentaci\u00f3n de la plataforma Biosphere, alineada con los ODS y la Agenda 2030 de Naciones Unidas","og_url":"https:\/\/www.laguiadepamplona.com\/actualidad\/pamplona-organiza-este-martes-una-jornada-para-gestionar-y-certificar-la-sostenibilidad-de-las-empresas-del-sector-turistico-y-comercial-de-la-ciudad\/","og_site_name":"La Gu\u00eda de Pamplona","article_publisher":"https:\/\/www.facebook.com\/laguiadepamplonacom-133175176762273\/?ref=hl","article_published_time":"2023-10-24T16:32:17+00:00","og_image":[{"width":1920,"height":1073,"url":"https:\/\/www.laguiadepamplona.com\/actualidad\/wp-content\/uploads\/2021\/03\/CARTEL-CAMINO-HOTELES1.jpg","type":"image\/jpeg"}],"author":"La Gu\u00eda de Pamplona","twitter_card":"summary_large_image","twitter_creator":"@LaGuiadPamplona","twitter_site":"@LaGuiadPamplona","twitter_misc":{"Escrito por":"La Gu\u00eda de Pamplona","Tiempo de lectura":"3 minutos"},"schema":{"@context":"https:\/\/schema.org","@graph":[{"@type":"Article","@id":"https:\/\/www.laguiadepamplona.com\/actualidad\/pamplona-organiza-este-martes-una-jornada-para-gestionar-y-certificar-la-sostenibilidad-de-las-empresas-del-sector-turistico-y-comercial-de-la-ciudad\/#article","isPartOf":{"@id":"https:\/\/www.laguiadepamplona.com\/actualidad\/pamplona-organiza-este-martes-una-jornada-para-gestionar-y-certificar-la-sostenibilidad-de-las-empresas-del-sector-turistico-y-comercial-de-la-ciudad\/"},"author":{"name":"La Gu\u00eda de Pamplona","@id":"https:\/\/www.laguiadepamplona.com\/actualidad\/#\/schema\/person\/efe887376f0213d4657c93adc50b1fdb"},"headline":"Pamplona organiza este martes una jornada para gestionar y certificar la sostenibilidad de las empresas del sector tur\u00edstico y comercial de la ciudad","datePublished":"2023-10-24T16:32:17+00:00","mainEntityOfPage":{"@id":"https:\/\/www.laguiadepamplona.com\/actualidad\/pamplona-organiza-este-martes-una-jornada-para-gestionar-y-certificar-la-sostenibilidad-de-las-empresas-del-sector-turistico-y-comercial-de-la-ciudad\/"},"wordCount":691,"commentCount":0,"publisher":{"@id":"https:\/\/www.laguiadepamplona.com\/actualidad\/#organization"},"image":{"@id":"https:\/\/www.laguiadepamplona.com\/actualidad\/pamplona-organiza-este-martes-una-jornada-para-gestionar-y-certificar-la-sostenibilidad-de-las-empresas-del-sector-turistico-y-comercial-de-la-ciudad\/#primaryimage"},"thumbnailUrl":"https:\/\/www.laguiadepamplona.com\/actualidad\/wp-content\/uploads\/2021\/03\/CARTEL-CAMINO-HOTELES1.jpg","articleSection":["Ayto Pamplona"],"inLanguage":"es","potentialAction":[{"@type":"CommentAction","name":"Comment","target":["https:\/\/www.laguiadepamplona.com\/actualidad\/pamplona-organiza-este-martes-una-jornada-para-gestionar-y-certificar-la-sostenibilidad-de-las-empresas-del-sector-turistico-y-comercial-de-la-ciudad\/#respond"]}]},{"@type":"WebPage","@id":"https:\/\/www.laguiadepamplona.com\/actualidad\/pamplona-organiza-este-martes-una-jornada-para-gestionar-y-certificar-la-sostenibilidad-de-las-empresas-del-sector-turistico-y-comercial-de-la-ciudad\/","url":"https:\/\/www.laguiadepamplona.com\/actualidad\/pamplona-organiza-este-martes-una-jornada-para-gestionar-y-certificar-la-sostenibilidad-de-las-empresas-del-sector-turistico-y-comercial-de-la-ciudad\/","name":"Pamplona organiza este martes una jornada para gestionar y certificar la sostenibilidad de las empresas del sector tur\u00edstico y comercial de la ciudad","isPartOf":{"@id":"https:\/\/www.laguiadepamplona.com\/actualidad\/#website"},"primaryImageOfPage":{"@id":"https:\/\/www.laguiadepamplona.com\/actualidad\/pamplona-organiza-este-martes-una-jornada-para-gestionar-y-certificar-la-sostenibilidad-de-las-empresas-del-sector-turistico-y-comercial-de-la-ciudad\/#primaryimage"},"image":{"@id":"https:\/\/www.laguiadepamplona.com\/actualidad\/pamplona-organiza-este-martes-una-jornada-para-gestionar-y-certificar-la-sostenibilidad-de-las-empresas-del-sector-turistico-y-comercial-de-la-ciudad\/#primaryimage"},"thumbnailUrl":"https:\/\/www.laguiadepamplona.com\/actualidad\/wp-content\/uploads\/2021\/03\/CARTEL-CAMINO-HOTELES1.jpg","datePublished":"2023-10-24T16:32:17+00:00","description":"El Palacio del Condestable acoge la presentaci\u00f3n de la plataforma Biosphere, alineada con los ODS y la Agenda 2030 de Naciones Unidas","breadcrumb":{"@id":"https:\/\/www.laguiadepamplona.com\/actualidad\/pamplona-organiza-este-martes-una-jornada-para-gestionar-y-certificar-la-sostenibilidad-de-las-empresas-del-sector-turistico-y-comercial-de-la-ciudad\/#breadcrumb"},"inLanguage":"es","potentialAction":[{"@type":"ReadAction","target":["https:\/\/www.laguiadepamplona.com\/actualidad\/pamplona-organiza-este-martes-una-jornada-para-gestionar-y-certificar-la-sostenibilidad-de-las-empresas-del-sector-turistico-y-comercial-de-la-ciudad\/"]}]},{"@type":"ImageObject","inLanguage":"es","@id":"https:\/\/www.laguiadepamplona.com\/actualidad\/pamplona-organiza-este-martes-una-jornada-para-gestionar-y-certificar-la-sostenibilidad-de-las-empresas-del-sector-turistico-y-comercial-de-la-ciudad\/#primaryimage","url":"https:\/\/www.laguiadepamplona.com\/actualidad\/wp-content\/uploads\/2021\/03\/CARTEL-CAMINO-HOTELES1.jpg","contentUrl":"https:\/\/www.laguiadepamplona.com\/actualidad\/wp-content\/uploads\/2021\/03\/CARTEL-CAMINO-HOTELES1.jpg","width":1920,"height":1073,"caption":"cartel camino hoteles"},{"@type":"BreadcrumbList","@id":"https:\/\/www.laguiadepamplona.com\/actualidad\/pamplona-organiza-este-martes-una-jornada-para-gestionar-y-certificar-la-sostenibilidad-de-las-empresas-del-sector-turistico-y-comercial-de-la-ciudad\/#breadcrumb","itemListElement":[{"@type":"ListItem","position":1,"name":"Portada","item":"https:\/\/www.laguiadepamplona.com\/actualidad\/"},{"@type":"ListItem","position":2,"name":"Pamplona organiza este martes una jornada para gestionar y certificar la sostenibilidad de las empresas del sector tur\u00edstico y comercial de la ciudad"}]},{"@type":"WebSite","@id":"https:\/\/www.laguiadepamplona.com\/actualidad\/#website","url":"https:\/\/www.laguiadepamplona.com\/actualidad\/","name":"La gu\u00eda de Pamplona","description":"Noticias de Pamplona","publisher":{"@id":"https:\/\/www.laguiadepamplona.com\/actualidad\/#organization"},"potentialAction":[{"@type":"SearchAction","target":{"@type":"EntryPoint","urlTemplate":"https:\/\/www.laguiadepamplona.com\/actualidad\/?s={search_term_string}"},"query-input":{"@type":"PropertyValueSpecification","valueRequired":true,"valueName":"search_term_string"}}],"inLanguage":"es"},{"@type":"Organization","@id":"https:\/\/www.laguiadepamplona.com\/actualidad\/#organization","name":"La Gu\u00eda de Pamplona \/ Noticias","url":"https:\/\/www.laguiadepamplona.com\/actualidad\/","logo":{"@type":"ImageObject","inLanguage":"es","@id":"https:\/\/www.laguiadepamplona.com\/actualidad\/#\/schema\/logo\/image\/","url":"https:\/\/www.laguiadepamplona.com\/actualidad\/wp-content\/uploads\/2018\/11\/logo-laguiadepamplona18-web1.png","contentUrl":"https:\/\/www.laguiadepamplona.com\/actualidad\/wp-content\/uploads\/2018\/11\/logo-laguiadepamplona18-web1.png","width":600,"height":196,"caption":"La Gu\u00eda de Pamplona \/ Noticias"},"image":{"@id":"https:\/\/www.laguiadepamplona.com\/actualidad\/#\/schema\/logo\/image\/"},"sameAs":["https:\/\/www.facebook.com\/laguiadepamplonacom-133175176762273\/?ref=hl","https:\/\/x.com\/LaGuiadPamplona","https:\/\/www.instagram.com\/la_guia_de_pamplona\/","https:\/\/www.youtube.com\/user\/laguiadepamplona"]},{"@type":"Person","@id":"https:\/\/www.laguiadepamplona.com\/actualidad\/#\/schema\/person\/efe887376f0213d4657c93adc50b1fdb","name":"La Gu\u00eda de Pamplona","image":{"@type":"ImageObject","inLanguage":"es","@id":"https:\/\/secure.gravatar.com\/avatar\/b6992f131dc8d30ab0dff15446e9d346d9dbd95992de0fef795073f5ea83a81c?s=96&d=mm&r=g","url":"https:\/\/secure.gravatar.com\/avatar\/b6992f131dc8d30ab0dff15446e9d346d9dbd95992de0fef795073f5ea83a81c?s=96&d=mm&r=g","contentUrl":"https:\/\/secure.gravatar.com\/avatar\/b6992f131dc8d30ab0dff15446e9d346d9dbd95992de0fef795073f5ea83a81c?s=96&d=mm&r=g","caption":"La Gu\u00eda de Pamplona"}}]}},"post_mailing_queue_ids":[],"_links":{"self":[{"href":"https:\/\/www.laguiadepamplona.com\/actualidad\/wp-json\/wp\/v2\/posts\/47705","targetHints":{"allow":["GET"]}}],"collection":[{"href":"https:\/\/www.laguiadepamplona.com\/actualidad\/wp-json\/wp\/v2\/posts"}],"about":[{"href":"https:\/\/www.laguiadepamplona.com\/actualidad\/wp-json\/wp\/v2\/types\/post"}],"author":[{"embeddable":true,"href":"https:\/\/www.laguiadepamplona.com\/actualidad\/wp-json\/wp\/v2\/users\/1"}],"replies":[{"embeddable":true,"href":"https:\/\/www.laguiadepamplona.com\/actualidad\/wp-json\/wp\/v2\/comments?post=47705"}],"version-history":[{"count":1,"href":"https:\/\/www.laguiadepamplona.com\/actualidad\/wp-json\/wp\/v2\/posts\/47705\/revisions"}],"predecessor-version":[{"id":47706,"href":"https:\/\/www.laguiadepamplona.com\/actualidad\/wp-json\/wp\/v2\/posts\/47705\/revisions\/47706"}],"wp:featuredmedia":[{"embeddable":true,"href":"https:\/\/www.laguiadepamplona.com\/actualidad\/wp-json\/wp\/v2\/media\/33977"}],"wp:attachment":[{"href":"https:\/\/www.laguiadepamplona.com\/actualidad\/wp-json\/wp\/v2\/media?parent=47705"}],"wp:term":[{"taxonomy":"category","embeddable":true,"href":"https:\/\/www.laguiadepamplona.com\/actualidad\/wp-json\/wp\/v2\/categories?post=47705"},{"taxonomy":"post_tag","embeddable":true,"href":"https:\/\/www.laguiadepamplona.com\/actualidad\/wp-json\/wp\/v2\/tags?post=47705"}],"curies":[{"name":"wp","href":"https:\/\/api.w.org\/{rel}","templated":true}]}}