{"id":47701,"date":"2023-10-24T18:26:43","date_gmt":"2023-10-24T16:26:43","guid":{"rendered":"https:\/\/www.laguiadepamplona.com\/actualidad\/?p=47701"},"modified":"2023-10-24T18:26:43","modified_gmt":"2023-10-24T16:26:43","slug":"el-pleno-del-ayuntamiento-de-pamplona-de-este-jueves-debatira-modificaciones-al-presupuesto-municipal-por-valor-de-116-millones-de-euros","status":"publish","type":"post","link":"https:\/\/www.laguiadepamplona.com\/actualidad\/el-pleno-del-ayuntamiento-de-pamplona-de-este-jueves-debatira-modificaciones-al-presupuesto-municipal-por-valor-de-116-millones-de-euros\/","title":{"rendered":"El Pleno del Ayuntamiento de Pamplona de este jueves debatir\u00e1 modificaciones al presupuesto municipal por valor de 11,6 millones de euros"},"content":{"rendered":"<h3>Se trata de completar los d\u00e9ficits del presupuesto prorrogado en gastos de personal, aportaci\u00f3n de Pamplona al transporte urbano o suministro de energ\u00eda<\/h3>\n<p><!--more--><\/p>\n<p>La Comisi\u00f3n de Presidencia ha conocido esta ma\u00f1ana una propuesta de modificaciones presupuestarias por valor de 11.628.246,62 euros para hacer frente, entre otros, a diferentes gastos de personal, suministro energ\u00e9tico, mantenimiento de la ciudad o transferencias a la Mancomunidad de la Comarca de Pamplona y a Escuelas Infantiles. Esas modificaciones se debatir\u00e1n y, en su caso, se aprobar\u00e1n en el Pleno extraordinario del Ayuntamiento de Pamplona previsto para este jueves el 26 de octubre.<br \/>\n<script async src=\"\/\/pagead2.googlesyndication.com\/pagead\/js\/adsbygoogle.js\"><\/script><br \/>\n<!-- Noticias La Guia de Pamplona --><br \/>\n<ins class=\"adsbygoogle\"\nstyle=\"display:block\"\ndata-ad-client=\"ca-pub-6943679897239327\"\ndata-ad-slot=\"7048180777\"\ndata-ad-format=\"auto\"><\/ins><br \/>\n<script>\n(adsbygoogle = window.adsbygoogle || []).push({});\n<\/script><\/p>\n<p>El primer expediente contiene modificaciones presupuestarias para la atenci\u00f3n de gastos extraordinarios para los que no existe actualmente consignaci\u00f3n, o es insuficiente, por valor de 7.458.082,17 euros. Esos gastos se financiar\u00e1n con cargo al remanente de tesorer\u00eda para gastos generales del Ayuntamiento de Pamplona. Un total de 1.807.000 euros se destinar\u00e1n al pago de suministro energ\u00e9tico de gas, electricidad o calefacci\u00f3n en edificios municipales o en v\u00eda p\u00fablica. Otras partidas propuestas tienen que ver con dar cobertura presupuestaria al contrato de la zona azul (1.524.288,86 euros), revisiones de precios de obras (m\u00e1s de 280.000 ruso), asfaltado (164.000 euros). Se completan tambi\u00e9n las partidas destinadas a ayudas de emergencia y becas de comedor escolar (230.000 euros) as\u00ed como aportaciones para financiar el gasto de contrataciones de personal de atenci\u00f3n domiciliaria (240.000 euros). Se incluyen 3 patrocinios vinculados a eventos deportivos (58.000 euros).<\/p>\n<p>Este expediente incluye la transferencia a la Mancomunidad de la Comarca de Pamplona de 2.374.657,65 euros destinados al transporte urbano como parte de la aportaci\u00f3n del Ayuntamiento para el tercer y el cuarto trimestre de este a\u00f1o. Parte del importe se financia con el remanente de tesorer\u00eda del Ayuntamiento, 1.650.827,62 euros, y el resto, 723.830,03 euros, se financia con el remanente de tesorer\u00eda de Gerencia de Urbanismo.<br \/>\n<script async src=\"\/\/pagead2.googlesyndication.com\/pagead\/js\/adsbygoogle.js\"><\/script><br \/>\n<!-- Noticias La Guia de Pamplona --><br \/>\n<ins class=\"adsbygoogle\"\nstyle=\"display:block\"\ndata-ad-client=\"ca-pub-6943679897239327\"\ndata-ad-slot=\"7048180777\"\ndata-ad-format=\"auto\"><\/ins><br \/>\n<script>\n(adsbygoogle = window.adsbygoogle || []).push({});\n<\/script><\/p>\n<p><strong>Gastos de personal subvencionados<\/strong><\/p>\n<p>El segundo expediente tiene que ver con la financiaci\u00f3n de gastos de personal, a trav\u00e9s de subvenciones concedidas por la Comunidad Foral de Navarra. La propuesta de modificaci\u00f3n presupuestaria asciende a 3.750.937,10 euros y abarca, principalmente, pensiones y retribuciones para Empleo Social Protegido y Escuela de M\u00fasica Joaqu\u00edn Maya.<\/p>\n<p>En concreto, esos 3,7 millones de euros se reparten en 2.142.201,60 euros para retribuciones de personal de Empleo Social Protegido, 1.211.953,67 euros para la financiaci\u00f3n de derechos pasivos vinculados a pensiones y jubilaciones y 396.781,83 euros para retribuciones de personal de la Escuela de M\u00fasica Joaqu\u00edn Maya.<br \/>\n<script async src=\"\/\/pagead2.googlesyndication.com\/pagead\/js\/adsbygoogle.js\"><\/script><br \/>\n<!-- Noticias La Guia de Pamplona --><br \/>\n<ins class=\"adsbygoogle\"\nstyle=\"display:block\"\ndata-ad-client=\"ca-pub-6943679897239327\"\ndata-ad-slot=\"7048180777\"\ndata-ad-format=\"auto\"><\/ins><br \/>\n<script>\n(adsbygoogle = window.adsbygoogle || []).push({});\n<\/script><\/p>\n<p><strong>Transferencia a Escuelas Infantiles<\/strong><\/p>\n<p>El tercer expediente afecta tambi\u00e9n al presupuesto del organismo aut\u00f3nomo Escuelas Infantiles Municipales de Pamplona. Se pretende generar cr\u00e9dito en el presupuesto del Ayuntamiento para transferir a Escuelas Infantiles 419.227,35 euros que ir\u00e1n destinados a diferentes pagos de retribuciones de personal.<\/p>\n<p>Por \u00faltimo, ese mismo expediente recoge un suplemento de cr\u00e9dito en el presupuesto de Escuelas Infantiles de 315.772,65 euros, financiados con remanente de tesorer\u00eda del organismo aut\u00f3nomo, para el pago de parte de esas retribuciones al personal funcionario, contratado o para sustituciones.<\/p>\n","protected":false},"excerpt":{"rendered":"<p>Se trata de completar los d\u00e9ficits del presupuesto prorrogado en gastos de personal, aportaci\u00f3n de Pamplona al transporte urbano o suministro de energ\u00eda<\/p>\n","protected":false},"author":1,"featured_media":36074,"comment_status":"open","ping_status":"closed","sticky":false,"template":"","format":"standard","meta":{"footnotes":""},"categories":[2],"tags":[],"class_list":["post-47701","post","type-post","status-publish","format-standard","has-post-thumbnail","hentry","category-ayuntamiento-pamplona"],"yoast_head":"<!-- This site is optimized with the Yoast SEO plugin v27.3 - https:\/\/yoast.com\/product\/yoast-seo-wordpress\/ -->\n<title>El Pleno del Ayuntamiento de Pamplona de este jueves debatir\u00e1 modificaciones al presupuesto municipal por valor de 11,6 millones de euros<\/title>\n<meta name=\"description\" content=\"Se trata de completar los d\u00e9ficits del presupuesto prorrogado en gastos de personal, aportaci\u00f3n de Pamplona al transporte urbano o suministro de energ\u00eda\" \/>\n<meta name=\"robots\" content=\"index, follow, max-snippet:-1, max-image-preview:large, max-video-preview:-1\" \/>\n<link rel=\"canonical\" href=\"https:\/\/www.laguiadepamplona.com\/actualidad\/el-pleno-del-ayuntamiento-de-pamplona-de-este-jueves-debatira-modificaciones-al-presupuesto-municipal-por-valor-de-116-millones-de-euros\/\" \/>\n<meta property=\"og:locale\" content=\"es_ES\" \/>\n<meta property=\"og:type\" content=\"article\" \/>\n<meta property=\"og:title\" content=\"El Pleno del Ayuntamiento de Pamplona de este jueves debatir\u00e1 modificaciones al presupuesto municipal por valor de 11,6 millones de euros\" \/>\n<meta property=\"og:description\" content=\"Se trata de completar los d\u00e9ficits del presupuesto prorrogado en gastos de personal, aportaci\u00f3n de Pamplona al transporte urbano o suministro de energ\u00eda\" \/>\n<meta property=\"og:url\" content=\"https:\/\/www.laguiadepamplona.com\/actualidad\/el-pleno-del-ayuntamiento-de-pamplona-de-este-jueves-debatira-modificaciones-al-presupuesto-municipal-por-valor-de-116-millones-de-euros\/\" \/>\n<meta property=\"og:site_name\" content=\"La Gu\u00eda de Pamplona\" \/>\n<meta property=\"article:publisher\" content=\"https:\/\/www.facebook.com\/laguiadepamplonacom-133175176762273\/?ref=hl\" \/>\n<meta property=\"article:published_time\" content=\"2023-10-24T16:26:43+00:00\" \/>\n<meta property=\"og:image\" content=\"https:\/\/www.laguiadepamplona.com\/actualidad\/wp-content\/uploads\/2021\/08\/ayuntamiento-pamplona2.jpg\" \/>\n\t<meta property=\"og:image:width\" content=\"1920\" \/>\n\t<meta property=\"og:image:height\" content=\"1080\" \/>\n\t<meta property=\"og:image:type\" content=\"image\/jpeg\" \/>\n<meta name=\"author\" content=\"La Gu\u00eda de Pamplona\" \/>\n<meta name=\"twitter:card\" content=\"summary_large_image\" \/>\n<meta name=\"twitter:creator\" content=\"@LaGuiadPamplona\" \/>\n<meta name=\"twitter:site\" content=\"@LaGuiadPamplona\" \/>\n<meta name=\"twitter:label1\" content=\"Escrito por\" \/>\n\t<meta name=\"twitter:data1\" content=\"La Gu\u00eda de Pamplona\" \/>\n\t<meta name=\"twitter:label2\" content=\"Tiempo de lectura\" \/>\n\t<meta name=\"twitter:data2\" content=\"3 minutos\" \/>\n<script type=\"application\/ld+json\" class=\"yoast-schema-graph\">{\"@context\":\"https:\\\/\\\/schema.org\",\"@graph\":[{\"@type\":\"Article\",\"@id\":\"https:\\\/\\\/www.laguiadepamplona.com\\\/actualidad\\\/el-pleno-del-ayuntamiento-de-pamplona-de-este-jueves-debatira-modificaciones-al-presupuesto-municipal-por-valor-de-116-millones-de-euros\\\/#article\",\"isPartOf\":{\"@id\":\"https:\\\/\\\/www.laguiadepamplona.com\\\/actualidad\\\/el-pleno-del-ayuntamiento-de-pamplona-de-este-jueves-debatira-modificaciones-al-presupuesto-municipal-por-valor-de-116-millones-de-euros\\\/\"},\"author\":{\"name\":\"La Gu\u00eda de Pamplona\",\"@id\":\"https:\\\/\\\/www.laguiadepamplona.com\\\/actualidad\\\/#\\\/schema\\\/person\\\/efe887376f0213d4657c93adc50b1fdb\"},\"headline\":\"El Pleno del Ayuntamiento de Pamplona de este jueves debatir\u00e1 modificaciones al presupuesto municipal por valor de 11,6 millones de euros\",\"datePublished\":\"2023-10-24T16:26:43+00:00\",\"mainEntityOfPage\":{\"@id\":\"https:\\\/\\\/www.laguiadepamplona.com\\\/actualidad\\\/el-pleno-del-ayuntamiento-de-pamplona-de-este-jueves-debatira-modificaciones-al-presupuesto-municipal-por-valor-de-116-millones-de-euros\\\/\"},\"wordCount\":530,\"commentCount\":0,\"publisher\":{\"@id\":\"https:\\\/\\\/www.laguiadepamplona.com\\\/actualidad\\\/#organization\"},\"image\":{\"@id\":\"https:\\\/\\\/www.laguiadepamplona.com\\\/actualidad\\\/el-pleno-del-ayuntamiento-de-pamplona-de-este-jueves-debatira-modificaciones-al-presupuesto-municipal-por-valor-de-116-millones-de-euros\\\/#primaryimage\"},\"thumbnailUrl\":\"https:\\\/\\\/www.laguiadepamplona.com\\\/actualidad\\\/wp-content\\\/uploads\\\/2021\\\/08\\\/ayuntamiento-pamplona2.jpg\",\"articleSection\":[\"Ayto Pamplona\"],\"inLanguage\":\"es\",\"potentialAction\":[{\"@type\":\"CommentAction\",\"name\":\"Comment\",\"target\":[\"https:\\\/\\\/www.laguiadepamplona.com\\\/actualidad\\\/el-pleno-del-ayuntamiento-de-pamplona-de-este-jueves-debatira-modificaciones-al-presupuesto-municipal-por-valor-de-116-millones-de-euros\\\/#respond\"]}]},{\"@type\":\"WebPage\",\"@id\":\"https:\\\/\\\/www.laguiadepamplona.com\\\/actualidad\\\/el-pleno-del-ayuntamiento-de-pamplona-de-este-jueves-debatira-modificaciones-al-presupuesto-municipal-por-valor-de-116-millones-de-euros\\\/\",\"url\":\"https:\\\/\\\/www.laguiadepamplona.com\\\/actualidad\\\/el-pleno-del-ayuntamiento-de-pamplona-de-este-jueves-debatira-modificaciones-al-presupuesto-municipal-por-valor-de-116-millones-de-euros\\\/\",\"name\":\"El Pleno del Ayuntamiento de Pamplona de este jueves debatir\u00e1 modificaciones al presupuesto municipal por valor de 11,6 millones de euros\",\"isPartOf\":{\"@id\":\"https:\\\/\\\/www.laguiadepamplona.com\\\/actualidad\\\/#website\"},\"primaryImageOfPage\":{\"@id\":\"https:\\\/\\\/www.laguiadepamplona.com\\\/actualidad\\\/el-pleno-del-ayuntamiento-de-pamplona-de-este-jueves-debatira-modificaciones-al-presupuesto-municipal-por-valor-de-116-millones-de-euros\\\/#primaryimage\"},\"image\":{\"@id\":\"https:\\\/\\\/www.laguiadepamplona.com\\\/actualidad\\\/el-pleno-del-ayuntamiento-de-pamplona-de-este-jueves-debatira-modificaciones-al-presupuesto-municipal-por-valor-de-116-millones-de-euros\\\/#primaryimage\"},\"thumbnailUrl\":\"https:\\\/\\\/www.laguiadepamplona.com\\\/actualidad\\\/wp-content\\\/uploads\\\/2021\\\/08\\\/ayuntamiento-pamplona2.jpg\",\"datePublished\":\"2023-10-24T16:26:43+00:00\",\"description\":\"Se trata de completar los d\u00e9ficits del presupuesto prorrogado en gastos de personal, aportaci\u00f3n de Pamplona al transporte urbano o suministro de energ\u00eda\",\"breadcrumb\":{\"@id\":\"https:\\\/\\\/www.laguiadepamplona.com\\\/actualidad\\\/el-pleno-del-ayuntamiento-de-pamplona-de-este-jueves-debatira-modificaciones-al-presupuesto-municipal-por-valor-de-116-millones-de-euros\\\/#breadcrumb\"},\"inLanguage\":\"es\",\"potentialAction\":[{\"@type\":\"ReadAction\",\"target\":[\"https:\\\/\\\/www.laguiadepamplona.com\\\/actualidad\\\/el-pleno-del-ayuntamiento-de-pamplona-de-este-jueves-debatira-modificaciones-al-presupuesto-municipal-por-valor-de-116-millones-de-euros\\\/\"]}]},{\"@type\":\"ImageObject\",\"inLanguage\":\"es\",\"@id\":\"https:\\\/\\\/www.laguiadepamplona.com\\\/actualidad\\\/el-pleno-del-ayuntamiento-de-pamplona-de-este-jueves-debatira-modificaciones-al-presupuesto-municipal-por-valor-de-116-millones-de-euros\\\/#primaryimage\",\"url\":\"https:\\\/\\\/www.laguiadepamplona.com\\\/actualidad\\\/wp-content\\\/uploads\\\/2021\\\/08\\\/ayuntamiento-pamplona2.jpg\",\"contentUrl\":\"https:\\\/\\\/www.laguiadepamplona.com\\\/actualidad\\\/wp-content\\\/uploads\\\/2021\\\/08\\\/ayuntamiento-pamplona2.jpg\",\"width\":1920,\"height\":1080,\"caption\":\"ayuntamiento pamplona\"},{\"@type\":\"BreadcrumbList\",\"@id\":\"https:\\\/\\\/www.laguiadepamplona.com\\\/actualidad\\\/el-pleno-del-ayuntamiento-de-pamplona-de-este-jueves-debatira-modificaciones-al-presupuesto-municipal-por-valor-de-116-millones-de-euros\\\/#breadcrumb\",\"itemListElement\":[{\"@type\":\"ListItem\",\"position\":1,\"name\":\"Portada\",\"item\":\"https:\\\/\\\/www.laguiadepamplona.com\\\/actualidad\\\/\"},{\"@type\":\"ListItem\",\"position\":2,\"name\":\"El Pleno del Ayuntamiento de Pamplona de este jueves debatir\u00e1 modificaciones al presupuesto municipal por valor de 11,6 millones de euros\"}]},{\"@type\":\"WebSite\",\"@id\":\"https:\\\/\\\/www.laguiadepamplona.com\\\/actualidad\\\/#website\",\"url\":\"https:\\\/\\\/www.laguiadepamplona.com\\\/actualidad\\\/\",\"name\":\"La gu\u00eda de Pamplona\",\"description\":\"Noticias de Pamplona\",\"publisher\":{\"@id\":\"https:\\\/\\\/www.laguiadepamplona.com\\\/actualidad\\\/#organization\"},\"potentialAction\":[{\"@type\":\"SearchAction\",\"target\":{\"@type\":\"EntryPoint\",\"urlTemplate\":\"https:\\\/\\\/www.laguiadepamplona.com\\\/actualidad\\\/?s={search_term_string}\"},\"query-input\":{\"@type\":\"PropertyValueSpecification\",\"valueRequired\":true,\"valueName\":\"search_term_string\"}}],\"inLanguage\":\"es\"},{\"@type\":\"Organization\",\"@id\":\"https:\\\/\\\/www.laguiadepamplona.com\\\/actualidad\\\/#organization\",\"name\":\"La Gu\u00eda de Pamplona \\\/ Noticias\",\"url\":\"https:\\\/\\\/www.laguiadepamplona.com\\\/actualidad\\\/\",\"logo\":{\"@type\":\"ImageObject\",\"inLanguage\":\"es\",\"@id\":\"https:\\\/\\\/www.laguiadepamplona.com\\\/actualidad\\\/#\\\/schema\\\/logo\\\/image\\\/\",\"url\":\"https:\\\/\\\/www.laguiadepamplona.com\\\/actualidad\\\/wp-content\\\/uploads\\\/2018\\\/11\\\/logo-laguiadepamplona18-web1.png\",\"contentUrl\":\"https:\\\/\\\/www.laguiadepamplona.com\\\/actualidad\\\/wp-content\\\/uploads\\\/2018\\\/11\\\/logo-laguiadepamplona18-web1.png\",\"width\":600,\"height\":196,\"caption\":\"La Gu\u00eda de Pamplona \\\/ Noticias\"},\"image\":{\"@id\":\"https:\\\/\\\/www.laguiadepamplona.com\\\/actualidad\\\/#\\\/schema\\\/logo\\\/image\\\/\"},\"sameAs\":[\"https:\\\/\\\/www.facebook.com\\\/laguiadepamplonacom-133175176762273\\\/?ref=hl\",\"https:\\\/\\\/x.com\\\/LaGuiadPamplona\",\"https:\\\/\\\/www.instagram.com\\\/la_guia_de_pamplona\\\/\",\"https:\\\/\\\/www.youtube.com\\\/user\\\/laguiadepamplona\"]},{\"@type\":\"Person\",\"@id\":\"https:\\\/\\\/www.laguiadepamplona.com\\\/actualidad\\\/#\\\/schema\\\/person\\\/efe887376f0213d4657c93adc50b1fdb\",\"name\":\"La Gu\u00eda de Pamplona\",\"image\":{\"@type\":\"ImageObject\",\"inLanguage\":\"es\",\"@id\":\"https:\\\/\\\/secure.gravatar.com\\\/avatar\\\/b6992f131dc8d30ab0dff15446e9d346d9dbd95992de0fef795073f5ea83a81c?s=96&d=mm&r=g\",\"url\":\"https:\\\/\\\/secure.gravatar.com\\\/avatar\\\/b6992f131dc8d30ab0dff15446e9d346d9dbd95992de0fef795073f5ea83a81c?s=96&d=mm&r=g\",\"contentUrl\":\"https:\\\/\\\/secure.gravatar.com\\\/avatar\\\/b6992f131dc8d30ab0dff15446e9d346d9dbd95992de0fef795073f5ea83a81c?s=96&d=mm&r=g\",\"caption\":\"La Gu\u00eda de Pamplona\"}}]}<\/script>\n<!-- \/ Yoast SEO plugin. -->","yoast_head_json":{"title":"El Pleno del Ayuntamiento de Pamplona de este jueves debatir\u00e1 modificaciones al presupuesto municipal por valor de 11,6 millones de euros","description":"Se trata de completar los d\u00e9ficits del presupuesto prorrogado en gastos de personal, aportaci\u00f3n de Pamplona al transporte urbano o suministro de energ\u00eda","robots":{"index":"index","follow":"follow","max-snippet":"max-snippet:-1","max-image-preview":"max-image-preview:large","max-video-preview":"max-video-preview:-1"},"canonical":"https:\/\/www.laguiadepamplona.com\/actualidad\/el-pleno-del-ayuntamiento-de-pamplona-de-este-jueves-debatira-modificaciones-al-presupuesto-municipal-por-valor-de-116-millones-de-euros\/","og_locale":"es_ES","og_type":"article","og_title":"El Pleno del Ayuntamiento de Pamplona de este jueves debatir\u00e1 modificaciones al presupuesto municipal por valor de 11,6 millones de euros","og_description":"Se trata de completar los d\u00e9ficits del presupuesto prorrogado en gastos de personal, aportaci\u00f3n de Pamplona al transporte urbano o suministro de energ\u00eda","og_url":"https:\/\/www.laguiadepamplona.com\/actualidad\/el-pleno-del-ayuntamiento-de-pamplona-de-este-jueves-debatira-modificaciones-al-presupuesto-municipal-por-valor-de-116-millones-de-euros\/","og_site_name":"La Gu\u00eda de Pamplona","article_publisher":"https:\/\/www.facebook.com\/laguiadepamplonacom-133175176762273\/?ref=hl","article_published_time":"2023-10-24T16:26:43+00:00","og_image":[{"width":1920,"height":1080,"url":"https:\/\/www.laguiadepamplona.com\/actualidad\/wp-content\/uploads\/2021\/08\/ayuntamiento-pamplona2.jpg","type":"image\/jpeg"}],"author":"La Gu\u00eda de Pamplona","twitter_card":"summary_large_image","twitter_creator":"@LaGuiadPamplona","twitter_site":"@LaGuiadPamplona","twitter_misc":{"Escrito por":"La Gu\u00eda de Pamplona","Tiempo de lectura":"3 minutos"},"schema":{"@context":"https:\/\/schema.org","@graph":[{"@type":"Article","@id":"https:\/\/www.laguiadepamplona.com\/actualidad\/el-pleno-del-ayuntamiento-de-pamplona-de-este-jueves-debatira-modificaciones-al-presupuesto-municipal-por-valor-de-116-millones-de-euros\/#article","isPartOf":{"@id":"https:\/\/www.laguiadepamplona.com\/actualidad\/el-pleno-del-ayuntamiento-de-pamplona-de-este-jueves-debatira-modificaciones-al-presupuesto-municipal-por-valor-de-116-millones-de-euros\/"},"author":{"name":"La Gu\u00eda de Pamplona","@id":"https:\/\/www.laguiadepamplona.com\/actualidad\/#\/schema\/person\/efe887376f0213d4657c93adc50b1fdb"},"headline":"El Pleno del Ayuntamiento de Pamplona de este jueves debatir\u00e1 modificaciones al presupuesto municipal por valor de 11,6 millones de euros","datePublished":"2023-10-24T16:26:43+00:00","mainEntityOfPage":{"@id":"https:\/\/www.laguiadepamplona.com\/actualidad\/el-pleno-del-ayuntamiento-de-pamplona-de-este-jueves-debatira-modificaciones-al-presupuesto-municipal-por-valor-de-116-millones-de-euros\/"},"wordCount":530,"commentCount":0,"publisher":{"@id":"https:\/\/www.laguiadepamplona.com\/actualidad\/#organization"},"image":{"@id":"https:\/\/www.laguiadepamplona.com\/actualidad\/el-pleno-del-ayuntamiento-de-pamplona-de-este-jueves-debatira-modificaciones-al-presupuesto-municipal-por-valor-de-116-millones-de-euros\/#primaryimage"},"thumbnailUrl":"https:\/\/www.laguiadepamplona.com\/actualidad\/wp-content\/uploads\/2021\/08\/ayuntamiento-pamplona2.jpg","articleSection":["Ayto Pamplona"],"inLanguage":"es","potentialAction":[{"@type":"CommentAction","name":"Comment","target":["https:\/\/www.laguiadepamplona.com\/actualidad\/el-pleno-del-ayuntamiento-de-pamplona-de-este-jueves-debatira-modificaciones-al-presupuesto-municipal-por-valor-de-116-millones-de-euros\/#respond"]}]},{"@type":"WebPage","@id":"https:\/\/www.laguiadepamplona.com\/actualidad\/el-pleno-del-ayuntamiento-de-pamplona-de-este-jueves-debatira-modificaciones-al-presupuesto-municipal-por-valor-de-116-millones-de-euros\/","url":"https:\/\/www.laguiadepamplona.com\/actualidad\/el-pleno-del-ayuntamiento-de-pamplona-de-este-jueves-debatira-modificaciones-al-presupuesto-municipal-por-valor-de-116-millones-de-euros\/","name":"El Pleno del Ayuntamiento de Pamplona de este jueves debatir\u00e1 modificaciones al presupuesto municipal por valor de 11,6 millones de euros","isPartOf":{"@id":"https:\/\/www.laguiadepamplona.com\/actualidad\/#website"},"primaryImageOfPage":{"@id":"https:\/\/www.laguiadepamplona.com\/actualidad\/el-pleno-del-ayuntamiento-de-pamplona-de-este-jueves-debatira-modificaciones-al-presupuesto-municipal-por-valor-de-116-millones-de-euros\/#primaryimage"},"image":{"@id":"https:\/\/www.laguiadepamplona.com\/actualidad\/el-pleno-del-ayuntamiento-de-pamplona-de-este-jueves-debatira-modificaciones-al-presupuesto-municipal-por-valor-de-116-millones-de-euros\/#primaryimage"},"thumbnailUrl":"https:\/\/www.laguiadepamplona.com\/actualidad\/wp-content\/uploads\/2021\/08\/ayuntamiento-pamplona2.jpg","datePublished":"2023-10-24T16:26:43+00:00","description":"Se trata de completar los d\u00e9ficits del presupuesto prorrogado en gastos de personal, aportaci\u00f3n de Pamplona al transporte urbano o suministro de energ\u00eda","breadcrumb":{"@id":"https:\/\/www.laguiadepamplona.com\/actualidad\/el-pleno-del-ayuntamiento-de-pamplona-de-este-jueves-debatira-modificaciones-al-presupuesto-municipal-por-valor-de-116-millones-de-euros\/#breadcrumb"},"inLanguage":"es","potentialAction":[{"@type":"ReadAction","target":["https:\/\/www.laguiadepamplona.com\/actualidad\/el-pleno-del-ayuntamiento-de-pamplona-de-este-jueves-debatira-modificaciones-al-presupuesto-municipal-por-valor-de-116-millones-de-euros\/"]}]},{"@type":"ImageObject","inLanguage":"es","@id":"https:\/\/www.laguiadepamplona.com\/actualidad\/el-pleno-del-ayuntamiento-de-pamplona-de-este-jueves-debatira-modificaciones-al-presupuesto-municipal-por-valor-de-116-millones-de-euros\/#primaryimage","url":"https:\/\/www.laguiadepamplona.com\/actualidad\/wp-content\/uploads\/2021\/08\/ayuntamiento-pamplona2.jpg","contentUrl":"https:\/\/www.laguiadepamplona.com\/actualidad\/wp-content\/uploads\/2021\/08\/ayuntamiento-pamplona2.jpg","width":1920,"height":1080,"caption":"ayuntamiento pamplona"},{"@type":"BreadcrumbList","@id":"https:\/\/www.laguiadepamplona.com\/actualidad\/el-pleno-del-ayuntamiento-de-pamplona-de-este-jueves-debatira-modificaciones-al-presupuesto-municipal-por-valor-de-116-millones-de-euros\/#breadcrumb","itemListElement":[{"@type":"ListItem","position":1,"name":"Portada","item":"https:\/\/www.laguiadepamplona.com\/actualidad\/"},{"@type":"ListItem","position":2,"name":"El Pleno del Ayuntamiento de Pamplona de este jueves debatir\u00e1 modificaciones al presupuesto municipal por valor de 11,6 millones de euros"}]},{"@type":"WebSite","@id":"https:\/\/www.laguiadepamplona.com\/actualidad\/#website","url":"https:\/\/www.laguiadepamplona.com\/actualidad\/","name":"La gu\u00eda de Pamplona","description":"Noticias de Pamplona","publisher":{"@id":"https:\/\/www.laguiadepamplona.com\/actualidad\/#organization"},"potentialAction":[{"@type":"SearchAction","target":{"@type":"EntryPoint","urlTemplate":"https:\/\/www.laguiadepamplona.com\/actualidad\/?s={search_term_string}"},"query-input":{"@type":"PropertyValueSpecification","valueRequired":true,"valueName":"search_term_string"}}],"inLanguage":"es"},{"@type":"Organization","@id":"https:\/\/www.laguiadepamplona.com\/actualidad\/#organization","name":"La Gu\u00eda de Pamplona \/ Noticias","url":"https:\/\/www.laguiadepamplona.com\/actualidad\/","logo":{"@type":"ImageObject","inLanguage":"es","@id":"https:\/\/www.laguiadepamplona.com\/actualidad\/#\/schema\/logo\/image\/","url":"https:\/\/www.laguiadepamplona.com\/actualidad\/wp-content\/uploads\/2018\/11\/logo-laguiadepamplona18-web1.png","contentUrl":"https:\/\/www.laguiadepamplona.com\/actualidad\/wp-content\/uploads\/2018\/11\/logo-laguiadepamplona18-web1.png","width":600,"height":196,"caption":"La Gu\u00eda de Pamplona \/ Noticias"},"image":{"@id":"https:\/\/www.laguiadepamplona.com\/actualidad\/#\/schema\/logo\/image\/"},"sameAs":["https:\/\/www.facebook.com\/laguiadepamplonacom-133175176762273\/?ref=hl","https:\/\/x.com\/LaGuiadPamplona","https:\/\/www.instagram.com\/la_guia_de_pamplona\/","https:\/\/www.youtube.com\/user\/laguiadepamplona"]},{"@type":"Person","@id":"https:\/\/www.laguiadepamplona.com\/actualidad\/#\/schema\/person\/efe887376f0213d4657c93adc50b1fdb","name":"La Gu\u00eda de Pamplona","image":{"@type":"ImageObject","inLanguage":"es","@id":"https:\/\/secure.gravatar.com\/avatar\/b6992f131dc8d30ab0dff15446e9d346d9dbd95992de0fef795073f5ea83a81c?s=96&d=mm&r=g","url":"https:\/\/secure.gravatar.com\/avatar\/b6992f131dc8d30ab0dff15446e9d346d9dbd95992de0fef795073f5ea83a81c?s=96&d=mm&r=g","contentUrl":"https:\/\/secure.gravatar.com\/avatar\/b6992f131dc8d30ab0dff15446e9d346d9dbd95992de0fef795073f5ea83a81c?s=96&d=mm&r=g","caption":"La Gu\u00eda de Pamplona"}}]}},"post_mailing_queue_ids":[],"_links":{"self":[{"href":"https:\/\/www.laguiadepamplona.com\/actualidad\/wp-json\/wp\/v2\/posts\/47701","targetHints":{"allow":["GET"]}}],"collection":[{"href":"https:\/\/www.laguiadepamplona.com\/actualidad\/wp-json\/wp\/v2\/posts"}],"about":[{"href":"https:\/\/www.laguiadepamplona.com\/actualidad\/wp-json\/wp\/v2\/types\/post"}],"author":[{"embeddable":true,"href":"https:\/\/www.laguiadepamplona.com\/actualidad\/wp-json\/wp\/v2\/users\/1"}],"replies":[{"embeddable":true,"href":"https:\/\/www.laguiadepamplona.com\/actualidad\/wp-json\/wp\/v2\/comments?post=47701"}],"version-history":[{"count":1,"href":"https:\/\/www.laguiadepamplona.com\/actualidad\/wp-json\/wp\/v2\/posts\/47701\/revisions"}],"predecessor-version":[{"id":47702,"href":"https:\/\/www.laguiadepamplona.com\/actualidad\/wp-json\/wp\/v2\/posts\/47701\/revisions\/47702"}],"wp:featuredmedia":[{"embeddable":true,"href":"https:\/\/www.laguiadepamplona.com\/actualidad\/wp-json\/wp\/v2\/media\/36074"}],"wp:attachment":[{"href":"https:\/\/www.laguiadepamplona.com\/actualidad\/wp-json\/wp\/v2\/media?parent=47701"}],"wp:term":[{"taxonomy":"category","embeddable":true,"href":"https:\/\/www.laguiadepamplona.com\/actualidad\/wp-json\/wp\/v2\/categories?post=47701"},{"taxonomy":"post_tag","embeddable":true,"href":"https:\/\/www.laguiadepamplona.com\/actualidad\/wp-json\/wp\/v2\/tags?post=47701"}],"curies":[{"name":"wp","href":"https:\/\/api.w.org\/{rel}","templated":true}]}}