{"id":47698,"date":"2023-10-24T12:54:32","date_gmt":"2023-10-24T10:54:32","guid":{"rendered":"https:\/\/www.laguiadepamplona.com\/actualidad\/?p=47698"},"modified":"2023-10-24T12:54:32","modified_gmt":"2023-10-24T10:54:32","slug":"750-e-la-exposicion-que-explica-lo-que-se-hace-en-el-sur-con-los-euros-que-anualmente-invierte-cada-vecino-y-vecina-de-pamplona-en-cooperacion-al-desarrollo","status":"publish","type":"post","link":"https:\/\/www.laguiadepamplona.com\/actualidad\/750-e-la-exposicion-que-explica-lo-que-se-hace-en-el-sur-con-los-euros-que-anualmente-invierte-cada-vecino-y-vecina-de-pamplona-en-cooperacion-al-desarrollo\/","title":{"rendered":"\u20187,50 \u20ac\u2019, la exposici\u00f3n que explica lo qu\u00e9 se hace en el Sur con los euros que anualmente invierte cada vecino y vecina de Pamplona en Cooperaci\u00f3n al Desarrollo"},"content":{"rendered":"<h3>El Condestable acoger\u00e1 hasta el 5 de noviembre una muestra de los proyectos que en 2021 obtuvieron 1,5 millones de euros de financiaci\u00f3n municipal<\/h3>\n<p><!--more--><\/p>\n<p>La ciudadan\u00eda de Pamplona hasta el 5 de noviembre puede acercarse a comprobar los avances en los pa\u00edses del Sur a los que ha contribuido con sus impuestos. En la primera planta de ese espacio se exponen 30 fotograf\u00edas, con sus correspondientes paneles explicativos, que recogen actuaciones de 14 ONG de Navarra que fueron subvencionadas por el Consistorio en el a\u00f1o 2021. Estas subvenciones tienen una trayectoria de d\u00e9cadas en el trabajo municipal y en estos momentos se encuadran en el II Plan Director de Cooperaci\u00f3n Internacional para el Desarrollo (2022-2025).<\/p>\n<p>Guatemala, N\u00edger, Tanzania, El Salvador, India o Rwanda son algunos de los pa\u00edses de destino de los fondos. Los proyectos recibieron entre 21.703 y 41.978 euros hasta sumar 1.561.452 euros. Fueron seleccionados mediante convocatoria p\u00fablica por el Programa Municipal de Cooperaci\u00f3n Internacional al Desarrollo y la idea de la exposici\u00f3n es dar cuenta a la ciudadan\u00eda de que se ha hecho con los \u20187,50 \u20ac\u2019 que cada contribuyente destin\u00f3 a la mejora de la vida de otras personas. El total invertido, 1,5 millones de euros, supone mantener y superar el compromiso de destinar un 0,7% del presupuesto municipal a Cooperaci\u00f3n.<br \/>\n<script async src=\"\/\/pagead2.googlesyndication.com\/pagead\/js\/adsbygoogle.js\"><\/script><br \/>\n<!-- Noticias La Guia de Pamplona --><br \/>\n<ins class=\"adsbygoogle\"\nstyle=\"display:block\"\ndata-ad-client=\"ca-pub-6943679897239327\"\ndata-ad-slot=\"7048180777\"\ndata-ad-format=\"auto\"><\/ins><br \/>\n<script>\n(adsbygoogle = window.adsbygoogle || []).push({});\n<\/script><\/p>\n<p>Los proyectos que se recogen en la muestra expositiva est\u00e1n cofinanciados por el Ayuntamiento y la propia ONG que, adem\u00e1s, trabaja sobre el terreno con un socio local. En este caso se reflejan iniciativas llevadas a cabo por Asamblea Cooperaci\u00f3n por la Paz, Fundaci\u00f3n Albo\u00e1n, Asociaci\u00f3n de T\u00e9cnicos y Trabajadores Sin Fronteras, Ayuda al Desarrollo, Fundaci\u00f3n Benito Menni, CONGD, Colectivo El Salvador Elkartasuna, Fundaci\u00f3n Fabre, Fundaci\u00f3n Felipe Rinaldi, Fundaci\u00f3n Internacional de Solidaridad Compa\u00f1\u00eda de Mar\u00eda, Garabide Kultur Elkartea, Asociaci\u00f3n Infancia Sin Fronteras, Fundaci\u00f3n Itaka-Escolapios, Fundaci\u00f3n Vicente Ferrer y Vita et pax.<\/p>\n<p>Los contenidos del esfuerzo: salud, educaci\u00f3n, el empoderamiento de las mujeres en sus sociedades y la mejora de las condiciones b\u00e1sica de vida de comunidades de muy diversos tama\u00f1os (ayudando en \u00e1mbitos como la alimentaci\u00f3n o el acceso al agua potable, etc.) o, incluso, en enfoques m\u00e1s sectoriales como compra de m\u00e1quinas para realizar electroencefalogramas a personas con enfermedades mentales la Rep\u00fablica Democr\u00e1tica de Congo o acciones de promoci\u00f3n de la lengua nahualt\/pilpil en El Salvador.<\/p>\n<p>La exposici\u00f3n \u20187,50 \u20ac\u2019 se inscribe en una l\u00ednea de actuaci\u00f3n complementaria: implicar a la sociedad visibilizando un modelo de desarrollo que contribuya a lograr unas relaciones m\u00e1s justas y equitativas para las personas y comunidades del Norte y del Sur a trav\u00e9s del compromiso pol\u00edtico y social, la creaci\u00f3n de espacios de encuentro, el debate, la reflexi\u00f3n y el intercambio de experiencias<br \/>\n<script async src=\"\/\/pagead2.googlesyndication.com\/pagead\/js\/adsbygoogle.js\"><\/script><br \/>\n<!-- Noticias La Guia de Pamplona --><br \/>\n<ins class=\"adsbygoogle\"\nstyle=\"display:block\"\ndata-ad-client=\"ca-pub-6943679897239327\"\ndata-ad-slot=\"7048180777\"\ndata-ad-format=\"auto\"><\/ins><br \/>\n<script>\n(adsbygoogle = window.adsbygoogle || []).push({});\n<\/script><\/p>\n<p>&nbsp;<\/p>\n<h3>Proyectos recogidos en \u20187,50 \u20ac\u2019<\/h3>\n<p><strong>N\u00edger<\/strong><\/p>\n<ul>\n<li>ACPP (Asamblea Cooperaci\u00f3n por la Paz)<\/li>\n<li>T\u00edtulo proyecto: \u201cPROMOCI\u00d3N DEL EMPODERAMIENTO SOCIAL DE LAS MUJERES DE LA LOCALIDAD DE FINAR\u00c9, EN LA COMUNA DE SAY, REGI\u00d3N DE TILLAB\u00c9RI, N\u00cdGER\u201d. Financiaci\u00f3n: 33.424 \u20ac<\/li>\n<\/ul>\n<p><strong>Guatemala<\/strong><\/p>\n<ul>\n<li>Fundaci\u00f3n Alboan<\/li>\n<li>T\u00edtulo: \u201cMUJERES MAYA K\u00b4ICH\u00c9, PROTAGONISTAS EN LA EXIGENCIA DE SUS DERECHOS Y LA DEFENSA DE SU TERRITORIO\u201d. Financiaci\u00f3n. 30.852 \u20ac<\/li>\n<\/ul>\n<p><strong>S\u00e1hara<\/strong><\/p>\n<ul>\n<li>ATTSF (ASOCIACI\u00d3N DE T\u00c9CNICOS Y TRABAJADORES SIN FRONTERAS)<\/li>\n<li>T\u00edtulo: \u201cLOG\u00cdSTICA PARA EL ACCESO AL AGUA, ALIMENTOS Y SANEAMIENTO PARA LA POBLACI\u00d3N REFUGIADA SAHARAUI\u201d. Financiaci\u00f3n: 35.000 \u20ac<\/li>\n<\/ul>\n<p><strong>Senegal<\/strong><\/p>\n<ul>\n<li>Ayuda al Desarrollo<\/li>\n<li>T\u00edtulo. SEGURIDAD ALIMENTARIA EN NDOKH. Financiaci\u00f3n 21.703 \u20ac<\/li>\n<\/ul>\n<p><strong>Rep\u00fablica Democr\u00e1tica del Congo<\/strong><\/p>\n<ul>\n<li>Benito Menni<\/li>\n<li>T\u00edtulo \u201cMEJORA DE LA SALUD DE LA POBLACI\u00d3N DE KINTAMBO MEDIANTE LA COMPRA DE UN EQUIPO DE ELECTROENCEFALOGRAMA PARA EL DIAGN\u00d3STICO Y TRATAMIENTO DE PERSONAS CON EPILEPSIA Y ENFERMEDAD MENTAL\u201d. Financiaci\u00f3n 32.870\u20ac<\/li>\n<\/ul>\n<p><strong>El Salvador<\/strong><\/p>\n<ul>\n<li>COLECTIVO EL SALVADOR ELKARTASUNA<\/li>\n<li>T\u00edtulo \u201cGARANTIZAR DERECHO EFECTIVO A LA SALUD CON PERSPECTIVA DE G\u00c9NERO Y MEDIOAMBIENTE. Financiaci\u00f3n 33.250\u20ac<\/li>\n<\/ul>\n<p><strong>Bolivia<\/strong><\/p>\n<ul>\n<li>Fundaci\u00f3n Fabre<\/li>\n<li>T\u00edtulo \u201cACCESO UNIVERSAL Y EQUITATIVO AL AGUA POTABLE EN LA COMUNIDAD DE COTOQUITA\u201d. Financiaci\u00f3n 33.250\u20ac<\/li>\n<\/ul>\n<p><strong>El Salvador<\/strong><\/p>\n<ul>\n<li>FUNDACION FELIPE RINALDI<\/li>\n<li>T\u00edtulo: APOSTANDO POR UNA VIDA LIBRE DE VIOLENCIA MEDIANTE EL FORTALECIMIENTO DE LA RED DE MUJERES EN SONSONATE. Financiaci\u00f3n 35.000\u20ac<\/li>\n<\/ul>\n<p><strong>Tanzania<\/strong><\/p>\n<ul>\n<li>FISC (Fundaci\u00f3n Internacional de Solidaridad Compa\u00f1\u00eda de Mar\u00eda)<\/li>\n<li>T\u00edtulo \u201cACCESO A LA EDUCACI\u00d3N A NI\u00d1AS\/OS MEDIANTE LA CONSTRUCCI\u00d3N Y EQUIPAMIENTO DE ESCUELA INFANTIL Y CAPACITACI\u00d3N DOCENTES, DAR ES SALAAM, TANZANIA.\u201d 41.978\u20ac<\/li>\n<\/ul>\n<p><strong>El Salvador<\/strong><\/p>\n<ul>\n<li>GARABIDE KULTUR ELKARTEA<\/li>\n<li>T\u00edtulo \u201cDESARROLLO INTEGRAL LA CUNA N\u00c1HUAT DE NAHUIZALCO Y APOYO A LAS CUNAS YA EXISTENTES\u201d. 33.350\u20ac<\/li>\n<\/ul>\n<p><strong>Nicaragua <\/strong><\/p>\n<ul>\n<li>ASOCIACION INFANCIA SIN FRONTERAS<\/li>\n<li>T\u00edtulo \u201cSALUD Y NUTRICI\u00d3N INFANTIL\u201d. 33.246\u20ac<\/li>\n<\/ul>\n<p><strong>Rep\u00fablica Democr\u00e1tica de Congo<\/strong><\/p>\n<ul>\n<li>Fundaci\u00f3n Itaka- Escolapios<\/li>\n<li>PROMOVIENDO UN PROCESO DE LUCHA CONTRA LA POBREZA MEDIANTE LA EDUCACI\u00d3N DE MUJERES Y NI\u00d1AS DE KIKONKA.<\/li>\n<\/ul>\n<p><strong>India<\/strong><\/p>\n<ul>\n<li>FUNDACI\u00d3N VICENTE FERRER<\/li>\n<li>T\u00edtulo \u201cACCESO A LA EDUCACI\u00d3N SECUNDARIA\u201d. 35.000\u20ac<\/li>\n<\/ul>\n<p><strong>Rwanda<\/strong><\/p>\n<ul>\n<li>VITA ET PAX IN CRISTO CURIA GENERAL<\/li>\n<li>T\u00edtulo \u201cLUCHA CONTRA LA MALNUTRICI\u00d3N EN EL CENTRO NUTRICIONAL DE BIRYOGO\u201d. 33.250\u20ac<\/li>\n<\/ul>\n","protected":false},"excerpt":{"rendered":"<p>El Condestable acoger\u00e1 hasta el 5 de noviembre una muestra de los proyectos que en 2021 obtuvieron 1,5 millones de euros de financiaci\u00f3n municipal<\/p>\n","protected":false},"author":1,"featured_media":47699,"comment_status":"open","ping_status":"closed","sticky":false,"template":"","format":"standard","meta":{"footnotes":""},"categories":[2],"tags":[],"class_list":["post-47698","post","type-post","status-publish","format-standard","has-post-thumbnail","hentry","category-ayuntamiento-pamplona"],"yoast_head":"<!-- This site is optimized with the Yoast SEO plugin v27.3 - https:\/\/yoast.com\/product\/yoast-seo-wordpress\/ -->\n<title>\u20187,50 \u20ac\u2019, la exposici\u00f3n que explica lo qu\u00e9 se hace en el Sur con los euros que anualmente invierte cada vecino y vecina de Pamplona en Cooperaci\u00f3n al Desarrollo<\/title>\n<meta name=\"description\" content=\"El Condestable acoger\u00e1 hasta el 5 de noviembre una muestra de los proyectos que en 2021 obtuvieron 1,5 millones de euros de financiaci\u00f3n municipal\" \/>\n<meta name=\"robots\" content=\"index, follow, max-snippet:-1, max-image-preview:large, max-video-preview:-1\" \/>\n<link rel=\"canonical\" href=\"https:\/\/www.laguiadepamplona.com\/actualidad\/750-e-la-exposicion-que-explica-lo-que-se-hace-en-el-sur-con-los-euros-que-anualmente-invierte-cada-vecino-y-vecina-de-pamplona-en-cooperacion-al-desarrollo\/\" \/>\n<meta property=\"og:locale\" content=\"es_ES\" \/>\n<meta property=\"og:type\" content=\"article\" \/>\n<meta property=\"og:title\" content=\"\u20187,50 \u20ac\u2019, la exposici\u00f3n que explica lo qu\u00e9 se hace en el Sur con los euros que anualmente invierte cada vecino y vecina de Pamplona en Cooperaci\u00f3n al Desarrollo\" \/>\n<meta property=\"og:description\" content=\"El Condestable acoger\u00e1 hasta el 5 de noviembre una muestra de los proyectos que en 2021 obtuvieron 1,5 millones de euros de financiaci\u00f3n municipal\" \/>\n<meta property=\"og:url\" content=\"https:\/\/www.laguiadepamplona.com\/actualidad\/750-e-la-exposicion-que-explica-lo-que-se-hace-en-el-sur-con-los-euros-que-anualmente-invierte-cada-vecino-y-vecina-de-pamplona-en-cooperacion-al-desarrollo\/\" \/>\n<meta property=\"og:site_name\" content=\"La Gu\u00eda de Pamplona\" \/>\n<meta property=\"article:publisher\" content=\"https:\/\/www.facebook.com\/laguiadepamplonacom-133175176762273\/?ref=hl\" \/>\n<meta property=\"article:published_time\" content=\"2023-10-24T10:54:32+00:00\" \/>\n<meta property=\"og:image\" content=\"https:\/\/www.laguiadepamplona.com\/actualidad\/wp-content\/uploads\/2023\/10\/cooperacion-desarrollo-pamplona.jpg\" \/>\n\t<meta property=\"og:image:width\" content=\"1080\" \/>\n\t<meta property=\"og:image:height\" content=\"1080\" \/>\n\t<meta property=\"og:image:type\" content=\"image\/jpeg\" \/>\n<meta name=\"author\" content=\"La Gu\u00eda de Pamplona\" \/>\n<meta name=\"twitter:card\" content=\"summary_large_image\" \/>\n<meta name=\"twitter:creator\" content=\"@LaGuiadPamplona\" \/>\n<meta name=\"twitter:site\" content=\"@LaGuiadPamplona\" \/>\n<meta name=\"twitter:label1\" content=\"Escrito por\" \/>\n\t<meta name=\"twitter:data1\" content=\"La Gu\u00eda de Pamplona\" \/>\n\t<meta name=\"twitter:label2\" content=\"Tiempo de lectura\" \/>\n\t<meta name=\"twitter:data2\" content=\"4 minutos\" \/>\n<script type=\"application\/ld+json\" class=\"yoast-schema-graph\">{\"@context\":\"https:\\\/\\\/schema.org\",\"@graph\":[{\"@type\":\"Article\",\"@id\":\"https:\\\/\\\/www.laguiadepamplona.com\\\/actualidad\\\/750-e-la-exposicion-que-explica-lo-que-se-hace-en-el-sur-con-los-euros-que-anualmente-invierte-cada-vecino-y-vecina-de-pamplona-en-cooperacion-al-desarrollo\\\/#article\",\"isPartOf\":{\"@id\":\"https:\\\/\\\/www.laguiadepamplona.com\\\/actualidad\\\/750-e-la-exposicion-que-explica-lo-que-se-hace-en-el-sur-con-los-euros-que-anualmente-invierte-cada-vecino-y-vecina-de-pamplona-en-cooperacion-al-desarrollo\\\/\"},\"author\":{\"name\":\"La Gu\u00eda de Pamplona\",\"@id\":\"https:\\\/\\\/www.laguiadepamplona.com\\\/actualidad\\\/#\\\/schema\\\/person\\\/efe887376f0213d4657c93adc50b1fdb\"},\"headline\":\"\u20187,50 \u20ac\u2019, la exposici\u00f3n que explica lo qu\u00e9 se hace en el Sur con los euros que anualmente invierte cada vecino y vecina de Pamplona en Cooperaci\u00f3n al Desarrollo\",\"datePublished\":\"2023-10-24T10:54:32+00:00\",\"mainEntityOfPage\":{\"@id\":\"https:\\\/\\\/www.laguiadepamplona.com\\\/actualidad\\\/750-e-la-exposicion-que-explica-lo-que-se-hace-en-el-sur-con-los-euros-que-anualmente-invierte-cada-vecino-y-vecina-de-pamplona-en-cooperacion-al-desarrollo\\\/\"},\"wordCount\":867,\"commentCount\":0,\"publisher\":{\"@id\":\"https:\\\/\\\/www.laguiadepamplona.com\\\/actualidad\\\/#organization\"},\"image\":{\"@id\":\"https:\\\/\\\/www.laguiadepamplona.com\\\/actualidad\\\/750-e-la-exposicion-que-explica-lo-que-se-hace-en-el-sur-con-los-euros-que-anualmente-invierte-cada-vecino-y-vecina-de-pamplona-en-cooperacion-al-desarrollo\\\/#primaryimage\"},\"thumbnailUrl\":\"https:\\\/\\\/www.laguiadepamplona.com\\\/actualidad\\\/wp-content\\\/uploads\\\/2023\\\/10\\\/cooperacion-desarrollo-pamplona.jpg\",\"articleSection\":[\"Ayto Pamplona\"],\"inLanguage\":\"es\",\"potentialAction\":[{\"@type\":\"CommentAction\",\"name\":\"Comment\",\"target\":[\"https:\\\/\\\/www.laguiadepamplona.com\\\/actualidad\\\/750-e-la-exposicion-que-explica-lo-que-se-hace-en-el-sur-con-los-euros-que-anualmente-invierte-cada-vecino-y-vecina-de-pamplona-en-cooperacion-al-desarrollo\\\/#respond\"]}]},{\"@type\":\"WebPage\",\"@id\":\"https:\\\/\\\/www.laguiadepamplona.com\\\/actualidad\\\/750-e-la-exposicion-que-explica-lo-que-se-hace-en-el-sur-con-los-euros-que-anualmente-invierte-cada-vecino-y-vecina-de-pamplona-en-cooperacion-al-desarrollo\\\/\",\"url\":\"https:\\\/\\\/www.laguiadepamplona.com\\\/actualidad\\\/750-e-la-exposicion-que-explica-lo-que-se-hace-en-el-sur-con-los-euros-que-anualmente-invierte-cada-vecino-y-vecina-de-pamplona-en-cooperacion-al-desarrollo\\\/\",\"name\":\"\u20187,50 \u20ac\u2019, la exposici\u00f3n que explica lo qu\u00e9 se hace en el Sur con los euros que anualmente invierte cada vecino y vecina de Pamplona en Cooperaci\u00f3n al Desarrollo\",\"isPartOf\":{\"@id\":\"https:\\\/\\\/www.laguiadepamplona.com\\\/actualidad\\\/#website\"},\"primaryImageOfPage\":{\"@id\":\"https:\\\/\\\/www.laguiadepamplona.com\\\/actualidad\\\/750-e-la-exposicion-que-explica-lo-que-se-hace-en-el-sur-con-los-euros-que-anualmente-invierte-cada-vecino-y-vecina-de-pamplona-en-cooperacion-al-desarrollo\\\/#primaryimage\"},\"image\":{\"@id\":\"https:\\\/\\\/www.laguiadepamplona.com\\\/actualidad\\\/750-e-la-exposicion-que-explica-lo-que-se-hace-en-el-sur-con-los-euros-que-anualmente-invierte-cada-vecino-y-vecina-de-pamplona-en-cooperacion-al-desarrollo\\\/#primaryimage\"},\"thumbnailUrl\":\"https:\\\/\\\/www.laguiadepamplona.com\\\/actualidad\\\/wp-content\\\/uploads\\\/2023\\\/10\\\/cooperacion-desarrollo-pamplona.jpg\",\"datePublished\":\"2023-10-24T10:54:32+00:00\",\"description\":\"El Condestable acoger\u00e1 hasta el 5 de noviembre una muestra de los proyectos que en 2021 obtuvieron 1,5 millones de euros de financiaci\u00f3n municipal\",\"breadcrumb\":{\"@id\":\"https:\\\/\\\/www.laguiadepamplona.com\\\/actualidad\\\/750-e-la-exposicion-que-explica-lo-que-se-hace-en-el-sur-con-los-euros-que-anualmente-invierte-cada-vecino-y-vecina-de-pamplona-en-cooperacion-al-desarrollo\\\/#breadcrumb\"},\"inLanguage\":\"es\",\"potentialAction\":[{\"@type\":\"ReadAction\",\"target\":[\"https:\\\/\\\/www.laguiadepamplona.com\\\/actualidad\\\/750-e-la-exposicion-que-explica-lo-que-se-hace-en-el-sur-con-los-euros-que-anualmente-invierte-cada-vecino-y-vecina-de-pamplona-en-cooperacion-al-desarrollo\\\/\"]}]},{\"@type\":\"ImageObject\",\"inLanguage\":\"es\",\"@id\":\"https:\\\/\\\/www.laguiadepamplona.com\\\/actualidad\\\/750-e-la-exposicion-que-explica-lo-que-se-hace-en-el-sur-con-los-euros-que-anualmente-invierte-cada-vecino-y-vecina-de-pamplona-en-cooperacion-al-desarrollo\\\/#primaryimage\",\"url\":\"https:\\\/\\\/www.laguiadepamplona.com\\\/actualidad\\\/wp-content\\\/uploads\\\/2023\\\/10\\\/cooperacion-desarrollo-pamplona.jpg\",\"contentUrl\":\"https:\\\/\\\/www.laguiadepamplona.com\\\/actualidad\\\/wp-content\\\/uploads\\\/2023\\\/10\\\/cooperacion-desarrollo-pamplona.jpg\",\"width\":1080,\"height\":1080,\"caption\":\"exposici\u00f3n\"},{\"@type\":\"BreadcrumbList\",\"@id\":\"https:\\\/\\\/www.laguiadepamplona.com\\\/actualidad\\\/750-e-la-exposicion-que-explica-lo-que-se-hace-en-el-sur-con-los-euros-que-anualmente-invierte-cada-vecino-y-vecina-de-pamplona-en-cooperacion-al-desarrollo\\\/#breadcrumb\",\"itemListElement\":[{\"@type\":\"ListItem\",\"position\":1,\"name\":\"Portada\",\"item\":\"https:\\\/\\\/www.laguiadepamplona.com\\\/actualidad\\\/\"},{\"@type\":\"ListItem\",\"position\":2,\"name\":\"\u20187,50 \u20ac\u2019, la exposici\u00f3n que explica lo qu\u00e9 se hace en el Sur con los euros que anualmente invierte cada vecino y vecina de Pamplona en Cooperaci\u00f3n al Desarrollo\"}]},{\"@type\":\"WebSite\",\"@id\":\"https:\\\/\\\/www.laguiadepamplona.com\\\/actualidad\\\/#website\",\"url\":\"https:\\\/\\\/www.laguiadepamplona.com\\\/actualidad\\\/\",\"name\":\"La gu\u00eda de Pamplona\",\"description\":\"Noticias de Pamplona\",\"publisher\":{\"@id\":\"https:\\\/\\\/www.laguiadepamplona.com\\\/actualidad\\\/#organization\"},\"potentialAction\":[{\"@type\":\"SearchAction\",\"target\":{\"@type\":\"EntryPoint\",\"urlTemplate\":\"https:\\\/\\\/www.laguiadepamplona.com\\\/actualidad\\\/?s={search_term_string}\"},\"query-input\":{\"@type\":\"PropertyValueSpecification\",\"valueRequired\":true,\"valueName\":\"search_term_string\"}}],\"inLanguage\":\"es\"},{\"@type\":\"Organization\",\"@id\":\"https:\\\/\\\/www.laguiadepamplona.com\\\/actualidad\\\/#organization\",\"name\":\"La Gu\u00eda de Pamplona \\\/ Noticias\",\"url\":\"https:\\\/\\\/www.laguiadepamplona.com\\\/actualidad\\\/\",\"logo\":{\"@type\":\"ImageObject\",\"inLanguage\":\"es\",\"@id\":\"https:\\\/\\\/www.laguiadepamplona.com\\\/actualidad\\\/#\\\/schema\\\/logo\\\/image\\\/\",\"url\":\"https:\\\/\\\/www.laguiadepamplona.com\\\/actualidad\\\/wp-content\\\/uploads\\\/2018\\\/11\\\/logo-laguiadepamplona18-web1.png\",\"contentUrl\":\"https:\\\/\\\/www.laguiadepamplona.com\\\/actualidad\\\/wp-content\\\/uploads\\\/2018\\\/11\\\/logo-laguiadepamplona18-web1.png\",\"width\":600,\"height\":196,\"caption\":\"La Gu\u00eda de Pamplona \\\/ Noticias\"},\"image\":{\"@id\":\"https:\\\/\\\/www.laguiadepamplona.com\\\/actualidad\\\/#\\\/schema\\\/logo\\\/image\\\/\"},\"sameAs\":[\"https:\\\/\\\/www.facebook.com\\\/laguiadepamplonacom-133175176762273\\\/?ref=hl\",\"https:\\\/\\\/x.com\\\/LaGuiadPamplona\",\"https:\\\/\\\/www.instagram.com\\\/la_guia_de_pamplona\\\/\",\"https:\\\/\\\/www.youtube.com\\\/user\\\/laguiadepamplona\"]},{\"@type\":\"Person\",\"@id\":\"https:\\\/\\\/www.laguiadepamplona.com\\\/actualidad\\\/#\\\/schema\\\/person\\\/efe887376f0213d4657c93adc50b1fdb\",\"name\":\"La Gu\u00eda de Pamplona\",\"image\":{\"@type\":\"ImageObject\",\"inLanguage\":\"es\",\"@id\":\"https:\\\/\\\/secure.gravatar.com\\\/avatar\\\/b6992f131dc8d30ab0dff15446e9d346d9dbd95992de0fef795073f5ea83a81c?s=96&d=mm&r=g\",\"url\":\"https:\\\/\\\/secure.gravatar.com\\\/avatar\\\/b6992f131dc8d30ab0dff15446e9d346d9dbd95992de0fef795073f5ea83a81c?s=96&d=mm&r=g\",\"contentUrl\":\"https:\\\/\\\/secure.gravatar.com\\\/avatar\\\/b6992f131dc8d30ab0dff15446e9d346d9dbd95992de0fef795073f5ea83a81c?s=96&d=mm&r=g\",\"caption\":\"La Gu\u00eda de Pamplona\"}}]}<\/script>\n<!-- \/ Yoast SEO plugin. -->","yoast_head_json":{"title":"\u20187,50 \u20ac\u2019, la exposici\u00f3n que explica lo qu\u00e9 se hace en el Sur con los euros que anualmente invierte cada vecino y vecina de Pamplona en Cooperaci\u00f3n al Desarrollo","description":"El Condestable acoger\u00e1 hasta el 5 de noviembre una muestra de los proyectos que en 2021 obtuvieron 1,5 millones de euros de financiaci\u00f3n municipal","robots":{"index":"index","follow":"follow","max-snippet":"max-snippet:-1","max-image-preview":"max-image-preview:large","max-video-preview":"max-video-preview:-1"},"canonical":"https:\/\/www.laguiadepamplona.com\/actualidad\/750-e-la-exposicion-que-explica-lo-que-se-hace-en-el-sur-con-los-euros-que-anualmente-invierte-cada-vecino-y-vecina-de-pamplona-en-cooperacion-al-desarrollo\/","og_locale":"es_ES","og_type":"article","og_title":"\u20187,50 \u20ac\u2019, la exposici\u00f3n que explica lo qu\u00e9 se hace en el Sur con los euros que anualmente invierte cada vecino y vecina de Pamplona en Cooperaci\u00f3n al Desarrollo","og_description":"El Condestable acoger\u00e1 hasta el 5 de noviembre una muestra de los proyectos que en 2021 obtuvieron 1,5 millones de euros de financiaci\u00f3n municipal","og_url":"https:\/\/www.laguiadepamplona.com\/actualidad\/750-e-la-exposicion-que-explica-lo-que-se-hace-en-el-sur-con-los-euros-que-anualmente-invierte-cada-vecino-y-vecina-de-pamplona-en-cooperacion-al-desarrollo\/","og_site_name":"La Gu\u00eda de Pamplona","article_publisher":"https:\/\/www.facebook.com\/laguiadepamplonacom-133175176762273\/?ref=hl","article_published_time":"2023-10-24T10:54:32+00:00","og_image":[{"width":1080,"height":1080,"url":"https:\/\/www.laguiadepamplona.com\/actualidad\/wp-content\/uploads\/2023\/10\/cooperacion-desarrollo-pamplona.jpg","type":"image\/jpeg"}],"author":"La Gu\u00eda de Pamplona","twitter_card":"summary_large_image","twitter_creator":"@LaGuiadPamplona","twitter_site":"@LaGuiadPamplona","twitter_misc":{"Escrito por":"La Gu\u00eda de Pamplona","Tiempo de lectura":"4 minutos"},"schema":{"@context":"https:\/\/schema.org","@graph":[{"@type":"Article","@id":"https:\/\/www.laguiadepamplona.com\/actualidad\/750-e-la-exposicion-que-explica-lo-que-se-hace-en-el-sur-con-los-euros-que-anualmente-invierte-cada-vecino-y-vecina-de-pamplona-en-cooperacion-al-desarrollo\/#article","isPartOf":{"@id":"https:\/\/www.laguiadepamplona.com\/actualidad\/750-e-la-exposicion-que-explica-lo-que-se-hace-en-el-sur-con-los-euros-que-anualmente-invierte-cada-vecino-y-vecina-de-pamplona-en-cooperacion-al-desarrollo\/"},"author":{"name":"La Gu\u00eda de Pamplona","@id":"https:\/\/www.laguiadepamplona.com\/actualidad\/#\/schema\/person\/efe887376f0213d4657c93adc50b1fdb"},"headline":"\u20187,50 \u20ac\u2019, la exposici\u00f3n que explica lo qu\u00e9 se hace en el Sur con los euros que anualmente invierte cada vecino y vecina de Pamplona en Cooperaci\u00f3n al Desarrollo","datePublished":"2023-10-24T10:54:32+00:00","mainEntityOfPage":{"@id":"https:\/\/www.laguiadepamplona.com\/actualidad\/750-e-la-exposicion-que-explica-lo-que-se-hace-en-el-sur-con-los-euros-que-anualmente-invierte-cada-vecino-y-vecina-de-pamplona-en-cooperacion-al-desarrollo\/"},"wordCount":867,"commentCount":0,"publisher":{"@id":"https:\/\/www.laguiadepamplona.com\/actualidad\/#organization"},"image":{"@id":"https:\/\/www.laguiadepamplona.com\/actualidad\/750-e-la-exposicion-que-explica-lo-que-se-hace-en-el-sur-con-los-euros-que-anualmente-invierte-cada-vecino-y-vecina-de-pamplona-en-cooperacion-al-desarrollo\/#primaryimage"},"thumbnailUrl":"https:\/\/www.laguiadepamplona.com\/actualidad\/wp-content\/uploads\/2023\/10\/cooperacion-desarrollo-pamplona.jpg","articleSection":["Ayto Pamplona"],"inLanguage":"es","potentialAction":[{"@type":"CommentAction","name":"Comment","target":["https:\/\/www.laguiadepamplona.com\/actualidad\/750-e-la-exposicion-que-explica-lo-que-se-hace-en-el-sur-con-los-euros-que-anualmente-invierte-cada-vecino-y-vecina-de-pamplona-en-cooperacion-al-desarrollo\/#respond"]}]},{"@type":"WebPage","@id":"https:\/\/www.laguiadepamplona.com\/actualidad\/750-e-la-exposicion-que-explica-lo-que-se-hace-en-el-sur-con-los-euros-que-anualmente-invierte-cada-vecino-y-vecina-de-pamplona-en-cooperacion-al-desarrollo\/","url":"https:\/\/www.laguiadepamplona.com\/actualidad\/750-e-la-exposicion-que-explica-lo-que-se-hace-en-el-sur-con-los-euros-que-anualmente-invierte-cada-vecino-y-vecina-de-pamplona-en-cooperacion-al-desarrollo\/","name":"\u20187,50 \u20ac\u2019, la exposici\u00f3n que explica lo qu\u00e9 se hace en el Sur con los euros que anualmente invierte cada vecino y vecina de Pamplona en Cooperaci\u00f3n al Desarrollo","isPartOf":{"@id":"https:\/\/www.laguiadepamplona.com\/actualidad\/#website"},"primaryImageOfPage":{"@id":"https:\/\/www.laguiadepamplona.com\/actualidad\/750-e-la-exposicion-que-explica-lo-que-se-hace-en-el-sur-con-los-euros-que-anualmente-invierte-cada-vecino-y-vecina-de-pamplona-en-cooperacion-al-desarrollo\/#primaryimage"},"image":{"@id":"https:\/\/www.laguiadepamplona.com\/actualidad\/750-e-la-exposicion-que-explica-lo-que-se-hace-en-el-sur-con-los-euros-que-anualmente-invierte-cada-vecino-y-vecina-de-pamplona-en-cooperacion-al-desarrollo\/#primaryimage"},"thumbnailUrl":"https:\/\/www.laguiadepamplona.com\/actualidad\/wp-content\/uploads\/2023\/10\/cooperacion-desarrollo-pamplona.jpg","datePublished":"2023-10-24T10:54:32+00:00","description":"El Condestable acoger\u00e1 hasta el 5 de noviembre una muestra de los proyectos que en 2021 obtuvieron 1,5 millones de euros de financiaci\u00f3n municipal","breadcrumb":{"@id":"https:\/\/www.laguiadepamplona.com\/actualidad\/750-e-la-exposicion-que-explica-lo-que-se-hace-en-el-sur-con-los-euros-que-anualmente-invierte-cada-vecino-y-vecina-de-pamplona-en-cooperacion-al-desarrollo\/#breadcrumb"},"inLanguage":"es","potentialAction":[{"@type":"ReadAction","target":["https:\/\/www.laguiadepamplona.com\/actualidad\/750-e-la-exposicion-que-explica-lo-que-se-hace-en-el-sur-con-los-euros-que-anualmente-invierte-cada-vecino-y-vecina-de-pamplona-en-cooperacion-al-desarrollo\/"]}]},{"@type":"ImageObject","inLanguage":"es","@id":"https:\/\/www.laguiadepamplona.com\/actualidad\/750-e-la-exposicion-que-explica-lo-que-se-hace-en-el-sur-con-los-euros-que-anualmente-invierte-cada-vecino-y-vecina-de-pamplona-en-cooperacion-al-desarrollo\/#primaryimage","url":"https:\/\/www.laguiadepamplona.com\/actualidad\/wp-content\/uploads\/2023\/10\/cooperacion-desarrollo-pamplona.jpg","contentUrl":"https:\/\/www.laguiadepamplona.com\/actualidad\/wp-content\/uploads\/2023\/10\/cooperacion-desarrollo-pamplona.jpg","width":1080,"height":1080,"caption":"exposici\u00f3n"},{"@type":"BreadcrumbList","@id":"https:\/\/www.laguiadepamplona.com\/actualidad\/750-e-la-exposicion-que-explica-lo-que-se-hace-en-el-sur-con-los-euros-que-anualmente-invierte-cada-vecino-y-vecina-de-pamplona-en-cooperacion-al-desarrollo\/#breadcrumb","itemListElement":[{"@type":"ListItem","position":1,"name":"Portada","item":"https:\/\/www.laguiadepamplona.com\/actualidad\/"},{"@type":"ListItem","position":2,"name":"\u20187,50 \u20ac\u2019, la exposici\u00f3n que explica lo qu\u00e9 se hace en el Sur con los euros que anualmente invierte cada vecino y vecina de Pamplona en Cooperaci\u00f3n al Desarrollo"}]},{"@type":"WebSite","@id":"https:\/\/www.laguiadepamplona.com\/actualidad\/#website","url":"https:\/\/www.laguiadepamplona.com\/actualidad\/","name":"La gu\u00eda de Pamplona","description":"Noticias de Pamplona","publisher":{"@id":"https:\/\/www.laguiadepamplona.com\/actualidad\/#organization"},"potentialAction":[{"@type":"SearchAction","target":{"@type":"EntryPoint","urlTemplate":"https:\/\/www.laguiadepamplona.com\/actualidad\/?s={search_term_string}"},"query-input":{"@type":"PropertyValueSpecification","valueRequired":true,"valueName":"search_term_string"}}],"inLanguage":"es"},{"@type":"Organization","@id":"https:\/\/www.laguiadepamplona.com\/actualidad\/#organization","name":"La Gu\u00eda de Pamplona \/ Noticias","url":"https:\/\/www.laguiadepamplona.com\/actualidad\/","logo":{"@type":"ImageObject","inLanguage":"es","@id":"https:\/\/www.laguiadepamplona.com\/actualidad\/#\/schema\/logo\/image\/","url":"https:\/\/www.laguiadepamplona.com\/actualidad\/wp-content\/uploads\/2018\/11\/logo-laguiadepamplona18-web1.png","contentUrl":"https:\/\/www.laguiadepamplona.com\/actualidad\/wp-content\/uploads\/2018\/11\/logo-laguiadepamplona18-web1.png","width":600,"height":196,"caption":"La Gu\u00eda de Pamplona \/ Noticias"},"image":{"@id":"https:\/\/www.laguiadepamplona.com\/actualidad\/#\/schema\/logo\/image\/"},"sameAs":["https:\/\/www.facebook.com\/laguiadepamplonacom-133175176762273\/?ref=hl","https:\/\/x.com\/LaGuiadPamplona","https:\/\/www.instagram.com\/la_guia_de_pamplona\/","https:\/\/www.youtube.com\/user\/laguiadepamplona"]},{"@type":"Person","@id":"https:\/\/www.laguiadepamplona.com\/actualidad\/#\/schema\/person\/efe887376f0213d4657c93adc50b1fdb","name":"La Gu\u00eda de Pamplona","image":{"@type":"ImageObject","inLanguage":"es","@id":"https:\/\/secure.gravatar.com\/avatar\/b6992f131dc8d30ab0dff15446e9d346d9dbd95992de0fef795073f5ea83a81c?s=96&d=mm&r=g","url":"https:\/\/secure.gravatar.com\/avatar\/b6992f131dc8d30ab0dff15446e9d346d9dbd95992de0fef795073f5ea83a81c?s=96&d=mm&r=g","contentUrl":"https:\/\/secure.gravatar.com\/avatar\/b6992f131dc8d30ab0dff15446e9d346d9dbd95992de0fef795073f5ea83a81c?s=96&d=mm&r=g","caption":"La Gu\u00eda de Pamplona"}}]}},"post_mailing_queue_ids":[],"_links":{"self":[{"href":"https:\/\/www.laguiadepamplona.com\/actualidad\/wp-json\/wp\/v2\/posts\/47698","targetHints":{"allow":["GET"]}}],"collection":[{"href":"https:\/\/www.laguiadepamplona.com\/actualidad\/wp-json\/wp\/v2\/posts"}],"about":[{"href":"https:\/\/www.laguiadepamplona.com\/actualidad\/wp-json\/wp\/v2\/types\/post"}],"author":[{"embeddable":true,"href":"https:\/\/www.laguiadepamplona.com\/actualidad\/wp-json\/wp\/v2\/users\/1"}],"replies":[{"embeddable":true,"href":"https:\/\/www.laguiadepamplona.com\/actualidad\/wp-json\/wp\/v2\/comments?post=47698"}],"version-history":[{"count":1,"href":"https:\/\/www.laguiadepamplona.com\/actualidad\/wp-json\/wp\/v2\/posts\/47698\/revisions"}],"predecessor-version":[{"id":47700,"href":"https:\/\/www.laguiadepamplona.com\/actualidad\/wp-json\/wp\/v2\/posts\/47698\/revisions\/47700"}],"wp:featuredmedia":[{"embeddable":true,"href":"https:\/\/www.laguiadepamplona.com\/actualidad\/wp-json\/wp\/v2\/media\/47699"}],"wp:attachment":[{"href":"https:\/\/www.laguiadepamplona.com\/actualidad\/wp-json\/wp\/v2\/media?parent=47698"}],"wp:term":[{"taxonomy":"category","embeddable":true,"href":"https:\/\/www.laguiadepamplona.com\/actualidad\/wp-json\/wp\/v2\/categories?post=47698"},{"taxonomy":"post_tag","embeddable":true,"href":"https:\/\/www.laguiadepamplona.com\/actualidad\/wp-json\/wp\/v2\/tags?post=47698"}],"curies":[{"name":"wp","href":"https:\/\/api.w.org\/{rel}","templated":true}]}}