{"id":47695,"date":"2023-10-24T12:51:55","date_gmt":"2023-10-24T10:51:55","guid":{"rendered":"https:\/\/www.laguiadepamplona.com\/actualidad\/?p=47695"},"modified":"2023-10-24T12:51:55","modified_gmt":"2023-10-24T10:51:55","slug":"la-bandera-de-naciones-unidas-ondeara-todo-el-dia-en-la-fachada-de-la-casa-consistorial-en-el-78o-aniversario-de-la-creacion-de-esta-organizacion-internacional","status":"publish","type":"post","link":"https:\/\/www.laguiadepamplona.com\/actualidad\/la-bandera-de-naciones-unidas-ondeara-todo-el-dia-en-la-fachada-de-la-casa-consistorial-en-el-78o-aniversario-de-la-creacion-de-esta-organizacion-internacional\/","title":{"rendered":"La bandera de Naciones Unidas ondear\u00e1 todo el d\u00eda en la fachada de la Casa Consistorial, en el 78\u00ba aniversario de la creaci\u00f3n de esta organizaci\u00f3n internacional"},"content":{"rendered":"<h3>El Ayuntamiento celebra el nacimiento de una entidad que encarna la vocaci\u00f3n por mantener la paz y la seguridad internacionales mediante la cooperaci\u00f3n<\/h3>\n<p><!--more--><\/p>\n<p>Esta ma\u00f1ana, en la fachada de la Casa Consistorial, adem\u00e1s de las cuatro habituales de Europa, Espa\u00f1a, Navarra y Pamplona, ondea una quinta bandera: la de Naciones Unidas. Es una ense\u00f1a azul que desde 1947 simboliza el esfuerzo com\u00fan de las naciones para lograr un mundo cooperativo en el que rijan la paz, los derechos humanos y el desarrollo de todos los pueblos. En el centro de la bandera se proyecta una porci\u00f3n de la Tierra inscrita en cinco c\u00edrculos conc\u00e9ntricos y a los lados de este mapamundi se dispone una corona formada por ramas de olivo.<br \/>\n<script async src=\"\/\/pagead2.googlesyndication.com\/pagead\/js\/adsbygoogle.js\"><\/script><br \/>\n<!-- Noticias La Guia de Pamplona --><br \/>\n<ins class=\"adsbygoogle\"\nstyle=\"display:block\"\ndata-ad-client=\"ca-pub-6943679897239327\"\ndata-ad-slot=\"7048180777\"\ndata-ad-format=\"auto\"><\/ins><br \/>\n<script>\n(adsbygoogle = window.adsbygoogle || []).push({});\n<\/script><\/p>\n<p>Hoy es el d\u00eda de las Naciones Unidas y este 24 de octubre de 2023 se conmemora el 78\u00ba aniversario del nacimiento de esta Organizaci\u00f3n Nacional Gubernamental (OIG) que se gest\u00f3 tras la devastaci\u00f3n que produjo en el mundo la II Guerra Mundial. Su objetivo era mantener la paz y la seguridad internacionales, aunque r\u00e1pidamente se evidenci\u00f3 que la seguridad no s\u00f3lo ten\u00eda que ver con el armamento y la violencia, sino con otras condiciones de vida, lo que se plasm\u00f3 en foros de trabajo sectoriales, las llamadas agencias especializadas como la UNESCO (cultura y patrimonio), UNICEF (infancia) ACNUR (refugiados), OIT (Organizaci\u00f3n Internacional del Trabajo), FAO (Alimentaci\u00f3n), OMS (Salud) etc.<\/p>\n<p>La colocaci\u00f3n hoy de la bandera de la ONU en las fachadas de organismos p\u00fablicos forma parte de una campa\u00f1a de concienciaci\u00f3n ciudadana de la Asociaci\u00f3n de Naciones Unidas en Espa\u00f1a (ANUE). Esta entidad es una ONG espa\u00f1ola creada en 1962 que busca promover los objetivos de la ONU y dar apoyo a sus programas y es miembro de la correspondiente federaci\u00f3n de asociaciones que mantienen esos mismos fines, la FMANU.<br \/>\n<script async src=\"\/\/pagead2.googlesyndication.com\/pagead\/js\/adsbygoogle.js\"><\/script><br \/>\n<!-- Noticias La Guia de Pamplona --><br \/>\n<ins class=\"adsbygoogle\"\nstyle=\"display:block\"\ndata-ad-client=\"ca-pub-6943679897239327\"\ndata-ad-slot=\"7048180777\"\ndata-ad-format=\"auto\"><\/ins><br \/>\n<script>\n(adsbygoogle = window.adsbygoogle || []).push({});\n<\/script><\/p>\n<p>La asociaci\u00f3n, pensando de lo local o lo global, ha solicitado de todos los niveles de las administraciones territoriales espa\u00f1olas la participaci\u00f3n en la campa\u00f1a, en el caso de las entidades locales porque \u201clos Ayuntamientos trabajan en favor de la paz, los derechos humanos y el desarrollo, jugando un papel fundamental que realiza Naciones Unidas a trav\u00e9s de cada acci\u00f3n cotidiana que realizan en favor de todos sus ciudadanos\u201d.<\/p>\n","protected":false},"excerpt":{"rendered":"<p>El Ayuntamiento celebra el nacimiento de una entidad que encarna la vocaci\u00f3n por mantener la paz y la seguridad internacionales mediante la cooperaci\u00f3n<\/p>\n","protected":false},"author":1,"featured_media":47696,"comment_status":"open","ping_status":"closed","sticky":false,"template":"","format":"standard","meta":{"footnotes":""},"categories":[2],"tags":[],"class_list":["post-47695","post","type-post","status-publish","format-standard","has-post-thumbnail","hentry","category-ayuntamiento-pamplona"],"yoast_head":"<!-- This site is optimized with the Yoast SEO plugin v27.3 - https:\/\/yoast.com\/product\/yoast-seo-wordpress\/ -->\n<title>La bandera de Naciones Unidas ondear\u00e1 todo el d\u00eda en la fachada de la Casa Consistorial, en el 78\u00ba aniversario de la creaci\u00f3n de esta organizaci\u00f3n internacional<\/title>\n<meta name=\"description\" content=\"El Ayuntamiento celebra el nacimiento de una entidad que encarna la vocaci\u00f3n por mantener la paz y la seguridad internacionales mediante la cooperaci\u00f3n\" \/>\n<meta name=\"robots\" content=\"index, follow, max-snippet:-1, max-image-preview:large, max-video-preview:-1\" \/>\n<link rel=\"canonical\" href=\"https:\/\/www.laguiadepamplona.com\/actualidad\/la-bandera-de-naciones-unidas-ondeara-todo-el-dia-en-la-fachada-de-la-casa-consistorial-en-el-78o-aniversario-de-la-creacion-de-esta-organizacion-internacional\/\" \/>\n<meta property=\"og:locale\" content=\"es_ES\" \/>\n<meta property=\"og:type\" content=\"article\" \/>\n<meta property=\"og:title\" content=\"La bandera de Naciones Unidas ondear\u00e1 todo el d\u00eda en la fachada de la Casa Consistorial, en el 78\u00ba aniversario de la creaci\u00f3n de esta organizaci\u00f3n internacional\" \/>\n<meta property=\"og:description\" content=\"El Ayuntamiento celebra el nacimiento de una entidad que encarna la vocaci\u00f3n por mantener la paz y la seguridad internacionales mediante la cooperaci\u00f3n\" \/>\n<meta property=\"og:url\" content=\"https:\/\/www.laguiadepamplona.com\/actualidad\/la-bandera-de-naciones-unidas-ondeara-todo-el-dia-en-la-fachada-de-la-casa-consistorial-en-el-78o-aniversario-de-la-creacion-de-esta-organizacion-internacional\/\" \/>\n<meta property=\"og:site_name\" content=\"La Gu\u00eda de Pamplona\" \/>\n<meta property=\"article:publisher\" content=\"https:\/\/www.facebook.com\/laguiadepamplonacom-133175176762273\/?ref=hl\" \/>\n<meta property=\"article:published_time\" content=\"2023-10-24T10:51:55+00:00\" \/>\n<meta property=\"og:image\" content=\"https:\/\/www.laguiadepamplona.com\/actualidad\/wp-content\/uploads\/2023\/10\/20231024banderaonuq5a4361_0.webp\" \/>\n\t<meta property=\"og:image:width\" content=\"1200\" \/>\n\t<meta property=\"og:image:height\" content=\"800\" \/>\n\t<meta property=\"og:image:type\" content=\"image\/webp\" \/>\n<meta name=\"author\" content=\"La Gu\u00eda de Pamplona\" \/>\n<meta name=\"twitter:card\" content=\"summary_large_image\" \/>\n<meta name=\"twitter:creator\" content=\"@LaGuiadPamplona\" \/>\n<meta name=\"twitter:site\" content=\"@LaGuiadPamplona\" \/>\n<meta name=\"twitter:label1\" content=\"Escrito por\" \/>\n\t<meta name=\"twitter:data1\" content=\"La Gu\u00eda de Pamplona\" \/>\n\t<meta name=\"twitter:label2\" content=\"Tiempo de lectura\" \/>\n\t<meta name=\"twitter:data2\" content=\"2 minutos\" \/>\n<script type=\"application\/ld+json\" class=\"yoast-schema-graph\">{\"@context\":\"https:\\\/\\\/schema.org\",\"@graph\":[{\"@type\":\"Article\",\"@id\":\"https:\\\/\\\/www.laguiadepamplona.com\\\/actualidad\\\/la-bandera-de-naciones-unidas-ondeara-todo-el-dia-en-la-fachada-de-la-casa-consistorial-en-el-78o-aniversario-de-la-creacion-de-esta-organizacion-internacional\\\/#article\",\"isPartOf\":{\"@id\":\"https:\\\/\\\/www.laguiadepamplona.com\\\/actualidad\\\/la-bandera-de-naciones-unidas-ondeara-todo-el-dia-en-la-fachada-de-la-casa-consistorial-en-el-78o-aniversario-de-la-creacion-de-esta-organizacion-internacional\\\/\"},\"author\":{\"name\":\"La Gu\u00eda de Pamplona\",\"@id\":\"https:\\\/\\\/www.laguiadepamplona.com\\\/actualidad\\\/#\\\/schema\\\/person\\\/efe887376f0213d4657c93adc50b1fdb\"},\"headline\":\"La bandera de Naciones Unidas ondear\u00e1 todo el d\u00eda en la fachada de la Casa Consistorial, en el 78\u00ba aniversario de la creaci\u00f3n de esta organizaci\u00f3n internacional\",\"datePublished\":\"2023-10-24T10:51:55+00:00\",\"mainEntityOfPage\":{\"@id\":\"https:\\\/\\\/www.laguiadepamplona.com\\\/actualidad\\\/la-bandera-de-naciones-unidas-ondeara-todo-el-dia-en-la-fachada-de-la-casa-consistorial-en-el-78o-aniversario-de-la-creacion-de-esta-organizacion-internacional\\\/\"},\"wordCount\":426,\"commentCount\":0,\"publisher\":{\"@id\":\"https:\\\/\\\/www.laguiadepamplona.com\\\/actualidad\\\/#organization\"},\"image\":{\"@id\":\"https:\\\/\\\/www.laguiadepamplona.com\\\/actualidad\\\/la-bandera-de-naciones-unidas-ondeara-todo-el-dia-en-la-fachada-de-la-casa-consistorial-en-el-78o-aniversario-de-la-creacion-de-esta-organizacion-internacional\\\/#primaryimage\"},\"thumbnailUrl\":\"https:\\\/\\\/www.laguiadepamplona.com\\\/actualidad\\\/wp-content\\\/uploads\\\/2023\\\/10\\\/20231024banderaonuq5a4361_0.webp\",\"articleSection\":[\"Ayto Pamplona\"],\"inLanguage\":\"es\",\"potentialAction\":[{\"@type\":\"CommentAction\",\"name\":\"Comment\",\"target\":[\"https:\\\/\\\/www.laguiadepamplona.com\\\/actualidad\\\/la-bandera-de-naciones-unidas-ondeara-todo-el-dia-en-la-fachada-de-la-casa-consistorial-en-el-78o-aniversario-de-la-creacion-de-esta-organizacion-internacional\\\/#respond\"]}]},{\"@type\":\"WebPage\",\"@id\":\"https:\\\/\\\/www.laguiadepamplona.com\\\/actualidad\\\/la-bandera-de-naciones-unidas-ondeara-todo-el-dia-en-la-fachada-de-la-casa-consistorial-en-el-78o-aniversario-de-la-creacion-de-esta-organizacion-internacional\\\/\",\"url\":\"https:\\\/\\\/www.laguiadepamplona.com\\\/actualidad\\\/la-bandera-de-naciones-unidas-ondeara-todo-el-dia-en-la-fachada-de-la-casa-consistorial-en-el-78o-aniversario-de-la-creacion-de-esta-organizacion-internacional\\\/\",\"name\":\"La bandera de Naciones Unidas ondear\u00e1 todo el d\u00eda en la fachada de la Casa Consistorial, en el 78\u00ba aniversario de la creaci\u00f3n de esta organizaci\u00f3n internacional\",\"isPartOf\":{\"@id\":\"https:\\\/\\\/www.laguiadepamplona.com\\\/actualidad\\\/#website\"},\"primaryImageOfPage\":{\"@id\":\"https:\\\/\\\/www.laguiadepamplona.com\\\/actualidad\\\/la-bandera-de-naciones-unidas-ondeara-todo-el-dia-en-la-fachada-de-la-casa-consistorial-en-el-78o-aniversario-de-la-creacion-de-esta-organizacion-internacional\\\/#primaryimage\"},\"image\":{\"@id\":\"https:\\\/\\\/www.laguiadepamplona.com\\\/actualidad\\\/la-bandera-de-naciones-unidas-ondeara-todo-el-dia-en-la-fachada-de-la-casa-consistorial-en-el-78o-aniversario-de-la-creacion-de-esta-organizacion-internacional\\\/#primaryimage\"},\"thumbnailUrl\":\"https:\\\/\\\/www.laguiadepamplona.com\\\/actualidad\\\/wp-content\\\/uploads\\\/2023\\\/10\\\/20231024banderaonuq5a4361_0.webp\",\"datePublished\":\"2023-10-24T10:51:55+00:00\",\"description\":\"El Ayuntamiento celebra el nacimiento de una entidad que encarna la vocaci\u00f3n por mantener la paz y la seguridad internacionales mediante la cooperaci\u00f3n\",\"breadcrumb\":{\"@id\":\"https:\\\/\\\/www.laguiadepamplona.com\\\/actualidad\\\/la-bandera-de-naciones-unidas-ondeara-todo-el-dia-en-la-fachada-de-la-casa-consistorial-en-el-78o-aniversario-de-la-creacion-de-esta-organizacion-internacional\\\/#breadcrumb\"},\"inLanguage\":\"es\",\"potentialAction\":[{\"@type\":\"ReadAction\",\"target\":[\"https:\\\/\\\/www.laguiadepamplona.com\\\/actualidad\\\/la-bandera-de-naciones-unidas-ondeara-todo-el-dia-en-la-fachada-de-la-casa-consistorial-en-el-78o-aniversario-de-la-creacion-de-esta-organizacion-internacional\\\/\"]}]},{\"@type\":\"ImageObject\",\"inLanguage\":\"es\",\"@id\":\"https:\\\/\\\/www.laguiadepamplona.com\\\/actualidad\\\/la-bandera-de-naciones-unidas-ondeara-todo-el-dia-en-la-fachada-de-la-casa-consistorial-en-el-78o-aniversario-de-la-creacion-de-esta-organizacion-internacional\\\/#primaryimage\",\"url\":\"https:\\\/\\\/www.laguiadepamplona.com\\\/actualidad\\\/wp-content\\\/uploads\\\/2023\\\/10\\\/20231024banderaonuq5a4361_0.webp\",\"contentUrl\":\"https:\\\/\\\/www.laguiadepamplona.com\\\/actualidad\\\/wp-content\\\/uploads\\\/2023\\\/10\\\/20231024banderaonuq5a4361_0.webp\",\"width\":1200,\"height\":800,\"caption\":\"bandera onu\"},{\"@type\":\"BreadcrumbList\",\"@id\":\"https:\\\/\\\/www.laguiadepamplona.com\\\/actualidad\\\/la-bandera-de-naciones-unidas-ondeara-todo-el-dia-en-la-fachada-de-la-casa-consistorial-en-el-78o-aniversario-de-la-creacion-de-esta-organizacion-internacional\\\/#breadcrumb\",\"itemListElement\":[{\"@type\":\"ListItem\",\"position\":1,\"name\":\"Portada\",\"item\":\"https:\\\/\\\/www.laguiadepamplona.com\\\/actualidad\\\/\"},{\"@type\":\"ListItem\",\"position\":2,\"name\":\"La bandera de Naciones Unidas ondear\u00e1 todo el d\u00eda en la fachada de la Casa Consistorial, en el 78\u00ba aniversario de la creaci\u00f3n de esta organizaci\u00f3n internacional\"}]},{\"@type\":\"WebSite\",\"@id\":\"https:\\\/\\\/www.laguiadepamplona.com\\\/actualidad\\\/#website\",\"url\":\"https:\\\/\\\/www.laguiadepamplona.com\\\/actualidad\\\/\",\"name\":\"La gu\u00eda de Pamplona\",\"description\":\"Noticias de Pamplona\",\"publisher\":{\"@id\":\"https:\\\/\\\/www.laguiadepamplona.com\\\/actualidad\\\/#organization\"},\"potentialAction\":[{\"@type\":\"SearchAction\",\"target\":{\"@type\":\"EntryPoint\",\"urlTemplate\":\"https:\\\/\\\/www.laguiadepamplona.com\\\/actualidad\\\/?s={search_term_string}\"},\"query-input\":{\"@type\":\"PropertyValueSpecification\",\"valueRequired\":true,\"valueName\":\"search_term_string\"}}],\"inLanguage\":\"es\"},{\"@type\":\"Organization\",\"@id\":\"https:\\\/\\\/www.laguiadepamplona.com\\\/actualidad\\\/#organization\",\"name\":\"La Gu\u00eda de Pamplona \\\/ Noticias\",\"url\":\"https:\\\/\\\/www.laguiadepamplona.com\\\/actualidad\\\/\",\"logo\":{\"@type\":\"ImageObject\",\"inLanguage\":\"es\",\"@id\":\"https:\\\/\\\/www.laguiadepamplona.com\\\/actualidad\\\/#\\\/schema\\\/logo\\\/image\\\/\",\"url\":\"https:\\\/\\\/www.laguiadepamplona.com\\\/actualidad\\\/wp-content\\\/uploads\\\/2018\\\/11\\\/logo-laguiadepamplona18-web1.png\",\"contentUrl\":\"https:\\\/\\\/www.laguiadepamplona.com\\\/actualidad\\\/wp-content\\\/uploads\\\/2018\\\/11\\\/logo-laguiadepamplona18-web1.png\",\"width\":600,\"height\":196,\"caption\":\"La Gu\u00eda de Pamplona \\\/ Noticias\"},\"image\":{\"@id\":\"https:\\\/\\\/www.laguiadepamplona.com\\\/actualidad\\\/#\\\/schema\\\/logo\\\/image\\\/\"},\"sameAs\":[\"https:\\\/\\\/www.facebook.com\\\/laguiadepamplonacom-133175176762273\\\/?ref=hl\",\"https:\\\/\\\/x.com\\\/LaGuiadPamplona\",\"https:\\\/\\\/www.instagram.com\\\/la_guia_de_pamplona\\\/\",\"https:\\\/\\\/www.youtube.com\\\/user\\\/laguiadepamplona\"]},{\"@type\":\"Person\",\"@id\":\"https:\\\/\\\/www.laguiadepamplona.com\\\/actualidad\\\/#\\\/schema\\\/person\\\/efe887376f0213d4657c93adc50b1fdb\",\"name\":\"La Gu\u00eda de Pamplona\",\"image\":{\"@type\":\"ImageObject\",\"inLanguage\":\"es\",\"@id\":\"https:\\\/\\\/secure.gravatar.com\\\/avatar\\\/b6992f131dc8d30ab0dff15446e9d346d9dbd95992de0fef795073f5ea83a81c?s=96&d=mm&r=g\",\"url\":\"https:\\\/\\\/secure.gravatar.com\\\/avatar\\\/b6992f131dc8d30ab0dff15446e9d346d9dbd95992de0fef795073f5ea83a81c?s=96&d=mm&r=g\",\"contentUrl\":\"https:\\\/\\\/secure.gravatar.com\\\/avatar\\\/b6992f131dc8d30ab0dff15446e9d346d9dbd95992de0fef795073f5ea83a81c?s=96&d=mm&r=g\",\"caption\":\"La Gu\u00eda de Pamplona\"}}]}<\/script>\n<!-- \/ Yoast SEO plugin. -->","yoast_head_json":{"title":"La bandera de Naciones Unidas ondear\u00e1 todo el d\u00eda en la fachada de la Casa Consistorial, en el 78\u00ba aniversario de la creaci\u00f3n de esta organizaci\u00f3n internacional","description":"El Ayuntamiento celebra el nacimiento de una entidad que encarna la vocaci\u00f3n por mantener la paz y la seguridad internacionales mediante la cooperaci\u00f3n","robots":{"index":"index","follow":"follow","max-snippet":"max-snippet:-1","max-image-preview":"max-image-preview:large","max-video-preview":"max-video-preview:-1"},"canonical":"https:\/\/www.laguiadepamplona.com\/actualidad\/la-bandera-de-naciones-unidas-ondeara-todo-el-dia-en-la-fachada-de-la-casa-consistorial-en-el-78o-aniversario-de-la-creacion-de-esta-organizacion-internacional\/","og_locale":"es_ES","og_type":"article","og_title":"La bandera de Naciones Unidas ondear\u00e1 todo el d\u00eda en la fachada de la Casa Consistorial, en el 78\u00ba aniversario de la creaci\u00f3n de esta organizaci\u00f3n internacional","og_description":"El Ayuntamiento celebra el nacimiento de una entidad que encarna la vocaci\u00f3n por mantener la paz y la seguridad internacionales mediante la cooperaci\u00f3n","og_url":"https:\/\/www.laguiadepamplona.com\/actualidad\/la-bandera-de-naciones-unidas-ondeara-todo-el-dia-en-la-fachada-de-la-casa-consistorial-en-el-78o-aniversario-de-la-creacion-de-esta-organizacion-internacional\/","og_site_name":"La Gu\u00eda de Pamplona","article_publisher":"https:\/\/www.facebook.com\/laguiadepamplonacom-133175176762273\/?ref=hl","article_published_time":"2023-10-24T10:51:55+00:00","og_image":[{"width":1200,"height":800,"url":"https:\/\/www.laguiadepamplona.com\/actualidad\/wp-content\/uploads\/2023\/10\/20231024banderaonuq5a4361_0.webp","type":"image\/webp"}],"author":"La Gu\u00eda de Pamplona","twitter_card":"summary_large_image","twitter_creator":"@LaGuiadPamplona","twitter_site":"@LaGuiadPamplona","twitter_misc":{"Escrito por":"La Gu\u00eda de Pamplona","Tiempo de lectura":"2 minutos"},"schema":{"@context":"https:\/\/schema.org","@graph":[{"@type":"Article","@id":"https:\/\/www.laguiadepamplona.com\/actualidad\/la-bandera-de-naciones-unidas-ondeara-todo-el-dia-en-la-fachada-de-la-casa-consistorial-en-el-78o-aniversario-de-la-creacion-de-esta-organizacion-internacional\/#article","isPartOf":{"@id":"https:\/\/www.laguiadepamplona.com\/actualidad\/la-bandera-de-naciones-unidas-ondeara-todo-el-dia-en-la-fachada-de-la-casa-consistorial-en-el-78o-aniversario-de-la-creacion-de-esta-organizacion-internacional\/"},"author":{"name":"La Gu\u00eda de Pamplona","@id":"https:\/\/www.laguiadepamplona.com\/actualidad\/#\/schema\/person\/efe887376f0213d4657c93adc50b1fdb"},"headline":"La bandera de Naciones Unidas ondear\u00e1 todo el d\u00eda en la fachada de la Casa Consistorial, en el 78\u00ba aniversario de la creaci\u00f3n de esta organizaci\u00f3n internacional","datePublished":"2023-10-24T10:51:55+00:00","mainEntityOfPage":{"@id":"https:\/\/www.laguiadepamplona.com\/actualidad\/la-bandera-de-naciones-unidas-ondeara-todo-el-dia-en-la-fachada-de-la-casa-consistorial-en-el-78o-aniversario-de-la-creacion-de-esta-organizacion-internacional\/"},"wordCount":426,"commentCount":0,"publisher":{"@id":"https:\/\/www.laguiadepamplona.com\/actualidad\/#organization"},"image":{"@id":"https:\/\/www.laguiadepamplona.com\/actualidad\/la-bandera-de-naciones-unidas-ondeara-todo-el-dia-en-la-fachada-de-la-casa-consistorial-en-el-78o-aniversario-de-la-creacion-de-esta-organizacion-internacional\/#primaryimage"},"thumbnailUrl":"https:\/\/www.laguiadepamplona.com\/actualidad\/wp-content\/uploads\/2023\/10\/20231024banderaonuq5a4361_0.webp","articleSection":["Ayto Pamplona"],"inLanguage":"es","potentialAction":[{"@type":"CommentAction","name":"Comment","target":["https:\/\/www.laguiadepamplona.com\/actualidad\/la-bandera-de-naciones-unidas-ondeara-todo-el-dia-en-la-fachada-de-la-casa-consistorial-en-el-78o-aniversario-de-la-creacion-de-esta-organizacion-internacional\/#respond"]}]},{"@type":"WebPage","@id":"https:\/\/www.laguiadepamplona.com\/actualidad\/la-bandera-de-naciones-unidas-ondeara-todo-el-dia-en-la-fachada-de-la-casa-consistorial-en-el-78o-aniversario-de-la-creacion-de-esta-organizacion-internacional\/","url":"https:\/\/www.laguiadepamplona.com\/actualidad\/la-bandera-de-naciones-unidas-ondeara-todo-el-dia-en-la-fachada-de-la-casa-consistorial-en-el-78o-aniversario-de-la-creacion-de-esta-organizacion-internacional\/","name":"La bandera de Naciones Unidas ondear\u00e1 todo el d\u00eda en la fachada de la Casa Consistorial, en el 78\u00ba aniversario de la creaci\u00f3n de esta organizaci\u00f3n internacional","isPartOf":{"@id":"https:\/\/www.laguiadepamplona.com\/actualidad\/#website"},"primaryImageOfPage":{"@id":"https:\/\/www.laguiadepamplona.com\/actualidad\/la-bandera-de-naciones-unidas-ondeara-todo-el-dia-en-la-fachada-de-la-casa-consistorial-en-el-78o-aniversario-de-la-creacion-de-esta-organizacion-internacional\/#primaryimage"},"image":{"@id":"https:\/\/www.laguiadepamplona.com\/actualidad\/la-bandera-de-naciones-unidas-ondeara-todo-el-dia-en-la-fachada-de-la-casa-consistorial-en-el-78o-aniversario-de-la-creacion-de-esta-organizacion-internacional\/#primaryimage"},"thumbnailUrl":"https:\/\/www.laguiadepamplona.com\/actualidad\/wp-content\/uploads\/2023\/10\/20231024banderaonuq5a4361_0.webp","datePublished":"2023-10-24T10:51:55+00:00","description":"El Ayuntamiento celebra el nacimiento de una entidad que encarna la vocaci\u00f3n por mantener la paz y la seguridad internacionales mediante la cooperaci\u00f3n","breadcrumb":{"@id":"https:\/\/www.laguiadepamplona.com\/actualidad\/la-bandera-de-naciones-unidas-ondeara-todo-el-dia-en-la-fachada-de-la-casa-consistorial-en-el-78o-aniversario-de-la-creacion-de-esta-organizacion-internacional\/#breadcrumb"},"inLanguage":"es","potentialAction":[{"@type":"ReadAction","target":["https:\/\/www.laguiadepamplona.com\/actualidad\/la-bandera-de-naciones-unidas-ondeara-todo-el-dia-en-la-fachada-de-la-casa-consistorial-en-el-78o-aniversario-de-la-creacion-de-esta-organizacion-internacional\/"]}]},{"@type":"ImageObject","inLanguage":"es","@id":"https:\/\/www.laguiadepamplona.com\/actualidad\/la-bandera-de-naciones-unidas-ondeara-todo-el-dia-en-la-fachada-de-la-casa-consistorial-en-el-78o-aniversario-de-la-creacion-de-esta-organizacion-internacional\/#primaryimage","url":"https:\/\/www.laguiadepamplona.com\/actualidad\/wp-content\/uploads\/2023\/10\/20231024banderaonuq5a4361_0.webp","contentUrl":"https:\/\/www.laguiadepamplona.com\/actualidad\/wp-content\/uploads\/2023\/10\/20231024banderaonuq5a4361_0.webp","width":1200,"height":800,"caption":"bandera onu"},{"@type":"BreadcrumbList","@id":"https:\/\/www.laguiadepamplona.com\/actualidad\/la-bandera-de-naciones-unidas-ondeara-todo-el-dia-en-la-fachada-de-la-casa-consistorial-en-el-78o-aniversario-de-la-creacion-de-esta-organizacion-internacional\/#breadcrumb","itemListElement":[{"@type":"ListItem","position":1,"name":"Portada","item":"https:\/\/www.laguiadepamplona.com\/actualidad\/"},{"@type":"ListItem","position":2,"name":"La bandera de Naciones Unidas ondear\u00e1 todo el d\u00eda en la fachada de la Casa Consistorial, en el 78\u00ba aniversario de la creaci\u00f3n de esta organizaci\u00f3n internacional"}]},{"@type":"WebSite","@id":"https:\/\/www.laguiadepamplona.com\/actualidad\/#website","url":"https:\/\/www.laguiadepamplona.com\/actualidad\/","name":"La gu\u00eda de Pamplona","description":"Noticias de Pamplona","publisher":{"@id":"https:\/\/www.laguiadepamplona.com\/actualidad\/#organization"},"potentialAction":[{"@type":"SearchAction","target":{"@type":"EntryPoint","urlTemplate":"https:\/\/www.laguiadepamplona.com\/actualidad\/?s={search_term_string}"},"query-input":{"@type":"PropertyValueSpecification","valueRequired":true,"valueName":"search_term_string"}}],"inLanguage":"es"},{"@type":"Organization","@id":"https:\/\/www.laguiadepamplona.com\/actualidad\/#organization","name":"La Gu\u00eda de Pamplona \/ Noticias","url":"https:\/\/www.laguiadepamplona.com\/actualidad\/","logo":{"@type":"ImageObject","inLanguage":"es","@id":"https:\/\/www.laguiadepamplona.com\/actualidad\/#\/schema\/logo\/image\/","url":"https:\/\/www.laguiadepamplona.com\/actualidad\/wp-content\/uploads\/2018\/11\/logo-laguiadepamplona18-web1.png","contentUrl":"https:\/\/www.laguiadepamplona.com\/actualidad\/wp-content\/uploads\/2018\/11\/logo-laguiadepamplona18-web1.png","width":600,"height":196,"caption":"La Gu\u00eda de Pamplona \/ Noticias"},"image":{"@id":"https:\/\/www.laguiadepamplona.com\/actualidad\/#\/schema\/logo\/image\/"},"sameAs":["https:\/\/www.facebook.com\/laguiadepamplonacom-133175176762273\/?ref=hl","https:\/\/x.com\/LaGuiadPamplona","https:\/\/www.instagram.com\/la_guia_de_pamplona\/","https:\/\/www.youtube.com\/user\/laguiadepamplona"]},{"@type":"Person","@id":"https:\/\/www.laguiadepamplona.com\/actualidad\/#\/schema\/person\/efe887376f0213d4657c93adc50b1fdb","name":"La Gu\u00eda de Pamplona","image":{"@type":"ImageObject","inLanguage":"es","@id":"https:\/\/secure.gravatar.com\/avatar\/b6992f131dc8d30ab0dff15446e9d346d9dbd95992de0fef795073f5ea83a81c?s=96&d=mm&r=g","url":"https:\/\/secure.gravatar.com\/avatar\/b6992f131dc8d30ab0dff15446e9d346d9dbd95992de0fef795073f5ea83a81c?s=96&d=mm&r=g","contentUrl":"https:\/\/secure.gravatar.com\/avatar\/b6992f131dc8d30ab0dff15446e9d346d9dbd95992de0fef795073f5ea83a81c?s=96&d=mm&r=g","caption":"La Gu\u00eda de Pamplona"}}]}},"post_mailing_queue_ids":[],"_links":{"self":[{"href":"https:\/\/www.laguiadepamplona.com\/actualidad\/wp-json\/wp\/v2\/posts\/47695","targetHints":{"allow":["GET"]}}],"collection":[{"href":"https:\/\/www.laguiadepamplona.com\/actualidad\/wp-json\/wp\/v2\/posts"}],"about":[{"href":"https:\/\/www.laguiadepamplona.com\/actualidad\/wp-json\/wp\/v2\/types\/post"}],"author":[{"embeddable":true,"href":"https:\/\/www.laguiadepamplona.com\/actualidad\/wp-json\/wp\/v2\/users\/1"}],"replies":[{"embeddable":true,"href":"https:\/\/www.laguiadepamplona.com\/actualidad\/wp-json\/wp\/v2\/comments?post=47695"}],"version-history":[{"count":1,"href":"https:\/\/www.laguiadepamplona.com\/actualidad\/wp-json\/wp\/v2\/posts\/47695\/revisions"}],"predecessor-version":[{"id":47697,"href":"https:\/\/www.laguiadepamplona.com\/actualidad\/wp-json\/wp\/v2\/posts\/47695\/revisions\/47697"}],"wp:featuredmedia":[{"embeddable":true,"href":"https:\/\/www.laguiadepamplona.com\/actualidad\/wp-json\/wp\/v2\/media\/47696"}],"wp:attachment":[{"href":"https:\/\/www.laguiadepamplona.com\/actualidad\/wp-json\/wp\/v2\/media?parent=47695"}],"wp:term":[{"taxonomy":"category","embeddable":true,"href":"https:\/\/www.laguiadepamplona.com\/actualidad\/wp-json\/wp\/v2\/categories?post=47695"},{"taxonomy":"post_tag","embeddable":true,"href":"https:\/\/www.laguiadepamplona.com\/actualidad\/wp-json\/wp\/v2\/tags?post=47695"}],"curies":[{"name":"wp","href":"https:\/\/api.w.org\/{rel}","templated":true}]}}