{"id":47689,"date":"2023-10-23T17:14:15","date_gmt":"2023-10-23T15:14:15","guid":{"rendered":"https:\/\/www.laguiadepamplona.com\/actualidad\/?p=47689"},"modified":"2023-10-23T17:14:15","modified_gmt":"2023-10-23T15:14:15","slug":"mas-de-40-profesionales-de-30-centros-educativos-participan-en-la-jornada-municipal-para-equipos-directivos-y-equipos-de-orientacion-de-infantil-primaria-y-secundaria","status":"publish","type":"post","link":"https:\/\/www.laguiadepamplona.com\/actualidad\/mas-de-40-profesionales-de-30-centros-educativos-participan-en-la-jornada-municipal-para-equipos-directivos-y-equipos-de-orientacion-de-infantil-primaria-y-secundaria\/","title":{"rendered":"M\u00e1s de 40 profesionales de 30 centros educativos participan en la jornada municipal para equipos directivos y equipos de Orientaci\u00f3n de Infantil, Primaria y Secundaria"},"content":{"rendered":"<h3>Los representantes escolares han conocido los servicios municipales que velan por el bienestar, protecci\u00f3n y atenci\u00f3n integral de la infancia<\/h3>\n<p><!--more--><\/p>\n<p>Treinta centros educativos de Pamplona han participado esta ma\u00f1ana en la jornada organizada por el Programa de Infancia y Familia del \u00e1rea de Servicios Sociales del Ayuntamiento de Pamplona. Esta jornada, desarrollada en Civivox Condestable, ha reunido a equipos directivos y equipos de Orientaci\u00f3n de todos los niveles de Infantil, Primaria y Secundaria de Pamplona, con el objetivo de abordar el bienestar y el buen trato a la infancia.<br \/>\n<script async src=\"\/\/pagead2.googlesyndication.com\/pagead\/js\/adsbygoogle.js\"><\/script><br \/>\n<!-- Noticias La Guia de Pamplona --><br \/>\n<ins class=\"adsbygoogle\"\nstyle=\"display:block\"\ndata-ad-client=\"ca-pub-6943679897239327\"\ndata-ad-slot=\"7048180777\"\ndata-ad-format=\"auto\"><\/ins><br \/>\n<script>\n(adsbygoogle = window.adsbygoogle || []).push({});\n<\/script><\/p>\n<p>Con el t\u00edtulo \u2018La mirada social educativa\u2019, el encuentro entre los centros escolares y el programa municipal ha servido para dar a conocer el Sistema de Protecci\u00f3n Infantil en Navarra, y los procedimientos a seguir en casos con indicadores de desprotecci\u00f3n. Adem\u00e1s, se han dado los primeros pasos para conformar una red que permita la atenci\u00f3n integral a las personas menores de edad con indicadores de desprotecci\u00f3n infantil.<\/p>\n<p>La jornada se ha iniciado con la presentaci\u00f3n de la jornada a cargo de la directora de Servicios Sociales, Olivia Elizari, seguida por una explicaci\u00f3n del marco normativo del Sistema de Protecci\u00f3n, realizada por la responsable del Programa de Infancia, Familia y Servicio Municipal de Atenci\u00f3n a las Mujeres (SMAM), Puri Zabalza. A continuaci\u00f3n, la trabajadora social de la unidad de barrio de Rochapea, Miriam Arregui ha presentado el Programa de Infancia y Familia de las Unidades de Barrio; y el t\u00e9cnico de integraci\u00f3n social del equipo de Atenci\u00f3n a la Infancia en Dificultad Social (EAIA) Txus Santamar\u00eda ha explicado las l\u00edneas de actuaci\u00f3n del Equipo de Atenci\u00f3n a la Infancia y Familia del Ayuntamiento de Pamplona.<\/p>\n<p>Los principales contenidos de estos servicios han sido el tema de trabajo y debate con los representantes de los centros educativos, que han podido conocer los recursos municipales a disposici\u00f3n de profesorado y alumnado para garantizar el bienestar de la infancia, sobre todo en los casos de desprotecci\u00f3n. El cierre de la jornada ha estado a cargo del concejal de Servicios Sociales, Deporte y Salud, Ra\u00fal Armend\u00e1riz.<br \/>\n<script async src=\"\/\/pagead2.googlesyndication.com\/pagead\/js\/adsbygoogle.js\"><\/script><br \/>\n<!-- Noticias La Guia de Pamplona --><br \/>\n<ins class=\"adsbygoogle\"\nstyle=\"display:block\"\ndata-ad-client=\"ca-pub-6943679897239327\"\ndata-ad-slot=\"7048180777\"\ndata-ad-format=\"auto\"><\/ins><br \/>\n<script>\n(adsbygoogle = window.adsbygoogle || []).push({});\n<\/script><\/p>\n<p>&nbsp;<\/p>\n<h3>Participaci\u00f3n<\/h3>\n<ul>\n<li>Han participado equipos directivos y equipos de Orientaci\u00f3n de los siguientes centros:\n<ul>\n<li>CPEIP San Francisco<\/li>\n<li>Claret Larraona<\/li>\n<li>Santa Catalina Labour\u00e9<\/li>\n<li>Nuestra Se\u00f1ora del Huerto<\/li>\n<li>Jaso Ikastola<\/li>\n<li>IES Navarro Villoslada<\/li>\n<li>CPEIP Cardenal Ilundain<\/li>\n<li>IES Navarro Villoslada \/ CPEIP San Juan de la Cadena<\/li>\n<li>Sant\u00edsimo Sacramento<\/li>\n<li>IESO Iparralde DBHI<\/li>\n<li>CI Carlos III<\/li>\n<li>Liceo Monjard\u00edn<\/li>\n<li>IESO Iparralde &#8211; IESO Berriozar<\/li>\n<li>CPEIP Jose Maria Huarte<\/li>\n<li>Amaiur ikastola<\/li>\n<li>CP Buztintxuri IP<\/li>\n<li>CPEIP San Juan de la Cadena<\/li>\n<li>CEE Andr\u00e9s Mu\u00f1oz Garde<\/li>\n<li>IESO I\u00f1aki Ochoa de Olza<\/li>\n<li>CP San Francisco<\/li>\n<li>Sanduzelai IP<\/li>\n<li>CPEIP Iturrama<\/li>\n<li>Mendigoiti<\/li>\n<li>Santa Teresa \u2013 Teresianas<\/li>\n<li>Dominicas Pamplona<\/li>\n<li>CP El Lago de Mendillorri<\/li>\n<li>IES Basoko<\/li>\n<li>IES Padre Moret \u2013 Irubide<\/li>\n<li>Ikastola Hegoalde<\/li>\n<li>Sagrado Coraz\u00f3n<\/li>\n<\/ul>\n<\/li>\n<\/ul>\n","protected":false},"excerpt":{"rendered":"<p>Los representantes escolares han conocido los servicios municipales que velan por el bienestar, protecci\u00f3n y atenci\u00f3n integral de la infancia<\/p>\n","protected":false},"author":1,"featured_media":47690,"comment_status":"open","ping_status":"closed","sticky":false,"template":"","format":"standard","meta":{"footnotes":""},"categories":[2],"tags":[],"class_list":["post-47689","post","type-post","status-publish","format-standard","has-post-thumbnail","hentry","category-ayuntamiento-pamplona"],"yoast_head":"<!-- This site is optimized with the Yoast SEO plugin v27.3 - https:\/\/yoast.com\/product\/yoast-seo-wordpress\/ -->\n<title>M\u00e1s de 40 profesionales de 30 centros educativos participan en la jornada municipal para equipos directivos y equipos de Orientaci\u00f3n de Infantil, Primaria y Secundaria<\/title>\n<meta name=\"description\" content=\"Los representantes escolares han conocido los servicios municipales que velan por el bienestar, protecci\u00f3n y atenci\u00f3n integral de la infancia\" \/>\n<meta name=\"robots\" content=\"index, follow, max-snippet:-1, max-image-preview:large, max-video-preview:-1\" \/>\n<link rel=\"canonical\" href=\"https:\/\/www.laguiadepamplona.com\/actualidad\/mas-de-40-profesionales-de-30-centros-educativos-participan-en-la-jornada-municipal-para-equipos-directivos-y-equipos-de-orientacion-de-infantil-primaria-y-secundaria\/\" \/>\n<meta property=\"og:locale\" content=\"es_ES\" \/>\n<meta property=\"og:type\" content=\"article\" \/>\n<meta property=\"og:title\" content=\"M\u00e1s de 40 profesionales de 30 centros educativos participan en la jornada municipal para equipos directivos y equipos de Orientaci\u00f3n de Infantil, Primaria y Secundaria\" \/>\n<meta property=\"og:description\" content=\"Los representantes escolares han conocido los servicios municipales que velan por el bienestar, protecci\u00f3n y atenci\u00f3n integral de la infancia\" \/>\n<meta property=\"og:url\" content=\"https:\/\/www.laguiadepamplona.com\/actualidad\/mas-de-40-profesionales-de-30-centros-educativos-participan-en-la-jornada-municipal-para-equipos-directivos-y-equipos-de-orientacion-de-infantil-primaria-y-secundaria\/\" \/>\n<meta property=\"og:site_name\" content=\"La Gu\u00eda de Pamplona\" \/>\n<meta property=\"article:publisher\" content=\"https:\/\/www.facebook.com\/laguiadepamplonacom-133175176762273\/?ref=hl\" \/>\n<meta property=\"article:published_time\" content=\"2023-10-23T15:14:15+00:00\" \/>\n<meta property=\"og:image\" content=\"https:\/\/www.laguiadepamplona.com\/actualidad\/wp-content\/uploads\/2023\/10\/20231023miradasocialeducativaq5a3930.webp\" \/>\n\t<meta property=\"og:image:width\" content=\"1200\" \/>\n\t<meta property=\"og:image:height\" content=\"800\" \/>\n\t<meta property=\"og:image:type\" content=\"image\/webp\" \/>\n<meta name=\"author\" content=\"La Gu\u00eda de Pamplona\" \/>\n<meta name=\"twitter:card\" content=\"summary_large_image\" \/>\n<meta name=\"twitter:creator\" content=\"@LaGuiadPamplona\" \/>\n<meta name=\"twitter:site\" content=\"@LaGuiadPamplona\" \/>\n<meta name=\"twitter:label1\" content=\"Escrito por\" \/>\n\t<meta name=\"twitter:data1\" content=\"La Gu\u00eda de Pamplona\" \/>\n\t<meta name=\"twitter:label2\" content=\"Tiempo de lectura\" \/>\n\t<meta name=\"twitter:data2\" content=\"3 minutos\" \/>\n<script type=\"application\/ld+json\" class=\"yoast-schema-graph\">{\"@context\":\"https:\\\/\\\/schema.org\",\"@graph\":[{\"@type\":\"Article\",\"@id\":\"https:\\\/\\\/www.laguiadepamplona.com\\\/actualidad\\\/mas-de-40-profesionales-de-30-centros-educativos-participan-en-la-jornada-municipal-para-equipos-directivos-y-equipos-de-orientacion-de-infantil-primaria-y-secundaria\\\/#article\",\"isPartOf\":{\"@id\":\"https:\\\/\\\/www.laguiadepamplona.com\\\/actualidad\\\/mas-de-40-profesionales-de-30-centros-educativos-participan-en-la-jornada-municipal-para-equipos-directivos-y-equipos-de-orientacion-de-infantil-primaria-y-secundaria\\\/\"},\"author\":{\"name\":\"La Gu\u00eda de Pamplona\",\"@id\":\"https:\\\/\\\/www.laguiadepamplona.com\\\/actualidad\\\/#\\\/schema\\\/person\\\/efe887376f0213d4657c93adc50b1fdb\"},\"headline\":\"M\u00e1s de 40 profesionales de 30 centros educativos participan en la jornada municipal para equipos directivos y equipos de Orientaci\u00f3n de Infantil, Primaria y Secundaria\",\"datePublished\":\"2023-10-23T15:14:15+00:00\",\"mainEntityOfPage\":{\"@id\":\"https:\\\/\\\/www.laguiadepamplona.com\\\/actualidad\\\/mas-de-40-profesionales-de-30-centros-educativos-participan-en-la-jornada-municipal-para-equipos-directivos-y-equipos-de-orientacion-de-infantil-primaria-y-secundaria\\\/\"},\"wordCount\":511,\"commentCount\":0,\"publisher\":{\"@id\":\"https:\\\/\\\/www.laguiadepamplona.com\\\/actualidad\\\/#organization\"},\"image\":{\"@id\":\"https:\\\/\\\/www.laguiadepamplona.com\\\/actualidad\\\/mas-de-40-profesionales-de-30-centros-educativos-participan-en-la-jornada-municipal-para-equipos-directivos-y-equipos-de-orientacion-de-infantil-primaria-y-secundaria\\\/#primaryimage\"},\"thumbnailUrl\":\"https:\\\/\\\/www.laguiadepamplona.com\\\/actualidad\\\/wp-content\\\/uploads\\\/2023\\\/10\\\/20231023miradasocialeducativaq5a3930.webp\",\"articleSection\":[\"Ayto Pamplona\"],\"inLanguage\":\"es\",\"potentialAction\":[{\"@type\":\"CommentAction\",\"name\":\"Comment\",\"target\":[\"https:\\\/\\\/www.laguiadepamplona.com\\\/actualidad\\\/mas-de-40-profesionales-de-30-centros-educativos-participan-en-la-jornada-municipal-para-equipos-directivos-y-equipos-de-orientacion-de-infantil-primaria-y-secundaria\\\/#respond\"]}]},{\"@type\":\"WebPage\",\"@id\":\"https:\\\/\\\/www.laguiadepamplona.com\\\/actualidad\\\/mas-de-40-profesionales-de-30-centros-educativos-participan-en-la-jornada-municipal-para-equipos-directivos-y-equipos-de-orientacion-de-infantil-primaria-y-secundaria\\\/\",\"url\":\"https:\\\/\\\/www.laguiadepamplona.com\\\/actualidad\\\/mas-de-40-profesionales-de-30-centros-educativos-participan-en-la-jornada-municipal-para-equipos-directivos-y-equipos-de-orientacion-de-infantil-primaria-y-secundaria\\\/\",\"name\":\"M\u00e1s de 40 profesionales de 30 centros educativos participan en la jornada municipal para equipos directivos y equipos de Orientaci\u00f3n de Infantil, Primaria y Secundaria\",\"isPartOf\":{\"@id\":\"https:\\\/\\\/www.laguiadepamplona.com\\\/actualidad\\\/#website\"},\"primaryImageOfPage\":{\"@id\":\"https:\\\/\\\/www.laguiadepamplona.com\\\/actualidad\\\/mas-de-40-profesionales-de-30-centros-educativos-participan-en-la-jornada-municipal-para-equipos-directivos-y-equipos-de-orientacion-de-infantil-primaria-y-secundaria\\\/#primaryimage\"},\"image\":{\"@id\":\"https:\\\/\\\/www.laguiadepamplona.com\\\/actualidad\\\/mas-de-40-profesionales-de-30-centros-educativos-participan-en-la-jornada-municipal-para-equipos-directivos-y-equipos-de-orientacion-de-infantil-primaria-y-secundaria\\\/#primaryimage\"},\"thumbnailUrl\":\"https:\\\/\\\/www.laguiadepamplona.com\\\/actualidad\\\/wp-content\\\/uploads\\\/2023\\\/10\\\/20231023miradasocialeducativaq5a3930.webp\",\"datePublished\":\"2023-10-23T15:14:15+00:00\",\"description\":\"Los representantes escolares han conocido los servicios municipales que velan por el bienestar, protecci\u00f3n y atenci\u00f3n integral de la infancia\",\"breadcrumb\":{\"@id\":\"https:\\\/\\\/www.laguiadepamplona.com\\\/actualidad\\\/mas-de-40-profesionales-de-30-centros-educativos-participan-en-la-jornada-municipal-para-equipos-directivos-y-equipos-de-orientacion-de-infantil-primaria-y-secundaria\\\/#breadcrumb\"},\"inLanguage\":\"es\",\"potentialAction\":[{\"@type\":\"ReadAction\",\"target\":[\"https:\\\/\\\/www.laguiadepamplona.com\\\/actualidad\\\/mas-de-40-profesionales-de-30-centros-educativos-participan-en-la-jornada-municipal-para-equipos-directivos-y-equipos-de-orientacion-de-infantil-primaria-y-secundaria\\\/\"]}]},{\"@type\":\"ImageObject\",\"inLanguage\":\"es\",\"@id\":\"https:\\\/\\\/www.laguiadepamplona.com\\\/actualidad\\\/mas-de-40-profesionales-de-30-centros-educativos-participan-en-la-jornada-municipal-para-equipos-directivos-y-equipos-de-orientacion-de-infantil-primaria-y-secundaria\\\/#primaryimage\",\"url\":\"https:\\\/\\\/www.laguiadepamplona.com\\\/actualidad\\\/wp-content\\\/uploads\\\/2023\\\/10\\\/20231023miradasocialeducativaq5a3930.webp\",\"contentUrl\":\"https:\\\/\\\/www.laguiadepamplona.com\\\/actualidad\\\/wp-content\\\/uploads\\\/2023\\\/10\\\/20231023miradasocialeducativaq5a3930.webp\",\"width\":1200,\"height\":800,\"caption\":\"orientaci\u00f3n infantil\"},{\"@type\":\"BreadcrumbList\",\"@id\":\"https:\\\/\\\/www.laguiadepamplona.com\\\/actualidad\\\/mas-de-40-profesionales-de-30-centros-educativos-participan-en-la-jornada-municipal-para-equipos-directivos-y-equipos-de-orientacion-de-infantil-primaria-y-secundaria\\\/#breadcrumb\",\"itemListElement\":[{\"@type\":\"ListItem\",\"position\":1,\"name\":\"Portada\",\"item\":\"https:\\\/\\\/www.laguiadepamplona.com\\\/actualidad\\\/\"},{\"@type\":\"ListItem\",\"position\":2,\"name\":\"M\u00e1s de 40 profesionales de 30 centros educativos participan en la jornada municipal para equipos directivos y equipos de Orientaci\u00f3n de Infantil, Primaria y Secundaria\"}]},{\"@type\":\"WebSite\",\"@id\":\"https:\\\/\\\/www.laguiadepamplona.com\\\/actualidad\\\/#website\",\"url\":\"https:\\\/\\\/www.laguiadepamplona.com\\\/actualidad\\\/\",\"name\":\"La gu\u00eda de Pamplona\",\"description\":\"Noticias de Pamplona\",\"publisher\":{\"@id\":\"https:\\\/\\\/www.laguiadepamplona.com\\\/actualidad\\\/#organization\"},\"potentialAction\":[{\"@type\":\"SearchAction\",\"target\":{\"@type\":\"EntryPoint\",\"urlTemplate\":\"https:\\\/\\\/www.laguiadepamplona.com\\\/actualidad\\\/?s={search_term_string}\"},\"query-input\":{\"@type\":\"PropertyValueSpecification\",\"valueRequired\":true,\"valueName\":\"search_term_string\"}}],\"inLanguage\":\"es\"},{\"@type\":\"Organization\",\"@id\":\"https:\\\/\\\/www.laguiadepamplona.com\\\/actualidad\\\/#organization\",\"name\":\"La Gu\u00eda de Pamplona \\\/ Noticias\",\"url\":\"https:\\\/\\\/www.laguiadepamplona.com\\\/actualidad\\\/\",\"logo\":{\"@type\":\"ImageObject\",\"inLanguage\":\"es\",\"@id\":\"https:\\\/\\\/www.laguiadepamplona.com\\\/actualidad\\\/#\\\/schema\\\/logo\\\/image\\\/\",\"url\":\"https:\\\/\\\/www.laguiadepamplona.com\\\/actualidad\\\/wp-content\\\/uploads\\\/2018\\\/11\\\/logo-laguiadepamplona18-web1.png\",\"contentUrl\":\"https:\\\/\\\/www.laguiadepamplona.com\\\/actualidad\\\/wp-content\\\/uploads\\\/2018\\\/11\\\/logo-laguiadepamplona18-web1.png\",\"width\":600,\"height\":196,\"caption\":\"La Gu\u00eda de Pamplona \\\/ Noticias\"},\"image\":{\"@id\":\"https:\\\/\\\/www.laguiadepamplona.com\\\/actualidad\\\/#\\\/schema\\\/logo\\\/image\\\/\"},\"sameAs\":[\"https:\\\/\\\/www.facebook.com\\\/laguiadepamplonacom-133175176762273\\\/?ref=hl\",\"https:\\\/\\\/x.com\\\/LaGuiadPamplona\",\"https:\\\/\\\/www.instagram.com\\\/la_guia_de_pamplona\\\/\",\"https:\\\/\\\/www.youtube.com\\\/user\\\/laguiadepamplona\"]},{\"@type\":\"Person\",\"@id\":\"https:\\\/\\\/www.laguiadepamplona.com\\\/actualidad\\\/#\\\/schema\\\/person\\\/efe887376f0213d4657c93adc50b1fdb\",\"name\":\"La Gu\u00eda de Pamplona\",\"image\":{\"@type\":\"ImageObject\",\"inLanguage\":\"es\",\"@id\":\"https:\\\/\\\/secure.gravatar.com\\\/avatar\\\/b6992f131dc8d30ab0dff15446e9d346d9dbd95992de0fef795073f5ea83a81c?s=96&d=mm&r=g\",\"url\":\"https:\\\/\\\/secure.gravatar.com\\\/avatar\\\/b6992f131dc8d30ab0dff15446e9d346d9dbd95992de0fef795073f5ea83a81c?s=96&d=mm&r=g\",\"contentUrl\":\"https:\\\/\\\/secure.gravatar.com\\\/avatar\\\/b6992f131dc8d30ab0dff15446e9d346d9dbd95992de0fef795073f5ea83a81c?s=96&d=mm&r=g\",\"caption\":\"La Gu\u00eda de Pamplona\"}}]}<\/script>\n<!-- \/ Yoast SEO plugin. -->","yoast_head_json":{"title":"M\u00e1s de 40 profesionales de 30 centros educativos participan en la jornada municipal para equipos directivos y equipos de Orientaci\u00f3n de Infantil, Primaria y Secundaria","description":"Los representantes escolares han conocido los servicios municipales que velan por el bienestar, protecci\u00f3n y atenci\u00f3n integral de la infancia","robots":{"index":"index","follow":"follow","max-snippet":"max-snippet:-1","max-image-preview":"max-image-preview:large","max-video-preview":"max-video-preview:-1"},"canonical":"https:\/\/www.laguiadepamplona.com\/actualidad\/mas-de-40-profesionales-de-30-centros-educativos-participan-en-la-jornada-municipal-para-equipos-directivos-y-equipos-de-orientacion-de-infantil-primaria-y-secundaria\/","og_locale":"es_ES","og_type":"article","og_title":"M\u00e1s de 40 profesionales de 30 centros educativos participan en la jornada municipal para equipos directivos y equipos de Orientaci\u00f3n de Infantil, Primaria y Secundaria","og_description":"Los representantes escolares han conocido los servicios municipales que velan por el bienestar, protecci\u00f3n y atenci\u00f3n integral de la infancia","og_url":"https:\/\/www.laguiadepamplona.com\/actualidad\/mas-de-40-profesionales-de-30-centros-educativos-participan-en-la-jornada-municipal-para-equipos-directivos-y-equipos-de-orientacion-de-infantil-primaria-y-secundaria\/","og_site_name":"La Gu\u00eda de Pamplona","article_publisher":"https:\/\/www.facebook.com\/laguiadepamplonacom-133175176762273\/?ref=hl","article_published_time":"2023-10-23T15:14:15+00:00","og_image":[{"width":1200,"height":800,"url":"https:\/\/www.laguiadepamplona.com\/actualidad\/wp-content\/uploads\/2023\/10\/20231023miradasocialeducativaq5a3930.webp","type":"image\/webp"}],"author":"La Gu\u00eda de Pamplona","twitter_card":"summary_large_image","twitter_creator":"@LaGuiadPamplona","twitter_site":"@LaGuiadPamplona","twitter_misc":{"Escrito por":"La Gu\u00eda de Pamplona","Tiempo de lectura":"3 minutos"},"schema":{"@context":"https:\/\/schema.org","@graph":[{"@type":"Article","@id":"https:\/\/www.laguiadepamplona.com\/actualidad\/mas-de-40-profesionales-de-30-centros-educativos-participan-en-la-jornada-municipal-para-equipos-directivos-y-equipos-de-orientacion-de-infantil-primaria-y-secundaria\/#article","isPartOf":{"@id":"https:\/\/www.laguiadepamplona.com\/actualidad\/mas-de-40-profesionales-de-30-centros-educativos-participan-en-la-jornada-municipal-para-equipos-directivos-y-equipos-de-orientacion-de-infantil-primaria-y-secundaria\/"},"author":{"name":"La Gu\u00eda de Pamplona","@id":"https:\/\/www.laguiadepamplona.com\/actualidad\/#\/schema\/person\/efe887376f0213d4657c93adc50b1fdb"},"headline":"M\u00e1s de 40 profesionales de 30 centros educativos participan en la jornada municipal para equipos directivos y equipos de Orientaci\u00f3n de Infantil, Primaria y Secundaria","datePublished":"2023-10-23T15:14:15+00:00","mainEntityOfPage":{"@id":"https:\/\/www.laguiadepamplona.com\/actualidad\/mas-de-40-profesionales-de-30-centros-educativos-participan-en-la-jornada-municipal-para-equipos-directivos-y-equipos-de-orientacion-de-infantil-primaria-y-secundaria\/"},"wordCount":511,"commentCount":0,"publisher":{"@id":"https:\/\/www.laguiadepamplona.com\/actualidad\/#organization"},"image":{"@id":"https:\/\/www.laguiadepamplona.com\/actualidad\/mas-de-40-profesionales-de-30-centros-educativos-participan-en-la-jornada-municipal-para-equipos-directivos-y-equipos-de-orientacion-de-infantil-primaria-y-secundaria\/#primaryimage"},"thumbnailUrl":"https:\/\/www.laguiadepamplona.com\/actualidad\/wp-content\/uploads\/2023\/10\/20231023miradasocialeducativaq5a3930.webp","articleSection":["Ayto Pamplona"],"inLanguage":"es","potentialAction":[{"@type":"CommentAction","name":"Comment","target":["https:\/\/www.laguiadepamplona.com\/actualidad\/mas-de-40-profesionales-de-30-centros-educativos-participan-en-la-jornada-municipal-para-equipos-directivos-y-equipos-de-orientacion-de-infantil-primaria-y-secundaria\/#respond"]}]},{"@type":"WebPage","@id":"https:\/\/www.laguiadepamplona.com\/actualidad\/mas-de-40-profesionales-de-30-centros-educativos-participan-en-la-jornada-municipal-para-equipos-directivos-y-equipos-de-orientacion-de-infantil-primaria-y-secundaria\/","url":"https:\/\/www.laguiadepamplona.com\/actualidad\/mas-de-40-profesionales-de-30-centros-educativos-participan-en-la-jornada-municipal-para-equipos-directivos-y-equipos-de-orientacion-de-infantil-primaria-y-secundaria\/","name":"M\u00e1s de 40 profesionales de 30 centros educativos participan en la jornada municipal para equipos directivos y equipos de Orientaci\u00f3n de Infantil, Primaria y Secundaria","isPartOf":{"@id":"https:\/\/www.laguiadepamplona.com\/actualidad\/#website"},"primaryImageOfPage":{"@id":"https:\/\/www.laguiadepamplona.com\/actualidad\/mas-de-40-profesionales-de-30-centros-educativos-participan-en-la-jornada-municipal-para-equipos-directivos-y-equipos-de-orientacion-de-infantil-primaria-y-secundaria\/#primaryimage"},"image":{"@id":"https:\/\/www.laguiadepamplona.com\/actualidad\/mas-de-40-profesionales-de-30-centros-educativos-participan-en-la-jornada-municipal-para-equipos-directivos-y-equipos-de-orientacion-de-infantil-primaria-y-secundaria\/#primaryimage"},"thumbnailUrl":"https:\/\/www.laguiadepamplona.com\/actualidad\/wp-content\/uploads\/2023\/10\/20231023miradasocialeducativaq5a3930.webp","datePublished":"2023-10-23T15:14:15+00:00","description":"Los representantes escolares han conocido los servicios municipales que velan por el bienestar, protecci\u00f3n y atenci\u00f3n integral de la infancia","breadcrumb":{"@id":"https:\/\/www.laguiadepamplona.com\/actualidad\/mas-de-40-profesionales-de-30-centros-educativos-participan-en-la-jornada-municipal-para-equipos-directivos-y-equipos-de-orientacion-de-infantil-primaria-y-secundaria\/#breadcrumb"},"inLanguage":"es","potentialAction":[{"@type":"ReadAction","target":["https:\/\/www.laguiadepamplona.com\/actualidad\/mas-de-40-profesionales-de-30-centros-educativos-participan-en-la-jornada-municipal-para-equipos-directivos-y-equipos-de-orientacion-de-infantil-primaria-y-secundaria\/"]}]},{"@type":"ImageObject","inLanguage":"es","@id":"https:\/\/www.laguiadepamplona.com\/actualidad\/mas-de-40-profesionales-de-30-centros-educativos-participan-en-la-jornada-municipal-para-equipos-directivos-y-equipos-de-orientacion-de-infantil-primaria-y-secundaria\/#primaryimage","url":"https:\/\/www.laguiadepamplona.com\/actualidad\/wp-content\/uploads\/2023\/10\/20231023miradasocialeducativaq5a3930.webp","contentUrl":"https:\/\/www.laguiadepamplona.com\/actualidad\/wp-content\/uploads\/2023\/10\/20231023miradasocialeducativaq5a3930.webp","width":1200,"height":800,"caption":"orientaci\u00f3n infantil"},{"@type":"BreadcrumbList","@id":"https:\/\/www.laguiadepamplona.com\/actualidad\/mas-de-40-profesionales-de-30-centros-educativos-participan-en-la-jornada-municipal-para-equipos-directivos-y-equipos-de-orientacion-de-infantil-primaria-y-secundaria\/#breadcrumb","itemListElement":[{"@type":"ListItem","position":1,"name":"Portada","item":"https:\/\/www.laguiadepamplona.com\/actualidad\/"},{"@type":"ListItem","position":2,"name":"M\u00e1s de 40 profesionales de 30 centros educativos participan en la jornada municipal para equipos directivos y equipos de Orientaci\u00f3n de Infantil, Primaria y Secundaria"}]},{"@type":"WebSite","@id":"https:\/\/www.laguiadepamplona.com\/actualidad\/#website","url":"https:\/\/www.laguiadepamplona.com\/actualidad\/","name":"La gu\u00eda de Pamplona","description":"Noticias de Pamplona","publisher":{"@id":"https:\/\/www.laguiadepamplona.com\/actualidad\/#organization"},"potentialAction":[{"@type":"SearchAction","target":{"@type":"EntryPoint","urlTemplate":"https:\/\/www.laguiadepamplona.com\/actualidad\/?s={search_term_string}"},"query-input":{"@type":"PropertyValueSpecification","valueRequired":true,"valueName":"search_term_string"}}],"inLanguage":"es"},{"@type":"Organization","@id":"https:\/\/www.laguiadepamplona.com\/actualidad\/#organization","name":"La Gu\u00eda de Pamplona \/ Noticias","url":"https:\/\/www.laguiadepamplona.com\/actualidad\/","logo":{"@type":"ImageObject","inLanguage":"es","@id":"https:\/\/www.laguiadepamplona.com\/actualidad\/#\/schema\/logo\/image\/","url":"https:\/\/www.laguiadepamplona.com\/actualidad\/wp-content\/uploads\/2018\/11\/logo-laguiadepamplona18-web1.png","contentUrl":"https:\/\/www.laguiadepamplona.com\/actualidad\/wp-content\/uploads\/2018\/11\/logo-laguiadepamplona18-web1.png","width":600,"height":196,"caption":"La Gu\u00eda de Pamplona \/ Noticias"},"image":{"@id":"https:\/\/www.laguiadepamplona.com\/actualidad\/#\/schema\/logo\/image\/"},"sameAs":["https:\/\/www.facebook.com\/laguiadepamplonacom-133175176762273\/?ref=hl","https:\/\/x.com\/LaGuiadPamplona","https:\/\/www.instagram.com\/la_guia_de_pamplona\/","https:\/\/www.youtube.com\/user\/laguiadepamplona"]},{"@type":"Person","@id":"https:\/\/www.laguiadepamplona.com\/actualidad\/#\/schema\/person\/efe887376f0213d4657c93adc50b1fdb","name":"La Gu\u00eda de Pamplona","image":{"@type":"ImageObject","inLanguage":"es","@id":"https:\/\/secure.gravatar.com\/avatar\/b6992f131dc8d30ab0dff15446e9d346d9dbd95992de0fef795073f5ea83a81c?s=96&d=mm&r=g","url":"https:\/\/secure.gravatar.com\/avatar\/b6992f131dc8d30ab0dff15446e9d346d9dbd95992de0fef795073f5ea83a81c?s=96&d=mm&r=g","contentUrl":"https:\/\/secure.gravatar.com\/avatar\/b6992f131dc8d30ab0dff15446e9d346d9dbd95992de0fef795073f5ea83a81c?s=96&d=mm&r=g","caption":"La Gu\u00eda de Pamplona"}}]}},"post_mailing_queue_ids":[],"_links":{"self":[{"href":"https:\/\/www.laguiadepamplona.com\/actualidad\/wp-json\/wp\/v2\/posts\/47689","targetHints":{"allow":["GET"]}}],"collection":[{"href":"https:\/\/www.laguiadepamplona.com\/actualidad\/wp-json\/wp\/v2\/posts"}],"about":[{"href":"https:\/\/www.laguiadepamplona.com\/actualidad\/wp-json\/wp\/v2\/types\/post"}],"author":[{"embeddable":true,"href":"https:\/\/www.laguiadepamplona.com\/actualidad\/wp-json\/wp\/v2\/users\/1"}],"replies":[{"embeddable":true,"href":"https:\/\/www.laguiadepamplona.com\/actualidad\/wp-json\/wp\/v2\/comments?post=47689"}],"version-history":[{"count":1,"href":"https:\/\/www.laguiadepamplona.com\/actualidad\/wp-json\/wp\/v2\/posts\/47689\/revisions"}],"predecessor-version":[{"id":47691,"href":"https:\/\/www.laguiadepamplona.com\/actualidad\/wp-json\/wp\/v2\/posts\/47689\/revisions\/47691"}],"wp:featuredmedia":[{"embeddable":true,"href":"https:\/\/www.laguiadepamplona.com\/actualidad\/wp-json\/wp\/v2\/media\/47690"}],"wp:attachment":[{"href":"https:\/\/www.laguiadepamplona.com\/actualidad\/wp-json\/wp\/v2\/media?parent=47689"}],"wp:term":[{"taxonomy":"category","embeddable":true,"href":"https:\/\/www.laguiadepamplona.com\/actualidad\/wp-json\/wp\/v2\/categories?post=47689"},{"taxonomy":"post_tag","embeddable":true,"href":"https:\/\/www.laguiadepamplona.com\/actualidad\/wp-json\/wp\/v2\/tags?post=47689"}],"curies":[{"name":"wp","href":"https:\/\/api.w.org\/{rel}","templated":true}]}}