{"id":47686,"date":"2023-10-23T17:08:19","date_gmt":"2023-10-23T15:08:19","guid":{"rendered":"https:\/\/www.laguiadepamplona.com\/actualidad\/?p=47686"},"modified":"2023-10-23T17:08:19","modified_gmt":"2023-10-23T15:08:19","slug":"la-alcaldesa-de-pamplona-cristina-ibarrola-recibe-al-presidente-de-la-asociacion-de-belenistas-de-navarra-pedro-javier-martinez","status":"publish","type":"post","link":"https:\/\/www.laguiadepamplona.com\/actualidad\/la-alcaldesa-de-pamplona-cristina-ibarrola-recibe-al-presidente-de-la-asociacion-de-belenistas-de-navarra-pedro-javier-martinez\/","title":{"rendered":"La alcaldesa de Pamplona, Cristina Ibarrola, recibe al presidente de la Asociaci\u00f3n de Belenistas de Navarra, Pedro Javier Mart\u00ednez"},"content":{"rendered":"<h3>La asociaci\u00f3n impulsa la celebraci\u00f3n del LXII Congreso Nacional Belenista, que se celebrar\u00e1 en Pamplona entre noviembre y diciembre de 2024<\/h3>\n<p><!--more--><\/p>\n<p>La alcaldesa de Pamplona, Cristina Ibarrola, ha recibido en su despacho al presidente de la Asociaci\u00f3n de Belenistas de Navarra, Pedro Javier Mart\u00ednez. Las dos autoridades han departido sobre diversos temas de actualidad y sobre la actividad belenista, que cobra mayor relevancia en las fechas pr\u00f3ximas a la celebraci\u00f3n de la Navidad. En la reuni\u00f3n tambi\u00e9n han participado la concejala de Urbanismo y Vivienda, y Desarrollo Sostenible y Proyectos Estrat\u00e9gicos, Izaskun Zozaya, y la vicepresidenta de la Asociaci\u00f3n de Belenistas de Navarra, Olaia Mart\u00edn.<br \/>\n<script async src=\"\/\/pagead2.googlesyndication.com\/pagead\/js\/adsbygoogle.js\"><\/script><br \/>\n<!-- Noticias La Guia de Pamplona --><br \/>\n<ins class=\"adsbygoogle\"\nstyle=\"display:block\"\ndata-ad-client=\"ca-pub-6943679897239327\"\ndata-ad-slot=\"7048180777\"\ndata-ad-format=\"auto\"><\/ins><br \/>\n<script>\n(adsbygoogle = window.adsbygoogle || []).push({});\n<\/script><\/p>\n<p>Uno de los temas destacados de la reuni\u00f3n ha sido el LXII Congreso Nacional Belenista, que se celebrar\u00e1 el pr\u00f3ximo a\u00f1o en Pamplona, del 28 de noviembre al 1 de diciembre, organizado por la Federaci\u00f3n Espa\u00f1ola de Belenistas. Con esta cita, ser\u00e1n ya seis los congresos organizados en la capital navarra. Adem\u00e1s, este a\u00f1o, como ya es tradicional, la Asociaci\u00f3n de Belenistas de Navarra ofrecer\u00e1 exposiciones de sus belenes en la ciudad, entre ellos, el bel\u00e9n que se instala en el zagu\u00e1n consistorial.<\/p>\n<p>La Asociaci\u00f3n de Belenistas ha celebrado recientemente sus 70 a\u00f1os de vida, centrados en el estudio y difusi\u00f3n del belenismo. En la actualidad, cuenta con m\u00e1s de 650 socios y mantiene el esp\u00edritu de sus fundadores: difundir el belenismo y la costumbre de instalar nacimientos por todos los medios posibles. A trav\u00e9s de diversas formaciones, la calidad de los nacimientos que presentan mejora en cada edici\u00f3n.<br \/>\n<script async src=\"\/\/pagead2.googlesyndication.com\/pagead\/js\/adsbygoogle.js\"><\/script><br \/>\n<!-- Noticias La Guia de Pamplona --><br \/>\n<ins class=\"adsbygoogle\"\nstyle=\"display:block\"\ndata-ad-client=\"ca-pub-6943679897239327\"\ndata-ad-slot=\"7048180777\"\ndata-ad-format=\"auto\"><\/ins><br \/>\n<script>\n(adsbygoogle = window.adsbygoogle || []).push({});\n<\/script><\/p>\n<p>Este mes han participado en unas jornadas belenistas en la ciudad polaca de Torun, con el t\u00edtulo \u2018800 a\u00f1os de tradici\u00f3n del bel\u00e9n: historia, teolog\u00eda, arte\u2019. La asociaci\u00f3n mantiene una relaci\u00f3n con los belenistas polacos desde 2015: varios belenes navarros se han expuesto en la ciudad, que ha celebrado varios cursos formativos con miembros de la asociaci\u00f3n navarra.<\/p>\n","protected":false},"excerpt":{"rendered":"<p>La asociaci\u00f3n impulsa la celebraci\u00f3n del LXII Congreso Nacional Belenista, que se celebrar\u00e1 en Pamplona entre noviembre y diciembre de 2024<\/p>\n","protected":false},"author":1,"featured_media":47687,"comment_status":"open","ping_status":"closed","sticky":false,"template":"","format":"standard","meta":{"footnotes":""},"categories":[2],"tags":[],"class_list":["post-47686","post","type-post","status-publish","format-standard","has-post-thumbnail","hentry","category-ayuntamiento-pamplona"],"yoast_head":"<!-- This site is optimized with the Yoast SEO plugin v27.3 - https:\/\/yoast.com\/product\/yoast-seo-wordpress\/ -->\n<title>La alcaldesa de Pamplona, Cristina Ibarrola, recibe al presidente de la Asociaci\u00f3n de Belenistas de Navarra, Pedro Javier Mart\u00ednez<\/title>\n<meta name=\"description\" content=\"La asociaci\u00f3n impulsa la celebraci\u00f3n del LXII Congreso Nacional Belenista, que se celebrar\u00e1 en Pamplona entre noviembre y diciembre de 2024\" \/>\n<meta name=\"robots\" content=\"index, follow, max-snippet:-1, max-image-preview:large, max-video-preview:-1\" \/>\n<link rel=\"canonical\" href=\"https:\/\/www.laguiadepamplona.com\/actualidad\/la-alcaldesa-de-pamplona-cristina-ibarrola-recibe-al-presidente-de-la-asociacion-de-belenistas-de-navarra-pedro-javier-martinez\/\" \/>\n<meta property=\"og:locale\" content=\"es_ES\" \/>\n<meta property=\"og:type\" content=\"article\" \/>\n<meta property=\"og:title\" content=\"La alcaldesa de Pamplona, Cristina Ibarrola, recibe al presidente de la Asociaci\u00f3n de Belenistas de Navarra, Pedro Javier Mart\u00ednez\" \/>\n<meta property=\"og:description\" content=\"La asociaci\u00f3n impulsa la celebraci\u00f3n del LXII Congreso Nacional Belenista, que se celebrar\u00e1 en Pamplona entre noviembre y diciembre de 2024\" \/>\n<meta property=\"og:url\" content=\"https:\/\/www.laguiadepamplona.com\/actualidad\/la-alcaldesa-de-pamplona-cristina-ibarrola-recibe-al-presidente-de-la-asociacion-de-belenistas-de-navarra-pedro-javier-martinez\/\" \/>\n<meta property=\"og:site_name\" content=\"La Gu\u00eda de Pamplona\" \/>\n<meta property=\"article:publisher\" content=\"https:\/\/www.facebook.com\/laguiadepamplonacom-133175176762273\/?ref=hl\" \/>\n<meta property=\"article:published_time\" content=\"2023-10-23T15:08:19+00:00\" \/>\n<meta property=\"og:image\" content=\"https:\/\/www.laguiadepamplona.com\/actualidad\/wp-content\/uploads\/2023\/10\/20231023reunionbelenistasq5a4023.webp\" \/>\n\t<meta property=\"og:image:width\" content=\"1200\" \/>\n\t<meta property=\"og:image:height\" content=\"800\" \/>\n\t<meta property=\"og:image:type\" content=\"image\/webp\" \/>\n<meta name=\"author\" content=\"La Gu\u00eda de Pamplona\" \/>\n<meta name=\"twitter:card\" content=\"summary_large_image\" \/>\n<meta name=\"twitter:creator\" content=\"@LaGuiadPamplona\" \/>\n<meta name=\"twitter:site\" content=\"@LaGuiadPamplona\" \/>\n<meta name=\"twitter:label1\" content=\"Escrito por\" \/>\n\t<meta name=\"twitter:data1\" content=\"La Gu\u00eda de Pamplona\" \/>\n\t<meta name=\"twitter:label2\" content=\"Tiempo de lectura\" \/>\n\t<meta name=\"twitter:data2\" content=\"2 minutos\" \/>\n<script type=\"application\/ld+json\" class=\"yoast-schema-graph\">{\"@context\":\"https:\\\/\\\/schema.org\",\"@graph\":[{\"@type\":\"Article\",\"@id\":\"https:\\\/\\\/www.laguiadepamplona.com\\\/actualidad\\\/la-alcaldesa-de-pamplona-cristina-ibarrola-recibe-al-presidente-de-la-asociacion-de-belenistas-de-navarra-pedro-javier-martinez\\\/#article\",\"isPartOf\":{\"@id\":\"https:\\\/\\\/www.laguiadepamplona.com\\\/actualidad\\\/la-alcaldesa-de-pamplona-cristina-ibarrola-recibe-al-presidente-de-la-asociacion-de-belenistas-de-navarra-pedro-javier-martinez\\\/\"},\"author\":{\"name\":\"La Gu\u00eda de Pamplona\",\"@id\":\"https:\\\/\\\/www.laguiadepamplona.com\\\/actualidad\\\/#\\\/schema\\\/person\\\/efe887376f0213d4657c93adc50b1fdb\"},\"headline\":\"La alcaldesa de Pamplona, Cristina Ibarrola, recibe al presidente de la Asociaci\u00f3n de Belenistas de Navarra, Pedro Javier Mart\u00ednez\",\"datePublished\":\"2023-10-23T15:08:19+00:00\",\"mainEntityOfPage\":{\"@id\":\"https:\\\/\\\/www.laguiadepamplona.com\\\/actualidad\\\/la-alcaldesa-de-pamplona-cristina-ibarrola-recibe-al-presidente-de-la-asociacion-de-belenistas-de-navarra-pedro-javier-martinez\\\/\"},\"wordCount\":363,\"commentCount\":0,\"publisher\":{\"@id\":\"https:\\\/\\\/www.laguiadepamplona.com\\\/actualidad\\\/#organization\"},\"image\":{\"@id\":\"https:\\\/\\\/www.laguiadepamplona.com\\\/actualidad\\\/la-alcaldesa-de-pamplona-cristina-ibarrola-recibe-al-presidente-de-la-asociacion-de-belenistas-de-navarra-pedro-javier-martinez\\\/#primaryimage\"},\"thumbnailUrl\":\"https:\\\/\\\/www.laguiadepamplona.com\\\/actualidad\\\/wp-content\\\/uploads\\\/2023\\\/10\\\/20231023reunionbelenistasq5a4023.webp\",\"articleSection\":[\"Ayto Pamplona\"],\"inLanguage\":\"es\",\"potentialAction\":[{\"@type\":\"CommentAction\",\"name\":\"Comment\",\"target\":[\"https:\\\/\\\/www.laguiadepamplona.com\\\/actualidad\\\/la-alcaldesa-de-pamplona-cristina-ibarrola-recibe-al-presidente-de-la-asociacion-de-belenistas-de-navarra-pedro-javier-martinez\\\/#respond\"]}]},{\"@type\":\"WebPage\",\"@id\":\"https:\\\/\\\/www.laguiadepamplona.com\\\/actualidad\\\/la-alcaldesa-de-pamplona-cristina-ibarrola-recibe-al-presidente-de-la-asociacion-de-belenistas-de-navarra-pedro-javier-martinez\\\/\",\"url\":\"https:\\\/\\\/www.laguiadepamplona.com\\\/actualidad\\\/la-alcaldesa-de-pamplona-cristina-ibarrola-recibe-al-presidente-de-la-asociacion-de-belenistas-de-navarra-pedro-javier-martinez\\\/\",\"name\":\"La alcaldesa de Pamplona, Cristina Ibarrola, recibe al presidente de la Asociaci\u00f3n de Belenistas de Navarra, Pedro Javier Mart\u00ednez\",\"isPartOf\":{\"@id\":\"https:\\\/\\\/www.laguiadepamplona.com\\\/actualidad\\\/#website\"},\"primaryImageOfPage\":{\"@id\":\"https:\\\/\\\/www.laguiadepamplona.com\\\/actualidad\\\/la-alcaldesa-de-pamplona-cristina-ibarrola-recibe-al-presidente-de-la-asociacion-de-belenistas-de-navarra-pedro-javier-martinez\\\/#primaryimage\"},\"image\":{\"@id\":\"https:\\\/\\\/www.laguiadepamplona.com\\\/actualidad\\\/la-alcaldesa-de-pamplona-cristina-ibarrola-recibe-al-presidente-de-la-asociacion-de-belenistas-de-navarra-pedro-javier-martinez\\\/#primaryimage\"},\"thumbnailUrl\":\"https:\\\/\\\/www.laguiadepamplona.com\\\/actualidad\\\/wp-content\\\/uploads\\\/2023\\\/10\\\/20231023reunionbelenistasq5a4023.webp\",\"datePublished\":\"2023-10-23T15:08:19+00:00\",\"description\":\"La asociaci\u00f3n impulsa la celebraci\u00f3n del LXII Congreso Nacional Belenista, que se celebrar\u00e1 en Pamplona entre noviembre y diciembre de 2024\",\"breadcrumb\":{\"@id\":\"https:\\\/\\\/www.laguiadepamplona.com\\\/actualidad\\\/la-alcaldesa-de-pamplona-cristina-ibarrola-recibe-al-presidente-de-la-asociacion-de-belenistas-de-navarra-pedro-javier-martinez\\\/#breadcrumb\"},\"inLanguage\":\"es\",\"potentialAction\":[{\"@type\":\"ReadAction\",\"target\":[\"https:\\\/\\\/www.laguiadepamplona.com\\\/actualidad\\\/la-alcaldesa-de-pamplona-cristina-ibarrola-recibe-al-presidente-de-la-asociacion-de-belenistas-de-navarra-pedro-javier-martinez\\\/\"]}]},{\"@type\":\"ImageObject\",\"inLanguage\":\"es\",\"@id\":\"https:\\\/\\\/www.laguiadepamplona.com\\\/actualidad\\\/la-alcaldesa-de-pamplona-cristina-ibarrola-recibe-al-presidente-de-la-asociacion-de-belenistas-de-navarra-pedro-javier-martinez\\\/#primaryimage\",\"url\":\"https:\\\/\\\/www.laguiadepamplona.com\\\/actualidad\\\/wp-content\\\/uploads\\\/2023\\\/10\\\/20231023reunionbelenistasq5a4023.webp\",\"contentUrl\":\"https:\\\/\\\/www.laguiadepamplona.com\\\/actualidad\\\/wp-content\\\/uploads\\\/2023\\\/10\\\/20231023reunionbelenistasq5a4023.webp\",\"width\":1200,\"height\":800,\"caption\":\"alcaldesa belenista\"},{\"@type\":\"BreadcrumbList\",\"@id\":\"https:\\\/\\\/www.laguiadepamplona.com\\\/actualidad\\\/la-alcaldesa-de-pamplona-cristina-ibarrola-recibe-al-presidente-de-la-asociacion-de-belenistas-de-navarra-pedro-javier-martinez\\\/#breadcrumb\",\"itemListElement\":[{\"@type\":\"ListItem\",\"position\":1,\"name\":\"Portada\",\"item\":\"https:\\\/\\\/www.laguiadepamplona.com\\\/actualidad\\\/\"},{\"@type\":\"ListItem\",\"position\":2,\"name\":\"La alcaldesa de Pamplona, Cristina Ibarrola, recibe al presidente de la Asociaci\u00f3n de Belenistas de Navarra, Pedro Javier Mart\u00ednez\"}]},{\"@type\":\"WebSite\",\"@id\":\"https:\\\/\\\/www.laguiadepamplona.com\\\/actualidad\\\/#website\",\"url\":\"https:\\\/\\\/www.laguiadepamplona.com\\\/actualidad\\\/\",\"name\":\"La gu\u00eda de Pamplona\",\"description\":\"Noticias de Pamplona\",\"publisher\":{\"@id\":\"https:\\\/\\\/www.laguiadepamplona.com\\\/actualidad\\\/#organization\"},\"potentialAction\":[{\"@type\":\"SearchAction\",\"target\":{\"@type\":\"EntryPoint\",\"urlTemplate\":\"https:\\\/\\\/www.laguiadepamplona.com\\\/actualidad\\\/?s={search_term_string}\"},\"query-input\":{\"@type\":\"PropertyValueSpecification\",\"valueRequired\":true,\"valueName\":\"search_term_string\"}}],\"inLanguage\":\"es\"},{\"@type\":\"Organization\",\"@id\":\"https:\\\/\\\/www.laguiadepamplona.com\\\/actualidad\\\/#organization\",\"name\":\"La Gu\u00eda de Pamplona \\\/ Noticias\",\"url\":\"https:\\\/\\\/www.laguiadepamplona.com\\\/actualidad\\\/\",\"logo\":{\"@type\":\"ImageObject\",\"inLanguage\":\"es\",\"@id\":\"https:\\\/\\\/www.laguiadepamplona.com\\\/actualidad\\\/#\\\/schema\\\/logo\\\/image\\\/\",\"url\":\"https:\\\/\\\/www.laguiadepamplona.com\\\/actualidad\\\/wp-content\\\/uploads\\\/2018\\\/11\\\/logo-laguiadepamplona18-web1.png\",\"contentUrl\":\"https:\\\/\\\/www.laguiadepamplona.com\\\/actualidad\\\/wp-content\\\/uploads\\\/2018\\\/11\\\/logo-laguiadepamplona18-web1.png\",\"width\":600,\"height\":196,\"caption\":\"La Gu\u00eda de Pamplona \\\/ Noticias\"},\"image\":{\"@id\":\"https:\\\/\\\/www.laguiadepamplona.com\\\/actualidad\\\/#\\\/schema\\\/logo\\\/image\\\/\"},\"sameAs\":[\"https:\\\/\\\/www.facebook.com\\\/laguiadepamplonacom-133175176762273\\\/?ref=hl\",\"https:\\\/\\\/x.com\\\/LaGuiadPamplona\",\"https:\\\/\\\/www.instagram.com\\\/la_guia_de_pamplona\\\/\",\"https:\\\/\\\/www.youtube.com\\\/user\\\/laguiadepamplona\"]},{\"@type\":\"Person\",\"@id\":\"https:\\\/\\\/www.laguiadepamplona.com\\\/actualidad\\\/#\\\/schema\\\/person\\\/efe887376f0213d4657c93adc50b1fdb\",\"name\":\"La Gu\u00eda de Pamplona\",\"image\":{\"@type\":\"ImageObject\",\"inLanguage\":\"es\",\"@id\":\"https:\\\/\\\/secure.gravatar.com\\\/avatar\\\/b6992f131dc8d30ab0dff15446e9d346d9dbd95992de0fef795073f5ea83a81c?s=96&d=mm&r=g\",\"url\":\"https:\\\/\\\/secure.gravatar.com\\\/avatar\\\/b6992f131dc8d30ab0dff15446e9d346d9dbd95992de0fef795073f5ea83a81c?s=96&d=mm&r=g\",\"contentUrl\":\"https:\\\/\\\/secure.gravatar.com\\\/avatar\\\/b6992f131dc8d30ab0dff15446e9d346d9dbd95992de0fef795073f5ea83a81c?s=96&d=mm&r=g\",\"caption\":\"La Gu\u00eda de Pamplona\"}}]}<\/script>\n<!-- \/ Yoast SEO plugin. -->","yoast_head_json":{"title":"La alcaldesa de Pamplona, Cristina Ibarrola, recibe al presidente de la Asociaci\u00f3n de Belenistas de Navarra, Pedro Javier Mart\u00ednez","description":"La asociaci\u00f3n impulsa la celebraci\u00f3n del LXII Congreso Nacional Belenista, que se celebrar\u00e1 en Pamplona entre noviembre y diciembre de 2024","robots":{"index":"index","follow":"follow","max-snippet":"max-snippet:-1","max-image-preview":"max-image-preview:large","max-video-preview":"max-video-preview:-1"},"canonical":"https:\/\/www.laguiadepamplona.com\/actualidad\/la-alcaldesa-de-pamplona-cristina-ibarrola-recibe-al-presidente-de-la-asociacion-de-belenistas-de-navarra-pedro-javier-martinez\/","og_locale":"es_ES","og_type":"article","og_title":"La alcaldesa de Pamplona, Cristina Ibarrola, recibe al presidente de la Asociaci\u00f3n de Belenistas de Navarra, Pedro Javier Mart\u00ednez","og_description":"La asociaci\u00f3n impulsa la celebraci\u00f3n del LXII Congreso Nacional Belenista, que se celebrar\u00e1 en Pamplona entre noviembre y diciembre de 2024","og_url":"https:\/\/www.laguiadepamplona.com\/actualidad\/la-alcaldesa-de-pamplona-cristina-ibarrola-recibe-al-presidente-de-la-asociacion-de-belenistas-de-navarra-pedro-javier-martinez\/","og_site_name":"La Gu\u00eda de Pamplona","article_publisher":"https:\/\/www.facebook.com\/laguiadepamplonacom-133175176762273\/?ref=hl","article_published_time":"2023-10-23T15:08:19+00:00","og_image":[{"width":1200,"height":800,"url":"https:\/\/www.laguiadepamplona.com\/actualidad\/wp-content\/uploads\/2023\/10\/20231023reunionbelenistasq5a4023.webp","type":"image\/webp"}],"author":"La Gu\u00eda de Pamplona","twitter_card":"summary_large_image","twitter_creator":"@LaGuiadPamplona","twitter_site":"@LaGuiadPamplona","twitter_misc":{"Escrito por":"La Gu\u00eda de Pamplona","Tiempo de lectura":"2 minutos"},"schema":{"@context":"https:\/\/schema.org","@graph":[{"@type":"Article","@id":"https:\/\/www.laguiadepamplona.com\/actualidad\/la-alcaldesa-de-pamplona-cristina-ibarrola-recibe-al-presidente-de-la-asociacion-de-belenistas-de-navarra-pedro-javier-martinez\/#article","isPartOf":{"@id":"https:\/\/www.laguiadepamplona.com\/actualidad\/la-alcaldesa-de-pamplona-cristina-ibarrola-recibe-al-presidente-de-la-asociacion-de-belenistas-de-navarra-pedro-javier-martinez\/"},"author":{"name":"La Gu\u00eda de Pamplona","@id":"https:\/\/www.laguiadepamplona.com\/actualidad\/#\/schema\/person\/efe887376f0213d4657c93adc50b1fdb"},"headline":"La alcaldesa de Pamplona, Cristina Ibarrola, recibe al presidente de la Asociaci\u00f3n de Belenistas de Navarra, Pedro Javier Mart\u00ednez","datePublished":"2023-10-23T15:08:19+00:00","mainEntityOfPage":{"@id":"https:\/\/www.laguiadepamplona.com\/actualidad\/la-alcaldesa-de-pamplona-cristina-ibarrola-recibe-al-presidente-de-la-asociacion-de-belenistas-de-navarra-pedro-javier-martinez\/"},"wordCount":363,"commentCount":0,"publisher":{"@id":"https:\/\/www.laguiadepamplona.com\/actualidad\/#organization"},"image":{"@id":"https:\/\/www.laguiadepamplona.com\/actualidad\/la-alcaldesa-de-pamplona-cristina-ibarrola-recibe-al-presidente-de-la-asociacion-de-belenistas-de-navarra-pedro-javier-martinez\/#primaryimage"},"thumbnailUrl":"https:\/\/www.laguiadepamplona.com\/actualidad\/wp-content\/uploads\/2023\/10\/20231023reunionbelenistasq5a4023.webp","articleSection":["Ayto Pamplona"],"inLanguage":"es","potentialAction":[{"@type":"CommentAction","name":"Comment","target":["https:\/\/www.laguiadepamplona.com\/actualidad\/la-alcaldesa-de-pamplona-cristina-ibarrola-recibe-al-presidente-de-la-asociacion-de-belenistas-de-navarra-pedro-javier-martinez\/#respond"]}]},{"@type":"WebPage","@id":"https:\/\/www.laguiadepamplona.com\/actualidad\/la-alcaldesa-de-pamplona-cristina-ibarrola-recibe-al-presidente-de-la-asociacion-de-belenistas-de-navarra-pedro-javier-martinez\/","url":"https:\/\/www.laguiadepamplona.com\/actualidad\/la-alcaldesa-de-pamplona-cristina-ibarrola-recibe-al-presidente-de-la-asociacion-de-belenistas-de-navarra-pedro-javier-martinez\/","name":"La alcaldesa de Pamplona, Cristina Ibarrola, recibe al presidente de la Asociaci\u00f3n de Belenistas de Navarra, Pedro Javier Mart\u00ednez","isPartOf":{"@id":"https:\/\/www.laguiadepamplona.com\/actualidad\/#website"},"primaryImageOfPage":{"@id":"https:\/\/www.laguiadepamplona.com\/actualidad\/la-alcaldesa-de-pamplona-cristina-ibarrola-recibe-al-presidente-de-la-asociacion-de-belenistas-de-navarra-pedro-javier-martinez\/#primaryimage"},"image":{"@id":"https:\/\/www.laguiadepamplona.com\/actualidad\/la-alcaldesa-de-pamplona-cristina-ibarrola-recibe-al-presidente-de-la-asociacion-de-belenistas-de-navarra-pedro-javier-martinez\/#primaryimage"},"thumbnailUrl":"https:\/\/www.laguiadepamplona.com\/actualidad\/wp-content\/uploads\/2023\/10\/20231023reunionbelenistasq5a4023.webp","datePublished":"2023-10-23T15:08:19+00:00","description":"La asociaci\u00f3n impulsa la celebraci\u00f3n del LXII Congreso Nacional Belenista, que se celebrar\u00e1 en Pamplona entre noviembre y diciembre de 2024","breadcrumb":{"@id":"https:\/\/www.laguiadepamplona.com\/actualidad\/la-alcaldesa-de-pamplona-cristina-ibarrola-recibe-al-presidente-de-la-asociacion-de-belenistas-de-navarra-pedro-javier-martinez\/#breadcrumb"},"inLanguage":"es","potentialAction":[{"@type":"ReadAction","target":["https:\/\/www.laguiadepamplona.com\/actualidad\/la-alcaldesa-de-pamplona-cristina-ibarrola-recibe-al-presidente-de-la-asociacion-de-belenistas-de-navarra-pedro-javier-martinez\/"]}]},{"@type":"ImageObject","inLanguage":"es","@id":"https:\/\/www.laguiadepamplona.com\/actualidad\/la-alcaldesa-de-pamplona-cristina-ibarrola-recibe-al-presidente-de-la-asociacion-de-belenistas-de-navarra-pedro-javier-martinez\/#primaryimage","url":"https:\/\/www.laguiadepamplona.com\/actualidad\/wp-content\/uploads\/2023\/10\/20231023reunionbelenistasq5a4023.webp","contentUrl":"https:\/\/www.laguiadepamplona.com\/actualidad\/wp-content\/uploads\/2023\/10\/20231023reunionbelenistasq5a4023.webp","width":1200,"height":800,"caption":"alcaldesa belenista"},{"@type":"BreadcrumbList","@id":"https:\/\/www.laguiadepamplona.com\/actualidad\/la-alcaldesa-de-pamplona-cristina-ibarrola-recibe-al-presidente-de-la-asociacion-de-belenistas-de-navarra-pedro-javier-martinez\/#breadcrumb","itemListElement":[{"@type":"ListItem","position":1,"name":"Portada","item":"https:\/\/www.laguiadepamplona.com\/actualidad\/"},{"@type":"ListItem","position":2,"name":"La alcaldesa de Pamplona, Cristina Ibarrola, recibe al presidente de la Asociaci\u00f3n de Belenistas de Navarra, Pedro Javier Mart\u00ednez"}]},{"@type":"WebSite","@id":"https:\/\/www.laguiadepamplona.com\/actualidad\/#website","url":"https:\/\/www.laguiadepamplona.com\/actualidad\/","name":"La gu\u00eda de Pamplona","description":"Noticias de Pamplona","publisher":{"@id":"https:\/\/www.laguiadepamplona.com\/actualidad\/#organization"},"potentialAction":[{"@type":"SearchAction","target":{"@type":"EntryPoint","urlTemplate":"https:\/\/www.laguiadepamplona.com\/actualidad\/?s={search_term_string}"},"query-input":{"@type":"PropertyValueSpecification","valueRequired":true,"valueName":"search_term_string"}}],"inLanguage":"es"},{"@type":"Organization","@id":"https:\/\/www.laguiadepamplona.com\/actualidad\/#organization","name":"La Gu\u00eda de Pamplona \/ Noticias","url":"https:\/\/www.laguiadepamplona.com\/actualidad\/","logo":{"@type":"ImageObject","inLanguage":"es","@id":"https:\/\/www.laguiadepamplona.com\/actualidad\/#\/schema\/logo\/image\/","url":"https:\/\/www.laguiadepamplona.com\/actualidad\/wp-content\/uploads\/2018\/11\/logo-laguiadepamplona18-web1.png","contentUrl":"https:\/\/www.laguiadepamplona.com\/actualidad\/wp-content\/uploads\/2018\/11\/logo-laguiadepamplona18-web1.png","width":600,"height":196,"caption":"La Gu\u00eda de Pamplona \/ Noticias"},"image":{"@id":"https:\/\/www.laguiadepamplona.com\/actualidad\/#\/schema\/logo\/image\/"},"sameAs":["https:\/\/www.facebook.com\/laguiadepamplonacom-133175176762273\/?ref=hl","https:\/\/x.com\/LaGuiadPamplona","https:\/\/www.instagram.com\/la_guia_de_pamplona\/","https:\/\/www.youtube.com\/user\/laguiadepamplona"]},{"@type":"Person","@id":"https:\/\/www.laguiadepamplona.com\/actualidad\/#\/schema\/person\/efe887376f0213d4657c93adc50b1fdb","name":"La Gu\u00eda de Pamplona","image":{"@type":"ImageObject","inLanguage":"es","@id":"https:\/\/secure.gravatar.com\/avatar\/b6992f131dc8d30ab0dff15446e9d346d9dbd95992de0fef795073f5ea83a81c?s=96&d=mm&r=g","url":"https:\/\/secure.gravatar.com\/avatar\/b6992f131dc8d30ab0dff15446e9d346d9dbd95992de0fef795073f5ea83a81c?s=96&d=mm&r=g","contentUrl":"https:\/\/secure.gravatar.com\/avatar\/b6992f131dc8d30ab0dff15446e9d346d9dbd95992de0fef795073f5ea83a81c?s=96&d=mm&r=g","caption":"La Gu\u00eda de Pamplona"}}]}},"post_mailing_queue_ids":[],"_links":{"self":[{"href":"https:\/\/www.laguiadepamplona.com\/actualidad\/wp-json\/wp\/v2\/posts\/47686","targetHints":{"allow":["GET"]}}],"collection":[{"href":"https:\/\/www.laguiadepamplona.com\/actualidad\/wp-json\/wp\/v2\/posts"}],"about":[{"href":"https:\/\/www.laguiadepamplona.com\/actualidad\/wp-json\/wp\/v2\/types\/post"}],"author":[{"embeddable":true,"href":"https:\/\/www.laguiadepamplona.com\/actualidad\/wp-json\/wp\/v2\/users\/1"}],"replies":[{"embeddable":true,"href":"https:\/\/www.laguiadepamplona.com\/actualidad\/wp-json\/wp\/v2\/comments?post=47686"}],"version-history":[{"count":1,"href":"https:\/\/www.laguiadepamplona.com\/actualidad\/wp-json\/wp\/v2\/posts\/47686\/revisions"}],"predecessor-version":[{"id":47688,"href":"https:\/\/www.laguiadepamplona.com\/actualidad\/wp-json\/wp\/v2\/posts\/47686\/revisions\/47688"}],"wp:featuredmedia":[{"embeddable":true,"href":"https:\/\/www.laguiadepamplona.com\/actualidad\/wp-json\/wp\/v2\/media\/47687"}],"wp:attachment":[{"href":"https:\/\/www.laguiadepamplona.com\/actualidad\/wp-json\/wp\/v2\/media?parent=47686"}],"wp:term":[{"taxonomy":"category","embeddable":true,"href":"https:\/\/www.laguiadepamplona.com\/actualidad\/wp-json\/wp\/v2\/categories?post=47686"},{"taxonomy":"post_tag","embeddable":true,"href":"https:\/\/www.laguiadepamplona.com\/actualidad\/wp-json\/wp\/v2\/tags?post=47686"}],"curies":[{"name":"wp","href":"https:\/\/api.w.org\/{rel}","templated":true}]}}