{"id":47681,"date":"2023-10-23T12:03:08","date_gmt":"2023-10-23T10:03:08","guid":{"rendered":"https:\/\/www.laguiadepamplona.com\/actualidad\/?p=47681"},"modified":"2023-10-23T12:03:08","modified_gmt":"2023-10-23T10:03:08","slug":"las-oficinas-de-las-escuelas-infantiles-son-ahora-totalmente-accesibles-con-su-traslado-desde-conde-oliveto-al-edificio-municipal-de-descalzos-72","status":"publish","type":"post","link":"https:\/\/www.laguiadepamplona.com\/actualidad\/las-oficinas-de-las-escuelas-infantiles-son-ahora-totalmente-accesibles-con-su-traslado-desde-conde-oliveto-al-edificio-municipal-de-descalzos-72\/","title":{"rendered":"Las oficinas de las Escuelas Infantiles son ahora totalmente accesibles con su traslado desde Conde Oliveto al edificio municipal de Descalzos 72"},"content":{"rendered":"<h3>La nueva sede, en planta baja, no presenta barreras arquitect\u00f3nicas y ofrece mejores condiciones que la ubicaci\u00f3n anterior, construida en 1934<\/h3>\n<p><!--more--><\/p>\n<p>El organismo aut\u00f3nomo Escuelas Infantiles Municipales de Pamplona atiende desde este lunes en sus nuevas oficinas totalmente accesibles en la calle Descalzos 72. El servicio que integra las doce escuelas municipales del ciclo educativo de 0 a 3 a\u00f1os se ofrec\u00eda hasta ahora en el edificio de la antigua estaci\u00f3n de autobuses, en la calle Conde Oliveto 4, a donde lleg\u00f3 en el curso 1986 \u2013 1987. Al estar el servicio repartido en los pisos segundo y tercero y carecer de ascensor, el traslado era una necesidad que ya est\u00e1 solucionada.<br \/>\n<script async src=\"\/\/pagead2.googlesyndication.com\/pagead\/js\/adsbygoogle.js\"><\/script><br \/>\n<!-- Noticias La Guia de Pamplona --><br \/>\n<ins class=\"adsbygoogle\"\nstyle=\"display:block\"\ndata-ad-client=\"ca-pub-6943679897239327\"\ndata-ad-slot=\"7048180777\"\ndata-ad-format=\"auto\"><\/ins><br \/>\n<script>\n(adsbygoogle = window.adsbygoogle || []).push({});\n<\/script><\/p>\n<p>La nueva ubicaci\u00f3n ofrece accesibilidad total, ya que se encuentra en la planta baja y no presenta barreras arquitect\u00f3nicas, uno de los problemas de las oficinas anteriores. Estos problemas de accesibilidad obligaban a realizar las inscripciones para las escuelas en otros lugares, como la sala municipal de Calderer\u00eda o espacios de Geltoki. Las inscripciones para el curso 2024 \u2013 2025 se realizar\u00e1n ya en Descalzos 72.<\/p>\n<p>El personal que trabaja para el organismo aut\u00f3nomo en las oficinas tambi\u00e9n mejora sus condiciones laborales, ya que el edificio anterior, construido en 1934, presentaba problemas como ventanas sin aislamiento, con lo cual se daban temperaturas extremas tanto en invierno como en verano, techos con humedades y varios desprendimientos, adem\u00e1s de las barreras arquitect\u00f3nicas.<br \/>\n<script async src=\"\/\/pagead2.googlesyndication.com\/pagead\/js\/adsbygoogle.js\"><\/script><br \/>\n<!-- Noticias La Guia de Pamplona --><br \/>\n<ins class=\"adsbygoogle\"\nstyle=\"display:block\"\ndata-ad-client=\"ca-pub-6943679897239327\"\ndata-ad-slot=\"7048180777\"\ndata-ad-format=\"auto\"><\/ins><br \/>\n<script>\n(adsbygoogle = window.adsbygoogle || []).push({});\n<\/script><\/p>\n<p>&nbsp;<\/p>\n<h3>Escuelas Infantiles Municipales de Pamplona<\/h3>\n<ul>\n<li>Nuevas oficinas de atenci\u00f3n al p\u00fablico en la calle Descalzos 72 (planta baja)\n<ul>\n<li>Tel\u00e9fono: 948 420 098<\/li>\n<li>Horario de atenci\u00f3n: de 9 a 14 horas, de lunes a viernes<\/li>\n<li><a href=\"https:\/\/www.pamplona.es\/escuelasinfantiles\/verpagina.aspx?idpag=1&amp;idioma=1\" target=\"_blank\" rel=\"noopener\">P\u00e1gina web<\/a><\/li>\n<\/ul>\n<\/li>\n<\/ul>\n","protected":false},"excerpt":{"rendered":"<p>La nueva sede, en planta baja, no presenta barreras arquitect\u00f3nicas y ofrece mejores condiciones que la ubicaci\u00f3n anterior, construida en 1934<\/p>\n","protected":false},"author":1,"featured_media":47682,"comment_status":"open","ping_status":"closed","sticky":false,"template":"","format":"standard","meta":{"footnotes":""},"categories":[2],"tags":[],"class_list":["post-47681","post","type-post","status-publish","format-standard","has-post-thumbnail","hentry","category-ayuntamiento-pamplona"],"yoast_head":"<!-- This site is optimized with the Yoast SEO plugin v27.3 - https:\/\/yoast.com\/product\/yoast-seo-wordpress\/ -->\n<title>Las oficinas de las Escuelas Infantiles son ahora totalmente accesibles con su traslado desde Conde Oliveto al edificio municipal de Descalzos 72<\/title>\n<meta name=\"description\" content=\"La nueva sede, en planta baja, no presenta barreras arquitect\u00f3nicas y ofrece mejores condiciones que la ubicaci\u00f3n anterior, construida en 1934\" \/>\n<meta name=\"robots\" content=\"index, follow, max-snippet:-1, max-image-preview:large, max-video-preview:-1\" \/>\n<link rel=\"canonical\" href=\"https:\/\/www.laguiadepamplona.com\/actualidad\/las-oficinas-de-las-escuelas-infantiles-son-ahora-totalmente-accesibles-con-su-traslado-desde-conde-oliveto-al-edificio-municipal-de-descalzos-72\/\" \/>\n<meta property=\"og:locale\" content=\"es_ES\" \/>\n<meta property=\"og:type\" content=\"article\" \/>\n<meta property=\"og:title\" content=\"Las oficinas de las Escuelas Infantiles son ahora totalmente accesibles con su traslado desde Conde Oliveto al edificio municipal de Descalzos 72\" \/>\n<meta property=\"og:description\" content=\"La nueva sede, en planta baja, no presenta barreras arquitect\u00f3nicas y ofrece mejores condiciones que la ubicaci\u00f3n anterior, construida en 1934\" \/>\n<meta property=\"og:url\" content=\"https:\/\/www.laguiadepamplona.com\/actualidad\/las-oficinas-de-las-escuelas-infantiles-son-ahora-totalmente-accesibles-con-su-traslado-desde-conde-oliveto-al-edificio-municipal-de-descalzos-72\/\" \/>\n<meta property=\"og:site_name\" content=\"La Gu\u00eda de Pamplona\" \/>\n<meta property=\"article:publisher\" content=\"https:\/\/www.facebook.com\/laguiadepamplonacom-133175176762273\/?ref=hl\" \/>\n<meta property=\"article:published_time\" content=\"2023-10-23T10:03:08+00:00\" \/>\n<meta property=\"og:image\" content=\"https:\/\/www.laguiadepamplona.com\/actualidad\/wp-content\/uploads\/2023\/10\/haurtzaro_JGV2635.webp\" \/>\n\t<meta property=\"og:image:width\" content=\"1200\" \/>\n\t<meta property=\"og:image:height\" content=\"800\" \/>\n\t<meta property=\"og:image:type\" content=\"image\/webp\" \/>\n<meta name=\"author\" content=\"La Gu\u00eda de Pamplona\" \/>\n<meta name=\"twitter:card\" content=\"summary_large_image\" \/>\n<meta name=\"twitter:creator\" content=\"@LaGuiadPamplona\" \/>\n<meta name=\"twitter:site\" content=\"@LaGuiadPamplona\" \/>\n<meta name=\"twitter:label1\" content=\"Escrito por\" \/>\n\t<meta name=\"twitter:data1\" content=\"La Gu\u00eda de Pamplona\" \/>\n\t<meta name=\"twitter:label2\" content=\"Tiempo de lectura\" \/>\n\t<meta name=\"twitter:data2\" content=\"2 minutos\" \/>\n<script type=\"application\/ld+json\" class=\"yoast-schema-graph\">{\"@context\":\"https:\\\/\\\/schema.org\",\"@graph\":[{\"@type\":\"Article\",\"@id\":\"https:\\\/\\\/www.laguiadepamplona.com\\\/actualidad\\\/las-oficinas-de-las-escuelas-infantiles-son-ahora-totalmente-accesibles-con-su-traslado-desde-conde-oliveto-al-edificio-municipal-de-descalzos-72\\\/#article\",\"isPartOf\":{\"@id\":\"https:\\\/\\\/www.laguiadepamplona.com\\\/actualidad\\\/las-oficinas-de-las-escuelas-infantiles-son-ahora-totalmente-accesibles-con-su-traslado-desde-conde-oliveto-al-edificio-municipal-de-descalzos-72\\\/\"},\"author\":{\"name\":\"La Gu\u00eda de Pamplona\",\"@id\":\"https:\\\/\\\/www.laguiadepamplona.com\\\/actualidad\\\/#\\\/schema\\\/person\\\/efe887376f0213d4657c93adc50b1fdb\"},\"headline\":\"Las oficinas de las Escuelas Infantiles son ahora totalmente accesibles con su traslado desde Conde Oliveto al edificio municipal de Descalzos 72\",\"datePublished\":\"2023-10-23T10:03:08+00:00\",\"mainEntityOfPage\":{\"@id\":\"https:\\\/\\\/www.laguiadepamplona.com\\\/actualidad\\\/las-oficinas-de-las-escuelas-infantiles-son-ahora-totalmente-accesibles-con-su-traslado-desde-conde-oliveto-al-edificio-municipal-de-descalzos-72\\\/\"},\"wordCount\":290,\"commentCount\":0,\"publisher\":{\"@id\":\"https:\\\/\\\/www.laguiadepamplona.com\\\/actualidad\\\/#organization\"},\"image\":{\"@id\":\"https:\\\/\\\/www.laguiadepamplona.com\\\/actualidad\\\/las-oficinas-de-las-escuelas-infantiles-son-ahora-totalmente-accesibles-con-su-traslado-desde-conde-oliveto-al-edificio-municipal-de-descalzos-72\\\/#primaryimage\"},\"thumbnailUrl\":\"https:\\\/\\\/www.laguiadepamplona.com\\\/actualidad\\\/wp-content\\\/uploads\\\/2023\\\/10\\\/haurtzaro_JGV2635.webp\",\"articleSection\":[\"Ayto Pamplona\"],\"inLanguage\":\"es\",\"potentialAction\":[{\"@type\":\"CommentAction\",\"name\":\"Comment\",\"target\":[\"https:\\\/\\\/www.laguiadepamplona.com\\\/actualidad\\\/las-oficinas-de-las-escuelas-infantiles-son-ahora-totalmente-accesibles-con-su-traslado-desde-conde-oliveto-al-edificio-municipal-de-descalzos-72\\\/#respond\"]}]},{\"@type\":\"WebPage\",\"@id\":\"https:\\\/\\\/www.laguiadepamplona.com\\\/actualidad\\\/las-oficinas-de-las-escuelas-infantiles-son-ahora-totalmente-accesibles-con-su-traslado-desde-conde-oliveto-al-edificio-municipal-de-descalzos-72\\\/\",\"url\":\"https:\\\/\\\/www.laguiadepamplona.com\\\/actualidad\\\/las-oficinas-de-las-escuelas-infantiles-son-ahora-totalmente-accesibles-con-su-traslado-desde-conde-oliveto-al-edificio-municipal-de-descalzos-72\\\/\",\"name\":\"Las oficinas de las Escuelas Infantiles son ahora totalmente accesibles con su traslado desde Conde Oliveto al edificio municipal de Descalzos 72\",\"isPartOf\":{\"@id\":\"https:\\\/\\\/www.laguiadepamplona.com\\\/actualidad\\\/#website\"},\"primaryImageOfPage\":{\"@id\":\"https:\\\/\\\/www.laguiadepamplona.com\\\/actualidad\\\/las-oficinas-de-las-escuelas-infantiles-son-ahora-totalmente-accesibles-con-su-traslado-desde-conde-oliveto-al-edificio-municipal-de-descalzos-72\\\/#primaryimage\"},\"image\":{\"@id\":\"https:\\\/\\\/www.laguiadepamplona.com\\\/actualidad\\\/las-oficinas-de-las-escuelas-infantiles-son-ahora-totalmente-accesibles-con-su-traslado-desde-conde-oliveto-al-edificio-municipal-de-descalzos-72\\\/#primaryimage\"},\"thumbnailUrl\":\"https:\\\/\\\/www.laguiadepamplona.com\\\/actualidad\\\/wp-content\\\/uploads\\\/2023\\\/10\\\/haurtzaro_JGV2635.webp\",\"datePublished\":\"2023-10-23T10:03:08+00:00\",\"description\":\"La nueva sede, en planta baja, no presenta barreras arquitect\u00f3nicas y ofrece mejores condiciones que la ubicaci\u00f3n anterior, construida en 1934\",\"breadcrumb\":{\"@id\":\"https:\\\/\\\/www.laguiadepamplona.com\\\/actualidad\\\/las-oficinas-de-las-escuelas-infantiles-son-ahora-totalmente-accesibles-con-su-traslado-desde-conde-oliveto-al-edificio-municipal-de-descalzos-72\\\/#breadcrumb\"},\"inLanguage\":\"es\",\"potentialAction\":[{\"@type\":\"ReadAction\",\"target\":[\"https:\\\/\\\/www.laguiadepamplona.com\\\/actualidad\\\/las-oficinas-de-las-escuelas-infantiles-son-ahora-totalmente-accesibles-con-su-traslado-desde-conde-oliveto-al-edificio-municipal-de-descalzos-72\\\/\"]}]},{\"@type\":\"ImageObject\",\"inLanguage\":\"es\",\"@id\":\"https:\\\/\\\/www.laguiadepamplona.com\\\/actualidad\\\/las-oficinas-de-las-escuelas-infantiles-son-ahora-totalmente-accesibles-con-su-traslado-desde-conde-oliveto-al-edificio-municipal-de-descalzos-72\\\/#primaryimage\",\"url\":\"https:\\\/\\\/www.laguiadepamplona.com\\\/actualidad\\\/wp-content\\\/uploads\\\/2023\\\/10\\\/haurtzaro_JGV2635.webp\",\"contentUrl\":\"https:\\\/\\\/www.laguiadepamplona.com\\\/actualidad\\\/wp-content\\\/uploads\\\/2023\\\/10\\\/haurtzaro_JGV2635.webp\",\"width\":1200,\"height\":800,\"caption\":\"escuelas infantiles\"},{\"@type\":\"BreadcrumbList\",\"@id\":\"https:\\\/\\\/www.laguiadepamplona.com\\\/actualidad\\\/las-oficinas-de-las-escuelas-infantiles-son-ahora-totalmente-accesibles-con-su-traslado-desde-conde-oliveto-al-edificio-municipal-de-descalzos-72\\\/#breadcrumb\",\"itemListElement\":[{\"@type\":\"ListItem\",\"position\":1,\"name\":\"Portada\",\"item\":\"https:\\\/\\\/www.laguiadepamplona.com\\\/actualidad\\\/\"},{\"@type\":\"ListItem\",\"position\":2,\"name\":\"Las oficinas de las Escuelas Infantiles son ahora totalmente accesibles con su traslado desde Conde Oliveto al edificio municipal de Descalzos 72\"}]},{\"@type\":\"WebSite\",\"@id\":\"https:\\\/\\\/www.laguiadepamplona.com\\\/actualidad\\\/#website\",\"url\":\"https:\\\/\\\/www.laguiadepamplona.com\\\/actualidad\\\/\",\"name\":\"La gu\u00eda de Pamplona\",\"description\":\"Noticias de Pamplona\",\"publisher\":{\"@id\":\"https:\\\/\\\/www.laguiadepamplona.com\\\/actualidad\\\/#organization\"},\"potentialAction\":[{\"@type\":\"SearchAction\",\"target\":{\"@type\":\"EntryPoint\",\"urlTemplate\":\"https:\\\/\\\/www.laguiadepamplona.com\\\/actualidad\\\/?s={search_term_string}\"},\"query-input\":{\"@type\":\"PropertyValueSpecification\",\"valueRequired\":true,\"valueName\":\"search_term_string\"}}],\"inLanguage\":\"es\"},{\"@type\":\"Organization\",\"@id\":\"https:\\\/\\\/www.laguiadepamplona.com\\\/actualidad\\\/#organization\",\"name\":\"La Gu\u00eda de Pamplona \\\/ Noticias\",\"url\":\"https:\\\/\\\/www.laguiadepamplona.com\\\/actualidad\\\/\",\"logo\":{\"@type\":\"ImageObject\",\"inLanguage\":\"es\",\"@id\":\"https:\\\/\\\/www.laguiadepamplona.com\\\/actualidad\\\/#\\\/schema\\\/logo\\\/image\\\/\",\"url\":\"https:\\\/\\\/www.laguiadepamplona.com\\\/actualidad\\\/wp-content\\\/uploads\\\/2018\\\/11\\\/logo-laguiadepamplona18-web1.png\",\"contentUrl\":\"https:\\\/\\\/www.laguiadepamplona.com\\\/actualidad\\\/wp-content\\\/uploads\\\/2018\\\/11\\\/logo-laguiadepamplona18-web1.png\",\"width\":600,\"height\":196,\"caption\":\"La Gu\u00eda de Pamplona \\\/ Noticias\"},\"image\":{\"@id\":\"https:\\\/\\\/www.laguiadepamplona.com\\\/actualidad\\\/#\\\/schema\\\/logo\\\/image\\\/\"},\"sameAs\":[\"https:\\\/\\\/www.facebook.com\\\/laguiadepamplonacom-133175176762273\\\/?ref=hl\",\"https:\\\/\\\/x.com\\\/LaGuiadPamplona\",\"https:\\\/\\\/www.instagram.com\\\/la_guia_de_pamplona\\\/\",\"https:\\\/\\\/www.youtube.com\\\/user\\\/laguiadepamplona\"]},{\"@type\":\"Person\",\"@id\":\"https:\\\/\\\/www.laguiadepamplona.com\\\/actualidad\\\/#\\\/schema\\\/person\\\/efe887376f0213d4657c93adc50b1fdb\",\"name\":\"La Gu\u00eda de Pamplona\",\"image\":{\"@type\":\"ImageObject\",\"inLanguage\":\"es\",\"@id\":\"https:\\\/\\\/secure.gravatar.com\\\/avatar\\\/b6992f131dc8d30ab0dff15446e9d346d9dbd95992de0fef795073f5ea83a81c?s=96&d=mm&r=g\",\"url\":\"https:\\\/\\\/secure.gravatar.com\\\/avatar\\\/b6992f131dc8d30ab0dff15446e9d346d9dbd95992de0fef795073f5ea83a81c?s=96&d=mm&r=g\",\"contentUrl\":\"https:\\\/\\\/secure.gravatar.com\\\/avatar\\\/b6992f131dc8d30ab0dff15446e9d346d9dbd95992de0fef795073f5ea83a81c?s=96&d=mm&r=g\",\"caption\":\"La Gu\u00eda de Pamplona\"}}]}<\/script>\n<!-- \/ Yoast SEO plugin. -->","yoast_head_json":{"title":"Las oficinas de las Escuelas Infantiles son ahora totalmente accesibles con su traslado desde Conde Oliveto al edificio municipal de Descalzos 72","description":"La nueva sede, en planta baja, no presenta barreras arquitect\u00f3nicas y ofrece mejores condiciones que la ubicaci\u00f3n anterior, construida en 1934","robots":{"index":"index","follow":"follow","max-snippet":"max-snippet:-1","max-image-preview":"max-image-preview:large","max-video-preview":"max-video-preview:-1"},"canonical":"https:\/\/www.laguiadepamplona.com\/actualidad\/las-oficinas-de-las-escuelas-infantiles-son-ahora-totalmente-accesibles-con-su-traslado-desde-conde-oliveto-al-edificio-municipal-de-descalzos-72\/","og_locale":"es_ES","og_type":"article","og_title":"Las oficinas de las Escuelas Infantiles son ahora totalmente accesibles con su traslado desde Conde Oliveto al edificio municipal de Descalzos 72","og_description":"La nueva sede, en planta baja, no presenta barreras arquitect\u00f3nicas y ofrece mejores condiciones que la ubicaci\u00f3n anterior, construida en 1934","og_url":"https:\/\/www.laguiadepamplona.com\/actualidad\/las-oficinas-de-las-escuelas-infantiles-son-ahora-totalmente-accesibles-con-su-traslado-desde-conde-oliveto-al-edificio-municipal-de-descalzos-72\/","og_site_name":"La Gu\u00eda de Pamplona","article_publisher":"https:\/\/www.facebook.com\/laguiadepamplonacom-133175176762273\/?ref=hl","article_published_time":"2023-10-23T10:03:08+00:00","og_image":[{"width":1200,"height":800,"url":"https:\/\/www.laguiadepamplona.com\/actualidad\/wp-content\/uploads\/2023\/10\/haurtzaro_JGV2635.webp","type":"image\/webp"}],"author":"La Gu\u00eda de Pamplona","twitter_card":"summary_large_image","twitter_creator":"@LaGuiadPamplona","twitter_site":"@LaGuiadPamplona","twitter_misc":{"Escrito por":"La Gu\u00eda de Pamplona","Tiempo de lectura":"2 minutos"},"schema":{"@context":"https:\/\/schema.org","@graph":[{"@type":"Article","@id":"https:\/\/www.laguiadepamplona.com\/actualidad\/las-oficinas-de-las-escuelas-infantiles-son-ahora-totalmente-accesibles-con-su-traslado-desde-conde-oliveto-al-edificio-municipal-de-descalzos-72\/#article","isPartOf":{"@id":"https:\/\/www.laguiadepamplona.com\/actualidad\/las-oficinas-de-las-escuelas-infantiles-son-ahora-totalmente-accesibles-con-su-traslado-desde-conde-oliveto-al-edificio-municipal-de-descalzos-72\/"},"author":{"name":"La Gu\u00eda de Pamplona","@id":"https:\/\/www.laguiadepamplona.com\/actualidad\/#\/schema\/person\/efe887376f0213d4657c93adc50b1fdb"},"headline":"Las oficinas de las Escuelas Infantiles son ahora totalmente accesibles con su traslado desde Conde Oliveto al edificio municipal de Descalzos 72","datePublished":"2023-10-23T10:03:08+00:00","mainEntityOfPage":{"@id":"https:\/\/www.laguiadepamplona.com\/actualidad\/las-oficinas-de-las-escuelas-infantiles-son-ahora-totalmente-accesibles-con-su-traslado-desde-conde-oliveto-al-edificio-municipal-de-descalzos-72\/"},"wordCount":290,"commentCount":0,"publisher":{"@id":"https:\/\/www.laguiadepamplona.com\/actualidad\/#organization"},"image":{"@id":"https:\/\/www.laguiadepamplona.com\/actualidad\/las-oficinas-de-las-escuelas-infantiles-son-ahora-totalmente-accesibles-con-su-traslado-desde-conde-oliveto-al-edificio-municipal-de-descalzos-72\/#primaryimage"},"thumbnailUrl":"https:\/\/www.laguiadepamplona.com\/actualidad\/wp-content\/uploads\/2023\/10\/haurtzaro_JGV2635.webp","articleSection":["Ayto Pamplona"],"inLanguage":"es","potentialAction":[{"@type":"CommentAction","name":"Comment","target":["https:\/\/www.laguiadepamplona.com\/actualidad\/las-oficinas-de-las-escuelas-infantiles-son-ahora-totalmente-accesibles-con-su-traslado-desde-conde-oliveto-al-edificio-municipal-de-descalzos-72\/#respond"]}]},{"@type":"WebPage","@id":"https:\/\/www.laguiadepamplona.com\/actualidad\/las-oficinas-de-las-escuelas-infantiles-son-ahora-totalmente-accesibles-con-su-traslado-desde-conde-oliveto-al-edificio-municipal-de-descalzos-72\/","url":"https:\/\/www.laguiadepamplona.com\/actualidad\/las-oficinas-de-las-escuelas-infantiles-son-ahora-totalmente-accesibles-con-su-traslado-desde-conde-oliveto-al-edificio-municipal-de-descalzos-72\/","name":"Las oficinas de las Escuelas Infantiles son ahora totalmente accesibles con su traslado desde Conde Oliveto al edificio municipal de Descalzos 72","isPartOf":{"@id":"https:\/\/www.laguiadepamplona.com\/actualidad\/#website"},"primaryImageOfPage":{"@id":"https:\/\/www.laguiadepamplona.com\/actualidad\/las-oficinas-de-las-escuelas-infantiles-son-ahora-totalmente-accesibles-con-su-traslado-desde-conde-oliveto-al-edificio-municipal-de-descalzos-72\/#primaryimage"},"image":{"@id":"https:\/\/www.laguiadepamplona.com\/actualidad\/las-oficinas-de-las-escuelas-infantiles-son-ahora-totalmente-accesibles-con-su-traslado-desde-conde-oliveto-al-edificio-municipal-de-descalzos-72\/#primaryimage"},"thumbnailUrl":"https:\/\/www.laguiadepamplona.com\/actualidad\/wp-content\/uploads\/2023\/10\/haurtzaro_JGV2635.webp","datePublished":"2023-10-23T10:03:08+00:00","description":"La nueva sede, en planta baja, no presenta barreras arquitect\u00f3nicas y ofrece mejores condiciones que la ubicaci\u00f3n anterior, construida en 1934","breadcrumb":{"@id":"https:\/\/www.laguiadepamplona.com\/actualidad\/las-oficinas-de-las-escuelas-infantiles-son-ahora-totalmente-accesibles-con-su-traslado-desde-conde-oliveto-al-edificio-municipal-de-descalzos-72\/#breadcrumb"},"inLanguage":"es","potentialAction":[{"@type":"ReadAction","target":["https:\/\/www.laguiadepamplona.com\/actualidad\/las-oficinas-de-las-escuelas-infantiles-son-ahora-totalmente-accesibles-con-su-traslado-desde-conde-oliveto-al-edificio-municipal-de-descalzos-72\/"]}]},{"@type":"ImageObject","inLanguage":"es","@id":"https:\/\/www.laguiadepamplona.com\/actualidad\/las-oficinas-de-las-escuelas-infantiles-son-ahora-totalmente-accesibles-con-su-traslado-desde-conde-oliveto-al-edificio-municipal-de-descalzos-72\/#primaryimage","url":"https:\/\/www.laguiadepamplona.com\/actualidad\/wp-content\/uploads\/2023\/10\/haurtzaro_JGV2635.webp","contentUrl":"https:\/\/www.laguiadepamplona.com\/actualidad\/wp-content\/uploads\/2023\/10\/haurtzaro_JGV2635.webp","width":1200,"height":800,"caption":"escuelas infantiles"},{"@type":"BreadcrumbList","@id":"https:\/\/www.laguiadepamplona.com\/actualidad\/las-oficinas-de-las-escuelas-infantiles-son-ahora-totalmente-accesibles-con-su-traslado-desde-conde-oliveto-al-edificio-municipal-de-descalzos-72\/#breadcrumb","itemListElement":[{"@type":"ListItem","position":1,"name":"Portada","item":"https:\/\/www.laguiadepamplona.com\/actualidad\/"},{"@type":"ListItem","position":2,"name":"Las oficinas de las Escuelas Infantiles son ahora totalmente accesibles con su traslado desde Conde Oliveto al edificio municipal de Descalzos 72"}]},{"@type":"WebSite","@id":"https:\/\/www.laguiadepamplona.com\/actualidad\/#website","url":"https:\/\/www.laguiadepamplona.com\/actualidad\/","name":"La gu\u00eda de Pamplona","description":"Noticias de Pamplona","publisher":{"@id":"https:\/\/www.laguiadepamplona.com\/actualidad\/#organization"},"potentialAction":[{"@type":"SearchAction","target":{"@type":"EntryPoint","urlTemplate":"https:\/\/www.laguiadepamplona.com\/actualidad\/?s={search_term_string}"},"query-input":{"@type":"PropertyValueSpecification","valueRequired":true,"valueName":"search_term_string"}}],"inLanguage":"es"},{"@type":"Organization","@id":"https:\/\/www.laguiadepamplona.com\/actualidad\/#organization","name":"La Gu\u00eda de Pamplona \/ Noticias","url":"https:\/\/www.laguiadepamplona.com\/actualidad\/","logo":{"@type":"ImageObject","inLanguage":"es","@id":"https:\/\/www.laguiadepamplona.com\/actualidad\/#\/schema\/logo\/image\/","url":"https:\/\/www.laguiadepamplona.com\/actualidad\/wp-content\/uploads\/2018\/11\/logo-laguiadepamplona18-web1.png","contentUrl":"https:\/\/www.laguiadepamplona.com\/actualidad\/wp-content\/uploads\/2018\/11\/logo-laguiadepamplona18-web1.png","width":600,"height":196,"caption":"La Gu\u00eda de Pamplona \/ Noticias"},"image":{"@id":"https:\/\/www.laguiadepamplona.com\/actualidad\/#\/schema\/logo\/image\/"},"sameAs":["https:\/\/www.facebook.com\/laguiadepamplonacom-133175176762273\/?ref=hl","https:\/\/x.com\/LaGuiadPamplona","https:\/\/www.instagram.com\/la_guia_de_pamplona\/","https:\/\/www.youtube.com\/user\/laguiadepamplona"]},{"@type":"Person","@id":"https:\/\/www.laguiadepamplona.com\/actualidad\/#\/schema\/person\/efe887376f0213d4657c93adc50b1fdb","name":"La Gu\u00eda de Pamplona","image":{"@type":"ImageObject","inLanguage":"es","@id":"https:\/\/secure.gravatar.com\/avatar\/b6992f131dc8d30ab0dff15446e9d346d9dbd95992de0fef795073f5ea83a81c?s=96&d=mm&r=g","url":"https:\/\/secure.gravatar.com\/avatar\/b6992f131dc8d30ab0dff15446e9d346d9dbd95992de0fef795073f5ea83a81c?s=96&d=mm&r=g","contentUrl":"https:\/\/secure.gravatar.com\/avatar\/b6992f131dc8d30ab0dff15446e9d346d9dbd95992de0fef795073f5ea83a81c?s=96&d=mm&r=g","caption":"La Gu\u00eda de Pamplona"}}]}},"post_mailing_queue_ids":[],"_links":{"self":[{"href":"https:\/\/www.laguiadepamplona.com\/actualidad\/wp-json\/wp\/v2\/posts\/47681","targetHints":{"allow":["GET"]}}],"collection":[{"href":"https:\/\/www.laguiadepamplona.com\/actualidad\/wp-json\/wp\/v2\/posts"}],"about":[{"href":"https:\/\/www.laguiadepamplona.com\/actualidad\/wp-json\/wp\/v2\/types\/post"}],"author":[{"embeddable":true,"href":"https:\/\/www.laguiadepamplona.com\/actualidad\/wp-json\/wp\/v2\/users\/1"}],"replies":[{"embeddable":true,"href":"https:\/\/www.laguiadepamplona.com\/actualidad\/wp-json\/wp\/v2\/comments?post=47681"}],"version-history":[{"count":1,"href":"https:\/\/www.laguiadepamplona.com\/actualidad\/wp-json\/wp\/v2\/posts\/47681\/revisions"}],"predecessor-version":[{"id":47683,"href":"https:\/\/www.laguiadepamplona.com\/actualidad\/wp-json\/wp\/v2\/posts\/47681\/revisions\/47683"}],"wp:featuredmedia":[{"embeddable":true,"href":"https:\/\/www.laguiadepamplona.com\/actualidad\/wp-json\/wp\/v2\/media\/47682"}],"wp:attachment":[{"href":"https:\/\/www.laguiadepamplona.com\/actualidad\/wp-json\/wp\/v2\/media?parent=47681"}],"wp:term":[{"taxonomy":"category","embeddable":true,"href":"https:\/\/www.laguiadepamplona.com\/actualidad\/wp-json\/wp\/v2\/categories?post=47681"},{"taxonomy":"post_tag","embeddable":true,"href":"https:\/\/www.laguiadepamplona.com\/actualidad\/wp-json\/wp\/v2\/tags?post=47681"}],"curies":[{"name":"wp","href":"https:\/\/api.w.org\/{rel}","templated":true}]}}