{"id":47675,"date":"2023-10-23T11:59:16","date_gmt":"2023-10-23T09:59:16","guid":{"rendered":"https:\/\/www.laguiadepamplona.com\/actualidad\/?p=47675"},"modified":"2023-10-23T11:59:16","modified_gmt":"2023-10-23T09:59:16","slug":"licitada-la-direccion-de-obra-del-corredor-peatonal-y-ciclista-que-unira-pamplona-con-burlada-por-la-cuesta-de-beloso","status":"publish","type":"post","link":"https:\/\/www.laguiadepamplona.com\/actualidad\/licitada-la-direccion-de-obra-del-corredor-peatonal-y-ciclista-que-unira-pamplona-con-burlada-por-la-cuesta-de-beloso\/","title":{"rendered":"Licitada la direcci\u00f3n de obra del corredor peatonal y ciclista que unir\u00e1 Pamplona con Burlada por la cuesta de Beloso"},"content":{"rendered":"<h3>La adjudicaci\u00f3n efectiva del contrato de direcci\u00f3n de obra se llevar\u00e1 a cabo durante los a\u00f1os 2024 y 2025, cuando se adjudiquen las obras<\/h3>\n<p><!--more--><\/p>\n<p>La Junta de Gobierno Local ha aprobado la licitaci\u00f3n de la direcci\u00f3n de obra del itinerario peatonal y ciclista que unir\u00e1 Pamplona con Burlada por la cuesta de Beloso. Esta obra se financia dentro del Plan de Recuperaci\u00f3n, Transformaci\u00f3n y Resiliencia (PRTR) por los fondos europeos Next Generation EU. El importe de la licitaci\u00f3n es de 163.596,67 euros, de los cuales 148.267,66 euros corresponden a 2024 y 15.329,01 euros, a 2025.<\/p>\n<p>La adjudicaci\u00f3n efectiva del contrato de direcci\u00f3n de obra se llevar\u00e1 a cabo durante los a\u00f1os 2024 y 2025, y se producir\u00e1 en el momento en que se adjudique la obra. Esta obra se encuentra en licitaci\u00f3n en la actualidad, tras incorporar mejoras medioambientales y paisaj\u00edsticas. La actuaci\u00f3n busca que los trabajos del nuevo corredor ciclista y peatonal se ejecuten de manera correcta, mejorando la movilidad urbana.<br \/>\n<script async src=\"\/\/pagead2.googlesyndication.com\/pagead\/js\/adsbygoogle.js\"><\/script><br \/>\n<!-- Noticias La Guia de Pamplona --><br \/>\n<ins class=\"adsbygoogle\"\nstyle=\"display:block\"\ndata-ad-client=\"ca-pub-6943679897239327\"\ndata-ad-slot=\"7048180777\"\ndata-ad-format=\"auto\"><\/ins><br \/>\n<script>\n(adsbygoogle = window.adsbygoogle || []).push({});\n<\/script><\/p>\n<p>El contrato se adjudicar\u00e1 a la oferta con la mejor relaci\u00f3n calidad-precio, en funci\u00f3n la propuesta t\u00e9cnica (50 puntos), la oferta econ\u00f3mica (40 puntos) y el criterio social (10 puntos). En la propuesta t\u00e9cnica se tendr\u00e1 en cuenta el estudio del proyecto (hasta 25 puntos), la descripci\u00f3n del proceso y metodolog\u00eda (20 puntos) y el plan de atenci\u00f3n previsto durante el plazo de garant\u00eda de la obra (5 puntos).<\/p>\n<p>La direcci\u00f3n de obra y la propia obra del nuevo itinerario ciclable y peatonal son fruto del convenio de colaboraci\u00f3n firmado entre el Ayuntamiento de Pamplona, el Ayuntamiento de Burlada y Gobierno de Navarra. Aunque la licitaci\u00f3n y adjudicaci\u00f3n de las obras corresponde al Ayuntamiento de Pamplona, seg\u00fan el convenio suscrito entre las partes el pasado 5 de abril, el grueso de la cuant\u00eda, hasta los 4.082.327,83 euros, corresponde a los fondos Next Generation EU que transfiere el MITMA a trav\u00e9s del Gobierno de Navarra. El Consistorio pamplon\u00e9s aportar\u00e1 824.239,42 euros y el de Burlada, otros 27.546,50 euros.<br \/>\n<script async src=\"\/\/pagead2.googlesyndication.com\/pagead\/js\/adsbygoogle.js\"><\/script><br \/>\n<!-- Noticias La Guia de Pamplona --><br \/>\n<ins class=\"adsbygoogle\"\nstyle=\"display:block\"\ndata-ad-client=\"ca-pub-6943679897239327\"\ndata-ad-slot=\"7048180777\"\ndata-ad-format=\"auto\"><\/ins><br \/>\n<script>\n(adsbygoogle = window.adsbygoogle || []).push({});\n<\/script><\/p>\n<p>El nuevo carril bici tendr\u00e1 una longitud de 1.188 metros, desde la glorieta de la Cuesta de Beloso con las calles Mayor y Bizkarmendia de Burlada, hasta su intersecci\u00f3n con la avenida de Baja Navarra, conectando ah\u00ed con el parque de la Media Luna. El objetivo es reordenar espacios para lograr un carril bici bidireccional de tres metros de anchura, segregado de la calzada y de la acera peatonal. El inicio de las obras est\u00e1 previsto para febrero de 2024.<\/p>\n","protected":false},"excerpt":{"rendered":"<p>La adjudicaci\u00f3n efectiva del contrato de direcci\u00f3n de obra se llevar\u00e1 a cabo durante los a\u00f1os 2024 y 2025, cuando se adjudiquen las obras<\/p>\n","protected":false},"author":1,"featured_media":47676,"comment_status":"open","ping_status":"closed","sticky":false,"template":"","format":"standard","meta":{"footnotes":""},"categories":[2],"tags":[],"class_list":["post-47675","post","type-post","status-publish","format-standard","has-post-thumbnail","hentry","category-ayuntamiento-pamplona"],"yoast_head":"<!-- This site is optimized with the Yoast SEO plugin v27.3 - https:\/\/yoast.com\/product\/yoast-seo-wordpress\/ -->\n<title>Licitada la direcci\u00f3n de obra del corredor peatonal y ciclista que unir\u00e1 Pamplona con Burlada por la cuesta de Beloso<\/title>\n<meta name=\"description\" content=\"La adjudicaci\u00f3n efectiva del contrato de direcci\u00f3n de obra se llevar\u00e1 a cabo durante los a\u00f1os 2024 y 2025, cuando se adjudiquen las obras\" \/>\n<meta name=\"robots\" content=\"index, follow, max-snippet:-1, max-image-preview:large, max-video-preview:-1\" \/>\n<link rel=\"canonical\" href=\"https:\/\/www.laguiadepamplona.com\/actualidad\/licitada-la-direccion-de-obra-del-corredor-peatonal-y-ciclista-que-unira-pamplona-con-burlada-por-la-cuesta-de-beloso\/\" \/>\n<meta property=\"og:locale\" content=\"es_ES\" \/>\n<meta property=\"og:type\" content=\"article\" \/>\n<meta property=\"og:title\" content=\"Licitada la direcci\u00f3n de obra del corredor peatonal y ciclista que unir\u00e1 Pamplona con Burlada por la cuesta de Beloso\" \/>\n<meta property=\"og:description\" content=\"La adjudicaci\u00f3n efectiva del contrato de direcci\u00f3n de obra se llevar\u00e1 a cabo durante los a\u00f1os 2024 y 2025, cuando se adjudiquen las obras\" \/>\n<meta property=\"og:url\" content=\"https:\/\/www.laguiadepamplona.com\/actualidad\/licitada-la-direccion-de-obra-del-corredor-peatonal-y-ciclista-que-unira-pamplona-con-burlada-por-la-cuesta-de-beloso\/\" \/>\n<meta property=\"og:site_name\" content=\"La Gu\u00eda de Pamplona\" \/>\n<meta property=\"article:publisher\" content=\"https:\/\/www.facebook.com\/laguiadepamplonacom-133175176762273\/?ref=hl\" \/>\n<meta property=\"article:published_time\" content=\"2023-10-23T09:59:16+00:00\" \/>\n<meta property=\"og:image\" content=\"https:\/\/www.laguiadepamplona.com\/actualidad\/wp-content\/uploads\/2023\/10\/foto-bici_0.webp\" \/>\n\t<meta property=\"og:image:width\" content=\"1200\" \/>\n\t<meta property=\"og:image:height\" content=\"800\" \/>\n\t<meta property=\"og:image:type\" content=\"image\/webp\" \/>\n<meta name=\"author\" content=\"La Gu\u00eda de Pamplona\" \/>\n<meta name=\"twitter:card\" content=\"summary_large_image\" \/>\n<meta name=\"twitter:creator\" content=\"@LaGuiadPamplona\" \/>\n<meta name=\"twitter:site\" content=\"@LaGuiadPamplona\" \/>\n<meta name=\"twitter:label1\" content=\"Escrito por\" \/>\n\t<meta name=\"twitter:data1\" content=\"La Gu\u00eda de Pamplona\" \/>\n\t<meta name=\"twitter:label2\" content=\"Tiempo de lectura\" \/>\n\t<meta name=\"twitter:data2\" content=\"2 minutos\" \/>\n<script type=\"application\/ld+json\" class=\"yoast-schema-graph\">{\"@context\":\"https:\\\/\\\/schema.org\",\"@graph\":[{\"@type\":\"Article\",\"@id\":\"https:\\\/\\\/www.laguiadepamplona.com\\\/actualidad\\\/licitada-la-direccion-de-obra-del-corredor-peatonal-y-ciclista-que-unira-pamplona-con-burlada-por-la-cuesta-de-beloso\\\/#article\",\"isPartOf\":{\"@id\":\"https:\\\/\\\/www.laguiadepamplona.com\\\/actualidad\\\/licitada-la-direccion-de-obra-del-corredor-peatonal-y-ciclista-que-unira-pamplona-con-burlada-por-la-cuesta-de-beloso\\\/\"},\"author\":{\"name\":\"La Gu\u00eda de Pamplona\",\"@id\":\"https:\\\/\\\/www.laguiadepamplona.com\\\/actualidad\\\/#\\\/schema\\\/person\\\/efe887376f0213d4657c93adc50b1fdb\"},\"headline\":\"Licitada la direcci\u00f3n de obra del corredor peatonal y ciclista que unir\u00e1 Pamplona con Burlada por la cuesta de Beloso\",\"datePublished\":\"2023-10-23T09:59:16+00:00\",\"mainEntityOfPage\":{\"@id\":\"https:\\\/\\\/www.laguiadepamplona.com\\\/actualidad\\\/licitada-la-direccion-de-obra-del-corredor-peatonal-y-ciclista-que-unira-pamplona-con-burlada-por-la-cuesta-de-beloso\\\/\"},\"wordCount\":441,\"commentCount\":0,\"publisher\":{\"@id\":\"https:\\\/\\\/www.laguiadepamplona.com\\\/actualidad\\\/#organization\"},\"image\":{\"@id\":\"https:\\\/\\\/www.laguiadepamplona.com\\\/actualidad\\\/licitada-la-direccion-de-obra-del-corredor-peatonal-y-ciclista-que-unira-pamplona-con-burlada-por-la-cuesta-de-beloso\\\/#primaryimage\"},\"thumbnailUrl\":\"https:\\\/\\\/www.laguiadepamplona.com\\\/actualidad\\\/wp-content\\\/uploads\\\/2023\\\/10\\\/foto-bici_0.webp\",\"articleSection\":[\"Ayto Pamplona\"],\"inLanguage\":\"es\",\"potentialAction\":[{\"@type\":\"CommentAction\",\"name\":\"Comment\",\"target\":[\"https:\\\/\\\/www.laguiadepamplona.com\\\/actualidad\\\/licitada-la-direccion-de-obra-del-corredor-peatonal-y-ciclista-que-unira-pamplona-con-burlada-por-la-cuesta-de-beloso\\\/#respond\"]}]},{\"@type\":\"WebPage\",\"@id\":\"https:\\\/\\\/www.laguiadepamplona.com\\\/actualidad\\\/licitada-la-direccion-de-obra-del-corredor-peatonal-y-ciclista-que-unira-pamplona-con-burlada-por-la-cuesta-de-beloso\\\/\",\"url\":\"https:\\\/\\\/www.laguiadepamplona.com\\\/actualidad\\\/licitada-la-direccion-de-obra-del-corredor-peatonal-y-ciclista-que-unira-pamplona-con-burlada-por-la-cuesta-de-beloso\\\/\",\"name\":\"Licitada la direcci\u00f3n de obra del corredor peatonal y ciclista que unir\u00e1 Pamplona con Burlada por la cuesta de Beloso\",\"isPartOf\":{\"@id\":\"https:\\\/\\\/www.laguiadepamplona.com\\\/actualidad\\\/#website\"},\"primaryImageOfPage\":{\"@id\":\"https:\\\/\\\/www.laguiadepamplona.com\\\/actualidad\\\/licitada-la-direccion-de-obra-del-corredor-peatonal-y-ciclista-que-unira-pamplona-con-burlada-por-la-cuesta-de-beloso\\\/#primaryimage\"},\"image\":{\"@id\":\"https:\\\/\\\/www.laguiadepamplona.com\\\/actualidad\\\/licitada-la-direccion-de-obra-del-corredor-peatonal-y-ciclista-que-unira-pamplona-con-burlada-por-la-cuesta-de-beloso\\\/#primaryimage\"},\"thumbnailUrl\":\"https:\\\/\\\/www.laguiadepamplona.com\\\/actualidad\\\/wp-content\\\/uploads\\\/2023\\\/10\\\/foto-bici_0.webp\",\"datePublished\":\"2023-10-23T09:59:16+00:00\",\"description\":\"La adjudicaci\u00f3n efectiva del contrato de direcci\u00f3n de obra se llevar\u00e1 a cabo durante los a\u00f1os 2024 y 2025, cuando se adjudiquen las obras\",\"breadcrumb\":{\"@id\":\"https:\\\/\\\/www.laguiadepamplona.com\\\/actualidad\\\/licitada-la-direccion-de-obra-del-corredor-peatonal-y-ciclista-que-unira-pamplona-con-burlada-por-la-cuesta-de-beloso\\\/#breadcrumb\"},\"inLanguage\":\"es\",\"potentialAction\":[{\"@type\":\"ReadAction\",\"target\":[\"https:\\\/\\\/www.laguiadepamplona.com\\\/actualidad\\\/licitada-la-direccion-de-obra-del-corredor-peatonal-y-ciclista-que-unira-pamplona-con-burlada-por-la-cuesta-de-beloso\\\/\"]}]},{\"@type\":\"ImageObject\",\"inLanguage\":\"es\",\"@id\":\"https:\\\/\\\/www.laguiadepamplona.com\\\/actualidad\\\/licitada-la-direccion-de-obra-del-corredor-peatonal-y-ciclista-que-unira-pamplona-con-burlada-por-la-cuesta-de-beloso\\\/#primaryimage\",\"url\":\"https:\\\/\\\/www.laguiadepamplona.com\\\/actualidad\\\/wp-content\\\/uploads\\\/2023\\\/10\\\/foto-bici_0.webp\",\"contentUrl\":\"https:\\\/\\\/www.laguiadepamplona.com\\\/actualidad\\\/wp-content\\\/uploads\\\/2023\\\/10\\\/foto-bici_0.webp\",\"width\":1200,\"height\":800,\"caption\":\"carril bici\"},{\"@type\":\"BreadcrumbList\",\"@id\":\"https:\\\/\\\/www.laguiadepamplona.com\\\/actualidad\\\/licitada-la-direccion-de-obra-del-corredor-peatonal-y-ciclista-que-unira-pamplona-con-burlada-por-la-cuesta-de-beloso\\\/#breadcrumb\",\"itemListElement\":[{\"@type\":\"ListItem\",\"position\":1,\"name\":\"Portada\",\"item\":\"https:\\\/\\\/www.laguiadepamplona.com\\\/actualidad\\\/\"},{\"@type\":\"ListItem\",\"position\":2,\"name\":\"Licitada la direcci\u00f3n de obra del corredor peatonal y ciclista que unir\u00e1 Pamplona con Burlada por la cuesta de Beloso\"}]},{\"@type\":\"WebSite\",\"@id\":\"https:\\\/\\\/www.laguiadepamplona.com\\\/actualidad\\\/#website\",\"url\":\"https:\\\/\\\/www.laguiadepamplona.com\\\/actualidad\\\/\",\"name\":\"La gu\u00eda de Pamplona\",\"description\":\"Noticias de Pamplona\",\"publisher\":{\"@id\":\"https:\\\/\\\/www.laguiadepamplona.com\\\/actualidad\\\/#organization\"},\"potentialAction\":[{\"@type\":\"SearchAction\",\"target\":{\"@type\":\"EntryPoint\",\"urlTemplate\":\"https:\\\/\\\/www.laguiadepamplona.com\\\/actualidad\\\/?s={search_term_string}\"},\"query-input\":{\"@type\":\"PropertyValueSpecification\",\"valueRequired\":true,\"valueName\":\"search_term_string\"}}],\"inLanguage\":\"es\"},{\"@type\":\"Organization\",\"@id\":\"https:\\\/\\\/www.laguiadepamplona.com\\\/actualidad\\\/#organization\",\"name\":\"La Gu\u00eda de Pamplona \\\/ Noticias\",\"url\":\"https:\\\/\\\/www.laguiadepamplona.com\\\/actualidad\\\/\",\"logo\":{\"@type\":\"ImageObject\",\"inLanguage\":\"es\",\"@id\":\"https:\\\/\\\/www.laguiadepamplona.com\\\/actualidad\\\/#\\\/schema\\\/logo\\\/image\\\/\",\"url\":\"https:\\\/\\\/www.laguiadepamplona.com\\\/actualidad\\\/wp-content\\\/uploads\\\/2018\\\/11\\\/logo-laguiadepamplona18-web1.png\",\"contentUrl\":\"https:\\\/\\\/www.laguiadepamplona.com\\\/actualidad\\\/wp-content\\\/uploads\\\/2018\\\/11\\\/logo-laguiadepamplona18-web1.png\",\"width\":600,\"height\":196,\"caption\":\"La Gu\u00eda de Pamplona \\\/ Noticias\"},\"image\":{\"@id\":\"https:\\\/\\\/www.laguiadepamplona.com\\\/actualidad\\\/#\\\/schema\\\/logo\\\/image\\\/\"},\"sameAs\":[\"https:\\\/\\\/www.facebook.com\\\/laguiadepamplonacom-133175176762273\\\/?ref=hl\",\"https:\\\/\\\/x.com\\\/LaGuiadPamplona\",\"https:\\\/\\\/www.instagram.com\\\/la_guia_de_pamplona\\\/\",\"https:\\\/\\\/www.youtube.com\\\/user\\\/laguiadepamplona\"]},{\"@type\":\"Person\",\"@id\":\"https:\\\/\\\/www.laguiadepamplona.com\\\/actualidad\\\/#\\\/schema\\\/person\\\/efe887376f0213d4657c93adc50b1fdb\",\"name\":\"La Gu\u00eda de Pamplona\",\"image\":{\"@type\":\"ImageObject\",\"inLanguage\":\"es\",\"@id\":\"https:\\\/\\\/secure.gravatar.com\\\/avatar\\\/b6992f131dc8d30ab0dff15446e9d346d9dbd95992de0fef795073f5ea83a81c?s=96&d=mm&r=g\",\"url\":\"https:\\\/\\\/secure.gravatar.com\\\/avatar\\\/b6992f131dc8d30ab0dff15446e9d346d9dbd95992de0fef795073f5ea83a81c?s=96&d=mm&r=g\",\"contentUrl\":\"https:\\\/\\\/secure.gravatar.com\\\/avatar\\\/b6992f131dc8d30ab0dff15446e9d346d9dbd95992de0fef795073f5ea83a81c?s=96&d=mm&r=g\",\"caption\":\"La Gu\u00eda de Pamplona\"}}]}<\/script>\n<!-- \/ Yoast SEO plugin. -->","yoast_head_json":{"title":"Licitada la direcci\u00f3n de obra del corredor peatonal y ciclista que unir\u00e1 Pamplona con Burlada por la cuesta de Beloso","description":"La adjudicaci\u00f3n efectiva del contrato de direcci\u00f3n de obra se llevar\u00e1 a cabo durante los a\u00f1os 2024 y 2025, cuando se adjudiquen las obras","robots":{"index":"index","follow":"follow","max-snippet":"max-snippet:-1","max-image-preview":"max-image-preview:large","max-video-preview":"max-video-preview:-1"},"canonical":"https:\/\/www.laguiadepamplona.com\/actualidad\/licitada-la-direccion-de-obra-del-corredor-peatonal-y-ciclista-que-unira-pamplona-con-burlada-por-la-cuesta-de-beloso\/","og_locale":"es_ES","og_type":"article","og_title":"Licitada la direcci\u00f3n de obra del corredor peatonal y ciclista que unir\u00e1 Pamplona con Burlada por la cuesta de Beloso","og_description":"La adjudicaci\u00f3n efectiva del contrato de direcci\u00f3n de obra se llevar\u00e1 a cabo durante los a\u00f1os 2024 y 2025, cuando se adjudiquen las obras","og_url":"https:\/\/www.laguiadepamplona.com\/actualidad\/licitada-la-direccion-de-obra-del-corredor-peatonal-y-ciclista-que-unira-pamplona-con-burlada-por-la-cuesta-de-beloso\/","og_site_name":"La Gu\u00eda de Pamplona","article_publisher":"https:\/\/www.facebook.com\/laguiadepamplonacom-133175176762273\/?ref=hl","article_published_time":"2023-10-23T09:59:16+00:00","og_image":[{"width":1200,"height":800,"url":"https:\/\/www.laguiadepamplona.com\/actualidad\/wp-content\/uploads\/2023\/10\/foto-bici_0.webp","type":"image\/webp"}],"author":"La Gu\u00eda de Pamplona","twitter_card":"summary_large_image","twitter_creator":"@LaGuiadPamplona","twitter_site":"@LaGuiadPamplona","twitter_misc":{"Escrito por":"La Gu\u00eda de Pamplona","Tiempo de lectura":"2 minutos"},"schema":{"@context":"https:\/\/schema.org","@graph":[{"@type":"Article","@id":"https:\/\/www.laguiadepamplona.com\/actualidad\/licitada-la-direccion-de-obra-del-corredor-peatonal-y-ciclista-que-unira-pamplona-con-burlada-por-la-cuesta-de-beloso\/#article","isPartOf":{"@id":"https:\/\/www.laguiadepamplona.com\/actualidad\/licitada-la-direccion-de-obra-del-corredor-peatonal-y-ciclista-que-unira-pamplona-con-burlada-por-la-cuesta-de-beloso\/"},"author":{"name":"La Gu\u00eda de Pamplona","@id":"https:\/\/www.laguiadepamplona.com\/actualidad\/#\/schema\/person\/efe887376f0213d4657c93adc50b1fdb"},"headline":"Licitada la direcci\u00f3n de obra del corredor peatonal y ciclista que unir\u00e1 Pamplona con Burlada por la cuesta de Beloso","datePublished":"2023-10-23T09:59:16+00:00","mainEntityOfPage":{"@id":"https:\/\/www.laguiadepamplona.com\/actualidad\/licitada-la-direccion-de-obra-del-corredor-peatonal-y-ciclista-que-unira-pamplona-con-burlada-por-la-cuesta-de-beloso\/"},"wordCount":441,"commentCount":0,"publisher":{"@id":"https:\/\/www.laguiadepamplona.com\/actualidad\/#organization"},"image":{"@id":"https:\/\/www.laguiadepamplona.com\/actualidad\/licitada-la-direccion-de-obra-del-corredor-peatonal-y-ciclista-que-unira-pamplona-con-burlada-por-la-cuesta-de-beloso\/#primaryimage"},"thumbnailUrl":"https:\/\/www.laguiadepamplona.com\/actualidad\/wp-content\/uploads\/2023\/10\/foto-bici_0.webp","articleSection":["Ayto Pamplona"],"inLanguage":"es","potentialAction":[{"@type":"CommentAction","name":"Comment","target":["https:\/\/www.laguiadepamplona.com\/actualidad\/licitada-la-direccion-de-obra-del-corredor-peatonal-y-ciclista-que-unira-pamplona-con-burlada-por-la-cuesta-de-beloso\/#respond"]}]},{"@type":"WebPage","@id":"https:\/\/www.laguiadepamplona.com\/actualidad\/licitada-la-direccion-de-obra-del-corredor-peatonal-y-ciclista-que-unira-pamplona-con-burlada-por-la-cuesta-de-beloso\/","url":"https:\/\/www.laguiadepamplona.com\/actualidad\/licitada-la-direccion-de-obra-del-corredor-peatonal-y-ciclista-que-unira-pamplona-con-burlada-por-la-cuesta-de-beloso\/","name":"Licitada la direcci\u00f3n de obra del corredor peatonal y ciclista que unir\u00e1 Pamplona con Burlada por la cuesta de Beloso","isPartOf":{"@id":"https:\/\/www.laguiadepamplona.com\/actualidad\/#website"},"primaryImageOfPage":{"@id":"https:\/\/www.laguiadepamplona.com\/actualidad\/licitada-la-direccion-de-obra-del-corredor-peatonal-y-ciclista-que-unira-pamplona-con-burlada-por-la-cuesta-de-beloso\/#primaryimage"},"image":{"@id":"https:\/\/www.laguiadepamplona.com\/actualidad\/licitada-la-direccion-de-obra-del-corredor-peatonal-y-ciclista-que-unira-pamplona-con-burlada-por-la-cuesta-de-beloso\/#primaryimage"},"thumbnailUrl":"https:\/\/www.laguiadepamplona.com\/actualidad\/wp-content\/uploads\/2023\/10\/foto-bici_0.webp","datePublished":"2023-10-23T09:59:16+00:00","description":"La adjudicaci\u00f3n efectiva del contrato de direcci\u00f3n de obra se llevar\u00e1 a cabo durante los a\u00f1os 2024 y 2025, cuando se adjudiquen las obras","breadcrumb":{"@id":"https:\/\/www.laguiadepamplona.com\/actualidad\/licitada-la-direccion-de-obra-del-corredor-peatonal-y-ciclista-que-unira-pamplona-con-burlada-por-la-cuesta-de-beloso\/#breadcrumb"},"inLanguage":"es","potentialAction":[{"@type":"ReadAction","target":["https:\/\/www.laguiadepamplona.com\/actualidad\/licitada-la-direccion-de-obra-del-corredor-peatonal-y-ciclista-que-unira-pamplona-con-burlada-por-la-cuesta-de-beloso\/"]}]},{"@type":"ImageObject","inLanguage":"es","@id":"https:\/\/www.laguiadepamplona.com\/actualidad\/licitada-la-direccion-de-obra-del-corredor-peatonal-y-ciclista-que-unira-pamplona-con-burlada-por-la-cuesta-de-beloso\/#primaryimage","url":"https:\/\/www.laguiadepamplona.com\/actualidad\/wp-content\/uploads\/2023\/10\/foto-bici_0.webp","contentUrl":"https:\/\/www.laguiadepamplona.com\/actualidad\/wp-content\/uploads\/2023\/10\/foto-bici_0.webp","width":1200,"height":800,"caption":"carril bici"},{"@type":"BreadcrumbList","@id":"https:\/\/www.laguiadepamplona.com\/actualidad\/licitada-la-direccion-de-obra-del-corredor-peatonal-y-ciclista-que-unira-pamplona-con-burlada-por-la-cuesta-de-beloso\/#breadcrumb","itemListElement":[{"@type":"ListItem","position":1,"name":"Portada","item":"https:\/\/www.laguiadepamplona.com\/actualidad\/"},{"@type":"ListItem","position":2,"name":"Licitada la direcci\u00f3n de obra del corredor peatonal y ciclista que unir\u00e1 Pamplona con Burlada por la cuesta de Beloso"}]},{"@type":"WebSite","@id":"https:\/\/www.laguiadepamplona.com\/actualidad\/#website","url":"https:\/\/www.laguiadepamplona.com\/actualidad\/","name":"La gu\u00eda de Pamplona","description":"Noticias de Pamplona","publisher":{"@id":"https:\/\/www.laguiadepamplona.com\/actualidad\/#organization"},"potentialAction":[{"@type":"SearchAction","target":{"@type":"EntryPoint","urlTemplate":"https:\/\/www.laguiadepamplona.com\/actualidad\/?s={search_term_string}"},"query-input":{"@type":"PropertyValueSpecification","valueRequired":true,"valueName":"search_term_string"}}],"inLanguage":"es"},{"@type":"Organization","@id":"https:\/\/www.laguiadepamplona.com\/actualidad\/#organization","name":"La Gu\u00eda de Pamplona \/ Noticias","url":"https:\/\/www.laguiadepamplona.com\/actualidad\/","logo":{"@type":"ImageObject","inLanguage":"es","@id":"https:\/\/www.laguiadepamplona.com\/actualidad\/#\/schema\/logo\/image\/","url":"https:\/\/www.laguiadepamplona.com\/actualidad\/wp-content\/uploads\/2018\/11\/logo-laguiadepamplona18-web1.png","contentUrl":"https:\/\/www.laguiadepamplona.com\/actualidad\/wp-content\/uploads\/2018\/11\/logo-laguiadepamplona18-web1.png","width":600,"height":196,"caption":"La Gu\u00eda de Pamplona \/ Noticias"},"image":{"@id":"https:\/\/www.laguiadepamplona.com\/actualidad\/#\/schema\/logo\/image\/"},"sameAs":["https:\/\/www.facebook.com\/laguiadepamplonacom-133175176762273\/?ref=hl","https:\/\/x.com\/LaGuiadPamplona","https:\/\/www.instagram.com\/la_guia_de_pamplona\/","https:\/\/www.youtube.com\/user\/laguiadepamplona"]},{"@type":"Person","@id":"https:\/\/www.laguiadepamplona.com\/actualidad\/#\/schema\/person\/efe887376f0213d4657c93adc50b1fdb","name":"La Gu\u00eda de Pamplona","image":{"@type":"ImageObject","inLanguage":"es","@id":"https:\/\/secure.gravatar.com\/avatar\/b6992f131dc8d30ab0dff15446e9d346d9dbd95992de0fef795073f5ea83a81c?s=96&d=mm&r=g","url":"https:\/\/secure.gravatar.com\/avatar\/b6992f131dc8d30ab0dff15446e9d346d9dbd95992de0fef795073f5ea83a81c?s=96&d=mm&r=g","contentUrl":"https:\/\/secure.gravatar.com\/avatar\/b6992f131dc8d30ab0dff15446e9d346d9dbd95992de0fef795073f5ea83a81c?s=96&d=mm&r=g","caption":"La Gu\u00eda de Pamplona"}}]}},"post_mailing_queue_ids":[],"_links":{"self":[{"href":"https:\/\/www.laguiadepamplona.com\/actualidad\/wp-json\/wp\/v2\/posts\/47675","targetHints":{"allow":["GET"]}}],"collection":[{"href":"https:\/\/www.laguiadepamplona.com\/actualidad\/wp-json\/wp\/v2\/posts"}],"about":[{"href":"https:\/\/www.laguiadepamplona.com\/actualidad\/wp-json\/wp\/v2\/types\/post"}],"author":[{"embeddable":true,"href":"https:\/\/www.laguiadepamplona.com\/actualidad\/wp-json\/wp\/v2\/users\/1"}],"replies":[{"embeddable":true,"href":"https:\/\/www.laguiadepamplona.com\/actualidad\/wp-json\/wp\/v2\/comments?post=47675"}],"version-history":[{"count":1,"href":"https:\/\/www.laguiadepamplona.com\/actualidad\/wp-json\/wp\/v2\/posts\/47675\/revisions"}],"predecessor-version":[{"id":47677,"href":"https:\/\/www.laguiadepamplona.com\/actualidad\/wp-json\/wp\/v2\/posts\/47675\/revisions\/47677"}],"wp:featuredmedia":[{"embeddable":true,"href":"https:\/\/www.laguiadepamplona.com\/actualidad\/wp-json\/wp\/v2\/media\/47676"}],"wp:attachment":[{"href":"https:\/\/www.laguiadepamplona.com\/actualidad\/wp-json\/wp\/v2\/media?parent=47675"}],"wp:term":[{"taxonomy":"category","embeddable":true,"href":"https:\/\/www.laguiadepamplona.com\/actualidad\/wp-json\/wp\/v2\/categories?post=47675"},{"taxonomy":"post_tag","embeddable":true,"href":"https:\/\/www.laguiadepamplona.com\/actualidad\/wp-json\/wp\/v2\/tags?post=47675"}],"curies":[{"name":"wp","href":"https:\/\/api.w.org\/{rel}","templated":true}]}}