{"id":47672,"date":"2023-10-23T11:57:43","date_gmt":"2023-10-23T09:57:43","guid":{"rendered":"https:\/\/www.laguiadepamplona.com\/actualidad\/?p=47672"},"modified":"2023-10-23T11:57:43","modified_gmt":"2023-10-23T09:57:43","slug":"la-rehabilitacion-de-casa-arraiza-y-su-entorno-en-el-parque-de-aranzadi-da-sus-primeros-pasos-con-la-licitacion-de-la-redaccion-del-proyecto-de-reforma-y-direccion-de-obra","status":"publish","type":"post","link":"https:\/\/www.laguiadepamplona.com\/actualidad\/la-rehabilitacion-de-casa-arraiza-y-su-entorno-en-el-parque-de-aranzadi-da-sus-primeros-pasos-con-la-licitacion-de-la-redaccion-del-proyecto-de-reforma-y-direccion-de-obra\/","title":{"rendered":"La rehabilitaci\u00f3n de Casa Arraiza y su entorno, en el parque de Aranzadi, da sus primeros pasos con la licitaci\u00f3n de la redacci\u00f3n del proyecto de reforma y direcci\u00f3n de obra"},"content":{"rendered":"<h3>El contrato contempla la reforma de dos edificios y los espacios exteriores para usos de inter\u00e9s general, como residencia de arte o \u00e1rea de hosteler\u00eda<\/h3>\n<p><!--more--><\/p>\n<p>La rehabilitaci\u00f3n de Casa Arraiza y su entorno da sus primeros pasos con la licitaci\u00f3n del proyecto de reforma. La Junta de Gobierno Local del Ayuntamiento de Pamplona ha aprobado la licitaci\u00f3n del contrato de redacci\u00f3n del proyecto de reforma y direcci\u00f3n de obra. La licitaci\u00f3n parte de un importe m\u00e1ximo de 205.700 euros (IVA incluido), dividido en dos anualidades de 102.850 euros, para 2023 y 2024. La mitad del importe del contrato corresponde a la redacci\u00f3n del proyecto de reforma y la otra mitad, a la direcci\u00f3n de la obra de reforma de los edificios, si en su caso, se llega a materializar la obra.<br \/>\n<script async src=\"\/\/pagead2.googlesyndication.com\/pagead\/js\/adsbygoogle.js\"><\/script><br \/>\n<!-- Noticias La Guia de Pamplona --><br \/>\n<ins class=\"adsbygoogle\"\nstyle=\"display:block\"\ndata-ad-client=\"ca-pub-6943679897239327\"\ndata-ad-slot=\"7048180777\"\ndata-ad-format=\"auto\"><\/ins><br \/>\n<script>\n(adsbygoogle = window.adsbygoogle || []).push({});\n<\/script><\/p>\n<p><strong>La rehabilitaci\u00f3n la ha presentado esta ma\u00f1ana el concejal especial de Desarrollo Sostenible y Proyectos Estrat\u00e9gicos, Aitor Silgado.<\/strong><\/p>\n<p>El contrato contempla la redacci\u00f3n del proyecto de reforma de Casa Arraiza, Casa de Invitados y espacios exteriores de la parcela que acoge estas edificaciones, en el parque de Aranzadi. La intervenci\u00f3n pretende rehabilitar tanto los edificios como el entorno, que se encuentran en estado de deterioro, para destinarlos a usos de inter\u00e9s general, como una zona de hosteler\u00eda en la planta baja y una zona de exposiciones en plantas elevadas del edificio. La direcci\u00f3n t\u00e9cnica de la obra queda condicionada a la futura adjudicaci\u00f3n del contrato de obra que se realice sobre la base del proyecto de reforma aprobado.<\/p>\n<p>La duraci\u00f3n del contrato correspondiente a la redacci\u00f3n del proyecto ser\u00e1 de 120 d\u00edas naturales, mientras que la direcci\u00f3n de obra durar\u00e1 lo mismo que dure la ejecuci\u00f3n de los trabajos. El anteproyecto de redacci\u00f3n deber\u00e1 entregarse en un plazo m\u00e1ximo de 30 d\u00edas naturales y el proyecto de ejecuci\u00f3n, en 90 d\u00edas naturales. El contrato no contempla posibles pr\u00f3rrogas. Los criterios de adjudicaci\u00f3n incluyen la propuesta t\u00e9cnica, valorada hasta con 70 puntos; la oferta econ\u00f3mica, con un m\u00e1ximo de 20 puntos; y el criterio social, con 10 puntos.<br \/>\n<script async src=\"\/\/pagead2.googlesyndication.com\/pagead\/js\/adsbygoogle.js\"><\/script><br \/>\n<!-- Noticias La Guia de Pamplona --><br \/>\n<ins class=\"adsbygoogle\"\nstyle=\"display:block\"\ndata-ad-client=\"ca-pub-6943679897239327\"\ndata-ad-slot=\"7048180777\"\ndata-ad-format=\"auto\"><\/ins><br \/>\n<script>\n(adsbygoogle = window.adsbygoogle || []).push({});\n<\/script><\/p>\n<p><strong>Un siglo de historia<\/strong><\/p>\n<p>La denominada Casa Arraiza y la Casa de Invitados se encuentran, en estado de abandono, en el parque de Aranzadi, en una parcela situada entre el complejo deportivo y Casa Gurbindo. El \u00e1rea, con una superficie de 7.650 metros cuadrados, cuenta con cuatro accesos, una pista de tenis, zonas arboladas y un refugio para gatos. Una vez recuperada la zona, podr\u00eda albergar una zona de hosteler\u00eda y otra de exposiciones, seg\u00fan los resultados de un concurso p\u00fablico de ideas.<\/p>\n<p>El edificio Casa Arraiza se construy\u00f3 en 1915, seg\u00fan el proyecto del arquitecto Emilio de Otaduy promovido por el industrial de origen vizca\u00edno Jos\u00e9 Luis Ybarra. Originalmente, constaba de s\u00f3tano, planta baja y planta superior, con un estilo de casa t\u00edpica andaluza, un patio central con una fuente arabesca, azulejos en fachada y paramentos interiores. En el entorno se halla un cenador con cubierta de c\u00fapula de hierro, una zona de p\u00e9rgolas con arbustos ornamentales y bancos de piedra y un jard\u00edn arbolado con diferentes especies.<\/p>\n<p>La Casa de Invitados data de mediados del siglo pasado y fue construida para los guardas y jardineros. Consta de planta baja en toda su extensi\u00f3n y de planta primera en la parte oeste. Es una casa \u2013 patio, a la que se acced\u00eda originalmente a trav\u00e9s de una galer\u00eda arcada. En el centro del patio hay un pozo y, en la fachada del cuerpo alto, una jardinera escalonada sustentada en m\u00e9nsulas de piedra.<br \/>\n<script async src=\"\/\/pagead2.googlesyndication.com\/pagead\/js\/adsbygoogle.js\"><\/script><br \/>\n<!-- Noticias La Guia de Pamplona --><br \/>\n<ins class=\"adsbygoogle\"\nstyle=\"display:block\"\ndata-ad-client=\"ca-pub-6943679897239327\"\ndata-ad-slot=\"7048180777\"\ndata-ad-format=\"auto\"><\/ins><br \/>\n<script>\n(adsbygoogle = window.adsbygoogle || []).push({});\n<\/script><\/p>\n<p>Entre los dos inmuebles se encuentra una antigua pista de tenis, invadida por hierbas y arbustos de bajo porte y flaqueada por \u00e1rboles y arbustos de tama\u00f1o medio. Frente a la Casa de Invitados se encuentra el refugio Aranzadi Katuak, dedicado al cuidado y protecci\u00f3n de gatos, que consta de un edificio de precaria construcci\u00f3n y un recinto vallado anexo.<\/p>\n<p>El Ayuntamiento de Pamplona adquiri\u00f3 la parcela entera en 2008, con motivo de las obras de reforma del parque, pero se firm\u00f3 un convenio con la familia Arraiza para que pudieran habilitar la casa hasta la ejecuci\u00f3n de la segunda fase del parque. Desde entonces, las partes de la parcela y la casa que no han estado habitadas han sido vandalizadas de forma reiterada. Tras la salida definitiva de la familia Arraiza por las obras de la segunda fase de Aranzadi, en julio de 2022, el Ayuntamiento de Pamplona tapi\u00f3 los accesos a ambas casas como medida preventiva.<\/p>\n","protected":false},"excerpt":{"rendered":"<p>El contrato contempla la reforma de dos edificios y los espacios exteriores para usos de inter\u00e9s general, como residencia de arte o \u00e1rea de hosteler\u00eda<\/p>\n","protected":false},"author":1,"featured_media":47673,"comment_status":"open","ping_status":"closed","sticky":false,"template":"","format":"standard","meta":{"footnotes":""},"categories":[2],"tags":[],"class_list":["post-47672","post","type-post","status-publish","format-standard","has-post-thumbnail","hentry","category-ayuntamiento-pamplona"],"yoast_head":"<!-- This site is optimized with the Yoast SEO plugin v27.3 - https:\/\/yoast.com\/product\/yoast-seo-wordpress\/ -->\n<title>La rehabilitaci\u00f3n de Casa Arraiza y su entorno, en el parque de Aranzadi, da sus primeros pasos con la licitaci\u00f3n de la redacci\u00f3n del proyecto de reforma y direcci\u00f3n de obra<\/title>\n<meta name=\"description\" content=\"El contrato contempla la reforma de dos edificios y los espacios exteriores para usos de inter\u00e9s general, como residencia de arte o \u00e1rea de hosteler\u00eda\" \/>\n<meta name=\"robots\" content=\"index, follow, max-snippet:-1, max-image-preview:large, max-video-preview:-1\" \/>\n<link rel=\"canonical\" href=\"https:\/\/www.laguiadepamplona.com\/actualidad\/la-rehabilitacion-de-casa-arraiza-y-su-entorno-en-el-parque-de-aranzadi-da-sus-primeros-pasos-con-la-licitacion-de-la-redaccion-del-proyecto-de-reforma-y-direccion-de-obra\/\" \/>\n<meta property=\"og:locale\" content=\"es_ES\" \/>\n<meta property=\"og:type\" content=\"article\" \/>\n<meta property=\"og:title\" content=\"La rehabilitaci\u00f3n de Casa Arraiza y su entorno, en el parque de Aranzadi, da sus primeros pasos con la licitaci\u00f3n de la redacci\u00f3n del proyecto de reforma y direcci\u00f3n de obra\" \/>\n<meta property=\"og:description\" content=\"El contrato contempla la reforma de dos edificios y los espacios exteriores para usos de inter\u00e9s general, como residencia de arte o \u00e1rea de hosteler\u00eda\" \/>\n<meta property=\"og:url\" content=\"https:\/\/www.laguiadepamplona.com\/actualidad\/la-rehabilitacion-de-casa-arraiza-y-su-entorno-en-el-parque-de-aranzadi-da-sus-primeros-pasos-con-la-licitacion-de-la-redaccion-del-proyecto-de-reforma-y-direccion-de-obra\/\" \/>\n<meta property=\"og:site_name\" content=\"La Gu\u00eda de Pamplona\" \/>\n<meta property=\"article:publisher\" content=\"https:\/\/www.facebook.com\/laguiadepamplonacom-133175176762273\/?ref=hl\" \/>\n<meta property=\"article:published_time\" content=\"2023-10-23T09:57:43+00:00\" \/>\n<meta property=\"og:image\" content=\"https:\/\/www.laguiadepamplona.com\/actualidad\/wp-content\/uploads\/2023\/10\/23.04.28_rehabilitacion_casa_arraiza_0.webp\" \/>\n\t<meta property=\"og:image:width\" content=\"1002\" \/>\n\t<meta property=\"og:image:height\" content=\"1002\" \/>\n\t<meta property=\"og:image:type\" content=\"image\/webp\" \/>\n<meta name=\"author\" content=\"La Gu\u00eda de Pamplona\" \/>\n<meta name=\"twitter:card\" content=\"summary_large_image\" \/>\n<meta name=\"twitter:creator\" content=\"@LaGuiadPamplona\" \/>\n<meta name=\"twitter:site\" content=\"@LaGuiadPamplona\" \/>\n<meta name=\"twitter:label1\" content=\"Escrito por\" \/>\n\t<meta name=\"twitter:data1\" content=\"La Gu\u00eda de Pamplona\" \/>\n\t<meta name=\"twitter:label2\" content=\"Tiempo de lectura\" \/>\n\t<meta name=\"twitter:data2\" content=\"4 minutos\" \/>\n<script type=\"application\/ld+json\" class=\"yoast-schema-graph\">{\"@context\":\"https:\\\/\\\/schema.org\",\"@graph\":[{\"@type\":\"Article\",\"@id\":\"https:\\\/\\\/www.laguiadepamplona.com\\\/actualidad\\\/la-rehabilitacion-de-casa-arraiza-y-su-entorno-en-el-parque-de-aranzadi-da-sus-primeros-pasos-con-la-licitacion-de-la-redaccion-del-proyecto-de-reforma-y-direccion-de-obra\\\/#article\",\"isPartOf\":{\"@id\":\"https:\\\/\\\/www.laguiadepamplona.com\\\/actualidad\\\/la-rehabilitacion-de-casa-arraiza-y-su-entorno-en-el-parque-de-aranzadi-da-sus-primeros-pasos-con-la-licitacion-de-la-redaccion-del-proyecto-de-reforma-y-direccion-de-obra\\\/\"},\"author\":{\"name\":\"La Gu\u00eda de Pamplona\",\"@id\":\"https:\\\/\\\/www.laguiadepamplona.com\\\/actualidad\\\/#\\\/schema\\\/person\\\/efe887376f0213d4657c93adc50b1fdb\"},\"headline\":\"La rehabilitaci\u00f3n de Casa Arraiza y su entorno, en el parque de Aranzadi, da sus primeros pasos con la licitaci\u00f3n de la redacci\u00f3n del proyecto de reforma y direcci\u00f3n de obra\",\"datePublished\":\"2023-10-23T09:57:43+00:00\",\"mainEntityOfPage\":{\"@id\":\"https:\\\/\\\/www.laguiadepamplona.com\\\/actualidad\\\/la-rehabilitacion-de-casa-arraiza-y-su-entorno-en-el-parque-de-aranzadi-da-sus-primeros-pasos-con-la-licitacion-de-la-redaccion-del-proyecto-de-reforma-y-direccion-de-obra\\\/\"},\"wordCount\":815,\"commentCount\":0,\"publisher\":{\"@id\":\"https:\\\/\\\/www.laguiadepamplona.com\\\/actualidad\\\/#organization\"},\"image\":{\"@id\":\"https:\\\/\\\/www.laguiadepamplona.com\\\/actualidad\\\/la-rehabilitacion-de-casa-arraiza-y-su-entorno-en-el-parque-de-aranzadi-da-sus-primeros-pasos-con-la-licitacion-de-la-redaccion-del-proyecto-de-reforma-y-direccion-de-obra\\\/#primaryimage\"},\"thumbnailUrl\":\"https:\\\/\\\/www.laguiadepamplona.com\\\/actualidad\\\/wp-content\\\/uploads\\\/2023\\\/10\\\/23.04.28_rehabilitacion_casa_arraiza_0.webp\",\"articleSection\":[\"Ayto Pamplona\"],\"inLanguage\":\"es\",\"potentialAction\":[{\"@type\":\"CommentAction\",\"name\":\"Comment\",\"target\":[\"https:\\\/\\\/www.laguiadepamplona.com\\\/actualidad\\\/la-rehabilitacion-de-casa-arraiza-y-su-entorno-en-el-parque-de-aranzadi-da-sus-primeros-pasos-con-la-licitacion-de-la-redaccion-del-proyecto-de-reforma-y-direccion-de-obra\\\/#respond\"]}]},{\"@type\":\"WebPage\",\"@id\":\"https:\\\/\\\/www.laguiadepamplona.com\\\/actualidad\\\/la-rehabilitacion-de-casa-arraiza-y-su-entorno-en-el-parque-de-aranzadi-da-sus-primeros-pasos-con-la-licitacion-de-la-redaccion-del-proyecto-de-reforma-y-direccion-de-obra\\\/\",\"url\":\"https:\\\/\\\/www.laguiadepamplona.com\\\/actualidad\\\/la-rehabilitacion-de-casa-arraiza-y-su-entorno-en-el-parque-de-aranzadi-da-sus-primeros-pasos-con-la-licitacion-de-la-redaccion-del-proyecto-de-reforma-y-direccion-de-obra\\\/\",\"name\":\"La rehabilitaci\u00f3n de Casa Arraiza y su entorno, en el parque de Aranzadi, da sus primeros pasos con la licitaci\u00f3n de la redacci\u00f3n del proyecto de reforma y direcci\u00f3n de obra\",\"isPartOf\":{\"@id\":\"https:\\\/\\\/www.laguiadepamplona.com\\\/actualidad\\\/#website\"},\"primaryImageOfPage\":{\"@id\":\"https:\\\/\\\/www.laguiadepamplona.com\\\/actualidad\\\/la-rehabilitacion-de-casa-arraiza-y-su-entorno-en-el-parque-de-aranzadi-da-sus-primeros-pasos-con-la-licitacion-de-la-redaccion-del-proyecto-de-reforma-y-direccion-de-obra\\\/#primaryimage\"},\"image\":{\"@id\":\"https:\\\/\\\/www.laguiadepamplona.com\\\/actualidad\\\/la-rehabilitacion-de-casa-arraiza-y-su-entorno-en-el-parque-de-aranzadi-da-sus-primeros-pasos-con-la-licitacion-de-la-redaccion-del-proyecto-de-reforma-y-direccion-de-obra\\\/#primaryimage\"},\"thumbnailUrl\":\"https:\\\/\\\/www.laguiadepamplona.com\\\/actualidad\\\/wp-content\\\/uploads\\\/2023\\\/10\\\/23.04.28_rehabilitacion_casa_arraiza_0.webp\",\"datePublished\":\"2023-10-23T09:57:43+00:00\",\"description\":\"El contrato contempla la reforma de dos edificios y los espacios exteriores para usos de inter\u00e9s general, como residencia de arte o \u00e1rea de hosteler\u00eda\",\"breadcrumb\":{\"@id\":\"https:\\\/\\\/www.laguiadepamplona.com\\\/actualidad\\\/la-rehabilitacion-de-casa-arraiza-y-su-entorno-en-el-parque-de-aranzadi-da-sus-primeros-pasos-con-la-licitacion-de-la-redaccion-del-proyecto-de-reforma-y-direccion-de-obra\\\/#breadcrumb\"},\"inLanguage\":\"es\",\"potentialAction\":[{\"@type\":\"ReadAction\",\"target\":[\"https:\\\/\\\/www.laguiadepamplona.com\\\/actualidad\\\/la-rehabilitacion-de-casa-arraiza-y-su-entorno-en-el-parque-de-aranzadi-da-sus-primeros-pasos-con-la-licitacion-de-la-redaccion-del-proyecto-de-reforma-y-direccion-de-obra\\\/\"]}]},{\"@type\":\"ImageObject\",\"inLanguage\":\"es\",\"@id\":\"https:\\\/\\\/www.laguiadepamplona.com\\\/actualidad\\\/la-rehabilitacion-de-casa-arraiza-y-su-entorno-en-el-parque-de-aranzadi-da-sus-primeros-pasos-con-la-licitacion-de-la-redaccion-del-proyecto-de-reforma-y-direccion-de-obra\\\/#primaryimage\",\"url\":\"https:\\\/\\\/www.laguiadepamplona.com\\\/actualidad\\\/wp-content\\\/uploads\\\/2023\\\/10\\\/23.04.28_rehabilitacion_casa_arraiza_0.webp\",\"contentUrl\":\"https:\\\/\\\/www.laguiadepamplona.com\\\/actualidad\\\/wp-content\\\/uploads\\\/2023\\\/10\\\/23.04.28_rehabilitacion_casa_arraiza_0.webp\",\"width\":1002,\"height\":1002,\"caption\":\"casa arraiza\"},{\"@type\":\"BreadcrumbList\",\"@id\":\"https:\\\/\\\/www.laguiadepamplona.com\\\/actualidad\\\/la-rehabilitacion-de-casa-arraiza-y-su-entorno-en-el-parque-de-aranzadi-da-sus-primeros-pasos-con-la-licitacion-de-la-redaccion-del-proyecto-de-reforma-y-direccion-de-obra\\\/#breadcrumb\",\"itemListElement\":[{\"@type\":\"ListItem\",\"position\":1,\"name\":\"Portada\",\"item\":\"https:\\\/\\\/www.laguiadepamplona.com\\\/actualidad\\\/\"},{\"@type\":\"ListItem\",\"position\":2,\"name\":\"La rehabilitaci\u00f3n de Casa Arraiza y su entorno, en el parque de Aranzadi, da sus primeros pasos con la licitaci\u00f3n de la redacci\u00f3n del proyecto de reforma y direcci\u00f3n de obra\"}]},{\"@type\":\"WebSite\",\"@id\":\"https:\\\/\\\/www.laguiadepamplona.com\\\/actualidad\\\/#website\",\"url\":\"https:\\\/\\\/www.laguiadepamplona.com\\\/actualidad\\\/\",\"name\":\"La gu\u00eda de Pamplona\",\"description\":\"Noticias de Pamplona\",\"publisher\":{\"@id\":\"https:\\\/\\\/www.laguiadepamplona.com\\\/actualidad\\\/#organization\"},\"potentialAction\":[{\"@type\":\"SearchAction\",\"target\":{\"@type\":\"EntryPoint\",\"urlTemplate\":\"https:\\\/\\\/www.laguiadepamplona.com\\\/actualidad\\\/?s={search_term_string}\"},\"query-input\":{\"@type\":\"PropertyValueSpecification\",\"valueRequired\":true,\"valueName\":\"search_term_string\"}}],\"inLanguage\":\"es\"},{\"@type\":\"Organization\",\"@id\":\"https:\\\/\\\/www.laguiadepamplona.com\\\/actualidad\\\/#organization\",\"name\":\"La Gu\u00eda de Pamplona \\\/ Noticias\",\"url\":\"https:\\\/\\\/www.laguiadepamplona.com\\\/actualidad\\\/\",\"logo\":{\"@type\":\"ImageObject\",\"inLanguage\":\"es\",\"@id\":\"https:\\\/\\\/www.laguiadepamplona.com\\\/actualidad\\\/#\\\/schema\\\/logo\\\/image\\\/\",\"url\":\"https:\\\/\\\/www.laguiadepamplona.com\\\/actualidad\\\/wp-content\\\/uploads\\\/2018\\\/11\\\/logo-laguiadepamplona18-web1.png\",\"contentUrl\":\"https:\\\/\\\/www.laguiadepamplona.com\\\/actualidad\\\/wp-content\\\/uploads\\\/2018\\\/11\\\/logo-laguiadepamplona18-web1.png\",\"width\":600,\"height\":196,\"caption\":\"La Gu\u00eda de Pamplona \\\/ Noticias\"},\"image\":{\"@id\":\"https:\\\/\\\/www.laguiadepamplona.com\\\/actualidad\\\/#\\\/schema\\\/logo\\\/image\\\/\"},\"sameAs\":[\"https:\\\/\\\/www.facebook.com\\\/laguiadepamplonacom-133175176762273\\\/?ref=hl\",\"https:\\\/\\\/x.com\\\/LaGuiadPamplona\",\"https:\\\/\\\/www.instagram.com\\\/la_guia_de_pamplona\\\/\",\"https:\\\/\\\/www.youtube.com\\\/user\\\/laguiadepamplona\"]},{\"@type\":\"Person\",\"@id\":\"https:\\\/\\\/www.laguiadepamplona.com\\\/actualidad\\\/#\\\/schema\\\/person\\\/efe887376f0213d4657c93adc50b1fdb\",\"name\":\"La Gu\u00eda de Pamplona\",\"image\":{\"@type\":\"ImageObject\",\"inLanguage\":\"es\",\"@id\":\"https:\\\/\\\/secure.gravatar.com\\\/avatar\\\/b6992f131dc8d30ab0dff15446e9d346d9dbd95992de0fef795073f5ea83a81c?s=96&d=mm&r=g\",\"url\":\"https:\\\/\\\/secure.gravatar.com\\\/avatar\\\/b6992f131dc8d30ab0dff15446e9d346d9dbd95992de0fef795073f5ea83a81c?s=96&d=mm&r=g\",\"contentUrl\":\"https:\\\/\\\/secure.gravatar.com\\\/avatar\\\/b6992f131dc8d30ab0dff15446e9d346d9dbd95992de0fef795073f5ea83a81c?s=96&d=mm&r=g\",\"caption\":\"La Gu\u00eda de Pamplona\"}}]}<\/script>\n<!-- \/ Yoast SEO plugin. -->","yoast_head_json":{"title":"La rehabilitaci\u00f3n de Casa Arraiza y su entorno, en el parque de Aranzadi, da sus primeros pasos con la licitaci\u00f3n de la redacci\u00f3n del proyecto de reforma y direcci\u00f3n de obra","description":"El contrato contempla la reforma de dos edificios y los espacios exteriores para usos de inter\u00e9s general, como residencia de arte o \u00e1rea de hosteler\u00eda","robots":{"index":"index","follow":"follow","max-snippet":"max-snippet:-1","max-image-preview":"max-image-preview:large","max-video-preview":"max-video-preview:-1"},"canonical":"https:\/\/www.laguiadepamplona.com\/actualidad\/la-rehabilitacion-de-casa-arraiza-y-su-entorno-en-el-parque-de-aranzadi-da-sus-primeros-pasos-con-la-licitacion-de-la-redaccion-del-proyecto-de-reforma-y-direccion-de-obra\/","og_locale":"es_ES","og_type":"article","og_title":"La rehabilitaci\u00f3n de Casa Arraiza y su entorno, en el parque de Aranzadi, da sus primeros pasos con la licitaci\u00f3n de la redacci\u00f3n del proyecto de reforma y direcci\u00f3n de obra","og_description":"El contrato contempla la reforma de dos edificios y los espacios exteriores para usos de inter\u00e9s general, como residencia de arte o \u00e1rea de hosteler\u00eda","og_url":"https:\/\/www.laguiadepamplona.com\/actualidad\/la-rehabilitacion-de-casa-arraiza-y-su-entorno-en-el-parque-de-aranzadi-da-sus-primeros-pasos-con-la-licitacion-de-la-redaccion-del-proyecto-de-reforma-y-direccion-de-obra\/","og_site_name":"La Gu\u00eda de Pamplona","article_publisher":"https:\/\/www.facebook.com\/laguiadepamplonacom-133175176762273\/?ref=hl","article_published_time":"2023-10-23T09:57:43+00:00","og_image":[{"width":1002,"height":1002,"url":"https:\/\/www.laguiadepamplona.com\/actualidad\/wp-content\/uploads\/2023\/10\/23.04.28_rehabilitacion_casa_arraiza_0.webp","type":"image\/webp"}],"author":"La Gu\u00eda de Pamplona","twitter_card":"summary_large_image","twitter_creator":"@LaGuiadPamplona","twitter_site":"@LaGuiadPamplona","twitter_misc":{"Escrito por":"La Gu\u00eda de Pamplona","Tiempo de lectura":"4 minutos"},"schema":{"@context":"https:\/\/schema.org","@graph":[{"@type":"Article","@id":"https:\/\/www.laguiadepamplona.com\/actualidad\/la-rehabilitacion-de-casa-arraiza-y-su-entorno-en-el-parque-de-aranzadi-da-sus-primeros-pasos-con-la-licitacion-de-la-redaccion-del-proyecto-de-reforma-y-direccion-de-obra\/#article","isPartOf":{"@id":"https:\/\/www.laguiadepamplona.com\/actualidad\/la-rehabilitacion-de-casa-arraiza-y-su-entorno-en-el-parque-de-aranzadi-da-sus-primeros-pasos-con-la-licitacion-de-la-redaccion-del-proyecto-de-reforma-y-direccion-de-obra\/"},"author":{"name":"La Gu\u00eda de Pamplona","@id":"https:\/\/www.laguiadepamplona.com\/actualidad\/#\/schema\/person\/efe887376f0213d4657c93adc50b1fdb"},"headline":"La rehabilitaci\u00f3n de Casa Arraiza y su entorno, en el parque de Aranzadi, da sus primeros pasos con la licitaci\u00f3n de la redacci\u00f3n del proyecto de reforma y direcci\u00f3n de obra","datePublished":"2023-10-23T09:57:43+00:00","mainEntityOfPage":{"@id":"https:\/\/www.laguiadepamplona.com\/actualidad\/la-rehabilitacion-de-casa-arraiza-y-su-entorno-en-el-parque-de-aranzadi-da-sus-primeros-pasos-con-la-licitacion-de-la-redaccion-del-proyecto-de-reforma-y-direccion-de-obra\/"},"wordCount":815,"commentCount":0,"publisher":{"@id":"https:\/\/www.laguiadepamplona.com\/actualidad\/#organization"},"image":{"@id":"https:\/\/www.laguiadepamplona.com\/actualidad\/la-rehabilitacion-de-casa-arraiza-y-su-entorno-en-el-parque-de-aranzadi-da-sus-primeros-pasos-con-la-licitacion-de-la-redaccion-del-proyecto-de-reforma-y-direccion-de-obra\/#primaryimage"},"thumbnailUrl":"https:\/\/www.laguiadepamplona.com\/actualidad\/wp-content\/uploads\/2023\/10\/23.04.28_rehabilitacion_casa_arraiza_0.webp","articleSection":["Ayto Pamplona"],"inLanguage":"es","potentialAction":[{"@type":"CommentAction","name":"Comment","target":["https:\/\/www.laguiadepamplona.com\/actualidad\/la-rehabilitacion-de-casa-arraiza-y-su-entorno-en-el-parque-de-aranzadi-da-sus-primeros-pasos-con-la-licitacion-de-la-redaccion-del-proyecto-de-reforma-y-direccion-de-obra\/#respond"]}]},{"@type":"WebPage","@id":"https:\/\/www.laguiadepamplona.com\/actualidad\/la-rehabilitacion-de-casa-arraiza-y-su-entorno-en-el-parque-de-aranzadi-da-sus-primeros-pasos-con-la-licitacion-de-la-redaccion-del-proyecto-de-reforma-y-direccion-de-obra\/","url":"https:\/\/www.laguiadepamplona.com\/actualidad\/la-rehabilitacion-de-casa-arraiza-y-su-entorno-en-el-parque-de-aranzadi-da-sus-primeros-pasos-con-la-licitacion-de-la-redaccion-del-proyecto-de-reforma-y-direccion-de-obra\/","name":"La rehabilitaci\u00f3n de Casa Arraiza y su entorno, en el parque de Aranzadi, da sus primeros pasos con la licitaci\u00f3n de la redacci\u00f3n del proyecto de reforma y direcci\u00f3n de obra","isPartOf":{"@id":"https:\/\/www.laguiadepamplona.com\/actualidad\/#website"},"primaryImageOfPage":{"@id":"https:\/\/www.laguiadepamplona.com\/actualidad\/la-rehabilitacion-de-casa-arraiza-y-su-entorno-en-el-parque-de-aranzadi-da-sus-primeros-pasos-con-la-licitacion-de-la-redaccion-del-proyecto-de-reforma-y-direccion-de-obra\/#primaryimage"},"image":{"@id":"https:\/\/www.laguiadepamplona.com\/actualidad\/la-rehabilitacion-de-casa-arraiza-y-su-entorno-en-el-parque-de-aranzadi-da-sus-primeros-pasos-con-la-licitacion-de-la-redaccion-del-proyecto-de-reforma-y-direccion-de-obra\/#primaryimage"},"thumbnailUrl":"https:\/\/www.laguiadepamplona.com\/actualidad\/wp-content\/uploads\/2023\/10\/23.04.28_rehabilitacion_casa_arraiza_0.webp","datePublished":"2023-10-23T09:57:43+00:00","description":"El contrato contempla la reforma de dos edificios y los espacios exteriores para usos de inter\u00e9s general, como residencia de arte o \u00e1rea de hosteler\u00eda","breadcrumb":{"@id":"https:\/\/www.laguiadepamplona.com\/actualidad\/la-rehabilitacion-de-casa-arraiza-y-su-entorno-en-el-parque-de-aranzadi-da-sus-primeros-pasos-con-la-licitacion-de-la-redaccion-del-proyecto-de-reforma-y-direccion-de-obra\/#breadcrumb"},"inLanguage":"es","potentialAction":[{"@type":"ReadAction","target":["https:\/\/www.laguiadepamplona.com\/actualidad\/la-rehabilitacion-de-casa-arraiza-y-su-entorno-en-el-parque-de-aranzadi-da-sus-primeros-pasos-con-la-licitacion-de-la-redaccion-del-proyecto-de-reforma-y-direccion-de-obra\/"]}]},{"@type":"ImageObject","inLanguage":"es","@id":"https:\/\/www.laguiadepamplona.com\/actualidad\/la-rehabilitacion-de-casa-arraiza-y-su-entorno-en-el-parque-de-aranzadi-da-sus-primeros-pasos-con-la-licitacion-de-la-redaccion-del-proyecto-de-reforma-y-direccion-de-obra\/#primaryimage","url":"https:\/\/www.laguiadepamplona.com\/actualidad\/wp-content\/uploads\/2023\/10\/23.04.28_rehabilitacion_casa_arraiza_0.webp","contentUrl":"https:\/\/www.laguiadepamplona.com\/actualidad\/wp-content\/uploads\/2023\/10\/23.04.28_rehabilitacion_casa_arraiza_0.webp","width":1002,"height":1002,"caption":"casa arraiza"},{"@type":"BreadcrumbList","@id":"https:\/\/www.laguiadepamplona.com\/actualidad\/la-rehabilitacion-de-casa-arraiza-y-su-entorno-en-el-parque-de-aranzadi-da-sus-primeros-pasos-con-la-licitacion-de-la-redaccion-del-proyecto-de-reforma-y-direccion-de-obra\/#breadcrumb","itemListElement":[{"@type":"ListItem","position":1,"name":"Portada","item":"https:\/\/www.laguiadepamplona.com\/actualidad\/"},{"@type":"ListItem","position":2,"name":"La rehabilitaci\u00f3n de Casa Arraiza y su entorno, en el parque de Aranzadi, da sus primeros pasos con la licitaci\u00f3n de la redacci\u00f3n del proyecto de reforma y direcci\u00f3n de obra"}]},{"@type":"WebSite","@id":"https:\/\/www.laguiadepamplona.com\/actualidad\/#website","url":"https:\/\/www.laguiadepamplona.com\/actualidad\/","name":"La gu\u00eda de Pamplona","description":"Noticias de Pamplona","publisher":{"@id":"https:\/\/www.laguiadepamplona.com\/actualidad\/#organization"},"potentialAction":[{"@type":"SearchAction","target":{"@type":"EntryPoint","urlTemplate":"https:\/\/www.laguiadepamplona.com\/actualidad\/?s={search_term_string}"},"query-input":{"@type":"PropertyValueSpecification","valueRequired":true,"valueName":"search_term_string"}}],"inLanguage":"es"},{"@type":"Organization","@id":"https:\/\/www.laguiadepamplona.com\/actualidad\/#organization","name":"La Gu\u00eda de Pamplona \/ Noticias","url":"https:\/\/www.laguiadepamplona.com\/actualidad\/","logo":{"@type":"ImageObject","inLanguage":"es","@id":"https:\/\/www.laguiadepamplona.com\/actualidad\/#\/schema\/logo\/image\/","url":"https:\/\/www.laguiadepamplona.com\/actualidad\/wp-content\/uploads\/2018\/11\/logo-laguiadepamplona18-web1.png","contentUrl":"https:\/\/www.laguiadepamplona.com\/actualidad\/wp-content\/uploads\/2018\/11\/logo-laguiadepamplona18-web1.png","width":600,"height":196,"caption":"La Gu\u00eda de Pamplona \/ Noticias"},"image":{"@id":"https:\/\/www.laguiadepamplona.com\/actualidad\/#\/schema\/logo\/image\/"},"sameAs":["https:\/\/www.facebook.com\/laguiadepamplonacom-133175176762273\/?ref=hl","https:\/\/x.com\/LaGuiadPamplona","https:\/\/www.instagram.com\/la_guia_de_pamplona\/","https:\/\/www.youtube.com\/user\/laguiadepamplona"]},{"@type":"Person","@id":"https:\/\/www.laguiadepamplona.com\/actualidad\/#\/schema\/person\/efe887376f0213d4657c93adc50b1fdb","name":"La Gu\u00eda de Pamplona","image":{"@type":"ImageObject","inLanguage":"es","@id":"https:\/\/secure.gravatar.com\/avatar\/b6992f131dc8d30ab0dff15446e9d346d9dbd95992de0fef795073f5ea83a81c?s=96&d=mm&r=g","url":"https:\/\/secure.gravatar.com\/avatar\/b6992f131dc8d30ab0dff15446e9d346d9dbd95992de0fef795073f5ea83a81c?s=96&d=mm&r=g","contentUrl":"https:\/\/secure.gravatar.com\/avatar\/b6992f131dc8d30ab0dff15446e9d346d9dbd95992de0fef795073f5ea83a81c?s=96&d=mm&r=g","caption":"La Gu\u00eda de Pamplona"}}]}},"post_mailing_queue_ids":[],"_links":{"self":[{"href":"https:\/\/www.laguiadepamplona.com\/actualidad\/wp-json\/wp\/v2\/posts\/47672","targetHints":{"allow":["GET"]}}],"collection":[{"href":"https:\/\/www.laguiadepamplona.com\/actualidad\/wp-json\/wp\/v2\/posts"}],"about":[{"href":"https:\/\/www.laguiadepamplona.com\/actualidad\/wp-json\/wp\/v2\/types\/post"}],"author":[{"embeddable":true,"href":"https:\/\/www.laguiadepamplona.com\/actualidad\/wp-json\/wp\/v2\/users\/1"}],"replies":[{"embeddable":true,"href":"https:\/\/www.laguiadepamplona.com\/actualidad\/wp-json\/wp\/v2\/comments?post=47672"}],"version-history":[{"count":1,"href":"https:\/\/www.laguiadepamplona.com\/actualidad\/wp-json\/wp\/v2\/posts\/47672\/revisions"}],"predecessor-version":[{"id":47674,"href":"https:\/\/www.laguiadepamplona.com\/actualidad\/wp-json\/wp\/v2\/posts\/47672\/revisions\/47674"}],"wp:featuredmedia":[{"embeddable":true,"href":"https:\/\/www.laguiadepamplona.com\/actualidad\/wp-json\/wp\/v2\/media\/47673"}],"wp:attachment":[{"href":"https:\/\/www.laguiadepamplona.com\/actualidad\/wp-json\/wp\/v2\/media?parent=47672"}],"wp:term":[{"taxonomy":"category","embeddable":true,"href":"https:\/\/www.laguiadepamplona.com\/actualidad\/wp-json\/wp\/v2\/categories?post=47672"},{"taxonomy":"post_tag","embeddable":true,"href":"https:\/\/www.laguiadepamplona.com\/actualidad\/wp-json\/wp\/v2\/tags?post=47672"}],"curies":[{"name":"wp","href":"https:\/\/api.w.org\/{rel}","templated":true}]}}