{"id":47667,"date":"2023-10-20T18:04:05","date_gmt":"2023-10-20T16:04:05","guid":{"rendered":"https:\/\/www.laguiadepamplona.com\/actualidad\/?p=47667"},"modified":"2023-10-20T18:04:05","modified_gmt":"2023-10-20T16:04:05","slug":"el-ayuntamiento-de-pamplona-recoge-en-valladolid-el-premio-ciudades-que-caminan-en-la-categoria-de-municipios-de-mas-de-cien-mil-habitantes","status":"publish","type":"post","link":"https:\/\/www.laguiadepamplona.com\/actualidad\/el-ayuntamiento-de-pamplona-recoge-en-valladolid-el-premio-ciudades-que-caminan-en-la-categoria-de-municipios-de-mas-de-cien-mil-habitantes\/","title":{"rendered":"El Ayuntamiento de Pamplona recoge en Valladolid el premio `Ciudades que Caminan\u00b4, en la categor\u00eda de municipios de m\u00e1s de cien mil habitantes"},"content":{"rendered":"<h3>El galard\u00f3n se ha concedido en el marco del d\u00e9cimo Congreso Ciudades que Caminan \u2018La calle es la vida\u2019<\/h3>\n<p><!--more--><\/p>\n<p>Este mediod\u00eda Pamplona ha recogido en el Museo Patio Herreriano de Valladolid el premio `Ciudades que Caminan\u00b4, en la categor\u00eda de m\u00e1s de cien mil habitantes. La ha hecho en el marco de del 10\u00ba Congreso Ciudades que Caminan que termina hoy y que lleva por lema \u2018La calle es la vida\u2019. El premio lo ha recogido el concejal especial de Desarrollo Sostenible y Proyectos Estrat\u00e9gicos del Ayuntamiento de Pamplona, Aitor Silgado, de manos del alcalde de Valladolid, Jes\u00fas Julio Carnero. Silgado ha intervenido para explicar c\u00f3mo la ciudad trabaja por adoptar la mirada del peat\u00f3n en la regeneraci\u00f3n urbana.<br \/>\n<script async src=\"\/\/pagead2.googlesyndication.com\/pagead\/js\/adsbygoogle.js\"><\/script><br \/>\n<!-- Noticias La Guia de Pamplona --><br \/>\n<ins class=\"adsbygoogle\"\nstyle=\"display:block\"\ndata-ad-client=\"ca-pub-6943679897239327\"\ndata-ad-slot=\"7048180777\"\ndata-ad-format=\"auto\"><\/ins><br \/>\n<script>\n(adsbygoogle = window.adsbygoogle || []).push({});\n<\/script><\/p>\n<p>Junto con Pamplona, han recibido premios actuaciones en otras dos ciudades: Miajadas, como municipio de menos de 20.000 habitantes, y Vilagarc\u00eda de Arousa, como municipio entre 20.000 y 100.000 habitantes. El jurado que ha otorgado los premios ha estado compuesto por el arquitecto Jes\u00fas Fole, el ingeniero urbanista Jos\u00e9 Luis D\u00edaz Ca\u00f1avate y la jefa de Regeneraci\u00f3n de Espacio Urbano del Ayuntamiento de Madrid, Ana Rosa Llorente.<\/p>\n<p>El congreso se est\u00e1 desarrollando desde ayer jueves 19 de octubre y se clausurar\u00e1 a media tarde de hoy, tras un paseo t\u00e9cnico. A lo largo de las dos jornadas se habr\u00e1n realizado 15 intervenciones tem\u00e1ticas y dos talleres pr\u00e1cticos, adem\u00e1s de tener lugar la asamblea general de la red organizadora, en la que participa Pamplona. La Red de Ciudades que Caminan es una asociaci\u00f3n internacional abierta a todos aquellos municipios y administraciones interesadas en mejorar la situaci\u00f3n de los viandantes a trav\u00e9s de la puesta en marcha y el intercambio de iniciativas dirigidas a mejorar la accesibilidad universal, la seguridad vial y el medio ambiente urbano.<br \/>\n<script async src=\"\/\/pagead2.googlesyndication.com\/pagead\/js\/adsbygoogle.js\"><\/script><br \/>\n<!-- Noticias La Guia de Pamplona --><br \/>\n<ins class=\"adsbygoogle\"\nstyle=\"display:block\"\ndata-ad-client=\"ca-pub-6943679897239327\"\ndata-ad-slot=\"7048180777\"\ndata-ad-format=\"auto\"><\/ins><br \/>\n<script>\n(adsbygoogle = window.adsbygoogle || []).push({});\n<\/script><\/p>\n<p>El Consistorio present\u00f3 al premio su proyecto \u2018Ciudad caminable e integradora\u2019, un gran cat\u00e1logo de actuaciones con distintas l\u00edneas de trabajo e intervenciones urbanas en distintos barrios, con especial hincapi\u00e9 en lo realizado en Milagrosa. Las intervenciones en su conjunto buscan restringir el tr\u00e1fico motorizado de paso y el aparcamiento, y conquistar las calzadas como espacios caminables y para la convivencia en distintos barrios.<\/p>\n","protected":false},"excerpt":{"rendered":"<p>El galard\u00f3n se ha concedido en el marco del d\u00e9cimo Congreso Ciudades que Caminan \u2018La calle es la vida\u2019<\/p>\n","protected":false},"author":1,"featured_media":47668,"comment_status":"open","ping_status":"closed","sticky":false,"template":"","format":"standard","meta":{"footnotes":""},"categories":[2],"tags":[],"class_list":["post-47667","post","type-post","status-publish","format-standard","has-post-thumbnail","hentry","category-ayuntamiento-pamplona"],"yoast_head":"<!-- This site is optimized with the Yoast SEO plugin v27.3 - https:\/\/yoast.com\/product\/yoast-seo-wordpress\/ -->\n<title>El Ayuntamiento de Pamplona recoge en Valladolid el premio `Ciudades que Caminan\u00b4, en la categor\u00eda de municipios de m\u00e1s de cien mil habitantes<\/title>\n<meta name=\"description\" content=\"El galard\u00f3n se ha concedido en el marco del d\u00e9cimo Congreso Ciudades que Caminan \u2018La calle es la vida\u2019\" \/>\n<meta name=\"robots\" content=\"index, follow, max-snippet:-1, max-image-preview:large, max-video-preview:-1\" \/>\n<link rel=\"canonical\" href=\"https:\/\/www.laguiadepamplona.com\/actualidad\/el-ayuntamiento-de-pamplona-recoge-en-valladolid-el-premio-ciudades-que-caminan-en-la-categoria-de-municipios-de-mas-de-cien-mil-habitantes\/\" \/>\n<meta property=\"og:locale\" content=\"es_ES\" \/>\n<meta property=\"og:type\" content=\"article\" \/>\n<meta property=\"og:title\" content=\"El Ayuntamiento de Pamplona recoge en Valladolid el premio `Ciudades que Caminan\u00b4, en la categor\u00eda de municipios de m\u00e1s de cien mil habitantes\" \/>\n<meta property=\"og:description\" content=\"El galard\u00f3n se ha concedido en el marco del d\u00e9cimo Congreso Ciudades que Caminan \u2018La calle es la vida\u2019\" \/>\n<meta property=\"og:url\" content=\"https:\/\/www.laguiadepamplona.com\/actualidad\/el-ayuntamiento-de-pamplona-recoge-en-valladolid-el-premio-ciudades-que-caminan-en-la-categoria-de-municipios-de-mas-de-cien-mil-habitantes\/\" \/>\n<meta property=\"og:site_name\" content=\"La Gu\u00eda de Pamplona\" \/>\n<meta property=\"article:publisher\" content=\"https:\/\/www.facebook.com\/laguiadepamplonacom-133175176762273\/?ref=hl\" \/>\n<meta property=\"article:published_time\" content=\"2023-10-20T16:04:05+00:00\" \/>\n<meta property=\"og:image\" content=\"https:\/\/www.laguiadepamplona.com\/actualidad\/wp-content\/uploads\/2023\/10\/23.10.20_premio_ciudades_que_caminan_II.webp\" \/>\n\t<meta property=\"og:image:width\" content=\"1200\" \/>\n\t<meta property=\"og:image:height\" content=\"900\" \/>\n\t<meta property=\"og:image:type\" content=\"image\/webp\" \/>\n<meta name=\"author\" content=\"La Gu\u00eda de Pamplona\" \/>\n<meta name=\"twitter:card\" content=\"summary_large_image\" \/>\n<meta name=\"twitter:creator\" content=\"@LaGuiadPamplona\" \/>\n<meta name=\"twitter:site\" content=\"@LaGuiadPamplona\" \/>\n<meta name=\"twitter:label1\" content=\"Escrito por\" \/>\n\t<meta name=\"twitter:data1\" content=\"La Gu\u00eda de Pamplona\" \/>\n\t<meta name=\"twitter:label2\" content=\"Tiempo de lectura\" \/>\n\t<meta name=\"twitter:data2\" content=\"2 minutos\" \/>\n<script type=\"application\/ld+json\" class=\"yoast-schema-graph\">{\"@context\":\"https:\\\/\\\/schema.org\",\"@graph\":[{\"@type\":\"Article\",\"@id\":\"https:\\\/\\\/www.laguiadepamplona.com\\\/actualidad\\\/el-ayuntamiento-de-pamplona-recoge-en-valladolid-el-premio-ciudades-que-caminan-en-la-categoria-de-municipios-de-mas-de-cien-mil-habitantes\\\/#article\",\"isPartOf\":{\"@id\":\"https:\\\/\\\/www.laguiadepamplona.com\\\/actualidad\\\/el-ayuntamiento-de-pamplona-recoge-en-valladolid-el-premio-ciudades-que-caminan-en-la-categoria-de-municipios-de-mas-de-cien-mil-habitantes\\\/\"},\"author\":{\"name\":\"La Gu\u00eda de Pamplona\",\"@id\":\"https:\\\/\\\/www.laguiadepamplona.com\\\/actualidad\\\/#\\\/schema\\\/person\\\/efe887376f0213d4657c93adc50b1fdb\"},\"headline\":\"El Ayuntamiento de Pamplona recoge en Valladolid el premio `Ciudades que Caminan\u00b4, en la categor\u00eda de municipios de m\u00e1s de cien mil habitantes\",\"datePublished\":\"2023-10-20T16:04:05+00:00\",\"mainEntityOfPage\":{\"@id\":\"https:\\\/\\\/www.laguiadepamplona.com\\\/actualidad\\\/el-ayuntamiento-de-pamplona-recoge-en-valladolid-el-premio-ciudades-que-caminan-en-la-categoria-de-municipios-de-mas-de-cien-mil-habitantes\\\/\"},\"wordCount\":402,\"commentCount\":0,\"publisher\":{\"@id\":\"https:\\\/\\\/www.laguiadepamplona.com\\\/actualidad\\\/#organization\"},\"image\":{\"@id\":\"https:\\\/\\\/www.laguiadepamplona.com\\\/actualidad\\\/el-ayuntamiento-de-pamplona-recoge-en-valladolid-el-premio-ciudades-que-caminan-en-la-categoria-de-municipios-de-mas-de-cien-mil-habitantes\\\/#primaryimage\"},\"thumbnailUrl\":\"https:\\\/\\\/www.laguiadepamplona.com\\\/actualidad\\\/wp-content\\\/uploads\\\/2023\\\/10\\\/23.10.20_premio_ciudades_que_caminan_II.webp\",\"articleSection\":[\"Ayto Pamplona\"],\"inLanguage\":\"es\",\"potentialAction\":[{\"@type\":\"CommentAction\",\"name\":\"Comment\",\"target\":[\"https:\\\/\\\/www.laguiadepamplona.com\\\/actualidad\\\/el-ayuntamiento-de-pamplona-recoge-en-valladolid-el-premio-ciudades-que-caminan-en-la-categoria-de-municipios-de-mas-de-cien-mil-habitantes\\\/#respond\"]}]},{\"@type\":\"WebPage\",\"@id\":\"https:\\\/\\\/www.laguiadepamplona.com\\\/actualidad\\\/el-ayuntamiento-de-pamplona-recoge-en-valladolid-el-premio-ciudades-que-caminan-en-la-categoria-de-municipios-de-mas-de-cien-mil-habitantes\\\/\",\"url\":\"https:\\\/\\\/www.laguiadepamplona.com\\\/actualidad\\\/el-ayuntamiento-de-pamplona-recoge-en-valladolid-el-premio-ciudades-que-caminan-en-la-categoria-de-municipios-de-mas-de-cien-mil-habitantes\\\/\",\"name\":\"El Ayuntamiento de Pamplona recoge en Valladolid el premio `Ciudades que Caminan\u00b4, en la categor\u00eda de municipios de m\u00e1s de cien mil habitantes\",\"isPartOf\":{\"@id\":\"https:\\\/\\\/www.laguiadepamplona.com\\\/actualidad\\\/#website\"},\"primaryImageOfPage\":{\"@id\":\"https:\\\/\\\/www.laguiadepamplona.com\\\/actualidad\\\/el-ayuntamiento-de-pamplona-recoge-en-valladolid-el-premio-ciudades-que-caminan-en-la-categoria-de-municipios-de-mas-de-cien-mil-habitantes\\\/#primaryimage\"},\"image\":{\"@id\":\"https:\\\/\\\/www.laguiadepamplona.com\\\/actualidad\\\/el-ayuntamiento-de-pamplona-recoge-en-valladolid-el-premio-ciudades-que-caminan-en-la-categoria-de-municipios-de-mas-de-cien-mil-habitantes\\\/#primaryimage\"},\"thumbnailUrl\":\"https:\\\/\\\/www.laguiadepamplona.com\\\/actualidad\\\/wp-content\\\/uploads\\\/2023\\\/10\\\/23.10.20_premio_ciudades_que_caminan_II.webp\",\"datePublished\":\"2023-10-20T16:04:05+00:00\",\"description\":\"El galard\u00f3n se ha concedido en el marco del d\u00e9cimo Congreso Ciudades que Caminan \u2018La calle es la vida\u2019\",\"breadcrumb\":{\"@id\":\"https:\\\/\\\/www.laguiadepamplona.com\\\/actualidad\\\/el-ayuntamiento-de-pamplona-recoge-en-valladolid-el-premio-ciudades-que-caminan-en-la-categoria-de-municipios-de-mas-de-cien-mil-habitantes\\\/#breadcrumb\"},\"inLanguage\":\"es\",\"potentialAction\":[{\"@type\":\"ReadAction\",\"target\":[\"https:\\\/\\\/www.laguiadepamplona.com\\\/actualidad\\\/el-ayuntamiento-de-pamplona-recoge-en-valladolid-el-premio-ciudades-que-caminan-en-la-categoria-de-municipios-de-mas-de-cien-mil-habitantes\\\/\"]}]},{\"@type\":\"ImageObject\",\"inLanguage\":\"es\",\"@id\":\"https:\\\/\\\/www.laguiadepamplona.com\\\/actualidad\\\/el-ayuntamiento-de-pamplona-recoge-en-valladolid-el-premio-ciudades-que-caminan-en-la-categoria-de-municipios-de-mas-de-cien-mil-habitantes\\\/#primaryimage\",\"url\":\"https:\\\/\\\/www.laguiadepamplona.com\\\/actualidad\\\/wp-content\\\/uploads\\\/2023\\\/10\\\/23.10.20_premio_ciudades_que_caminan_II.webp\",\"contentUrl\":\"https:\\\/\\\/www.laguiadepamplona.com\\\/actualidad\\\/wp-content\\\/uploads\\\/2023\\\/10\\\/23.10.20_premio_ciudades_que_caminan_II.webp\",\"width\":1200,\"height\":900,\"caption\":\"premio ciudades que caminan\"},{\"@type\":\"BreadcrumbList\",\"@id\":\"https:\\\/\\\/www.laguiadepamplona.com\\\/actualidad\\\/el-ayuntamiento-de-pamplona-recoge-en-valladolid-el-premio-ciudades-que-caminan-en-la-categoria-de-municipios-de-mas-de-cien-mil-habitantes\\\/#breadcrumb\",\"itemListElement\":[{\"@type\":\"ListItem\",\"position\":1,\"name\":\"Portada\",\"item\":\"https:\\\/\\\/www.laguiadepamplona.com\\\/actualidad\\\/\"},{\"@type\":\"ListItem\",\"position\":2,\"name\":\"El Ayuntamiento de Pamplona recoge en Valladolid el premio `Ciudades que Caminan\u00b4, en la categor\u00eda de municipios de m\u00e1s de cien mil habitantes\"}]},{\"@type\":\"WebSite\",\"@id\":\"https:\\\/\\\/www.laguiadepamplona.com\\\/actualidad\\\/#website\",\"url\":\"https:\\\/\\\/www.laguiadepamplona.com\\\/actualidad\\\/\",\"name\":\"La gu\u00eda de Pamplona\",\"description\":\"Noticias de Pamplona\",\"publisher\":{\"@id\":\"https:\\\/\\\/www.laguiadepamplona.com\\\/actualidad\\\/#organization\"},\"potentialAction\":[{\"@type\":\"SearchAction\",\"target\":{\"@type\":\"EntryPoint\",\"urlTemplate\":\"https:\\\/\\\/www.laguiadepamplona.com\\\/actualidad\\\/?s={search_term_string}\"},\"query-input\":{\"@type\":\"PropertyValueSpecification\",\"valueRequired\":true,\"valueName\":\"search_term_string\"}}],\"inLanguage\":\"es\"},{\"@type\":\"Organization\",\"@id\":\"https:\\\/\\\/www.laguiadepamplona.com\\\/actualidad\\\/#organization\",\"name\":\"La Gu\u00eda de Pamplona \\\/ Noticias\",\"url\":\"https:\\\/\\\/www.laguiadepamplona.com\\\/actualidad\\\/\",\"logo\":{\"@type\":\"ImageObject\",\"inLanguage\":\"es\",\"@id\":\"https:\\\/\\\/www.laguiadepamplona.com\\\/actualidad\\\/#\\\/schema\\\/logo\\\/image\\\/\",\"url\":\"https:\\\/\\\/www.laguiadepamplona.com\\\/actualidad\\\/wp-content\\\/uploads\\\/2018\\\/11\\\/logo-laguiadepamplona18-web1.png\",\"contentUrl\":\"https:\\\/\\\/www.laguiadepamplona.com\\\/actualidad\\\/wp-content\\\/uploads\\\/2018\\\/11\\\/logo-laguiadepamplona18-web1.png\",\"width\":600,\"height\":196,\"caption\":\"La Gu\u00eda de Pamplona \\\/ Noticias\"},\"image\":{\"@id\":\"https:\\\/\\\/www.laguiadepamplona.com\\\/actualidad\\\/#\\\/schema\\\/logo\\\/image\\\/\"},\"sameAs\":[\"https:\\\/\\\/www.facebook.com\\\/laguiadepamplonacom-133175176762273\\\/?ref=hl\",\"https:\\\/\\\/x.com\\\/LaGuiadPamplona\",\"https:\\\/\\\/www.instagram.com\\\/la_guia_de_pamplona\\\/\",\"https:\\\/\\\/www.youtube.com\\\/user\\\/laguiadepamplona\"]},{\"@type\":\"Person\",\"@id\":\"https:\\\/\\\/www.laguiadepamplona.com\\\/actualidad\\\/#\\\/schema\\\/person\\\/efe887376f0213d4657c93adc50b1fdb\",\"name\":\"La Gu\u00eda de Pamplona\",\"image\":{\"@type\":\"ImageObject\",\"inLanguage\":\"es\",\"@id\":\"https:\\\/\\\/secure.gravatar.com\\\/avatar\\\/b6992f131dc8d30ab0dff15446e9d346d9dbd95992de0fef795073f5ea83a81c?s=96&d=mm&r=g\",\"url\":\"https:\\\/\\\/secure.gravatar.com\\\/avatar\\\/b6992f131dc8d30ab0dff15446e9d346d9dbd95992de0fef795073f5ea83a81c?s=96&d=mm&r=g\",\"contentUrl\":\"https:\\\/\\\/secure.gravatar.com\\\/avatar\\\/b6992f131dc8d30ab0dff15446e9d346d9dbd95992de0fef795073f5ea83a81c?s=96&d=mm&r=g\",\"caption\":\"La Gu\u00eda de Pamplona\"}}]}<\/script>\n<!-- \/ Yoast SEO plugin. -->","yoast_head_json":{"title":"El Ayuntamiento de Pamplona recoge en Valladolid el premio `Ciudades que Caminan\u00b4, en la categor\u00eda de municipios de m\u00e1s de cien mil habitantes","description":"El galard\u00f3n se ha concedido en el marco del d\u00e9cimo Congreso Ciudades que Caminan \u2018La calle es la vida\u2019","robots":{"index":"index","follow":"follow","max-snippet":"max-snippet:-1","max-image-preview":"max-image-preview:large","max-video-preview":"max-video-preview:-1"},"canonical":"https:\/\/www.laguiadepamplona.com\/actualidad\/el-ayuntamiento-de-pamplona-recoge-en-valladolid-el-premio-ciudades-que-caminan-en-la-categoria-de-municipios-de-mas-de-cien-mil-habitantes\/","og_locale":"es_ES","og_type":"article","og_title":"El Ayuntamiento de Pamplona recoge en Valladolid el premio `Ciudades que Caminan\u00b4, en la categor\u00eda de municipios de m\u00e1s de cien mil habitantes","og_description":"El galard\u00f3n se ha concedido en el marco del d\u00e9cimo Congreso Ciudades que Caminan \u2018La calle es la vida\u2019","og_url":"https:\/\/www.laguiadepamplona.com\/actualidad\/el-ayuntamiento-de-pamplona-recoge-en-valladolid-el-premio-ciudades-que-caminan-en-la-categoria-de-municipios-de-mas-de-cien-mil-habitantes\/","og_site_name":"La Gu\u00eda de Pamplona","article_publisher":"https:\/\/www.facebook.com\/laguiadepamplonacom-133175176762273\/?ref=hl","article_published_time":"2023-10-20T16:04:05+00:00","og_image":[{"width":1200,"height":900,"url":"https:\/\/www.laguiadepamplona.com\/actualidad\/wp-content\/uploads\/2023\/10\/23.10.20_premio_ciudades_que_caminan_II.webp","type":"image\/webp"}],"author":"La Gu\u00eda de Pamplona","twitter_card":"summary_large_image","twitter_creator":"@LaGuiadPamplona","twitter_site":"@LaGuiadPamplona","twitter_misc":{"Escrito por":"La Gu\u00eda de Pamplona","Tiempo de lectura":"2 minutos"},"schema":{"@context":"https:\/\/schema.org","@graph":[{"@type":"Article","@id":"https:\/\/www.laguiadepamplona.com\/actualidad\/el-ayuntamiento-de-pamplona-recoge-en-valladolid-el-premio-ciudades-que-caminan-en-la-categoria-de-municipios-de-mas-de-cien-mil-habitantes\/#article","isPartOf":{"@id":"https:\/\/www.laguiadepamplona.com\/actualidad\/el-ayuntamiento-de-pamplona-recoge-en-valladolid-el-premio-ciudades-que-caminan-en-la-categoria-de-municipios-de-mas-de-cien-mil-habitantes\/"},"author":{"name":"La Gu\u00eda de Pamplona","@id":"https:\/\/www.laguiadepamplona.com\/actualidad\/#\/schema\/person\/efe887376f0213d4657c93adc50b1fdb"},"headline":"El Ayuntamiento de Pamplona recoge en Valladolid el premio `Ciudades que Caminan\u00b4, en la categor\u00eda de municipios de m\u00e1s de cien mil habitantes","datePublished":"2023-10-20T16:04:05+00:00","mainEntityOfPage":{"@id":"https:\/\/www.laguiadepamplona.com\/actualidad\/el-ayuntamiento-de-pamplona-recoge-en-valladolid-el-premio-ciudades-que-caminan-en-la-categoria-de-municipios-de-mas-de-cien-mil-habitantes\/"},"wordCount":402,"commentCount":0,"publisher":{"@id":"https:\/\/www.laguiadepamplona.com\/actualidad\/#organization"},"image":{"@id":"https:\/\/www.laguiadepamplona.com\/actualidad\/el-ayuntamiento-de-pamplona-recoge-en-valladolid-el-premio-ciudades-que-caminan-en-la-categoria-de-municipios-de-mas-de-cien-mil-habitantes\/#primaryimage"},"thumbnailUrl":"https:\/\/www.laguiadepamplona.com\/actualidad\/wp-content\/uploads\/2023\/10\/23.10.20_premio_ciudades_que_caminan_II.webp","articleSection":["Ayto Pamplona"],"inLanguage":"es","potentialAction":[{"@type":"CommentAction","name":"Comment","target":["https:\/\/www.laguiadepamplona.com\/actualidad\/el-ayuntamiento-de-pamplona-recoge-en-valladolid-el-premio-ciudades-que-caminan-en-la-categoria-de-municipios-de-mas-de-cien-mil-habitantes\/#respond"]}]},{"@type":"WebPage","@id":"https:\/\/www.laguiadepamplona.com\/actualidad\/el-ayuntamiento-de-pamplona-recoge-en-valladolid-el-premio-ciudades-que-caminan-en-la-categoria-de-municipios-de-mas-de-cien-mil-habitantes\/","url":"https:\/\/www.laguiadepamplona.com\/actualidad\/el-ayuntamiento-de-pamplona-recoge-en-valladolid-el-premio-ciudades-que-caminan-en-la-categoria-de-municipios-de-mas-de-cien-mil-habitantes\/","name":"El Ayuntamiento de Pamplona recoge en Valladolid el premio `Ciudades que Caminan\u00b4, en la categor\u00eda de municipios de m\u00e1s de cien mil habitantes","isPartOf":{"@id":"https:\/\/www.laguiadepamplona.com\/actualidad\/#website"},"primaryImageOfPage":{"@id":"https:\/\/www.laguiadepamplona.com\/actualidad\/el-ayuntamiento-de-pamplona-recoge-en-valladolid-el-premio-ciudades-que-caminan-en-la-categoria-de-municipios-de-mas-de-cien-mil-habitantes\/#primaryimage"},"image":{"@id":"https:\/\/www.laguiadepamplona.com\/actualidad\/el-ayuntamiento-de-pamplona-recoge-en-valladolid-el-premio-ciudades-que-caminan-en-la-categoria-de-municipios-de-mas-de-cien-mil-habitantes\/#primaryimage"},"thumbnailUrl":"https:\/\/www.laguiadepamplona.com\/actualidad\/wp-content\/uploads\/2023\/10\/23.10.20_premio_ciudades_que_caminan_II.webp","datePublished":"2023-10-20T16:04:05+00:00","description":"El galard\u00f3n se ha concedido en el marco del d\u00e9cimo Congreso Ciudades que Caminan \u2018La calle es la vida\u2019","breadcrumb":{"@id":"https:\/\/www.laguiadepamplona.com\/actualidad\/el-ayuntamiento-de-pamplona-recoge-en-valladolid-el-premio-ciudades-que-caminan-en-la-categoria-de-municipios-de-mas-de-cien-mil-habitantes\/#breadcrumb"},"inLanguage":"es","potentialAction":[{"@type":"ReadAction","target":["https:\/\/www.laguiadepamplona.com\/actualidad\/el-ayuntamiento-de-pamplona-recoge-en-valladolid-el-premio-ciudades-que-caminan-en-la-categoria-de-municipios-de-mas-de-cien-mil-habitantes\/"]}]},{"@type":"ImageObject","inLanguage":"es","@id":"https:\/\/www.laguiadepamplona.com\/actualidad\/el-ayuntamiento-de-pamplona-recoge-en-valladolid-el-premio-ciudades-que-caminan-en-la-categoria-de-municipios-de-mas-de-cien-mil-habitantes\/#primaryimage","url":"https:\/\/www.laguiadepamplona.com\/actualidad\/wp-content\/uploads\/2023\/10\/23.10.20_premio_ciudades_que_caminan_II.webp","contentUrl":"https:\/\/www.laguiadepamplona.com\/actualidad\/wp-content\/uploads\/2023\/10\/23.10.20_premio_ciudades_que_caminan_II.webp","width":1200,"height":900,"caption":"premio ciudades que caminan"},{"@type":"BreadcrumbList","@id":"https:\/\/www.laguiadepamplona.com\/actualidad\/el-ayuntamiento-de-pamplona-recoge-en-valladolid-el-premio-ciudades-que-caminan-en-la-categoria-de-municipios-de-mas-de-cien-mil-habitantes\/#breadcrumb","itemListElement":[{"@type":"ListItem","position":1,"name":"Portada","item":"https:\/\/www.laguiadepamplona.com\/actualidad\/"},{"@type":"ListItem","position":2,"name":"El Ayuntamiento de Pamplona recoge en Valladolid el premio `Ciudades que Caminan\u00b4, en la categor\u00eda de municipios de m\u00e1s de cien mil habitantes"}]},{"@type":"WebSite","@id":"https:\/\/www.laguiadepamplona.com\/actualidad\/#website","url":"https:\/\/www.laguiadepamplona.com\/actualidad\/","name":"La gu\u00eda de Pamplona","description":"Noticias de Pamplona","publisher":{"@id":"https:\/\/www.laguiadepamplona.com\/actualidad\/#organization"},"potentialAction":[{"@type":"SearchAction","target":{"@type":"EntryPoint","urlTemplate":"https:\/\/www.laguiadepamplona.com\/actualidad\/?s={search_term_string}"},"query-input":{"@type":"PropertyValueSpecification","valueRequired":true,"valueName":"search_term_string"}}],"inLanguage":"es"},{"@type":"Organization","@id":"https:\/\/www.laguiadepamplona.com\/actualidad\/#organization","name":"La Gu\u00eda de Pamplona \/ Noticias","url":"https:\/\/www.laguiadepamplona.com\/actualidad\/","logo":{"@type":"ImageObject","inLanguage":"es","@id":"https:\/\/www.laguiadepamplona.com\/actualidad\/#\/schema\/logo\/image\/","url":"https:\/\/www.laguiadepamplona.com\/actualidad\/wp-content\/uploads\/2018\/11\/logo-laguiadepamplona18-web1.png","contentUrl":"https:\/\/www.laguiadepamplona.com\/actualidad\/wp-content\/uploads\/2018\/11\/logo-laguiadepamplona18-web1.png","width":600,"height":196,"caption":"La Gu\u00eda de Pamplona \/ Noticias"},"image":{"@id":"https:\/\/www.laguiadepamplona.com\/actualidad\/#\/schema\/logo\/image\/"},"sameAs":["https:\/\/www.facebook.com\/laguiadepamplonacom-133175176762273\/?ref=hl","https:\/\/x.com\/LaGuiadPamplona","https:\/\/www.instagram.com\/la_guia_de_pamplona\/","https:\/\/www.youtube.com\/user\/laguiadepamplona"]},{"@type":"Person","@id":"https:\/\/www.laguiadepamplona.com\/actualidad\/#\/schema\/person\/efe887376f0213d4657c93adc50b1fdb","name":"La Gu\u00eda de Pamplona","image":{"@type":"ImageObject","inLanguage":"es","@id":"https:\/\/secure.gravatar.com\/avatar\/b6992f131dc8d30ab0dff15446e9d346d9dbd95992de0fef795073f5ea83a81c?s=96&d=mm&r=g","url":"https:\/\/secure.gravatar.com\/avatar\/b6992f131dc8d30ab0dff15446e9d346d9dbd95992de0fef795073f5ea83a81c?s=96&d=mm&r=g","contentUrl":"https:\/\/secure.gravatar.com\/avatar\/b6992f131dc8d30ab0dff15446e9d346d9dbd95992de0fef795073f5ea83a81c?s=96&d=mm&r=g","caption":"La Gu\u00eda de Pamplona"}}]}},"post_mailing_queue_ids":[],"_links":{"self":[{"href":"https:\/\/www.laguiadepamplona.com\/actualidad\/wp-json\/wp\/v2\/posts\/47667","targetHints":{"allow":["GET"]}}],"collection":[{"href":"https:\/\/www.laguiadepamplona.com\/actualidad\/wp-json\/wp\/v2\/posts"}],"about":[{"href":"https:\/\/www.laguiadepamplona.com\/actualidad\/wp-json\/wp\/v2\/types\/post"}],"author":[{"embeddable":true,"href":"https:\/\/www.laguiadepamplona.com\/actualidad\/wp-json\/wp\/v2\/users\/1"}],"replies":[{"embeddable":true,"href":"https:\/\/www.laguiadepamplona.com\/actualidad\/wp-json\/wp\/v2\/comments?post=47667"}],"version-history":[{"count":1,"href":"https:\/\/www.laguiadepamplona.com\/actualidad\/wp-json\/wp\/v2\/posts\/47667\/revisions"}],"predecessor-version":[{"id":47669,"href":"https:\/\/www.laguiadepamplona.com\/actualidad\/wp-json\/wp\/v2\/posts\/47667\/revisions\/47669"}],"wp:featuredmedia":[{"embeddable":true,"href":"https:\/\/www.laguiadepamplona.com\/actualidad\/wp-json\/wp\/v2\/media\/47668"}],"wp:attachment":[{"href":"https:\/\/www.laguiadepamplona.com\/actualidad\/wp-json\/wp\/v2\/media?parent=47667"}],"wp:term":[{"taxonomy":"category","embeddable":true,"href":"https:\/\/www.laguiadepamplona.com\/actualidad\/wp-json\/wp\/v2\/categories?post=47667"},{"taxonomy":"post_tag","embeddable":true,"href":"https:\/\/www.laguiadepamplona.com\/actualidad\/wp-json\/wp\/v2\/tags?post=47667"}],"curies":[{"name":"wp","href":"https:\/\/api.w.org\/{rel}","templated":true}]}}