{"id":47660,"date":"2023-10-20T17:55:53","date_gmt":"2023-10-20T15:55:53","guid":{"rendered":"https:\/\/www.laguiadepamplona.com\/actualidad\/?p=47660"},"modified":"2023-10-20T17:55:53","modified_gmt":"2023-10-20T15:55:53","slug":"manana-reabre-el-portal-de-francia-tras-las-obras-de-restauracion-integral-del-tablero-abatible-mecanismos-fijaciones-y-cierres-de-la-maniobra-de-derche","status":"publish","type":"post","link":"https:\/\/www.laguiadepamplona.com\/actualidad\/manana-reabre-el-portal-de-francia-tras-las-obras-de-restauracion-integral-del-tablero-abatible-mecanismos-fijaciones-y-cierres-de-la-maniobra-de-derche\/","title":{"rendered":"Ma\u00f1ana reabre el Portal de Francia tras las obras de restauraci\u00f3n integral del tablero abatible, mecanismos, fijaciones y cierres de la maniobra de Derch\u00e9"},"content":{"rendered":"<h3>Solo resta readaptar los tablones de roble que rematan el espacio y que se colocar\u00e1n m\u00e1s adelante en un cierre puntual<\/h3>\n<p><!--more--><\/p>\n<p>Hoy quedar\u00e1 pr\u00e1cticamente terminada la segunda fase de las obras de restauraci\u00f3n de la antepuerta del Portal de Francia, por lo que a las 8.00 horas de este s\u00e1bado se reabrir\u00e1 la calzada al tr\u00e1fico y las aceras al tr\u00e1nsito. Desde finales de septiembre el Ayuntamiento de Pamplona est\u00e1 rehabilitando por fases los elementos y mecanismos de ese portal hist\u00f3rico, una doble puerta que es la \u00fanica de la muralla que est\u00e1 situada en su ubicaci\u00f3n y mantiene su configuraci\u00f3n original: una estructura de doble portal en \u00e1ngulo recto, como elemento defensivo, data de 1753.<\/p>\n<p>Es precisamente este segundo portal el que alberga una b\u00f3veda de ladrillo de arco rebajado, bajo la que se pueden ver las ruedas de hierro, con sus resortes, cadenas y contrapesos, un mecanismo que hasta el a\u00f1o 1915 serv\u00eda para alzar el puente levadizo cada anochecer, cerrando el acceso a la ciudad. El espacio se cierra, no solamente izando el tablero, sino con una puerta de roble de dos hojas, rematada por dos tablones de gran tama\u00f1o ocluyen completamente el paso.<br \/>\n<script async src=\"\/\/pagead2.googlesyndication.com\/pagead\/js\/adsbygoogle.js\"><\/script><br \/>\n<!-- Noticias La Guia de Pamplona --><br \/>\n<ins class=\"adsbygoogle\"\nstyle=\"display:block\"\ndata-ad-client=\"ca-pub-6943679897239327\"\ndata-ad-slot=\"7048180777\"\ndata-ad-format=\"auto\"><\/ins><br \/>\n<script>\n(adsbygoogle = window.adsbygoogle || []).push({});\n<\/script><\/p>\n<p>A finales de septiembre la empresa EULEN desmont\u00f3 los mecanismos y engranajes que permiten realizar la maniobra de Derch\u00e9 para subir y bajar del tablero levadizo. Se ha trabajado en los contrapesos, las poleas de cambio de direcci\u00f3n, y se han sujetado las cadenas de maniobra para liberar la tensi\u00f3n permanente a la que se ven sometidas por el paso de veh\u00edculos, adem\u00e1s de paliar el desgaste de uso de los ruedines de paso de las cadenas que se anclan en el muro. Esta semana se ha desmontado el tablero y los pasadores que lo fijan a las vigas met\u00e1licas del suelo y han comenzado a tratarse las hojas de madera de roble que forman la puerta. Para decaparlas de la capa de barniz y pintura que se les aplic\u00f3 hace 15 a\u00f1os, la empresa Leache, adjudicataria del Contrato de Mantenimiento de Murallas ha utilizado la proyecci\u00f3n de chorro de arena a presi\u00f3n; una vez evidenciada la veta y retirados los residuos, a las puertas se les ha aplicado un tinte unificador y un tratamiento de aceite.<\/p>\n<p>Para acabar el conjunto quedar\u00edan por instalar los tablones de 2,06 metros de largo, de 33 x 33 cm de secci\u00f3n que terminaban de cerrar el vano y, que se est\u00e1n fabricando de nueva planta con madera de roble reutilizada. Cuando al desmontar las partes met\u00e1licas del engranaje se us\u00f3 la caretilla elevadora, los operarios pudieron comprobar el mal estado de la madera despu\u00e9s de a\u00f1os sometida a las inclemencias del tiempo, por lo que el Ayuntamiento, finalmente, ha optado por su restituci\u00f3n. Los tablones se realizan a medida porque van encajados en oquedades realizadas en altura en la misma piedra. Cuando se coloquen, deber\u00e1 realizarse un cierre puntual del espacio. Como trabajo complementario, se ha retirado la vegetaci\u00f3n que tiende a crecer entre los sillares de la parte superior de la antepuerta, ya que, al disponerse en horizontal, el espacio es fruct\u00edfero para que arraiguen semillas.<br \/>\n<script async src=\"\/\/pagead2.googlesyndication.com\/pagead\/js\/adsbygoogle.js\"><\/script><br \/>\n<!-- Noticias La Guia de Pamplona --><br \/>\n<ins class=\"adsbygoogle\"\nstyle=\"display:block\"\ndata-ad-client=\"ca-pub-6943679897239327\"\ndata-ad-slot=\"7048180777\"\ndata-ad-format=\"auto\"><\/ins><br \/>\n<script>\n(adsbygoogle = window.adsbygoogle || []).push({});\n<\/script><\/p>\n<p>Este mecanismo forma parte de la puesta en escena de la Navidad en la ciudad desde 2008, tras la recuperaci\u00f3n en 2007 del mecanismo original del puente levadizo del portal de Francia, que data de 1753 y que se encontraba en los almacenes municipales.<\/p>\n","protected":false},"excerpt":{"rendered":"<p>Solo resta readaptar los tablones de roble que rematan el espacio y que se colocar\u00e1n m\u00e1s adelante en un cierre puntual<\/p>\n","protected":false},"author":1,"featured_media":47661,"comment_status":"open","ping_status":"closed","sticky":false,"template":"","format":"standard","meta":{"footnotes":""},"categories":[2],"tags":[],"class_list":["post-47660","post","type-post","status-publish","format-standard","has-post-thumbnail","hentry","category-ayuntamiento-pamplona"],"yoast_head":"<!-- This site is optimized with the Yoast SEO plugin v27.3 - https:\/\/yoast.com\/product\/yoast-seo-wordpress\/ -->\n<title>Ma\u00f1ana reabre el Portal de Francia tras las obras de restauraci\u00f3n integral del tablero abatible, mecanismos, fijaciones y cierres de la maniobra de Derch\u00e9<\/title>\n<meta name=\"description\" content=\"Solo resta readaptar los tablones de roble que rematan el espacio y que se colocar\u00e1n m\u00e1s adelante en un cierre puntual\" \/>\n<meta name=\"robots\" content=\"index, follow, max-snippet:-1, max-image-preview:large, max-video-preview:-1\" \/>\n<link rel=\"canonical\" href=\"https:\/\/www.laguiadepamplona.com\/actualidad\/manana-reabre-el-portal-de-francia-tras-las-obras-de-restauracion-integral-del-tablero-abatible-mecanismos-fijaciones-y-cierres-de-la-maniobra-de-derche\/\" \/>\n<meta property=\"og:locale\" content=\"es_ES\" \/>\n<meta property=\"og:type\" content=\"article\" \/>\n<meta property=\"og:title\" content=\"Ma\u00f1ana reabre el Portal de Francia tras las obras de restauraci\u00f3n integral del tablero abatible, mecanismos, fijaciones y cierres de la maniobra de Derch\u00e9\" \/>\n<meta property=\"og:description\" content=\"Solo resta readaptar los tablones de roble que rematan el espacio y que se colocar\u00e1n m\u00e1s adelante en un cierre puntual\" \/>\n<meta property=\"og:url\" content=\"https:\/\/www.laguiadepamplona.com\/actualidad\/manana-reabre-el-portal-de-francia-tras-las-obras-de-restauracion-integral-del-tablero-abatible-mecanismos-fijaciones-y-cierres-de-la-maniobra-de-derche\/\" \/>\n<meta property=\"og:site_name\" content=\"La Gu\u00eda de Pamplona\" \/>\n<meta property=\"article:publisher\" content=\"https:\/\/www.facebook.com\/laguiadepamplonacom-133175176762273\/?ref=hl\" \/>\n<meta property=\"article:published_time\" content=\"2023-10-20T15:55:53+00:00\" \/>\n<meta property=\"og:image\" content=\"https:\/\/www.laguiadepamplona.com\/actualidad\/wp-content\/uploads\/2023\/10\/20231017portalfranciaq5a0714_0.webp\" \/>\n\t<meta property=\"og:image:width\" content=\"1200\" \/>\n\t<meta property=\"og:image:height\" content=\"800\" \/>\n\t<meta property=\"og:image:type\" content=\"image\/webp\" \/>\n<meta name=\"author\" content=\"La Gu\u00eda de Pamplona\" \/>\n<meta name=\"twitter:card\" content=\"summary_large_image\" \/>\n<meta name=\"twitter:creator\" content=\"@LaGuiadPamplona\" \/>\n<meta name=\"twitter:site\" content=\"@LaGuiadPamplona\" \/>\n<meta name=\"twitter:label1\" content=\"Escrito por\" \/>\n\t<meta name=\"twitter:data1\" content=\"La Gu\u00eda de Pamplona\" \/>\n\t<meta name=\"twitter:label2\" content=\"Tiempo de lectura\" \/>\n\t<meta name=\"twitter:data2\" content=\"3 minutos\" \/>\n<script type=\"application\/ld+json\" class=\"yoast-schema-graph\">{\"@context\":\"https:\\\/\\\/schema.org\",\"@graph\":[{\"@type\":\"Article\",\"@id\":\"https:\\\/\\\/www.laguiadepamplona.com\\\/actualidad\\\/manana-reabre-el-portal-de-francia-tras-las-obras-de-restauracion-integral-del-tablero-abatible-mecanismos-fijaciones-y-cierres-de-la-maniobra-de-derche\\\/#article\",\"isPartOf\":{\"@id\":\"https:\\\/\\\/www.laguiadepamplona.com\\\/actualidad\\\/manana-reabre-el-portal-de-francia-tras-las-obras-de-restauracion-integral-del-tablero-abatible-mecanismos-fijaciones-y-cierres-de-la-maniobra-de-derche\\\/\"},\"author\":{\"name\":\"La Gu\u00eda de Pamplona\",\"@id\":\"https:\\\/\\\/www.laguiadepamplona.com\\\/actualidad\\\/#\\\/schema\\\/person\\\/efe887376f0213d4657c93adc50b1fdb\"},\"headline\":\"Ma\u00f1ana reabre el Portal de Francia tras las obras de restauraci\u00f3n integral del tablero abatible, mecanismos, fijaciones y cierres de la maniobra de Derch\u00e9\",\"datePublished\":\"2023-10-20T15:55:53+00:00\",\"mainEntityOfPage\":{\"@id\":\"https:\\\/\\\/www.laguiadepamplona.com\\\/actualidad\\\/manana-reabre-el-portal-de-francia-tras-las-obras-de-restauracion-integral-del-tablero-abatible-mecanismos-fijaciones-y-cierres-de-la-maniobra-de-derche\\\/\"},\"wordCount\":613,\"commentCount\":0,\"publisher\":{\"@id\":\"https:\\\/\\\/www.laguiadepamplona.com\\\/actualidad\\\/#organization\"},\"image\":{\"@id\":\"https:\\\/\\\/www.laguiadepamplona.com\\\/actualidad\\\/manana-reabre-el-portal-de-francia-tras-las-obras-de-restauracion-integral-del-tablero-abatible-mecanismos-fijaciones-y-cierres-de-la-maniobra-de-derche\\\/#primaryimage\"},\"thumbnailUrl\":\"https:\\\/\\\/www.laguiadepamplona.com\\\/actualidad\\\/wp-content\\\/uploads\\\/2023\\\/10\\\/20231017portalfranciaq5a0714_0.webp\",\"articleSection\":[\"Ayto Pamplona\"],\"inLanguage\":\"es\",\"potentialAction\":[{\"@type\":\"CommentAction\",\"name\":\"Comment\",\"target\":[\"https:\\\/\\\/www.laguiadepamplona.com\\\/actualidad\\\/manana-reabre-el-portal-de-francia-tras-las-obras-de-restauracion-integral-del-tablero-abatible-mecanismos-fijaciones-y-cierres-de-la-maniobra-de-derche\\\/#respond\"]}]},{\"@type\":\"WebPage\",\"@id\":\"https:\\\/\\\/www.laguiadepamplona.com\\\/actualidad\\\/manana-reabre-el-portal-de-francia-tras-las-obras-de-restauracion-integral-del-tablero-abatible-mecanismos-fijaciones-y-cierres-de-la-maniobra-de-derche\\\/\",\"url\":\"https:\\\/\\\/www.laguiadepamplona.com\\\/actualidad\\\/manana-reabre-el-portal-de-francia-tras-las-obras-de-restauracion-integral-del-tablero-abatible-mecanismos-fijaciones-y-cierres-de-la-maniobra-de-derche\\\/\",\"name\":\"Ma\u00f1ana reabre el Portal de Francia tras las obras de restauraci\u00f3n integral del tablero abatible, mecanismos, fijaciones y cierres de la maniobra de Derch\u00e9\",\"isPartOf\":{\"@id\":\"https:\\\/\\\/www.laguiadepamplona.com\\\/actualidad\\\/#website\"},\"primaryImageOfPage\":{\"@id\":\"https:\\\/\\\/www.laguiadepamplona.com\\\/actualidad\\\/manana-reabre-el-portal-de-francia-tras-las-obras-de-restauracion-integral-del-tablero-abatible-mecanismos-fijaciones-y-cierres-de-la-maniobra-de-derche\\\/#primaryimage\"},\"image\":{\"@id\":\"https:\\\/\\\/www.laguiadepamplona.com\\\/actualidad\\\/manana-reabre-el-portal-de-francia-tras-las-obras-de-restauracion-integral-del-tablero-abatible-mecanismos-fijaciones-y-cierres-de-la-maniobra-de-derche\\\/#primaryimage\"},\"thumbnailUrl\":\"https:\\\/\\\/www.laguiadepamplona.com\\\/actualidad\\\/wp-content\\\/uploads\\\/2023\\\/10\\\/20231017portalfranciaq5a0714_0.webp\",\"datePublished\":\"2023-10-20T15:55:53+00:00\",\"description\":\"Solo resta readaptar los tablones de roble que rematan el espacio y que se colocar\u00e1n m\u00e1s adelante en un cierre puntual\",\"breadcrumb\":{\"@id\":\"https:\\\/\\\/www.laguiadepamplona.com\\\/actualidad\\\/manana-reabre-el-portal-de-francia-tras-las-obras-de-restauracion-integral-del-tablero-abatible-mecanismos-fijaciones-y-cierres-de-la-maniobra-de-derche\\\/#breadcrumb\"},\"inLanguage\":\"es\",\"potentialAction\":[{\"@type\":\"ReadAction\",\"target\":[\"https:\\\/\\\/www.laguiadepamplona.com\\\/actualidad\\\/manana-reabre-el-portal-de-francia-tras-las-obras-de-restauracion-integral-del-tablero-abatible-mecanismos-fijaciones-y-cierres-de-la-maniobra-de-derche\\\/\"]}]},{\"@type\":\"ImageObject\",\"inLanguage\":\"es\",\"@id\":\"https:\\\/\\\/www.laguiadepamplona.com\\\/actualidad\\\/manana-reabre-el-portal-de-francia-tras-las-obras-de-restauracion-integral-del-tablero-abatible-mecanismos-fijaciones-y-cierres-de-la-maniobra-de-derche\\\/#primaryimage\",\"url\":\"https:\\\/\\\/www.laguiadepamplona.com\\\/actualidad\\\/wp-content\\\/uploads\\\/2023\\\/10\\\/20231017portalfranciaq5a0714_0.webp\",\"contentUrl\":\"https:\\\/\\\/www.laguiadepamplona.com\\\/actualidad\\\/wp-content\\\/uploads\\\/2023\\\/10\\\/20231017portalfranciaq5a0714_0.webp\",\"width\":1200,\"height\":800,\"caption\":\"portal de francia\"},{\"@type\":\"BreadcrumbList\",\"@id\":\"https:\\\/\\\/www.laguiadepamplona.com\\\/actualidad\\\/manana-reabre-el-portal-de-francia-tras-las-obras-de-restauracion-integral-del-tablero-abatible-mecanismos-fijaciones-y-cierres-de-la-maniobra-de-derche\\\/#breadcrumb\",\"itemListElement\":[{\"@type\":\"ListItem\",\"position\":1,\"name\":\"Portada\",\"item\":\"https:\\\/\\\/www.laguiadepamplona.com\\\/actualidad\\\/\"},{\"@type\":\"ListItem\",\"position\":2,\"name\":\"Ma\u00f1ana reabre el Portal de Francia tras las obras de restauraci\u00f3n integral del tablero abatible, mecanismos, fijaciones y cierres de la maniobra de Derch\u00e9\"}]},{\"@type\":\"WebSite\",\"@id\":\"https:\\\/\\\/www.laguiadepamplona.com\\\/actualidad\\\/#website\",\"url\":\"https:\\\/\\\/www.laguiadepamplona.com\\\/actualidad\\\/\",\"name\":\"La gu\u00eda de Pamplona\",\"description\":\"Noticias de Pamplona\",\"publisher\":{\"@id\":\"https:\\\/\\\/www.laguiadepamplona.com\\\/actualidad\\\/#organization\"},\"potentialAction\":[{\"@type\":\"SearchAction\",\"target\":{\"@type\":\"EntryPoint\",\"urlTemplate\":\"https:\\\/\\\/www.laguiadepamplona.com\\\/actualidad\\\/?s={search_term_string}\"},\"query-input\":{\"@type\":\"PropertyValueSpecification\",\"valueRequired\":true,\"valueName\":\"search_term_string\"}}],\"inLanguage\":\"es\"},{\"@type\":\"Organization\",\"@id\":\"https:\\\/\\\/www.laguiadepamplona.com\\\/actualidad\\\/#organization\",\"name\":\"La Gu\u00eda de Pamplona \\\/ Noticias\",\"url\":\"https:\\\/\\\/www.laguiadepamplona.com\\\/actualidad\\\/\",\"logo\":{\"@type\":\"ImageObject\",\"inLanguage\":\"es\",\"@id\":\"https:\\\/\\\/www.laguiadepamplona.com\\\/actualidad\\\/#\\\/schema\\\/logo\\\/image\\\/\",\"url\":\"https:\\\/\\\/www.laguiadepamplona.com\\\/actualidad\\\/wp-content\\\/uploads\\\/2018\\\/11\\\/logo-laguiadepamplona18-web1.png\",\"contentUrl\":\"https:\\\/\\\/www.laguiadepamplona.com\\\/actualidad\\\/wp-content\\\/uploads\\\/2018\\\/11\\\/logo-laguiadepamplona18-web1.png\",\"width\":600,\"height\":196,\"caption\":\"La Gu\u00eda de Pamplona \\\/ Noticias\"},\"image\":{\"@id\":\"https:\\\/\\\/www.laguiadepamplona.com\\\/actualidad\\\/#\\\/schema\\\/logo\\\/image\\\/\"},\"sameAs\":[\"https:\\\/\\\/www.facebook.com\\\/laguiadepamplonacom-133175176762273\\\/?ref=hl\",\"https:\\\/\\\/x.com\\\/LaGuiadPamplona\",\"https:\\\/\\\/www.instagram.com\\\/la_guia_de_pamplona\\\/\",\"https:\\\/\\\/www.youtube.com\\\/user\\\/laguiadepamplona\"]},{\"@type\":\"Person\",\"@id\":\"https:\\\/\\\/www.laguiadepamplona.com\\\/actualidad\\\/#\\\/schema\\\/person\\\/efe887376f0213d4657c93adc50b1fdb\",\"name\":\"La Gu\u00eda de Pamplona\",\"image\":{\"@type\":\"ImageObject\",\"inLanguage\":\"es\",\"@id\":\"https:\\\/\\\/secure.gravatar.com\\\/avatar\\\/b6992f131dc8d30ab0dff15446e9d346d9dbd95992de0fef795073f5ea83a81c?s=96&d=mm&r=g\",\"url\":\"https:\\\/\\\/secure.gravatar.com\\\/avatar\\\/b6992f131dc8d30ab0dff15446e9d346d9dbd95992de0fef795073f5ea83a81c?s=96&d=mm&r=g\",\"contentUrl\":\"https:\\\/\\\/secure.gravatar.com\\\/avatar\\\/b6992f131dc8d30ab0dff15446e9d346d9dbd95992de0fef795073f5ea83a81c?s=96&d=mm&r=g\",\"caption\":\"La Gu\u00eda de Pamplona\"}}]}<\/script>\n<!-- \/ Yoast SEO plugin. -->","yoast_head_json":{"title":"Ma\u00f1ana reabre el Portal de Francia tras las obras de restauraci\u00f3n integral del tablero abatible, mecanismos, fijaciones y cierres de la maniobra de Derch\u00e9","description":"Solo resta readaptar los tablones de roble que rematan el espacio y que se colocar\u00e1n m\u00e1s adelante en un cierre puntual","robots":{"index":"index","follow":"follow","max-snippet":"max-snippet:-1","max-image-preview":"max-image-preview:large","max-video-preview":"max-video-preview:-1"},"canonical":"https:\/\/www.laguiadepamplona.com\/actualidad\/manana-reabre-el-portal-de-francia-tras-las-obras-de-restauracion-integral-del-tablero-abatible-mecanismos-fijaciones-y-cierres-de-la-maniobra-de-derche\/","og_locale":"es_ES","og_type":"article","og_title":"Ma\u00f1ana reabre el Portal de Francia tras las obras de restauraci\u00f3n integral del tablero abatible, mecanismos, fijaciones y cierres de la maniobra de Derch\u00e9","og_description":"Solo resta readaptar los tablones de roble que rematan el espacio y que se colocar\u00e1n m\u00e1s adelante en un cierre puntual","og_url":"https:\/\/www.laguiadepamplona.com\/actualidad\/manana-reabre-el-portal-de-francia-tras-las-obras-de-restauracion-integral-del-tablero-abatible-mecanismos-fijaciones-y-cierres-de-la-maniobra-de-derche\/","og_site_name":"La Gu\u00eda de Pamplona","article_publisher":"https:\/\/www.facebook.com\/laguiadepamplonacom-133175176762273\/?ref=hl","article_published_time":"2023-10-20T15:55:53+00:00","og_image":[{"width":1200,"height":800,"url":"https:\/\/www.laguiadepamplona.com\/actualidad\/wp-content\/uploads\/2023\/10\/20231017portalfranciaq5a0714_0.webp","type":"image\/webp"}],"author":"La Gu\u00eda de Pamplona","twitter_card":"summary_large_image","twitter_creator":"@LaGuiadPamplona","twitter_site":"@LaGuiadPamplona","twitter_misc":{"Escrito por":"La Gu\u00eda de Pamplona","Tiempo de lectura":"3 minutos"},"schema":{"@context":"https:\/\/schema.org","@graph":[{"@type":"Article","@id":"https:\/\/www.laguiadepamplona.com\/actualidad\/manana-reabre-el-portal-de-francia-tras-las-obras-de-restauracion-integral-del-tablero-abatible-mecanismos-fijaciones-y-cierres-de-la-maniobra-de-derche\/#article","isPartOf":{"@id":"https:\/\/www.laguiadepamplona.com\/actualidad\/manana-reabre-el-portal-de-francia-tras-las-obras-de-restauracion-integral-del-tablero-abatible-mecanismos-fijaciones-y-cierres-de-la-maniobra-de-derche\/"},"author":{"name":"La Gu\u00eda de Pamplona","@id":"https:\/\/www.laguiadepamplona.com\/actualidad\/#\/schema\/person\/efe887376f0213d4657c93adc50b1fdb"},"headline":"Ma\u00f1ana reabre el Portal de Francia tras las obras de restauraci\u00f3n integral del tablero abatible, mecanismos, fijaciones y cierres de la maniobra de Derch\u00e9","datePublished":"2023-10-20T15:55:53+00:00","mainEntityOfPage":{"@id":"https:\/\/www.laguiadepamplona.com\/actualidad\/manana-reabre-el-portal-de-francia-tras-las-obras-de-restauracion-integral-del-tablero-abatible-mecanismos-fijaciones-y-cierres-de-la-maniobra-de-derche\/"},"wordCount":613,"commentCount":0,"publisher":{"@id":"https:\/\/www.laguiadepamplona.com\/actualidad\/#organization"},"image":{"@id":"https:\/\/www.laguiadepamplona.com\/actualidad\/manana-reabre-el-portal-de-francia-tras-las-obras-de-restauracion-integral-del-tablero-abatible-mecanismos-fijaciones-y-cierres-de-la-maniobra-de-derche\/#primaryimage"},"thumbnailUrl":"https:\/\/www.laguiadepamplona.com\/actualidad\/wp-content\/uploads\/2023\/10\/20231017portalfranciaq5a0714_0.webp","articleSection":["Ayto Pamplona"],"inLanguage":"es","potentialAction":[{"@type":"CommentAction","name":"Comment","target":["https:\/\/www.laguiadepamplona.com\/actualidad\/manana-reabre-el-portal-de-francia-tras-las-obras-de-restauracion-integral-del-tablero-abatible-mecanismos-fijaciones-y-cierres-de-la-maniobra-de-derche\/#respond"]}]},{"@type":"WebPage","@id":"https:\/\/www.laguiadepamplona.com\/actualidad\/manana-reabre-el-portal-de-francia-tras-las-obras-de-restauracion-integral-del-tablero-abatible-mecanismos-fijaciones-y-cierres-de-la-maniobra-de-derche\/","url":"https:\/\/www.laguiadepamplona.com\/actualidad\/manana-reabre-el-portal-de-francia-tras-las-obras-de-restauracion-integral-del-tablero-abatible-mecanismos-fijaciones-y-cierres-de-la-maniobra-de-derche\/","name":"Ma\u00f1ana reabre el Portal de Francia tras las obras de restauraci\u00f3n integral del tablero abatible, mecanismos, fijaciones y cierres de la maniobra de Derch\u00e9","isPartOf":{"@id":"https:\/\/www.laguiadepamplona.com\/actualidad\/#website"},"primaryImageOfPage":{"@id":"https:\/\/www.laguiadepamplona.com\/actualidad\/manana-reabre-el-portal-de-francia-tras-las-obras-de-restauracion-integral-del-tablero-abatible-mecanismos-fijaciones-y-cierres-de-la-maniobra-de-derche\/#primaryimage"},"image":{"@id":"https:\/\/www.laguiadepamplona.com\/actualidad\/manana-reabre-el-portal-de-francia-tras-las-obras-de-restauracion-integral-del-tablero-abatible-mecanismos-fijaciones-y-cierres-de-la-maniobra-de-derche\/#primaryimage"},"thumbnailUrl":"https:\/\/www.laguiadepamplona.com\/actualidad\/wp-content\/uploads\/2023\/10\/20231017portalfranciaq5a0714_0.webp","datePublished":"2023-10-20T15:55:53+00:00","description":"Solo resta readaptar los tablones de roble que rematan el espacio y que se colocar\u00e1n m\u00e1s adelante en un cierre puntual","breadcrumb":{"@id":"https:\/\/www.laguiadepamplona.com\/actualidad\/manana-reabre-el-portal-de-francia-tras-las-obras-de-restauracion-integral-del-tablero-abatible-mecanismos-fijaciones-y-cierres-de-la-maniobra-de-derche\/#breadcrumb"},"inLanguage":"es","potentialAction":[{"@type":"ReadAction","target":["https:\/\/www.laguiadepamplona.com\/actualidad\/manana-reabre-el-portal-de-francia-tras-las-obras-de-restauracion-integral-del-tablero-abatible-mecanismos-fijaciones-y-cierres-de-la-maniobra-de-derche\/"]}]},{"@type":"ImageObject","inLanguage":"es","@id":"https:\/\/www.laguiadepamplona.com\/actualidad\/manana-reabre-el-portal-de-francia-tras-las-obras-de-restauracion-integral-del-tablero-abatible-mecanismos-fijaciones-y-cierres-de-la-maniobra-de-derche\/#primaryimage","url":"https:\/\/www.laguiadepamplona.com\/actualidad\/wp-content\/uploads\/2023\/10\/20231017portalfranciaq5a0714_0.webp","contentUrl":"https:\/\/www.laguiadepamplona.com\/actualidad\/wp-content\/uploads\/2023\/10\/20231017portalfranciaq5a0714_0.webp","width":1200,"height":800,"caption":"portal de francia"},{"@type":"BreadcrumbList","@id":"https:\/\/www.laguiadepamplona.com\/actualidad\/manana-reabre-el-portal-de-francia-tras-las-obras-de-restauracion-integral-del-tablero-abatible-mecanismos-fijaciones-y-cierres-de-la-maniobra-de-derche\/#breadcrumb","itemListElement":[{"@type":"ListItem","position":1,"name":"Portada","item":"https:\/\/www.laguiadepamplona.com\/actualidad\/"},{"@type":"ListItem","position":2,"name":"Ma\u00f1ana reabre el Portal de Francia tras las obras de restauraci\u00f3n integral del tablero abatible, mecanismos, fijaciones y cierres de la maniobra de Derch\u00e9"}]},{"@type":"WebSite","@id":"https:\/\/www.laguiadepamplona.com\/actualidad\/#website","url":"https:\/\/www.laguiadepamplona.com\/actualidad\/","name":"La gu\u00eda de Pamplona","description":"Noticias de Pamplona","publisher":{"@id":"https:\/\/www.laguiadepamplona.com\/actualidad\/#organization"},"potentialAction":[{"@type":"SearchAction","target":{"@type":"EntryPoint","urlTemplate":"https:\/\/www.laguiadepamplona.com\/actualidad\/?s={search_term_string}"},"query-input":{"@type":"PropertyValueSpecification","valueRequired":true,"valueName":"search_term_string"}}],"inLanguage":"es"},{"@type":"Organization","@id":"https:\/\/www.laguiadepamplona.com\/actualidad\/#organization","name":"La Gu\u00eda de Pamplona \/ Noticias","url":"https:\/\/www.laguiadepamplona.com\/actualidad\/","logo":{"@type":"ImageObject","inLanguage":"es","@id":"https:\/\/www.laguiadepamplona.com\/actualidad\/#\/schema\/logo\/image\/","url":"https:\/\/www.laguiadepamplona.com\/actualidad\/wp-content\/uploads\/2018\/11\/logo-laguiadepamplona18-web1.png","contentUrl":"https:\/\/www.laguiadepamplona.com\/actualidad\/wp-content\/uploads\/2018\/11\/logo-laguiadepamplona18-web1.png","width":600,"height":196,"caption":"La Gu\u00eda de Pamplona \/ Noticias"},"image":{"@id":"https:\/\/www.laguiadepamplona.com\/actualidad\/#\/schema\/logo\/image\/"},"sameAs":["https:\/\/www.facebook.com\/laguiadepamplonacom-133175176762273\/?ref=hl","https:\/\/x.com\/LaGuiadPamplona","https:\/\/www.instagram.com\/la_guia_de_pamplona\/","https:\/\/www.youtube.com\/user\/laguiadepamplona"]},{"@type":"Person","@id":"https:\/\/www.laguiadepamplona.com\/actualidad\/#\/schema\/person\/efe887376f0213d4657c93adc50b1fdb","name":"La Gu\u00eda de Pamplona","image":{"@type":"ImageObject","inLanguage":"es","@id":"https:\/\/secure.gravatar.com\/avatar\/b6992f131dc8d30ab0dff15446e9d346d9dbd95992de0fef795073f5ea83a81c?s=96&d=mm&r=g","url":"https:\/\/secure.gravatar.com\/avatar\/b6992f131dc8d30ab0dff15446e9d346d9dbd95992de0fef795073f5ea83a81c?s=96&d=mm&r=g","contentUrl":"https:\/\/secure.gravatar.com\/avatar\/b6992f131dc8d30ab0dff15446e9d346d9dbd95992de0fef795073f5ea83a81c?s=96&d=mm&r=g","caption":"La Gu\u00eda de Pamplona"}}]}},"post_mailing_queue_ids":[],"_links":{"self":[{"href":"https:\/\/www.laguiadepamplona.com\/actualidad\/wp-json\/wp\/v2\/posts\/47660","targetHints":{"allow":["GET"]}}],"collection":[{"href":"https:\/\/www.laguiadepamplona.com\/actualidad\/wp-json\/wp\/v2\/posts"}],"about":[{"href":"https:\/\/www.laguiadepamplona.com\/actualidad\/wp-json\/wp\/v2\/types\/post"}],"author":[{"embeddable":true,"href":"https:\/\/www.laguiadepamplona.com\/actualidad\/wp-json\/wp\/v2\/users\/1"}],"replies":[{"embeddable":true,"href":"https:\/\/www.laguiadepamplona.com\/actualidad\/wp-json\/wp\/v2\/comments?post=47660"}],"version-history":[{"count":1,"href":"https:\/\/www.laguiadepamplona.com\/actualidad\/wp-json\/wp\/v2\/posts\/47660\/revisions"}],"predecessor-version":[{"id":47662,"href":"https:\/\/www.laguiadepamplona.com\/actualidad\/wp-json\/wp\/v2\/posts\/47660\/revisions\/47662"}],"wp:featuredmedia":[{"embeddable":true,"href":"https:\/\/www.laguiadepamplona.com\/actualidad\/wp-json\/wp\/v2\/media\/47661"}],"wp:attachment":[{"href":"https:\/\/www.laguiadepamplona.com\/actualidad\/wp-json\/wp\/v2\/media?parent=47660"}],"wp:term":[{"taxonomy":"category","embeddable":true,"href":"https:\/\/www.laguiadepamplona.com\/actualidad\/wp-json\/wp\/v2\/categories?post=47660"},{"taxonomy":"post_tag","embeddable":true,"href":"https:\/\/www.laguiadepamplona.com\/actualidad\/wp-json\/wp\/v2\/tags?post=47660"}],"curies":[{"name":"wp","href":"https:\/\/api.w.org\/{rel}","templated":true}]}}