{"id":47657,"date":"2023-10-20T17:53:13","date_gmt":"2023-10-20T15:53:13","guid":{"rendered":"https:\/\/www.laguiadepamplona.com\/actualidad\/?p=47657"},"modified":"2023-10-20T17:53:13","modified_gmt":"2023-10-20T15:53:13","slug":"el-ayuntamiento-de-pamplona-recibe-a-la-federacion-de-casas-regionales-en-navarra-que-celebra-su-xxxiv-semana-cultural-con-la-casa-de-aragon-como-anfitriona","status":"publish","type":"post","link":"https:\/\/www.laguiadepamplona.com\/actualidad\/el-ayuntamiento-de-pamplona-recibe-a-la-federacion-de-casas-regionales-en-navarra-que-celebra-su-xxxiv-semana-cultural-con-la-casa-de-aragon-como-anfitriona\/","title":{"rendered":"El Ayuntamiento de Pamplona recibe a la Federaci\u00f3n de Casas Regionales en Navarra, que celebra su XXXIV Semana Cultural con la Casa de Arag\u00f3n como anfitriona"},"content":{"rendered":"<h3>Las siete casas que integran la federaci\u00f3n realizan actividades para difundir el conocimiento y la cultura de las distintas comunidades aut\u00f3nomas<\/h3>\n<p><!--more--><\/p>\n<p>El Ayuntamiento de Pamplona ha recibido esta ma\u00f1ana a la Federaci\u00f3n de Casas Regionales en Navarra, que celebra hasta el domingo su XXXIV Semana Cultural. En la recepci\u00f3n ha participado la alcaldesa, Cristina Ibarrola, y otros miembros de la Corporaci\u00f3n municipal, junto al presidente de la Federaci\u00f3n de Casas Regionales en Navarra, Jaime Valdeolmillos, y representantes de la federaci\u00f3n y de las siete casas regionales que la conforman: la Casa de Arag\u00f3n, que es la anfitriona de este a\u00f1o, la Casa de Cantabria, la Casa de Castilla y Le\u00f3n, el Hogar Extreme\u00f1o de Navarra, la Casa Regional de la Comunidad Valenciana, el Centro Cultural Extreme\u00f1o La Encina de Alsasua y el Lar Gallego.<br \/>\n<script async src=\"\/\/pagead2.googlesyndication.com\/pagead\/js\/adsbygoogle.js\"><\/script><br \/>\n<!-- Noticias La Guia de Pamplona --><br \/>\n<ins class=\"adsbygoogle\"\nstyle=\"display:block\"\ndata-ad-client=\"ca-pub-6943679897239327\"\ndata-ad-slot=\"7048180777\"\ndata-ad-format=\"auto\"><\/ins><br \/>\n<script>\n(adsbygoogle = window.adsbygoogle || []).push({});\n<\/script><\/p>\n<p>La alcaldesa ha destacado el car\u00e1cter integrador de las casas regionales y su papel en la difusi\u00f3n del conocimiento y la cultura en Pamplona y en toda la comunidad. A continuaci\u00f3n, ha intervenido el presidente de la Federaci\u00f3n de Casas Regionales en Navarra, Jaime Valdeolmillos, y un representante de la Casa de Arag\u00f3n. El Ayuntamiento ha entregado a la federaci\u00f3n una reproducci\u00f3n del sello conmemorativo del 600 aniversario del Privilegio de la Uni\u00f3n y ha recibido de la Casa de Arag\u00f3n tres libros, uno por cada provincia de la comunidad: Zaragoza, Huesca y Teruel, adem\u00e1s de un pa\u00f1uelico sanferminero de la Casa de Arag\u00f3n.<\/p>\n<p>La recepci\u00f3n la ha cerrado una jota aragonesa interpretada en directo por el jotero Jorge Blasco, acompa\u00f1ado a la guitarra por Fernando El\u00edas.<br \/>\n<script async src=\"\/\/pagead2.googlesyndication.com\/pagead\/js\/adsbygoogle.js\"><\/script><br \/>\n<!-- Noticias La Guia de Pamplona --><br \/>\n<ins class=\"adsbygoogle\"\nstyle=\"display:block\"\ndata-ad-client=\"ca-pub-6943679897239327\"\ndata-ad-slot=\"7048180777\"\ndata-ad-format=\"auto\"><\/ins><br \/>\n<script>\n(adsbygoogle = window.adsbygoogle || []).push({});\n<\/script><\/p>\n<p><strong>Una cita consolidada<\/strong><\/p>\n<p>La XXXIV Semana Cultural de la Federaci\u00f3n de Casas Regionales en Navarra se abri\u00f3 este jueves en el Colegio Luis Amig\u00f3 con el desfile de banderas, la lectura del preg\u00f3n y la imposici\u00f3n de bandas a los representantes de cada una de las casas. El programa contin\u00faa esta tarde en el Lar Gallego, con una conferencia sobre micolog\u00eda y degustaci\u00f3n gastron\u00f3mica.<\/p>\n<p>Este s\u00e1bado, las casas acudir\u00e1n a la iglesia de San Francisco, para celebrar una misa amenizada con m\u00fasica tradicional a cargo de la Rondalla de la Casa de Arag\u00f3n y que concluye con la ofrenda floral a la Virgen del Pilar. A continuaci\u00f3n, tendr\u00e1 lugar un desfile por la avenida de Carlos III y Paseo de Sarasate, para acudir al Palacio de Navarra, donde realizar\u00e1n una exhibici\u00f3n de bailes, seguida de una comida de hermandad. El domingo, una excursi\u00f3n a Petilla de Arag\u00f3n, Sos del Rey Cat\u00f3lico y Javier cierra la celebraci\u00f3n de este a\u00f1o.<\/p>\n","protected":false},"excerpt":{"rendered":"<p>Las siete casas que integran la federaci\u00f3n realizan actividades para difundir el conocimiento y la cultura de las distintas comunidades aut\u00f3nomas<\/p>\n","protected":false},"author":1,"featured_media":47658,"comment_status":"open","ping_status":"closed","sticky":false,"template":"","format":"standard","meta":{"footnotes":""},"categories":[2],"tags":[],"class_list":["post-47657","post","type-post","status-publish","format-standard","has-post-thumbnail","hentry","category-ayuntamiento-pamplona"],"yoast_head":"<!-- This site is optimized with the Yoast SEO plugin v27.3 - https:\/\/yoast.com\/product\/yoast-seo-wordpress\/ -->\n<title>El Ayuntamiento de Pamplona recibe a la Federaci\u00f3n de Casas Regionales en Navarra, que celebra su XXXIV Semana Cultural con la Casa de Arag\u00f3n como anfitriona<\/title>\n<meta name=\"description\" content=\"Las siete casas que integran la federaci\u00f3n realizan actividades para difundir el conocimiento y la cultura de las distintas comunidades aut\u00f3nomas\" \/>\n<meta name=\"robots\" content=\"index, follow, max-snippet:-1, max-image-preview:large, max-video-preview:-1\" \/>\n<link rel=\"canonical\" href=\"https:\/\/www.laguiadepamplona.com\/actualidad\/el-ayuntamiento-de-pamplona-recibe-a-la-federacion-de-casas-regionales-en-navarra-que-celebra-su-xxxiv-semana-cultural-con-la-casa-de-aragon-como-anfitriona\/\" \/>\n<meta property=\"og:locale\" content=\"es_ES\" \/>\n<meta property=\"og:type\" content=\"article\" \/>\n<meta property=\"og:title\" content=\"El Ayuntamiento de Pamplona recibe a la Federaci\u00f3n de Casas Regionales en Navarra, que celebra su XXXIV Semana Cultural con la Casa de Arag\u00f3n como anfitriona\" \/>\n<meta property=\"og:description\" content=\"Las siete casas que integran la federaci\u00f3n realizan actividades para difundir el conocimiento y la cultura de las distintas comunidades aut\u00f3nomas\" \/>\n<meta property=\"og:url\" content=\"https:\/\/www.laguiadepamplona.com\/actualidad\/el-ayuntamiento-de-pamplona-recibe-a-la-federacion-de-casas-regionales-en-navarra-que-celebra-su-xxxiv-semana-cultural-con-la-casa-de-aragon-como-anfitriona\/\" \/>\n<meta property=\"og:site_name\" content=\"La Gu\u00eda de Pamplona\" \/>\n<meta property=\"article:publisher\" content=\"https:\/\/www.facebook.com\/laguiadepamplonacom-133175176762273\/?ref=hl\" \/>\n<meta property=\"article:published_time\" content=\"2023-10-20T15:53:13+00:00\" \/>\n<meta property=\"og:image\" content=\"https:\/\/www.laguiadepamplona.com\/actualidad\/wp-content\/uploads\/2023\/10\/recpfederacioncasasregionalesnb0620_0.webp\" \/>\n\t<meta property=\"og:image:width\" content=\"1200\" \/>\n\t<meta property=\"og:image:height\" content=\"800\" \/>\n\t<meta property=\"og:image:type\" content=\"image\/webp\" \/>\n<meta name=\"author\" content=\"La Gu\u00eda de Pamplona\" \/>\n<meta name=\"twitter:card\" content=\"summary_large_image\" \/>\n<meta name=\"twitter:creator\" content=\"@LaGuiadPamplona\" \/>\n<meta name=\"twitter:site\" content=\"@LaGuiadPamplona\" \/>\n<meta name=\"twitter:label1\" content=\"Escrito por\" \/>\n\t<meta name=\"twitter:data1\" content=\"La Gu\u00eda de Pamplona\" \/>\n\t<meta name=\"twitter:label2\" content=\"Tiempo de lectura\" \/>\n\t<meta name=\"twitter:data2\" content=\"2 minutos\" \/>\n<script type=\"application\/ld+json\" class=\"yoast-schema-graph\">{\"@context\":\"https:\\\/\\\/schema.org\",\"@graph\":[{\"@type\":\"Article\",\"@id\":\"https:\\\/\\\/www.laguiadepamplona.com\\\/actualidad\\\/el-ayuntamiento-de-pamplona-recibe-a-la-federacion-de-casas-regionales-en-navarra-que-celebra-su-xxxiv-semana-cultural-con-la-casa-de-aragon-como-anfitriona\\\/#article\",\"isPartOf\":{\"@id\":\"https:\\\/\\\/www.laguiadepamplona.com\\\/actualidad\\\/el-ayuntamiento-de-pamplona-recibe-a-la-federacion-de-casas-regionales-en-navarra-que-celebra-su-xxxiv-semana-cultural-con-la-casa-de-aragon-como-anfitriona\\\/\"},\"author\":{\"name\":\"La Gu\u00eda de Pamplona\",\"@id\":\"https:\\\/\\\/www.laguiadepamplona.com\\\/actualidad\\\/#\\\/schema\\\/person\\\/efe887376f0213d4657c93adc50b1fdb\"},\"headline\":\"El Ayuntamiento de Pamplona recibe a la Federaci\u00f3n de Casas Regionales en Navarra, que celebra su XXXIV Semana Cultural con la Casa de Arag\u00f3n como anfitriona\",\"datePublished\":\"2023-10-20T15:53:13+00:00\",\"mainEntityOfPage\":{\"@id\":\"https:\\\/\\\/www.laguiadepamplona.com\\\/actualidad\\\/el-ayuntamiento-de-pamplona-recibe-a-la-federacion-de-casas-regionales-en-navarra-que-celebra-su-xxxiv-semana-cultural-con-la-casa-de-aragon-como-anfitriona\\\/\"},\"wordCount\":494,\"commentCount\":0,\"publisher\":{\"@id\":\"https:\\\/\\\/www.laguiadepamplona.com\\\/actualidad\\\/#organization\"},\"image\":{\"@id\":\"https:\\\/\\\/www.laguiadepamplona.com\\\/actualidad\\\/el-ayuntamiento-de-pamplona-recibe-a-la-federacion-de-casas-regionales-en-navarra-que-celebra-su-xxxiv-semana-cultural-con-la-casa-de-aragon-como-anfitriona\\\/#primaryimage\"},\"thumbnailUrl\":\"https:\\\/\\\/www.laguiadepamplona.com\\\/actualidad\\\/wp-content\\\/uploads\\\/2023\\\/10\\\/recpfederacioncasasregionalesnb0620_0.webp\",\"articleSection\":[\"Ayto Pamplona\"],\"inLanguage\":\"es\",\"potentialAction\":[{\"@type\":\"CommentAction\",\"name\":\"Comment\",\"target\":[\"https:\\\/\\\/www.laguiadepamplona.com\\\/actualidad\\\/el-ayuntamiento-de-pamplona-recibe-a-la-federacion-de-casas-regionales-en-navarra-que-celebra-su-xxxiv-semana-cultural-con-la-casa-de-aragon-como-anfitriona\\\/#respond\"]}]},{\"@type\":\"WebPage\",\"@id\":\"https:\\\/\\\/www.laguiadepamplona.com\\\/actualidad\\\/el-ayuntamiento-de-pamplona-recibe-a-la-federacion-de-casas-regionales-en-navarra-que-celebra-su-xxxiv-semana-cultural-con-la-casa-de-aragon-como-anfitriona\\\/\",\"url\":\"https:\\\/\\\/www.laguiadepamplona.com\\\/actualidad\\\/el-ayuntamiento-de-pamplona-recibe-a-la-federacion-de-casas-regionales-en-navarra-que-celebra-su-xxxiv-semana-cultural-con-la-casa-de-aragon-como-anfitriona\\\/\",\"name\":\"El Ayuntamiento de Pamplona recibe a la Federaci\u00f3n de Casas Regionales en Navarra, que celebra su XXXIV Semana Cultural con la Casa de Arag\u00f3n como anfitriona\",\"isPartOf\":{\"@id\":\"https:\\\/\\\/www.laguiadepamplona.com\\\/actualidad\\\/#website\"},\"primaryImageOfPage\":{\"@id\":\"https:\\\/\\\/www.laguiadepamplona.com\\\/actualidad\\\/el-ayuntamiento-de-pamplona-recibe-a-la-federacion-de-casas-regionales-en-navarra-que-celebra-su-xxxiv-semana-cultural-con-la-casa-de-aragon-como-anfitriona\\\/#primaryimage\"},\"image\":{\"@id\":\"https:\\\/\\\/www.laguiadepamplona.com\\\/actualidad\\\/el-ayuntamiento-de-pamplona-recibe-a-la-federacion-de-casas-regionales-en-navarra-que-celebra-su-xxxiv-semana-cultural-con-la-casa-de-aragon-como-anfitriona\\\/#primaryimage\"},\"thumbnailUrl\":\"https:\\\/\\\/www.laguiadepamplona.com\\\/actualidad\\\/wp-content\\\/uploads\\\/2023\\\/10\\\/recpfederacioncasasregionalesnb0620_0.webp\",\"datePublished\":\"2023-10-20T15:53:13+00:00\",\"description\":\"Las siete casas que integran la federaci\u00f3n realizan actividades para difundir el conocimiento y la cultura de las distintas comunidades aut\u00f3nomas\",\"breadcrumb\":{\"@id\":\"https:\\\/\\\/www.laguiadepamplona.com\\\/actualidad\\\/el-ayuntamiento-de-pamplona-recibe-a-la-federacion-de-casas-regionales-en-navarra-que-celebra-su-xxxiv-semana-cultural-con-la-casa-de-aragon-como-anfitriona\\\/#breadcrumb\"},\"inLanguage\":\"es\",\"potentialAction\":[{\"@type\":\"ReadAction\",\"target\":[\"https:\\\/\\\/www.laguiadepamplona.com\\\/actualidad\\\/el-ayuntamiento-de-pamplona-recibe-a-la-federacion-de-casas-regionales-en-navarra-que-celebra-su-xxxiv-semana-cultural-con-la-casa-de-aragon-como-anfitriona\\\/\"]}]},{\"@type\":\"ImageObject\",\"inLanguage\":\"es\",\"@id\":\"https:\\\/\\\/www.laguiadepamplona.com\\\/actualidad\\\/el-ayuntamiento-de-pamplona-recibe-a-la-federacion-de-casas-regionales-en-navarra-que-celebra-su-xxxiv-semana-cultural-con-la-casa-de-aragon-como-anfitriona\\\/#primaryimage\",\"url\":\"https:\\\/\\\/www.laguiadepamplona.com\\\/actualidad\\\/wp-content\\\/uploads\\\/2023\\\/10\\\/recpfederacioncasasregionalesnb0620_0.webp\",\"contentUrl\":\"https:\\\/\\\/www.laguiadepamplona.com\\\/actualidad\\\/wp-content\\\/uploads\\\/2023\\\/10\\\/recpfederacioncasasregionalesnb0620_0.webp\",\"width\":1200,\"height\":800,\"caption\":\"casas regionales\"},{\"@type\":\"BreadcrumbList\",\"@id\":\"https:\\\/\\\/www.laguiadepamplona.com\\\/actualidad\\\/el-ayuntamiento-de-pamplona-recibe-a-la-federacion-de-casas-regionales-en-navarra-que-celebra-su-xxxiv-semana-cultural-con-la-casa-de-aragon-como-anfitriona\\\/#breadcrumb\",\"itemListElement\":[{\"@type\":\"ListItem\",\"position\":1,\"name\":\"Portada\",\"item\":\"https:\\\/\\\/www.laguiadepamplona.com\\\/actualidad\\\/\"},{\"@type\":\"ListItem\",\"position\":2,\"name\":\"El Ayuntamiento de Pamplona recibe a la Federaci\u00f3n de Casas Regionales en Navarra, que celebra su XXXIV Semana Cultural con la Casa de Arag\u00f3n como anfitriona\"}]},{\"@type\":\"WebSite\",\"@id\":\"https:\\\/\\\/www.laguiadepamplona.com\\\/actualidad\\\/#website\",\"url\":\"https:\\\/\\\/www.laguiadepamplona.com\\\/actualidad\\\/\",\"name\":\"La gu\u00eda de Pamplona\",\"description\":\"Noticias de Pamplona\",\"publisher\":{\"@id\":\"https:\\\/\\\/www.laguiadepamplona.com\\\/actualidad\\\/#organization\"},\"potentialAction\":[{\"@type\":\"SearchAction\",\"target\":{\"@type\":\"EntryPoint\",\"urlTemplate\":\"https:\\\/\\\/www.laguiadepamplona.com\\\/actualidad\\\/?s={search_term_string}\"},\"query-input\":{\"@type\":\"PropertyValueSpecification\",\"valueRequired\":true,\"valueName\":\"search_term_string\"}}],\"inLanguage\":\"es\"},{\"@type\":\"Organization\",\"@id\":\"https:\\\/\\\/www.laguiadepamplona.com\\\/actualidad\\\/#organization\",\"name\":\"La Gu\u00eda de Pamplona \\\/ Noticias\",\"url\":\"https:\\\/\\\/www.laguiadepamplona.com\\\/actualidad\\\/\",\"logo\":{\"@type\":\"ImageObject\",\"inLanguage\":\"es\",\"@id\":\"https:\\\/\\\/www.laguiadepamplona.com\\\/actualidad\\\/#\\\/schema\\\/logo\\\/image\\\/\",\"url\":\"https:\\\/\\\/www.laguiadepamplona.com\\\/actualidad\\\/wp-content\\\/uploads\\\/2018\\\/11\\\/logo-laguiadepamplona18-web1.png\",\"contentUrl\":\"https:\\\/\\\/www.laguiadepamplona.com\\\/actualidad\\\/wp-content\\\/uploads\\\/2018\\\/11\\\/logo-laguiadepamplona18-web1.png\",\"width\":600,\"height\":196,\"caption\":\"La Gu\u00eda de Pamplona \\\/ Noticias\"},\"image\":{\"@id\":\"https:\\\/\\\/www.laguiadepamplona.com\\\/actualidad\\\/#\\\/schema\\\/logo\\\/image\\\/\"},\"sameAs\":[\"https:\\\/\\\/www.facebook.com\\\/laguiadepamplonacom-133175176762273\\\/?ref=hl\",\"https:\\\/\\\/x.com\\\/LaGuiadPamplona\",\"https:\\\/\\\/www.instagram.com\\\/la_guia_de_pamplona\\\/\",\"https:\\\/\\\/www.youtube.com\\\/user\\\/laguiadepamplona\"]},{\"@type\":\"Person\",\"@id\":\"https:\\\/\\\/www.laguiadepamplona.com\\\/actualidad\\\/#\\\/schema\\\/person\\\/efe887376f0213d4657c93adc50b1fdb\",\"name\":\"La Gu\u00eda de Pamplona\",\"image\":{\"@type\":\"ImageObject\",\"inLanguage\":\"es\",\"@id\":\"https:\\\/\\\/secure.gravatar.com\\\/avatar\\\/b6992f131dc8d30ab0dff15446e9d346d9dbd95992de0fef795073f5ea83a81c?s=96&d=mm&r=g\",\"url\":\"https:\\\/\\\/secure.gravatar.com\\\/avatar\\\/b6992f131dc8d30ab0dff15446e9d346d9dbd95992de0fef795073f5ea83a81c?s=96&d=mm&r=g\",\"contentUrl\":\"https:\\\/\\\/secure.gravatar.com\\\/avatar\\\/b6992f131dc8d30ab0dff15446e9d346d9dbd95992de0fef795073f5ea83a81c?s=96&d=mm&r=g\",\"caption\":\"La Gu\u00eda de Pamplona\"}}]}<\/script>\n<!-- \/ Yoast SEO plugin. -->","yoast_head_json":{"title":"El Ayuntamiento de Pamplona recibe a la Federaci\u00f3n de Casas Regionales en Navarra, que celebra su XXXIV Semana Cultural con la Casa de Arag\u00f3n como anfitriona","description":"Las siete casas que integran la federaci\u00f3n realizan actividades para difundir el conocimiento y la cultura de las distintas comunidades aut\u00f3nomas","robots":{"index":"index","follow":"follow","max-snippet":"max-snippet:-1","max-image-preview":"max-image-preview:large","max-video-preview":"max-video-preview:-1"},"canonical":"https:\/\/www.laguiadepamplona.com\/actualidad\/el-ayuntamiento-de-pamplona-recibe-a-la-federacion-de-casas-regionales-en-navarra-que-celebra-su-xxxiv-semana-cultural-con-la-casa-de-aragon-como-anfitriona\/","og_locale":"es_ES","og_type":"article","og_title":"El Ayuntamiento de Pamplona recibe a la Federaci\u00f3n de Casas Regionales en Navarra, que celebra su XXXIV Semana Cultural con la Casa de Arag\u00f3n como anfitriona","og_description":"Las siete casas que integran la federaci\u00f3n realizan actividades para difundir el conocimiento y la cultura de las distintas comunidades aut\u00f3nomas","og_url":"https:\/\/www.laguiadepamplona.com\/actualidad\/el-ayuntamiento-de-pamplona-recibe-a-la-federacion-de-casas-regionales-en-navarra-que-celebra-su-xxxiv-semana-cultural-con-la-casa-de-aragon-como-anfitriona\/","og_site_name":"La Gu\u00eda de Pamplona","article_publisher":"https:\/\/www.facebook.com\/laguiadepamplonacom-133175176762273\/?ref=hl","article_published_time":"2023-10-20T15:53:13+00:00","og_image":[{"width":1200,"height":800,"url":"https:\/\/www.laguiadepamplona.com\/actualidad\/wp-content\/uploads\/2023\/10\/recpfederacioncasasregionalesnb0620_0.webp","type":"image\/webp"}],"author":"La Gu\u00eda de Pamplona","twitter_card":"summary_large_image","twitter_creator":"@LaGuiadPamplona","twitter_site":"@LaGuiadPamplona","twitter_misc":{"Escrito por":"La Gu\u00eda de Pamplona","Tiempo de lectura":"2 minutos"},"schema":{"@context":"https:\/\/schema.org","@graph":[{"@type":"Article","@id":"https:\/\/www.laguiadepamplona.com\/actualidad\/el-ayuntamiento-de-pamplona-recibe-a-la-federacion-de-casas-regionales-en-navarra-que-celebra-su-xxxiv-semana-cultural-con-la-casa-de-aragon-como-anfitriona\/#article","isPartOf":{"@id":"https:\/\/www.laguiadepamplona.com\/actualidad\/el-ayuntamiento-de-pamplona-recibe-a-la-federacion-de-casas-regionales-en-navarra-que-celebra-su-xxxiv-semana-cultural-con-la-casa-de-aragon-como-anfitriona\/"},"author":{"name":"La Gu\u00eda de Pamplona","@id":"https:\/\/www.laguiadepamplona.com\/actualidad\/#\/schema\/person\/efe887376f0213d4657c93adc50b1fdb"},"headline":"El Ayuntamiento de Pamplona recibe a la Federaci\u00f3n de Casas Regionales en Navarra, que celebra su XXXIV Semana Cultural con la Casa de Arag\u00f3n como anfitriona","datePublished":"2023-10-20T15:53:13+00:00","mainEntityOfPage":{"@id":"https:\/\/www.laguiadepamplona.com\/actualidad\/el-ayuntamiento-de-pamplona-recibe-a-la-federacion-de-casas-regionales-en-navarra-que-celebra-su-xxxiv-semana-cultural-con-la-casa-de-aragon-como-anfitriona\/"},"wordCount":494,"commentCount":0,"publisher":{"@id":"https:\/\/www.laguiadepamplona.com\/actualidad\/#organization"},"image":{"@id":"https:\/\/www.laguiadepamplona.com\/actualidad\/el-ayuntamiento-de-pamplona-recibe-a-la-federacion-de-casas-regionales-en-navarra-que-celebra-su-xxxiv-semana-cultural-con-la-casa-de-aragon-como-anfitriona\/#primaryimage"},"thumbnailUrl":"https:\/\/www.laguiadepamplona.com\/actualidad\/wp-content\/uploads\/2023\/10\/recpfederacioncasasregionalesnb0620_0.webp","articleSection":["Ayto Pamplona"],"inLanguage":"es","potentialAction":[{"@type":"CommentAction","name":"Comment","target":["https:\/\/www.laguiadepamplona.com\/actualidad\/el-ayuntamiento-de-pamplona-recibe-a-la-federacion-de-casas-regionales-en-navarra-que-celebra-su-xxxiv-semana-cultural-con-la-casa-de-aragon-como-anfitriona\/#respond"]}]},{"@type":"WebPage","@id":"https:\/\/www.laguiadepamplona.com\/actualidad\/el-ayuntamiento-de-pamplona-recibe-a-la-federacion-de-casas-regionales-en-navarra-que-celebra-su-xxxiv-semana-cultural-con-la-casa-de-aragon-como-anfitriona\/","url":"https:\/\/www.laguiadepamplona.com\/actualidad\/el-ayuntamiento-de-pamplona-recibe-a-la-federacion-de-casas-regionales-en-navarra-que-celebra-su-xxxiv-semana-cultural-con-la-casa-de-aragon-como-anfitriona\/","name":"El Ayuntamiento de Pamplona recibe a la Federaci\u00f3n de Casas Regionales en Navarra, que celebra su XXXIV Semana Cultural con la Casa de Arag\u00f3n como anfitriona","isPartOf":{"@id":"https:\/\/www.laguiadepamplona.com\/actualidad\/#website"},"primaryImageOfPage":{"@id":"https:\/\/www.laguiadepamplona.com\/actualidad\/el-ayuntamiento-de-pamplona-recibe-a-la-federacion-de-casas-regionales-en-navarra-que-celebra-su-xxxiv-semana-cultural-con-la-casa-de-aragon-como-anfitriona\/#primaryimage"},"image":{"@id":"https:\/\/www.laguiadepamplona.com\/actualidad\/el-ayuntamiento-de-pamplona-recibe-a-la-federacion-de-casas-regionales-en-navarra-que-celebra-su-xxxiv-semana-cultural-con-la-casa-de-aragon-como-anfitriona\/#primaryimage"},"thumbnailUrl":"https:\/\/www.laguiadepamplona.com\/actualidad\/wp-content\/uploads\/2023\/10\/recpfederacioncasasregionalesnb0620_0.webp","datePublished":"2023-10-20T15:53:13+00:00","description":"Las siete casas que integran la federaci\u00f3n realizan actividades para difundir el conocimiento y la cultura de las distintas comunidades aut\u00f3nomas","breadcrumb":{"@id":"https:\/\/www.laguiadepamplona.com\/actualidad\/el-ayuntamiento-de-pamplona-recibe-a-la-federacion-de-casas-regionales-en-navarra-que-celebra-su-xxxiv-semana-cultural-con-la-casa-de-aragon-como-anfitriona\/#breadcrumb"},"inLanguage":"es","potentialAction":[{"@type":"ReadAction","target":["https:\/\/www.laguiadepamplona.com\/actualidad\/el-ayuntamiento-de-pamplona-recibe-a-la-federacion-de-casas-regionales-en-navarra-que-celebra-su-xxxiv-semana-cultural-con-la-casa-de-aragon-como-anfitriona\/"]}]},{"@type":"ImageObject","inLanguage":"es","@id":"https:\/\/www.laguiadepamplona.com\/actualidad\/el-ayuntamiento-de-pamplona-recibe-a-la-federacion-de-casas-regionales-en-navarra-que-celebra-su-xxxiv-semana-cultural-con-la-casa-de-aragon-como-anfitriona\/#primaryimage","url":"https:\/\/www.laguiadepamplona.com\/actualidad\/wp-content\/uploads\/2023\/10\/recpfederacioncasasregionalesnb0620_0.webp","contentUrl":"https:\/\/www.laguiadepamplona.com\/actualidad\/wp-content\/uploads\/2023\/10\/recpfederacioncasasregionalesnb0620_0.webp","width":1200,"height":800,"caption":"casas regionales"},{"@type":"BreadcrumbList","@id":"https:\/\/www.laguiadepamplona.com\/actualidad\/el-ayuntamiento-de-pamplona-recibe-a-la-federacion-de-casas-regionales-en-navarra-que-celebra-su-xxxiv-semana-cultural-con-la-casa-de-aragon-como-anfitriona\/#breadcrumb","itemListElement":[{"@type":"ListItem","position":1,"name":"Portada","item":"https:\/\/www.laguiadepamplona.com\/actualidad\/"},{"@type":"ListItem","position":2,"name":"El Ayuntamiento de Pamplona recibe a la Federaci\u00f3n de Casas Regionales en Navarra, que celebra su XXXIV Semana Cultural con la Casa de Arag\u00f3n como anfitriona"}]},{"@type":"WebSite","@id":"https:\/\/www.laguiadepamplona.com\/actualidad\/#website","url":"https:\/\/www.laguiadepamplona.com\/actualidad\/","name":"La gu\u00eda de Pamplona","description":"Noticias de Pamplona","publisher":{"@id":"https:\/\/www.laguiadepamplona.com\/actualidad\/#organization"},"potentialAction":[{"@type":"SearchAction","target":{"@type":"EntryPoint","urlTemplate":"https:\/\/www.laguiadepamplona.com\/actualidad\/?s={search_term_string}"},"query-input":{"@type":"PropertyValueSpecification","valueRequired":true,"valueName":"search_term_string"}}],"inLanguage":"es"},{"@type":"Organization","@id":"https:\/\/www.laguiadepamplona.com\/actualidad\/#organization","name":"La Gu\u00eda de Pamplona \/ Noticias","url":"https:\/\/www.laguiadepamplona.com\/actualidad\/","logo":{"@type":"ImageObject","inLanguage":"es","@id":"https:\/\/www.laguiadepamplona.com\/actualidad\/#\/schema\/logo\/image\/","url":"https:\/\/www.laguiadepamplona.com\/actualidad\/wp-content\/uploads\/2018\/11\/logo-laguiadepamplona18-web1.png","contentUrl":"https:\/\/www.laguiadepamplona.com\/actualidad\/wp-content\/uploads\/2018\/11\/logo-laguiadepamplona18-web1.png","width":600,"height":196,"caption":"La Gu\u00eda de Pamplona \/ Noticias"},"image":{"@id":"https:\/\/www.laguiadepamplona.com\/actualidad\/#\/schema\/logo\/image\/"},"sameAs":["https:\/\/www.facebook.com\/laguiadepamplonacom-133175176762273\/?ref=hl","https:\/\/x.com\/LaGuiadPamplona","https:\/\/www.instagram.com\/la_guia_de_pamplona\/","https:\/\/www.youtube.com\/user\/laguiadepamplona"]},{"@type":"Person","@id":"https:\/\/www.laguiadepamplona.com\/actualidad\/#\/schema\/person\/efe887376f0213d4657c93adc50b1fdb","name":"La Gu\u00eda de Pamplona","image":{"@type":"ImageObject","inLanguage":"es","@id":"https:\/\/secure.gravatar.com\/avatar\/b6992f131dc8d30ab0dff15446e9d346d9dbd95992de0fef795073f5ea83a81c?s=96&d=mm&r=g","url":"https:\/\/secure.gravatar.com\/avatar\/b6992f131dc8d30ab0dff15446e9d346d9dbd95992de0fef795073f5ea83a81c?s=96&d=mm&r=g","contentUrl":"https:\/\/secure.gravatar.com\/avatar\/b6992f131dc8d30ab0dff15446e9d346d9dbd95992de0fef795073f5ea83a81c?s=96&d=mm&r=g","caption":"La Gu\u00eda de Pamplona"}}]}},"post_mailing_queue_ids":[],"_links":{"self":[{"href":"https:\/\/www.laguiadepamplona.com\/actualidad\/wp-json\/wp\/v2\/posts\/47657","targetHints":{"allow":["GET"]}}],"collection":[{"href":"https:\/\/www.laguiadepamplona.com\/actualidad\/wp-json\/wp\/v2\/posts"}],"about":[{"href":"https:\/\/www.laguiadepamplona.com\/actualidad\/wp-json\/wp\/v2\/types\/post"}],"author":[{"embeddable":true,"href":"https:\/\/www.laguiadepamplona.com\/actualidad\/wp-json\/wp\/v2\/users\/1"}],"replies":[{"embeddable":true,"href":"https:\/\/www.laguiadepamplona.com\/actualidad\/wp-json\/wp\/v2\/comments?post=47657"}],"version-history":[{"count":1,"href":"https:\/\/www.laguiadepamplona.com\/actualidad\/wp-json\/wp\/v2\/posts\/47657\/revisions"}],"predecessor-version":[{"id":47659,"href":"https:\/\/www.laguiadepamplona.com\/actualidad\/wp-json\/wp\/v2\/posts\/47657\/revisions\/47659"}],"wp:featuredmedia":[{"embeddable":true,"href":"https:\/\/www.laguiadepamplona.com\/actualidad\/wp-json\/wp\/v2\/media\/47658"}],"wp:attachment":[{"href":"https:\/\/www.laguiadepamplona.com\/actualidad\/wp-json\/wp\/v2\/media?parent=47657"}],"wp:term":[{"taxonomy":"category","embeddable":true,"href":"https:\/\/www.laguiadepamplona.com\/actualidad\/wp-json\/wp\/v2\/categories?post=47657"},{"taxonomy":"post_tag","embeddable":true,"href":"https:\/\/www.laguiadepamplona.com\/actualidad\/wp-json\/wp\/v2\/tags?post=47657"}],"curies":[{"name":"wp","href":"https:\/\/api.w.org\/{rel}","templated":true}]}}