{"id":47646,"date":"2023-10-19T16:50:52","date_gmt":"2023-10-19T14:50:52","guid":{"rendered":"https:\/\/www.laguiadepamplona.com\/actualidad\/?p=47646"},"modified":"2023-10-19T16:50:52","modified_gmt":"2023-10-19T14:50:52","slug":"la-evolucion-urbanistica-de-la-ciudad-protagonista-del-fondo-fotografico-eusebio-mina-donado-por-sus-descendientes-al-archivo-municipal-de-pamplona","status":"publish","type":"post","link":"https:\/\/www.laguiadepamplona.com\/actualidad\/la-evolucion-urbanistica-de-la-ciudad-protagonista-del-fondo-fotografico-eusebio-mina-donado-por-sus-descendientes-al-archivo-municipal-de-pamplona\/","title":{"rendered":"La evoluci\u00f3n urban\u00edstica de la ciudad, protagonista del Fondo Fotogr\u00e1fico Eusebio Mina, donado por sus descendientes al Archivo Municipal de Pamplona"},"content":{"rendered":"<h3>Pamplona pone a disposici\u00f3n de la ciudadan\u00eda 3.483 documentos nuevos, 1.718 negativos y 1.765 positivos, que reflejan momentos de la vida social<\/h3>\n<p><!--more--><\/p>\n<div id='gallery-1' class='gallery galleryid-47646 gallery-columns-3 gallery-size-medium'><figure class='gallery-item'>\n\t\t\t<div class='gallery-icon portrait'>\n\t\t\t\t<a href='https:\/\/www.laguiadepamplona.com\/actualidad\/wp-content\/uploads\/2023\/10\/mina00003.webp'><img loading=\"lazy\" decoding=\"async\" width=\"353\" height=\"500\" src=\"https:\/\/www.laguiadepamplona.com\/actualidad\/wp-content\/uploads\/2023\/10\/mina00003-353x500.webp\" class=\"attachment-medium size-medium\" alt=\"\" srcset=\"https:\/\/www.laguiadepamplona.com\/actualidad\/wp-content\/uploads\/2023\/10\/mina00003-353x500.webp 353w, https:\/\/www.laguiadepamplona.com\/actualidad\/wp-content\/uploads\/2023\/10\/mina00003-724x1024.webp 724w, https:\/\/www.laguiadepamplona.com\/actualidad\/wp-content\/uploads\/2023\/10\/mina00003-106x150.webp 106w, https:\/\/www.laguiadepamplona.com\/actualidad\/wp-content\/uploads\/2023\/10\/mina00003-768x1087.webp 768w, https:\/\/www.laguiadepamplona.com\/actualidad\/wp-content\/uploads\/2023\/10\/mina00003-580x821.webp 580w, https:\/\/www.laguiadepamplona.com\/actualidad\/wp-content\/uploads\/2023\/10\/mina00003-640x906.webp 640w, https:\/\/www.laguiadepamplona.com\/actualidad\/wp-content\/uploads\/2023\/10\/mina00003.webp 848w\" sizes=\"auto, (max-width: 353px) 100vw, 353px\" \/><\/a>\n\t\t\t<\/div><\/figure><figure class='gallery-item'>\n\t\t\t<div class='gallery-icon portrait'>\n\t\t\t\t<a href='https:\/\/www.laguiadepamplona.com\/actualidad\/wp-content\/uploads\/2023\/10\/mina00009.webp'><img loading=\"lazy\" decoding=\"async\" width=\"353\" height=\"500\" src=\"https:\/\/www.laguiadepamplona.com\/actualidad\/wp-content\/uploads\/2023\/10\/mina00009-353x500.webp\" class=\"attachment-medium size-medium\" alt=\"\" srcset=\"https:\/\/www.laguiadepamplona.com\/actualidad\/wp-content\/uploads\/2023\/10\/mina00009-353x500.webp 353w, https:\/\/www.laguiadepamplona.com\/actualidad\/wp-content\/uploads\/2023\/10\/mina00009-724x1024.webp 724w, https:\/\/www.laguiadepamplona.com\/actualidad\/wp-content\/uploads\/2023\/10\/mina00009-106x150.webp 106w, https:\/\/www.laguiadepamplona.com\/actualidad\/wp-content\/uploads\/2023\/10\/mina00009-768x1087.webp 768w, https:\/\/www.laguiadepamplona.com\/actualidad\/wp-content\/uploads\/2023\/10\/mina00009-580x821.webp 580w, https:\/\/www.laguiadepamplona.com\/actualidad\/wp-content\/uploads\/2023\/10\/mina00009-640x906.webp 640w, https:\/\/www.laguiadepamplona.com\/actualidad\/wp-content\/uploads\/2023\/10\/mina00009.webp 848w\" sizes=\"auto, (max-width: 353px) 100vw, 353px\" \/><\/a>\n\t\t\t<\/div><\/figure><figure class='gallery-item'>\n\t\t\t<div class='gallery-icon portrait'>\n\t\t\t\t<a href='https:\/\/www.laguiadepamplona.com\/actualidad\/wp-content\/uploads\/2023\/10\/mina00012_1.webp'><img loading=\"lazy\" decoding=\"async\" width=\"353\" height=\"500\" src=\"https:\/\/www.laguiadepamplona.com\/actualidad\/wp-content\/uploads\/2023\/10\/mina00012_1-353x500.webp\" class=\"attachment-medium size-medium\" alt=\"\" srcset=\"https:\/\/www.laguiadepamplona.com\/actualidad\/wp-content\/uploads\/2023\/10\/mina00012_1-353x500.webp 353w, https:\/\/www.laguiadepamplona.com\/actualidad\/wp-content\/uploads\/2023\/10\/mina00012_1-724x1024.webp 724w, https:\/\/www.laguiadepamplona.com\/actualidad\/wp-content\/uploads\/2023\/10\/mina00012_1-106x150.webp 106w, https:\/\/www.laguiadepamplona.com\/actualidad\/wp-content\/uploads\/2023\/10\/mina00012_1-768x1087.webp 768w, https:\/\/www.laguiadepamplona.com\/actualidad\/wp-content\/uploads\/2023\/10\/mina00012_1-580x821.webp 580w, https:\/\/www.laguiadepamplona.com\/actualidad\/wp-content\/uploads\/2023\/10\/mina00012_1-640x906.webp 640w, https:\/\/www.laguiadepamplona.com\/actualidad\/wp-content\/uploads\/2023\/10\/mina00012_1.webp 848w\" sizes=\"auto, (max-width: 353px) 100vw, 353px\" \/><\/a>\n\t\t\t<\/div><\/figure>\n\t\t<\/div>\n\n<p>El Ayuntamiento de Pamplona ha recibido en donaci\u00f3n 3.483 documentos fotogr\u00e1ficos del autor pamplon\u00e9s Eusebio Mina Moreno (1915-1990), que reflejan la evoluci\u00f3n urban\u00edstica de la ciudad y otros aspectos de la vida social. Los hermanos Javier y \u00c1ngeles Mina Rodr\u00edguez, descendientes del fot\u00f3grafo, hicieron efectiva la donaci\u00f3n el pasado 28 de junio, de forma que corresponde al Ayuntamiento el derecho para la reproducci\u00f3n y difusi\u00f3n p\u00fablica del material.<\/p>\n<p>El Archivo Municipal ha ingresado los 3.483 documentos: 1.718 negativos y 1.765 positivos en distintos formatos, que se ponen a disposici\u00f3n de investigadores y p\u00fablico en general, con unos criterios que garanticen su preservaci\u00f3n y aprovechamiento. Entre los positivos destacan composiciones fotogr\u00e1ficas realizadas por Mina que comparan espacios urbanos de Pamplona en distintos momentos, lo que da muestra de los cambios registrados.<br \/>\n<script async src=\"\/\/pagead2.googlesyndication.com\/pagead\/js\/adsbygoogle.js\"><\/script><br \/>\n<!-- Noticias La Guia de Pamplona --><br \/>\n<ins class=\"adsbygoogle\"\nstyle=\"display:block\"\ndata-ad-client=\"ca-pub-6943679897239327\"\ndata-ad-slot=\"7048180777\"\ndata-ad-format=\"auto\"><\/ins><br \/>\n<script>\n(adsbygoogle = window.adsbygoogle || []).push({});\n<\/script><\/p>\n<p>Estas modificaciones urban\u00edsticas corresponden a las d\u00e9cadas de los a\u00f1os sesenta, setenta y comienzos de los ochenta y se centran en los barrios de Iturrama y San Juan, aunque hay im\u00e1genes de m\u00faltiples espacios urbanos. Adem\u00e1s, el material fotogr\u00e1fico refleja otros aspectos relevantes de la vida social pamplonesa, como estampas de las fiestas de San Ferm\u00edn, celebraciones religiosas como el Corpus o la actividad de los cordeleros o las lecheras.<\/p>\n<p>El Ayuntamiento ya contaba con una peque\u00f1a representaci\u00f3n del trabajo de Eusebio Mina entre las colecciones custodiadas por el Archivo Municipal, en concreto en la Colecci\u00f3n Municipal (5 registros) y sobre todo en la Colecci\u00f3n Arazuri (54 registros). Con esta \u00faltima donaci\u00f3n, varios registros de autor\u00eda desconocida que constaban en los fondos se pueden atribuir al autor, tras un primer examen de las vistas tomadas.<\/p>\n<p>El Consistorio se compromete a conservar y difundir los materiales y, de hecho, no se descartan nuevas incorporaciones de documentos fotogr\u00e1ficos del autor.<br \/>\n<script async src=\"\/\/pagead2.googlesyndication.com\/pagead\/js\/adsbygoogle.js\"><\/script><br \/>\n<!-- Noticias La Guia de Pamplona --><br \/>\n<ins class=\"adsbygoogle\"\nstyle=\"display:block\"\ndata-ad-client=\"ca-pub-6943679897239327\"\ndata-ad-slot=\"7048180777\"\ndata-ad-format=\"auto\"><\/ins><br \/>\n<script>\n(adsbygoogle = window.adsbygoogle || []).push({});\n<\/script><\/p>\n<p><strong>Biograf\u00eda<\/strong><\/p>\n<p>Eusebio Mina naci\u00f3 en la calle Mayor de Pamplona, en la casa Ochotorena. Al quedar hu\u00e9rfano a corta edad, se traslad\u00f3 con sus t\u00edas en la calle San Ant\u00f3n. Ya de adolescente, comenz\u00f3 a trabajar en la editorial Aramburu como aprendiz y descubri\u00f3 el mundo de la imprenta y los peri\u00f3dicos. Despu\u00e9s trabaj\u00f3 como regente de talleres en Diario de Navarra durante 50 a\u00f1os, hasta su jubilaci\u00f3n, en 1980. Adem\u00e1s de tip\u00f3grafo e impresor, la fotograf\u00eda fue una de sus principales aficiones, junto a la m\u00fasica, los libros, los viajes y los paseos por las calles de la ciudad. Ten\u00eda varias m\u00e1quinas de fotos con las que realiz\u00f3 miles de fotograf\u00edas, que guardaba clasificadas.<\/p>\n<p>Su cambio de residencia desde la calle Dormitaler\u00eda, donde se estableci\u00f3 tras contraer matrimonio con Juana Rodr\u00edguez Sola, a la avenida de Sancho el Fuerte, aviv\u00f3 su inter\u00e9s en la transformaci\u00f3n de esa \u00e1rea de la ciudad, un cambio que hoy se puede apreciar gracias a su extenso trabajo fotogr\u00e1fico.<\/p>\n","protected":false},"excerpt":{"rendered":"<p>Pamplona pone a disposici\u00f3n de la ciudadan\u00eda 3.483 documentos nuevos, 1.718 negativos y 1.765 positivos, que reflejan momentos de la vida social<\/p>\n","protected":false},"author":1,"featured_media":47649,"comment_status":"open","ping_status":"closed","sticky":false,"template":"","format":"standard","meta":{"footnotes":""},"categories":[2],"tags":[],"class_list":["post-47646","post","type-post","status-publish","format-standard","has-post-thumbnail","hentry","category-ayuntamiento-pamplona"],"yoast_head":"<!-- This site is optimized with the Yoast SEO plugin v27.3 - https:\/\/yoast.com\/product\/yoast-seo-wordpress\/ -->\n<title>La evoluci\u00f3n urban\u00edstica de la ciudad, protagonista del Fondo Fotogr\u00e1fico Eusebio Mina, donado por sus descendientes al Archivo Municipal de Pamplona<\/title>\n<meta name=\"description\" content=\"Pamplona pone a disposici\u00f3n de la ciudadan\u00eda 3.483 documentos nuevos, 1.718 negativos y 1.765 positivos, que reflejan momentos de la vida social\" \/>\n<meta name=\"robots\" content=\"index, follow, max-snippet:-1, max-image-preview:large, max-video-preview:-1\" \/>\n<link rel=\"canonical\" href=\"https:\/\/www.laguiadepamplona.com\/actualidad\/la-evolucion-urbanistica-de-la-ciudad-protagonista-del-fondo-fotografico-eusebio-mina-donado-por-sus-descendientes-al-archivo-municipal-de-pamplona\/\" \/>\n<meta property=\"og:locale\" content=\"es_ES\" \/>\n<meta property=\"og:type\" content=\"article\" \/>\n<meta property=\"og:title\" content=\"La evoluci\u00f3n urban\u00edstica de la ciudad, protagonista del Fondo Fotogr\u00e1fico Eusebio Mina, donado por sus descendientes al Archivo Municipal de Pamplona\" \/>\n<meta property=\"og:description\" content=\"Pamplona pone a disposici\u00f3n de la ciudadan\u00eda 3.483 documentos nuevos, 1.718 negativos y 1.765 positivos, que reflejan momentos de la vida social\" \/>\n<meta property=\"og:url\" content=\"https:\/\/www.laguiadepamplona.com\/actualidad\/la-evolucion-urbanistica-de-la-ciudad-protagonista-del-fondo-fotografico-eusebio-mina-donado-por-sus-descendientes-al-archivo-municipal-de-pamplona\/\" \/>\n<meta property=\"og:site_name\" content=\"La Gu\u00eda de Pamplona\" \/>\n<meta property=\"article:publisher\" content=\"https:\/\/www.facebook.com\/laguiadepamplonacom-133175176762273\/?ref=hl\" \/>\n<meta property=\"article:published_time\" content=\"2023-10-19T14:50:52+00:00\" \/>\n<meta property=\"og:image\" content=\"https:\/\/www.laguiadepamplona.com\/actualidad\/wp-content\/uploads\/2023\/10\/mina00009b.webp\" \/>\n\t<meta property=\"og:image:width\" content=\"1200\" \/>\n\t<meta property=\"og:image:height\" content=\"886\" \/>\n\t<meta property=\"og:image:type\" content=\"image\/webp\" \/>\n<meta name=\"author\" content=\"La Gu\u00eda de Pamplona\" \/>\n<meta name=\"twitter:card\" content=\"summary_large_image\" \/>\n<meta name=\"twitter:creator\" content=\"@LaGuiadPamplona\" \/>\n<meta name=\"twitter:site\" content=\"@LaGuiadPamplona\" \/>\n<meta name=\"twitter:label1\" content=\"Escrito por\" \/>\n\t<meta name=\"twitter:data1\" content=\"La Gu\u00eda de Pamplona\" \/>\n\t<meta name=\"twitter:label2\" content=\"Tiempo de lectura\" \/>\n\t<meta name=\"twitter:data2\" content=\"3 minutos\" \/>\n<script type=\"application\/ld+json\" class=\"yoast-schema-graph\">{\"@context\":\"https:\\\/\\\/schema.org\",\"@graph\":[{\"@type\":\"Article\",\"@id\":\"https:\\\/\\\/www.laguiadepamplona.com\\\/actualidad\\\/la-evolucion-urbanistica-de-la-ciudad-protagonista-del-fondo-fotografico-eusebio-mina-donado-por-sus-descendientes-al-archivo-municipal-de-pamplona\\\/#article\",\"isPartOf\":{\"@id\":\"https:\\\/\\\/www.laguiadepamplona.com\\\/actualidad\\\/la-evolucion-urbanistica-de-la-ciudad-protagonista-del-fondo-fotografico-eusebio-mina-donado-por-sus-descendientes-al-archivo-municipal-de-pamplona\\\/\"},\"author\":{\"name\":\"La Gu\u00eda de Pamplona\",\"@id\":\"https:\\\/\\\/www.laguiadepamplona.com\\\/actualidad\\\/#\\\/schema\\\/person\\\/efe887376f0213d4657c93adc50b1fdb\"},\"headline\":\"La evoluci\u00f3n urban\u00edstica de la ciudad, protagonista del Fondo Fotogr\u00e1fico Eusebio Mina, donado por sus descendientes al Archivo Municipal de Pamplona\",\"datePublished\":\"2023-10-19T14:50:52+00:00\",\"mainEntityOfPage\":{\"@id\":\"https:\\\/\\\/www.laguiadepamplona.com\\\/actualidad\\\/la-evolucion-urbanistica-de-la-ciudad-protagonista-del-fondo-fotografico-eusebio-mina-donado-por-sus-descendientes-al-archivo-municipal-de-pamplona\\\/\"},\"wordCount\":545,\"commentCount\":0,\"publisher\":{\"@id\":\"https:\\\/\\\/www.laguiadepamplona.com\\\/actualidad\\\/#organization\"},\"image\":{\"@id\":\"https:\\\/\\\/www.laguiadepamplona.com\\\/actualidad\\\/la-evolucion-urbanistica-de-la-ciudad-protagonista-del-fondo-fotografico-eusebio-mina-donado-por-sus-descendientes-al-archivo-municipal-de-pamplona\\\/#primaryimage\"},\"thumbnailUrl\":\"https:\\\/\\\/www.laguiadepamplona.com\\\/actualidad\\\/wp-content\\\/uploads\\\/2023\\\/10\\\/mina00009b.webp\",\"articleSection\":[\"Ayto Pamplona\"],\"inLanguage\":\"es\",\"potentialAction\":[{\"@type\":\"CommentAction\",\"name\":\"Comment\",\"target\":[\"https:\\\/\\\/www.laguiadepamplona.com\\\/actualidad\\\/la-evolucion-urbanistica-de-la-ciudad-protagonista-del-fondo-fotografico-eusebio-mina-donado-por-sus-descendientes-al-archivo-municipal-de-pamplona\\\/#respond\"]}]},{\"@type\":\"WebPage\",\"@id\":\"https:\\\/\\\/www.laguiadepamplona.com\\\/actualidad\\\/la-evolucion-urbanistica-de-la-ciudad-protagonista-del-fondo-fotografico-eusebio-mina-donado-por-sus-descendientes-al-archivo-municipal-de-pamplona\\\/\",\"url\":\"https:\\\/\\\/www.laguiadepamplona.com\\\/actualidad\\\/la-evolucion-urbanistica-de-la-ciudad-protagonista-del-fondo-fotografico-eusebio-mina-donado-por-sus-descendientes-al-archivo-municipal-de-pamplona\\\/\",\"name\":\"La evoluci\u00f3n urban\u00edstica de la ciudad, protagonista del Fondo Fotogr\u00e1fico Eusebio Mina, donado por sus descendientes al Archivo Municipal de Pamplona\",\"isPartOf\":{\"@id\":\"https:\\\/\\\/www.laguiadepamplona.com\\\/actualidad\\\/#website\"},\"primaryImageOfPage\":{\"@id\":\"https:\\\/\\\/www.laguiadepamplona.com\\\/actualidad\\\/la-evolucion-urbanistica-de-la-ciudad-protagonista-del-fondo-fotografico-eusebio-mina-donado-por-sus-descendientes-al-archivo-municipal-de-pamplona\\\/#primaryimage\"},\"image\":{\"@id\":\"https:\\\/\\\/www.laguiadepamplona.com\\\/actualidad\\\/la-evolucion-urbanistica-de-la-ciudad-protagonista-del-fondo-fotografico-eusebio-mina-donado-por-sus-descendientes-al-archivo-municipal-de-pamplona\\\/#primaryimage\"},\"thumbnailUrl\":\"https:\\\/\\\/www.laguiadepamplona.com\\\/actualidad\\\/wp-content\\\/uploads\\\/2023\\\/10\\\/mina00009b.webp\",\"datePublished\":\"2023-10-19T14:50:52+00:00\",\"description\":\"Pamplona pone a disposici\u00f3n de la ciudadan\u00eda 3.483 documentos nuevos, 1.718 negativos y 1.765 positivos, que reflejan momentos de la vida social\",\"breadcrumb\":{\"@id\":\"https:\\\/\\\/www.laguiadepamplona.com\\\/actualidad\\\/la-evolucion-urbanistica-de-la-ciudad-protagonista-del-fondo-fotografico-eusebio-mina-donado-por-sus-descendientes-al-archivo-municipal-de-pamplona\\\/#breadcrumb\"},\"inLanguage\":\"es\",\"potentialAction\":[{\"@type\":\"ReadAction\",\"target\":[\"https:\\\/\\\/www.laguiadepamplona.com\\\/actualidad\\\/la-evolucion-urbanistica-de-la-ciudad-protagonista-del-fondo-fotografico-eusebio-mina-donado-por-sus-descendientes-al-archivo-municipal-de-pamplona\\\/\"]}]},{\"@type\":\"ImageObject\",\"inLanguage\":\"es\",\"@id\":\"https:\\\/\\\/www.laguiadepamplona.com\\\/actualidad\\\/la-evolucion-urbanistica-de-la-ciudad-protagonista-del-fondo-fotografico-eusebio-mina-donado-por-sus-descendientes-al-archivo-municipal-de-pamplona\\\/#primaryimage\",\"url\":\"https:\\\/\\\/www.laguiadepamplona.com\\\/actualidad\\\/wp-content\\\/uploads\\\/2023\\\/10\\\/mina00009b.webp\",\"contentUrl\":\"https:\\\/\\\/www.laguiadepamplona.com\\\/actualidad\\\/wp-content\\\/uploads\\\/2023\\\/10\\\/mina00009b.webp\",\"width\":1200,\"height\":886,\"caption\":\"mina\"},{\"@type\":\"BreadcrumbList\",\"@id\":\"https:\\\/\\\/www.laguiadepamplona.com\\\/actualidad\\\/la-evolucion-urbanistica-de-la-ciudad-protagonista-del-fondo-fotografico-eusebio-mina-donado-por-sus-descendientes-al-archivo-municipal-de-pamplona\\\/#breadcrumb\",\"itemListElement\":[{\"@type\":\"ListItem\",\"position\":1,\"name\":\"Portada\",\"item\":\"https:\\\/\\\/www.laguiadepamplona.com\\\/actualidad\\\/\"},{\"@type\":\"ListItem\",\"position\":2,\"name\":\"La evoluci\u00f3n urban\u00edstica de la ciudad, protagonista del Fondo Fotogr\u00e1fico Eusebio Mina, donado por sus descendientes al Archivo Municipal de Pamplona\"}]},{\"@type\":\"WebSite\",\"@id\":\"https:\\\/\\\/www.laguiadepamplona.com\\\/actualidad\\\/#website\",\"url\":\"https:\\\/\\\/www.laguiadepamplona.com\\\/actualidad\\\/\",\"name\":\"La gu\u00eda de Pamplona\",\"description\":\"Noticias de Pamplona\",\"publisher\":{\"@id\":\"https:\\\/\\\/www.laguiadepamplona.com\\\/actualidad\\\/#organization\"},\"potentialAction\":[{\"@type\":\"SearchAction\",\"target\":{\"@type\":\"EntryPoint\",\"urlTemplate\":\"https:\\\/\\\/www.laguiadepamplona.com\\\/actualidad\\\/?s={search_term_string}\"},\"query-input\":{\"@type\":\"PropertyValueSpecification\",\"valueRequired\":true,\"valueName\":\"search_term_string\"}}],\"inLanguage\":\"es\"},{\"@type\":\"Organization\",\"@id\":\"https:\\\/\\\/www.laguiadepamplona.com\\\/actualidad\\\/#organization\",\"name\":\"La Gu\u00eda de Pamplona \\\/ Noticias\",\"url\":\"https:\\\/\\\/www.laguiadepamplona.com\\\/actualidad\\\/\",\"logo\":{\"@type\":\"ImageObject\",\"inLanguage\":\"es\",\"@id\":\"https:\\\/\\\/www.laguiadepamplona.com\\\/actualidad\\\/#\\\/schema\\\/logo\\\/image\\\/\",\"url\":\"https:\\\/\\\/www.laguiadepamplona.com\\\/actualidad\\\/wp-content\\\/uploads\\\/2018\\\/11\\\/logo-laguiadepamplona18-web1.png\",\"contentUrl\":\"https:\\\/\\\/www.laguiadepamplona.com\\\/actualidad\\\/wp-content\\\/uploads\\\/2018\\\/11\\\/logo-laguiadepamplona18-web1.png\",\"width\":600,\"height\":196,\"caption\":\"La Gu\u00eda de Pamplona \\\/ Noticias\"},\"image\":{\"@id\":\"https:\\\/\\\/www.laguiadepamplona.com\\\/actualidad\\\/#\\\/schema\\\/logo\\\/image\\\/\"},\"sameAs\":[\"https:\\\/\\\/www.facebook.com\\\/laguiadepamplonacom-133175176762273\\\/?ref=hl\",\"https:\\\/\\\/x.com\\\/LaGuiadPamplona\",\"https:\\\/\\\/www.instagram.com\\\/la_guia_de_pamplona\\\/\",\"https:\\\/\\\/www.youtube.com\\\/user\\\/laguiadepamplona\"]},{\"@type\":\"Person\",\"@id\":\"https:\\\/\\\/www.laguiadepamplona.com\\\/actualidad\\\/#\\\/schema\\\/person\\\/efe887376f0213d4657c93adc50b1fdb\",\"name\":\"La Gu\u00eda de Pamplona\",\"image\":{\"@type\":\"ImageObject\",\"inLanguage\":\"es\",\"@id\":\"https:\\\/\\\/secure.gravatar.com\\\/avatar\\\/b6992f131dc8d30ab0dff15446e9d346d9dbd95992de0fef795073f5ea83a81c?s=96&d=mm&r=g\",\"url\":\"https:\\\/\\\/secure.gravatar.com\\\/avatar\\\/b6992f131dc8d30ab0dff15446e9d346d9dbd95992de0fef795073f5ea83a81c?s=96&d=mm&r=g\",\"contentUrl\":\"https:\\\/\\\/secure.gravatar.com\\\/avatar\\\/b6992f131dc8d30ab0dff15446e9d346d9dbd95992de0fef795073f5ea83a81c?s=96&d=mm&r=g\",\"caption\":\"La Gu\u00eda de Pamplona\"}}]}<\/script>\n<!-- \/ Yoast SEO plugin. -->","yoast_head_json":{"title":"La evoluci\u00f3n urban\u00edstica de la ciudad, protagonista del Fondo Fotogr\u00e1fico Eusebio Mina, donado por sus descendientes al Archivo Municipal de Pamplona","description":"Pamplona pone a disposici\u00f3n de la ciudadan\u00eda 3.483 documentos nuevos, 1.718 negativos y 1.765 positivos, que reflejan momentos de la vida social","robots":{"index":"index","follow":"follow","max-snippet":"max-snippet:-1","max-image-preview":"max-image-preview:large","max-video-preview":"max-video-preview:-1"},"canonical":"https:\/\/www.laguiadepamplona.com\/actualidad\/la-evolucion-urbanistica-de-la-ciudad-protagonista-del-fondo-fotografico-eusebio-mina-donado-por-sus-descendientes-al-archivo-municipal-de-pamplona\/","og_locale":"es_ES","og_type":"article","og_title":"La evoluci\u00f3n urban\u00edstica de la ciudad, protagonista del Fondo Fotogr\u00e1fico Eusebio Mina, donado por sus descendientes al Archivo Municipal de Pamplona","og_description":"Pamplona pone a disposici\u00f3n de la ciudadan\u00eda 3.483 documentos nuevos, 1.718 negativos y 1.765 positivos, que reflejan momentos de la vida social","og_url":"https:\/\/www.laguiadepamplona.com\/actualidad\/la-evolucion-urbanistica-de-la-ciudad-protagonista-del-fondo-fotografico-eusebio-mina-donado-por-sus-descendientes-al-archivo-municipal-de-pamplona\/","og_site_name":"La Gu\u00eda de Pamplona","article_publisher":"https:\/\/www.facebook.com\/laguiadepamplonacom-133175176762273\/?ref=hl","article_published_time":"2023-10-19T14:50:52+00:00","og_image":[{"width":1200,"height":886,"url":"https:\/\/www.laguiadepamplona.com\/actualidad\/wp-content\/uploads\/2023\/10\/mina00009b.webp","type":"image\/webp"}],"author":"La Gu\u00eda de Pamplona","twitter_card":"summary_large_image","twitter_creator":"@LaGuiadPamplona","twitter_site":"@LaGuiadPamplona","twitter_misc":{"Escrito por":"La Gu\u00eda de Pamplona","Tiempo de lectura":"3 minutos"},"schema":{"@context":"https:\/\/schema.org","@graph":[{"@type":"Article","@id":"https:\/\/www.laguiadepamplona.com\/actualidad\/la-evolucion-urbanistica-de-la-ciudad-protagonista-del-fondo-fotografico-eusebio-mina-donado-por-sus-descendientes-al-archivo-municipal-de-pamplona\/#article","isPartOf":{"@id":"https:\/\/www.laguiadepamplona.com\/actualidad\/la-evolucion-urbanistica-de-la-ciudad-protagonista-del-fondo-fotografico-eusebio-mina-donado-por-sus-descendientes-al-archivo-municipal-de-pamplona\/"},"author":{"name":"La Gu\u00eda de Pamplona","@id":"https:\/\/www.laguiadepamplona.com\/actualidad\/#\/schema\/person\/efe887376f0213d4657c93adc50b1fdb"},"headline":"La evoluci\u00f3n urban\u00edstica de la ciudad, protagonista del Fondo Fotogr\u00e1fico Eusebio Mina, donado por sus descendientes al Archivo Municipal de Pamplona","datePublished":"2023-10-19T14:50:52+00:00","mainEntityOfPage":{"@id":"https:\/\/www.laguiadepamplona.com\/actualidad\/la-evolucion-urbanistica-de-la-ciudad-protagonista-del-fondo-fotografico-eusebio-mina-donado-por-sus-descendientes-al-archivo-municipal-de-pamplona\/"},"wordCount":545,"commentCount":0,"publisher":{"@id":"https:\/\/www.laguiadepamplona.com\/actualidad\/#organization"},"image":{"@id":"https:\/\/www.laguiadepamplona.com\/actualidad\/la-evolucion-urbanistica-de-la-ciudad-protagonista-del-fondo-fotografico-eusebio-mina-donado-por-sus-descendientes-al-archivo-municipal-de-pamplona\/#primaryimage"},"thumbnailUrl":"https:\/\/www.laguiadepamplona.com\/actualidad\/wp-content\/uploads\/2023\/10\/mina00009b.webp","articleSection":["Ayto Pamplona"],"inLanguage":"es","potentialAction":[{"@type":"CommentAction","name":"Comment","target":["https:\/\/www.laguiadepamplona.com\/actualidad\/la-evolucion-urbanistica-de-la-ciudad-protagonista-del-fondo-fotografico-eusebio-mina-donado-por-sus-descendientes-al-archivo-municipal-de-pamplona\/#respond"]}]},{"@type":"WebPage","@id":"https:\/\/www.laguiadepamplona.com\/actualidad\/la-evolucion-urbanistica-de-la-ciudad-protagonista-del-fondo-fotografico-eusebio-mina-donado-por-sus-descendientes-al-archivo-municipal-de-pamplona\/","url":"https:\/\/www.laguiadepamplona.com\/actualidad\/la-evolucion-urbanistica-de-la-ciudad-protagonista-del-fondo-fotografico-eusebio-mina-donado-por-sus-descendientes-al-archivo-municipal-de-pamplona\/","name":"La evoluci\u00f3n urban\u00edstica de la ciudad, protagonista del Fondo Fotogr\u00e1fico Eusebio Mina, donado por sus descendientes al Archivo Municipal de Pamplona","isPartOf":{"@id":"https:\/\/www.laguiadepamplona.com\/actualidad\/#website"},"primaryImageOfPage":{"@id":"https:\/\/www.laguiadepamplona.com\/actualidad\/la-evolucion-urbanistica-de-la-ciudad-protagonista-del-fondo-fotografico-eusebio-mina-donado-por-sus-descendientes-al-archivo-municipal-de-pamplona\/#primaryimage"},"image":{"@id":"https:\/\/www.laguiadepamplona.com\/actualidad\/la-evolucion-urbanistica-de-la-ciudad-protagonista-del-fondo-fotografico-eusebio-mina-donado-por-sus-descendientes-al-archivo-municipal-de-pamplona\/#primaryimage"},"thumbnailUrl":"https:\/\/www.laguiadepamplona.com\/actualidad\/wp-content\/uploads\/2023\/10\/mina00009b.webp","datePublished":"2023-10-19T14:50:52+00:00","description":"Pamplona pone a disposici\u00f3n de la ciudadan\u00eda 3.483 documentos nuevos, 1.718 negativos y 1.765 positivos, que reflejan momentos de la vida social","breadcrumb":{"@id":"https:\/\/www.laguiadepamplona.com\/actualidad\/la-evolucion-urbanistica-de-la-ciudad-protagonista-del-fondo-fotografico-eusebio-mina-donado-por-sus-descendientes-al-archivo-municipal-de-pamplona\/#breadcrumb"},"inLanguage":"es","potentialAction":[{"@type":"ReadAction","target":["https:\/\/www.laguiadepamplona.com\/actualidad\/la-evolucion-urbanistica-de-la-ciudad-protagonista-del-fondo-fotografico-eusebio-mina-donado-por-sus-descendientes-al-archivo-municipal-de-pamplona\/"]}]},{"@type":"ImageObject","inLanguage":"es","@id":"https:\/\/www.laguiadepamplona.com\/actualidad\/la-evolucion-urbanistica-de-la-ciudad-protagonista-del-fondo-fotografico-eusebio-mina-donado-por-sus-descendientes-al-archivo-municipal-de-pamplona\/#primaryimage","url":"https:\/\/www.laguiadepamplona.com\/actualidad\/wp-content\/uploads\/2023\/10\/mina00009b.webp","contentUrl":"https:\/\/www.laguiadepamplona.com\/actualidad\/wp-content\/uploads\/2023\/10\/mina00009b.webp","width":1200,"height":886,"caption":"mina"},{"@type":"BreadcrumbList","@id":"https:\/\/www.laguiadepamplona.com\/actualidad\/la-evolucion-urbanistica-de-la-ciudad-protagonista-del-fondo-fotografico-eusebio-mina-donado-por-sus-descendientes-al-archivo-municipal-de-pamplona\/#breadcrumb","itemListElement":[{"@type":"ListItem","position":1,"name":"Portada","item":"https:\/\/www.laguiadepamplona.com\/actualidad\/"},{"@type":"ListItem","position":2,"name":"La evoluci\u00f3n urban\u00edstica de la ciudad, protagonista del Fondo Fotogr\u00e1fico Eusebio Mina, donado por sus descendientes al Archivo Municipal de Pamplona"}]},{"@type":"WebSite","@id":"https:\/\/www.laguiadepamplona.com\/actualidad\/#website","url":"https:\/\/www.laguiadepamplona.com\/actualidad\/","name":"La gu\u00eda de Pamplona","description":"Noticias de Pamplona","publisher":{"@id":"https:\/\/www.laguiadepamplona.com\/actualidad\/#organization"},"potentialAction":[{"@type":"SearchAction","target":{"@type":"EntryPoint","urlTemplate":"https:\/\/www.laguiadepamplona.com\/actualidad\/?s={search_term_string}"},"query-input":{"@type":"PropertyValueSpecification","valueRequired":true,"valueName":"search_term_string"}}],"inLanguage":"es"},{"@type":"Organization","@id":"https:\/\/www.laguiadepamplona.com\/actualidad\/#organization","name":"La Gu\u00eda de Pamplona \/ Noticias","url":"https:\/\/www.laguiadepamplona.com\/actualidad\/","logo":{"@type":"ImageObject","inLanguage":"es","@id":"https:\/\/www.laguiadepamplona.com\/actualidad\/#\/schema\/logo\/image\/","url":"https:\/\/www.laguiadepamplona.com\/actualidad\/wp-content\/uploads\/2018\/11\/logo-laguiadepamplona18-web1.png","contentUrl":"https:\/\/www.laguiadepamplona.com\/actualidad\/wp-content\/uploads\/2018\/11\/logo-laguiadepamplona18-web1.png","width":600,"height":196,"caption":"La Gu\u00eda de Pamplona \/ Noticias"},"image":{"@id":"https:\/\/www.laguiadepamplona.com\/actualidad\/#\/schema\/logo\/image\/"},"sameAs":["https:\/\/www.facebook.com\/laguiadepamplonacom-133175176762273\/?ref=hl","https:\/\/x.com\/LaGuiadPamplona","https:\/\/www.instagram.com\/la_guia_de_pamplona\/","https:\/\/www.youtube.com\/user\/laguiadepamplona"]},{"@type":"Person","@id":"https:\/\/www.laguiadepamplona.com\/actualidad\/#\/schema\/person\/efe887376f0213d4657c93adc50b1fdb","name":"La Gu\u00eda de Pamplona","image":{"@type":"ImageObject","inLanguage":"es","@id":"https:\/\/secure.gravatar.com\/avatar\/b6992f131dc8d30ab0dff15446e9d346d9dbd95992de0fef795073f5ea83a81c?s=96&d=mm&r=g","url":"https:\/\/secure.gravatar.com\/avatar\/b6992f131dc8d30ab0dff15446e9d346d9dbd95992de0fef795073f5ea83a81c?s=96&d=mm&r=g","contentUrl":"https:\/\/secure.gravatar.com\/avatar\/b6992f131dc8d30ab0dff15446e9d346d9dbd95992de0fef795073f5ea83a81c?s=96&d=mm&r=g","caption":"La Gu\u00eda de Pamplona"}}]}},"post_mailing_queue_ids":[],"_links":{"self":[{"href":"https:\/\/www.laguiadepamplona.com\/actualidad\/wp-json\/wp\/v2\/posts\/47646","targetHints":{"allow":["GET"]}}],"collection":[{"href":"https:\/\/www.laguiadepamplona.com\/actualidad\/wp-json\/wp\/v2\/posts"}],"about":[{"href":"https:\/\/www.laguiadepamplona.com\/actualidad\/wp-json\/wp\/v2\/types\/post"}],"author":[{"embeddable":true,"href":"https:\/\/www.laguiadepamplona.com\/actualidad\/wp-json\/wp\/v2\/users\/1"}],"replies":[{"embeddable":true,"href":"https:\/\/www.laguiadepamplona.com\/actualidad\/wp-json\/wp\/v2\/comments?post=47646"}],"version-history":[{"count":1,"href":"https:\/\/www.laguiadepamplona.com\/actualidad\/wp-json\/wp\/v2\/posts\/47646\/revisions"}],"predecessor-version":[{"id":47651,"href":"https:\/\/www.laguiadepamplona.com\/actualidad\/wp-json\/wp\/v2\/posts\/47646\/revisions\/47651"}],"wp:featuredmedia":[{"embeddable":true,"href":"https:\/\/www.laguiadepamplona.com\/actualidad\/wp-json\/wp\/v2\/media\/47649"}],"wp:attachment":[{"href":"https:\/\/www.laguiadepamplona.com\/actualidad\/wp-json\/wp\/v2\/media?parent=47646"}],"wp:term":[{"taxonomy":"category","embeddable":true,"href":"https:\/\/www.laguiadepamplona.com\/actualidad\/wp-json\/wp\/v2\/categories?post=47646"},{"taxonomy":"post_tag","embeddable":true,"href":"https:\/\/www.laguiadepamplona.com\/actualidad\/wp-json\/wp\/v2\/tags?post=47646"}],"curies":[{"name":"wp","href":"https:\/\/api.w.org\/{rel}","templated":true}]}}