{"id":47638,"date":"2023-10-19T16:42:18","date_gmt":"2023-10-19T14:42:18","guid":{"rendered":"https:\/\/www.laguiadepamplona.com\/actualidad\/?p=47638"},"modified":"2023-10-19T16:42:18","modified_gmt":"2023-10-19T14:42:18","slug":"la-casa-de-la-juventud-acoge-el-xii-festival-internacional-de-cine-fantastico-y-de-terror-y-decenas-de-actividades-en-torno-a-halloween-entre-el-25-y-el-28-de-octubre","status":"publish","type":"post","link":"https:\/\/www.laguiadepamplona.com\/actualidad\/la-casa-de-la-juventud-acoge-el-xii-festival-internacional-de-cine-fantastico-y-de-terror-y-decenas-de-actividades-en-torno-a-halloween-entre-el-25-y-el-28-de-octubre\/","title":{"rendered":"La Casa de la Juventud acoge el XII Festival Internacional de Cine Fant\u00e1stico y de Terror y decenas de actividades en torno a Halloween entre el 25 y el 28 de octubre"},"content":{"rendered":"<h3>21 cortometrajes, un largo, escapes, rol en vivo, concursos, talleres, juegos macabros, videojuegos, premios\u2026 en 20 horas \u2018de infarto\u2019<\/h3>\n<p><!--more--><\/p>\n<p>Un a\u00f1o m\u00e1s la Casa de la Juventud acoge el Festival Internacional de Cine Fant\u00e1stico y de Terror de Navarra, una cita con entrada libre que cumple este a\u00f1o su duod\u00e9cima edici\u00f3n. Las sesiones del festival se desarrollar\u00e1n las tardes del 25 al 28 de octubre. Como es habitual en estas fechas tan pr\u00f3ximas a Halloween, el Ayuntamiento de Pamplona ha previsto un conjunto de actividades asociadas que culminar\u00e1n en una Tarde de Ocio dedicada al terror el d\u00eda de la clausura de las propuestas cinematogr\u00e1ficas.<\/p>\n<p>Esta ma\u00f1ana el concejal delegado de Relaciones Ciudadana, Participaci\u00f3n y Mayores, Carlos Salvador, y el director del Festival Internacional de Cine Fant\u00e1stico y de Terror de Navarra, Miguel Su\u00e1rez del Cerro, han presentado en el vest\u00edbulo de la Casa las diversas propuestas en un marco de ambientaci\u00f3n vinculado al largometraje final \u2018La autopsia de Jane Doe\u2019, un filme brit\u00e1nico de terror sobrenatural del a\u00f1o 2016. El atrezzo de ese espacio ha sido un pr\u00e9stamo del ambulatorio Doctor San Mart\u00edn. Como es habitual, todo el edificio estar\u00e1 decorado para la ocasi\u00f3n.<\/p>\n<p>El festival proyectar\u00e1, siempre a partir de las 19 horas, 21 cortos que se disputar\u00e1n los premios del p\u00fablico y del jurado, adem\u00e1s de un largometraje. Las tardes del 25 al 27 de octubre la Casa acoger\u00e1, tambi\u00e9n pruebas vinculadas a libros u objetos de terror, un taller para crear m\u00e1scaras terror\u00edficas y el scape room \u2018El s\u00f3tano de la locura\u2019, una propuesta organizada por la Asociaci\u00f3n Cultural Speculum Vitae. La tarde del s\u00e1bado coger\u00e1 el relevo otra asociaci\u00f3n juvenil bien conocida en ese espacio \u2018Learn &amp; Teach\u2019 que, desde las 17.15 horas, propondr\u00e1 juegos de mesa y videojuegos, rol en vivo, sesiones de escape y, por primera vez, un concurso de reels \u201cTerro-reel-ficos\u201d. Ese 28 de octubre tambi\u00e9n se clausurar\u00e1 el Festival Internacional de Cine Fant\u00e1stico y de Terror de Navarra con la correspondiente entrega de premios.<br \/>\n<script async src=\"\/\/pagead2.googlesyndication.com\/pagead\/js\/adsbygoogle.js\"><\/script><br \/>\n<!-- Noticias La Guia de Pamplona --><br \/>\n<ins class=\"adsbygoogle\"\nstyle=\"display:block\"\ndata-ad-client=\"ca-pub-6943679897239327\"\ndata-ad-slot=\"7048180777\"\ndata-ad-format=\"auto\"><\/ins><br \/>\n<script>\n(adsbygoogle = window.adsbygoogle || []).push({});\n<\/script><\/p>\n<p><strong>Mucho terror en peque\u00f1as dosis: los cortometrajes<\/strong><\/p>\n<p>El XII Festival Internacional de Cine Fant\u00e1stico y de Terror de Navarra proyectar\u00e1 en la Casa de la Juventud las tardes de 25, 26 y 27 der octubre un total de 21 cortos, con la presentaci\u00f3n de cada sesi\u00f3n a cargo del director de la muestra, Miguel Su\u00e1rez del Cerro. Las tres sesiones tienen entrada libre y comenzar\u00e1 a las 19 horas.<\/p>\n<p>La propuesta para el mi\u00e9rcoles 25 de octubre son los t\u00edtulos \u2018Match\u2019, \u2018La calima\u2019, \u2018Metaverso: Mundo espejo\u2019, \u2018Ella es la sensaci\u00f3n\u2019, \u2018No estamos solos\u2019, \u2018Echo\u2019 y \u2018Rat\u00f3n de biblioteca\u2019. Al d\u00eda siguiente, jueves 26 de octubre, ser\u00e1 el turno de los cortometrajes \u2018Cuando haces pop\u2019, \u2018Amanece la noche m\u00e1s larga\u2019, \u2018Mi criaturita\u2019, \u2018Coleccionismo\u2019, \u2018White butterflies\u2019, \u2018Osito\u2019 y \u2018Arrivederci Par\u00eds\u2019. Mientras que el viernes, 27 de octubre, se podr\u00e1 disfrutar de \u2018Solo hay una\u2019, \u2018Sincopat\u2019, \u2018Worldlines III\u2019, \u2018Cementerio de coches\u2019, \u2018Las almendras amargas\u2019, \u2018Sacrificio\u2019 y \u2018Solo un ensayo\u2019.<\/p>\n<p>En cada una de las sesiones el p\u00fablico podr\u00e1 votar sus cortometrajes favoritos para otorgar el Premio del P\u00fablico y, el s\u00e1bado 28 un jurado compuesto por expertos de diversos \u00e1mbitos del cine har\u00e1 p\u00fablico el fallo de este premio y otorgar\u00e1 el Premio del Jurado, que dar\u00e1 por cerrada la edici\u00f3n de 2023.<br \/>\n<script async src=\"\/\/pagead2.googlesyndication.com\/pagead\/js\/adsbygoogle.js\"><\/script><br \/>\n<!-- Noticias La Guia de Pamplona --><br \/>\n<ins class=\"adsbygoogle\"\nstyle=\"display:block\"\ndata-ad-client=\"ca-pub-6943679897239327\"\ndata-ad-slot=\"7048180777\"\ndata-ad-format=\"auto\"><\/ins><br \/>\n<script>\n(adsbygoogle = window.adsbygoogle || []).push({});\n<\/script><\/p>\n<p><strong>Propuestas complementarias de mi\u00e9rcoles a viernes<\/strong><\/p>\n<p>Halloween (bichos, sangre, calabazas, telara\u00f1as y dem\u00e1s) ser\u00e1 el marco en el que se desarrollen las tardes del 25 al 25 de octubre las actividades complementarias al festival, que comenzar\u00e1n antes de la sesi\u00f3n de proyecciones. El concurso \u2018Que te sea leve, apostar\u00e1 con las personas presentes sobre el peso de objetos asociados a libros del g\u00e9nero; los premios: literatura cl\u00e1sica de terror: Stoker, Shelley o Allan Poe. Pero tambi\u00e9n habr\u00e1 que probar el valor con el juego \u2018\u00bfQu\u00e9 hay en la caja?<\/p>\n<p>Un bingo de terror, un taller de creaci\u00f3n de m\u00e1scaras de Halloween y un karaoke terror\u00edfico completar\u00e1n las actividades, a raz\u00f3n de una por tarde, siempre a las 18 horas. Y el viernes, como refuerzo, llegar\u00e1, de la mano de Sp\u00e9culum Vitae, el scape room \u2018El s\u00f3tano de la locura\u2019. El s\u00f3tano almacena en sus pasillos y salas las almas en pena de aquellos pobres miserables que cayeron bajo el influjo del libro de los malditos en su af\u00e1n por poseerlo, por eso, hay que destruirlo. Para participar en esta actividad gratuita de la que se realizar\u00e1n dos pases (17 y 18 horas) es necesario inscribirse.<br \/>\n<script async src=\"\/\/pagead2.googlesyndication.com\/pagead\/js\/adsbygoogle.js\"><\/script><br \/>\n<!-- Noticias La Guia de Pamplona --><br \/>\n<ins class=\"adsbygoogle\"\nstyle=\"display:block\"\ndata-ad-client=\"ca-pub-6943679897239327\"\ndata-ad-slot=\"7048180777\"\ndata-ad-format=\"auto\"><\/ins><br \/>\n<script>\n(adsbygoogle = window.adsbygoogle || []).push({});\n<\/script><\/p>\n<p><strong>S\u00e1bado 28 de octubre: gran tarde de terror<\/strong><\/p>\n<p>Cuatro horas de actividades de terror, acompa\u00f1ando la jornada de clausura del festival la tarde del s\u00e1bado 28 de octubre, es lo que oferta la asociaci\u00f3n \u2018Learn &amp; Teach\u2019. De 17 a 21 horas, con entrada libre, en la Casa de la Juventud se desarrollar\u00e1n diversas actividades: juegos de mesa de tem\u00e1tica macabra, videojuegos, creaci\u00f3n de videos terror\u00edficos. Adem\u00e1s, estas s\u00ed bajo inscripci\u00f3n, aunque sin coste, tendr\u00e1n lugar sesiones de los escapes \u2018Misi\u00f3n IA-mposible\u2019 y \u2018El Santuario del Crep\u00fasculo de Plata\u2019 y partidas de 60 minutos de rol en vivo. Para estas \u00faltimas propuestas hay que apuntarse en la Casa de la Juventud o llamando al tel\u00e9fono 948 233 512 entre el 25 y 28 de octubre.<\/p>\n<p>Los \u201cjuegos de mesa macabros\u201d y los \u201cvideojuegos espeluznantes\u201d comenzar\u00e1n a las 17.15 y se extender\u00e1n hasta las 21 horas. Entre los de tablero habr\u00e1 cl\u00e1sicos como \u2018Hombre Lobo\u2019 o \u2018La Cosa\u2019 se unir\u00e1n a los asesinatos en casa rural de \u201810 Nights\u2019 o los hechos inexplicables de \u2018Mysterium park\u2019. La parte de monstruos estar\u00e1 representada por las partidas de \u2018Criaturas de serie B\u2019 y \u2018Virus Halloween\u2019. Los digitales se jugar\u00e1n en la Ciberaula: Among Us, Dead by Daylight y Phamofobia.<\/p>\n<p>Novedad completa es el taller \u2018Terro-reel-ficos\u2019 Se trata de crear un guion para un mini audiovisual de 90 segundos y elegir el atrezzo, entre diversos elementos que estar\u00e1n disponibles en la Casa. Luego se tratar\u00e1 de hacer un peque\u00f1os ensayo del corto y \u00a1a grabar\u00a1. Habr\u00e1 hashtag corporativo para quienes, adem\u00e1s, los quieran subir a sus redes. Si se necesita ayuda, el personal y t\u00e9cnico presente podr\u00e1 echar manos a los futuros <em>influencers<\/em>.<\/p>\n<p>En los que se refiera a rol y escapes, tambi\u00e9n durante toda la tarde en grupos de un m\u00e1ximo de 20 personas se podr\u00e1 participar en las partidas de rol en vivo \u2018Misterios de noche\u2019, de 60 minutos de duraci\u00f3n, con un argumento de asesinatos, cr\u00edmenes y accidentes. Para las partidas de rol ser\u00e1 necesarios inscribirse. Los escapes ser\u00e1n de 30 minutos de duraci\u00f3n en pases cada 45 minutos durante toda la tarde, con seis plazas por grupo. Se ofertan dos modalidades: \u2018El Santuario del Crep\u00fasculo de Plata\u2019 y \u2018Misi\u00f3n IA-mposible\u2019. La primera sobre cuerpos desfigurados y desapariciones sospechosas que requieren un ritual y la segunda sobre una evoluci\u00f3n equivocada de la Inteligencia Artificial Neutral a la que hay que destruir, salt\u00e1ndose todos sus protocolos de seguridad.<br \/>\n<script async src=\"\/\/pagead2.googlesyndication.com\/pagead\/js\/adsbygoogle.js\"><\/script><br \/>\n<!-- Noticias La Guia de Pamplona --><br \/>\n<ins class=\"adsbygoogle\"\nstyle=\"display:block\"\ndata-ad-client=\"ca-pub-6943679897239327\"\ndata-ad-slot=\"7048180777\"\ndata-ad-format=\"auto\"><\/ins><br \/>\n<script>\n(adsbygoogle = window.adsbygoogle || []).push({});\n<\/script><\/p>\n<p><strong>Y la clausura del Festival: proyecci\u00f3n y entrega de premios<\/strong><\/p>\n<p>El s\u00e1bado 28, la propuesta del XII Festival Internacional de Cine Fant\u00e1stico y de Terror de Navarra es la proyecci\u00f3n de un largometraje a partir de las 19 horas con entrada libre. En el Sal\u00f3n de Actos se proyectar\u00e1 \u2018La Autopsia de Jane Doe\u2019 (Reino Unido, 2016, 86\u2019). El filme se desarrolla \u00edntegramente en los bajos de una empresa funeraria familiar de una peque\u00f1a localidad donde, una la noche, hay que realizar una autopsia a un cad\u00e1ver extra\u00f1o. Padre e hijo tratar\u00e1n de saber cu\u00e1l es la causa de la muerte, aparentemente natural.<\/p>\n<p>Ha sido precisamente la elecci\u00f3n de este t\u00edtulo, la que ha llevado a la Casa a la puesta en escena de la presentaci\u00f3n de este festival, con la imagen de un quir\u00f3fano y una morgue., gracias a la colaboraci\u00f3n del Ambulatorio Doctor San Mart\u00edn.<\/p>\n<p>Este filme, dirigido por el noruego Andr\u00e9 \u00d8vredal, recibi\u00f3 el Premio Especial del Jurado del Festival de Sitges, el Premio del P\u00fablico &#8211; Midnight Madness del Festival de Toronto, adem\u00e1s del ser nombrado como segundo mejor film del certamen y obtuvo en 2016 el galard\u00f3n a mejor pel\u00edcula del Fantastic Fest.<\/p>\n<p>Tras la proyecci\u00f3n de la pel\u00edcula se anunciar\u00e1n los cortos ganadores realizar\u00e1 la entrega de premios. El Jurado 2023 est\u00e1 integrado por la periodista y escritora Paula Lozano, la cineasta Carla Calder\u00f3n, la productora Ana Isabel Martins, el actor Albert Fernando Bermejo, la promotora cultural Brenda Ram\u00edrez y el locutor Luis Ortiz Escalante.<br \/>\n<script async src=\"\/\/pagead2.googlesyndication.com\/pagead\/js\/adsbygoogle.js\"><\/script><br \/>\n<!-- Noticias La Guia de Pamplona --><br \/>\n<ins class=\"adsbygoogle\"\nstyle=\"display:block\"\ndata-ad-client=\"ca-pub-6943679897239327\"\ndata-ad-slot=\"7048180777\"\ndata-ad-format=\"auto\"><\/ins><br \/>\n<script>\n(adsbygoogle = window.adsbygoogle || []).push({});\n<\/script><\/p>\n<p>&nbsp;<\/p>\n<h3>Programaci\u00f3n XII Festival Internacional de Cine Fant\u00e1stico y de Terror de Navarra<\/h3>\n<p><span style=\"color: #ff0000;\"><strong>Del 25 al 28 de octubre<\/strong><\/span><\/p>\n<p>Casa de la Juventud (Sal\u00f3n de Actos), a las 19 horas<\/p>\n<p><strong>Mi\u00e9rcoles, 25 de octubre <\/strong><\/p>\n<ul>\n<li>Cortometrajes: \u2018Match\u2019, \u2018La calima\u2019, \u2018Metaverso: Mundo espejo\u2019, \u2018Ella es la sensaci\u00f3n\u2019, \u2018No estamos solos\u2019, \u2018Echo\u2019 y \u2018Rat\u00f3n de biblioteca\u2019<\/li>\n<\/ul>\n<p><strong>Jueves, 26 de octubre <\/strong><\/p>\n<ul>\n<li>Cortometrajes: \u2018Cuando haces pop\u2019, \u2018Amanece la noche m\u00e1s larga\u2019, \u2018Mi criaturita\u2019, \u2018Coleccionismo\u2019, \u2018White butterflies\u2019, \u2018Osito\u2019 y \u2018Arrivederci Par\u00eds\u2019<\/li>\n<\/ul>\n<p><strong>Viernes, 27 de octubre <\/strong><\/p>\n<ul>\n<li>Cortometrajes: \u2018Solo hay una\u2019, \u2018Sincopat\u2019, \u2018Wordlines III\u2019, \u2018Cementerio de coches\u2019, \u2018Las almendras amargas\u2019, \u2018Sacrificio\u2019 y \u2018Solo un ensayo\u2019<\/li>\n<\/ul>\n<p><strong>S\u00e1bado, 27 de octubre <\/strong><\/p>\n<ul>\n<li>Largometraje: \u2018La autopsia de Jane Doe\u2019, de Andr\u00e9 \u00d8vredal<\/li>\n<\/ul>\n<p>&nbsp;<br \/>\n<script async src=\"\/\/pagead2.googlesyndication.com\/pagead\/js\/adsbygoogle.js\"><\/script><br \/>\n<!-- Noticias La Guia de Pamplona --><br \/>\n<ins class=\"adsbygoogle\"\nstyle=\"display:block\"\ndata-ad-client=\"ca-pub-6943679897239327\"\ndata-ad-slot=\"7048180777\"\ndata-ad-format=\"auto\"><\/ins><br \/>\n<script>\n(adsbygoogle = window.adsbygoogle || []).push({});\n<\/script><\/p>\n<p>El Jurado 2023 est\u00e1 integrado por la periodista y escritora Paula Lozano, la cineasta Carla Calder\u00f3n, la productora Ana Isabel Martins, el actor Albert Fernando Bermejo, la promotora cultural Brenda Ram\u00edrez y el locutor Luis Ortiz Escalante. Habr\u00e1, adem\u00e1s, un Premio del P\u00fablico.<\/p>\n<h3><\/h3>\n<h3>Actividades Complementarias al Festival (Del 25 al 27 de octubre a las 18 horas)<\/h3>\n<p><strong>Mi\u00e9rcoles, 25 de octubre<\/strong><\/p>\n<ul>\n<li>Bingo de Terror. Canta \u201cBingo\u201d si en tu cart\u00f3n est\u00e1n todas las pel\u00edculas de terror.<\/li>\n<li>\u00ab\u00bfQu\u00e9 hay en la caja?\u00bb. Si te atreves mete la mano en las diferentes cajas para averiguar qu\u00e9 hay dentro.<\/li>\n<\/ul>\n<p><strong>Jueves, 26 de octubre <\/strong><\/p>\n<ul>\n<li>Taller \u2018Dise\u00f1a tu propia mascara\u2019 con bichos, sangre, telara\u00f1as\u2026<\/li>\n<\/ul>\n<p><strong>Viernes, 27 de octubre <\/strong><\/p>\n<ul>\n<li>El cl\u00e1sico Karaoke de la Casa pero disfrazados para jugar a truco o trato.<\/li>\n<li>Escape Room: El s\u00f3tano de la locura<\/li>\n<\/ul>\n<h3><\/h3>\n<p><script async src=\"\/\/pagead2.googlesyndication.com\/pagead\/js\/adsbygoogle.js\"><\/script><br \/>\n<!-- Noticias La Guia de Pamplona --><br \/>\n<ins class=\"adsbygoogle\"\nstyle=\"display:block\"\ndata-ad-client=\"ca-pub-6943679897239327\"\ndata-ad-slot=\"7048180777\"\ndata-ad-format=\"auto\"><\/ins><br \/>\n<script>\n(adsbygoogle = window.adsbygoogle || []).push({});\n<\/script><\/p>\n<h3>Tarde de Ocio de Terror con la Asociaci\u00f3n Learn &amp;Teach. (28 de octubre)<\/h3>\n<p>Horario: 17:15 &#8211; 21:00<\/p>\n<ul>\n<li><strong>Juegos de mesa macabros<\/strong>. Sum\u00e9rgete en el emocionante mundo del terror y enfr\u00e9ntate a tus peores pesadillas con esta serie de juegos.<\/li>\n<li><strong>Videojuegos espeluznantes<\/strong>. \u00bfTe crees muy valiente? Cont\u00e9n la respiraci\u00f3n \u00a1Qu\u00e9 empiece la partida!<\/li>\n<li><strong>Terro-reel-ficos:<\/strong> \u00a1Prep\u00e1rate para desatar el miedo! Crea el mejor video de terror de la temporada.<\/li>\n<li><strong>Escapa de la Casa<\/strong>*: 30 minutos fren\u00e9ticos para resolver los enigmas y conseguir escapar de nuestras salas.<\/li>\n<\/ul>\n<p><em>El Santuario del Crep\u00fasculo de Plata<\/em><\/p>\n<p><em>Misi\u00f3n IA-mposible<\/em><\/p>\n<p>*Pases cada 45 minutos. Grupos de 6 personas por orden de inscripci\u00f3n.<\/p>\n<ul>\n<li><strong>Rol en vivo<\/strong> \u201c<em>Misterios de noche<\/em>*. Saca tus dotes de investigador a relucir en este macabro juego de asesinatos, cr\u00edmenes y accidentes. Pases cada hora, m\u00e1ximo 20 personas.<\/li>\n<\/ul>\n<p>&nbsp;<\/p>\n<p>*Inscripci\u00f3n previa del 25 al 28 de octubre.<\/p>\n<ul>\n<li>M\u00e1s informaci\u00f3n en el tel\u00e9fono 948233512 o en la Casa de la Juventud (C\/ Sang\u00fcesa 30).<\/li>\n<\/ul>\n","protected":false},"excerpt":{"rendered":"<p>21 cortometrajes, un largo, escapes, rol en vivo, concursos, talleres, juegos macabros, videojuegos, premios\u2026 en 20 horas \u2018de infarto\u2019<\/p>\n","protected":false},"author":1,"featured_media":47639,"comment_status":"open","ping_status":"closed","sticky":false,"template":"","format":"standard","meta":{"footnotes":""},"categories":[2],"tags":[],"class_list":["post-47638","post","type-post","status-publish","format-standard","has-post-thumbnail","hentry","category-ayuntamiento-pamplona"],"yoast_head":"<!-- This site is optimized with the Yoast SEO plugin v27.3 - https:\/\/yoast.com\/product\/yoast-seo-wordpress\/ -->\n<title>La Casa de la Juventud acoge el XII Festival Internacional de Cine Fant\u00e1stico y de Terror y decenas de actividades en torno a Halloween entre el 25 y el 28 de octubre<\/title>\n<meta name=\"description\" content=\"21 cortometrajes, un largo, escapes, rol en vivo, concursos, talleres, juegos macabros, videojuegos, premios\u2026 en 20 horas \u2018de infarto\u2019\" \/>\n<meta name=\"robots\" content=\"index, follow, max-snippet:-1, max-image-preview:large, max-video-preview:-1\" \/>\n<link rel=\"canonical\" href=\"https:\/\/www.laguiadepamplona.com\/actualidad\/la-casa-de-la-juventud-acoge-el-xii-festival-internacional-de-cine-fantastico-y-de-terror-y-decenas-de-actividades-en-torno-a-halloween-entre-el-25-y-el-28-de-octubre\/\" \/>\n<meta property=\"og:locale\" content=\"es_ES\" \/>\n<meta property=\"og:type\" content=\"article\" \/>\n<meta property=\"og:title\" content=\"La Casa de la Juventud acoge el XII Festival Internacional de Cine Fant\u00e1stico y de Terror y decenas de actividades en torno a Halloween entre el 25 y el 28 de octubre\" \/>\n<meta property=\"og:description\" content=\"21 cortometrajes, un largo, escapes, rol en vivo, concursos, talleres, juegos macabros, videojuegos, premios\u2026 en 20 horas \u2018de infarto\u2019\" \/>\n<meta property=\"og:url\" content=\"https:\/\/www.laguiadepamplona.com\/actualidad\/la-casa-de-la-juventud-acoge-el-xii-festival-internacional-de-cine-fantastico-y-de-terror-y-decenas-de-actividades-en-torno-a-halloween-entre-el-25-y-el-28-de-octubre\/\" \/>\n<meta property=\"og:site_name\" content=\"La Gu\u00eda de Pamplona\" \/>\n<meta property=\"article:publisher\" content=\"https:\/\/www.facebook.com\/laguiadepamplonacom-133175176762273\/?ref=hl\" \/>\n<meta property=\"article:published_time\" content=\"2023-10-19T14:42:18+00:00\" \/>\n<meta property=\"og:image\" content=\"https:\/\/www.laguiadepamplona.com\/actualidad\/wp-content\/uploads\/2023\/10\/casa-juventud-halloween-festival-cine-terror.webp\" \/>\n\t<meta property=\"og:image:width\" content=\"1200\" \/>\n\t<meta property=\"og:image:height\" content=\"800\" \/>\n\t<meta property=\"og:image:type\" content=\"image\/webp\" \/>\n<meta name=\"author\" content=\"La Gu\u00eda de Pamplona\" \/>\n<meta name=\"twitter:card\" content=\"summary_large_image\" \/>\n<meta name=\"twitter:creator\" content=\"@LaGuiadPamplona\" \/>\n<meta name=\"twitter:site\" content=\"@LaGuiadPamplona\" \/>\n<meta name=\"twitter:label1\" content=\"Escrito por\" \/>\n\t<meta name=\"twitter:data1\" content=\"La Gu\u00eda de Pamplona\" \/>\n\t<meta name=\"twitter:label2\" content=\"Tiempo de lectura\" \/>\n\t<meta name=\"twitter:data2\" content=\"9 minutos\" \/>\n<script type=\"application\/ld+json\" class=\"yoast-schema-graph\">{\"@context\":\"https:\\\/\\\/schema.org\",\"@graph\":[{\"@type\":\"Article\",\"@id\":\"https:\\\/\\\/www.laguiadepamplona.com\\\/actualidad\\\/la-casa-de-la-juventud-acoge-el-xii-festival-internacional-de-cine-fantastico-y-de-terror-y-decenas-de-actividades-en-torno-a-halloween-entre-el-25-y-el-28-de-octubre\\\/#article\",\"isPartOf\":{\"@id\":\"https:\\\/\\\/www.laguiadepamplona.com\\\/actualidad\\\/la-casa-de-la-juventud-acoge-el-xii-festival-internacional-de-cine-fantastico-y-de-terror-y-decenas-de-actividades-en-torno-a-halloween-entre-el-25-y-el-28-de-octubre\\\/\"},\"author\":{\"name\":\"La Gu\u00eda de Pamplona\",\"@id\":\"https:\\\/\\\/www.laguiadepamplona.com\\\/actualidad\\\/#\\\/schema\\\/person\\\/efe887376f0213d4657c93adc50b1fdb\"},\"headline\":\"La Casa de la Juventud acoge el XII Festival Internacional de Cine Fant\u00e1stico y de Terror y decenas de actividades en torno a Halloween entre el 25 y el 28 de octubre\",\"datePublished\":\"2023-10-19T14:42:18+00:00\",\"mainEntityOfPage\":{\"@id\":\"https:\\\/\\\/www.laguiadepamplona.com\\\/actualidad\\\/la-casa-de-la-juventud-acoge-el-xii-festival-internacional-de-cine-fantastico-y-de-terror-y-decenas-de-actividades-en-torno-a-halloween-entre-el-25-y-el-28-de-octubre\\\/\"},\"wordCount\":1919,\"commentCount\":0,\"publisher\":{\"@id\":\"https:\\\/\\\/www.laguiadepamplona.com\\\/actualidad\\\/#organization\"},\"image\":{\"@id\":\"https:\\\/\\\/www.laguiadepamplona.com\\\/actualidad\\\/la-casa-de-la-juventud-acoge-el-xii-festival-internacional-de-cine-fantastico-y-de-terror-y-decenas-de-actividades-en-torno-a-halloween-entre-el-25-y-el-28-de-octubre\\\/#primaryimage\"},\"thumbnailUrl\":\"https:\\\/\\\/www.laguiadepamplona.com\\\/actualidad\\\/wp-content\\\/uploads\\\/2023\\\/10\\\/casa-juventud-halloween-festival-cine-terror.webp\",\"articleSection\":[\"Ayto Pamplona\"],\"inLanguage\":\"es\",\"potentialAction\":[{\"@type\":\"CommentAction\",\"name\":\"Comment\",\"target\":[\"https:\\\/\\\/www.laguiadepamplona.com\\\/actualidad\\\/la-casa-de-la-juventud-acoge-el-xii-festival-internacional-de-cine-fantastico-y-de-terror-y-decenas-de-actividades-en-torno-a-halloween-entre-el-25-y-el-28-de-octubre\\\/#respond\"]}]},{\"@type\":\"WebPage\",\"@id\":\"https:\\\/\\\/www.laguiadepamplona.com\\\/actualidad\\\/la-casa-de-la-juventud-acoge-el-xii-festival-internacional-de-cine-fantastico-y-de-terror-y-decenas-de-actividades-en-torno-a-halloween-entre-el-25-y-el-28-de-octubre\\\/\",\"url\":\"https:\\\/\\\/www.laguiadepamplona.com\\\/actualidad\\\/la-casa-de-la-juventud-acoge-el-xii-festival-internacional-de-cine-fantastico-y-de-terror-y-decenas-de-actividades-en-torno-a-halloween-entre-el-25-y-el-28-de-octubre\\\/\",\"name\":\"La Casa de la Juventud acoge el XII Festival Internacional de Cine Fant\u00e1stico y de Terror y decenas de actividades en torno a Halloween entre el 25 y el 28 de octubre\",\"isPartOf\":{\"@id\":\"https:\\\/\\\/www.laguiadepamplona.com\\\/actualidad\\\/#website\"},\"primaryImageOfPage\":{\"@id\":\"https:\\\/\\\/www.laguiadepamplona.com\\\/actualidad\\\/la-casa-de-la-juventud-acoge-el-xii-festival-internacional-de-cine-fantastico-y-de-terror-y-decenas-de-actividades-en-torno-a-halloween-entre-el-25-y-el-28-de-octubre\\\/#primaryimage\"},\"image\":{\"@id\":\"https:\\\/\\\/www.laguiadepamplona.com\\\/actualidad\\\/la-casa-de-la-juventud-acoge-el-xii-festival-internacional-de-cine-fantastico-y-de-terror-y-decenas-de-actividades-en-torno-a-halloween-entre-el-25-y-el-28-de-octubre\\\/#primaryimage\"},\"thumbnailUrl\":\"https:\\\/\\\/www.laguiadepamplona.com\\\/actualidad\\\/wp-content\\\/uploads\\\/2023\\\/10\\\/casa-juventud-halloween-festival-cine-terror.webp\",\"datePublished\":\"2023-10-19T14:42:18+00:00\",\"description\":\"21 cortometrajes, un largo, escapes, rol en vivo, concursos, talleres, juegos macabros, videojuegos, premios\u2026 en 20 horas \u2018de infarto\u2019\",\"breadcrumb\":{\"@id\":\"https:\\\/\\\/www.laguiadepamplona.com\\\/actualidad\\\/la-casa-de-la-juventud-acoge-el-xii-festival-internacional-de-cine-fantastico-y-de-terror-y-decenas-de-actividades-en-torno-a-halloween-entre-el-25-y-el-28-de-octubre\\\/#breadcrumb\"},\"inLanguage\":\"es\",\"potentialAction\":[{\"@type\":\"ReadAction\",\"target\":[\"https:\\\/\\\/www.laguiadepamplona.com\\\/actualidad\\\/la-casa-de-la-juventud-acoge-el-xii-festival-internacional-de-cine-fantastico-y-de-terror-y-decenas-de-actividades-en-torno-a-halloween-entre-el-25-y-el-28-de-octubre\\\/\"]}]},{\"@type\":\"ImageObject\",\"inLanguage\":\"es\",\"@id\":\"https:\\\/\\\/www.laguiadepamplona.com\\\/actualidad\\\/la-casa-de-la-juventud-acoge-el-xii-festival-internacional-de-cine-fantastico-y-de-terror-y-decenas-de-actividades-en-torno-a-halloween-entre-el-25-y-el-28-de-octubre\\\/#primaryimage\",\"url\":\"https:\\\/\\\/www.laguiadepamplona.com\\\/actualidad\\\/wp-content\\\/uploads\\\/2023\\\/10\\\/casa-juventud-halloween-festival-cine-terror.webp\",\"contentUrl\":\"https:\\\/\\\/www.laguiadepamplona.com\\\/actualidad\\\/wp-content\\\/uploads\\\/2023\\\/10\\\/casa-juventud-halloween-festival-cine-terror.webp\",\"width\":1200,\"height\":800,\"caption\":\"casa juventud halloween\"},{\"@type\":\"BreadcrumbList\",\"@id\":\"https:\\\/\\\/www.laguiadepamplona.com\\\/actualidad\\\/la-casa-de-la-juventud-acoge-el-xii-festival-internacional-de-cine-fantastico-y-de-terror-y-decenas-de-actividades-en-torno-a-halloween-entre-el-25-y-el-28-de-octubre\\\/#breadcrumb\",\"itemListElement\":[{\"@type\":\"ListItem\",\"position\":1,\"name\":\"Portada\",\"item\":\"https:\\\/\\\/www.laguiadepamplona.com\\\/actualidad\\\/\"},{\"@type\":\"ListItem\",\"position\":2,\"name\":\"La Casa de la Juventud acoge el XII Festival Internacional de Cine Fant\u00e1stico y de Terror y decenas de actividades en torno a Halloween entre el 25 y el 28 de octubre\"}]},{\"@type\":\"WebSite\",\"@id\":\"https:\\\/\\\/www.laguiadepamplona.com\\\/actualidad\\\/#website\",\"url\":\"https:\\\/\\\/www.laguiadepamplona.com\\\/actualidad\\\/\",\"name\":\"La gu\u00eda de Pamplona\",\"description\":\"Noticias de Pamplona\",\"publisher\":{\"@id\":\"https:\\\/\\\/www.laguiadepamplona.com\\\/actualidad\\\/#organization\"},\"potentialAction\":[{\"@type\":\"SearchAction\",\"target\":{\"@type\":\"EntryPoint\",\"urlTemplate\":\"https:\\\/\\\/www.laguiadepamplona.com\\\/actualidad\\\/?s={search_term_string}\"},\"query-input\":{\"@type\":\"PropertyValueSpecification\",\"valueRequired\":true,\"valueName\":\"search_term_string\"}}],\"inLanguage\":\"es\"},{\"@type\":\"Organization\",\"@id\":\"https:\\\/\\\/www.laguiadepamplona.com\\\/actualidad\\\/#organization\",\"name\":\"La Gu\u00eda de Pamplona \\\/ Noticias\",\"url\":\"https:\\\/\\\/www.laguiadepamplona.com\\\/actualidad\\\/\",\"logo\":{\"@type\":\"ImageObject\",\"inLanguage\":\"es\",\"@id\":\"https:\\\/\\\/www.laguiadepamplona.com\\\/actualidad\\\/#\\\/schema\\\/logo\\\/image\\\/\",\"url\":\"https:\\\/\\\/www.laguiadepamplona.com\\\/actualidad\\\/wp-content\\\/uploads\\\/2018\\\/11\\\/logo-laguiadepamplona18-web1.png\",\"contentUrl\":\"https:\\\/\\\/www.laguiadepamplona.com\\\/actualidad\\\/wp-content\\\/uploads\\\/2018\\\/11\\\/logo-laguiadepamplona18-web1.png\",\"width\":600,\"height\":196,\"caption\":\"La Gu\u00eda de Pamplona \\\/ Noticias\"},\"image\":{\"@id\":\"https:\\\/\\\/www.laguiadepamplona.com\\\/actualidad\\\/#\\\/schema\\\/logo\\\/image\\\/\"},\"sameAs\":[\"https:\\\/\\\/www.facebook.com\\\/laguiadepamplonacom-133175176762273\\\/?ref=hl\",\"https:\\\/\\\/x.com\\\/LaGuiadPamplona\",\"https:\\\/\\\/www.instagram.com\\\/la_guia_de_pamplona\\\/\",\"https:\\\/\\\/www.youtube.com\\\/user\\\/laguiadepamplona\"]},{\"@type\":\"Person\",\"@id\":\"https:\\\/\\\/www.laguiadepamplona.com\\\/actualidad\\\/#\\\/schema\\\/person\\\/efe887376f0213d4657c93adc50b1fdb\",\"name\":\"La Gu\u00eda de Pamplona\",\"image\":{\"@type\":\"ImageObject\",\"inLanguage\":\"es\",\"@id\":\"https:\\\/\\\/secure.gravatar.com\\\/avatar\\\/b6992f131dc8d30ab0dff15446e9d346d9dbd95992de0fef795073f5ea83a81c?s=96&d=mm&r=g\",\"url\":\"https:\\\/\\\/secure.gravatar.com\\\/avatar\\\/b6992f131dc8d30ab0dff15446e9d346d9dbd95992de0fef795073f5ea83a81c?s=96&d=mm&r=g\",\"contentUrl\":\"https:\\\/\\\/secure.gravatar.com\\\/avatar\\\/b6992f131dc8d30ab0dff15446e9d346d9dbd95992de0fef795073f5ea83a81c?s=96&d=mm&r=g\",\"caption\":\"La Gu\u00eda de Pamplona\"}}]}<\/script>\n<!-- \/ Yoast SEO plugin. -->","yoast_head_json":{"title":"La Casa de la Juventud acoge el XII Festival Internacional de Cine Fant\u00e1stico y de Terror y decenas de actividades en torno a Halloween entre el 25 y el 28 de octubre","description":"21 cortometrajes, un largo, escapes, rol en vivo, concursos, talleres, juegos macabros, videojuegos, premios\u2026 en 20 horas \u2018de infarto\u2019","robots":{"index":"index","follow":"follow","max-snippet":"max-snippet:-1","max-image-preview":"max-image-preview:large","max-video-preview":"max-video-preview:-1"},"canonical":"https:\/\/www.laguiadepamplona.com\/actualidad\/la-casa-de-la-juventud-acoge-el-xii-festival-internacional-de-cine-fantastico-y-de-terror-y-decenas-de-actividades-en-torno-a-halloween-entre-el-25-y-el-28-de-octubre\/","og_locale":"es_ES","og_type":"article","og_title":"La Casa de la Juventud acoge el XII Festival Internacional de Cine Fant\u00e1stico y de Terror y decenas de actividades en torno a Halloween entre el 25 y el 28 de octubre","og_description":"21 cortometrajes, un largo, escapes, rol en vivo, concursos, talleres, juegos macabros, videojuegos, premios\u2026 en 20 horas \u2018de infarto\u2019","og_url":"https:\/\/www.laguiadepamplona.com\/actualidad\/la-casa-de-la-juventud-acoge-el-xii-festival-internacional-de-cine-fantastico-y-de-terror-y-decenas-de-actividades-en-torno-a-halloween-entre-el-25-y-el-28-de-octubre\/","og_site_name":"La Gu\u00eda de Pamplona","article_publisher":"https:\/\/www.facebook.com\/laguiadepamplonacom-133175176762273\/?ref=hl","article_published_time":"2023-10-19T14:42:18+00:00","og_image":[{"width":1200,"height":800,"url":"https:\/\/www.laguiadepamplona.com\/actualidad\/wp-content\/uploads\/2023\/10\/casa-juventud-halloween-festival-cine-terror.webp","type":"image\/webp"}],"author":"La Gu\u00eda de Pamplona","twitter_card":"summary_large_image","twitter_creator":"@LaGuiadPamplona","twitter_site":"@LaGuiadPamplona","twitter_misc":{"Escrito por":"La Gu\u00eda de Pamplona","Tiempo de lectura":"9 minutos"},"schema":{"@context":"https:\/\/schema.org","@graph":[{"@type":"Article","@id":"https:\/\/www.laguiadepamplona.com\/actualidad\/la-casa-de-la-juventud-acoge-el-xii-festival-internacional-de-cine-fantastico-y-de-terror-y-decenas-de-actividades-en-torno-a-halloween-entre-el-25-y-el-28-de-octubre\/#article","isPartOf":{"@id":"https:\/\/www.laguiadepamplona.com\/actualidad\/la-casa-de-la-juventud-acoge-el-xii-festival-internacional-de-cine-fantastico-y-de-terror-y-decenas-de-actividades-en-torno-a-halloween-entre-el-25-y-el-28-de-octubre\/"},"author":{"name":"La Gu\u00eda de Pamplona","@id":"https:\/\/www.laguiadepamplona.com\/actualidad\/#\/schema\/person\/efe887376f0213d4657c93adc50b1fdb"},"headline":"La Casa de la Juventud acoge el XII Festival Internacional de Cine Fant\u00e1stico y de Terror y decenas de actividades en torno a Halloween entre el 25 y el 28 de octubre","datePublished":"2023-10-19T14:42:18+00:00","mainEntityOfPage":{"@id":"https:\/\/www.laguiadepamplona.com\/actualidad\/la-casa-de-la-juventud-acoge-el-xii-festival-internacional-de-cine-fantastico-y-de-terror-y-decenas-de-actividades-en-torno-a-halloween-entre-el-25-y-el-28-de-octubre\/"},"wordCount":1919,"commentCount":0,"publisher":{"@id":"https:\/\/www.laguiadepamplona.com\/actualidad\/#organization"},"image":{"@id":"https:\/\/www.laguiadepamplona.com\/actualidad\/la-casa-de-la-juventud-acoge-el-xii-festival-internacional-de-cine-fantastico-y-de-terror-y-decenas-de-actividades-en-torno-a-halloween-entre-el-25-y-el-28-de-octubre\/#primaryimage"},"thumbnailUrl":"https:\/\/www.laguiadepamplona.com\/actualidad\/wp-content\/uploads\/2023\/10\/casa-juventud-halloween-festival-cine-terror.webp","articleSection":["Ayto Pamplona"],"inLanguage":"es","potentialAction":[{"@type":"CommentAction","name":"Comment","target":["https:\/\/www.laguiadepamplona.com\/actualidad\/la-casa-de-la-juventud-acoge-el-xii-festival-internacional-de-cine-fantastico-y-de-terror-y-decenas-de-actividades-en-torno-a-halloween-entre-el-25-y-el-28-de-octubre\/#respond"]}]},{"@type":"WebPage","@id":"https:\/\/www.laguiadepamplona.com\/actualidad\/la-casa-de-la-juventud-acoge-el-xii-festival-internacional-de-cine-fantastico-y-de-terror-y-decenas-de-actividades-en-torno-a-halloween-entre-el-25-y-el-28-de-octubre\/","url":"https:\/\/www.laguiadepamplona.com\/actualidad\/la-casa-de-la-juventud-acoge-el-xii-festival-internacional-de-cine-fantastico-y-de-terror-y-decenas-de-actividades-en-torno-a-halloween-entre-el-25-y-el-28-de-octubre\/","name":"La Casa de la Juventud acoge el XII Festival Internacional de Cine Fant\u00e1stico y de Terror y decenas de actividades en torno a Halloween entre el 25 y el 28 de octubre","isPartOf":{"@id":"https:\/\/www.laguiadepamplona.com\/actualidad\/#website"},"primaryImageOfPage":{"@id":"https:\/\/www.laguiadepamplona.com\/actualidad\/la-casa-de-la-juventud-acoge-el-xii-festival-internacional-de-cine-fantastico-y-de-terror-y-decenas-de-actividades-en-torno-a-halloween-entre-el-25-y-el-28-de-octubre\/#primaryimage"},"image":{"@id":"https:\/\/www.laguiadepamplona.com\/actualidad\/la-casa-de-la-juventud-acoge-el-xii-festival-internacional-de-cine-fantastico-y-de-terror-y-decenas-de-actividades-en-torno-a-halloween-entre-el-25-y-el-28-de-octubre\/#primaryimage"},"thumbnailUrl":"https:\/\/www.laguiadepamplona.com\/actualidad\/wp-content\/uploads\/2023\/10\/casa-juventud-halloween-festival-cine-terror.webp","datePublished":"2023-10-19T14:42:18+00:00","description":"21 cortometrajes, un largo, escapes, rol en vivo, concursos, talleres, juegos macabros, videojuegos, premios\u2026 en 20 horas \u2018de infarto\u2019","breadcrumb":{"@id":"https:\/\/www.laguiadepamplona.com\/actualidad\/la-casa-de-la-juventud-acoge-el-xii-festival-internacional-de-cine-fantastico-y-de-terror-y-decenas-de-actividades-en-torno-a-halloween-entre-el-25-y-el-28-de-octubre\/#breadcrumb"},"inLanguage":"es","potentialAction":[{"@type":"ReadAction","target":["https:\/\/www.laguiadepamplona.com\/actualidad\/la-casa-de-la-juventud-acoge-el-xii-festival-internacional-de-cine-fantastico-y-de-terror-y-decenas-de-actividades-en-torno-a-halloween-entre-el-25-y-el-28-de-octubre\/"]}]},{"@type":"ImageObject","inLanguage":"es","@id":"https:\/\/www.laguiadepamplona.com\/actualidad\/la-casa-de-la-juventud-acoge-el-xii-festival-internacional-de-cine-fantastico-y-de-terror-y-decenas-de-actividades-en-torno-a-halloween-entre-el-25-y-el-28-de-octubre\/#primaryimage","url":"https:\/\/www.laguiadepamplona.com\/actualidad\/wp-content\/uploads\/2023\/10\/casa-juventud-halloween-festival-cine-terror.webp","contentUrl":"https:\/\/www.laguiadepamplona.com\/actualidad\/wp-content\/uploads\/2023\/10\/casa-juventud-halloween-festival-cine-terror.webp","width":1200,"height":800,"caption":"casa juventud halloween"},{"@type":"BreadcrumbList","@id":"https:\/\/www.laguiadepamplona.com\/actualidad\/la-casa-de-la-juventud-acoge-el-xii-festival-internacional-de-cine-fantastico-y-de-terror-y-decenas-de-actividades-en-torno-a-halloween-entre-el-25-y-el-28-de-octubre\/#breadcrumb","itemListElement":[{"@type":"ListItem","position":1,"name":"Portada","item":"https:\/\/www.laguiadepamplona.com\/actualidad\/"},{"@type":"ListItem","position":2,"name":"La Casa de la Juventud acoge el XII Festival Internacional de Cine Fant\u00e1stico y de Terror y decenas de actividades en torno a Halloween entre el 25 y el 28 de octubre"}]},{"@type":"WebSite","@id":"https:\/\/www.laguiadepamplona.com\/actualidad\/#website","url":"https:\/\/www.laguiadepamplona.com\/actualidad\/","name":"La gu\u00eda de Pamplona","description":"Noticias de Pamplona","publisher":{"@id":"https:\/\/www.laguiadepamplona.com\/actualidad\/#organization"},"potentialAction":[{"@type":"SearchAction","target":{"@type":"EntryPoint","urlTemplate":"https:\/\/www.laguiadepamplona.com\/actualidad\/?s={search_term_string}"},"query-input":{"@type":"PropertyValueSpecification","valueRequired":true,"valueName":"search_term_string"}}],"inLanguage":"es"},{"@type":"Organization","@id":"https:\/\/www.laguiadepamplona.com\/actualidad\/#organization","name":"La Gu\u00eda de Pamplona \/ Noticias","url":"https:\/\/www.laguiadepamplona.com\/actualidad\/","logo":{"@type":"ImageObject","inLanguage":"es","@id":"https:\/\/www.laguiadepamplona.com\/actualidad\/#\/schema\/logo\/image\/","url":"https:\/\/www.laguiadepamplona.com\/actualidad\/wp-content\/uploads\/2018\/11\/logo-laguiadepamplona18-web1.png","contentUrl":"https:\/\/www.laguiadepamplona.com\/actualidad\/wp-content\/uploads\/2018\/11\/logo-laguiadepamplona18-web1.png","width":600,"height":196,"caption":"La Gu\u00eda de Pamplona \/ Noticias"},"image":{"@id":"https:\/\/www.laguiadepamplona.com\/actualidad\/#\/schema\/logo\/image\/"},"sameAs":["https:\/\/www.facebook.com\/laguiadepamplonacom-133175176762273\/?ref=hl","https:\/\/x.com\/LaGuiadPamplona","https:\/\/www.instagram.com\/la_guia_de_pamplona\/","https:\/\/www.youtube.com\/user\/laguiadepamplona"]},{"@type":"Person","@id":"https:\/\/www.laguiadepamplona.com\/actualidad\/#\/schema\/person\/efe887376f0213d4657c93adc50b1fdb","name":"La Gu\u00eda de Pamplona","image":{"@type":"ImageObject","inLanguage":"es","@id":"https:\/\/secure.gravatar.com\/avatar\/b6992f131dc8d30ab0dff15446e9d346d9dbd95992de0fef795073f5ea83a81c?s=96&d=mm&r=g","url":"https:\/\/secure.gravatar.com\/avatar\/b6992f131dc8d30ab0dff15446e9d346d9dbd95992de0fef795073f5ea83a81c?s=96&d=mm&r=g","contentUrl":"https:\/\/secure.gravatar.com\/avatar\/b6992f131dc8d30ab0dff15446e9d346d9dbd95992de0fef795073f5ea83a81c?s=96&d=mm&r=g","caption":"La Gu\u00eda de Pamplona"}}]}},"post_mailing_queue_ids":[],"_links":{"self":[{"href":"https:\/\/www.laguiadepamplona.com\/actualidad\/wp-json\/wp\/v2\/posts\/47638","targetHints":{"allow":["GET"]}}],"collection":[{"href":"https:\/\/www.laguiadepamplona.com\/actualidad\/wp-json\/wp\/v2\/posts"}],"about":[{"href":"https:\/\/www.laguiadepamplona.com\/actualidad\/wp-json\/wp\/v2\/types\/post"}],"author":[{"embeddable":true,"href":"https:\/\/www.laguiadepamplona.com\/actualidad\/wp-json\/wp\/v2\/users\/1"}],"replies":[{"embeddable":true,"href":"https:\/\/www.laguiadepamplona.com\/actualidad\/wp-json\/wp\/v2\/comments?post=47638"}],"version-history":[{"count":1,"href":"https:\/\/www.laguiadepamplona.com\/actualidad\/wp-json\/wp\/v2\/posts\/47638\/revisions"}],"predecessor-version":[{"id":47640,"href":"https:\/\/www.laguiadepamplona.com\/actualidad\/wp-json\/wp\/v2\/posts\/47638\/revisions\/47640"}],"wp:featuredmedia":[{"embeddable":true,"href":"https:\/\/www.laguiadepamplona.com\/actualidad\/wp-json\/wp\/v2\/media\/47639"}],"wp:attachment":[{"href":"https:\/\/www.laguiadepamplona.com\/actualidad\/wp-json\/wp\/v2\/media?parent=47638"}],"wp:term":[{"taxonomy":"category","embeddable":true,"href":"https:\/\/www.laguiadepamplona.com\/actualidad\/wp-json\/wp\/v2\/categories?post=47638"},{"taxonomy":"post_tag","embeddable":true,"href":"https:\/\/www.laguiadepamplona.com\/actualidad\/wp-json\/wp\/v2\/tags?post=47638"}],"curies":[{"name":"wp","href":"https:\/\/api.w.org\/{rel}","templated":true}]}}