{"id":47635,"date":"2023-10-19T16:37:46","date_gmt":"2023-10-19T14:37:46","guid":{"rendered":"https:\/\/www.laguiadepamplona.com\/actualidad\/?p=47635"},"modified":"2023-10-19T16:37:46","modified_gmt":"2023-10-19T14:37:46","slug":"la-asociacion-de-municipios-del-camino-de-santiago-se-suma-a-la-federacion-europea-que-aglutina-a-autoridades-regionales-den-trazado-internacional-de-la-ruta-jacobea","status":"publish","type":"post","link":"https:\/\/www.laguiadepamplona.com\/actualidad\/la-asociacion-de-municipios-del-camino-de-santiago-se-suma-a-la-federacion-europea-que-aglutina-a-autoridades-regionales-den-trazado-internacional-de-la-ruta-jacobea\/","title":{"rendered":"La Asociaci\u00f3n de Municipios del Camino de Santiago se suma a la Federaci\u00f3n Europea que aglutina a autoridades regionales den trazado internacional de la Ruta Jacobea"},"content":{"rendered":"<h3>La firma se ha realizado en Torun, ciudad polaca con la que Pamplona trabaj\u00f3 estrechamente para ser Ciudades Europeas de la Cultura en 2016<\/h3>\n<p><!--more--><\/p>\n<p>La Asociaci\u00f3n de Municipios del Camino de Santiago (AMCS), que actualmente preside Pamplona, ha formalizado su ingreso en la Federaci\u00f3n Europea, una entidad configurada como organizaci\u00f3n sin \u00e1nimo de lucro, cuyo principal prop\u00f3sito unir a las autoridades regionales a lo largo del trazado Camino de Santiago en Europa. El Camino de Santiago fue reconocido oficialmente en 1987 como el Primer Itinerario Cultural por el Consejo de Europa, ya que representa un legado cultural compartido durante siglos.<br \/>\n<script async src=\"\/\/pagead2.googlesyndication.com\/pagead\/js\/adsbygoogle.js\"><\/script><br \/>\n<!-- Noticias La Guia de Pamplona --><br \/>\n<ins class=\"adsbygoogle\"\nstyle=\"display:block\"\ndata-ad-client=\"ca-pub-6943679897239327\"\ndata-ad-slot=\"7048180777\"\ndata-ad-format=\"auto\"><\/ins><br \/>\n<script>\n(adsbygoogle = window.adsbygoogle || []).push({});\n<\/script><\/p>\n<p>La adhesi\u00f3n a la Federaci\u00f3n Europea del Camino, se concret\u00f3 hace unos d\u00edas en la ciudad de Torun, en Polonia. Actualmente, la federaci\u00f3n aglutina a otras nueve entidades de B\u00e9lgica, Espa\u00f1a, Francia, Italia, Lituania, Polonia y Portugal. La idea es seguir ampliando las redes de cooperaci\u00f3n colaborando con otras entidades a lo largo de la ruta Jacobea y obtener una representaci\u00f3n de todos los pa\u00edses que atraviesa en el continente, en la construcci\u00f3n de una conciencia europea compartida y un modelo de solidaridad com\u00fan. Ya en su declaraci\u00f3n el Consejo recalcaba que \u201clas rutas del Camino de Santiago son un s\u00edmbolo, al reflejar casi mil a\u00f1os de historia europea y servir de modelo de cooperaci\u00f3n cultural para toda Europa\u201d.<\/p>\n<p>El Camino de Santiago fue uno de los caminos de peregrinaci\u00f3n m\u00e1s importantes de la Edad Media. Gracias a las peregrinaciones, se ha constituido un rico patrimonio rico; material como los lugares de culto, los hospitales, los albergues y los puentes, y un patrimonio inmaterial como los mitos, las leyendas y las canciones. Es, adem\u00e1s, una idea compartida y un elemento aglutinados de la europeidad.<br \/>\n<script async src=\"\/\/pagead2.googlesyndication.com\/pagead\/js\/adsbygoogle.js\"><\/script><br \/>\n<!-- Noticias La Guia de Pamplona --><br \/>\n<ins class=\"adsbygoogle\"\nstyle=\"display:block\"\ndata-ad-client=\"ca-pub-6943679897239327\"\ndata-ad-slot=\"7048180777\"\ndata-ad-format=\"auto\"><\/ins><br \/>\n<script>\n(adsbygoogle = window.adsbygoogle || []).push({});\n<\/script><\/p>\n<p>Hoy integran la federaci\u00f3n la: Asociaci\u00f3n de Municipios del Camino de Santiago en Lituania; la Regi\u00f3n de Kujawsko-Pomorskie en Polonia; la Oficina de Turismo de Sur Limburgo en Pa\u00edses Bajos; el Departamento de Patrimonio Cultural de la Provincia de Namur en B\u00e9lgica; la Comunidad de Aglomeraci\u00f3n Puy-en-Velay en Francia; la ciudad de As\u00eds &#8211; Oficina de Comunicaci\u00f3n y Marketing en Italia; la Oficina Interactiva de Turismo de Vila Pouca de Aguiar en Portugal; la Consejer\u00eda de Cultura, Pol\u00edtica Lling\u00fc\u00edstica y Turismo de Asturias y la Axencia Turismo de Galicia, ambas en Espa\u00f1a, a los que se suma ahora la Asociaci\u00f3n de Municipios del Camino de Santiago Franc\u00e9s.<\/p>\n<p>La Asociaci\u00f3n, que preside Cristina Ibarrola como alcaldesa de la ciudad, en esto momentos representa de 111 municipios del Camino de Santiago Franc\u00e9s a su paso por las regiones de Arag\u00f3n, Castilla y Le\u00f3n, Galicia, La Rioja y Navarra.<\/p>\n","protected":false},"excerpt":{"rendered":"<p>La firma se ha realizado en Torun, ciudad polaca con la que Pamplona trabaj\u00f3 estrechamente para ser Ciudades Europeas de la Cultura en 2016<\/p>\n","protected":false},"author":1,"featured_media":47636,"comment_status":"open","ping_status":"closed","sticky":false,"template":"","format":"standard","meta":{"footnotes":""},"categories":[2],"tags":[],"class_list":["post-47635","post","type-post","status-publish","format-standard","has-post-thumbnail","hentry","category-ayuntamiento-pamplona"],"yoast_head":"<!-- This site is optimized with the Yoast SEO plugin v27.3 - https:\/\/yoast.com\/product\/yoast-seo-wordpress\/ -->\n<title>La Asociaci\u00f3n de Municipios del Camino de Santiago se suma a la Federaci\u00f3n Europea que aglutina a autoridades regionales den trazado internacional de la Ruta Jacobea<\/title>\n<meta name=\"description\" content=\"La firma se ha realizado en Torun, ciudad polaca con la que Pamplona trabaj\u00f3 estrechamente para ser Ciudades Europeas de la Cultura en 2016\" \/>\n<meta name=\"robots\" content=\"index, follow, max-snippet:-1, max-image-preview:large, max-video-preview:-1\" \/>\n<link rel=\"canonical\" href=\"https:\/\/www.laguiadepamplona.com\/actualidad\/la-asociacion-de-municipios-del-camino-de-santiago-se-suma-a-la-federacion-europea-que-aglutina-a-autoridades-regionales-den-trazado-internacional-de-la-ruta-jacobea\/\" \/>\n<meta property=\"og:locale\" content=\"es_ES\" \/>\n<meta property=\"og:type\" content=\"article\" \/>\n<meta property=\"og:title\" content=\"La Asociaci\u00f3n de Municipios del Camino de Santiago se suma a la Federaci\u00f3n Europea que aglutina a autoridades regionales den trazado internacional de la Ruta Jacobea\" \/>\n<meta property=\"og:description\" content=\"La firma se ha realizado en Torun, ciudad polaca con la que Pamplona trabaj\u00f3 estrechamente para ser Ciudades Europeas de la Cultura en 2016\" \/>\n<meta property=\"og:url\" content=\"https:\/\/www.laguiadepamplona.com\/actualidad\/la-asociacion-de-municipios-del-camino-de-santiago-se-suma-a-la-federacion-europea-que-aglutina-a-autoridades-regionales-den-trazado-internacional-de-la-ruta-jacobea\/\" \/>\n<meta property=\"og:site_name\" content=\"La Gu\u00eda de Pamplona\" \/>\n<meta property=\"article:publisher\" content=\"https:\/\/www.facebook.com\/laguiadepamplonacom-133175176762273\/?ref=hl\" \/>\n<meta property=\"article:published_time\" content=\"2023-10-19T14:37:46+00:00\" \/>\n<meta property=\"og:image\" content=\"https:\/\/www.laguiadepamplona.com\/actualidad\/wp-content\/uploads\/2023\/10\/AMCS-Federacion-Polonia1.webp\" \/>\n\t<meta property=\"og:image:width\" content=\"1200\" \/>\n\t<meta property=\"og:image:height\" content=\"800\" \/>\n\t<meta property=\"og:image:type\" content=\"image\/webp\" \/>\n<meta name=\"author\" content=\"La Gu\u00eda de Pamplona\" \/>\n<meta name=\"twitter:card\" content=\"summary_large_image\" \/>\n<meta name=\"twitter:creator\" content=\"@LaGuiadPamplona\" \/>\n<meta name=\"twitter:site\" content=\"@LaGuiadPamplona\" \/>\n<meta name=\"twitter:label1\" content=\"Escrito por\" \/>\n\t<meta name=\"twitter:data1\" content=\"La Gu\u00eda de Pamplona\" \/>\n\t<meta name=\"twitter:label2\" content=\"Tiempo de lectura\" \/>\n\t<meta name=\"twitter:data2\" content=\"2 minutos\" \/>\n<script type=\"application\/ld+json\" class=\"yoast-schema-graph\">{\"@context\":\"https:\\\/\\\/schema.org\",\"@graph\":[{\"@type\":\"Article\",\"@id\":\"https:\\\/\\\/www.laguiadepamplona.com\\\/actualidad\\\/la-asociacion-de-municipios-del-camino-de-santiago-se-suma-a-la-federacion-europea-que-aglutina-a-autoridades-regionales-den-trazado-internacional-de-la-ruta-jacobea\\\/#article\",\"isPartOf\":{\"@id\":\"https:\\\/\\\/www.laguiadepamplona.com\\\/actualidad\\\/la-asociacion-de-municipios-del-camino-de-santiago-se-suma-a-la-federacion-europea-que-aglutina-a-autoridades-regionales-den-trazado-internacional-de-la-ruta-jacobea\\\/\"},\"author\":{\"name\":\"La Gu\u00eda de Pamplona\",\"@id\":\"https:\\\/\\\/www.laguiadepamplona.com\\\/actualidad\\\/#\\\/schema\\\/person\\\/efe887376f0213d4657c93adc50b1fdb\"},\"headline\":\"La Asociaci\u00f3n de Municipios del Camino de Santiago se suma a la Federaci\u00f3n Europea que aglutina a autoridades regionales den trazado internacional de la Ruta Jacobea\",\"datePublished\":\"2023-10-19T14:37:46+00:00\",\"mainEntityOfPage\":{\"@id\":\"https:\\\/\\\/www.laguiadepamplona.com\\\/actualidad\\\/la-asociacion-de-municipios-del-camino-de-santiago-se-suma-a-la-federacion-europea-que-aglutina-a-autoridades-regionales-den-trazado-internacional-de-la-ruta-jacobea\\\/\"},\"wordCount\":495,\"commentCount\":0,\"publisher\":{\"@id\":\"https:\\\/\\\/www.laguiadepamplona.com\\\/actualidad\\\/#organization\"},\"image\":{\"@id\":\"https:\\\/\\\/www.laguiadepamplona.com\\\/actualidad\\\/la-asociacion-de-municipios-del-camino-de-santiago-se-suma-a-la-federacion-europea-que-aglutina-a-autoridades-regionales-den-trazado-internacional-de-la-ruta-jacobea\\\/#primaryimage\"},\"thumbnailUrl\":\"https:\\\/\\\/www.laguiadepamplona.com\\\/actualidad\\\/wp-content\\\/uploads\\\/2023\\\/10\\\/AMCS-Federacion-Polonia1.webp\",\"articleSection\":[\"Ayto Pamplona\"],\"inLanguage\":\"es\",\"potentialAction\":[{\"@type\":\"CommentAction\",\"name\":\"Comment\",\"target\":[\"https:\\\/\\\/www.laguiadepamplona.com\\\/actualidad\\\/la-asociacion-de-municipios-del-camino-de-santiago-se-suma-a-la-federacion-europea-que-aglutina-a-autoridades-regionales-den-trazado-internacional-de-la-ruta-jacobea\\\/#respond\"]}]},{\"@type\":\"WebPage\",\"@id\":\"https:\\\/\\\/www.laguiadepamplona.com\\\/actualidad\\\/la-asociacion-de-municipios-del-camino-de-santiago-se-suma-a-la-federacion-europea-que-aglutina-a-autoridades-regionales-den-trazado-internacional-de-la-ruta-jacobea\\\/\",\"url\":\"https:\\\/\\\/www.laguiadepamplona.com\\\/actualidad\\\/la-asociacion-de-municipios-del-camino-de-santiago-se-suma-a-la-federacion-europea-que-aglutina-a-autoridades-regionales-den-trazado-internacional-de-la-ruta-jacobea\\\/\",\"name\":\"La Asociaci\u00f3n de Municipios del Camino de Santiago se suma a la Federaci\u00f3n Europea que aglutina a autoridades regionales den trazado internacional de la Ruta Jacobea\",\"isPartOf\":{\"@id\":\"https:\\\/\\\/www.laguiadepamplona.com\\\/actualidad\\\/#website\"},\"primaryImageOfPage\":{\"@id\":\"https:\\\/\\\/www.laguiadepamplona.com\\\/actualidad\\\/la-asociacion-de-municipios-del-camino-de-santiago-se-suma-a-la-federacion-europea-que-aglutina-a-autoridades-regionales-den-trazado-internacional-de-la-ruta-jacobea\\\/#primaryimage\"},\"image\":{\"@id\":\"https:\\\/\\\/www.laguiadepamplona.com\\\/actualidad\\\/la-asociacion-de-municipios-del-camino-de-santiago-se-suma-a-la-federacion-europea-que-aglutina-a-autoridades-regionales-den-trazado-internacional-de-la-ruta-jacobea\\\/#primaryimage\"},\"thumbnailUrl\":\"https:\\\/\\\/www.laguiadepamplona.com\\\/actualidad\\\/wp-content\\\/uploads\\\/2023\\\/10\\\/AMCS-Federacion-Polonia1.webp\",\"datePublished\":\"2023-10-19T14:37:46+00:00\",\"description\":\"La firma se ha realizado en Torun, ciudad polaca con la que Pamplona trabaj\u00f3 estrechamente para ser Ciudades Europeas de la Cultura en 2016\",\"breadcrumb\":{\"@id\":\"https:\\\/\\\/www.laguiadepamplona.com\\\/actualidad\\\/la-asociacion-de-municipios-del-camino-de-santiago-se-suma-a-la-federacion-europea-que-aglutina-a-autoridades-regionales-den-trazado-internacional-de-la-ruta-jacobea\\\/#breadcrumb\"},\"inLanguage\":\"es\",\"potentialAction\":[{\"@type\":\"ReadAction\",\"target\":[\"https:\\\/\\\/www.laguiadepamplona.com\\\/actualidad\\\/la-asociacion-de-municipios-del-camino-de-santiago-se-suma-a-la-federacion-europea-que-aglutina-a-autoridades-regionales-den-trazado-internacional-de-la-ruta-jacobea\\\/\"]}]},{\"@type\":\"ImageObject\",\"inLanguage\":\"es\",\"@id\":\"https:\\\/\\\/www.laguiadepamplona.com\\\/actualidad\\\/la-asociacion-de-municipios-del-camino-de-santiago-se-suma-a-la-federacion-europea-que-aglutina-a-autoridades-regionales-den-trazado-internacional-de-la-ruta-jacobea\\\/#primaryimage\",\"url\":\"https:\\\/\\\/www.laguiadepamplona.com\\\/actualidad\\\/wp-content\\\/uploads\\\/2023\\\/10\\\/AMCS-Federacion-Polonia1.webp\",\"contentUrl\":\"https:\\\/\\\/www.laguiadepamplona.com\\\/actualidad\\\/wp-content\\\/uploads\\\/2023\\\/10\\\/AMCS-Federacion-Polonia1.webp\",\"width\":1200,\"height\":800,\"caption\":\"federaci\u00f3n polonia amcs\"},{\"@type\":\"BreadcrumbList\",\"@id\":\"https:\\\/\\\/www.laguiadepamplona.com\\\/actualidad\\\/la-asociacion-de-municipios-del-camino-de-santiago-se-suma-a-la-federacion-europea-que-aglutina-a-autoridades-regionales-den-trazado-internacional-de-la-ruta-jacobea\\\/#breadcrumb\",\"itemListElement\":[{\"@type\":\"ListItem\",\"position\":1,\"name\":\"Portada\",\"item\":\"https:\\\/\\\/www.laguiadepamplona.com\\\/actualidad\\\/\"},{\"@type\":\"ListItem\",\"position\":2,\"name\":\"La Asociaci\u00f3n de Municipios del Camino de Santiago se suma a la Federaci\u00f3n Europea que aglutina a autoridades regionales den trazado internacional de la Ruta Jacobea\"}]},{\"@type\":\"WebSite\",\"@id\":\"https:\\\/\\\/www.laguiadepamplona.com\\\/actualidad\\\/#website\",\"url\":\"https:\\\/\\\/www.laguiadepamplona.com\\\/actualidad\\\/\",\"name\":\"La gu\u00eda de Pamplona\",\"description\":\"Noticias de Pamplona\",\"publisher\":{\"@id\":\"https:\\\/\\\/www.laguiadepamplona.com\\\/actualidad\\\/#organization\"},\"potentialAction\":[{\"@type\":\"SearchAction\",\"target\":{\"@type\":\"EntryPoint\",\"urlTemplate\":\"https:\\\/\\\/www.laguiadepamplona.com\\\/actualidad\\\/?s={search_term_string}\"},\"query-input\":{\"@type\":\"PropertyValueSpecification\",\"valueRequired\":true,\"valueName\":\"search_term_string\"}}],\"inLanguage\":\"es\"},{\"@type\":\"Organization\",\"@id\":\"https:\\\/\\\/www.laguiadepamplona.com\\\/actualidad\\\/#organization\",\"name\":\"La Gu\u00eda de Pamplona \\\/ Noticias\",\"url\":\"https:\\\/\\\/www.laguiadepamplona.com\\\/actualidad\\\/\",\"logo\":{\"@type\":\"ImageObject\",\"inLanguage\":\"es\",\"@id\":\"https:\\\/\\\/www.laguiadepamplona.com\\\/actualidad\\\/#\\\/schema\\\/logo\\\/image\\\/\",\"url\":\"https:\\\/\\\/www.laguiadepamplona.com\\\/actualidad\\\/wp-content\\\/uploads\\\/2018\\\/11\\\/logo-laguiadepamplona18-web1.png\",\"contentUrl\":\"https:\\\/\\\/www.laguiadepamplona.com\\\/actualidad\\\/wp-content\\\/uploads\\\/2018\\\/11\\\/logo-laguiadepamplona18-web1.png\",\"width\":600,\"height\":196,\"caption\":\"La Gu\u00eda de Pamplona \\\/ Noticias\"},\"image\":{\"@id\":\"https:\\\/\\\/www.laguiadepamplona.com\\\/actualidad\\\/#\\\/schema\\\/logo\\\/image\\\/\"},\"sameAs\":[\"https:\\\/\\\/www.facebook.com\\\/laguiadepamplonacom-133175176762273\\\/?ref=hl\",\"https:\\\/\\\/x.com\\\/LaGuiadPamplona\",\"https:\\\/\\\/www.instagram.com\\\/la_guia_de_pamplona\\\/\",\"https:\\\/\\\/www.youtube.com\\\/user\\\/laguiadepamplona\"]},{\"@type\":\"Person\",\"@id\":\"https:\\\/\\\/www.laguiadepamplona.com\\\/actualidad\\\/#\\\/schema\\\/person\\\/efe887376f0213d4657c93adc50b1fdb\",\"name\":\"La Gu\u00eda de Pamplona\",\"image\":{\"@type\":\"ImageObject\",\"inLanguage\":\"es\",\"@id\":\"https:\\\/\\\/secure.gravatar.com\\\/avatar\\\/b6992f131dc8d30ab0dff15446e9d346d9dbd95992de0fef795073f5ea83a81c?s=96&d=mm&r=g\",\"url\":\"https:\\\/\\\/secure.gravatar.com\\\/avatar\\\/b6992f131dc8d30ab0dff15446e9d346d9dbd95992de0fef795073f5ea83a81c?s=96&d=mm&r=g\",\"contentUrl\":\"https:\\\/\\\/secure.gravatar.com\\\/avatar\\\/b6992f131dc8d30ab0dff15446e9d346d9dbd95992de0fef795073f5ea83a81c?s=96&d=mm&r=g\",\"caption\":\"La Gu\u00eda de Pamplona\"}}]}<\/script>\n<!-- \/ Yoast SEO plugin. -->","yoast_head_json":{"title":"La Asociaci\u00f3n de Municipios del Camino de Santiago se suma a la Federaci\u00f3n Europea que aglutina a autoridades regionales den trazado internacional de la Ruta Jacobea","description":"La firma se ha realizado en Torun, ciudad polaca con la que Pamplona trabaj\u00f3 estrechamente para ser Ciudades Europeas de la Cultura en 2016","robots":{"index":"index","follow":"follow","max-snippet":"max-snippet:-1","max-image-preview":"max-image-preview:large","max-video-preview":"max-video-preview:-1"},"canonical":"https:\/\/www.laguiadepamplona.com\/actualidad\/la-asociacion-de-municipios-del-camino-de-santiago-se-suma-a-la-federacion-europea-que-aglutina-a-autoridades-regionales-den-trazado-internacional-de-la-ruta-jacobea\/","og_locale":"es_ES","og_type":"article","og_title":"La Asociaci\u00f3n de Municipios del Camino de Santiago se suma a la Federaci\u00f3n Europea que aglutina a autoridades regionales den trazado internacional de la Ruta Jacobea","og_description":"La firma se ha realizado en Torun, ciudad polaca con la que Pamplona trabaj\u00f3 estrechamente para ser Ciudades Europeas de la Cultura en 2016","og_url":"https:\/\/www.laguiadepamplona.com\/actualidad\/la-asociacion-de-municipios-del-camino-de-santiago-se-suma-a-la-federacion-europea-que-aglutina-a-autoridades-regionales-den-trazado-internacional-de-la-ruta-jacobea\/","og_site_name":"La Gu\u00eda de Pamplona","article_publisher":"https:\/\/www.facebook.com\/laguiadepamplonacom-133175176762273\/?ref=hl","article_published_time":"2023-10-19T14:37:46+00:00","og_image":[{"width":1200,"height":800,"url":"https:\/\/www.laguiadepamplona.com\/actualidad\/wp-content\/uploads\/2023\/10\/AMCS-Federacion-Polonia1.webp","type":"image\/webp"}],"author":"La Gu\u00eda de Pamplona","twitter_card":"summary_large_image","twitter_creator":"@LaGuiadPamplona","twitter_site":"@LaGuiadPamplona","twitter_misc":{"Escrito por":"La Gu\u00eda de Pamplona","Tiempo de lectura":"2 minutos"},"schema":{"@context":"https:\/\/schema.org","@graph":[{"@type":"Article","@id":"https:\/\/www.laguiadepamplona.com\/actualidad\/la-asociacion-de-municipios-del-camino-de-santiago-se-suma-a-la-federacion-europea-que-aglutina-a-autoridades-regionales-den-trazado-internacional-de-la-ruta-jacobea\/#article","isPartOf":{"@id":"https:\/\/www.laguiadepamplona.com\/actualidad\/la-asociacion-de-municipios-del-camino-de-santiago-se-suma-a-la-federacion-europea-que-aglutina-a-autoridades-regionales-den-trazado-internacional-de-la-ruta-jacobea\/"},"author":{"name":"La Gu\u00eda de Pamplona","@id":"https:\/\/www.laguiadepamplona.com\/actualidad\/#\/schema\/person\/efe887376f0213d4657c93adc50b1fdb"},"headline":"La Asociaci\u00f3n de Municipios del Camino de Santiago se suma a la Federaci\u00f3n Europea que aglutina a autoridades regionales den trazado internacional de la Ruta Jacobea","datePublished":"2023-10-19T14:37:46+00:00","mainEntityOfPage":{"@id":"https:\/\/www.laguiadepamplona.com\/actualidad\/la-asociacion-de-municipios-del-camino-de-santiago-se-suma-a-la-federacion-europea-que-aglutina-a-autoridades-regionales-den-trazado-internacional-de-la-ruta-jacobea\/"},"wordCount":495,"commentCount":0,"publisher":{"@id":"https:\/\/www.laguiadepamplona.com\/actualidad\/#organization"},"image":{"@id":"https:\/\/www.laguiadepamplona.com\/actualidad\/la-asociacion-de-municipios-del-camino-de-santiago-se-suma-a-la-federacion-europea-que-aglutina-a-autoridades-regionales-den-trazado-internacional-de-la-ruta-jacobea\/#primaryimage"},"thumbnailUrl":"https:\/\/www.laguiadepamplona.com\/actualidad\/wp-content\/uploads\/2023\/10\/AMCS-Federacion-Polonia1.webp","articleSection":["Ayto Pamplona"],"inLanguage":"es","potentialAction":[{"@type":"CommentAction","name":"Comment","target":["https:\/\/www.laguiadepamplona.com\/actualidad\/la-asociacion-de-municipios-del-camino-de-santiago-se-suma-a-la-federacion-europea-que-aglutina-a-autoridades-regionales-den-trazado-internacional-de-la-ruta-jacobea\/#respond"]}]},{"@type":"WebPage","@id":"https:\/\/www.laguiadepamplona.com\/actualidad\/la-asociacion-de-municipios-del-camino-de-santiago-se-suma-a-la-federacion-europea-que-aglutina-a-autoridades-regionales-den-trazado-internacional-de-la-ruta-jacobea\/","url":"https:\/\/www.laguiadepamplona.com\/actualidad\/la-asociacion-de-municipios-del-camino-de-santiago-se-suma-a-la-federacion-europea-que-aglutina-a-autoridades-regionales-den-trazado-internacional-de-la-ruta-jacobea\/","name":"La Asociaci\u00f3n de Municipios del Camino de Santiago se suma a la Federaci\u00f3n Europea que aglutina a autoridades regionales den trazado internacional de la Ruta Jacobea","isPartOf":{"@id":"https:\/\/www.laguiadepamplona.com\/actualidad\/#website"},"primaryImageOfPage":{"@id":"https:\/\/www.laguiadepamplona.com\/actualidad\/la-asociacion-de-municipios-del-camino-de-santiago-se-suma-a-la-federacion-europea-que-aglutina-a-autoridades-regionales-den-trazado-internacional-de-la-ruta-jacobea\/#primaryimage"},"image":{"@id":"https:\/\/www.laguiadepamplona.com\/actualidad\/la-asociacion-de-municipios-del-camino-de-santiago-se-suma-a-la-federacion-europea-que-aglutina-a-autoridades-regionales-den-trazado-internacional-de-la-ruta-jacobea\/#primaryimage"},"thumbnailUrl":"https:\/\/www.laguiadepamplona.com\/actualidad\/wp-content\/uploads\/2023\/10\/AMCS-Federacion-Polonia1.webp","datePublished":"2023-10-19T14:37:46+00:00","description":"La firma se ha realizado en Torun, ciudad polaca con la que Pamplona trabaj\u00f3 estrechamente para ser Ciudades Europeas de la Cultura en 2016","breadcrumb":{"@id":"https:\/\/www.laguiadepamplona.com\/actualidad\/la-asociacion-de-municipios-del-camino-de-santiago-se-suma-a-la-federacion-europea-que-aglutina-a-autoridades-regionales-den-trazado-internacional-de-la-ruta-jacobea\/#breadcrumb"},"inLanguage":"es","potentialAction":[{"@type":"ReadAction","target":["https:\/\/www.laguiadepamplona.com\/actualidad\/la-asociacion-de-municipios-del-camino-de-santiago-se-suma-a-la-federacion-europea-que-aglutina-a-autoridades-regionales-den-trazado-internacional-de-la-ruta-jacobea\/"]}]},{"@type":"ImageObject","inLanguage":"es","@id":"https:\/\/www.laguiadepamplona.com\/actualidad\/la-asociacion-de-municipios-del-camino-de-santiago-se-suma-a-la-federacion-europea-que-aglutina-a-autoridades-regionales-den-trazado-internacional-de-la-ruta-jacobea\/#primaryimage","url":"https:\/\/www.laguiadepamplona.com\/actualidad\/wp-content\/uploads\/2023\/10\/AMCS-Federacion-Polonia1.webp","contentUrl":"https:\/\/www.laguiadepamplona.com\/actualidad\/wp-content\/uploads\/2023\/10\/AMCS-Federacion-Polonia1.webp","width":1200,"height":800,"caption":"federaci\u00f3n polonia amcs"},{"@type":"BreadcrumbList","@id":"https:\/\/www.laguiadepamplona.com\/actualidad\/la-asociacion-de-municipios-del-camino-de-santiago-se-suma-a-la-federacion-europea-que-aglutina-a-autoridades-regionales-den-trazado-internacional-de-la-ruta-jacobea\/#breadcrumb","itemListElement":[{"@type":"ListItem","position":1,"name":"Portada","item":"https:\/\/www.laguiadepamplona.com\/actualidad\/"},{"@type":"ListItem","position":2,"name":"La Asociaci\u00f3n de Municipios del Camino de Santiago se suma a la Federaci\u00f3n Europea que aglutina a autoridades regionales den trazado internacional de la Ruta Jacobea"}]},{"@type":"WebSite","@id":"https:\/\/www.laguiadepamplona.com\/actualidad\/#website","url":"https:\/\/www.laguiadepamplona.com\/actualidad\/","name":"La gu\u00eda de Pamplona","description":"Noticias de Pamplona","publisher":{"@id":"https:\/\/www.laguiadepamplona.com\/actualidad\/#organization"},"potentialAction":[{"@type":"SearchAction","target":{"@type":"EntryPoint","urlTemplate":"https:\/\/www.laguiadepamplona.com\/actualidad\/?s={search_term_string}"},"query-input":{"@type":"PropertyValueSpecification","valueRequired":true,"valueName":"search_term_string"}}],"inLanguage":"es"},{"@type":"Organization","@id":"https:\/\/www.laguiadepamplona.com\/actualidad\/#organization","name":"La Gu\u00eda de Pamplona \/ Noticias","url":"https:\/\/www.laguiadepamplona.com\/actualidad\/","logo":{"@type":"ImageObject","inLanguage":"es","@id":"https:\/\/www.laguiadepamplona.com\/actualidad\/#\/schema\/logo\/image\/","url":"https:\/\/www.laguiadepamplona.com\/actualidad\/wp-content\/uploads\/2018\/11\/logo-laguiadepamplona18-web1.png","contentUrl":"https:\/\/www.laguiadepamplona.com\/actualidad\/wp-content\/uploads\/2018\/11\/logo-laguiadepamplona18-web1.png","width":600,"height":196,"caption":"La Gu\u00eda de Pamplona \/ Noticias"},"image":{"@id":"https:\/\/www.laguiadepamplona.com\/actualidad\/#\/schema\/logo\/image\/"},"sameAs":["https:\/\/www.facebook.com\/laguiadepamplonacom-133175176762273\/?ref=hl","https:\/\/x.com\/LaGuiadPamplona","https:\/\/www.instagram.com\/la_guia_de_pamplona\/","https:\/\/www.youtube.com\/user\/laguiadepamplona"]},{"@type":"Person","@id":"https:\/\/www.laguiadepamplona.com\/actualidad\/#\/schema\/person\/efe887376f0213d4657c93adc50b1fdb","name":"La Gu\u00eda de Pamplona","image":{"@type":"ImageObject","inLanguage":"es","@id":"https:\/\/secure.gravatar.com\/avatar\/b6992f131dc8d30ab0dff15446e9d346d9dbd95992de0fef795073f5ea83a81c?s=96&d=mm&r=g","url":"https:\/\/secure.gravatar.com\/avatar\/b6992f131dc8d30ab0dff15446e9d346d9dbd95992de0fef795073f5ea83a81c?s=96&d=mm&r=g","contentUrl":"https:\/\/secure.gravatar.com\/avatar\/b6992f131dc8d30ab0dff15446e9d346d9dbd95992de0fef795073f5ea83a81c?s=96&d=mm&r=g","caption":"La Gu\u00eda de Pamplona"}}]}},"post_mailing_queue_ids":[],"_links":{"self":[{"href":"https:\/\/www.laguiadepamplona.com\/actualidad\/wp-json\/wp\/v2\/posts\/47635","targetHints":{"allow":["GET"]}}],"collection":[{"href":"https:\/\/www.laguiadepamplona.com\/actualidad\/wp-json\/wp\/v2\/posts"}],"about":[{"href":"https:\/\/www.laguiadepamplona.com\/actualidad\/wp-json\/wp\/v2\/types\/post"}],"author":[{"embeddable":true,"href":"https:\/\/www.laguiadepamplona.com\/actualidad\/wp-json\/wp\/v2\/users\/1"}],"replies":[{"embeddable":true,"href":"https:\/\/www.laguiadepamplona.com\/actualidad\/wp-json\/wp\/v2\/comments?post=47635"}],"version-history":[{"count":1,"href":"https:\/\/www.laguiadepamplona.com\/actualidad\/wp-json\/wp\/v2\/posts\/47635\/revisions"}],"predecessor-version":[{"id":47637,"href":"https:\/\/www.laguiadepamplona.com\/actualidad\/wp-json\/wp\/v2\/posts\/47635\/revisions\/47637"}],"wp:featuredmedia":[{"embeddable":true,"href":"https:\/\/www.laguiadepamplona.com\/actualidad\/wp-json\/wp\/v2\/media\/47636"}],"wp:attachment":[{"href":"https:\/\/www.laguiadepamplona.com\/actualidad\/wp-json\/wp\/v2\/media?parent=47635"}],"wp:term":[{"taxonomy":"category","embeddable":true,"href":"https:\/\/www.laguiadepamplona.com\/actualidad\/wp-json\/wp\/v2\/categories?post=47635"},{"taxonomy":"post_tag","embeddable":true,"href":"https:\/\/www.laguiadepamplona.com\/actualidad\/wp-json\/wp\/v2\/tags?post=47635"}],"curies":[{"name":"wp","href":"https:\/\/api.w.org\/{rel}","templated":true}]}}