{"id":47632,"date":"2023-10-19T16:34:54","date_gmt":"2023-10-19T14:34:54","guid":{"rendered":"https:\/\/www.laguiadepamplona.com\/actualidad\/?p=47632"},"modified":"2023-10-19T16:34:54","modified_gmt":"2023-10-19T14:34:54","slug":"los-apartamentos-municipales-para-mayores-contaran-con-una-trabajadora-familiar-para-realizar-labores-de-acompanamiento-mediacion-y-asesoramiento-a-residentes","status":"publish","type":"post","link":"https:\/\/www.laguiadepamplona.com\/actualidad\/los-apartamentos-municipales-para-mayores-contaran-con-una-trabajadora-familiar-para-realizar-labores-de-acompanamiento-mediacion-y-asesoramiento-a-residentes\/","title":{"rendered":"Los apartamentos municipales para mayores contar\u00e1n con una trabajadora familiar para realizar labores de acompa\u00f1amiento, mediaci\u00f3n y asesoramiento a residentes"},"content":{"rendered":"<h3>La medida ha arrancado de forma piloto en los apartamentos de Iturrama y cuenta con un gran respaldo de las personas usuarias<\/h3>\n<p><!--more--><\/p>\n<p>El Ayuntamiento de Pamplona implantar\u00e1 la figura de trabajadora familiar en los apartamentos municipales para mayores de 65 a\u00f1os para realizar labores de acompa\u00f1amiento, mediaci\u00f3n y asesoramiento a las personas residentes. El objetivo es que esta figura sea realidad a corto plazo, y que sea ocupada por personal del Servicio de Atenci\u00f3n a Domicilio (SAD). Por de pronto, los apartamentos que el Consistorio tiene en el barrio de Iturrama han participado en una experiencia piloto durante cuatro meses. En este tiempo, las personas usuarias han valorado de forma positiva la labor de acompa\u00f1amiento y seguimiento de la trabajadora familiar.<br \/>\n<script async src=\"\/\/pagead2.googlesyndication.com\/pagead\/js\/adsbygoogle.js\"><\/script><br \/>\n<!-- Noticias La Guia de Pamplona --><br \/>\n<ins class=\"adsbygoogle\"\nstyle=\"display:block\"\ndata-ad-client=\"ca-pub-6943679897239327\"\ndata-ad-slot=\"7048180777\"\ndata-ad-format=\"auto\"><\/ins><br \/>\n<script>\n(adsbygoogle = window.adsbygoogle || []).push({});\n<\/script><\/p>\n<p>Este nuevo servicio conf\u00eda en mejorar la calidad de vida de las personas usuarias, mayores de 65 a\u00f1os con capacidad para valerse por s\u00ed mismas. De hecho, la labor de la trabajadora social no es asistencial, en este caso, sino que est\u00e1 enfocada a cubrir otra serie de demandas, como detectar y escuchar las necesidades de los usuarios, ofrecerles acompa\u00f1amiento, buscar herramientas para mejorar la convivencia, detectar situaciones de conflicto o estimular v\u00ednculos familiares y sociales. Tambi\u00e9n trata de combatir situaciones de aislamiento y soledad.<\/p>\n<p>En esta experiencia piloto en los apartamentos de Iturrama, la trabajadora familiar acud\u00eda a las instalaciones presencialmente todos los d\u00edas, un hecho valorado como positivo por las personas usuarias. Adem\u00e1s de escuchar sus problemas y necesidades, en este tiempo ha realizado otras tareas como el acompa\u00f1amiento a m\u00e9dicos y otras gestiones. Adem\u00e1s, ha servido de interlocuci\u00f3n con el propio Ayuntamiento, a la hora de trasladar las demandas y propuestas de mejorar de las personas residentes.<br \/>\n<script async src=\"\/\/pagead2.googlesyndication.com\/pagead\/js\/adsbygoogle.js\"><\/script><br \/>\n<!-- Noticias La Guia de Pamplona --><br \/>\n<ins class=\"adsbygoogle\"\nstyle=\"display:block\"\ndata-ad-client=\"ca-pub-6943679897239327\"\ndata-ad-slot=\"7048180777\"\ndata-ad-format=\"auto\"><\/ins><br \/>\n<script>\n(adsbygoogle = window.adsbygoogle || []).push({});\n<\/script><\/p>\n<p><strong>Figura necesaria<\/strong><\/p>\n<p>Tras cuatro meses de convivencia con la trabajadora familiar, la valoraci\u00f3n general de las personas usuarias en torno a su labor es positiva. De los 42 residentes del inmueble de Iturrama, 25 contestaron a una encuesta girada por el Ayuntamiento para conocer su opini\u00f3n al respecto. El 80% considera esta figura muy necesaria y necesaria. Entrando al detalle de actuaciones de la trabajadora familiar, ocho de cada diez residentes ha resaltado que ha escuchado las necesidades de los apartamentos y sus problemas y preocupaciones personales. Adem\u00e1s, un 68% reconoce sentirse m\u00e1s seguro y tranquilo con la trabajadora familiar, ya que puede recurrir a ella si necesita algo. Asimismo, seis de cada diez reconocen que les ha informado y animado a participar en actividades que puedan realizarse en el barrio.<\/p>\n<p>Tambi\u00e9n la medida ha sido bien recibida en el \u00e1mbito sanitario, ya que entre sus funciones est\u00e1 el acompa\u00f1amiento a consultas m\u00e9dicas, sobre todo, en casos sociofamiliares complejos, con pacientes pluripatol\u00f3gicos y que, en ocasiones, presentan deterioro cognitivo.<br \/>\n<script async src=\"\/\/pagead2.googlesyndication.com\/pagead\/js\/adsbygoogle.js\"><\/script><br \/>\n<!-- Noticias La Guia de Pamplona --><br \/>\n<ins class=\"adsbygoogle\"\nstyle=\"display:block\"\ndata-ad-client=\"ca-pub-6943679897239327\"\ndata-ad-slot=\"7048180777\"\ndata-ad-format=\"auto\"><\/ins><br \/>\n<script>\n(adsbygoogle = window.adsbygoogle || []).push({});\n<\/script><\/p>\n<p>El Ayuntamiento de Pamplona dispone en la actualidad de 144 apartamentos municipales ubicados en distintos barrios de la ciudad, como el Casco Antiguo, Iturrama, Milagrosa, Rochapea y San Juan. Dado que existen apartamentos individuales y dobles, en total residen en 153 personas.<\/p>\n<p>Los apartamentos municipales est\u00e1n destinados a personas mayores de 65 a\u00f1os con una buena capacidad para valerse por s\u00ed mismas, que no tengan vivienda o presentan graves dificultades para seguir viviendo en su domicilio habitual, por ejemplo, por deficiencias de habitabilidad o por haber sido desahuciados. Se conciben como un servicio residencial de alojamiento sin servicios a\u00f1adidos y sin barreras arquitect\u00f3nicas. Pueden utilizarse de manera individual o en pareja y disponen de unos servicios m\u00ednimos comunes que son de uso voluntario.<\/p>\n<p>Con la creaci\u00f3n de esta figura de trabajadora social, que se quiere extender a todos los apartamentos municipales, se pretende dotar a las personas residentes de una mayor seguridad y tranquilidad en el d\u00eda a d\u00eda, al contar con una persona que les brida apoyo y asesoramiento. Se trata de una persona con la que hablar y que ofrece apoyo emocional ente problemas personales o colectivos.<\/p>\n","protected":false},"excerpt":{"rendered":"<p>La medida ha arrancado de forma piloto en los apartamentos de Iturrama y cuenta con un gran respaldo de las personas usuarias<\/p>\n","protected":false},"author":1,"featured_media":47633,"comment_status":"open","ping_status":"closed","sticky":false,"template":"","format":"standard","meta":{"footnotes":""},"categories":[2],"tags":[],"class_list":["post-47632","post","type-post","status-publish","format-standard","has-post-thumbnail","hentry","category-ayuntamiento-pamplona"],"yoast_head":"<!-- This site is optimized with the Yoast SEO plugin v27.3 - https:\/\/yoast.com\/product\/yoast-seo-wordpress\/ -->\n<title>Los apartamentos municipales para mayores contar\u00e1n con una trabajadora familiar para realizar labores de acompa\u00f1amiento, mediaci\u00f3n y asesoramiento a residentes<\/title>\n<meta name=\"description\" content=\"La medida ha arrancado de forma piloto en los apartamentos de Iturrama y cuenta con un gran respaldo de las personas usuarias\" \/>\n<meta name=\"robots\" content=\"index, follow, max-snippet:-1, max-image-preview:large, max-video-preview:-1\" \/>\n<link rel=\"canonical\" href=\"https:\/\/www.laguiadepamplona.com\/actualidad\/los-apartamentos-municipales-para-mayores-contaran-con-una-trabajadora-familiar-para-realizar-labores-de-acompanamiento-mediacion-y-asesoramiento-a-residentes\/\" \/>\n<meta property=\"og:locale\" content=\"es_ES\" \/>\n<meta property=\"og:type\" content=\"article\" \/>\n<meta property=\"og:title\" content=\"Los apartamentos municipales para mayores contar\u00e1n con una trabajadora familiar para realizar labores de acompa\u00f1amiento, mediaci\u00f3n y asesoramiento a residentes\" \/>\n<meta property=\"og:description\" content=\"La medida ha arrancado de forma piloto en los apartamentos de Iturrama y cuenta con un gran respaldo de las personas usuarias\" \/>\n<meta property=\"og:url\" content=\"https:\/\/www.laguiadepamplona.com\/actualidad\/los-apartamentos-municipales-para-mayores-contaran-con-una-trabajadora-familiar-para-realizar-labores-de-acompanamiento-mediacion-y-asesoramiento-a-residentes\/\" \/>\n<meta property=\"og:site_name\" content=\"La Gu\u00eda de Pamplona\" \/>\n<meta property=\"article:publisher\" content=\"https:\/\/www.facebook.com\/laguiadepamplonacom-133175176762273\/?ref=hl\" \/>\n<meta property=\"article:published_time\" content=\"2023-10-19T14:34:54+00:00\" \/>\n<meta property=\"og:image\" content=\"https:\/\/www.laguiadepamplona.com\/actualidad\/wp-content\/uploads\/2023\/10\/Apartamentos-tutelados-txoko-berri_0.webp\" \/>\n\t<meta property=\"og:image:width\" content=\"1200\" \/>\n\t<meta property=\"og:image:height\" content=\"675\" \/>\n\t<meta property=\"og:image:type\" content=\"image\/webp\" \/>\n<meta name=\"author\" content=\"La Gu\u00eda de Pamplona\" \/>\n<meta name=\"twitter:card\" content=\"summary_large_image\" \/>\n<meta name=\"twitter:creator\" content=\"@LaGuiadPamplona\" \/>\n<meta name=\"twitter:site\" content=\"@LaGuiadPamplona\" \/>\n<meta name=\"twitter:label1\" content=\"Escrito por\" \/>\n\t<meta name=\"twitter:data1\" content=\"La Gu\u00eda de Pamplona\" \/>\n\t<meta name=\"twitter:label2\" content=\"Tiempo de lectura\" \/>\n\t<meta name=\"twitter:data2\" content=\"3 minutos\" \/>\n<script type=\"application\/ld+json\" class=\"yoast-schema-graph\">{\"@context\":\"https:\\\/\\\/schema.org\",\"@graph\":[{\"@type\":\"Article\",\"@id\":\"https:\\\/\\\/www.laguiadepamplona.com\\\/actualidad\\\/los-apartamentos-municipales-para-mayores-contaran-con-una-trabajadora-familiar-para-realizar-labores-de-acompanamiento-mediacion-y-asesoramiento-a-residentes\\\/#article\",\"isPartOf\":{\"@id\":\"https:\\\/\\\/www.laguiadepamplona.com\\\/actualidad\\\/los-apartamentos-municipales-para-mayores-contaran-con-una-trabajadora-familiar-para-realizar-labores-de-acompanamiento-mediacion-y-asesoramiento-a-residentes\\\/\"},\"author\":{\"name\":\"La Gu\u00eda de Pamplona\",\"@id\":\"https:\\\/\\\/www.laguiadepamplona.com\\\/actualidad\\\/#\\\/schema\\\/person\\\/efe887376f0213d4657c93adc50b1fdb\"},\"headline\":\"Los apartamentos municipales para mayores contar\u00e1n con una trabajadora familiar para realizar labores de acompa\u00f1amiento, mediaci\u00f3n y asesoramiento a residentes\",\"datePublished\":\"2023-10-19T14:34:54+00:00\",\"mainEntityOfPage\":{\"@id\":\"https:\\\/\\\/www.laguiadepamplona.com\\\/actualidad\\\/los-apartamentos-municipales-para-mayores-contaran-con-una-trabajadora-familiar-para-realizar-labores-de-acompanamiento-mediacion-y-asesoramiento-a-residentes\\\/\"},\"wordCount\":686,\"commentCount\":0,\"publisher\":{\"@id\":\"https:\\\/\\\/www.laguiadepamplona.com\\\/actualidad\\\/#organization\"},\"image\":{\"@id\":\"https:\\\/\\\/www.laguiadepamplona.com\\\/actualidad\\\/los-apartamentos-municipales-para-mayores-contaran-con-una-trabajadora-familiar-para-realizar-labores-de-acompanamiento-mediacion-y-asesoramiento-a-residentes\\\/#primaryimage\"},\"thumbnailUrl\":\"https:\\\/\\\/www.laguiadepamplona.com\\\/actualidad\\\/wp-content\\\/uploads\\\/2023\\\/10\\\/Apartamentos-tutelados-txoko-berri_0.webp\",\"articleSection\":[\"Ayto Pamplona\"],\"inLanguage\":\"es\",\"potentialAction\":[{\"@type\":\"CommentAction\",\"name\":\"Comment\",\"target\":[\"https:\\\/\\\/www.laguiadepamplona.com\\\/actualidad\\\/los-apartamentos-municipales-para-mayores-contaran-con-una-trabajadora-familiar-para-realizar-labores-de-acompanamiento-mediacion-y-asesoramiento-a-residentes\\\/#respond\"]}]},{\"@type\":\"WebPage\",\"@id\":\"https:\\\/\\\/www.laguiadepamplona.com\\\/actualidad\\\/los-apartamentos-municipales-para-mayores-contaran-con-una-trabajadora-familiar-para-realizar-labores-de-acompanamiento-mediacion-y-asesoramiento-a-residentes\\\/\",\"url\":\"https:\\\/\\\/www.laguiadepamplona.com\\\/actualidad\\\/los-apartamentos-municipales-para-mayores-contaran-con-una-trabajadora-familiar-para-realizar-labores-de-acompanamiento-mediacion-y-asesoramiento-a-residentes\\\/\",\"name\":\"Los apartamentos municipales para mayores contar\u00e1n con una trabajadora familiar para realizar labores de acompa\u00f1amiento, mediaci\u00f3n y asesoramiento a residentes\",\"isPartOf\":{\"@id\":\"https:\\\/\\\/www.laguiadepamplona.com\\\/actualidad\\\/#website\"},\"primaryImageOfPage\":{\"@id\":\"https:\\\/\\\/www.laguiadepamplona.com\\\/actualidad\\\/los-apartamentos-municipales-para-mayores-contaran-con-una-trabajadora-familiar-para-realizar-labores-de-acompanamiento-mediacion-y-asesoramiento-a-residentes\\\/#primaryimage\"},\"image\":{\"@id\":\"https:\\\/\\\/www.laguiadepamplona.com\\\/actualidad\\\/los-apartamentos-municipales-para-mayores-contaran-con-una-trabajadora-familiar-para-realizar-labores-de-acompanamiento-mediacion-y-asesoramiento-a-residentes\\\/#primaryimage\"},\"thumbnailUrl\":\"https:\\\/\\\/www.laguiadepamplona.com\\\/actualidad\\\/wp-content\\\/uploads\\\/2023\\\/10\\\/Apartamentos-tutelados-txoko-berri_0.webp\",\"datePublished\":\"2023-10-19T14:34:54+00:00\",\"description\":\"La medida ha arrancado de forma piloto en los apartamentos de Iturrama y cuenta con un gran respaldo de las personas usuarias\",\"breadcrumb\":{\"@id\":\"https:\\\/\\\/www.laguiadepamplona.com\\\/actualidad\\\/los-apartamentos-municipales-para-mayores-contaran-con-una-trabajadora-familiar-para-realizar-labores-de-acompanamiento-mediacion-y-asesoramiento-a-residentes\\\/#breadcrumb\"},\"inLanguage\":\"es\",\"potentialAction\":[{\"@type\":\"ReadAction\",\"target\":[\"https:\\\/\\\/www.laguiadepamplona.com\\\/actualidad\\\/los-apartamentos-municipales-para-mayores-contaran-con-una-trabajadora-familiar-para-realizar-labores-de-acompanamiento-mediacion-y-asesoramiento-a-residentes\\\/\"]}]},{\"@type\":\"ImageObject\",\"inLanguage\":\"es\",\"@id\":\"https:\\\/\\\/www.laguiadepamplona.com\\\/actualidad\\\/los-apartamentos-municipales-para-mayores-contaran-con-una-trabajadora-familiar-para-realizar-labores-de-acompanamiento-mediacion-y-asesoramiento-a-residentes\\\/#primaryimage\",\"url\":\"https:\\\/\\\/www.laguiadepamplona.com\\\/actualidad\\\/wp-content\\\/uploads\\\/2023\\\/10\\\/Apartamentos-tutelados-txoko-berri_0.webp\",\"contentUrl\":\"https:\\\/\\\/www.laguiadepamplona.com\\\/actualidad\\\/wp-content\\\/uploads\\\/2023\\\/10\\\/Apartamentos-tutelados-txoko-berri_0.webp\",\"width\":1200,\"height\":675,\"caption\":\"apartamentos tutelados mayores\"},{\"@type\":\"BreadcrumbList\",\"@id\":\"https:\\\/\\\/www.laguiadepamplona.com\\\/actualidad\\\/los-apartamentos-municipales-para-mayores-contaran-con-una-trabajadora-familiar-para-realizar-labores-de-acompanamiento-mediacion-y-asesoramiento-a-residentes\\\/#breadcrumb\",\"itemListElement\":[{\"@type\":\"ListItem\",\"position\":1,\"name\":\"Portada\",\"item\":\"https:\\\/\\\/www.laguiadepamplona.com\\\/actualidad\\\/\"},{\"@type\":\"ListItem\",\"position\":2,\"name\":\"Los apartamentos municipales para mayores contar\u00e1n con una trabajadora familiar para realizar labores de acompa\u00f1amiento, mediaci\u00f3n y asesoramiento a residentes\"}]},{\"@type\":\"WebSite\",\"@id\":\"https:\\\/\\\/www.laguiadepamplona.com\\\/actualidad\\\/#website\",\"url\":\"https:\\\/\\\/www.laguiadepamplona.com\\\/actualidad\\\/\",\"name\":\"La gu\u00eda de Pamplona\",\"description\":\"Noticias de Pamplona\",\"publisher\":{\"@id\":\"https:\\\/\\\/www.laguiadepamplona.com\\\/actualidad\\\/#organization\"},\"potentialAction\":[{\"@type\":\"SearchAction\",\"target\":{\"@type\":\"EntryPoint\",\"urlTemplate\":\"https:\\\/\\\/www.laguiadepamplona.com\\\/actualidad\\\/?s={search_term_string}\"},\"query-input\":{\"@type\":\"PropertyValueSpecification\",\"valueRequired\":true,\"valueName\":\"search_term_string\"}}],\"inLanguage\":\"es\"},{\"@type\":\"Organization\",\"@id\":\"https:\\\/\\\/www.laguiadepamplona.com\\\/actualidad\\\/#organization\",\"name\":\"La Gu\u00eda de Pamplona \\\/ Noticias\",\"url\":\"https:\\\/\\\/www.laguiadepamplona.com\\\/actualidad\\\/\",\"logo\":{\"@type\":\"ImageObject\",\"inLanguage\":\"es\",\"@id\":\"https:\\\/\\\/www.laguiadepamplona.com\\\/actualidad\\\/#\\\/schema\\\/logo\\\/image\\\/\",\"url\":\"https:\\\/\\\/www.laguiadepamplona.com\\\/actualidad\\\/wp-content\\\/uploads\\\/2018\\\/11\\\/logo-laguiadepamplona18-web1.png\",\"contentUrl\":\"https:\\\/\\\/www.laguiadepamplona.com\\\/actualidad\\\/wp-content\\\/uploads\\\/2018\\\/11\\\/logo-laguiadepamplona18-web1.png\",\"width\":600,\"height\":196,\"caption\":\"La Gu\u00eda de Pamplona \\\/ Noticias\"},\"image\":{\"@id\":\"https:\\\/\\\/www.laguiadepamplona.com\\\/actualidad\\\/#\\\/schema\\\/logo\\\/image\\\/\"},\"sameAs\":[\"https:\\\/\\\/www.facebook.com\\\/laguiadepamplonacom-133175176762273\\\/?ref=hl\",\"https:\\\/\\\/x.com\\\/LaGuiadPamplona\",\"https:\\\/\\\/www.instagram.com\\\/la_guia_de_pamplona\\\/\",\"https:\\\/\\\/www.youtube.com\\\/user\\\/laguiadepamplona\"]},{\"@type\":\"Person\",\"@id\":\"https:\\\/\\\/www.laguiadepamplona.com\\\/actualidad\\\/#\\\/schema\\\/person\\\/efe887376f0213d4657c93adc50b1fdb\",\"name\":\"La Gu\u00eda de Pamplona\",\"image\":{\"@type\":\"ImageObject\",\"inLanguage\":\"es\",\"@id\":\"https:\\\/\\\/secure.gravatar.com\\\/avatar\\\/b6992f131dc8d30ab0dff15446e9d346d9dbd95992de0fef795073f5ea83a81c?s=96&d=mm&r=g\",\"url\":\"https:\\\/\\\/secure.gravatar.com\\\/avatar\\\/b6992f131dc8d30ab0dff15446e9d346d9dbd95992de0fef795073f5ea83a81c?s=96&d=mm&r=g\",\"contentUrl\":\"https:\\\/\\\/secure.gravatar.com\\\/avatar\\\/b6992f131dc8d30ab0dff15446e9d346d9dbd95992de0fef795073f5ea83a81c?s=96&d=mm&r=g\",\"caption\":\"La Gu\u00eda de Pamplona\"}}]}<\/script>\n<!-- \/ Yoast SEO plugin. -->","yoast_head_json":{"title":"Los apartamentos municipales para mayores contar\u00e1n con una trabajadora familiar para realizar labores de acompa\u00f1amiento, mediaci\u00f3n y asesoramiento a residentes","description":"La medida ha arrancado de forma piloto en los apartamentos de Iturrama y cuenta con un gran respaldo de las personas usuarias","robots":{"index":"index","follow":"follow","max-snippet":"max-snippet:-1","max-image-preview":"max-image-preview:large","max-video-preview":"max-video-preview:-1"},"canonical":"https:\/\/www.laguiadepamplona.com\/actualidad\/los-apartamentos-municipales-para-mayores-contaran-con-una-trabajadora-familiar-para-realizar-labores-de-acompanamiento-mediacion-y-asesoramiento-a-residentes\/","og_locale":"es_ES","og_type":"article","og_title":"Los apartamentos municipales para mayores contar\u00e1n con una trabajadora familiar para realizar labores de acompa\u00f1amiento, mediaci\u00f3n y asesoramiento a residentes","og_description":"La medida ha arrancado de forma piloto en los apartamentos de Iturrama y cuenta con un gran respaldo de las personas usuarias","og_url":"https:\/\/www.laguiadepamplona.com\/actualidad\/los-apartamentos-municipales-para-mayores-contaran-con-una-trabajadora-familiar-para-realizar-labores-de-acompanamiento-mediacion-y-asesoramiento-a-residentes\/","og_site_name":"La Gu\u00eda de Pamplona","article_publisher":"https:\/\/www.facebook.com\/laguiadepamplonacom-133175176762273\/?ref=hl","article_published_time":"2023-10-19T14:34:54+00:00","og_image":[{"width":1200,"height":675,"url":"https:\/\/www.laguiadepamplona.com\/actualidad\/wp-content\/uploads\/2023\/10\/Apartamentos-tutelados-txoko-berri_0.webp","type":"image\/webp"}],"author":"La Gu\u00eda de Pamplona","twitter_card":"summary_large_image","twitter_creator":"@LaGuiadPamplona","twitter_site":"@LaGuiadPamplona","twitter_misc":{"Escrito por":"La Gu\u00eda de Pamplona","Tiempo de lectura":"3 minutos"},"schema":{"@context":"https:\/\/schema.org","@graph":[{"@type":"Article","@id":"https:\/\/www.laguiadepamplona.com\/actualidad\/los-apartamentos-municipales-para-mayores-contaran-con-una-trabajadora-familiar-para-realizar-labores-de-acompanamiento-mediacion-y-asesoramiento-a-residentes\/#article","isPartOf":{"@id":"https:\/\/www.laguiadepamplona.com\/actualidad\/los-apartamentos-municipales-para-mayores-contaran-con-una-trabajadora-familiar-para-realizar-labores-de-acompanamiento-mediacion-y-asesoramiento-a-residentes\/"},"author":{"name":"La Gu\u00eda de Pamplona","@id":"https:\/\/www.laguiadepamplona.com\/actualidad\/#\/schema\/person\/efe887376f0213d4657c93adc50b1fdb"},"headline":"Los apartamentos municipales para mayores contar\u00e1n con una trabajadora familiar para realizar labores de acompa\u00f1amiento, mediaci\u00f3n y asesoramiento a residentes","datePublished":"2023-10-19T14:34:54+00:00","mainEntityOfPage":{"@id":"https:\/\/www.laguiadepamplona.com\/actualidad\/los-apartamentos-municipales-para-mayores-contaran-con-una-trabajadora-familiar-para-realizar-labores-de-acompanamiento-mediacion-y-asesoramiento-a-residentes\/"},"wordCount":686,"commentCount":0,"publisher":{"@id":"https:\/\/www.laguiadepamplona.com\/actualidad\/#organization"},"image":{"@id":"https:\/\/www.laguiadepamplona.com\/actualidad\/los-apartamentos-municipales-para-mayores-contaran-con-una-trabajadora-familiar-para-realizar-labores-de-acompanamiento-mediacion-y-asesoramiento-a-residentes\/#primaryimage"},"thumbnailUrl":"https:\/\/www.laguiadepamplona.com\/actualidad\/wp-content\/uploads\/2023\/10\/Apartamentos-tutelados-txoko-berri_0.webp","articleSection":["Ayto Pamplona"],"inLanguage":"es","potentialAction":[{"@type":"CommentAction","name":"Comment","target":["https:\/\/www.laguiadepamplona.com\/actualidad\/los-apartamentos-municipales-para-mayores-contaran-con-una-trabajadora-familiar-para-realizar-labores-de-acompanamiento-mediacion-y-asesoramiento-a-residentes\/#respond"]}]},{"@type":"WebPage","@id":"https:\/\/www.laguiadepamplona.com\/actualidad\/los-apartamentos-municipales-para-mayores-contaran-con-una-trabajadora-familiar-para-realizar-labores-de-acompanamiento-mediacion-y-asesoramiento-a-residentes\/","url":"https:\/\/www.laguiadepamplona.com\/actualidad\/los-apartamentos-municipales-para-mayores-contaran-con-una-trabajadora-familiar-para-realizar-labores-de-acompanamiento-mediacion-y-asesoramiento-a-residentes\/","name":"Los apartamentos municipales para mayores contar\u00e1n con una trabajadora familiar para realizar labores de acompa\u00f1amiento, mediaci\u00f3n y asesoramiento a residentes","isPartOf":{"@id":"https:\/\/www.laguiadepamplona.com\/actualidad\/#website"},"primaryImageOfPage":{"@id":"https:\/\/www.laguiadepamplona.com\/actualidad\/los-apartamentos-municipales-para-mayores-contaran-con-una-trabajadora-familiar-para-realizar-labores-de-acompanamiento-mediacion-y-asesoramiento-a-residentes\/#primaryimage"},"image":{"@id":"https:\/\/www.laguiadepamplona.com\/actualidad\/los-apartamentos-municipales-para-mayores-contaran-con-una-trabajadora-familiar-para-realizar-labores-de-acompanamiento-mediacion-y-asesoramiento-a-residentes\/#primaryimage"},"thumbnailUrl":"https:\/\/www.laguiadepamplona.com\/actualidad\/wp-content\/uploads\/2023\/10\/Apartamentos-tutelados-txoko-berri_0.webp","datePublished":"2023-10-19T14:34:54+00:00","description":"La medida ha arrancado de forma piloto en los apartamentos de Iturrama y cuenta con un gran respaldo de las personas usuarias","breadcrumb":{"@id":"https:\/\/www.laguiadepamplona.com\/actualidad\/los-apartamentos-municipales-para-mayores-contaran-con-una-trabajadora-familiar-para-realizar-labores-de-acompanamiento-mediacion-y-asesoramiento-a-residentes\/#breadcrumb"},"inLanguage":"es","potentialAction":[{"@type":"ReadAction","target":["https:\/\/www.laguiadepamplona.com\/actualidad\/los-apartamentos-municipales-para-mayores-contaran-con-una-trabajadora-familiar-para-realizar-labores-de-acompanamiento-mediacion-y-asesoramiento-a-residentes\/"]}]},{"@type":"ImageObject","inLanguage":"es","@id":"https:\/\/www.laguiadepamplona.com\/actualidad\/los-apartamentos-municipales-para-mayores-contaran-con-una-trabajadora-familiar-para-realizar-labores-de-acompanamiento-mediacion-y-asesoramiento-a-residentes\/#primaryimage","url":"https:\/\/www.laguiadepamplona.com\/actualidad\/wp-content\/uploads\/2023\/10\/Apartamentos-tutelados-txoko-berri_0.webp","contentUrl":"https:\/\/www.laguiadepamplona.com\/actualidad\/wp-content\/uploads\/2023\/10\/Apartamentos-tutelados-txoko-berri_0.webp","width":1200,"height":675,"caption":"apartamentos tutelados mayores"},{"@type":"BreadcrumbList","@id":"https:\/\/www.laguiadepamplona.com\/actualidad\/los-apartamentos-municipales-para-mayores-contaran-con-una-trabajadora-familiar-para-realizar-labores-de-acompanamiento-mediacion-y-asesoramiento-a-residentes\/#breadcrumb","itemListElement":[{"@type":"ListItem","position":1,"name":"Portada","item":"https:\/\/www.laguiadepamplona.com\/actualidad\/"},{"@type":"ListItem","position":2,"name":"Los apartamentos municipales para mayores contar\u00e1n con una trabajadora familiar para realizar labores de acompa\u00f1amiento, mediaci\u00f3n y asesoramiento a residentes"}]},{"@type":"WebSite","@id":"https:\/\/www.laguiadepamplona.com\/actualidad\/#website","url":"https:\/\/www.laguiadepamplona.com\/actualidad\/","name":"La gu\u00eda de Pamplona","description":"Noticias de Pamplona","publisher":{"@id":"https:\/\/www.laguiadepamplona.com\/actualidad\/#organization"},"potentialAction":[{"@type":"SearchAction","target":{"@type":"EntryPoint","urlTemplate":"https:\/\/www.laguiadepamplona.com\/actualidad\/?s={search_term_string}"},"query-input":{"@type":"PropertyValueSpecification","valueRequired":true,"valueName":"search_term_string"}}],"inLanguage":"es"},{"@type":"Organization","@id":"https:\/\/www.laguiadepamplona.com\/actualidad\/#organization","name":"La Gu\u00eda de Pamplona \/ Noticias","url":"https:\/\/www.laguiadepamplona.com\/actualidad\/","logo":{"@type":"ImageObject","inLanguage":"es","@id":"https:\/\/www.laguiadepamplona.com\/actualidad\/#\/schema\/logo\/image\/","url":"https:\/\/www.laguiadepamplona.com\/actualidad\/wp-content\/uploads\/2018\/11\/logo-laguiadepamplona18-web1.png","contentUrl":"https:\/\/www.laguiadepamplona.com\/actualidad\/wp-content\/uploads\/2018\/11\/logo-laguiadepamplona18-web1.png","width":600,"height":196,"caption":"La Gu\u00eda de Pamplona \/ Noticias"},"image":{"@id":"https:\/\/www.laguiadepamplona.com\/actualidad\/#\/schema\/logo\/image\/"},"sameAs":["https:\/\/www.facebook.com\/laguiadepamplonacom-133175176762273\/?ref=hl","https:\/\/x.com\/LaGuiadPamplona","https:\/\/www.instagram.com\/la_guia_de_pamplona\/","https:\/\/www.youtube.com\/user\/laguiadepamplona"]},{"@type":"Person","@id":"https:\/\/www.laguiadepamplona.com\/actualidad\/#\/schema\/person\/efe887376f0213d4657c93adc50b1fdb","name":"La Gu\u00eda de Pamplona","image":{"@type":"ImageObject","inLanguage":"es","@id":"https:\/\/secure.gravatar.com\/avatar\/b6992f131dc8d30ab0dff15446e9d346d9dbd95992de0fef795073f5ea83a81c?s=96&d=mm&r=g","url":"https:\/\/secure.gravatar.com\/avatar\/b6992f131dc8d30ab0dff15446e9d346d9dbd95992de0fef795073f5ea83a81c?s=96&d=mm&r=g","contentUrl":"https:\/\/secure.gravatar.com\/avatar\/b6992f131dc8d30ab0dff15446e9d346d9dbd95992de0fef795073f5ea83a81c?s=96&d=mm&r=g","caption":"La Gu\u00eda de Pamplona"}}]}},"post_mailing_queue_ids":[],"_links":{"self":[{"href":"https:\/\/www.laguiadepamplona.com\/actualidad\/wp-json\/wp\/v2\/posts\/47632","targetHints":{"allow":["GET"]}}],"collection":[{"href":"https:\/\/www.laguiadepamplona.com\/actualidad\/wp-json\/wp\/v2\/posts"}],"about":[{"href":"https:\/\/www.laguiadepamplona.com\/actualidad\/wp-json\/wp\/v2\/types\/post"}],"author":[{"embeddable":true,"href":"https:\/\/www.laguiadepamplona.com\/actualidad\/wp-json\/wp\/v2\/users\/1"}],"replies":[{"embeddable":true,"href":"https:\/\/www.laguiadepamplona.com\/actualidad\/wp-json\/wp\/v2\/comments?post=47632"}],"version-history":[{"count":1,"href":"https:\/\/www.laguiadepamplona.com\/actualidad\/wp-json\/wp\/v2\/posts\/47632\/revisions"}],"predecessor-version":[{"id":47634,"href":"https:\/\/www.laguiadepamplona.com\/actualidad\/wp-json\/wp\/v2\/posts\/47632\/revisions\/47634"}],"wp:featuredmedia":[{"embeddable":true,"href":"https:\/\/www.laguiadepamplona.com\/actualidad\/wp-json\/wp\/v2\/media\/47633"}],"wp:attachment":[{"href":"https:\/\/www.laguiadepamplona.com\/actualidad\/wp-json\/wp\/v2\/media?parent=47632"}],"wp:term":[{"taxonomy":"category","embeddable":true,"href":"https:\/\/www.laguiadepamplona.com\/actualidad\/wp-json\/wp\/v2\/categories?post=47632"},{"taxonomy":"post_tag","embeddable":true,"href":"https:\/\/www.laguiadepamplona.com\/actualidad\/wp-json\/wp\/v2\/tags?post=47632"}],"curies":[{"name":"wp","href":"https:\/\/api.w.org\/{rel}","templated":true}]}}