{"id":47624,"date":"2023-10-18T12:46:55","date_gmt":"2023-10-18T10:46:55","guid":{"rendered":"https:\/\/www.laguiadepamplona.com\/actualidad\/?p=47624"},"modified":"2023-10-18T12:46:55","modified_gmt":"2023-10-18T10:46:55","slug":"las-mejoras-medioambientales-y-o-paisajisticas-del-corredor-peatonal-y-ciclista-de-beloso-supondran-un-10-de-la-puntuacion-total-segun-la-nueva-licitacion-del-proyecto","status":"publish","type":"post","link":"https:\/\/www.laguiadepamplona.com\/actualidad\/las-mejoras-medioambientales-y-o-paisajisticas-del-corredor-peatonal-y-ciclista-de-beloso-supondran-un-10-de-la-puntuacion-total-segun-la-nueva-licitacion-del-proyecto\/","title":{"rendered":"Las mejoras medioambientales y\/o paisaj\u00edsticas del corredor peatonal y ciclista de Beloso supondr\u00e1n un 10% de la puntuaci\u00f3n total, seg\u00fan la nueva licitaci\u00f3n del proyecto"},"content":{"rendered":"<h3>Se estima que las obras, con un presupuesto de 4,7 millones y financiadas con fondos Next Generation EU, puedan comenzar en febrero de 2024<\/h3>\n<p><!--more--><\/p>\n<p>La Junta de Gobierno Local ha aprobado esta ma\u00f1ana la nueva licitaci\u00f3n del proyecto de corredor peatonal y ciclista de Beloso, que conectar\u00e1 Pamplona con Burlada. La nueva licitaci\u00f3n reformula los criterios de adjudicaci\u00f3n del contrato para incluir hasta 10 puntos por la presentaci\u00f3n de mejoras medioambientales y\/o paisaj\u00edstica de la obra. Esos puntos suponen un 10% de la valoraci\u00f3n total. Se prev\u00e9 el 1 de febrero de 2024 como nuevo plazo de inicio del proyecto que se desarrollar\u00e1 durante doce meses.<\/p>\n<p>El presupuesto de la obra se mantiene en 4.744.312,38 euros, financiados con fondos europeos Next Generation EU, a trav\u00e9s del Plan de Recuperaci\u00f3n, Transformaci\u00f3n y Resiliencia (PRTR) del Gobierno de Espa\u00f1a. El Ayuntamiento de Pamplona, el Ayuntamiento de Burlada y el Gobierno de Navarra firmaron un convenio para el desarrollo y financiaci\u00f3n de estas obras, licitadas en primera instancia en junio de este a\u00f1o y cuya licitaci\u00f3n se suspendi\u00f3 en septiembre para intentar sacar adelanto un proyecto con un menor impacto ambiental que evitara la tala de 350 \u00e1rboles.<br \/>\n<script async src=\"\/\/pagead2.googlesyndication.com\/pagead\/js\/adsbygoogle.js\"><\/script><br \/>\n<!-- Noticias La Guia de Pamplona --><br \/>\n<ins class=\"adsbygoogle\"\nstyle=\"display:block\"\ndata-ad-client=\"ca-pub-6943679897239327\"\ndata-ad-slot=\"7048180777\"\ndata-ad-format=\"auto\"><\/ins><br \/>\n<script>\n(adsbygoogle = window.adsbygoogle || []).push({});\n<\/script><\/p>\n<p>En el nuevo criterio de mejoras medioambientales y\/o paisaj\u00edsticas, se valorar\u00e1, por un lado, \u201cla idoneidad de estas mejoras en cuanto a aumentar el valor medio ambiental y paisaj\u00edstico de la intervenci\u00f3n a realizar en la cuesta de Beloso\u201d y, por otro lado, \u201cel planteamiento propuesto para la ejecuci\u00f3n de las mismas en cuanto a minimizar las alteraciones en el desarrollo original de las fases, metodolog\u00edas, cronolog\u00eda, procesos e interferencias de la obra\u201d. Estas mejoras sostenibles se incluyen como novedad dentro de la propuesta t\u00e9cnica, que mantiene una puntuaci\u00f3n m\u00e1xima de 45 puntos.<\/p>\n<p>Para integrar los 10 puntos con los que dota a estas mejoras, se han reformulado las puntuaciones de otros aspectos que se valoran, como la memoria explicativa del planteamiento de la obra (que baja de 15 puntos a 10) y el plan de obra (que ha pasado de 10 a 5 puntos). No se modifican los 20 puntos del tratamiento de afecciones que se recogen tambi\u00e9n en esa propuesta t\u00e9cnica. El resto de puntos para adjudicar la obra, hasta llegar a un m\u00e1ximo de 100, se reparten entre la oferta econ\u00f3mica (40 puntos), el criterio social (10 puntos) y el criterio medioambiental (5 puntos).<br \/>\n<script async src=\"\/\/pagead2.googlesyndication.com\/pagead\/js\/adsbygoogle.js\"><\/script><br \/>\n<!-- Noticias La Guia de Pamplona --><br \/>\n<ins class=\"adsbygoogle\"\nstyle=\"display:block\"\ndata-ad-client=\"ca-pub-6943679897239327\"\ndata-ad-slot=\"7048180777\"\ndata-ad-format=\"auto\"><\/ins><br \/>\n<script>\n(adsbygoogle = window.adsbygoogle || []).push({});\n<\/script><\/p>\n<p><strong>Mejoras sostenibles sin cargo para la administraci\u00f3n<\/strong><\/p>\n<p>En la documentaci\u00f3n a presentar en este punto de mejoras medioambientales y\/o paisaj\u00edsticas, se describir\u00e1n las actuaciones que la empresa licitadora se compromete a ejecutar a su cargo y durante el plazo del contrato, en el \u00e1mbito del proyecto, en caso de resultar adjudicatario y sin coste alguno para el Ayuntamiento de Pamplona. Estas actuaciones \u201cdeben tener como objeto la mejora de la calidad medio ambiental y\/o paisaj\u00edstica de la cuesta de Beloso y su entorno (por ejemplo, conservaci\u00f3n y trasplante de arbolado, actuaciones en la Ripa de Beloso, mejoras de jardiner\u00eda en alcorques, etc), sin que las intervenciones ya descritas en el proyecto constructivo se vean alteradas de manera significativa, tanto en cuanto a los procesos y metodolog\u00edas de construcci\u00f3n como a la planificaci\u00f3n de dichas intervenciones. Se deber\u00e1 detallar con grado suficiente estas actuaciones propuestas, as\u00ed como indicar y justificar las mejoras ambientales y\/o paisaj\u00edsticas que conllevan las mismas\u201d.<\/p>\n<p>El pliego recoge que \u201cen caso que el contratista hubiera propuesto actuaciones de mejora medio ambiental y paisaj\u00edstica de la obra sin coste para la administraci\u00f3n, estas ser\u00e1n descritas t\u00e9cnicamente, a partir de su propuesta, por la direcci\u00f3n de obra en todos sus aspectos (prescripciones t\u00e9cnicas, planning, acciones de seguridad y salud, y cualquier otro aspecto que permita su correcta ejecuci\u00f3n, as\u00ed como todas las interferencias que pudieran producirse con el resto de actuaciones recogidas originalmente en el proyecto) y anexadas al proyecto constructivo antes de la fecha en la que se formalice el acta de comprobaci\u00f3n del replanteo de la obra\u201d.<br \/>\n<script async src=\"\/\/pagead2.googlesyndication.com\/pagead\/js\/adsbygoogle.js\"><\/script><br \/>\n<!-- Noticias La Guia de Pamplona --><br \/>\n<ins class=\"adsbygoogle\"\nstyle=\"display:block\"\ndata-ad-client=\"ca-pub-6943679897239327\"\ndata-ad-slot=\"7048180777\"\ndata-ad-format=\"auto\"><\/ins><br \/>\n<script>\n(adsbygoogle = window.adsbygoogle || []).push({});\n<\/script><\/p>\n<p>Por \u00faltimo, se ha modificado tambi\u00e9n la composici\u00f3n de la mesa de contrataci\u00f3n, con un cambio en la presidencia, ya que la anterior licitaci\u00f3n se produjo en la pasada legislatura y ha habido cambio en las concejal\u00edas. Presidir\u00e1 la nueva mesa de contrataci\u00f3n la concejala delegada de \u00e1rea de Desarrollo Sostenible y Proyectos Estrat\u00e9gicos, Izaskun Zozaya, o el concejal o concejala delegada que la sustituya.<\/p>\n","protected":false},"excerpt":{"rendered":"<p>Se estima que las obras, con un presupuesto de 4,7 millones y financiadas con fondos Next Generation EU, puedan comenzar en febrero de 2024<\/p>\n","protected":false},"author":1,"featured_media":47625,"comment_status":"open","ping_status":"closed","sticky":false,"template":"","format":"standard","meta":{"footnotes":""},"categories":[2],"tags":[],"class_list":["post-47624","post","type-post","status-publish","format-standard","has-post-thumbnail","hentry","category-ayuntamiento-pamplona"],"yoast_head":"<!-- This site is optimized with the Yoast SEO plugin v27.3 - https:\/\/yoast.com\/product\/yoast-seo-wordpress\/ -->\n<title>Las mejoras medioambientales y\/o paisaj\u00edsticas del corredor peatonal y ciclista de Beloso supondr\u00e1n un 10% de la puntuaci\u00f3n total, seg\u00fan la nueva licitaci\u00f3n del proyecto<\/title>\n<meta name=\"description\" content=\"Se estima que las obras, con un presupuesto de 4,7 millones y financiadas con fondos Next Generation EU, puedan comenzar en febrero de 2024\" \/>\n<meta name=\"robots\" content=\"index, follow, max-snippet:-1, max-image-preview:large, max-video-preview:-1\" \/>\n<link rel=\"canonical\" href=\"https:\/\/www.laguiadepamplona.com\/actualidad\/las-mejoras-medioambientales-y-o-paisajisticas-del-corredor-peatonal-y-ciclista-de-beloso-supondran-un-10-de-la-puntuacion-total-segun-la-nueva-licitacion-del-proyecto\/\" \/>\n<meta property=\"og:locale\" content=\"es_ES\" \/>\n<meta property=\"og:type\" content=\"article\" \/>\n<meta property=\"og:title\" content=\"Las mejoras medioambientales y\/o paisaj\u00edsticas del corredor peatonal y ciclista de Beloso supondr\u00e1n un 10% de la puntuaci\u00f3n total, seg\u00fan la nueva licitaci\u00f3n del proyecto\" \/>\n<meta property=\"og:description\" content=\"Se estima que las obras, con un presupuesto de 4,7 millones y financiadas con fondos Next Generation EU, puedan comenzar en febrero de 2024\" \/>\n<meta property=\"og:url\" content=\"https:\/\/www.laguiadepamplona.com\/actualidad\/las-mejoras-medioambientales-y-o-paisajisticas-del-corredor-peatonal-y-ciclista-de-beloso-supondran-un-10-de-la-puntuacion-total-segun-la-nueva-licitacion-del-proyecto\/\" \/>\n<meta property=\"og:site_name\" content=\"La Gu\u00eda de Pamplona\" \/>\n<meta property=\"article:publisher\" content=\"https:\/\/www.facebook.com\/laguiadepamplonacom-133175176762273\/?ref=hl\" \/>\n<meta property=\"article:published_time\" content=\"2023-10-18T10:46:55+00:00\" \/>\n<meta property=\"og:image\" content=\"https:\/\/www.laguiadepamplona.com\/actualidad\/wp-content\/uploads\/2023\/10\/beloso.webp\" \/>\n\t<meta property=\"og:image:width\" content=\"1200\" \/>\n\t<meta property=\"og:image:height\" content=\"801\" \/>\n\t<meta property=\"og:image:type\" content=\"image\/webp\" \/>\n<meta name=\"author\" content=\"La Gu\u00eda de Pamplona\" \/>\n<meta name=\"twitter:card\" content=\"summary_large_image\" \/>\n<meta name=\"twitter:creator\" content=\"@LaGuiadPamplona\" \/>\n<meta name=\"twitter:site\" content=\"@LaGuiadPamplona\" \/>\n<meta name=\"twitter:label1\" content=\"Escrito por\" \/>\n\t<meta name=\"twitter:data1\" content=\"La Gu\u00eda de Pamplona\" \/>\n\t<meta name=\"twitter:label2\" content=\"Tiempo de lectura\" \/>\n\t<meta name=\"twitter:data2\" content=\"4 minutos\" \/>\n<script type=\"application\/ld+json\" class=\"yoast-schema-graph\">{\"@context\":\"https:\\\/\\\/schema.org\",\"@graph\":[{\"@type\":\"Article\",\"@id\":\"https:\\\/\\\/www.laguiadepamplona.com\\\/actualidad\\\/las-mejoras-medioambientales-y-o-paisajisticas-del-corredor-peatonal-y-ciclista-de-beloso-supondran-un-10-de-la-puntuacion-total-segun-la-nueva-licitacion-del-proyecto\\\/#article\",\"isPartOf\":{\"@id\":\"https:\\\/\\\/www.laguiadepamplona.com\\\/actualidad\\\/las-mejoras-medioambientales-y-o-paisajisticas-del-corredor-peatonal-y-ciclista-de-beloso-supondran-un-10-de-la-puntuacion-total-segun-la-nueva-licitacion-del-proyecto\\\/\"},\"author\":{\"name\":\"La Gu\u00eda de Pamplona\",\"@id\":\"https:\\\/\\\/www.laguiadepamplona.com\\\/actualidad\\\/#\\\/schema\\\/person\\\/efe887376f0213d4657c93adc50b1fdb\"},\"headline\":\"Las mejoras medioambientales y\\\/o paisaj\u00edsticas del corredor peatonal y ciclista de Beloso supondr\u00e1n un 10% de la puntuaci\u00f3n total, seg\u00fan la nueva licitaci\u00f3n del proyecto\",\"datePublished\":\"2023-10-18T10:46:55+00:00\",\"mainEntityOfPage\":{\"@id\":\"https:\\\/\\\/www.laguiadepamplona.com\\\/actualidad\\\/las-mejoras-medioambientales-y-o-paisajisticas-del-corredor-peatonal-y-ciclista-de-beloso-supondran-un-10-de-la-puntuacion-total-segun-la-nueva-licitacion-del-proyecto\\\/\"},\"wordCount\":786,\"commentCount\":0,\"publisher\":{\"@id\":\"https:\\\/\\\/www.laguiadepamplona.com\\\/actualidad\\\/#organization\"},\"image\":{\"@id\":\"https:\\\/\\\/www.laguiadepamplona.com\\\/actualidad\\\/las-mejoras-medioambientales-y-o-paisajisticas-del-corredor-peatonal-y-ciclista-de-beloso-supondran-un-10-de-la-puntuacion-total-segun-la-nueva-licitacion-del-proyecto\\\/#primaryimage\"},\"thumbnailUrl\":\"https:\\\/\\\/www.laguiadepamplona.com\\\/actualidad\\\/wp-content\\\/uploads\\\/2023\\\/10\\\/beloso.webp\",\"articleSection\":[\"Ayto Pamplona\"],\"inLanguage\":\"es\",\"potentialAction\":[{\"@type\":\"CommentAction\",\"name\":\"Comment\",\"target\":[\"https:\\\/\\\/www.laguiadepamplona.com\\\/actualidad\\\/las-mejoras-medioambientales-y-o-paisajisticas-del-corredor-peatonal-y-ciclista-de-beloso-supondran-un-10-de-la-puntuacion-total-segun-la-nueva-licitacion-del-proyecto\\\/#respond\"]}]},{\"@type\":\"WebPage\",\"@id\":\"https:\\\/\\\/www.laguiadepamplona.com\\\/actualidad\\\/las-mejoras-medioambientales-y-o-paisajisticas-del-corredor-peatonal-y-ciclista-de-beloso-supondran-un-10-de-la-puntuacion-total-segun-la-nueva-licitacion-del-proyecto\\\/\",\"url\":\"https:\\\/\\\/www.laguiadepamplona.com\\\/actualidad\\\/las-mejoras-medioambientales-y-o-paisajisticas-del-corredor-peatonal-y-ciclista-de-beloso-supondran-un-10-de-la-puntuacion-total-segun-la-nueva-licitacion-del-proyecto\\\/\",\"name\":\"Las mejoras medioambientales y\\\/o paisaj\u00edsticas del corredor peatonal y ciclista de Beloso supondr\u00e1n un 10% de la puntuaci\u00f3n total, seg\u00fan la nueva licitaci\u00f3n del proyecto\",\"isPartOf\":{\"@id\":\"https:\\\/\\\/www.laguiadepamplona.com\\\/actualidad\\\/#website\"},\"primaryImageOfPage\":{\"@id\":\"https:\\\/\\\/www.laguiadepamplona.com\\\/actualidad\\\/las-mejoras-medioambientales-y-o-paisajisticas-del-corredor-peatonal-y-ciclista-de-beloso-supondran-un-10-de-la-puntuacion-total-segun-la-nueva-licitacion-del-proyecto\\\/#primaryimage\"},\"image\":{\"@id\":\"https:\\\/\\\/www.laguiadepamplona.com\\\/actualidad\\\/las-mejoras-medioambientales-y-o-paisajisticas-del-corredor-peatonal-y-ciclista-de-beloso-supondran-un-10-de-la-puntuacion-total-segun-la-nueva-licitacion-del-proyecto\\\/#primaryimage\"},\"thumbnailUrl\":\"https:\\\/\\\/www.laguiadepamplona.com\\\/actualidad\\\/wp-content\\\/uploads\\\/2023\\\/10\\\/beloso.webp\",\"datePublished\":\"2023-10-18T10:46:55+00:00\",\"description\":\"Se estima que las obras, con un presupuesto de 4,7 millones y financiadas con fondos Next Generation EU, puedan comenzar en febrero de 2024\",\"breadcrumb\":{\"@id\":\"https:\\\/\\\/www.laguiadepamplona.com\\\/actualidad\\\/las-mejoras-medioambientales-y-o-paisajisticas-del-corredor-peatonal-y-ciclista-de-beloso-supondran-un-10-de-la-puntuacion-total-segun-la-nueva-licitacion-del-proyecto\\\/#breadcrumb\"},\"inLanguage\":\"es\",\"potentialAction\":[{\"@type\":\"ReadAction\",\"target\":[\"https:\\\/\\\/www.laguiadepamplona.com\\\/actualidad\\\/las-mejoras-medioambientales-y-o-paisajisticas-del-corredor-peatonal-y-ciclista-de-beloso-supondran-un-10-de-la-puntuacion-total-segun-la-nueva-licitacion-del-proyecto\\\/\"]}]},{\"@type\":\"ImageObject\",\"inLanguage\":\"es\",\"@id\":\"https:\\\/\\\/www.laguiadepamplona.com\\\/actualidad\\\/las-mejoras-medioambientales-y-o-paisajisticas-del-corredor-peatonal-y-ciclista-de-beloso-supondran-un-10-de-la-puntuacion-total-segun-la-nueva-licitacion-del-proyecto\\\/#primaryimage\",\"url\":\"https:\\\/\\\/www.laguiadepamplona.com\\\/actualidad\\\/wp-content\\\/uploads\\\/2023\\\/10\\\/beloso.webp\",\"contentUrl\":\"https:\\\/\\\/www.laguiadepamplona.com\\\/actualidad\\\/wp-content\\\/uploads\\\/2023\\\/10\\\/beloso.webp\",\"width\":1200,\"height\":801,\"caption\":\"beloso\"},{\"@type\":\"BreadcrumbList\",\"@id\":\"https:\\\/\\\/www.laguiadepamplona.com\\\/actualidad\\\/las-mejoras-medioambientales-y-o-paisajisticas-del-corredor-peatonal-y-ciclista-de-beloso-supondran-un-10-de-la-puntuacion-total-segun-la-nueva-licitacion-del-proyecto\\\/#breadcrumb\",\"itemListElement\":[{\"@type\":\"ListItem\",\"position\":1,\"name\":\"Portada\",\"item\":\"https:\\\/\\\/www.laguiadepamplona.com\\\/actualidad\\\/\"},{\"@type\":\"ListItem\",\"position\":2,\"name\":\"Las mejoras medioambientales y\\\/o paisaj\u00edsticas del corredor peatonal y ciclista de Beloso supondr\u00e1n un 10% de la puntuaci\u00f3n total, seg\u00fan la nueva licitaci\u00f3n del proyecto\"}]},{\"@type\":\"WebSite\",\"@id\":\"https:\\\/\\\/www.laguiadepamplona.com\\\/actualidad\\\/#website\",\"url\":\"https:\\\/\\\/www.laguiadepamplona.com\\\/actualidad\\\/\",\"name\":\"La gu\u00eda de Pamplona\",\"description\":\"Noticias de Pamplona\",\"publisher\":{\"@id\":\"https:\\\/\\\/www.laguiadepamplona.com\\\/actualidad\\\/#organization\"},\"potentialAction\":[{\"@type\":\"SearchAction\",\"target\":{\"@type\":\"EntryPoint\",\"urlTemplate\":\"https:\\\/\\\/www.laguiadepamplona.com\\\/actualidad\\\/?s={search_term_string}\"},\"query-input\":{\"@type\":\"PropertyValueSpecification\",\"valueRequired\":true,\"valueName\":\"search_term_string\"}}],\"inLanguage\":\"es\"},{\"@type\":\"Organization\",\"@id\":\"https:\\\/\\\/www.laguiadepamplona.com\\\/actualidad\\\/#organization\",\"name\":\"La Gu\u00eda de Pamplona \\\/ Noticias\",\"url\":\"https:\\\/\\\/www.laguiadepamplona.com\\\/actualidad\\\/\",\"logo\":{\"@type\":\"ImageObject\",\"inLanguage\":\"es\",\"@id\":\"https:\\\/\\\/www.laguiadepamplona.com\\\/actualidad\\\/#\\\/schema\\\/logo\\\/image\\\/\",\"url\":\"https:\\\/\\\/www.laguiadepamplona.com\\\/actualidad\\\/wp-content\\\/uploads\\\/2018\\\/11\\\/logo-laguiadepamplona18-web1.png\",\"contentUrl\":\"https:\\\/\\\/www.laguiadepamplona.com\\\/actualidad\\\/wp-content\\\/uploads\\\/2018\\\/11\\\/logo-laguiadepamplona18-web1.png\",\"width\":600,\"height\":196,\"caption\":\"La Gu\u00eda de Pamplona \\\/ Noticias\"},\"image\":{\"@id\":\"https:\\\/\\\/www.laguiadepamplona.com\\\/actualidad\\\/#\\\/schema\\\/logo\\\/image\\\/\"},\"sameAs\":[\"https:\\\/\\\/www.facebook.com\\\/laguiadepamplonacom-133175176762273\\\/?ref=hl\",\"https:\\\/\\\/x.com\\\/LaGuiadPamplona\",\"https:\\\/\\\/www.instagram.com\\\/la_guia_de_pamplona\\\/\",\"https:\\\/\\\/www.youtube.com\\\/user\\\/laguiadepamplona\"]},{\"@type\":\"Person\",\"@id\":\"https:\\\/\\\/www.laguiadepamplona.com\\\/actualidad\\\/#\\\/schema\\\/person\\\/efe887376f0213d4657c93adc50b1fdb\",\"name\":\"La Gu\u00eda de Pamplona\",\"image\":{\"@type\":\"ImageObject\",\"inLanguage\":\"es\",\"@id\":\"https:\\\/\\\/secure.gravatar.com\\\/avatar\\\/b6992f131dc8d30ab0dff15446e9d346d9dbd95992de0fef795073f5ea83a81c?s=96&d=mm&r=g\",\"url\":\"https:\\\/\\\/secure.gravatar.com\\\/avatar\\\/b6992f131dc8d30ab0dff15446e9d346d9dbd95992de0fef795073f5ea83a81c?s=96&d=mm&r=g\",\"contentUrl\":\"https:\\\/\\\/secure.gravatar.com\\\/avatar\\\/b6992f131dc8d30ab0dff15446e9d346d9dbd95992de0fef795073f5ea83a81c?s=96&d=mm&r=g\",\"caption\":\"La Gu\u00eda de Pamplona\"}}]}<\/script>\n<!-- \/ Yoast SEO plugin. -->","yoast_head_json":{"title":"Las mejoras medioambientales y\/o paisaj\u00edsticas del corredor peatonal y ciclista de Beloso supondr\u00e1n un 10% de la puntuaci\u00f3n total, seg\u00fan la nueva licitaci\u00f3n del proyecto","description":"Se estima que las obras, con un presupuesto de 4,7 millones y financiadas con fondos Next Generation EU, puedan comenzar en febrero de 2024","robots":{"index":"index","follow":"follow","max-snippet":"max-snippet:-1","max-image-preview":"max-image-preview:large","max-video-preview":"max-video-preview:-1"},"canonical":"https:\/\/www.laguiadepamplona.com\/actualidad\/las-mejoras-medioambientales-y-o-paisajisticas-del-corredor-peatonal-y-ciclista-de-beloso-supondran-un-10-de-la-puntuacion-total-segun-la-nueva-licitacion-del-proyecto\/","og_locale":"es_ES","og_type":"article","og_title":"Las mejoras medioambientales y\/o paisaj\u00edsticas del corredor peatonal y ciclista de Beloso supondr\u00e1n un 10% de la puntuaci\u00f3n total, seg\u00fan la nueva licitaci\u00f3n del proyecto","og_description":"Se estima que las obras, con un presupuesto de 4,7 millones y financiadas con fondos Next Generation EU, puedan comenzar en febrero de 2024","og_url":"https:\/\/www.laguiadepamplona.com\/actualidad\/las-mejoras-medioambientales-y-o-paisajisticas-del-corredor-peatonal-y-ciclista-de-beloso-supondran-un-10-de-la-puntuacion-total-segun-la-nueva-licitacion-del-proyecto\/","og_site_name":"La Gu\u00eda de Pamplona","article_publisher":"https:\/\/www.facebook.com\/laguiadepamplonacom-133175176762273\/?ref=hl","article_published_time":"2023-10-18T10:46:55+00:00","og_image":[{"width":1200,"height":801,"url":"https:\/\/www.laguiadepamplona.com\/actualidad\/wp-content\/uploads\/2023\/10\/beloso.webp","type":"image\/webp"}],"author":"La Gu\u00eda de Pamplona","twitter_card":"summary_large_image","twitter_creator":"@LaGuiadPamplona","twitter_site":"@LaGuiadPamplona","twitter_misc":{"Escrito por":"La Gu\u00eda de Pamplona","Tiempo de lectura":"4 minutos"},"schema":{"@context":"https:\/\/schema.org","@graph":[{"@type":"Article","@id":"https:\/\/www.laguiadepamplona.com\/actualidad\/las-mejoras-medioambientales-y-o-paisajisticas-del-corredor-peatonal-y-ciclista-de-beloso-supondran-un-10-de-la-puntuacion-total-segun-la-nueva-licitacion-del-proyecto\/#article","isPartOf":{"@id":"https:\/\/www.laguiadepamplona.com\/actualidad\/las-mejoras-medioambientales-y-o-paisajisticas-del-corredor-peatonal-y-ciclista-de-beloso-supondran-un-10-de-la-puntuacion-total-segun-la-nueva-licitacion-del-proyecto\/"},"author":{"name":"La Gu\u00eda de Pamplona","@id":"https:\/\/www.laguiadepamplona.com\/actualidad\/#\/schema\/person\/efe887376f0213d4657c93adc50b1fdb"},"headline":"Las mejoras medioambientales y\/o paisaj\u00edsticas del corredor peatonal y ciclista de Beloso supondr\u00e1n un 10% de la puntuaci\u00f3n total, seg\u00fan la nueva licitaci\u00f3n del proyecto","datePublished":"2023-10-18T10:46:55+00:00","mainEntityOfPage":{"@id":"https:\/\/www.laguiadepamplona.com\/actualidad\/las-mejoras-medioambientales-y-o-paisajisticas-del-corredor-peatonal-y-ciclista-de-beloso-supondran-un-10-de-la-puntuacion-total-segun-la-nueva-licitacion-del-proyecto\/"},"wordCount":786,"commentCount":0,"publisher":{"@id":"https:\/\/www.laguiadepamplona.com\/actualidad\/#organization"},"image":{"@id":"https:\/\/www.laguiadepamplona.com\/actualidad\/las-mejoras-medioambientales-y-o-paisajisticas-del-corredor-peatonal-y-ciclista-de-beloso-supondran-un-10-de-la-puntuacion-total-segun-la-nueva-licitacion-del-proyecto\/#primaryimage"},"thumbnailUrl":"https:\/\/www.laguiadepamplona.com\/actualidad\/wp-content\/uploads\/2023\/10\/beloso.webp","articleSection":["Ayto Pamplona"],"inLanguage":"es","potentialAction":[{"@type":"CommentAction","name":"Comment","target":["https:\/\/www.laguiadepamplona.com\/actualidad\/las-mejoras-medioambientales-y-o-paisajisticas-del-corredor-peatonal-y-ciclista-de-beloso-supondran-un-10-de-la-puntuacion-total-segun-la-nueva-licitacion-del-proyecto\/#respond"]}]},{"@type":"WebPage","@id":"https:\/\/www.laguiadepamplona.com\/actualidad\/las-mejoras-medioambientales-y-o-paisajisticas-del-corredor-peatonal-y-ciclista-de-beloso-supondran-un-10-de-la-puntuacion-total-segun-la-nueva-licitacion-del-proyecto\/","url":"https:\/\/www.laguiadepamplona.com\/actualidad\/las-mejoras-medioambientales-y-o-paisajisticas-del-corredor-peatonal-y-ciclista-de-beloso-supondran-un-10-de-la-puntuacion-total-segun-la-nueva-licitacion-del-proyecto\/","name":"Las mejoras medioambientales y\/o paisaj\u00edsticas del corredor peatonal y ciclista de Beloso supondr\u00e1n un 10% de la puntuaci\u00f3n total, seg\u00fan la nueva licitaci\u00f3n del proyecto","isPartOf":{"@id":"https:\/\/www.laguiadepamplona.com\/actualidad\/#website"},"primaryImageOfPage":{"@id":"https:\/\/www.laguiadepamplona.com\/actualidad\/las-mejoras-medioambientales-y-o-paisajisticas-del-corredor-peatonal-y-ciclista-de-beloso-supondran-un-10-de-la-puntuacion-total-segun-la-nueva-licitacion-del-proyecto\/#primaryimage"},"image":{"@id":"https:\/\/www.laguiadepamplona.com\/actualidad\/las-mejoras-medioambientales-y-o-paisajisticas-del-corredor-peatonal-y-ciclista-de-beloso-supondran-un-10-de-la-puntuacion-total-segun-la-nueva-licitacion-del-proyecto\/#primaryimage"},"thumbnailUrl":"https:\/\/www.laguiadepamplona.com\/actualidad\/wp-content\/uploads\/2023\/10\/beloso.webp","datePublished":"2023-10-18T10:46:55+00:00","description":"Se estima que las obras, con un presupuesto de 4,7 millones y financiadas con fondos Next Generation EU, puedan comenzar en febrero de 2024","breadcrumb":{"@id":"https:\/\/www.laguiadepamplona.com\/actualidad\/las-mejoras-medioambientales-y-o-paisajisticas-del-corredor-peatonal-y-ciclista-de-beloso-supondran-un-10-de-la-puntuacion-total-segun-la-nueva-licitacion-del-proyecto\/#breadcrumb"},"inLanguage":"es","potentialAction":[{"@type":"ReadAction","target":["https:\/\/www.laguiadepamplona.com\/actualidad\/las-mejoras-medioambientales-y-o-paisajisticas-del-corredor-peatonal-y-ciclista-de-beloso-supondran-un-10-de-la-puntuacion-total-segun-la-nueva-licitacion-del-proyecto\/"]}]},{"@type":"ImageObject","inLanguage":"es","@id":"https:\/\/www.laguiadepamplona.com\/actualidad\/las-mejoras-medioambientales-y-o-paisajisticas-del-corredor-peatonal-y-ciclista-de-beloso-supondran-un-10-de-la-puntuacion-total-segun-la-nueva-licitacion-del-proyecto\/#primaryimage","url":"https:\/\/www.laguiadepamplona.com\/actualidad\/wp-content\/uploads\/2023\/10\/beloso.webp","contentUrl":"https:\/\/www.laguiadepamplona.com\/actualidad\/wp-content\/uploads\/2023\/10\/beloso.webp","width":1200,"height":801,"caption":"beloso"},{"@type":"BreadcrumbList","@id":"https:\/\/www.laguiadepamplona.com\/actualidad\/las-mejoras-medioambientales-y-o-paisajisticas-del-corredor-peatonal-y-ciclista-de-beloso-supondran-un-10-de-la-puntuacion-total-segun-la-nueva-licitacion-del-proyecto\/#breadcrumb","itemListElement":[{"@type":"ListItem","position":1,"name":"Portada","item":"https:\/\/www.laguiadepamplona.com\/actualidad\/"},{"@type":"ListItem","position":2,"name":"Las mejoras medioambientales y\/o paisaj\u00edsticas del corredor peatonal y ciclista de Beloso supondr\u00e1n un 10% de la puntuaci\u00f3n total, seg\u00fan la nueva licitaci\u00f3n del proyecto"}]},{"@type":"WebSite","@id":"https:\/\/www.laguiadepamplona.com\/actualidad\/#website","url":"https:\/\/www.laguiadepamplona.com\/actualidad\/","name":"La gu\u00eda de Pamplona","description":"Noticias de Pamplona","publisher":{"@id":"https:\/\/www.laguiadepamplona.com\/actualidad\/#organization"},"potentialAction":[{"@type":"SearchAction","target":{"@type":"EntryPoint","urlTemplate":"https:\/\/www.laguiadepamplona.com\/actualidad\/?s={search_term_string}"},"query-input":{"@type":"PropertyValueSpecification","valueRequired":true,"valueName":"search_term_string"}}],"inLanguage":"es"},{"@type":"Organization","@id":"https:\/\/www.laguiadepamplona.com\/actualidad\/#organization","name":"La Gu\u00eda de Pamplona \/ Noticias","url":"https:\/\/www.laguiadepamplona.com\/actualidad\/","logo":{"@type":"ImageObject","inLanguage":"es","@id":"https:\/\/www.laguiadepamplona.com\/actualidad\/#\/schema\/logo\/image\/","url":"https:\/\/www.laguiadepamplona.com\/actualidad\/wp-content\/uploads\/2018\/11\/logo-laguiadepamplona18-web1.png","contentUrl":"https:\/\/www.laguiadepamplona.com\/actualidad\/wp-content\/uploads\/2018\/11\/logo-laguiadepamplona18-web1.png","width":600,"height":196,"caption":"La Gu\u00eda de Pamplona \/ Noticias"},"image":{"@id":"https:\/\/www.laguiadepamplona.com\/actualidad\/#\/schema\/logo\/image\/"},"sameAs":["https:\/\/www.facebook.com\/laguiadepamplonacom-133175176762273\/?ref=hl","https:\/\/x.com\/LaGuiadPamplona","https:\/\/www.instagram.com\/la_guia_de_pamplona\/","https:\/\/www.youtube.com\/user\/laguiadepamplona"]},{"@type":"Person","@id":"https:\/\/www.laguiadepamplona.com\/actualidad\/#\/schema\/person\/efe887376f0213d4657c93adc50b1fdb","name":"La Gu\u00eda de Pamplona","image":{"@type":"ImageObject","inLanguage":"es","@id":"https:\/\/secure.gravatar.com\/avatar\/b6992f131dc8d30ab0dff15446e9d346d9dbd95992de0fef795073f5ea83a81c?s=96&d=mm&r=g","url":"https:\/\/secure.gravatar.com\/avatar\/b6992f131dc8d30ab0dff15446e9d346d9dbd95992de0fef795073f5ea83a81c?s=96&d=mm&r=g","contentUrl":"https:\/\/secure.gravatar.com\/avatar\/b6992f131dc8d30ab0dff15446e9d346d9dbd95992de0fef795073f5ea83a81c?s=96&d=mm&r=g","caption":"La Gu\u00eda de Pamplona"}}]}},"post_mailing_queue_ids":[],"_links":{"self":[{"href":"https:\/\/www.laguiadepamplona.com\/actualidad\/wp-json\/wp\/v2\/posts\/47624","targetHints":{"allow":["GET"]}}],"collection":[{"href":"https:\/\/www.laguiadepamplona.com\/actualidad\/wp-json\/wp\/v2\/posts"}],"about":[{"href":"https:\/\/www.laguiadepamplona.com\/actualidad\/wp-json\/wp\/v2\/types\/post"}],"author":[{"embeddable":true,"href":"https:\/\/www.laguiadepamplona.com\/actualidad\/wp-json\/wp\/v2\/users\/1"}],"replies":[{"embeddable":true,"href":"https:\/\/www.laguiadepamplona.com\/actualidad\/wp-json\/wp\/v2\/comments?post=47624"}],"version-history":[{"count":1,"href":"https:\/\/www.laguiadepamplona.com\/actualidad\/wp-json\/wp\/v2\/posts\/47624\/revisions"}],"predecessor-version":[{"id":47626,"href":"https:\/\/www.laguiadepamplona.com\/actualidad\/wp-json\/wp\/v2\/posts\/47624\/revisions\/47626"}],"wp:featuredmedia":[{"embeddable":true,"href":"https:\/\/www.laguiadepamplona.com\/actualidad\/wp-json\/wp\/v2\/media\/47625"}],"wp:attachment":[{"href":"https:\/\/www.laguiadepamplona.com\/actualidad\/wp-json\/wp\/v2\/media?parent=47624"}],"wp:term":[{"taxonomy":"category","embeddable":true,"href":"https:\/\/www.laguiadepamplona.com\/actualidad\/wp-json\/wp\/v2\/categories?post=47624"},{"taxonomy":"post_tag","embeddable":true,"href":"https:\/\/www.laguiadepamplona.com\/actualidad\/wp-json\/wp\/v2\/tags?post=47624"}],"curies":[{"name":"wp","href":"https:\/\/api.w.org\/{rel}","templated":true}]}}