{"id":47619,"date":"2023-10-18T12:42:17","date_gmt":"2023-10-18T10:42:17","guid":{"rendered":"https:\/\/www.laguiadepamplona.com\/actualidad\/?p=47619"},"modified":"2023-10-18T12:42:17","modified_gmt":"2023-10-18T10:42:17","slug":"la-fachada-de-la-casa-consistorial-se-ilumina-en-rosa-y-morado-para-dar-visibilidad-al-dia-internacional-del-cancer-de-mama-y-al-dia-mundial-de-las-mastocitosis","status":"publish","type":"post","link":"https:\/\/www.laguiadepamplona.com\/actualidad\/la-fachada-de-la-casa-consistorial-se-ilumina-en-rosa-y-morado-para-dar-visibilidad-al-dia-internacional-del-cancer-de-mama-y-al-dia-mundial-de-las-mastocitosis\/","title":{"rendered":"La fachada de la Casa Consistorial se ilumina en rosa y morado para dar visibilidad al D\u00eda Internacional del C\u00e1ncer de Mama y al D\u00eda Mundial de las Mastocitosis"},"content":{"rendered":"<h3>Las dos conmemoraciones, el jueves y el viernes, buscan impulsar la investigaci\u00f3n para mejorar el diagn\u00f3stico y el tratamiento de las personas afectadas<\/h3>\n<p><!--more--><\/p>\n<p>La fachada de la Casa Consistorial se ilumina esta semana en rosa y morado para dar mayor visibilidad al D\u00eda Internacional del C\u00e1ncer de Mama y el D\u00eda Mundial de las Mastocitosis y Patolog\u00edas Mastocitarias. La fachada lucir\u00e1 en color rosa este jueves y en morado el viernes para dar mayor visibilidad a estas conmemoraciones.<\/p>\n<p>Este jueves el color rosa en la fachada se unir\u00e1 a las reivindicaciones del D\u00eda Internacional del C\u00e1ncer de Mama, que apuesta por la investigaci\u00f3n para hallar una cura a esta enfermedad. En los \u00faltimos a\u00f1os, los avances cient\u00edficos han permitido reducir notablemente el \u00edndice de mortalidad. La celebraci\u00f3n de este d\u00eda busca sensibilizar a la poblaci\u00f3n sobre la importancia de la detecci\u00f3n precoz, para mejorar los pron\u00f3sticos y supervivencia de las personas afectadas.<br \/>\n<script async src=\"\/\/pagead2.googlesyndication.com\/pagead\/js\/adsbygoogle.js\"><\/script><br \/>\n<!-- Noticias La Guia de Pamplona --><br \/>\n<ins class=\"adsbygoogle\"\nstyle=\"display:block\"\ndata-ad-client=\"ca-pub-6943679897239327\"\ndata-ad-slot=\"7048180777\"\ndata-ad-format=\"auto\"><\/ins><br \/>\n<script>\n(adsbygoogle = window.adsbygoogle || []).push({});\n<\/script><\/p>\n<p>El c\u00e1ncer de mama afecta mayoritariamente a mujeres y son factores de riesgo la obesidad, el consumo excesivo de tabaco y alcohol, antecedentes familiares y el uso prolongado de hormonas. En Navarra se diagnostican m\u00e1s de 400 casos cada a\u00f1o. Para apoyar la investigaci\u00f3n, la asociaci\u00f3n Saray organiza diversas actividades en Pamplona, como un evento de sensibilizaci\u00f3n este s\u00e1bado por la ma\u00f1ana y la XII Carrera en Solidaridad contra el C\u00e1ncer de Mama, el domingo 29 de octubre.<\/p>\n<p>El viernes se conmemora el D\u00eda Mundial de la Mastocitosis y Patolog\u00edas Mastocitarias, con el color morado para concienciar sobre estas enfermedades raras originadas por un incremento del n\u00famero de mastocitos en diversas zonas del cuerpo. La diversidad de s\u00edntomas que origina, como inflamaci\u00f3n, alteraci\u00f3n del sistema inmune, prurito o n\u00e1useas, dificulta su diagn\u00f3stico y por tanto el tratamiento.<\/p>\n<p>La mastocitosis tiene una prevalencia bastante baja y afecta a personas de todas las edades. Para dar visibilidad, informar y fortalecer la investigaci\u00f3n, la Asociaci\u00f3n Espa\u00f1ola de Mastocitosis y Enfermedades Relacionadas (AEDM) y la Fundaci\u00f3n Espa\u00f1ola de Mastocitosis (FEM) realizan campa\u00f1as de concienciaci\u00f3n. Adem\u00e1s, este viernes estrenan <a href=\"https:\/\/www.mastocitosis.com\/\" target=\"_blank\" rel=\"noopener\">p\u00e1gina web<\/a> para dar mayor relevancia al D\u00eda Mundial.<br \/>\n<script async src=\"\/\/pagead2.googlesyndication.com\/pagead\/js\/adsbygoogle.js\"><\/script><br \/>\n<!-- Noticias La Guia de Pamplona --><br \/>\n<ins class=\"adsbygoogle\"\nstyle=\"display:block\"\ndata-ad-client=\"ca-pub-6943679897239327\"\ndata-ad-slot=\"7048180777\"\ndata-ad-format=\"auto\"><\/ins><br \/>\n<script>\n(adsbygoogle = window.adsbygoogle || []).push({});\n<\/script><\/p>\n<p>&nbsp;<\/p>\n<h3>Iluminaciones Jueves y Viernes<\/h3>\n<ul>\n<li>Jueves 19 de octubre: D\u00eda Internacional del C\u00e1ncer de Mama (fachada en color rosa)<\/li>\n<li>Viernes 20 de octubre: D\u00eda Mundial de las Mastocitosis y Patolog\u00edas Mastocitarias (fachada en color morado)<\/li>\n<\/ul>\n","protected":false},"excerpt":{"rendered":"<p>Las dos conmemoraciones, el jueves y el viernes, buscan impulsar la investigaci\u00f3n para mejorar el diagn\u00f3stico y el tratamiento de las personas afectadas<\/p>\n","protected":false},"author":1,"featured_media":40303,"comment_status":"open","ping_status":"closed","sticky":false,"template":"","format":"standard","meta":{"footnotes":""},"categories":[2],"tags":[],"class_list":["post-47619","post","type-post","status-publish","format-standard","has-post-thumbnail","hentry","category-ayuntamiento-pamplona"],"yoast_head":"<!-- This site is optimized with the Yoast SEO plugin v27.3 - https:\/\/yoast.com\/product\/yoast-seo-wordpress\/ -->\n<title>La fachada de la Casa Consistorial se ilumina en rosa y morado para dar visibilidad al D\u00eda Internacional del C\u00e1ncer de Mama y al D\u00eda Mundial de las Mastocitosis<\/title>\n<meta name=\"description\" content=\"Las dos conmemoraciones, el jueves y el viernes, buscan impulsar la investigaci\u00f3n para mejorar el diagn\u00f3stico y el tratamiento de las personas afectadas\" \/>\n<meta name=\"robots\" content=\"index, follow, max-snippet:-1, max-image-preview:large, max-video-preview:-1\" \/>\n<link rel=\"canonical\" href=\"https:\/\/www.laguiadepamplona.com\/actualidad\/la-fachada-de-la-casa-consistorial-se-ilumina-en-rosa-y-morado-para-dar-visibilidad-al-dia-internacional-del-cancer-de-mama-y-al-dia-mundial-de-las-mastocitosis\/\" \/>\n<meta property=\"og:locale\" content=\"es_ES\" \/>\n<meta property=\"og:type\" content=\"article\" \/>\n<meta property=\"og:title\" content=\"La fachada de la Casa Consistorial se ilumina en rosa y morado para dar visibilidad al D\u00eda Internacional del C\u00e1ncer de Mama y al D\u00eda Mundial de las Mastocitosis\" \/>\n<meta property=\"og:description\" content=\"Las dos conmemoraciones, el jueves y el viernes, buscan impulsar la investigaci\u00f3n para mejorar el diagn\u00f3stico y el tratamiento de las personas afectadas\" \/>\n<meta property=\"og:url\" content=\"https:\/\/www.laguiadepamplona.com\/actualidad\/la-fachada-de-la-casa-consistorial-se-ilumina-en-rosa-y-morado-para-dar-visibilidad-al-dia-internacional-del-cancer-de-mama-y-al-dia-mundial-de-las-mastocitosis\/\" \/>\n<meta property=\"og:site_name\" content=\"La Gu\u00eda de Pamplona\" \/>\n<meta property=\"article:publisher\" content=\"https:\/\/www.facebook.com\/laguiadepamplonacom-133175176762273\/?ref=hl\" \/>\n<meta property=\"article:published_time\" content=\"2023-10-18T10:42:17+00:00\" \/>\n<meta property=\"og:image\" content=\"https:\/\/www.laguiadepamplona.com\/actualidad\/wp-content\/uploads\/2022\/05\/fachada-rosa-morada-copia.webp\" \/>\n\t<meta property=\"og:image:width\" content=\"1772\" \/>\n\t<meta property=\"og:image:height\" content=\"1181\" \/>\n\t<meta property=\"og:image:type\" content=\"image\/webp\" \/>\n<meta name=\"author\" content=\"La Gu\u00eda de Pamplona\" \/>\n<meta name=\"twitter:card\" content=\"summary_large_image\" \/>\n<meta name=\"twitter:creator\" content=\"@LaGuiadPamplona\" \/>\n<meta name=\"twitter:site\" content=\"@LaGuiadPamplona\" \/>\n<meta name=\"twitter:label1\" content=\"Escrito por\" \/>\n\t<meta name=\"twitter:data1\" content=\"La Gu\u00eda de Pamplona\" \/>\n\t<meta name=\"twitter:label2\" content=\"Tiempo de lectura\" \/>\n\t<meta name=\"twitter:data2\" content=\"2 minutos\" \/>\n<script type=\"application\/ld+json\" class=\"yoast-schema-graph\">{\"@context\":\"https:\\\/\\\/schema.org\",\"@graph\":[{\"@type\":\"Article\",\"@id\":\"https:\\\/\\\/www.laguiadepamplona.com\\\/actualidad\\\/la-fachada-de-la-casa-consistorial-se-ilumina-en-rosa-y-morado-para-dar-visibilidad-al-dia-internacional-del-cancer-de-mama-y-al-dia-mundial-de-las-mastocitosis\\\/#article\",\"isPartOf\":{\"@id\":\"https:\\\/\\\/www.laguiadepamplona.com\\\/actualidad\\\/la-fachada-de-la-casa-consistorial-se-ilumina-en-rosa-y-morado-para-dar-visibilidad-al-dia-internacional-del-cancer-de-mama-y-al-dia-mundial-de-las-mastocitosis\\\/\"},\"author\":{\"name\":\"La Gu\u00eda de Pamplona\",\"@id\":\"https:\\\/\\\/www.laguiadepamplona.com\\\/actualidad\\\/#\\\/schema\\\/person\\\/efe887376f0213d4657c93adc50b1fdb\"},\"headline\":\"La fachada de la Casa Consistorial se ilumina en rosa y morado para dar visibilidad al D\u00eda Internacional del C\u00e1ncer de Mama y al D\u00eda Mundial de las Mastocitosis\",\"datePublished\":\"2023-10-18T10:42:17+00:00\",\"mainEntityOfPage\":{\"@id\":\"https:\\\/\\\/www.laguiadepamplona.com\\\/actualidad\\\/la-fachada-de-la-casa-consistorial-se-ilumina-en-rosa-y-morado-para-dar-visibilidad-al-dia-internacional-del-cancer-de-mama-y-al-dia-mundial-de-las-mastocitosis\\\/\"},\"wordCount\":455,\"commentCount\":0,\"publisher\":{\"@id\":\"https:\\\/\\\/www.laguiadepamplona.com\\\/actualidad\\\/#organization\"},\"image\":{\"@id\":\"https:\\\/\\\/www.laguiadepamplona.com\\\/actualidad\\\/la-fachada-de-la-casa-consistorial-se-ilumina-en-rosa-y-morado-para-dar-visibilidad-al-dia-internacional-del-cancer-de-mama-y-al-dia-mundial-de-las-mastocitosis\\\/#primaryimage\"},\"thumbnailUrl\":\"https:\\\/\\\/www.laguiadepamplona.com\\\/actualidad\\\/wp-content\\\/uploads\\\/2022\\\/05\\\/fachada-rosa-morada-copia.webp\",\"articleSection\":[\"Ayto Pamplona\"],\"inLanguage\":\"es\",\"potentialAction\":[{\"@type\":\"CommentAction\",\"name\":\"Comment\",\"target\":[\"https:\\\/\\\/www.laguiadepamplona.com\\\/actualidad\\\/la-fachada-de-la-casa-consistorial-se-ilumina-en-rosa-y-morado-para-dar-visibilidad-al-dia-internacional-del-cancer-de-mama-y-al-dia-mundial-de-las-mastocitosis\\\/#respond\"]}]},{\"@type\":\"WebPage\",\"@id\":\"https:\\\/\\\/www.laguiadepamplona.com\\\/actualidad\\\/la-fachada-de-la-casa-consistorial-se-ilumina-en-rosa-y-morado-para-dar-visibilidad-al-dia-internacional-del-cancer-de-mama-y-al-dia-mundial-de-las-mastocitosis\\\/\",\"url\":\"https:\\\/\\\/www.laguiadepamplona.com\\\/actualidad\\\/la-fachada-de-la-casa-consistorial-se-ilumina-en-rosa-y-morado-para-dar-visibilidad-al-dia-internacional-del-cancer-de-mama-y-al-dia-mundial-de-las-mastocitosis\\\/\",\"name\":\"La fachada de la Casa Consistorial se ilumina en rosa y morado para dar visibilidad al D\u00eda Internacional del C\u00e1ncer de Mama y al D\u00eda Mundial de las Mastocitosis\",\"isPartOf\":{\"@id\":\"https:\\\/\\\/www.laguiadepamplona.com\\\/actualidad\\\/#website\"},\"primaryImageOfPage\":{\"@id\":\"https:\\\/\\\/www.laguiadepamplona.com\\\/actualidad\\\/la-fachada-de-la-casa-consistorial-se-ilumina-en-rosa-y-morado-para-dar-visibilidad-al-dia-internacional-del-cancer-de-mama-y-al-dia-mundial-de-las-mastocitosis\\\/#primaryimage\"},\"image\":{\"@id\":\"https:\\\/\\\/www.laguiadepamplona.com\\\/actualidad\\\/la-fachada-de-la-casa-consistorial-se-ilumina-en-rosa-y-morado-para-dar-visibilidad-al-dia-internacional-del-cancer-de-mama-y-al-dia-mundial-de-las-mastocitosis\\\/#primaryimage\"},\"thumbnailUrl\":\"https:\\\/\\\/www.laguiadepamplona.com\\\/actualidad\\\/wp-content\\\/uploads\\\/2022\\\/05\\\/fachada-rosa-morada-copia.webp\",\"datePublished\":\"2023-10-18T10:42:17+00:00\",\"description\":\"Las dos conmemoraciones, el jueves y el viernes, buscan impulsar la investigaci\u00f3n para mejorar el diagn\u00f3stico y el tratamiento de las personas afectadas\",\"breadcrumb\":{\"@id\":\"https:\\\/\\\/www.laguiadepamplona.com\\\/actualidad\\\/la-fachada-de-la-casa-consistorial-se-ilumina-en-rosa-y-morado-para-dar-visibilidad-al-dia-internacional-del-cancer-de-mama-y-al-dia-mundial-de-las-mastocitosis\\\/#breadcrumb\"},\"inLanguage\":\"es\",\"potentialAction\":[{\"@type\":\"ReadAction\",\"target\":[\"https:\\\/\\\/www.laguiadepamplona.com\\\/actualidad\\\/la-fachada-de-la-casa-consistorial-se-ilumina-en-rosa-y-morado-para-dar-visibilidad-al-dia-internacional-del-cancer-de-mama-y-al-dia-mundial-de-las-mastocitosis\\\/\"]}]},{\"@type\":\"ImageObject\",\"inLanguage\":\"es\",\"@id\":\"https:\\\/\\\/www.laguiadepamplona.com\\\/actualidad\\\/la-fachada-de-la-casa-consistorial-se-ilumina-en-rosa-y-morado-para-dar-visibilidad-al-dia-internacional-del-cancer-de-mama-y-al-dia-mundial-de-las-mastocitosis\\\/#primaryimage\",\"url\":\"https:\\\/\\\/www.laguiadepamplona.com\\\/actualidad\\\/wp-content\\\/uploads\\\/2022\\\/05\\\/fachada-rosa-morada-copia.webp\",\"contentUrl\":\"https:\\\/\\\/www.laguiadepamplona.com\\\/actualidad\\\/wp-content\\\/uploads\\\/2022\\\/05\\\/fachada-rosa-morada-copia.webp\",\"width\":1772,\"height\":1181,\"caption\":\"fachada rosa morado ayuntamiento\"},{\"@type\":\"BreadcrumbList\",\"@id\":\"https:\\\/\\\/www.laguiadepamplona.com\\\/actualidad\\\/la-fachada-de-la-casa-consistorial-se-ilumina-en-rosa-y-morado-para-dar-visibilidad-al-dia-internacional-del-cancer-de-mama-y-al-dia-mundial-de-las-mastocitosis\\\/#breadcrumb\",\"itemListElement\":[{\"@type\":\"ListItem\",\"position\":1,\"name\":\"Portada\",\"item\":\"https:\\\/\\\/www.laguiadepamplona.com\\\/actualidad\\\/\"},{\"@type\":\"ListItem\",\"position\":2,\"name\":\"La fachada de la Casa Consistorial se ilumina en rosa y morado para dar visibilidad al D\u00eda Internacional del C\u00e1ncer de Mama y al D\u00eda Mundial de las Mastocitosis\"}]},{\"@type\":\"WebSite\",\"@id\":\"https:\\\/\\\/www.laguiadepamplona.com\\\/actualidad\\\/#website\",\"url\":\"https:\\\/\\\/www.laguiadepamplona.com\\\/actualidad\\\/\",\"name\":\"La gu\u00eda de Pamplona\",\"description\":\"Noticias de Pamplona\",\"publisher\":{\"@id\":\"https:\\\/\\\/www.laguiadepamplona.com\\\/actualidad\\\/#organization\"},\"potentialAction\":[{\"@type\":\"SearchAction\",\"target\":{\"@type\":\"EntryPoint\",\"urlTemplate\":\"https:\\\/\\\/www.laguiadepamplona.com\\\/actualidad\\\/?s={search_term_string}\"},\"query-input\":{\"@type\":\"PropertyValueSpecification\",\"valueRequired\":true,\"valueName\":\"search_term_string\"}}],\"inLanguage\":\"es\"},{\"@type\":\"Organization\",\"@id\":\"https:\\\/\\\/www.laguiadepamplona.com\\\/actualidad\\\/#organization\",\"name\":\"La Gu\u00eda de Pamplona \\\/ Noticias\",\"url\":\"https:\\\/\\\/www.laguiadepamplona.com\\\/actualidad\\\/\",\"logo\":{\"@type\":\"ImageObject\",\"inLanguage\":\"es\",\"@id\":\"https:\\\/\\\/www.laguiadepamplona.com\\\/actualidad\\\/#\\\/schema\\\/logo\\\/image\\\/\",\"url\":\"https:\\\/\\\/www.laguiadepamplona.com\\\/actualidad\\\/wp-content\\\/uploads\\\/2018\\\/11\\\/logo-laguiadepamplona18-web1.png\",\"contentUrl\":\"https:\\\/\\\/www.laguiadepamplona.com\\\/actualidad\\\/wp-content\\\/uploads\\\/2018\\\/11\\\/logo-laguiadepamplona18-web1.png\",\"width\":600,\"height\":196,\"caption\":\"La Gu\u00eda de Pamplona \\\/ Noticias\"},\"image\":{\"@id\":\"https:\\\/\\\/www.laguiadepamplona.com\\\/actualidad\\\/#\\\/schema\\\/logo\\\/image\\\/\"},\"sameAs\":[\"https:\\\/\\\/www.facebook.com\\\/laguiadepamplonacom-133175176762273\\\/?ref=hl\",\"https:\\\/\\\/x.com\\\/LaGuiadPamplona\",\"https:\\\/\\\/www.instagram.com\\\/la_guia_de_pamplona\\\/\",\"https:\\\/\\\/www.youtube.com\\\/user\\\/laguiadepamplona\"]},{\"@type\":\"Person\",\"@id\":\"https:\\\/\\\/www.laguiadepamplona.com\\\/actualidad\\\/#\\\/schema\\\/person\\\/efe887376f0213d4657c93adc50b1fdb\",\"name\":\"La Gu\u00eda de Pamplona\",\"image\":{\"@type\":\"ImageObject\",\"inLanguage\":\"es\",\"@id\":\"https:\\\/\\\/secure.gravatar.com\\\/avatar\\\/b6992f131dc8d30ab0dff15446e9d346d9dbd95992de0fef795073f5ea83a81c?s=96&d=mm&r=g\",\"url\":\"https:\\\/\\\/secure.gravatar.com\\\/avatar\\\/b6992f131dc8d30ab0dff15446e9d346d9dbd95992de0fef795073f5ea83a81c?s=96&d=mm&r=g\",\"contentUrl\":\"https:\\\/\\\/secure.gravatar.com\\\/avatar\\\/b6992f131dc8d30ab0dff15446e9d346d9dbd95992de0fef795073f5ea83a81c?s=96&d=mm&r=g\",\"caption\":\"La Gu\u00eda de Pamplona\"}}]}<\/script>\n<!-- \/ Yoast SEO plugin. -->","yoast_head_json":{"title":"La fachada de la Casa Consistorial se ilumina en rosa y morado para dar visibilidad al D\u00eda Internacional del C\u00e1ncer de Mama y al D\u00eda Mundial de las Mastocitosis","description":"Las dos conmemoraciones, el jueves y el viernes, buscan impulsar la investigaci\u00f3n para mejorar el diagn\u00f3stico y el tratamiento de las personas afectadas","robots":{"index":"index","follow":"follow","max-snippet":"max-snippet:-1","max-image-preview":"max-image-preview:large","max-video-preview":"max-video-preview:-1"},"canonical":"https:\/\/www.laguiadepamplona.com\/actualidad\/la-fachada-de-la-casa-consistorial-se-ilumina-en-rosa-y-morado-para-dar-visibilidad-al-dia-internacional-del-cancer-de-mama-y-al-dia-mundial-de-las-mastocitosis\/","og_locale":"es_ES","og_type":"article","og_title":"La fachada de la Casa Consistorial se ilumina en rosa y morado para dar visibilidad al D\u00eda Internacional del C\u00e1ncer de Mama y al D\u00eda Mundial de las Mastocitosis","og_description":"Las dos conmemoraciones, el jueves y el viernes, buscan impulsar la investigaci\u00f3n para mejorar el diagn\u00f3stico y el tratamiento de las personas afectadas","og_url":"https:\/\/www.laguiadepamplona.com\/actualidad\/la-fachada-de-la-casa-consistorial-se-ilumina-en-rosa-y-morado-para-dar-visibilidad-al-dia-internacional-del-cancer-de-mama-y-al-dia-mundial-de-las-mastocitosis\/","og_site_name":"La Gu\u00eda de Pamplona","article_publisher":"https:\/\/www.facebook.com\/laguiadepamplonacom-133175176762273\/?ref=hl","article_published_time":"2023-10-18T10:42:17+00:00","og_image":[{"width":1772,"height":1181,"url":"https:\/\/www.laguiadepamplona.com\/actualidad\/wp-content\/uploads\/2022\/05\/fachada-rosa-morada-copia.webp","type":"image\/webp"}],"author":"La Gu\u00eda de Pamplona","twitter_card":"summary_large_image","twitter_creator":"@LaGuiadPamplona","twitter_site":"@LaGuiadPamplona","twitter_misc":{"Escrito por":"La Gu\u00eda de Pamplona","Tiempo de lectura":"2 minutos"},"schema":{"@context":"https:\/\/schema.org","@graph":[{"@type":"Article","@id":"https:\/\/www.laguiadepamplona.com\/actualidad\/la-fachada-de-la-casa-consistorial-se-ilumina-en-rosa-y-morado-para-dar-visibilidad-al-dia-internacional-del-cancer-de-mama-y-al-dia-mundial-de-las-mastocitosis\/#article","isPartOf":{"@id":"https:\/\/www.laguiadepamplona.com\/actualidad\/la-fachada-de-la-casa-consistorial-se-ilumina-en-rosa-y-morado-para-dar-visibilidad-al-dia-internacional-del-cancer-de-mama-y-al-dia-mundial-de-las-mastocitosis\/"},"author":{"name":"La Gu\u00eda de Pamplona","@id":"https:\/\/www.laguiadepamplona.com\/actualidad\/#\/schema\/person\/efe887376f0213d4657c93adc50b1fdb"},"headline":"La fachada de la Casa Consistorial se ilumina en rosa y morado para dar visibilidad al D\u00eda Internacional del C\u00e1ncer de Mama y al D\u00eda Mundial de las Mastocitosis","datePublished":"2023-10-18T10:42:17+00:00","mainEntityOfPage":{"@id":"https:\/\/www.laguiadepamplona.com\/actualidad\/la-fachada-de-la-casa-consistorial-se-ilumina-en-rosa-y-morado-para-dar-visibilidad-al-dia-internacional-del-cancer-de-mama-y-al-dia-mundial-de-las-mastocitosis\/"},"wordCount":455,"commentCount":0,"publisher":{"@id":"https:\/\/www.laguiadepamplona.com\/actualidad\/#organization"},"image":{"@id":"https:\/\/www.laguiadepamplona.com\/actualidad\/la-fachada-de-la-casa-consistorial-se-ilumina-en-rosa-y-morado-para-dar-visibilidad-al-dia-internacional-del-cancer-de-mama-y-al-dia-mundial-de-las-mastocitosis\/#primaryimage"},"thumbnailUrl":"https:\/\/www.laguiadepamplona.com\/actualidad\/wp-content\/uploads\/2022\/05\/fachada-rosa-morada-copia.webp","articleSection":["Ayto Pamplona"],"inLanguage":"es","potentialAction":[{"@type":"CommentAction","name":"Comment","target":["https:\/\/www.laguiadepamplona.com\/actualidad\/la-fachada-de-la-casa-consistorial-se-ilumina-en-rosa-y-morado-para-dar-visibilidad-al-dia-internacional-del-cancer-de-mama-y-al-dia-mundial-de-las-mastocitosis\/#respond"]}]},{"@type":"WebPage","@id":"https:\/\/www.laguiadepamplona.com\/actualidad\/la-fachada-de-la-casa-consistorial-se-ilumina-en-rosa-y-morado-para-dar-visibilidad-al-dia-internacional-del-cancer-de-mama-y-al-dia-mundial-de-las-mastocitosis\/","url":"https:\/\/www.laguiadepamplona.com\/actualidad\/la-fachada-de-la-casa-consistorial-se-ilumina-en-rosa-y-morado-para-dar-visibilidad-al-dia-internacional-del-cancer-de-mama-y-al-dia-mundial-de-las-mastocitosis\/","name":"La fachada de la Casa Consistorial se ilumina en rosa y morado para dar visibilidad al D\u00eda Internacional del C\u00e1ncer de Mama y al D\u00eda Mundial de las Mastocitosis","isPartOf":{"@id":"https:\/\/www.laguiadepamplona.com\/actualidad\/#website"},"primaryImageOfPage":{"@id":"https:\/\/www.laguiadepamplona.com\/actualidad\/la-fachada-de-la-casa-consistorial-se-ilumina-en-rosa-y-morado-para-dar-visibilidad-al-dia-internacional-del-cancer-de-mama-y-al-dia-mundial-de-las-mastocitosis\/#primaryimage"},"image":{"@id":"https:\/\/www.laguiadepamplona.com\/actualidad\/la-fachada-de-la-casa-consistorial-se-ilumina-en-rosa-y-morado-para-dar-visibilidad-al-dia-internacional-del-cancer-de-mama-y-al-dia-mundial-de-las-mastocitosis\/#primaryimage"},"thumbnailUrl":"https:\/\/www.laguiadepamplona.com\/actualidad\/wp-content\/uploads\/2022\/05\/fachada-rosa-morada-copia.webp","datePublished":"2023-10-18T10:42:17+00:00","description":"Las dos conmemoraciones, el jueves y el viernes, buscan impulsar la investigaci\u00f3n para mejorar el diagn\u00f3stico y el tratamiento de las personas afectadas","breadcrumb":{"@id":"https:\/\/www.laguiadepamplona.com\/actualidad\/la-fachada-de-la-casa-consistorial-se-ilumina-en-rosa-y-morado-para-dar-visibilidad-al-dia-internacional-del-cancer-de-mama-y-al-dia-mundial-de-las-mastocitosis\/#breadcrumb"},"inLanguage":"es","potentialAction":[{"@type":"ReadAction","target":["https:\/\/www.laguiadepamplona.com\/actualidad\/la-fachada-de-la-casa-consistorial-se-ilumina-en-rosa-y-morado-para-dar-visibilidad-al-dia-internacional-del-cancer-de-mama-y-al-dia-mundial-de-las-mastocitosis\/"]}]},{"@type":"ImageObject","inLanguage":"es","@id":"https:\/\/www.laguiadepamplona.com\/actualidad\/la-fachada-de-la-casa-consistorial-se-ilumina-en-rosa-y-morado-para-dar-visibilidad-al-dia-internacional-del-cancer-de-mama-y-al-dia-mundial-de-las-mastocitosis\/#primaryimage","url":"https:\/\/www.laguiadepamplona.com\/actualidad\/wp-content\/uploads\/2022\/05\/fachada-rosa-morada-copia.webp","contentUrl":"https:\/\/www.laguiadepamplona.com\/actualidad\/wp-content\/uploads\/2022\/05\/fachada-rosa-morada-copia.webp","width":1772,"height":1181,"caption":"fachada rosa morado ayuntamiento"},{"@type":"BreadcrumbList","@id":"https:\/\/www.laguiadepamplona.com\/actualidad\/la-fachada-de-la-casa-consistorial-se-ilumina-en-rosa-y-morado-para-dar-visibilidad-al-dia-internacional-del-cancer-de-mama-y-al-dia-mundial-de-las-mastocitosis\/#breadcrumb","itemListElement":[{"@type":"ListItem","position":1,"name":"Portada","item":"https:\/\/www.laguiadepamplona.com\/actualidad\/"},{"@type":"ListItem","position":2,"name":"La fachada de la Casa Consistorial se ilumina en rosa y morado para dar visibilidad al D\u00eda Internacional del C\u00e1ncer de Mama y al D\u00eda Mundial de las Mastocitosis"}]},{"@type":"WebSite","@id":"https:\/\/www.laguiadepamplona.com\/actualidad\/#website","url":"https:\/\/www.laguiadepamplona.com\/actualidad\/","name":"La gu\u00eda de Pamplona","description":"Noticias de Pamplona","publisher":{"@id":"https:\/\/www.laguiadepamplona.com\/actualidad\/#organization"},"potentialAction":[{"@type":"SearchAction","target":{"@type":"EntryPoint","urlTemplate":"https:\/\/www.laguiadepamplona.com\/actualidad\/?s={search_term_string}"},"query-input":{"@type":"PropertyValueSpecification","valueRequired":true,"valueName":"search_term_string"}}],"inLanguage":"es"},{"@type":"Organization","@id":"https:\/\/www.laguiadepamplona.com\/actualidad\/#organization","name":"La Gu\u00eda de Pamplona \/ Noticias","url":"https:\/\/www.laguiadepamplona.com\/actualidad\/","logo":{"@type":"ImageObject","inLanguage":"es","@id":"https:\/\/www.laguiadepamplona.com\/actualidad\/#\/schema\/logo\/image\/","url":"https:\/\/www.laguiadepamplona.com\/actualidad\/wp-content\/uploads\/2018\/11\/logo-laguiadepamplona18-web1.png","contentUrl":"https:\/\/www.laguiadepamplona.com\/actualidad\/wp-content\/uploads\/2018\/11\/logo-laguiadepamplona18-web1.png","width":600,"height":196,"caption":"La Gu\u00eda de Pamplona \/ Noticias"},"image":{"@id":"https:\/\/www.laguiadepamplona.com\/actualidad\/#\/schema\/logo\/image\/"},"sameAs":["https:\/\/www.facebook.com\/laguiadepamplonacom-133175176762273\/?ref=hl","https:\/\/x.com\/LaGuiadPamplona","https:\/\/www.instagram.com\/la_guia_de_pamplona\/","https:\/\/www.youtube.com\/user\/laguiadepamplona"]},{"@type":"Person","@id":"https:\/\/www.laguiadepamplona.com\/actualidad\/#\/schema\/person\/efe887376f0213d4657c93adc50b1fdb","name":"La Gu\u00eda de Pamplona","image":{"@type":"ImageObject","inLanguage":"es","@id":"https:\/\/secure.gravatar.com\/avatar\/b6992f131dc8d30ab0dff15446e9d346d9dbd95992de0fef795073f5ea83a81c?s=96&d=mm&r=g","url":"https:\/\/secure.gravatar.com\/avatar\/b6992f131dc8d30ab0dff15446e9d346d9dbd95992de0fef795073f5ea83a81c?s=96&d=mm&r=g","contentUrl":"https:\/\/secure.gravatar.com\/avatar\/b6992f131dc8d30ab0dff15446e9d346d9dbd95992de0fef795073f5ea83a81c?s=96&d=mm&r=g","caption":"La Gu\u00eda de Pamplona"}}]}},"post_mailing_queue_ids":[],"_links":{"self":[{"href":"https:\/\/www.laguiadepamplona.com\/actualidad\/wp-json\/wp\/v2\/posts\/47619","targetHints":{"allow":["GET"]}}],"collection":[{"href":"https:\/\/www.laguiadepamplona.com\/actualidad\/wp-json\/wp\/v2\/posts"}],"about":[{"href":"https:\/\/www.laguiadepamplona.com\/actualidad\/wp-json\/wp\/v2\/types\/post"}],"author":[{"embeddable":true,"href":"https:\/\/www.laguiadepamplona.com\/actualidad\/wp-json\/wp\/v2\/users\/1"}],"replies":[{"embeddable":true,"href":"https:\/\/www.laguiadepamplona.com\/actualidad\/wp-json\/wp\/v2\/comments?post=47619"}],"version-history":[{"count":1,"href":"https:\/\/www.laguiadepamplona.com\/actualidad\/wp-json\/wp\/v2\/posts\/47619\/revisions"}],"predecessor-version":[{"id":47620,"href":"https:\/\/www.laguiadepamplona.com\/actualidad\/wp-json\/wp\/v2\/posts\/47619\/revisions\/47620"}],"wp:featuredmedia":[{"embeddable":true,"href":"https:\/\/www.laguiadepamplona.com\/actualidad\/wp-json\/wp\/v2\/media\/40303"}],"wp:attachment":[{"href":"https:\/\/www.laguiadepamplona.com\/actualidad\/wp-json\/wp\/v2\/media?parent=47619"}],"wp:term":[{"taxonomy":"category","embeddable":true,"href":"https:\/\/www.laguiadepamplona.com\/actualidad\/wp-json\/wp\/v2\/categories?post=47619"},{"taxonomy":"post_tag","embeddable":true,"href":"https:\/\/www.laguiadepamplona.com\/actualidad\/wp-json\/wp\/v2\/tags?post=47619"}],"curies":[{"name":"wp","href":"https:\/\/api.w.org\/{rel}","templated":true}]}}