{"id":47612,"date":"2023-10-18T12:36:41","date_gmt":"2023-10-18T10:36:41","guid":{"rendered":"https:\/\/www.laguiadepamplona.com\/actualidad\/?p=47612"},"modified":"2023-10-18T12:36:41","modified_gmt":"2023-10-18T10:36:41","slug":"el-aparcamiento-solar-de-cardenal-ilundain-reabre-este-miercoles-cubierto-en-su-totalidad-con-los-mas-de-2-700-paneles-de-la-mayor-instalacion-fotovoltaica-de-la-ciudad","status":"publish","type":"post","link":"https:\/\/www.laguiadepamplona.com\/actualidad\/el-aparcamiento-solar-de-cardenal-ilundain-reabre-este-miercoles-cubierto-en-su-totalidad-con-los-mas-de-2-700-paneles-de-la-mayor-instalacion-fotovoltaica-de-la-ciudad\/","title":{"rendered":"El aparcamiento solar de Cardenal Ilund\u00e1in reabre este mi\u00e9rcoles cubierto en su totalidad con los m\u00e1s de 2.700 paneles de la mayor instalaci\u00f3n fotovoltaica de la ciudad"},"content":{"rendered":"<h3>A falta de detalles menores para finalizar la obra, se mantiene como aparcamiento disuasorio gratuito las primeras 24 horas de estacionamiento<\/h3>\n<p><!--more--><\/p>\n<p>Unos 2.736 paneles conforman la instalaci\u00f3n fotovoltaica que cubre el aparcamiento disuasorio junto al CPEIP Cardenal Ilund\u00e1in en la Rochapea. Este mi\u00e9rcoles ha reabierto despu\u00e9s de tres semanas cerrado para completar la instalaci\u00f3n de los paneles, que no pudo realizarse antes en su totalidad por problemas de suministro en el mercado mundial. La instalaci\u00f3n fotovoltaica alcanza una potencia de 1,1 MW, la mayor de toda la ciudad y diez veces superior a la hasta ahora m\u00e1s potente, la instalaci\u00f3n de la estaci\u00f3n de autobuses con 100 kW.<br \/>\n<script async src=\"\/\/pagead2.googlesyndication.com\/pagead\/js\/adsbygoogle.js\"><\/script><br \/>\n<!-- Noticias La Guia de Pamplona --><br \/>\n<ins class=\"adsbygoogle\"\nstyle=\"display:block\"\ndata-ad-client=\"ca-pub-6943679897239327\"\ndata-ad-slot=\"7048180777\"\ndata-ad-format=\"auto\"><\/ins><br \/>\n<script>\n(adsbygoogle = window.adsbygoogle || []).push({});\n<\/script><\/p>\n<p>La Gerencia y la Comisi\u00f3n de Urbanismo, encabezadas por la alcaldesa de Pamplona, han visitado el nuevo aparcamiento solar que en breve concluir\u00e1 las obras de la instalaci\u00f3n fotovoltaica, a d\u00eda de hoy est\u00e1 a falta \u00fanicamente de temas menores. El aparcamiento disuasorio s\u00ed que se abre desde hoy al p\u00fablico, manteniendo el sistema de control de accesos para el estacionamiento gratuito durante las primeras 24 horas. La altura del g\u00e1libo de la cubierta de la instalaci\u00f3n fotovoltaica supera los tres metros, por lo que pueden aparcar tanto turismos como furgonetas y veh\u00edculos industriales. El parking ya estuvo abierto del 17 de agosto al 24 de septiembre, a pesar de que su cubierta estaba incompleta.<\/p>\n<p>La concesi\u00f3n administrativa de este parking solar en la parcela municipal junto al CEIP Cardenal Ilundain para la instalaci\u00f3n, gesti\u00f3n y explotaci\u00f3n de una planta de producci\u00f3n de energ\u00eda fotovoltaica compatible con el uso de aparcamiento fue adjudicada a la UTE Parking Eguzki, formada por las empresas Sunstroom Engineering SL y Sunstroom Enginering Nederlan BV. La concesi\u00f3n tiene un plazo de 20 a\u00f1os que finalizar\u00e1 el 30 de septiembre de 2042. El canon anual que deber\u00e1 pagar la UTE Parking Eguzki ser\u00e1 de 2.000 euros fijos anuales, m\u00e1s un variable correspondiente al 1,50% de los ingresos obtenidos por la venta de la energ\u00eda.<br \/>\n<script async src=\"\/\/pagead2.googlesyndication.com\/pagead\/js\/adsbygoogle.js\"><\/script><br \/>\n<!-- Noticias La Guia de Pamplona --><br \/>\n<ins class=\"adsbygoogle\"\nstyle=\"display:block\"\ndata-ad-client=\"ca-pub-6943679897239327\"\ndata-ad-slot=\"7048180777\"\ndata-ad-format=\"auto\"><\/ins><br \/>\n<script>\n(adsbygoogle = window.adsbygoogle || []).push({});\n<\/script><\/p>\n<p><strong>Futura comunidad energ\u00e9tica<\/strong><\/p>\n<p>El aparcamiento solar cuenta con 240 plazas habilitadas en una superficie de 5.500 metros cuadrados. Del total de plazas, 8 son para personas con movilidad reducida y otras 16, que se activar\u00e1n en pr\u00f3ximas fechas, est\u00e1n reservadas para la recarga de veh\u00edculos el\u00e9ctricos. Adem\u00e1s de la cubierta, se han aprovechado las obras para reurbanizar el espacio, asfaltar el aparcamiento en su totalidad, delimitar las plazas de estacionamiento y los carriles de circulaci\u00f3n o colocar un sistema de iluminaci\u00f3n artificial.<\/p>\n<p>Las empresas adjudicatarias se comprometieron a crear una comunidad energ\u00e9tica en el barrio para consumir parte de la energ\u00eda generada por la instalaci\u00f3n fotovoltaica. Una energ\u00eda de autoconsumo, de origen 100% verde, sostenible y con un precio m\u00e1s asequible y econ\u00f3mico que el del mercado. De cara a la gesti\u00f3n de esa energ\u00eda, se ha construido un nuevo centro de transformaci\u00f3n que se ha conectado a trav\u00e9s de una canalizaci\u00f3n de 250 metros con el centro ya existente. Este aparcamiento solar, el primero de la ciudad, forma parte de la Estrategia Go Green Pamplona que re\u00fane las actuaciones que el Ayuntamiento est\u00e1 realizando en la lucha contra el cambio clim\u00e1tico.<\/p>\n","protected":false},"excerpt":{"rendered":"<p>A falta de detalles menores para finalizar la obra, se mantiene como aparcamiento disuasorio gratuito las primeras 24 horas de estacionamiento<\/p>\n","protected":false},"author":1,"featured_media":47613,"comment_status":"open","ping_status":"closed","sticky":false,"template":"","format":"standard","meta":{"footnotes":""},"categories":[2],"tags":[],"class_list":["post-47612","post","type-post","status-publish","format-standard","has-post-thumbnail","hentry","category-ayuntamiento-pamplona"],"yoast_head":"<!-- This site is optimized with the Yoast SEO plugin v27.3 - https:\/\/yoast.com\/product\/yoast-seo-wordpress\/ -->\n<title>El aparcamiento solar de Cardenal Ilund\u00e1in reabre este mi\u00e9rcoles cubierto en su totalidad con los m\u00e1s de 2.700 paneles de la mayor instalaci\u00f3n fotovoltaica de la ciudad<\/title>\n<meta name=\"description\" content=\"A falta de detalles menores para finalizar la obra, se mantiene como aparcamiento disuasorio gratuito las primeras 24 horas de estacionamiento\" \/>\n<meta name=\"robots\" content=\"index, follow, max-snippet:-1, max-image-preview:large, max-video-preview:-1\" \/>\n<link rel=\"canonical\" href=\"https:\/\/www.laguiadepamplona.com\/actualidad\/el-aparcamiento-solar-de-cardenal-ilundain-reabre-este-miercoles-cubierto-en-su-totalidad-con-los-mas-de-2-700-paneles-de-la-mayor-instalacion-fotovoltaica-de-la-ciudad\/\" \/>\n<meta property=\"og:locale\" content=\"es_ES\" \/>\n<meta property=\"og:type\" content=\"article\" \/>\n<meta property=\"og:title\" content=\"El aparcamiento solar de Cardenal Ilund\u00e1in reabre este mi\u00e9rcoles cubierto en su totalidad con los m\u00e1s de 2.700 paneles de la mayor instalaci\u00f3n fotovoltaica de la ciudad\" \/>\n<meta property=\"og:description\" content=\"A falta de detalles menores para finalizar la obra, se mantiene como aparcamiento disuasorio gratuito las primeras 24 horas de estacionamiento\" \/>\n<meta property=\"og:url\" content=\"https:\/\/www.laguiadepamplona.com\/actualidad\/el-aparcamiento-solar-de-cardenal-ilundain-reabre-este-miercoles-cubierto-en-su-totalidad-con-los-mas-de-2-700-paneles-de-la-mayor-instalacion-fotovoltaica-de-la-ciudad\/\" \/>\n<meta property=\"og:site_name\" content=\"La Gu\u00eda de Pamplona\" \/>\n<meta property=\"article:publisher\" content=\"https:\/\/www.facebook.com\/laguiadepamplonacom-133175176762273\/?ref=hl\" \/>\n<meta property=\"article:published_time\" content=\"2023-10-18T10:36:41+00:00\" \/>\n<meta property=\"og:image\" content=\"https:\/\/www.laguiadepamplona.com\/actualidad\/wp-content\/uploads\/2023\/10\/20231018aparcamientocardenalilundainq5a1127.webp\" \/>\n\t<meta property=\"og:image:width\" content=\"1200\" \/>\n\t<meta property=\"og:image:height\" content=\"800\" \/>\n\t<meta property=\"og:image:type\" content=\"image\/webp\" \/>\n<meta name=\"author\" content=\"La Gu\u00eda de Pamplona\" \/>\n<meta name=\"twitter:card\" content=\"summary_large_image\" \/>\n<meta name=\"twitter:creator\" content=\"@LaGuiadPamplona\" \/>\n<meta name=\"twitter:site\" content=\"@LaGuiadPamplona\" \/>\n<meta name=\"twitter:label1\" content=\"Escrito por\" \/>\n\t<meta name=\"twitter:data1\" content=\"La Gu\u00eda de Pamplona\" \/>\n\t<meta name=\"twitter:label2\" content=\"Tiempo de lectura\" \/>\n\t<meta name=\"twitter:data2\" content=\"3 minutos\" \/>\n<script type=\"application\/ld+json\" class=\"yoast-schema-graph\">{\"@context\":\"https:\\\/\\\/schema.org\",\"@graph\":[{\"@type\":\"Article\",\"@id\":\"https:\\\/\\\/www.laguiadepamplona.com\\\/actualidad\\\/el-aparcamiento-solar-de-cardenal-ilundain-reabre-este-miercoles-cubierto-en-su-totalidad-con-los-mas-de-2-700-paneles-de-la-mayor-instalacion-fotovoltaica-de-la-ciudad\\\/#article\",\"isPartOf\":{\"@id\":\"https:\\\/\\\/www.laguiadepamplona.com\\\/actualidad\\\/el-aparcamiento-solar-de-cardenal-ilundain-reabre-este-miercoles-cubierto-en-su-totalidad-con-los-mas-de-2-700-paneles-de-la-mayor-instalacion-fotovoltaica-de-la-ciudad\\\/\"},\"author\":{\"name\":\"La Gu\u00eda de Pamplona\",\"@id\":\"https:\\\/\\\/www.laguiadepamplona.com\\\/actualidad\\\/#\\\/schema\\\/person\\\/efe887376f0213d4657c93adc50b1fdb\"},\"headline\":\"El aparcamiento solar de Cardenal Ilund\u00e1in reabre este mi\u00e9rcoles cubierto en su totalidad con los m\u00e1s de 2.700 paneles de la mayor instalaci\u00f3n fotovoltaica de la ciudad\",\"datePublished\":\"2023-10-18T10:36:41+00:00\",\"mainEntityOfPage\":{\"@id\":\"https:\\\/\\\/www.laguiadepamplona.com\\\/actualidad\\\/el-aparcamiento-solar-de-cardenal-ilundain-reabre-este-miercoles-cubierto-en-su-totalidad-con-los-mas-de-2-700-paneles-de-la-mayor-instalacion-fotovoltaica-de-la-ciudad\\\/\"},\"wordCount\":578,\"commentCount\":0,\"publisher\":{\"@id\":\"https:\\\/\\\/www.laguiadepamplona.com\\\/actualidad\\\/#organization\"},\"image\":{\"@id\":\"https:\\\/\\\/www.laguiadepamplona.com\\\/actualidad\\\/el-aparcamiento-solar-de-cardenal-ilundain-reabre-este-miercoles-cubierto-en-su-totalidad-con-los-mas-de-2-700-paneles-de-la-mayor-instalacion-fotovoltaica-de-la-ciudad\\\/#primaryimage\"},\"thumbnailUrl\":\"https:\\\/\\\/www.laguiadepamplona.com\\\/actualidad\\\/wp-content\\\/uploads\\\/2023\\\/10\\\/20231018aparcamientocardenalilundainq5a1127.webp\",\"articleSection\":[\"Ayto Pamplona\"],\"inLanguage\":\"es\",\"potentialAction\":[{\"@type\":\"CommentAction\",\"name\":\"Comment\",\"target\":[\"https:\\\/\\\/www.laguiadepamplona.com\\\/actualidad\\\/el-aparcamiento-solar-de-cardenal-ilundain-reabre-este-miercoles-cubierto-en-su-totalidad-con-los-mas-de-2-700-paneles-de-la-mayor-instalacion-fotovoltaica-de-la-ciudad\\\/#respond\"]}]},{\"@type\":\"WebPage\",\"@id\":\"https:\\\/\\\/www.laguiadepamplona.com\\\/actualidad\\\/el-aparcamiento-solar-de-cardenal-ilundain-reabre-este-miercoles-cubierto-en-su-totalidad-con-los-mas-de-2-700-paneles-de-la-mayor-instalacion-fotovoltaica-de-la-ciudad\\\/\",\"url\":\"https:\\\/\\\/www.laguiadepamplona.com\\\/actualidad\\\/el-aparcamiento-solar-de-cardenal-ilundain-reabre-este-miercoles-cubierto-en-su-totalidad-con-los-mas-de-2-700-paneles-de-la-mayor-instalacion-fotovoltaica-de-la-ciudad\\\/\",\"name\":\"El aparcamiento solar de Cardenal Ilund\u00e1in reabre este mi\u00e9rcoles cubierto en su totalidad con los m\u00e1s de 2.700 paneles de la mayor instalaci\u00f3n fotovoltaica de la ciudad\",\"isPartOf\":{\"@id\":\"https:\\\/\\\/www.laguiadepamplona.com\\\/actualidad\\\/#website\"},\"primaryImageOfPage\":{\"@id\":\"https:\\\/\\\/www.laguiadepamplona.com\\\/actualidad\\\/el-aparcamiento-solar-de-cardenal-ilundain-reabre-este-miercoles-cubierto-en-su-totalidad-con-los-mas-de-2-700-paneles-de-la-mayor-instalacion-fotovoltaica-de-la-ciudad\\\/#primaryimage\"},\"image\":{\"@id\":\"https:\\\/\\\/www.laguiadepamplona.com\\\/actualidad\\\/el-aparcamiento-solar-de-cardenal-ilundain-reabre-este-miercoles-cubierto-en-su-totalidad-con-los-mas-de-2-700-paneles-de-la-mayor-instalacion-fotovoltaica-de-la-ciudad\\\/#primaryimage\"},\"thumbnailUrl\":\"https:\\\/\\\/www.laguiadepamplona.com\\\/actualidad\\\/wp-content\\\/uploads\\\/2023\\\/10\\\/20231018aparcamientocardenalilundainq5a1127.webp\",\"datePublished\":\"2023-10-18T10:36:41+00:00\",\"description\":\"A falta de detalles menores para finalizar la obra, se mantiene como aparcamiento disuasorio gratuito las primeras 24 horas de estacionamiento\",\"breadcrumb\":{\"@id\":\"https:\\\/\\\/www.laguiadepamplona.com\\\/actualidad\\\/el-aparcamiento-solar-de-cardenal-ilundain-reabre-este-miercoles-cubierto-en-su-totalidad-con-los-mas-de-2-700-paneles-de-la-mayor-instalacion-fotovoltaica-de-la-ciudad\\\/#breadcrumb\"},\"inLanguage\":\"es\",\"potentialAction\":[{\"@type\":\"ReadAction\",\"target\":[\"https:\\\/\\\/www.laguiadepamplona.com\\\/actualidad\\\/el-aparcamiento-solar-de-cardenal-ilundain-reabre-este-miercoles-cubierto-en-su-totalidad-con-los-mas-de-2-700-paneles-de-la-mayor-instalacion-fotovoltaica-de-la-ciudad\\\/\"]}]},{\"@type\":\"ImageObject\",\"inLanguage\":\"es\",\"@id\":\"https:\\\/\\\/www.laguiadepamplona.com\\\/actualidad\\\/el-aparcamiento-solar-de-cardenal-ilundain-reabre-este-miercoles-cubierto-en-su-totalidad-con-los-mas-de-2-700-paneles-de-la-mayor-instalacion-fotovoltaica-de-la-ciudad\\\/#primaryimage\",\"url\":\"https:\\\/\\\/www.laguiadepamplona.com\\\/actualidad\\\/wp-content\\\/uploads\\\/2023\\\/10\\\/20231018aparcamientocardenalilundainq5a1127.webp\",\"contentUrl\":\"https:\\\/\\\/www.laguiadepamplona.com\\\/actualidad\\\/wp-content\\\/uploads\\\/2023\\\/10\\\/20231018aparcamientocardenalilundainq5a1127.webp\",\"width\":1200,\"height\":800,\"caption\":\"aparcamiento\"},{\"@type\":\"BreadcrumbList\",\"@id\":\"https:\\\/\\\/www.laguiadepamplona.com\\\/actualidad\\\/el-aparcamiento-solar-de-cardenal-ilundain-reabre-este-miercoles-cubierto-en-su-totalidad-con-los-mas-de-2-700-paneles-de-la-mayor-instalacion-fotovoltaica-de-la-ciudad\\\/#breadcrumb\",\"itemListElement\":[{\"@type\":\"ListItem\",\"position\":1,\"name\":\"Portada\",\"item\":\"https:\\\/\\\/www.laguiadepamplona.com\\\/actualidad\\\/\"},{\"@type\":\"ListItem\",\"position\":2,\"name\":\"El aparcamiento solar de Cardenal Ilund\u00e1in reabre este mi\u00e9rcoles cubierto en su totalidad con los m\u00e1s de 2.700 paneles de la mayor instalaci\u00f3n fotovoltaica de la ciudad\"}]},{\"@type\":\"WebSite\",\"@id\":\"https:\\\/\\\/www.laguiadepamplona.com\\\/actualidad\\\/#website\",\"url\":\"https:\\\/\\\/www.laguiadepamplona.com\\\/actualidad\\\/\",\"name\":\"La gu\u00eda de Pamplona\",\"description\":\"Noticias de Pamplona\",\"publisher\":{\"@id\":\"https:\\\/\\\/www.laguiadepamplona.com\\\/actualidad\\\/#organization\"},\"potentialAction\":[{\"@type\":\"SearchAction\",\"target\":{\"@type\":\"EntryPoint\",\"urlTemplate\":\"https:\\\/\\\/www.laguiadepamplona.com\\\/actualidad\\\/?s={search_term_string}\"},\"query-input\":{\"@type\":\"PropertyValueSpecification\",\"valueRequired\":true,\"valueName\":\"search_term_string\"}}],\"inLanguage\":\"es\"},{\"@type\":\"Organization\",\"@id\":\"https:\\\/\\\/www.laguiadepamplona.com\\\/actualidad\\\/#organization\",\"name\":\"La Gu\u00eda de Pamplona \\\/ Noticias\",\"url\":\"https:\\\/\\\/www.laguiadepamplona.com\\\/actualidad\\\/\",\"logo\":{\"@type\":\"ImageObject\",\"inLanguage\":\"es\",\"@id\":\"https:\\\/\\\/www.laguiadepamplona.com\\\/actualidad\\\/#\\\/schema\\\/logo\\\/image\\\/\",\"url\":\"https:\\\/\\\/www.laguiadepamplona.com\\\/actualidad\\\/wp-content\\\/uploads\\\/2018\\\/11\\\/logo-laguiadepamplona18-web1.png\",\"contentUrl\":\"https:\\\/\\\/www.laguiadepamplona.com\\\/actualidad\\\/wp-content\\\/uploads\\\/2018\\\/11\\\/logo-laguiadepamplona18-web1.png\",\"width\":600,\"height\":196,\"caption\":\"La Gu\u00eda de Pamplona \\\/ Noticias\"},\"image\":{\"@id\":\"https:\\\/\\\/www.laguiadepamplona.com\\\/actualidad\\\/#\\\/schema\\\/logo\\\/image\\\/\"},\"sameAs\":[\"https:\\\/\\\/www.facebook.com\\\/laguiadepamplonacom-133175176762273\\\/?ref=hl\",\"https:\\\/\\\/x.com\\\/LaGuiadPamplona\",\"https:\\\/\\\/www.instagram.com\\\/la_guia_de_pamplona\\\/\",\"https:\\\/\\\/www.youtube.com\\\/user\\\/laguiadepamplona\"]},{\"@type\":\"Person\",\"@id\":\"https:\\\/\\\/www.laguiadepamplona.com\\\/actualidad\\\/#\\\/schema\\\/person\\\/efe887376f0213d4657c93adc50b1fdb\",\"name\":\"La Gu\u00eda de Pamplona\",\"image\":{\"@type\":\"ImageObject\",\"inLanguage\":\"es\",\"@id\":\"https:\\\/\\\/secure.gravatar.com\\\/avatar\\\/b6992f131dc8d30ab0dff15446e9d346d9dbd95992de0fef795073f5ea83a81c?s=96&d=mm&r=g\",\"url\":\"https:\\\/\\\/secure.gravatar.com\\\/avatar\\\/b6992f131dc8d30ab0dff15446e9d346d9dbd95992de0fef795073f5ea83a81c?s=96&d=mm&r=g\",\"contentUrl\":\"https:\\\/\\\/secure.gravatar.com\\\/avatar\\\/b6992f131dc8d30ab0dff15446e9d346d9dbd95992de0fef795073f5ea83a81c?s=96&d=mm&r=g\",\"caption\":\"La Gu\u00eda de Pamplona\"}}]}<\/script>\n<!-- \/ Yoast SEO plugin. -->","yoast_head_json":{"title":"El aparcamiento solar de Cardenal Ilund\u00e1in reabre este mi\u00e9rcoles cubierto en su totalidad con los m\u00e1s de 2.700 paneles de la mayor instalaci\u00f3n fotovoltaica de la ciudad","description":"A falta de detalles menores para finalizar la obra, se mantiene como aparcamiento disuasorio gratuito las primeras 24 horas de estacionamiento","robots":{"index":"index","follow":"follow","max-snippet":"max-snippet:-1","max-image-preview":"max-image-preview:large","max-video-preview":"max-video-preview:-1"},"canonical":"https:\/\/www.laguiadepamplona.com\/actualidad\/el-aparcamiento-solar-de-cardenal-ilundain-reabre-este-miercoles-cubierto-en-su-totalidad-con-los-mas-de-2-700-paneles-de-la-mayor-instalacion-fotovoltaica-de-la-ciudad\/","og_locale":"es_ES","og_type":"article","og_title":"El aparcamiento solar de Cardenal Ilund\u00e1in reabre este mi\u00e9rcoles cubierto en su totalidad con los m\u00e1s de 2.700 paneles de la mayor instalaci\u00f3n fotovoltaica de la ciudad","og_description":"A falta de detalles menores para finalizar la obra, se mantiene como aparcamiento disuasorio gratuito las primeras 24 horas de estacionamiento","og_url":"https:\/\/www.laguiadepamplona.com\/actualidad\/el-aparcamiento-solar-de-cardenal-ilundain-reabre-este-miercoles-cubierto-en-su-totalidad-con-los-mas-de-2-700-paneles-de-la-mayor-instalacion-fotovoltaica-de-la-ciudad\/","og_site_name":"La Gu\u00eda de Pamplona","article_publisher":"https:\/\/www.facebook.com\/laguiadepamplonacom-133175176762273\/?ref=hl","article_published_time":"2023-10-18T10:36:41+00:00","og_image":[{"width":1200,"height":800,"url":"https:\/\/www.laguiadepamplona.com\/actualidad\/wp-content\/uploads\/2023\/10\/20231018aparcamientocardenalilundainq5a1127.webp","type":"image\/webp"}],"author":"La Gu\u00eda de Pamplona","twitter_card":"summary_large_image","twitter_creator":"@LaGuiadPamplona","twitter_site":"@LaGuiadPamplona","twitter_misc":{"Escrito por":"La Gu\u00eda de Pamplona","Tiempo de lectura":"3 minutos"},"schema":{"@context":"https:\/\/schema.org","@graph":[{"@type":"Article","@id":"https:\/\/www.laguiadepamplona.com\/actualidad\/el-aparcamiento-solar-de-cardenal-ilundain-reabre-este-miercoles-cubierto-en-su-totalidad-con-los-mas-de-2-700-paneles-de-la-mayor-instalacion-fotovoltaica-de-la-ciudad\/#article","isPartOf":{"@id":"https:\/\/www.laguiadepamplona.com\/actualidad\/el-aparcamiento-solar-de-cardenal-ilundain-reabre-este-miercoles-cubierto-en-su-totalidad-con-los-mas-de-2-700-paneles-de-la-mayor-instalacion-fotovoltaica-de-la-ciudad\/"},"author":{"name":"La Gu\u00eda de Pamplona","@id":"https:\/\/www.laguiadepamplona.com\/actualidad\/#\/schema\/person\/efe887376f0213d4657c93adc50b1fdb"},"headline":"El aparcamiento solar de Cardenal Ilund\u00e1in reabre este mi\u00e9rcoles cubierto en su totalidad con los m\u00e1s de 2.700 paneles de la mayor instalaci\u00f3n fotovoltaica de la ciudad","datePublished":"2023-10-18T10:36:41+00:00","mainEntityOfPage":{"@id":"https:\/\/www.laguiadepamplona.com\/actualidad\/el-aparcamiento-solar-de-cardenal-ilundain-reabre-este-miercoles-cubierto-en-su-totalidad-con-los-mas-de-2-700-paneles-de-la-mayor-instalacion-fotovoltaica-de-la-ciudad\/"},"wordCount":578,"commentCount":0,"publisher":{"@id":"https:\/\/www.laguiadepamplona.com\/actualidad\/#organization"},"image":{"@id":"https:\/\/www.laguiadepamplona.com\/actualidad\/el-aparcamiento-solar-de-cardenal-ilundain-reabre-este-miercoles-cubierto-en-su-totalidad-con-los-mas-de-2-700-paneles-de-la-mayor-instalacion-fotovoltaica-de-la-ciudad\/#primaryimage"},"thumbnailUrl":"https:\/\/www.laguiadepamplona.com\/actualidad\/wp-content\/uploads\/2023\/10\/20231018aparcamientocardenalilundainq5a1127.webp","articleSection":["Ayto Pamplona"],"inLanguage":"es","potentialAction":[{"@type":"CommentAction","name":"Comment","target":["https:\/\/www.laguiadepamplona.com\/actualidad\/el-aparcamiento-solar-de-cardenal-ilundain-reabre-este-miercoles-cubierto-en-su-totalidad-con-los-mas-de-2-700-paneles-de-la-mayor-instalacion-fotovoltaica-de-la-ciudad\/#respond"]}]},{"@type":"WebPage","@id":"https:\/\/www.laguiadepamplona.com\/actualidad\/el-aparcamiento-solar-de-cardenal-ilundain-reabre-este-miercoles-cubierto-en-su-totalidad-con-los-mas-de-2-700-paneles-de-la-mayor-instalacion-fotovoltaica-de-la-ciudad\/","url":"https:\/\/www.laguiadepamplona.com\/actualidad\/el-aparcamiento-solar-de-cardenal-ilundain-reabre-este-miercoles-cubierto-en-su-totalidad-con-los-mas-de-2-700-paneles-de-la-mayor-instalacion-fotovoltaica-de-la-ciudad\/","name":"El aparcamiento solar de Cardenal Ilund\u00e1in reabre este mi\u00e9rcoles cubierto en su totalidad con los m\u00e1s de 2.700 paneles de la mayor instalaci\u00f3n fotovoltaica de la ciudad","isPartOf":{"@id":"https:\/\/www.laguiadepamplona.com\/actualidad\/#website"},"primaryImageOfPage":{"@id":"https:\/\/www.laguiadepamplona.com\/actualidad\/el-aparcamiento-solar-de-cardenal-ilundain-reabre-este-miercoles-cubierto-en-su-totalidad-con-los-mas-de-2-700-paneles-de-la-mayor-instalacion-fotovoltaica-de-la-ciudad\/#primaryimage"},"image":{"@id":"https:\/\/www.laguiadepamplona.com\/actualidad\/el-aparcamiento-solar-de-cardenal-ilundain-reabre-este-miercoles-cubierto-en-su-totalidad-con-los-mas-de-2-700-paneles-de-la-mayor-instalacion-fotovoltaica-de-la-ciudad\/#primaryimage"},"thumbnailUrl":"https:\/\/www.laguiadepamplona.com\/actualidad\/wp-content\/uploads\/2023\/10\/20231018aparcamientocardenalilundainq5a1127.webp","datePublished":"2023-10-18T10:36:41+00:00","description":"A falta de detalles menores para finalizar la obra, se mantiene como aparcamiento disuasorio gratuito las primeras 24 horas de estacionamiento","breadcrumb":{"@id":"https:\/\/www.laguiadepamplona.com\/actualidad\/el-aparcamiento-solar-de-cardenal-ilundain-reabre-este-miercoles-cubierto-en-su-totalidad-con-los-mas-de-2-700-paneles-de-la-mayor-instalacion-fotovoltaica-de-la-ciudad\/#breadcrumb"},"inLanguage":"es","potentialAction":[{"@type":"ReadAction","target":["https:\/\/www.laguiadepamplona.com\/actualidad\/el-aparcamiento-solar-de-cardenal-ilundain-reabre-este-miercoles-cubierto-en-su-totalidad-con-los-mas-de-2-700-paneles-de-la-mayor-instalacion-fotovoltaica-de-la-ciudad\/"]}]},{"@type":"ImageObject","inLanguage":"es","@id":"https:\/\/www.laguiadepamplona.com\/actualidad\/el-aparcamiento-solar-de-cardenal-ilundain-reabre-este-miercoles-cubierto-en-su-totalidad-con-los-mas-de-2-700-paneles-de-la-mayor-instalacion-fotovoltaica-de-la-ciudad\/#primaryimage","url":"https:\/\/www.laguiadepamplona.com\/actualidad\/wp-content\/uploads\/2023\/10\/20231018aparcamientocardenalilundainq5a1127.webp","contentUrl":"https:\/\/www.laguiadepamplona.com\/actualidad\/wp-content\/uploads\/2023\/10\/20231018aparcamientocardenalilundainq5a1127.webp","width":1200,"height":800,"caption":"aparcamiento"},{"@type":"BreadcrumbList","@id":"https:\/\/www.laguiadepamplona.com\/actualidad\/el-aparcamiento-solar-de-cardenal-ilundain-reabre-este-miercoles-cubierto-en-su-totalidad-con-los-mas-de-2-700-paneles-de-la-mayor-instalacion-fotovoltaica-de-la-ciudad\/#breadcrumb","itemListElement":[{"@type":"ListItem","position":1,"name":"Portada","item":"https:\/\/www.laguiadepamplona.com\/actualidad\/"},{"@type":"ListItem","position":2,"name":"El aparcamiento solar de Cardenal Ilund\u00e1in reabre este mi\u00e9rcoles cubierto en su totalidad con los m\u00e1s de 2.700 paneles de la mayor instalaci\u00f3n fotovoltaica de la ciudad"}]},{"@type":"WebSite","@id":"https:\/\/www.laguiadepamplona.com\/actualidad\/#website","url":"https:\/\/www.laguiadepamplona.com\/actualidad\/","name":"La gu\u00eda de Pamplona","description":"Noticias de Pamplona","publisher":{"@id":"https:\/\/www.laguiadepamplona.com\/actualidad\/#organization"},"potentialAction":[{"@type":"SearchAction","target":{"@type":"EntryPoint","urlTemplate":"https:\/\/www.laguiadepamplona.com\/actualidad\/?s={search_term_string}"},"query-input":{"@type":"PropertyValueSpecification","valueRequired":true,"valueName":"search_term_string"}}],"inLanguage":"es"},{"@type":"Organization","@id":"https:\/\/www.laguiadepamplona.com\/actualidad\/#organization","name":"La Gu\u00eda de Pamplona \/ Noticias","url":"https:\/\/www.laguiadepamplona.com\/actualidad\/","logo":{"@type":"ImageObject","inLanguage":"es","@id":"https:\/\/www.laguiadepamplona.com\/actualidad\/#\/schema\/logo\/image\/","url":"https:\/\/www.laguiadepamplona.com\/actualidad\/wp-content\/uploads\/2018\/11\/logo-laguiadepamplona18-web1.png","contentUrl":"https:\/\/www.laguiadepamplona.com\/actualidad\/wp-content\/uploads\/2018\/11\/logo-laguiadepamplona18-web1.png","width":600,"height":196,"caption":"La Gu\u00eda de Pamplona \/ Noticias"},"image":{"@id":"https:\/\/www.laguiadepamplona.com\/actualidad\/#\/schema\/logo\/image\/"},"sameAs":["https:\/\/www.facebook.com\/laguiadepamplonacom-133175176762273\/?ref=hl","https:\/\/x.com\/LaGuiadPamplona","https:\/\/www.instagram.com\/la_guia_de_pamplona\/","https:\/\/www.youtube.com\/user\/laguiadepamplona"]},{"@type":"Person","@id":"https:\/\/www.laguiadepamplona.com\/actualidad\/#\/schema\/person\/efe887376f0213d4657c93adc50b1fdb","name":"La Gu\u00eda de Pamplona","image":{"@type":"ImageObject","inLanguage":"es","@id":"https:\/\/secure.gravatar.com\/avatar\/b6992f131dc8d30ab0dff15446e9d346d9dbd95992de0fef795073f5ea83a81c?s=96&d=mm&r=g","url":"https:\/\/secure.gravatar.com\/avatar\/b6992f131dc8d30ab0dff15446e9d346d9dbd95992de0fef795073f5ea83a81c?s=96&d=mm&r=g","contentUrl":"https:\/\/secure.gravatar.com\/avatar\/b6992f131dc8d30ab0dff15446e9d346d9dbd95992de0fef795073f5ea83a81c?s=96&d=mm&r=g","caption":"La Gu\u00eda de Pamplona"}}]}},"post_mailing_queue_ids":[],"_links":{"self":[{"href":"https:\/\/www.laguiadepamplona.com\/actualidad\/wp-json\/wp\/v2\/posts\/47612","targetHints":{"allow":["GET"]}}],"collection":[{"href":"https:\/\/www.laguiadepamplona.com\/actualidad\/wp-json\/wp\/v2\/posts"}],"about":[{"href":"https:\/\/www.laguiadepamplona.com\/actualidad\/wp-json\/wp\/v2\/types\/post"}],"author":[{"embeddable":true,"href":"https:\/\/www.laguiadepamplona.com\/actualidad\/wp-json\/wp\/v2\/users\/1"}],"replies":[{"embeddable":true,"href":"https:\/\/www.laguiadepamplona.com\/actualidad\/wp-json\/wp\/v2\/comments?post=47612"}],"version-history":[{"count":1,"href":"https:\/\/www.laguiadepamplona.com\/actualidad\/wp-json\/wp\/v2\/posts\/47612\/revisions"}],"predecessor-version":[{"id":47614,"href":"https:\/\/www.laguiadepamplona.com\/actualidad\/wp-json\/wp\/v2\/posts\/47612\/revisions\/47614"}],"wp:featuredmedia":[{"embeddable":true,"href":"https:\/\/www.laguiadepamplona.com\/actualidad\/wp-json\/wp\/v2\/media\/47613"}],"wp:attachment":[{"href":"https:\/\/www.laguiadepamplona.com\/actualidad\/wp-json\/wp\/v2\/media?parent=47612"}],"wp:term":[{"taxonomy":"category","embeddable":true,"href":"https:\/\/www.laguiadepamplona.com\/actualidad\/wp-json\/wp\/v2\/categories?post=47612"},{"taxonomy":"post_tag","embeddable":true,"href":"https:\/\/www.laguiadepamplona.com\/actualidad\/wp-json\/wp\/v2\/tags?post=47612"}],"curies":[{"name":"wp","href":"https:\/\/api.w.org\/{rel}","templated":true}]}}