{"id":47610,"date":"2023-10-17T18:46:30","date_gmt":"2023-10-17T16:46:30","guid":{"rendered":"https:\/\/www.laguiadepamplona.com\/actualidad\/?p=47610"},"modified":"2023-10-17T18:46:30","modified_gmt":"2023-10-17T16:46:30","slug":"el-ayuntamiento-de-pamplona-preve-realizar-la-consulta-ciudadana-sobre-la-reurbanizacion-de-la-plaza-de-la-cruz-y-el-aparcamiento-en-la-calle-sanguesa-en-noviembre","status":"publish","type":"post","link":"https:\/\/www.laguiadepamplona.com\/actualidad\/el-ayuntamiento-de-pamplona-preve-realizar-la-consulta-ciudadana-sobre-la-reurbanizacion-de-la-plaza-de-la-cruz-y-el-aparcamiento-en-la-calle-sanguesa-en-noviembre\/","title":{"rendered":"El Ayuntamiento de Pamplona prev\u00e9 realizar la consulta ciudadana sobre la reurbanizaci\u00f3n de la Plaza de la Cruz y el aparcamiento en la calle Sang\u00fcesa en noviembre"},"content":{"rendered":"<h3>La idea inicial es que puedan participar las personas mayores de 16 a\u00f1os empadronadas en la zona<\/h3>\n<p><!--more--><\/p>\n<p>El Ayuntamiento de Pamplona quiere realizar en el mes de noviembre una consulta ciudadana para conocer la opini\u00f3n del vecindario y el sector comercial de la zona sobre la reurbanizaci\u00f3n de la Plaza de la Cruz y sus calles aleda\u00f1as (Navarro Villoslada, Francisco Bergam\u00edn y San Ferm\u00edn), as\u00ed como sobre la construcci\u00f3n de un aparcamiento subterr\u00e1neo en la calle Sang\u00fcesa. La Comisi\u00f3n de Presidencia ha conocido hoy el borrador de la consulta, que prev\u00e9 que puedan votar las personas mayores de 16 a\u00f1os, que lleven al menos un a\u00f1o empadronados en la zona. Los grupos municipales disponen ahora de una semana para realizar aportaciones al documento, de forma que la consulta se haga de forma consensuada.<\/p>\n<p>En un principio, la propuesta municipal pasa por delimitar la consulta a la zona de influencia de ambas actuaciones, que supondr\u00eda un censo de 6.222 personas, atendiendo a los \u00faltimos datos de poblaci\u00f3n disponibles. La zona de influencia propuesta por el Consistorio se establece entre la avenida Baja de Navarra, desde la plaza de Merindades hasta la plaza de la Paz; la calle Yanguas y Miranda, desde la plaza de la Paz hasta la plaza de los Fueros; la avenida de Galicia; la avenida Carlos III, desde Merindades hasta la plaza de la Libertad; y las manzanas m\u00e1s al sur delimitadas por las calles Castillo de Maya y Aoiz, entre Bergam\u00edn y Carlos III. Una vez confirmada la zona de influencia, el objetivo es que puedan participar en la consulta no solo las personas residentes sino tambi\u00e9n los comercios de la zona. Para gestionar la participaci\u00f3n de estos \u00faltimos, el Consistorio propone que la votaci\u00f3n la ejerza la persona titular del comercio.<br \/>\n<script async src=\"\/\/pagead2.googlesyndication.com\/pagead\/js\/adsbygoogle.js\"><\/script><br \/>\n<!-- Noticias La Guia de Pamplona --><br \/>\n<ins class=\"adsbygoogle\"\nstyle=\"display:block\"\ndata-ad-client=\"ca-pub-6943679897239327\"\ndata-ad-slot=\"7048180777\"\ndata-ad-format=\"auto\"><\/ins><br \/>\n<script>\n(adsbygoogle = window.adsbygoogle || []).push({});\n<\/script><\/p>\n<p><strong>C\u00f3mo y cu\u00e1ndo votar<\/strong><\/p>\n<p>Una vez consensuadas las caracter\u00edsticas de la consulta, se habilitar\u00e1n distintos medios para ejercer la votaci\u00f3n. As\u00ed, se prev\u00e9 que pueda ejercerse desde la web municipal, a trav\u00e9s del tel\u00e9fono de atenci\u00f3n ciudadana 010 y de forma presencial en puntos estrat\u00e9gicos del barrio, con la asistencia del servicio de dinamizaci\u00f3n para la Participaci\u00f3n Ciudadana. En el caso de los comercios, se baraja la posibilidad de facilitar la votaci\u00f3n a trav\u00e9s del \u2018puerta a puerta\u2019, de forma que personal municipal acuda a los establecimientos en horario laborable para que puedan votar in situ. En todas las opciones que se plantean se garantizar\u00e1 el derecho a mostrar su opini\u00f3n de forma libre, directa y secreta.<\/p>\n<p>Si se cumplen los plazos previstos, la votaci\u00f3n podr\u00eda realizarse a mediados de mes, de forma que para finales se podr\u00edan obtener los resultados de la encuesta. No obstante, antes de iniciar el proceso de votaci\u00f3n, el Consistorio realizar\u00e1 una campa\u00f1a de informaci\u00f3n y comunicaci\u00f3n sobre la encuesta entre la ciudadan\u00eda llamada a dar su opini\u00f3n.<\/p>\n","protected":false},"excerpt":{"rendered":"<p>La idea inicial es que puedan participar las personas mayores de 16 a\u00f1os empadronadas en la zona<\/p>\n","protected":false},"author":1,"featured_media":40423,"comment_status":"open","ping_status":"closed","sticky":false,"template":"","format":"standard","meta":{"footnotes":""},"categories":[2],"tags":[],"class_list":["post-47610","post","type-post","status-publish","format-standard","has-post-thumbnail","hentry","category-ayuntamiento-pamplona"],"yoast_head":"<!-- This site is optimized with the Yoast SEO plugin v27.5 - https:\/\/yoast.com\/product\/yoast-seo-wordpress\/ -->\n<title>El Ayuntamiento de Pamplona prev\u00e9 realizar la consulta ciudadana sobre la reurbanizaci\u00f3n de la Plaza de la Cruz y el aparcamiento en la calle Sang\u00fcesa en noviembre<\/title>\n<meta name=\"description\" content=\"La idea inicial es que puedan participar las personas mayores de 16 a\u00f1os empadronadas en la zona\" \/>\n<meta name=\"robots\" content=\"index, follow, max-snippet:-1, max-image-preview:large, max-video-preview:-1\" \/>\n<link rel=\"canonical\" href=\"https:\/\/www.laguiadepamplona.com\/actualidad\/el-ayuntamiento-de-pamplona-preve-realizar-la-consulta-ciudadana-sobre-la-reurbanizacion-de-la-plaza-de-la-cruz-y-el-aparcamiento-en-la-calle-sanguesa-en-noviembre\/\" \/>\n<meta property=\"og:locale\" content=\"es_ES\" \/>\n<meta property=\"og:type\" content=\"article\" \/>\n<meta property=\"og:title\" content=\"El Ayuntamiento de Pamplona prev\u00e9 realizar la consulta ciudadana sobre la reurbanizaci\u00f3n de la Plaza de la Cruz y el aparcamiento en la calle Sang\u00fcesa en noviembre\" \/>\n<meta property=\"og:description\" content=\"La idea inicial es que puedan participar las personas mayores de 16 a\u00f1os empadronadas en la zona\" \/>\n<meta property=\"og:url\" content=\"https:\/\/www.laguiadepamplona.com\/actualidad\/el-ayuntamiento-de-pamplona-preve-realizar-la-consulta-ciudadana-sobre-la-reurbanizacion-de-la-plaza-de-la-cruz-y-el-aparcamiento-en-la-calle-sanguesa-en-noviembre\/\" \/>\n<meta property=\"og:site_name\" content=\"La Gu\u00eda de Pamplona\" \/>\n<meta property=\"article:publisher\" content=\"https:\/\/www.facebook.com\/laguiadepamplonacom-133175176762273\/?ref=hl\" \/>\n<meta property=\"article:published_time\" content=\"2023-10-17T16:46:30+00:00\" \/>\n<meta property=\"og:image\" content=\"https:\/\/www.laguiadepamplona.com\/actualidad\/wp-content\/uploads\/2022\/05\/22.05.20_plaza_cruz.webp\" \/>\n\t<meta property=\"og:image:width\" content=\"1352\" \/>\n\t<meta property=\"og:image:height\" content=\"802\" \/>\n\t<meta property=\"og:image:type\" content=\"image\/webp\" \/>\n<meta name=\"author\" content=\"La Gu\u00eda de Pamplona\" \/>\n<meta name=\"twitter:card\" content=\"summary_large_image\" \/>\n<meta name=\"twitter:creator\" content=\"@LaGuiadPamplona\" \/>\n<meta name=\"twitter:site\" content=\"@LaGuiadPamplona\" \/>\n<meta name=\"twitter:label1\" content=\"Escrito por\" \/>\n\t<meta name=\"twitter:data1\" content=\"La Gu\u00eda de Pamplona\" \/>\n\t<meta name=\"twitter:label2\" content=\"Tiempo de lectura\" \/>\n\t<meta name=\"twitter:data2\" content=\"3 minutos\" \/>\n<script type=\"application\/ld+json\" class=\"yoast-schema-graph\">{\"@context\":\"https:\\\/\\\/schema.org\",\"@graph\":[{\"@type\":\"Article\",\"@id\":\"https:\\\/\\\/www.laguiadepamplona.com\\\/actualidad\\\/el-ayuntamiento-de-pamplona-preve-realizar-la-consulta-ciudadana-sobre-la-reurbanizacion-de-la-plaza-de-la-cruz-y-el-aparcamiento-en-la-calle-sanguesa-en-noviembre\\\/#article\",\"isPartOf\":{\"@id\":\"https:\\\/\\\/www.laguiadepamplona.com\\\/actualidad\\\/el-ayuntamiento-de-pamplona-preve-realizar-la-consulta-ciudadana-sobre-la-reurbanizacion-de-la-plaza-de-la-cruz-y-el-aparcamiento-en-la-calle-sanguesa-en-noviembre\\\/\"},\"author\":{\"name\":\"La Gu\u00eda de Pamplona\",\"@id\":\"https:\\\/\\\/www.laguiadepamplona.com\\\/actualidad\\\/#\\\/schema\\\/person\\\/efe887376f0213d4657c93adc50b1fdb\"},\"headline\":\"El Ayuntamiento de Pamplona prev\u00e9 realizar la consulta ciudadana sobre la reurbanizaci\u00f3n de la Plaza de la Cruz y el aparcamiento en la calle Sang\u00fcesa en noviembre\",\"datePublished\":\"2023-10-17T16:46:30+00:00\",\"mainEntityOfPage\":{\"@id\":\"https:\\\/\\\/www.laguiadepamplona.com\\\/actualidad\\\/el-ayuntamiento-de-pamplona-preve-realizar-la-consulta-ciudadana-sobre-la-reurbanizacion-de-la-plaza-de-la-cruz-y-el-aparcamiento-en-la-calle-sanguesa-en-noviembre\\\/\"},\"wordCount\":535,\"commentCount\":0,\"publisher\":{\"@id\":\"https:\\\/\\\/www.laguiadepamplona.com\\\/actualidad\\\/#organization\"},\"image\":{\"@id\":\"https:\\\/\\\/www.laguiadepamplona.com\\\/actualidad\\\/el-ayuntamiento-de-pamplona-preve-realizar-la-consulta-ciudadana-sobre-la-reurbanizacion-de-la-plaza-de-la-cruz-y-el-aparcamiento-en-la-calle-sanguesa-en-noviembre\\\/#primaryimage\"},\"thumbnailUrl\":\"https:\\\/\\\/www.laguiadepamplona.com\\\/actualidad\\\/wp-content\\\/uploads\\\/2022\\\/05\\\/22.05.20_plaza_cruz.webp\",\"articleSection\":[\"Ayto Pamplona\"],\"inLanguage\":\"es\",\"potentialAction\":[{\"@type\":\"CommentAction\",\"name\":\"Comment\",\"target\":[\"https:\\\/\\\/www.laguiadepamplona.com\\\/actualidad\\\/el-ayuntamiento-de-pamplona-preve-realizar-la-consulta-ciudadana-sobre-la-reurbanizacion-de-la-plaza-de-la-cruz-y-el-aparcamiento-en-la-calle-sanguesa-en-noviembre\\\/#respond\"]}]},{\"@type\":\"WebPage\",\"@id\":\"https:\\\/\\\/www.laguiadepamplona.com\\\/actualidad\\\/el-ayuntamiento-de-pamplona-preve-realizar-la-consulta-ciudadana-sobre-la-reurbanizacion-de-la-plaza-de-la-cruz-y-el-aparcamiento-en-la-calle-sanguesa-en-noviembre\\\/\",\"url\":\"https:\\\/\\\/www.laguiadepamplona.com\\\/actualidad\\\/el-ayuntamiento-de-pamplona-preve-realizar-la-consulta-ciudadana-sobre-la-reurbanizacion-de-la-plaza-de-la-cruz-y-el-aparcamiento-en-la-calle-sanguesa-en-noviembre\\\/\",\"name\":\"El Ayuntamiento de Pamplona prev\u00e9 realizar la consulta ciudadana sobre la reurbanizaci\u00f3n de la Plaza de la Cruz y el aparcamiento en la calle Sang\u00fcesa en noviembre\",\"isPartOf\":{\"@id\":\"https:\\\/\\\/www.laguiadepamplona.com\\\/actualidad\\\/#website\"},\"primaryImageOfPage\":{\"@id\":\"https:\\\/\\\/www.laguiadepamplona.com\\\/actualidad\\\/el-ayuntamiento-de-pamplona-preve-realizar-la-consulta-ciudadana-sobre-la-reurbanizacion-de-la-plaza-de-la-cruz-y-el-aparcamiento-en-la-calle-sanguesa-en-noviembre\\\/#primaryimage\"},\"image\":{\"@id\":\"https:\\\/\\\/www.laguiadepamplona.com\\\/actualidad\\\/el-ayuntamiento-de-pamplona-preve-realizar-la-consulta-ciudadana-sobre-la-reurbanizacion-de-la-plaza-de-la-cruz-y-el-aparcamiento-en-la-calle-sanguesa-en-noviembre\\\/#primaryimage\"},\"thumbnailUrl\":\"https:\\\/\\\/www.laguiadepamplona.com\\\/actualidad\\\/wp-content\\\/uploads\\\/2022\\\/05\\\/22.05.20_plaza_cruz.webp\",\"datePublished\":\"2023-10-17T16:46:30+00:00\",\"description\":\"La idea inicial es que puedan participar las personas mayores de 16 a\u00f1os empadronadas en la zona\",\"breadcrumb\":{\"@id\":\"https:\\\/\\\/www.laguiadepamplona.com\\\/actualidad\\\/el-ayuntamiento-de-pamplona-preve-realizar-la-consulta-ciudadana-sobre-la-reurbanizacion-de-la-plaza-de-la-cruz-y-el-aparcamiento-en-la-calle-sanguesa-en-noviembre\\\/#breadcrumb\"},\"inLanguage\":\"es\",\"potentialAction\":[{\"@type\":\"ReadAction\",\"target\":[\"https:\\\/\\\/www.laguiadepamplona.com\\\/actualidad\\\/el-ayuntamiento-de-pamplona-preve-realizar-la-consulta-ciudadana-sobre-la-reurbanizacion-de-la-plaza-de-la-cruz-y-el-aparcamiento-en-la-calle-sanguesa-en-noviembre\\\/\"]}]},{\"@type\":\"ImageObject\",\"inLanguage\":\"es\",\"@id\":\"https:\\\/\\\/www.laguiadepamplona.com\\\/actualidad\\\/el-ayuntamiento-de-pamplona-preve-realizar-la-consulta-ciudadana-sobre-la-reurbanizacion-de-la-plaza-de-la-cruz-y-el-aparcamiento-en-la-calle-sanguesa-en-noviembre\\\/#primaryimage\",\"url\":\"https:\\\/\\\/www.laguiadepamplona.com\\\/actualidad\\\/wp-content\\\/uploads\\\/2022\\\/05\\\/22.05.20_plaza_cruz.webp\",\"contentUrl\":\"https:\\\/\\\/www.laguiadepamplona.com\\\/actualidad\\\/wp-content\\\/uploads\\\/2022\\\/05\\\/22.05.20_plaza_cruz.webp\",\"width\":1352,\"height\":802,\"caption\":\"plaza de la cruz\"},{\"@type\":\"BreadcrumbList\",\"@id\":\"https:\\\/\\\/www.laguiadepamplona.com\\\/actualidad\\\/el-ayuntamiento-de-pamplona-preve-realizar-la-consulta-ciudadana-sobre-la-reurbanizacion-de-la-plaza-de-la-cruz-y-el-aparcamiento-en-la-calle-sanguesa-en-noviembre\\\/#breadcrumb\",\"itemListElement\":[{\"@type\":\"ListItem\",\"position\":1,\"name\":\"Portada\",\"item\":\"https:\\\/\\\/www.laguiadepamplona.com\\\/actualidad\\\/\"},{\"@type\":\"ListItem\",\"position\":2,\"name\":\"El Ayuntamiento de Pamplona prev\u00e9 realizar la consulta ciudadana sobre la reurbanizaci\u00f3n de la Plaza de la Cruz y el aparcamiento en la calle Sang\u00fcesa en noviembre\"}]},{\"@type\":\"WebSite\",\"@id\":\"https:\\\/\\\/www.laguiadepamplona.com\\\/actualidad\\\/#website\",\"url\":\"https:\\\/\\\/www.laguiadepamplona.com\\\/actualidad\\\/\",\"name\":\"La gu\u00eda de Pamplona\",\"description\":\"Noticias de Pamplona\",\"publisher\":{\"@id\":\"https:\\\/\\\/www.laguiadepamplona.com\\\/actualidad\\\/#organization\"},\"potentialAction\":[{\"@type\":\"SearchAction\",\"target\":{\"@type\":\"EntryPoint\",\"urlTemplate\":\"https:\\\/\\\/www.laguiadepamplona.com\\\/actualidad\\\/?s={search_term_string}\"},\"query-input\":{\"@type\":\"PropertyValueSpecification\",\"valueRequired\":true,\"valueName\":\"search_term_string\"}}],\"inLanguage\":\"es\"},{\"@type\":\"Organization\",\"@id\":\"https:\\\/\\\/www.laguiadepamplona.com\\\/actualidad\\\/#organization\",\"name\":\"La Gu\u00eda de Pamplona \\\/ Noticias\",\"url\":\"https:\\\/\\\/www.laguiadepamplona.com\\\/actualidad\\\/\",\"logo\":{\"@type\":\"ImageObject\",\"inLanguage\":\"es\",\"@id\":\"https:\\\/\\\/www.laguiadepamplona.com\\\/actualidad\\\/#\\\/schema\\\/logo\\\/image\\\/\",\"url\":\"https:\\\/\\\/www.laguiadepamplona.com\\\/actualidad\\\/wp-content\\\/uploads\\\/2018\\\/11\\\/logo-laguiadepamplona18-web1.png\",\"contentUrl\":\"https:\\\/\\\/www.laguiadepamplona.com\\\/actualidad\\\/wp-content\\\/uploads\\\/2018\\\/11\\\/logo-laguiadepamplona18-web1.png\",\"width\":600,\"height\":196,\"caption\":\"La Gu\u00eda de Pamplona \\\/ Noticias\"},\"image\":{\"@id\":\"https:\\\/\\\/www.laguiadepamplona.com\\\/actualidad\\\/#\\\/schema\\\/logo\\\/image\\\/\"},\"sameAs\":[\"https:\\\/\\\/www.facebook.com\\\/laguiadepamplonacom-133175176762273\\\/?ref=hl\",\"https:\\\/\\\/x.com\\\/LaGuiadPamplona\",\"https:\\\/\\\/www.instagram.com\\\/la_guia_de_pamplona\\\/\",\"https:\\\/\\\/www.youtube.com\\\/user\\\/laguiadepamplona\"]},{\"@type\":\"Person\",\"@id\":\"https:\\\/\\\/www.laguiadepamplona.com\\\/actualidad\\\/#\\\/schema\\\/person\\\/efe887376f0213d4657c93adc50b1fdb\",\"name\":\"La Gu\u00eda de Pamplona\",\"image\":{\"@type\":\"ImageObject\",\"inLanguage\":\"es\",\"@id\":\"https:\\\/\\\/secure.gravatar.com\\\/avatar\\\/b6992f131dc8d30ab0dff15446e9d346d9dbd95992de0fef795073f5ea83a81c?s=96&d=mm&r=g\",\"url\":\"https:\\\/\\\/secure.gravatar.com\\\/avatar\\\/b6992f131dc8d30ab0dff15446e9d346d9dbd95992de0fef795073f5ea83a81c?s=96&d=mm&r=g\",\"contentUrl\":\"https:\\\/\\\/secure.gravatar.com\\\/avatar\\\/b6992f131dc8d30ab0dff15446e9d346d9dbd95992de0fef795073f5ea83a81c?s=96&d=mm&r=g\",\"caption\":\"La Gu\u00eda de Pamplona\"}}]}<\/script>\n<!-- \/ Yoast SEO plugin. -->","yoast_head_json":{"title":"El Ayuntamiento de Pamplona prev\u00e9 realizar la consulta ciudadana sobre la reurbanizaci\u00f3n de la Plaza de la Cruz y el aparcamiento en la calle Sang\u00fcesa en noviembre","description":"La idea inicial es que puedan participar las personas mayores de 16 a\u00f1os empadronadas en la zona","robots":{"index":"index","follow":"follow","max-snippet":"max-snippet:-1","max-image-preview":"max-image-preview:large","max-video-preview":"max-video-preview:-1"},"canonical":"https:\/\/www.laguiadepamplona.com\/actualidad\/el-ayuntamiento-de-pamplona-preve-realizar-la-consulta-ciudadana-sobre-la-reurbanizacion-de-la-plaza-de-la-cruz-y-el-aparcamiento-en-la-calle-sanguesa-en-noviembre\/","og_locale":"es_ES","og_type":"article","og_title":"El Ayuntamiento de Pamplona prev\u00e9 realizar la consulta ciudadana sobre la reurbanizaci\u00f3n de la Plaza de la Cruz y el aparcamiento en la calle Sang\u00fcesa en noviembre","og_description":"La idea inicial es que puedan participar las personas mayores de 16 a\u00f1os empadronadas en la zona","og_url":"https:\/\/www.laguiadepamplona.com\/actualidad\/el-ayuntamiento-de-pamplona-preve-realizar-la-consulta-ciudadana-sobre-la-reurbanizacion-de-la-plaza-de-la-cruz-y-el-aparcamiento-en-la-calle-sanguesa-en-noviembre\/","og_site_name":"La Gu\u00eda de Pamplona","article_publisher":"https:\/\/www.facebook.com\/laguiadepamplonacom-133175176762273\/?ref=hl","article_published_time":"2023-10-17T16:46:30+00:00","og_image":[{"width":1352,"height":802,"url":"https:\/\/www.laguiadepamplona.com\/actualidad\/wp-content\/uploads\/2022\/05\/22.05.20_plaza_cruz.webp","type":"image\/webp"}],"author":"La Gu\u00eda de Pamplona","twitter_card":"summary_large_image","twitter_creator":"@LaGuiadPamplona","twitter_site":"@LaGuiadPamplona","twitter_misc":{"Escrito por":"La Gu\u00eda de Pamplona","Tiempo de lectura":"3 minutos"},"schema":{"@context":"https:\/\/schema.org","@graph":[{"@type":"Article","@id":"https:\/\/www.laguiadepamplona.com\/actualidad\/el-ayuntamiento-de-pamplona-preve-realizar-la-consulta-ciudadana-sobre-la-reurbanizacion-de-la-plaza-de-la-cruz-y-el-aparcamiento-en-la-calle-sanguesa-en-noviembre\/#article","isPartOf":{"@id":"https:\/\/www.laguiadepamplona.com\/actualidad\/el-ayuntamiento-de-pamplona-preve-realizar-la-consulta-ciudadana-sobre-la-reurbanizacion-de-la-plaza-de-la-cruz-y-el-aparcamiento-en-la-calle-sanguesa-en-noviembre\/"},"author":{"name":"La Gu\u00eda de Pamplona","@id":"https:\/\/www.laguiadepamplona.com\/actualidad\/#\/schema\/person\/efe887376f0213d4657c93adc50b1fdb"},"headline":"El Ayuntamiento de Pamplona prev\u00e9 realizar la consulta ciudadana sobre la reurbanizaci\u00f3n de la Plaza de la Cruz y el aparcamiento en la calle Sang\u00fcesa en noviembre","datePublished":"2023-10-17T16:46:30+00:00","mainEntityOfPage":{"@id":"https:\/\/www.laguiadepamplona.com\/actualidad\/el-ayuntamiento-de-pamplona-preve-realizar-la-consulta-ciudadana-sobre-la-reurbanizacion-de-la-plaza-de-la-cruz-y-el-aparcamiento-en-la-calle-sanguesa-en-noviembre\/"},"wordCount":535,"commentCount":0,"publisher":{"@id":"https:\/\/www.laguiadepamplona.com\/actualidad\/#organization"},"image":{"@id":"https:\/\/www.laguiadepamplona.com\/actualidad\/el-ayuntamiento-de-pamplona-preve-realizar-la-consulta-ciudadana-sobre-la-reurbanizacion-de-la-plaza-de-la-cruz-y-el-aparcamiento-en-la-calle-sanguesa-en-noviembre\/#primaryimage"},"thumbnailUrl":"https:\/\/www.laguiadepamplona.com\/actualidad\/wp-content\/uploads\/2022\/05\/22.05.20_plaza_cruz.webp","articleSection":["Ayto Pamplona"],"inLanguage":"es","potentialAction":[{"@type":"CommentAction","name":"Comment","target":["https:\/\/www.laguiadepamplona.com\/actualidad\/el-ayuntamiento-de-pamplona-preve-realizar-la-consulta-ciudadana-sobre-la-reurbanizacion-de-la-plaza-de-la-cruz-y-el-aparcamiento-en-la-calle-sanguesa-en-noviembre\/#respond"]}]},{"@type":"WebPage","@id":"https:\/\/www.laguiadepamplona.com\/actualidad\/el-ayuntamiento-de-pamplona-preve-realizar-la-consulta-ciudadana-sobre-la-reurbanizacion-de-la-plaza-de-la-cruz-y-el-aparcamiento-en-la-calle-sanguesa-en-noviembre\/","url":"https:\/\/www.laguiadepamplona.com\/actualidad\/el-ayuntamiento-de-pamplona-preve-realizar-la-consulta-ciudadana-sobre-la-reurbanizacion-de-la-plaza-de-la-cruz-y-el-aparcamiento-en-la-calle-sanguesa-en-noviembre\/","name":"El Ayuntamiento de Pamplona prev\u00e9 realizar la consulta ciudadana sobre la reurbanizaci\u00f3n de la Plaza de la Cruz y el aparcamiento en la calle Sang\u00fcesa en noviembre","isPartOf":{"@id":"https:\/\/www.laguiadepamplona.com\/actualidad\/#website"},"primaryImageOfPage":{"@id":"https:\/\/www.laguiadepamplona.com\/actualidad\/el-ayuntamiento-de-pamplona-preve-realizar-la-consulta-ciudadana-sobre-la-reurbanizacion-de-la-plaza-de-la-cruz-y-el-aparcamiento-en-la-calle-sanguesa-en-noviembre\/#primaryimage"},"image":{"@id":"https:\/\/www.laguiadepamplona.com\/actualidad\/el-ayuntamiento-de-pamplona-preve-realizar-la-consulta-ciudadana-sobre-la-reurbanizacion-de-la-plaza-de-la-cruz-y-el-aparcamiento-en-la-calle-sanguesa-en-noviembre\/#primaryimage"},"thumbnailUrl":"https:\/\/www.laguiadepamplona.com\/actualidad\/wp-content\/uploads\/2022\/05\/22.05.20_plaza_cruz.webp","datePublished":"2023-10-17T16:46:30+00:00","description":"La idea inicial es que puedan participar las personas mayores de 16 a\u00f1os empadronadas en la zona","breadcrumb":{"@id":"https:\/\/www.laguiadepamplona.com\/actualidad\/el-ayuntamiento-de-pamplona-preve-realizar-la-consulta-ciudadana-sobre-la-reurbanizacion-de-la-plaza-de-la-cruz-y-el-aparcamiento-en-la-calle-sanguesa-en-noviembre\/#breadcrumb"},"inLanguage":"es","potentialAction":[{"@type":"ReadAction","target":["https:\/\/www.laguiadepamplona.com\/actualidad\/el-ayuntamiento-de-pamplona-preve-realizar-la-consulta-ciudadana-sobre-la-reurbanizacion-de-la-plaza-de-la-cruz-y-el-aparcamiento-en-la-calle-sanguesa-en-noviembre\/"]}]},{"@type":"ImageObject","inLanguage":"es","@id":"https:\/\/www.laguiadepamplona.com\/actualidad\/el-ayuntamiento-de-pamplona-preve-realizar-la-consulta-ciudadana-sobre-la-reurbanizacion-de-la-plaza-de-la-cruz-y-el-aparcamiento-en-la-calle-sanguesa-en-noviembre\/#primaryimage","url":"https:\/\/www.laguiadepamplona.com\/actualidad\/wp-content\/uploads\/2022\/05\/22.05.20_plaza_cruz.webp","contentUrl":"https:\/\/www.laguiadepamplona.com\/actualidad\/wp-content\/uploads\/2022\/05\/22.05.20_plaza_cruz.webp","width":1352,"height":802,"caption":"plaza de la cruz"},{"@type":"BreadcrumbList","@id":"https:\/\/www.laguiadepamplona.com\/actualidad\/el-ayuntamiento-de-pamplona-preve-realizar-la-consulta-ciudadana-sobre-la-reurbanizacion-de-la-plaza-de-la-cruz-y-el-aparcamiento-en-la-calle-sanguesa-en-noviembre\/#breadcrumb","itemListElement":[{"@type":"ListItem","position":1,"name":"Portada","item":"https:\/\/www.laguiadepamplona.com\/actualidad\/"},{"@type":"ListItem","position":2,"name":"El Ayuntamiento de Pamplona prev\u00e9 realizar la consulta ciudadana sobre la reurbanizaci\u00f3n de la Plaza de la Cruz y el aparcamiento en la calle Sang\u00fcesa en noviembre"}]},{"@type":"WebSite","@id":"https:\/\/www.laguiadepamplona.com\/actualidad\/#website","url":"https:\/\/www.laguiadepamplona.com\/actualidad\/","name":"La gu\u00eda de Pamplona","description":"Noticias de Pamplona","publisher":{"@id":"https:\/\/www.laguiadepamplona.com\/actualidad\/#organization"},"potentialAction":[{"@type":"SearchAction","target":{"@type":"EntryPoint","urlTemplate":"https:\/\/www.laguiadepamplona.com\/actualidad\/?s={search_term_string}"},"query-input":{"@type":"PropertyValueSpecification","valueRequired":true,"valueName":"search_term_string"}}],"inLanguage":"es"},{"@type":"Organization","@id":"https:\/\/www.laguiadepamplona.com\/actualidad\/#organization","name":"La Gu\u00eda de Pamplona \/ Noticias","url":"https:\/\/www.laguiadepamplona.com\/actualidad\/","logo":{"@type":"ImageObject","inLanguage":"es","@id":"https:\/\/www.laguiadepamplona.com\/actualidad\/#\/schema\/logo\/image\/","url":"https:\/\/www.laguiadepamplona.com\/actualidad\/wp-content\/uploads\/2018\/11\/logo-laguiadepamplona18-web1.png","contentUrl":"https:\/\/www.laguiadepamplona.com\/actualidad\/wp-content\/uploads\/2018\/11\/logo-laguiadepamplona18-web1.png","width":600,"height":196,"caption":"La Gu\u00eda de Pamplona \/ Noticias"},"image":{"@id":"https:\/\/www.laguiadepamplona.com\/actualidad\/#\/schema\/logo\/image\/"},"sameAs":["https:\/\/www.facebook.com\/laguiadepamplonacom-133175176762273\/?ref=hl","https:\/\/x.com\/LaGuiadPamplona","https:\/\/www.instagram.com\/la_guia_de_pamplona\/","https:\/\/www.youtube.com\/user\/laguiadepamplona"]},{"@type":"Person","@id":"https:\/\/www.laguiadepamplona.com\/actualidad\/#\/schema\/person\/efe887376f0213d4657c93adc50b1fdb","name":"La Gu\u00eda de Pamplona","image":{"@type":"ImageObject","inLanguage":"es","@id":"https:\/\/secure.gravatar.com\/avatar\/b6992f131dc8d30ab0dff15446e9d346d9dbd95992de0fef795073f5ea83a81c?s=96&d=mm&r=g","url":"https:\/\/secure.gravatar.com\/avatar\/b6992f131dc8d30ab0dff15446e9d346d9dbd95992de0fef795073f5ea83a81c?s=96&d=mm&r=g","contentUrl":"https:\/\/secure.gravatar.com\/avatar\/b6992f131dc8d30ab0dff15446e9d346d9dbd95992de0fef795073f5ea83a81c?s=96&d=mm&r=g","caption":"La Gu\u00eda de Pamplona"}}]}},"post_mailing_queue_ids":[],"_links":{"self":[{"href":"https:\/\/www.laguiadepamplona.com\/actualidad\/wp-json\/wp\/v2\/posts\/47610","targetHints":{"allow":["GET"]}}],"collection":[{"href":"https:\/\/www.laguiadepamplona.com\/actualidad\/wp-json\/wp\/v2\/posts"}],"about":[{"href":"https:\/\/www.laguiadepamplona.com\/actualidad\/wp-json\/wp\/v2\/types\/post"}],"author":[{"embeddable":true,"href":"https:\/\/www.laguiadepamplona.com\/actualidad\/wp-json\/wp\/v2\/users\/1"}],"replies":[{"embeddable":true,"href":"https:\/\/www.laguiadepamplona.com\/actualidad\/wp-json\/wp\/v2\/comments?post=47610"}],"version-history":[{"count":1,"href":"https:\/\/www.laguiadepamplona.com\/actualidad\/wp-json\/wp\/v2\/posts\/47610\/revisions"}],"predecessor-version":[{"id":47611,"href":"https:\/\/www.laguiadepamplona.com\/actualidad\/wp-json\/wp\/v2\/posts\/47610\/revisions\/47611"}],"wp:featuredmedia":[{"embeddable":true,"href":"https:\/\/www.laguiadepamplona.com\/actualidad\/wp-json\/wp\/v2\/media\/40423"}],"wp:attachment":[{"href":"https:\/\/www.laguiadepamplona.com\/actualidad\/wp-json\/wp\/v2\/media?parent=47610"}],"wp:term":[{"taxonomy":"category","embeddable":true,"href":"https:\/\/www.laguiadepamplona.com\/actualidad\/wp-json\/wp\/v2\/categories?post=47610"},{"taxonomy":"post_tag","embeddable":true,"href":"https:\/\/www.laguiadepamplona.com\/actualidad\/wp-json\/wp\/v2\/tags?post=47610"}],"curies":[{"name":"wp","href":"https:\/\/api.w.org\/{rel}","templated":true}]}}