{"id":47597,"date":"2023-10-17T18:00:13","date_gmt":"2023-10-17T16:00:13","guid":{"rendered":"https:\/\/www.laguiadepamplona.com\/actualidad\/?p=47597"},"modified":"2023-10-17T18:00:13","modified_gmt":"2023-10-17T16:00:13","slug":"pamplona-adjudica-los-adornos-de-iluminacion-y-decoracion-de-navidad-para-instalar-en-los-principales-ejes-comerciales-de-la-ciudad","status":"publish","type":"post","link":"https:\/\/www.laguiadepamplona.com\/actualidad\/pamplona-adjudica-los-adornos-de-iluminacion-y-decoracion-de-navidad-para-instalar-en-los-principales-ejes-comerciales-de-la-ciudad\/","title":{"rendered":"Pamplona adjudica los adornos de iluminaci\u00f3n y decoraci\u00f3n de Navidad para instalar en los principales ejes comerciales de la ciudad"},"content":{"rendered":"<h3>Un oso, un reno, un ping\u00fcino, una caja de regalo, una estrella, un pino, bolas decorativas y una casita de caramelo, entre las 9 figuras de luz led<\/h3>\n<p><!--more--><\/p>\n<p>La Junta de Gobierno Local ha aprobado la adjudicaci\u00f3n del contrato de adornos de iluminaci\u00f3n y decoraci\u00f3n de Navidad para instalar en los principales ejes comerciales de la ciudad. Este contrato se enmarca dentro de las ayudas del Plan de Recuperaci\u00f3n, Transformaci\u00f3n y Resiliencia (PRTR), financiado por la Uni\u00f3n Europea a trav\u00e9s de los fondos NextGenerationEU. La adjudicaci\u00f3n corresponde a la empresa Artesan\u00eda Rodr\u00edguez SL, por un precio de 69.441,90 euros (IVA incluido), lo que genera un sobrante de 5.558,10 euros.<br \/>\n<script async src=\"\/\/pagead2.googlesyndication.com\/pagead\/js\/adsbygoogle.js\"><\/script><br \/>\n<!-- Noticias La Guia de Pamplona --><br \/>\n<ins class=\"adsbygoogle\"\nstyle=\"display:block\"\ndata-ad-client=\"ca-pub-6943679897239327\"\ndata-ad-slot=\"7048180777\"\ndata-ad-format=\"auto\"><\/ins><br \/>\n<script>\n(adsbygoogle = window.adsbygoogle || []).push({});\n<\/script><\/p>\n<p>La propuesta t\u00e9cnica de la adjudicataria incluye entre los cinco motivos de m\u00e1s de tres metros, un oso gigante de peluche de luz c\u00e1lida, una caja de regalo de luz blanca, un ping\u00fcino navide\u00f1o tambi\u00e9n de luz blanca, una bola decorativa con un pino y un ciervo, y una estrella fugaz de luz c\u00e1lida. El oso consta de un peque\u00f1o asiento en el frontal para poder tomarse fotograf\u00edas y las otras cuatro figuras, en dos y tres dimensiones, son transitables.<\/p>\n<p>La adjudicataria tambi\u00e9n ofrece, entre los dos motivos de 5 metros o m\u00e1s, un cono led de luz c\u00e1lida culminado por una estrella y una bola decorativa transitable. Adem\u00e1s, los dos motivos de tem\u00e1tica infantil son una casita de caramelo decorada con una galleta de jengibre y un bast\u00f3n de dulce, y un reno gigante de nariz roja; ambas figuras, realizadas en tres dimensiones, son transitables y combinan luz c\u00e1lida y luz blanca.<br \/>\n<script async src=\"\/\/pagead2.googlesyndication.com\/pagead\/js\/adsbygoogle.js\"><\/script><br \/>\n<!-- Noticias La Guia de Pamplona --><br \/>\n<ins class=\"adsbygoogle\"\nstyle=\"display:block\"\ndata-ad-client=\"ca-pub-6943679897239327\"\ndata-ad-slot=\"7048180777\"\ndata-ad-format=\"auto\"><\/ins><br \/>\n<script>\n(adsbygoogle = window.adsbygoogle || []).push({});\n<\/script><\/p>\n<p>Pamplona adquiere estos motivos decorativos navide\u00f1os de diferentes tipolog\u00edas y tama\u00f1os para decorar las principales zonas comerciales en la \u00e9poca navide\u00f1a. Se trata de estructuras luminosas para anclar en el suelo. Estas decoraciones, que permiten a la ciudadan\u00eda transitarlas y tomarse fotograf\u00edas, complementan la iluminaci\u00f3n tradicional en altura que adorna la ciudad en las fechas decembrinas. La adquisici\u00f3n de estos motivos, que utilizan tecnolog\u00eda led, busca aumentar el parque municipal de adornos de Navidad que se reparten por los comercios para que los expongan en sus establecimientos.<\/p>\n<p>Los criterios de adjudicaci\u00f3n inclu\u00edan la est\u00e9tica general de los adornos ofertados, la originalidad y novedad, la personalizaci\u00f3n y enriquecimiento de los elementos, adem\u00e1s de las mejoras aportadas al pliego de prescripciones t\u00e9cnicas, criterios sociales y la oferta econ\u00f3mica. Los adornos incorporan el cableado adecuado y protegido para instalaciones de calle y preparado para su conexi\u00f3n el\u00e9ctrica al alumbrado p\u00fablico. La instalaci\u00f3n, transporte y desinstalaci\u00f3n de los adornos corre a cuenta del Ayuntamiento de Pamplona.<\/p>\n","protected":false},"excerpt":{"rendered":"<p>Un oso, un reno, un ping\u00fcino, una caja de regalo, una estrella, un pino, bolas decorativas y una casita de caramelo, entre las 9 figuras de luz led<\/p>\n","protected":false},"author":1,"featured_media":42132,"comment_status":"open","ping_status":"closed","sticky":false,"template":"","format":"standard","meta":{"footnotes":""},"categories":[2],"tags":[],"class_list":["post-47597","post","type-post","status-publish","format-standard","has-post-thumbnail","hentry","category-ayuntamiento-pamplona"],"yoast_head":"<!-- This site is optimized with the Yoast SEO plugin v27.3 - https:\/\/yoast.com\/product\/yoast-seo-wordpress\/ -->\n<title>Pamplona adjudica los adornos de iluminaci\u00f3n y decoraci\u00f3n de Navidad para instalar en los principales ejes comerciales de la ciudad<\/title>\n<meta name=\"description\" content=\"Un oso, un reno, un ping\u00fcino, una caja de regalo, una estrella, un pino, bolas decorativas y una casita de caramelo, entre las 9 figuras de luz led\" \/>\n<meta name=\"robots\" content=\"index, follow, max-snippet:-1, max-image-preview:large, max-video-preview:-1\" \/>\n<link rel=\"canonical\" href=\"https:\/\/www.laguiadepamplona.com\/actualidad\/pamplona-adjudica-los-adornos-de-iluminacion-y-decoracion-de-navidad-para-instalar-en-los-principales-ejes-comerciales-de-la-ciudad\/\" \/>\n<meta property=\"og:locale\" content=\"es_ES\" \/>\n<meta property=\"og:type\" content=\"article\" \/>\n<meta property=\"og:title\" content=\"Pamplona adjudica los adornos de iluminaci\u00f3n y decoraci\u00f3n de Navidad para instalar en los principales ejes comerciales de la ciudad\" \/>\n<meta property=\"og:description\" content=\"Un oso, un reno, un ping\u00fcino, una caja de regalo, una estrella, un pino, bolas decorativas y una casita de caramelo, entre las 9 figuras de luz led\" \/>\n<meta property=\"og:url\" content=\"https:\/\/www.laguiadepamplona.com\/actualidad\/pamplona-adjudica-los-adornos-de-iluminacion-y-decoracion-de-navidad-para-instalar-en-los-principales-ejes-comerciales-de-la-ciudad\/\" \/>\n<meta property=\"og:site_name\" content=\"La Gu\u00eda de Pamplona\" \/>\n<meta property=\"article:publisher\" content=\"https:\/\/www.facebook.com\/laguiadepamplonacom-133175176762273\/?ref=hl\" \/>\n<meta property=\"article:published_time\" content=\"2023-10-17T16:00:13+00:00\" \/>\n<meta property=\"og:image\" content=\"https:\/\/www.laguiadepamplona.com\/actualidad\/wp-content\/uploads\/2022\/11\/iluminacion-navidad-jgv4988_0.webp\" \/>\n\t<meta property=\"og:image:width\" content=\"1920\" \/>\n\t<meta property=\"og:image:height\" content=\"1280\" \/>\n\t<meta property=\"og:image:type\" content=\"image\/webp\" \/>\n<meta name=\"author\" content=\"La Gu\u00eda de Pamplona\" \/>\n<meta name=\"twitter:card\" content=\"summary_large_image\" \/>\n<meta name=\"twitter:creator\" content=\"@LaGuiadPamplona\" \/>\n<meta name=\"twitter:site\" content=\"@LaGuiadPamplona\" \/>\n<meta name=\"twitter:label1\" content=\"Escrito por\" \/>\n\t<meta name=\"twitter:data1\" content=\"La Gu\u00eda de Pamplona\" \/>\n\t<meta name=\"twitter:label2\" content=\"Tiempo de lectura\" \/>\n\t<meta name=\"twitter:data2\" content=\"2 minutos\" \/>\n<script type=\"application\/ld+json\" class=\"yoast-schema-graph\">{\"@context\":\"https:\\\/\\\/schema.org\",\"@graph\":[{\"@type\":\"Article\",\"@id\":\"https:\\\/\\\/www.laguiadepamplona.com\\\/actualidad\\\/pamplona-adjudica-los-adornos-de-iluminacion-y-decoracion-de-navidad-para-instalar-en-los-principales-ejes-comerciales-de-la-ciudad\\\/#article\",\"isPartOf\":{\"@id\":\"https:\\\/\\\/www.laguiadepamplona.com\\\/actualidad\\\/pamplona-adjudica-los-adornos-de-iluminacion-y-decoracion-de-navidad-para-instalar-en-los-principales-ejes-comerciales-de-la-ciudad\\\/\"},\"author\":{\"name\":\"La Gu\u00eda de Pamplona\",\"@id\":\"https:\\\/\\\/www.laguiadepamplona.com\\\/actualidad\\\/#\\\/schema\\\/person\\\/efe887376f0213d4657c93adc50b1fdb\"},\"headline\":\"Pamplona adjudica los adornos de iluminaci\u00f3n y decoraci\u00f3n de Navidad para instalar en los principales ejes comerciales de la ciudad\",\"datePublished\":\"2023-10-17T16:00:13+00:00\",\"mainEntityOfPage\":{\"@id\":\"https:\\\/\\\/www.laguiadepamplona.com\\\/actualidad\\\/pamplona-adjudica-los-adornos-de-iluminacion-y-decoracion-de-navidad-para-instalar-en-los-principales-ejes-comerciales-de-la-ciudad\\\/\"},\"wordCount\":490,\"commentCount\":0,\"publisher\":{\"@id\":\"https:\\\/\\\/www.laguiadepamplona.com\\\/actualidad\\\/#organization\"},\"image\":{\"@id\":\"https:\\\/\\\/www.laguiadepamplona.com\\\/actualidad\\\/pamplona-adjudica-los-adornos-de-iluminacion-y-decoracion-de-navidad-para-instalar-en-los-principales-ejes-comerciales-de-la-ciudad\\\/#primaryimage\"},\"thumbnailUrl\":\"https:\\\/\\\/www.laguiadepamplona.com\\\/actualidad\\\/wp-content\\\/uploads\\\/2022\\\/11\\\/iluminacion-navidad-jgv4988_0.webp\",\"articleSection\":[\"Ayto Pamplona\"],\"inLanguage\":\"es\",\"potentialAction\":[{\"@type\":\"CommentAction\",\"name\":\"Comment\",\"target\":[\"https:\\\/\\\/www.laguiadepamplona.com\\\/actualidad\\\/pamplona-adjudica-los-adornos-de-iluminacion-y-decoracion-de-navidad-para-instalar-en-los-principales-ejes-comerciales-de-la-ciudad\\\/#respond\"]}]},{\"@type\":\"WebPage\",\"@id\":\"https:\\\/\\\/www.laguiadepamplona.com\\\/actualidad\\\/pamplona-adjudica-los-adornos-de-iluminacion-y-decoracion-de-navidad-para-instalar-en-los-principales-ejes-comerciales-de-la-ciudad\\\/\",\"url\":\"https:\\\/\\\/www.laguiadepamplona.com\\\/actualidad\\\/pamplona-adjudica-los-adornos-de-iluminacion-y-decoracion-de-navidad-para-instalar-en-los-principales-ejes-comerciales-de-la-ciudad\\\/\",\"name\":\"Pamplona adjudica los adornos de iluminaci\u00f3n y decoraci\u00f3n de Navidad para instalar en los principales ejes comerciales de la ciudad\",\"isPartOf\":{\"@id\":\"https:\\\/\\\/www.laguiadepamplona.com\\\/actualidad\\\/#website\"},\"primaryImageOfPage\":{\"@id\":\"https:\\\/\\\/www.laguiadepamplona.com\\\/actualidad\\\/pamplona-adjudica-los-adornos-de-iluminacion-y-decoracion-de-navidad-para-instalar-en-los-principales-ejes-comerciales-de-la-ciudad\\\/#primaryimage\"},\"image\":{\"@id\":\"https:\\\/\\\/www.laguiadepamplona.com\\\/actualidad\\\/pamplona-adjudica-los-adornos-de-iluminacion-y-decoracion-de-navidad-para-instalar-en-los-principales-ejes-comerciales-de-la-ciudad\\\/#primaryimage\"},\"thumbnailUrl\":\"https:\\\/\\\/www.laguiadepamplona.com\\\/actualidad\\\/wp-content\\\/uploads\\\/2022\\\/11\\\/iluminacion-navidad-jgv4988_0.webp\",\"datePublished\":\"2023-10-17T16:00:13+00:00\",\"description\":\"Un oso, un reno, un ping\u00fcino, una caja de regalo, una estrella, un pino, bolas decorativas y una casita de caramelo, entre las 9 figuras de luz led\",\"breadcrumb\":{\"@id\":\"https:\\\/\\\/www.laguiadepamplona.com\\\/actualidad\\\/pamplona-adjudica-los-adornos-de-iluminacion-y-decoracion-de-navidad-para-instalar-en-los-principales-ejes-comerciales-de-la-ciudad\\\/#breadcrumb\"},\"inLanguage\":\"es\",\"potentialAction\":[{\"@type\":\"ReadAction\",\"target\":[\"https:\\\/\\\/www.laguiadepamplona.com\\\/actualidad\\\/pamplona-adjudica-los-adornos-de-iluminacion-y-decoracion-de-navidad-para-instalar-en-los-principales-ejes-comerciales-de-la-ciudad\\\/\"]}]},{\"@type\":\"ImageObject\",\"inLanguage\":\"es\",\"@id\":\"https:\\\/\\\/www.laguiadepamplona.com\\\/actualidad\\\/pamplona-adjudica-los-adornos-de-iluminacion-y-decoracion-de-navidad-para-instalar-en-los-principales-ejes-comerciales-de-la-ciudad\\\/#primaryimage\",\"url\":\"https:\\\/\\\/www.laguiadepamplona.com\\\/actualidad\\\/wp-content\\\/uploads\\\/2022\\\/11\\\/iluminacion-navidad-jgv4988_0.webp\",\"contentUrl\":\"https:\\\/\\\/www.laguiadepamplona.com\\\/actualidad\\\/wp-content\\\/uploads\\\/2022\\\/11\\\/iluminacion-navidad-jgv4988_0.webp\",\"width\":1920,\"height\":1280,\"caption\":\"iluminaci\u00f3n navidad\"},{\"@type\":\"BreadcrumbList\",\"@id\":\"https:\\\/\\\/www.laguiadepamplona.com\\\/actualidad\\\/pamplona-adjudica-los-adornos-de-iluminacion-y-decoracion-de-navidad-para-instalar-en-los-principales-ejes-comerciales-de-la-ciudad\\\/#breadcrumb\",\"itemListElement\":[{\"@type\":\"ListItem\",\"position\":1,\"name\":\"Portada\",\"item\":\"https:\\\/\\\/www.laguiadepamplona.com\\\/actualidad\\\/\"},{\"@type\":\"ListItem\",\"position\":2,\"name\":\"Pamplona adjudica los adornos de iluminaci\u00f3n y decoraci\u00f3n de Navidad para instalar en los principales ejes comerciales de la ciudad\"}]},{\"@type\":\"WebSite\",\"@id\":\"https:\\\/\\\/www.laguiadepamplona.com\\\/actualidad\\\/#website\",\"url\":\"https:\\\/\\\/www.laguiadepamplona.com\\\/actualidad\\\/\",\"name\":\"La gu\u00eda de Pamplona\",\"description\":\"Noticias de Pamplona\",\"publisher\":{\"@id\":\"https:\\\/\\\/www.laguiadepamplona.com\\\/actualidad\\\/#organization\"},\"potentialAction\":[{\"@type\":\"SearchAction\",\"target\":{\"@type\":\"EntryPoint\",\"urlTemplate\":\"https:\\\/\\\/www.laguiadepamplona.com\\\/actualidad\\\/?s={search_term_string}\"},\"query-input\":{\"@type\":\"PropertyValueSpecification\",\"valueRequired\":true,\"valueName\":\"search_term_string\"}}],\"inLanguage\":\"es\"},{\"@type\":\"Organization\",\"@id\":\"https:\\\/\\\/www.laguiadepamplona.com\\\/actualidad\\\/#organization\",\"name\":\"La Gu\u00eda de Pamplona \\\/ Noticias\",\"url\":\"https:\\\/\\\/www.laguiadepamplona.com\\\/actualidad\\\/\",\"logo\":{\"@type\":\"ImageObject\",\"inLanguage\":\"es\",\"@id\":\"https:\\\/\\\/www.laguiadepamplona.com\\\/actualidad\\\/#\\\/schema\\\/logo\\\/image\\\/\",\"url\":\"https:\\\/\\\/www.laguiadepamplona.com\\\/actualidad\\\/wp-content\\\/uploads\\\/2018\\\/11\\\/logo-laguiadepamplona18-web1.png\",\"contentUrl\":\"https:\\\/\\\/www.laguiadepamplona.com\\\/actualidad\\\/wp-content\\\/uploads\\\/2018\\\/11\\\/logo-laguiadepamplona18-web1.png\",\"width\":600,\"height\":196,\"caption\":\"La Gu\u00eda de Pamplona \\\/ Noticias\"},\"image\":{\"@id\":\"https:\\\/\\\/www.laguiadepamplona.com\\\/actualidad\\\/#\\\/schema\\\/logo\\\/image\\\/\"},\"sameAs\":[\"https:\\\/\\\/www.facebook.com\\\/laguiadepamplonacom-133175176762273\\\/?ref=hl\",\"https:\\\/\\\/x.com\\\/LaGuiadPamplona\",\"https:\\\/\\\/www.instagram.com\\\/la_guia_de_pamplona\\\/\",\"https:\\\/\\\/www.youtube.com\\\/user\\\/laguiadepamplona\"]},{\"@type\":\"Person\",\"@id\":\"https:\\\/\\\/www.laguiadepamplona.com\\\/actualidad\\\/#\\\/schema\\\/person\\\/efe887376f0213d4657c93adc50b1fdb\",\"name\":\"La Gu\u00eda de Pamplona\",\"image\":{\"@type\":\"ImageObject\",\"inLanguage\":\"es\",\"@id\":\"https:\\\/\\\/secure.gravatar.com\\\/avatar\\\/b6992f131dc8d30ab0dff15446e9d346d9dbd95992de0fef795073f5ea83a81c?s=96&d=mm&r=g\",\"url\":\"https:\\\/\\\/secure.gravatar.com\\\/avatar\\\/b6992f131dc8d30ab0dff15446e9d346d9dbd95992de0fef795073f5ea83a81c?s=96&d=mm&r=g\",\"contentUrl\":\"https:\\\/\\\/secure.gravatar.com\\\/avatar\\\/b6992f131dc8d30ab0dff15446e9d346d9dbd95992de0fef795073f5ea83a81c?s=96&d=mm&r=g\",\"caption\":\"La Gu\u00eda de Pamplona\"}}]}<\/script>\n<!-- \/ Yoast SEO plugin. -->","yoast_head_json":{"title":"Pamplona adjudica los adornos de iluminaci\u00f3n y decoraci\u00f3n de Navidad para instalar en los principales ejes comerciales de la ciudad","description":"Un oso, un reno, un ping\u00fcino, una caja de regalo, una estrella, un pino, bolas decorativas y una casita de caramelo, entre las 9 figuras de luz led","robots":{"index":"index","follow":"follow","max-snippet":"max-snippet:-1","max-image-preview":"max-image-preview:large","max-video-preview":"max-video-preview:-1"},"canonical":"https:\/\/www.laguiadepamplona.com\/actualidad\/pamplona-adjudica-los-adornos-de-iluminacion-y-decoracion-de-navidad-para-instalar-en-los-principales-ejes-comerciales-de-la-ciudad\/","og_locale":"es_ES","og_type":"article","og_title":"Pamplona adjudica los adornos de iluminaci\u00f3n y decoraci\u00f3n de Navidad para instalar en los principales ejes comerciales de la ciudad","og_description":"Un oso, un reno, un ping\u00fcino, una caja de regalo, una estrella, un pino, bolas decorativas y una casita de caramelo, entre las 9 figuras de luz led","og_url":"https:\/\/www.laguiadepamplona.com\/actualidad\/pamplona-adjudica-los-adornos-de-iluminacion-y-decoracion-de-navidad-para-instalar-en-los-principales-ejes-comerciales-de-la-ciudad\/","og_site_name":"La Gu\u00eda de Pamplona","article_publisher":"https:\/\/www.facebook.com\/laguiadepamplonacom-133175176762273\/?ref=hl","article_published_time":"2023-10-17T16:00:13+00:00","og_image":[{"width":1920,"height":1280,"url":"https:\/\/www.laguiadepamplona.com\/actualidad\/wp-content\/uploads\/2022\/11\/iluminacion-navidad-jgv4988_0.webp","type":"image\/webp"}],"author":"La Gu\u00eda de Pamplona","twitter_card":"summary_large_image","twitter_creator":"@LaGuiadPamplona","twitter_site":"@LaGuiadPamplona","twitter_misc":{"Escrito por":"La Gu\u00eda de Pamplona","Tiempo de lectura":"2 minutos"},"schema":{"@context":"https:\/\/schema.org","@graph":[{"@type":"Article","@id":"https:\/\/www.laguiadepamplona.com\/actualidad\/pamplona-adjudica-los-adornos-de-iluminacion-y-decoracion-de-navidad-para-instalar-en-los-principales-ejes-comerciales-de-la-ciudad\/#article","isPartOf":{"@id":"https:\/\/www.laguiadepamplona.com\/actualidad\/pamplona-adjudica-los-adornos-de-iluminacion-y-decoracion-de-navidad-para-instalar-en-los-principales-ejes-comerciales-de-la-ciudad\/"},"author":{"name":"La Gu\u00eda de Pamplona","@id":"https:\/\/www.laguiadepamplona.com\/actualidad\/#\/schema\/person\/efe887376f0213d4657c93adc50b1fdb"},"headline":"Pamplona adjudica los adornos de iluminaci\u00f3n y decoraci\u00f3n de Navidad para instalar en los principales ejes comerciales de la ciudad","datePublished":"2023-10-17T16:00:13+00:00","mainEntityOfPage":{"@id":"https:\/\/www.laguiadepamplona.com\/actualidad\/pamplona-adjudica-los-adornos-de-iluminacion-y-decoracion-de-navidad-para-instalar-en-los-principales-ejes-comerciales-de-la-ciudad\/"},"wordCount":490,"commentCount":0,"publisher":{"@id":"https:\/\/www.laguiadepamplona.com\/actualidad\/#organization"},"image":{"@id":"https:\/\/www.laguiadepamplona.com\/actualidad\/pamplona-adjudica-los-adornos-de-iluminacion-y-decoracion-de-navidad-para-instalar-en-los-principales-ejes-comerciales-de-la-ciudad\/#primaryimage"},"thumbnailUrl":"https:\/\/www.laguiadepamplona.com\/actualidad\/wp-content\/uploads\/2022\/11\/iluminacion-navidad-jgv4988_0.webp","articleSection":["Ayto Pamplona"],"inLanguage":"es","potentialAction":[{"@type":"CommentAction","name":"Comment","target":["https:\/\/www.laguiadepamplona.com\/actualidad\/pamplona-adjudica-los-adornos-de-iluminacion-y-decoracion-de-navidad-para-instalar-en-los-principales-ejes-comerciales-de-la-ciudad\/#respond"]}]},{"@type":"WebPage","@id":"https:\/\/www.laguiadepamplona.com\/actualidad\/pamplona-adjudica-los-adornos-de-iluminacion-y-decoracion-de-navidad-para-instalar-en-los-principales-ejes-comerciales-de-la-ciudad\/","url":"https:\/\/www.laguiadepamplona.com\/actualidad\/pamplona-adjudica-los-adornos-de-iluminacion-y-decoracion-de-navidad-para-instalar-en-los-principales-ejes-comerciales-de-la-ciudad\/","name":"Pamplona adjudica los adornos de iluminaci\u00f3n y decoraci\u00f3n de Navidad para instalar en los principales ejes comerciales de la ciudad","isPartOf":{"@id":"https:\/\/www.laguiadepamplona.com\/actualidad\/#website"},"primaryImageOfPage":{"@id":"https:\/\/www.laguiadepamplona.com\/actualidad\/pamplona-adjudica-los-adornos-de-iluminacion-y-decoracion-de-navidad-para-instalar-en-los-principales-ejes-comerciales-de-la-ciudad\/#primaryimage"},"image":{"@id":"https:\/\/www.laguiadepamplona.com\/actualidad\/pamplona-adjudica-los-adornos-de-iluminacion-y-decoracion-de-navidad-para-instalar-en-los-principales-ejes-comerciales-de-la-ciudad\/#primaryimage"},"thumbnailUrl":"https:\/\/www.laguiadepamplona.com\/actualidad\/wp-content\/uploads\/2022\/11\/iluminacion-navidad-jgv4988_0.webp","datePublished":"2023-10-17T16:00:13+00:00","description":"Un oso, un reno, un ping\u00fcino, una caja de regalo, una estrella, un pino, bolas decorativas y una casita de caramelo, entre las 9 figuras de luz led","breadcrumb":{"@id":"https:\/\/www.laguiadepamplona.com\/actualidad\/pamplona-adjudica-los-adornos-de-iluminacion-y-decoracion-de-navidad-para-instalar-en-los-principales-ejes-comerciales-de-la-ciudad\/#breadcrumb"},"inLanguage":"es","potentialAction":[{"@type":"ReadAction","target":["https:\/\/www.laguiadepamplona.com\/actualidad\/pamplona-adjudica-los-adornos-de-iluminacion-y-decoracion-de-navidad-para-instalar-en-los-principales-ejes-comerciales-de-la-ciudad\/"]}]},{"@type":"ImageObject","inLanguage":"es","@id":"https:\/\/www.laguiadepamplona.com\/actualidad\/pamplona-adjudica-los-adornos-de-iluminacion-y-decoracion-de-navidad-para-instalar-en-los-principales-ejes-comerciales-de-la-ciudad\/#primaryimage","url":"https:\/\/www.laguiadepamplona.com\/actualidad\/wp-content\/uploads\/2022\/11\/iluminacion-navidad-jgv4988_0.webp","contentUrl":"https:\/\/www.laguiadepamplona.com\/actualidad\/wp-content\/uploads\/2022\/11\/iluminacion-navidad-jgv4988_0.webp","width":1920,"height":1280,"caption":"iluminaci\u00f3n navidad"},{"@type":"BreadcrumbList","@id":"https:\/\/www.laguiadepamplona.com\/actualidad\/pamplona-adjudica-los-adornos-de-iluminacion-y-decoracion-de-navidad-para-instalar-en-los-principales-ejes-comerciales-de-la-ciudad\/#breadcrumb","itemListElement":[{"@type":"ListItem","position":1,"name":"Portada","item":"https:\/\/www.laguiadepamplona.com\/actualidad\/"},{"@type":"ListItem","position":2,"name":"Pamplona adjudica los adornos de iluminaci\u00f3n y decoraci\u00f3n de Navidad para instalar en los principales ejes comerciales de la ciudad"}]},{"@type":"WebSite","@id":"https:\/\/www.laguiadepamplona.com\/actualidad\/#website","url":"https:\/\/www.laguiadepamplona.com\/actualidad\/","name":"La gu\u00eda de Pamplona","description":"Noticias de Pamplona","publisher":{"@id":"https:\/\/www.laguiadepamplona.com\/actualidad\/#organization"},"potentialAction":[{"@type":"SearchAction","target":{"@type":"EntryPoint","urlTemplate":"https:\/\/www.laguiadepamplona.com\/actualidad\/?s={search_term_string}"},"query-input":{"@type":"PropertyValueSpecification","valueRequired":true,"valueName":"search_term_string"}}],"inLanguage":"es"},{"@type":"Organization","@id":"https:\/\/www.laguiadepamplona.com\/actualidad\/#organization","name":"La Gu\u00eda de Pamplona \/ Noticias","url":"https:\/\/www.laguiadepamplona.com\/actualidad\/","logo":{"@type":"ImageObject","inLanguage":"es","@id":"https:\/\/www.laguiadepamplona.com\/actualidad\/#\/schema\/logo\/image\/","url":"https:\/\/www.laguiadepamplona.com\/actualidad\/wp-content\/uploads\/2018\/11\/logo-laguiadepamplona18-web1.png","contentUrl":"https:\/\/www.laguiadepamplona.com\/actualidad\/wp-content\/uploads\/2018\/11\/logo-laguiadepamplona18-web1.png","width":600,"height":196,"caption":"La Gu\u00eda de Pamplona \/ Noticias"},"image":{"@id":"https:\/\/www.laguiadepamplona.com\/actualidad\/#\/schema\/logo\/image\/"},"sameAs":["https:\/\/www.facebook.com\/laguiadepamplonacom-133175176762273\/?ref=hl","https:\/\/x.com\/LaGuiadPamplona","https:\/\/www.instagram.com\/la_guia_de_pamplona\/","https:\/\/www.youtube.com\/user\/laguiadepamplona"]},{"@type":"Person","@id":"https:\/\/www.laguiadepamplona.com\/actualidad\/#\/schema\/person\/efe887376f0213d4657c93adc50b1fdb","name":"La Gu\u00eda de Pamplona","image":{"@type":"ImageObject","inLanguage":"es","@id":"https:\/\/secure.gravatar.com\/avatar\/b6992f131dc8d30ab0dff15446e9d346d9dbd95992de0fef795073f5ea83a81c?s=96&d=mm&r=g","url":"https:\/\/secure.gravatar.com\/avatar\/b6992f131dc8d30ab0dff15446e9d346d9dbd95992de0fef795073f5ea83a81c?s=96&d=mm&r=g","contentUrl":"https:\/\/secure.gravatar.com\/avatar\/b6992f131dc8d30ab0dff15446e9d346d9dbd95992de0fef795073f5ea83a81c?s=96&d=mm&r=g","caption":"La Gu\u00eda de Pamplona"}}]}},"post_mailing_queue_ids":[],"_links":{"self":[{"href":"https:\/\/www.laguiadepamplona.com\/actualidad\/wp-json\/wp\/v2\/posts\/47597","targetHints":{"allow":["GET"]}}],"collection":[{"href":"https:\/\/www.laguiadepamplona.com\/actualidad\/wp-json\/wp\/v2\/posts"}],"about":[{"href":"https:\/\/www.laguiadepamplona.com\/actualidad\/wp-json\/wp\/v2\/types\/post"}],"author":[{"embeddable":true,"href":"https:\/\/www.laguiadepamplona.com\/actualidad\/wp-json\/wp\/v2\/users\/1"}],"replies":[{"embeddable":true,"href":"https:\/\/www.laguiadepamplona.com\/actualidad\/wp-json\/wp\/v2\/comments?post=47597"}],"version-history":[{"count":1,"href":"https:\/\/www.laguiadepamplona.com\/actualidad\/wp-json\/wp\/v2\/posts\/47597\/revisions"}],"predecessor-version":[{"id":47598,"href":"https:\/\/www.laguiadepamplona.com\/actualidad\/wp-json\/wp\/v2\/posts\/47597\/revisions\/47598"}],"wp:featuredmedia":[{"embeddable":true,"href":"https:\/\/www.laguiadepamplona.com\/actualidad\/wp-json\/wp\/v2\/media\/42132"}],"wp:attachment":[{"href":"https:\/\/www.laguiadepamplona.com\/actualidad\/wp-json\/wp\/v2\/media?parent=47597"}],"wp:term":[{"taxonomy":"category","embeddable":true,"href":"https:\/\/www.laguiadepamplona.com\/actualidad\/wp-json\/wp\/v2\/categories?post=47597"},{"taxonomy":"post_tag","embeddable":true,"href":"https:\/\/www.laguiadepamplona.com\/actualidad\/wp-json\/wp\/v2\/tags?post=47597"}],"curies":[{"name":"wp","href":"https:\/\/api.w.org\/{rel}","templated":true}]}}