{"id":47594,"date":"2023-10-16T17:32:52","date_gmt":"2023-10-16T15:32:52","guid":{"rendered":"https:\/\/www.laguiadepamplona.com\/actualidad\/?p=47594"},"modified":"2023-10-16T17:32:52","modified_gmt":"2023-10-16T15:32:52","slug":"adjudicado-el-contrato-de-asistencia-tecnica-para-la-gestion-de-dos-proyectos-de-comercio-financiados-con-fondos-next-generation-eu","status":"publish","type":"post","link":"https:\/\/www.laguiadepamplona.com\/actualidad\/adjudicado-el-contrato-de-asistencia-tecnica-para-la-gestion-de-dos-proyectos-de-comercio-financiados-con-fondos-next-generation-eu\/","title":{"rendered":"Adjudicado el contrato de asistencia t\u00e9cnica para la gesti\u00f3n de dos proyectos de comercio financiados con Fondos Next Generation EU"},"content":{"rendered":"<h3>Los proyectos incluyen un \u2018Plan de Apoyo a Mercados y Zonas Urbanas Comerciales Urbanas\u2019 y el \u2018Fortalecimiento de Actividad Comercial en Zonas Tur\u00edsticas\u2019<\/h3>\n<p><!--more--><\/p>\n<p>La Junta de Gobierno Local del Ayuntamiento de Pamplona ha aprobado la adjudicaci\u00f3n del contrato de asistencia t\u00e9cnica para la gesti\u00f3n de proyectos de comercio financiados con Fondos NextGenerationEU. Estos fondos provienen de las ayudas convocadas para el a\u00f1o 2022 por Resoluci\u00f3n de la Secretar\u00eda de Estado de Comercio de 30 de junio de 2022. La adjudicaci\u00f3n corresponde a la C\u00e1mara Oficial de Comercio, Industria y Servicios de Navarra, por un total de 61.750 euros, IVA incluido.<\/p>\n<p>El contrato establece la asistencia t\u00e9cnica a la gesti\u00f3n, implantaci\u00f3n, desarrollo y coordinaci\u00f3n de los proyectos de Apoyo al Comercio de Pamplona, en el marco del Plan de Recuperaci\u00f3n, Transformaci\u00f3n y Resiliencia (PRTR) y con financiaci\u00f3n de los fondos europeos NextGenerationEU. Los proyectos con fecha de aprobaci\u00f3n definitiva por parte de la Secretaria de Estado de Comercio del 9 de marzo de 2023 incluidos son: \u2018Pamplona Puede\u2019: Plan de Apoyo a Mercados y Zonas Urbanas Comerciales; y \u2018Pamplona es Mucho M\u00e1s\u2019: Fortalecimiento de Actividad Comercial en Zonas Tur\u00edsticas\u2019, con un presupuesto de 1.286.400 euros y 980.000 euros, respectivamente. El Ayuntamiento de Pamplona cofinancia el 20% del presupuesto del proyecto.<br \/>\n<script async src=\"\/\/pagead2.googlesyndication.com\/pagead\/js\/adsbygoogle.js\"><\/script><br \/>\n<!-- Noticias La Guia de Pamplona --><br \/>\n<ins class=\"adsbygoogle\"\nstyle=\"display:block\"\ndata-ad-client=\"ca-pub-6943679897239327\"\ndata-ad-slot=\"7048180777\"\ndata-ad-format=\"auto\"><\/ins><br \/>\n<script>\n(adsbygoogle = window.adsbygoogle || []).push({});\n<\/script><\/p>\n<p>El primer proyecto, \u2018Pamplona Puede: Plan de Apoyo a Mercados y Zonas Urbanas Comerciales Pamplona 23-24\u2019 cuenta con un presupuesto financiable de 1.286.400 euros con una subvenci\u00f3n correspondiente de 1.029.120 euros. Se distribuye en 5 conceptos de gasto financiables referidos a la Transformaci\u00f3n digital, la Transformaci\u00f3n del punto de venta (actuaci\u00f3n en Mercados Municipales), Sostenibilidad y econom\u00eda circular, Sensibilizaci\u00f3n y formaci\u00f3n, y Otros gastos subvencionables. Este proyecto supone la ejecuci\u00f3n de un total de 18 medidas, 7 de las cuales podr\u00e1n ser ejecutadas por la sociedad Comiru\u00f1a (a la que se encomienda la gesti\u00f3n de las mismas), siendo el resto asumidas por el \u00c1rea de Promoci\u00f3n Tur\u00edstica y Comercial.<\/p>\n<p>Entre los objetivos de \u2018Pamplona Puede\u2019 se encuentra el apoyo al comercio al por menor para mejorar su competitividad, afrontar los retos de la digitalizaci\u00f3n y la transici\u00f3n energ\u00e9tica, y promover la sostenibilidad, accesibilidad y movilidad, para ofrecer espacios amables y atractivos para clientela local y de fuera de la comunidad.<br \/>\n<script async src=\"\/\/pagead2.googlesyndication.com\/pagead\/js\/adsbygoogle.js\"><\/script><br \/>\n<!-- Noticias La Guia de Pamplona --><br \/>\n<ins class=\"adsbygoogle\"\nstyle=\"display:block\"\ndata-ad-client=\"ca-pub-6943679897239327\"\ndata-ad-slot=\"7048180777\"\ndata-ad-format=\"auto\"><\/ins><br \/>\n<script>\n(adsbygoogle = window.adsbygoogle || []).push({});\n<\/script><\/p>\n<p>El otro proyecto es \u2018Pamplona es Mucho M\u00e1s\u2019: Fortalecimiento de Actividad Comercial en Zonas Tur\u00edsticas. Este proyecto cuenta con un presupuesto financiable de 980.000 euros con una subvenci\u00f3n correspondiente de 784.000 euros. Se distribuye en 3 conceptos de gasto financiables y contiene un total de 15 medidas de actuaci\u00f3n referidas a la Inversi\u00f3n en la v\u00eda p\u00fablica, Actuaciones de impacto en la digitalizaci\u00f3n del sector comercial y Sostenibilidad y econom\u00eda circular, que ser\u00e1n asumidas en su totalidad por el \u00c1rea de Promoci\u00f3n Tur\u00edstica y Comercial. Este proyecto busca amabilizar y potenciar las calles comerciales del centro, unidas a dos de los reclamos m\u00e1s importantes de la ciudad: los Sanfermines y el Camino de Santiago.<\/p>\n<p>La empresa adjudicataria de la asistencia t\u00e9cnica apoya la gesti\u00f3n, coordinaci\u00f3n y justificaci\u00f3n de los proyectos a trav\u00e9s del dise\u00f1o y puesta en marcha del modelo de seguimiento, control y coordinaci\u00f3n; la elaboraci\u00f3n de informes peri\u00f3dicos de seguimiento y memoria justificativa; y la coordinaci\u00f3n general del proyecto. Adem\u00e1s, apoya la gesti\u00f3n de licitaciones y contrataciones, y las actividades de seguimiento.<br \/>\n<script async src=\"\/\/pagead2.googlesyndication.com\/pagead\/js\/adsbygoogle.js\"><\/script><br \/>\n<!-- Noticias La Guia de Pamplona --><br \/>\n<ins class=\"adsbygoogle\"\nstyle=\"display:block\"\ndata-ad-client=\"ca-pub-6943679897239327\"\ndata-ad-slot=\"7048180777\"\ndata-ad-format=\"auto\"><\/ins><br \/>\n<script>\n(adsbygoogle = window.adsbygoogle || []).push({});\n<\/script><\/p>\n<p>El plazo m\u00e1ximo para la ejecuci\u00f3n de esta asistencia est\u00e1 establecido para el 30 de junio de 2024 y la justificaci\u00f3n, hasta el 30 de septiembre de 2024, seg\u00fan establece la orden ministerial. El plazo para la finalizaci\u00f3n de los servicios podr\u00e1 ampliarse en el caso de que el Ayuntamiento de Pamplona reciba autorizaci\u00f3n de la Autoridad de Gesti\u00f3n de los Fondos Next para un aplazamiento de su fecha de finalizaci\u00f3n. As\u00ed, la finalizaci\u00f3n del contrato est\u00e1 ligada a la finalizaci\u00f3n del proyecto. Esta ampliaci\u00f3n del tiempo no llevar\u00e1 aparejada una mayor cuant\u00eda. Considerando las fechas de esta licitaci\u00f3n y tipo de actuaciones incluidas en el proyecto y los plazos de justificaci\u00f3n fijados, se estima una duraci\u00f3n de 12 meses de trabajo efectivo.<\/p>\n","protected":false},"excerpt":{"rendered":"<p>Los proyectos incluyen un \u2018Plan de Apoyo a Mercados y Zonas Urbanas Comerciales Urbanas\u2019 y el \u2018Fortalecimiento de Actividad Comercial en Zonas Tur\u00edsticas\u2019<\/p>\n","protected":false},"author":1,"featured_media":47595,"comment_status":"open","ping_status":"closed","sticky":false,"template":"","format":"standard","meta":{"footnotes":""},"categories":[2],"tags":[],"class_list":["post-47594","post","type-post","status-publish","format-standard","has-post-thumbnail","hentry","category-ayuntamiento-pamplona"],"yoast_head":"<!-- This site is optimized with the Yoast SEO plugin v27.3 - https:\/\/yoast.com\/product\/yoast-seo-wordpress\/ -->\n<title>Adjudicado el contrato de asistencia t\u00e9cnica para la gesti\u00f3n de dos proyectos de comercio financiados con Fondos Next Generation EU<\/title>\n<meta name=\"description\" content=\"Los proyectos incluyen un \u2018Plan de Apoyo a Mercados y Zonas Urbanas Comerciales Urbanas\u2019 y el \u2018Fortalecimiento de Actividad Comercial en Zonas Tur\u00edsticas\u2019\" \/>\n<meta name=\"robots\" content=\"index, follow, max-snippet:-1, max-image-preview:large, max-video-preview:-1\" \/>\n<link rel=\"canonical\" href=\"https:\/\/www.laguiadepamplona.com\/actualidad\/adjudicado-el-contrato-de-asistencia-tecnica-para-la-gestion-de-dos-proyectos-de-comercio-financiados-con-fondos-next-generation-eu\/\" \/>\n<meta property=\"og:locale\" content=\"es_ES\" \/>\n<meta property=\"og:type\" content=\"article\" \/>\n<meta property=\"og:title\" content=\"Adjudicado el contrato de asistencia t\u00e9cnica para la gesti\u00f3n de dos proyectos de comercio financiados con Fondos Next Generation EU\" \/>\n<meta property=\"og:description\" content=\"Los proyectos incluyen un \u2018Plan de Apoyo a Mercados y Zonas Urbanas Comerciales Urbanas\u2019 y el \u2018Fortalecimiento de Actividad Comercial en Zonas Tur\u00edsticas\u2019\" \/>\n<meta property=\"og:url\" content=\"https:\/\/www.laguiadepamplona.com\/actualidad\/adjudicado-el-contrato-de-asistencia-tecnica-para-la-gestion-de-dos-proyectos-de-comercio-financiados-con-fondos-next-generation-eu\/\" \/>\n<meta property=\"og:site_name\" content=\"La Gu\u00eda de Pamplona\" \/>\n<meta property=\"article:publisher\" content=\"https:\/\/www.facebook.com\/laguiadepamplonacom-133175176762273\/?ref=hl\" \/>\n<meta property=\"article:published_time\" content=\"2023-10-16T15:32:52+00:00\" \/>\n<meta property=\"og:image\" content=\"https:\/\/www.laguiadepamplona.com\/actualidad\/wp-content\/uploads\/2023\/10\/035A0669.webp\" \/>\n\t<meta property=\"og:image:width\" content=\"1200\" \/>\n\t<meta property=\"og:image:height\" content=\"800\" \/>\n\t<meta property=\"og:image:type\" content=\"image\/webp\" \/>\n<meta name=\"author\" content=\"La Gu\u00eda de Pamplona\" \/>\n<meta name=\"twitter:card\" content=\"summary_large_image\" \/>\n<meta name=\"twitter:creator\" content=\"@LaGuiadPamplona\" \/>\n<meta name=\"twitter:site\" content=\"@LaGuiadPamplona\" \/>\n<meta name=\"twitter:label1\" content=\"Escrito por\" \/>\n\t<meta name=\"twitter:data1\" content=\"La Gu\u00eda de Pamplona\" \/>\n\t<meta name=\"twitter:label2\" content=\"Tiempo de lectura\" \/>\n\t<meta name=\"twitter:data2\" content=\"4 minutos\" \/>\n<script type=\"application\/ld+json\" class=\"yoast-schema-graph\">{\"@context\":\"https:\\\/\\\/schema.org\",\"@graph\":[{\"@type\":\"Article\",\"@id\":\"https:\\\/\\\/www.laguiadepamplona.com\\\/actualidad\\\/adjudicado-el-contrato-de-asistencia-tecnica-para-la-gestion-de-dos-proyectos-de-comercio-financiados-con-fondos-next-generation-eu\\\/#article\",\"isPartOf\":{\"@id\":\"https:\\\/\\\/www.laguiadepamplona.com\\\/actualidad\\\/adjudicado-el-contrato-de-asistencia-tecnica-para-la-gestion-de-dos-proyectos-de-comercio-financiados-con-fondos-next-generation-eu\\\/\"},\"author\":{\"name\":\"La Gu\u00eda de Pamplona\",\"@id\":\"https:\\\/\\\/www.laguiadepamplona.com\\\/actualidad\\\/#\\\/schema\\\/person\\\/efe887376f0213d4657c93adc50b1fdb\"},\"headline\":\"Adjudicado el contrato de asistencia t\u00e9cnica para la gesti\u00f3n de dos proyectos de comercio financiados con Fondos Next Generation EU\",\"datePublished\":\"2023-10-16T15:32:52+00:00\",\"mainEntityOfPage\":{\"@id\":\"https:\\\/\\\/www.laguiadepamplona.com\\\/actualidad\\\/adjudicado-el-contrato-de-asistencia-tecnica-para-la-gestion-de-dos-proyectos-de-comercio-financiados-con-fondos-next-generation-eu\\\/\"},\"wordCount\":740,\"commentCount\":0,\"publisher\":{\"@id\":\"https:\\\/\\\/www.laguiadepamplona.com\\\/actualidad\\\/#organization\"},\"image\":{\"@id\":\"https:\\\/\\\/www.laguiadepamplona.com\\\/actualidad\\\/adjudicado-el-contrato-de-asistencia-tecnica-para-la-gestion-de-dos-proyectos-de-comercio-financiados-con-fondos-next-generation-eu\\\/#primaryimage\"},\"thumbnailUrl\":\"https:\\\/\\\/www.laguiadepamplona.com\\\/actualidad\\\/wp-content\\\/uploads\\\/2023\\\/10\\\/035A0669.webp\",\"articleSection\":[\"Ayto Pamplona\"],\"inLanguage\":\"es\",\"potentialAction\":[{\"@type\":\"CommentAction\",\"name\":\"Comment\",\"target\":[\"https:\\\/\\\/www.laguiadepamplona.com\\\/actualidad\\\/adjudicado-el-contrato-de-asistencia-tecnica-para-la-gestion-de-dos-proyectos-de-comercio-financiados-con-fondos-next-generation-eu\\\/#respond\"]}]},{\"@type\":\"WebPage\",\"@id\":\"https:\\\/\\\/www.laguiadepamplona.com\\\/actualidad\\\/adjudicado-el-contrato-de-asistencia-tecnica-para-la-gestion-de-dos-proyectos-de-comercio-financiados-con-fondos-next-generation-eu\\\/\",\"url\":\"https:\\\/\\\/www.laguiadepamplona.com\\\/actualidad\\\/adjudicado-el-contrato-de-asistencia-tecnica-para-la-gestion-de-dos-proyectos-de-comercio-financiados-con-fondos-next-generation-eu\\\/\",\"name\":\"Adjudicado el contrato de asistencia t\u00e9cnica para la gesti\u00f3n de dos proyectos de comercio financiados con Fondos Next Generation EU\",\"isPartOf\":{\"@id\":\"https:\\\/\\\/www.laguiadepamplona.com\\\/actualidad\\\/#website\"},\"primaryImageOfPage\":{\"@id\":\"https:\\\/\\\/www.laguiadepamplona.com\\\/actualidad\\\/adjudicado-el-contrato-de-asistencia-tecnica-para-la-gestion-de-dos-proyectos-de-comercio-financiados-con-fondos-next-generation-eu\\\/#primaryimage\"},\"image\":{\"@id\":\"https:\\\/\\\/www.laguiadepamplona.com\\\/actualidad\\\/adjudicado-el-contrato-de-asistencia-tecnica-para-la-gestion-de-dos-proyectos-de-comercio-financiados-con-fondos-next-generation-eu\\\/#primaryimage\"},\"thumbnailUrl\":\"https:\\\/\\\/www.laguiadepamplona.com\\\/actualidad\\\/wp-content\\\/uploads\\\/2023\\\/10\\\/035A0669.webp\",\"datePublished\":\"2023-10-16T15:32:52+00:00\",\"description\":\"Los proyectos incluyen un \u2018Plan de Apoyo a Mercados y Zonas Urbanas Comerciales Urbanas\u2019 y el \u2018Fortalecimiento de Actividad Comercial en Zonas Tur\u00edsticas\u2019\",\"breadcrumb\":{\"@id\":\"https:\\\/\\\/www.laguiadepamplona.com\\\/actualidad\\\/adjudicado-el-contrato-de-asistencia-tecnica-para-la-gestion-de-dos-proyectos-de-comercio-financiados-con-fondos-next-generation-eu\\\/#breadcrumb\"},\"inLanguage\":\"es\",\"potentialAction\":[{\"@type\":\"ReadAction\",\"target\":[\"https:\\\/\\\/www.laguiadepamplona.com\\\/actualidad\\\/adjudicado-el-contrato-de-asistencia-tecnica-para-la-gestion-de-dos-proyectos-de-comercio-financiados-con-fondos-next-generation-eu\\\/\"]}]},{\"@type\":\"ImageObject\",\"inLanguage\":\"es\",\"@id\":\"https:\\\/\\\/www.laguiadepamplona.com\\\/actualidad\\\/adjudicado-el-contrato-de-asistencia-tecnica-para-la-gestion-de-dos-proyectos-de-comercio-financiados-con-fondos-next-generation-eu\\\/#primaryimage\",\"url\":\"https:\\\/\\\/www.laguiadepamplona.com\\\/actualidad\\\/wp-content\\\/uploads\\\/2023\\\/10\\\/035A0669.webp\",\"contentUrl\":\"https:\\\/\\\/www.laguiadepamplona.com\\\/actualidad\\\/wp-content\\\/uploads\\\/2023\\\/10\\\/035A0669.webp\",\"width\":1200,\"height\":800},{\"@type\":\"BreadcrumbList\",\"@id\":\"https:\\\/\\\/www.laguiadepamplona.com\\\/actualidad\\\/adjudicado-el-contrato-de-asistencia-tecnica-para-la-gestion-de-dos-proyectos-de-comercio-financiados-con-fondos-next-generation-eu\\\/#breadcrumb\",\"itemListElement\":[{\"@type\":\"ListItem\",\"position\":1,\"name\":\"Portada\",\"item\":\"https:\\\/\\\/www.laguiadepamplona.com\\\/actualidad\\\/\"},{\"@type\":\"ListItem\",\"position\":2,\"name\":\"Adjudicado el contrato de asistencia t\u00e9cnica para la gesti\u00f3n de dos proyectos de comercio financiados con Fondos Next Generation EU\"}]},{\"@type\":\"WebSite\",\"@id\":\"https:\\\/\\\/www.laguiadepamplona.com\\\/actualidad\\\/#website\",\"url\":\"https:\\\/\\\/www.laguiadepamplona.com\\\/actualidad\\\/\",\"name\":\"La gu\u00eda de Pamplona\",\"description\":\"Noticias de Pamplona\",\"publisher\":{\"@id\":\"https:\\\/\\\/www.laguiadepamplona.com\\\/actualidad\\\/#organization\"},\"potentialAction\":[{\"@type\":\"SearchAction\",\"target\":{\"@type\":\"EntryPoint\",\"urlTemplate\":\"https:\\\/\\\/www.laguiadepamplona.com\\\/actualidad\\\/?s={search_term_string}\"},\"query-input\":{\"@type\":\"PropertyValueSpecification\",\"valueRequired\":true,\"valueName\":\"search_term_string\"}}],\"inLanguage\":\"es\"},{\"@type\":\"Organization\",\"@id\":\"https:\\\/\\\/www.laguiadepamplona.com\\\/actualidad\\\/#organization\",\"name\":\"La Gu\u00eda de Pamplona \\\/ Noticias\",\"url\":\"https:\\\/\\\/www.laguiadepamplona.com\\\/actualidad\\\/\",\"logo\":{\"@type\":\"ImageObject\",\"inLanguage\":\"es\",\"@id\":\"https:\\\/\\\/www.laguiadepamplona.com\\\/actualidad\\\/#\\\/schema\\\/logo\\\/image\\\/\",\"url\":\"https:\\\/\\\/www.laguiadepamplona.com\\\/actualidad\\\/wp-content\\\/uploads\\\/2018\\\/11\\\/logo-laguiadepamplona18-web1.png\",\"contentUrl\":\"https:\\\/\\\/www.laguiadepamplona.com\\\/actualidad\\\/wp-content\\\/uploads\\\/2018\\\/11\\\/logo-laguiadepamplona18-web1.png\",\"width\":600,\"height\":196,\"caption\":\"La Gu\u00eda de Pamplona \\\/ Noticias\"},\"image\":{\"@id\":\"https:\\\/\\\/www.laguiadepamplona.com\\\/actualidad\\\/#\\\/schema\\\/logo\\\/image\\\/\"},\"sameAs\":[\"https:\\\/\\\/www.facebook.com\\\/laguiadepamplonacom-133175176762273\\\/?ref=hl\",\"https:\\\/\\\/x.com\\\/LaGuiadPamplona\",\"https:\\\/\\\/www.instagram.com\\\/la_guia_de_pamplona\\\/\",\"https:\\\/\\\/www.youtube.com\\\/user\\\/laguiadepamplona\"]},{\"@type\":\"Person\",\"@id\":\"https:\\\/\\\/www.laguiadepamplona.com\\\/actualidad\\\/#\\\/schema\\\/person\\\/efe887376f0213d4657c93adc50b1fdb\",\"name\":\"La Gu\u00eda de Pamplona\",\"image\":{\"@type\":\"ImageObject\",\"inLanguage\":\"es\",\"@id\":\"https:\\\/\\\/secure.gravatar.com\\\/avatar\\\/b6992f131dc8d30ab0dff15446e9d346d9dbd95992de0fef795073f5ea83a81c?s=96&d=mm&r=g\",\"url\":\"https:\\\/\\\/secure.gravatar.com\\\/avatar\\\/b6992f131dc8d30ab0dff15446e9d346d9dbd95992de0fef795073f5ea83a81c?s=96&d=mm&r=g\",\"contentUrl\":\"https:\\\/\\\/secure.gravatar.com\\\/avatar\\\/b6992f131dc8d30ab0dff15446e9d346d9dbd95992de0fef795073f5ea83a81c?s=96&d=mm&r=g\",\"caption\":\"La Gu\u00eda de Pamplona\"}}]}<\/script>\n<!-- \/ Yoast SEO plugin. -->","yoast_head_json":{"title":"Adjudicado el contrato de asistencia t\u00e9cnica para la gesti\u00f3n de dos proyectos de comercio financiados con Fondos Next Generation EU","description":"Los proyectos incluyen un \u2018Plan de Apoyo a Mercados y Zonas Urbanas Comerciales Urbanas\u2019 y el \u2018Fortalecimiento de Actividad Comercial en Zonas Tur\u00edsticas\u2019","robots":{"index":"index","follow":"follow","max-snippet":"max-snippet:-1","max-image-preview":"max-image-preview:large","max-video-preview":"max-video-preview:-1"},"canonical":"https:\/\/www.laguiadepamplona.com\/actualidad\/adjudicado-el-contrato-de-asistencia-tecnica-para-la-gestion-de-dos-proyectos-de-comercio-financiados-con-fondos-next-generation-eu\/","og_locale":"es_ES","og_type":"article","og_title":"Adjudicado el contrato de asistencia t\u00e9cnica para la gesti\u00f3n de dos proyectos de comercio financiados con Fondos Next Generation EU","og_description":"Los proyectos incluyen un \u2018Plan de Apoyo a Mercados y Zonas Urbanas Comerciales Urbanas\u2019 y el \u2018Fortalecimiento de Actividad Comercial en Zonas Tur\u00edsticas\u2019","og_url":"https:\/\/www.laguiadepamplona.com\/actualidad\/adjudicado-el-contrato-de-asistencia-tecnica-para-la-gestion-de-dos-proyectos-de-comercio-financiados-con-fondos-next-generation-eu\/","og_site_name":"La Gu\u00eda de Pamplona","article_publisher":"https:\/\/www.facebook.com\/laguiadepamplonacom-133175176762273\/?ref=hl","article_published_time":"2023-10-16T15:32:52+00:00","og_image":[{"width":1200,"height":800,"url":"https:\/\/www.laguiadepamplona.com\/actualidad\/wp-content\/uploads\/2023\/10\/035A0669.webp","type":"image\/webp"}],"author":"La Gu\u00eda de Pamplona","twitter_card":"summary_large_image","twitter_creator":"@LaGuiadPamplona","twitter_site":"@LaGuiadPamplona","twitter_misc":{"Escrito por":"La Gu\u00eda de Pamplona","Tiempo de lectura":"4 minutos"},"schema":{"@context":"https:\/\/schema.org","@graph":[{"@type":"Article","@id":"https:\/\/www.laguiadepamplona.com\/actualidad\/adjudicado-el-contrato-de-asistencia-tecnica-para-la-gestion-de-dos-proyectos-de-comercio-financiados-con-fondos-next-generation-eu\/#article","isPartOf":{"@id":"https:\/\/www.laguiadepamplona.com\/actualidad\/adjudicado-el-contrato-de-asistencia-tecnica-para-la-gestion-de-dos-proyectos-de-comercio-financiados-con-fondos-next-generation-eu\/"},"author":{"name":"La Gu\u00eda de Pamplona","@id":"https:\/\/www.laguiadepamplona.com\/actualidad\/#\/schema\/person\/efe887376f0213d4657c93adc50b1fdb"},"headline":"Adjudicado el contrato de asistencia t\u00e9cnica para la gesti\u00f3n de dos proyectos de comercio financiados con Fondos Next Generation EU","datePublished":"2023-10-16T15:32:52+00:00","mainEntityOfPage":{"@id":"https:\/\/www.laguiadepamplona.com\/actualidad\/adjudicado-el-contrato-de-asistencia-tecnica-para-la-gestion-de-dos-proyectos-de-comercio-financiados-con-fondos-next-generation-eu\/"},"wordCount":740,"commentCount":0,"publisher":{"@id":"https:\/\/www.laguiadepamplona.com\/actualidad\/#organization"},"image":{"@id":"https:\/\/www.laguiadepamplona.com\/actualidad\/adjudicado-el-contrato-de-asistencia-tecnica-para-la-gestion-de-dos-proyectos-de-comercio-financiados-con-fondos-next-generation-eu\/#primaryimage"},"thumbnailUrl":"https:\/\/www.laguiadepamplona.com\/actualidad\/wp-content\/uploads\/2023\/10\/035A0669.webp","articleSection":["Ayto Pamplona"],"inLanguage":"es","potentialAction":[{"@type":"CommentAction","name":"Comment","target":["https:\/\/www.laguiadepamplona.com\/actualidad\/adjudicado-el-contrato-de-asistencia-tecnica-para-la-gestion-de-dos-proyectos-de-comercio-financiados-con-fondos-next-generation-eu\/#respond"]}]},{"@type":"WebPage","@id":"https:\/\/www.laguiadepamplona.com\/actualidad\/adjudicado-el-contrato-de-asistencia-tecnica-para-la-gestion-de-dos-proyectos-de-comercio-financiados-con-fondos-next-generation-eu\/","url":"https:\/\/www.laguiadepamplona.com\/actualidad\/adjudicado-el-contrato-de-asistencia-tecnica-para-la-gestion-de-dos-proyectos-de-comercio-financiados-con-fondos-next-generation-eu\/","name":"Adjudicado el contrato de asistencia t\u00e9cnica para la gesti\u00f3n de dos proyectos de comercio financiados con Fondos Next Generation EU","isPartOf":{"@id":"https:\/\/www.laguiadepamplona.com\/actualidad\/#website"},"primaryImageOfPage":{"@id":"https:\/\/www.laguiadepamplona.com\/actualidad\/adjudicado-el-contrato-de-asistencia-tecnica-para-la-gestion-de-dos-proyectos-de-comercio-financiados-con-fondos-next-generation-eu\/#primaryimage"},"image":{"@id":"https:\/\/www.laguiadepamplona.com\/actualidad\/adjudicado-el-contrato-de-asistencia-tecnica-para-la-gestion-de-dos-proyectos-de-comercio-financiados-con-fondos-next-generation-eu\/#primaryimage"},"thumbnailUrl":"https:\/\/www.laguiadepamplona.com\/actualidad\/wp-content\/uploads\/2023\/10\/035A0669.webp","datePublished":"2023-10-16T15:32:52+00:00","description":"Los proyectos incluyen un \u2018Plan de Apoyo a Mercados y Zonas Urbanas Comerciales Urbanas\u2019 y el \u2018Fortalecimiento de Actividad Comercial en Zonas Tur\u00edsticas\u2019","breadcrumb":{"@id":"https:\/\/www.laguiadepamplona.com\/actualidad\/adjudicado-el-contrato-de-asistencia-tecnica-para-la-gestion-de-dos-proyectos-de-comercio-financiados-con-fondos-next-generation-eu\/#breadcrumb"},"inLanguage":"es","potentialAction":[{"@type":"ReadAction","target":["https:\/\/www.laguiadepamplona.com\/actualidad\/adjudicado-el-contrato-de-asistencia-tecnica-para-la-gestion-de-dos-proyectos-de-comercio-financiados-con-fondos-next-generation-eu\/"]}]},{"@type":"ImageObject","inLanguage":"es","@id":"https:\/\/www.laguiadepamplona.com\/actualidad\/adjudicado-el-contrato-de-asistencia-tecnica-para-la-gestion-de-dos-proyectos-de-comercio-financiados-con-fondos-next-generation-eu\/#primaryimage","url":"https:\/\/www.laguiadepamplona.com\/actualidad\/wp-content\/uploads\/2023\/10\/035A0669.webp","contentUrl":"https:\/\/www.laguiadepamplona.com\/actualidad\/wp-content\/uploads\/2023\/10\/035A0669.webp","width":1200,"height":800},{"@type":"BreadcrumbList","@id":"https:\/\/www.laguiadepamplona.com\/actualidad\/adjudicado-el-contrato-de-asistencia-tecnica-para-la-gestion-de-dos-proyectos-de-comercio-financiados-con-fondos-next-generation-eu\/#breadcrumb","itemListElement":[{"@type":"ListItem","position":1,"name":"Portada","item":"https:\/\/www.laguiadepamplona.com\/actualidad\/"},{"@type":"ListItem","position":2,"name":"Adjudicado el contrato de asistencia t\u00e9cnica para la gesti\u00f3n de dos proyectos de comercio financiados con Fondos Next Generation EU"}]},{"@type":"WebSite","@id":"https:\/\/www.laguiadepamplona.com\/actualidad\/#website","url":"https:\/\/www.laguiadepamplona.com\/actualidad\/","name":"La gu\u00eda de Pamplona","description":"Noticias de Pamplona","publisher":{"@id":"https:\/\/www.laguiadepamplona.com\/actualidad\/#organization"},"potentialAction":[{"@type":"SearchAction","target":{"@type":"EntryPoint","urlTemplate":"https:\/\/www.laguiadepamplona.com\/actualidad\/?s={search_term_string}"},"query-input":{"@type":"PropertyValueSpecification","valueRequired":true,"valueName":"search_term_string"}}],"inLanguage":"es"},{"@type":"Organization","@id":"https:\/\/www.laguiadepamplona.com\/actualidad\/#organization","name":"La Gu\u00eda de Pamplona \/ Noticias","url":"https:\/\/www.laguiadepamplona.com\/actualidad\/","logo":{"@type":"ImageObject","inLanguage":"es","@id":"https:\/\/www.laguiadepamplona.com\/actualidad\/#\/schema\/logo\/image\/","url":"https:\/\/www.laguiadepamplona.com\/actualidad\/wp-content\/uploads\/2018\/11\/logo-laguiadepamplona18-web1.png","contentUrl":"https:\/\/www.laguiadepamplona.com\/actualidad\/wp-content\/uploads\/2018\/11\/logo-laguiadepamplona18-web1.png","width":600,"height":196,"caption":"La Gu\u00eda de Pamplona \/ Noticias"},"image":{"@id":"https:\/\/www.laguiadepamplona.com\/actualidad\/#\/schema\/logo\/image\/"},"sameAs":["https:\/\/www.facebook.com\/laguiadepamplonacom-133175176762273\/?ref=hl","https:\/\/x.com\/LaGuiadPamplona","https:\/\/www.instagram.com\/la_guia_de_pamplona\/","https:\/\/www.youtube.com\/user\/laguiadepamplona"]},{"@type":"Person","@id":"https:\/\/www.laguiadepamplona.com\/actualidad\/#\/schema\/person\/efe887376f0213d4657c93adc50b1fdb","name":"La Gu\u00eda de Pamplona","image":{"@type":"ImageObject","inLanguage":"es","@id":"https:\/\/secure.gravatar.com\/avatar\/b6992f131dc8d30ab0dff15446e9d346d9dbd95992de0fef795073f5ea83a81c?s=96&d=mm&r=g","url":"https:\/\/secure.gravatar.com\/avatar\/b6992f131dc8d30ab0dff15446e9d346d9dbd95992de0fef795073f5ea83a81c?s=96&d=mm&r=g","contentUrl":"https:\/\/secure.gravatar.com\/avatar\/b6992f131dc8d30ab0dff15446e9d346d9dbd95992de0fef795073f5ea83a81c?s=96&d=mm&r=g","caption":"La Gu\u00eda de Pamplona"}}]}},"post_mailing_queue_ids":[],"_links":{"self":[{"href":"https:\/\/www.laguiadepamplona.com\/actualidad\/wp-json\/wp\/v2\/posts\/47594","targetHints":{"allow":["GET"]}}],"collection":[{"href":"https:\/\/www.laguiadepamplona.com\/actualidad\/wp-json\/wp\/v2\/posts"}],"about":[{"href":"https:\/\/www.laguiadepamplona.com\/actualidad\/wp-json\/wp\/v2\/types\/post"}],"author":[{"embeddable":true,"href":"https:\/\/www.laguiadepamplona.com\/actualidad\/wp-json\/wp\/v2\/users\/1"}],"replies":[{"embeddable":true,"href":"https:\/\/www.laguiadepamplona.com\/actualidad\/wp-json\/wp\/v2\/comments?post=47594"}],"version-history":[{"count":1,"href":"https:\/\/www.laguiadepamplona.com\/actualidad\/wp-json\/wp\/v2\/posts\/47594\/revisions"}],"predecessor-version":[{"id":47596,"href":"https:\/\/www.laguiadepamplona.com\/actualidad\/wp-json\/wp\/v2\/posts\/47594\/revisions\/47596"}],"wp:featuredmedia":[{"embeddable":true,"href":"https:\/\/www.laguiadepamplona.com\/actualidad\/wp-json\/wp\/v2\/media\/47595"}],"wp:attachment":[{"href":"https:\/\/www.laguiadepamplona.com\/actualidad\/wp-json\/wp\/v2\/media?parent=47594"}],"wp:term":[{"taxonomy":"category","embeddable":true,"href":"https:\/\/www.laguiadepamplona.com\/actualidad\/wp-json\/wp\/v2\/categories?post=47594"},{"taxonomy":"post_tag","embeddable":true,"href":"https:\/\/www.laguiadepamplona.com\/actualidad\/wp-json\/wp\/v2\/tags?post=47594"}],"curies":[{"name":"wp","href":"https:\/\/api.w.org\/{rel}","templated":true}]}}