{"id":47591,"date":"2023-10-16T17:25:14","date_gmt":"2023-10-16T15:25:14","guid":{"rendered":"https:\/\/www.laguiadepamplona.com\/actualidad\/?p=47591"},"modified":"2023-10-16T17:25:14","modified_gmt":"2023-10-16T15:25:14","slug":"el-ayuntamiento-recibe-a-la-coordinadora-de-organizaciones-no-gubernamentales-para-el-desarrollo-de-navarra-en-su-25-aniversario","status":"publish","type":"post","link":"https:\/\/www.laguiadepamplona.com\/actualidad\/el-ayuntamiento-recibe-a-la-coordinadora-de-organizaciones-no-gubernamentales-para-el-desarrollo-de-navarra-en-su-25-aniversario\/","title":{"rendered":"El Ayuntamiento recibe a la Coordinadora de Organizaciones No Gubernamentales para el Desarrollo de Navarra en su 25 aniversario"},"content":{"rendered":"<h3>Pamplona mantiene su compromiso con un modelo de desarrollo m\u00e1s justo con los pa\u00edses del Sur y sigue apoyando al \u00f3rgano que federa las ONGD<\/h3>\n<p><!--more--><\/p>\n<p>Hace 25 a\u00f1os, coincidiendo con el genocidio de Ruanda que conmocion\u00f3 al mundo, un grupo de 12 organizaciones constituy\u00f3 la Coordinadora de Organizaciones No Gubernamentales para el Desarrollo de Navarra \u2013 CONGDN con la intenci\u00f3n de sumar fuerzas y coordinarse para alcanzar una mayor calidad y eficiencia en la Cooperaci\u00f3n para el Desarrollo. En este tiempo, la federaci\u00f3n se ha convertido en un referente de trabajo y compromiso en Navarra y en Pamplona por plantear alternativas sostenibles, en las que se hagan participes a las personas y pueblos del Sur.<\/p>\n<p>Con motivo del 25 aniversario y que el 17 de octubre se conmemora el D\u00eda Internacional de la Erradicaci\u00f3n de la Pobreza, esta ma\u00f1ana el Ayuntamiento de Pamplona, con la alcaldesa Cristina Ibarrola a la cabeza, ha querido ofrecer a sus integrantes una recepci\u00f3n institucional para poner en valor la colaboraci\u00f3n ininterrumpida entre entidad e instituci\u00f3n y visibilizar los logros obtenidos en estos a\u00f1os, adem\u00e1s del apoyo permanente desde el Programa Municipal de Cooperaci\u00f3n Internacional al Desarrollo. Como portavoz acud\u00eda su presidente Javier Abad, que estuvo en 1998 en el grupo promotor y la secretaria t\u00e9cnica de la entidad, Amaia Campi\u00f3n.<\/p>\n<p>A lo largo de este a\u00f1o CONGDN ha realizado, con apoyo municipal diferentes actividades para conmemorar su aniversario, entre ellas una exposici\u00f3n fotogr\u00e1fica y un acto social en Geltoki y la jornada \u201cTransformar el mundo para defender la vida. Cooperaci\u00f3n para la convivencia global\u201d en el Palacio del Condestable.<br \/>\n<script async src=\"\/\/pagead2.googlesyndication.com\/pagead\/js\/adsbygoogle.js\"><\/script><br \/>\n<!-- Noticias La Guia de Pamplona --><br \/>\n<ins class=\"adsbygoogle\"\nstyle=\"display:block\"\ndata-ad-client=\"ca-pub-6943679897239327\"\ndata-ad-slot=\"7048180777\"\ndata-ad-format=\"auto\"><\/ins><br \/>\n<script>\n(adsbygoogle = window.adsbygoogle || []).push({});\n<\/script><\/p>\n<p><strong>\u201c7,50\u201d, la exposici\u00f3n fotogr\u00e1fica de proyectos del Sur<\/strong><\/p>\n<p>Precisamente en ese \u00faltimo espacio el Ayuntamiento de Pamplona, con el objetivo de concienciar e informar a la ciudadan\u00eda, ha organizado la exposici\u00f3n titulada \u201c7,50\u201c, una muestra en la que se podr\u00e1 conocer una buena cantidad de los proyectos de cooperaci\u00f3n al desarrollo en pa\u00edses del Sur en los que tuvo su impacto el Programa Municipal de Cooperaci\u00f3n Internacional al Desarrollo del Ayuntamiento en el a\u00f1o 2021.<\/p>\n<p>La exposici\u00f3n la ha presentado el director de Relaciones Institucionales y Acci\u00f3n Exterior del Ayuntamiento de Pamplona, Eduardo Gozalo, que ha explicado que su objetivo es dar visibilidad al importe total que cada ciudadano ha aportado con sus impuestos en el a\u00f1o 2021, en el que el programa municipal aport\u00f3 1.561.451,55 euros, superando un a\u00f1o m\u00e1s el compromiso de destinar un 0,7% del presupuesto municipal a este \u00e1mbito.<\/p>\n<p>La exposici\u00f3n podr\u00e1 visitarse en el patio de la primera planta del Palacio del Condestable del 23 de octubre al 5 de noviembre.<br \/>\n<script async src=\"\/\/pagead2.googlesyndication.com\/pagead\/js\/adsbygoogle.js\"><\/script><br \/>\n<!-- Noticias La Guia de Pamplona --><br \/>\n<ins class=\"adsbygoogle\"\nstyle=\"display:block\"\ndata-ad-client=\"ca-pub-6943679897239327\"\ndata-ad-slot=\"7048180777\"\ndata-ad-format=\"auto\"><\/ins><br \/>\n<script>\n(adsbygoogle = window.adsbygoogle || []).push({});\n<\/script><\/p>\n<p><strong>Un marco estable de trabajo<\/strong><\/p>\n<p>Hace m\u00e1s de dos d\u00e9cadas que el Ayuntamiento de Pamplona mantiene un marco estable de cooperaci\u00f3n con la Coordinadora de ONG de Navarra (Coordinadora de Organizaciones No Gubernamentales para el Desarrollo de Navarra \u2013 CONGDN). Esta entidad y el Consistorio, a trav\u00e9s del <a href=\"https:\/\/www.pamplona.es\/cooperacioninternacional\" target=\"_blank\" rel=\"noopener\">Programa Municipal de Cooperaci\u00f3n Internacional al Desarrollo<\/a>, tienen una l\u00ednea de actuaci\u00f3n complementaria: implicar a la sociedad y al conjunto de las ONGD en un modelo de desarrollo que contribuya a lograr unas relaciones m\u00e1s justas y equitativas para las personas y comunidades del Norte y del Sur a trav\u00e9s del compromiso pol\u00edtico y social, la creaci\u00f3n de espacios de encuentro, el debate, la reflexi\u00f3n y el intercambio de experiencias.<\/p>\n<p>Esta relaci\u00f3n se articula mediante un convenio anual que suscriben la entidad local y la CONGDN, y este a\u00f1o enmarcado en el II Plan Director de Cooperaci\u00f3n Internacional para el Desarrollo (2022-2025). El plan recoge espec\u00edficamente el inter\u00e9s municipal en \u201crevisar y ampliar el marco de colaboraci\u00f3n con la CONGDN, como \u00f3rgano clave de informaci\u00f3n y sensibilizaci\u00f3n a la ciudadan\u00eda en materia de cooperaci\u00f3n, as\u00ed como coordinaci\u00f3n y comunicaci\u00f3n interna entre las ONGD\u201d.<\/p>\n<p>En ese sentido, la Coordinadora es el \u00fanico organismo en Navarra que aglutina a 47 ONG de Cooperaci\u00f3n al Desarrollo y se le considera \u00f3rgano clave de informaci\u00f3n y sensibilizaci\u00f3n a la ciudadan\u00eda en materia de cooperaci\u00f3n. Por ello el Consistorio, ratificando el texto, da continuidad al apoyo financiero con 36.000 euros, adem\u00e1s de mantener en su favor la cesi\u00f3n a la CONGDN de un piso en San Pedro 31, que es usado como local de trabajo- Centro de Recursos por esta entidad.<\/p>\n<p>En esta ocasi\u00f3n el convenio, adem\u00e1s de mantener las actividades anuales y sufragar parcialmente personal y funcionamiento de la entidad, se abre a la posibilidad de trabajar de com\u00fan acuerdo en actividades anuales de informaci\u00f3n, difusi\u00f3n y coordinaci\u00f3n. Entre ellas est\u00e1 la mejora y seguimiento de la <a href=\"https:\/\/www.congdnavarra.org\/\" target=\"_blank\" rel=\"noopener\">web<\/a> y la generaci\u00f3n de materiales espec\u00edficos para las redes sociales, los servicios profesionales especializados en inform\u00e1tica y la elaboraci\u00f3n de diferentes materiales de divulgaci\u00f3n, adem\u00e1s de apoyar actividades como unas jornadas por la celebraci\u00f3n este 2023 del 25 aniversario de la Coordinadora de Organizaciones No Gubernamentales para el Desarrollo de Navarra o la celebraci\u00f3n de un taller de formaci\u00f3n.<br \/>\n<script async src=\"\/\/pagead2.googlesyndication.com\/pagead\/js\/adsbygoogle.js\"><\/script><br \/>\n<!-- Noticias La Guia de Pamplona --><br \/>\n<ins class=\"adsbygoogle\"\nstyle=\"display:block\"\ndata-ad-client=\"ca-pub-6943679897239327\"\ndata-ad-slot=\"7048180777\"\ndata-ad-format=\"auto\"><\/ins><br \/>\n<script>\n(adsbygoogle = window.adsbygoogle || []).push({});\n<\/script><\/p>\n<p><strong>#EsHoradeCooperar<\/strong><\/p>\n<p>En estos momentos son 47 ONGD las que conforman la Coordinadora en diferentes \u00e1reas de desarrollo con una visi\u00f3n de profesionalidad, y siempre en coordinaci\u00f3n con administraciones como el Consistorio. En su conjunto llegan a m\u00e1s de 60 pa\u00edses y con su labor buscan abordar los retos globales sociales, econ\u00f3micos, culturales, ambientales y pol\u00edticos desde los derechos humanos y la defensa de la vida con soluciones innovadoras y multidimensionales, adem\u00e1s de visi\u00f3n a largo plazo.<\/p>\n<p>La idea es hacer bueno el hashtag <a href=\"https:\/\/www.youtube.com\/watch?app=desktop&amp;v=Ij_fo-rslIA\" target=\"_blank\" rel=\"noopener\">#EsHoraDeCooperar<\/a>, en una apuesta permanente por la capacidad transformadora de la Cooperaci\u00f3n al Desarrollo hacia la promoci\u00f3n de los derechos, la justicia global, la inclusi\u00f3n e igualdad, la restauraci\u00f3n y equilibrio de los sistemas ecol\u00f3gicos y la paz. Un trabajo, adem\u00e1s, sin el que ser\u00e1 dif\u00edcil cumplir con los compromisos adquiridos en los marcos internacionales como la Agenda 2030 y el Acuerdo de Par\u00eds.<\/p>\n<p>Para m\u00e1s informaci\u00f3n, adem\u00e1s de un espacio web y la atenci\u00f3n en el mail <a href=\"mailto:congdn@congdnavarra.orgl\">congdn@congdnavarra.orgl<\/a>, se puede acudir previa cita a la oficina de informaci\u00f3n que mantiene la Coordinadora en la calle Monasterio Viejo de San Pedro 31, bajo izquierda, y que trabaja de lunes a viernes de 10 a 14 horas (y una tarde de 16 a 18 horas). El tel\u00e9fono de la entidad es el 948 240 674.<\/p>\n","protected":false},"excerpt":{"rendered":"<p>Pamplona mantiene su compromiso con un modelo de desarrollo m\u00e1s justo con los pa\u00edses del Sur y sigue apoyando al \u00f3rgano que federa las ONGD<\/p>\n","protected":false},"author":1,"featured_media":47592,"comment_status":"open","ping_status":"closed","sticky":false,"template":"","format":"standard","meta":{"footnotes":""},"categories":[2],"tags":[],"class_list":["post-47591","post","type-post","status-publish","format-standard","has-post-thumbnail","hentry","category-ayuntamiento-pamplona"],"yoast_head":"<!-- This site is optimized with the Yoast SEO plugin v27.3 - https:\/\/yoast.com\/product\/yoast-seo-wordpress\/ -->\n<title>El Ayuntamiento recibe a la Coordinadora de Organizaciones No Gubernamentales para el Desarrollo de Navarra en su 25 aniversario<\/title>\n<meta name=\"description\" content=\"Pamplona mantiene su compromiso con un modelo de desarrollo m\u00e1s justo con los pa\u00edses del Sur y sigue apoyando al \u00f3rgano que federa las ONGD\" \/>\n<meta name=\"robots\" content=\"index, follow, max-snippet:-1, max-image-preview:large, max-video-preview:-1\" \/>\n<link rel=\"canonical\" href=\"https:\/\/www.laguiadepamplona.com\/actualidad\/el-ayuntamiento-recibe-a-la-coordinadora-de-organizaciones-no-gubernamentales-para-el-desarrollo-de-navarra-en-su-25-aniversario\/\" \/>\n<meta property=\"og:locale\" content=\"es_ES\" \/>\n<meta property=\"og:type\" content=\"article\" \/>\n<meta property=\"og:title\" content=\"El Ayuntamiento recibe a la Coordinadora de Organizaciones No Gubernamentales para el Desarrollo de Navarra en su 25 aniversario\" \/>\n<meta property=\"og:description\" content=\"Pamplona mantiene su compromiso con un modelo de desarrollo m\u00e1s justo con los pa\u00edses del Sur y sigue apoyando al \u00f3rgano que federa las ONGD\" \/>\n<meta property=\"og:url\" content=\"https:\/\/www.laguiadepamplona.com\/actualidad\/el-ayuntamiento-recibe-a-la-coordinadora-de-organizaciones-no-gubernamentales-para-el-desarrollo-de-navarra-en-su-25-aniversario\/\" \/>\n<meta property=\"og:site_name\" content=\"La Gu\u00eda de Pamplona\" \/>\n<meta property=\"article:publisher\" content=\"https:\/\/www.facebook.com\/laguiadepamplonacom-133175176762273\/?ref=hl\" \/>\n<meta property=\"article:published_time\" content=\"2023-10-16T15:25:14+00:00\" \/>\n<meta property=\"og:image\" content=\"https:\/\/www.laguiadepamplona.com\/actualidad\/wp-content\/uploads\/2023\/10\/20231016-recepcion-ongdq5a0278.webp\" \/>\n\t<meta property=\"og:image:width\" content=\"1200\" \/>\n\t<meta property=\"og:image:height\" content=\"800\" \/>\n\t<meta property=\"og:image:type\" content=\"image\/webp\" \/>\n<meta name=\"author\" content=\"La Gu\u00eda de Pamplona\" \/>\n<meta name=\"twitter:card\" content=\"summary_large_image\" \/>\n<meta name=\"twitter:creator\" content=\"@LaGuiadPamplona\" \/>\n<meta name=\"twitter:site\" content=\"@LaGuiadPamplona\" \/>\n<meta name=\"twitter:label1\" content=\"Escrito por\" \/>\n\t<meta name=\"twitter:data1\" content=\"La Gu\u00eda de Pamplona\" \/>\n\t<meta name=\"twitter:label2\" content=\"Tiempo de lectura\" \/>\n\t<meta name=\"twitter:data2\" content=\"5 minutos\" \/>\n<script type=\"application\/ld+json\" class=\"yoast-schema-graph\">{\"@context\":\"https:\\\/\\\/schema.org\",\"@graph\":[{\"@type\":\"Article\",\"@id\":\"https:\\\/\\\/www.laguiadepamplona.com\\\/actualidad\\\/el-ayuntamiento-recibe-a-la-coordinadora-de-organizaciones-no-gubernamentales-para-el-desarrollo-de-navarra-en-su-25-aniversario\\\/#article\",\"isPartOf\":{\"@id\":\"https:\\\/\\\/www.laguiadepamplona.com\\\/actualidad\\\/el-ayuntamiento-recibe-a-la-coordinadora-de-organizaciones-no-gubernamentales-para-el-desarrollo-de-navarra-en-su-25-aniversario\\\/\"},\"author\":{\"name\":\"La Gu\u00eda de Pamplona\",\"@id\":\"https:\\\/\\\/www.laguiadepamplona.com\\\/actualidad\\\/#\\\/schema\\\/person\\\/efe887376f0213d4657c93adc50b1fdb\"},\"headline\":\"El Ayuntamiento recibe a la Coordinadora de Organizaciones No Gubernamentales para el Desarrollo de Navarra en su 25 aniversario\",\"datePublished\":\"2023-10-16T15:25:14+00:00\",\"mainEntityOfPage\":{\"@id\":\"https:\\\/\\\/www.laguiadepamplona.com\\\/actualidad\\\/el-ayuntamiento-recibe-a-la-coordinadora-de-organizaciones-no-gubernamentales-para-el-desarrollo-de-navarra-en-su-25-aniversario\\\/\"},\"wordCount\":1122,\"commentCount\":0,\"publisher\":{\"@id\":\"https:\\\/\\\/www.laguiadepamplona.com\\\/actualidad\\\/#organization\"},\"image\":{\"@id\":\"https:\\\/\\\/www.laguiadepamplona.com\\\/actualidad\\\/el-ayuntamiento-recibe-a-la-coordinadora-de-organizaciones-no-gubernamentales-para-el-desarrollo-de-navarra-en-su-25-aniversario\\\/#primaryimage\"},\"thumbnailUrl\":\"https:\\\/\\\/www.laguiadepamplona.com\\\/actualidad\\\/wp-content\\\/uploads\\\/2023\\\/10\\\/20231016-recepcion-ongdq5a0278.webp\",\"articleSection\":[\"Ayto Pamplona\"],\"inLanguage\":\"es\",\"potentialAction\":[{\"@type\":\"CommentAction\",\"name\":\"Comment\",\"target\":[\"https:\\\/\\\/www.laguiadepamplona.com\\\/actualidad\\\/el-ayuntamiento-recibe-a-la-coordinadora-de-organizaciones-no-gubernamentales-para-el-desarrollo-de-navarra-en-su-25-aniversario\\\/#respond\"]}]},{\"@type\":\"WebPage\",\"@id\":\"https:\\\/\\\/www.laguiadepamplona.com\\\/actualidad\\\/el-ayuntamiento-recibe-a-la-coordinadora-de-organizaciones-no-gubernamentales-para-el-desarrollo-de-navarra-en-su-25-aniversario\\\/\",\"url\":\"https:\\\/\\\/www.laguiadepamplona.com\\\/actualidad\\\/el-ayuntamiento-recibe-a-la-coordinadora-de-organizaciones-no-gubernamentales-para-el-desarrollo-de-navarra-en-su-25-aniversario\\\/\",\"name\":\"El Ayuntamiento recibe a la Coordinadora de Organizaciones No Gubernamentales para el Desarrollo de Navarra en su 25 aniversario\",\"isPartOf\":{\"@id\":\"https:\\\/\\\/www.laguiadepamplona.com\\\/actualidad\\\/#website\"},\"primaryImageOfPage\":{\"@id\":\"https:\\\/\\\/www.laguiadepamplona.com\\\/actualidad\\\/el-ayuntamiento-recibe-a-la-coordinadora-de-organizaciones-no-gubernamentales-para-el-desarrollo-de-navarra-en-su-25-aniversario\\\/#primaryimage\"},\"image\":{\"@id\":\"https:\\\/\\\/www.laguiadepamplona.com\\\/actualidad\\\/el-ayuntamiento-recibe-a-la-coordinadora-de-organizaciones-no-gubernamentales-para-el-desarrollo-de-navarra-en-su-25-aniversario\\\/#primaryimage\"},\"thumbnailUrl\":\"https:\\\/\\\/www.laguiadepamplona.com\\\/actualidad\\\/wp-content\\\/uploads\\\/2023\\\/10\\\/20231016-recepcion-ongdq5a0278.webp\",\"datePublished\":\"2023-10-16T15:25:14+00:00\",\"description\":\"Pamplona mantiene su compromiso con un modelo de desarrollo m\u00e1s justo con los pa\u00edses del Sur y sigue apoyando al \u00f3rgano que federa las ONGD\",\"breadcrumb\":{\"@id\":\"https:\\\/\\\/www.laguiadepamplona.com\\\/actualidad\\\/el-ayuntamiento-recibe-a-la-coordinadora-de-organizaciones-no-gubernamentales-para-el-desarrollo-de-navarra-en-su-25-aniversario\\\/#breadcrumb\"},\"inLanguage\":\"es\",\"potentialAction\":[{\"@type\":\"ReadAction\",\"target\":[\"https:\\\/\\\/www.laguiadepamplona.com\\\/actualidad\\\/el-ayuntamiento-recibe-a-la-coordinadora-de-organizaciones-no-gubernamentales-para-el-desarrollo-de-navarra-en-su-25-aniversario\\\/\"]}]},{\"@type\":\"ImageObject\",\"inLanguage\":\"es\",\"@id\":\"https:\\\/\\\/www.laguiadepamplona.com\\\/actualidad\\\/el-ayuntamiento-recibe-a-la-coordinadora-de-organizaciones-no-gubernamentales-para-el-desarrollo-de-navarra-en-su-25-aniversario\\\/#primaryimage\",\"url\":\"https:\\\/\\\/www.laguiadepamplona.com\\\/actualidad\\\/wp-content\\\/uploads\\\/2023\\\/10\\\/20231016-recepcion-ongdq5a0278.webp\",\"contentUrl\":\"https:\\\/\\\/www.laguiadepamplona.com\\\/actualidad\\\/wp-content\\\/uploads\\\/2023\\\/10\\\/20231016-recepcion-ongdq5a0278.webp\",\"width\":1200,\"height\":800,\"caption\":\"recepci\u00f3n ongd\"},{\"@type\":\"BreadcrumbList\",\"@id\":\"https:\\\/\\\/www.laguiadepamplona.com\\\/actualidad\\\/el-ayuntamiento-recibe-a-la-coordinadora-de-organizaciones-no-gubernamentales-para-el-desarrollo-de-navarra-en-su-25-aniversario\\\/#breadcrumb\",\"itemListElement\":[{\"@type\":\"ListItem\",\"position\":1,\"name\":\"Portada\",\"item\":\"https:\\\/\\\/www.laguiadepamplona.com\\\/actualidad\\\/\"},{\"@type\":\"ListItem\",\"position\":2,\"name\":\"El Ayuntamiento recibe a la Coordinadora de Organizaciones No Gubernamentales para el Desarrollo de Navarra en su 25 aniversario\"}]},{\"@type\":\"WebSite\",\"@id\":\"https:\\\/\\\/www.laguiadepamplona.com\\\/actualidad\\\/#website\",\"url\":\"https:\\\/\\\/www.laguiadepamplona.com\\\/actualidad\\\/\",\"name\":\"La gu\u00eda de Pamplona\",\"description\":\"Noticias de Pamplona\",\"publisher\":{\"@id\":\"https:\\\/\\\/www.laguiadepamplona.com\\\/actualidad\\\/#organization\"},\"potentialAction\":[{\"@type\":\"SearchAction\",\"target\":{\"@type\":\"EntryPoint\",\"urlTemplate\":\"https:\\\/\\\/www.laguiadepamplona.com\\\/actualidad\\\/?s={search_term_string}\"},\"query-input\":{\"@type\":\"PropertyValueSpecification\",\"valueRequired\":true,\"valueName\":\"search_term_string\"}}],\"inLanguage\":\"es\"},{\"@type\":\"Organization\",\"@id\":\"https:\\\/\\\/www.laguiadepamplona.com\\\/actualidad\\\/#organization\",\"name\":\"La Gu\u00eda de Pamplona \\\/ Noticias\",\"url\":\"https:\\\/\\\/www.laguiadepamplona.com\\\/actualidad\\\/\",\"logo\":{\"@type\":\"ImageObject\",\"inLanguage\":\"es\",\"@id\":\"https:\\\/\\\/www.laguiadepamplona.com\\\/actualidad\\\/#\\\/schema\\\/logo\\\/image\\\/\",\"url\":\"https:\\\/\\\/www.laguiadepamplona.com\\\/actualidad\\\/wp-content\\\/uploads\\\/2018\\\/11\\\/logo-laguiadepamplona18-web1.png\",\"contentUrl\":\"https:\\\/\\\/www.laguiadepamplona.com\\\/actualidad\\\/wp-content\\\/uploads\\\/2018\\\/11\\\/logo-laguiadepamplona18-web1.png\",\"width\":600,\"height\":196,\"caption\":\"La Gu\u00eda de Pamplona \\\/ Noticias\"},\"image\":{\"@id\":\"https:\\\/\\\/www.laguiadepamplona.com\\\/actualidad\\\/#\\\/schema\\\/logo\\\/image\\\/\"},\"sameAs\":[\"https:\\\/\\\/www.facebook.com\\\/laguiadepamplonacom-133175176762273\\\/?ref=hl\",\"https:\\\/\\\/x.com\\\/LaGuiadPamplona\",\"https:\\\/\\\/www.instagram.com\\\/la_guia_de_pamplona\\\/\",\"https:\\\/\\\/www.youtube.com\\\/user\\\/laguiadepamplona\"]},{\"@type\":\"Person\",\"@id\":\"https:\\\/\\\/www.laguiadepamplona.com\\\/actualidad\\\/#\\\/schema\\\/person\\\/efe887376f0213d4657c93adc50b1fdb\",\"name\":\"La Gu\u00eda de Pamplona\",\"image\":{\"@type\":\"ImageObject\",\"inLanguage\":\"es\",\"@id\":\"https:\\\/\\\/secure.gravatar.com\\\/avatar\\\/b6992f131dc8d30ab0dff15446e9d346d9dbd95992de0fef795073f5ea83a81c?s=96&d=mm&r=g\",\"url\":\"https:\\\/\\\/secure.gravatar.com\\\/avatar\\\/b6992f131dc8d30ab0dff15446e9d346d9dbd95992de0fef795073f5ea83a81c?s=96&d=mm&r=g\",\"contentUrl\":\"https:\\\/\\\/secure.gravatar.com\\\/avatar\\\/b6992f131dc8d30ab0dff15446e9d346d9dbd95992de0fef795073f5ea83a81c?s=96&d=mm&r=g\",\"caption\":\"La Gu\u00eda de Pamplona\"}}]}<\/script>\n<!-- \/ Yoast SEO plugin. -->","yoast_head_json":{"title":"El Ayuntamiento recibe a la Coordinadora de Organizaciones No Gubernamentales para el Desarrollo de Navarra en su 25 aniversario","description":"Pamplona mantiene su compromiso con un modelo de desarrollo m\u00e1s justo con los pa\u00edses del Sur y sigue apoyando al \u00f3rgano que federa las ONGD","robots":{"index":"index","follow":"follow","max-snippet":"max-snippet:-1","max-image-preview":"max-image-preview:large","max-video-preview":"max-video-preview:-1"},"canonical":"https:\/\/www.laguiadepamplona.com\/actualidad\/el-ayuntamiento-recibe-a-la-coordinadora-de-organizaciones-no-gubernamentales-para-el-desarrollo-de-navarra-en-su-25-aniversario\/","og_locale":"es_ES","og_type":"article","og_title":"El Ayuntamiento recibe a la Coordinadora de Organizaciones No Gubernamentales para el Desarrollo de Navarra en su 25 aniversario","og_description":"Pamplona mantiene su compromiso con un modelo de desarrollo m\u00e1s justo con los pa\u00edses del Sur y sigue apoyando al \u00f3rgano que federa las ONGD","og_url":"https:\/\/www.laguiadepamplona.com\/actualidad\/el-ayuntamiento-recibe-a-la-coordinadora-de-organizaciones-no-gubernamentales-para-el-desarrollo-de-navarra-en-su-25-aniversario\/","og_site_name":"La Gu\u00eda de Pamplona","article_publisher":"https:\/\/www.facebook.com\/laguiadepamplonacom-133175176762273\/?ref=hl","article_published_time":"2023-10-16T15:25:14+00:00","og_image":[{"width":1200,"height":800,"url":"https:\/\/www.laguiadepamplona.com\/actualidad\/wp-content\/uploads\/2023\/10\/20231016-recepcion-ongdq5a0278.webp","type":"image\/webp"}],"author":"La Gu\u00eda de Pamplona","twitter_card":"summary_large_image","twitter_creator":"@LaGuiadPamplona","twitter_site":"@LaGuiadPamplona","twitter_misc":{"Escrito por":"La Gu\u00eda de Pamplona","Tiempo de lectura":"5 minutos"},"schema":{"@context":"https:\/\/schema.org","@graph":[{"@type":"Article","@id":"https:\/\/www.laguiadepamplona.com\/actualidad\/el-ayuntamiento-recibe-a-la-coordinadora-de-organizaciones-no-gubernamentales-para-el-desarrollo-de-navarra-en-su-25-aniversario\/#article","isPartOf":{"@id":"https:\/\/www.laguiadepamplona.com\/actualidad\/el-ayuntamiento-recibe-a-la-coordinadora-de-organizaciones-no-gubernamentales-para-el-desarrollo-de-navarra-en-su-25-aniversario\/"},"author":{"name":"La Gu\u00eda de Pamplona","@id":"https:\/\/www.laguiadepamplona.com\/actualidad\/#\/schema\/person\/efe887376f0213d4657c93adc50b1fdb"},"headline":"El Ayuntamiento recibe a la Coordinadora de Organizaciones No Gubernamentales para el Desarrollo de Navarra en su 25 aniversario","datePublished":"2023-10-16T15:25:14+00:00","mainEntityOfPage":{"@id":"https:\/\/www.laguiadepamplona.com\/actualidad\/el-ayuntamiento-recibe-a-la-coordinadora-de-organizaciones-no-gubernamentales-para-el-desarrollo-de-navarra-en-su-25-aniversario\/"},"wordCount":1122,"commentCount":0,"publisher":{"@id":"https:\/\/www.laguiadepamplona.com\/actualidad\/#organization"},"image":{"@id":"https:\/\/www.laguiadepamplona.com\/actualidad\/el-ayuntamiento-recibe-a-la-coordinadora-de-organizaciones-no-gubernamentales-para-el-desarrollo-de-navarra-en-su-25-aniversario\/#primaryimage"},"thumbnailUrl":"https:\/\/www.laguiadepamplona.com\/actualidad\/wp-content\/uploads\/2023\/10\/20231016-recepcion-ongdq5a0278.webp","articleSection":["Ayto Pamplona"],"inLanguage":"es","potentialAction":[{"@type":"CommentAction","name":"Comment","target":["https:\/\/www.laguiadepamplona.com\/actualidad\/el-ayuntamiento-recibe-a-la-coordinadora-de-organizaciones-no-gubernamentales-para-el-desarrollo-de-navarra-en-su-25-aniversario\/#respond"]}]},{"@type":"WebPage","@id":"https:\/\/www.laguiadepamplona.com\/actualidad\/el-ayuntamiento-recibe-a-la-coordinadora-de-organizaciones-no-gubernamentales-para-el-desarrollo-de-navarra-en-su-25-aniversario\/","url":"https:\/\/www.laguiadepamplona.com\/actualidad\/el-ayuntamiento-recibe-a-la-coordinadora-de-organizaciones-no-gubernamentales-para-el-desarrollo-de-navarra-en-su-25-aniversario\/","name":"El Ayuntamiento recibe a la Coordinadora de Organizaciones No Gubernamentales para el Desarrollo de Navarra en su 25 aniversario","isPartOf":{"@id":"https:\/\/www.laguiadepamplona.com\/actualidad\/#website"},"primaryImageOfPage":{"@id":"https:\/\/www.laguiadepamplona.com\/actualidad\/el-ayuntamiento-recibe-a-la-coordinadora-de-organizaciones-no-gubernamentales-para-el-desarrollo-de-navarra-en-su-25-aniversario\/#primaryimage"},"image":{"@id":"https:\/\/www.laguiadepamplona.com\/actualidad\/el-ayuntamiento-recibe-a-la-coordinadora-de-organizaciones-no-gubernamentales-para-el-desarrollo-de-navarra-en-su-25-aniversario\/#primaryimage"},"thumbnailUrl":"https:\/\/www.laguiadepamplona.com\/actualidad\/wp-content\/uploads\/2023\/10\/20231016-recepcion-ongdq5a0278.webp","datePublished":"2023-10-16T15:25:14+00:00","description":"Pamplona mantiene su compromiso con un modelo de desarrollo m\u00e1s justo con los pa\u00edses del Sur y sigue apoyando al \u00f3rgano que federa las ONGD","breadcrumb":{"@id":"https:\/\/www.laguiadepamplona.com\/actualidad\/el-ayuntamiento-recibe-a-la-coordinadora-de-organizaciones-no-gubernamentales-para-el-desarrollo-de-navarra-en-su-25-aniversario\/#breadcrumb"},"inLanguage":"es","potentialAction":[{"@type":"ReadAction","target":["https:\/\/www.laguiadepamplona.com\/actualidad\/el-ayuntamiento-recibe-a-la-coordinadora-de-organizaciones-no-gubernamentales-para-el-desarrollo-de-navarra-en-su-25-aniversario\/"]}]},{"@type":"ImageObject","inLanguage":"es","@id":"https:\/\/www.laguiadepamplona.com\/actualidad\/el-ayuntamiento-recibe-a-la-coordinadora-de-organizaciones-no-gubernamentales-para-el-desarrollo-de-navarra-en-su-25-aniversario\/#primaryimage","url":"https:\/\/www.laguiadepamplona.com\/actualidad\/wp-content\/uploads\/2023\/10\/20231016-recepcion-ongdq5a0278.webp","contentUrl":"https:\/\/www.laguiadepamplona.com\/actualidad\/wp-content\/uploads\/2023\/10\/20231016-recepcion-ongdq5a0278.webp","width":1200,"height":800,"caption":"recepci\u00f3n ongd"},{"@type":"BreadcrumbList","@id":"https:\/\/www.laguiadepamplona.com\/actualidad\/el-ayuntamiento-recibe-a-la-coordinadora-de-organizaciones-no-gubernamentales-para-el-desarrollo-de-navarra-en-su-25-aniversario\/#breadcrumb","itemListElement":[{"@type":"ListItem","position":1,"name":"Portada","item":"https:\/\/www.laguiadepamplona.com\/actualidad\/"},{"@type":"ListItem","position":2,"name":"El Ayuntamiento recibe a la Coordinadora de Organizaciones No Gubernamentales para el Desarrollo de Navarra en su 25 aniversario"}]},{"@type":"WebSite","@id":"https:\/\/www.laguiadepamplona.com\/actualidad\/#website","url":"https:\/\/www.laguiadepamplona.com\/actualidad\/","name":"La gu\u00eda de Pamplona","description":"Noticias de Pamplona","publisher":{"@id":"https:\/\/www.laguiadepamplona.com\/actualidad\/#organization"},"potentialAction":[{"@type":"SearchAction","target":{"@type":"EntryPoint","urlTemplate":"https:\/\/www.laguiadepamplona.com\/actualidad\/?s={search_term_string}"},"query-input":{"@type":"PropertyValueSpecification","valueRequired":true,"valueName":"search_term_string"}}],"inLanguage":"es"},{"@type":"Organization","@id":"https:\/\/www.laguiadepamplona.com\/actualidad\/#organization","name":"La Gu\u00eda de Pamplona \/ Noticias","url":"https:\/\/www.laguiadepamplona.com\/actualidad\/","logo":{"@type":"ImageObject","inLanguage":"es","@id":"https:\/\/www.laguiadepamplona.com\/actualidad\/#\/schema\/logo\/image\/","url":"https:\/\/www.laguiadepamplona.com\/actualidad\/wp-content\/uploads\/2018\/11\/logo-laguiadepamplona18-web1.png","contentUrl":"https:\/\/www.laguiadepamplona.com\/actualidad\/wp-content\/uploads\/2018\/11\/logo-laguiadepamplona18-web1.png","width":600,"height":196,"caption":"La Gu\u00eda de Pamplona \/ Noticias"},"image":{"@id":"https:\/\/www.laguiadepamplona.com\/actualidad\/#\/schema\/logo\/image\/"},"sameAs":["https:\/\/www.facebook.com\/laguiadepamplonacom-133175176762273\/?ref=hl","https:\/\/x.com\/LaGuiadPamplona","https:\/\/www.instagram.com\/la_guia_de_pamplona\/","https:\/\/www.youtube.com\/user\/laguiadepamplona"]},{"@type":"Person","@id":"https:\/\/www.laguiadepamplona.com\/actualidad\/#\/schema\/person\/efe887376f0213d4657c93adc50b1fdb","name":"La Gu\u00eda de Pamplona","image":{"@type":"ImageObject","inLanguage":"es","@id":"https:\/\/secure.gravatar.com\/avatar\/b6992f131dc8d30ab0dff15446e9d346d9dbd95992de0fef795073f5ea83a81c?s=96&d=mm&r=g","url":"https:\/\/secure.gravatar.com\/avatar\/b6992f131dc8d30ab0dff15446e9d346d9dbd95992de0fef795073f5ea83a81c?s=96&d=mm&r=g","contentUrl":"https:\/\/secure.gravatar.com\/avatar\/b6992f131dc8d30ab0dff15446e9d346d9dbd95992de0fef795073f5ea83a81c?s=96&d=mm&r=g","caption":"La Gu\u00eda de Pamplona"}}]}},"post_mailing_queue_ids":[],"_links":{"self":[{"href":"https:\/\/www.laguiadepamplona.com\/actualidad\/wp-json\/wp\/v2\/posts\/47591","targetHints":{"allow":["GET"]}}],"collection":[{"href":"https:\/\/www.laguiadepamplona.com\/actualidad\/wp-json\/wp\/v2\/posts"}],"about":[{"href":"https:\/\/www.laguiadepamplona.com\/actualidad\/wp-json\/wp\/v2\/types\/post"}],"author":[{"embeddable":true,"href":"https:\/\/www.laguiadepamplona.com\/actualidad\/wp-json\/wp\/v2\/users\/1"}],"replies":[{"embeddable":true,"href":"https:\/\/www.laguiadepamplona.com\/actualidad\/wp-json\/wp\/v2\/comments?post=47591"}],"version-history":[{"count":1,"href":"https:\/\/www.laguiadepamplona.com\/actualidad\/wp-json\/wp\/v2\/posts\/47591\/revisions"}],"predecessor-version":[{"id":47593,"href":"https:\/\/www.laguiadepamplona.com\/actualidad\/wp-json\/wp\/v2\/posts\/47591\/revisions\/47593"}],"wp:featuredmedia":[{"embeddable":true,"href":"https:\/\/www.laguiadepamplona.com\/actualidad\/wp-json\/wp\/v2\/media\/47592"}],"wp:attachment":[{"href":"https:\/\/www.laguiadepamplona.com\/actualidad\/wp-json\/wp\/v2\/media?parent=47591"}],"wp:term":[{"taxonomy":"category","embeddable":true,"href":"https:\/\/www.laguiadepamplona.com\/actualidad\/wp-json\/wp\/v2\/categories?post=47591"},{"taxonomy":"post_tag","embeddable":true,"href":"https:\/\/www.laguiadepamplona.com\/actualidad\/wp-json\/wp\/v2\/tags?post=47591"}],"curies":[{"name":"wp","href":"https:\/\/api.w.org\/{rel}","templated":true}]}}