{"id":47589,"date":"2023-10-16T17:21:34","date_gmt":"2023-10-16T15:21:34","guid":{"rendered":"https:\/\/www.laguiadepamplona.com\/actualidad\/?p=47589"},"modified":"2023-10-16T17:21:34","modified_gmt":"2023-10-16T15:21:34","slug":"propuesta-de-actividades-organizadas-por-el-ayuntamiento-de-pamplona-del-17-y-19-de-octubre-con-plazas-libres","status":"publish","type":"post","link":"https:\/\/www.laguiadepamplona.com\/actualidad\/propuesta-de-actividades-organizadas-por-el-ayuntamiento-de-pamplona-del-17-y-19-de-octubre-con-plazas-libres\/","title":{"rendered":"Propuesta de actividades organizadas por el Ayuntamiento de Pamplona del 17 y 19 de octubre con plazas libres"},"content":{"rendered":"<p><!--more--><\/p>\n<p><strong>MARTES 17 DE OCTUBRE<\/strong><\/p>\n<p><a href=\"https:\/\/www.pamplona.es\/actualidad\/eventos\/heroinas-de-cine-proyeccion-cinematografica-cinco-lobitos-de-alauda-ruiz-de-azua\">Hero\u00ednas de cine. Proyecci\u00f3n cinematogr\u00e1fica. \u2018Cinco lobitos\u2019, de Alauda Ruiz de Az\u00faa. Civivox San Jorge<\/a>, 18 horas. Entrada libre, previa inscripci\u00f3n en el 010, la red Civivox y <a href=\"http:\/\/www.pamplonaescultura.es\">www.pamplonaescultura.es<\/a><\/p>\n<p>No le est\u00e1 siendo f\u00e1cil a Amaia enfrentarse a su reciente maternidad. Cuando su pareja tiene que ausentarse por motivos laborales, vuelve a casa de su ama y aita. Ah\u00ed se dar\u00e1 cuenta de que, adem\u00e1s de ser madre, sigue siendo hija. La multipremiada obra de Alauda Ruiz de Az\u00faa nos va a permitir diseccionar la maternidad desde m\u00faltiples prismas que emocionan, revuelven y conmueven. Pel\u00edcula recomendada para mayores de 18 a\u00f1os. Ciclo coordinado por Mar\u00eda Castej\u00f3n.<\/p>\n<p><a href=\"https:\/\/www.pamplona.es\/actualidad\/eventos\/taller-de-haikus-biblioteca-publica-de-yamaguchi\">Taller de haikus. Biblioteca P\u00fablica de Yamaguchi<\/a>, 17 horas. Entrada libre<\/p>\n<p>Taller de Haikus. Organiza Haikunversaciones. Profesora invitada para la sesi\u00f3n, Kayoko Ijiri, de la Facultad de Estudios Culturales de la Universidad de Kioto Sengyu. M\u00e1s informaci\u00f3n en <a href=\"https:\/\/haikunversaciones.wordpress.com\">https:\/\/haikunversaciones.wordpress.com<\/a>.<br \/>\n<script async src=\"\/\/pagead2.googlesyndication.com\/pagead\/js\/adsbygoogle.js\"><\/script><br \/>\n<!-- Noticias La Guia de Pamplona --><br \/>\n<ins class=\"adsbygoogle\"\nstyle=\"display:block\"\ndata-ad-client=\"ca-pub-6943679897239327\"\ndata-ad-slot=\"7048180777\"\ndata-ad-format=\"auto\"><\/ins><br \/>\n<script>\n(adsbygoogle = window.adsbygoogle || []).push({});\n<\/script><\/p>\n<p>&nbsp;<\/p>\n<p><a href=\"https:\/\/www.pamplona.es\/actualidad\/eventos\/animacion-la-lectura-club-de-lectura-biblioteca-publica-de-milagrosa\">Animaci\u00f3n a la lectura. Club de lectura. Biblioteca P\u00fablica de Milagrosa<\/a>, 18.30 horas. Inscripciones en la biblioteca, el tel\u00e9fono 948 24 54 60 o <a href=\"mailto:biblimil@navarra.es\">biblimil@navarra.es<\/a><\/p>\n<p>Se comentar\u00e1 el libro \u2018Las gratitudes\u2019, de Delphine de Vigan. Una novela sobre la gratitud, sobre lo importante que es poder dar las gracias a aquellos que nos han ayudado en la vida. A Marie y J\u00e9r\u00f4me los une su relaci\u00f3n con Michka Seld, una anciana cuyos \u00faltimos meses de vida nos relatan estas dos voces cruzadas. Marie es su vecina: cuando era ni\u00f1a y su madre se ausentaba, Michka cuidaba de ella. J\u00e9r\u00f4me es el logopeda que intenta que la anciana, que acaba de ser ingresada en un geri\u00e1trico, recupere aunque sea parcialmente el habla, que va perdiendo por culpa de una afasia. La coordinadora es la escritora Maite P\u00e9rez Larumbe.<\/p>\n<p><a href=\"https:\/\/www.pamplona.es\/actualidad\/eventos\/cafeteando-tarde-de-juegos-casa-de-la-juventud-17\">Cafeteando. Tarde de juegos. Casa de la Juventud<\/a>, 18.30 horas. Entrada libre, hasta completar el aforo<\/p>\n<p>Se propone el juego \u2018Enc\u00e9stala\u2019, con el que se pretende que quienes participen pasen un rato entretenido, divirti\u00e9ndose y ech\u00e1ndose unas risas. Se trata de lanzar una pelota a un panel con huecos que tienen distintas puntuaciones, se van sumando y el que m\u00e1s puntos tenga, gana.<\/p>\n<p>&nbsp;<br \/>\n<script async src=\"\/\/pagead2.googlesyndication.com\/pagead\/js\/adsbygoogle.js\"><\/script><br \/>\n<!-- Noticias La Guia de Pamplona --><br \/>\n<ins class=\"adsbygoogle\"\nstyle=\"display:block\"\ndata-ad-client=\"ca-pub-6943679897239327\"\ndata-ad-slot=\"7048180777\"\ndata-ad-format=\"auto\"><\/ins><br \/>\n<script>\n(adsbygoogle = window.adsbygoogle || []).push({});\n<\/script><\/p>\n<p>MI\u00c9RCOLES 18 DE OCTUBRE<\/p>\n<p><a href=\"https:\/\/www.pamplona.es\/actualidad\/eventos\/escuela-de-sostenibilidad-oficina-de-informacion-energetica-museo-de-educacion\">Escuela de Sostenibilidad. Oficina de Informaci\u00f3n Energ\u00e9tica. Museo de Educaci\u00f3n Ambiental<\/a>, de 10 a 13 horas y de 18 a 20 horas. Cita previa en el tel\u00e9fono 010 o a trav\u00e9s de la Sede Electr\u00f3nica del Ayuntamiento de Pamplona<\/p>\n<p>Esta Oficina de Informaci\u00f3n Energ\u00e9tica ofrece servicios de asesoramiento a la ciudadan\u00eda en temas de comunidades energ\u00e9ticas, energ\u00edas renovables, rehabilitaci\u00f3n energ\u00e9tica, subvenciones y ayudas de energ\u00edas renovables, as\u00ed como asesoramiento de facturas el\u00e9ctricas y de gas.<\/p>\n<p><a href=\"https:\/\/www.pamplona.es\/actualidad\/eventos\/jornada-la-mitologia-de-las-aguas-museo-de-educacion-ambiental\">Pamplona es verde. Visita guiada al parque de Aranzadi. La mitolog\u00eda de las aguas. Pasarela peatonal frente al Museo de Educaci\u00f3n Ambiental,<\/a> 17.30 horas. Inscripciones en el tel\u00e9fono 010<\/p>\n<p>El agua siempre ha tenido un influjo especial en todos aquellos seres que hemos sucumbido a sus tel\u00faricos encantos. No solo es por la necesidad vital que tenemos de ella, sino por ese magnetismo inexplicable que ejerce de forma profundamente misteriosa. El murmullo apaciguador de un arroyo, la energ\u00eda desbocada de la mar en las borrascas del noroeste, la paz sin cortapisas de una cascada, el regalo de vida de la lluvia, o la introspecci\u00f3n que nos causa la nieve cayendo pl\u00e1cidamente\u2026 Con Aitor Ventureira, gu\u00eda de naturaleza, monitor de educaci\u00f3n ambiental, presidente de la Asociaci\u00f3n Cultural Hojarasca, escritor y enamorado del bosque y la mitolog\u00eda.<\/p>\n<p><a href=\"https:\/\/www.pamplona.es\/actualidad\/eventos\/animacion-la-lectura-club-de-lectura-en-euskera-biblioteca-publica-de-0\">Animaci\u00f3n a la lectura. Club de lectura en euskera. Biblioteca P\u00fablica de Milagrosa<\/a>, 18.30 horas. Inscripciones en la biblioteca, el tel\u00e9fono 948 24 54 60 y en <a href=\"mailto:biblimil@navarra.es\">biblimil@navarra.es<\/a><\/p>\n<p>Se comentar\u00e1 el libro \u201cInurrien Hiztegia\u201d, de Mariasun Landa. Actividad organizada junto con Haizegoa Euskara Taldea.<br \/>\n<script async src=\"\/\/pagead2.googlesyndication.com\/pagead\/js\/adsbygoogle.js\"><\/script><br \/>\n<!-- Noticias La Guia de Pamplona --><br \/>\n<ins class=\"adsbygoogle\"\nstyle=\"display:block\"\ndata-ad-client=\"ca-pub-6943679897239327\"\ndata-ad-slot=\"7048180777\"\ndata-ad-format=\"auto\"><\/ins><br \/>\n<script>\n(adsbygoogle = window.adsbygoogle || []).push({});\n<\/script><\/p>\n<p><a href=\"https:\/\/www.pamplona.es\/actualidad\/eventos\/ver-oir-aplaudir-programa-de-accesibilidad-universal-proyeccion-cinematografica\">Ver, o\u00edr, aplaudir. Programa de accesibilidad universal. Proyecci\u00f3n cinematogr\u00e1fica. \u2018Regreso a Hope Gap\u2019, de William Nicholson. Civivox Iturrama<\/a>, 19 horas. Entrada libre, previa inscripci\u00f3n en el 010, la red Civivox o <a href=\"http:\/\/www.pamplonaescultura.es\">www.pamplonaescultura.es<\/a><\/p>\n<p>Edward toma la decisi\u00f3n de dejar a su mujer Grace tras 29 a\u00f1os de matrimonio. A partir de este momento, cada uno de ellos, a su manera, buscar\u00e1 la forma de rehacer su vida en un peque\u00f1o pueblo costero cerca de los acantilados de Hope Gap. Proyecci\u00f3n en DVD con sistema de audio-descripci\u00f3n<\/p>\n<p><a href=\"https:\/\/www.pamplona.es\/actualidad\/eventos\/educacion-nutricional-conferencia-como-implantar-habitos-saludables-por-donde\">Educaci\u00f3n Nutricional. Conferencia. C\u00f3mo implantar h\u00e1bitos saludables. \u00bfPor d\u00f3nde empiezo? Civivox Milagrosa<\/a>, 19 horas. Entrada libre, hasta completar el aforo<\/p>\n<p>Aprenderemos los conceptos b\u00e1sicos para empezar el camino hacia una vida saludable. Trataremos conceptos como el plato saludable, la combinaci\u00f3n de alimentos, la planificaci\u00f3n de men\u00fas, c\u00f3mo hacer un men\u00fa saludable, mitos en la alimentaci\u00f3n&#8230; Resolveremos tus dudas sobre las bases de una alimentaci\u00f3n saludable. Con Silvia Uriarte y Mar\u00eda Garc\u00e9s, de GUT Nutrici\u00f3n.<\/p>\n<p><a href=\"https:\/\/www.pamplona.es\/actualidad\/eventos\/conferencia-los-vascones-el-reino-de-pamplona-y-el-reino-de-navarra-biblioteca\">Conferencia. \u2018Los vascones, el Reino de Pamplona y el Reino de Navarra\u2019. Biblioteca P\u00fablica de Txantrea<\/a>, 19 horas. Entrada libre, hasta completar el aforo<\/p>\n<p>La sociedad Kaskallueta organiza un ciclo de charlas sobre la historia de Navarra. Esta charla sobre los vascones, el Reino de Pamplona y el Reino de Navarra ser\u00e1 la primera de todas. Impartir\u00e1 la sesi\u00f3n Javier En\u00e9riz Olaechea.<\/p>\n<p><a href=\"https:\/\/www.pamplona.es\/actualidad\/eventos\/cafeteando-con-asociacion-tel-navarra-atn-charla-casa-de-la-juventud\">Cafeteando con\u2026 Asociaci\u00f3n Tel Navarra (ATN). Charla. Casa de la Juventud<\/a>, 19 horas. Entrada libre, hasta completar el aforo<br \/>\n<script async src=\"\/\/pagead2.googlesyndication.com\/pagead\/js\/adsbygoogle.js\"><\/script><br \/>\n<!-- Noticias La Guia de Pamplona --><br \/>\n<ins class=\"adsbygoogle\"\nstyle=\"display:block\"\ndata-ad-client=\"ca-pub-6943679897239327\"\ndata-ad-slot=\"7048180777\"\ndata-ad-format=\"auto\"><\/ins><br \/>\n<script>\n(adsbygoogle = window.adsbygoogle || []).push({});\n<\/script><\/p>\n<p>El 20 de octubre se celebra el D\u00eda Internacional de Concienciaci\u00f3n sobre los Trastornos del Desarrollo del Lenguaje. Por este motivo, se presenta en el \u201cCafeteando con\u2026\u201d de octubre la Asociaci\u00f3n TEL Navarra (ATN), que va a desarrollar sus acciones en torno a la investigaci\u00f3n, sensibilizaci\u00f3n y apoyo para familias con menores con trastornos espec\u00edficos del lenguaje. Contaremos con su fundadora, Doris Salazar.<\/p>\n<p><a href=\"https:\/\/www.pamplona.es\/actualidad\/eventos\/visita-guiada-exposicion-sakaku-de-kike-balenzategui-pabellon-de-mixtos-de-la\">Visita guiada. Exposici\u00f3n \u2018Sakaku\u2019, de Kike Balenzategui. Pabell\u00f3n de Mixtos de la Ciudadela<\/a>, 19 horas. Entrada libre, hasta completar el aforo<\/p>\n<p>El\u00a0<strong>proyecto \u2018Sakkaku\u2019 lo<\/strong> conforman 47 obras. El t\u00edtulo hace alusi\u00f3n a una palabra japonesa que significa espejismo, alucinaci\u00f3n o ilusi\u00f3n \u00f3ptica en japon\u00e9s y es una revisi\u00f3n de los \u2018paisajes interiores\u2019 del autor que su imaginario asimila a los de Jap\u00f3n. Son paisajes que existen, pero no se aprecia como tal porque se encuentran en paredes y suelos de las ciudades. La obra, que ha recibido el apoyo del Centro Huarte, est\u00e1 conformada por una colecci\u00f3n de fotograf\u00edas cercanas en la est\u00e9tica a la pintura Sumi-e. El Sumi-e es una t\u00e9cnica ancestral de dibujo monocrom\u00e1tico basado en el uso de la tinta china, originaria de la pintura china e importada por Jap\u00f3n a mediados del siglo XIV.<\/p>\n<p>&nbsp;<br \/>\n<script async src=\"\/\/pagead2.googlesyndication.com\/pagead\/js\/adsbygoogle.js\"><\/script><br \/>\n<!-- Noticias La Guia de Pamplona --><br \/>\n<ins class=\"adsbygoogle\"\nstyle=\"display:block\"\ndata-ad-client=\"ca-pub-6943679897239327\"\ndata-ad-slot=\"7048180777\"\ndata-ad-format=\"auto\"><\/ins><br \/>\n<script>\n(adsbygoogle = window.adsbygoogle || []).push({});\n<\/script><\/p>\n<p><strong>JUEVES 19 DE OCTUBRE<\/strong><\/p>\n<p><a href=\"https:\/\/www.pamplona.es\/actualidad\/eventos\/club-de-lectura-facil-confabuladas-civivox-iturrama-1\">Club de lectura f\u00e1cil. Confabuladas. Civivox Iturrama<\/a>, 11 horas. Entrada libre, previa inscripci\u00f3n en el 010, la red Civivox o <a href=\"http:\/\/www.pamplonaescultura.es\">www.pamplonaescultura.es<\/a><\/p>\n<p>El club de lectura f\u00e1cil es un club integrador, de car\u00e1cter mensual, en el que participan personas con diversas capacidades y se utiliza material adaptado a la lectura f\u00e1cil. Ciclo en colaboraci\u00f3n con Las Gafas de Escribir y ANFAS. Coordina Beatriz Cantero.<\/p>\n<p><a href=\"https:\/\/www.pamplona.es\/actualidad\/eventos\/escuela-de-sostenibilidad-taller-repara-tu-bici-bizitxoko-museo-de-educacion\">Escuela de Sostenibilidad. Taller. Repara tu bici \u2013 Bizitxoko. Museo de Educaci\u00f3n Ambiental<\/a>, 18 horas. Entrada libre<\/p>\n<p>Este espacio nace con el objetivo de compartir conocimientos sobre el arreglo de bicis y disfrutar mientras ponemos a punto nuestra bici o ayudamos a otras personas. Juanjo Iriarte es experto en reparaci\u00f3n y ser\u00e1 el encargado de acompa\u00f1ar y asesorar a las personas que se acerquen.<\/p>\n<p><a href=\"https:\/\/www.pamplona.es\/actualidad\/eventos\/semana-de-la-inteligencia-artificial-charla-divulgativa-la-revolucion-de-la-ia\">Semana de la Inteligencia Artificial. Charla divulgativa. \u2018La revoluci\u00f3n de la IA en las industrias creativas y digitales: una oportunidad hist\u00f3rica\u2019<\/a>. Civivox Condestable, 18.15 horas. Entrada libre, hasta completar el aforo<\/p>\n<p>Se analizar\u00e1 la IA como una oportunidad para el reposicionamiento de profesionales, empresas e incluso sociedades, a trav\u00e9s de la disrupci\u00f3n que este nuevo paradigma tecnol\u00f3gico permite.\u00a0 Esta visi\u00f3n abstracta se concretar\u00e1 mediante la explicaci\u00f3n y demostraci\u00f3n del proyecto Emotional Films. Un ambicioso proyecto de I+D dotado con un presupuesto de 1&#8217;8 millones de euros y finalizado hace pocas semanas. Emotional Films es el resultado de la visi\u00f3n del director de cine, 2 veces nominado al Goya, Carlos F. de Vigo.<\/p>\n<p><a href=\"https:\/\/www.pamplona.es\/actualidad\/eventos\/ver-oir-aplaudir-programa-de-accesibilidad-universal-conferencia-las-murallas\">Ver, o\u00edr, aplaudir. Programa de accesibilidad universal. Conferencia. \u2018Las murallas del Ensanche: lo que pudo ser y afortunadamente no fue\u2019. Civivox Ensanche<\/a>, 19 horas. Entrada libre, hasta completar el aforo<br \/>\n<script async src=\"\/\/pagead2.googlesyndication.com\/pagead\/js\/adsbygoogle.js\"><\/script><br \/>\n<!-- Noticias La Guia de Pamplona --><br \/>\n<ins class=\"adsbygoogle\"\nstyle=\"display:block\"\ndata-ad-client=\"ca-pub-6943679897239327\"\ndata-ad-slot=\"7048180777\"\ndata-ad-format=\"auto\"><\/ins><br \/>\n<script>\n(adsbygoogle = window.adsbygoogle || []).push({});\n<\/script><\/p>\n<p>Repaso hist\u00f3rico de los diferentes proyectos vinculados con el desarrollo de las murallas de la ciudad. Con Javier Mangado.<\/p>\n<p><a href=\"https:\/\/www.pamplona.es\/actualidad\/eventos\/cafeteando-el-jueves-me-entero-seguros-obligatorios-para-las-asociaciones-casa\">Cafeteando. El jueves me entero: seguros obligatorios para las asociaciones. Casa de la Juventud<\/a>, 19 horas. Entrada libre, hasta completar el aforo<\/p>\n<p>Una de las consultas m\u00e1s habituales en el \u00e1mbito de la gesti\u00f3n de asociaciones es la relativa a qu\u00e9 seguros son obligatorios para las mismas. En octubre, la asesora jur\u00eddica nos explica todo lo que necesitamos saber sobre este tema.<\/p>\n<p><a href=\"https:\/\/www.pamplona.es\/actualidad\/eventos\/micologia-conferencia-saber-mas-y-mas-sobre-el-mundo-de-las-setas-civivox\">Micolog\u00eda. Conferencia. Setas y hongos. Pautas para su reconocimiento e identificaci\u00f3n. Civivox Condestable<\/a>, 19.30 horas. Entrada libre, hasta completar el aforo<\/p>\n<p>Las setas son elementos aparentemente muy sencillos, pues apenas est\u00e1n formadas, en las especies m\u00e1s conocidas, por un pie y un sombrerillo. Pero, a pesar de ello, presentan una gran multitud de caracteres que es preciso reconocer para poder efectuar su correcta identificaci\u00f3n. En esta charla se ofrece una serie de pautas claras para saber qu\u00e9 caracter\u00edsticas se deben observar y qu\u00e9 datos hay que tener en cuenta a la hora de identificar bien las setas, lo que permitir\u00e1 aprovechar mejor las salidas y estar tranquilos a la hora de degustarlas. Con Bego\u00f1a Ojer Irisarri, bi\u00f3loga especializada en Micolog\u00eda.<\/p>\n<p><a href=\"https:\/\/www.pamplona.es\/actualidad\/eventos\/mapamundistas-2023-el-umbral-proyeccion-concierto-o-gemer-el-gemido-de-xabier\">Mapamundistas 2023: el umbral. Proyecci\u00f3n \/ concierto. \u2018O gemer (El gemido)\u2019, de Xabier Erkizia y Ra\u00fal Cantizano. Civivox Iturrama<\/a>, 19.30 horas. Entrada libre, previa inscripci\u00f3n en el 010, la red Civivox o <a href=\"http:\/\/www.pamplonaescultura.es\">www.pamplonaescultura.es<\/a><\/p>\n<p>O Gemer (El gemido) es un documental experimental sobre el viaje geogr\u00e1fico e hist\u00f3rico del peculiar sonido de los llamados \u2018carros de bueyes vascos\u2019. Este sonido, com\u00fan en toda la cornisa cant\u00e1brica hasta finales de los a\u00f1os 50, pr\u00e1cticamente ha desaparecido de la Pen\u00ednsula Ib\u00e9rica. Tras a\u00f1os de investigaci\u00f3n, el artista sonoro Xabier Erkizia viaja hasta su reencuentro, a la zona central de Brasil. La proyecci\u00f3n se acompa\u00f1ar\u00e1 de la intervenci\u00f3n musical de Ra\u00fal Cantinazo con zanfona, un instrumento medieval cuyo sonido se asemeja al gemido de los carros. Con el apoyo de Innova, un programa de Fundaci\u00f3n La Caixa y Fundaci\u00f3n Caja Navarra.<\/p>\n","protected":false},"excerpt":{"rendered":"","protected":false},"author":1,"featured_media":41391,"comment_status":"open","ping_status":"closed","sticky":false,"template":"","format":"standard","meta":{"footnotes":""},"categories":[2],"tags":[],"class_list":["post-47589","post","type-post","status-publish","format-standard","has-post-thumbnail","hentry","category-ayuntamiento-pamplona"],"yoast_head":"<!-- This site is optimized with the Yoast SEO plugin v27.3 - https:\/\/yoast.com\/product\/yoast-seo-wordpress\/ -->\n<title>Propuesta de actividades organizadas por el Ayuntamiento de Pamplona del 17 y 19 de octubre con plazas libres<\/title>\n<meta name=\"robots\" content=\"index, follow, max-snippet:-1, max-image-preview:large, max-video-preview:-1\" \/>\n<link rel=\"canonical\" href=\"https:\/\/www.laguiadepamplona.com\/actualidad\/propuesta-de-actividades-organizadas-por-el-ayuntamiento-de-pamplona-del-17-y-19-de-octubre-con-plazas-libres\/\" \/>\n<meta property=\"og:locale\" content=\"es_ES\" \/>\n<meta property=\"og:type\" content=\"article\" \/>\n<meta property=\"og:title\" content=\"Propuesta de actividades organizadas por el Ayuntamiento de Pamplona del 17 y 19 de octubre con plazas libres\" \/>\n<meta property=\"og:url\" content=\"https:\/\/www.laguiadepamplona.com\/actualidad\/propuesta-de-actividades-organizadas-por-el-ayuntamiento-de-pamplona-del-17-y-19-de-octubre-con-plazas-libres\/\" \/>\n<meta property=\"og:site_name\" content=\"La Gu\u00eda de Pamplona\" \/>\n<meta property=\"article:publisher\" content=\"https:\/\/www.facebook.com\/laguiadepamplonacom-133175176762273\/?ref=hl\" \/>\n<meta property=\"article:published_time\" content=\"2023-10-16T15:21:34+00:00\" \/>\n<meta property=\"og:image\" content=\"https:\/\/www.laguiadepamplona.com\/actualidad\/wp-content\/uploads\/2022\/08\/reloj_ayuntamiento.webp\" \/>\n\t<meta property=\"og:image:width\" content=\"1920\" \/>\n\t<meta property=\"og:image:height\" content=\"1245\" \/>\n\t<meta property=\"og:image:type\" content=\"image\/webp\" \/>\n<meta name=\"author\" content=\"La Gu\u00eda de Pamplona\" \/>\n<meta name=\"twitter:card\" content=\"summary_large_image\" \/>\n<meta name=\"twitter:creator\" content=\"@LaGuiadPamplona\" \/>\n<meta name=\"twitter:site\" content=\"@LaGuiadPamplona\" \/>\n<meta name=\"twitter:label1\" content=\"Escrito por\" \/>\n\t<meta name=\"twitter:data1\" content=\"La Gu\u00eda de Pamplona\" \/>\n\t<meta name=\"twitter:label2\" content=\"Tiempo de lectura\" \/>\n\t<meta name=\"twitter:data2\" content=\"8 minutos\" \/>\n<script type=\"application\/ld+json\" class=\"yoast-schema-graph\">{\"@context\":\"https:\\\/\\\/schema.org\",\"@graph\":[{\"@type\":\"Article\",\"@id\":\"https:\\\/\\\/www.laguiadepamplona.com\\\/actualidad\\\/propuesta-de-actividades-organizadas-por-el-ayuntamiento-de-pamplona-del-17-y-19-de-octubre-con-plazas-libres\\\/#article\",\"isPartOf\":{\"@id\":\"https:\\\/\\\/www.laguiadepamplona.com\\\/actualidad\\\/propuesta-de-actividades-organizadas-por-el-ayuntamiento-de-pamplona-del-17-y-19-de-octubre-con-plazas-libres\\\/\"},\"author\":{\"name\":\"La Gu\u00eda de Pamplona\",\"@id\":\"https:\\\/\\\/www.laguiadepamplona.com\\\/actualidad\\\/#\\\/schema\\\/person\\\/efe887376f0213d4657c93adc50b1fdb\"},\"headline\":\"Propuesta de actividades organizadas por el Ayuntamiento de Pamplona del 17 y 19 de octubre con plazas libres\",\"datePublished\":\"2023-10-16T15:21:34+00:00\",\"mainEntityOfPage\":{\"@id\":\"https:\\\/\\\/www.laguiadepamplona.com\\\/actualidad\\\/propuesta-de-actividades-organizadas-por-el-ayuntamiento-de-pamplona-del-17-y-19-de-octubre-con-plazas-libres\\\/\"},\"wordCount\":1807,\"commentCount\":0,\"publisher\":{\"@id\":\"https:\\\/\\\/www.laguiadepamplona.com\\\/actualidad\\\/#organization\"},\"image\":{\"@id\":\"https:\\\/\\\/www.laguiadepamplona.com\\\/actualidad\\\/propuesta-de-actividades-organizadas-por-el-ayuntamiento-de-pamplona-del-17-y-19-de-octubre-con-plazas-libres\\\/#primaryimage\"},\"thumbnailUrl\":\"https:\\\/\\\/www.laguiadepamplona.com\\\/actualidad\\\/wp-content\\\/uploads\\\/2022\\\/08\\\/reloj_ayuntamiento.webp\",\"articleSection\":[\"Ayto Pamplona\"],\"inLanguage\":\"es\",\"potentialAction\":[{\"@type\":\"CommentAction\",\"name\":\"Comment\",\"target\":[\"https:\\\/\\\/www.laguiadepamplona.com\\\/actualidad\\\/propuesta-de-actividades-organizadas-por-el-ayuntamiento-de-pamplona-del-17-y-19-de-octubre-con-plazas-libres\\\/#respond\"]}]},{\"@type\":\"WebPage\",\"@id\":\"https:\\\/\\\/www.laguiadepamplona.com\\\/actualidad\\\/propuesta-de-actividades-organizadas-por-el-ayuntamiento-de-pamplona-del-17-y-19-de-octubre-con-plazas-libres\\\/\",\"url\":\"https:\\\/\\\/www.laguiadepamplona.com\\\/actualidad\\\/propuesta-de-actividades-organizadas-por-el-ayuntamiento-de-pamplona-del-17-y-19-de-octubre-con-plazas-libres\\\/\",\"name\":\"Propuesta de actividades organizadas por el Ayuntamiento de Pamplona del 17 y 19 de octubre con plazas libres\",\"isPartOf\":{\"@id\":\"https:\\\/\\\/www.laguiadepamplona.com\\\/actualidad\\\/#website\"},\"primaryImageOfPage\":{\"@id\":\"https:\\\/\\\/www.laguiadepamplona.com\\\/actualidad\\\/propuesta-de-actividades-organizadas-por-el-ayuntamiento-de-pamplona-del-17-y-19-de-octubre-con-plazas-libres\\\/#primaryimage\"},\"image\":{\"@id\":\"https:\\\/\\\/www.laguiadepamplona.com\\\/actualidad\\\/propuesta-de-actividades-organizadas-por-el-ayuntamiento-de-pamplona-del-17-y-19-de-octubre-con-plazas-libres\\\/#primaryimage\"},\"thumbnailUrl\":\"https:\\\/\\\/www.laguiadepamplona.com\\\/actualidad\\\/wp-content\\\/uploads\\\/2022\\\/08\\\/reloj_ayuntamiento.webp\",\"datePublished\":\"2023-10-16T15:21:34+00:00\",\"breadcrumb\":{\"@id\":\"https:\\\/\\\/www.laguiadepamplona.com\\\/actualidad\\\/propuesta-de-actividades-organizadas-por-el-ayuntamiento-de-pamplona-del-17-y-19-de-octubre-con-plazas-libres\\\/#breadcrumb\"},\"inLanguage\":\"es\",\"potentialAction\":[{\"@type\":\"ReadAction\",\"target\":[\"https:\\\/\\\/www.laguiadepamplona.com\\\/actualidad\\\/propuesta-de-actividades-organizadas-por-el-ayuntamiento-de-pamplona-del-17-y-19-de-octubre-con-plazas-libres\\\/\"]}]},{\"@type\":\"ImageObject\",\"inLanguage\":\"es\",\"@id\":\"https:\\\/\\\/www.laguiadepamplona.com\\\/actualidad\\\/propuesta-de-actividades-organizadas-por-el-ayuntamiento-de-pamplona-del-17-y-19-de-octubre-con-plazas-libres\\\/#primaryimage\",\"url\":\"https:\\\/\\\/www.laguiadepamplona.com\\\/actualidad\\\/wp-content\\\/uploads\\\/2022\\\/08\\\/reloj_ayuntamiento.webp\",\"contentUrl\":\"https:\\\/\\\/www.laguiadepamplona.com\\\/actualidad\\\/wp-content\\\/uploads\\\/2022\\\/08\\\/reloj_ayuntamiento.webp\",\"width\":1920,\"height\":1245,\"caption\":\"ayuntamiento\"},{\"@type\":\"BreadcrumbList\",\"@id\":\"https:\\\/\\\/www.laguiadepamplona.com\\\/actualidad\\\/propuesta-de-actividades-organizadas-por-el-ayuntamiento-de-pamplona-del-17-y-19-de-octubre-con-plazas-libres\\\/#breadcrumb\",\"itemListElement\":[{\"@type\":\"ListItem\",\"position\":1,\"name\":\"Portada\",\"item\":\"https:\\\/\\\/www.laguiadepamplona.com\\\/actualidad\\\/\"},{\"@type\":\"ListItem\",\"position\":2,\"name\":\"Propuesta de actividades organizadas por el Ayuntamiento de Pamplona del 17 y 19 de octubre con plazas libres\"}]},{\"@type\":\"WebSite\",\"@id\":\"https:\\\/\\\/www.laguiadepamplona.com\\\/actualidad\\\/#website\",\"url\":\"https:\\\/\\\/www.laguiadepamplona.com\\\/actualidad\\\/\",\"name\":\"La gu\u00eda de Pamplona\",\"description\":\"Noticias de Pamplona\",\"publisher\":{\"@id\":\"https:\\\/\\\/www.laguiadepamplona.com\\\/actualidad\\\/#organization\"},\"potentialAction\":[{\"@type\":\"SearchAction\",\"target\":{\"@type\":\"EntryPoint\",\"urlTemplate\":\"https:\\\/\\\/www.laguiadepamplona.com\\\/actualidad\\\/?s={search_term_string}\"},\"query-input\":{\"@type\":\"PropertyValueSpecification\",\"valueRequired\":true,\"valueName\":\"search_term_string\"}}],\"inLanguage\":\"es\"},{\"@type\":\"Organization\",\"@id\":\"https:\\\/\\\/www.laguiadepamplona.com\\\/actualidad\\\/#organization\",\"name\":\"La Gu\u00eda de Pamplona \\\/ Noticias\",\"url\":\"https:\\\/\\\/www.laguiadepamplona.com\\\/actualidad\\\/\",\"logo\":{\"@type\":\"ImageObject\",\"inLanguage\":\"es\",\"@id\":\"https:\\\/\\\/www.laguiadepamplona.com\\\/actualidad\\\/#\\\/schema\\\/logo\\\/image\\\/\",\"url\":\"https:\\\/\\\/www.laguiadepamplona.com\\\/actualidad\\\/wp-content\\\/uploads\\\/2018\\\/11\\\/logo-laguiadepamplona18-web1.png\",\"contentUrl\":\"https:\\\/\\\/www.laguiadepamplona.com\\\/actualidad\\\/wp-content\\\/uploads\\\/2018\\\/11\\\/logo-laguiadepamplona18-web1.png\",\"width\":600,\"height\":196,\"caption\":\"La Gu\u00eda de Pamplona \\\/ Noticias\"},\"image\":{\"@id\":\"https:\\\/\\\/www.laguiadepamplona.com\\\/actualidad\\\/#\\\/schema\\\/logo\\\/image\\\/\"},\"sameAs\":[\"https:\\\/\\\/www.facebook.com\\\/laguiadepamplonacom-133175176762273\\\/?ref=hl\",\"https:\\\/\\\/x.com\\\/LaGuiadPamplona\",\"https:\\\/\\\/www.instagram.com\\\/la_guia_de_pamplona\\\/\",\"https:\\\/\\\/www.youtube.com\\\/user\\\/laguiadepamplona\"]},{\"@type\":\"Person\",\"@id\":\"https:\\\/\\\/www.laguiadepamplona.com\\\/actualidad\\\/#\\\/schema\\\/person\\\/efe887376f0213d4657c93adc50b1fdb\",\"name\":\"La Gu\u00eda de Pamplona\",\"image\":{\"@type\":\"ImageObject\",\"inLanguage\":\"es\",\"@id\":\"https:\\\/\\\/secure.gravatar.com\\\/avatar\\\/b6992f131dc8d30ab0dff15446e9d346d9dbd95992de0fef795073f5ea83a81c?s=96&d=mm&r=g\",\"url\":\"https:\\\/\\\/secure.gravatar.com\\\/avatar\\\/b6992f131dc8d30ab0dff15446e9d346d9dbd95992de0fef795073f5ea83a81c?s=96&d=mm&r=g\",\"contentUrl\":\"https:\\\/\\\/secure.gravatar.com\\\/avatar\\\/b6992f131dc8d30ab0dff15446e9d346d9dbd95992de0fef795073f5ea83a81c?s=96&d=mm&r=g\",\"caption\":\"La Gu\u00eda de Pamplona\"}}]}<\/script>\n<!-- \/ Yoast SEO plugin. -->","yoast_head_json":{"title":"Propuesta de actividades organizadas por el Ayuntamiento de Pamplona del 17 y 19 de octubre con plazas libres","robots":{"index":"index","follow":"follow","max-snippet":"max-snippet:-1","max-image-preview":"max-image-preview:large","max-video-preview":"max-video-preview:-1"},"canonical":"https:\/\/www.laguiadepamplona.com\/actualidad\/propuesta-de-actividades-organizadas-por-el-ayuntamiento-de-pamplona-del-17-y-19-de-octubre-con-plazas-libres\/","og_locale":"es_ES","og_type":"article","og_title":"Propuesta de actividades organizadas por el Ayuntamiento de Pamplona del 17 y 19 de octubre con plazas libres","og_url":"https:\/\/www.laguiadepamplona.com\/actualidad\/propuesta-de-actividades-organizadas-por-el-ayuntamiento-de-pamplona-del-17-y-19-de-octubre-con-plazas-libres\/","og_site_name":"La Gu\u00eda de Pamplona","article_publisher":"https:\/\/www.facebook.com\/laguiadepamplonacom-133175176762273\/?ref=hl","article_published_time":"2023-10-16T15:21:34+00:00","og_image":[{"width":1920,"height":1245,"url":"https:\/\/www.laguiadepamplona.com\/actualidad\/wp-content\/uploads\/2022\/08\/reloj_ayuntamiento.webp","type":"image\/webp"}],"author":"La Gu\u00eda de Pamplona","twitter_card":"summary_large_image","twitter_creator":"@LaGuiadPamplona","twitter_site":"@LaGuiadPamplona","twitter_misc":{"Escrito por":"La Gu\u00eda de Pamplona","Tiempo de lectura":"8 minutos"},"schema":{"@context":"https:\/\/schema.org","@graph":[{"@type":"Article","@id":"https:\/\/www.laguiadepamplona.com\/actualidad\/propuesta-de-actividades-organizadas-por-el-ayuntamiento-de-pamplona-del-17-y-19-de-octubre-con-plazas-libres\/#article","isPartOf":{"@id":"https:\/\/www.laguiadepamplona.com\/actualidad\/propuesta-de-actividades-organizadas-por-el-ayuntamiento-de-pamplona-del-17-y-19-de-octubre-con-plazas-libres\/"},"author":{"name":"La Gu\u00eda de Pamplona","@id":"https:\/\/www.laguiadepamplona.com\/actualidad\/#\/schema\/person\/efe887376f0213d4657c93adc50b1fdb"},"headline":"Propuesta de actividades organizadas por el Ayuntamiento de Pamplona del 17 y 19 de octubre con plazas libres","datePublished":"2023-10-16T15:21:34+00:00","mainEntityOfPage":{"@id":"https:\/\/www.laguiadepamplona.com\/actualidad\/propuesta-de-actividades-organizadas-por-el-ayuntamiento-de-pamplona-del-17-y-19-de-octubre-con-plazas-libres\/"},"wordCount":1807,"commentCount":0,"publisher":{"@id":"https:\/\/www.laguiadepamplona.com\/actualidad\/#organization"},"image":{"@id":"https:\/\/www.laguiadepamplona.com\/actualidad\/propuesta-de-actividades-organizadas-por-el-ayuntamiento-de-pamplona-del-17-y-19-de-octubre-con-plazas-libres\/#primaryimage"},"thumbnailUrl":"https:\/\/www.laguiadepamplona.com\/actualidad\/wp-content\/uploads\/2022\/08\/reloj_ayuntamiento.webp","articleSection":["Ayto Pamplona"],"inLanguage":"es","potentialAction":[{"@type":"CommentAction","name":"Comment","target":["https:\/\/www.laguiadepamplona.com\/actualidad\/propuesta-de-actividades-organizadas-por-el-ayuntamiento-de-pamplona-del-17-y-19-de-octubre-con-plazas-libres\/#respond"]}]},{"@type":"WebPage","@id":"https:\/\/www.laguiadepamplona.com\/actualidad\/propuesta-de-actividades-organizadas-por-el-ayuntamiento-de-pamplona-del-17-y-19-de-octubre-con-plazas-libres\/","url":"https:\/\/www.laguiadepamplona.com\/actualidad\/propuesta-de-actividades-organizadas-por-el-ayuntamiento-de-pamplona-del-17-y-19-de-octubre-con-plazas-libres\/","name":"Propuesta de actividades organizadas por el Ayuntamiento de Pamplona del 17 y 19 de octubre con plazas libres","isPartOf":{"@id":"https:\/\/www.laguiadepamplona.com\/actualidad\/#website"},"primaryImageOfPage":{"@id":"https:\/\/www.laguiadepamplona.com\/actualidad\/propuesta-de-actividades-organizadas-por-el-ayuntamiento-de-pamplona-del-17-y-19-de-octubre-con-plazas-libres\/#primaryimage"},"image":{"@id":"https:\/\/www.laguiadepamplona.com\/actualidad\/propuesta-de-actividades-organizadas-por-el-ayuntamiento-de-pamplona-del-17-y-19-de-octubre-con-plazas-libres\/#primaryimage"},"thumbnailUrl":"https:\/\/www.laguiadepamplona.com\/actualidad\/wp-content\/uploads\/2022\/08\/reloj_ayuntamiento.webp","datePublished":"2023-10-16T15:21:34+00:00","breadcrumb":{"@id":"https:\/\/www.laguiadepamplona.com\/actualidad\/propuesta-de-actividades-organizadas-por-el-ayuntamiento-de-pamplona-del-17-y-19-de-octubre-con-plazas-libres\/#breadcrumb"},"inLanguage":"es","potentialAction":[{"@type":"ReadAction","target":["https:\/\/www.laguiadepamplona.com\/actualidad\/propuesta-de-actividades-organizadas-por-el-ayuntamiento-de-pamplona-del-17-y-19-de-octubre-con-plazas-libres\/"]}]},{"@type":"ImageObject","inLanguage":"es","@id":"https:\/\/www.laguiadepamplona.com\/actualidad\/propuesta-de-actividades-organizadas-por-el-ayuntamiento-de-pamplona-del-17-y-19-de-octubre-con-plazas-libres\/#primaryimage","url":"https:\/\/www.laguiadepamplona.com\/actualidad\/wp-content\/uploads\/2022\/08\/reloj_ayuntamiento.webp","contentUrl":"https:\/\/www.laguiadepamplona.com\/actualidad\/wp-content\/uploads\/2022\/08\/reloj_ayuntamiento.webp","width":1920,"height":1245,"caption":"ayuntamiento"},{"@type":"BreadcrumbList","@id":"https:\/\/www.laguiadepamplona.com\/actualidad\/propuesta-de-actividades-organizadas-por-el-ayuntamiento-de-pamplona-del-17-y-19-de-octubre-con-plazas-libres\/#breadcrumb","itemListElement":[{"@type":"ListItem","position":1,"name":"Portada","item":"https:\/\/www.laguiadepamplona.com\/actualidad\/"},{"@type":"ListItem","position":2,"name":"Propuesta de actividades organizadas por el Ayuntamiento de Pamplona del 17 y 19 de octubre con plazas libres"}]},{"@type":"WebSite","@id":"https:\/\/www.laguiadepamplona.com\/actualidad\/#website","url":"https:\/\/www.laguiadepamplona.com\/actualidad\/","name":"La gu\u00eda de Pamplona","description":"Noticias de Pamplona","publisher":{"@id":"https:\/\/www.laguiadepamplona.com\/actualidad\/#organization"},"potentialAction":[{"@type":"SearchAction","target":{"@type":"EntryPoint","urlTemplate":"https:\/\/www.laguiadepamplona.com\/actualidad\/?s={search_term_string}"},"query-input":{"@type":"PropertyValueSpecification","valueRequired":true,"valueName":"search_term_string"}}],"inLanguage":"es"},{"@type":"Organization","@id":"https:\/\/www.laguiadepamplona.com\/actualidad\/#organization","name":"La Gu\u00eda de Pamplona \/ Noticias","url":"https:\/\/www.laguiadepamplona.com\/actualidad\/","logo":{"@type":"ImageObject","inLanguage":"es","@id":"https:\/\/www.laguiadepamplona.com\/actualidad\/#\/schema\/logo\/image\/","url":"https:\/\/www.laguiadepamplona.com\/actualidad\/wp-content\/uploads\/2018\/11\/logo-laguiadepamplona18-web1.png","contentUrl":"https:\/\/www.laguiadepamplona.com\/actualidad\/wp-content\/uploads\/2018\/11\/logo-laguiadepamplona18-web1.png","width":600,"height":196,"caption":"La Gu\u00eda de Pamplona \/ Noticias"},"image":{"@id":"https:\/\/www.laguiadepamplona.com\/actualidad\/#\/schema\/logo\/image\/"},"sameAs":["https:\/\/www.facebook.com\/laguiadepamplonacom-133175176762273\/?ref=hl","https:\/\/x.com\/LaGuiadPamplona","https:\/\/www.instagram.com\/la_guia_de_pamplona\/","https:\/\/www.youtube.com\/user\/laguiadepamplona"]},{"@type":"Person","@id":"https:\/\/www.laguiadepamplona.com\/actualidad\/#\/schema\/person\/efe887376f0213d4657c93adc50b1fdb","name":"La Gu\u00eda de Pamplona","image":{"@type":"ImageObject","inLanguage":"es","@id":"https:\/\/secure.gravatar.com\/avatar\/b6992f131dc8d30ab0dff15446e9d346d9dbd95992de0fef795073f5ea83a81c?s=96&d=mm&r=g","url":"https:\/\/secure.gravatar.com\/avatar\/b6992f131dc8d30ab0dff15446e9d346d9dbd95992de0fef795073f5ea83a81c?s=96&d=mm&r=g","contentUrl":"https:\/\/secure.gravatar.com\/avatar\/b6992f131dc8d30ab0dff15446e9d346d9dbd95992de0fef795073f5ea83a81c?s=96&d=mm&r=g","caption":"La Gu\u00eda de Pamplona"}}]}},"post_mailing_queue_ids":[],"_links":{"self":[{"href":"https:\/\/www.laguiadepamplona.com\/actualidad\/wp-json\/wp\/v2\/posts\/47589","targetHints":{"allow":["GET"]}}],"collection":[{"href":"https:\/\/www.laguiadepamplona.com\/actualidad\/wp-json\/wp\/v2\/posts"}],"about":[{"href":"https:\/\/www.laguiadepamplona.com\/actualidad\/wp-json\/wp\/v2\/types\/post"}],"author":[{"embeddable":true,"href":"https:\/\/www.laguiadepamplona.com\/actualidad\/wp-json\/wp\/v2\/users\/1"}],"replies":[{"embeddable":true,"href":"https:\/\/www.laguiadepamplona.com\/actualidad\/wp-json\/wp\/v2\/comments?post=47589"}],"version-history":[{"count":1,"href":"https:\/\/www.laguiadepamplona.com\/actualidad\/wp-json\/wp\/v2\/posts\/47589\/revisions"}],"predecessor-version":[{"id":47590,"href":"https:\/\/www.laguiadepamplona.com\/actualidad\/wp-json\/wp\/v2\/posts\/47589\/revisions\/47590"}],"wp:featuredmedia":[{"embeddable":true,"href":"https:\/\/www.laguiadepamplona.com\/actualidad\/wp-json\/wp\/v2\/media\/41391"}],"wp:attachment":[{"href":"https:\/\/www.laguiadepamplona.com\/actualidad\/wp-json\/wp\/v2\/media?parent=47589"}],"wp:term":[{"taxonomy":"category","embeddable":true,"href":"https:\/\/www.laguiadepamplona.com\/actualidad\/wp-json\/wp\/v2\/categories?post=47589"},{"taxonomy":"post_tag","embeddable":true,"href":"https:\/\/www.laguiadepamplona.com\/actualidad\/wp-json\/wp\/v2\/tags?post=47589"}],"curies":[{"name":"wp","href":"https:\/\/api.w.org\/{rel}","templated":true}]}}