{"id":47586,"date":"2023-10-16T17:20:08","date_gmt":"2023-10-16T15:20:08","guid":{"rendered":"https:\/\/www.laguiadepamplona.com\/actualidad\/?p=47586"},"modified":"2023-10-16T17:20:08","modified_gmt":"2023-10-16T15:20:08","slug":"trece-centros-educativos-de-educacion-infantil-y-primaria-han-participado-en-el-programa-municipal-de-huertas-ecologicas-escolares","status":"publish","type":"post","link":"https:\/\/www.laguiadepamplona.com\/actualidad\/trece-centros-educativos-de-educacion-infantil-y-primaria-han-participado-en-el-programa-municipal-de-huertas-ecologicas-escolares\/","title":{"rendered":"Trece centros educativos de educaci\u00f3n Infantil y Primaria han participado en el programa municipal de huertas ecol\u00f3gicas escolares"},"content":{"rendered":"<h3>El programa ofrece formaci\u00f3n y acompa\u00f1amiento para promover la sensibilizaci\u00f3n medioambiental de toda la comunidad educativa<\/h3>\n<p><!--more--><\/p>\n<p>El programa municipal de huertas ecol\u00f3gicas escolares ha acogido ya a trece centros de Infantil y Primaria, desde su inicio en el curso 2017-2018. CPEIP Rochapea, IP Sanduzelai, CPEIP Do\u00f1a Mayor, CPEIP Garc\u00eda Galdeano, CPEIP Mendillorri y Mendigoiti IP, Amaiur Ikastola, CPEIP Cardenal Ilund\u00e1in, la Escuela Infantil de Mendillorri, CEIP Ermitaga\u00f1a y Hegoalde Ikastola han precedido a CEIP V\u00e1zquez de Mella y Claret Larraona, que son los dos centros que se han sumado este curso.<br \/>\n<script async src=\"\/\/pagead2.googlesyndication.com\/pagead\/js\/adsbygoogle.js\"><\/script><br \/>\n<!-- Noticias La Guia de Pamplona --><br \/>\n<ins class=\"adsbygoogle\"\nstyle=\"display:block\"\ndata-ad-client=\"ca-pub-6943679897239327\"\ndata-ad-slot=\"7048180777\"\ndata-ad-format=\"auto\"><\/ins><br \/>\n<script>\n(adsbygoogle = window.adsbygoogle || []).push({});\n<\/script><\/p>\n<p>Los centros protagonistas del programa de este a\u00f1o ya contaban con un espacio de huerta. El CEIP V\u00e1zquez de Mella ten\u00eda un peque\u00f1o espacio que ha ampliado con dos nuevos bancales, mientras que el colegio Claret Larraona est\u00e1 realizando mejoras en su \u00e1rea de huerta. El programa busca crear y fortalecer un v\u00ednculo positivo con la naturaleza desde la infancia, de forma que el trabajo asociado a la huerta promueva la sensibilizaci\u00f3n medioambiental y genere cambios individuales y colectivos hacia un futuro m\u00e1s ecol\u00f3gico.<\/p>\n<p>Las huertas que se acogen a este programa pueden ser las de los propios centros, si disponen de ellas, o el Ayuntamiento presta su colaboraci\u00f3n a trav\u00e9s del programa para instalarlas y lograr que el alumnado adquiera un aprendizaje significativo. Cada centro recibe acompa\u00f1amiento mediante una formaci\u00f3n para el claustro y reuniones trimestrales, m\u00e1s un taller por curso para el alumnado de cada ciclo. El centro decide c\u00f3mo organiza la actividad y se invita a las familias en algunos casos. De esta manera participa toda la comunidad educativa, se comparten experiencias y valores, y se fomenta la alimentaci\u00f3n saludable y de cercan\u00eda.<br \/>\n<script async src=\"\/\/pagead2.googlesyndication.com\/pagead\/js\/adsbygoogle.js\"><\/script><br \/>\n<!-- Noticias La Guia de Pamplona --><br \/>\n<ins class=\"adsbygoogle\"\nstyle=\"display:block\"\ndata-ad-client=\"ca-pub-6943679897239327\"\ndata-ad-slot=\"7048180777\"\ndata-ad-format=\"auto\"><\/ins><br \/>\n<script>\n(adsbygoogle = window.adsbygoogle || []).push({});\n<\/script><\/p>\n<p><strong>Una huerta personalizada<\/strong><\/p>\n<p>Los centros deciden qu\u00e9 plantar en su huerta, seg\u00fan la etapa educativa y criterios como el calendario escolar y el inter\u00e9s educativo. Algunos se centran en la diversidad de plantas en cuanto a partes comestibles (ra\u00edz, tallo, hojas, flor, fruto, semilla) o en la diversidad de formas, colores y aromas; as\u00ed las especies m\u00e1s habituales suelen ser guisantes, habas, ajos, lechuga, br\u00f3coli, fresas, plantas arom\u00e1ticas y medicinales (cal\u00e9ndula, lavanda, romero), rabanitos\u2026<\/p>\n<p>La huerta se convierte en un espacio de aprendizaje en contacto con la naturaleza, donde ni\u00f1os y ni\u00f1as aprenden sobre plantas, alimentaci\u00f3n, biodiversidad o polinizaci\u00f3n, entre otros. El alumnado se encarga de cuidar y mantener la huerta, desde plantar a regar y cosechar, adem\u00e1s de observar y experimentar. En algunos centros, la actividad es el punto de partida para comenzar con el proceso de compostaje de materia org\u00e1nica.<br \/>\n<script async src=\"\/\/pagead2.googlesyndication.com\/pagead\/js\/adsbygoogle.js\"><\/script><br \/>\n<!-- Noticias La Guia de Pamplona --><br \/>\n<ins class=\"adsbygoogle\"\nstyle=\"display:block\"\ndata-ad-client=\"ca-pub-6943679897239327\"\ndata-ad-slot=\"7048180777\"\ndata-ad-format=\"auto\"><\/ins><br \/>\n<script>\n(adsbygoogle = window.adsbygoogle || []).push({});\n<\/script><\/p>\n<p>En este proceso, el profesorado de Infantil y Primaria recibe el primer a\u00f1o cuatro sesiones formativas de dos horas de duraci\u00f3n, m\u00e1s una sesi\u00f3n extra para visitar otros centros de la ciudad que est\u00e1n trabajando en el programa. Tres de esas sesiones se realizan en el propio centro y la cuarta en el huerto comunitario que tengan m\u00e1s pr\u00f3ximo. El contenido incluye teor\u00eda sobre huertas escolares como herramienta de educaci\u00f3n ambiental, pr\u00e1ctica sobre gesti\u00f3n de una huerta escolar, programaci\u00f3n te\u00f3rico-pr\u00e1ctica por etapas y ciclos educativos, evaluaci\u00f3n y visita a otras experiencias.<\/p>\n<p>Este programa municipal se enmarca en la Agenda Urbana de Pamplona, por una ciudad m\u00e1s sostenible, innovadora e inclusiva, en l\u00ednea con la estrategia GoGreen, Estrategia de Transici\u00f3n Energ\u00e9tica y Cambio Clim\u00e1tico 2030 que persigue reducir las emisiones, mejorar la eficiencia energ\u00e9tica y conseguir un incremento en el uso de las energ\u00edas renovables.<\/p>\n","protected":false},"excerpt":{"rendered":"<p>El programa ofrece formaci\u00f3n y acompa\u00f1amiento para promover la sensibilizaci\u00f3n medioambiental de toda la comunidad educativa<\/p>\n","protected":false},"author":1,"featured_media":47587,"comment_status":"open","ping_status":"closed","sticky":false,"template":"","format":"standard","meta":{"footnotes":""},"categories":[2],"tags":[],"class_list":["post-47586","post","type-post","status-publish","format-standard","has-post-thumbnail","hentry","category-ayuntamiento-pamplona"],"yoast_head":"<!-- This site is optimized with the Yoast SEO plugin v27.3 - https:\/\/yoast.com\/product\/yoast-seo-wordpress\/ -->\n<title>Trece centros educativos de educaci\u00f3n Infantil y Primaria han participado en el programa municipal de huertas ecol\u00f3gicas escolares<\/title>\n<meta name=\"description\" content=\"El programa ofrece formaci\u00f3n y acompa\u00f1amiento para promover la sensibilizaci\u00f3n medioambiental de toda la comunidad educativa\" \/>\n<meta name=\"robots\" content=\"index, follow, max-snippet:-1, max-image-preview:large, max-video-preview:-1\" \/>\n<link rel=\"canonical\" href=\"https:\/\/www.laguiadepamplona.com\/actualidad\/trece-centros-educativos-de-educacion-infantil-y-primaria-han-participado-en-el-programa-municipal-de-huertas-ecologicas-escolares\/\" \/>\n<meta property=\"og:locale\" content=\"es_ES\" \/>\n<meta property=\"og:type\" content=\"article\" \/>\n<meta property=\"og:title\" content=\"Trece centros educativos de educaci\u00f3n Infantil y Primaria han participado en el programa municipal de huertas ecol\u00f3gicas escolares\" \/>\n<meta property=\"og:description\" content=\"El programa ofrece formaci\u00f3n y acompa\u00f1amiento para promover la sensibilizaci\u00f3n medioambiental de toda la comunidad educativa\" \/>\n<meta property=\"og:url\" content=\"https:\/\/www.laguiadepamplona.com\/actualidad\/trece-centros-educativos-de-educacion-infantil-y-primaria-han-participado-en-el-programa-municipal-de-huertas-ecologicas-escolares\/\" \/>\n<meta property=\"og:site_name\" content=\"La Gu\u00eda de Pamplona\" \/>\n<meta property=\"article:publisher\" content=\"https:\/\/www.facebook.com\/laguiadepamplonacom-133175176762273\/?ref=hl\" \/>\n<meta property=\"article:published_time\" content=\"2023-10-16T15:20:08+00:00\" \/>\n<meta property=\"og:image\" content=\"https:\/\/www.laguiadepamplona.com\/actualidad\/wp-content\/uploads\/2023\/10\/huertasss.webp\" \/>\n\t<meta property=\"og:image:width\" content=\"1109\" \/>\n\t<meta property=\"og:image:height\" content=\"878\" \/>\n\t<meta property=\"og:image:type\" content=\"image\/webp\" \/>\n<meta name=\"author\" content=\"La Gu\u00eda de Pamplona\" \/>\n<meta name=\"twitter:card\" content=\"summary_large_image\" \/>\n<meta name=\"twitter:creator\" content=\"@LaGuiadPamplona\" \/>\n<meta name=\"twitter:site\" content=\"@LaGuiadPamplona\" \/>\n<meta name=\"twitter:label1\" content=\"Escrito por\" \/>\n\t<meta name=\"twitter:data1\" content=\"La Gu\u00eda de Pamplona\" \/>\n\t<meta name=\"twitter:label2\" content=\"Tiempo de lectura\" \/>\n\t<meta name=\"twitter:data2\" content=\"3 minutos\" \/>\n<script type=\"application\/ld+json\" class=\"yoast-schema-graph\">{\"@context\":\"https:\\\/\\\/schema.org\",\"@graph\":[{\"@type\":\"Article\",\"@id\":\"https:\\\/\\\/www.laguiadepamplona.com\\\/actualidad\\\/trece-centros-educativos-de-educacion-infantil-y-primaria-han-participado-en-el-programa-municipal-de-huertas-ecologicas-escolares\\\/#article\",\"isPartOf\":{\"@id\":\"https:\\\/\\\/www.laguiadepamplona.com\\\/actualidad\\\/trece-centros-educativos-de-educacion-infantil-y-primaria-han-participado-en-el-programa-municipal-de-huertas-ecologicas-escolares\\\/\"},\"author\":{\"name\":\"La Gu\u00eda de Pamplona\",\"@id\":\"https:\\\/\\\/www.laguiadepamplona.com\\\/actualidad\\\/#\\\/schema\\\/person\\\/efe887376f0213d4657c93adc50b1fdb\"},\"headline\":\"Trece centros educativos de educaci\u00f3n Infantil y Primaria han participado en el programa municipal de huertas ecol\u00f3gicas escolares\",\"datePublished\":\"2023-10-16T15:20:08+00:00\",\"mainEntityOfPage\":{\"@id\":\"https:\\\/\\\/www.laguiadepamplona.com\\\/actualidad\\\/trece-centros-educativos-de-educacion-infantil-y-primaria-han-participado-en-el-programa-municipal-de-huertas-ecologicas-escolares\\\/\"},\"wordCount\":642,\"commentCount\":0,\"publisher\":{\"@id\":\"https:\\\/\\\/www.laguiadepamplona.com\\\/actualidad\\\/#organization\"},\"image\":{\"@id\":\"https:\\\/\\\/www.laguiadepamplona.com\\\/actualidad\\\/trece-centros-educativos-de-educacion-infantil-y-primaria-han-participado-en-el-programa-municipal-de-huertas-ecologicas-escolares\\\/#primaryimage\"},\"thumbnailUrl\":\"https:\\\/\\\/www.laguiadepamplona.com\\\/actualidad\\\/wp-content\\\/uploads\\\/2023\\\/10\\\/huertasss.webp\",\"articleSection\":[\"Ayto Pamplona\"],\"inLanguage\":\"es\",\"potentialAction\":[{\"@type\":\"CommentAction\",\"name\":\"Comment\",\"target\":[\"https:\\\/\\\/www.laguiadepamplona.com\\\/actualidad\\\/trece-centros-educativos-de-educacion-infantil-y-primaria-han-participado-en-el-programa-municipal-de-huertas-ecologicas-escolares\\\/#respond\"]}]},{\"@type\":\"WebPage\",\"@id\":\"https:\\\/\\\/www.laguiadepamplona.com\\\/actualidad\\\/trece-centros-educativos-de-educacion-infantil-y-primaria-han-participado-en-el-programa-municipal-de-huertas-ecologicas-escolares\\\/\",\"url\":\"https:\\\/\\\/www.laguiadepamplona.com\\\/actualidad\\\/trece-centros-educativos-de-educacion-infantil-y-primaria-han-participado-en-el-programa-municipal-de-huertas-ecologicas-escolares\\\/\",\"name\":\"Trece centros educativos de educaci\u00f3n Infantil y Primaria han participado en el programa municipal de huertas ecol\u00f3gicas escolares\",\"isPartOf\":{\"@id\":\"https:\\\/\\\/www.laguiadepamplona.com\\\/actualidad\\\/#website\"},\"primaryImageOfPage\":{\"@id\":\"https:\\\/\\\/www.laguiadepamplona.com\\\/actualidad\\\/trece-centros-educativos-de-educacion-infantil-y-primaria-han-participado-en-el-programa-municipal-de-huertas-ecologicas-escolares\\\/#primaryimage\"},\"image\":{\"@id\":\"https:\\\/\\\/www.laguiadepamplona.com\\\/actualidad\\\/trece-centros-educativos-de-educacion-infantil-y-primaria-han-participado-en-el-programa-municipal-de-huertas-ecologicas-escolares\\\/#primaryimage\"},\"thumbnailUrl\":\"https:\\\/\\\/www.laguiadepamplona.com\\\/actualidad\\\/wp-content\\\/uploads\\\/2023\\\/10\\\/huertasss.webp\",\"datePublished\":\"2023-10-16T15:20:08+00:00\",\"description\":\"El programa ofrece formaci\u00f3n y acompa\u00f1amiento para promover la sensibilizaci\u00f3n medioambiental de toda la comunidad educativa\",\"breadcrumb\":{\"@id\":\"https:\\\/\\\/www.laguiadepamplona.com\\\/actualidad\\\/trece-centros-educativos-de-educacion-infantil-y-primaria-han-participado-en-el-programa-municipal-de-huertas-ecologicas-escolares\\\/#breadcrumb\"},\"inLanguage\":\"es\",\"potentialAction\":[{\"@type\":\"ReadAction\",\"target\":[\"https:\\\/\\\/www.laguiadepamplona.com\\\/actualidad\\\/trece-centros-educativos-de-educacion-infantil-y-primaria-han-participado-en-el-programa-municipal-de-huertas-ecologicas-escolares\\\/\"]}]},{\"@type\":\"ImageObject\",\"inLanguage\":\"es\",\"@id\":\"https:\\\/\\\/www.laguiadepamplona.com\\\/actualidad\\\/trece-centros-educativos-de-educacion-infantil-y-primaria-han-participado-en-el-programa-municipal-de-huertas-ecologicas-escolares\\\/#primaryimage\",\"url\":\"https:\\\/\\\/www.laguiadepamplona.com\\\/actualidad\\\/wp-content\\\/uploads\\\/2023\\\/10\\\/huertasss.webp\",\"contentUrl\":\"https:\\\/\\\/www.laguiadepamplona.com\\\/actualidad\\\/wp-content\\\/uploads\\\/2023\\\/10\\\/huertasss.webp\",\"width\":1109,\"height\":878,\"caption\":\"huertas\"},{\"@type\":\"BreadcrumbList\",\"@id\":\"https:\\\/\\\/www.laguiadepamplona.com\\\/actualidad\\\/trece-centros-educativos-de-educacion-infantil-y-primaria-han-participado-en-el-programa-municipal-de-huertas-ecologicas-escolares\\\/#breadcrumb\",\"itemListElement\":[{\"@type\":\"ListItem\",\"position\":1,\"name\":\"Portada\",\"item\":\"https:\\\/\\\/www.laguiadepamplona.com\\\/actualidad\\\/\"},{\"@type\":\"ListItem\",\"position\":2,\"name\":\"Trece centros educativos de educaci\u00f3n Infantil y Primaria han participado en el programa municipal de huertas ecol\u00f3gicas escolares\"}]},{\"@type\":\"WebSite\",\"@id\":\"https:\\\/\\\/www.laguiadepamplona.com\\\/actualidad\\\/#website\",\"url\":\"https:\\\/\\\/www.laguiadepamplona.com\\\/actualidad\\\/\",\"name\":\"La gu\u00eda de Pamplona\",\"description\":\"Noticias de Pamplona\",\"publisher\":{\"@id\":\"https:\\\/\\\/www.laguiadepamplona.com\\\/actualidad\\\/#organization\"},\"potentialAction\":[{\"@type\":\"SearchAction\",\"target\":{\"@type\":\"EntryPoint\",\"urlTemplate\":\"https:\\\/\\\/www.laguiadepamplona.com\\\/actualidad\\\/?s={search_term_string}\"},\"query-input\":{\"@type\":\"PropertyValueSpecification\",\"valueRequired\":true,\"valueName\":\"search_term_string\"}}],\"inLanguage\":\"es\"},{\"@type\":\"Organization\",\"@id\":\"https:\\\/\\\/www.laguiadepamplona.com\\\/actualidad\\\/#organization\",\"name\":\"La Gu\u00eda de Pamplona \\\/ Noticias\",\"url\":\"https:\\\/\\\/www.laguiadepamplona.com\\\/actualidad\\\/\",\"logo\":{\"@type\":\"ImageObject\",\"inLanguage\":\"es\",\"@id\":\"https:\\\/\\\/www.laguiadepamplona.com\\\/actualidad\\\/#\\\/schema\\\/logo\\\/image\\\/\",\"url\":\"https:\\\/\\\/www.laguiadepamplona.com\\\/actualidad\\\/wp-content\\\/uploads\\\/2018\\\/11\\\/logo-laguiadepamplona18-web1.png\",\"contentUrl\":\"https:\\\/\\\/www.laguiadepamplona.com\\\/actualidad\\\/wp-content\\\/uploads\\\/2018\\\/11\\\/logo-laguiadepamplona18-web1.png\",\"width\":600,\"height\":196,\"caption\":\"La Gu\u00eda de Pamplona \\\/ Noticias\"},\"image\":{\"@id\":\"https:\\\/\\\/www.laguiadepamplona.com\\\/actualidad\\\/#\\\/schema\\\/logo\\\/image\\\/\"},\"sameAs\":[\"https:\\\/\\\/www.facebook.com\\\/laguiadepamplonacom-133175176762273\\\/?ref=hl\",\"https:\\\/\\\/x.com\\\/LaGuiadPamplona\",\"https:\\\/\\\/www.instagram.com\\\/la_guia_de_pamplona\\\/\",\"https:\\\/\\\/www.youtube.com\\\/user\\\/laguiadepamplona\"]},{\"@type\":\"Person\",\"@id\":\"https:\\\/\\\/www.laguiadepamplona.com\\\/actualidad\\\/#\\\/schema\\\/person\\\/efe887376f0213d4657c93adc50b1fdb\",\"name\":\"La Gu\u00eda de Pamplona\",\"image\":{\"@type\":\"ImageObject\",\"inLanguage\":\"es\",\"@id\":\"https:\\\/\\\/secure.gravatar.com\\\/avatar\\\/b6992f131dc8d30ab0dff15446e9d346d9dbd95992de0fef795073f5ea83a81c?s=96&d=mm&r=g\",\"url\":\"https:\\\/\\\/secure.gravatar.com\\\/avatar\\\/b6992f131dc8d30ab0dff15446e9d346d9dbd95992de0fef795073f5ea83a81c?s=96&d=mm&r=g\",\"contentUrl\":\"https:\\\/\\\/secure.gravatar.com\\\/avatar\\\/b6992f131dc8d30ab0dff15446e9d346d9dbd95992de0fef795073f5ea83a81c?s=96&d=mm&r=g\",\"caption\":\"La Gu\u00eda de Pamplona\"}}]}<\/script>\n<!-- \/ Yoast SEO plugin. -->","yoast_head_json":{"title":"Trece centros educativos de educaci\u00f3n Infantil y Primaria han participado en el programa municipal de huertas ecol\u00f3gicas escolares","description":"El programa ofrece formaci\u00f3n y acompa\u00f1amiento para promover la sensibilizaci\u00f3n medioambiental de toda la comunidad educativa","robots":{"index":"index","follow":"follow","max-snippet":"max-snippet:-1","max-image-preview":"max-image-preview:large","max-video-preview":"max-video-preview:-1"},"canonical":"https:\/\/www.laguiadepamplona.com\/actualidad\/trece-centros-educativos-de-educacion-infantil-y-primaria-han-participado-en-el-programa-municipal-de-huertas-ecologicas-escolares\/","og_locale":"es_ES","og_type":"article","og_title":"Trece centros educativos de educaci\u00f3n Infantil y Primaria han participado en el programa municipal de huertas ecol\u00f3gicas escolares","og_description":"El programa ofrece formaci\u00f3n y acompa\u00f1amiento para promover la sensibilizaci\u00f3n medioambiental de toda la comunidad educativa","og_url":"https:\/\/www.laguiadepamplona.com\/actualidad\/trece-centros-educativos-de-educacion-infantil-y-primaria-han-participado-en-el-programa-municipal-de-huertas-ecologicas-escolares\/","og_site_name":"La Gu\u00eda de Pamplona","article_publisher":"https:\/\/www.facebook.com\/laguiadepamplonacom-133175176762273\/?ref=hl","article_published_time":"2023-10-16T15:20:08+00:00","og_image":[{"width":1109,"height":878,"url":"https:\/\/www.laguiadepamplona.com\/actualidad\/wp-content\/uploads\/2023\/10\/huertasss.webp","type":"image\/webp"}],"author":"La Gu\u00eda de Pamplona","twitter_card":"summary_large_image","twitter_creator":"@LaGuiadPamplona","twitter_site":"@LaGuiadPamplona","twitter_misc":{"Escrito por":"La Gu\u00eda de Pamplona","Tiempo de lectura":"3 minutos"},"schema":{"@context":"https:\/\/schema.org","@graph":[{"@type":"Article","@id":"https:\/\/www.laguiadepamplona.com\/actualidad\/trece-centros-educativos-de-educacion-infantil-y-primaria-han-participado-en-el-programa-municipal-de-huertas-ecologicas-escolares\/#article","isPartOf":{"@id":"https:\/\/www.laguiadepamplona.com\/actualidad\/trece-centros-educativos-de-educacion-infantil-y-primaria-han-participado-en-el-programa-municipal-de-huertas-ecologicas-escolares\/"},"author":{"name":"La Gu\u00eda de Pamplona","@id":"https:\/\/www.laguiadepamplona.com\/actualidad\/#\/schema\/person\/efe887376f0213d4657c93adc50b1fdb"},"headline":"Trece centros educativos de educaci\u00f3n Infantil y Primaria han participado en el programa municipal de huertas ecol\u00f3gicas escolares","datePublished":"2023-10-16T15:20:08+00:00","mainEntityOfPage":{"@id":"https:\/\/www.laguiadepamplona.com\/actualidad\/trece-centros-educativos-de-educacion-infantil-y-primaria-han-participado-en-el-programa-municipal-de-huertas-ecologicas-escolares\/"},"wordCount":642,"commentCount":0,"publisher":{"@id":"https:\/\/www.laguiadepamplona.com\/actualidad\/#organization"},"image":{"@id":"https:\/\/www.laguiadepamplona.com\/actualidad\/trece-centros-educativos-de-educacion-infantil-y-primaria-han-participado-en-el-programa-municipal-de-huertas-ecologicas-escolares\/#primaryimage"},"thumbnailUrl":"https:\/\/www.laguiadepamplona.com\/actualidad\/wp-content\/uploads\/2023\/10\/huertasss.webp","articleSection":["Ayto Pamplona"],"inLanguage":"es","potentialAction":[{"@type":"CommentAction","name":"Comment","target":["https:\/\/www.laguiadepamplona.com\/actualidad\/trece-centros-educativos-de-educacion-infantil-y-primaria-han-participado-en-el-programa-municipal-de-huertas-ecologicas-escolares\/#respond"]}]},{"@type":"WebPage","@id":"https:\/\/www.laguiadepamplona.com\/actualidad\/trece-centros-educativos-de-educacion-infantil-y-primaria-han-participado-en-el-programa-municipal-de-huertas-ecologicas-escolares\/","url":"https:\/\/www.laguiadepamplona.com\/actualidad\/trece-centros-educativos-de-educacion-infantil-y-primaria-han-participado-en-el-programa-municipal-de-huertas-ecologicas-escolares\/","name":"Trece centros educativos de educaci\u00f3n Infantil y Primaria han participado en el programa municipal de huertas ecol\u00f3gicas escolares","isPartOf":{"@id":"https:\/\/www.laguiadepamplona.com\/actualidad\/#website"},"primaryImageOfPage":{"@id":"https:\/\/www.laguiadepamplona.com\/actualidad\/trece-centros-educativos-de-educacion-infantil-y-primaria-han-participado-en-el-programa-municipal-de-huertas-ecologicas-escolares\/#primaryimage"},"image":{"@id":"https:\/\/www.laguiadepamplona.com\/actualidad\/trece-centros-educativos-de-educacion-infantil-y-primaria-han-participado-en-el-programa-municipal-de-huertas-ecologicas-escolares\/#primaryimage"},"thumbnailUrl":"https:\/\/www.laguiadepamplona.com\/actualidad\/wp-content\/uploads\/2023\/10\/huertasss.webp","datePublished":"2023-10-16T15:20:08+00:00","description":"El programa ofrece formaci\u00f3n y acompa\u00f1amiento para promover la sensibilizaci\u00f3n medioambiental de toda la comunidad educativa","breadcrumb":{"@id":"https:\/\/www.laguiadepamplona.com\/actualidad\/trece-centros-educativos-de-educacion-infantil-y-primaria-han-participado-en-el-programa-municipal-de-huertas-ecologicas-escolares\/#breadcrumb"},"inLanguage":"es","potentialAction":[{"@type":"ReadAction","target":["https:\/\/www.laguiadepamplona.com\/actualidad\/trece-centros-educativos-de-educacion-infantil-y-primaria-han-participado-en-el-programa-municipal-de-huertas-ecologicas-escolares\/"]}]},{"@type":"ImageObject","inLanguage":"es","@id":"https:\/\/www.laguiadepamplona.com\/actualidad\/trece-centros-educativos-de-educacion-infantil-y-primaria-han-participado-en-el-programa-municipal-de-huertas-ecologicas-escolares\/#primaryimage","url":"https:\/\/www.laguiadepamplona.com\/actualidad\/wp-content\/uploads\/2023\/10\/huertasss.webp","contentUrl":"https:\/\/www.laguiadepamplona.com\/actualidad\/wp-content\/uploads\/2023\/10\/huertasss.webp","width":1109,"height":878,"caption":"huertas"},{"@type":"BreadcrumbList","@id":"https:\/\/www.laguiadepamplona.com\/actualidad\/trece-centros-educativos-de-educacion-infantil-y-primaria-han-participado-en-el-programa-municipal-de-huertas-ecologicas-escolares\/#breadcrumb","itemListElement":[{"@type":"ListItem","position":1,"name":"Portada","item":"https:\/\/www.laguiadepamplona.com\/actualidad\/"},{"@type":"ListItem","position":2,"name":"Trece centros educativos de educaci\u00f3n Infantil y Primaria han participado en el programa municipal de huertas ecol\u00f3gicas escolares"}]},{"@type":"WebSite","@id":"https:\/\/www.laguiadepamplona.com\/actualidad\/#website","url":"https:\/\/www.laguiadepamplona.com\/actualidad\/","name":"La gu\u00eda de Pamplona","description":"Noticias de Pamplona","publisher":{"@id":"https:\/\/www.laguiadepamplona.com\/actualidad\/#organization"},"potentialAction":[{"@type":"SearchAction","target":{"@type":"EntryPoint","urlTemplate":"https:\/\/www.laguiadepamplona.com\/actualidad\/?s={search_term_string}"},"query-input":{"@type":"PropertyValueSpecification","valueRequired":true,"valueName":"search_term_string"}}],"inLanguage":"es"},{"@type":"Organization","@id":"https:\/\/www.laguiadepamplona.com\/actualidad\/#organization","name":"La Gu\u00eda de Pamplona \/ Noticias","url":"https:\/\/www.laguiadepamplona.com\/actualidad\/","logo":{"@type":"ImageObject","inLanguage":"es","@id":"https:\/\/www.laguiadepamplona.com\/actualidad\/#\/schema\/logo\/image\/","url":"https:\/\/www.laguiadepamplona.com\/actualidad\/wp-content\/uploads\/2018\/11\/logo-laguiadepamplona18-web1.png","contentUrl":"https:\/\/www.laguiadepamplona.com\/actualidad\/wp-content\/uploads\/2018\/11\/logo-laguiadepamplona18-web1.png","width":600,"height":196,"caption":"La Gu\u00eda de Pamplona \/ Noticias"},"image":{"@id":"https:\/\/www.laguiadepamplona.com\/actualidad\/#\/schema\/logo\/image\/"},"sameAs":["https:\/\/www.facebook.com\/laguiadepamplonacom-133175176762273\/?ref=hl","https:\/\/x.com\/LaGuiadPamplona","https:\/\/www.instagram.com\/la_guia_de_pamplona\/","https:\/\/www.youtube.com\/user\/laguiadepamplona"]},{"@type":"Person","@id":"https:\/\/www.laguiadepamplona.com\/actualidad\/#\/schema\/person\/efe887376f0213d4657c93adc50b1fdb","name":"La Gu\u00eda de Pamplona","image":{"@type":"ImageObject","inLanguage":"es","@id":"https:\/\/secure.gravatar.com\/avatar\/b6992f131dc8d30ab0dff15446e9d346d9dbd95992de0fef795073f5ea83a81c?s=96&d=mm&r=g","url":"https:\/\/secure.gravatar.com\/avatar\/b6992f131dc8d30ab0dff15446e9d346d9dbd95992de0fef795073f5ea83a81c?s=96&d=mm&r=g","contentUrl":"https:\/\/secure.gravatar.com\/avatar\/b6992f131dc8d30ab0dff15446e9d346d9dbd95992de0fef795073f5ea83a81c?s=96&d=mm&r=g","caption":"La Gu\u00eda de Pamplona"}}]}},"post_mailing_queue_ids":[],"_links":{"self":[{"href":"https:\/\/www.laguiadepamplona.com\/actualidad\/wp-json\/wp\/v2\/posts\/47586","targetHints":{"allow":["GET"]}}],"collection":[{"href":"https:\/\/www.laguiadepamplona.com\/actualidad\/wp-json\/wp\/v2\/posts"}],"about":[{"href":"https:\/\/www.laguiadepamplona.com\/actualidad\/wp-json\/wp\/v2\/types\/post"}],"author":[{"embeddable":true,"href":"https:\/\/www.laguiadepamplona.com\/actualidad\/wp-json\/wp\/v2\/users\/1"}],"replies":[{"embeddable":true,"href":"https:\/\/www.laguiadepamplona.com\/actualidad\/wp-json\/wp\/v2\/comments?post=47586"}],"version-history":[{"count":1,"href":"https:\/\/www.laguiadepamplona.com\/actualidad\/wp-json\/wp\/v2\/posts\/47586\/revisions"}],"predecessor-version":[{"id":47588,"href":"https:\/\/www.laguiadepamplona.com\/actualidad\/wp-json\/wp\/v2\/posts\/47586\/revisions\/47588"}],"wp:featuredmedia":[{"embeddable":true,"href":"https:\/\/www.laguiadepamplona.com\/actualidad\/wp-json\/wp\/v2\/media\/47587"}],"wp:attachment":[{"href":"https:\/\/www.laguiadepamplona.com\/actualidad\/wp-json\/wp\/v2\/media?parent=47586"}],"wp:term":[{"taxonomy":"category","embeddable":true,"href":"https:\/\/www.laguiadepamplona.com\/actualidad\/wp-json\/wp\/v2\/categories?post=47586"},{"taxonomy":"post_tag","embeddable":true,"href":"https:\/\/www.laguiadepamplona.com\/actualidad\/wp-json\/wp\/v2\/tags?post=47586"}],"curies":[{"name":"wp","href":"https:\/\/api.w.org\/{rel}","templated":true}]}}