{"id":47580,"date":"2023-10-16T17:15:19","date_gmt":"2023-10-16T15:15:19","guid":{"rendered":"https:\/\/www.laguiadepamplona.com\/actualidad\/?p=47580"},"modified":"2023-10-16T17:15:19","modified_gmt":"2023-10-16T15:15:19","slug":"el-ii-plan-de-infancia-y-adolescencia-de-pamplona-recoge-146-acciones-para-redisenar-la-ciudad-bajo-la-mirada-de-ninos-ninas-y-adolescentes","status":"publish","type":"post","link":"https:\/\/www.laguiadepamplona.com\/actualidad\/el-ii-plan-de-infancia-y-adolescencia-de-pamplona-recoge-146-acciones-para-redisenar-la-ciudad-bajo-la-mirada-de-ninos-ninas-y-adolescentes\/","title":{"rendered":"El II Plan de Infancia y Adolescencia de Pamplona recoge 146 acciones para redise\u00f1ar la ciudad bajo la mirada de ni\u00f1os, ni\u00f1as y adolescentes"},"content":{"rendered":"<h3>Con horizonte 2023 \u2013 2027, cuenta con un presupuesto anual de 24,1 millones de euros<\/h3>\n<p><!--more--><\/p>\n<p>La Junta de Gobierno Local ha aprobado esta ma\u00f1ana el II Plan de Infancia y Adolescencia de Pamplona 2023 \u2013 2027, que recoge las pol\u00edticas y acciones municipales que se llevar\u00e1n a cabo en los pr\u00f3ximo cuatro a\u00f1os para redise\u00f1ar la ciudad bajo la mirada de ni\u00f1os, ni\u00f1as y adolescentes. Esas acciones se enmarcan en las tres l\u00edneas estrat\u00e9gicas del plan, que son la protecci\u00f3n, la prevenci\u00f3n y la participaci\u00f3n.<\/p>\n<p>El plan prev\u00e9 un presupuesto anual de 24,1 millones de euros para llevar a cabo las 146 acciones que recoge. El II Plan de Infancia y Adolescencia pone el foco en la protecci\u00f3n, a trav\u00e9s de unos servicios sociales de calidad y garantizando que ni\u00f1os, ni\u00f1as y adolescentes se sientan valorados, respetados y tratados de manera justa, en especial, las ni\u00f1as; en la prevenci\u00f3n, asegurando entornos limpios donde sientan seguridad, garantizando la coordinaci\u00f3n entre todos los recursos municipales y comunitarios, y promoviendo una vida familiar basada en el respeto, la igualdad de g\u00e9nero, el cari\u00f1o y el buen trato; y en la participaci\u00f3n, siendo la Mesa de Infancia y Adolescencia un objetivo prioritario, que ha pasado de ser una acci\u00f3n del I Plan de Infancia y Adolescencia a una l\u00ednea estrat\u00e9gica del segundo plan.<br \/>\n<script async src=\"\/\/pagead2.googlesyndication.com\/pagead\/js\/adsbygoogle.js\"><\/script><br \/>\n<!-- Noticias La Guia de Pamplona --><br \/>\n<ins class=\"adsbygoogle\"\nstyle=\"display:block\"\ndata-ad-client=\"ca-pub-6943679897239327\"\ndata-ad-slot=\"7048180777\"\ndata-ad-format=\"auto\"><\/ins><br \/>\n<script>\n(adsbygoogle = window.adsbygoogle || []).push({});\n<\/script><\/p>\n<p><strong>Enfoques transversales y acciones<\/strong><\/p>\n<p>El plan tiene cinco enfoques transversales que responden al compromiso del Ayuntamiento de Pamplona con la Convenci\u00f3n de los Derechos del Ni\u00f1o y con la Resoluci\u00f3n 70\/1 de la Asamblea General de Nacional Unidas, por la que se aprueba la Agenda 2030 con los 17 Objetivos de Desarrollo Sostenible. Una agenda internacional que viene a establecer el camino a seguir para lograr la Declaraci\u00f3n Universal de los Derechos Humanos de 1948. Esos cinco enfoques son la atenci\u00f3n a la diversidad, el desarrollo y derechos humanos (Norte \u2013 Sur), la igualdad de g\u00e9nero, \u2018Una Sola Salud\u2019 (personas, medioambiente y fauna) y STEAM (ciencia, tecnolog\u00eda y artes).<\/p>\n<p>Las 146 acciones que se recogen en el II Plan de Infancia y Adolescencia de Pamplona se engloban en las tres l\u00edneas estrat\u00e9gicas que lo sustentan. En el \u00e1mbito de la protecci\u00f3n, se mencionan 51 acciones, como el mantenimiento de la gratuidad de las escuelas infantiles, ampliar los Equipos de Infancia y Familia, incorporar en las intervenciones del Servicio Municipal de Atenci\u00f3n a la Mujer (SMAM) tambi\u00e9n a los hijos e hijas de las mujeres v\u00edctimas de violencia de g\u00e9nero, promover programas de fomento del deporte para ni\u00f1as, de alimentaci\u00f3n saludable (como las meriendas diarias de COworkids), de prevenci\u00f3n del suicidio y el consumo de drogas o de voluntariado.<\/p>\n<p>Se plasman, asimismo, 67 acciones de prevenci\u00f3n, como sistematizar el funcionamiento de las Redes de Infancia, consolidar el Protocolo de Prevenci\u00f3n de COworkids, fortalecer la coordinaci\u00f3n con la Polic\u00eda Comunitaria y los UPAS o fortalecer la figura de \u2018Promotoras Escolares\u2019 en los centros educativos para fomentar la protecci\u00f3n, participaci\u00f3n y prevenci\u00f3n de ni\u00f1os, ni\u00f1as y adolescentes o fomentar un ocio de calidad. Por \u00faltimo, entre las 29 acciones de participaci\u00f3n se encuentran consolidar la Mesa de Infancia y Adolescencia, crear la Comisi\u00f3n de Transparencia de la Mesa de Infancia con representantes pol\u00edticos, ni\u00f1os y ni\u00f1as; duplicar la participaci\u00f3n de adolescentes en programas Erasmus+ como \u201cDestino Bruselas\u201d, fomentar el asociacionismo juvenil o fomentar la metodolog\u00eda de Aprendizaje y Servicio.<br \/>\n<script async src=\"\/\/pagead2.googlesyndication.com\/pagead\/js\/adsbygoogle.js\"><\/script><br \/>\n<!-- Noticias La Guia de Pamplona --><br \/>\n<ins class=\"adsbygoogle\"\nstyle=\"display:block\"\ndata-ad-client=\"ca-pub-6943679897239327\"\ndata-ad-slot=\"7048180777\"\ndata-ad-format=\"auto\"><\/ins><br \/>\n<script>\n(adsbygoogle = window.adsbygoogle || []).push({});\n<\/script><\/p>\n<p><strong>Proceso participativo<\/strong><\/p>\n<p>En 2018, el Ayuntamiento de Pamplona aprob\u00f3 el I Plan Municipal de Infancia y Adolescencia para los a\u00f1os 2018-2022, en el que se recog\u00eda la pol\u00edtica municipal en pro de la infancia y adolescencia, articulando mecanismos de participaci\u00f3n. Este plan sirvi\u00f3 de marco para la obtenci\u00f3n de la acreditaci\u00f3n de Pamplona como Ciudad Amiga de la Infancia. Tras la evaluaci\u00f3n del I plan tanto interna como de UNICEF, se inici\u00f3 el proceso de elaboraci\u00f3n del segundo plan.<\/p>\n<p>En abril de 2021, el Servicio de Infancia, Adolescencia y Familia, COworkids, comenz\u00f3 a trabajar en el II Plan de Infancia y Adolescencia de Pamplona junto a todas las \u00e1reas municipales del Ayuntamiento, as\u00ed como con alumnado de la Universidad P\u00fablica de Navarra, de la Universidad de Navarra y de la UNED. Este proceso se ha visto fortalecido con un seguimiento mensual entre COworkids y UNICEF Comit\u00e9 Navarra, desde enero de 2021 hasta la actualidad.<\/p>\n<p>Se parti\u00f3 de un diagn\u00f3stico en el que participaron ni\u00f1os y ni\u00f1as, adolescentes, centros educativos, familias, APYMAS, redes de infancia y las \u00e1reas municipales. Se registr\u00f3 la participaci\u00f3n de 20 centros educativos y de 440 alumnos y alumnas, de 152 familias, 27 APYMAS, 79 entidades de Redes de Infancia y 27 asociaciones y entidades de la sociedad civil. Se recogieron propuestas tanto en las reuniones de la Mesa de Infancia y Adolescencia de Pamplona como en las reuniones inter\u00e1reas.<\/p>\n<p>Con todo ello, se elabor\u00f3 un borrador del documento que fue presentado a aportaciones de la ciudadan\u00eda en la plataforma Decide Pamplona, del 19 al 30 de septiembre, y que ha derivado en el texto del II Plan de Infancia y Adolescencia de Pamplona 2023 \u2013 2027 aprobado hoy por la Junta de Gobierno Local.<\/p>\n","protected":false},"excerpt":{"rendered":"<p>Con horizonte 2023 \u2013 2027, cuenta con un presupuesto anual de 24,1 millones de euros<\/p>\n","protected":false},"author":1,"featured_media":47581,"comment_status":"open","ping_status":"closed","sticky":false,"template":"","format":"standard","meta":{"footnotes":""},"categories":[2],"tags":[],"class_list":["post-47580","post","type-post","status-publish","format-standard","has-post-thumbnail","hentry","category-ayuntamiento-pamplona"],"yoast_head":"<!-- This site is optimized with the Yoast SEO plugin v27.3 - https:\/\/yoast.com\/product\/yoast-seo-wordpress\/ -->\n<title>El II Plan de Infancia y Adolescencia de Pamplona recoge 146 acciones para redise\u00f1ar la ciudad bajo la mirada de ni\u00f1os, ni\u00f1as y adolescentes<\/title>\n<meta name=\"description\" content=\"Con horizonte 2023 \u2013 2027, cuenta con un presupuesto anual de 24,1 millones de euros\" \/>\n<meta name=\"robots\" content=\"index, follow, max-snippet:-1, max-image-preview:large, max-video-preview:-1\" \/>\n<link rel=\"canonical\" href=\"https:\/\/www.laguiadepamplona.com\/actualidad\/el-ii-plan-de-infancia-y-adolescencia-de-pamplona-recoge-146-acciones-para-redisenar-la-ciudad-bajo-la-mirada-de-ninos-ninas-y-adolescentes\/\" \/>\n<meta property=\"og:locale\" content=\"es_ES\" \/>\n<meta property=\"og:type\" content=\"article\" \/>\n<meta property=\"og:title\" content=\"El II Plan de Infancia y Adolescencia de Pamplona recoge 146 acciones para redise\u00f1ar la ciudad bajo la mirada de ni\u00f1os, ni\u00f1as y adolescentes\" \/>\n<meta property=\"og:description\" content=\"Con horizonte 2023 \u2013 2027, cuenta con un presupuesto anual de 24,1 millones de euros\" \/>\n<meta property=\"og:url\" content=\"https:\/\/www.laguiadepamplona.com\/actualidad\/el-ii-plan-de-infancia-y-adolescencia-de-pamplona-recoge-146-acciones-para-redisenar-la-ciudad-bajo-la-mirada-de-ninos-ninas-y-adolescentes\/\" \/>\n<meta property=\"og:site_name\" content=\"La Gu\u00eda de Pamplona\" \/>\n<meta property=\"article:publisher\" content=\"https:\/\/www.facebook.com\/laguiadepamplonacom-133175176762273\/?ref=hl\" \/>\n<meta property=\"article:published_time\" content=\"2023-10-16T15:15:19+00:00\" \/>\n<meta property=\"og:image\" content=\"https:\/\/www.laguiadepamplona.com\/actualidad\/wp-content\/uploads\/2023\/10\/23.10.16_dibujo_plan_infancia_adolescencia.webp\" \/>\n\t<meta property=\"og:image:width\" content=\"1200\" \/>\n\t<meta property=\"og:image:height\" content=\"850\" \/>\n\t<meta property=\"og:image:type\" content=\"image\/webp\" \/>\n<meta name=\"author\" content=\"La Gu\u00eda de Pamplona\" \/>\n<meta name=\"twitter:card\" content=\"summary_large_image\" \/>\n<meta name=\"twitter:creator\" content=\"@LaGuiadPamplona\" \/>\n<meta name=\"twitter:site\" content=\"@LaGuiadPamplona\" \/>\n<meta name=\"twitter:label1\" content=\"Escrito por\" \/>\n\t<meta name=\"twitter:data1\" content=\"La Gu\u00eda de Pamplona\" \/>\n\t<meta name=\"twitter:label2\" content=\"Tiempo de lectura\" \/>\n\t<meta name=\"twitter:data2\" content=\"4 minutos\" \/>\n<script type=\"application\/ld+json\" class=\"yoast-schema-graph\">{\"@context\":\"https:\\\/\\\/schema.org\",\"@graph\":[{\"@type\":\"Article\",\"@id\":\"https:\\\/\\\/www.laguiadepamplona.com\\\/actualidad\\\/el-ii-plan-de-infancia-y-adolescencia-de-pamplona-recoge-146-acciones-para-redisenar-la-ciudad-bajo-la-mirada-de-ninos-ninas-y-adolescentes\\\/#article\",\"isPartOf\":{\"@id\":\"https:\\\/\\\/www.laguiadepamplona.com\\\/actualidad\\\/el-ii-plan-de-infancia-y-adolescencia-de-pamplona-recoge-146-acciones-para-redisenar-la-ciudad-bajo-la-mirada-de-ninos-ninas-y-adolescentes\\\/\"},\"author\":{\"name\":\"La Gu\u00eda de Pamplona\",\"@id\":\"https:\\\/\\\/www.laguiadepamplona.com\\\/actualidad\\\/#\\\/schema\\\/person\\\/efe887376f0213d4657c93adc50b1fdb\"},\"headline\":\"El II Plan de Infancia y Adolescencia de Pamplona recoge 146 acciones para redise\u00f1ar la ciudad bajo la mirada de ni\u00f1os, ni\u00f1as y adolescentes\",\"datePublished\":\"2023-10-16T15:15:19+00:00\",\"mainEntityOfPage\":{\"@id\":\"https:\\\/\\\/www.laguiadepamplona.com\\\/actualidad\\\/el-ii-plan-de-infancia-y-adolescencia-de-pamplona-recoge-146-acciones-para-redisenar-la-ciudad-bajo-la-mirada-de-ninos-ninas-y-adolescentes\\\/\"},\"wordCount\":911,\"commentCount\":0,\"publisher\":{\"@id\":\"https:\\\/\\\/www.laguiadepamplona.com\\\/actualidad\\\/#organization\"},\"image\":{\"@id\":\"https:\\\/\\\/www.laguiadepamplona.com\\\/actualidad\\\/el-ii-plan-de-infancia-y-adolescencia-de-pamplona-recoge-146-acciones-para-redisenar-la-ciudad-bajo-la-mirada-de-ninos-ninas-y-adolescentes\\\/#primaryimage\"},\"thumbnailUrl\":\"https:\\\/\\\/www.laguiadepamplona.com\\\/actualidad\\\/wp-content\\\/uploads\\\/2023\\\/10\\\/23.10.16_dibujo_plan_infancia_adolescencia.webp\",\"articleSection\":[\"Ayto Pamplona\"],\"inLanguage\":\"es\",\"potentialAction\":[{\"@type\":\"CommentAction\",\"name\":\"Comment\",\"target\":[\"https:\\\/\\\/www.laguiadepamplona.com\\\/actualidad\\\/el-ii-plan-de-infancia-y-adolescencia-de-pamplona-recoge-146-acciones-para-redisenar-la-ciudad-bajo-la-mirada-de-ninos-ninas-y-adolescentes\\\/#respond\"]}]},{\"@type\":\"WebPage\",\"@id\":\"https:\\\/\\\/www.laguiadepamplona.com\\\/actualidad\\\/el-ii-plan-de-infancia-y-adolescencia-de-pamplona-recoge-146-acciones-para-redisenar-la-ciudad-bajo-la-mirada-de-ninos-ninas-y-adolescentes\\\/\",\"url\":\"https:\\\/\\\/www.laguiadepamplona.com\\\/actualidad\\\/el-ii-plan-de-infancia-y-adolescencia-de-pamplona-recoge-146-acciones-para-redisenar-la-ciudad-bajo-la-mirada-de-ninos-ninas-y-adolescentes\\\/\",\"name\":\"El II Plan de Infancia y Adolescencia de Pamplona recoge 146 acciones para redise\u00f1ar la ciudad bajo la mirada de ni\u00f1os, ni\u00f1as y adolescentes\",\"isPartOf\":{\"@id\":\"https:\\\/\\\/www.laguiadepamplona.com\\\/actualidad\\\/#website\"},\"primaryImageOfPage\":{\"@id\":\"https:\\\/\\\/www.laguiadepamplona.com\\\/actualidad\\\/el-ii-plan-de-infancia-y-adolescencia-de-pamplona-recoge-146-acciones-para-redisenar-la-ciudad-bajo-la-mirada-de-ninos-ninas-y-adolescentes\\\/#primaryimage\"},\"image\":{\"@id\":\"https:\\\/\\\/www.laguiadepamplona.com\\\/actualidad\\\/el-ii-plan-de-infancia-y-adolescencia-de-pamplona-recoge-146-acciones-para-redisenar-la-ciudad-bajo-la-mirada-de-ninos-ninas-y-adolescentes\\\/#primaryimage\"},\"thumbnailUrl\":\"https:\\\/\\\/www.laguiadepamplona.com\\\/actualidad\\\/wp-content\\\/uploads\\\/2023\\\/10\\\/23.10.16_dibujo_plan_infancia_adolescencia.webp\",\"datePublished\":\"2023-10-16T15:15:19+00:00\",\"description\":\"Con horizonte 2023 \u2013 2027, cuenta con un presupuesto anual de 24,1 millones de euros\",\"breadcrumb\":{\"@id\":\"https:\\\/\\\/www.laguiadepamplona.com\\\/actualidad\\\/el-ii-plan-de-infancia-y-adolescencia-de-pamplona-recoge-146-acciones-para-redisenar-la-ciudad-bajo-la-mirada-de-ninos-ninas-y-adolescentes\\\/#breadcrumb\"},\"inLanguage\":\"es\",\"potentialAction\":[{\"@type\":\"ReadAction\",\"target\":[\"https:\\\/\\\/www.laguiadepamplona.com\\\/actualidad\\\/el-ii-plan-de-infancia-y-adolescencia-de-pamplona-recoge-146-acciones-para-redisenar-la-ciudad-bajo-la-mirada-de-ninos-ninas-y-adolescentes\\\/\"]}]},{\"@type\":\"ImageObject\",\"inLanguage\":\"es\",\"@id\":\"https:\\\/\\\/www.laguiadepamplona.com\\\/actualidad\\\/el-ii-plan-de-infancia-y-adolescencia-de-pamplona-recoge-146-acciones-para-redisenar-la-ciudad-bajo-la-mirada-de-ninos-ninas-y-adolescentes\\\/#primaryimage\",\"url\":\"https:\\\/\\\/www.laguiadepamplona.com\\\/actualidad\\\/wp-content\\\/uploads\\\/2023\\\/10\\\/23.10.16_dibujo_plan_infancia_adolescencia.webp\",\"contentUrl\":\"https:\\\/\\\/www.laguiadepamplona.com\\\/actualidad\\\/wp-content\\\/uploads\\\/2023\\\/10\\\/23.10.16_dibujo_plan_infancia_adolescencia.webp\",\"width\":1200,\"height\":850,\"caption\":\"dibujoj plan infancia\"},{\"@type\":\"BreadcrumbList\",\"@id\":\"https:\\\/\\\/www.laguiadepamplona.com\\\/actualidad\\\/el-ii-plan-de-infancia-y-adolescencia-de-pamplona-recoge-146-acciones-para-redisenar-la-ciudad-bajo-la-mirada-de-ninos-ninas-y-adolescentes\\\/#breadcrumb\",\"itemListElement\":[{\"@type\":\"ListItem\",\"position\":1,\"name\":\"Portada\",\"item\":\"https:\\\/\\\/www.laguiadepamplona.com\\\/actualidad\\\/\"},{\"@type\":\"ListItem\",\"position\":2,\"name\":\"El II Plan de Infancia y Adolescencia de Pamplona recoge 146 acciones para redise\u00f1ar la ciudad bajo la mirada de ni\u00f1os, ni\u00f1as y adolescentes\"}]},{\"@type\":\"WebSite\",\"@id\":\"https:\\\/\\\/www.laguiadepamplona.com\\\/actualidad\\\/#website\",\"url\":\"https:\\\/\\\/www.laguiadepamplona.com\\\/actualidad\\\/\",\"name\":\"La gu\u00eda de Pamplona\",\"description\":\"Noticias de Pamplona\",\"publisher\":{\"@id\":\"https:\\\/\\\/www.laguiadepamplona.com\\\/actualidad\\\/#organization\"},\"potentialAction\":[{\"@type\":\"SearchAction\",\"target\":{\"@type\":\"EntryPoint\",\"urlTemplate\":\"https:\\\/\\\/www.laguiadepamplona.com\\\/actualidad\\\/?s={search_term_string}\"},\"query-input\":{\"@type\":\"PropertyValueSpecification\",\"valueRequired\":true,\"valueName\":\"search_term_string\"}}],\"inLanguage\":\"es\"},{\"@type\":\"Organization\",\"@id\":\"https:\\\/\\\/www.laguiadepamplona.com\\\/actualidad\\\/#organization\",\"name\":\"La Gu\u00eda de Pamplona \\\/ Noticias\",\"url\":\"https:\\\/\\\/www.laguiadepamplona.com\\\/actualidad\\\/\",\"logo\":{\"@type\":\"ImageObject\",\"inLanguage\":\"es\",\"@id\":\"https:\\\/\\\/www.laguiadepamplona.com\\\/actualidad\\\/#\\\/schema\\\/logo\\\/image\\\/\",\"url\":\"https:\\\/\\\/www.laguiadepamplona.com\\\/actualidad\\\/wp-content\\\/uploads\\\/2018\\\/11\\\/logo-laguiadepamplona18-web1.png\",\"contentUrl\":\"https:\\\/\\\/www.laguiadepamplona.com\\\/actualidad\\\/wp-content\\\/uploads\\\/2018\\\/11\\\/logo-laguiadepamplona18-web1.png\",\"width\":600,\"height\":196,\"caption\":\"La Gu\u00eda de Pamplona \\\/ Noticias\"},\"image\":{\"@id\":\"https:\\\/\\\/www.laguiadepamplona.com\\\/actualidad\\\/#\\\/schema\\\/logo\\\/image\\\/\"},\"sameAs\":[\"https:\\\/\\\/www.facebook.com\\\/laguiadepamplonacom-133175176762273\\\/?ref=hl\",\"https:\\\/\\\/x.com\\\/LaGuiadPamplona\",\"https:\\\/\\\/www.instagram.com\\\/la_guia_de_pamplona\\\/\",\"https:\\\/\\\/www.youtube.com\\\/user\\\/laguiadepamplona\"]},{\"@type\":\"Person\",\"@id\":\"https:\\\/\\\/www.laguiadepamplona.com\\\/actualidad\\\/#\\\/schema\\\/person\\\/efe887376f0213d4657c93adc50b1fdb\",\"name\":\"La Gu\u00eda de Pamplona\",\"image\":{\"@type\":\"ImageObject\",\"inLanguage\":\"es\",\"@id\":\"https:\\\/\\\/secure.gravatar.com\\\/avatar\\\/b6992f131dc8d30ab0dff15446e9d346d9dbd95992de0fef795073f5ea83a81c?s=96&d=mm&r=g\",\"url\":\"https:\\\/\\\/secure.gravatar.com\\\/avatar\\\/b6992f131dc8d30ab0dff15446e9d346d9dbd95992de0fef795073f5ea83a81c?s=96&d=mm&r=g\",\"contentUrl\":\"https:\\\/\\\/secure.gravatar.com\\\/avatar\\\/b6992f131dc8d30ab0dff15446e9d346d9dbd95992de0fef795073f5ea83a81c?s=96&d=mm&r=g\",\"caption\":\"La Gu\u00eda de Pamplona\"}}]}<\/script>\n<!-- \/ Yoast SEO plugin. -->","yoast_head_json":{"title":"El II Plan de Infancia y Adolescencia de Pamplona recoge 146 acciones para redise\u00f1ar la ciudad bajo la mirada de ni\u00f1os, ni\u00f1as y adolescentes","description":"Con horizonte 2023 \u2013 2027, cuenta con un presupuesto anual de 24,1 millones de euros","robots":{"index":"index","follow":"follow","max-snippet":"max-snippet:-1","max-image-preview":"max-image-preview:large","max-video-preview":"max-video-preview:-1"},"canonical":"https:\/\/www.laguiadepamplona.com\/actualidad\/el-ii-plan-de-infancia-y-adolescencia-de-pamplona-recoge-146-acciones-para-redisenar-la-ciudad-bajo-la-mirada-de-ninos-ninas-y-adolescentes\/","og_locale":"es_ES","og_type":"article","og_title":"El II Plan de Infancia y Adolescencia de Pamplona recoge 146 acciones para redise\u00f1ar la ciudad bajo la mirada de ni\u00f1os, ni\u00f1as y adolescentes","og_description":"Con horizonte 2023 \u2013 2027, cuenta con un presupuesto anual de 24,1 millones de euros","og_url":"https:\/\/www.laguiadepamplona.com\/actualidad\/el-ii-plan-de-infancia-y-adolescencia-de-pamplona-recoge-146-acciones-para-redisenar-la-ciudad-bajo-la-mirada-de-ninos-ninas-y-adolescentes\/","og_site_name":"La Gu\u00eda de Pamplona","article_publisher":"https:\/\/www.facebook.com\/laguiadepamplonacom-133175176762273\/?ref=hl","article_published_time":"2023-10-16T15:15:19+00:00","og_image":[{"width":1200,"height":850,"url":"https:\/\/www.laguiadepamplona.com\/actualidad\/wp-content\/uploads\/2023\/10\/23.10.16_dibujo_plan_infancia_adolescencia.webp","type":"image\/webp"}],"author":"La Gu\u00eda de Pamplona","twitter_card":"summary_large_image","twitter_creator":"@LaGuiadPamplona","twitter_site":"@LaGuiadPamplona","twitter_misc":{"Escrito por":"La Gu\u00eda de Pamplona","Tiempo de lectura":"4 minutos"},"schema":{"@context":"https:\/\/schema.org","@graph":[{"@type":"Article","@id":"https:\/\/www.laguiadepamplona.com\/actualidad\/el-ii-plan-de-infancia-y-adolescencia-de-pamplona-recoge-146-acciones-para-redisenar-la-ciudad-bajo-la-mirada-de-ninos-ninas-y-adolescentes\/#article","isPartOf":{"@id":"https:\/\/www.laguiadepamplona.com\/actualidad\/el-ii-plan-de-infancia-y-adolescencia-de-pamplona-recoge-146-acciones-para-redisenar-la-ciudad-bajo-la-mirada-de-ninos-ninas-y-adolescentes\/"},"author":{"name":"La Gu\u00eda de Pamplona","@id":"https:\/\/www.laguiadepamplona.com\/actualidad\/#\/schema\/person\/efe887376f0213d4657c93adc50b1fdb"},"headline":"El II Plan de Infancia y Adolescencia de Pamplona recoge 146 acciones para redise\u00f1ar la ciudad bajo la mirada de ni\u00f1os, ni\u00f1as y adolescentes","datePublished":"2023-10-16T15:15:19+00:00","mainEntityOfPage":{"@id":"https:\/\/www.laguiadepamplona.com\/actualidad\/el-ii-plan-de-infancia-y-adolescencia-de-pamplona-recoge-146-acciones-para-redisenar-la-ciudad-bajo-la-mirada-de-ninos-ninas-y-adolescentes\/"},"wordCount":911,"commentCount":0,"publisher":{"@id":"https:\/\/www.laguiadepamplona.com\/actualidad\/#organization"},"image":{"@id":"https:\/\/www.laguiadepamplona.com\/actualidad\/el-ii-plan-de-infancia-y-adolescencia-de-pamplona-recoge-146-acciones-para-redisenar-la-ciudad-bajo-la-mirada-de-ninos-ninas-y-adolescentes\/#primaryimage"},"thumbnailUrl":"https:\/\/www.laguiadepamplona.com\/actualidad\/wp-content\/uploads\/2023\/10\/23.10.16_dibujo_plan_infancia_adolescencia.webp","articleSection":["Ayto Pamplona"],"inLanguage":"es","potentialAction":[{"@type":"CommentAction","name":"Comment","target":["https:\/\/www.laguiadepamplona.com\/actualidad\/el-ii-plan-de-infancia-y-adolescencia-de-pamplona-recoge-146-acciones-para-redisenar-la-ciudad-bajo-la-mirada-de-ninos-ninas-y-adolescentes\/#respond"]}]},{"@type":"WebPage","@id":"https:\/\/www.laguiadepamplona.com\/actualidad\/el-ii-plan-de-infancia-y-adolescencia-de-pamplona-recoge-146-acciones-para-redisenar-la-ciudad-bajo-la-mirada-de-ninos-ninas-y-adolescentes\/","url":"https:\/\/www.laguiadepamplona.com\/actualidad\/el-ii-plan-de-infancia-y-adolescencia-de-pamplona-recoge-146-acciones-para-redisenar-la-ciudad-bajo-la-mirada-de-ninos-ninas-y-adolescentes\/","name":"El II Plan de Infancia y Adolescencia de Pamplona recoge 146 acciones para redise\u00f1ar la ciudad bajo la mirada de ni\u00f1os, ni\u00f1as y adolescentes","isPartOf":{"@id":"https:\/\/www.laguiadepamplona.com\/actualidad\/#website"},"primaryImageOfPage":{"@id":"https:\/\/www.laguiadepamplona.com\/actualidad\/el-ii-plan-de-infancia-y-adolescencia-de-pamplona-recoge-146-acciones-para-redisenar-la-ciudad-bajo-la-mirada-de-ninos-ninas-y-adolescentes\/#primaryimage"},"image":{"@id":"https:\/\/www.laguiadepamplona.com\/actualidad\/el-ii-plan-de-infancia-y-adolescencia-de-pamplona-recoge-146-acciones-para-redisenar-la-ciudad-bajo-la-mirada-de-ninos-ninas-y-adolescentes\/#primaryimage"},"thumbnailUrl":"https:\/\/www.laguiadepamplona.com\/actualidad\/wp-content\/uploads\/2023\/10\/23.10.16_dibujo_plan_infancia_adolescencia.webp","datePublished":"2023-10-16T15:15:19+00:00","description":"Con horizonte 2023 \u2013 2027, cuenta con un presupuesto anual de 24,1 millones de euros","breadcrumb":{"@id":"https:\/\/www.laguiadepamplona.com\/actualidad\/el-ii-plan-de-infancia-y-adolescencia-de-pamplona-recoge-146-acciones-para-redisenar-la-ciudad-bajo-la-mirada-de-ninos-ninas-y-adolescentes\/#breadcrumb"},"inLanguage":"es","potentialAction":[{"@type":"ReadAction","target":["https:\/\/www.laguiadepamplona.com\/actualidad\/el-ii-plan-de-infancia-y-adolescencia-de-pamplona-recoge-146-acciones-para-redisenar-la-ciudad-bajo-la-mirada-de-ninos-ninas-y-adolescentes\/"]}]},{"@type":"ImageObject","inLanguage":"es","@id":"https:\/\/www.laguiadepamplona.com\/actualidad\/el-ii-plan-de-infancia-y-adolescencia-de-pamplona-recoge-146-acciones-para-redisenar-la-ciudad-bajo-la-mirada-de-ninos-ninas-y-adolescentes\/#primaryimage","url":"https:\/\/www.laguiadepamplona.com\/actualidad\/wp-content\/uploads\/2023\/10\/23.10.16_dibujo_plan_infancia_adolescencia.webp","contentUrl":"https:\/\/www.laguiadepamplona.com\/actualidad\/wp-content\/uploads\/2023\/10\/23.10.16_dibujo_plan_infancia_adolescencia.webp","width":1200,"height":850,"caption":"dibujoj plan infancia"},{"@type":"BreadcrumbList","@id":"https:\/\/www.laguiadepamplona.com\/actualidad\/el-ii-plan-de-infancia-y-adolescencia-de-pamplona-recoge-146-acciones-para-redisenar-la-ciudad-bajo-la-mirada-de-ninos-ninas-y-adolescentes\/#breadcrumb","itemListElement":[{"@type":"ListItem","position":1,"name":"Portada","item":"https:\/\/www.laguiadepamplona.com\/actualidad\/"},{"@type":"ListItem","position":2,"name":"El II Plan de Infancia y Adolescencia de Pamplona recoge 146 acciones para redise\u00f1ar la ciudad bajo la mirada de ni\u00f1os, ni\u00f1as y adolescentes"}]},{"@type":"WebSite","@id":"https:\/\/www.laguiadepamplona.com\/actualidad\/#website","url":"https:\/\/www.laguiadepamplona.com\/actualidad\/","name":"La gu\u00eda de Pamplona","description":"Noticias de Pamplona","publisher":{"@id":"https:\/\/www.laguiadepamplona.com\/actualidad\/#organization"},"potentialAction":[{"@type":"SearchAction","target":{"@type":"EntryPoint","urlTemplate":"https:\/\/www.laguiadepamplona.com\/actualidad\/?s={search_term_string}"},"query-input":{"@type":"PropertyValueSpecification","valueRequired":true,"valueName":"search_term_string"}}],"inLanguage":"es"},{"@type":"Organization","@id":"https:\/\/www.laguiadepamplona.com\/actualidad\/#organization","name":"La Gu\u00eda de Pamplona \/ Noticias","url":"https:\/\/www.laguiadepamplona.com\/actualidad\/","logo":{"@type":"ImageObject","inLanguage":"es","@id":"https:\/\/www.laguiadepamplona.com\/actualidad\/#\/schema\/logo\/image\/","url":"https:\/\/www.laguiadepamplona.com\/actualidad\/wp-content\/uploads\/2018\/11\/logo-laguiadepamplona18-web1.png","contentUrl":"https:\/\/www.laguiadepamplona.com\/actualidad\/wp-content\/uploads\/2018\/11\/logo-laguiadepamplona18-web1.png","width":600,"height":196,"caption":"La Gu\u00eda de Pamplona \/ Noticias"},"image":{"@id":"https:\/\/www.laguiadepamplona.com\/actualidad\/#\/schema\/logo\/image\/"},"sameAs":["https:\/\/www.facebook.com\/laguiadepamplonacom-133175176762273\/?ref=hl","https:\/\/x.com\/LaGuiadPamplona","https:\/\/www.instagram.com\/la_guia_de_pamplona\/","https:\/\/www.youtube.com\/user\/laguiadepamplona"]},{"@type":"Person","@id":"https:\/\/www.laguiadepamplona.com\/actualidad\/#\/schema\/person\/efe887376f0213d4657c93adc50b1fdb","name":"La Gu\u00eda de Pamplona","image":{"@type":"ImageObject","inLanguage":"es","@id":"https:\/\/secure.gravatar.com\/avatar\/b6992f131dc8d30ab0dff15446e9d346d9dbd95992de0fef795073f5ea83a81c?s=96&d=mm&r=g","url":"https:\/\/secure.gravatar.com\/avatar\/b6992f131dc8d30ab0dff15446e9d346d9dbd95992de0fef795073f5ea83a81c?s=96&d=mm&r=g","contentUrl":"https:\/\/secure.gravatar.com\/avatar\/b6992f131dc8d30ab0dff15446e9d346d9dbd95992de0fef795073f5ea83a81c?s=96&d=mm&r=g","caption":"La Gu\u00eda de Pamplona"}}]}},"post_mailing_queue_ids":[],"_links":{"self":[{"href":"https:\/\/www.laguiadepamplona.com\/actualidad\/wp-json\/wp\/v2\/posts\/47580","targetHints":{"allow":["GET"]}}],"collection":[{"href":"https:\/\/www.laguiadepamplona.com\/actualidad\/wp-json\/wp\/v2\/posts"}],"about":[{"href":"https:\/\/www.laguiadepamplona.com\/actualidad\/wp-json\/wp\/v2\/types\/post"}],"author":[{"embeddable":true,"href":"https:\/\/www.laguiadepamplona.com\/actualidad\/wp-json\/wp\/v2\/users\/1"}],"replies":[{"embeddable":true,"href":"https:\/\/www.laguiadepamplona.com\/actualidad\/wp-json\/wp\/v2\/comments?post=47580"}],"version-history":[{"count":1,"href":"https:\/\/www.laguiadepamplona.com\/actualidad\/wp-json\/wp\/v2\/posts\/47580\/revisions"}],"predecessor-version":[{"id":47582,"href":"https:\/\/www.laguiadepamplona.com\/actualidad\/wp-json\/wp\/v2\/posts\/47580\/revisions\/47582"}],"wp:featuredmedia":[{"embeddable":true,"href":"https:\/\/www.laguiadepamplona.com\/actualidad\/wp-json\/wp\/v2\/media\/47581"}],"wp:attachment":[{"href":"https:\/\/www.laguiadepamplona.com\/actualidad\/wp-json\/wp\/v2\/media?parent=47580"}],"wp:term":[{"taxonomy":"category","embeddable":true,"href":"https:\/\/www.laguiadepamplona.com\/actualidad\/wp-json\/wp\/v2\/categories?post=47580"},{"taxonomy":"post_tag","embeddable":true,"href":"https:\/\/www.laguiadepamplona.com\/actualidad\/wp-json\/wp\/v2\/tags?post=47580"}],"curies":[{"name":"wp","href":"https:\/\/api.w.org\/{rel}","templated":true}]}}