{"id":47577,"date":"2023-10-16T17:12:52","date_gmt":"2023-10-16T15:12:52","guid":{"rendered":"https:\/\/www.laguiadepamplona.com\/actualidad\/?p=47577"},"modified":"2023-10-16T17:12:52","modified_gmt":"2023-10-16T15:12:52","slug":"el-ayuntamiento-de-pamplona-reclama-16-millones-de-euros-al-equipo-redactor-del-proyecto-de-la-pasarela-de-labrit-y-a-las-empresas-constructoras-que-ejecutaron-la-obra","status":"publish","type":"post","link":"https:\/\/www.laguiadepamplona.com\/actualidad\/el-ayuntamiento-de-pamplona-reclama-16-millones-de-euros-al-equipo-redactor-del-proyecto-de-la-pasarela-de-labrit-y-a-las-empresas-constructoras-que-ejecutaron-la-obra\/","title":{"rendered":"El Ayuntamiento de Pamplona reclama 1,6 millones de euros al equipo redactor del proyecto de la pasarela de Labrit y a las empresas constructoras que ejecutaron la obra"},"content":{"rendered":"<h3>Con esta reclamaci\u00f3n, se finaliza el procedimiento para determinar la responsabilidad y la cuant\u00eda de los defectos de la pasarela<\/h3>\n<p><!--more--><\/p>\n<p>El Ayuntamiento de Pamplona va a exigir 1.651.695,15 euros por los defectos en la pasarela de Labrit al equipo redactor del proyecto y a las empresas constructoras que ser encargaron de la ejecuci\u00f3n de los trabajos. La Junta de Gobierno Local ha acordado la finalizaci\u00f3n del procedimiento que ha determinado la responsabilidad solidaria por los defectos, y posteriores arreglos, de la pasarela de Labrit.<br \/>\n<script async src=\"\/\/pagead2.googlesyndication.com\/pagead\/js\/adsbygoogle.js\"><\/script><br \/>\n<!-- Noticias La Guia de Pamplona --><br \/>\n<ins class=\"adsbygoogle\"\nstyle=\"display:block\"\ndata-ad-client=\"ca-pub-6943679897239327\"\ndata-ad-slot=\"7048180777\"\ndata-ad-format=\"auto\"><\/ins><br \/>\n<script>\n(adsbygoogle = window.adsbygoogle || []).push({});\n<\/script><\/p>\n<p>El Ayuntamiento de Pamplona declara responsables solidarios de los vicios ruinosos que afectaron a la pasarela de Labrit, que une el fuerte de San Bartolom\u00e9 y el baluarte de Labrit \u2013 plaza de Santa Mar\u00eda la Real, al equipo formado por Boreas Nuevas Tecnolog\u00edas SL, \u00d3scar P\u00e9rez Silanes, Jos\u00e9 Carlos Pereda Iglesias e Ignacio Olite Lumbreras, licitadores que participaron conjuntamente en su doble condici\u00f3n de redactores del proyecto y directores facultativos de la obra, y a la UTE formada por las empresas Arian Construcci\u00f3n y Gesti\u00f3n de Infraestructuras SA (actualmente en concurso de acreedores) y TEUSA T\u00e9cnicas de Restauraci\u00f3n SA, como constructoras de la obra.<\/p>\n<p>Para ejecutar este acuerdo y hacer efectiva la responsabilidad declarada, el Ayuntamiento de Pamplona podr\u00e1 requerir el pago de la indemnizaci\u00f3n de 1,6 millones a los responsables solidarios o reclamar directamente su abono a las compa\u00f1\u00edas aseguradoras de la responsabilidad contra\u00edda por las personas y empresas intervinientes. El Ayuntamiento de Pamplona ha desestimado las alegaciones presentadas por las partes.<br \/>\n<script async src=\"\/\/pagead2.googlesyndication.com\/pagead\/js\/adsbygoogle.js\"><\/script><br \/>\n<!-- Noticias La Guia de Pamplona --><br \/>\n<ins class=\"adsbygoogle\"\nstyle=\"display:block\"\ndata-ad-client=\"ca-pub-6943679897239327\"\ndata-ad-slot=\"7048180777\"\ndata-ad-format=\"auto\"><\/ins><br \/>\n<script>\n(adsbygoogle = window.adsbygoogle || []).push({});\n<\/script><\/p>\n<p>El pasado 22 de febrero se reabri\u00f3 el tr\u00e1nsito peatonal la pasarela de Labrit, tras m\u00e1s de seis a\u00f1os cerrada. La pasarela fue inaugurada en diciembre de 2010 y su dise\u00f1o, en forma de \u2018Y\u2019, con 73 metros de largo y de 3,5 metros de ancho sobrevuela la cuesta de Labrit y da continuidad peatonal del recinto amurallado, entre la ronda del Obispo Barbaz\u00e1n y el baluarte de Labrit con el Fort\u00edn de San Bartolom\u00e9, en el parque de la Media Luna. Los primeros problemas de oxidaci\u00f3n y deterioro de algunas placas de acero se detectaron en 2016. Tras varios cierres puntuales para realizar trabajos de mantenimiento, la pasarela se cerr\u00f3 provisionalmente al tr\u00e1nsito peatonal el 5 de julio de 2016 y definitivamente en el mes de septiembre de ese mismo a\u00f1o.<\/p>\n","protected":false},"excerpt":{"rendered":"<p>Con esta reclamaci\u00f3n, se finaliza el procedimiento para determinar la responsabilidad y la cuant\u00eda de los defectos de la pasarela<\/p>\n","protected":false},"author":1,"featured_media":47578,"comment_status":"open","ping_status":"closed","sticky":false,"template":"","format":"standard","meta":{"footnotes":""},"categories":[2],"tags":[],"class_list":["post-47577","post","type-post","status-publish","format-standard","has-post-thumbnail","hentry","category-ayuntamiento-pamplona"],"yoast_head":"<!-- This site is optimized with the Yoast SEO plugin v27.3 - https:\/\/yoast.com\/product\/yoast-seo-wordpress\/ -->\n<title>El Ayuntamiento de Pamplona reclama 1,6 millones de euros al equipo redactor del proyecto de la pasarela de Labrit y a las empresas constructoras que ejecutaron la obra<\/title>\n<meta name=\"description\" content=\"Con esta reclamaci\u00f3n, se finaliza el procedimiento para determinar la responsabilidad y la cuant\u00eda de los defectos de la pasarela\" \/>\n<meta name=\"robots\" content=\"index, follow, max-snippet:-1, max-image-preview:large, max-video-preview:-1\" \/>\n<link rel=\"canonical\" href=\"https:\/\/www.laguiadepamplona.com\/actualidad\/el-ayuntamiento-de-pamplona-reclama-16-millones-de-euros-al-equipo-redactor-del-proyecto-de-la-pasarela-de-labrit-y-a-las-empresas-constructoras-que-ejecutaron-la-obra\/\" \/>\n<meta property=\"og:locale\" content=\"es_ES\" \/>\n<meta property=\"og:type\" content=\"article\" \/>\n<meta property=\"og:title\" content=\"El Ayuntamiento de Pamplona reclama 1,6 millones de euros al equipo redactor del proyecto de la pasarela de Labrit y a las empresas constructoras que ejecutaron la obra\" \/>\n<meta property=\"og:description\" content=\"Con esta reclamaci\u00f3n, se finaliza el procedimiento para determinar la responsabilidad y la cuant\u00eda de los defectos de la pasarela\" \/>\n<meta property=\"og:url\" content=\"https:\/\/www.laguiadepamplona.com\/actualidad\/el-ayuntamiento-de-pamplona-reclama-16-millones-de-euros-al-equipo-redactor-del-proyecto-de-la-pasarela-de-labrit-y-a-las-empresas-constructoras-que-ejecutaron-la-obra\/\" \/>\n<meta property=\"og:site_name\" content=\"La Gu\u00eda de Pamplona\" \/>\n<meta property=\"article:publisher\" content=\"https:\/\/www.facebook.com\/laguiadepamplonacom-133175176762273\/?ref=hl\" \/>\n<meta property=\"article:published_time\" content=\"2023-10-16T15:12:52+00:00\" \/>\n<meta property=\"og:image\" content=\"https:\/\/www.laguiadepamplona.com\/actualidad\/wp-content\/uploads\/2023\/10\/PASARELA-LABRIT_EE5A9504.webp\" \/>\n\t<meta property=\"og:image:width\" content=\"1200\" \/>\n\t<meta property=\"og:image:height\" content=\"800\" \/>\n\t<meta property=\"og:image:type\" content=\"image\/webp\" \/>\n<meta name=\"author\" content=\"La Gu\u00eda de Pamplona\" \/>\n<meta name=\"twitter:card\" content=\"summary_large_image\" \/>\n<meta name=\"twitter:creator\" content=\"@LaGuiadPamplona\" \/>\n<meta name=\"twitter:site\" content=\"@LaGuiadPamplona\" \/>\n<meta name=\"twitter:label1\" content=\"Escrito por\" \/>\n\t<meta name=\"twitter:data1\" content=\"La Gu\u00eda de Pamplona\" \/>\n\t<meta name=\"twitter:label2\" content=\"Tiempo de lectura\" \/>\n\t<meta name=\"twitter:data2\" content=\"2 minutos\" \/>\n<script type=\"application\/ld+json\" class=\"yoast-schema-graph\">{\"@context\":\"https:\\\/\\\/schema.org\",\"@graph\":[{\"@type\":\"Article\",\"@id\":\"https:\\\/\\\/www.laguiadepamplona.com\\\/actualidad\\\/el-ayuntamiento-de-pamplona-reclama-16-millones-de-euros-al-equipo-redactor-del-proyecto-de-la-pasarela-de-labrit-y-a-las-empresas-constructoras-que-ejecutaron-la-obra\\\/#article\",\"isPartOf\":{\"@id\":\"https:\\\/\\\/www.laguiadepamplona.com\\\/actualidad\\\/el-ayuntamiento-de-pamplona-reclama-16-millones-de-euros-al-equipo-redactor-del-proyecto-de-la-pasarela-de-labrit-y-a-las-empresas-constructoras-que-ejecutaron-la-obra\\\/\"},\"author\":{\"name\":\"La Gu\u00eda de Pamplona\",\"@id\":\"https:\\\/\\\/www.laguiadepamplona.com\\\/actualidad\\\/#\\\/schema\\\/person\\\/efe887376f0213d4657c93adc50b1fdb\"},\"headline\":\"El Ayuntamiento de Pamplona reclama 1,6 millones de euros al equipo redactor del proyecto de la pasarela de Labrit y a las empresas constructoras que ejecutaron la obra\",\"datePublished\":\"2023-10-16T15:12:52+00:00\",\"mainEntityOfPage\":{\"@id\":\"https:\\\/\\\/www.laguiadepamplona.com\\\/actualidad\\\/el-ayuntamiento-de-pamplona-reclama-16-millones-de-euros-al-equipo-redactor-del-proyecto-de-la-pasarela-de-labrit-y-a-las-empresas-constructoras-que-ejecutaron-la-obra\\\/\"},\"wordCount\":421,\"commentCount\":0,\"publisher\":{\"@id\":\"https:\\\/\\\/www.laguiadepamplona.com\\\/actualidad\\\/#organization\"},\"image\":{\"@id\":\"https:\\\/\\\/www.laguiadepamplona.com\\\/actualidad\\\/el-ayuntamiento-de-pamplona-reclama-16-millones-de-euros-al-equipo-redactor-del-proyecto-de-la-pasarela-de-labrit-y-a-las-empresas-constructoras-que-ejecutaron-la-obra\\\/#primaryimage\"},\"thumbnailUrl\":\"https:\\\/\\\/www.laguiadepamplona.com\\\/actualidad\\\/wp-content\\\/uploads\\\/2023\\\/10\\\/PASARELA-LABRIT_EE5A9504.webp\",\"articleSection\":[\"Ayto Pamplona\"],\"inLanguage\":\"es\",\"potentialAction\":[{\"@type\":\"CommentAction\",\"name\":\"Comment\",\"target\":[\"https:\\\/\\\/www.laguiadepamplona.com\\\/actualidad\\\/el-ayuntamiento-de-pamplona-reclama-16-millones-de-euros-al-equipo-redactor-del-proyecto-de-la-pasarela-de-labrit-y-a-las-empresas-constructoras-que-ejecutaron-la-obra\\\/#respond\"]}]},{\"@type\":\"WebPage\",\"@id\":\"https:\\\/\\\/www.laguiadepamplona.com\\\/actualidad\\\/el-ayuntamiento-de-pamplona-reclama-16-millones-de-euros-al-equipo-redactor-del-proyecto-de-la-pasarela-de-labrit-y-a-las-empresas-constructoras-que-ejecutaron-la-obra\\\/\",\"url\":\"https:\\\/\\\/www.laguiadepamplona.com\\\/actualidad\\\/el-ayuntamiento-de-pamplona-reclama-16-millones-de-euros-al-equipo-redactor-del-proyecto-de-la-pasarela-de-labrit-y-a-las-empresas-constructoras-que-ejecutaron-la-obra\\\/\",\"name\":\"El Ayuntamiento de Pamplona reclama 1,6 millones de euros al equipo redactor del proyecto de la pasarela de Labrit y a las empresas constructoras que ejecutaron la obra\",\"isPartOf\":{\"@id\":\"https:\\\/\\\/www.laguiadepamplona.com\\\/actualidad\\\/#website\"},\"primaryImageOfPage\":{\"@id\":\"https:\\\/\\\/www.laguiadepamplona.com\\\/actualidad\\\/el-ayuntamiento-de-pamplona-reclama-16-millones-de-euros-al-equipo-redactor-del-proyecto-de-la-pasarela-de-labrit-y-a-las-empresas-constructoras-que-ejecutaron-la-obra\\\/#primaryimage\"},\"image\":{\"@id\":\"https:\\\/\\\/www.laguiadepamplona.com\\\/actualidad\\\/el-ayuntamiento-de-pamplona-reclama-16-millones-de-euros-al-equipo-redactor-del-proyecto-de-la-pasarela-de-labrit-y-a-las-empresas-constructoras-que-ejecutaron-la-obra\\\/#primaryimage\"},\"thumbnailUrl\":\"https:\\\/\\\/www.laguiadepamplona.com\\\/actualidad\\\/wp-content\\\/uploads\\\/2023\\\/10\\\/PASARELA-LABRIT_EE5A9504.webp\",\"datePublished\":\"2023-10-16T15:12:52+00:00\",\"description\":\"Con esta reclamaci\u00f3n, se finaliza el procedimiento para determinar la responsabilidad y la cuant\u00eda de los defectos de la pasarela\",\"breadcrumb\":{\"@id\":\"https:\\\/\\\/www.laguiadepamplona.com\\\/actualidad\\\/el-ayuntamiento-de-pamplona-reclama-16-millones-de-euros-al-equipo-redactor-del-proyecto-de-la-pasarela-de-labrit-y-a-las-empresas-constructoras-que-ejecutaron-la-obra\\\/#breadcrumb\"},\"inLanguage\":\"es\",\"potentialAction\":[{\"@type\":\"ReadAction\",\"target\":[\"https:\\\/\\\/www.laguiadepamplona.com\\\/actualidad\\\/el-ayuntamiento-de-pamplona-reclama-16-millones-de-euros-al-equipo-redactor-del-proyecto-de-la-pasarela-de-labrit-y-a-las-empresas-constructoras-que-ejecutaron-la-obra\\\/\"]}]},{\"@type\":\"ImageObject\",\"inLanguage\":\"es\",\"@id\":\"https:\\\/\\\/www.laguiadepamplona.com\\\/actualidad\\\/el-ayuntamiento-de-pamplona-reclama-16-millones-de-euros-al-equipo-redactor-del-proyecto-de-la-pasarela-de-labrit-y-a-las-empresas-constructoras-que-ejecutaron-la-obra\\\/#primaryimage\",\"url\":\"https:\\\/\\\/www.laguiadepamplona.com\\\/actualidad\\\/wp-content\\\/uploads\\\/2023\\\/10\\\/PASARELA-LABRIT_EE5A9504.webp\",\"contentUrl\":\"https:\\\/\\\/www.laguiadepamplona.com\\\/actualidad\\\/wp-content\\\/uploads\\\/2023\\\/10\\\/PASARELA-LABRIT_EE5A9504.webp\",\"width\":1200,\"height\":800,\"caption\":\"pasarela labrit\"},{\"@type\":\"BreadcrumbList\",\"@id\":\"https:\\\/\\\/www.laguiadepamplona.com\\\/actualidad\\\/el-ayuntamiento-de-pamplona-reclama-16-millones-de-euros-al-equipo-redactor-del-proyecto-de-la-pasarela-de-labrit-y-a-las-empresas-constructoras-que-ejecutaron-la-obra\\\/#breadcrumb\",\"itemListElement\":[{\"@type\":\"ListItem\",\"position\":1,\"name\":\"Portada\",\"item\":\"https:\\\/\\\/www.laguiadepamplona.com\\\/actualidad\\\/\"},{\"@type\":\"ListItem\",\"position\":2,\"name\":\"El Ayuntamiento de Pamplona reclama 1,6 millones de euros al equipo redactor del proyecto de la pasarela de Labrit y a las empresas constructoras que ejecutaron la obra\"}]},{\"@type\":\"WebSite\",\"@id\":\"https:\\\/\\\/www.laguiadepamplona.com\\\/actualidad\\\/#website\",\"url\":\"https:\\\/\\\/www.laguiadepamplona.com\\\/actualidad\\\/\",\"name\":\"La gu\u00eda de Pamplona\",\"description\":\"Noticias de Pamplona\",\"publisher\":{\"@id\":\"https:\\\/\\\/www.laguiadepamplona.com\\\/actualidad\\\/#organization\"},\"potentialAction\":[{\"@type\":\"SearchAction\",\"target\":{\"@type\":\"EntryPoint\",\"urlTemplate\":\"https:\\\/\\\/www.laguiadepamplona.com\\\/actualidad\\\/?s={search_term_string}\"},\"query-input\":{\"@type\":\"PropertyValueSpecification\",\"valueRequired\":true,\"valueName\":\"search_term_string\"}}],\"inLanguage\":\"es\"},{\"@type\":\"Organization\",\"@id\":\"https:\\\/\\\/www.laguiadepamplona.com\\\/actualidad\\\/#organization\",\"name\":\"La Gu\u00eda de Pamplona \\\/ Noticias\",\"url\":\"https:\\\/\\\/www.laguiadepamplona.com\\\/actualidad\\\/\",\"logo\":{\"@type\":\"ImageObject\",\"inLanguage\":\"es\",\"@id\":\"https:\\\/\\\/www.laguiadepamplona.com\\\/actualidad\\\/#\\\/schema\\\/logo\\\/image\\\/\",\"url\":\"https:\\\/\\\/www.laguiadepamplona.com\\\/actualidad\\\/wp-content\\\/uploads\\\/2018\\\/11\\\/logo-laguiadepamplona18-web1.png\",\"contentUrl\":\"https:\\\/\\\/www.laguiadepamplona.com\\\/actualidad\\\/wp-content\\\/uploads\\\/2018\\\/11\\\/logo-laguiadepamplona18-web1.png\",\"width\":600,\"height\":196,\"caption\":\"La Gu\u00eda de Pamplona \\\/ Noticias\"},\"image\":{\"@id\":\"https:\\\/\\\/www.laguiadepamplona.com\\\/actualidad\\\/#\\\/schema\\\/logo\\\/image\\\/\"},\"sameAs\":[\"https:\\\/\\\/www.facebook.com\\\/laguiadepamplonacom-133175176762273\\\/?ref=hl\",\"https:\\\/\\\/x.com\\\/LaGuiadPamplona\",\"https:\\\/\\\/www.instagram.com\\\/la_guia_de_pamplona\\\/\",\"https:\\\/\\\/www.youtube.com\\\/user\\\/laguiadepamplona\"]},{\"@type\":\"Person\",\"@id\":\"https:\\\/\\\/www.laguiadepamplona.com\\\/actualidad\\\/#\\\/schema\\\/person\\\/efe887376f0213d4657c93adc50b1fdb\",\"name\":\"La Gu\u00eda de Pamplona\",\"image\":{\"@type\":\"ImageObject\",\"inLanguage\":\"es\",\"@id\":\"https:\\\/\\\/secure.gravatar.com\\\/avatar\\\/b6992f131dc8d30ab0dff15446e9d346d9dbd95992de0fef795073f5ea83a81c?s=96&d=mm&r=g\",\"url\":\"https:\\\/\\\/secure.gravatar.com\\\/avatar\\\/b6992f131dc8d30ab0dff15446e9d346d9dbd95992de0fef795073f5ea83a81c?s=96&d=mm&r=g\",\"contentUrl\":\"https:\\\/\\\/secure.gravatar.com\\\/avatar\\\/b6992f131dc8d30ab0dff15446e9d346d9dbd95992de0fef795073f5ea83a81c?s=96&d=mm&r=g\",\"caption\":\"La Gu\u00eda de Pamplona\"}}]}<\/script>\n<!-- \/ Yoast SEO plugin. -->","yoast_head_json":{"title":"El Ayuntamiento de Pamplona reclama 1,6 millones de euros al equipo redactor del proyecto de la pasarela de Labrit y a las empresas constructoras que ejecutaron la obra","description":"Con esta reclamaci\u00f3n, se finaliza el procedimiento para determinar la responsabilidad y la cuant\u00eda de los defectos de la pasarela","robots":{"index":"index","follow":"follow","max-snippet":"max-snippet:-1","max-image-preview":"max-image-preview:large","max-video-preview":"max-video-preview:-1"},"canonical":"https:\/\/www.laguiadepamplona.com\/actualidad\/el-ayuntamiento-de-pamplona-reclama-16-millones-de-euros-al-equipo-redactor-del-proyecto-de-la-pasarela-de-labrit-y-a-las-empresas-constructoras-que-ejecutaron-la-obra\/","og_locale":"es_ES","og_type":"article","og_title":"El Ayuntamiento de Pamplona reclama 1,6 millones de euros al equipo redactor del proyecto de la pasarela de Labrit y a las empresas constructoras que ejecutaron la obra","og_description":"Con esta reclamaci\u00f3n, se finaliza el procedimiento para determinar la responsabilidad y la cuant\u00eda de los defectos de la pasarela","og_url":"https:\/\/www.laguiadepamplona.com\/actualidad\/el-ayuntamiento-de-pamplona-reclama-16-millones-de-euros-al-equipo-redactor-del-proyecto-de-la-pasarela-de-labrit-y-a-las-empresas-constructoras-que-ejecutaron-la-obra\/","og_site_name":"La Gu\u00eda de Pamplona","article_publisher":"https:\/\/www.facebook.com\/laguiadepamplonacom-133175176762273\/?ref=hl","article_published_time":"2023-10-16T15:12:52+00:00","og_image":[{"width":1200,"height":800,"url":"https:\/\/www.laguiadepamplona.com\/actualidad\/wp-content\/uploads\/2023\/10\/PASARELA-LABRIT_EE5A9504.webp","type":"image\/webp"}],"author":"La Gu\u00eda de Pamplona","twitter_card":"summary_large_image","twitter_creator":"@LaGuiadPamplona","twitter_site":"@LaGuiadPamplona","twitter_misc":{"Escrito por":"La Gu\u00eda de Pamplona","Tiempo de lectura":"2 minutos"},"schema":{"@context":"https:\/\/schema.org","@graph":[{"@type":"Article","@id":"https:\/\/www.laguiadepamplona.com\/actualidad\/el-ayuntamiento-de-pamplona-reclama-16-millones-de-euros-al-equipo-redactor-del-proyecto-de-la-pasarela-de-labrit-y-a-las-empresas-constructoras-que-ejecutaron-la-obra\/#article","isPartOf":{"@id":"https:\/\/www.laguiadepamplona.com\/actualidad\/el-ayuntamiento-de-pamplona-reclama-16-millones-de-euros-al-equipo-redactor-del-proyecto-de-la-pasarela-de-labrit-y-a-las-empresas-constructoras-que-ejecutaron-la-obra\/"},"author":{"name":"La Gu\u00eda de Pamplona","@id":"https:\/\/www.laguiadepamplona.com\/actualidad\/#\/schema\/person\/efe887376f0213d4657c93adc50b1fdb"},"headline":"El Ayuntamiento de Pamplona reclama 1,6 millones de euros al equipo redactor del proyecto de la pasarela de Labrit y a las empresas constructoras que ejecutaron la obra","datePublished":"2023-10-16T15:12:52+00:00","mainEntityOfPage":{"@id":"https:\/\/www.laguiadepamplona.com\/actualidad\/el-ayuntamiento-de-pamplona-reclama-16-millones-de-euros-al-equipo-redactor-del-proyecto-de-la-pasarela-de-labrit-y-a-las-empresas-constructoras-que-ejecutaron-la-obra\/"},"wordCount":421,"commentCount":0,"publisher":{"@id":"https:\/\/www.laguiadepamplona.com\/actualidad\/#organization"},"image":{"@id":"https:\/\/www.laguiadepamplona.com\/actualidad\/el-ayuntamiento-de-pamplona-reclama-16-millones-de-euros-al-equipo-redactor-del-proyecto-de-la-pasarela-de-labrit-y-a-las-empresas-constructoras-que-ejecutaron-la-obra\/#primaryimage"},"thumbnailUrl":"https:\/\/www.laguiadepamplona.com\/actualidad\/wp-content\/uploads\/2023\/10\/PASARELA-LABRIT_EE5A9504.webp","articleSection":["Ayto Pamplona"],"inLanguage":"es","potentialAction":[{"@type":"CommentAction","name":"Comment","target":["https:\/\/www.laguiadepamplona.com\/actualidad\/el-ayuntamiento-de-pamplona-reclama-16-millones-de-euros-al-equipo-redactor-del-proyecto-de-la-pasarela-de-labrit-y-a-las-empresas-constructoras-que-ejecutaron-la-obra\/#respond"]}]},{"@type":"WebPage","@id":"https:\/\/www.laguiadepamplona.com\/actualidad\/el-ayuntamiento-de-pamplona-reclama-16-millones-de-euros-al-equipo-redactor-del-proyecto-de-la-pasarela-de-labrit-y-a-las-empresas-constructoras-que-ejecutaron-la-obra\/","url":"https:\/\/www.laguiadepamplona.com\/actualidad\/el-ayuntamiento-de-pamplona-reclama-16-millones-de-euros-al-equipo-redactor-del-proyecto-de-la-pasarela-de-labrit-y-a-las-empresas-constructoras-que-ejecutaron-la-obra\/","name":"El Ayuntamiento de Pamplona reclama 1,6 millones de euros al equipo redactor del proyecto de la pasarela de Labrit y a las empresas constructoras que ejecutaron la obra","isPartOf":{"@id":"https:\/\/www.laguiadepamplona.com\/actualidad\/#website"},"primaryImageOfPage":{"@id":"https:\/\/www.laguiadepamplona.com\/actualidad\/el-ayuntamiento-de-pamplona-reclama-16-millones-de-euros-al-equipo-redactor-del-proyecto-de-la-pasarela-de-labrit-y-a-las-empresas-constructoras-que-ejecutaron-la-obra\/#primaryimage"},"image":{"@id":"https:\/\/www.laguiadepamplona.com\/actualidad\/el-ayuntamiento-de-pamplona-reclama-16-millones-de-euros-al-equipo-redactor-del-proyecto-de-la-pasarela-de-labrit-y-a-las-empresas-constructoras-que-ejecutaron-la-obra\/#primaryimage"},"thumbnailUrl":"https:\/\/www.laguiadepamplona.com\/actualidad\/wp-content\/uploads\/2023\/10\/PASARELA-LABRIT_EE5A9504.webp","datePublished":"2023-10-16T15:12:52+00:00","description":"Con esta reclamaci\u00f3n, se finaliza el procedimiento para determinar la responsabilidad y la cuant\u00eda de los defectos de la pasarela","breadcrumb":{"@id":"https:\/\/www.laguiadepamplona.com\/actualidad\/el-ayuntamiento-de-pamplona-reclama-16-millones-de-euros-al-equipo-redactor-del-proyecto-de-la-pasarela-de-labrit-y-a-las-empresas-constructoras-que-ejecutaron-la-obra\/#breadcrumb"},"inLanguage":"es","potentialAction":[{"@type":"ReadAction","target":["https:\/\/www.laguiadepamplona.com\/actualidad\/el-ayuntamiento-de-pamplona-reclama-16-millones-de-euros-al-equipo-redactor-del-proyecto-de-la-pasarela-de-labrit-y-a-las-empresas-constructoras-que-ejecutaron-la-obra\/"]}]},{"@type":"ImageObject","inLanguage":"es","@id":"https:\/\/www.laguiadepamplona.com\/actualidad\/el-ayuntamiento-de-pamplona-reclama-16-millones-de-euros-al-equipo-redactor-del-proyecto-de-la-pasarela-de-labrit-y-a-las-empresas-constructoras-que-ejecutaron-la-obra\/#primaryimage","url":"https:\/\/www.laguiadepamplona.com\/actualidad\/wp-content\/uploads\/2023\/10\/PASARELA-LABRIT_EE5A9504.webp","contentUrl":"https:\/\/www.laguiadepamplona.com\/actualidad\/wp-content\/uploads\/2023\/10\/PASARELA-LABRIT_EE5A9504.webp","width":1200,"height":800,"caption":"pasarela labrit"},{"@type":"BreadcrumbList","@id":"https:\/\/www.laguiadepamplona.com\/actualidad\/el-ayuntamiento-de-pamplona-reclama-16-millones-de-euros-al-equipo-redactor-del-proyecto-de-la-pasarela-de-labrit-y-a-las-empresas-constructoras-que-ejecutaron-la-obra\/#breadcrumb","itemListElement":[{"@type":"ListItem","position":1,"name":"Portada","item":"https:\/\/www.laguiadepamplona.com\/actualidad\/"},{"@type":"ListItem","position":2,"name":"El Ayuntamiento de Pamplona reclama 1,6 millones de euros al equipo redactor del proyecto de la pasarela de Labrit y a las empresas constructoras que ejecutaron la obra"}]},{"@type":"WebSite","@id":"https:\/\/www.laguiadepamplona.com\/actualidad\/#website","url":"https:\/\/www.laguiadepamplona.com\/actualidad\/","name":"La gu\u00eda de Pamplona","description":"Noticias de Pamplona","publisher":{"@id":"https:\/\/www.laguiadepamplona.com\/actualidad\/#organization"},"potentialAction":[{"@type":"SearchAction","target":{"@type":"EntryPoint","urlTemplate":"https:\/\/www.laguiadepamplona.com\/actualidad\/?s={search_term_string}"},"query-input":{"@type":"PropertyValueSpecification","valueRequired":true,"valueName":"search_term_string"}}],"inLanguage":"es"},{"@type":"Organization","@id":"https:\/\/www.laguiadepamplona.com\/actualidad\/#organization","name":"La Gu\u00eda de Pamplona \/ Noticias","url":"https:\/\/www.laguiadepamplona.com\/actualidad\/","logo":{"@type":"ImageObject","inLanguage":"es","@id":"https:\/\/www.laguiadepamplona.com\/actualidad\/#\/schema\/logo\/image\/","url":"https:\/\/www.laguiadepamplona.com\/actualidad\/wp-content\/uploads\/2018\/11\/logo-laguiadepamplona18-web1.png","contentUrl":"https:\/\/www.laguiadepamplona.com\/actualidad\/wp-content\/uploads\/2018\/11\/logo-laguiadepamplona18-web1.png","width":600,"height":196,"caption":"La Gu\u00eda de Pamplona \/ Noticias"},"image":{"@id":"https:\/\/www.laguiadepamplona.com\/actualidad\/#\/schema\/logo\/image\/"},"sameAs":["https:\/\/www.facebook.com\/laguiadepamplonacom-133175176762273\/?ref=hl","https:\/\/x.com\/LaGuiadPamplona","https:\/\/www.instagram.com\/la_guia_de_pamplona\/","https:\/\/www.youtube.com\/user\/laguiadepamplona"]},{"@type":"Person","@id":"https:\/\/www.laguiadepamplona.com\/actualidad\/#\/schema\/person\/efe887376f0213d4657c93adc50b1fdb","name":"La Gu\u00eda de Pamplona","image":{"@type":"ImageObject","inLanguage":"es","@id":"https:\/\/secure.gravatar.com\/avatar\/b6992f131dc8d30ab0dff15446e9d346d9dbd95992de0fef795073f5ea83a81c?s=96&d=mm&r=g","url":"https:\/\/secure.gravatar.com\/avatar\/b6992f131dc8d30ab0dff15446e9d346d9dbd95992de0fef795073f5ea83a81c?s=96&d=mm&r=g","contentUrl":"https:\/\/secure.gravatar.com\/avatar\/b6992f131dc8d30ab0dff15446e9d346d9dbd95992de0fef795073f5ea83a81c?s=96&d=mm&r=g","caption":"La Gu\u00eda de Pamplona"}}]}},"post_mailing_queue_ids":[],"_links":{"self":[{"href":"https:\/\/www.laguiadepamplona.com\/actualidad\/wp-json\/wp\/v2\/posts\/47577","targetHints":{"allow":["GET"]}}],"collection":[{"href":"https:\/\/www.laguiadepamplona.com\/actualidad\/wp-json\/wp\/v2\/posts"}],"about":[{"href":"https:\/\/www.laguiadepamplona.com\/actualidad\/wp-json\/wp\/v2\/types\/post"}],"author":[{"embeddable":true,"href":"https:\/\/www.laguiadepamplona.com\/actualidad\/wp-json\/wp\/v2\/users\/1"}],"replies":[{"embeddable":true,"href":"https:\/\/www.laguiadepamplona.com\/actualidad\/wp-json\/wp\/v2\/comments?post=47577"}],"version-history":[{"count":1,"href":"https:\/\/www.laguiadepamplona.com\/actualidad\/wp-json\/wp\/v2\/posts\/47577\/revisions"}],"predecessor-version":[{"id":47579,"href":"https:\/\/www.laguiadepamplona.com\/actualidad\/wp-json\/wp\/v2\/posts\/47577\/revisions\/47579"}],"wp:featuredmedia":[{"embeddable":true,"href":"https:\/\/www.laguiadepamplona.com\/actualidad\/wp-json\/wp\/v2\/media\/47578"}],"wp:attachment":[{"href":"https:\/\/www.laguiadepamplona.com\/actualidad\/wp-json\/wp\/v2\/media?parent=47577"}],"wp:term":[{"taxonomy":"category","embeddable":true,"href":"https:\/\/www.laguiadepamplona.com\/actualidad\/wp-json\/wp\/v2\/categories?post=47577"},{"taxonomy":"post_tag","embeddable":true,"href":"https:\/\/www.laguiadepamplona.com\/actualidad\/wp-json\/wp\/v2\/tags?post=47577"}],"curies":[{"name":"wp","href":"https:\/\/api.w.org\/{rel}","templated":true}]}}