{"id":47574,"date":"2023-10-13T18:05:05","date_gmt":"2023-10-13T16:05:05","guid":{"rendered":"https:\/\/www.laguiadepamplona.com\/actualidad\/?p=47574"},"modified":"2023-10-13T18:05:05","modified_gmt":"2023-10-13T16:05:05","slug":"el-portal-de-francia-permanecera-cerrado-al-trafico-y-al-transito-desde-las-8-horas-del-lunes-16-hasta-la-tarde-del-viernes-20-de-octubre","status":"publish","type":"post","link":"https:\/\/www.laguiadepamplona.com\/actualidad\/el-portal-de-francia-permanecera-cerrado-al-trafico-y-al-transito-desde-las-8-horas-del-lunes-16-hasta-la-tarde-del-viernes-20-de-octubre\/","title":{"rendered":"El Portal de Francia permanecer\u00e1 cerrado al tr\u00e1fico y al tr\u00e1nsito desde las 8 horas del lunes 16, hasta la tarde del viernes 20 de octubre"},"content":{"rendered":"<h3>Comenzar\u00e1 la segunda fase de la intervenci\u00f3n de los elementos que permiten el izado y la bajada del tablero abatible<\/h3>\n<p><!--more--><\/p>\n<p>Este pr\u00f3ximo lunes se inicia la segunda fase de los trabajos de restauraci\u00f3n de los elementos del Portal de Francia con el desmontaje del tablero abatible que abre y cierra la segunda puerta de este elemento amurallado. La intervenci\u00f3n consiste en restaurar, tanto ese elemento como las sujeciones y pasadores que lo inmovilizan, a la vez que se rehabilitar\u00e1 la puerta de madera que cierra el vano.<br \/>\n<script async src=\"\/\/pagead2.googlesyndication.com\/pagead\/js\/adsbygoogle.js\"><\/script><br \/>\n<!-- Noticias La Guia de Pamplona --><br \/>\n<ins class=\"adsbygoogle\"\nstyle=\"display:block\"\ndata-ad-client=\"ca-pub-6943679897239327\"\ndata-ad-slot=\"7048180777\"\ndata-ad-format=\"auto\"><\/ins><br \/>\n<script>\n(adsbygoogle = window.adsbygoogle || []).push({});\n<\/script><\/p>\n<p>Para hacer posible esta operaci\u00f3n la semana que viene ser\u00e1 necesario el cierre completo del paso a veh\u00edculos y peatones por ese espacio. El corte se extender\u00e1 de forma ininterrumpida entre las 8 horas de del lunes 16 de octubre y las 19 horas del viernes 20.<\/p>\n<p>Esta es una segunda fase de las obras despu\u00e9s de que del 26 al 29 de septiembre se desmontaran varios elementos de la maniobra de Derch\u00e9, contrapesos, poleas y cadenas. El Portal de Francia es una de las seis puertas de acceso a Pamplona cuando estaba totalmente rodeada de murallas, y la \u00fanica que conserva su emplazamiento y aspecto original.<\/p>\n","protected":false},"excerpt":{"rendered":"<p>Comenzar\u00e1 la segunda fase de la intervenci\u00f3n de los elementos que permiten el izado y la bajada del tablero abatible<\/p>\n","protected":false},"author":1,"featured_media":47575,"comment_status":"open","ping_status":"closed","sticky":false,"template":"","format":"standard","meta":{"footnotes":""},"categories":[2],"tags":[],"class_list":["post-47574","post","type-post","status-publish","format-standard","has-post-thumbnail","hentry","category-ayuntamiento-pamplona"],"yoast_head":"<!-- This site is optimized with the Yoast SEO plugin v27.3 - https:\/\/yoast.com\/product\/yoast-seo-wordpress\/ -->\n<title>El Portal de Francia permanecer\u00e1 cerrado al tr\u00e1fico y al tr\u00e1nsito desde las 8 horas del lunes 16, hasta la tarde del viernes 20 de octubre<\/title>\n<meta name=\"description\" content=\"Comenzar\u00e1 la segunda fase de la intervenci\u00f3n de los elementos que permiten el izado y la bajada del tablero abatible\" \/>\n<meta name=\"robots\" content=\"index, follow, max-snippet:-1, max-image-preview:large, max-video-preview:-1\" \/>\n<link rel=\"canonical\" href=\"https:\/\/www.laguiadepamplona.com\/actualidad\/el-portal-de-francia-permanecera-cerrado-al-trafico-y-al-transito-desde-las-8-horas-del-lunes-16-hasta-la-tarde-del-viernes-20-de-octubre\/\" \/>\n<meta property=\"og:locale\" content=\"es_ES\" \/>\n<meta property=\"og:type\" content=\"article\" \/>\n<meta property=\"og:title\" content=\"El Portal de Francia permanecer\u00e1 cerrado al tr\u00e1fico y al tr\u00e1nsito desde las 8 horas del lunes 16, hasta la tarde del viernes 20 de octubre\" \/>\n<meta property=\"og:description\" content=\"Comenzar\u00e1 la segunda fase de la intervenci\u00f3n de los elementos que permiten el izado y la bajada del tablero abatible\" \/>\n<meta property=\"og:url\" content=\"https:\/\/www.laguiadepamplona.com\/actualidad\/el-portal-de-francia-permanecera-cerrado-al-trafico-y-al-transito-desde-las-8-horas-del-lunes-16-hasta-la-tarde-del-viernes-20-de-octubre\/\" \/>\n<meta property=\"og:site_name\" content=\"La Gu\u00eda de Pamplona\" \/>\n<meta property=\"article:publisher\" content=\"https:\/\/www.facebook.com\/laguiadepamplonacom-133175176762273\/?ref=hl\" \/>\n<meta property=\"article:published_time\" content=\"2023-10-13T16:05:05+00:00\" \/>\n<meta property=\"og:image\" content=\"https:\/\/www.laguiadepamplona.com\/actualidad\/wp-content\/uploads\/2023\/10\/2.portal-de-francia.webp\" \/>\n\t<meta property=\"og:image:width\" content=\"1200\" \/>\n\t<meta property=\"og:image:height\" content=\"787\" \/>\n\t<meta property=\"og:image:type\" content=\"image\/webp\" \/>\n<meta name=\"author\" content=\"La Gu\u00eda de Pamplona\" \/>\n<meta name=\"twitter:card\" content=\"summary_large_image\" \/>\n<meta name=\"twitter:creator\" content=\"@LaGuiadPamplona\" \/>\n<meta name=\"twitter:site\" content=\"@LaGuiadPamplona\" \/>\n<meta name=\"twitter:label1\" content=\"Escrito por\" \/>\n\t<meta name=\"twitter:data1\" content=\"La Gu\u00eda de Pamplona\" \/>\n\t<meta name=\"twitter:label2\" content=\"Tiempo de lectura\" \/>\n\t<meta name=\"twitter:data2\" content=\"1 minuto\" \/>\n<script type=\"application\/ld+json\" class=\"yoast-schema-graph\">{\"@context\":\"https:\\\/\\\/schema.org\",\"@graph\":[{\"@type\":\"Article\",\"@id\":\"https:\\\/\\\/www.laguiadepamplona.com\\\/actualidad\\\/el-portal-de-francia-permanecera-cerrado-al-trafico-y-al-transito-desde-las-8-horas-del-lunes-16-hasta-la-tarde-del-viernes-20-de-octubre\\\/#article\",\"isPartOf\":{\"@id\":\"https:\\\/\\\/www.laguiadepamplona.com\\\/actualidad\\\/el-portal-de-francia-permanecera-cerrado-al-trafico-y-al-transito-desde-las-8-horas-del-lunes-16-hasta-la-tarde-del-viernes-20-de-octubre\\\/\"},\"author\":{\"name\":\"La Gu\u00eda de Pamplona\",\"@id\":\"https:\\\/\\\/www.laguiadepamplona.com\\\/actualidad\\\/#\\\/schema\\\/person\\\/efe887376f0213d4657c93adc50b1fdb\"},\"headline\":\"El Portal de Francia permanecer\u00e1 cerrado al tr\u00e1fico y al tr\u00e1nsito desde las 8 horas del lunes 16, hasta la tarde del viernes 20 de octubre\",\"datePublished\":\"2023-10-13T16:05:05+00:00\",\"mainEntityOfPage\":{\"@id\":\"https:\\\/\\\/www.laguiadepamplona.com\\\/actualidad\\\/el-portal-de-francia-permanecera-cerrado-al-trafico-y-al-transito-desde-las-8-horas-del-lunes-16-hasta-la-tarde-del-viernes-20-de-octubre\\\/\"},\"wordCount\":220,\"commentCount\":0,\"publisher\":{\"@id\":\"https:\\\/\\\/www.laguiadepamplona.com\\\/actualidad\\\/#organization\"},\"image\":{\"@id\":\"https:\\\/\\\/www.laguiadepamplona.com\\\/actualidad\\\/el-portal-de-francia-permanecera-cerrado-al-trafico-y-al-transito-desde-las-8-horas-del-lunes-16-hasta-la-tarde-del-viernes-20-de-octubre\\\/#primaryimage\"},\"thumbnailUrl\":\"https:\\\/\\\/www.laguiadepamplona.com\\\/actualidad\\\/wp-content\\\/uploads\\\/2023\\\/10\\\/2.portal-de-francia.webp\",\"articleSection\":[\"Ayto Pamplona\"],\"inLanguage\":\"es\",\"potentialAction\":[{\"@type\":\"CommentAction\",\"name\":\"Comment\",\"target\":[\"https:\\\/\\\/www.laguiadepamplona.com\\\/actualidad\\\/el-portal-de-francia-permanecera-cerrado-al-trafico-y-al-transito-desde-las-8-horas-del-lunes-16-hasta-la-tarde-del-viernes-20-de-octubre\\\/#respond\"]}]},{\"@type\":\"WebPage\",\"@id\":\"https:\\\/\\\/www.laguiadepamplona.com\\\/actualidad\\\/el-portal-de-francia-permanecera-cerrado-al-trafico-y-al-transito-desde-las-8-horas-del-lunes-16-hasta-la-tarde-del-viernes-20-de-octubre\\\/\",\"url\":\"https:\\\/\\\/www.laguiadepamplona.com\\\/actualidad\\\/el-portal-de-francia-permanecera-cerrado-al-trafico-y-al-transito-desde-las-8-horas-del-lunes-16-hasta-la-tarde-del-viernes-20-de-octubre\\\/\",\"name\":\"El Portal de Francia permanecer\u00e1 cerrado al tr\u00e1fico y al tr\u00e1nsito desde las 8 horas del lunes 16, hasta la tarde del viernes 20 de octubre\",\"isPartOf\":{\"@id\":\"https:\\\/\\\/www.laguiadepamplona.com\\\/actualidad\\\/#website\"},\"primaryImageOfPage\":{\"@id\":\"https:\\\/\\\/www.laguiadepamplona.com\\\/actualidad\\\/el-portal-de-francia-permanecera-cerrado-al-trafico-y-al-transito-desde-las-8-horas-del-lunes-16-hasta-la-tarde-del-viernes-20-de-octubre\\\/#primaryimage\"},\"image\":{\"@id\":\"https:\\\/\\\/www.laguiadepamplona.com\\\/actualidad\\\/el-portal-de-francia-permanecera-cerrado-al-trafico-y-al-transito-desde-las-8-horas-del-lunes-16-hasta-la-tarde-del-viernes-20-de-octubre\\\/#primaryimage\"},\"thumbnailUrl\":\"https:\\\/\\\/www.laguiadepamplona.com\\\/actualidad\\\/wp-content\\\/uploads\\\/2023\\\/10\\\/2.portal-de-francia.webp\",\"datePublished\":\"2023-10-13T16:05:05+00:00\",\"description\":\"Comenzar\u00e1 la segunda fase de la intervenci\u00f3n de los elementos que permiten el izado y la bajada del tablero abatible\",\"breadcrumb\":{\"@id\":\"https:\\\/\\\/www.laguiadepamplona.com\\\/actualidad\\\/el-portal-de-francia-permanecera-cerrado-al-trafico-y-al-transito-desde-las-8-horas-del-lunes-16-hasta-la-tarde-del-viernes-20-de-octubre\\\/#breadcrumb\"},\"inLanguage\":\"es\",\"potentialAction\":[{\"@type\":\"ReadAction\",\"target\":[\"https:\\\/\\\/www.laguiadepamplona.com\\\/actualidad\\\/el-portal-de-francia-permanecera-cerrado-al-trafico-y-al-transito-desde-las-8-horas-del-lunes-16-hasta-la-tarde-del-viernes-20-de-octubre\\\/\"]}]},{\"@type\":\"ImageObject\",\"inLanguage\":\"es\",\"@id\":\"https:\\\/\\\/www.laguiadepamplona.com\\\/actualidad\\\/el-portal-de-francia-permanecera-cerrado-al-trafico-y-al-transito-desde-las-8-horas-del-lunes-16-hasta-la-tarde-del-viernes-20-de-octubre\\\/#primaryimage\",\"url\":\"https:\\\/\\\/www.laguiadepamplona.com\\\/actualidad\\\/wp-content\\\/uploads\\\/2023\\\/10\\\/2.portal-de-francia.webp\",\"contentUrl\":\"https:\\\/\\\/www.laguiadepamplona.com\\\/actualidad\\\/wp-content\\\/uploads\\\/2023\\\/10\\\/2.portal-de-francia.webp\",\"width\":1200,\"height\":787,\"caption\":\"portal francia\"},{\"@type\":\"BreadcrumbList\",\"@id\":\"https:\\\/\\\/www.laguiadepamplona.com\\\/actualidad\\\/el-portal-de-francia-permanecera-cerrado-al-trafico-y-al-transito-desde-las-8-horas-del-lunes-16-hasta-la-tarde-del-viernes-20-de-octubre\\\/#breadcrumb\",\"itemListElement\":[{\"@type\":\"ListItem\",\"position\":1,\"name\":\"Portada\",\"item\":\"https:\\\/\\\/www.laguiadepamplona.com\\\/actualidad\\\/\"},{\"@type\":\"ListItem\",\"position\":2,\"name\":\"El Portal de Francia permanecer\u00e1 cerrado al tr\u00e1fico y al tr\u00e1nsito desde las 8 horas del lunes 16, hasta la tarde del viernes 20 de octubre\"}]},{\"@type\":\"WebSite\",\"@id\":\"https:\\\/\\\/www.laguiadepamplona.com\\\/actualidad\\\/#website\",\"url\":\"https:\\\/\\\/www.laguiadepamplona.com\\\/actualidad\\\/\",\"name\":\"La gu\u00eda de Pamplona\",\"description\":\"Noticias de Pamplona\",\"publisher\":{\"@id\":\"https:\\\/\\\/www.laguiadepamplona.com\\\/actualidad\\\/#organization\"},\"potentialAction\":[{\"@type\":\"SearchAction\",\"target\":{\"@type\":\"EntryPoint\",\"urlTemplate\":\"https:\\\/\\\/www.laguiadepamplona.com\\\/actualidad\\\/?s={search_term_string}\"},\"query-input\":{\"@type\":\"PropertyValueSpecification\",\"valueRequired\":true,\"valueName\":\"search_term_string\"}}],\"inLanguage\":\"es\"},{\"@type\":\"Organization\",\"@id\":\"https:\\\/\\\/www.laguiadepamplona.com\\\/actualidad\\\/#organization\",\"name\":\"La Gu\u00eda de Pamplona \\\/ Noticias\",\"url\":\"https:\\\/\\\/www.laguiadepamplona.com\\\/actualidad\\\/\",\"logo\":{\"@type\":\"ImageObject\",\"inLanguage\":\"es\",\"@id\":\"https:\\\/\\\/www.laguiadepamplona.com\\\/actualidad\\\/#\\\/schema\\\/logo\\\/image\\\/\",\"url\":\"https:\\\/\\\/www.laguiadepamplona.com\\\/actualidad\\\/wp-content\\\/uploads\\\/2018\\\/11\\\/logo-laguiadepamplona18-web1.png\",\"contentUrl\":\"https:\\\/\\\/www.laguiadepamplona.com\\\/actualidad\\\/wp-content\\\/uploads\\\/2018\\\/11\\\/logo-laguiadepamplona18-web1.png\",\"width\":600,\"height\":196,\"caption\":\"La Gu\u00eda de Pamplona \\\/ Noticias\"},\"image\":{\"@id\":\"https:\\\/\\\/www.laguiadepamplona.com\\\/actualidad\\\/#\\\/schema\\\/logo\\\/image\\\/\"},\"sameAs\":[\"https:\\\/\\\/www.facebook.com\\\/laguiadepamplonacom-133175176762273\\\/?ref=hl\",\"https:\\\/\\\/x.com\\\/LaGuiadPamplona\",\"https:\\\/\\\/www.instagram.com\\\/la_guia_de_pamplona\\\/\",\"https:\\\/\\\/www.youtube.com\\\/user\\\/laguiadepamplona\"]},{\"@type\":\"Person\",\"@id\":\"https:\\\/\\\/www.laguiadepamplona.com\\\/actualidad\\\/#\\\/schema\\\/person\\\/efe887376f0213d4657c93adc50b1fdb\",\"name\":\"La Gu\u00eda de Pamplona\",\"image\":{\"@type\":\"ImageObject\",\"inLanguage\":\"es\",\"@id\":\"https:\\\/\\\/secure.gravatar.com\\\/avatar\\\/b6992f131dc8d30ab0dff15446e9d346d9dbd95992de0fef795073f5ea83a81c?s=96&d=mm&r=g\",\"url\":\"https:\\\/\\\/secure.gravatar.com\\\/avatar\\\/b6992f131dc8d30ab0dff15446e9d346d9dbd95992de0fef795073f5ea83a81c?s=96&d=mm&r=g\",\"contentUrl\":\"https:\\\/\\\/secure.gravatar.com\\\/avatar\\\/b6992f131dc8d30ab0dff15446e9d346d9dbd95992de0fef795073f5ea83a81c?s=96&d=mm&r=g\",\"caption\":\"La Gu\u00eda de Pamplona\"}}]}<\/script>\n<!-- \/ Yoast SEO plugin. -->","yoast_head_json":{"title":"El Portal de Francia permanecer\u00e1 cerrado al tr\u00e1fico y al tr\u00e1nsito desde las 8 horas del lunes 16, hasta la tarde del viernes 20 de octubre","description":"Comenzar\u00e1 la segunda fase de la intervenci\u00f3n de los elementos que permiten el izado y la bajada del tablero abatible","robots":{"index":"index","follow":"follow","max-snippet":"max-snippet:-1","max-image-preview":"max-image-preview:large","max-video-preview":"max-video-preview:-1"},"canonical":"https:\/\/www.laguiadepamplona.com\/actualidad\/el-portal-de-francia-permanecera-cerrado-al-trafico-y-al-transito-desde-las-8-horas-del-lunes-16-hasta-la-tarde-del-viernes-20-de-octubre\/","og_locale":"es_ES","og_type":"article","og_title":"El Portal de Francia permanecer\u00e1 cerrado al tr\u00e1fico y al tr\u00e1nsito desde las 8 horas del lunes 16, hasta la tarde del viernes 20 de octubre","og_description":"Comenzar\u00e1 la segunda fase de la intervenci\u00f3n de los elementos que permiten el izado y la bajada del tablero abatible","og_url":"https:\/\/www.laguiadepamplona.com\/actualidad\/el-portal-de-francia-permanecera-cerrado-al-trafico-y-al-transito-desde-las-8-horas-del-lunes-16-hasta-la-tarde-del-viernes-20-de-octubre\/","og_site_name":"La Gu\u00eda de Pamplona","article_publisher":"https:\/\/www.facebook.com\/laguiadepamplonacom-133175176762273\/?ref=hl","article_published_time":"2023-10-13T16:05:05+00:00","og_image":[{"width":1200,"height":787,"url":"https:\/\/www.laguiadepamplona.com\/actualidad\/wp-content\/uploads\/2023\/10\/2.portal-de-francia.webp","type":"image\/webp"}],"author":"La Gu\u00eda de Pamplona","twitter_card":"summary_large_image","twitter_creator":"@LaGuiadPamplona","twitter_site":"@LaGuiadPamplona","twitter_misc":{"Escrito por":"La Gu\u00eda de Pamplona","Tiempo de lectura":"1 minuto"},"schema":{"@context":"https:\/\/schema.org","@graph":[{"@type":"Article","@id":"https:\/\/www.laguiadepamplona.com\/actualidad\/el-portal-de-francia-permanecera-cerrado-al-trafico-y-al-transito-desde-las-8-horas-del-lunes-16-hasta-la-tarde-del-viernes-20-de-octubre\/#article","isPartOf":{"@id":"https:\/\/www.laguiadepamplona.com\/actualidad\/el-portal-de-francia-permanecera-cerrado-al-trafico-y-al-transito-desde-las-8-horas-del-lunes-16-hasta-la-tarde-del-viernes-20-de-octubre\/"},"author":{"name":"La Gu\u00eda de Pamplona","@id":"https:\/\/www.laguiadepamplona.com\/actualidad\/#\/schema\/person\/efe887376f0213d4657c93adc50b1fdb"},"headline":"El Portal de Francia permanecer\u00e1 cerrado al tr\u00e1fico y al tr\u00e1nsito desde las 8 horas del lunes 16, hasta la tarde del viernes 20 de octubre","datePublished":"2023-10-13T16:05:05+00:00","mainEntityOfPage":{"@id":"https:\/\/www.laguiadepamplona.com\/actualidad\/el-portal-de-francia-permanecera-cerrado-al-trafico-y-al-transito-desde-las-8-horas-del-lunes-16-hasta-la-tarde-del-viernes-20-de-octubre\/"},"wordCount":220,"commentCount":0,"publisher":{"@id":"https:\/\/www.laguiadepamplona.com\/actualidad\/#organization"},"image":{"@id":"https:\/\/www.laguiadepamplona.com\/actualidad\/el-portal-de-francia-permanecera-cerrado-al-trafico-y-al-transito-desde-las-8-horas-del-lunes-16-hasta-la-tarde-del-viernes-20-de-octubre\/#primaryimage"},"thumbnailUrl":"https:\/\/www.laguiadepamplona.com\/actualidad\/wp-content\/uploads\/2023\/10\/2.portal-de-francia.webp","articleSection":["Ayto Pamplona"],"inLanguage":"es","potentialAction":[{"@type":"CommentAction","name":"Comment","target":["https:\/\/www.laguiadepamplona.com\/actualidad\/el-portal-de-francia-permanecera-cerrado-al-trafico-y-al-transito-desde-las-8-horas-del-lunes-16-hasta-la-tarde-del-viernes-20-de-octubre\/#respond"]}]},{"@type":"WebPage","@id":"https:\/\/www.laguiadepamplona.com\/actualidad\/el-portal-de-francia-permanecera-cerrado-al-trafico-y-al-transito-desde-las-8-horas-del-lunes-16-hasta-la-tarde-del-viernes-20-de-octubre\/","url":"https:\/\/www.laguiadepamplona.com\/actualidad\/el-portal-de-francia-permanecera-cerrado-al-trafico-y-al-transito-desde-las-8-horas-del-lunes-16-hasta-la-tarde-del-viernes-20-de-octubre\/","name":"El Portal de Francia permanecer\u00e1 cerrado al tr\u00e1fico y al tr\u00e1nsito desde las 8 horas del lunes 16, hasta la tarde del viernes 20 de octubre","isPartOf":{"@id":"https:\/\/www.laguiadepamplona.com\/actualidad\/#website"},"primaryImageOfPage":{"@id":"https:\/\/www.laguiadepamplona.com\/actualidad\/el-portal-de-francia-permanecera-cerrado-al-trafico-y-al-transito-desde-las-8-horas-del-lunes-16-hasta-la-tarde-del-viernes-20-de-octubre\/#primaryimage"},"image":{"@id":"https:\/\/www.laguiadepamplona.com\/actualidad\/el-portal-de-francia-permanecera-cerrado-al-trafico-y-al-transito-desde-las-8-horas-del-lunes-16-hasta-la-tarde-del-viernes-20-de-octubre\/#primaryimage"},"thumbnailUrl":"https:\/\/www.laguiadepamplona.com\/actualidad\/wp-content\/uploads\/2023\/10\/2.portal-de-francia.webp","datePublished":"2023-10-13T16:05:05+00:00","description":"Comenzar\u00e1 la segunda fase de la intervenci\u00f3n de los elementos que permiten el izado y la bajada del tablero abatible","breadcrumb":{"@id":"https:\/\/www.laguiadepamplona.com\/actualidad\/el-portal-de-francia-permanecera-cerrado-al-trafico-y-al-transito-desde-las-8-horas-del-lunes-16-hasta-la-tarde-del-viernes-20-de-octubre\/#breadcrumb"},"inLanguage":"es","potentialAction":[{"@type":"ReadAction","target":["https:\/\/www.laguiadepamplona.com\/actualidad\/el-portal-de-francia-permanecera-cerrado-al-trafico-y-al-transito-desde-las-8-horas-del-lunes-16-hasta-la-tarde-del-viernes-20-de-octubre\/"]}]},{"@type":"ImageObject","inLanguage":"es","@id":"https:\/\/www.laguiadepamplona.com\/actualidad\/el-portal-de-francia-permanecera-cerrado-al-trafico-y-al-transito-desde-las-8-horas-del-lunes-16-hasta-la-tarde-del-viernes-20-de-octubre\/#primaryimage","url":"https:\/\/www.laguiadepamplona.com\/actualidad\/wp-content\/uploads\/2023\/10\/2.portal-de-francia.webp","contentUrl":"https:\/\/www.laguiadepamplona.com\/actualidad\/wp-content\/uploads\/2023\/10\/2.portal-de-francia.webp","width":1200,"height":787,"caption":"portal francia"},{"@type":"BreadcrumbList","@id":"https:\/\/www.laguiadepamplona.com\/actualidad\/el-portal-de-francia-permanecera-cerrado-al-trafico-y-al-transito-desde-las-8-horas-del-lunes-16-hasta-la-tarde-del-viernes-20-de-octubre\/#breadcrumb","itemListElement":[{"@type":"ListItem","position":1,"name":"Portada","item":"https:\/\/www.laguiadepamplona.com\/actualidad\/"},{"@type":"ListItem","position":2,"name":"El Portal de Francia permanecer\u00e1 cerrado al tr\u00e1fico y al tr\u00e1nsito desde las 8 horas del lunes 16, hasta la tarde del viernes 20 de octubre"}]},{"@type":"WebSite","@id":"https:\/\/www.laguiadepamplona.com\/actualidad\/#website","url":"https:\/\/www.laguiadepamplona.com\/actualidad\/","name":"La gu\u00eda de Pamplona","description":"Noticias de Pamplona","publisher":{"@id":"https:\/\/www.laguiadepamplona.com\/actualidad\/#organization"},"potentialAction":[{"@type":"SearchAction","target":{"@type":"EntryPoint","urlTemplate":"https:\/\/www.laguiadepamplona.com\/actualidad\/?s={search_term_string}"},"query-input":{"@type":"PropertyValueSpecification","valueRequired":true,"valueName":"search_term_string"}}],"inLanguage":"es"},{"@type":"Organization","@id":"https:\/\/www.laguiadepamplona.com\/actualidad\/#organization","name":"La Gu\u00eda de Pamplona \/ Noticias","url":"https:\/\/www.laguiadepamplona.com\/actualidad\/","logo":{"@type":"ImageObject","inLanguage":"es","@id":"https:\/\/www.laguiadepamplona.com\/actualidad\/#\/schema\/logo\/image\/","url":"https:\/\/www.laguiadepamplona.com\/actualidad\/wp-content\/uploads\/2018\/11\/logo-laguiadepamplona18-web1.png","contentUrl":"https:\/\/www.laguiadepamplona.com\/actualidad\/wp-content\/uploads\/2018\/11\/logo-laguiadepamplona18-web1.png","width":600,"height":196,"caption":"La Gu\u00eda de Pamplona \/ Noticias"},"image":{"@id":"https:\/\/www.laguiadepamplona.com\/actualidad\/#\/schema\/logo\/image\/"},"sameAs":["https:\/\/www.facebook.com\/laguiadepamplonacom-133175176762273\/?ref=hl","https:\/\/x.com\/LaGuiadPamplona","https:\/\/www.instagram.com\/la_guia_de_pamplona\/","https:\/\/www.youtube.com\/user\/laguiadepamplona"]},{"@type":"Person","@id":"https:\/\/www.laguiadepamplona.com\/actualidad\/#\/schema\/person\/efe887376f0213d4657c93adc50b1fdb","name":"La Gu\u00eda de Pamplona","image":{"@type":"ImageObject","inLanguage":"es","@id":"https:\/\/secure.gravatar.com\/avatar\/b6992f131dc8d30ab0dff15446e9d346d9dbd95992de0fef795073f5ea83a81c?s=96&d=mm&r=g","url":"https:\/\/secure.gravatar.com\/avatar\/b6992f131dc8d30ab0dff15446e9d346d9dbd95992de0fef795073f5ea83a81c?s=96&d=mm&r=g","contentUrl":"https:\/\/secure.gravatar.com\/avatar\/b6992f131dc8d30ab0dff15446e9d346d9dbd95992de0fef795073f5ea83a81c?s=96&d=mm&r=g","caption":"La Gu\u00eda de Pamplona"}}]}},"post_mailing_queue_ids":[],"_links":{"self":[{"href":"https:\/\/www.laguiadepamplona.com\/actualidad\/wp-json\/wp\/v2\/posts\/47574","targetHints":{"allow":["GET"]}}],"collection":[{"href":"https:\/\/www.laguiadepamplona.com\/actualidad\/wp-json\/wp\/v2\/posts"}],"about":[{"href":"https:\/\/www.laguiadepamplona.com\/actualidad\/wp-json\/wp\/v2\/types\/post"}],"author":[{"embeddable":true,"href":"https:\/\/www.laguiadepamplona.com\/actualidad\/wp-json\/wp\/v2\/users\/1"}],"replies":[{"embeddable":true,"href":"https:\/\/www.laguiadepamplona.com\/actualidad\/wp-json\/wp\/v2\/comments?post=47574"}],"version-history":[{"count":1,"href":"https:\/\/www.laguiadepamplona.com\/actualidad\/wp-json\/wp\/v2\/posts\/47574\/revisions"}],"predecessor-version":[{"id":47576,"href":"https:\/\/www.laguiadepamplona.com\/actualidad\/wp-json\/wp\/v2\/posts\/47574\/revisions\/47576"}],"wp:featuredmedia":[{"embeddable":true,"href":"https:\/\/www.laguiadepamplona.com\/actualidad\/wp-json\/wp\/v2\/media\/47575"}],"wp:attachment":[{"href":"https:\/\/www.laguiadepamplona.com\/actualidad\/wp-json\/wp\/v2\/media?parent=47574"}],"wp:term":[{"taxonomy":"category","embeddable":true,"href":"https:\/\/www.laguiadepamplona.com\/actualidad\/wp-json\/wp\/v2\/categories?post=47574"},{"taxonomy":"post_tag","embeddable":true,"href":"https:\/\/www.laguiadepamplona.com\/actualidad\/wp-json\/wp\/v2\/tags?post=47574"}],"curies":[{"name":"wp","href":"https:\/\/api.w.org\/{rel}","templated":true}]}}