{"id":47569,"date":"2023-10-13T14:11:36","date_gmt":"2023-10-13T12:11:36","guid":{"rendered":"https:\/\/www.laguiadepamplona.com\/actualidad\/?p=47569"},"modified":"2023-10-13T14:11:36","modified_gmt":"2023-10-13T12:11:36","slug":"el-ayuntamiento-de-pamplona-mantiene-su-apuesta-por-la-insercion-laboral-de-la-poblacion-joven-presentando-seis-proyectos-de-escuela-taller-para-el-periodo-2024-2025","status":"publish","type":"post","link":"https:\/\/www.laguiadepamplona.com\/actualidad\/el-ayuntamiento-de-pamplona-mantiene-su-apuesta-por-la-insercion-laboral-de-la-poblacion-joven-presentando-seis-proyectos-de-escuela-taller-para-el-periodo-2024-2025\/","title":{"rendered":"El Ayuntamiento de Pamplona mantiene su apuesta por la inserci\u00f3n laboral de la poblaci\u00f3n joven presentando seis proyectos de escuela-taller para el periodo 2024-2025"},"content":{"rendered":"<h3>Si la resoluci\u00f3n de las ayudas del Servicio Navarro de Empleo de Gobierno de Navarra es positiva, todas se iniciar\u00edan en marzo del a\u00f1o que viene<\/h3>\n<p><!--more--><\/p>\n<p>El Ayuntamiento de Pamplona, a trav\u00e9s de sus centros de formaci\u00f3n en Landaben y Aranzadi, ha presentado esta ma\u00f1ana al Servicio Navarro de Empleo \u2013Nafar Lansare seis proyectos para otras tantas escuelas taller dentro de la convocatoria para subvencionar este tipo de iniciativas de formaci\u00f3n para el empleo para los a\u00f1os 2024 y 2025. Los seis proyectos acoger\u00edan una media de 17 personas cada uno de ellos, j\u00f3venes en desempleo que deber\u00e1n tener entre 16 y 29 a\u00f1os. Se priorizar\u00e1 la participaci\u00f3n de mujeres y de personas perceptoras de renta garantizada o provenientes de los Servicios Sociales.<\/p>\n<p>Si las propuestas municipales son aceptadas por el SNE, las escuelas comenzar\u00edan a funcionar el 1 de marzo y tendr\u00edan una duraci\u00f3n de 20 meses (dos meses m\u00e1s que en la anterior edici\u00f3n, recientemente clausurada). El periodo de inscripci\u00f3n y selecci\u00f3n para estas iniciativas formativas se abrir\u00eda en el mes de diciembre.<br \/>\n<script async src=\"\/\/pagead2.googlesyndication.com\/pagead\/js\/adsbygoogle.js\"><\/script><br \/>\n<!-- Noticias La Guia de Pamplona --><br \/>\n<ins class=\"adsbygoogle\"\nstyle=\"display:block\"\ndata-ad-client=\"ca-pub-6943679897239327\"\ndata-ad-slot=\"7048180777\"\ndata-ad-format=\"auto\"><\/ins><br \/>\n<script>\n(adsbygoogle = window.adsbygoogle || []).push({});\n<\/script><\/p>\n<p>Los proyectos presentados por el Consistorio a trav\u00e9s del Centro de Formaci\u00f3n de Landaben son: Escuela Taller de Alba\u00f1iler\u00eda en la construcci\u00f3n, Escuela Taller de Canter\u00eda y Gesti\u00f3n de almac\u00e9n, Escuela Taller de Carpinter\u00eda en madera y Escuela Taller de Mantenimiento de edificios y Montaje de sistemas de placa de yeso laminado. Desde el Centro de Formaci\u00f3n de Aranzadi la propuesta son otras dos escuelas: una Escuela Taller de Forestal y Jardiner\u00eda, y una Escuela Taller de Soldadura. El importe presupuestado es de 3,61 millones de euros.<\/p>\n<p>Las primeras escuelas taller del Ayuntamiento de Pamplona datan de 1986. A fecha de hoy, con 32 ediciones completadas son alrededor de 2.000 personas las que han recibido formaci\u00f3n para el empleo en la ciudad a trav\u00e9s de estos programas. La oferta municipal se va adaptando cada a\u00f1o a las necesidades profesionales que pide el mercado, algo que respalda la demanda, que se mantiene de edici\u00f3n en edici\u00f3n.<br \/>\n<script async src=\"\/\/pagead2.googlesyndication.com\/pagead\/js\/adsbygoogle.js\"><\/script><br \/>\n<!-- Noticias La Guia de Pamplona --><br \/>\n<ins class=\"adsbygoogle\"\nstyle=\"display:block\"\ndata-ad-client=\"ca-pub-6943679897239327\"\ndata-ad-slot=\"7048180777\"\ndata-ad-format=\"auto\"><\/ins><br \/>\n<script>\n(adsbygoogle = window.adsbygoogle || []).push({});\n<\/script><\/p>\n<p><strong>Formaci\u00f3n cualificada para el desempe\u00f1o de un oficio<\/strong><\/p>\n<p>Todas las escuelas taller propuestas ellas llevar\u00e1n aparejados distintos certificados de profesionalidad (1 o 2) e integran diversos m\u00f3dulos que tambi\u00e9n terminan en acreditaci\u00f3n profesional (manejo de carretillas elevadoras, etc.) y formaci\u00f3n en materias complementarias como prevenci\u00f3n de riesgos laborales, igualdad o b\u00fasqueda activa de empleo.<\/p>\n<p>La formaci\u00f3n estar\u00eda remunerada desde el comienzo del curso con un periodo de beca inicial de dos meses y la contrataci\u00f3n directa de 18 meses. El principal objetivo de las escuelas es la inserci\u00f3n laboral de las personas participantes.<br \/>\n<script async src=\"\/\/pagead2.googlesyndication.com\/pagead\/js\/adsbygoogle.js\"><\/script><br \/>\n<!-- Noticias La Guia de Pamplona --><br \/>\n<ins class=\"adsbygoogle\"\nstyle=\"display:block\"\ndata-ad-client=\"ca-pub-6943679897239327\"\ndata-ad-slot=\"7048180777\"\ndata-ad-format=\"auto\"><\/ins><br \/>\n<script>\n(adsbygoogle = window.adsbygoogle || []).push({});\n<\/script><\/p>\n<p>En estas iniciativas formativas y de capacitaci\u00f3n para el empleo, siempre est\u00e1 prevista una fase de \u2018obra social\u2019 o de trabajo profesional en entorno real destinado a mejorar la ciudad aplicando los conocimientos adquiridos en beneficio de la ciudadan\u00eda. En este caso se contemplan tareas como actuaciones en un proyecto urbano en el camposanto, la fabricaci\u00f3n de jardineras de gran tama\u00f1o para la reordenaci\u00f3n del espacio p\u00fablico de la ciudad, la conservaci\u00f3n, restauraci\u00f3n y mantenimiento del interior de la zona de la Plaza baja y Casamata derecha del Baluarte de Santa Mar\u00eda en la Ciudadela de Pamplona o la gesti\u00f3n y organizaci\u00f3n del almac\u00e9n municipal de Miluce. Las escuelas, en la pr\u00f3xima edici\u00f3n, tambi\u00e9n se encargar\u00edan de la rehabilitaci\u00f3n integral y energ\u00e9tica interior de viviendas municipales del Grupo San Pedro con cambio de instalaciones a bajo consumo; de la realizaci\u00f3n de un Domo Geod\u00e9sico-Cenador en un parque de la ciudad o de la fabricaci\u00f3n de mobiliario para locales y oficinas municipales.<\/p>\n","protected":false},"excerpt":{"rendered":"<p>Si la resoluci\u00f3n de las ayudas del Servicio Navarro de Empleo de Gobierno de Navarra es positiva, todas se iniciar\u00edan en marzo del a\u00f1o que viene<\/p>\n","protected":false},"author":1,"featured_media":47570,"comment_status":"open","ping_status":"closed","sticky":false,"template":"","format":"standard","meta":{"footnotes":""},"categories":[2],"tags":[],"class_list":["post-47569","post","type-post","status-publish","format-standard","has-post-thumbnail","hentry","category-ayuntamiento-pamplona"],"yoast_head":"<!-- This site is optimized with the Yoast SEO plugin v27.3 - https:\/\/yoast.com\/product\/yoast-seo-wordpress\/ -->\n<title>El Ayuntamiento de Pamplona mantiene su apuesta por la inserci\u00f3n laboral de la poblaci\u00f3n joven presentando seis proyectos de escuela-taller para el periodo 2024-2025<\/title>\n<meta name=\"description\" content=\"Si la resoluci\u00f3n de las ayudas del Servicio Navarro de Empleo de Gobierno de Navarra es positiva, todas se iniciar\u00edan en marzo del a\u00f1o que viene\" \/>\n<meta name=\"robots\" content=\"index, follow, max-snippet:-1, max-image-preview:large, max-video-preview:-1\" \/>\n<link rel=\"canonical\" href=\"https:\/\/www.laguiadepamplona.com\/actualidad\/el-ayuntamiento-de-pamplona-mantiene-su-apuesta-por-la-insercion-laboral-de-la-poblacion-joven-presentando-seis-proyectos-de-escuela-taller-para-el-periodo-2024-2025\/\" \/>\n<meta property=\"og:locale\" content=\"es_ES\" \/>\n<meta property=\"og:type\" content=\"article\" \/>\n<meta property=\"og:title\" content=\"El Ayuntamiento de Pamplona mantiene su apuesta por la inserci\u00f3n laboral de la poblaci\u00f3n joven presentando seis proyectos de escuela-taller para el periodo 2024-2025\" \/>\n<meta property=\"og:description\" content=\"Si la resoluci\u00f3n de las ayudas del Servicio Navarro de Empleo de Gobierno de Navarra es positiva, todas se iniciar\u00edan en marzo del a\u00f1o que viene\" \/>\n<meta property=\"og:url\" content=\"https:\/\/www.laguiadepamplona.com\/actualidad\/el-ayuntamiento-de-pamplona-mantiene-su-apuesta-por-la-insercion-laboral-de-la-poblacion-joven-presentando-seis-proyectos-de-escuela-taller-para-el-periodo-2024-2025\/\" \/>\n<meta property=\"og:site_name\" content=\"La Gu\u00eda de Pamplona\" \/>\n<meta property=\"article:publisher\" content=\"https:\/\/www.facebook.com\/laguiadepamplonacom-133175176762273\/?ref=hl\" \/>\n<meta property=\"article:published_time\" content=\"2023-10-13T12:11:36+00:00\" \/>\n<meta property=\"og:image\" content=\"https:\/\/www.laguiadepamplona.com\/actualidad\/wp-content\/uploads\/2023\/10\/ESCUELA-TALLER-ANDABEN_EE5A9050.webp\" \/>\n\t<meta property=\"og:image:width\" content=\"1200\" \/>\n\t<meta property=\"og:image:height\" content=\"800\" \/>\n\t<meta property=\"og:image:type\" content=\"image\/webp\" \/>\n<meta name=\"author\" content=\"La Gu\u00eda de Pamplona\" \/>\n<meta name=\"twitter:card\" content=\"summary_large_image\" \/>\n<meta name=\"twitter:creator\" content=\"@LaGuiadPamplona\" \/>\n<meta name=\"twitter:site\" content=\"@LaGuiadPamplona\" \/>\n<meta name=\"twitter:label1\" content=\"Escrito por\" \/>\n\t<meta name=\"twitter:data1\" content=\"La Gu\u00eda de Pamplona\" \/>\n\t<meta name=\"twitter:label2\" content=\"Tiempo de lectura\" \/>\n\t<meta name=\"twitter:data2\" content=\"3 minutos\" \/>\n<script type=\"application\/ld+json\" class=\"yoast-schema-graph\">{\"@context\":\"https:\\\/\\\/schema.org\",\"@graph\":[{\"@type\":\"Article\",\"@id\":\"https:\\\/\\\/www.laguiadepamplona.com\\\/actualidad\\\/el-ayuntamiento-de-pamplona-mantiene-su-apuesta-por-la-insercion-laboral-de-la-poblacion-joven-presentando-seis-proyectos-de-escuela-taller-para-el-periodo-2024-2025\\\/#article\",\"isPartOf\":{\"@id\":\"https:\\\/\\\/www.laguiadepamplona.com\\\/actualidad\\\/el-ayuntamiento-de-pamplona-mantiene-su-apuesta-por-la-insercion-laboral-de-la-poblacion-joven-presentando-seis-proyectos-de-escuela-taller-para-el-periodo-2024-2025\\\/\"},\"author\":{\"name\":\"La Gu\u00eda de Pamplona\",\"@id\":\"https:\\\/\\\/www.laguiadepamplona.com\\\/actualidad\\\/#\\\/schema\\\/person\\\/efe887376f0213d4657c93adc50b1fdb\"},\"headline\":\"El Ayuntamiento de Pamplona mantiene su apuesta por la inserci\u00f3n laboral de la poblaci\u00f3n joven presentando seis proyectos de escuela-taller para el periodo 2024-2025\",\"datePublished\":\"2023-10-13T12:11:36+00:00\",\"mainEntityOfPage\":{\"@id\":\"https:\\\/\\\/www.laguiadepamplona.com\\\/actualidad\\\/el-ayuntamiento-de-pamplona-mantiene-su-apuesta-por-la-insercion-laboral-de-la-poblacion-joven-presentando-seis-proyectos-de-escuela-taller-para-el-periodo-2024-2025\\\/\"},\"wordCount\":667,\"commentCount\":0,\"publisher\":{\"@id\":\"https:\\\/\\\/www.laguiadepamplona.com\\\/actualidad\\\/#organization\"},\"image\":{\"@id\":\"https:\\\/\\\/www.laguiadepamplona.com\\\/actualidad\\\/el-ayuntamiento-de-pamplona-mantiene-su-apuesta-por-la-insercion-laboral-de-la-poblacion-joven-presentando-seis-proyectos-de-escuela-taller-para-el-periodo-2024-2025\\\/#primaryimage\"},\"thumbnailUrl\":\"https:\\\/\\\/www.laguiadepamplona.com\\\/actualidad\\\/wp-content\\\/uploads\\\/2023\\\/10\\\/ESCUELA-TALLER-ANDABEN_EE5A9050.webp\",\"articleSection\":[\"Ayto Pamplona\"],\"inLanguage\":\"es\",\"potentialAction\":[{\"@type\":\"CommentAction\",\"name\":\"Comment\",\"target\":[\"https:\\\/\\\/www.laguiadepamplona.com\\\/actualidad\\\/el-ayuntamiento-de-pamplona-mantiene-su-apuesta-por-la-insercion-laboral-de-la-poblacion-joven-presentando-seis-proyectos-de-escuela-taller-para-el-periodo-2024-2025\\\/#respond\"]}]},{\"@type\":\"WebPage\",\"@id\":\"https:\\\/\\\/www.laguiadepamplona.com\\\/actualidad\\\/el-ayuntamiento-de-pamplona-mantiene-su-apuesta-por-la-insercion-laboral-de-la-poblacion-joven-presentando-seis-proyectos-de-escuela-taller-para-el-periodo-2024-2025\\\/\",\"url\":\"https:\\\/\\\/www.laguiadepamplona.com\\\/actualidad\\\/el-ayuntamiento-de-pamplona-mantiene-su-apuesta-por-la-insercion-laboral-de-la-poblacion-joven-presentando-seis-proyectos-de-escuela-taller-para-el-periodo-2024-2025\\\/\",\"name\":\"El Ayuntamiento de Pamplona mantiene su apuesta por la inserci\u00f3n laboral de la poblaci\u00f3n joven presentando seis proyectos de escuela-taller para el periodo 2024-2025\",\"isPartOf\":{\"@id\":\"https:\\\/\\\/www.laguiadepamplona.com\\\/actualidad\\\/#website\"},\"primaryImageOfPage\":{\"@id\":\"https:\\\/\\\/www.laguiadepamplona.com\\\/actualidad\\\/el-ayuntamiento-de-pamplona-mantiene-su-apuesta-por-la-insercion-laboral-de-la-poblacion-joven-presentando-seis-proyectos-de-escuela-taller-para-el-periodo-2024-2025\\\/#primaryimage\"},\"image\":{\"@id\":\"https:\\\/\\\/www.laguiadepamplona.com\\\/actualidad\\\/el-ayuntamiento-de-pamplona-mantiene-su-apuesta-por-la-insercion-laboral-de-la-poblacion-joven-presentando-seis-proyectos-de-escuela-taller-para-el-periodo-2024-2025\\\/#primaryimage\"},\"thumbnailUrl\":\"https:\\\/\\\/www.laguiadepamplona.com\\\/actualidad\\\/wp-content\\\/uploads\\\/2023\\\/10\\\/ESCUELA-TALLER-ANDABEN_EE5A9050.webp\",\"datePublished\":\"2023-10-13T12:11:36+00:00\",\"description\":\"Si la resoluci\u00f3n de las ayudas del Servicio Navarro de Empleo de Gobierno de Navarra es positiva, todas se iniciar\u00edan en marzo del a\u00f1o que viene\",\"breadcrumb\":{\"@id\":\"https:\\\/\\\/www.laguiadepamplona.com\\\/actualidad\\\/el-ayuntamiento-de-pamplona-mantiene-su-apuesta-por-la-insercion-laboral-de-la-poblacion-joven-presentando-seis-proyectos-de-escuela-taller-para-el-periodo-2024-2025\\\/#breadcrumb\"},\"inLanguage\":\"es\",\"potentialAction\":[{\"@type\":\"ReadAction\",\"target\":[\"https:\\\/\\\/www.laguiadepamplona.com\\\/actualidad\\\/el-ayuntamiento-de-pamplona-mantiene-su-apuesta-por-la-insercion-laboral-de-la-poblacion-joven-presentando-seis-proyectos-de-escuela-taller-para-el-periodo-2024-2025\\\/\"]}]},{\"@type\":\"ImageObject\",\"inLanguage\":\"es\",\"@id\":\"https:\\\/\\\/www.laguiadepamplona.com\\\/actualidad\\\/el-ayuntamiento-de-pamplona-mantiene-su-apuesta-por-la-insercion-laboral-de-la-poblacion-joven-presentando-seis-proyectos-de-escuela-taller-para-el-periodo-2024-2025\\\/#primaryimage\",\"url\":\"https:\\\/\\\/www.laguiadepamplona.com\\\/actualidad\\\/wp-content\\\/uploads\\\/2023\\\/10\\\/ESCUELA-TALLER-ANDABEN_EE5A9050.webp\",\"contentUrl\":\"https:\\\/\\\/www.laguiadepamplona.com\\\/actualidad\\\/wp-content\\\/uploads\\\/2023\\\/10\\\/ESCUELA-TALLER-ANDABEN_EE5A9050.webp\",\"width\":1200,\"height\":800,\"caption\":\"escuela taller\"},{\"@type\":\"BreadcrumbList\",\"@id\":\"https:\\\/\\\/www.laguiadepamplona.com\\\/actualidad\\\/el-ayuntamiento-de-pamplona-mantiene-su-apuesta-por-la-insercion-laboral-de-la-poblacion-joven-presentando-seis-proyectos-de-escuela-taller-para-el-periodo-2024-2025\\\/#breadcrumb\",\"itemListElement\":[{\"@type\":\"ListItem\",\"position\":1,\"name\":\"Portada\",\"item\":\"https:\\\/\\\/www.laguiadepamplona.com\\\/actualidad\\\/\"},{\"@type\":\"ListItem\",\"position\":2,\"name\":\"El Ayuntamiento de Pamplona mantiene su apuesta por la inserci\u00f3n laboral de la poblaci\u00f3n joven presentando seis proyectos de escuela-taller para el periodo 2024-2025\"}]},{\"@type\":\"WebSite\",\"@id\":\"https:\\\/\\\/www.laguiadepamplona.com\\\/actualidad\\\/#website\",\"url\":\"https:\\\/\\\/www.laguiadepamplona.com\\\/actualidad\\\/\",\"name\":\"La gu\u00eda de Pamplona\",\"description\":\"Noticias de Pamplona\",\"publisher\":{\"@id\":\"https:\\\/\\\/www.laguiadepamplona.com\\\/actualidad\\\/#organization\"},\"potentialAction\":[{\"@type\":\"SearchAction\",\"target\":{\"@type\":\"EntryPoint\",\"urlTemplate\":\"https:\\\/\\\/www.laguiadepamplona.com\\\/actualidad\\\/?s={search_term_string}\"},\"query-input\":{\"@type\":\"PropertyValueSpecification\",\"valueRequired\":true,\"valueName\":\"search_term_string\"}}],\"inLanguage\":\"es\"},{\"@type\":\"Organization\",\"@id\":\"https:\\\/\\\/www.laguiadepamplona.com\\\/actualidad\\\/#organization\",\"name\":\"La Gu\u00eda de Pamplona \\\/ Noticias\",\"url\":\"https:\\\/\\\/www.laguiadepamplona.com\\\/actualidad\\\/\",\"logo\":{\"@type\":\"ImageObject\",\"inLanguage\":\"es\",\"@id\":\"https:\\\/\\\/www.laguiadepamplona.com\\\/actualidad\\\/#\\\/schema\\\/logo\\\/image\\\/\",\"url\":\"https:\\\/\\\/www.laguiadepamplona.com\\\/actualidad\\\/wp-content\\\/uploads\\\/2018\\\/11\\\/logo-laguiadepamplona18-web1.png\",\"contentUrl\":\"https:\\\/\\\/www.laguiadepamplona.com\\\/actualidad\\\/wp-content\\\/uploads\\\/2018\\\/11\\\/logo-laguiadepamplona18-web1.png\",\"width\":600,\"height\":196,\"caption\":\"La Gu\u00eda de Pamplona \\\/ Noticias\"},\"image\":{\"@id\":\"https:\\\/\\\/www.laguiadepamplona.com\\\/actualidad\\\/#\\\/schema\\\/logo\\\/image\\\/\"},\"sameAs\":[\"https:\\\/\\\/www.facebook.com\\\/laguiadepamplonacom-133175176762273\\\/?ref=hl\",\"https:\\\/\\\/x.com\\\/LaGuiadPamplona\",\"https:\\\/\\\/www.instagram.com\\\/la_guia_de_pamplona\\\/\",\"https:\\\/\\\/www.youtube.com\\\/user\\\/laguiadepamplona\"]},{\"@type\":\"Person\",\"@id\":\"https:\\\/\\\/www.laguiadepamplona.com\\\/actualidad\\\/#\\\/schema\\\/person\\\/efe887376f0213d4657c93adc50b1fdb\",\"name\":\"La Gu\u00eda de Pamplona\",\"image\":{\"@type\":\"ImageObject\",\"inLanguage\":\"es\",\"@id\":\"https:\\\/\\\/secure.gravatar.com\\\/avatar\\\/b6992f131dc8d30ab0dff15446e9d346d9dbd95992de0fef795073f5ea83a81c?s=96&d=mm&r=g\",\"url\":\"https:\\\/\\\/secure.gravatar.com\\\/avatar\\\/b6992f131dc8d30ab0dff15446e9d346d9dbd95992de0fef795073f5ea83a81c?s=96&d=mm&r=g\",\"contentUrl\":\"https:\\\/\\\/secure.gravatar.com\\\/avatar\\\/b6992f131dc8d30ab0dff15446e9d346d9dbd95992de0fef795073f5ea83a81c?s=96&d=mm&r=g\",\"caption\":\"La Gu\u00eda de Pamplona\"}}]}<\/script>\n<!-- \/ Yoast SEO plugin. -->","yoast_head_json":{"title":"El Ayuntamiento de Pamplona mantiene su apuesta por la inserci\u00f3n laboral de la poblaci\u00f3n joven presentando seis proyectos de escuela-taller para el periodo 2024-2025","description":"Si la resoluci\u00f3n de las ayudas del Servicio Navarro de Empleo de Gobierno de Navarra es positiva, todas se iniciar\u00edan en marzo del a\u00f1o que viene","robots":{"index":"index","follow":"follow","max-snippet":"max-snippet:-1","max-image-preview":"max-image-preview:large","max-video-preview":"max-video-preview:-1"},"canonical":"https:\/\/www.laguiadepamplona.com\/actualidad\/el-ayuntamiento-de-pamplona-mantiene-su-apuesta-por-la-insercion-laboral-de-la-poblacion-joven-presentando-seis-proyectos-de-escuela-taller-para-el-periodo-2024-2025\/","og_locale":"es_ES","og_type":"article","og_title":"El Ayuntamiento de Pamplona mantiene su apuesta por la inserci\u00f3n laboral de la poblaci\u00f3n joven presentando seis proyectos de escuela-taller para el periodo 2024-2025","og_description":"Si la resoluci\u00f3n de las ayudas del Servicio Navarro de Empleo de Gobierno de Navarra es positiva, todas se iniciar\u00edan en marzo del a\u00f1o que viene","og_url":"https:\/\/www.laguiadepamplona.com\/actualidad\/el-ayuntamiento-de-pamplona-mantiene-su-apuesta-por-la-insercion-laboral-de-la-poblacion-joven-presentando-seis-proyectos-de-escuela-taller-para-el-periodo-2024-2025\/","og_site_name":"La Gu\u00eda de Pamplona","article_publisher":"https:\/\/www.facebook.com\/laguiadepamplonacom-133175176762273\/?ref=hl","article_published_time":"2023-10-13T12:11:36+00:00","og_image":[{"width":1200,"height":800,"url":"https:\/\/www.laguiadepamplona.com\/actualidad\/wp-content\/uploads\/2023\/10\/ESCUELA-TALLER-ANDABEN_EE5A9050.webp","type":"image\/webp"}],"author":"La Gu\u00eda de Pamplona","twitter_card":"summary_large_image","twitter_creator":"@LaGuiadPamplona","twitter_site":"@LaGuiadPamplona","twitter_misc":{"Escrito por":"La Gu\u00eda de Pamplona","Tiempo de lectura":"3 minutos"},"schema":{"@context":"https:\/\/schema.org","@graph":[{"@type":"Article","@id":"https:\/\/www.laguiadepamplona.com\/actualidad\/el-ayuntamiento-de-pamplona-mantiene-su-apuesta-por-la-insercion-laboral-de-la-poblacion-joven-presentando-seis-proyectos-de-escuela-taller-para-el-periodo-2024-2025\/#article","isPartOf":{"@id":"https:\/\/www.laguiadepamplona.com\/actualidad\/el-ayuntamiento-de-pamplona-mantiene-su-apuesta-por-la-insercion-laboral-de-la-poblacion-joven-presentando-seis-proyectos-de-escuela-taller-para-el-periodo-2024-2025\/"},"author":{"name":"La Gu\u00eda de Pamplona","@id":"https:\/\/www.laguiadepamplona.com\/actualidad\/#\/schema\/person\/efe887376f0213d4657c93adc50b1fdb"},"headline":"El Ayuntamiento de Pamplona mantiene su apuesta por la inserci\u00f3n laboral de la poblaci\u00f3n joven presentando seis proyectos de escuela-taller para el periodo 2024-2025","datePublished":"2023-10-13T12:11:36+00:00","mainEntityOfPage":{"@id":"https:\/\/www.laguiadepamplona.com\/actualidad\/el-ayuntamiento-de-pamplona-mantiene-su-apuesta-por-la-insercion-laboral-de-la-poblacion-joven-presentando-seis-proyectos-de-escuela-taller-para-el-periodo-2024-2025\/"},"wordCount":667,"commentCount":0,"publisher":{"@id":"https:\/\/www.laguiadepamplona.com\/actualidad\/#organization"},"image":{"@id":"https:\/\/www.laguiadepamplona.com\/actualidad\/el-ayuntamiento-de-pamplona-mantiene-su-apuesta-por-la-insercion-laboral-de-la-poblacion-joven-presentando-seis-proyectos-de-escuela-taller-para-el-periodo-2024-2025\/#primaryimage"},"thumbnailUrl":"https:\/\/www.laguiadepamplona.com\/actualidad\/wp-content\/uploads\/2023\/10\/ESCUELA-TALLER-ANDABEN_EE5A9050.webp","articleSection":["Ayto Pamplona"],"inLanguage":"es","potentialAction":[{"@type":"CommentAction","name":"Comment","target":["https:\/\/www.laguiadepamplona.com\/actualidad\/el-ayuntamiento-de-pamplona-mantiene-su-apuesta-por-la-insercion-laboral-de-la-poblacion-joven-presentando-seis-proyectos-de-escuela-taller-para-el-periodo-2024-2025\/#respond"]}]},{"@type":"WebPage","@id":"https:\/\/www.laguiadepamplona.com\/actualidad\/el-ayuntamiento-de-pamplona-mantiene-su-apuesta-por-la-insercion-laboral-de-la-poblacion-joven-presentando-seis-proyectos-de-escuela-taller-para-el-periodo-2024-2025\/","url":"https:\/\/www.laguiadepamplona.com\/actualidad\/el-ayuntamiento-de-pamplona-mantiene-su-apuesta-por-la-insercion-laboral-de-la-poblacion-joven-presentando-seis-proyectos-de-escuela-taller-para-el-periodo-2024-2025\/","name":"El Ayuntamiento de Pamplona mantiene su apuesta por la inserci\u00f3n laboral de la poblaci\u00f3n joven presentando seis proyectos de escuela-taller para el periodo 2024-2025","isPartOf":{"@id":"https:\/\/www.laguiadepamplona.com\/actualidad\/#website"},"primaryImageOfPage":{"@id":"https:\/\/www.laguiadepamplona.com\/actualidad\/el-ayuntamiento-de-pamplona-mantiene-su-apuesta-por-la-insercion-laboral-de-la-poblacion-joven-presentando-seis-proyectos-de-escuela-taller-para-el-periodo-2024-2025\/#primaryimage"},"image":{"@id":"https:\/\/www.laguiadepamplona.com\/actualidad\/el-ayuntamiento-de-pamplona-mantiene-su-apuesta-por-la-insercion-laboral-de-la-poblacion-joven-presentando-seis-proyectos-de-escuela-taller-para-el-periodo-2024-2025\/#primaryimage"},"thumbnailUrl":"https:\/\/www.laguiadepamplona.com\/actualidad\/wp-content\/uploads\/2023\/10\/ESCUELA-TALLER-ANDABEN_EE5A9050.webp","datePublished":"2023-10-13T12:11:36+00:00","description":"Si la resoluci\u00f3n de las ayudas del Servicio Navarro de Empleo de Gobierno de Navarra es positiva, todas se iniciar\u00edan en marzo del a\u00f1o que viene","breadcrumb":{"@id":"https:\/\/www.laguiadepamplona.com\/actualidad\/el-ayuntamiento-de-pamplona-mantiene-su-apuesta-por-la-insercion-laboral-de-la-poblacion-joven-presentando-seis-proyectos-de-escuela-taller-para-el-periodo-2024-2025\/#breadcrumb"},"inLanguage":"es","potentialAction":[{"@type":"ReadAction","target":["https:\/\/www.laguiadepamplona.com\/actualidad\/el-ayuntamiento-de-pamplona-mantiene-su-apuesta-por-la-insercion-laboral-de-la-poblacion-joven-presentando-seis-proyectos-de-escuela-taller-para-el-periodo-2024-2025\/"]}]},{"@type":"ImageObject","inLanguage":"es","@id":"https:\/\/www.laguiadepamplona.com\/actualidad\/el-ayuntamiento-de-pamplona-mantiene-su-apuesta-por-la-insercion-laboral-de-la-poblacion-joven-presentando-seis-proyectos-de-escuela-taller-para-el-periodo-2024-2025\/#primaryimage","url":"https:\/\/www.laguiadepamplona.com\/actualidad\/wp-content\/uploads\/2023\/10\/ESCUELA-TALLER-ANDABEN_EE5A9050.webp","contentUrl":"https:\/\/www.laguiadepamplona.com\/actualidad\/wp-content\/uploads\/2023\/10\/ESCUELA-TALLER-ANDABEN_EE5A9050.webp","width":1200,"height":800,"caption":"escuela taller"},{"@type":"BreadcrumbList","@id":"https:\/\/www.laguiadepamplona.com\/actualidad\/el-ayuntamiento-de-pamplona-mantiene-su-apuesta-por-la-insercion-laboral-de-la-poblacion-joven-presentando-seis-proyectos-de-escuela-taller-para-el-periodo-2024-2025\/#breadcrumb","itemListElement":[{"@type":"ListItem","position":1,"name":"Portada","item":"https:\/\/www.laguiadepamplona.com\/actualidad\/"},{"@type":"ListItem","position":2,"name":"El Ayuntamiento de Pamplona mantiene su apuesta por la inserci\u00f3n laboral de la poblaci\u00f3n joven presentando seis proyectos de escuela-taller para el periodo 2024-2025"}]},{"@type":"WebSite","@id":"https:\/\/www.laguiadepamplona.com\/actualidad\/#website","url":"https:\/\/www.laguiadepamplona.com\/actualidad\/","name":"La gu\u00eda de Pamplona","description":"Noticias de Pamplona","publisher":{"@id":"https:\/\/www.laguiadepamplona.com\/actualidad\/#organization"},"potentialAction":[{"@type":"SearchAction","target":{"@type":"EntryPoint","urlTemplate":"https:\/\/www.laguiadepamplona.com\/actualidad\/?s={search_term_string}"},"query-input":{"@type":"PropertyValueSpecification","valueRequired":true,"valueName":"search_term_string"}}],"inLanguage":"es"},{"@type":"Organization","@id":"https:\/\/www.laguiadepamplona.com\/actualidad\/#organization","name":"La Gu\u00eda de Pamplona \/ Noticias","url":"https:\/\/www.laguiadepamplona.com\/actualidad\/","logo":{"@type":"ImageObject","inLanguage":"es","@id":"https:\/\/www.laguiadepamplona.com\/actualidad\/#\/schema\/logo\/image\/","url":"https:\/\/www.laguiadepamplona.com\/actualidad\/wp-content\/uploads\/2018\/11\/logo-laguiadepamplona18-web1.png","contentUrl":"https:\/\/www.laguiadepamplona.com\/actualidad\/wp-content\/uploads\/2018\/11\/logo-laguiadepamplona18-web1.png","width":600,"height":196,"caption":"La Gu\u00eda de Pamplona \/ Noticias"},"image":{"@id":"https:\/\/www.laguiadepamplona.com\/actualidad\/#\/schema\/logo\/image\/"},"sameAs":["https:\/\/www.facebook.com\/laguiadepamplonacom-133175176762273\/?ref=hl","https:\/\/x.com\/LaGuiadPamplona","https:\/\/www.instagram.com\/la_guia_de_pamplona\/","https:\/\/www.youtube.com\/user\/laguiadepamplona"]},{"@type":"Person","@id":"https:\/\/www.laguiadepamplona.com\/actualidad\/#\/schema\/person\/efe887376f0213d4657c93adc50b1fdb","name":"La Gu\u00eda de Pamplona","image":{"@type":"ImageObject","inLanguage":"es","@id":"https:\/\/secure.gravatar.com\/avatar\/b6992f131dc8d30ab0dff15446e9d346d9dbd95992de0fef795073f5ea83a81c?s=96&d=mm&r=g","url":"https:\/\/secure.gravatar.com\/avatar\/b6992f131dc8d30ab0dff15446e9d346d9dbd95992de0fef795073f5ea83a81c?s=96&d=mm&r=g","contentUrl":"https:\/\/secure.gravatar.com\/avatar\/b6992f131dc8d30ab0dff15446e9d346d9dbd95992de0fef795073f5ea83a81c?s=96&d=mm&r=g","caption":"La Gu\u00eda de Pamplona"}}]}},"post_mailing_queue_ids":[],"_links":{"self":[{"href":"https:\/\/www.laguiadepamplona.com\/actualidad\/wp-json\/wp\/v2\/posts\/47569","targetHints":{"allow":["GET"]}}],"collection":[{"href":"https:\/\/www.laguiadepamplona.com\/actualidad\/wp-json\/wp\/v2\/posts"}],"about":[{"href":"https:\/\/www.laguiadepamplona.com\/actualidad\/wp-json\/wp\/v2\/types\/post"}],"author":[{"embeddable":true,"href":"https:\/\/www.laguiadepamplona.com\/actualidad\/wp-json\/wp\/v2\/users\/1"}],"replies":[{"embeddable":true,"href":"https:\/\/www.laguiadepamplona.com\/actualidad\/wp-json\/wp\/v2\/comments?post=47569"}],"version-history":[{"count":1,"href":"https:\/\/www.laguiadepamplona.com\/actualidad\/wp-json\/wp\/v2\/posts\/47569\/revisions"}],"predecessor-version":[{"id":47571,"href":"https:\/\/www.laguiadepamplona.com\/actualidad\/wp-json\/wp\/v2\/posts\/47569\/revisions\/47571"}],"wp:featuredmedia":[{"embeddable":true,"href":"https:\/\/www.laguiadepamplona.com\/actualidad\/wp-json\/wp\/v2\/media\/47570"}],"wp:attachment":[{"href":"https:\/\/www.laguiadepamplona.com\/actualidad\/wp-json\/wp\/v2\/media?parent=47569"}],"wp:term":[{"taxonomy":"category","embeddable":true,"href":"https:\/\/www.laguiadepamplona.com\/actualidad\/wp-json\/wp\/v2\/categories?post=47569"},{"taxonomy":"post_tag","embeddable":true,"href":"https:\/\/www.laguiadepamplona.com\/actualidad\/wp-json\/wp\/v2\/tags?post=47569"}],"curies":[{"name":"wp","href":"https:\/\/api.w.org\/{rel}","templated":true}]}}