{"id":47563,"date":"2023-10-13T14:08:33","date_gmt":"2023-10-13T12:08:33","guid":{"rendered":"https:\/\/www.laguiadepamplona.com\/actualidad\/?p=47563"},"modified":"2023-10-13T14:08:33","modified_gmt":"2023-10-13T12:08:33","slug":"el-fotografo-adolfo-lacunza-propone-un-recorrido-por-la-cultura-navarra-a-traves-de-50-retratos-en-blanco-y-negro-realizados-a-lo-largo-de-su-trayectoria-profesional","status":"publish","type":"post","link":"https:\/\/www.laguiadepamplona.com\/actualidad\/el-fotografo-adolfo-lacunza-propone-un-recorrido-por-la-cultura-navarra-a-traves-de-50-retratos-en-blanco-y-negro-realizados-a-lo-largo-de-su-trayectoria-profesional\/","title":{"rendered":"El fot\u00f3grafo Adolfo Lacunza propone un recorrido por la cultura navarra a trav\u00e9s de 50 retratos en blanco y negro realizados a lo largo de su trayectoria profesional"},"content":{"rendered":"<h3>\u2018La senda como recorrido\u2019 es el t\u00edtulo de la muestra que se podr\u00e1 visitar en el Polvor\u00edn de la Ciudadela hasta el 10 de diciembre<\/h3>\n<p><!--more--><\/p>\n<p>El maestro Turrillas, Pablo Anto\u00f1ana, Pedro Salaberri, Barricada, Pedro Manterola, Aurora Beltr\u00e1n, Mariano Izeta, Juan Jos\u00e9 Aquerreta, C\u00e9sar Mu\u00f1oz Sola o Xabier Morr\u00e1s son algunos de los protagonistas de la exposici\u00f3n \u2018La senda como recorrido\u2019, una recopilaci\u00f3n de 50 retratos en blanco y negro realizados por el fot\u00f3grafo Adolfo Lacunza a lo largo de su amplia trayectoria profesional. La muestra se abre al p\u00fablico este viernes en el Polvor\u00edn de la Ciudadela y se podr\u00e1 visitar hasta el pr\u00f3ximo 10 de diciembre.<\/p>\n<p>La muestra se concibe como un recorrido por la cultura navarra de las \u00faltimas d\u00e9cadas, una mirada atr\u00e1s que sirve tambi\u00e9n como ejemplo de la carrera fotogr\u00e1fica del propio Adolfo Lacunza, que ha buscado en sus archivos las im\u00e1genes que se exponen. Cantantes, m\u00fasicos, artistas, pintores, escultores, compositores, escritores y el mundo del teatro, del cine o del periodismo tienen su retrato en primera persona o en grupo. Hombres y mujeres referentes en sus \u00e1mbitos culturales y profesionales que se dejaron retratar en un momento y en un tiempo por Lacunza.<br \/>\n<script async src=\"\/\/pagead2.googlesyndication.com\/pagead\/js\/adsbygoogle.js\"><\/script><br \/>\n<!-- Noticias La Guia de Pamplona --><br \/>\n<ins class=\"adsbygoogle\"\nstyle=\"display:block\"\ndata-ad-client=\"ca-pub-6943679897239327\"\ndata-ad-slot=\"7048180777\"\ndata-ad-format=\"auto\"><\/ins><br \/>\n<script>\n(adsbygoogle = window.adsbygoogle || []).push({});\n<\/script><\/p>\n<p>El director de Cultura del Ayuntamiento de Pamplona, Rudy Goroskieta, y el propio autor han presentado la exposici\u00f3n esta ma\u00f1ana. M\u00e1s all\u00e1 de la personalidad de quienes protagonizan esas fotos, que supone tambi\u00e9n un valor intr\u00ednseco para la imagen, la obra de Lacunza destaca por la composici\u00f3n de esas instant\u00e1neas, por su perspectiva, su contexto, su luz y su calidad t\u00e9cnica.<\/p>\n<p>En el cat\u00e1logo de la exposici\u00f3n, Adolfo Lacunza reconoce el \u201crastro \u00edntimo\u201d que le han dejado la mayor\u00eda de las fotograf\u00edas que ha realizado, sobre todo en lo que ha llamado \u201cretratos de gente de la cultura\u201d.\u00a0 La huella de esos encuentros y muchos otros han marcado sin duda alguna su vida, o sea, su senda. \u201cConocimiento, amplitud de miras, y sobre todo sensibilidad e imaginaci\u00f3n son algunas de las virtudes que comparten\u201d muchos de esos retratados y retratadas, a quienes Lacunza agradece esa peque\u00f1a parcela de tiempo en la que le han permitido entrometerse e invadir su yo.<br \/>\n<script async src=\"\/\/pagead2.googlesyndication.com\/pagead\/js\/adsbygoogle.js\"><\/script><br \/>\n<!-- Noticias La Guia de Pamplona --><br \/>\n<ins class=\"adsbygoogle\"\nstyle=\"display:block\"\ndata-ad-client=\"ca-pub-6943679897239327\"\ndata-ad-slot=\"7048180777\"\ndata-ad-format=\"auto\"><\/ins><br \/>\n<script>\n(adsbygoogle = window.adsbygoogle || []).push({});\n<\/script><\/p>\n<p>Nacido en Huarte en 1956 y de formaci\u00f3n autodidacta, el cine y la curiosidad le llevaron en su d\u00eda a descubrir la fotograf\u00eda como arte. Comenz\u00f3 a trabajar en un comercio fotogr\u00e1fico y desde ah\u00ed ha logrado labrarse una carrera profesional larga y reconocida, con trabajos en casi todo lo que se puede relacionar con la fotograf\u00eda, pues ha estado en medios de comunicaci\u00f3n, fue durante 30 a\u00f1os el fot\u00f3grafo oficial del Parlamento de Navarra, se ha dedicado a la publicidad, sus fotos ilustran publicaciones y han formado parte de exposiciones, ha impartido cursos y formaci\u00f3n en la red Civivox\u2026 y desde su propio estudio ha aportado su granito de arena a un arte, el de la fotograf\u00eda, que ha evolucionado mucho en los \u00faltimos a\u00f1os con la digitalizaci\u00f3n.<\/p>\n","protected":false},"excerpt":{"rendered":"<p>\u2018La senda como recorrido\u2019 es el t\u00edtulo de la muestra que se podr\u00e1 visitar en el Polvor\u00edn de la Ciudadela hasta el 10 de diciembre<\/p>\n","protected":false},"author":1,"featured_media":47564,"comment_status":"open","ping_status":"closed","sticky":false,"template":"","format":"standard","meta":{"footnotes":""},"categories":[2],"tags":[],"class_list":["post-47563","post","type-post","status-publish","format-standard","has-post-thumbnail","hentry","category-ayuntamiento-pamplona"],"yoast_head":"<!-- This site is optimized with the Yoast SEO plugin v27.3 - https:\/\/yoast.com\/product\/yoast-seo-wordpress\/ -->\n<title>El fot\u00f3grafo Adolfo Lacunza propone un recorrido por la cultura navarra a trav\u00e9s de 50 retratos en blanco y negro realizados a lo largo de su trayectoria profesional<\/title>\n<meta name=\"description\" content=\"\u2018La senda como recorrido\u2019 es el t\u00edtulo de la muestra que se podr\u00e1 visitar en el Polvor\u00edn de la Ciudadela hasta el 10 de diciembre\" \/>\n<meta name=\"robots\" content=\"index, follow, max-snippet:-1, max-image-preview:large, max-video-preview:-1\" \/>\n<link rel=\"canonical\" href=\"https:\/\/www.laguiadepamplona.com\/actualidad\/el-fotografo-adolfo-lacunza-propone-un-recorrido-por-la-cultura-navarra-a-traves-de-50-retratos-en-blanco-y-negro-realizados-a-lo-largo-de-su-trayectoria-profesional\/\" \/>\n<meta property=\"og:locale\" content=\"es_ES\" \/>\n<meta property=\"og:type\" content=\"article\" \/>\n<meta property=\"og:title\" content=\"El fot\u00f3grafo Adolfo Lacunza propone un recorrido por la cultura navarra a trav\u00e9s de 50 retratos en blanco y negro realizados a lo largo de su trayectoria profesional\" \/>\n<meta property=\"og:description\" content=\"\u2018La senda como recorrido\u2019 es el t\u00edtulo de la muestra que se podr\u00e1 visitar en el Polvor\u00edn de la Ciudadela hasta el 10 de diciembre\" \/>\n<meta property=\"og:url\" content=\"https:\/\/www.laguiadepamplona.com\/actualidad\/el-fotografo-adolfo-lacunza-propone-un-recorrido-por-la-cultura-navarra-a-traves-de-50-retratos-en-blanco-y-negro-realizados-a-lo-largo-de-su-trayectoria-profesional\/\" \/>\n<meta property=\"og:site_name\" content=\"La Gu\u00eda de Pamplona\" \/>\n<meta property=\"article:publisher\" content=\"https:\/\/www.facebook.com\/laguiadepamplonacom-133175176762273\/?ref=hl\" \/>\n<meta property=\"article:published_time\" content=\"2023-10-13T12:08:33+00:00\" \/>\n<meta property=\"og:image\" content=\"https:\/\/www.laguiadepamplona.com\/actualidad\/wp-content\/uploads\/2023\/10\/20231013_105252-expo-adolfo-lacunza.webp\" \/>\n\t<meta property=\"og:image:width\" content=\"1200\" \/>\n\t<meta property=\"og:image:height\" content=\"541\" \/>\n\t<meta property=\"og:image:type\" content=\"image\/webp\" \/>\n<meta name=\"author\" content=\"La Gu\u00eda de Pamplona\" \/>\n<meta name=\"twitter:card\" content=\"summary_large_image\" \/>\n<meta name=\"twitter:creator\" content=\"@LaGuiadPamplona\" \/>\n<meta name=\"twitter:site\" content=\"@LaGuiadPamplona\" \/>\n<meta name=\"twitter:label1\" content=\"Escrito por\" \/>\n\t<meta name=\"twitter:data1\" content=\"La Gu\u00eda de Pamplona\" \/>\n\t<meta name=\"twitter:label2\" content=\"Tiempo de lectura\" \/>\n\t<meta name=\"twitter:data2\" content=\"3 minutos\" \/>\n<script type=\"application\/ld+json\" class=\"yoast-schema-graph\">{\"@context\":\"https:\\\/\\\/schema.org\",\"@graph\":[{\"@type\":\"Article\",\"@id\":\"https:\\\/\\\/www.laguiadepamplona.com\\\/actualidad\\\/el-fotografo-adolfo-lacunza-propone-un-recorrido-por-la-cultura-navarra-a-traves-de-50-retratos-en-blanco-y-negro-realizados-a-lo-largo-de-su-trayectoria-profesional\\\/#article\",\"isPartOf\":{\"@id\":\"https:\\\/\\\/www.laguiadepamplona.com\\\/actualidad\\\/el-fotografo-adolfo-lacunza-propone-un-recorrido-por-la-cultura-navarra-a-traves-de-50-retratos-en-blanco-y-negro-realizados-a-lo-largo-de-su-trayectoria-profesional\\\/\"},\"author\":{\"name\":\"La Gu\u00eda de Pamplona\",\"@id\":\"https:\\\/\\\/www.laguiadepamplona.com\\\/actualidad\\\/#\\\/schema\\\/person\\\/efe887376f0213d4657c93adc50b1fdb\"},\"headline\":\"El fot\u00f3grafo Adolfo Lacunza propone un recorrido por la cultura navarra a trav\u00e9s de 50 retratos en blanco y negro realizados a lo largo de su trayectoria profesional\",\"datePublished\":\"2023-10-13T12:08:33+00:00\",\"mainEntityOfPage\":{\"@id\":\"https:\\\/\\\/www.laguiadepamplona.com\\\/actualidad\\\/el-fotografo-adolfo-lacunza-propone-un-recorrido-por-la-cultura-navarra-a-traves-de-50-retratos-en-blanco-y-negro-realizados-a-lo-largo-de-su-trayectoria-profesional\\\/\"},\"wordCount\":556,\"commentCount\":0,\"publisher\":{\"@id\":\"https:\\\/\\\/www.laguiadepamplona.com\\\/actualidad\\\/#organization\"},\"image\":{\"@id\":\"https:\\\/\\\/www.laguiadepamplona.com\\\/actualidad\\\/el-fotografo-adolfo-lacunza-propone-un-recorrido-por-la-cultura-navarra-a-traves-de-50-retratos-en-blanco-y-negro-realizados-a-lo-largo-de-su-trayectoria-profesional\\\/#primaryimage\"},\"thumbnailUrl\":\"https:\\\/\\\/www.laguiadepamplona.com\\\/actualidad\\\/wp-content\\\/uploads\\\/2023\\\/10\\\/20231013_105252-expo-adolfo-lacunza.webp\",\"articleSection\":[\"Ayto Pamplona\"],\"inLanguage\":\"es\",\"potentialAction\":[{\"@type\":\"CommentAction\",\"name\":\"Comment\",\"target\":[\"https:\\\/\\\/www.laguiadepamplona.com\\\/actualidad\\\/el-fotografo-adolfo-lacunza-propone-un-recorrido-por-la-cultura-navarra-a-traves-de-50-retratos-en-blanco-y-negro-realizados-a-lo-largo-de-su-trayectoria-profesional\\\/#respond\"]}]},{\"@type\":\"WebPage\",\"@id\":\"https:\\\/\\\/www.laguiadepamplona.com\\\/actualidad\\\/el-fotografo-adolfo-lacunza-propone-un-recorrido-por-la-cultura-navarra-a-traves-de-50-retratos-en-blanco-y-negro-realizados-a-lo-largo-de-su-trayectoria-profesional\\\/\",\"url\":\"https:\\\/\\\/www.laguiadepamplona.com\\\/actualidad\\\/el-fotografo-adolfo-lacunza-propone-un-recorrido-por-la-cultura-navarra-a-traves-de-50-retratos-en-blanco-y-negro-realizados-a-lo-largo-de-su-trayectoria-profesional\\\/\",\"name\":\"El fot\u00f3grafo Adolfo Lacunza propone un recorrido por la cultura navarra a trav\u00e9s de 50 retratos en blanco y negro realizados a lo largo de su trayectoria profesional\",\"isPartOf\":{\"@id\":\"https:\\\/\\\/www.laguiadepamplona.com\\\/actualidad\\\/#website\"},\"primaryImageOfPage\":{\"@id\":\"https:\\\/\\\/www.laguiadepamplona.com\\\/actualidad\\\/el-fotografo-adolfo-lacunza-propone-un-recorrido-por-la-cultura-navarra-a-traves-de-50-retratos-en-blanco-y-negro-realizados-a-lo-largo-de-su-trayectoria-profesional\\\/#primaryimage\"},\"image\":{\"@id\":\"https:\\\/\\\/www.laguiadepamplona.com\\\/actualidad\\\/el-fotografo-adolfo-lacunza-propone-un-recorrido-por-la-cultura-navarra-a-traves-de-50-retratos-en-blanco-y-negro-realizados-a-lo-largo-de-su-trayectoria-profesional\\\/#primaryimage\"},\"thumbnailUrl\":\"https:\\\/\\\/www.laguiadepamplona.com\\\/actualidad\\\/wp-content\\\/uploads\\\/2023\\\/10\\\/20231013_105252-expo-adolfo-lacunza.webp\",\"datePublished\":\"2023-10-13T12:08:33+00:00\",\"description\":\"\u2018La senda como recorrido\u2019 es el t\u00edtulo de la muestra que se podr\u00e1 visitar en el Polvor\u00edn de la Ciudadela hasta el 10 de diciembre\",\"breadcrumb\":{\"@id\":\"https:\\\/\\\/www.laguiadepamplona.com\\\/actualidad\\\/el-fotografo-adolfo-lacunza-propone-un-recorrido-por-la-cultura-navarra-a-traves-de-50-retratos-en-blanco-y-negro-realizados-a-lo-largo-de-su-trayectoria-profesional\\\/#breadcrumb\"},\"inLanguage\":\"es\",\"potentialAction\":[{\"@type\":\"ReadAction\",\"target\":[\"https:\\\/\\\/www.laguiadepamplona.com\\\/actualidad\\\/el-fotografo-adolfo-lacunza-propone-un-recorrido-por-la-cultura-navarra-a-traves-de-50-retratos-en-blanco-y-negro-realizados-a-lo-largo-de-su-trayectoria-profesional\\\/\"]}]},{\"@type\":\"ImageObject\",\"inLanguage\":\"es\",\"@id\":\"https:\\\/\\\/www.laguiadepamplona.com\\\/actualidad\\\/el-fotografo-adolfo-lacunza-propone-un-recorrido-por-la-cultura-navarra-a-traves-de-50-retratos-en-blanco-y-negro-realizados-a-lo-largo-de-su-trayectoria-profesional\\\/#primaryimage\",\"url\":\"https:\\\/\\\/www.laguiadepamplona.com\\\/actualidad\\\/wp-content\\\/uploads\\\/2023\\\/10\\\/20231013_105252-expo-adolfo-lacunza.webp\",\"contentUrl\":\"https:\\\/\\\/www.laguiadepamplona.com\\\/actualidad\\\/wp-content\\\/uploads\\\/2023\\\/10\\\/20231013_105252-expo-adolfo-lacunza.webp\",\"width\":1200,\"height\":541,\"caption\":\"fot\u00f3grafo expo\"},{\"@type\":\"BreadcrumbList\",\"@id\":\"https:\\\/\\\/www.laguiadepamplona.com\\\/actualidad\\\/el-fotografo-adolfo-lacunza-propone-un-recorrido-por-la-cultura-navarra-a-traves-de-50-retratos-en-blanco-y-negro-realizados-a-lo-largo-de-su-trayectoria-profesional\\\/#breadcrumb\",\"itemListElement\":[{\"@type\":\"ListItem\",\"position\":1,\"name\":\"Portada\",\"item\":\"https:\\\/\\\/www.laguiadepamplona.com\\\/actualidad\\\/\"},{\"@type\":\"ListItem\",\"position\":2,\"name\":\"El fot\u00f3grafo Adolfo Lacunza propone un recorrido por la cultura navarra a trav\u00e9s de 50 retratos en blanco y negro realizados a lo largo de su trayectoria profesional\"}]},{\"@type\":\"WebSite\",\"@id\":\"https:\\\/\\\/www.laguiadepamplona.com\\\/actualidad\\\/#website\",\"url\":\"https:\\\/\\\/www.laguiadepamplona.com\\\/actualidad\\\/\",\"name\":\"La gu\u00eda de Pamplona\",\"description\":\"Noticias de Pamplona\",\"publisher\":{\"@id\":\"https:\\\/\\\/www.laguiadepamplona.com\\\/actualidad\\\/#organization\"},\"potentialAction\":[{\"@type\":\"SearchAction\",\"target\":{\"@type\":\"EntryPoint\",\"urlTemplate\":\"https:\\\/\\\/www.laguiadepamplona.com\\\/actualidad\\\/?s={search_term_string}\"},\"query-input\":{\"@type\":\"PropertyValueSpecification\",\"valueRequired\":true,\"valueName\":\"search_term_string\"}}],\"inLanguage\":\"es\"},{\"@type\":\"Organization\",\"@id\":\"https:\\\/\\\/www.laguiadepamplona.com\\\/actualidad\\\/#organization\",\"name\":\"La Gu\u00eda de Pamplona \\\/ Noticias\",\"url\":\"https:\\\/\\\/www.laguiadepamplona.com\\\/actualidad\\\/\",\"logo\":{\"@type\":\"ImageObject\",\"inLanguage\":\"es\",\"@id\":\"https:\\\/\\\/www.laguiadepamplona.com\\\/actualidad\\\/#\\\/schema\\\/logo\\\/image\\\/\",\"url\":\"https:\\\/\\\/www.laguiadepamplona.com\\\/actualidad\\\/wp-content\\\/uploads\\\/2018\\\/11\\\/logo-laguiadepamplona18-web1.png\",\"contentUrl\":\"https:\\\/\\\/www.laguiadepamplona.com\\\/actualidad\\\/wp-content\\\/uploads\\\/2018\\\/11\\\/logo-laguiadepamplona18-web1.png\",\"width\":600,\"height\":196,\"caption\":\"La Gu\u00eda de Pamplona \\\/ Noticias\"},\"image\":{\"@id\":\"https:\\\/\\\/www.laguiadepamplona.com\\\/actualidad\\\/#\\\/schema\\\/logo\\\/image\\\/\"},\"sameAs\":[\"https:\\\/\\\/www.facebook.com\\\/laguiadepamplonacom-133175176762273\\\/?ref=hl\",\"https:\\\/\\\/x.com\\\/LaGuiadPamplona\",\"https:\\\/\\\/www.instagram.com\\\/la_guia_de_pamplona\\\/\",\"https:\\\/\\\/www.youtube.com\\\/user\\\/laguiadepamplona\"]},{\"@type\":\"Person\",\"@id\":\"https:\\\/\\\/www.laguiadepamplona.com\\\/actualidad\\\/#\\\/schema\\\/person\\\/efe887376f0213d4657c93adc50b1fdb\",\"name\":\"La Gu\u00eda de Pamplona\",\"image\":{\"@type\":\"ImageObject\",\"inLanguage\":\"es\",\"@id\":\"https:\\\/\\\/secure.gravatar.com\\\/avatar\\\/b6992f131dc8d30ab0dff15446e9d346d9dbd95992de0fef795073f5ea83a81c?s=96&d=mm&r=g\",\"url\":\"https:\\\/\\\/secure.gravatar.com\\\/avatar\\\/b6992f131dc8d30ab0dff15446e9d346d9dbd95992de0fef795073f5ea83a81c?s=96&d=mm&r=g\",\"contentUrl\":\"https:\\\/\\\/secure.gravatar.com\\\/avatar\\\/b6992f131dc8d30ab0dff15446e9d346d9dbd95992de0fef795073f5ea83a81c?s=96&d=mm&r=g\",\"caption\":\"La Gu\u00eda de Pamplona\"}}]}<\/script>\n<!-- \/ Yoast SEO plugin. -->","yoast_head_json":{"title":"El fot\u00f3grafo Adolfo Lacunza propone un recorrido por la cultura navarra a trav\u00e9s de 50 retratos en blanco y negro realizados a lo largo de su trayectoria profesional","description":"\u2018La senda como recorrido\u2019 es el t\u00edtulo de la muestra que se podr\u00e1 visitar en el Polvor\u00edn de la Ciudadela hasta el 10 de diciembre","robots":{"index":"index","follow":"follow","max-snippet":"max-snippet:-1","max-image-preview":"max-image-preview:large","max-video-preview":"max-video-preview:-1"},"canonical":"https:\/\/www.laguiadepamplona.com\/actualidad\/el-fotografo-adolfo-lacunza-propone-un-recorrido-por-la-cultura-navarra-a-traves-de-50-retratos-en-blanco-y-negro-realizados-a-lo-largo-de-su-trayectoria-profesional\/","og_locale":"es_ES","og_type":"article","og_title":"El fot\u00f3grafo Adolfo Lacunza propone un recorrido por la cultura navarra a trav\u00e9s de 50 retratos en blanco y negro realizados a lo largo de su trayectoria profesional","og_description":"\u2018La senda como recorrido\u2019 es el t\u00edtulo de la muestra que se podr\u00e1 visitar en el Polvor\u00edn de la Ciudadela hasta el 10 de diciembre","og_url":"https:\/\/www.laguiadepamplona.com\/actualidad\/el-fotografo-adolfo-lacunza-propone-un-recorrido-por-la-cultura-navarra-a-traves-de-50-retratos-en-blanco-y-negro-realizados-a-lo-largo-de-su-trayectoria-profesional\/","og_site_name":"La Gu\u00eda de Pamplona","article_publisher":"https:\/\/www.facebook.com\/laguiadepamplonacom-133175176762273\/?ref=hl","article_published_time":"2023-10-13T12:08:33+00:00","og_image":[{"width":1200,"height":541,"url":"https:\/\/www.laguiadepamplona.com\/actualidad\/wp-content\/uploads\/2023\/10\/20231013_105252-expo-adolfo-lacunza.webp","type":"image\/webp"}],"author":"La Gu\u00eda de Pamplona","twitter_card":"summary_large_image","twitter_creator":"@LaGuiadPamplona","twitter_site":"@LaGuiadPamplona","twitter_misc":{"Escrito por":"La Gu\u00eda de Pamplona","Tiempo de lectura":"3 minutos"},"schema":{"@context":"https:\/\/schema.org","@graph":[{"@type":"Article","@id":"https:\/\/www.laguiadepamplona.com\/actualidad\/el-fotografo-adolfo-lacunza-propone-un-recorrido-por-la-cultura-navarra-a-traves-de-50-retratos-en-blanco-y-negro-realizados-a-lo-largo-de-su-trayectoria-profesional\/#article","isPartOf":{"@id":"https:\/\/www.laguiadepamplona.com\/actualidad\/el-fotografo-adolfo-lacunza-propone-un-recorrido-por-la-cultura-navarra-a-traves-de-50-retratos-en-blanco-y-negro-realizados-a-lo-largo-de-su-trayectoria-profesional\/"},"author":{"name":"La Gu\u00eda de Pamplona","@id":"https:\/\/www.laguiadepamplona.com\/actualidad\/#\/schema\/person\/efe887376f0213d4657c93adc50b1fdb"},"headline":"El fot\u00f3grafo Adolfo Lacunza propone un recorrido por la cultura navarra a trav\u00e9s de 50 retratos en blanco y negro realizados a lo largo de su trayectoria profesional","datePublished":"2023-10-13T12:08:33+00:00","mainEntityOfPage":{"@id":"https:\/\/www.laguiadepamplona.com\/actualidad\/el-fotografo-adolfo-lacunza-propone-un-recorrido-por-la-cultura-navarra-a-traves-de-50-retratos-en-blanco-y-negro-realizados-a-lo-largo-de-su-trayectoria-profesional\/"},"wordCount":556,"commentCount":0,"publisher":{"@id":"https:\/\/www.laguiadepamplona.com\/actualidad\/#organization"},"image":{"@id":"https:\/\/www.laguiadepamplona.com\/actualidad\/el-fotografo-adolfo-lacunza-propone-un-recorrido-por-la-cultura-navarra-a-traves-de-50-retratos-en-blanco-y-negro-realizados-a-lo-largo-de-su-trayectoria-profesional\/#primaryimage"},"thumbnailUrl":"https:\/\/www.laguiadepamplona.com\/actualidad\/wp-content\/uploads\/2023\/10\/20231013_105252-expo-adolfo-lacunza.webp","articleSection":["Ayto Pamplona"],"inLanguage":"es","potentialAction":[{"@type":"CommentAction","name":"Comment","target":["https:\/\/www.laguiadepamplona.com\/actualidad\/el-fotografo-adolfo-lacunza-propone-un-recorrido-por-la-cultura-navarra-a-traves-de-50-retratos-en-blanco-y-negro-realizados-a-lo-largo-de-su-trayectoria-profesional\/#respond"]}]},{"@type":"WebPage","@id":"https:\/\/www.laguiadepamplona.com\/actualidad\/el-fotografo-adolfo-lacunza-propone-un-recorrido-por-la-cultura-navarra-a-traves-de-50-retratos-en-blanco-y-negro-realizados-a-lo-largo-de-su-trayectoria-profesional\/","url":"https:\/\/www.laguiadepamplona.com\/actualidad\/el-fotografo-adolfo-lacunza-propone-un-recorrido-por-la-cultura-navarra-a-traves-de-50-retratos-en-blanco-y-negro-realizados-a-lo-largo-de-su-trayectoria-profesional\/","name":"El fot\u00f3grafo Adolfo Lacunza propone un recorrido por la cultura navarra a trav\u00e9s de 50 retratos en blanco y negro realizados a lo largo de su trayectoria profesional","isPartOf":{"@id":"https:\/\/www.laguiadepamplona.com\/actualidad\/#website"},"primaryImageOfPage":{"@id":"https:\/\/www.laguiadepamplona.com\/actualidad\/el-fotografo-adolfo-lacunza-propone-un-recorrido-por-la-cultura-navarra-a-traves-de-50-retratos-en-blanco-y-negro-realizados-a-lo-largo-de-su-trayectoria-profesional\/#primaryimage"},"image":{"@id":"https:\/\/www.laguiadepamplona.com\/actualidad\/el-fotografo-adolfo-lacunza-propone-un-recorrido-por-la-cultura-navarra-a-traves-de-50-retratos-en-blanco-y-negro-realizados-a-lo-largo-de-su-trayectoria-profesional\/#primaryimage"},"thumbnailUrl":"https:\/\/www.laguiadepamplona.com\/actualidad\/wp-content\/uploads\/2023\/10\/20231013_105252-expo-adolfo-lacunza.webp","datePublished":"2023-10-13T12:08:33+00:00","description":"\u2018La senda como recorrido\u2019 es el t\u00edtulo de la muestra que se podr\u00e1 visitar en el Polvor\u00edn de la Ciudadela hasta el 10 de diciembre","breadcrumb":{"@id":"https:\/\/www.laguiadepamplona.com\/actualidad\/el-fotografo-adolfo-lacunza-propone-un-recorrido-por-la-cultura-navarra-a-traves-de-50-retratos-en-blanco-y-negro-realizados-a-lo-largo-de-su-trayectoria-profesional\/#breadcrumb"},"inLanguage":"es","potentialAction":[{"@type":"ReadAction","target":["https:\/\/www.laguiadepamplona.com\/actualidad\/el-fotografo-adolfo-lacunza-propone-un-recorrido-por-la-cultura-navarra-a-traves-de-50-retratos-en-blanco-y-negro-realizados-a-lo-largo-de-su-trayectoria-profesional\/"]}]},{"@type":"ImageObject","inLanguage":"es","@id":"https:\/\/www.laguiadepamplona.com\/actualidad\/el-fotografo-adolfo-lacunza-propone-un-recorrido-por-la-cultura-navarra-a-traves-de-50-retratos-en-blanco-y-negro-realizados-a-lo-largo-de-su-trayectoria-profesional\/#primaryimage","url":"https:\/\/www.laguiadepamplona.com\/actualidad\/wp-content\/uploads\/2023\/10\/20231013_105252-expo-adolfo-lacunza.webp","contentUrl":"https:\/\/www.laguiadepamplona.com\/actualidad\/wp-content\/uploads\/2023\/10\/20231013_105252-expo-adolfo-lacunza.webp","width":1200,"height":541,"caption":"fot\u00f3grafo expo"},{"@type":"BreadcrumbList","@id":"https:\/\/www.laguiadepamplona.com\/actualidad\/el-fotografo-adolfo-lacunza-propone-un-recorrido-por-la-cultura-navarra-a-traves-de-50-retratos-en-blanco-y-negro-realizados-a-lo-largo-de-su-trayectoria-profesional\/#breadcrumb","itemListElement":[{"@type":"ListItem","position":1,"name":"Portada","item":"https:\/\/www.laguiadepamplona.com\/actualidad\/"},{"@type":"ListItem","position":2,"name":"El fot\u00f3grafo Adolfo Lacunza propone un recorrido por la cultura navarra a trav\u00e9s de 50 retratos en blanco y negro realizados a lo largo de su trayectoria profesional"}]},{"@type":"WebSite","@id":"https:\/\/www.laguiadepamplona.com\/actualidad\/#website","url":"https:\/\/www.laguiadepamplona.com\/actualidad\/","name":"La gu\u00eda de Pamplona","description":"Noticias de Pamplona","publisher":{"@id":"https:\/\/www.laguiadepamplona.com\/actualidad\/#organization"},"potentialAction":[{"@type":"SearchAction","target":{"@type":"EntryPoint","urlTemplate":"https:\/\/www.laguiadepamplona.com\/actualidad\/?s={search_term_string}"},"query-input":{"@type":"PropertyValueSpecification","valueRequired":true,"valueName":"search_term_string"}}],"inLanguage":"es"},{"@type":"Organization","@id":"https:\/\/www.laguiadepamplona.com\/actualidad\/#organization","name":"La Gu\u00eda de Pamplona \/ Noticias","url":"https:\/\/www.laguiadepamplona.com\/actualidad\/","logo":{"@type":"ImageObject","inLanguage":"es","@id":"https:\/\/www.laguiadepamplona.com\/actualidad\/#\/schema\/logo\/image\/","url":"https:\/\/www.laguiadepamplona.com\/actualidad\/wp-content\/uploads\/2018\/11\/logo-laguiadepamplona18-web1.png","contentUrl":"https:\/\/www.laguiadepamplona.com\/actualidad\/wp-content\/uploads\/2018\/11\/logo-laguiadepamplona18-web1.png","width":600,"height":196,"caption":"La Gu\u00eda de Pamplona \/ Noticias"},"image":{"@id":"https:\/\/www.laguiadepamplona.com\/actualidad\/#\/schema\/logo\/image\/"},"sameAs":["https:\/\/www.facebook.com\/laguiadepamplonacom-133175176762273\/?ref=hl","https:\/\/x.com\/LaGuiadPamplona","https:\/\/www.instagram.com\/la_guia_de_pamplona\/","https:\/\/www.youtube.com\/user\/laguiadepamplona"]},{"@type":"Person","@id":"https:\/\/www.laguiadepamplona.com\/actualidad\/#\/schema\/person\/efe887376f0213d4657c93adc50b1fdb","name":"La Gu\u00eda de Pamplona","image":{"@type":"ImageObject","inLanguage":"es","@id":"https:\/\/secure.gravatar.com\/avatar\/b6992f131dc8d30ab0dff15446e9d346d9dbd95992de0fef795073f5ea83a81c?s=96&d=mm&r=g","url":"https:\/\/secure.gravatar.com\/avatar\/b6992f131dc8d30ab0dff15446e9d346d9dbd95992de0fef795073f5ea83a81c?s=96&d=mm&r=g","contentUrl":"https:\/\/secure.gravatar.com\/avatar\/b6992f131dc8d30ab0dff15446e9d346d9dbd95992de0fef795073f5ea83a81c?s=96&d=mm&r=g","caption":"La Gu\u00eda de Pamplona"}}]}},"post_mailing_queue_ids":[],"_links":{"self":[{"href":"https:\/\/www.laguiadepamplona.com\/actualidad\/wp-json\/wp\/v2\/posts\/47563","targetHints":{"allow":["GET"]}}],"collection":[{"href":"https:\/\/www.laguiadepamplona.com\/actualidad\/wp-json\/wp\/v2\/posts"}],"about":[{"href":"https:\/\/www.laguiadepamplona.com\/actualidad\/wp-json\/wp\/v2\/types\/post"}],"author":[{"embeddable":true,"href":"https:\/\/www.laguiadepamplona.com\/actualidad\/wp-json\/wp\/v2\/users\/1"}],"replies":[{"embeddable":true,"href":"https:\/\/www.laguiadepamplona.com\/actualidad\/wp-json\/wp\/v2\/comments?post=47563"}],"version-history":[{"count":1,"href":"https:\/\/www.laguiadepamplona.com\/actualidad\/wp-json\/wp\/v2\/posts\/47563\/revisions"}],"predecessor-version":[{"id":47565,"href":"https:\/\/www.laguiadepamplona.com\/actualidad\/wp-json\/wp\/v2\/posts\/47563\/revisions\/47565"}],"wp:featuredmedia":[{"embeddable":true,"href":"https:\/\/www.laguiadepamplona.com\/actualidad\/wp-json\/wp\/v2\/media\/47564"}],"wp:attachment":[{"href":"https:\/\/www.laguiadepamplona.com\/actualidad\/wp-json\/wp\/v2\/media?parent=47563"}],"wp:term":[{"taxonomy":"category","embeddable":true,"href":"https:\/\/www.laguiadepamplona.com\/actualidad\/wp-json\/wp\/v2\/categories?post=47563"},{"taxonomy":"post_tag","embeddable":true,"href":"https:\/\/www.laguiadepamplona.com\/actualidad\/wp-json\/wp\/v2\/tags?post=47563"}],"curies":[{"name":"wp","href":"https:\/\/api.w.org\/{rel}","templated":true}]}}