{"id":47560,"date":"2023-10-13T14:04:23","date_gmt":"2023-10-13T12:04:23","guid":{"rendered":"https:\/\/www.laguiadepamplona.com\/actualidad\/?p=47560"},"modified":"2023-10-13T14:04:23","modified_gmt":"2023-10-13T12:04:23","slug":"primera-reunion-del-consejo-municipal-de-las-mujeres-con-su-nueva-composicion","status":"publish","type":"post","link":"https:\/\/www.laguiadepamplona.com\/actualidad\/primera-reunion-del-consejo-municipal-de-las-mujeres-con-su-nueva-composicion\/","title":{"rendered":"Primera reuni\u00f3n del Consejo municipal de las Mujeres con su nueva composici\u00f3n"},"content":{"rendered":"<h3>Una decena de asociaciones y personal t\u00e9cnico y pol\u00edtico han hablado sobre proyectos y actuaciones en marcha en materia de igualdad en la ciudad<\/h3>\n<p><!--more--><\/p>\n<p>Esta semana ha tenido lugar la primera reuni\u00f3n del Consejo municipal de las Mujeres con la nueva composici\u00f3n tras el cambio de Corporaci\u00f3n. Esta legislatura el \u00f3rgano consultivo se ha reunido bajo la presidencia de Carlos Salvador, concejal delegado del \u00c1rea de Educaci\u00f3n, Igualdad y Diversidad Cultural, un encuentro que ha contado con la representaci\u00f3n Mar\u00eda Ech\u00e1varri Mi\u00f1ano (UPN); Zaloa Basabe Guti\u00e9rrez (EH Bildu), Nuria Medina Santos (Socialistas del Ayuntamiento de Pamplona); Mikel Armend\u00e1riz Barnechea (Geroa Bai), Carmen Alba (PP) y Txema Maule\u00f3n Echeverr\u00eda (Contigo Zurekin).<\/p>\n<p>En torno a la mesa se han sentado tambi\u00e9n, como vocales, otras trece entidades sociales vinculadas con el \u00e1mbito de la igualdad, as\u00ed como personal t\u00e9cnico, una figura jur\u00eddica y representaci\u00f3n sindical de la plantilla municipal. Este \u00f3rgano, que naci\u00f3 en mayo de 1997, tiene naturaleza consultiva y se encarga de realizar el seguimiento de las pol\u00edticas de igualdad, as\u00ed como de ser un espacio de coordinaci\u00f3n entre el Ayuntamiento de Pamplona y los grupos de mujeres y colectivos feministas. Seg\u00fan su reglamento el Consejo se re\u00fane en sesi\u00f3n ordinaria al menos una vez al trimestre con el objetivo de propiciar la participaci\u00f3n de las mujeres en el desarrollo pol\u00edtico, social, laboral, econ\u00f3mico y cultural de Pamplona, y de velar por las condiciones que posibiliten la igualdad real y efectiva de las mujeres en la ciudad.<br \/>\n<script async src=\"\/\/pagead2.googlesyndication.com\/pagead\/js\/adsbygoogle.js\"><\/script><br \/>\n<!-- Noticias La Guia de Pamplona --><br \/>\n<ins class=\"adsbygoogle\"\nstyle=\"display:block\"\ndata-ad-client=\"ca-pub-6943679897239327\"\ndata-ad-slot=\"7048180777\"\ndata-ad-format=\"auto\"><\/ins><br \/>\n<script>\n(adsbygoogle = window.adsbygoogle || []).push({});\n<\/script><\/p>\n<p>Tras la puesta en conocimiento al Consejo de los cambios en su composici\u00f3n y aprobar el acta de la sesi\u00f3n anterior que tuvo lugar el pasado mes de marzo, el encuentro se inici\u00f3 con la explicaci\u00f3n de las actuaciones y proyectos que en estos momentos tiene en marcha el Consistorio en el \u00e1mbito de la Igualdad: el Plan Operativo Anual de Igualdad 2023, las acciones previstas para el 25 de noviembre, el plan de formaci\u00f3n o el proceso de implantaci\u00f3n de los informes de impacto de g\u00e9nero en los presupuestos de la entidad local, entre otros temas.<\/p>\n<p>En la primera reuni\u00f3n se ha dado cuenta al Consejo, adem\u00e1s, de la nueva composici\u00f3n de las comisiones Pol\u00edtica y T\u00e9cnica que se encargan de realizar las propuestas anuales para el plan operativo del Ayuntamiento y de su posterior seguimiento y evaluaci\u00f3n en cumplimiento del III Plan de Igualdad. En la segunda parte de la sesi\u00f3n, las asociaciones y entidades presentes han planteado su plan de trabajo y propuestas como representantes de los colectivos y asociaciones de mujeres de Pamplona, adem\u00e1s de informar de sus proyectos para la promoci\u00f3n e impulso de la igualdad.<br \/>\n<script async src=\"\/\/pagead2.googlesyndication.com\/pagead\/js\/adsbygoogle.js\"><\/script><br \/>\n<!-- Noticias La Guia de Pamplona --><br \/>\n<ins class=\"adsbygoogle\"\nstyle=\"display:block\"\ndata-ad-client=\"ca-pub-6943679897239327\"\ndata-ad-slot=\"7048180777\"\ndata-ad-format=\"auto\"><\/ins><br \/>\n<script>\n(adsbygoogle = window.adsbygoogle || []).push({});\n<\/script><\/p>\n<p>&nbsp;<\/p>\n<h3>Personas y entidades miembros del Consejo municipal de las mujeres<\/h3>\n<p>&nbsp;<\/p>\n<table width=\"619\">\n<tbody>\n<tr>\n<td width=\"335\">Presidente: GRUPO MUNICIPAL UNI\u00d3N DEL PUEBLO NAVARRO<\/td>\n<td width=\"284\">Presidente: Carlos Casimiro Salvador Armend\u00e1riz<\/td>\n<\/tr>\n<tr>\n<td width=\"335\">GRUPO MUNICIPAL UNI\u00d3N DEL PUEBLO NAVARRO<\/td>\n<td width=\"284\">Mar\u00eda Ech\u00e1varri Mi\u00f1ano<\/td>\n<\/tr>\n<tr>\n<td width=\"335\">GRUPO MUNICIPAL EH BILDU<\/td>\n<td width=\"284\">Zaloa Basabe Guti\u00e9rrez<\/td>\n<\/tr>\n<tr>\n<td width=\"335\">GRUPO MUNICIPAL SOCIALISTAS DEL AYUNTAMIENTO DE PAMPLONA<\/td>\n<td width=\"284\">Nuria Medina Santos<\/td>\n<\/tr>\n<tr>\n<td width=\"335\">GRUPO MUNICIPAL GEROA BAI<\/td>\n<td width=\"284\">Mikel Armend\u00e1riz Barnechea<\/td>\n<\/tr>\n<tr>\n<td width=\"335\">GRUPO MUNICIPAL PARTIDO POPULAR<\/td>\n<td width=\"284\">Mar\u00eda Carmen Alba Orduna<\/td>\n<\/tr>\n<tr>\n<td width=\"335\">GRUPO MUNICIPAL MIXTO CONTIGO ZUREKIN<\/td>\n<td width=\"284\">Jos\u00e9 Mar\u00eda Maule\u00f3n Echeverr\u00eda<\/td>\n<\/tr>\n<tr>\n<td width=\"335\">ACCI\u00d3N CONTRA LA TRATA<\/td>\n<td width=\"284\">Joy Ogbeide<\/td>\n<\/tr>\n<tr>\n<td width=\"335\">AMEDNA<\/td>\n<td width=\"284\">Susana Labiano Bastero<\/td>\n<\/tr>\n<tr>\n<td width=\"335\">AMUDISNA<\/td>\n<td width=\"284\">Mar\u00eda Victoria Rem\u00f3n Hualde<\/td>\n<\/tr>\n<tr>\n<td width=\"335\">COMFIN<\/td>\n<td width=\"284\">Yolanda Rodr\u00edguez Villegas<\/td>\n<\/tr>\n<tr>\n<td width=\"335\">DEKUMAS LBT<\/td>\n<td width=\"284\">Mar\u00eda Purificaci\u00f3n del Pilar Malo Brutau<\/td>\n<\/tr>\n<tr>\n<td width=\"335\">EHULEAK NAVARRA<\/td>\n<td width=\"284\">Edurtza Artoleta Elizondo<\/td>\n<\/tr>\n<tr>\n<td width=\"335\">EMPLEADAS DEL HOGAR<\/td>\n<td width=\"284\">Caridad Jerez Valero<\/td>\n<\/tr>\n<tr>\n<td width=\"335\">FLOR DE \u00c1FRICA<\/td>\n<td width=\"284\">F\u00e1tima Djarra Sani<\/td>\n<\/tr>\n<tr>\n<td width=\"335\">FORO MIRAN<\/td>\n<td width=\"284\">Ana Beaumont Hern\u00e1ndez<\/td>\n<\/tr>\n<tr>\n<td width=\"335\">LUNES LILAS<\/td>\n<td width=\"284\">Mar\u00eda Teresa S\u00e1ez Barrao<\/td>\n<\/tr>\n<tr>\n<td width=\"335\">MUJERES CONTRA LA VIOLENCIA SEXISTA<\/td>\n<td width=\"284\">Amaia Zubieta Garciandia<\/td>\n<\/tr>\n<tr>\n<td width=\"335\">COLECTIVO URBANAS<\/td>\n<td width=\"284\">Marian Arrula Ruiz<\/td>\n<\/tr>\n<tr>\n<td width=\"335\">VIUDAS RONCESVALLES<\/td>\n<td width=\"284\">Charo Baines Estremad<\/td>\n<\/tr>\n<tr>\n<td width=\"335\">T\u00c9CNICA IGUALDAD<\/td>\n<td width=\"284\">Vanesa Eguiluz Gonz\u00e1lez<\/td>\n<\/tr>\n<tr>\n<td width=\"335\">T\u00c9CNICA IGUALDAD<\/td>\n<td width=\"284\">Pilar Mayo Falque<\/td>\n<\/tr>\n<tr>\n<td width=\"335\">LETRADO<\/td>\n<td width=\"284\">Mario Gonz\u00e1lez Gonz\u00e1lez<\/td>\n<\/tr>\n<tr>\n<td width=\"335\">REPRESENTANTE DEL SMAM<\/td>\n<td width=\"284\">Mar\u00eda Pilar Baigorri Lerga<\/td>\n<\/tr>\n<tr>\n<td width=\"335\">SINDICATO 1 LAB<\/td>\n<td width=\"284\">Ainhoa Larra\u00f1eta Zaratiegui<\/td>\n<\/tr>\n<tr>\n<td width=\"335\">SINDICATO 2 CCOO<\/td>\n<td width=\"284\">Maria Pilar Ruiz Cobo<\/td>\n<\/tr>\n<\/tbody>\n<\/table>\n","protected":false},"excerpt":{"rendered":"<p>Una decena de asociaciones y personal t\u00e9cnico y pol\u00edtico han hablado sobre proyectos y actuaciones en marcha en materia de igualdad en la ciudad<\/p>\n","protected":false},"author":1,"featured_media":47561,"comment_status":"open","ping_status":"closed","sticky":false,"template":"","format":"standard","meta":{"footnotes":""},"categories":[2],"tags":[],"class_list":["post-47560","post","type-post","status-publish","format-standard","has-post-thumbnail","hentry","category-ayuntamiento-pamplona"],"yoast_head":"<!-- This site is optimized with the Yoast SEO plugin v27.3 - https:\/\/yoast.com\/product\/yoast-seo-wordpress\/ -->\n<title>Primera reuni\u00f3n del Consejo municipal de las Mujeres con su nueva composici\u00f3n<\/title>\n<meta name=\"description\" content=\"Una decena de asociaciones y personal t\u00e9cnico y pol\u00edtico han hablado sobre proyectos y actuaciones en marcha en materia de igualdad en la ciudad\" \/>\n<meta name=\"robots\" content=\"index, follow, max-snippet:-1, max-image-preview:large, max-video-preview:-1\" \/>\n<link rel=\"canonical\" href=\"https:\/\/www.laguiadepamplona.com\/actualidad\/primera-reunion-del-consejo-municipal-de-las-mujeres-con-su-nueva-composicion\/\" \/>\n<meta property=\"og:locale\" content=\"es_ES\" \/>\n<meta property=\"og:type\" content=\"article\" \/>\n<meta property=\"og:title\" content=\"Primera reuni\u00f3n del Consejo municipal de las Mujeres con su nueva composici\u00f3n\" \/>\n<meta property=\"og:description\" content=\"Una decena de asociaciones y personal t\u00e9cnico y pol\u00edtico han hablado sobre proyectos y actuaciones en marcha en materia de igualdad en la ciudad\" \/>\n<meta property=\"og:url\" content=\"https:\/\/www.laguiadepamplona.com\/actualidad\/primera-reunion-del-consejo-municipal-de-las-mujeres-con-su-nueva-composicion\/\" \/>\n<meta property=\"og:site_name\" content=\"La Gu\u00eda de Pamplona\" \/>\n<meta property=\"article:publisher\" content=\"https:\/\/www.facebook.com\/laguiadepamplonacom-133175176762273\/?ref=hl\" \/>\n<meta property=\"article:published_time\" content=\"2023-10-13T12:04:23+00:00\" \/>\n<meta property=\"og:image\" content=\"https:\/\/www.laguiadepamplona.com\/actualidad\/wp-content\/uploads\/2023\/10\/20231011mesamujeresq5a7510_0-1.webp\" \/>\n\t<meta property=\"og:image:width\" content=\"1200\" \/>\n\t<meta property=\"og:image:height\" content=\"800\" \/>\n\t<meta property=\"og:image:type\" content=\"image\/webp\" \/>\n<meta name=\"author\" content=\"La Gu\u00eda de Pamplona\" \/>\n<meta name=\"twitter:card\" content=\"summary_large_image\" \/>\n<meta name=\"twitter:creator\" content=\"@LaGuiadPamplona\" \/>\n<meta name=\"twitter:site\" content=\"@LaGuiadPamplona\" \/>\n<meta name=\"twitter:label1\" content=\"Escrito por\" \/>\n\t<meta name=\"twitter:data1\" content=\"La Gu\u00eda de Pamplona\" \/>\n\t<meta name=\"twitter:label2\" content=\"Tiempo de lectura\" \/>\n\t<meta name=\"twitter:data2\" content=\"3 minutos\" \/>\n<script type=\"application\/ld+json\" class=\"yoast-schema-graph\">{\"@context\":\"https:\\\/\\\/schema.org\",\"@graph\":[{\"@type\":\"Article\",\"@id\":\"https:\\\/\\\/www.laguiadepamplona.com\\\/actualidad\\\/primera-reunion-del-consejo-municipal-de-las-mujeres-con-su-nueva-composicion\\\/#article\",\"isPartOf\":{\"@id\":\"https:\\\/\\\/www.laguiadepamplona.com\\\/actualidad\\\/primera-reunion-del-consejo-municipal-de-las-mujeres-con-su-nueva-composicion\\\/\"},\"author\":{\"name\":\"La Gu\u00eda de Pamplona\",\"@id\":\"https:\\\/\\\/www.laguiadepamplona.com\\\/actualidad\\\/#\\\/schema\\\/person\\\/efe887376f0213d4657c93adc50b1fdb\"},\"headline\":\"Primera reuni\u00f3n del Consejo municipal de las Mujeres con su nueva composici\u00f3n\",\"datePublished\":\"2023-10-13T12:04:23+00:00\",\"mainEntityOfPage\":{\"@id\":\"https:\\\/\\\/www.laguiadepamplona.com\\\/actualidad\\\/primera-reunion-del-consejo-municipal-de-las-mujeres-con-su-nueva-composicion\\\/\"},\"wordCount\":697,\"commentCount\":0,\"publisher\":{\"@id\":\"https:\\\/\\\/www.laguiadepamplona.com\\\/actualidad\\\/#organization\"},\"image\":{\"@id\":\"https:\\\/\\\/www.laguiadepamplona.com\\\/actualidad\\\/primera-reunion-del-consejo-municipal-de-las-mujeres-con-su-nueva-composicion\\\/#primaryimage\"},\"thumbnailUrl\":\"https:\\\/\\\/www.laguiadepamplona.com\\\/actualidad\\\/wp-content\\\/uploads\\\/2023\\\/10\\\/20231011mesamujeresq5a7510_0-1.webp\",\"articleSection\":[\"Ayto Pamplona\"],\"inLanguage\":\"es\",\"potentialAction\":[{\"@type\":\"CommentAction\",\"name\":\"Comment\",\"target\":[\"https:\\\/\\\/www.laguiadepamplona.com\\\/actualidad\\\/primera-reunion-del-consejo-municipal-de-las-mujeres-con-su-nueva-composicion\\\/#respond\"]}]},{\"@type\":\"WebPage\",\"@id\":\"https:\\\/\\\/www.laguiadepamplona.com\\\/actualidad\\\/primera-reunion-del-consejo-municipal-de-las-mujeres-con-su-nueva-composicion\\\/\",\"url\":\"https:\\\/\\\/www.laguiadepamplona.com\\\/actualidad\\\/primera-reunion-del-consejo-municipal-de-las-mujeres-con-su-nueva-composicion\\\/\",\"name\":\"Primera reuni\u00f3n del Consejo municipal de las Mujeres con su nueva composici\u00f3n\",\"isPartOf\":{\"@id\":\"https:\\\/\\\/www.laguiadepamplona.com\\\/actualidad\\\/#website\"},\"primaryImageOfPage\":{\"@id\":\"https:\\\/\\\/www.laguiadepamplona.com\\\/actualidad\\\/primera-reunion-del-consejo-municipal-de-las-mujeres-con-su-nueva-composicion\\\/#primaryimage\"},\"image\":{\"@id\":\"https:\\\/\\\/www.laguiadepamplona.com\\\/actualidad\\\/primera-reunion-del-consejo-municipal-de-las-mujeres-con-su-nueva-composicion\\\/#primaryimage\"},\"thumbnailUrl\":\"https:\\\/\\\/www.laguiadepamplona.com\\\/actualidad\\\/wp-content\\\/uploads\\\/2023\\\/10\\\/20231011mesamujeresq5a7510_0-1.webp\",\"datePublished\":\"2023-10-13T12:04:23+00:00\",\"description\":\"Una decena de asociaciones y personal t\u00e9cnico y pol\u00edtico han hablado sobre proyectos y actuaciones en marcha en materia de igualdad en la ciudad\",\"breadcrumb\":{\"@id\":\"https:\\\/\\\/www.laguiadepamplona.com\\\/actualidad\\\/primera-reunion-del-consejo-municipal-de-las-mujeres-con-su-nueva-composicion\\\/#breadcrumb\"},\"inLanguage\":\"es\",\"potentialAction\":[{\"@type\":\"ReadAction\",\"target\":[\"https:\\\/\\\/www.laguiadepamplona.com\\\/actualidad\\\/primera-reunion-del-consejo-municipal-de-las-mujeres-con-su-nueva-composicion\\\/\"]}]},{\"@type\":\"ImageObject\",\"inLanguage\":\"es\",\"@id\":\"https:\\\/\\\/www.laguiadepamplona.com\\\/actualidad\\\/primera-reunion-del-consejo-municipal-de-las-mujeres-con-su-nueva-composicion\\\/#primaryimage\",\"url\":\"https:\\\/\\\/www.laguiadepamplona.com\\\/actualidad\\\/wp-content\\\/uploads\\\/2023\\\/10\\\/20231011mesamujeresq5a7510_0-1.webp\",\"contentUrl\":\"https:\\\/\\\/www.laguiadepamplona.com\\\/actualidad\\\/wp-content\\\/uploads\\\/2023\\\/10\\\/20231011mesamujeresq5a7510_0-1.webp\",\"width\":1200,\"height\":800,\"caption\":\"mesa mujeres\"},{\"@type\":\"BreadcrumbList\",\"@id\":\"https:\\\/\\\/www.laguiadepamplona.com\\\/actualidad\\\/primera-reunion-del-consejo-municipal-de-las-mujeres-con-su-nueva-composicion\\\/#breadcrumb\",\"itemListElement\":[{\"@type\":\"ListItem\",\"position\":1,\"name\":\"Portada\",\"item\":\"https:\\\/\\\/www.laguiadepamplona.com\\\/actualidad\\\/\"},{\"@type\":\"ListItem\",\"position\":2,\"name\":\"Primera reuni\u00f3n del Consejo municipal de las Mujeres con su nueva composici\u00f3n\"}]},{\"@type\":\"WebSite\",\"@id\":\"https:\\\/\\\/www.laguiadepamplona.com\\\/actualidad\\\/#website\",\"url\":\"https:\\\/\\\/www.laguiadepamplona.com\\\/actualidad\\\/\",\"name\":\"La gu\u00eda de Pamplona\",\"description\":\"Noticias de Pamplona\",\"publisher\":{\"@id\":\"https:\\\/\\\/www.laguiadepamplona.com\\\/actualidad\\\/#organization\"},\"potentialAction\":[{\"@type\":\"SearchAction\",\"target\":{\"@type\":\"EntryPoint\",\"urlTemplate\":\"https:\\\/\\\/www.laguiadepamplona.com\\\/actualidad\\\/?s={search_term_string}\"},\"query-input\":{\"@type\":\"PropertyValueSpecification\",\"valueRequired\":true,\"valueName\":\"search_term_string\"}}],\"inLanguage\":\"es\"},{\"@type\":\"Organization\",\"@id\":\"https:\\\/\\\/www.laguiadepamplona.com\\\/actualidad\\\/#organization\",\"name\":\"La Gu\u00eda de Pamplona \\\/ Noticias\",\"url\":\"https:\\\/\\\/www.laguiadepamplona.com\\\/actualidad\\\/\",\"logo\":{\"@type\":\"ImageObject\",\"inLanguage\":\"es\",\"@id\":\"https:\\\/\\\/www.laguiadepamplona.com\\\/actualidad\\\/#\\\/schema\\\/logo\\\/image\\\/\",\"url\":\"https:\\\/\\\/www.laguiadepamplona.com\\\/actualidad\\\/wp-content\\\/uploads\\\/2018\\\/11\\\/logo-laguiadepamplona18-web1.png\",\"contentUrl\":\"https:\\\/\\\/www.laguiadepamplona.com\\\/actualidad\\\/wp-content\\\/uploads\\\/2018\\\/11\\\/logo-laguiadepamplona18-web1.png\",\"width\":600,\"height\":196,\"caption\":\"La Gu\u00eda de Pamplona \\\/ Noticias\"},\"image\":{\"@id\":\"https:\\\/\\\/www.laguiadepamplona.com\\\/actualidad\\\/#\\\/schema\\\/logo\\\/image\\\/\"},\"sameAs\":[\"https:\\\/\\\/www.facebook.com\\\/laguiadepamplonacom-133175176762273\\\/?ref=hl\",\"https:\\\/\\\/x.com\\\/LaGuiadPamplona\",\"https:\\\/\\\/www.instagram.com\\\/la_guia_de_pamplona\\\/\",\"https:\\\/\\\/www.youtube.com\\\/user\\\/laguiadepamplona\"]},{\"@type\":\"Person\",\"@id\":\"https:\\\/\\\/www.laguiadepamplona.com\\\/actualidad\\\/#\\\/schema\\\/person\\\/efe887376f0213d4657c93adc50b1fdb\",\"name\":\"La Gu\u00eda de Pamplona\",\"image\":{\"@type\":\"ImageObject\",\"inLanguage\":\"es\",\"@id\":\"https:\\\/\\\/secure.gravatar.com\\\/avatar\\\/b6992f131dc8d30ab0dff15446e9d346d9dbd95992de0fef795073f5ea83a81c?s=96&d=mm&r=g\",\"url\":\"https:\\\/\\\/secure.gravatar.com\\\/avatar\\\/b6992f131dc8d30ab0dff15446e9d346d9dbd95992de0fef795073f5ea83a81c?s=96&d=mm&r=g\",\"contentUrl\":\"https:\\\/\\\/secure.gravatar.com\\\/avatar\\\/b6992f131dc8d30ab0dff15446e9d346d9dbd95992de0fef795073f5ea83a81c?s=96&d=mm&r=g\",\"caption\":\"La Gu\u00eda de Pamplona\"}}]}<\/script>\n<!-- \/ Yoast SEO plugin. -->","yoast_head_json":{"title":"Primera reuni\u00f3n del Consejo municipal de las Mujeres con su nueva composici\u00f3n","description":"Una decena de asociaciones y personal t\u00e9cnico y pol\u00edtico han hablado sobre proyectos y actuaciones en marcha en materia de igualdad en la ciudad","robots":{"index":"index","follow":"follow","max-snippet":"max-snippet:-1","max-image-preview":"max-image-preview:large","max-video-preview":"max-video-preview:-1"},"canonical":"https:\/\/www.laguiadepamplona.com\/actualidad\/primera-reunion-del-consejo-municipal-de-las-mujeres-con-su-nueva-composicion\/","og_locale":"es_ES","og_type":"article","og_title":"Primera reuni\u00f3n del Consejo municipal de las Mujeres con su nueva composici\u00f3n","og_description":"Una decena de asociaciones y personal t\u00e9cnico y pol\u00edtico han hablado sobre proyectos y actuaciones en marcha en materia de igualdad en la ciudad","og_url":"https:\/\/www.laguiadepamplona.com\/actualidad\/primera-reunion-del-consejo-municipal-de-las-mujeres-con-su-nueva-composicion\/","og_site_name":"La Gu\u00eda de Pamplona","article_publisher":"https:\/\/www.facebook.com\/laguiadepamplonacom-133175176762273\/?ref=hl","article_published_time":"2023-10-13T12:04:23+00:00","og_image":[{"width":1200,"height":800,"url":"https:\/\/www.laguiadepamplona.com\/actualidad\/wp-content\/uploads\/2023\/10\/20231011mesamujeresq5a7510_0-1.webp","type":"image\/webp"}],"author":"La Gu\u00eda de Pamplona","twitter_card":"summary_large_image","twitter_creator":"@LaGuiadPamplona","twitter_site":"@LaGuiadPamplona","twitter_misc":{"Escrito por":"La Gu\u00eda de Pamplona","Tiempo de lectura":"3 minutos"},"schema":{"@context":"https:\/\/schema.org","@graph":[{"@type":"Article","@id":"https:\/\/www.laguiadepamplona.com\/actualidad\/primera-reunion-del-consejo-municipal-de-las-mujeres-con-su-nueva-composicion\/#article","isPartOf":{"@id":"https:\/\/www.laguiadepamplona.com\/actualidad\/primera-reunion-del-consejo-municipal-de-las-mujeres-con-su-nueva-composicion\/"},"author":{"name":"La Gu\u00eda de Pamplona","@id":"https:\/\/www.laguiadepamplona.com\/actualidad\/#\/schema\/person\/efe887376f0213d4657c93adc50b1fdb"},"headline":"Primera reuni\u00f3n del Consejo municipal de las Mujeres con su nueva composici\u00f3n","datePublished":"2023-10-13T12:04:23+00:00","mainEntityOfPage":{"@id":"https:\/\/www.laguiadepamplona.com\/actualidad\/primera-reunion-del-consejo-municipal-de-las-mujeres-con-su-nueva-composicion\/"},"wordCount":697,"commentCount":0,"publisher":{"@id":"https:\/\/www.laguiadepamplona.com\/actualidad\/#organization"},"image":{"@id":"https:\/\/www.laguiadepamplona.com\/actualidad\/primera-reunion-del-consejo-municipal-de-las-mujeres-con-su-nueva-composicion\/#primaryimage"},"thumbnailUrl":"https:\/\/www.laguiadepamplona.com\/actualidad\/wp-content\/uploads\/2023\/10\/20231011mesamujeresq5a7510_0-1.webp","articleSection":["Ayto Pamplona"],"inLanguage":"es","potentialAction":[{"@type":"CommentAction","name":"Comment","target":["https:\/\/www.laguiadepamplona.com\/actualidad\/primera-reunion-del-consejo-municipal-de-las-mujeres-con-su-nueva-composicion\/#respond"]}]},{"@type":"WebPage","@id":"https:\/\/www.laguiadepamplona.com\/actualidad\/primera-reunion-del-consejo-municipal-de-las-mujeres-con-su-nueva-composicion\/","url":"https:\/\/www.laguiadepamplona.com\/actualidad\/primera-reunion-del-consejo-municipal-de-las-mujeres-con-su-nueva-composicion\/","name":"Primera reuni\u00f3n del Consejo municipal de las Mujeres con su nueva composici\u00f3n","isPartOf":{"@id":"https:\/\/www.laguiadepamplona.com\/actualidad\/#website"},"primaryImageOfPage":{"@id":"https:\/\/www.laguiadepamplona.com\/actualidad\/primera-reunion-del-consejo-municipal-de-las-mujeres-con-su-nueva-composicion\/#primaryimage"},"image":{"@id":"https:\/\/www.laguiadepamplona.com\/actualidad\/primera-reunion-del-consejo-municipal-de-las-mujeres-con-su-nueva-composicion\/#primaryimage"},"thumbnailUrl":"https:\/\/www.laguiadepamplona.com\/actualidad\/wp-content\/uploads\/2023\/10\/20231011mesamujeresq5a7510_0-1.webp","datePublished":"2023-10-13T12:04:23+00:00","description":"Una decena de asociaciones y personal t\u00e9cnico y pol\u00edtico han hablado sobre proyectos y actuaciones en marcha en materia de igualdad en la ciudad","breadcrumb":{"@id":"https:\/\/www.laguiadepamplona.com\/actualidad\/primera-reunion-del-consejo-municipal-de-las-mujeres-con-su-nueva-composicion\/#breadcrumb"},"inLanguage":"es","potentialAction":[{"@type":"ReadAction","target":["https:\/\/www.laguiadepamplona.com\/actualidad\/primera-reunion-del-consejo-municipal-de-las-mujeres-con-su-nueva-composicion\/"]}]},{"@type":"ImageObject","inLanguage":"es","@id":"https:\/\/www.laguiadepamplona.com\/actualidad\/primera-reunion-del-consejo-municipal-de-las-mujeres-con-su-nueva-composicion\/#primaryimage","url":"https:\/\/www.laguiadepamplona.com\/actualidad\/wp-content\/uploads\/2023\/10\/20231011mesamujeresq5a7510_0-1.webp","contentUrl":"https:\/\/www.laguiadepamplona.com\/actualidad\/wp-content\/uploads\/2023\/10\/20231011mesamujeresq5a7510_0-1.webp","width":1200,"height":800,"caption":"mesa mujeres"},{"@type":"BreadcrumbList","@id":"https:\/\/www.laguiadepamplona.com\/actualidad\/primera-reunion-del-consejo-municipal-de-las-mujeres-con-su-nueva-composicion\/#breadcrumb","itemListElement":[{"@type":"ListItem","position":1,"name":"Portada","item":"https:\/\/www.laguiadepamplona.com\/actualidad\/"},{"@type":"ListItem","position":2,"name":"Primera reuni\u00f3n del Consejo municipal de las Mujeres con su nueva composici\u00f3n"}]},{"@type":"WebSite","@id":"https:\/\/www.laguiadepamplona.com\/actualidad\/#website","url":"https:\/\/www.laguiadepamplona.com\/actualidad\/","name":"La gu\u00eda de Pamplona","description":"Noticias de Pamplona","publisher":{"@id":"https:\/\/www.laguiadepamplona.com\/actualidad\/#organization"},"potentialAction":[{"@type":"SearchAction","target":{"@type":"EntryPoint","urlTemplate":"https:\/\/www.laguiadepamplona.com\/actualidad\/?s={search_term_string}"},"query-input":{"@type":"PropertyValueSpecification","valueRequired":true,"valueName":"search_term_string"}}],"inLanguage":"es"},{"@type":"Organization","@id":"https:\/\/www.laguiadepamplona.com\/actualidad\/#organization","name":"La Gu\u00eda de Pamplona \/ Noticias","url":"https:\/\/www.laguiadepamplona.com\/actualidad\/","logo":{"@type":"ImageObject","inLanguage":"es","@id":"https:\/\/www.laguiadepamplona.com\/actualidad\/#\/schema\/logo\/image\/","url":"https:\/\/www.laguiadepamplona.com\/actualidad\/wp-content\/uploads\/2018\/11\/logo-laguiadepamplona18-web1.png","contentUrl":"https:\/\/www.laguiadepamplona.com\/actualidad\/wp-content\/uploads\/2018\/11\/logo-laguiadepamplona18-web1.png","width":600,"height":196,"caption":"La Gu\u00eda de Pamplona \/ Noticias"},"image":{"@id":"https:\/\/www.laguiadepamplona.com\/actualidad\/#\/schema\/logo\/image\/"},"sameAs":["https:\/\/www.facebook.com\/laguiadepamplonacom-133175176762273\/?ref=hl","https:\/\/x.com\/LaGuiadPamplona","https:\/\/www.instagram.com\/la_guia_de_pamplona\/","https:\/\/www.youtube.com\/user\/laguiadepamplona"]},{"@type":"Person","@id":"https:\/\/www.laguiadepamplona.com\/actualidad\/#\/schema\/person\/efe887376f0213d4657c93adc50b1fdb","name":"La Gu\u00eda de Pamplona","image":{"@type":"ImageObject","inLanguage":"es","@id":"https:\/\/secure.gravatar.com\/avatar\/b6992f131dc8d30ab0dff15446e9d346d9dbd95992de0fef795073f5ea83a81c?s=96&d=mm&r=g","url":"https:\/\/secure.gravatar.com\/avatar\/b6992f131dc8d30ab0dff15446e9d346d9dbd95992de0fef795073f5ea83a81c?s=96&d=mm&r=g","contentUrl":"https:\/\/secure.gravatar.com\/avatar\/b6992f131dc8d30ab0dff15446e9d346d9dbd95992de0fef795073f5ea83a81c?s=96&d=mm&r=g","caption":"La Gu\u00eda de Pamplona"}}]}},"post_mailing_queue_ids":[],"_links":{"self":[{"href":"https:\/\/www.laguiadepamplona.com\/actualidad\/wp-json\/wp\/v2\/posts\/47560","targetHints":{"allow":["GET"]}}],"collection":[{"href":"https:\/\/www.laguiadepamplona.com\/actualidad\/wp-json\/wp\/v2\/posts"}],"about":[{"href":"https:\/\/www.laguiadepamplona.com\/actualidad\/wp-json\/wp\/v2\/types\/post"}],"author":[{"embeddable":true,"href":"https:\/\/www.laguiadepamplona.com\/actualidad\/wp-json\/wp\/v2\/users\/1"}],"replies":[{"embeddable":true,"href":"https:\/\/www.laguiadepamplona.com\/actualidad\/wp-json\/wp\/v2\/comments?post=47560"}],"version-history":[{"count":1,"href":"https:\/\/www.laguiadepamplona.com\/actualidad\/wp-json\/wp\/v2\/posts\/47560\/revisions"}],"predecessor-version":[{"id":47562,"href":"https:\/\/www.laguiadepamplona.com\/actualidad\/wp-json\/wp\/v2\/posts\/47560\/revisions\/47562"}],"wp:featuredmedia":[{"embeddable":true,"href":"https:\/\/www.laguiadepamplona.com\/actualidad\/wp-json\/wp\/v2\/media\/47561"}],"wp:attachment":[{"href":"https:\/\/www.laguiadepamplona.com\/actualidad\/wp-json\/wp\/v2\/media?parent=47560"}],"wp:term":[{"taxonomy":"category","embeddable":true,"href":"https:\/\/www.laguiadepamplona.com\/actualidad\/wp-json\/wp\/v2\/categories?post=47560"},{"taxonomy":"post_tag","embeddable":true,"href":"https:\/\/www.laguiadepamplona.com\/actualidad\/wp-json\/wp\/v2\/tags?post=47560"}],"curies":[{"name":"wp","href":"https:\/\/api.w.org\/{rel}","templated":true}]}}