{"id":47555,"date":"2023-10-13T14:00:56","date_gmt":"2023-10-13T12:00:56","guid":{"rendered":"https:\/\/www.laguiadepamplona.com\/actualidad\/?p=47555"},"modified":"2023-10-13T14:00:56","modified_gmt":"2023-10-13T12:00:56","slug":"la-octava-feria-del-producto-local-trae-al-centro-de-pamplona-una-representacion-de-productos-agroalimentarios-navarros-con-certificacion-de-calidad","status":"publish","type":"post","link":"https:\/\/www.laguiadepamplona.com\/actualidad\/la-octava-feria-del-producto-local-trae-al-centro-de-pamplona-una-representacion-de-productos-agroalimentarios-navarros-con-certificacion-de-calidad\/","title":{"rendered":"La octava Feria del Producto Local trae al centro de Pamplona una representaci\u00f3n de productos agroalimentarios navarros con certificaci\u00f3n de calidad"},"content":{"rendered":"<h3>Agrupados bajo la marca de garant\u00eda Reyno Gourmet, los stands cuentan con quesos, embutidos, chocolates, miel, mermeladas, pastas y pachar\u00e1n, entre otros productos<\/h3>\n<p><!--more--><\/p>\n<p>Un total de 45 productores y productoras navarros, agrupados bajo la marca de garant\u00eda de calidad Reyno Gourmet, han convertido la Plaza del Castillo en su principal mostrador. Hasta este lugar, y durante cinco d\u00edas, acercan sus productos agroalimentarios, que incluyen, entre otros, quesos, chocolates, mermeladas, miel, dulces y pastas, embutidos y pachar\u00e1n, por ejemplo. Todos, eso s\u00ed, con etiqueta de calidad. La feria, promovida por el Ayuntamiento de Pamplona y Reyno Gourmet, se inscribe dentro de los actos organizados para la VIII Semana del Producto Local.<br \/>\n<script async src=\"\/\/pagead2.googlesyndication.com\/pagead\/js\/adsbygoogle.js\"><\/script><br \/>\n<!-- Noticias La Guia de Pamplona --><br \/>\n<ins class=\"adsbygoogle\"\nstyle=\"display:block\"\ndata-ad-client=\"ca-pub-6943679897239327\"\ndata-ad-slot=\"7048180777\"\ndata-ad-format=\"auto\"><\/ins><br \/>\n<script>\n(adsbygoogle = window.adsbygoogle || []).push({});\n<\/script><\/p>\n<p>Las personas interesadas podr\u00e1n visitar la treintena de casetas que componen la feria hasta este domingo, d\u00eda 15. El horario de apertura ser\u00e1 de 10.30 a 14.30 y 17 a 21 horas, salvo el domingo, ya que la feria se clausurar\u00e1 por la ma\u00f1ana, de forma que \u00fanicamente permanecer\u00e1 abierta de 10.30 a 14.30 horas.<\/p>\n<p>La feria supone una representaci\u00f3n de la gran variedad de productos agroalimentarios navarros de calidad. De hecho, hasta el centro de Pamplona, condicionados por el espacio, acude medio centenar de productores, cuando la marca Reyno Gourmet a\u00fana a m\u00e1s de 2.650 referencias de 113 empresas. Reyno Gourmet representa bajo su sello de calidad a siete Denominaciones de Origen Protegidas de Navarra, como el queso Roncal o Idiazabal, la DO Navarra de vinos o el pimiento del piquillo de Lodosa; adem\u00e1s cuenta con seis Indicaciones Geogr\u00e1ficas (Esp\u00e1rrago de Navarra, alcachofa, ternera o pachar\u00e1n, entre otros) y otras Certificaciones de Calidad, como Alimentos Artesanos de Navarra o Alimentos Ecol\u00f3gicos de Navarra y Producci\u00f3n Integrada de Navarra. El objetivo de todas estas etiquetas y denominaciones no es otro que mantener la autenticidad de cada producto, su valor tradicional y su calidad, preservando as\u00ed la labor de los productores, como ejes de la econom\u00eda local.<br \/>\n<script async src=\"\/\/pagead2.googlesyndication.com\/pagead\/js\/adsbygoogle.js\"><\/script><br \/>\n<!-- Noticias La Guia de Pamplona --><br \/>\n<ins class=\"adsbygoogle\"\nstyle=\"display:block\"\ndata-ad-client=\"ca-pub-6943679897239327\"\ndata-ad-slot=\"7048180777\"\ndata-ad-format=\"auto\"><\/ins><br \/>\n<script>\n(adsbygoogle = window.adsbygoogle || []).push({});\n<\/script><\/p>\n<p>Adem\u00e1s de la venta de productos locales y la explicaci\u00f3n sobre su elaboraci\u00f3n, en la feria se ha instalado un \u00e1rea de juegos tradicionales de madera para p\u00fablico infantil. Asimismo, esta VIII Semana de Producto Local ha contado con catas gratuitas y un ciclo de cine y gastronom\u00eda, en Civivox Condestable.<\/p>\n","protected":false},"excerpt":{"rendered":"<p>Agrupados bajo la marca de garant\u00eda Reyno Gourmet, los stands cuentan con quesos, embutidos, chocolates, miel, mermeladas, pastas y pachar\u00e1n, entre otros productos<\/p>\n","protected":false},"author":1,"featured_media":47556,"comment_status":"open","ping_status":"closed","sticky":false,"template":"","format":"standard","meta":{"footnotes":""},"categories":[2],"tags":[],"class_list":["post-47555","post","type-post","status-publish","format-standard","has-post-thumbnail","hentry","category-ayuntamiento-pamplona"],"yoast_head":"<!-- This site is optimized with the Yoast SEO plugin v27.3 - https:\/\/yoast.com\/product\/yoast-seo-wordpress\/ -->\n<title>La octava Feria del Producto Local trae al centro de Pamplona una representaci\u00f3n de productos agroalimentarios navarros con certificaci\u00f3n de calidad<\/title>\n<meta name=\"description\" content=\"Agrupados bajo la marca de garant\u00eda Reyno Gourmet, los stands cuentan con quesos, embutidos, chocolates, miel, mermeladas, pastas y pachar\u00e1n, entre otros productos\" \/>\n<meta name=\"robots\" content=\"index, follow, max-snippet:-1, max-image-preview:large, max-video-preview:-1\" \/>\n<link rel=\"canonical\" href=\"https:\/\/www.laguiadepamplona.com\/actualidad\/la-octava-feria-del-producto-local-trae-al-centro-de-pamplona-una-representacion-de-productos-agroalimentarios-navarros-con-certificacion-de-calidad\/\" \/>\n<meta property=\"og:locale\" content=\"es_ES\" \/>\n<meta property=\"og:type\" content=\"article\" \/>\n<meta property=\"og:title\" content=\"La octava Feria del Producto Local trae al centro de Pamplona una representaci\u00f3n de productos agroalimentarios navarros con certificaci\u00f3n de calidad\" \/>\n<meta property=\"og:description\" content=\"Agrupados bajo la marca de garant\u00eda Reyno Gourmet, los stands cuentan con quesos, embutidos, chocolates, miel, mermeladas, pastas y pachar\u00e1n, entre otros productos\" \/>\n<meta property=\"og:url\" content=\"https:\/\/www.laguiadepamplona.com\/actualidad\/la-octava-feria-del-producto-local-trae-al-centro-de-pamplona-una-representacion-de-productos-agroalimentarios-navarros-con-certificacion-de-calidad\/\" \/>\n<meta property=\"og:site_name\" content=\"La Gu\u00eda de Pamplona\" \/>\n<meta property=\"article:publisher\" content=\"https:\/\/www.facebook.com\/laguiadepamplonacom-133175176762273\/?ref=hl\" \/>\n<meta property=\"article:published_time\" content=\"2023-10-13T12:00:56+00:00\" \/>\n<meta property=\"og:image\" content=\"https:\/\/www.laguiadepamplona.com\/actualidad\/wp-content\/uploads\/2023\/10\/20231011feriaproductolocalq5a7782_0.webp\" \/>\n\t<meta property=\"og:image:width\" content=\"1200\" \/>\n\t<meta property=\"og:image:height\" content=\"800\" \/>\n\t<meta property=\"og:image:type\" content=\"image\/webp\" \/>\n<meta name=\"author\" content=\"La Gu\u00eda de Pamplona\" \/>\n<meta name=\"twitter:card\" content=\"summary_large_image\" \/>\n<meta name=\"twitter:creator\" content=\"@LaGuiadPamplona\" \/>\n<meta name=\"twitter:site\" content=\"@LaGuiadPamplona\" \/>\n<meta name=\"twitter:label1\" content=\"Escrito por\" \/>\n\t<meta name=\"twitter:data1\" content=\"La Gu\u00eda de Pamplona\" \/>\n\t<meta name=\"twitter:label2\" content=\"Tiempo de lectura\" \/>\n\t<meta name=\"twitter:data2\" content=\"2 minutos\" \/>\n<script type=\"application\/ld+json\" class=\"yoast-schema-graph\">{\"@context\":\"https:\\\/\\\/schema.org\",\"@graph\":[{\"@type\":\"Article\",\"@id\":\"https:\\\/\\\/www.laguiadepamplona.com\\\/actualidad\\\/la-octava-feria-del-producto-local-trae-al-centro-de-pamplona-una-representacion-de-productos-agroalimentarios-navarros-con-certificacion-de-calidad\\\/#article\",\"isPartOf\":{\"@id\":\"https:\\\/\\\/www.laguiadepamplona.com\\\/actualidad\\\/la-octava-feria-del-producto-local-trae-al-centro-de-pamplona-una-representacion-de-productos-agroalimentarios-navarros-con-certificacion-de-calidad\\\/\"},\"author\":{\"name\":\"La Gu\u00eda de Pamplona\",\"@id\":\"https:\\\/\\\/www.laguiadepamplona.com\\\/actualidad\\\/#\\\/schema\\\/person\\\/efe887376f0213d4657c93adc50b1fdb\"},\"headline\":\"La octava Feria del Producto Local trae al centro de Pamplona una representaci\u00f3n de productos agroalimentarios navarros con certificaci\u00f3n de calidad\",\"datePublished\":\"2023-10-13T12:00:56+00:00\",\"mainEntityOfPage\":{\"@id\":\"https:\\\/\\\/www.laguiadepamplona.com\\\/actualidad\\\/la-octava-feria-del-producto-local-trae-al-centro-de-pamplona-una-representacion-de-productos-agroalimentarios-navarros-con-certificacion-de-calidad\\\/\"},\"wordCount\":403,\"commentCount\":0,\"publisher\":{\"@id\":\"https:\\\/\\\/www.laguiadepamplona.com\\\/actualidad\\\/#organization\"},\"image\":{\"@id\":\"https:\\\/\\\/www.laguiadepamplona.com\\\/actualidad\\\/la-octava-feria-del-producto-local-trae-al-centro-de-pamplona-una-representacion-de-productos-agroalimentarios-navarros-con-certificacion-de-calidad\\\/#primaryimage\"},\"thumbnailUrl\":\"https:\\\/\\\/www.laguiadepamplona.com\\\/actualidad\\\/wp-content\\\/uploads\\\/2023\\\/10\\\/20231011feriaproductolocalq5a7782_0.webp\",\"articleSection\":[\"Ayto Pamplona\"],\"inLanguage\":\"es\",\"potentialAction\":[{\"@type\":\"CommentAction\",\"name\":\"Comment\",\"target\":[\"https:\\\/\\\/www.laguiadepamplona.com\\\/actualidad\\\/la-octava-feria-del-producto-local-trae-al-centro-de-pamplona-una-representacion-de-productos-agroalimentarios-navarros-con-certificacion-de-calidad\\\/#respond\"]}]},{\"@type\":\"WebPage\",\"@id\":\"https:\\\/\\\/www.laguiadepamplona.com\\\/actualidad\\\/la-octava-feria-del-producto-local-trae-al-centro-de-pamplona-una-representacion-de-productos-agroalimentarios-navarros-con-certificacion-de-calidad\\\/\",\"url\":\"https:\\\/\\\/www.laguiadepamplona.com\\\/actualidad\\\/la-octava-feria-del-producto-local-trae-al-centro-de-pamplona-una-representacion-de-productos-agroalimentarios-navarros-con-certificacion-de-calidad\\\/\",\"name\":\"La octava Feria del Producto Local trae al centro de Pamplona una representaci\u00f3n de productos agroalimentarios navarros con certificaci\u00f3n de calidad\",\"isPartOf\":{\"@id\":\"https:\\\/\\\/www.laguiadepamplona.com\\\/actualidad\\\/#website\"},\"primaryImageOfPage\":{\"@id\":\"https:\\\/\\\/www.laguiadepamplona.com\\\/actualidad\\\/la-octava-feria-del-producto-local-trae-al-centro-de-pamplona-una-representacion-de-productos-agroalimentarios-navarros-con-certificacion-de-calidad\\\/#primaryimage\"},\"image\":{\"@id\":\"https:\\\/\\\/www.laguiadepamplona.com\\\/actualidad\\\/la-octava-feria-del-producto-local-trae-al-centro-de-pamplona-una-representacion-de-productos-agroalimentarios-navarros-con-certificacion-de-calidad\\\/#primaryimage\"},\"thumbnailUrl\":\"https:\\\/\\\/www.laguiadepamplona.com\\\/actualidad\\\/wp-content\\\/uploads\\\/2023\\\/10\\\/20231011feriaproductolocalq5a7782_0.webp\",\"datePublished\":\"2023-10-13T12:00:56+00:00\",\"description\":\"Agrupados bajo la marca de garant\u00eda Reyno Gourmet, los stands cuentan con quesos, embutidos, chocolates, miel, mermeladas, pastas y pachar\u00e1n, entre otros productos\",\"breadcrumb\":{\"@id\":\"https:\\\/\\\/www.laguiadepamplona.com\\\/actualidad\\\/la-octava-feria-del-producto-local-trae-al-centro-de-pamplona-una-representacion-de-productos-agroalimentarios-navarros-con-certificacion-de-calidad\\\/#breadcrumb\"},\"inLanguage\":\"es\",\"potentialAction\":[{\"@type\":\"ReadAction\",\"target\":[\"https:\\\/\\\/www.laguiadepamplona.com\\\/actualidad\\\/la-octava-feria-del-producto-local-trae-al-centro-de-pamplona-una-representacion-de-productos-agroalimentarios-navarros-con-certificacion-de-calidad\\\/\"]}]},{\"@type\":\"ImageObject\",\"inLanguage\":\"es\",\"@id\":\"https:\\\/\\\/www.laguiadepamplona.com\\\/actualidad\\\/la-octava-feria-del-producto-local-trae-al-centro-de-pamplona-una-representacion-de-productos-agroalimentarios-navarros-con-certificacion-de-calidad\\\/#primaryimage\",\"url\":\"https:\\\/\\\/www.laguiadepamplona.com\\\/actualidad\\\/wp-content\\\/uploads\\\/2023\\\/10\\\/20231011feriaproductolocalq5a7782_0.webp\",\"contentUrl\":\"https:\\\/\\\/www.laguiadepamplona.com\\\/actualidad\\\/wp-content\\\/uploads\\\/2023\\\/10\\\/20231011feriaproductolocalq5a7782_0.webp\",\"width\":1200,\"height\":800,\"caption\":\"feria producto\"},{\"@type\":\"BreadcrumbList\",\"@id\":\"https:\\\/\\\/www.laguiadepamplona.com\\\/actualidad\\\/la-octava-feria-del-producto-local-trae-al-centro-de-pamplona-una-representacion-de-productos-agroalimentarios-navarros-con-certificacion-de-calidad\\\/#breadcrumb\",\"itemListElement\":[{\"@type\":\"ListItem\",\"position\":1,\"name\":\"Portada\",\"item\":\"https:\\\/\\\/www.laguiadepamplona.com\\\/actualidad\\\/\"},{\"@type\":\"ListItem\",\"position\":2,\"name\":\"La octava Feria del Producto Local trae al centro de Pamplona una representaci\u00f3n de productos agroalimentarios navarros con certificaci\u00f3n de calidad\"}]},{\"@type\":\"WebSite\",\"@id\":\"https:\\\/\\\/www.laguiadepamplona.com\\\/actualidad\\\/#website\",\"url\":\"https:\\\/\\\/www.laguiadepamplona.com\\\/actualidad\\\/\",\"name\":\"La gu\u00eda de Pamplona\",\"description\":\"Noticias de Pamplona\",\"publisher\":{\"@id\":\"https:\\\/\\\/www.laguiadepamplona.com\\\/actualidad\\\/#organization\"},\"potentialAction\":[{\"@type\":\"SearchAction\",\"target\":{\"@type\":\"EntryPoint\",\"urlTemplate\":\"https:\\\/\\\/www.laguiadepamplona.com\\\/actualidad\\\/?s={search_term_string}\"},\"query-input\":{\"@type\":\"PropertyValueSpecification\",\"valueRequired\":true,\"valueName\":\"search_term_string\"}}],\"inLanguage\":\"es\"},{\"@type\":\"Organization\",\"@id\":\"https:\\\/\\\/www.laguiadepamplona.com\\\/actualidad\\\/#organization\",\"name\":\"La Gu\u00eda de Pamplona \\\/ Noticias\",\"url\":\"https:\\\/\\\/www.laguiadepamplona.com\\\/actualidad\\\/\",\"logo\":{\"@type\":\"ImageObject\",\"inLanguage\":\"es\",\"@id\":\"https:\\\/\\\/www.laguiadepamplona.com\\\/actualidad\\\/#\\\/schema\\\/logo\\\/image\\\/\",\"url\":\"https:\\\/\\\/www.laguiadepamplona.com\\\/actualidad\\\/wp-content\\\/uploads\\\/2018\\\/11\\\/logo-laguiadepamplona18-web1.png\",\"contentUrl\":\"https:\\\/\\\/www.laguiadepamplona.com\\\/actualidad\\\/wp-content\\\/uploads\\\/2018\\\/11\\\/logo-laguiadepamplona18-web1.png\",\"width\":600,\"height\":196,\"caption\":\"La Gu\u00eda de Pamplona \\\/ Noticias\"},\"image\":{\"@id\":\"https:\\\/\\\/www.laguiadepamplona.com\\\/actualidad\\\/#\\\/schema\\\/logo\\\/image\\\/\"},\"sameAs\":[\"https:\\\/\\\/www.facebook.com\\\/laguiadepamplonacom-133175176762273\\\/?ref=hl\",\"https:\\\/\\\/x.com\\\/LaGuiadPamplona\",\"https:\\\/\\\/www.instagram.com\\\/la_guia_de_pamplona\\\/\",\"https:\\\/\\\/www.youtube.com\\\/user\\\/laguiadepamplona\"]},{\"@type\":\"Person\",\"@id\":\"https:\\\/\\\/www.laguiadepamplona.com\\\/actualidad\\\/#\\\/schema\\\/person\\\/efe887376f0213d4657c93adc50b1fdb\",\"name\":\"La Gu\u00eda de Pamplona\",\"image\":{\"@type\":\"ImageObject\",\"inLanguage\":\"es\",\"@id\":\"https:\\\/\\\/secure.gravatar.com\\\/avatar\\\/b6992f131dc8d30ab0dff15446e9d346d9dbd95992de0fef795073f5ea83a81c?s=96&d=mm&r=g\",\"url\":\"https:\\\/\\\/secure.gravatar.com\\\/avatar\\\/b6992f131dc8d30ab0dff15446e9d346d9dbd95992de0fef795073f5ea83a81c?s=96&d=mm&r=g\",\"contentUrl\":\"https:\\\/\\\/secure.gravatar.com\\\/avatar\\\/b6992f131dc8d30ab0dff15446e9d346d9dbd95992de0fef795073f5ea83a81c?s=96&d=mm&r=g\",\"caption\":\"La Gu\u00eda de Pamplona\"}}]}<\/script>\n<!-- \/ Yoast SEO plugin. -->","yoast_head_json":{"title":"La octava Feria del Producto Local trae al centro de Pamplona una representaci\u00f3n de productos agroalimentarios navarros con certificaci\u00f3n de calidad","description":"Agrupados bajo la marca de garant\u00eda Reyno Gourmet, los stands cuentan con quesos, embutidos, chocolates, miel, mermeladas, pastas y pachar\u00e1n, entre otros productos","robots":{"index":"index","follow":"follow","max-snippet":"max-snippet:-1","max-image-preview":"max-image-preview:large","max-video-preview":"max-video-preview:-1"},"canonical":"https:\/\/www.laguiadepamplona.com\/actualidad\/la-octava-feria-del-producto-local-trae-al-centro-de-pamplona-una-representacion-de-productos-agroalimentarios-navarros-con-certificacion-de-calidad\/","og_locale":"es_ES","og_type":"article","og_title":"La octava Feria del Producto Local trae al centro de Pamplona una representaci\u00f3n de productos agroalimentarios navarros con certificaci\u00f3n de calidad","og_description":"Agrupados bajo la marca de garant\u00eda Reyno Gourmet, los stands cuentan con quesos, embutidos, chocolates, miel, mermeladas, pastas y pachar\u00e1n, entre otros productos","og_url":"https:\/\/www.laguiadepamplona.com\/actualidad\/la-octava-feria-del-producto-local-trae-al-centro-de-pamplona-una-representacion-de-productos-agroalimentarios-navarros-con-certificacion-de-calidad\/","og_site_name":"La Gu\u00eda de Pamplona","article_publisher":"https:\/\/www.facebook.com\/laguiadepamplonacom-133175176762273\/?ref=hl","article_published_time":"2023-10-13T12:00:56+00:00","og_image":[{"width":1200,"height":800,"url":"https:\/\/www.laguiadepamplona.com\/actualidad\/wp-content\/uploads\/2023\/10\/20231011feriaproductolocalq5a7782_0.webp","type":"image\/webp"}],"author":"La Gu\u00eda de Pamplona","twitter_card":"summary_large_image","twitter_creator":"@LaGuiadPamplona","twitter_site":"@LaGuiadPamplona","twitter_misc":{"Escrito por":"La Gu\u00eda de Pamplona","Tiempo de lectura":"2 minutos"},"schema":{"@context":"https:\/\/schema.org","@graph":[{"@type":"Article","@id":"https:\/\/www.laguiadepamplona.com\/actualidad\/la-octava-feria-del-producto-local-trae-al-centro-de-pamplona-una-representacion-de-productos-agroalimentarios-navarros-con-certificacion-de-calidad\/#article","isPartOf":{"@id":"https:\/\/www.laguiadepamplona.com\/actualidad\/la-octava-feria-del-producto-local-trae-al-centro-de-pamplona-una-representacion-de-productos-agroalimentarios-navarros-con-certificacion-de-calidad\/"},"author":{"name":"La Gu\u00eda de Pamplona","@id":"https:\/\/www.laguiadepamplona.com\/actualidad\/#\/schema\/person\/efe887376f0213d4657c93adc50b1fdb"},"headline":"La octava Feria del Producto Local trae al centro de Pamplona una representaci\u00f3n de productos agroalimentarios navarros con certificaci\u00f3n de calidad","datePublished":"2023-10-13T12:00:56+00:00","mainEntityOfPage":{"@id":"https:\/\/www.laguiadepamplona.com\/actualidad\/la-octava-feria-del-producto-local-trae-al-centro-de-pamplona-una-representacion-de-productos-agroalimentarios-navarros-con-certificacion-de-calidad\/"},"wordCount":403,"commentCount":0,"publisher":{"@id":"https:\/\/www.laguiadepamplona.com\/actualidad\/#organization"},"image":{"@id":"https:\/\/www.laguiadepamplona.com\/actualidad\/la-octava-feria-del-producto-local-trae-al-centro-de-pamplona-una-representacion-de-productos-agroalimentarios-navarros-con-certificacion-de-calidad\/#primaryimage"},"thumbnailUrl":"https:\/\/www.laguiadepamplona.com\/actualidad\/wp-content\/uploads\/2023\/10\/20231011feriaproductolocalq5a7782_0.webp","articleSection":["Ayto Pamplona"],"inLanguage":"es","potentialAction":[{"@type":"CommentAction","name":"Comment","target":["https:\/\/www.laguiadepamplona.com\/actualidad\/la-octava-feria-del-producto-local-trae-al-centro-de-pamplona-una-representacion-de-productos-agroalimentarios-navarros-con-certificacion-de-calidad\/#respond"]}]},{"@type":"WebPage","@id":"https:\/\/www.laguiadepamplona.com\/actualidad\/la-octava-feria-del-producto-local-trae-al-centro-de-pamplona-una-representacion-de-productos-agroalimentarios-navarros-con-certificacion-de-calidad\/","url":"https:\/\/www.laguiadepamplona.com\/actualidad\/la-octava-feria-del-producto-local-trae-al-centro-de-pamplona-una-representacion-de-productos-agroalimentarios-navarros-con-certificacion-de-calidad\/","name":"La octava Feria del Producto Local trae al centro de Pamplona una representaci\u00f3n de productos agroalimentarios navarros con certificaci\u00f3n de calidad","isPartOf":{"@id":"https:\/\/www.laguiadepamplona.com\/actualidad\/#website"},"primaryImageOfPage":{"@id":"https:\/\/www.laguiadepamplona.com\/actualidad\/la-octava-feria-del-producto-local-trae-al-centro-de-pamplona-una-representacion-de-productos-agroalimentarios-navarros-con-certificacion-de-calidad\/#primaryimage"},"image":{"@id":"https:\/\/www.laguiadepamplona.com\/actualidad\/la-octava-feria-del-producto-local-trae-al-centro-de-pamplona-una-representacion-de-productos-agroalimentarios-navarros-con-certificacion-de-calidad\/#primaryimage"},"thumbnailUrl":"https:\/\/www.laguiadepamplona.com\/actualidad\/wp-content\/uploads\/2023\/10\/20231011feriaproductolocalq5a7782_0.webp","datePublished":"2023-10-13T12:00:56+00:00","description":"Agrupados bajo la marca de garant\u00eda Reyno Gourmet, los stands cuentan con quesos, embutidos, chocolates, miel, mermeladas, pastas y pachar\u00e1n, entre otros productos","breadcrumb":{"@id":"https:\/\/www.laguiadepamplona.com\/actualidad\/la-octava-feria-del-producto-local-trae-al-centro-de-pamplona-una-representacion-de-productos-agroalimentarios-navarros-con-certificacion-de-calidad\/#breadcrumb"},"inLanguage":"es","potentialAction":[{"@type":"ReadAction","target":["https:\/\/www.laguiadepamplona.com\/actualidad\/la-octava-feria-del-producto-local-trae-al-centro-de-pamplona-una-representacion-de-productos-agroalimentarios-navarros-con-certificacion-de-calidad\/"]}]},{"@type":"ImageObject","inLanguage":"es","@id":"https:\/\/www.laguiadepamplona.com\/actualidad\/la-octava-feria-del-producto-local-trae-al-centro-de-pamplona-una-representacion-de-productos-agroalimentarios-navarros-con-certificacion-de-calidad\/#primaryimage","url":"https:\/\/www.laguiadepamplona.com\/actualidad\/wp-content\/uploads\/2023\/10\/20231011feriaproductolocalq5a7782_0.webp","contentUrl":"https:\/\/www.laguiadepamplona.com\/actualidad\/wp-content\/uploads\/2023\/10\/20231011feriaproductolocalq5a7782_0.webp","width":1200,"height":800,"caption":"feria producto"},{"@type":"BreadcrumbList","@id":"https:\/\/www.laguiadepamplona.com\/actualidad\/la-octava-feria-del-producto-local-trae-al-centro-de-pamplona-una-representacion-de-productos-agroalimentarios-navarros-con-certificacion-de-calidad\/#breadcrumb","itemListElement":[{"@type":"ListItem","position":1,"name":"Portada","item":"https:\/\/www.laguiadepamplona.com\/actualidad\/"},{"@type":"ListItem","position":2,"name":"La octava Feria del Producto Local trae al centro de Pamplona una representaci\u00f3n de productos agroalimentarios navarros con certificaci\u00f3n de calidad"}]},{"@type":"WebSite","@id":"https:\/\/www.laguiadepamplona.com\/actualidad\/#website","url":"https:\/\/www.laguiadepamplona.com\/actualidad\/","name":"La gu\u00eda de Pamplona","description":"Noticias de Pamplona","publisher":{"@id":"https:\/\/www.laguiadepamplona.com\/actualidad\/#organization"},"potentialAction":[{"@type":"SearchAction","target":{"@type":"EntryPoint","urlTemplate":"https:\/\/www.laguiadepamplona.com\/actualidad\/?s={search_term_string}"},"query-input":{"@type":"PropertyValueSpecification","valueRequired":true,"valueName":"search_term_string"}}],"inLanguage":"es"},{"@type":"Organization","@id":"https:\/\/www.laguiadepamplona.com\/actualidad\/#organization","name":"La Gu\u00eda de Pamplona \/ Noticias","url":"https:\/\/www.laguiadepamplona.com\/actualidad\/","logo":{"@type":"ImageObject","inLanguage":"es","@id":"https:\/\/www.laguiadepamplona.com\/actualidad\/#\/schema\/logo\/image\/","url":"https:\/\/www.laguiadepamplona.com\/actualidad\/wp-content\/uploads\/2018\/11\/logo-laguiadepamplona18-web1.png","contentUrl":"https:\/\/www.laguiadepamplona.com\/actualidad\/wp-content\/uploads\/2018\/11\/logo-laguiadepamplona18-web1.png","width":600,"height":196,"caption":"La Gu\u00eda de Pamplona \/ Noticias"},"image":{"@id":"https:\/\/www.laguiadepamplona.com\/actualidad\/#\/schema\/logo\/image\/"},"sameAs":["https:\/\/www.facebook.com\/laguiadepamplonacom-133175176762273\/?ref=hl","https:\/\/x.com\/LaGuiadPamplona","https:\/\/www.instagram.com\/la_guia_de_pamplona\/","https:\/\/www.youtube.com\/user\/laguiadepamplona"]},{"@type":"Person","@id":"https:\/\/www.laguiadepamplona.com\/actualidad\/#\/schema\/person\/efe887376f0213d4657c93adc50b1fdb","name":"La Gu\u00eda de Pamplona","image":{"@type":"ImageObject","inLanguage":"es","@id":"https:\/\/secure.gravatar.com\/avatar\/b6992f131dc8d30ab0dff15446e9d346d9dbd95992de0fef795073f5ea83a81c?s=96&d=mm&r=g","url":"https:\/\/secure.gravatar.com\/avatar\/b6992f131dc8d30ab0dff15446e9d346d9dbd95992de0fef795073f5ea83a81c?s=96&d=mm&r=g","contentUrl":"https:\/\/secure.gravatar.com\/avatar\/b6992f131dc8d30ab0dff15446e9d346d9dbd95992de0fef795073f5ea83a81c?s=96&d=mm&r=g","caption":"La Gu\u00eda de Pamplona"}}]}},"post_mailing_queue_ids":[],"_links":{"self":[{"href":"https:\/\/www.laguiadepamplona.com\/actualidad\/wp-json\/wp\/v2\/posts\/47555","targetHints":{"allow":["GET"]}}],"collection":[{"href":"https:\/\/www.laguiadepamplona.com\/actualidad\/wp-json\/wp\/v2\/posts"}],"about":[{"href":"https:\/\/www.laguiadepamplona.com\/actualidad\/wp-json\/wp\/v2\/types\/post"}],"author":[{"embeddable":true,"href":"https:\/\/www.laguiadepamplona.com\/actualidad\/wp-json\/wp\/v2\/users\/1"}],"replies":[{"embeddable":true,"href":"https:\/\/www.laguiadepamplona.com\/actualidad\/wp-json\/wp\/v2\/comments?post=47555"}],"version-history":[{"count":1,"href":"https:\/\/www.laguiadepamplona.com\/actualidad\/wp-json\/wp\/v2\/posts\/47555\/revisions"}],"predecessor-version":[{"id":47557,"href":"https:\/\/www.laguiadepamplona.com\/actualidad\/wp-json\/wp\/v2\/posts\/47555\/revisions\/47557"}],"wp:featuredmedia":[{"embeddable":true,"href":"https:\/\/www.laguiadepamplona.com\/actualidad\/wp-json\/wp\/v2\/media\/47556"}],"wp:attachment":[{"href":"https:\/\/www.laguiadepamplona.com\/actualidad\/wp-json\/wp\/v2\/media?parent=47555"}],"wp:term":[{"taxonomy":"category","embeddable":true,"href":"https:\/\/www.laguiadepamplona.com\/actualidad\/wp-json\/wp\/v2\/categories?post=47555"},{"taxonomy":"post_tag","embeddable":true,"href":"https:\/\/www.laguiadepamplona.com\/actualidad\/wp-json\/wp\/v2\/tags?post=47555"}],"curies":[{"name":"wp","href":"https:\/\/api.w.org\/{rel}","templated":true}]}}