{"id":47552,"date":"2023-10-09T17:45:32","date_gmt":"2023-10-09T15:45:32","guid":{"rendered":"https:\/\/www.laguiadepamplona.com\/actualidad\/?p=47552"},"modified":"2023-10-09T17:50:09","modified_gmt":"2023-10-09T15:50:09","slug":"gerencia-de-urbanismo-trata-el-miercoles-la-subasta-publica-de-dos-parcelas-una-comercial-y-otra-de-oficinas-en-el-nuevo-desarrollo-urbanistico-de-la-avenida-de-zaragoza","status":"publish","type":"post","link":"https:\/\/www.laguiadepamplona.com\/actualidad\/gerencia-de-urbanismo-trata-el-miercoles-la-subasta-publica-de-dos-parcelas-una-comercial-y-otra-de-oficinas-en-el-nuevo-desarrollo-urbanistico-de-la-avenida-de-zaragoza\/","title":{"rendered":"Gerencia de Urbanismo trata el mi\u00e9rcoles la subasta p\u00fablica de dos parcelas, una comercial y otra de oficinas, en el nuevo desarrollo urban\u00edstico de la avenida de Zaragoza"},"content":{"rendered":"<h3>La participaci\u00f3n municipal en ambas parcelas es de un 72,6% y un 23,5%, con precios de salida de 1.035.222,83 y 372.508,68 euros, respectivamente<\/h3>\n<p><!--more--><\/p>\n<p>El Consejo de Gerencia de Urbanismo conocer\u00e1 este mi\u00e9rcoles el procedimiento abierto para la enajenaci\u00f3n, mediante subasta p\u00fablica, de dos parcelas propiedad del Ayuntamiento de Pamplona. Est\u00e1n ubicadas en el nuevo desarrollo urban\u00edstico junto a la avenida de Zaragoza y la participaci\u00f3n municipal es del 72,60% y 23,50%, con precios de salida de 1.035.222,83 euros y 372.508,68 euros, respectivamente.<br \/>\n<script async src=\"\/\/pagead2.googlesyndication.com\/pagead\/js\/adsbygoogle.js\"><\/script><br \/>\n<!-- Noticias La Guia de Pamplona --><br \/>\n<ins class=\"adsbygoogle\"\nstyle=\"display:block\"\ndata-ad-client=\"ca-pub-6943679897239327\"\ndata-ad-slot=\"7048180777\"\ndata-ad-format=\"auto\"><\/ins><br \/>\n<script>\n(adsbygoogle = window.adsbygoogle || []).push({});\n<\/script><\/p>\n<p>La parcela M3 es la que cuenta con mayor participaci\u00f3n municipal. Est\u00e1 destinada a uso de oficinas y compatibles con el mismo, y se ubica en la propia avenida de Zaragoza, junto a la rotonda de la calle Sadar. Tiene una superficie de 1.571,72 metros cuadrados ocupables bajo rasante y se requiere un m\u00ednimo de 50 plazas de aparcamiento fuera del espacio p\u00fablico en la Normativa del Plan Parcial, que pueden caber en una planta de s\u00f3tano, aunque esta parcela viene obligada a constituir una mancomunidad de utilizaci\u00f3n del s\u00f3tano para garaje con una parcela contigua, en la que hoy se est\u00e1 edificando una residencia de estudiantes. Su edificabilidad es de planta baja m\u00e1s siete alturas.<\/p>\n<p>La parcela M2-A2, de la que el Ayuntamiento de Pamplona es propietario de un 23,50%, tiene una superficie 2.828,37 metros cuadrados, ocupables \u00edntegramente bajo rasante. Se requiere un m\u00ednimo de 36 plazas de aparcamiento fuera del espacio p\u00fablico, que caben muy holgadamente y pueden resultar bastantes m\u00e1s y, adem\u00e1s, un m\u00ednimo de 72 plazas de uso p\u00fablico en el interior de la parcela. Su uso es comercial y la edificabilidad m\u00e1xima es de planta baja m\u00e1s una altura. La parcela se sit\u00faa en el mismo cuadrante que la anterior, pero dando a dos nuevos viales, perpendicular y paralelo a la actual calle Mari \u00c1brego.<br \/>\n<script async src=\"\/\/pagead2.googlesyndication.com\/pagead\/js\/adsbygoogle.js\"><\/script><br \/>\n<!-- Noticias La Guia de Pamplona --><br \/>\n<ins class=\"adsbygoogle\"\nstyle=\"display:block\"\ndata-ad-client=\"ca-pub-6943679897239327\"\ndata-ad-slot=\"7048180777\"\ndata-ad-format=\"auto\"><\/ins><br \/>\n<script>\n(adsbygoogle = window.adsbygoogle || []).push({});\n<\/script><\/p>\n<p>En la subasta, podr\u00e1n participar personas f\u00edsicas y jur\u00eddicas que se hallen en plena posesi\u00f3n de su capacidad de obras y jur\u00eddica. Podr\u00e1n presentarse personas licitadoras que participen conjuntamente. En los precios de licitaci\u00f3n no est\u00e1 incluido el Impuesto sobre el Valor A\u00f1adido ni el coste de las obras de urbanizaci\u00f3n exterior correspondiente a las parcelas objeto de enajenaci\u00f3n. Una vez aprobada la subasta y publicado el anuncio de licitaci\u00f3n en el Portal de Contrataci\u00f3n de Navarra, se podr\u00e1 presentar las solicitudes de participaci\u00f3n.<\/p>\n","protected":false},"excerpt":{"rendered":"<p>La participaci\u00f3n municipal en ambas parcelas es de un 72,6% y un 23,5%, con precios de salida de 1.035.222,83 y 372.508,68 euros, respectivamente<\/p>\n","protected":false},"author":1,"featured_media":47554,"comment_status":"open","ping_status":"closed","sticky":false,"template":"","format":"standard","meta":{"footnotes":""},"categories":[2],"tags":[],"class_list":["post-47552","post","type-post","status-publish","format-standard","has-post-thumbnail","hentry","category-ayuntamiento-pamplona"],"yoast_head":"<!-- This site is optimized with the Yoast SEO plugin v27.5 - https:\/\/yoast.com\/product\/yoast-seo-wordpress\/ -->\n<title>Gerencia de Urbanismo trata el mi\u00e9rcoles la subasta p\u00fablica de dos parcelas, una comercial y otra de oficinas, en el nuevo desarrollo urban\u00edstico de la avenida de Zaragoza<\/title>\n<meta name=\"description\" content=\"La participaci\u00f3n municipal en ambas parcelas es de un 72,6% y un 23,5%, con precios de salida de 1.035.222,83 y 372.508,68 euros, respectivamente\" \/>\n<meta name=\"robots\" content=\"index, follow, max-snippet:-1, max-image-preview:large, max-video-preview:-1\" \/>\n<link rel=\"canonical\" href=\"https:\/\/www.laguiadepamplona.com\/actualidad\/gerencia-de-urbanismo-trata-el-miercoles-la-subasta-publica-de-dos-parcelas-una-comercial-y-otra-de-oficinas-en-el-nuevo-desarrollo-urbanistico-de-la-avenida-de-zaragoza\/\" \/>\n<meta property=\"og:locale\" content=\"es_ES\" \/>\n<meta property=\"og:type\" content=\"article\" \/>\n<meta property=\"og:title\" content=\"Gerencia de Urbanismo trata el mi\u00e9rcoles la subasta p\u00fablica de dos parcelas, una comercial y otra de oficinas, en el nuevo desarrollo urban\u00edstico de la avenida de Zaragoza\" \/>\n<meta property=\"og:description\" content=\"La participaci\u00f3n municipal en ambas parcelas es de un 72,6% y un 23,5%, con precios de salida de 1.035.222,83 y 372.508,68 euros, respectivamente\" \/>\n<meta property=\"og:url\" content=\"https:\/\/www.laguiadepamplona.com\/actualidad\/gerencia-de-urbanismo-trata-el-miercoles-la-subasta-publica-de-dos-parcelas-una-comercial-y-otra-de-oficinas-en-el-nuevo-desarrollo-urbanistico-de-la-avenida-de-zaragoza\/\" \/>\n<meta property=\"og:site_name\" content=\"La Gu\u00eda de Pamplona\" \/>\n<meta property=\"article:publisher\" content=\"https:\/\/www.facebook.com\/laguiadepamplonacom-133175176762273\/?ref=hl\" \/>\n<meta property=\"article:published_time\" content=\"2023-10-09T15:45:32+00:00\" \/>\n<meta property=\"article:modified_time\" content=\"2023-10-09T15:50:09+00:00\" \/>\n<meta property=\"og:image\" content=\"https:\/\/www.laguiadepamplona.com\/actualidad\/wp-content\/uploads\/2023\/10\/23.10.09_desarrollo_avenida_zaragoza_sur.webp\" \/>\n\t<meta property=\"og:image:width\" content=\"1200\" \/>\n\t<meta property=\"og:image:height\" content=\"849\" \/>\n\t<meta property=\"og:image:type\" content=\"image\/webp\" \/>\n<meta name=\"author\" content=\"La Gu\u00eda de Pamplona\" \/>\n<meta name=\"twitter:card\" content=\"summary_large_image\" \/>\n<meta name=\"twitter:creator\" content=\"@LaGuiadPamplona\" \/>\n<meta name=\"twitter:site\" content=\"@LaGuiadPamplona\" \/>\n<meta name=\"twitter:label1\" content=\"Escrito por\" \/>\n\t<meta name=\"twitter:data1\" content=\"La Gu\u00eda de Pamplona\" \/>\n\t<meta name=\"twitter:label2\" content=\"Tiempo de lectura\" \/>\n\t<meta name=\"twitter:data2\" content=\"2 minutos\" \/>\n<script type=\"application\/ld+json\" class=\"yoast-schema-graph\">{\"@context\":\"https:\\\/\\\/schema.org\",\"@graph\":[{\"@type\":\"Article\",\"@id\":\"https:\\\/\\\/www.laguiadepamplona.com\\\/actualidad\\\/gerencia-de-urbanismo-trata-el-miercoles-la-subasta-publica-de-dos-parcelas-una-comercial-y-otra-de-oficinas-en-el-nuevo-desarrollo-urbanistico-de-la-avenida-de-zaragoza\\\/#article\",\"isPartOf\":{\"@id\":\"https:\\\/\\\/www.laguiadepamplona.com\\\/actualidad\\\/gerencia-de-urbanismo-trata-el-miercoles-la-subasta-publica-de-dos-parcelas-una-comercial-y-otra-de-oficinas-en-el-nuevo-desarrollo-urbanistico-de-la-avenida-de-zaragoza\\\/\"},\"author\":{\"name\":\"La Gu\u00eda de Pamplona\",\"@id\":\"https:\\\/\\\/www.laguiadepamplona.com\\\/actualidad\\\/#\\\/schema\\\/person\\\/efe887376f0213d4657c93adc50b1fdb\"},\"headline\":\"Gerencia de Urbanismo trata el mi\u00e9rcoles la subasta p\u00fablica de dos parcelas, una comercial y otra de oficinas, en el nuevo desarrollo urban\u00edstico de la avenida de Zaragoza\",\"datePublished\":\"2023-10-09T15:45:32+00:00\",\"dateModified\":\"2023-10-09T15:50:09+00:00\",\"mainEntityOfPage\":{\"@id\":\"https:\\\/\\\/www.laguiadepamplona.com\\\/actualidad\\\/gerencia-de-urbanismo-trata-el-miercoles-la-subasta-publica-de-dos-parcelas-una-comercial-y-otra-de-oficinas-en-el-nuevo-desarrollo-urbanistico-de-la-avenida-de-zaragoza\\\/\"},\"wordCount\":440,\"commentCount\":0,\"publisher\":{\"@id\":\"https:\\\/\\\/www.laguiadepamplona.com\\\/actualidad\\\/#organization\"},\"image\":{\"@id\":\"https:\\\/\\\/www.laguiadepamplona.com\\\/actualidad\\\/gerencia-de-urbanismo-trata-el-miercoles-la-subasta-publica-de-dos-parcelas-una-comercial-y-otra-de-oficinas-en-el-nuevo-desarrollo-urbanistico-de-la-avenida-de-zaragoza\\\/#primaryimage\"},\"thumbnailUrl\":\"https:\\\/\\\/www.laguiadepamplona.com\\\/actualidad\\\/wp-content\\\/uploads\\\/2023\\\/10\\\/23.10.09_desarrollo_avenida_zaragoza_sur.webp\",\"articleSection\":[\"Ayto Pamplona\"],\"inLanguage\":\"es\",\"potentialAction\":[{\"@type\":\"CommentAction\",\"name\":\"Comment\",\"target\":[\"https:\\\/\\\/www.laguiadepamplona.com\\\/actualidad\\\/gerencia-de-urbanismo-trata-el-miercoles-la-subasta-publica-de-dos-parcelas-una-comercial-y-otra-de-oficinas-en-el-nuevo-desarrollo-urbanistico-de-la-avenida-de-zaragoza\\\/#respond\"]}]},{\"@type\":\"WebPage\",\"@id\":\"https:\\\/\\\/www.laguiadepamplona.com\\\/actualidad\\\/gerencia-de-urbanismo-trata-el-miercoles-la-subasta-publica-de-dos-parcelas-una-comercial-y-otra-de-oficinas-en-el-nuevo-desarrollo-urbanistico-de-la-avenida-de-zaragoza\\\/\",\"url\":\"https:\\\/\\\/www.laguiadepamplona.com\\\/actualidad\\\/gerencia-de-urbanismo-trata-el-miercoles-la-subasta-publica-de-dos-parcelas-una-comercial-y-otra-de-oficinas-en-el-nuevo-desarrollo-urbanistico-de-la-avenida-de-zaragoza\\\/\",\"name\":\"Gerencia de Urbanismo trata el mi\u00e9rcoles la subasta p\u00fablica de dos parcelas, una comercial y otra de oficinas, en el nuevo desarrollo urban\u00edstico de la avenida de Zaragoza\",\"isPartOf\":{\"@id\":\"https:\\\/\\\/www.laguiadepamplona.com\\\/actualidad\\\/#website\"},\"primaryImageOfPage\":{\"@id\":\"https:\\\/\\\/www.laguiadepamplona.com\\\/actualidad\\\/gerencia-de-urbanismo-trata-el-miercoles-la-subasta-publica-de-dos-parcelas-una-comercial-y-otra-de-oficinas-en-el-nuevo-desarrollo-urbanistico-de-la-avenida-de-zaragoza\\\/#primaryimage\"},\"image\":{\"@id\":\"https:\\\/\\\/www.laguiadepamplona.com\\\/actualidad\\\/gerencia-de-urbanismo-trata-el-miercoles-la-subasta-publica-de-dos-parcelas-una-comercial-y-otra-de-oficinas-en-el-nuevo-desarrollo-urbanistico-de-la-avenida-de-zaragoza\\\/#primaryimage\"},\"thumbnailUrl\":\"https:\\\/\\\/www.laguiadepamplona.com\\\/actualidad\\\/wp-content\\\/uploads\\\/2023\\\/10\\\/23.10.09_desarrollo_avenida_zaragoza_sur.webp\",\"datePublished\":\"2023-10-09T15:45:32+00:00\",\"dateModified\":\"2023-10-09T15:50:09+00:00\",\"description\":\"La participaci\u00f3n municipal en ambas parcelas es de un 72,6% y un 23,5%, con precios de salida de 1.035.222,83 y 372.508,68 euros, respectivamente\",\"breadcrumb\":{\"@id\":\"https:\\\/\\\/www.laguiadepamplona.com\\\/actualidad\\\/gerencia-de-urbanismo-trata-el-miercoles-la-subasta-publica-de-dos-parcelas-una-comercial-y-otra-de-oficinas-en-el-nuevo-desarrollo-urbanistico-de-la-avenida-de-zaragoza\\\/#breadcrumb\"},\"inLanguage\":\"es\",\"potentialAction\":[{\"@type\":\"ReadAction\",\"target\":[\"https:\\\/\\\/www.laguiadepamplona.com\\\/actualidad\\\/gerencia-de-urbanismo-trata-el-miercoles-la-subasta-publica-de-dos-parcelas-una-comercial-y-otra-de-oficinas-en-el-nuevo-desarrollo-urbanistico-de-la-avenida-de-zaragoza\\\/\"]}]},{\"@type\":\"ImageObject\",\"inLanguage\":\"es\",\"@id\":\"https:\\\/\\\/www.laguiadepamplona.com\\\/actualidad\\\/gerencia-de-urbanismo-trata-el-miercoles-la-subasta-publica-de-dos-parcelas-una-comercial-y-otra-de-oficinas-en-el-nuevo-desarrollo-urbanistico-de-la-avenida-de-zaragoza\\\/#primaryimage\",\"url\":\"https:\\\/\\\/www.laguiadepamplona.com\\\/actualidad\\\/wp-content\\\/uploads\\\/2023\\\/10\\\/23.10.09_desarrollo_avenida_zaragoza_sur.webp\",\"contentUrl\":\"https:\\\/\\\/www.laguiadepamplona.com\\\/actualidad\\\/wp-content\\\/uploads\\\/2023\\\/10\\\/23.10.09_desarrollo_avenida_zaragoza_sur.webp\",\"width\":1200,\"height\":849},{\"@type\":\"BreadcrumbList\",\"@id\":\"https:\\\/\\\/www.laguiadepamplona.com\\\/actualidad\\\/gerencia-de-urbanismo-trata-el-miercoles-la-subasta-publica-de-dos-parcelas-una-comercial-y-otra-de-oficinas-en-el-nuevo-desarrollo-urbanistico-de-la-avenida-de-zaragoza\\\/#breadcrumb\",\"itemListElement\":[{\"@type\":\"ListItem\",\"position\":1,\"name\":\"Portada\",\"item\":\"https:\\\/\\\/www.laguiadepamplona.com\\\/actualidad\\\/\"},{\"@type\":\"ListItem\",\"position\":2,\"name\":\"Gerencia de Urbanismo trata el mi\u00e9rcoles la subasta p\u00fablica de dos parcelas, una comercial y otra de oficinas, en el nuevo desarrollo urban\u00edstico de la avenida de Zaragoza\"}]},{\"@type\":\"WebSite\",\"@id\":\"https:\\\/\\\/www.laguiadepamplona.com\\\/actualidad\\\/#website\",\"url\":\"https:\\\/\\\/www.laguiadepamplona.com\\\/actualidad\\\/\",\"name\":\"La gu\u00eda de Pamplona\",\"description\":\"Noticias de Pamplona\",\"publisher\":{\"@id\":\"https:\\\/\\\/www.laguiadepamplona.com\\\/actualidad\\\/#organization\"},\"potentialAction\":[{\"@type\":\"SearchAction\",\"target\":{\"@type\":\"EntryPoint\",\"urlTemplate\":\"https:\\\/\\\/www.laguiadepamplona.com\\\/actualidad\\\/?s={search_term_string}\"},\"query-input\":{\"@type\":\"PropertyValueSpecification\",\"valueRequired\":true,\"valueName\":\"search_term_string\"}}],\"inLanguage\":\"es\"},{\"@type\":\"Organization\",\"@id\":\"https:\\\/\\\/www.laguiadepamplona.com\\\/actualidad\\\/#organization\",\"name\":\"La Gu\u00eda de Pamplona \\\/ Noticias\",\"url\":\"https:\\\/\\\/www.laguiadepamplona.com\\\/actualidad\\\/\",\"logo\":{\"@type\":\"ImageObject\",\"inLanguage\":\"es\",\"@id\":\"https:\\\/\\\/www.laguiadepamplona.com\\\/actualidad\\\/#\\\/schema\\\/logo\\\/image\\\/\",\"url\":\"https:\\\/\\\/www.laguiadepamplona.com\\\/actualidad\\\/wp-content\\\/uploads\\\/2018\\\/11\\\/logo-laguiadepamplona18-web1.png\",\"contentUrl\":\"https:\\\/\\\/www.laguiadepamplona.com\\\/actualidad\\\/wp-content\\\/uploads\\\/2018\\\/11\\\/logo-laguiadepamplona18-web1.png\",\"width\":600,\"height\":196,\"caption\":\"La Gu\u00eda de Pamplona \\\/ Noticias\"},\"image\":{\"@id\":\"https:\\\/\\\/www.laguiadepamplona.com\\\/actualidad\\\/#\\\/schema\\\/logo\\\/image\\\/\"},\"sameAs\":[\"https:\\\/\\\/www.facebook.com\\\/laguiadepamplonacom-133175176762273\\\/?ref=hl\",\"https:\\\/\\\/x.com\\\/LaGuiadPamplona\",\"https:\\\/\\\/www.instagram.com\\\/la_guia_de_pamplona\\\/\",\"https:\\\/\\\/www.youtube.com\\\/user\\\/laguiadepamplona\"]},{\"@type\":\"Person\",\"@id\":\"https:\\\/\\\/www.laguiadepamplona.com\\\/actualidad\\\/#\\\/schema\\\/person\\\/efe887376f0213d4657c93adc50b1fdb\",\"name\":\"La Gu\u00eda de Pamplona\",\"image\":{\"@type\":\"ImageObject\",\"inLanguage\":\"es\",\"@id\":\"https:\\\/\\\/secure.gravatar.com\\\/avatar\\\/b6992f131dc8d30ab0dff15446e9d346d9dbd95992de0fef795073f5ea83a81c?s=96&d=mm&r=g\",\"url\":\"https:\\\/\\\/secure.gravatar.com\\\/avatar\\\/b6992f131dc8d30ab0dff15446e9d346d9dbd95992de0fef795073f5ea83a81c?s=96&d=mm&r=g\",\"contentUrl\":\"https:\\\/\\\/secure.gravatar.com\\\/avatar\\\/b6992f131dc8d30ab0dff15446e9d346d9dbd95992de0fef795073f5ea83a81c?s=96&d=mm&r=g\",\"caption\":\"La Gu\u00eda de Pamplona\"}}]}<\/script>\n<!-- \/ Yoast SEO plugin. -->","yoast_head_json":{"title":"Gerencia de Urbanismo trata el mi\u00e9rcoles la subasta p\u00fablica de dos parcelas, una comercial y otra de oficinas, en el nuevo desarrollo urban\u00edstico de la avenida de Zaragoza","description":"La participaci\u00f3n municipal en ambas parcelas es de un 72,6% y un 23,5%, con precios de salida de 1.035.222,83 y 372.508,68 euros, respectivamente","robots":{"index":"index","follow":"follow","max-snippet":"max-snippet:-1","max-image-preview":"max-image-preview:large","max-video-preview":"max-video-preview:-1"},"canonical":"https:\/\/www.laguiadepamplona.com\/actualidad\/gerencia-de-urbanismo-trata-el-miercoles-la-subasta-publica-de-dos-parcelas-una-comercial-y-otra-de-oficinas-en-el-nuevo-desarrollo-urbanistico-de-la-avenida-de-zaragoza\/","og_locale":"es_ES","og_type":"article","og_title":"Gerencia de Urbanismo trata el mi\u00e9rcoles la subasta p\u00fablica de dos parcelas, una comercial y otra de oficinas, en el nuevo desarrollo urban\u00edstico de la avenida de Zaragoza","og_description":"La participaci\u00f3n municipal en ambas parcelas es de un 72,6% y un 23,5%, con precios de salida de 1.035.222,83 y 372.508,68 euros, respectivamente","og_url":"https:\/\/www.laguiadepamplona.com\/actualidad\/gerencia-de-urbanismo-trata-el-miercoles-la-subasta-publica-de-dos-parcelas-una-comercial-y-otra-de-oficinas-en-el-nuevo-desarrollo-urbanistico-de-la-avenida-de-zaragoza\/","og_site_name":"La Gu\u00eda de Pamplona","article_publisher":"https:\/\/www.facebook.com\/laguiadepamplonacom-133175176762273\/?ref=hl","article_published_time":"2023-10-09T15:45:32+00:00","article_modified_time":"2023-10-09T15:50:09+00:00","og_image":[{"width":1200,"height":849,"url":"https:\/\/www.laguiadepamplona.com\/actualidad\/wp-content\/uploads\/2023\/10\/23.10.09_desarrollo_avenida_zaragoza_sur.webp","type":"image\/webp"}],"author":"La Gu\u00eda de Pamplona","twitter_card":"summary_large_image","twitter_creator":"@LaGuiadPamplona","twitter_site":"@LaGuiadPamplona","twitter_misc":{"Escrito por":"La Gu\u00eda de Pamplona","Tiempo de lectura":"2 minutos"},"schema":{"@context":"https:\/\/schema.org","@graph":[{"@type":"Article","@id":"https:\/\/www.laguiadepamplona.com\/actualidad\/gerencia-de-urbanismo-trata-el-miercoles-la-subasta-publica-de-dos-parcelas-una-comercial-y-otra-de-oficinas-en-el-nuevo-desarrollo-urbanistico-de-la-avenida-de-zaragoza\/#article","isPartOf":{"@id":"https:\/\/www.laguiadepamplona.com\/actualidad\/gerencia-de-urbanismo-trata-el-miercoles-la-subasta-publica-de-dos-parcelas-una-comercial-y-otra-de-oficinas-en-el-nuevo-desarrollo-urbanistico-de-la-avenida-de-zaragoza\/"},"author":{"name":"La Gu\u00eda de Pamplona","@id":"https:\/\/www.laguiadepamplona.com\/actualidad\/#\/schema\/person\/efe887376f0213d4657c93adc50b1fdb"},"headline":"Gerencia de Urbanismo trata el mi\u00e9rcoles la subasta p\u00fablica de dos parcelas, una comercial y otra de oficinas, en el nuevo desarrollo urban\u00edstico de la avenida de Zaragoza","datePublished":"2023-10-09T15:45:32+00:00","dateModified":"2023-10-09T15:50:09+00:00","mainEntityOfPage":{"@id":"https:\/\/www.laguiadepamplona.com\/actualidad\/gerencia-de-urbanismo-trata-el-miercoles-la-subasta-publica-de-dos-parcelas-una-comercial-y-otra-de-oficinas-en-el-nuevo-desarrollo-urbanistico-de-la-avenida-de-zaragoza\/"},"wordCount":440,"commentCount":0,"publisher":{"@id":"https:\/\/www.laguiadepamplona.com\/actualidad\/#organization"},"image":{"@id":"https:\/\/www.laguiadepamplona.com\/actualidad\/gerencia-de-urbanismo-trata-el-miercoles-la-subasta-publica-de-dos-parcelas-una-comercial-y-otra-de-oficinas-en-el-nuevo-desarrollo-urbanistico-de-la-avenida-de-zaragoza\/#primaryimage"},"thumbnailUrl":"https:\/\/www.laguiadepamplona.com\/actualidad\/wp-content\/uploads\/2023\/10\/23.10.09_desarrollo_avenida_zaragoza_sur.webp","articleSection":["Ayto Pamplona"],"inLanguage":"es","potentialAction":[{"@type":"CommentAction","name":"Comment","target":["https:\/\/www.laguiadepamplona.com\/actualidad\/gerencia-de-urbanismo-trata-el-miercoles-la-subasta-publica-de-dos-parcelas-una-comercial-y-otra-de-oficinas-en-el-nuevo-desarrollo-urbanistico-de-la-avenida-de-zaragoza\/#respond"]}]},{"@type":"WebPage","@id":"https:\/\/www.laguiadepamplona.com\/actualidad\/gerencia-de-urbanismo-trata-el-miercoles-la-subasta-publica-de-dos-parcelas-una-comercial-y-otra-de-oficinas-en-el-nuevo-desarrollo-urbanistico-de-la-avenida-de-zaragoza\/","url":"https:\/\/www.laguiadepamplona.com\/actualidad\/gerencia-de-urbanismo-trata-el-miercoles-la-subasta-publica-de-dos-parcelas-una-comercial-y-otra-de-oficinas-en-el-nuevo-desarrollo-urbanistico-de-la-avenida-de-zaragoza\/","name":"Gerencia de Urbanismo trata el mi\u00e9rcoles la subasta p\u00fablica de dos parcelas, una comercial y otra de oficinas, en el nuevo desarrollo urban\u00edstico de la avenida de Zaragoza","isPartOf":{"@id":"https:\/\/www.laguiadepamplona.com\/actualidad\/#website"},"primaryImageOfPage":{"@id":"https:\/\/www.laguiadepamplona.com\/actualidad\/gerencia-de-urbanismo-trata-el-miercoles-la-subasta-publica-de-dos-parcelas-una-comercial-y-otra-de-oficinas-en-el-nuevo-desarrollo-urbanistico-de-la-avenida-de-zaragoza\/#primaryimage"},"image":{"@id":"https:\/\/www.laguiadepamplona.com\/actualidad\/gerencia-de-urbanismo-trata-el-miercoles-la-subasta-publica-de-dos-parcelas-una-comercial-y-otra-de-oficinas-en-el-nuevo-desarrollo-urbanistico-de-la-avenida-de-zaragoza\/#primaryimage"},"thumbnailUrl":"https:\/\/www.laguiadepamplona.com\/actualidad\/wp-content\/uploads\/2023\/10\/23.10.09_desarrollo_avenida_zaragoza_sur.webp","datePublished":"2023-10-09T15:45:32+00:00","dateModified":"2023-10-09T15:50:09+00:00","description":"La participaci\u00f3n municipal en ambas parcelas es de un 72,6% y un 23,5%, con precios de salida de 1.035.222,83 y 372.508,68 euros, respectivamente","breadcrumb":{"@id":"https:\/\/www.laguiadepamplona.com\/actualidad\/gerencia-de-urbanismo-trata-el-miercoles-la-subasta-publica-de-dos-parcelas-una-comercial-y-otra-de-oficinas-en-el-nuevo-desarrollo-urbanistico-de-la-avenida-de-zaragoza\/#breadcrumb"},"inLanguage":"es","potentialAction":[{"@type":"ReadAction","target":["https:\/\/www.laguiadepamplona.com\/actualidad\/gerencia-de-urbanismo-trata-el-miercoles-la-subasta-publica-de-dos-parcelas-una-comercial-y-otra-de-oficinas-en-el-nuevo-desarrollo-urbanistico-de-la-avenida-de-zaragoza\/"]}]},{"@type":"ImageObject","inLanguage":"es","@id":"https:\/\/www.laguiadepamplona.com\/actualidad\/gerencia-de-urbanismo-trata-el-miercoles-la-subasta-publica-de-dos-parcelas-una-comercial-y-otra-de-oficinas-en-el-nuevo-desarrollo-urbanistico-de-la-avenida-de-zaragoza\/#primaryimage","url":"https:\/\/www.laguiadepamplona.com\/actualidad\/wp-content\/uploads\/2023\/10\/23.10.09_desarrollo_avenida_zaragoza_sur.webp","contentUrl":"https:\/\/www.laguiadepamplona.com\/actualidad\/wp-content\/uploads\/2023\/10\/23.10.09_desarrollo_avenida_zaragoza_sur.webp","width":1200,"height":849},{"@type":"BreadcrumbList","@id":"https:\/\/www.laguiadepamplona.com\/actualidad\/gerencia-de-urbanismo-trata-el-miercoles-la-subasta-publica-de-dos-parcelas-una-comercial-y-otra-de-oficinas-en-el-nuevo-desarrollo-urbanistico-de-la-avenida-de-zaragoza\/#breadcrumb","itemListElement":[{"@type":"ListItem","position":1,"name":"Portada","item":"https:\/\/www.laguiadepamplona.com\/actualidad\/"},{"@type":"ListItem","position":2,"name":"Gerencia de Urbanismo trata el mi\u00e9rcoles la subasta p\u00fablica de dos parcelas, una comercial y otra de oficinas, en el nuevo desarrollo urban\u00edstico de la avenida de Zaragoza"}]},{"@type":"WebSite","@id":"https:\/\/www.laguiadepamplona.com\/actualidad\/#website","url":"https:\/\/www.laguiadepamplona.com\/actualidad\/","name":"La gu\u00eda de Pamplona","description":"Noticias de Pamplona","publisher":{"@id":"https:\/\/www.laguiadepamplona.com\/actualidad\/#organization"},"potentialAction":[{"@type":"SearchAction","target":{"@type":"EntryPoint","urlTemplate":"https:\/\/www.laguiadepamplona.com\/actualidad\/?s={search_term_string}"},"query-input":{"@type":"PropertyValueSpecification","valueRequired":true,"valueName":"search_term_string"}}],"inLanguage":"es"},{"@type":"Organization","@id":"https:\/\/www.laguiadepamplona.com\/actualidad\/#organization","name":"La Gu\u00eda de Pamplona \/ Noticias","url":"https:\/\/www.laguiadepamplona.com\/actualidad\/","logo":{"@type":"ImageObject","inLanguage":"es","@id":"https:\/\/www.laguiadepamplona.com\/actualidad\/#\/schema\/logo\/image\/","url":"https:\/\/www.laguiadepamplona.com\/actualidad\/wp-content\/uploads\/2018\/11\/logo-laguiadepamplona18-web1.png","contentUrl":"https:\/\/www.laguiadepamplona.com\/actualidad\/wp-content\/uploads\/2018\/11\/logo-laguiadepamplona18-web1.png","width":600,"height":196,"caption":"La Gu\u00eda de Pamplona \/ Noticias"},"image":{"@id":"https:\/\/www.laguiadepamplona.com\/actualidad\/#\/schema\/logo\/image\/"},"sameAs":["https:\/\/www.facebook.com\/laguiadepamplonacom-133175176762273\/?ref=hl","https:\/\/x.com\/LaGuiadPamplona","https:\/\/www.instagram.com\/la_guia_de_pamplona\/","https:\/\/www.youtube.com\/user\/laguiadepamplona"]},{"@type":"Person","@id":"https:\/\/www.laguiadepamplona.com\/actualidad\/#\/schema\/person\/efe887376f0213d4657c93adc50b1fdb","name":"La Gu\u00eda de Pamplona","image":{"@type":"ImageObject","inLanguage":"es","@id":"https:\/\/secure.gravatar.com\/avatar\/b6992f131dc8d30ab0dff15446e9d346d9dbd95992de0fef795073f5ea83a81c?s=96&d=mm&r=g","url":"https:\/\/secure.gravatar.com\/avatar\/b6992f131dc8d30ab0dff15446e9d346d9dbd95992de0fef795073f5ea83a81c?s=96&d=mm&r=g","contentUrl":"https:\/\/secure.gravatar.com\/avatar\/b6992f131dc8d30ab0dff15446e9d346d9dbd95992de0fef795073f5ea83a81c?s=96&d=mm&r=g","caption":"La Gu\u00eda de Pamplona"}}]}},"post_mailing_queue_ids":[],"_links":{"self":[{"href":"https:\/\/www.laguiadepamplona.com\/actualidad\/wp-json\/wp\/v2\/posts\/47552","targetHints":{"allow":["GET"]}}],"collection":[{"href":"https:\/\/www.laguiadepamplona.com\/actualidad\/wp-json\/wp\/v2\/posts"}],"about":[{"href":"https:\/\/www.laguiadepamplona.com\/actualidad\/wp-json\/wp\/v2\/types\/post"}],"author":[{"embeddable":true,"href":"https:\/\/www.laguiadepamplona.com\/actualidad\/wp-json\/wp\/v2\/users\/1"}],"replies":[{"embeddable":true,"href":"https:\/\/www.laguiadepamplona.com\/actualidad\/wp-json\/wp\/v2\/comments?post=47552"}],"version-history":[{"count":1,"href":"https:\/\/www.laguiadepamplona.com\/actualidad\/wp-json\/wp\/v2\/posts\/47552\/revisions"}],"predecessor-version":[{"id":47553,"href":"https:\/\/www.laguiadepamplona.com\/actualidad\/wp-json\/wp\/v2\/posts\/47552\/revisions\/47553"}],"wp:featuredmedia":[{"embeddable":true,"href":"https:\/\/www.laguiadepamplona.com\/actualidad\/wp-json\/wp\/v2\/media\/47554"}],"wp:attachment":[{"href":"https:\/\/www.laguiadepamplona.com\/actualidad\/wp-json\/wp\/v2\/media?parent=47552"}],"wp:term":[{"taxonomy":"category","embeddable":true,"href":"https:\/\/www.laguiadepamplona.com\/actualidad\/wp-json\/wp\/v2\/categories?post=47552"},{"taxonomy":"post_tag","embeddable":true,"href":"https:\/\/www.laguiadepamplona.com\/actualidad\/wp-json\/wp\/v2\/tags?post=47552"}],"curies":[{"name":"wp","href":"https:\/\/api.w.org\/{rel}","templated":true}]}}