{"id":47543,"date":"2023-10-09T17:34:48","date_gmt":"2023-10-09T15:34:48","guid":{"rendered":"https:\/\/www.laguiadepamplona.com\/actualidad\/?p=47543"},"modified":"2023-10-09T17:34:48","modified_gmt":"2023-10-09T15:34:48","slug":"la-guerra-el-desarrollo-humano-la-igualdad-y-la-sostenibilidad-la-propuesta-de-reflexion-de-la-ong-coopera-en-la-casa-de-la-juventud","status":"publish","type":"post","link":"https:\/\/www.laguiadepamplona.com\/actualidad\/la-guerra-el-desarrollo-humano-la-igualdad-y-la-sostenibilidad-la-propuesta-de-reflexion-de-la-ong-coopera-en-la-casa-de-la-juventud\/","title":{"rendered":"La guerra, el desarrollo humano, la igualdad y la sostenibilidad, la propuesta de reflexi\u00f3n de la ONG Coopera en la Casa de la Juventud"},"content":{"rendered":"<h3>Esta tarde se inaugura la muestra \u2018\u00bfY tu impacto?\u2019 con la proyecci\u00f3n de dos premiados documentales sobre Congo y Ucrania, y una charla-taller<\/h3>\n<p><!--more--><\/p>\n<p>Esta tarde a las 18:30 horas, en la Casa de la Juventud acoger\u00e1 una charla taller y la proyecci\u00f3n de dos documentales que reflexionan sobre igualdad de g\u00e9nero que han sido grabados por la ONG Coopera en las zonas de guerra. Los audiovisuales han obtenido reconocimiento nacional e internacional llev\u00e1ndose el Goya en 2022 con \u201cMama\u201d y el primer puesto en el Festival de Cine de los \u00c1ngeles (EEUU) en 2023 y el Golden Dragon de Ferrara (Italia) con \u2018Sisters of Ukraine\u2019.<\/p>\n<p>\u2018Mama\u2019 (Espa\u00f1a, 29\u2019, 2020) es la historia de \u2018Mama Zawadi\u2019 y sus beb\u00e9s chimpanc\u00e9s y cuenta la historia de recuperaci\u00f3n f\u00edsica y psicol\u00f3gica de una mujer v\u00edctima de violencia sexual que gracias a su trabajo como \u00abmadre\u00bb de beb\u00e9s chimpanc\u00e9s en el Centro de Rehabilitaci\u00f3n de Primates de Lwiro, en Rep\u00fablica Democr\u00e1tica del Congo, recupera el amor, la esperanza y el coraje.<br \/>\n<script async src=\"\/\/pagead2.googlesyndication.com\/pagead\/js\/adsbygoogle.js\"><\/script><br \/>\n<!-- Noticias La Guia de Pamplona --><br \/>\n<ins class=\"adsbygoogle\"\nstyle=\"display:block\"\ndata-ad-client=\"ca-pub-6943679897239327\"\ndata-ad-slot=\"7048180777\"\ndata-ad-format=\"auto\"><\/ins><br \/>\n<script>\n(adsbygoogle = window.adsbygoogle || []).push({});\n<\/script><\/p>\n<p>El segundo documental que se proyectar\u00e1 es el largometraje \u2018Sisters of Ukraine\u2019 (81\u2019, 2023) dirigido por Mike Dorsey. En su guion se sigue la historia de dos voluntarios de Barcelona que viajan a un convento en el oeste de Ucrania donde las religiosas ayudan a los refugiados tras la invasi\u00f3n rusa. Mientras los ataques con misiles en toda Ucrania alcanzan niveles sin precedentes, y tras el bombardeo del puente Kerch en Crimea, las monjas y los voluntarios conducen a un grupo de tres docenas de refugiados y familias de soldados que luchan en la guerra a encontrar un hogar cerca de Barcelona en un viaje de tres d\u00edas cruzando Europa.<\/p>\n<p>El acto es la sesi\u00f3n inaugural de una exposici\u00f3n que quedar\u00e1 abierta al p\u00fablico en la Sala de Exposiciones de la Casa de la Juventud a partir del 10 de octubre. La muestra lleva por t\u00edtulo \u00ab\u00bfY tu impacto?\u00bb, y es una actividad que se enmarca en el proyecto de sensibilizaci\u00f3n \u00abConflictos armados: un desarrollo inhumano e insostenible\u00bb. La muestra se extender\u00e1 hasta el viernes 13 y se podr\u00e1 visitar de 9 a 14 horas y de 17 a 22 horas, con entrada libre.<br \/>\n<script async src=\"\/\/pagead2.googlesyndication.com\/pagead\/js\/adsbygoogle.js\"><\/script><br \/>\n<!-- Noticias La Guia de Pamplona --><br \/>\n<ins class=\"adsbygoogle\"\nstyle=\"display:block\"\ndata-ad-client=\"ca-pub-6943679897239327\"\ndata-ad-slot=\"7048180777\"\ndata-ad-format=\"auto\"><\/ins><br \/>\n<script>\n(adsbygoogle = window.adsbygoogle || []).push({});\n<\/script><\/p>\n<p><strong>Guerras, desarrollo y sostenibilidad<\/strong><\/p>\n<p>Este proyecto busca sensibilizar a la ciudadan\u00eda navarra, especialmente a la juventud, sobre el impacto que tienen la guerra y los diversos conflictos armados globales en el desarrollo humano y sostenible. Explora c\u00f3mo estos conflictos afectan a los ODS y el conjunto de metas globales para un futuro m\u00e1s justo y equitativo; a nivel global los conflictos armados siguen devastando las vidas de los civiles en todo el mundo. Solo en el 2022 el 94% de las v\u00edctimas en zonas pobladas fueron ciudadanos.<br \/>\n<script async src=\"\/\/pagead2.googlesyndication.com\/pagead\/js\/adsbygoogle.js\"><\/script><br \/>\n<!-- Noticias La Guia de Pamplona --><br \/>\n<ins class=\"adsbygoogle\"\nstyle=\"display:block\"\ndata-ad-client=\"ca-pub-6943679897239327\"\ndata-ad-slot=\"7048180777\"\ndata-ad-format=\"auto\"><\/ins><br \/>\n<script>\n(adsbygoogle = window.adsbygoogle || []).push({});\n<\/script><\/p>\n<p>La narrativa visual de la exposici\u00f3n est\u00e1 compuesta por 6 <em>roll-ups<\/em> informativos y 12 im\u00e1genes recogidas en las zonas en las que la ONGD Coopera ha realizado cooperaci\u00f3n al desarrollo, como Ucrania, Siria, T\u00fanez, Congo, El Salvador y Colombia. La propuesta busca abordar el impacto de los conflictos armados globales en el desarrollo humano y sostenible, y el objetivo de la exposici\u00f3n es visibilizar la realidad de la guerra para concienciar a la ciudadan\u00eda navarra sobre la urgente necesidad de afrontar las consecuencias globales-locales que est\u00e1n tenido los diversos conflictos armados en las personas, el medio ambiente, la prosperidad y la econom\u00eda.<\/p>\n<p>El conjunto de actividades propuestas por Coopera busca generar opiniones cr\u00edticas y reflexivas sobre la realidad global y lo que supone en el entorno cercano.<\/p>\n","protected":false},"excerpt":{"rendered":"<p>Esta tarde se inaugura la muestra \u2018\u00bfY tu impacto?\u2019 con la proyecci\u00f3n de dos premiados documentales sobre Congo y Ucrania, y una charla-taller<\/p>\n","protected":false},"author":1,"featured_media":47544,"comment_status":"open","ping_status":"closed","sticky":false,"template":"","format":"standard","meta":{"footnotes":""},"categories":[2],"tags":[],"class_list":["post-47543","post","type-post","status-publish","format-standard","has-post-thumbnail","hentry","category-ayuntamiento-pamplona"],"yoast_head":"<!-- This site is optimized with the Yoast SEO plugin v27.3 - https:\/\/yoast.com\/product\/yoast-seo-wordpress\/ -->\n<title>La guerra, el desarrollo humano, la igualdad y la sostenibilidad, la propuesta de reflexi\u00f3n de la ONG Coopera en la Casa de la Juventud<\/title>\n<meta name=\"description\" content=\"Esta tarde se inaugura la muestra \u2018\u00bfY tu impacto?\u2019 con la proyecci\u00f3n de dos premiados documentales sobre Congo y Ucrania, y una charla-taller\" \/>\n<meta name=\"robots\" content=\"index, follow, max-snippet:-1, max-image-preview:large, max-video-preview:-1\" \/>\n<link rel=\"canonical\" href=\"https:\/\/www.laguiadepamplona.com\/actualidad\/la-guerra-el-desarrollo-humano-la-igualdad-y-la-sostenibilidad-la-propuesta-de-reflexion-de-la-ong-coopera-en-la-casa-de-la-juventud\/\" \/>\n<meta property=\"og:locale\" content=\"es_ES\" \/>\n<meta property=\"og:type\" content=\"article\" \/>\n<meta property=\"og:title\" content=\"La guerra, el desarrollo humano, la igualdad y la sostenibilidad, la propuesta de reflexi\u00f3n de la ONG Coopera en la Casa de la Juventud\" \/>\n<meta property=\"og:description\" content=\"Esta tarde se inaugura la muestra \u2018\u00bfY tu impacto?\u2019 con la proyecci\u00f3n de dos premiados documentales sobre Congo y Ucrania, y una charla-taller\" \/>\n<meta property=\"og:url\" content=\"https:\/\/www.laguiadepamplona.com\/actualidad\/la-guerra-el-desarrollo-humano-la-igualdad-y-la-sostenibilidad-la-propuesta-de-reflexion-de-la-ong-coopera-en-la-casa-de-la-juventud\/\" \/>\n<meta property=\"og:site_name\" content=\"La Gu\u00eda de Pamplona\" \/>\n<meta property=\"article:publisher\" content=\"https:\/\/www.facebook.com\/laguiadepamplonacom-133175176762273\/?ref=hl\" \/>\n<meta property=\"article:published_time\" content=\"2023-10-09T15:34:48+00:00\" \/>\n<meta property=\"og:image\" content=\"https:\/\/www.laguiadepamplona.com\/actualidad\/wp-content\/uploads\/2023\/10\/exposicion-y-tu-impacto.webp\" \/>\n\t<meta property=\"og:image:width\" content=\"1080\" \/>\n\t<meta property=\"og:image:height\" content=\"1080\" \/>\n\t<meta property=\"og:image:type\" content=\"image\/webp\" \/>\n<meta name=\"author\" content=\"La Gu\u00eda de Pamplona\" \/>\n<meta name=\"twitter:card\" content=\"summary_large_image\" \/>\n<meta name=\"twitter:creator\" content=\"@LaGuiadPamplona\" \/>\n<meta name=\"twitter:site\" content=\"@LaGuiadPamplona\" \/>\n<meta name=\"twitter:label1\" content=\"Escrito por\" \/>\n\t<meta name=\"twitter:data1\" content=\"La Gu\u00eda de Pamplona\" \/>\n\t<meta name=\"twitter:label2\" content=\"Tiempo de lectura\" \/>\n\t<meta name=\"twitter:data2\" content=\"3 minutos\" \/>\n<script type=\"application\/ld+json\" class=\"yoast-schema-graph\">{\"@context\":\"https:\\\/\\\/schema.org\",\"@graph\":[{\"@type\":\"Article\",\"@id\":\"https:\\\/\\\/www.laguiadepamplona.com\\\/actualidad\\\/la-guerra-el-desarrollo-humano-la-igualdad-y-la-sostenibilidad-la-propuesta-de-reflexion-de-la-ong-coopera-en-la-casa-de-la-juventud\\\/#article\",\"isPartOf\":{\"@id\":\"https:\\\/\\\/www.laguiadepamplona.com\\\/actualidad\\\/la-guerra-el-desarrollo-humano-la-igualdad-y-la-sostenibilidad-la-propuesta-de-reflexion-de-la-ong-coopera-en-la-casa-de-la-juventud\\\/\"},\"author\":{\"name\":\"La Gu\u00eda de Pamplona\",\"@id\":\"https:\\\/\\\/www.laguiadepamplona.com\\\/actualidad\\\/#\\\/schema\\\/person\\\/efe887376f0213d4657c93adc50b1fdb\"},\"headline\":\"La guerra, el desarrollo humano, la igualdad y la sostenibilidad, la propuesta de reflexi\u00f3n de la ONG Coopera en la Casa de la Juventud\",\"datePublished\":\"2023-10-09T15:34:48+00:00\",\"mainEntityOfPage\":{\"@id\":\"https:\\\/\\\/www.laguiadepamplona.com\\\/actualidad\\\/la-guerra-el-desarrollo-humano-la-igualdad-y-la-sostenibilidad-la-propuesta-de-reflexion-de-la-ong-coopera-en-la-casa-de-la-juventud\\\/\"},\"wordCount\":619,\"commentCount\":0,\"publisher\":{\"@id\":\"https:\\\/\\\/www.laguiadepamplona.com\\\/actualidad\\\/#organization\"},\"image\":{\"@id\":\"https:\\\/\\\/www.laguiadepamplona.com\\\/actualidad\\\/la-guerra-el-desarrollo-humano-la-igualdad-y-la-sostenibilidad-la-propuesta-de-reflexion-de-la-ong-coopera-en-la-casa-de-la-juventud\\\/#primaryimage\"},\"thumbnailUrl\":\"https:\\\/\\\/www.laguiadepamplona.com\\\/actualidad\\\/wp-content\\\/uploads\\\/2023\\\/10\\\/exposicion-y-tu-impacto.webp\",\"articleSection\":[\"Ayto Pamplona\"],\"inLanguage\":\"es\",\"potentialAction\":[{\"@type\":\"CommentAction\",\"name\":\"Comment\",\"target\":[\"https:\\\/\\\/www.laguiadepamplona.com\\\/actualidad\\\/la-guerra-el-desarrollo-humano-la-igualdad-y-la-sostenibilidad-la-propuesta-de-reflexion-de-la-ong-coopera-en-la-casa-de-la-juventud\\\/#respond\"]}]},{\"@type\":\"WebPage\",\"@id\":\"https:\\\/\\\/www.laguiadepamplona.com\\\/actualidad\\\/la-guerra-el-desarrollo-humano-la-igualdad-y-la-sostenibilidad-la-propuesta-de-reflexion-de-la-ong-coopera-en-la-casa-de-la-juventud\\\/\",\"url\":\"https:\\\/\\\/www.laguiadepamplona.com\\\/actualidad\\\/la-guerra-el-desarrollo-humano-la-igualdad-y-la-sostenibilidad-la-propuesta-de-reflexion-de-la-ong-coopera-en-la-casa-de-la-juventud\\\/\",\"name\":\"La guerra, el desarrollo humano, la igualdad y la sostenibilidad, la propuesta de reflexi\u00f3n de la ONG Coopera en la Casa de la Juventud\",\"isPartOf\":{\"@id\":\"https:\\\/\\\/www.laguiadepamplona.com\\\/actualidad\\\/#website\"},\"primaryImageOfPage\":{\"@id\":\"https:\\\/\\\/www.laguiadepamplona.com\\\/actualidad\\\/la-guerra-el-desarrollo-humano-la-igualdad-y-la-sostenibilidad-la-propuesta-de-reflexion-de-la-ong-coopera-en-la-casa-de-la-juventud\\\/#primaryimage\"},\"image\":{\"@id\":\"https:\\\/\\\/www.laguiadepamplona.com\\\/actualidad\\\/la-guerra-el-desarrollo-humano-la-igualdad-y-la-sostenibilidad-la-propuesta-de-reflexion-de-la-ong-coopera-en-la-casa-de-la-juventud\\\/#primaryimage\"},\"thumbnailUrl\":\"https:\\\/\\\/www.laguiadepamplona.com\\\/actualidad\\\/wp-content\\\/uploads\\\/2023\\\/10\\\/exposicion-y-tu-impacto.webp\",\"datePublished\":\"2023-10-09T15:34:48+00:00\",\"description\":\"Esta tarde se inaugura la muestra \u2018\u00bfY tu impacto?\u2019 con la proyecci\u00f3n de dos premiados documentales sobre Congo y Ucrania, y una charla-taller\",\"breadcrumb\":{\"@id\":\"https:\\\/\\\/www.laguiadepamplona.com\\\/actualidad\\\/la-guerra-el-desarrollo-humano-la-igualdad-y-la-sostenibilidad-la-propuesta-de-reflexion-de-la-ong-coopera-en-la-casa-de-la-juventud\\\/#breadcrumb\"},\"inLanguage\":\"es\",\"potentialAction\":[{\"@type\":\"ReadAction\",\"target\":[\"https:\\\/\\\/www.laguiadepamplona.com\\\/actualidad\\\/la-guerra-el-desarrollo-humano-la-igualdad-y-la-sostenibilidad-la-propuesta-de-reflexion-de-la-ong-coopera-en-la-casa-de-la-juventud\\\/\"]}]},{\"@type\":\"ImageObject\",\"inLanguage\":\"es\",\"@id\":\"https:\\\/\\\/www.laguiadepamplona.com\\\/actualidad\\\/la-guerra-el-desarrollo-humano-la-igualdad-y-la-sostenibilidad-la-propuesta-de-reflexion-de-la-ong-coopera-en-la-casa-de-la-juventud\\\/#primaryimage\",\"url\":\"https:\\\/\\\/www.laguiadepamplona.com\\\/actualidad\\\/wp-content\\\/uploads\\\/2023\\\/10\\\/exposicion-y-tu-impacto.webp\",\"contentUrl\":\"https:\\\/\\\/www.laguiadepamplona.com\\\/actualidad\\\/wp-content\\\/uploads\\\/2023\\\/10\\\/exposicion-y-tu-impacto.webp\",\"width\":1080,\"height\":1080,\"caption\":\"exposici\u00f3n\"},{\"@type\":\"BreadcrumbList\",\"@id\":\"https:\\\/\\\/www.laguiadepamplona.com\\\/actualidad\\\/la-guerra-el-desarrollo-humano-la-igualdad-y-la-sostenibilidad-la-propuesta-de-reflexion-de-la-ong-coopera-en-la-casa-de-la-juventud\\\/#breadcrumb\",\"itemListElement\":[{\"@type\":\"ListItem\",\"position\":1,\"name\":\"Portada\",\"item\":\"https:\\\/\\\/www.laguiadepamplona.com\\\/actualidad\\\/\"},{\"@type\":\"ListItem\",\"position\":2,\"name\":\"La guerra, el desarrollo humano, la igualdad y la sostenibilidad, la propuesta de reflexi\u00f3n de la ONG Coopera en la Casa de la Juventud\"}]},{\"@type\":\"WebSite\",\"@id\":\"https:\\\/\\\/www.laguiadepamplona.com\\\/actualidad\\\/#website\",\"url\":\"https:\\\/\\\/www.laguiadepamplona.com\\\/actualidad\\\/\",\"name\":\"La gu\u00eda de Pamplona\",\"description\":\"Noticias de Pamplona\",\"publisher\":{\"@id\":\"https:\\\/\\\/www.laguiadepamplona.com\\\/actualidad\\\/#organization\"},\"potentialAction\":[{\"@type\":\"SearchAction\",\"target\":{\"@type\":\"EntryPoint\",\"urlTemplate\":\"https:\\\/\\\/www.laguiadepamplona.com\\\/actualidad\\\/?s={search_term_string}\"},\"query-input\":{\"@type\":\"PropertyValueSpecification\",\"valueRequired\":true,\"valueName\":\"search_term_string\"}}],\"inLanguage\":\"es\"},{\"@type\":\"Organization\",\"@id\":\"https:\\\/\\\/www.laguiadepamplona.com\\\/actualidad\\\/#organization\",\"name\":\"La Gu\u00eda de Pamplona \\\/ Noticias\",\"url\":\"https:\\\/\\\/www.laguiadepamplona.com\\\/actualidad\\\/\",\"logo\":{\"@type\":\"ImageObject\",\"inLanguage\":\"es\",\"@id\":\"https:\\\/\\\/www.laguiadepamplona.com\\\/actualidad\\\/#\\\/schema\\\/logo\\\/image\\\/\",\"url\":\"https:\\\/\\\/www.laguiadepamplona.com\\\/actualidad\\\/wp-content\\\/uploads\\\/2018\\\/11\\\/logo-laguiadepamplona18-web1.png\",\"contentUrl\":\"https:\\\/\\\/www.laguiadepamplona.com\\\/actualidad\\\/wp-content\\\/uploads\\\/2018\\\/11\\\/logo-laguiadepamplona18-web1.png\",\"width\":600,\"height\":196,\"caption\":\"La Gu\u00eda de Pamplona \\\/ Noticias\"},\"image\":{\"@id\":\"https:\\\/\\\/www.laguiadepamplona.com\\\/actualidad\\\/#\\\/schema\\\/logo\\\/image\\\/\"},\"sameAs\":[\"https:\\\/\\\/www.facebook.com\\\/laguiadepamplonacom-133175176762273\\\/?ref=hl\",\"https:\\\/\\\/x.com\\\/LaGuiadPamplona\",\"https:\\\/\\\/www.instagram.com\\\/la_guia_de_pamplona\\\/\",\"https:\\\/\\\/www.youtube.com\\\/user\\\/laguiadepamplona\"]},{\"@type\":\"Person\",\"@id\":\"https:\\\/\\\/www.laguiadepamplona.com\\\/actualidad\\\/#\\\/schema\\\/person\\\/efe887376f0213d4657c93adc50b1fdb\",\"name\":\"La Gu\u00eda de Pamplona\",\"image\":{\"@type\":\"ImageObject\",\"inLanguage\":\"es\",\"@id\":\"https:\\\/\\\/secure.gravatar.com\\\/avatar\\\/b6992f131dc8d30ab0dff15446e9d346d9dbd95992de0fef795073f5ea83a81c?s=96&d=mm&r=g\",\"url\":\"https:\\\/\\\/secure.gravatar.com\\\/avatar\\\/b6992f131dc8d30ab0dff15446e9d346d9dbd95992de0fef795073f5ea83a81c?s=96&d=mm&r=g\",\"contentUrl\":\"https:\\\/\\\/secure.gravatar.com\\\/avatar\\\/b6992f131dc8d30ab0dff15446e9d346d9dbd95992de0fef795073f5ea83a81c?s=96&d=mm&r=g\",\"caption\":\"La Gu\u00eda de Pamplona\"}}]}<\/script>\n<!-- \/ Yoast SEO plugin. -->","yoast_head_json":{"title":"La guerra, el desarrollo humano, la igualdad y la sostenibilidad, la propuesta de reflexi\u00f3n de la ONG Coopera en la Casa de la Juventud","description":"Esta tarde se inaugura la muestra \u2018\u00bfY tu impacto?\u2019 con la proyecci\u00f3n de dos premiados documentales sobre Congo y Ucrania, y una charla-taller","robots":{"index":"index","follow":"follow","max-snippet":"max-snippet:-1","max-image-preview":"max-image-preview:large","max-video-preview":"max-video-preview:-1"},"canonical":"https:\/\/www.laguiadepamplona.com\/actualidad\/la-guerra-el-desarrollo-humano-la-igualdad-y-la-sostenibilidad-la-propuesta-de-reflexion-de-la-ong-coopera-en-la-casa-de-la-juventud\/","og_locale":"es_ES","og_type":"article","og_title":"La guerra, el desarrollo humano, la igualdad y la sostenibilidad, la propuesta de reflexi\u00f3n de la ONG Coopera en la Casa de la Juventud","og_description":"Esta tarde se inaugura la muestra \u2018\u00bfY tu impacto?\u2019 con la proyecci\u00f3n de dos premiados documentales sobre Congo y Ucrania, y una charla-taller","og_url":"https:\/\/www.laguiadepamplona.com\/actualidad\/la-guerra-el-desarrollo-humano-la-igualdad-y-la-sostenibilidad-la-propuesta-de-reflexion-de-la-ong-coopera-en-la-casa-de-la-juventud\/","og_site_name":"La Gu\u00eda de Pamplona","article_publisher":"https:\/\/www.facebook.com\/laguiadepamplonacom-133175176762273\/?ref=hl","article_published_time":"2023-10-09T15:34:48+00:00","og_image":[{"width":1080,"height":1080,"url":"https:\/\/www.laguiadepamplona.com\/actualidad\/wp-content\/uploads\/2023\/10\/exposicion-y-tu-impacto.webp","type":"image\/webp"}],"author":"La Gu\u00eda de Pamplona","twitter_card":"summary_large_image","twitter_creator":"@LaGuiadPamplona","twitter_site":"@LaGuiadPamplona","twitter_misc":{"Escrito por":"La Gu\u00eda de Pamplona","Tiempo de lectura":"3 minutos"},"schema":{"@context":"https:\/\/schema.org","@graph":[{"@type":"Article","@id":"https:\/\/www.laguiadepamplona.com\/actualidad\/la-guerra-el-desarrollo-humano-la-igualdad-y-la-sostenibilidad-la-propuesta-de-reflexion-de-la-ong-coopera-en-la-casa-de-la-juventud\/#article","isPartOf":{"@id":"https:\/\/www.laguiadepamplona.com\/actualidad\/la-guerra-el-desarrollo-humano-la-igualdad-y-la-sostenibilidad-la-propuesta-de-reflexion-de-la-ong-coopera-en-la-casa-de-la-juventud\/"},"author":{"name":"La Gu\u00eda de Pamplona","@id":"https:\/\/www.laguiadepamplona.com\/actualidad\/#\/schema\/person\/efe887376f0213d4657c93adc50b1fdb"},"headline":"La guerra, el desarrollo humano, la igualdad y la sostenibilidad, la propuesta de reflexi\u00f3n de la ONG Coopera en la Casa de la Juventud","datePublished":"2023-10-09T15:34:48+00:00","mainEntityOfPage":{"@id":"https:\/\/www.laguiadepamplona.com\/actualidad\/la-guerra-el-desarrollo-humano-la-igualdad-y-la-sostenibilidad-la-propuesta-de-reflexion-de-la-ong-coopera-en-la-casa-de-la-juventud\/"},"wordCount":619,"commentCount":0,"publisher":{"@id":"https:\/\/www.laguiadepamplona.com\/actualidad\/#organization"},"image":{"@id":"https:\/\/www.laguiadepamplona.com\/actualidad\/la-guerra-el-desarrollo-humano-la-igualdad-y-la-sostenibilidad-la-propuesta-de-reflexion-de-la-ong-coopera-en-la-casa-de-la-juventud\/#primaryimage"},"thumbnailUrl":"https:\/\/www.laguiadepamplona.com\/actualidad\/wp-content\/uploads\/2023\/10\/exposicion-y-tu-impacto.webp","articleSection":["Ayto Pamplona"],"inLanguage":"es","potentialAction":[{"@type":"CommentAction","name":"Comment","target":["https:\/\/www.laguiadepamplona.com\/actualidad\/la-guerra-el-desarrollo-humano-la-igualdad-y-la-sostenibilidad-la-propuesta-de-reflexion-de-la-ong-coopera-en-la-casa-de-la-juventud\/#respond"]}]},{"@type":"WebPage","@id":"https:\/\/www.laguiadepamplona.com\/actualidad\/la-guerra-el-desarrollo-humano-la-igualdad-y-la-sostenibilidad-la-propuesta-de-reflexion-de-la-ong-coopera-en-la-casa-de-la-juventud\/","url":"https:\/\/www.laguiadepamplona.com\/actualidad\/la-guerra-el-desarrollo-humano-la-igualdad-y-la-sostenibilidad-la-propuesta-de-reflexion-de-la-ong-coopera-en-la-casa-de-la-juventud\/","name":"La guerra, el desarrollo humano, la igualdad y la sostenibilidad, la propuesta de reflexi\u00f3n de la ONG Coopera en la Casa de la Juventud","isPartOf":{"@id":"https:\/\/www.laguiadepamplona.com\/actualidad\/#website"},"primaryImageOfPage":{"@id":"https:\/\/www.laguiadepamplona.com\/actualidad\/la-guerra-el-desarrollo-humano-la-igualdad-y-la-sostenibilidad-la-propuesta-de-reflexion-de-la-ong-coopera-en-la-casa-de-la-juventud\/#primaryimage"},"image":{"@id":"https:\/\/www.laguiadepamplona.com\/actualidad\/la-guerra-el-desarrollo-humano-la-igualdad-y-la-sostenibilidad-la-propuesta-de-reflexion-de-la-ong-coopera-en-la-casa-de-la-juventud\/#primaryimage"},"thumbnailUrl":"https:\/\/www.laguiadepamplona.com\/actualidad\/wp-content\/uploads\/2023\/10\/exposicion-y-tu-impacto.webp","datePublished":"2023-10-09T15:34:48+00:00","description":"Esta tarde se inaugura la muestra \u2018\u00bfY tu impacto?\u2019 con la proyecci\u00f3n de dos premiados documentales sobre Congo y Ucrania, y una charla-taller","breadcrumb":{"@id":"https:\/\/www.laguiadepamplona.com\/actualidad\/la-guerra-el-desarrollo-humano-la-igualdad-y-la-sostenibilidad-la-propuesta-de-reflexion-de-la-ong-coopera-en-la-casa-de-la-juventud\/#breadcrumb"},"inLanguage":"es","potentialAction":[{"@type":"ReadAction","target":["https:\/\/www.laguiadepamplona.com\/actualidad\/la-guerra-el-desarrollo-humano-la-igualdad-y-la-sostenibilidad-la-propuesta-de-reflexion-de-la-ong-coopera-en-la-casa-de-la-juventud\/"]}]},{"@type":"ImageObject","inLanguage":"es","@id":"https:\/\/www.laguiadepamplona.com\/actualidad\/la-guerra-el-desarrollo-humano-la-igualdad-y-la-sostenibilidad-la-propuesta-de-reflexion-de-la-ong-coopera-en-la-casa-de-la-juventud\/#primaryimage","url":"https:\/\/www.laguiadepamplona.com\/actualidad\/wp-content\/uploads\/2023\/10\/exposicion-y-tu-impacto.webp","contentUrl":"https:\/\/www.laguiadepamplona.com\/actualidad\/wp-content\/uploads\/2023\/10\/exposicion-y-tu-impacto.webp","width":1080,"height":1080,"caption":"exposici\u00f3n"},{"@type":"BreadcrumbList","@id":"https:\/\/www.laguiadepamplona.com\/actualidad\/la-guerra-el-desarrollo-humano-la-igualdad-y-la-sostenibilidad-la-propuesta-de-reflexion-de-la-ong-coopera-en-la-casa-de-la-juventud\/#breadcrumb","itemListElement":[{"@type":"ListItem","position":1,"name":"Portada","item":"https:\/\/www.laguiadepamplona.com\/actualidad\/"},{"@type":"ListItem","position":2,"name":"La guerra, el desarrollo humano, la igualdad y la sostenibilidad, la propuesta de reflexi\u00f3n de la ONG Coopera en la Casa de la Juventud"}]},{"@type":"WebSite","@id":"https:\/\/www.laguiadepamplona.com\/actualidad\/#website","url":"https:\/\/www.laguiadepamplona.com\/actualidad\/","name":"La gu\u00eda de Pamplona","description":"Noticias de Pamplona","publisher":{"@id":"https:\/\/www.laguiadepamplona.com\/actualidad\/#organization"},"potentialAction":[{"@type":"SearchAction","target":{"@type":"EntryPoint","urlTemplate":"https:\/\/www.laguiadepamplona.com\/actualidad\/?s={search_term_string}"},"query-input":{"@type":"PropertyValueSpecification","valueRequired":true,"valueName":"search_term_string"}}],"inLanguage":"es"},{"@type":"Organization","@id":"https:\/\/www.laguiadepamplona.com\/actualidad\/#organization","name":"La Gu\u00eda de Pamplona \/ Noticias","url":"https:\/\/www.laguiadepamplona.com\/actualidad\/","logo":{"@type":"ImageObject","inLanguage":"es","@id":"https:\/\/www.laguiadepamplona.com\/actualidad\/#\/schema\/logo\/image\/","url":"https:\/\/www.laguiadepamplona.com\/actualidad\/wp-content\/uploads\/2018\/11\/logo-laguiadepamplona18-web1.png","contentUrl":"https:\/\/www.laguiadepamplona.com\/actualidad\/wp-content\/uploads\/2018\/11\/logo-laguiadepamplona18-web1.png","width":600,"height":196,"caption":"La Gu\u00eda de Pamplona \/ Noticias"},"image":{"@id":"https:\/\/www.laguiadepamplona.com\/actualidad\/#\/schema\/logo\/image\/"},"sameAs":["https:\/\/www.facebook.com\/laguiadepamplonacom-133175176762273\/?ref=hl","https:\/\/x.com\/LaGuiadPamplona","https:\/\/www.instagram.com\/la_guia_de_pamplona\/","https:\/\/www.youtube.com\/user\/laguiadepamplona"]},{"@type":"Person","@id":"https:\/\/www.laguiadepamplona.com\/actualidad\/#\/schema\/person\/efe887376f0213d4657c93adc50b1fdb","name":"La Gu\u00eda de Pamplona","image":{"@type":"ImageObject","inLanguage":"es","@id":"https:\/\/secure.gravatar.com\/avatar\/b6992f131dc8d30ab0dff15446e9d346d9dbd95992de0fef795073f5ea83a81c?s=96&d=mm&r=g","url":"https:\/\/secure.gravatar.com\/avatar\/b6992f131dc8d30ab0dff15446e9d346d9dbd95992de0fef795073f5ea83a81c?s=96&d=mm&r=g","contentUrl":"https:\/\/secure.gravatar.com\/avatar\/b6992f131dc8d30ab0dff15446e9d346d9dbd95992de0fef795073f5ea83a81c?s=96&d=mm&r=g","caption":"La Gu\u00eda de Pamplona"}}]}},"post_mailing_queue_ids":[],"_links":{"self":[{"href":"https:\/\/www.laguiadepamplona.com\/actualidad\/wp-json\/wp\/v2\/posts\/47543","targetHints":{"allow":["GET"]}}],"collection":[{"href":"https:\/\/www.laguiadepamplona.com\/actualidad\/wp-json\/wp\/v2\/posts"}],"about":[{"href":"https:\/\/www.laguiadepamplona.com\/actualidad\/wp-json\/wp\/v2\/types\/post"}],"author":[{"embeddable":true,"href":"https:\/\/www.laguiadepamplona.com\/actualidad\/wp-json\/wp\/v2\/users\/1"}],"replies":[{"embeddable":true,"href":"https:\/\/www.laguiadepamplona.com\/actualidad\/wp-json\/wp\/v2\/comments?post=47543"}],"version-history":[{"count":1,"href":"https:\/\/www.laguiadepamplona.com\/actualidad\/wp-json\/wp\/v2\/posts\/47543\/revisions"}],"predecessor-version":[{"id":47545,"href":"https:\/\/www.laguiadepamplona.com\/actualidad\/wp-json\/wp\/v2\/posts\/47543\/revisions\/47545"}],"wp:featuredmedia":[{"embeddable":true,"href":"https:\/\/www.laguiadepamplona.com\/actualidad\/wp-json\/wp\/v2\/media\/47544"}],"wp:attachment":[{"href":"https:\/\/www.laguiadepamplona.com\/actualidad\/wp-json\/wp\/v2\/media?parent=47543"}],"wp:term":[{"taxonomy":"category","embeddable":true,"href":"https:\/\/www.laguiadepamplona.com\/actualidad\/wp-json\/wp\/v2\/categories?post=47543"},{"taxonomy":"post_tag","embeddable":true,"href":"https:\/\/www.laguiadepamplona.com\/actualidad\/wp-json\/wp\/v2\/tags?post=47543"}],"curies":[{"name":"wp","href":"https:\/\/api.w.org\/{rel}","templated":true}]}}