{"id":47540,"date":"2023-10-09T17:31:15","date_gmt":"2023-10-09T15:31:15","guid":{"rendered":"https:\/\/www.laguiadepamplona.com\/actualidad\/?p=47540"},"modified":"2023-10-09T17:31:15","modified_gmt":"2023-10-09T15:31:15","slug":"cuatro-conferencias-en-octubre-y-noviembre-abordan-en-civivox-iturrama-la-relacion-entre-la-fisioterapia-y-la-salud","status":"publish","type":"post","link":"https:\/\/www.laguiadepamplona.com\/actualidad\/cuatro-conferencias-en-octubre-y-noviembre-abordan-en-civivox-iturrama-la-relacion-entre-la-fisioterapia-y-la-salud\/","title":{"rendered":"Cuatro conferencias en octubre y noviembre abordan en Civivox Iturrama la relaci\u00f3n entre la fisioterapia y la salud \u00a0"},"content":{"rendered":"<h3>El ciclo se organiza en colaboraci\u00f3n con el Colegio Oficial de Fisioterapeutas de Navarra<\/h3>\n<p><!--more--><\/p>\n<p>Civivox Iturrama acoge en octubre y noviembre un ciclo sobre fisioterapia y salud. Ser\u00e1n cuatro sesiones en las que se abordar\u00e1n aspectos como los deportes de impacto en la mujer, las deformidades craneales en beb\u00e9s, el envejecimiento activo o las infecciones respiratorias. Las sesiones tendr\u00e1n lugar los d\u00edas 10 y 24 de octubre y 7 y 21 de noviembre, con entrada libre hasta completar el aforo. El ciclo lo organiza el Ayuntamiento de Pamplona, a trav\u00e9s de la red Civivox, en colaboraci\u00f3n con el Colegio Oficial de Fisioterapeutas de Navarra.<br \/>\n<script async src=\"\/\/pagead2.googlesyndication.com\/pagead\/js\/adsbygoogle.js\"><\/script><br \/>\n<!-- Noticias La Guia de Pamplona --><br \/>\n<ins class=\"adsbygoogle\"\nstyle=\"display:block\"\ndata-ad-client=\"ca-pub-6943679897239327\"\ndata-ad-slot=\"7048180777\"\ndata-ad-format=\"auto\"><\/ins><br \/>\n<script>\n(adsbygoogle = window.adsbygoogle || []).push({});\n<\/script><\/p>\n<p>El ciclo comenzar\u00e1 con una sesi\u00f3n sobre mujer y deporte de impacto. La incorporaci\u00f3n de la mujer a la pr\u00e1ctica de estos deportes, cuando existen factores de riesgo y\/o el deporte no se realiza de manera adecuada, supone un riesgo para la salud de su suelo p\u00e9lvico. Con esta charla se quieren dar a conocer esos factores de riesgo y exponer c\u00f3mo la fisioterapia puede prevenir y tratar problemas derivados de estas pr\u00e1cticas, ayudando a mujeres desde la adolescencia a etapas adultas. Imparte la sesi\u00f3n, este martes a las 19.30 horas, la fisioterapeuta Tania Ruiz.<\/p>\n<p>La bronquiolitis es una de las infecciones respiratorias m\u00e1s frecuentes en menores de 2 a\u00f1os. La importancia de la fisioterapia respiratoria ser\u00e1 el tema central de la charla del 24 de octubre, a las 17.30 horas. Las fisioterapeutas Tina Delgado y Marisol Iriarte explicar a madres y padres o personas que tengan a cargo beb\u00e9s, ni\u00f1os y ni\u00f1as, el papel fundamental que tiene la fisioterapia respiratoria en estos casos. El invierno pasado, los casos detectados en Navarra subieron respecto a a\u00f1os anteriores, alcanzando cifras prepand\u00e9micas.<br \/>\n<script async src=\"\/\/pagead2.googlesyndication.com\/pagead\/js\/adsbygoogle.js\"><\/script><br \/>\n<!-- Noticias La Guia de Pamplona --><br \/>\n<ins class=\"adsbygoogle\"\nstyle=\"display:block\"\ndata-ad-client=\"ca-pub-6943679897239327\"\ndata-ad-slot=\"7048180777\"\ndata-ad-format=\"auto\"><\/ins><br \/>\n<script>\n(adsbygoogle = window.adsbygoogle || []).push({});\n<\/script><\/p>\n<p>La tercera charla volver\u00e1 a tratar sobre el ejercicio, aunque centrado en la etapa adulta y la tercera edad. Cada vez pacientes m\u00e1s j\u00f3venes sufren enfermedades cardiovasculares, que disminuyen su calidad de vida. La sesi\u00f3n pretende mostrar los beneficios que se pueden obtener del ejercicio terap\u00e9utico prescrito por profesionales sanitarios adecuados, con el objetivo de prevenir y controlar los factores de riesgo cardiovasculares. Tambi\u00e9n se explicar\u00e1 la importancia de la rehabilitaci\u00f3n card\u00edaca, una vez que el evento cardiovascular ha sucedido. El 7 de noviembre, a partir de las 19.30 horas, con la fisioterapeuta Ana Ariz.<\/p>\n<p>Cerrar\u00e1 el ciclo una charla sobre c\u00f3mo prevenir las deformidades en las cabezas de beb\u00e9s. La fisioterapeuta Irene S\u00e1nchez impartir\u00e1 el 21 de noviembre, a las 17.30 horas, una sesi\u00f3n en la que se analizar\u00e1 las cusas posturales de esas deformaciones, que tienen que ver con la presi\u00f3n constante de la cabeza contra las superficies de apoyo. Con esta charla se pretende ayudar a las madres, padres y personas que cuidan de beb\u00e9s a prevenir esas deformidades y sus consecuencias futuras, favoreciendo al mismo tiempo, el desarrollo motor infantil.<\/p>\n","protected":false},"excerpt":{"rendered":"<p>El ciclo se organiza en colaboraci\u00f3n con el Colegio Oficial de Fisioterapeutas de Navarra<\/p>\n","protected":false},"author":1,"featured_media":47541,"comment_status":"open","ping_status":"closed","sticky":false,"template":"","format":"standard","meta":{"footnotes":""},"categories":[2],"tags":[],"class_list":["post-47540","post","type-post","status-publish","format-standard","has-post-thumbnail","hentry","category-ayuntamiento-pamplona"],"yoast_head":"<!-- This site is optimized with the Yoast SEO plugin v27.3 - https:\/\/yoast.com\/product\/yoast-seo-wordpress\/ -->\n<title>Cuatro conferencias en octubre y noviembre abordan en Civivox Iturrama la relaci\u00f3n entre la fisioterapia y la salud \u00a0<\/title>\n<meta name=\"description\" content=\"El ciclo se organiza en colaboraci\u00f3n con el Colegio Oficial de Fisioterapeutas de Navarra\" \/>\n<meta name=\"robots\" content=\"index, follow, max-snippet:-1, max-image-preview:large, max-video-preview:-1\" \/>\n<link rel=\"canonical\" href=\"https:\/\/www.laguiadepamplona.com\/actualidad\/cuatro-conferencias-en-octubre-y-noviembre-abordan-en-civivox-iturrama-la-relacion-entre-la-fisioterapia-y-la-salud\/\" \/>\n<meta property=\"og:locale\" content=\"es_ES\" \/>\n<meta property=\"og:type\" content=\"article\" \/>\n<meta property=\"og:title\" content=\"Cuatro conferencias en octubre y noviembre abordan en Civivox Iturrama la relaci\u00f3n entre la fisioterapia y la salud \u00a0\" \/>\n<meta property=\"og:description\" content=\"El ciclo se organiza en colaboraci\u00f3n con el Colegio Oficial de Fisioterapeutas de Navarra\" \/>\n<meta property=\"og:url\" content=\"https:\/\/www.laguiadepamplona.com\/actualidad\/cuatro-conferencias-en-octubre-y-noviembre-abordan-en-civivox-iturrama-la-relacion-entre-la-fisioterapia-y-la-salud\/\" \/>\n<meta property=\"og:site_name\" content=\"La Gu\u00eda de Pamplona\" \/>\n<meta property=\"article:publisher\" content=\"https:\/\/www.facebook.com\/laguiadepamplonacom-133175176762273\/?ref=hl\" \/>\n<meta property=\"article:published_time\" content=\"2023-10-09T15:31:15+00:00\" \/>\n<meta property=\"og:image\" content=\"https:\/\/www.laguiadepamplona.com\/actualidad\/wp-content\/uploads\/2023\/10\/alaia-110545-870x480-1.jpg\" \/>\n\t<meta property=\"og:image:width\" content=\"870\" \/>\n\t<meta property=\"og:image:height\" content=\"480\" \/>\n\t<meta property=\"og:image:type\" content=\"image\/jpeg\" \/>\n<meta name=\"author\" content=\"La Gu\u00eda de Pamplona\" \/>\n<meta name=\"twitter:card\" content=\"summary_large_image\" \/>\n<meta name=\"twitter:creator\" content=\"@LaGuiadPamplona\" \/>\n<meta name=\"twitter:site\" content=\"@LaGuiadPamplona\" \/>\n<meta name=\"twitter:label1\" content=\"Escrito por\" \/>\n\t<meta name=\"twitter:data1\" content=\"La Gu\u00eda de Pamplona\" \/>\n\t<meta name=\"twitter:label2\" content=\"Tiempo de lectura\" \/>\n\t<meta name=\"twitter:data2\" content=\"3 minutos\" \/>\n<script type=\"application\/ld+json\" class=\"yoast-schema-graph\">{\"@context\":\"https:\\\/\\\/schema.org\",\"@graph\":[{\"@type\":\"Article\",\"@id\":\"https:\\\/\\\/www.laguiadepamplona.com\\\/actualidad\\\/cuatro-conferencias-en-octubre-y-noviembre-abordan-en-civivox-iturrama-la-relacion-entre-la-fisioterapia-y-la-salud\\\/#article\",\"isPartOf\":{\"@id\":\"https:\\\/\\\/www.laguiadepamplona.com\\\/actualidad\\\/cuatro-conferencias-en-octubre-y-noviembre-abordan-en-civivox-iturrama-la-relacion-entre-la-fisioterapia-y-la-salud\\\/\"},\"author\":{\"name\":\"La Gu\u00eda de Pamplona\",\"@id\":\"https:\\\/\\\/www.laguiadepamplona.com\\\/actualidad\\\/#\\\/schema\\\/person\\\/efe887376f0213d4657c93adc50b1fdb\"},\"headline\":\"Cuatro conferencias en octubre y noviembre abordan en Civivox Iturrama la relaci\u00f3n entre la fisioterapia y la salud \u00a0\",\"datePublished\":\"2023-10-09T15:31:15+00:00\",\"mainEntityOfPage\":{\"@id\":\"https:\\\/\\\/www.laguiadepamplona.com\\\/actualidad\\\/cuatro-conferencias-en-octubre-y-noviembre-abordan-en-civivox-iturrama-la-relacion-entre-la-fisioterapia-y-la-salud\\\/\"},\"wordCount\":511,\"commentCount\":0,\"publisher\":{\"@id\":\"https:\\\/\\\/www.laguiadepamplona.com\\\/actualidad\\\/#organization\"},\"image\":{\"@id\":\"https:\\\/\\\/www.laguiadepamplona.com\\\/actualidad\\\/cuatro-conferencias-en-octubre-y-noviembre-abordan-en-civivox-iturrama-la-relacion-entre-la-fisioterapia-y-la-salud\\\/#primaryimage\"},\"thumbnailUrl\":\"https:\\\/\\\/www.laguiadepamplona.com\\\/actualidad\\\/wp-content\\\/uploads\\\/2023\\\/10\\\/alaia-110545-870x480-1.jpg\",\"articleSection\":[\"Ayto Pamplona\"],\"inLanguage\":\"es\",\"potentialAction\":[{\"@type\":\"CommentAction\",\"name\":\"Comment\",\"target\":[\"https:\\\/\\\/www.laguiadepamplona.com\\\/actualidad\\\/cuatro-conferencias-en-octubre-y-noviembre-abordan-en-civivox-iturrama-la-relacion-entre-la-fisioterapia-y-la-salud\\\/#respond\"]}]},{\"@type\":\"WebPage\",\"@id\":\"https:\\\/\\\/www.laguiadepamplona.com\\\/actualidad\\\/cuatro-conferencias-en-octubre-y-noviembre-abordan-en-civivox-iturrama-la-relacion-entre-la-fisioterapia-y-la-salud\\\/\",\"url\":\"https:\\\/\\\/www.laguiadepamplona.com\\\/actualidad\\\/cuatro-conferencias-en-octubre-y-noviembre-abordan-en-civivox-iturrama-la-relacion-entre-la-fisioterapia-y-la-salud\\\/\",\"name\":\"Cuatro conferencias en octubre y noviembre abordan en Civivox Iturrama la relaci\u00f3n entre la fisioterapia y la salud \u00a0\",\"isPartOf\":{\"@id\":\"https:\\\/\\\/www.laguiadepamplona.com\\\/actualidad\\\/#website\"},\"primaryImageOfPage\":{\"@id\":\"https:\\\/\\\/www.laguiadepamplona.com\\\/actualidad\\\/cuatro-conferencias-en-octubre-y-noviembre-abordan-en-civivox-iturrama-la-relacion-entre-la-fisioterapia-y-la-salud\\\/#primaryimage\"},\"image\":{\"@id\":\"https:\\\/\\\/www.laguiadepamplona.com\\\/actualidad\\\/cuatro-conferencias-en-octubre-y-noviembre-abordan-en-civivox-iturrama-la-relacion-entre-la-fisioterapia-y-la-salud\\\/#primaryimage\"},\"thumbnailUrl\":\"https:\\\/\\\/www.laguiadepamplona.com\\\/actualidad\\\/wp-content\\\/uploads\\\/2023\\\/10\\\/alaia-110545-870x480-1.jpg\",\"datePublished\":\"2023-10-09T15:31:15+00:00\",\"description\":\"El ciclo se organiza en colaboraci\u00f3n con el Colegio Oficial de Fisioterapeutas de Navarra\",\"breadcrumb\":{\"@id\":\"https:\\\/\\\/www.laguiadepamplona.com\\\/actualidad\\\/cuatro-conferencias-en-octubre-y-noviembre-abordan-en-civivox-iturrama-la-relacion-entre-la-fisioterapia-y-la-salud\\\/#breadcrumb\"},\"inLanguage\":\"es\",\"potentialAction\":[{\"@type\":\"ReadAction\",\"target\":[\"https:\\\/\\\/www.laguiadepamplona.com\\\/actualidad\\\/cuatro-conferencias-en-octubre-y-noviembre-abordan-en-civivox-iturrama-la-relacion-entre-la-fisioterapia-y-la-salud\\\/\"]}]},{\"@type\":\"ImageObject\",\"inLanguage\":\"es\",\"@id\":\"https:\\\/\\\/www.laguiadepamplona.com\\\/actualidad\\\/cuatro-conferencias-en-octubre-y-noviembre-abordan-en-civivox-iturrama-la-relacion-entre-la-fisioterapia-y-la-salud\\\/#primaryimage\",\"url\":\"https:\\\/\\\/www.laguiadepamplona.com\\\/actualidad\\\/wp-content\\\/uploads\\\/2023\\\/10\\\/alaia-110545-870x480-1.jpg\",\"contentUrl\":\"https:\\\/\\\/www.laguiadepamplona.com\\\/actualidad\\\/wp-content\\\/uploads\\\/2023\\\/10\\\/alaia-110545-870x480-1.jpg\",\"width\":870,\"height\":480},{\"@type\":\"BreadcrumbList\",\"@id\":\"https:\\\/\\\/www.laguiadepamplona.com\\\/actualidad\\\/cuatro-conferencias-en-octubre-y-noviembre-abordan-en-civivox-iturrama-la-relacion-entre-la-fisioterapia-y-la-salud\\\/#breadcrumb\",\"itemListElement\":[{\"@type\":\"ListItem\",\"position\":1,\"name\":\"Portada\",\"item\":\"https:\\\/\\\/www.laguiadepamplona.com\\\/actualidad\\\/\"},{\"@type\":\"ListItem\",\"position\":2,\"name\":\"Cuatro conferencias en octubre y noviembre abordan en Civivox Iturrama la relaci\u00f3n entre la fisioterapia y la salud \u00a0\"}]},{\"@type\":\"WebSite\",\"@id\":\"https:\\\/\\\/www.laguiadepamplona.com\\\/actualidad\\\/#website\",\"url\":\"https:\\\/\\\/www.laguiadepamplona.com\\\/actualidad\\\/\",\"name\":\"La gu\u00eda de Pamplona\",\"description\":\"Noticias de Pamplona\",\"publisher\":{\"@id\":\"https:\\\/\\\/www.laguiadepamplona.com\\\/actualidad\\\/#organization\"},\"potentialAction\":[{\"@type\":\"SearchAction\",\"target\":{\"@type\":\"EntryPoint\",\"urlTemplate\":\"https:\\\/\\\/www.laguiadepamplona.com\\\/actualidad\\\/?s={search_term_string}\"},\"query-input\":{\"@type\":\"PropertyValueSpecification\",\"valueRequired\":true,\"valueName\":\"search_term_string\"}}],\"inLanguage\":\"es\"},{\"@type\":\"Organization\",\"@id\":\"https:\\\/\\\/www.laguiadepamplona.com\\\/actualidad\\\/#organization\",\"name\":\"La Gu\u00eda de Pamplona \\\/ Noticias\",\"url\":\"https:\\\/\\\/www.laguiadepamplona.com\\\/actualidad\\\/\",\"logo\":{\"@type\":\"ImageObject\",\"inLanguage\":\"es\",\"@id\":\"https:\\\/\\\/www.laguiadepamplona.com\\\/actualidad\\\/#\\\/schema\\\/logo\\\/image\\\/\",\"url\":\"https:\\\/\\\/www.laguiadepamplona.com\\\/actualidad\\\/wp-content\\\/uploads\\\/2018\\\/11\\\/logo-laguiadepamplona18-web1.png\",\"contentUrl\":\"https:\\\/\\\/www.laguiadepamplona.com\\\/actualidad\\\/wp-content\\\/uploads\\\/2018\\\/11\\\/logo-laguiadepamplona18-web1.png\",\"width\":600,\"height\":196,\"caption\":\"La Gu\u00eda de Pamplona \\\/ Noticias\"},\"image\":{\"@id\":\"https:\\\/\\\/www.laguiadepamplona.com\\\/actualidad\\\/#\\\/schema\\\/logo\\\/image\\\/\"},\"sameAs\":[\"https:\\\/\\\/www.facebook.com\\\/laguiadepamplonacom-133175176762273\\\/?ref=hl\",\"https:\\\/\\\/x.com\\\/LaGuiadPamplona\",\"https:\\\/\\\/www.instagram.com\\\/la_guia_de_pamplona\\\/\",\"https:\\\/\\\/www.youtube.com\\\/user\\\/laguiadepamplona\"]},{\"@type\":\"Person\",\"@id\":\"https:\\\/\\\/www.laguiadepamplona.com\\\/actualidad\\\/#\\\/schema\\\/person\\\/efe887376f0213d4657c93adc50b1fdb\",\"name\":\"La Gu\u00eda de Pamplona\",\"image\":{\"@type\":\"ImageObject\",\"inLanguage\":\"es\",\"@id\":\"https:\\\/\\\/secure.gravatar.com\\\/avatar\\\/b6992f131dc8d30ab0dff15446e9d346d9dbd95992de0fef795073f5ea83a81c?s=96&d=mm&r=g\",\"url\":\"https:\\\/\\\/secure.gravatar.com\\\/avatar\\\/b6992f131dc8d30ab0dff15446e9d346d9dbd95992de0fef795073f5ea83a81c?s=96&d=mm&r=g\",\"contentUrl\":\"https:\\\/\\\/secure.gravatar.com\\\/avatar\\\/b6992f131dc8d30ab0dff15446e9d346d9dbd95992de0fef795073f5ea83a81c?s=96&d=mm&r=g\",\"caption\":\"La Gu\u00eda de Pamplona\"}}]}<\/script>\n<!-- \/ Yoast SEO plugin. -->","yoast_head_json":{"title":"Cuatro conferencias en octubre y noviembre abordan en Civivox Iturrama la relaci\u00f3n entre la fisioterapia y la salud \u00a0","description":"El ciclo se organiza en colaboraci\u00f3n con el Colegio Oficial de Fisioterapeutas de Navarra","robots":{"index":"index","follow":"follow","max-snippet":"max-snippet:-1","max-image-preview":"max-image-preview:large","max-video-preview":"max-video-preview:-1"},"canonical":"https:\/\/www.laguiadepamplona.com\/actualidad\/cuatro-conferencias-en-octubre-y-noviembre-abordan-en-civivox-iturrama-la-relacion-entre-la-fisioterapia-y-la-salud\/","og_locale":"es_ES","og_type":"article","og_title":"Cuatro conferencias en octubre y noviembre abordan en Civivox Iturrama la relaci\u00f3n entre la fisioterapia y la salud \u00a0","og_description":"El ciclo se organiza en colaboraci\u00f3n con el Colegio Oficial de Fisioterapeutas de Navarra","og_url":"https:\/\/www.laguiadepamplona.com\/actualidad\/cuatro-conferencias-en-octubre-y-noviembre-abordan-en-civivox-iturrama-la-relacion-entre-la-fisioterapia-y-la-salud\/","og_site_name":"La Gu\u00eda de Pamplona","article_publisher":"https:\/\/www.facebook.com\/laguiadepamplonacom-133175176762273\/?ref=hl","article_published_time":"2023-10-09T15:31:15+00:00","og_image":[{"width":870,"height":480,"url":"https:\/\/www.laguiadepamplona.com\/actualidad\/wp-content\/uploads\/2023\/10\/alaia-110545-870x480-1.jpg","type":"image\/jpeg"}],"author":"La Gu\u00eda de Pamplona","twitter_card":"summary_large_image","twitter_creator":"@LaGuiadPamplona","twitter_site":"@LaGuiadPamplona","twitter_misc":{"Escrito por":"La Gu\u00eda de Pamplona","Tiempo de lectura":"3 minutos"},"schema":{"@context":"https:\/\/schema.org","@graph":[{"@type":"Article","@id":"https:\/\/www.laguiadepamplona.com\/actualidad\/cuatro-conferencias-en-octubre-y-noviembre-abordan-en-civivox-iturrama-la-relacion-entre-la-fisioterapia-y-la-salud\/#article","isPartOf":{"@id":"https:\/\/www.laguiadepamplona.com\/actualidad\/cuatro-conferencias-en-octubre-y-noviembre-abordan-en-civivox-iturrama-la-relacion-entre-la-fisioterapia-y-la-salud\/"},"author":{"name":"La Gu\u00eda de Pamplona","@id":"https:\/\/www.laguiadepamplona.com\/actualidad\/#\/schema\/person\/efe887376f0213d4657c93adc50b1fdb"},"headline":"Cuatro conferencias en octubre y noviembre abordan en Civivox Iturrama la relaci\u00f3n entre la fisioterapia y la salud \u00a0","datePublished":"2023-10-09T15:31:15+00:00","mainEntityOfPage":{"@id":"https:\/\/www.laguiadepamplona.com\/actualidad\/cuatro-conferencias-en-octubre-y-noviembre-abordan-en-civivox-iturrama-la-relacion-entre-la-fisioterapia-y-la-salud\/"},"wordCount":511,"commentCount":0,"publisher":{"@id":"https:\/\/www.laguiadepamplona.com\/actualidad\/#organization"},"image":{"@id":"https:\/\/www.laguiadepamplona.com\/actualidad\/cuatro-conferencias-en-octubre-y-noviembre-abordan-en-civivox-iturrama-la-relacion-entre-la-fisioterapia-y-la-salud\/#primaryimage"},"thumbnailUrl":"https:\/\/www.laguiadepamplona.com\/actualidad\/wp-content\/uploads\/2023\/10\/alaia-110545-870x480-1.jpg","articleSection":["Ayto Pamplona"],"inLanguage":"es","potentialAction":[{"@type":"CommentAction","name":"Comment","target":["https:\/\/www.laguiadepamplona.com\/actualidad\/cuatro-conferencias-en-octubre-y-noviembre-abordan-en-civivox-iturrama-la-relacion-entre-la-fisioterapia-y-la-salud\/#respond"]}]},{"@type":"WebPage","@id":"https:\/\/www.laguiadepamplona.com\/actualidad\/cuatro-conferencias-en-octubre-y-noviembre-abordan-en-civivox-iturrama-la-relacion-entre-la-fisioterapia-y-la-salud\/","url":"https:\/\/www.laguiadepamplona.com\/actualidad\/cuatro-conferencias-en-octubre-y-noviembre-abordan-en-civivox-iturrama-la-relacion-entre-la-fisioterapia-y-la-salud\/","name":"Cuatro conferencias en octubre y noviembre abordan en Civivox Iturrama la relaci\u00f3n entre la fisioterapia y la salud \u00a0","isPartOf":{"@id":"https:\/\/www.laguiadepamplona.com\/actualidad\/#website"},"primaryImageOfPage":{"@id":"https:\/\/www.laguiadepamplona.com\/actualidad\/cuatro-conferencias-en-octubre-y-noviembre-abordan-en-civivox-iturrama-la-relacion-entre-la-fisioterapia-y-la-salud\/#primaryimage"},"image":{"@id":"https:\/\/www.laguiadepamplona.com\/actualidad\/cuatro-conferencias-en-octubre-y-noviembre-abordan-en-civivox-iturrama-la-relacion-entre-la-fisioterapia-y-la-salud\/#primaryimage"},"thumbnailUrl":"https:\/\/www.laguiadepamplona.com\/actualidad\/wp-content\/uploads\/2023\/10\/alaia-110545-870x480-1.jpg","datePublished":"2023-10-09T15:31:15+00:00","description":"El ciclo se organiza en colaboraci\u00f3n con el Colegio Oficial de Fisioterapeutas de Navarra","breadcrumb":{"@id":"https:\/\/www.laguiadepamplona.com\/actualidad\/cuatro-conferencias-en-octubre-y-noviembre-abordan-en-civivox-iturrama-la-relacion-entre-la-fisioterapia-y-la-salud\/#breadcrumb"},"inLanguage":"es","potentialAction":[{"@type":"ReadAction","target":["https:\/\/www.laguiadepamplona.com\/actualidad\/cuatro-conferencias-en-octubre-y-noviembre-abordan-en-civivox-iturrama-la-relacion-entre-la-fisioterapia-y-la-salud\/"]}]},{"@type":"ImageObject","inLanguage":"es","@id":"https:\/\/www.laguiadepamplona.com\/actualidad\/cuatro-conferencias-en-octubre-y-noviembre-abordan-en-civivox-iturrama-la-relacion-entre-la-fisioterapia-y-la-salud\/#primaryimage","url":"https:\/\/www.laguiadepamplona.com\/actualidad\/wp-content\/uploads\/2023\/10\/alaia-110545-870x480-1.jpg","contentUrl":"https:\/\/www.laguiadepamplona.com\/actualidad\/wp-content\/uploads\/2023\/10\/alaia-110545-870x480-1.jpg","width":870,"height":480},{"@type":"BreadcrumbList","@id":"https:\/\/www.laguiadepamplona.com\/actualidad\/cuatro-conferencias-en-octubre-y-noviembre-abordan-en-civivox-iturrama-la-relacion-entre-la-fisioterapia-y-la-salud\/#breadcrumb","itemListElement":[{"@type":"ListItem","position":1,"name":"Portada","item":"https:\/\/www.laguiadepamplona.com\/actualidad\/"},{"@type":"ListItem","position":2,"name":"Cuatro conferencias en octubre y noviembre abordan en Civivox Iturrama la relaci\u00f3n entre la fisioterapia y la salud \u00a0"}]},{"@type":"WebSite","@id":"https:\/\/www.laguiadepamplona.com\/actualidad\/#website","url":"https:\/\/www.laguiadepamplona.com\/actualidad\/","name":"La gu\u00eda de Pamplona","description":"Noticias de Pamplona","publisher":{"@id":"https:\/\/www.laguiadepamplona.com\/actualidad\/#organization"},"potentialAction":[{"@type":"SearchAction","target":{"@type":"EntryPoint","urlTemplate":"https:\/\/www.laguiadepamplona.com\/actualidad\/?s={search_term_string}"},"query-input":{"@type":"PropertyValueSpecification","valueRequired":true,"valueName":"search_term_string"}}],"inLanguage":"es"},{"@type":"Organization","@id":"https:\/\/www.laguiadepamplona.com\/actualidad\/#organization","name":"La Gu\u00eda de Pamplona \/ Noticias","url":"https:\/\/www.laguiadepamplona.com\/actualidad\/","logo":{"@type":"ImageObject","inLanguage":"es","@id":"https:\/\/www.laguiadepamplona.com\/actualidad\/#\/schema\/logo\/image\/","url":"https:\/\/www.laguiadepamplona.com\/actualidad\/wp-content\/uploads\/2018\/11\/logo-laguiadepamplona18-web1.png","contentUrl":"https:\/\/www.laguiadepamplona.com\/actualidad\/wp-content\/uploads\/2018\/11\/logo-laguiadepamplona18-web1.png","width":600,"height":196,"caption":"La Gu\u00eda de Pamplona \/ Noticias"},"image":{"@id":"https:\/\/www.laguiadepamplona.com\/actualidad\/#\/schema\/logo\/image\/"},"sameAs":["https:\/\/www.facebook.com\/laguiadepamplonacom-133175176762273\/?ref=hl","https:\/\/x.com\/LaGuiadPamplona","https:\/\/www.instagram.com\/la_guia_de_pamplona\/","https:\/\/www.youtube.com\/user\/laguiadepamplona"]},{"@type":"Person","@id":"https:\/\/www.laguiadepamplona.com\/actualidad\/#\/schema\/person\/efe887376f0213d4657c93adc50b1fdb","name":"La Gu\u00eda de Pamplona","image":{"@type":"ImageObject","inLanguage":"es","@id":"https:\/\/secure.gravatar.com\/avatar\/b6992f131dc8d30ab0dff15446e9d346d9dbd95992de0fef795073f5ea83a81c?s=96&d=mm&r=g","url":"https:\/\/secure.gravatar.com\/avatar\/b6992f131dc8d30ab0dff15446e9d346d9dbd95992de0fef795073f5ea83a81c?s=96&d=mm&r=g","contentUrl":"https:\/\/secure.gravatar.com\/avatar\/b6992f131dc8d30ab0dff15446e9d346d9dbd95992de0fef795073f5ea83a81c?s=96&d=mm&r=g","caption":"La Gu\u00eda de Pamplona"}}]}},"post_mailing_queue_ids":[],"_links":{"self":[{"href":"https:\/\/www.laguiadepamplona.com\/actualidad\/wp-json\/wp\/v2\/posts\/47540","targetHints":{"allow":["GET"]}}],"collection":[{"href":"https:\/\/www.laguiadepamplona.com\/actualidad\/wp-json\/wp\/v2\/posts"}],"about":[{"href":"https:\/\/www.laguiadepamplona.com\/actualidad\/wp-json\/wp\/v2\/types\/post"}],"author":[{"embeddable":true,"href":"https:\/\/www.laguiadepamplona.com\/actualidad\/wp-json\/wp\/v2\/users\/1"}],"replies":[{"embeddable":true,"href":"https:\/\/www.laguiadepamplona.com\/actualidad\/wp-json\/wp\/v2\/comments?post=47540"}],"version-history":[{"count":1,"href":"https:\/\/www.laguiadepamplona.com\/actualidad\/wp-json\/wp\/v2\/posts\/47540\/revisions"}],"predecessor-version":[{"id":47542,"href":"https:\/\/www.laguiadepamplona.com\/actualidad\/wp-json\/wp\/v2\/posts\/47540\/revisions\/47542"}],"wp:featuredmedia":[{"embeddable":true,"href":"https:\/\/www.laguiadepamplona.com\/actualidad\/wp-json\/wp\/v2\/media\/47541"}],"wp:attachment":[{"href":"https:\/\/www.laguiadepamplona.com\/actualidad\/wp-json\/wp\/v2\/media?parent=47540"}],"wp:term":[{"taxonomy":"category","embeddable":true,"href":"https:\/\/www.laguiadepamplona.com\/actualidad\/wp-json\/wp\/v2\/categories?post=47540"},{"taxonomy":"post_tag","embeddable":true,"href":"https:\/\/www.laguiadepamplona.com\/actualidad\/wp-json\/wp\/v2\/tags?post=47540"}],"curies":[{"name":"wp","href":"https:\/\/api.w.org\/{rel}","templated":true}]}}