{"id":47536,"date":"2023-10-09T17:28:24","date_gmt":"2023-10-09T15:28:24","guid":{"rendered":"https:\/\/www.laguiadepamplona.com\/actualidad\/?p=47536"},"modified":"2023-10-09T17:28:24","modified_gmt":"2023-10-09T15:28:24","slug":"manana-comienza-octubre-trans-un-ciclo-de-actividades-municipales-que-gira-en-torno-a-la-identidad-sexual-y-de-genero","status":"publish","type":"post","link":"https:\/\/www.laguiadepamplona.com\/actualidad\/manana-comienza-octubre-trans-un-ciclo-de-actividades-municipales-que-gira-en-torno-a-la-identidad-sexual-y-de-genero\/","title":{"rendered":"Ma\u00f1ana comienza \u2018Octubre Trans\u2019, un ciclo de actividades municipales que gira en torno a la identidad sexual y de g\u00e9nero"},"content":{"rendered":"<h3>Un cortometraje y un documental seguidos de debate, dos charlas y un punto de encuentro propuestas del Ayuntamiento para este mes<\/h3>\n<p><!--more--><\/p>\n<p>El Ayuntamiento de Pamplona, a trav\u00e9s de su servicio de informaci\u00f3n, promoci\u00f3n de los derechos y la participaci\u00f3n LGTBI, Harrotu, ha programado un a\u00f1o m\u00e1s Octubre Trans, un conjunto de actividades dedicadas a la identidad sexual y de g\u00e9nero. Y se hace en este mes, ya que el 21 de octubre es el D\u00eda de la Despatologizaci\u00f3n de las personas Trans, el marco en el que se reivindican los derechos relacionados con la diversidad sexual y de g\u00e9nero.<br \/>\n<script async src=\"\/\/pagead2.googlesyndication.com\/pagead\/js\/adsbygoogle.js\"><\/script><br \/>\n<!-- Noticias La Guia de Pamplona --><br \/>\n<ins class=\"adsbygoogle\"\nstyle=\"display:block\"\ndata-ad-client=\"ca-pub-6943679897239327\"\ndata-ad-slot=\"7048180777\"\ndata-ad-format=\"auto\"><\/ins><br \/>\n<script>\n(adsbygoogle = window.adsbygoogle || []).push({});\n<\/script><\/p>\n<p>Este programa se realiza en colaboraci\u00f3n con la asociaci\u00f3n Naizen y entre las actividades propuestas en 2023 est\u00e1n la proyecci\u00f3n de un cortometraje y un documental, seguidos por coloquios, dos charlas, actividades que se distribuir\u00e1n entre los martes del todo el mes, y la celebraci\u00f3n el viernes 27 de octubre de un punto de encuentro para familias con menores trans y con espacio de juegos.<\/p>\n<p>Las actividades se est\u00e1n programadas en cuatro centros municipales: Civivox Condestable, Civivox Iturrama, la sala municipal de Calderer\u00eda 11 y el propio centro Harrotu, en la calle San Gregorio 28.<\/p>\n<p>Las propuestas comenzar\u00e1n ma\u00f1ana 10 de octubre con la proyecci\u00f3n en Civivox Iturrama, a las 18 horas, del cortometraje \u2018Monstruo\u2019, un v\u00eddeo-ensayo nominado en 2023 en la secci\u00f3n DOC-U del DOCSBarcelona. El corto (4\u2019) fue realizado por el alumnado del M\u00e1ster en Cine Documental del Instituto de Cine de Madrid. 2022-2023 y sobre su producci\u00f3n y contenido hablar\u00e1n tras la proyecci\u00f3n Asier Garc\u00eda, graduado en Comunicaci\u00f3n Audiovisual por la UNAV y Filmmaker en la ECAM y experto en cine documental por el ICM, adem\u00e1s de activista LGTBI+. La pieza, con guion y realizaci\u00f3n de Javier Elglas, utiliza para su desarrollo im\u00e1genes de pel\u00edculas cl\u00e1sicas, desde Frankenstein hasta el esp\u00edritu de la Colmena.<br \/>\n<script async src=\"\/\/pagead2.googlesyndication.com\/pagead\/js\/adsbygoogle.js\"><\/script><br \/>\n<!-- Noticias La Guia de Pamplona --><br \/>\n<ins class=\"adsbygoogle\"\nstyle=\"display:block\"\ndata-ad-client=\"ca-pub-6943679897239327\"\ndata-ad-slot=\"7048180777\"\ndata-ad-format=\"auto\"><\/ins><br \/>\n<script>\n(adsbygoogle = window.adsbygoogle || []).push({});\n<\/script><\/p>\n<p><strong>Las siguientes semanas<\/strong><\/p>\n<p>El martes 17 el ciclo se traslada a Civivox Condestable. Ese d\u00eda, a las 18 horas, se proyectar\u00e1 el cortometraje documental \u2018Mi peque\u00f1o gran Samurai\u2019, seguido de coloquio. La cinta, de 22 minutos de duraci\u00f3n, se acerca a la historia de Ekai Lersundi, joven con realidad trans que se suicid\u00f3 en 2018 mientras luchaba con la burocracia en torno a la asignaci\u00f3n de terapia de reemplazo hormonal.<\/p>\n<p>Dirigido por Arantza Ibarra, el audiovisual est\u00e1 interpretado por el propio implicado Ekai Lersundi, adem\u00e1s de por Elaxar Lersundi y Ana Mart\u00ednez. La pieza ha obtenido primeros premios y premios del p\u00fablico en Espa\u00f1a en los festivales Mostra La Ploma, Sex Education Festival y Zinegoak, y en cert\u00e1menes internacionales como Eurasia Fest International Film Festival (Kazajistan), Cosmo Film Festival (India) o Omovies Film Festival (Italia). Tambi\u00e9n se alz\u00f3 con el premio al Segundo Mejor Corto en PERLEN \u2013 Queer Film Festival de Hannover (Alemania).<br \/>\n<script async src=\"\/\/pagead2.googlesyndication.com\/pagead\/js\/adsbygoogle.js\"><\/script><br \/>\n<!-- Noticias La Guia de Pamplona --><br \/>\n<ins class=\"adsbygoogle\"\nstyle=\"display:block\"\ndata-ad-client=\"ca-pub-6943679897239327\"\ndata-ad-slot=\"7048180777\"\ndata-ad-format=\"auto\"><\/ins><br \/>\n<script>\n(adsbygoogle = window.adsbygoogle || []).push({});\n<\/script><\/p>\n<p>Las charlas est\u00e1n previstas los martes 24 y 31 de octubre. La primera tendr\u00e1 lugar en la sala municipal de la calle Calderer\u00eda 11. Iris Dominguez, activista trans, a las 18.30 horas abordar\u00e1 el contenido \u2018Ser o no ser (trans): c\u00f3mo enfrentarse a las dudas\u2019; el \u00faltimo martes del mes, de nuevo en Condestable, aunque a las 18 horas, la sesi\u00f3n ser\u00e1 \u2018\u00bfQui\u00e9n teme a la ley trans?\u2019, a cargo de Kris Nogal, activista por los derechos de las personas LGTBI y especialista en g\u00e9nero. Navarra tiene aprobada, desde el a\u00f1o 2017 una Ley Foral para la igualdad social de las personas lgtbi+, con previsiones espec\u00edficas para personas transexuales, transg\u00e9nero y personas intersexuales.<\/p>\n<p><strong>Punto de encuentro para familias con menores trans<\/strong><\/p>\n<p>Finalmente, el 27 de octubre, en los locales de Harotu (San Gregorio, 28) a las 18 horas, se abrir\u00e1 un punto de encuentro para familias con menores trans, que tambi\u00e9n funcionar\u00e1 como espacio de juegos. Dinamizado por las asociaciones Naizen y Bitartean, su objetivo es ser un espacio en el que las familias con menores con diversidad de genero se encuentran, puedan compartir experiencias y hacer red. Se trata de aproximarse a herramientas que ayuden a los menores trans o de g\u00e9nero diverso y a sus familias en su proceso.<\/p>\n<p>Para participar es necesario inscribirse a trav\u00e9s del mail <a href=\"mailto:lgtbi@pamplona.es\">lgtbi@pamplona.es<\/a> o en los tel\u00e9fonos 948 226 326 \/ 699 384965.<br \/>\n<script async src=\"\/\/pagead2.googlesyndication.com\/pagead\/js\/adsbygoogle.js\"><\/script><br \/>\n<!-- Noticias La Guia de Pamplona --><br \/>\n<ins class=\"adsbygoogle\"\nstyle=\"display:block\"\ndata-ad-client=\"ca-pub-6943679897239327\"\ndata-ad-slot=\"7048180777\"\ndata-ad-format=\"auto\"><\/ins><br \/>\n<script>\n(adsbygoogle = window.adsbygoogle || []).push({});\n<\/script><\/p>\n<p>&nbsp;<\/p>\n<h3>Octubre Trans 2023<\/h3>\n<p><strong>Martes 10 de octubre <\/strong><\/p>\n<p>Cortometraje y coloquio<\/p>\n<ul>\n<li>\u2018Monstruo\u2019. V\u00eddeo-ensayo nominado en 2023 en la secci\u00f3n DOC-U del DOCSBarcelona<\/li>\n<li>Ponente: Asier Garc\u00eda, graduado en Comunicaci\u00f3n Audiovisual por la UNAV y Filmmaker en la ECAM y experto en cine documental por el ICM y activista LGTBI+.<\/li>\n<li>Lugar: Civivox Iturrama. 18 horas. Entrada libre<\/li>\n<\/ul>\n<p><strong>Martes 17 de octubre<\/strong><\/p>\n<p>Documental y coloquio<\/p>\n<ul>\n<li>\u201cMi peque\u00f1o gran Samurai\u2019\u00b4. La historia de Ekai Lersundi, joven con realidad trans que muri\u00f3 por suicidio en 2018.<\/li>\n<li>Ponentes: Iv\u00e1n Garde y Kris Morales, activistas LGTBI<\/li>\n<li>Lugar: Civivox Condestable. 18 horas. Entrada libre<\/li>\n<\/ul>\n<p><strong>Martes 24 de octubre <\/strong><\/p>\n<p>Charla<\/p>\n<ul>\n<li>\u2018Ser o no ser (trans): c\u00f3mo enfrentarse a las dudas\u2019<\/li>\n<li>Ponente: Iris Dominguez, activista trans<\/li>\n<li>Calderer\u00eda 11. 18.30 horas. Entrada libre<\/li>\n<\/ul>\n<p><strong>Viernes 27 de octubre<\/strong><\/p>\n<p>Punto de encuentro para familias con menores trans y espacio de juegos<\/p>\n<ul>\n<li>18 horas<\/li>\n<li>Dinamizan: Asociaci\u00f3n Naizen y Bitartean<\/li>\n<li>Inscripci\u00f3n obligatoria (<a href=\"mailto:lgtbi@pamplona.es\">lgtbi@pamplona.es<\/a> 948 226 326\/699 384965Hora: 18:00<\/li>\n<\/ul>\n<p><strong>Martes 31 de octubre<\/strong><\/p>\n<p>Charla<\/p>\n<ul>\n<li>\u00bfQui\u00e9n teme a la ley trans?\u201d<\/li>\n<li>Ponente: Kris Nogal, activista por los derechos de las personas LGTBI y especialista en g\u00e9nero.<\/li>\n<li>Civivox Condestable. 18 horas. Entrada libre<\/li>\n<\/ul>\n","protected":false},"excerpt":{"rendered":"<p>Un cortometraje y un documental seguidos de debate, dos charlas y un punto de encuentro propuestas del Ayuntamiento para este mes<\/p>\n","protected":false},"author":1,"featured_media":46975,"comment_status":"open","ping_status":"closed","sticky":false,"template":"","format":"standard","meta":{"footnotes":""},"categories":[2],"tags":[],"class_list":["post-47536","post","type-post","status-publish","format-standard","has-post-thumbnail","hentry","category-ayuntamiento-pamplona"],"yoast_head":"<!-- This site is optimized with the Yoast SEO plugin v27.3 - https:\/\/yoast.com\/product\/yoast-seo-wordpress\/ -->\n<title>Ma\u00f1ana comienza \u2018Octubre Trans\u2019, un ciclo de actividades municipales que gira en torno a la identidad sexual y de g\u00e9nero<\/title>\n<meta name=\"description\" content=\"Un cortometraje y un documental seguidos de debate, dos charlas y un punto de encuentro propuestas del Ayuntamiento para este mes\" \/>\n<meta name=\"robots\" content=\"index, follow, max-snippet:-1, max-image-preview:large, max-video-preview:-1\" \/>\n<link rel=\"canonical\" href=\"https:\/\/www.laguiadepamplona.com\/actualidad\/manana-comienza-octubre-trans-un-ciclo-de-actividades-municipales-que-gira-en-torno-a-la-identidad-sexual-y-de-genero\/\" \/>\n<meta property=\"og:locale\" content=\"es_ES\" \/>\n<meta property=\"og:type\" content=\"article\" \/>\n<meta property=\"og:title\" content=\"Ma\u00f1ana comienza \u2018Octubre Trans\u2019, un ciclo de actividades municipales que gira en torno a la identidad sexual y de g\u00e9nero\" \/>\n<meta property=\"og:description\" content=\"Un cortometraje y un documental seguidos de debate, dos charlas y un punto de encuentro propuestas del Ayuntamiento para este mes\" \/>\n<meta property=\"og:url\" content=\"https:\/\/www.laguiadepamplona.com\/actualidad\/manana-comienza-octubre-trans-un-ciclo-de-actividades-municipales-que-gira-en-torno-a-la-identidad-sexual-y-de-genero\/\" \/>\n<meta property=\"og:site_name\" content=\"La Gu\u00eda de Pamplona\" \/>\n<meta property=\"article:publisher\" content=\"https:\/\/www.facebook.com\/laguiadepamplonacom-133175176762273\/?ref=hl\" \/>\n<meta property=\"article:published_time\" content=\"2023-10-09T15:28:24+00:00\" \/>\n<meta property=\"og:image\" content=\"https:\/\/www.laguiadepamplona.com\/actualidad\/wp-content\/uploads\/2023\/06\/lgtbi-centro-harrotu.webp\" \/>\n\t<meta property=\"og:image:width\" content=\"1920\" \/>\n\t<meta property=\"og:image:height\" content=\"1280\" \/>\n\t<meta property=\"og:image:type\" content=\"image\/webp\" \/>\n<meta name=\"author\" content=\"La Gu\u00eda de Pamplona\" \/>\n<meta name=\"twitter:card\" content=\"summary_large_image\" \/>\n<meta name=\"twitter:creator\" content=\"@LaGuiadPamplona\" \/>\n<meta name=\"twitter:site\" content=\"@LaGuiadPamplona\" \/>\n<meta name=\"twitter:label1\" content=\"Escrito por\" \/>\n\t<meta name=\"twitter:data1\" content=\"La Gu\u00eda de Pamplona\" \/>\n\t<meta name=\"twitter:label2\" content=\"Tiempo de lectura\" \/>\n\t<meta name=\"twitter:data2\" content=\"5 minutos\" \/>\n<script type=\"application\/ld+json\" class=\"yoast-schema-graph\">{\"@context\":\"https:\\\/\\\/schema.org\",\"@graph\":[{\"@type\":\"Article\",\"@id\":\"https:\\\/\\\/www.laguiadepamplona.com\\\/actualidad\\\/manana-comienza-octubre-trans-un-ciclo-de-actividades-municipales-que-gira-en-torno-a-la-identidad-sexual-y-de-genero\\\/#article\",\"isPartOf\":{\"@id\":\"https:\\\/\\\/www.laguiadepamplona.com\\\/actualidad\\\/manana-comienza-octubre-trans-un-ciclo-de-actividades-municipales-que-gira-en-torno-a-la-identidad-sexual-y-de-genero\\\/\"},\"author\":{\"name\":\"La Gu\u00eda de Pamplona\",\"@id\":\"https:\\\/\\\/www.laguiadepamplona.com\\\/actualidad\\\/#\\\/schema\\\/person\\\/efe887376f0213d4657c93adc50b1fdb\"},\"headline\":\"Ma\u00f1ana comienza \u2018Octubre Trans\u2019, un ciclo de actividades municipales que gira en torno a la identidad sexual y de g\u00e9nero\",\"datePublished\":\"2023-10-09T15:28:24+00:00\",\"mainEntityOfPage\":{\"@id\":\"https:\\\/\\\/www.laguiadepamplona.com\\\/actualidad\\\/manana-comienza-octubre-trans-un-ciclo-de-actividades-municipales-que-gira-en-torno-a-la-identidad-sexual-y-de-genero\\\/\"},\"wordCount\":925,\"commentCount\":0,\"publisher\":{\"@id\":\"https:\\\/\\\/www.laguiadepamplona.com\\\/actualidad\\\/#organization\"},\"image\":{\"@id\":\"https:\\\/\\\/www.laguiadepamplona.com\\\/actualidad\\\/manana-comienza-octubre-trans-un-ciclo-de-actividades-municipales-que-gira-en-torno-a-la-identidad-sexual-y-de-genero\\\/#primaryimage\"},\"thumbnailUrl\":\"https:\\\/\\\/www.laguiadepamplona.com\\\/actualidad\\\/wp-content\\\/uploads\\\/2023\\\/06\\\/lgtbi-centro-harrotu.webp\",\"articleSection\":[\"Ayto Pamplona\"],\"inLanguage\":\"es\",\"potentialAction\":[{\"@type\":\"CommentAction\",\"name\":\"Comment\",\"target\":[\"https:\\\/\\\/www.laguiadepamplona.com\\\/actualidad\\\/manana-comienza-octubre-trans-un-ciclo-de-actividades-municipales-que-gira-en-torno-a-la-identidad-sexual-y-de-genero\\\/#respond\"]}]},{\"@type\":\"WebPage\",\"@id\":\"https:\\\/\\\/www.laguiadepamplona.com\\\/actualidad\\\/manana-comienza-octubre-trans-un-ciclo-de-actividades-municipales-que-gira-en-torno-a-la-identidad-sexual-y-de-genero\\\/\",\"url\":\"https:\\\/\\\/www.laguiadepamplona.com\\\/actualidad\\\/manana-comienza-octubre-trans-un-ciclo-de-actividades-municipales-que-gira-en-torno-a-la-identidad-sexual-y-de-genero\\\/\",\"name\":\"Ma\u00f1ana comienza \u2018Octubre Trans\u2019, un ciclo de actividades municipales que gira en torno a la identidad sexual y de g\u00e9nero\",\"isPartOf\":{\"@id\":\"https:\\\/\\\/www.laguiadepamplona.com\\\/actualidad\\\/#website\"},\"primaryImageOfPage\":{\"@id\":\"https:\\\/\\\/www.laguiadepamplona.com\\\/actualidad\\\/manana-comienza-octubre-trans-un-ciclo-de-actividades-municipales-que-gira-en-torno-a-la-identidad-sexual-y-de-genero\\\/#primaryimage\"},\"image\":{\"@id\":\"https:\\\/\\\/www.laguiadepamplona.com\\\/actualidad\\\/manana-comienza-octubre-trans-un-ciclo-de-actividades-municipales-que-gira-en-torno-a-la-identidad-sexual-y-de-genero\\\/#primaryimage\"},\"thumbnailUrl\":\"https:\\\/\\\/www.laguiadepamplona.com\\\/actualidad\\\/wp-content\\\/uploads\\\/2023\\\/06\\\/lgtbi-centro-harrotu.webp\",\"datePublished\":\"2023-10-09T15:28:24+00:00\",\"description\":\"Un cortometraje y un documental seguidos de debate, dos charlas y un punto de encuentro propuestas del Ayuntamiento para este mes\",\"breadcrumb\":{\"@id\":\"https:\\\/\\\/www.laguiadepamplona.com\\\/actualidad\\\/manana-comienza-octubre-trans-un-ciclo-de-actividades-municipales-que-gira-en-torno-a-la-identidad-sexual-y-de-genero\\\/#breadcrumb\"},\"inLanguage\":\"es\",\"potentialAction\":[{\"@type\":\"ReadAction\",\"target\":[\"https:\\\/\\\/www.laguiadepamplona.com\\\/actualidad\\\/manana-comienza-octubre-trans-un-ciclo-de-actividades-municipales-que-gira-en-torno-a-la-identidad-sexual-y-de-genero\\\/\"]}]},{\"@type\":\"ImageObject\",\"inLanguage\":\"es\",\"@id\":\"https:\\\/\\\/www.laguiadepamplona.com\\\/actualidad\\\/manana-comienza-octubre-trans-un-ciclo-de-actividades-municipales-que-gira-en-torno-a-la-identidad-sexual-y-de-genero\\\/#primaryimage\",\"url\":\"https:\\\/\\\/www.laguiadepamplona.com\\\/actualidad\\\/wp-content\\\/uploads\\\/2023\\\/06\\\/lgtbi-centro-harrotu.webp\",\"contentUrl\":\"https:\\\/\\\/www.laguiadepamplona.com\\\/actualidad\\\/wp-content\\\/uploads\\\/2023\\\/06\\\/lgtbi-centro-harrotu.webp\",\"width\":1920,\"height\":1280},{\"@type\":\"BreadcrumbList\",\"@id\":\"https:\\\/\\\/www.laguiadepamplona.com\\\/actualidad\\\/manana-comienza-octubre-trans-un-ciclo-de-actividades-municipales-que-gira-en-torno-a-la-identidad-sexual-y-de-genero\\\/#breadcrumb\",\"itemListElement\":[{\"@type\":\"ListItem\",\"position\":1,\"name\":\"Portada\",\"item\":\"https:\\\/\\\/www.laguiadepamplona.com\\\/actualidad\\\/\"},{\"@type\":\"ListItem\",\"position\":2,\"name\":\"Ma\u00f1ana comienza \u2018Octubre Trans\u2019, un ciclo de actividades municipales que gira en torno a la identidad sexual y de g\u00e9nero\"}]},{\"@type\":\"WebSite\",\"@id\":\"https:\\\/\\\/www.laguiadepamplona.com\\\/actualidad\\\/#website\",\"url\":\"https:\\\/\\\/www.laguiadepamplona.com\\\/actualidad\\\/\",\"name\":\"La gu\u00eda de Pamplona\",\"description\":\"Noticias de Pamplona\",\"publisher\":{\"@id\":\"https:\\\/\\\/www.laguiadepamplona.com\\\/actualidad\\\/#organization\"},\"potentialAction\":[{\"@type\":\"SearchAction\",\"target\":{\"@type\":\"EntryPoint\",\"urlTemplate\":\"https:\\\/\\\/www.laguiadepamplona.com\\\/actualidad\\\/?s={search_term_string}\"},\"query-input\":{\"@type\":\"PropertyValueSpecification\",\"valueRequired\":true,\"valueName\":\"search_term_string\"}}],\"inLanguage\":\"es\"},{\"@type\":\"Organization\",\"@id\":\"https:\\\/\\\/www.laguiadepamplona.com\\\/actualidad\\\/#organization\",\"name\":\"La Gu\u00eda de Pamplona \\\/ Noticias\",\"url\":\"https:\\\/\\\/www.laguiadepamplona.com\\\/actualidad\\\/\",\"logo\":{\"@type\":\"ImageObject\",\"inLanguage\":\"es\",\"@id\":\"https:\\\/\\\/www.laguiadepamplona.com\\\/actualidad\\\/#\\\/schema\\\/logo\\\/image\\\/\",\"url\":\"https:\\\/\\\/www.laguiadepamplona.com\\\/actualidad\\\/wp-content\\\/uploads\\\/2018\\\/11\\\/logo-laguiadepamplona18-web1.png\",\"contentUrl\":\"https:\\\/\\\/www.laguiadepamplona.com\\\/actualidad\\\/wp-content\\\/uploads\\\/2018\\\/11\\\/logo-laguiadepamplona18-web1.png\",\"width\":600,\"height\":196,\"caption\":\"La Gu\u00eda de Pamplona \\\/ Noticias\"},\"image\":{\"@id\":\"https:\\\/\\\/www.laguiadepamplona.com\\\/actualidad\\\/#\\\/schema\\\/logo\\\/image\\\/\"},\"sameAs\":[\"https:\\\/\\\/www.facebook.com\\\/laguiadepamplonacom-133175176762273\\\/?ref=hl\",\"https:\\\/\\\/x.com\\\/LaGuiadPamplona\",\"https:\\\/\\\/www.instagram.com\\\/la_guia_de_pamplona\\\/\",\"https:\\\/\\\/www.youtube.com\\\/user\\\/laguiadepamplona\"]},{\"@type\":\"Person\",\"@id\":\"https:\\\/\\\/www.laguiadepamplona.com\\\/actualidad\\\/#\\\/schema\\\/person\\\/efe887376f0213d4657c93adc50b1fdb\",\"name\":\"La Gu\u00eda de Pamplona\",\"image\":{\"@type\":\"ImageObject\",\"inLanguage\":\"es\",\"@id\":\"https:\\\/\\\/secure.gravatar.com\\\/avatar\\\/b6992f131dc8d30ab0dff15446e9d346d9dbd95992de0fef795073f5ea83a81c?s=96&d=mm&r=g\",\"url\":\"https:\\\/\\\/secure.gravatar.com\\\/avatar\\\/b6992f131dc8d30ab0dff15446e9d346d9dbd95992de0fef795073f5ea83a81c?s=96&d=mm&r=g\",\"contentUrl\":\"https:\\\/\\\/secure.gravatar.com\\\/avatar\\\/b6992f131dc8d30ab0dff15446e9d346d9dbd95992de0fef795073f5ea83a81c?s=96&d=mm&r=g\",\"caption\":\"La Gu\u00eda de Pamplona\"}}]}<\/script>\n<!-- \/ Yoast SEO plugin. -->","yoast_head_json":{"title":"Ma\u00f1ana comienza \u2018Octubre Trans\u2019, un ciclo de actividades municipales que gira en torno a la identidad sexual y de g\u00e9nero","description":"Un cortometraje y un documental seguidos de debate, dos charlas y un punto de encuentro propuestas del Ayuntamiento para este mes","robots":{"index":"index","follow":"follow","max-snippet":"max-snippet:-1","max-image-preview":"max-image-preview:large","max-video-preview":"max-video-preview:-1"},"canonical":"https:\/\/www.laguiadepamplona.com\/actualidad\/manana-comienza-octubre-trans-un-ciclo-de-actividades-municipales-que-gira-en-torno-a-la-identidad-sexual-y-de-genero\/","og_locale":"es_ES","og_type":"article","og_title":"Ma\u00f1ana comienza \u2018Octubre Trans\u2019, un ciclo de actividades municipales que gira en torno a la identidad sexual y de g\u00e9nero","og_description":"Un cortometraje y un documental seguidos de debate, dos charlas y un punto de encuentro propuestas del Ayuntamiento para este mes","og_url":"https:\/\/www.laguiadepamplona.com\/actualidad\/manana-comienza-octubre-trans-un-ciclo-de-actividades-municipales-que-gira-en-torno-a-la-identidad-sexual-y-de-genero\/","og_site_name":"La Gu\u00eda de Pamplona","article_publisher":"https:\/\/www.facebook.com\/laguiadepamplonacom-133175176762273\/?ref=hl","article_published_time":"2023-10-09T15:28:24+00:00","og_image":[{"width":1920,"height":1280,"url":"https:\/\/www.laguiadepamplona.com\/actualidad\/wp-content\/uploads\/2023\/06\/lgtbi-centro-harrotu.webp","type":"image\/webp"}],"author":"La Gu\u00eda de Pamplona","twitter_card":"summary_large_image","twitter_creator":"@LaGuiadPamplona","twitter_site":"@LaGuiadPamplona","twitter_misc":{"Escrito por":"La Gu\u00eda de Pamplona","Tiempo de lectura":"5 minutos"},"schema":{"@context":"https:\/\/schema.org","@graph":[{"@type":"Article","@id":"https:\/\/www.laguiadepamplona.com\/actualidad\/manana-comienza-octubre-trans-un-ciclo-de-actividades-municipales-que-gira-en-torno-a-la-identidad-sexual-y-de-genero\/#article","isPartOf":{"@id":"https:\/\/www.laguiadepamplona.com\/actualidad\/manana-comienza-octubre-trans-un-ciclo-de-actividades-municipales-que-gira-en-torno-a-la-identidad-sexual-y-de-genero\/"},"author":{"name":"La Gu\u00eda de Pamplona","@id":"https:\/\/www.laguiadepamplona.com\/actualidad\/#\/schema\/person\/efe887376f0213d4657c93adc50b1fdb"},"headline":"Ma\u00f1ana comienza \u2018Octubre Trans\u2019, un ciclo de actividades municipales que gira en torno a la identidad sexual y de g\u00e9nero","datePublished":"2023-10-09T15:28:24+00:00","mainEntityOfPage":{"@id":"https:\/\/www.laguiadepamplona.com\/actualidad\/manana-comienza-octubre-trans-un-ciclo-de-actividades-municipales-que-gira-en-torno-a-la-identidad-sexual-y-de-genero\/"},"wordCount":925,"commentCount":0,"publisher":{"@id":"https:\/\/www.laguiadepamplona.com\/actualidad\/#organization"},"image":{"@id":"https:\/\/www.laguiadepamplona.com\/actualidad\/manana-comienza-octubre-trans-un-ciclo-de-actividades-municipales-que-gira-en-torno-a-la-identidad-sexual-y-de-genero\/#primaryimage"},"thumbnailUrl":"https:\/\/www.laguiadepamplona.com\/actualidad\/wp-content\/uploads\/2023\/06\/lgtbi-centro-harrotu.webp","articleSection":["Ayto Pamplona"],"inLanguage":"es","potentialAction":[{"@type":"CommentAction","name":"Comment","target":["https:\/\/www.laguiadepamplona.com\/actualidad\/manana-comienza-octubre-trans-un-ciclo-de-actividades-municipales-que-gira-en-torno-a-la-identidad-sexual-y-de-genero\/#respond"]}]},{"@type":"WebPage","@id":"https:\/\/www.laguiadepamplona.com\/actualidad\/manana-comienza-octubre-trans-un-ciclo-de-actividades-municipales-que-gira-en-torno-a-la-identidad-sexual-y-de-genero\/","url":"https:\/\/www.laguiadepamplona.com\/actualidad\/manana-comienza-octubre-trans-un-ciclo-de-actividades-municipales-que-gira-en-torno-a-la-identidad-sexual-y-de-genero\/","name":"Ma\u00f1ana comienza \u2018Octubre Trans\u2019, un ciclo de actividades municipales que gira en torno a la identidad sexual y de g\u00e9nero","isPartOf":{"@id":"https:\/\/www.laguiadepamplona.com\/actualidad\/#website"},"primaryImageOfPage":{"@id":"https:\/\/www.laguiadepamplona.com\/actualidad\/manana-comienza-octubre-trans-un-ciclo-de-actividades-municipales-que-gira-en-torno-a-la-identidad-sexual-y-de-genero\/#primaryimage"},"image":{"@id":"https:\/\/www.laguiadepamplona.com\/actualidad\/manana-comienza-octubre-trans-un-ciclo-de-actividades-municipales-que-gira-en-torno-a-la-identidad-sexual-y-de-genero\/#primaryimage"},"thumbnailUrl":"https:\/\/www.laguiadepamplona.com\/actualidad\/wp-content\/uploads\/2023\/06\/lgtbi-centro-harrotu.webp","datePublished":"2023-10-09T15:28:24+00:00","description":"Un cortometraje y un documental seguidos de debate, dos charlas y un punto de encuentro propuestas del Ayuntamiento para este mes","breadcrumb":{"@id":"https:\/\/www.laguiadepamplona.com\/actualidad\/manana-comienza-octubre-trans-un-ciclo-de-actividades-municipales-que-gira-en-torno-a-la-identidad-sexual-y-de-genero\/#breadcrumb"},"inLanguage":"es","potentialAction":[{"@type":"ReadAction","target":["https:\/\/www.laguiadepamplona.com\/actualidad\/manana-comienza-octubre-trans-un-ciclo-de-actividades-municipales-que-gira-en-torno-a-la-identidad-sexual-y-de-genero\/"]}]},{"@type":"ImageObject","inLanguage":"es","@id":"https:\/\/www.laguiadepamplona.com\/actualidad\/manana-comienza-octubre-trans-un-ciclo-de-actividades-municipales-que-gira-en-torno-a-la-identidad-sexual-y-de-genero\/#primaryimage","url":"https:\/\/www.laguiadepamplona.com\/actualidad\/wp-content\/uploads\/2023\/06\/lgtbi-centro-harrotu.webp","contentUrl":"https:\/\/www.laguiadepamplona.com\/actualidad\/wp-content\/uploads\/2023\/06\/lgtbi-centro-harrotu.webp","width":1920,"height":1280},{"@type":"BreadcrumbList","@id":"https:\/\/www.laguiadepamplona.com\/actualidad\/manana-comienza-octubre-trans-un-ciclo-de-actividades-municipales-que-gira-en-torno-a-la-identidad-sexual-y-de-genero\/#breadcrumb","itemListElement":[{"@type":"ListItem","position":1,"name":"Portada","item":"https:\/\/www.laguiadepamplona.com\/actualidad\/"},{"@type":"ListItem","position":2,"name":"Ma\u00f1ana comienza \u2018Octubre Trans\u2019, un ciclo de actividades municipales que gira en torno a la identidad sexual y de g\u00e9nero"}]},{"@type":"WebSite","@id":"https:\/\/www.laguiadepamplona.com\/actualidad\/#website","url":"https:\/\/www.laguiadepamplona.com\/actualidad\/","name":"La gu\u00eda de Pamplona","description":"Noticias de Pamplona","publisher":{"@id":"https:\/\/www.laguiadepamplona.com\/actualidad\/#organization"},"potentialAction":[{"@type":"SearchAction","target":{"@type":"EntryPoint","urlTemplate":"https:\/\/www.laguiadepamplona.com\/actualidad\/?s={search_term_string}"},"query-input":{"@type":"PropertyValueSpecification","valueRequired":true,"valueName":"search_term_string"}}],"inLanguage":"es"},{"@type":"Organization","@id":"https:\/\/www.laguiadepamplona.com\/actualidad\/#organization","name":"La Gu\u00eda de Pamplona \/ Noticias","url":"https:\/\/www.laguiadepamplona.com\/actualidad\/","logo":{"@type":"ImageObject","inLanguage":"es","@id":"https:\/\/www.laguiadepamplona.com\/actualidad\/#\/schema\/logo\/image\/","url":"https:\/\/www.laguiadepamplona.com\/actualidad\/wp-content\/uploads\/2018\/11\/logo-laguiadepamplona18-web1.png","contentUrl":"https:\/\/www.laguiadepamplona.com\/actualidad\/wp-content\/uploads\/2018\/11\/logo-laguiadepamplona18-web1.png","width":600,"height":196,"caption":"La Gu\u00eda de Pamplona \/ Noticias"},"image":{"@id":"https:\/\/www.laguiadepamplona.com\/actualidad\/#\/schema\/logo\/image\/"},"sameAs":["https:\/\/www.facebook.com\/laguiadepamplonacom-133175176762273\/?ref=hl","https:\/\/x.com\/LaGuiadPamplona","https:\/\/www.instagram.com\/la_guia_de_pamplona\/","https:\/\/www.youtube.com\/user\/laguiadepamplona"]},{"@type":"Person","@id":"https:\/\/www.laguiadepamplona.com\/actualidad\/#\/schema\/person\/efe887376f0213d4657c93adc50b1fdb","name":"La Gu\u00eda de Pamplona","image":{"@type":"ImageObject","inLanguage":"es","@id":"https:\/\/secure.gravatar.com\/avatar\/b6992f131dc8d30ab0dff15446e9d346d9dbd95992de0fef795073f5ea83a81c?s=96&d=mm&r=g","url":"https:\/\/secure.gravatar.com\/avatar\/b6992f131dc8d30ab0dff15446e9d346d9dbd95992de0fef795073f5ea83a81c?s=96&d=mm&r=g","contentUrl":"https:\/\/secure.gravatar.com\/avatar\/b6992f131dc8d30ab0dff15446e9d346d9dbd95992de0fef795073f5ea83a81c?s=96&d=mm&r=g","caption":"La Gu\u00eda de Pamplona"}}]}},"post_mailing_queue_ids":[],"_links":{"self":[{"href":"https:\/\/www.laguiadepamplona.com\/actualidad\/wp-json\/wp\/v2\/posts\/47536","targetHints":{"allow":["GET"]}}],"collection":[{"href":"https:\/\/www.laguiadepamplona.com\/actualidad\/wp-json\/wp\/v2\/posts"}],"about":[{"href":"https:\/\/www.laguiadepamplona.com\/actualidad\/wp-json\/wp\/v2\/types\/post"}],"author":[{"embeddable":true,"href":"https:\/\/www.laguiadepamplona.com\/actualidad\/wp-json\/wp\/v2\/users\/1"}],"replies":[{"embeddable":true,"href":"https:\/\/www.laguiadepamplona.com\/actualidad\/wp-json\/wp\/v2\/comments?post=47536"}],"version-history":[{"count":1,"href":"https:\/\/www.laguiadepamplona.com\/actualidad\/wp-json\/wp\/v2\/posts\/47536\/revisions"}],"predecessor-version":[{"id":47537,"href":"https:\/\/www.laguiadepamplona.com\/actualidad\/wp-json\/wp\/v2\/posts\/47536\/revisions\/47537"}],"wp:featuredmedia":[{"embeddable":true,"href":"https:\/\/www.laguiadepamplona.com\/actualidad\/wp-json\/wp\/v2\/media\/46975"}],"wp:attachment":[{"href":"https:\/\/www.laguiadepamplona.com\/actualidad\/wp-json\/wp\/v2\/media?parent=47536"}],"wp:term":[{"taxonomy":"category","embeddable":true,"href":"https:\/\/www.laguiadepamplona.com\/actualidad\/wp-json\/wp\/v2\/categories?post=47536"},{"taxonomy":"post_tag","embeddable":true,"href":"https:\/\/www.laguiadepamplona.com\/actualidad\/wp-json\/wp\/v2\/tags?post=47536"}],"curies":[{"name":"wp","href":"https:\/\/api.w.org\/{rel}","templated":true}]}}