{"id":47533,"date":"2023-10-09T17:25:55","date_gmt":"2023-10-09T15:25:55","guid":{"rendered":"https:\/\/www.laguiadepamplona.com\/actualidad\/?p=47533"},"modified":"2023-10-09T17:25:55","modified_gmt":"2023-10-09T15:25:55","slug":"el-ayuntamiento-convocara-en-el-plazo-de-un-mes-un-concurso-de-proyectos-para-la-transformacion-del-barrio-de-san-jorge","status":"publish","type":"post","link":"https:\/\/www.laguiadepamplona.com\/actualidad\/el-ayuntamiento-convocara-en-el-plazo-de-un-mes-un-concurso-de-proyectos-para-la-transformacion-del-barrio-de-san-jorge\/","title":{"rendered":"El Ayuntamiento convocar\u00e1 en el plazo de un mes un concurso de proyectos para la transformaci\u00f3n del barrio de San Jorge"},"content":{"rendered":"<h3>Se contar\u00e1 con los grupos municipales para la redacci\u00f3n del pliego y el vecindario podr\u00e1 enviar sus ideas o sugerencias, que servir\u00e1n de informaci\u00f3n para los licitadores<\/h3>\n<p><!--more--><\/p>\n<p>El Ayuntamiento de Pamplona va a convocar en el plazo de un mes un concurso de proyectos abierto para transformar el barrio de San Jorge. El concurso busca alternativas y soluciones de manera abierta y objetiva para mejorar el barrio, teniendo en cuenta oportunidades urban\u00edsticas y las distintas soluciones viarias, especialmente en el entorno de la rotonda. Se contar\u00e1 con los grupos municipales para la redacci\u00f3n del pliego, y el vecindario podr\u00e1 enviar sus ideas o sugerencias, que servir\u00e1n de informaci\u00f3n para los licitadores. Este proceso participativo se abrir\u00e1 el pr\u00f3ximo lunes 16 de octubre y finalizar\u00e1 el lunes 30 de octubre. Las personas empadronadas en el barrio de San Jorge podr\u00e1n participar a trav\u00e9s de la web municipal o entregando sus sugerencias en Civivox San Jorge.<\/p>\n<p>La iniciativa la han presentado este lunes el vicealcalde y concejal de Relaciones Ciudadanas, Participaci\u00f3n y Mayores, Carlos Salvador, y la concejala delegada de Desarrollo Sostenible y Proyectos Estrat\u00e9gicos, Izaskun Zozaya. Un equipo de Gerencia de Urbanismo est\u00e1 trabajando ya en el pliego del concurso y presentar\u00e1 el borrador a Gerencia de Urbanismo para que todos los grupos municipales participen en \u00e9l.<br \/>\n<script async src=\"\/\/pagead2.googlesyndication.com\/pagead\/js\/adsbygoogle.js\"><\/script><br \/>\n<!-- Noticias La Guia de Pamplona --><br \/>\n<ins class=\"adsbygoogle\"\nstyle=\"display:block\"\ndata-ad-client=\"ca-pub-6943679897239327\"\ndata-ad-slot=\"7048180777\"\ndata-ad-format=\"auto\"><\/ins><br \/>\n<script>\n(adsbygoogle = window.adsbygoogle || []).push({});\n<\/script><\/p>\n<p>Las ideas y sugerencias de la ciudadan\u00eda se tendr\u00e1n en cuenta y formar\u00e1n parte de la informaci\u00f3n de partida para el concurso, en el que tambi\u00e9n se incorporan los estudios de tr\u00e1fico, semaforizaci\u00f3n y otros documentos de planeamiento municipal. La urbanizaci\u00f3n que se proponga debe integrar amablemente aceras, pasos, contenedores, paradas de autob\u00fas y todo el mobiliario urbano en el nuevo entorno. Los participantes deber\u00e1n incluir infograf\u00edas reales que reflejen c\u00f3mo quedar\u00eda la zona<\/p>\n<p>La clave de la intervenci\u00f3n es generar alternativas accesibles de redistribuci\u00f3n del tr\u00e1fico que no dificulten los movimientos internos del barrio ni generen barreras arquitect\u00f3nicas. El proyecto que resulte de este concurso tendr\u00e1 notables implicaciones en el tr\u00e1fico de la zona norte de la ciudad, por lo que el Ayuntamiento cuenta con la participaci\u00f3n del departamento de Obras P\u00fablicas del Gobierno de Navarra.<br \/>\n<script async src=\"\/\/pagead2.googlesyndication.com\/pagead\/js\/adsbygoogle.js\"><\/script><br \/>\n<!-- Noticias La Guia de Pamplona --><br \/>\n<ins class=\"adsbygoogle\"\nstyle=\"display:block\"\ndata-ad-client=\"ca-pub-6943679897239327\"\ndata-ad-slot=\"7048180777\"\ndata-ad-format=\"auto\"><\/ins><br \/>\n<script>\n(adsbygoogle = window.adsbygoogle || []).push({});\n<\/script><\/p>\n<p><strong>Primer trimestre de 2024<\/strong><\/p>\n<p>El concurso arrancar\u00e1 con una primera fase en la que se premiar\u00e1n las tres mejores propuestas presentadas. En una segunda fase, se encargar\u00e1 el trabajo al equipo que haya presentado el mejor proyecto. Se prev\u00e9 tener resuelto el concurso para el primer trimestre de 2024. De esta manera, el proyecto que reordene el barrio contar\u00e1 con las aportaciones de profesionales de arquitectura, ingenier\u00eda, participaci\u00f3n ciudadana y economistas.<\/p>\n<p>El Ayuntamiento estudia en la actualidad el resultado de los \u00faltimos pasos peatonales habilitados en el barrio, que mejoran la movilidad en el cruce entre las avenidas de Navarra y San Jorge. Adem\u00e1s, se prev\u00e9 una reurbanizaci\u00f3n de la calle Doctor Juaristi que permitir\u00e1 a peatones y ciclistas atravesar la avenida de Navarra hacia el oeste para acceder a las dotaciones escolares y espacios deportivos. Otro aspecto relevante en la ordenaci\u00f3n del tr\u00e1fico en el barrio es el desarrollo del PSIS del TAP, que promueve el Gobierno de Navarra e implica la desaparici\u00f3n del bucle ferroviario.<\/p>\n","protected":false},"excerpt":{"rendered":"<p>Se contar\u00e1 con los grupos municipales para la redacci\u00f3n del pliego y el vecindario podr\u00e1 enviar sus ideas o sugerencias, que servir\u00e1n de informaci\u00f3n para los licitadores<\/p>\n","protected":false},"author":1,"featured_media":47534,"comment_status":"open","ping_status":"closed","sticky":false,"template":"","format":"standard","meta":{"footnotes":""},"categories":[2],"tags":[],"class_list":["post-47533","post","type-post","status-publish","format-standard","has-post-thumbnail","hentry","category-ayuntamiento-pamplona"],"yoast_head":"<!-- This site is optimized with the Yoast SEO plugin v27.3 - https:\/\/yoast.com\/product\/yoast-seo-wordpress\/ -->\n<title>El Ayuntamiento convocar\u00e1 en el plazo de un mes un concurso de proyectos para la transformaci\u00f3n del barrio de San Jorge<\/title>\n<meta name=\"description\" content=\"Se contar\u00e1 con los grupos municipales para la redacci\u00f3n del pliego y el vecindario podr\u00e1 enviar sus ideas o sugerencias, que servir\u00e1n de informaci\u00f3n para los licitadores\" \/>\n<meta name=\"robots\" content=\"index, follow, max-snippet:-1, max-image-preview:large, max-video-preview:-1\" \/>\n<link rel=\"canonical\" href=\"https:\/\/www.laguiadepamplona.com\/actualidad\/el-ayuntamiento-convocara-en-el-plazo-de-un-mes-un-concurso-de-proyectos-para-la-transformacion-del-barrio-de-san-jorge\/\" \/>\n<meta property=\"og:locale\" content=\"es_ES\" \/>\n<meta property=\"og:type\" content=\"article\" \/>\n<meta property=\"og:title\" content=\"El Ayuntamiento convocar\u00e1 en el plazo de un mes un concurso de proyectos para la transformaci\u00f3n del barrio de San Jorge\" \/>\n<meta property=\"og:description\" content=\"Se contar\u00e1 con los grupos municipales para la redacci\u00f3n del pliego y el vecindario podr\u00e1 enviar sus ideas o sugerencias, que servir\u00e1n de informaci\u00f3n para los licitadores\" \/>\n<meta property=\"og:url\" content=\"https:\/\/www.laguiadepamplona.com\/actualidad\/el-ayuntamiento-convocara-en-el-plazo-de-un-mes-un-concurso-de-proyectos-para-la-transformacion-del-barrio-de-san-jorge\/\" \/>\n<meta property=\"og:site_name\" content=\"La Gu\u00eda de Pamplona\" \/>\n<meta property=\"article:publisher\" content=\"https:\/\/www.facebook.com\/laguiadepamplonacom-133175176762273\/?ref=hl\" \/>\n<meta property=\"article:published_time\" content=\"2023-10-09T15:25:55+00:00\" \/>\n<meta property=\"og:image\" content=\"https:\/\/www.laguiadepamplona.com\/actualidad\/wp-content\/uploads\/2023\/10\/23.10.09_S-JORGE-BERICHITOS_web.webp\" \/>\n\t<meta property=\"og:image:width\" content=\"1200\" \/>\n\t<meta property=\"og:image:height\" content=\"848\" \/>\n\t<meta property=\"og:image:type\" content=\"image\/webp\" \/>\n<meta name=\"author\" content=\"La Gu\u00eda de Pamplona\" \/>\n<meta name=\"twitter:card\" content=\"summary_large_image\" \/>\n<meta name=\"twitter:creator\" content=\"@LaGuiadPamplona\" \/>\n<meta name=\"twitter:site\" content=\"@LaGuiadPamplona\" \/>\n<meta name=\"twitter:label1\" content=\"Escrito por\" \/>\n\t<meta name=\"twitter:data1\" content=\"La Gu\u00eda de Pamplona\" \/>\n\t<meta name=\"twitter:label2\" content=\"Tiempo de lectura\" \/>\n\t<meta name=\"twitter:data2\" content=\"3 minutos\" \/>\n<script type=\"application\/ld+json\" class=\"yoast-schema-graph\">{\"@context\":\"https:\\\/\\\/schema.org\",\"@graph\":[{\"@type\":\"Article\",\"@id\":\"https:\\\/\\\/www.laguiadepamplona.com\\\/actualidad\\\/el-ayuntamiento-convocara-en-el-plazo-de-un-mes-un-concurso-de-proyectos-para-la-transformacion-del-barrio-de-san-jorge\\\/#article\",\"isPartOf\":{\"@id\":\"https:\\\/\\\/www.laguiadepamplona.com\\\/actualidad\\\/el-ayuntamiento-convocara-en-el-plazo-de-un-mes-un-concurso-de-proyectos-para-la-transformacion-del-barrio-de-san-jorge\\\/\"},\"author\":{\"name\":\"La Gu\u00eda de Pamplona\",\"@id\":\"https:\\\/\\\/www.laguiadepamplona.com\\\/actualidad\\\/#\\\/schema\\\/person\\\/efe887376f0213d4657c93adc50b1fdb\"},\"headline\":\"El Ayuntamiento convocar\u00e1 en el plazo de un mes un concurso de proyectos para la transformaci\u00f3n del barrio de San Jorge\",\"datePublished\":\"2023-10-09T15:25:55+00:00\",\"mainEntityOfPage\":{\"@id\":\"https:\\\/\\\/www.laguiadepamplona.com\\\/actualidad\\\/el-ayuntamiento-convocara-en-el-plazo-de-un-mes-un-concurso-de-proyectos-para-la-transformacion-del-barrio-de-san-jorge\\\/\"},\"wordCount\":578,\"commentCount\":0,\"publisher\":{\"@id\":\"https:\\\/\\\/www.laguiadepamplona.com\\\/actualidad\\\/#organization\"},\"image\":{\"@id\":\"https:\\\/\\\/www.laguiadepamplona.com\\\/actualidad\\\/el-ayuntamiento-convocara-en-el-plazo-de-un-mes-un-concurso-de-proyectos-para-la-transformacion-del-barrio-de-san-jorge\\\/#primaryimage\"},\"thumbnailUrl\":\"https:\\\/\\\/www.laguiadepamplona.com\\\/actualidad\\\/wp-content\\\/uploads\\\/2023\\\/10\\\/23.10.09_S-JORGE-BERICHITOS_web.webp\",\"articleSection\":[\"Ayto Pamplona\"],\"inLanguage\":\"es\",\"potentialAction\":[{\"@type\":\"CommentAction\",\"name\":\"Comment\",\"target\":[\"https:\\\/\\\/www.laguiadepamplona.com\\\/actualidad\\\/el-ayuntamiento-convocara-en-el-plazo-de-un-mes-un-concurso-de-proyectos-para-la-transformacion-del-barrio-de-san-jorge\\\/#respond\"]}]},{\"@type\":\"WebPage\",\"@id\":\"https:\\\/\\\/www.laguiadepamplona.com\\\/actualidad\\\/el-ayuntamiento-convocara-en-el-plazo-de-un-mes-un-concurso-de-proyectos-para-la-transformacion-del-barrio-de-san-jorge\\\/\",\"url\":\"https:\\\/\\\/www.laguiadepamplona.com\\\/actualidad\\\/el-ayuntamiento-convocara-en-el-plazo-de-un-mes-un-concurso-de-proyectos-para-la-transformacion-del-barrio-de-san-jorge\\\/\",\"name\":\"El Ayuntamiento convocar\u00e1 en el plazo de un mes un concurso de proyectos para la transformaci\u00f3n del barrio de San Jorge\",\"isPartOf\":{\"@id\":\"https:\\\/\\\/www.laguiadepamplona.com\\\/actualidad\\\/#website\"},\"primaryImageOfPage\":{\"@id\":\"https:\\\/\\\/www.laguiadepamplona.com\\\/actualidad\\\/el-ayuntamiento-convocara-en-el-plazo-de-un-mes-un-concurso-de-proyectos-para-la-transformacion-del-barrio-de-san-jorge\\\/#primaryimage\"},\"image\":{\"@id\":\"https:\\\/\\\/www.laguiadepamplona.com\\\/actualidad\\\/el-ayuntamiento-convocara-en-el-plazo-de-un-mes-un-concurso-de-proyectos-para-la-transformacion-del-barrio-de-san-jorge\\\/#primaryimage\"},\"thumbnailUrl\":\"https:\\\/\\\/www.laguiadepamplona.com\\\/actualidad\\\/wp-content\\\/uploads\\\/2023\\\/10\\\/23.10.09_S-JORGE-BERICHITOS_web.webp\",\"datePublished\":\"2023-10-09T15:25:55+00:00\",\"description\":\"Se contar\u00e1 con los grupos municipales para la redacci\u00f3n del pliego y el vecindario podr\u00e1 enviar sus ideas o sugerencias, que servir\u00e1n de informaci\u00f3n para los licitadores\",\"breadcrumb\":{\"@id\":\"https:\\\/\\\/www.laguiadepamplona.com\\\/actualidad\\\/el-ayuntamiento-convocara-en-el-plazo-de-un-mes-un-concurso-de-proyectos-para-la-transformacion-del-barrio-de-san-jorge\\\/#breadcrumb\"},\"inLanguage\":\"es\",\"potentialAction\":[{\"@type\":\"ReadAction\",\"target\":[\"https:\\\/\\\/www.laguiadepamplona.com\\\/actualidad\\\/el-ayuntamiento-convocara-en-el-plazo-de-un-mes-un-concurso-de-proyectos-para-la-transformacion-del-barrio-de-san-jorge\\\/\"]}]},{\"@type\":\"ImageObject\",\"inLanguage\":\"es\",\"@id\":\"https:\\\/\\\/www.laguiadepamplona.com\\\/actualidad\\\/el-ayuntamiento-convocara-en-el-plazo-de-un-mes-un-concurso-de-proyectos-para-la-transformacion-del-barrio-de-san-jorge\\\/#primaryimage\",\"url\":\"https:\\\/\\\/www.laguiadepamplona.com\\\/actualidad\\\/wp-content\\\/uploads\\\/2023\\\/10\\\/23.10.09_S-JORGE-BERICHITOS_web.webp\",\"contentUrl\":\"https:\\\/\\\/www.laguiadepamplona.com\\\/actualidad\\\/wp-content\\\/uploads\\\/2023\\\/10\\\/23.10.09_S-JORGE-BERICHITOS_web.webp\",\"width\":1200,\"height\":848,\"caption\":\"san jorge\"},{\"@type\":\"BreadcrumbList\",\"@id\":\"https:\\\/\\\/www.laguiadepamplona.com\\\/actualidad\\\/el-ayuntamiento-convocara-en-el-plazo-de-un-mes-un-concurso-de-proyectos-para-la-transformacion-del-barrio-de-san-jorge\\\/#breadcrumb\",\"itemListElement\":[{\"@type\":\"ListItem\",\"position\":1,\"name\":\"Portada\",\"item\":\"https:\\\/\\\/www.laguiadepamplona.com\\\/actualidad\\\/\"},{\"@type\":\"ListItem\",\"position\":2,\"name\":\"El Ayuntamiento convocar\u00e1 en el plazo de un mes un concurso de proyectos para la transformaci\u00f3n del barrio de San Jorge\"}]},{\"@type\":\"WebSite\",\"@id\":\"https:\\\/\\\/www.laguiadepamplona.com\\\/actualidad\\\/#website\",\"url\":\"https:\\\/\\\/www.laguiadepamplona.com\\\/actualidad\\\/\",\"name\":\"La gu\u00eda de Pamplona\",\"description\":\"Noticias de Pamplona\",\"publisher\":{\"@id\":\"https:\\\/\\\/www.laguiadepamplona.com\\\/actualidad\\\/#organization\"},\"potentialAction\":[{\"@type\":\"SearchAction\",\"target\":{\"@type\":\"EntryPoint\",\"urlTemplate\":\"https:\\\/\\\/www.laguiadepamplona.com\\\/actualidad\\\/?s={search_term_string}\"},\"query-input\":{\"@type\":\"PropertyValueSpecification\",\"valueRequired\":true,\"valueName\":\"search_term_string\"}}],\"inLanguage\":\"es\"},{\"@type\":\"Organization\",\"@id\":\"https:\\\/\\\/www.laguiadepamplona.com\\\/actualidad\\\/#organization\",\"name\":\"La Gu\u00eda de Pamplona \\\/ Noticias\",\"url\":\"https:\\\/\\\/www.laguiadepamplona.com\\\/actualidad\\\/\",\"logo\":{\"@type\":\"ImageObject\",\"inLanguage\":\"es\",\"@id\":\"https:\\\/\\\/www.laguiadepamplona.com\\\/actualidad\\\/#\\\/schema\\\/logo\\\/image\\\/\",\"url\":\"https:\\\/\\\/www.laguiadepamplona.com\\\/actualidad\\\/wp-content\\\/uploads\\\/2018\\\/11\\\/logo-laguiadepamplona18-web1.png\",\"contentUrl\":\"https:\\\/\\\/www.laguiadepamplona.com\\\/actualidad\\\/wp-content\\\/uploads\\\/2018\\\/11\\\/logo-laguiadepamplona18-web1.png\",\"width\":600,\"height\":196,\"caption\":\"La Gu\u00eda de Pamplona \\\/ Noticias\"},\"image\":{\"@id\":\"https:\\\/\\\/www.laguiadepamplona.com\\\/actualidad\\\/#\\\/schema\\\/logo\\\/image\\\/\"},\"sameAs\":[\"https:\\\/\\\/www.facebook.com\\\/laguiadepamplonacom-133175176762273\\\/?ref=hl\",\"https:\\\/\\\/x.com\\\/LaGuiadPamplona\",\"https:\\\/\\\/www.instagram.com\\\/la_guia_de_pamplona\\\/\",\"https:\\\/\\\/www.youtube.com\\\/user\\\/laguiadepamplona\"]},{\"@type\":\"Person\",\"@id\":\"https:\\\/\\\/www.laguiadepamplona.com\\\/actualidad\\\/#\\\/schema\\\/person\\\/efe887376f0213d4657c93adc50b1fdb\",\"name\":\"La Gu\u00eda de Pamplona\",\"image\":{\"@type\":\"ImageObject\",\"inLanguage\":\"es\",\"@id\":\"https:\\\/\\\/secure.gravatar.com\\\/avatar\\\/b6992f131dc8d30ab0dff15446e9d346d9dbd95992de0fef795073f5ea83a81c?s=96&d=mm&r=g\",\"url\":\"https:\\\/\\\/secure.gravatar.com\\\/avatar\\\/b6992f131dc8d30ab0dff15446e9d346d9dbd95992de0fef795073f5ea83a81c?s=96&d=mm&r=g\",\"contentUrl\":\"https:\\\/\\\/secure.gravatar.com\\\/avatar\\\/b6992f131dc8d30ab0dff15446e9d346d9dbd95992de0fef795073f5ea83a81c?s=96&d=mm&r=g\",\"caption\":\"La Gu\u00eda de Pamplona\"}}]}<\/script>\n<!-- \/ Yoast SEO plugin. -->","yoast_head_json":{"title":"El Ayuntamiento convocar\u00e1 en el plazo de un mes un concurso de proyectos para la transformaci\u00f3n del barrio de San Jorge","description":"Se contar\u00e1 con los grupos municipales para la redacci\u00f3n del pliego y el vecindario podr\u00e1 enviar sus ideas o sugerencias, que servir\u00e1n de informaci\u00f3n para los licitadores","robots":{"index":"index","follow":"follow","max-snippet":"max-snippet:-1","max-image-preview":"max-image-preview:large","max-video-preview":"max-video-preview:-1"},"canonical":"https:\/\/www.laguiadepamplona.com\/actualidad\/el-ayuntamiento-convocara-en-el-plazo-de-un-mes-un-concurso-de-proyectos-para-la-transformacion-del-barrio-de-san-jorge\/","og_locale":"es_ES","og_type":"article","og_title":"El Ayuntamiento convocar\u00e1 en el plazo de un mes un concurso de proyectos para la transformaci\u00f3n del barrio de San Jorge","og_description":"Se contar\u00e1 con los grupos municipales para la redacci\u00f3n del pliego y el vecindario podr\u00e1 enviar sus ideas o sugerencias, que servir\u00e1n de informaci\u00f3n para los licitadores","og_url":"https:\/\/www.laguiadepamplona.com\/actualidad\/el-ayuntamiento-convocara-en-el-plazo-de-un-mes-un-concurso-de-proyectos-para-la-transformacion-del-barrio-de-san-jorge\/","og_site_name":"La Gu\u00eda de Pamplona","article_publisher":"https:\/\/www.facebook.com\/laguiadepamplonacom-133175176762273\/?ref=hl","article_published_time":"2023-10-09T15:25:55+00:00","og_image":[{"width":1200,"height":848,"url":"https:\/\/www.laguiadepamplona.com\/actualidad\/wp-content\/uploads\/2023\/10\/23.10.09_S-JORGE-BERICHITOS_web.webp","type":"image\/webp"}],"author":"La Gu\u00eda de Pamplona","twitter_card":"summary_large_image","twitter_creator":"@LaGuiadPamplona","twitter_site":"@LaGuiadPamplona","twitter_misc":{"Escrito por":"La Gu\u00eda de Pamplona","Tiempo de lectura":"3 minutos"},"schema":{"@context":"https:\/\/schema.org","@graph":[{"@type":"Article","@id":"https:\/\/www.laguiadepamplona.com\/actualidad\/el-ayuntamiento-convocara-en-el-plazo-de-un-mes-un-concurso-de-proyectos-para-la-transformacion-del-barrio-de-san-jorge\/#article","isPartOf":{"@id":"https:\/\/www.laguiadepamplona.com\/actualidad\/el-ayuntamiento-convocara-en-el-plazo-de-un-mes-un-concurso-de-proyectos-para-la-transformacion-del-barrio-de-san-jorge\/"},"author":{"name":"La Gu\u00eda de Pamplona","@id":"https:\/\/www.laguiadepamplona.com\/actualidad\/#\/schema\/person\/efe887376f0213d4657c93adc50b1fdb"},"headline":"El Ayuntamiento convocar\u00e1 en el plazo de un mes un concurso de proyectos para la transformaci\u00f3n del barrio de San Jorge","datePublished":"2023-10-09T15:25:55+00:00","mainEntityOfPage":{"@id":"https:\/\/www.laguiadepamplona.com\/actualidad\/el-ayuntamiento-convocara-en-el-plazo-de-un-mes-un-concurso-de-proyectos-para-la-transformacion-del-barrio-de-san-jorge\/"},"wordCount":578,"commentCount":0,"publisher":{"@id":"https:\/\/www.laguiadepamplona.com\/actualidad\/#organization"},"image":{"@id":"https:\/\/www.laguiadepamplona.com\/actualidad\/el-ayuntamiento-convocara-en-el-plazo-de-un-mes-un-concurso-de-proyectos-para-la-transformacion-del-barrio-de-san-jorge\/#primaryimage"},"thumbnailUrl":"https:\/\/www.laguiadepamplona.com\/actualidad\/wp-content\/uploads\/2023\/10\/23.10.09_S-JORGE-BERICHITOS_web.webp","articleSection":["Ayto Pamplona"],"inLanguage":"es","potentialAction":[{"@type":"CommentAction","name":"Comment","target":["https:\/\/www.laguiadepamplona.com\/actualidad\/el-ayuntamiento-convocara-en-el-plazo-de-un-mes-un-concurso-de-proyectos-para-la-transformacion-del-barrio-de-san-jorge\/#respond"]}]},{"@type":"WebPage","@id":"https:\/\/www.laguiadepamplona.com\/actualidad\/el-ayuntamiento-convocara-en-el-plazo-de-un-mes-un-concurso-de-proyectos-para-la-transformacion-del-barrio-de-san-jorge\/","url":"https:\/\/www.laguiadepamplona.com\/actualidad\/el-ayuntamiento-convocara-en-el-plazo-de-un-mes-un-concurso-de-proyectos-para-la-transformacion-del-barrio-de-san-jorge\/","name":"El Ayuntamiento convocar\u00e1 en el plazo de un mes un concurso de proyectos para la transformaci\u00f3n del barrio de San Jorge","isPartOf":{"@id":"https:\/\/www.laguiadepamplona.com\/actualidad\/#website"},"primaryImageOfPage":{"@id":"https:\/\/www.laguiadepamplona.com\/actualidad\/el-ayuntamiento-convocara-en-el-plazo-de-un-mes-un-concurso-de-proyectos-para-la-transformacion-del-barrio-de-san-jorge\/#primaryimage"},"image":{"@id":"https:\/\/www.laguiadepamplona.com\/actualidad\/el-ayuntamiento-convocara-en-el-plazo-de-un-mes-un-concurso-de-proyectos-para-la-transformacion-del-barrio-de-san-jorge\/#primaryimage"},"thumbnailUrl":"https:\/\/www.laguiadepamplona.com\/actualidad\/wp-content\/uploads\/2023\/10\/23.10.09_S-JORGE-BERICHITOS_web.webp","datePublished":"2023-10-09T15:25:55+00:00","description":"Se contar\u00e1 con los grupos municipales para la redacci\u00f3n del pliego y el vecindario podr\u00e1 enviar sus ideas o sugerencias, que servir\u00e1n de informaci\u00f3n para los licitadores","breadcrumb":{"@id":"https:\/\/www.laguiadepamplona.com\/actualidad\/el-ayuntamiento-convocara-en-el-plazo-de-un-mes-un-concurso-de-proyectos-para-la-transformacion-del-barrio-de-san-jorge\/#breadcrumb"},"inLanguage":"es","potentialAction":[{"@type":"ReadAction","target":["https:\/\/www.laguiadepamplona.com\/actualidad\/el-ayuntamiento-convocara-en-el-plazo-de-un-mes-un-concurso-de-proyectos-para-la-transformacion-del-barrio-de-san-jorge\/"]}]},{"@type":"ImageObject","inLanguage":"es","@id":"https:\/\/www.laguiadepamplona.com\/actualidad\/el-ayuntamiento-convocara-en-el-plazo-de-un-mes-un-concurso-de-proyectos-para-la-transformacion-del-barrio-de-san-jorge\/#primaryimage","url":"https:\/\/www.laguiadepamplona.com\/actualidad\/wp-content\/uploads\/2023\/10\/23.10.09_S-JORGE-BERICHITOS_web.webp","contentUrl":"https:\/\/www.laguiadepamplona.com\/actualidad\/wp-content\/uploads\/2023\/10\/23.10.09_S-JORGE-BERICHITOS_web.webp","width":1200,"height":848,"caption":"san jorge"},{"@type":"BreadcrumbList","@id":"https:\/\/www.laguiadepamplona.com\/actualidad\/el-ayuntamiento-convocara-en-el-plazo-de-un-mes-un-concurso-de-proyectos-para-la-transformacion-del-barrio-de-san-jorge\/#breadcrumb","itemListElement":[{"@type":"ListItem","position":1,"name":"Portada","item":"https:\/\/www.laguiadepamplona.com\/actualidad\/"},{"@type":"ListItem","position":2,"name":"El Ayuntamiento convocar\u00e1 en el plazo de un mes un concurso de proyectos para la transformaci\u00f3n del barrio de San Jorge"}]},{"@type":"WebSite","@id":"https:\/\/www.laguiadepamplona.com\/actualidad\/#website","url":"https:\/\/www.laguiadepamplona.com\/actualidad\/","name":"La gu\u00eda de Pamplona","description":"Noticias de Pamplona","publisher":{"@id":"https:\/\/www.laguiadepamplona.com\/actualidad\/#organization"},"potentialAction":[{"@type":"SearchAction","target":{"@type":"EntryPoint","urlTemplate":"https:\/\/www.laguiadepamplona.com\/actualidad\/?s={search_term_string}"},"query-input":{"@type":"PropertyValueSpecification","valueRequired":true,"valueName":"search_term_string"}}],"inLanguage":"es"},{"@type":"Organization","@id":"https:\/\/www.laguiadepamplona.com\/actualidad\/#organization","name":"La Gu\u00eda de Pamplona \/ Noticias","url":"https:\/\/www.laguiadepamplona.com\/actualidad\/","logo":{"@type":"ImageObject","inLanguage":"es","@id":"https:\/\/www.laguiadepamplona.com\/actualidad\/#\/schema\/logo\/image\/","url":"https:\/\/www.laguiadepamplona.com\/actualidad\/wp-content\/uploads\/2018\/11\/logo-laguiadepamplona18-web1.png","contentUrl":"https:\/\/www.laguiadepamplona.com\/actualidad\/wp-content\/uploads\/2018\/11\/logo-laguiadepamplona18-web1.png","width":600,"height":196,"caption":"La Gu\u00eda de Pamplona \/ Noticias"},"image":{"@id":"https:\/\/www.laguiadepamplona.com\/actualidad\/#\/schema\/logo\/image\/"},"sameAs":["https:\/\/www.facebook.com\/laguiadepamplonacom-133175176762273\/?ref=hl","https:\/\/x.com\/LaGuiadPamplona","https:\/\/www.instagram.com\/la_guia_de_pamplona\/","https:\/\/www.youtube.com\/user\/laguiadepamplona"]},{"@type":"Person","@id":"https:\/\/www.laguiadepamplona.com\/actualidad\/#\/schema\/person\/efe887376f0213d4657c93adc50b1fdb","name":"La Gu\u00eda de Pamplona","image":{"@type":"ImageObject","inLanguage":"es","@id":"https:\/\/secure.gravatar.com\/avatar\/b6992f131dc8d30ab0dff15446e9d346d9dbd95992de0fef795073f5ea83a81c?s=96&d=mm&r=g","url":"https:\/\/secure.gravatar.com\/avatar\/b6992f131dc8d30ab0dff15446e9d346d9dbd95992de0fef795073f5ea83a81c?s=96&d=mm&r=g","contentUrl":"https:\/\/secure.gravatar.com\/avatar\/b6992f131dc8d30ab0dff15446e9d346d9dbd95992de0fef795073f5ea83a81c?s=96&d=mm&r=g","caption":"La Gu\u00eda de Pamplona"}}]}},"post_mailing_queue_ids":[],"_links":{"self":[{"href":"https:\/\/www.laguiadepamplona.com\/actualidad\/wp-json\/wp\/v2\/posts\/47533","targetHints":{"allow":["GET"]}}],"collection":[{"href":"https:\/\/www.laguiadepamplona.com\/actualidad\/wp-json\/wp\/v2\/posts"}],"about":[{"href":"https:\/\/www.laguiadepamplona.com\/actualidad\/wp-json\/wp\/v2\/types\/post"}],"author":[{"embeddable":true,"href":"https:\/\/www.laguiadepamplona.com\/actualidad\/wp-json\/wp\/v2\/users\/1"}],"replies":[{"embeddable":true,"href":"https:\/\/www.laguiadepamplona.com\/actualidad\/wp-json\/wp\/v2\/comments?post=47533"}],"version-history":[{"count":1,"href":"https:\/\/www.laguiadepamplona.com\/actualidad\/wp-json\/wp\/v2\/posts\/47533\/revisions"}],"predecessor-version":[{"id":47535,"href":"https:\/\/www.laguiadepamplona.com\/actualidad\/wp-json\/wp\/v2\/posts\/47533\/revisions\/47535"}],"wp:featuredmedia":[{"embeddable":true,"href":"https:\/\/www.laguiadepamplona.com\/actualidad\/wp-json\/wp\/v2\/media\/47534"}],"wp:attachment":[{"href":"https:\/\/www.laguiadepamplona.com\/actualidad\/wp-json\/wp\/v2\/media?parent=47533"}],"wp:term":[{"taxonomy":"category","embeddable":true,"href":"https:\/\/www.laguiadepamplona.com\/actualidad\/wp-json\/wp\/v2\/categories?post=47533"},{"taxonomy":"post_tag","embeddable":true,"href":"https:\/\/www.laguiadepamplona.com\/actualidad\/wp-json\/wp\/v2\/tags?post=47533"}],"curies":[{"name":"wp","href":"https:\/\/api.w.org\/{rel}","templated":true}]}}