{"id":47530,"date":"2023-10-06T17:40:51","date_gmt":"2023-10-06T15:40:51","guid":{"rendered":"https:\/\/www.laguiadepamplona.com\/actualidad\/?p=47530"},"modified":"2023-10-06T17:40:51","modified_gmt":"2023-10-06T15:40:51","slug":"pamplona-preside-la-junta-directiva-de-la-asociacion-de-municipios-del-camino-de-santiago-celebrada-este-viernes-en-villalcazar-de-sirga-en-palencia","status":"publish","type":"post","link":"https:\/\/www.laguiadepamplona.com\/actualidad\/pamplona-preside-la-junta-directiva-de-la-asociacion-de-municipios-del-camino-de-santiago-celebrada-este-viernes-en-villalcazar-de-sirga-en-palencia\/","title":{"rendered":"Pamplona preside la Junta Directiva de la Asociaci\u00f3n de Municipios del Camino de Santiago celebrada este viernes en Villalc\u00e1zar de Sirga, en Palencia"},"content":{"rendered":"<h3>Entre los temas abordados se ha tratado un futuro acuerdo con Fundaci\u00f3n Misterio de Obanos, para fortalecer la tradici\u00f3n del Misterio de Obanos<\/h3>\n<p><!--more--><\/p>\n<p>La alcaldesa de Pamplona, Cristina Ibarrola, ha presidido la reuni\u00f3n de la Junta Directiva de la Asociaci\u00f3n de Municipios del Camino de Santiago (AMCS), que se ha celebrado este viernes en Villalc\u00e1zar de Sirga, en la provincia de Palencia. Esta reuni\u00f3n ha servido como primera toma de contacto entre las personas participantes, ya que se han incorporado nuevos miembros a los \u00f3rganos directivos. Adem\u00e1s de los integrantes de la Junta Directiva de la AMCS y la Secretar\u00eda T\u00e9cnica, Direcci\u00f3n y Comit\u00e9 Cient\u00edfico, ha participado el alcalde local, Mois\u00e9s Payo Nevares.<br \/>\n<script async src=\"\/\/pagead2.googlesyndication.com\/pagead\/js\/adsbygoogle.js\"><\/script><br \/>\n<!-- Noticias La Guia de Pamplona --><br \/>\n<ins class=\"adsbygoogle\"\nstyle=\"display:block\"\ndata-ad-client=\"ca-pub-6943679897239327\"\ndata-ad-slot=\"7048180777\"\ndata-ad-format=\"auto\"><\/ins><br \/>\n<script>\n(adsbygoogle = window.adsbygoogle || []).push({});\n<\/script><\/p>\n<p>En la reuni\u00f3n se ha abordado diversos temas relacionados con la actividad de la AMCS, entre ellos, los proyectos y actividades ya ejecutados y los que se est\u00e1n desarrollando actualmente. La Asociaci\u00f3n tiene dos acuerdos de colaboraci\u00f3n pendientes para el desarrollo y promoci\u00f3n del Camino de Santiago franc\u00e9s. Uno, con la Fundaci\u00f3n Misterio de Obanos, para realzar y conservar la tradici\u00f3n del Misterio de Obanos a lo largo del Camino, que podr\u00eda incluir desde eventos especiales hasta investigaciones y programas educativos. Y un segundo acuerdo con la Editorial Buen Camino, para el intercambio de informaci\u00f3n, difusi\u00f3n conjunta de ambas entidades, herramientas digitales y la promoci\u00f3n de la Ruta Jacobea.<br \/>\n<script async src=\"\/\/pagead2.googlesyndication.com\/pagead\/js\/adsbygoogle.js\"><\/script><br \/>\n<!-- Noticias La Guia de Pamplona --><br \/>\n<ins class=\"adsbygoogle\"\nstyle=\"display:block\"\ndata-ad-client=\"ca-pub-6943679897239327\"\ndata-ad-slot=\"7048180777\"\ndata-ad-format=\"auto\"><\/ins><br \/>\n<script>\n(adsbygoogle = window.adsbygoogle || []).push({});\n<\/script><\/p>\n<p>Estos acuerdos buscan enriquecer la experiencia de los peregrinos y preservar la cultura del Camino de Santiago en su ruta tradicional, que est\u00e1 reconocida como Patrimonio Mundial de la UNESCO y protegida en su conjunto como bien de inter\u00e9s cultural. La protecci\u00f3n incluye, adem\u00e1s del propio camino, los n\u00facleos que atraviesa y los monumentos. El patrimonio abarca tambi\u00e9n la parte inmaterial conformada por las experiencias de las personas peregrinas a Santiago de Compostela.<\/p>\n","protected":false},"excerpt":{"rendered":"<p>Entre los temas abordados se ha tratado un futuro acuerdo con Fundaci\u00f3n Misterio de Obanos, para fortalecer la tradici\u00f3n del Misterio de Obanos<\/p>\n","protected":false},"author":1,"featured_media":47531,"comment_status":"open","ping_status":"closed","sticky":false,"template":"","format":"standard","meta":{"footnotes":""},"categories":[2],"tags":[],"class_list":["post-47530","post","type-post","status-publish","format-standard","has-post-thumbnail","hentry","category-ayuntamiento-pamplona"],"yoast_head":"<!-- This site is optimized with the Yoast SEO plugin v27.3 - https:\/\/yoast.com\/product\/yoast-seo-wordpress\/ -->\n<title>Pamplona preside la Junta Directiva de la Asociaci\u00f3n de Municipios del Camino de Santiago celebrada este viernes en Villalc\u00e1zar de Sirga, en Palencia<\/title>\n<meta name=\"description\" content=\"Entre los temas abordados se ha tratado un futuro acuerdo con Fundaci\u00f3n Misterio de Obanos, para fortalecer la tradici\u00f3n del Misterio de Obanos\" \/>\n<meta name=\"robots\" content=\"index, follow, max-snippet:-1, max-image-preview:large, max-video-preview:-1\" \/>\n<link rel=\"canonical\" href=\"https:\/\/www.laguiadepamplona.com\/actualidad\/pamplona-preside-la-junta-directiva-de-la-asociacion-de-municipios-del-camino-de-santiago-celebrada-este-viernes-en-villalcazar-de-sirga-en-palencia\/\" \/>\n<meta property=\"og:locale\" content=\"es_ES\" \/>\n<meta property=\"og:type\" content=\"article\" \/>\n<meta property=\"og:title\" content=\"Pamplona preside la Junta Directiva de la Asociaci\u00f3n de Municipios del Camino de Santiago celebrada este viernes en Villalc\u00e1zar de Sirga, en Palencia\" \/>\n<meta property=\"og:description\" content=\"Entre los temas abordados se ha tratado un futuro acuerdo con Fundaci\u00f3n Misterio de Obanos, para fortalecer la tradici\u00f3n del Misterio de Obanos\" \/>\n<meta property=\"og:url\" content=\"https:\/\/www.laguiadepamplona.com\/actualidad\/pamplona-preside-la-junta-directiva-de-la-asociacion-de-municipios-del-camino-de-santiago-celebrada-este-viernes-en-villalcazar-de-sirga-en-palencia\/\" \/>\n<meta property=\"og:site_name\" content=\"La Gu\u00eda de Pamplona\" \/>\n<meta property=\"article:publisher\" content=\"https:\/\/www.facebook.com\/laguiadepamplonacom-133175176762273\/?ref=hl\" \/>\n<meta property=\"article:published_time\" content=\"2023-10-06T15:40:51+00:00\" \/>\n<meta property=\"og:image\" content=\"https:\/\/www.laguiadepamplona.com\/actualidad\/wp-content\/uploads\/2023\/10\/23.10.06_camino_santiago.webp\" \/>\n\t<meta property=\"og:image:width\" content=\"1200\" \/>\n\t<meta property=\"og:image:height\" content=\"900\" \/>\n\t<meta property=\"og:image:type\" content=\"image\/webp\" \/>\n<meta name=\"author\" content=\"La Gu\u00eda de Pamplona\" \/>\n<meta name=\"twitter:card\" content=\"summary_large_image\" \/>\n<meta name=\"twitter:creator\" content=\"@LaGuiadPamplona\" \/>\n<meta name=\"twitter:site\" content=\"@LaGuiadPamplona\" \/>\n<meta name=\"twitter:label1\" content=\"Escrito por\" \/>\n\t<meta name=\"twitter:data1\" content=\"La Gu\u00eda de Pamplona\" \/>\n\t<meta name=\"twitter:label2\" content=\"Tiempo de lectura\" \/>\n\t<meta name=\"twitter:data2\" content=\"2 minutos\" \/>\n<script type=\"application\/ld+json\" class=\"yoast-schema-graph\">{\"@context\":\"https:\\\/\\\/schema.org\",\"@graph\":[{\"@type\":\"Article\",\"@id\":\"https:\\\/\\\/www.laguiadepamplona.com\\\/actualidad\\\/pamplona-preside-la-junta-directiva-de-la-asociacion-de-municipios-del-camino-de-santiago-celebrada-este-viernes-en-villalcazar-de-sirga-en-palencia\\\/#article\",\"isPartOf\":{\"@id\":\"https:\\\/\\\/www.laguiadepamplona.com\\\/actualidad\\\/pamplona-preside-la-junta-directiva-de-la-asociacion-de-municipios-del-camino-de-santiago-celebrada-este-viernes-en-villalcazar-de-sirga-en-palencia\\\/\"},\"author\":{\"name\":\"La Gu\u00eda de Pamplona\",\"@id\":\"https:\\\/\\\/www.laguiadepamplona.com\\\/actualidad\\\/#\\\/schema\\\/person\\\/efe887376f0213d4657c93adc50b1fdb\"},\"headline\":\"Pamplona preside la Junta Directiva de la Asociaci\u00f3n de Municipios del Camino de Santiago celebrada este viernes en Villalc\u00e1zar de Sirga, en Palencia\",\"datePublished\":\"2023-10-06T15:40:51+00:00\",\"mainEntityOfPage\":{\"@id\":\"https:\\\/\\\/www.laguiadepamplona.com\\\/actualidad\\\/pamplona-preside-la-junta-directiva-de-la-asociacion-de-municipios-del-camino-de-santiago-celebrada-este-viernes-en-villalcazar-de-sirga-en-palencia\\\/\"},\"wordCount\":349,\"commentCount\":0,\"publisher\":{\"@id\":\"https:\\\/\\\/www.laguiadepamplona.com\\\/actualidad\\\/#organization\"},\"image\":{\"@id\":\"https:\\\/\\\/www.laguiadepamplona.com\\\/actualidad\\\/pamplona-preside-la-junta-directiva-de-la-asociacion-de-municipios-del-camino-de-santiago-celebrada-este-viernes-en-villalcazar-de-sirga-en-palencia\\\/#primaryimage\"},\"thumbnailUrl\":\"https:\\\/\\\/www.laguiadepamplona.com\\\/actualidad\\\/wp-content\\\/uploads\\\/2023\\\/10\\\/23.10.06_camino_santiago.webp\",\"articleSection\":[\"Ayto Pamplona\"],\"inLanguage\":\"es\",\"potentialAction\":[{\"@type\":\"CommentAction\",\"name\":\"Comment\",\"target\":[\"https:\\\/\\\/www.laguiadepamplona.com\\\/actualidad\\\/pamplona-preside-la-junta-directiva-de-la-asociacion-de-municipios-del-camino-de-santiago-celebrada-este-viernes-en-villalcazar-de-sirga-en-palencia\\\/#respond\"]}]},{\"@type\":\"WebPage\",\"@id\":\"https:\\\/\\\/www.laguiadepamplona.com\\\/actualidad\\\/pamplona-preside-la-junta-directiva-de-la-asociacion-de-municipios-del-camino-de-santiago-celebrada-este-viernes-en-villalcazar-de-sirga-en-palencia\\\/\",\"url\":\"https:\\\/\\\/www.laguiadepamplona.com\\\/actualidad\\\/pamplona-preside-la-junta-directiva-de-la-asociacion-de-municipios-del-camino-de-santiago-celebrada-este-viernes-en-villalcazar-de-sirga-en-palencia\\\/\",\"name\":\"Pamplona preside la Junta Directiva de la Asociaci\u00f3n de Municipios del Camino de Santiago celebrada este viernes en Villalc\u00e1zar de Sirga, en Palencia\",\"isPartOf\":{\"@id\":\"https:\\\/\\\/www.laguiadepamplona.com\\\/actualidad\\\/#website\"},\"primaryImageOfPage\":{\"@id\":\"https:\\\/\\\/www.laguiadepamplona.com\\\/actualidad\\\/pamplona-preside-la-junta-directiva-de-la-asociacion-de-municipios-del-camino-de-santiago-celebrada-este-viernes-en-villalcazar-de-sirga-en-palencia\\\/#primaryimage\"},\"image\":{\"@id\":\"https:\\\/\\\/www.laguiadepamplona.com\\\/actualidad\\\/pamplona-preside-la-junta-directiva-de-la-asociacion-de-municipios-del-camino-de-santiago-celebrada-este-viernes-en-villalcazar-de-sirga-en-palencia\\\/#primaryimage\"},\"thumbnailUrl\":\"https:\\\/\\\/www.laguiadepamplona.com\\\/actualidad\\\/wp-content\\\/uploads\\\/2023\\\/10\\\/23.10.06_camino_santiago.webp\",\"datePublished\":\"2023-10-06T15:40:51+00:00\",\"description\":\"Entre los temas abordados se ha tratado un futuro acuerdo con Fundaci\u00f3n Misterio de Obanos, para fortalecer la tradici\u00f3n del Misterio de Obanos\",\"breadcrumb\":{\"@id\":\"https:\\\/\\\/www.laguiadepamplona.com\\\/actualidad\\\/pamplona-preside-la-junta-directiva-de-la-asociacion-de-municipios-del-camino-de-santiago-celebrada-este-viernes-en-villalcazar-de-sirga-en-palencia\\\/#breadcrumb\"},\"inLanguage\":\"es\",\"potentialAction\":[{\"@type\":\"ReadAction\",\"target\":[\"https:\\\/\\\/www.laguiadepamplona.com\\\/actualidad\\\/pamplona-preside-la-junta-directiva-de-la-asociacion-de-municipios-del-camino-de-santiago-celebrada-este-viernes-en-villalcazar-de-sirga-en-palencia\\\/\"]}]},{\"@type\":\"ImageObject\",\"inLanguage\":\"es\",\"@id\":\"https:\\\/\\\/www.laguiadepamplona.com\\\/actualidad\\\/pamplona-preside-la-junta-directiva-de-la-asociacion-de-municipios-del-camino-de-santiago-celebrada-este-viernes-en-villalcazar-de-sirga-en-palencia\\\/#primaryimage\",\"url\":\"https:\\\/\\\/www.laguiadepamplona.com\\\/actualidad\\\/wp-content\\\/uploads\\\/2023\\\/10\\\/23.10.06_camino_santiago.webp\",\"contentUrl\":\"https:\\\/\\\/www.laguiadepamplona.com\\\/actualidad\\\/wp-content\\\/uploads\\\/2023\\\/10\\\/23.10.06_camino_santiago.webp\",\"width\":1200,\"height\":900,\"caption\":\"camino santiago\"},{\"@type\":\"BreadcrumbList\",\"@id\":\"https:\\\/\\\/www.laguiadepamplona.com\\\/actualidad\\\/pamplona-preside-la-junta-directiva-de-la-asociacion-de-municipios-del-camino-de-santiago-celebrada-este-viernes-en-villalcazar-de-sirga-en-palencia\\\/#breadcrumb\",\"itemListElement\":[{\"@type\":\"ListItem\",\"position\":1,\"name\":\"Portada\",\"item\":\"https:\\\/\\\/www.laguiadepamplona.com\\\/actualidad\\\/\"},{\"@type\":\"ListItem\",\"position\":2,\"name\":\"Pamplona preside la Junta Directiva de la Asociaci\u00f3n de Municipios del Camino de Santiago celebrada este viernes en Villalc\u00e1zar de Sirga, en Palencia\"}]},{\"@type\":\"WebSite\",\"@id\":\"https:\\\/\\\/www.laguiadepamplona.com\\\/actualidad\\\/#website\",\"url\":\"https:\\\/\\\/www.laguiadepamplona.com\\\/actualidad\\\/\",\"name\":\"La gu\u00eda de Pamplona\",\"description\":\"Noticias de Pamplona\",\"publisher\":{\"@id\":\"https:\\\/\\\/www.laguiadepamplona.com\\\/actualidad\\\/#organization\"},\"potentialAction\":[{\"@type\":\"SearchAction\",\"target\":{\"@type\":\"EntryPoint\",\"urlTemplate\":\"https:\\\/\\\/www.laguiadepamplona.com\\\/actualidad\\\/?s={search_term_string}\"},\"query-input\":{\"@type\":\"PropertyValueSpecification\",\"valueRequired\":true,\"valueName\":\"search_term_string\"}}],\"inLanguage\":\"es\"},{\"@type\":\"Organization\",\"@id\":\"https:\\\/\\\/www.laguiadepamplona.com\\\/actualidad\\\/#organization\",\"name\":\"La Gu\u00eda de Pamplona \\\/ Noticias\",\"url\":\"https:\\\/\\\/www.laguiadepamplona.com\\\/actualidad\\\/\",\"logo\":{\"@type\":\"ImageObject\",\"inLanguage\":\"es\",\"@id\":\"https:\\\/\\\/www.laguiadepamplona.com\\\/actualidad\\\/#\\\/schema\\\/logo\\\/image\\\/\",\"url\":\"https:\\\/\\\/www.laguiadepamplona.com\\\/actualidad\\\/wp-content\\\/uploads\\\/2018\\\/11\\\/logo-laguiadepamplona18-web1.png\",\"contentUrl\":\"https:\\\/\\\/www.laguiadepamplona.com\\\/actualidad\\\/wp-content\\\/uploads\\\/2018\\\/11\\\/logo-laguiadepamplona18-web1.png\",\"width\":600,\"height\":196,\"caption\":\"La Gu\u00eda de Pamplona \\\/ Noticias\"},\"image\":{\"@id\":\"https:\\\/\\\/www.laguiadepamplona.com\\\/actualidad\\\/#\\\/schema\\\/logo\\\/image\\\/\"},\"sameAs\":[\"https:\\\/\\\/www.facebook.com\\\/laguiadepamplonacom-133175176762273\\\/?ref=hl\",\"https:\\\/\\\/x.com\\\/LaGuiadPamplona\",\"https:\\\/\\\/www.instagram.com\\\/la_guia_de_pamplona\\\/\",\"https:\\\/\\\/www.youtube.com\\\/user\\\/laguiadepamplona\"]},{\"@type\":\"Person\",\"@id\":\"https:\\\/\\\/www.laguiadepamplona.com\\\/actualidad\\\/#\\\/schema\\\/person\\\/efe887376f0213d4657c93adc50b1fdb\",\"name\":\"La Gu\u00eda de Pamplona\",\"image\":{\"@type\":\"ImageObject\",\"inLanguage\":\"es\",\"@id\":\"https:\\\/\\\/secure.gravatar.com\\\/avatar\\\/b6992f131dc8d30ab0dff15446e9d346d9dbd95992de0fef795073f5ea83a81c?s=96&d=mm&r=g\",\"url\":\"https:\\\/\\\/secure.gravatar.com\\\/avatar\\\/b6992f131dc8d30ab0dff15446e9d346d9dbd95992de0fef795073f5ea83a81c?s=96&d=mm&r=g\",\"contentUrl\":\"https:\\\/\\\/secure.gravatar.com\\\/avatar\\\/b6992f131dc8d30ab0dff15446e9d346d9dbd95992de0fef795073f5ea83a81c?s=96&d=mm&r=g\",\"caption\":\"La Gu\u00eda de Pamplona\"}}]}<\/script>\n<!-- \/ Yoast SEO plugin. -->","yoast_head_json":{"title":"Pamplona preside la Junta Directiva de la Asociaci\u00f3n de Municipios del Camino de Santiago celebrada este viernes en Villalc\u00e1zar de Sirga, en Palencia","description":"Entre los temas abordados se ha tratado un futuro acuerdo con Fundaci\u00f3n Misterio de Obanos, para fortalecer la tradici\u00f3n del Misterio de Obanos","robots":{"index":"index","follow":"follow","max-snippet":"max-snippet:-1","max-image-preview":"max-image-preview:large","max-video-preview":"max-video-preview:-1"},"canonical":"https:\/\/www.laguiadepamplona.com\/actualidad\/pamplona-preside-la-junta-directiva-de-la-asociacion-de-municipios-del-camino-de-santiago-celebrada-este-viernes-en-villalcazar-de-sirga-en-palencia\/","og_locale":"es_ES","og_type":"article","og_title":"Pamplona preside la Junta Directiva de la Asociaci\u00f3n de Municipios del Camino de Santiago celebrada este viernes en Villalc\u00e1zar de Sirga, en Palencia","og_description":"Entre los temas abordados se ha tratado un futuro acuerdo con Fundaci\u00f3n Misterio de Obanos, para fortalecer la tradici\u00f3n del Misterio de Obanos","og_url":"https:\/\/www.laguiadepamplona.com\/actualidad\/pamplona-preside-la-junta-directiva-de-la-asociacion-de-municipios-del-camino-de-santiago-celebrada-este-viernes-en-villalcazar-de-sirga-en-palencia\/","og_site_name":"La Gu\u00eda de Pamplona","article_publisher":"https:\/\/www.facebook.com\/laguiadepamplonacom-133175176762273\/?ref=hl","article_published_time":"2023-10-06T15:40:51+00:00","og_image":[{"width":1200,"height":900,"url":"https:\/\/www.laguiadepamplona.com\/actualidad\/wp-content\/uploads\/2023\/10\/23.10.06_camino_santiago.webp","type":"image\/webp"}],"author":"La Gu\u00eda de Pamplona","twitter_card":"summary_large_image","twitter_creator":"@LaGuiadPamplona","twitter_site":"@LaGuiadPamplona","twitter_misc":{"Escrito por":"La Gu\u00eda de Pamplona","Tiempo de lectura":"2 minutos"},"schema":{"@context":"https:\/\/schema.org","@graph":[{"@type":"Article","@id":"https:\/\/www.laguiadepamplona.com\/actualidad\/pamplona-preside-la-junta-directiva-de-la-asociacion-de-municipios-del-camino-de-santiago-celebrada-este-viernes-en-villalcazar-de-sirga-en-palencia\/#article","isPartOf":{"@id":"https:\/\/www.laguiadepamplona.com\/actualidad\/pamplona-preside-la-junta-directiva-de-la-asociacion-de-municipios-del-camino-de-santiago-celebrada-este-viernes-en-villalcazar-de-sirga-en-palencia\/"},"author":{"name":"La Gu\u00eda de Pamplona","@id":"https:\/\/www.laguiadepamplona.com\/actualidad\/#\/schema\/person\/efe887376f0213d4657c93adc50b1fdb"},"headline":"Pamplona preside la Junta Directiva de la Asociaci\u00f3n de Municipios del Camino de Santiago celebrada este viernes en Villalc\u00e1zar de Sirga, en Palencia","datePublished":"2023-10-06T15:40:51+00:00","mainEntityOfPage":{"@id":"https:\/\/www.laguiadepamplona.com\/actualidad\/pamplona-preside-la-junta-directiva-de-la-asociacion-de-municipios-del-camino-de-santiago-celebrada-este-viernes-en-villalcazar-de-sirga-en-palencia\/"},"wordCount":349,"commentCount":0,"publisher":{"@id":"https:\/\/www.laguiadepamplona.com\/actualidad\/#organization"},"image":{"@id":"https:\/\/www.laguiadepamplona.com\/actualidad\/pamplona-preside-la-junta-directiva-de-la-asociacion-de-municipios-del-camino-de-santiago-celebrada-este-viernes-en-villalcazar-de-sirga-en-palencia\/#primaryimage"},"thumbnailUrl":"https:\/\/www.laguiadepamplona.com\/actualidad\/wp-content\/uploads\/2023\/10\/23.10.06_camino_santiago.webp","articleSection":["Ayto Pamplona"],"inLanguage":"es","potentialAction":[{"@type":"CommentAction","name":"Comment","target":["https:\/\/www.laguiadepamplona.com\/actualidad\/pamplona-preside-la-junta-directiva-de-la-asociacion-de-municipios-del-camino-de-santiago-celebrada-este-viernes-en-villalcazar-de-sirga-en-palencia\/#respond"]}]},{"@type":"WebPage","@id":"https:\/\/www.laguiadepamplona.com\/actualidad\/pamplona-preside-la-junta-directiva-de-la-asociacion-de-municipios-del-camino-de-santiago-celebrada-este-viernes-en-villalcazar-de-sirga-en-palencia\/","url":"https:\/\/www.laguiadepamplona.com\/actualidad\/pamplona-preside-la-junta-directiva-de-la-asociacion-de-municipios-del-camino-de-santiago-celebrada-este-viernes-en-villalcazar-de-sirga-en-palencia\/","name":"Pamplona preside la Junta Directiva de la Asociaci\u00f3n de Municipios del Camino de Santiago celebrada este viernes en Villalc\u00e1zar de Sirga, en Palencia","isPartOf":{"@id":"https:\/\/www.laguiadepamplona.com\/actualidad\/#website"},"primaryImageOfPage":{"@id":"https:\/\/www.laguiadepamplona.com\/actualidad\/pamplona-preside-la-junta-directiva-de-la-asociacion-de-municipios-del-camino-de-santiago-celebrada-este-viernes-en-villalcazar-de-sirga-en-palencia\/#primaryimage"},"image":{"@id":"https:\/\/www.laguiadepamplona.com\/actualidad\/pamplona-preside-la-junta-directiva-de-la-asociacion-de-municipios-del-camino-de-santiago-celebrada-este-viernes-en-villalcazar-de-sirga-en-palencia\/#primaryimage"},"thumbnailUrl":"https:\/\/www.laguiadepamplona.com\/actualidad\/wp-content\/uploads\/2023\/10\/23.10.06_camino_santiago.webp","datePublished":"2023-10-06T15:40:51+00:00","description":"Entre los temas abordados se ha tratado un futuro acuerdo con Fundaci\u00f3n Misterio de Obanos, para fortalecer la tradici\u00f3n del Misterio de Obanos","breadcrumb":{"@id":"https:\/\/www.laguiadepamplona.com\/actualidad\/pamplona-preside-la-junta-directiva-de-la-asociacion-de-municipios-del-camino-de-santiago-celebrada-este-viernes-en-villalcazar-de-sirga-en-palencia\/#breadcrumb"},"inLanguage":"es","potentialAction":[{"@type":"ReadAction","target":["https:\/\/www.laguiadepamplona.com\/actualidad\/pamplona-preside-la-junta-directiva-de-la-asociacion-de-municipios-del-camino-de-santiago-celebrada-este-viernes-en-villalcazar-de-sirga-en-palencia\/"]}]},{"@type":"ImageObject","inLanguage":"es","@id":"https:\/\/www.laguiadepamplona.com\/actualidad\/pamplona-preside-la-junta-directiva-de-la-asociacion-de-municipios-del-camino-de-santiago-celebrada-este-viernes-en-villalcazar-de-sirga-en-palencia\/#primaryimage","url":"https:\/\/www.laguiadepamplona.com\/actualidad\/wp-content\/uploads\/2023\/10\/23.10.06_camino_santiago.webp","contentUrl":"https:\/\/www.laguiadepamplona.com\/actualidad\/wp-content\/uploads\/2023\/10\/23.10.06_camino_santiago.webp","width":1200,"height":900,"caption":"camino santiago"},{"@type":"BreadcrumbList","@id":"https:\/\/www.laguiadepamplona.com\/actualidad\/pamplona-preside-la-junta-directiva-de-la-asociacion-de-municipios-del-camino-de-santiago-celebrada-este-viernes-en-villalcazar-de-sirga-en-palencia\/#breadcrumb","itemListElement":[{"@type":"ListItem","position":1,"name":"Portada","item":"https:\/\/www.laguiadepamplona.com\/actualidad\/"},{"@type":"ListItem","position":2,"name":"Pamplona preside la Junta Directiva de la Asociaci\u00f3n de Municipios del Camino de Santiago celebrada este viernes en Villalc\u00e1zar de Sirga, en Palencia"}]},{"@type":"WebSite","@id":"https:\/\/www.laguiadepamplona.com\/actualidad\/#website","url":"https:\/\/www.laguiadepamplona.com\/actualidad\/","name":"La gu\u00eda de Pamplona","description":"Noticias de Pamplona","publisher":{"@id":"https:\/\/www.laguiadepamplona.com\/actualidad\/#organization"},"potentialAction":[{"@type":"SearchAction","target":{"@type":"EntryPoint","urlTemplate":"https:\/\/www.laguiadepamplona.com\/actualidad\/?s={search_term_string}"},"query-input":{"@type":"PropertyValueSpecification","valueRequired":true,"valueName":"search_term_string"}}],"inLanguage":"es"},{"@type":"Organization","@id":"https:\/\/www.laguiadepamplona.com\/actualidad\/#organization","name":"La Gu\u00eda de Pamplona \/ Noticias","url":"https:\/\/www.laguiadepamplona.com\/actualidad\/","logo":{"@type":"ImageObject","inLanguage":"es","@id":"https:\/\/www.laguiadepamplona.com\/actualidad\/#\/schema\/logo\/image\/","url":"https:\/\/www.laguiadepamplona.com\/actualidad\/wp-content\/uploads\/2018\/11\/logo-laguiadepamplona18-web1.png","contentUrl":"https:\/\/www.laguiadepamplona.com\/actualidad\/wp-content\/uploads\/2018\/11\/logo-laguiadepamplona18-web1.png","width":600,"height":196,"caption":"La Gu\u00eda de Pamplona \/ Noticias"},"image":{"@id":"https:\/\/www.laguiadepamplona.com\/actualidad\/#\/schema\/logo\/image\/"},"sameAs":["https:\/\/www.facebook.com\/laguiadepamplonacom-133175176762273\/?ref=hl","https:\/\/x.com\/LaGuiadPamplona","https:\/\/www.instagram.com\/la_guia_de_pamplona\/","https:\/\/www.youtube.com\/user\/laguiadepamplona"]},{"@type":"Person","@id":"https:\/\/www.laguiadepamplona.com\/actualidad\/#\/schema\/person\/efe887376f0213d4657c93adc50b1fdb","name":"La Gu\u00eda de Pamplona","image":{"@type":"ImageObject","inLanguage":"es","@id":"https:\/\/secure.gravatar.com\/avatar\/b6992f131dc8d30ab0dff15446e9d346d9dbd95992de0fef795073f5ea83a81c?s=96&d=mm&r=g","url":"https:\/\/secure.gravatar.com\/avatar\/b6992f131dc8d30ab0dff15446e9d346d9dbd95992de0fef795073f5ea83a81c?s=96&d=mm&r=g","contentUrl":"https:\/\/secure.gravatar.com\/avatar\/b6992f131dc8d30ab0dff15446e9d346d9dbd95992de0fef795073f5ea83a81c?s=96&d=mm&r=g","caption":"La Gu\u00eda de Pamplona"}}]}},"post_mailing_queue_ids":[],"_links":{"self":[{"href":"https:\/\/www.laguiadepamplona.com\/actualidad\/wp-json\/wp\/v2\/posts\/47530","targetHints":{"allow":["GET"]}}],"collection":[{"href":"https:\/\/www.laguiadepamplona.com\/actualidad\/wp-json\/wp\/v2\/posts"}],"about":[{"href":"https:\/\/www.laguiadepamplona.com\/actualidad\/wp-json\/wp\/v2\/types\/post"}],"author":[{"embeddable":true,"href":"https:\/\/www.laguiadepamplona.com\/actualidad\/wp-json\/wp\/v2\/users\/1"}],"replies":[{"embeddable":true,"href":"https:\/\/www.laguiadepamplona.com\/actualidad\/wp-json\/wp\/v2\/comments?post=47530"}],"version-history":[{"count":1,"href":"https:\/\/www.laguiadepamplona.com\/actualidad\/wp-json\/wp\/v2\/posts\/47530\/revisions"}],"predecessor-version":[{"id":47532,"href":"https:\/\/www.laguiadepamplona.com\/actualidad\/wp-json\/wp\/v2\/posts\/47530\/revisions\/47532"}],"wp:featuredmedia":[{"embeddable":true,"href":"https:\/\/www.laguiadepamplona.com\/actualidad\/wp-json\/wp\/v2\/media\/47531"}],"wp:attachment":[{"href":"https:\/\/www.laguiadepamplona.com\/actualidad\/wp-json\/wp\/v2\/media?parent=47530"}],"wp:term":[{"taxonomy":"category","embeddable":true,"href":"https:\/\/www.laguiadepamplona.com\/actualidad\/wp-json\/wp\/v2\/categories?post=47530"},{"taxonomy":"post_tag","embeddable":true,"href":"https:\/\/www.laguiadepamplona.com\/actualidad\/wp-json\/wp\/v2\/tags?post=47530"}],"curies":[{"name":"wp","href":"https:\/\/api.w.org\/{rel}","templated":true}]}}