{"id":47527,"date":"2023-10-06T17:39:01","date_gmt":"2023-10-06T15:39:01","guid":{"rendered":"https:\/\/www.laguiadepamplona.com\/actualidad\/?p=47527"},"modified":"2023-10-06T17:39:01","modified_gmt":"2023-10-06T15:39:01","slug":"la-alcaldesa-de-pamplona-se-reune-con-el-presidente-de-la-federacion-navarra-de-atletismo","status":"publish","type":"post","link":"https:\/\/www.laguiadepamplona.com\/actualidad\/la-alcaldesa-de-pamplona-se-reune-con-el-presidente-de-la-federacion-navarra-de-atletismo\/","title":{"rendered":"La alcaldesa de Pamplona se re\u00fane con el presidente de la Federaci\u00f3n Navarra de Atletismo"},"content":{"rendered":"<p><!--more--><\/p>\n<p>La alcaldesa de Pamplona, Cristina Ibarrola, recibi\u00f3 ayer jueves en su despacho de la Casa Consistorial al presidente de la Federaci\u00f3n Navarra de Atletismo, Rodrigo Dom\u00ednguez. En el encuentro estuvo tambi\u00e9n presente el concejal delegado de Servicios Sociales, Deporte y Salud, Ra\u00fal Armend\u00e1riz.<br \/>\n<script async src=\"\/\/pagead2.googlesyndication.com\/pagead\/js\/adsbygoogle.js\"><\/script><br \/>\n<!-- Noticias La Guia de Pamplona --><br \/>\n<ins class=\"adsbygoogle\"\nstyle=\"display:block\"\ndata-ad-client=\"ca-pub-6943679897239327\"\ndata-ad-slot=\"7048180777\"\ndata-ad-format=\"auto\"><\/ins><br \/>\n<script>\n(adsbygoogle = window.adsbygoogle || []).push({});\n<\/script><\/p>\n<p>La Federaci\u00f3n Navarra de Atletismo naci\u00f3 en el a\u00f1o 1923, por lo que cumple su centenario. Actualmente la Federaci\u00f3n Navarra de Atletismo est\u00e1 formada por una Asamblea General compuesta por 27 miembros, como m\u00e1ximo \u00f3rgano de representaci\u00f3n. La federaci\u00f3n integra a 28 clubes de atletismo y posee m\u00e1s de 2.500 licencias. Su m\u00e1ximo \u00f3rgano ejecutivo es la Junta Directiva, a la que se suma una serie de comisiones que la apoyan en esta labor.<\/p>\n","protected":false},"excerpt":{"rendered":"","protected":false},"author":1,"featured_media":47528,"comment_status":"open","ping_status":"closed","sticky":false,"template":"","format":"standard","meta":{"footnotes":""},"categories":[2],"tags":[],"class_list":["post-47527","post","type-post","status-publish","format-standard","has-post-thumbnail","hentry","category-ayuntamiento-pamplona"],"yoast_head":"<!-- This site is optimized with the Yoast SEO plugin v27.3 - https:\/\/yoast.com\/product\/yoast-seo-wordpress\/ -->\n<title>La alcaldesa de Pamplona se re\u00fane con el presidente de la Federaci\u00f3n Navarra de Atletismo<\/title>\n<meta name=\"description\" content=\"La Federaci\u00f3n Navarra de Atletismo naci\u00f3 en el a\u00f1o 1923, por lo que cumple su centenario. Actualmente la FNA est\u00e1 formada por 27 miembros\" \/>\n<meta name=\"robots\" content=\"index, follow, max-snippet:-1, max-image-preview:large, max-video-preview:-1\" \/>\n<link rel=\"canonical\" href=\"https:\/\/www.laguiadepamplona.com\/actualidad\/la-alcaldesa-de-pamplona-se-reune-con-el-presidente-de-la-federacion-navarra-de-atletismo\/\" \/>\n<meta property=\"og:locale\" content=\"es_ES\" \/>\n<meta property=\"og:type\" content=\"article\" \/>\n<meta property=\"og:title\" content=\"La alcaldesa de Pamplona se re\u00fane con el presidente de la Federaci\u00f3n Navarra de Atletismo\" \/>\n<meta property=\"og:description\" content=\"La Federaci\u00f3n Navarra de Atletismo naci\u00f3 en el a\u00f1o 1923, por lo que cumple su centenario. Actualmente la FNA est\u00e1 formada por 27 miembros\" \/>\n<meta property=\"og:url\" content=\"https:\/\/www.laguiadepamplona.com\/actualidad\/la-alcaldesa-de-pamplona-se-reune-con-el-presidente-de-la-federacion-navarra-de-atletismo\/\" \/>\n<meta property=\"og:site_name\" content=\"La Gu\u00eda de Pamplona\" \/>\n<meta property=\"article:publisher\" content=\"https:\/\/www.facebook.com\/laguiadepamplonacom-133175176762273\/?ref=hl\" \/>\n<meta property=\"article:published_time\" content=\"2023-10-06T15:39:01+00:00\" \/>\n<meta property=\"og:image\" content=\"https:\/\/www.laguiadepamplona.com\/actualidad\/wp-content\/uploads\/2023\/10\/231005fnatletismoq5a2370.webp\" \/>\n\t<meta property=\"og:image:width\" content=\"1200\" \/>\n\t<meta property=\"og:image:height\" content=\"800\" \/>\n\t<meta property=\"og:image:type\" content=\"image\/webp\" \/>\n<meta name=\"author\" content=\"La Gu\u00eda de Pamplona\" \/>\n<meta name=\"twitter:card\" content=\"summary_large_image\" \/>\n<meta name=\"twitter:creator\" content=\"@LaGuiadPamplona\" \/>\n<meta name=\"twitter:site\" content=\"@LaGuiadPamplona\" \/>\n<meta name=\"twitter:label1\" content=\"Escrito por\" \/>\n\t<meta name=\"twitter:data1\" content=\"La Gu\u00eda de Pamplona\" \/>\n\t<meta name=\"twitter:label2\" content=\"Tiempo de lectura\" \/>\n\t<meta name=\"twitter:data2\" content=\"1 minuto\" \/>\n<script type=\"application\/ld+json\" class=\"yoast-schema-graph\">{\"@context\":\"https:\\\/\\\/schema.org\",\"@graph\":[{\"@type\":\"Article\",\"@id\":\"https:\\\/\\\/www.laguiadepamplona.com\\\/actualidad\\\/la-alcaldesa-de-pamplona-se-reune-con-el-presidente-de-la-federacion-navarra-de-atletismo\\\/#article\",\"isPartOf\":{\"@id\":\"https:\\\/\\\/www.laguiadepamplona.com\\\/actualidad\\\/la-alcaldesa-de-pamplona-se-reune-con-el-presidente-de-la-federacion-navarra-de-atletismo\\\/\"},\"author\":{\"name\":\"La Gu\u00eda de Pamplona\",\"@id\":\"https:\\\/\\\/www.laguiadepamplona.com\\\/actualidad\\\/#\\\/schema\\\/person\\\/efe887376f0213d4657c93adc50b1fdb\"},\"headline\":\"La alcaldesa de Pamplona se re\u00fane con el presidente de la Federaci\u00f3n Navarra de Atletismo\",\"datePublished\":\"2023-10-06T15:39:01+00:00\",\"mainEntityOfPage\":{\"@id\":\"https:\\\/\\\/www.laguiadepamplona.com\\\/actualidad\\\/la-alcaldesa-de-pamplona-se-reune-con-el-presidente-de-la-federacion-navarra-de-atletismo\\\/\"},\"wordCount\":143,\"commentCount\":0,\"publisher\":{\"@id\":\"https:\\\/\\\/www.laguiadepamplona.com\\\/actualidad\\\/#organization\"},\"image\":{\"@id\":\"https:\\\/\\\/www.laguiadepamplona.com\\\/actualidad\\\/la-alcaldesa-de-pamplona-se-reune-con-el-presidente-de-la-federacion-navarra-de-atletismo\\\/#primaryimage\"},\"thumbnailUrl\":\"https:\\\/\\\/www.laguiadepamplona.com\\\/actualidad\\\/wp-content\\\/uploads\\\/2023\\\/10\\\/231005fnatletismoq5a2370.webp\",\"articleSection\":[\"Ayto Pamplona\"],\"inLanguage\":\"es\",\"potentialAction\":[{\"@type\":\"CommentAction\",\"name\":\"Comment\",\"target\":[\"https:\\\/\\\/www.laguiadepamplona.com\\\/actualidad\\\/la-alcaldesa-de-pamplona-se-reune-con-el-presidente-de-la-federacion-navarra-de-atletismo\\\/#respond\"]}]},{\"@type\":\"WebPage\",\"@id\":\"https:\\\/\\\/www.laguiadepamplona.com\\\/actualidad\\\/la-alcaldesa-de-pamplona-se-reune-con-el-presidente-de-la-federacion-navarra-de-atletismo\\\/\",\"url\":\"https:\\\/\\\/www.laguiadepamplona.com\\\/actualidad\\\/la-alcaldesa-de-pamplona-se-reune-con-el-presidente-de-la-federacion-navarra-de-atletismo\\\/\",\"name\":\"La alcaldesa de Pamplona se re\u00fane con el presidente de la Federaci\u00f3n Navarra de Atletismo\",\"isPartOf\":{\"@id\":\"https:\\\/\\\/www.laguiadepamplona.com\\\/actualidad\\\/#website\"},\"primaryImageOfPage\":{\"@id\":\"https:\\\/\\\/www.laguiadepamplona.com\\\/actualidad\\\/la-alcaldesa-de-pamplona-se-reune-con-el-presidente-de-la-federacion-navarra-de-atletismo\\\/#primaryimage\"},\"image\":{\"@id\":\"https:\\\/\\\/www.laguiadepamplona.com\\\/actualidad\\\/la-alcaldesa-de-pamplona-se-reune-con-el-presidente-de-la-federacion-navarra-de-atletismo\\\/#primaryimage\"},\"thumbnailUrl\":\"https:\\\/\\\/www.laguiadepamplona.com\\\/actualidad\\\/wp-content\\\/uploads\\\/2023\\\/10\\\/231005fnatletismoq5a2370.webp\",\"datePublished\":\"2023-10-06T15:39:01+00:00\",\"description\":\"La Federaci\u00f3n Navarra de Atletismo naci\u00f3 en el a\u00f1o 1923, por lo que cumple su centenario. Actualmente la FNA est\u00e1 formada por 27 miembros\",\"breadcrumb\":{\"@id\":\"https:\\\/\\\/www.laguiadepamplona.com\\\/actualidad\\\/la-alcaldesa-de-pamplona-se-reune-con-el-presidente-de-la-federacion-navarra-de-atletismo\\\/#breadcrumb\"},\"inLanguage\":\"es\",\"potentialAction\":[{\"@type\":\"ReadAction\",\"target\":[\"https:\\\/\\\/www.laguiadepamplona.com\\\/actualidad\\\/la-alcaldesa-de-pamplona-se-reune-con-el-presidente-de-la-federacion-navarra-de-atletismo\\\/\"]}]},{\"@type\":\"ImageObject\",\"inLanguage\":\"es\",\"@id\":\"https:\\\/\\\/www.laguiadepamplona.com\\\/actualidad\\\/la-alcaldesa-de-pamplona-se-reune-con-el-presidente-de-la-federacion-navarra-de-atletismo\\\/#primaryimage\",\"url\":\"https:\\\/\\\/www.laguiadepamplona.com\\\/actualidad\\\/wp-content\\\/uploads\\\/2023\\\/10\\\/231005fnatletismoq5a2370.webp\",\"contentUrl\":\"https:\\\/\\\/www.laguiadepamplona.com\\\/actualidad\\\/wp-content\\\/uploads\\\/2023\\\/10\\\/231005fnatletismoq5a2370.webp\",\"width\":1200,\"height\":800,\"caption\":\"federaci\u00f3n navarra atletismo\"},{\"@type\":\"BreadcrumbList\",\"@id\":\"https:\\\/\\\/www.laguiadepamplona.com\\\/actualidad\\\/la-alcaldesa-de-pamplona-se-reune-con-el-presidente-de-la-federacion-navarra-de-atletismo\\\/#breadcrumb\",\"itemListElement\":[{\"@type\":\"ListItem\",\"position\":1,\"name\":\"Portada\",\"item\":\"https:\\\/\\\/www.laguiadepamplona.com\\\/actualidad\\\/\"},{\"@type\":\"ListItem\",\"position\":2,\"name\":\"La alcaldesa de Pamplona se re\u00fane con el presidente de la Federaci\u00f3n Navarra de Atletismo\"}]},{\"@type\":\"WebSite\",\"@id\":\"https:\\\/\\\/www.laguiadepamplona.com\\\/actualidad\\\/#website\",\"url\":\"https:\\\/\\\/www.laguiadepamplona.com\\\/actualidad\\\/\",\"name\":\"La gu\u00eda de Pamplona\",\"description\":\"Noticias de Pamplona\",\"publisher\":{\"@id\":\"https:\\\/\\\/www.laguiadepamplona.com\\\/actualidad\\\/#organization\"},\"potentialAction\":[{\"@type\":\"SearchAction\",\"target\":{\"@type\":\"EntryPoint\",\"urlTemplate\":\"https:\\\/\\\/www.laguiadepamplona.com\\\/actualidad\\\/?s={search_term_string}\"},\"query-input\":{\"@type\":\"PropertyValueSpecification\",\"valueRequired\":true,\"valueName\":\"search_term_string\"}}],\"inLanguage\":\"es\"},{\"@type\":\"Organization\",\"@id\":\"https:\\\/\\\/www.laguiadepamplona.com\\\/actualidad\\\/#organization\",\"name\":\"La Gu\u00eda de Pamplona \\\/ Noticias\",\"url\":\"https:\\\/\\\/www.laguiadepamplona.com\\\/actualidad\\\/\",\"logo\":{\"@type\":\"ImageObject\",\"inLanguage\":\"es\",\"@id\":\"https:\\\/\\\/www.laguiadepamplona.com\\\/actualidad\\\/#\\\/schema\\\/logo\\\/image\\\/\",\"url\":\"https:\\\/\\\/www.laguiadepamplona.com\\\/actualidad\\\/wp-content\\\/uploads\\\/2018\\\/11\\\/logo-laguiadepamplona18-web1.png\",\"contentUrl\":\"https:\\\/\\\/www.laguiadepamplona.com\\\/actualidad\\\/wp-content\\\/uploads\\\/2018\\\/11\\\/logo-laguiadepamplona18-web1.png\",\"width\":600,\"height\":196,\"caption\":\"La Gu\u00eda de Pamplona \\\/ Noticias\"},\"image\":{\"@id\":\"https:\\\/\\\/www.laguiadepamplona.com\\\/actualidad\\\/#\\\/schema\\\/logo\\\/image\\\/\"},\"sameAs\":[\"https:\\\/\\\/www.facebook.com\\\/laguiadepamplonacom-133175176762273\\\/?ref=hl\",\"https:\\\/\\\/x.com\\\/LaGuiadPamplona\",\"https:\\\/\\\/www.instagram.com\\\/la_guia_de_pamplona\\\/\",\"https:\\\/\\\/www.youtube.com\\\/user\\\/laguiadepamplona\"]},{\"@type\":\"Person\",\"@id\":\"https:\\\/\\\/www.laguiadepamplona.com\\\/actualidad\\\/#\\\/schema\\\/person\\\/efe887376f0213d4657c93adc50b1fdb\",\"name\":\"La Gu\u00eda de Pamplona\",\"image\":{\"@type\":\"ImageObject\",\"inLanguage\":\"es\",\"@id\":\"https:\\\/\\\/secure.gravatar.com\\\/avatar\\\/b6992f131dc8d30ab0dff15446e9d346d9dbd95992de0fef795073f5ea83a81c?s=96&d=mm&r=g\",\"url\":\"https:\\\/\\\/secure.gravatar.com\\\/avatar\\\/b6992f131dc8d30ab0dff15446e9d346d9dbd95992de0fef795073f5ea83a81c?s=96&d=mm&r=g\",\"contentUrl\":\"https:\\\/\\\/secure.gravatar.com\\\/avatar\\\/b6992f131dc8d30ab0dff15446e9d346d9dbd95992de0fef795073f5ea83a81c?s=96&d=mm&r=g\",\"caption\":\"La Gu\u00eda de Pamplona\"}}]}<\/script>\n<!-- \/ Yoast SEO plugin. -->","yoast_head_json":{"title":"La alcaldesa de Pamplona se re\u00fane con el presidente de la Federaci\u00f3n Navarra de Atletismo","description":"La Federaci\u00f3n Navarra de Atletismo naci\u00f3 en el a\u00f1o 1923, por lo que cumple su centenario. Actualmente la FNA est\u00e1 formada por 27 miembros","robots":{"index":"index","follow":"follow","max-snippet":"max-snippet:-1","max-image-preview":"max-image-preview:large","max-video-preview":"max-video-preview:-1"},"canonical":"https:\/\/www.laguiadepamplona.com\/actualidad\/la-alcaldesa-de-pamplona-se-reune-con-el-presidente-de-la-federacion-navarra-de-atletismo\/","og_locale":"es_ES","og_type":"article","og_title":"La alcaldesa de Pamplona se re\u00fane con el presidente de la Federaci\u00f3n Navarra de Atletismo","og_description":"La Federaci\u00f3n Navarra de Atletismo naci\u00f3 en el a\u00f1o 1923, por lo que cumple su centenario. Actualmente la FNA est\u00e1 formada por 27 miembros","og_url":"https:\/\/www.laguiadepamplona.com\/actualidad\/la-alcaldesa-de-pamplona-se-reune-con-el-presidente-de-la-federacion-navarra-de-atletismo\/","og_site_name":"La Gu\u00eda de Pamplona","article_publisher":"https:\/\/www.facebook.com\/laguiadepamplonacom-133175176762273\/?ref=hl","article_published_time":"2023-10-06T15:39:01+00:00","og_image":[{"width":1200,"height":800,"url":"https:\/\/www.laguiadepamplona.com\/actualidad\/wp-content\/uploads\/2023\/10\/231005fnatletismoq5a2370.webp","type":"image\/webp"}],"author":"La Gu\u00eda de Pamplona","twitter_card":"summary_large_image","twitter_creator":"@LaGuiadPamplona","twitter_site":"@LaGuiadPamplona","twitter_misc":{"Escrito por":"La Gu\u00eda de Pamplona","Tiempo de lectura":"1 minuto"},"schema":{"@context":"https:\/\/schema.org","@graph":[{"@type":"Article","@id":"https:\/\/www.laguiadepamplona.com\/actualidad\/la-alcaldesa-de-pamplona-se-reune-con-el-presidente-de-la-federacion-navarra-de-atletismo\/#article","isPartOf":{"@id":"https:\/\/www.laguiadepamplona.com\/actualidad\/la-alcaldesa-de-pamplona-se-reune-con-el-presidente-de-la-federacion-navarra-de-atletismo\/"},"author":{"name":"La Gu\u00eda de Pamplona","@id":"https:\/\/www.laguiadepamplona.com\/actualidad\/#\/schema\/person\/efe887376f0213d4657c93adc50b1fdb"},"headline":"La alcaldesa de Pamplona se re\u00fane con el presidente de la Federaci\u00f3n Navarra de Atletismo","datePublished":"2023-10-06T15:39:01+00:00","mainEntityOfPage":{"@id":"https:\/\/www.laguiadepamplona.com\/actualidad\/la-alcaldesa-de-pamplona-se-reune-con-el-presidente-de-la-federacion-navarra-de-atletismo\/"},"wordCount":143,"commentCount":0,"publisher":{"@id":"https:\/\/www.laguiadepamplona.com\/actualidad\/#organization"},"image":{"@id":"https:\/\/www.laguiadepamplona.com\/actualidad\/la-alcaldesa-de-pamplona-se-reune-con-el-presidente-de-la-federacion-navarra-de-atletismo\/#primaryimage"},"thumbnailUrl":"https:\/\/www.laguiadepamplona.com\/actualidad\/wp-content\/uploads\/2023\/10\/231005fnatletismoq5a2370.webp","articleSection":["Ayto Pamplona"],"inLanguage":"es","potentialAction":[{"@type":"CommentAction","name":"Comment","target":["https:\/\/www.laguiadepamplona.com\/actualidad\/la-alcaldesa-de-pamplona-se-reune-con-el-presidente-de-la-federacion-navarra-de-atletismo\/#respond"]}]},{"@type":"WebPage","@id":"https:\/\/www.laguiadepamplona.com\/actualidad\/la-alcaldesa-de-pamplona-se-reune-con-el-presidente-de-la-federacion-navarra-de-atletismo\/","url":"https:\/\/www.laguiadepamplona.com\/actualidad\/la-alcaldesa-de-pamplona-se-reune-con-el-presidente-de-la-federacion-navarra-de-atletismo\/","name":"La alcaldesa de Pamplona se re\u00fane con el presidente de la Federaci\u00f3n Navarra de Atletismo","isPartOf":{"@id":"https:\/\/www.laguiadepamplona.com\/actualidad\/#website"},"primaryImageOfPage":{"@id":"https:\/\/www.laguiadepamplona.com\/actualidad\/la-alcaldesa-de-pamplona-se-reune-con-el-presidente-de-la-federacion-navarra-de-atletismo\/#primaryimage"},"image":{"@id":"https:\/\/www.laguiadepamplona.com\/actualidad\/la-alcaldesa-de-pamplona-se-reune-con-el-presidente-de-la-federacion-navarra-de-atletismo\/#primaryimage"},"thumbnailUrl":"https:\/\/www.laguiadepamplona.com\/actualidad\/wp-content\/uploads\/2023\/10\/231005fnatletismoq5a2370.webp","datePublished":"2023-10-06T15:39:01+00:00","description":"La Federaci\u00f3n Navarra de Atletismo naci\u00f3 en el a\u00f1o 1923, por lo que cumple su centenario. Actualmente la FNA est\u00e1 formada por 27 miembros","breadcrumb":{"@id":"https:\/\/www.laguiadepamplona.com\/actualidad\/la-alcaldesa-de-pamplona-se-reune-con-el-presidente-de-la-federacion-navarra-de-atletismo\/#breadcrumb"},"inLanguage":"es","potentialAction":[{"@type":"ReadAction","target":["https:\/\/www.laguiadepamplona.com\/actualidad\/la-alcaldesa-de-pamplona-se-reune-con-el-presidente-de-la-federacion-navarra-de-atletismo\/"]}]},{"@type":"ImageObject","inLanguage":"es","@id":"https:\/\/www.laguiadepamplona.com\/actualidad\/la-alcaldesa-de-pamplona-se-reune-con-el-presidente-de-la-federacion-navarra-de-atletismo\/#primaryimage","url":"https:\/\/www.laguiadepamplona.com\/actualidad\/wp-content\/uploads\/2023\/10\/231005fnatletismoq5a2370.webp","contentUrl":"https:\/\/www.laguiadepamplona.com\/actualidad\/wp-content\/uploads\/2023\/10\/231005fnatletismoq5a2370.webp","width":1200,"height":800,"caption":"federaci\u00f3n navarra atletismo"},{"@type":"BreadcrumbList","@id":"https:\/\/www.laguiadepamplona.com\/actualidad\/la-alcaldesa-de-pamplona-se-reune-con-el-presidente-de-la-federacion-navarra-de-atletismo\/#breadcrumb","itemListElement":[{"@type":"ListItem","position":1,"name":"Portada","item":"https:\/\/www.laguiadepamplona.com\/actualidad\/"},{"@type":"ListItem","position":2,"name":"La alcaldesa de Pamplona se re\u00fane con el presidente de la Federaci\u00f3n Navarra de Atletismo"}]},{"@type":"WebSite","@id":"https:\/\/www.laguiadepamplona.com\/actualidad\/#website","url":"https:\/\/www.laguiadepamplona.com\/actualidad\/","name":"La gu\u00eda de Pamplona","description":"Noticias de Pamplona","publisher":{"@id":"https:\/\/www.laguiadepamplona.com\/actualidad\/#organization"},"potentialAction":[{"@type":"SearchAction","target":{"@type":"EntryPoint","urlTemplate":"https:\/\/www.laguiadepamplona.com\/actualidad\/?s={search_term_string}"},"query-input":{"@type":"PropertyValueSpecification","valueRequired":true,"valueName":"search_term_string"}}],"inLanguage":"es"},{"@type":"Organization","@id":"https:\/\/www.laguiadepamplona.com\/actualidad\/#organization","name":"La Gu\u00eda de Pamplona \/ Noticias","url":"https:\/\/www.laguiadepamplona.com\/actualidad\/","logo":{"@type":"ImageObject","inLanguage":"es","@id":"https:\/\/www.laguiadepamplona.com\/actualidad\/#\/schema\/logo\/image\/","url":"https:\/\/www.laguiadepamplona.com\/actualidad\/wp-content\/uploads\/2018\/11\/logo-laguiadepamplona18-web1.png","contentUrl":"https:\/\/www.laguiadepamplona.com\/actualidad\/wp-content\/uploads\/2018\/11\/logo-laguiadepamplona18-web1.png","width":600,"height":196,"caption":"La Gu\u00eda de Pamplona \/ Noticias"},"image":{"@id":"https:\/\/www.laguiadepamplona.com\/actualidad\/#\/schema\/logo\/image\/"},"sameAs":["https:\/\/www.facebook.com\/laguiadepamplonacom-133175176762273\/?ref=hl","https:\/\/x.com\/LaGuiadPamplona","https:\/\/www.instagram.com\/la_guia_de_pamplona\/","https:\/\/www.youtube.com\/user\/laguiadepamplona"]},{"@type":"Person","@id":"https:\/\/www.laguiadepamplona.com\/actualidad\/#\/schema\/person\/efe887376f0213d4657c93adc50b1fdb","name":"La Gu\u00eda de Pamplona","image":{"@type":"ImageObject","inLanguage":"es","@id":"https:\/\/secure.gravatar.com\/avatar\/b6992f131dc8d30ab0dff15446e9d346d9dbd95992de0fef795073f5ea83a81c?s=96&d=mm&r=g","url":"https:\/\/secure.gravatar.com\/avatar\/b6992f131dc8d30ab0dff15446e9d346d9dbd95992de0fef795073f5ea83a81c?s=96&d=mm&r=g","contentUrl":"https:\/\/secure.gravatar.com\/avatar\/b6992f131dc8d30ab0dff15446e9d346d9dbd95992de0fef795073f5ea83a81c?s=96&d=mm&r=g","caption":"La Gu\u00eda de Pamplona"}}]}},"post_mailing_queue_ids":[],"_links":{"self":[{"href":"https:\/\/www.laguiadepamplona.com\/actualidad\/wp-json\/wp\/v2\/posts\/47527","targetHints":{"allow":["GET"]}}],"collection":[{"href":"https:\/\/www.laguiadepamplona.com\/actualidad\/wp-json\/wp\/v2\/posts"}],"about":[{"href":"https:\/\/www.laguiadepamplona.com\/actualidad\/wp-json\/wp\/v2\/types\/post"}],"author":[{"embeddable":true,"href":"https:\/\/www.laguiadepamplona.com\/actualidad\/wp-json\/wp\/v2\/users\/1"}],"replies":[{"embeddable":true,"href":"https:\/\/www.laguiadepamplona.com\/actualidad\/wp-json\/wp\/v2\/comments?post=47527"}],"version-history":[{"count":1,"href":"https:\/\/www.laguiadepamplona.com\/actualidad\/wp-json\/wp\/v2\/posts\/47527\/revisions"}],"predecessor-version":[{"id":47529,"href":"https:\/\/www.laguiadepamplona.com\/actualidad\/wp-json\/wp\/v2\/posts\/47527\/revisions\/47529"}],"wp:featuredmedia":[{"embeddable":true,"href":"https:\/\/www.laguiadepamplona.com\/actualidad\/wp-json\/wp\/v2\/media\/47528"}],"wp:attachment":[{"href":"https:\/\/www.laguiadepamplona.com\/actualidad\/wp-json\/wp\/v2\/media?parent=47527"}],"wp:term":[{"taxonomy":"category","embeddable":true,"href":"https:\/\/www.laguiadepamplona.com\/actualidad\/wp-json\/wp\/v2\/categories?post=47527"},{"taxonomy":"post_tag","embeddable":true,"href":"https:\/\/www.laguiadepamplona.com\/actualidad\/wp-json\/wp\/v2\/tags?post=47527"}],"curies":[{"name":"wp","href":"https:\/\/api.w.org\/{rel}","templated":true}]}}