{"id":47516,"date":"2023-10-06T13:46:46","date_gmt":"2023-10-06T11:46:46","guid":{"rendered":"https:\/\/www.laguiadepamplona.com\/actualidad\/?p=47516"},"modified":"2023-10-06T13:46:56","modified_gmt":"2023-10-06T11:46:56","slug":"mas-de-40-personas-participaran-este-sabado-en-una-jornada-de-voluntariado-ambiental-en-el-rio-arga","status":"publish","type":"post","link":"https:\/\/www.laguiadepamplona.com\/actualidad\/mas-de-40-personas-participaran-este-sabado-en-una-jornada-de-voluntariado-ambiental-en-el-rio-arga\/","title":{"rendered":"M\u00e1s de 40 personas participar\u00e1n este s\u00e1bado en una jornada de voluntariado ambiental en el r\u00edo Arga"},"content":{"rendered":"<h3>Las actividades, enmarcadas en el proyecto RUNA 2025 financiado con fondos europeos, se desarrollar\u00e1n de 10.30 a 13.30 horas<\/h3>\n<p><!--more--><\/p>\n<p>El Ayuntamiento de Pamplona ha organizado este sabado una jornada de voluntariado ambiental en el r\u00edo Arga, que aunar\u00e1 limpieza y actividades de sensibilizaci\u00f3n. La jornada comenzar\u00e1 a las 10.30 horas, con punto de encuentro en la pasarela de la Rochapea, frente al Museo de Educaci\u00f3n Ambienta, y se desarrollar\u00e1n hasta las 13.30 horas. Est\u00e1 previsto que sobre las 10.45 horas acudan a la jornada la concejala delegada y el concejal especial de Desarrollo Sostenible y Proyectos Estrat\u00e9gicos, Izaskun Zozaya y Aitor Silgado.<br \/>\n<script async src=\"\/\/pagead2.googlesyndication.com\/pagead\/js\/adsbygoogle.js\"><\/script><br \/>\n<!-- Noticias La Guia de Pamplona --><br \/>\n<ins class=\"adsbygoogle\"\nstyle=\"display:block\"\ndata-ad-client=\"ca-pub-6943679897239327\"\ndata-ad-slot=\"7048180777\"\ndata-ad-format=\"auto\"><\/ins><br \/>\n<script>\n(adsbygoogle = window.adsbygoogle || []).push({});\n<\/script><\/p>\n<p>El parque de Aranzadi acoger\u00e1 a las m\u00e1s de 40 personas inscritas en la jornada, que participar\u00e1n en la recogida de los residuos que se encuentren a orillas del Arga, adem\u00e1s de gozar de la oportunidad de conocer mejor el r\u00edo. Ser\u00e1 la primera acci\u00f3n del programa de sensibilizaci\u00f3n del proyecto RUNA 2025, un programa financiado con fondos europeos que apuesta por la ejecuci\u00f3n de acciones de renaturalizaci\u00f3n y protecci\u00f3n de la biodiversidad en los entornos fluviales.<\/p>\n<p>Adem\u00e1s de la limpieza, se han organizado acciones de sensibilizaci\u00f3n ambiental. Entre otras, en Casa Gurbindo, se podr\u00e1 visitar la exposici\u00f3n \u2018Los otros peces del r\u00edo\u2019, una muestra did\u00e1ctica que analiza la gesti\u00f3n de los residuos y la calidad de las aguas de los r\u00edos. Se repasa la fauna pisc\u00edcola que acaba en las orillas de los r\u00edos, especialmente despu\u00e9s de una riada y que quedan o en las ramas de los \u00e1rboles, en las riberas de nuestros r\u00edos o, directamente, en los oc\u00e9anos. La jornada finalizar\u00e1 en Casa Gurbindo con un almuerzo que realizar\u00e1n desde el centro ocupacional de Gure Sustraiak.<br \/>\n<script async src=\"\/\/pagead2.googlesyndication.com\/pagead\/js\/adsbygoogle.js\"><\/script><br \/>\n<!-- Noticias La Guia de Pamplona --><br \/>\n<ins class=\"adsbygoogle\"\nstyle=\"display:block\"\ndata-ad-client=\"ca-pub-6943679897239327\"\ndata-ad-slot=\"7048180777\"\ndata-ad-format=\"auto\"><\/ins><br \/>\n<script>\n(adsbygoogle = window.adsbygoogle || []).push({});\n<\/script><\/p>\n<p>El proyecto RUNA 2025 ha obtenido 2,7 millones de euros en la convocatoria de ayudas de la Fundaci\u00f3n Biodiversidad del Ministerio para la Transici\u00f3n Ecol\u00f3gica y el Reto Demogr\u00e1fico (MITECO), en el marco del Plan de Recuperaci\u00f3n, Transformaci\u00f3n y Resiliencia, financiado por la Uni\u00f3n Europea y los fondos Next Generation EU. Las actuaciones del proyecto est\u00e1n incluidas dentro del Modelo de Planificaci\u00f3n Fluvial de los r\u00edos de Pamplona dise\u00f1ado por el Ayuntamiento e incluido en la Agenda Urbana Pamplona 2030 y en la Estrategia Go Green Pamplona.<\/p>\n","protected":false},"excerpt":{"rendered":"<p>Las actividades, enmarcadas en el proyecto RUNA 2025 financiado con fondos europeos, se desarrollar\u00e1n de 10.30 a 13.30 horas<\/p>\n","protected":false},"author":1,"featured_media":47400,"comment_status":"open","ping_status":"closed","sticky":false,"template":"","format":"standard","meta":{"footnotes":""},"categories":[2],"tags":[],"class_list":["post-47516","post","type-post","status-publish","format-standard","has-post-thumbnail","hentry","category-ayuntamiento-pamplona"],"yoast_head":"<!-- This site is optimized with the Yoast SEO plugin v27.3 - https:\/\/yoast.com\/product\/yoast-seo-wordpress\/ -->\n<title>M\u00e1s de 40 personas participar\u00e1n este s\u00e1bado en una jornada de voluntariado ambiental en el r\u00edo Arga<\/title>\n<meta name=\"description\" content=\"Las actividades, enmarcadas en el proyecto RUNA 2025 financiado con fondos europeos, se desarrollar\u00e1n de 10.30 a 13.30 horas\" \/>\n<meta name=\"robots\" content=\"index, follow, max-snippet:-1, max-image-preview:large, max-video-preview:-1\" \/>\n<link rel=\"canonical\" href=\"https:\/\/www.laguiadepamplona.com\/actualidad\/mas-de-40-personas-participaran-este-sabado-en-una-jornada-de-voluntariado-ambiental-en-el-rio-arga\/\" \/>\n<meta property=\"og:locale\" content=\"es_ES\" \/>\n<meta property=\"og:type\" content=\"article\" \/>\n<meta property=\"og:title\" content=\"M\u00e1s de 40 personas participar\u00e1n este s\u00e1bado en una jornada de voluntariado ambiental en el r\u00edo Arga\" \/>\n<meta property=\"og:description\" content=\"Las actividades, enmarcadas en el proyecto RUNA 2025 financiado con fondos europeos, se desarrollar\u00e1n de 10.30 a 13.30 horas\" \/>\n<meta property=\"og:url\" content=\"https:\/\/www.laguiadepamplona.com\/actualidad\/mas-de-40-personas-participaran-este-sabado-en-una-jornada-de-voluntariado-ambiental-en-el-rio-arga\/\" \/>\n<meta property=\"og:site_name\" content=\"La Gu\u00eda de Pamplona\" \/>\n<meta property=\"article:publisher\" content=\"https:\/\/www.facebook.com\/laguiadepamplonacom-133175176762273\/?ref=hl\" \/>\n<meta property=\"article:published_time\" content=\"2023-10-06T11:46:46+00:00\" \/>\n<meta property=\"article:modified_time\" content=\"2023-10-06T11:46:56+00:00\" \/>\n<meta property=\"og:image\" content=\"https:\/\/www.laguiadepamplona.com\/actualidad\/wp-content\/uploads\/2023\/09\/jornada-voluntariado-ambiental-rio-arga.webp\" \/>\n\t<meta property=\"og:image:width\" content=\"1047\" \/>\n\t<meta property=\"og:image:height\" content=\"699\" \/>\n\t<meta property=\"og:image:type\" content=\"image\/webp\" \/>\n<meta name=\"author\" content=\"La Gu\u00eda de Pamplona\" \/>\n<meta name=\"twitter:card\" content=\"summary_large_image\" \/>\n<meta name=\"twitter:creator\" content=\"@LaGuiadPamplona\" \/>\n<meta name=\"twitter:site\" content=\"@LaGuiadPamplona\" \/>\n<meta name=\"twitter:label1\" content=\"Escrito por\" \/>\n\t<meta name=\"twitter:data1\" content=\"La Gu\u00eda de Pamplona\" \/>\n\t<meta name=\"twitter:label2\" content=\"Tiempo de lectura\" \/>\n\t<meta name=\"twitter:data2\" content=\"2 minutos\" \/>\n<script type=\"application\/ld+json\" class=\"yoast-schema-graph\">{\"@context\":\"https:\\\/\\\/schema.org\",\"@graph\":[{\"@type\":\"Article\",\"@id\":\"https:\\\/\\\/www.laguiadepamplona.com\\\/actualidad\\\/mas-de-40-personas-participaran-este-sabado-en-una-jornada-de-voluntariado-ambiental-en-el-rio-arga\\\/#article\",\"isPartOf\":{\"@id\":\"https:\\\/\\\/www.laguiadepamplona.com\\\/actualidad\\\/mas-de-40-personas-participaran-este-sabado-en-una-jornada-de-voluntariado-ambiental-en-el-rio-arga\\\/\"},\"author\":{\"name\":\"La Gu\u00eda de Pamplona\",\"@id\":\"https:\\\/\\\/www.laguiadepamplona.com\\\/actualidad\\\/#\\\/schema\\\/person\\\/efe887376f0213d4657c93adc50b1fdb\"},\"headline\":\"M\u00e1s de 40 personas participar\u00e1n este s\u00e1bado en una jornada de voluntariado ambiental en el r\u00edo Arga\",\"datePublished\":\"2023-10-06T11:46:46+00:00\",\"dateModified\":\"2023-10-06T11:46:56+00:00\",\"mainEntityOfPage\":{\"@id\":\"https:\\\/\\\/www.laguiadepamplona.com\\\/actualidad\\\/mas-de-40-personas-participaran-este-sabado-en-una-jornada-de-voluntariado-ambiental-en-el-rio-arga\\\/\"},\"wordCount\":416,\"commentCount\":0,\"publisher\":{\"@id\":\"https:\\\/\\\/www.laguiadepamplona.com\\\/actualidad\\\/#organization\"},\"image\":{\"@id\":\"https:\\\/\\\/www.laguiadepamplona.com\\\/actualidad\\\/mas-de-40-personas-participaran-este-sabado-en-una-jornada-de-voluntariado-ambiental-en-el-rio-arga\\\/#primaryimage\"},\"thumbnailUrl\":\"https:\\\/\\\/www.laguiadepamplona.com\\\/actualidad\\\/wp-content\\\/uploads\\\/2023\\\/09\\\/jornada-voluntariado-ambiental-rio-arga.webp\",\"articleSection\":[\"Ayto Pamplona\"],\"inLanguage\":\"es\",\"potentialAction\":[{\"@type\":\"CommentAction\",\"name\":\"Comment\",\"target\":[\"https:\\\/\\\/www.laguiadepamplona.com\\\/actualidad\\\/mas-de-40-personas-participaran-este-sabado-en-una-jornada-de-voluntariado-ambiental-en-el-rio-arga\\\/#respond\"]}]},{\"@type\":\"WebPage\",\"@id\":\"https:\\\/\\\/www.laguiadepamplona.com\\\/actualidad\\\/mas-de-40-personas-participaran-este-sabado-en-una-jornada-de-voluntariado-ambiental-en-el-rio-arga\\\/\",\"url\":\"https:\\\/\\\/www.laguiadepamplona.com\\\/actualidad\\\/mas-de-40-personas-participaran-este-sabado-en-una-jornada-de-voluntariado-ambiental-en-el-rio-arga\\\/\",\"name\":\"M\u00e1s de 40 personas participar\u00e1n este s\u00e1bado en una jornada de voluntariado ambiental en el r\u00edo Arga\",\"isPartOf\":{\"@id\":\"https:\\\/\\\/www.laguiadepamplona.com\\\/actualidad\\\/#website\"},\"primaryImageOfPage\":{\"@id\":\"https:\\\/\\\/www.laguiadepamplona.com\\\/actualidad\\\/mas-de-40-personas-participaran-este-sabado-en-una-jornada-de-voluntariado-ambiental-en-el-rio-arga\\\/#primaryimage\"},\"image\":{\"@id\":\"https:\\\/\\\/www.laguiadepamplona.com\\\/actualidad\\\/mas-de-40-personas-participaran-este-sabado-en-una-jornada-de-voluntariado-ambiental-en-el-rio-arga\\\/#primaryimage\"},\"thumbnailUrl\":\"https:\\\/\\\/www.laguiadepamplona.com\\\/actualidad\\\/wp-content\\\/uploads\\\/2023\\\/09\\\/jornada-voluntariado-ambiental-rio-arga.webp\",\"datePublished\":\"2023-10-06T11:46:46+00:00\",\"dateModified\":\"2023-10-06T11:46:56+00:00\",\"description\":\"Las actividades, enmarcadas en el proyecto RUNA 2025 financiado con fondos europeos, se desarrollar\u00e1n de 10.30 a 13.30 horas\",\"breadcrumb\":{\"@id\":\"https:\\\/\\\/www.laguiadepamplona.com\\\/actualidad\\\/mas-de-40-personas-participaran-este-sabado-en-una-jornada-de-voluntariado-ambiental-en-el-rio-arga\\\/#breadcrumb\"},\"inLanguage\":\"es\",\"potentialAction\":[{\"@type\":\"ReadAction\",\"target\":[\"https:\\\/\\\/www.laguiadepamplona.com\\\/actualidad\\\/mas-de-40-personas-participaran-este-sabado-en-una-jornada-de-voluntariado-ambiental-en-el-rio-arga\\\/\"]}]},{\"@type\":\"ImageObject\",\"inLanguage\":\"es\",\"@id\":\"https:\\\/\\\/www.laguiadepamplona.com\\\/actualidad\\\/mas-de-40-personas-participaran-este-sabado-en-una-jornada-de-voluntariado-ambiental-en-el-rio-arga\\\/#primaryimage\",\"url\":\"https:\\\/\\\/www.laguiadepamplona.com\\\/actualidad\\\/wp-content\\\/uploads\\\/2023\\\/09\\\/jornada-voluntariado-ambiental-rio-arga.webp\",\"contentUrl\":\"https:\\\/\\\/www.laguiadepamplona.com\\\/actualidad\\\/wp-content\\\/uploads\\\/2023\\\/09\\\/jornada-voluntariado-ambiental-rio-arga.webp\",\"width\":1047,\"height\":699,\"caption\":\"arga\"},{\"@type\":\"BreadcrumbList\",\"@id\":\"https:\\\/\\\/www.laguiadepamplona.com\\\/actualidad\\\/mas-de-40-personas-participaran-este-sabado-en-una-jornada-de-voluntariado-ambiental-en-el-rio-arga\\\/#breadcrumb\",\"itemListElement\":[{\"@type\":\"ListItem\",\"position\":1,\"name\":\"Portada\",\"item\":\"https:\\\/\\\/www.laguiadepamplona.com\\\/actualidad\\\/\"},{\"@type\":\"ListItem\",\"position\":2,\"name\":\"M\u00e1s de 40 personas participar\u00e1n este s\u00e1bado en una jornada de voluntariado ambiental en el r\u00edo Arga\"}]},{\"@type\":\"WebSite\",\"@id\":\"https:\\\/\\\/www.laguiadepamplona.com\\\/actualidad\\\/#website\",\"url\":\"https:\\\/\\\/www.laguiadepamplona.com\\\/actualidad\\\/\",\"name\":\"La gu\u00eda de Pamplona\",\"description\":\"Noticias de Pamplona\",\"publisher\":{\"@id\":\"https:\\\/\\\/www.laguiadepamplona.com\\\/actualidad\\\/#organization\"},\"potentialAction\":[{\"@type\":\"SearchAction\",\"target\":{\"@type\":\"EntryPoint\",\"urlTemplate\":\"https:\\\/\\\/www.laguiadepamplona.com\\\/actualidad\\\/?s={search_term_string}\"},\"query-input\":{\"@type\":\"PropertyValueSpecification\",\"valueRequired\":true,\"valueName\":\"search_term_string\"}}],\"inLanguage\":\"es\"},{\"@type\":\"Organization\",\"@id\":\"https:\\\/\\\/www.laguiadepamplona.com\\\/actualidad\\\/#organization\",\"name\":\"La Gu\u00eda de Pamplona \\\/ Noticias\",\"url\":\"https:\\\/\\\/www.laguiadepamplona.com\\\/actualidad\\\/\",\"logo\":{\"@type\":\"ImageObject\",\"inLanguage\":\"es\",\"@id\":\"https:\\\/\\\/www.laguiadepamplona.com\\\/actualidad\\\/#\\\/schema\\\/logo\\\/image\\\/\",\"url\":\"https:\\\/\\\/www.laguiadepamplona.com\\\/actualidad\\\/wp-content\\\/uploads\\\/2018\\\/11\\\/logo-laguiadepamplona18-web1.png\",\"contentUrl\":\"https:\\\/\\\/www.laguiadepamplona.com\\\/actualidad\\\/wp-content\\\/uploads\\\/2018\\\/11\\\/logo-laguiadepamplona18-web1.png\",\"width\":600,\"height\":196,\"caption\":\"La Gu\u00eda de Pamplona \\\/ Noticias\"},\"image\":{\"@id\":\"https:\\\/\\\/www.laguiadepamplona.com\\\/actualidad\\\/#\\\/schema\\\/logo\\\/image\\\/\"},\"sameAs\":[\"https:\\\/\\\/www.facebook.com\\\/laguiadepamplonacom-133175176762273\\\/?ref=hl\",\"https:\\\/\\\/x.com\\\/LaGuiadPamplona\",\"https:\\\/\\\/www.instagram.com\\\/la_guia_de_pamplona\\\/\",\"https:\\\/\\\/www.youtube.com\\\/user\\\/laguiadepamplona\"]},{\"@type\":\"Person\",\"@id\":\"https:\\\/\\\/www.laguiadepamplona.com\\\/actualidad\\\/#\\\/schema\\\/person\\\/efe887376f0213d4657c93adc50b1fdb\",\"name\":\"La Gu\u00eda de Pamplona\",\"image\":{\"@type\":\"ImageObject\",\"inLanguage\":\"es\",\"@id\":\"https:\\\/\\\/secure.gravatar.com\\\/avatar\\\/b6992f131dc8d30ab0dff15446e9d346d9dbd95992de0fef795073f5ea83a81c?s=96&d=mm&r=g\",\"url\":\"https:\\\/\\\/secure.gravatar.com\\\/avatar\\\/b6992f131dc8d30ab0dff15446e9d346d9dbd95992de0fef795073f5ea83a81c?s=96&d=mm&r=g\",\"contentUrl\":\"https:\\\/\\\/secure.gravatar.com\\\/avatar\\\/b6992f131dc8d30ab0dff15446e9d346d9dbd95992de0fef795073f5ea83a81c?s=96&d=mm&r=g\",\"caption\":\"La Gu\u00eda de Pamplona\"}}]}<\/script>\n<!-- \/ Yoast SEO plugin. -->","yoast_head_json":{"title":"M\u00e1s de 40 personas participar\u00e1n este s\u00e1bado en una jornada de voluntariado ambiental en el r\u00edo Arga","description":"Las actividades, enmarcadas en el proyecto RUNA 2025 financiado con fondos europeos, se desarrollar\u00e1n de 10.30 a 13.30 horas","robots":{"index":"index","follow":"follow","max-snippet":"max-snippet:-1","max-image-preview":"max-image-preview:large","max-video-preview":"max-video-preview:-1"},"canonical":"https:\/\/www.laguiadepamplona.com\/actualidad\/mas-de-40-personas-participaran-este-sabado-en-una-jornada-de-voluntariado-ambiental-en-el-rio-arga\/","og_locale":"es_ES","og_type":"article","og_title":"M\u00e1s de 40 personas participar\u00e1n este s\u00e1bado en una jornada de voluntariado ambiental en el r\u00edo Arga","og_description":"Las actividades, enmarcadas en el proyecto RUNA 2025 financiado con fondos europeos, se desarrollar\u00e1n de 10.30 a 13.30 horas","og_url":"https:\/\/www.laguiadepamplona.com\/actualidad\/mas-de-40-personas-participaran-este-sabado-en-una-jornada-de-voluntariado-ambiental-en-el-rio-arga\/","og_site_name":"La Gu\u00eda de Pamplona","article_publisher":"https:\/\/www.facebook.com\/laguiadepamplonacom-133175176762273\/?ref=hl","article_published_time":"2023-10-06T11:46:46+00:00","article_modified_time":"2023-10-06T11:46:56+00:00","og_image":[{"width":1047,"height":699,"url":"https:\/\/www.laguiadepamplona.com\/actualidad\/wp-content\/uploads\/2023\/09\/jornada-voluntariado-ambiental-rio-arga.webp","type":"image\/webp"}],"author":"La Gu\u00eda de Pamplona","twitter_card":"summary_large_image","twitter_creator":"@LaGuiadPamplona","twitter_site":"@LaGuiadPamplona","twitter_misc":{"Escrito por":"La Gu\u00eda de Pamplona","Tiempo de lectura":"2 minutos"},"schema":{"@context":"https:\/\/schema.org","@graph":[{"@type":"Article","@id":"https:\/\/www.laguiadepamplona.com\/actualidad\/mas-de-40-personas-participaran-este-sabado-en-una-jornada-de-voluntariado-ambiental-en-el-rio-arga\/#article","isPartOf":{"@id":"https:\/\/www.laguiadepamplona.com\/actualidad\/mas-de-40-personas-participaran-este-sabado-en-una-jornada-de-voluntariado-ambiental-en-el-rio-arga\/"},"author":{"name":"La Gu\u00eda de Pamplona","@id":"https:\/\/www.laguiadepamplona.com\/actualidad\/#\/schema\/person\/efe887376f0213d4657c93adc50b1fdb"},"headline":"M\u00e1s de 40 personas participar\u00e1n este s\u00e1bado en una jornada de voluntariado ambiental en el r\u00edo Arga","datePublished":"2023-10-06T11:46:46+00:00","dateModified":"2023-10-06T11:46:56+00:00","mainEntityOfPage":{"@id":"https:\/\/www.laguiadepamplona.com\/actualidad\/mas-de-40-personas-participaran-este-sabado-en-una-jornada-de-voluntariado-ambiental-en-el-rio-arga\/"},"wordCount":416,"commentCount":0,"publisher":{"@id":"https:\/\/www.laguiadepamplona.com\/actualidad\/#organization"},"image":{"@id":"https:\/\/www.laguiadepamplona.com\/actualidad\/mas-de-40-personas-participaran-este-sabado-en-una-jornada-de-voluntariado-ambiental-en-el-rio-arga\/#primaryimage"},"thumbnailUrl":"https:\/\/www.laguiadepamplona.com\/actualidad\/wp-content\/uploads\/2023\/09\/jornada-voluntariado-ambiental-rio-arga.webp","articleSection":["Ayto Pamplona"],"inLanguage":"es","potentialAction":[{"@type":"CommentAction","name":"Comment","target":["https:\/\/www.laguiadepamplona.com\/actualidad\/mas-de-40-personas-participaran-este-sabado-en-una-jornada-de-voluntariado-ambiental-en-el-rio-arga\/#respond"]}]},{"@type":"WebPage","@id":"https:\/\/www.laguiadepamplona.com\/actualidad\/mas-de-40-personas-participaran-este-sabado-en-una-jornada-de-voluntariado-ambiental-en-el-rio-arga\/","url":"https:\/\/www.laguiadepamplona.com\/actualidad\/mas-de-40-personas-participaran-este-sabado-en-una-jornada-de-voluntariado-ambiental-en-el-rio-arga\/","name":"M\u00e1s de 40 personas participar\u00e1n este s\u00e1bado en una jornada de voluntariado ambiental en el r\u00edo Arga","isPartOf":{"@id":"https:\/\/www.laguiadepamplona.com\/actualidad\/#website"},"primaryImageOfPage":{"@id":"https:\/\/www.laguiadepamplona.com\/actualidad\/mas-de-40-personas-participaran-este-sabado-en-una-jornada-de-voluntariado-ambiental-en-el-rio-arga\/#primaryimage"},"image":{"@id":"https:\/\/www.laguiadepamplona.com\/actualidad\/mas-de-40-personas-participaran-este-sabado-en-una-jornada-de-voluntariado-ambiental-en-el-rio-arga\/#primaryimage"},"thumbnailUrl":"https:\/\/www.laguiadepamplona.com\/actualidad\/wp-content\/uploads\/2023\/09\/jornada-voluntariado-ambiental-rio-arga.webp","datePublished":"2023-10-06T11:46:46+00:00","dateModified":"2023-10-06T11:46:56+00:00","description":"Las actividades, enmarcadas en el proyecto RUNA 2025 financiado con fondos europeos, se desarrollar\u00e1n de 10.30 a 13.30 horas","breadcrumb":{"@id":"https:\/\/www.laguiadepamplona.com\/actualidad\/mas-de-40-personas-participaran-este-sabado-en-una-jornada-de-voluntariado-ambiental-en-el-rio-arga\/#breadcrumb"},"inLanguage":"es","potentialAction":[{"@type":"ReadAction","target":["https:\/\/www.laguiadepamplona.com\/actualidad\/mas-de-40-personas-participaran-este-sabado-en-una-jornada-de-voluntariado-ambiental-en-el-rio-arga\/"]}]},{"@type":"ImageObject","inLanguage":"es","@id":"https:\/\/www.laguiadepamplona.com\/actualidad\/mas-de-40-personas-participaran-este-sabado-en-una-jornada-de-voluntariado-ambiental-en-el-rio-arga\/#primaryimage","url":"https:\/\/www.laguiadepamplona.com\/actualidad\/wp-content\/uploads\/2023\/09\/jornada-voluntariado-ambiental-rio-arga.webp","contentUrl":"https:\/\/www.laguiadepamplona.com\/actualidad\/wp-content\/uploads\/2023\/09\/jornada-voluntariado-ambiental-rio-arga.webp","width":1047,"height":699,"caption":"arga"},{"@type":"BreadcrumbList","@id":"https:\/\/www.laguiadepamplona.com\/actualidad\/mas-de-40-personas-participaran-este-sabado-en-una-jornada-de-voluntariado-ambiental-en-el-rio-arga\/#breadcrumb","itemListElement":[{"@type":"ListItem","position":1,"name":"Portada","item":"https:\/\/www.laguiadepamplona.com\/actualidad\/"},{"@type":"ListItem","position":2,"name":"M\u00e1s de 40 personas participar\u00e1n este s\u00e1bado en una jornada de voluntariado ambiental en el r\u00edo Arga"}]},{"@type":"WebSite","@id":"https:\/\/www.laguiadepamplona.com\/actualidad\/#website","url":"https:\/\/www.laguiadepamplona.com\/actualidad\/","name":"La gu\u00eda de Pamplona","description":"Noticias de Pamplona","publisher":{"@id":"https:\/\/www.laguiadepamplona.com\/actualidad\/#organization"},"potentialAction":[{"@type":"SearchAction","target":{"@type":"EntryPoint","urlTemplate":"https:\/\/www.laguiadepamplona.com\/actualidad\/?s={search_term_string}"},"query-input":{"@type":"PropertyValueSpecification","valueRequired":true,"valueName":"search_term_string"}}],"inLanguage":"es"},{"@type":"Organization","@id":"https:\/\/www.laguiadepamplona.com\/actualidad\/#organization","name":"La Gu\u00eda de Pamplona \/ Noticias","url":"https:\/\/www.laguiadepamplona.com\/actualidad\/","logo":{"@type":"ImageObject","inLanguage":"es","@id":"https:\/\/www.laguiadepamplona.com\/actualidad\/#\/schema\/logo\/image\/","url":"https:\/\/www.laguiadepamplona.com\/actualidad\/wp-content\/uploads\/2018\/11\/logo-laguiadepamplona18-web1.png","contentUrl":"https:\/\/www.laguiadepamplona.com\/actualidad\/wp-content\/uploads\/2018\/11\/logo-laguiadepamplona18-web1.png","width":600,"height":196,"caption":"La Gu\u00eda de Pamplona \/ Noticias"},"image":{"@id":"https:\/\/www.laguiadepamplona.com\/actualidad\/#\/schema\/logo\/image\/"},"sameAs":["https:\/\/www.facebook.com\/laguiadepamplonacom-133175176762273\/?ref=hl","https:\/\/x.com\/LaGuiadPamplona","https:\/\/www.instagram.com\/la_guia_de_pamplona\/","https:\/\/www.youtube.com\/user\/laguiadepamplona"]},{"@type":"Person","@id":"https:\/\/www.laguiadepamplona.com\/actualidad\/#\/schema\/person\/efe887376f0213d4657c93adc50b1fdb","name":"La Gu\u00eda de Pamplona","image":{"@type":"ImageObject","inLanguage":"es","@id":"https:\/\/secure.gravatar.com\/avatar\/b6992f131dc8d30ab0dff15446e9d346d9dbd95992de0fef795073f5ea83a81c?s=96&d=mm&r=g","url":"https:\/\/secure.gravatar.com\/avatar\/b6992f131dc8d30ab0dff15446e9d346d9dbd95992de0fef795073f5ea83a81c?s=96&d=mm&r=g","contentUrl":"https:\/\/secure.gravatar.com\/avatar\/b6992f131dc8d30ab0dff15446e9d346d9dbd95992de0fef795073f5ea83a81c?s=96&d=mm&r=g","caption":"La Gu\u00eda de Pamplona"}}]}},"post_mailing_queue_ids":[],"_links":{"self":[{"href":"https:\/\/www.laguiadepamplona.com\/actualidad\/wp-json\/wp\/v2\/posts\/47516","targetHints":{"allow":["GET"]}}],"collection":[{"href":"https:\/\/www.laguiadepamplona.com\/actualidad\/wp-json\/wp\/v2\/posts"}],"about":[{"href":"https:\/\/www.laguiadepamplona.com\/actualidad\/wp-json\/wp\/v2\/types\/post"}],"author":[{"embeddable":true,"href":"https:\/\/www.laguiadepamplona.com\/actualidad\/wp-json\/wp\/v2\/users\/1"}],"replies":[{"embeddable":true,"href":"https:\/\/www.laguiadepamplona.com\/actualidad\/wp-json\/wp\/v2\/comments?post=47516"}],"version-history":[{"count":2,"href":"https:\/\/www.laguiadepamplona.com\/actualidad\/wp-json\/wp\/v2\/posts\/47516\/revisions"}],"predecessor-version":[{"id":47518,"href":"https:\/\/www.laguiadepamplona.com\/actualidad\/wp-json\/wp\/v2\/posts\/47516\/revisions\/47518"}],"wp:featuredmedia":[{"embeddable":true,"href":"https:\/\/www.laguiadepamplona.com\/actualidad\/wp-json\/wp\/v2\/media\/47400"}],"wp:attachment":[{"href":"https:\/\/www.laguiadepamplona.com\/actualidad\/wp-json\/wp\/v2\/media?parent=47516"}],"wp:term":[{"taxonomy":"category","embeddable":true,"href":"https:\/\/www.laguiadepamplona.com\/actualidad\/wp-json\/wp\/v2\/categories?post=47516"},{"taxonomy":"post_tag","embeddable":true,"href":"https:\/\/www.laguiadepamplona.com\/actualidad\/wp-json\/wp\/v2\/tags?post=47516"}],"curies":[{"name":"wp","href":"https:\/\/api.w.org\/{rel}","templated":true}]}}