{"id":47509,"date":"2023-10-05T17:39:47","date_gmt":"2023-10-05T15:39:47","guid":{"rendered":"https:\/\/www.laguiadepamplona.com\/actualidad\/?p=47509"},"modified":"2023-10-05T17:39:47","modified_gmt":"2023-10-05T15:39:47","slug":"propuesta-de-actividades-organizadas-por-el-ayuntamiento-de-pamplona-del-6-al-9-de-octubre-con-plazas-libres","status":"publish","type":"post","link":"https:\/\/www.laguiadepamplona.com\/actualidad\/propuesta-de-actividades-organizadas-por-el-ayuntamiento-de-pamplona-del-6-al-9-de-octubre-con-plazas-libres\/","title":{"rendered":"Propuesta de actividades organizadas por el Ayuntamiento de Pamplona del 6 al 9 de octubre con plazas libres"},"content":{"rendered":"<p><!--more--><\/p>\n<p><strong>VIERNES 6 DE OCTUBRE<\/strong><\/p>\n<p><a href=\"https:\/\/www.pamplona.es\/actualidad\/eventos\/conferencia-sobrevolar-la-taconera-y-conocer-sus-arboles-algunas-herramientas\">Conferencia. Sobrevolar la Taconera y conocer sus \u00e1rboles: algunas herramientas. Biblioteca P\u00fablica de San Francisco<\/a>, 18.30 horas. Inscripciones en la biblioteca, en el 948 210 524 o en <a href=\"mailto:biblisfr@navarra.es\">biblisfr@navarra.es<\/a><\/p>\n<p>Charla organizada por la Sociedad de Ciencias Naturales Gorosti, dentro del proyecto \u2018Biblioteca de Semillas\u2019, sobre la vegetaci\u00f3n en la ciudad, los tipos de parques de Pamplona y sobre otra vegetaci\u00f3n que nos acompa\u00f1a en nuestra vida en la ciudad, sus caracter\u00edsticas y de su importancia. La charla se completar\u00e1 con un paseo por los jardines de la Taconera el s\u00e1bado 7 de octubre por la ma\u00f1ana.<\/p>\n<p><a href=\"https:\/\/www.pamplona.es\/actualidad\/eventos\/cafeteando-quedadas-creativas-decoracion-halloween-casa-de-la-juventud\">Cafeteando. Quedadas creativas: decoraci\u00f3n Halloween. Casa de la Juventud<\/a>, 18.30 horas. Entrada libre, hasta completar el aforo<\/p>\n<p>Se elaborar\u00e1n diferentes objetos de decoraci\u00f3n con tem\u00e1tica de Halloween (fantasmas, ara\u00f1as, esqueletos) que adornar\u00e1n la Cafeter\u00eda de la Casa de la Juventud durante todo el mes de octubre.<br \/>\n<script async src=\"\/\/pagead2.googlesyndication.com\/pagead\/js\/adsbygoogle.js\"><\/script><br \/>\n<!-- Noticias La Guia de Pamplona --><br \/>\n<ins class=\"adsbygoogle\"\nstyle=\"display:block\"\ndata-ad-client=\"ca-pub-6943679897239327\"\ndata-ad-slot=\"7048180777\"\ndata-ad-format=\"auto\"><\/ins><br \/>\n<script>\n(adsbygoogle = window.adsbygoogle || []).push({});\n<\/script><\/p>\n<p>&nbsp;<\/p>\n<p><strong>S\u00c1BADO 7 DE OCTUBRE<\/strong><\/p>\n<p><a href=\"https:\/\/www.pamplona.es\/actualidad\/eventos\/jornada-de-voluntariado-ambiental-en-el-rio-arga-museo-de-educacion-ambiental\">Escuela de Sostenibilidad. Jornada de voluntariado ambiental en el r\u00edo Arga. Pasarela de la Rochapea, frente al Museo de Educaci\u00f3n Ambiental<\/a>, de 10.30 a 13.30 horas. Inscripciones en el tel\u00e9fono 010<\/p>\n<p>Durante esta jornada nos acercaremos al r\u00edo Arga a su paso por el Parque de Aranzadi y tendremos la oportunidad de conocerlo un poco mejor al mismo tiempo que recogemos los residuos que se encuentren a sus orillas. Esta actividad aunar\u00e1 limpieza y actividades de sensibilizaci\u00f3n intentando as\u00ed mejorar la relaci\u00f3n entre la ciudadan\u00eda de Pamplona y los r\u00edos que atraviesan la ciudad.<\/p>\n<p><a href=\"https:\/\/www.pamplona.es\/actualidad\/eventos\/paseo-guiado-sobrevolar-la-taconera-y-conocer-sus-arboles-algunas-herramientas\">Paseo guiado. Sobrevolar la Taconera y conocer sus \u00e1rboles: algunas herramientas. Caf\u00e9 Vien\u00e9s, en la Taconera<\/a>, 10 horas. Inscripciones en la biblioteca, en el 948 210 524 o en <a href=\"mailto:biblisfr@navarra.es\">biblisfr@navarra.es<\/a><\/p>\n<p>Paseo organizado por la Sociedad de Ciencias Naturales Gorosti, dentro del proyecto \u2018Biblioteca de Semillas\u2019. La idea es conocer la vegetaci\u00f3n en la ciudad, los tipos de parques de Pamplona, sus caracter\u00edsticas y de su importancia. Al paseo le precede el d\u00eda anterior una charla en la Biblioteca P\u00fablica de San Francisco.<\/p>\n<p><a href=\"https:\/\/www.pamplona.es\/actualidad\/eventos\/talleres-creativos-en-familia-en-euskera-mosaikoa-civivox-iturrama-11-horas\">Talleres creativos en familia en euskera. Mosaikoa. Civivox Iturrama,<\/a> 11 horas. Entrada: 2 euros, previa inscripci\u00f3n en el 010, la red Civivox o <a href=\"http:\/\/www.pamplonaescultura.es\">www.pamplonaescultura.es<\/a><\/p>\n<p>Actividad pl\u00e1stica en familia en la que se experimentar\u00e1 con diferentes recursos de artes pl\u00e1sticas para estimular la imaginaci\u00f3n y reforzar nuestra parte m\u00e1s creativa. Se trabajar\u00e1 la t\u00e9cnica del mosaico que permite crear piezas decorativas \u00fanicas con peque\u00f1os trocitos cer\u00e1micos y de vidrio. A trav\u00e9s de un peque\u00f1o proyecto decorativo, conoceremos los materiales esenciales y algunos trucos que har\u00e1n de nuestras creaciones piezas muy especiales. Para menores de 6 a 11 a\u00f1os, en compa\u00f1\u00eda de una persona adulta.<\/p>\n<p><a href=\"https:\/\/www.pamplona.es\/actualidad\/eventos\/teatro-familiar-tiriticuentos-cuentos-de-las-primeras-veces-civivox-ensanche-y\">Teatro familiar. Tiriticuentos. \u2018Cuentos de las primeras veces\u2019. Civivox Ensanche, 12 horas, y Civivox Milagrosa<\/a>, 18 horas. Entrada libre, previa inscripci\u00f3n en el 010, la red Civivox o <a href=\"http:\/\/www.pamplonaescultura.es\">www.pamplonaescultura.es<\/a><\/p>\n<p>Narraciones, con teatro de papel y dibujo en directo, sobre las experiencias primerizas: la creaci\u00f3n de las cosas del mundo, el amor, la primera mentira&#8230;. \u2018Patada a una lata\u2019, \u2018As\u00ed empez\u00f3 todo\u2019, \u2018Flores en la cabeza\u2019, \u2018El \u00faltimo beso\u2019 y otras historias formar\u00e1n parte de esta sesi\u00f3n de Titiricuentos. Con Manuel Aliaga, de Colectivo Humo. Para p\u00fablico infantil mayor de 3 a\u00f1os, en compa\u00f1\u00eda de una persona adulta.<\/p>\n<p><a href=\"https:\/\/www.pamplona.es\/actualidad\/eventos\/vermuteando-por-pamplona\">Vermuteando. Actuaciones musicales en el barrio de Iturrama. Plaza F\u00e9lix Huarte<\/a>, 12.15 horas, y bulevar de Iturrama, 13.30 horas. Libre participaci\u00f3n<\/p>\n<p>Programa municipal que a\u00fana m\u00fasica y hosteler\u00eda en varios barrios de la ciudad, con la intenci\u00f3n de amenizar el tradicional verm\u00fa pamplon\u00e9s. En el barrio de Iturrama, en la plaza F\u00e9lix Huarte a las 12:15 horas, actuar\u00e1 La Pamplonesa. A las 13.30 horas, en el bulevar de Iturrama, concierto de Ra\u00fal Vital.<\/p>\n<p><a href=\"https:\/\/www.pamplona.es\/actualidad\/eventos\/vermuteando-por-pamplona\">Vermuteando. Actuaciones musicales en el barrio de Milagrosa<\/a>. Plaza Felisa Mun\u00e1rriz, 12.15 horas. Libre participaci\u00f3n<\/p>\n<p>Programa municipal que a\u00fana m\u00fasica y hosteler\u00eda en varios barrios de la ciudad, con la intenci\u00f3n de amenizar el tradicional verm\u00fa pamplon\u00e9s. En la Milagrosa, desde la plaza Felisa Mun\u00e1rriz, a partir de las 12:15 horas, recorrer\u00e1n en pasacalles diferentes lugares del barrio los Gaiteros Lezkairu.<\/p>\n<p><a href=\"https:\/\/www.pamplona.es\/actualidad\/eventos\/teatro-infantil-y-familiar-tiriticuentos-la-gallina-marcelina-y-la-casita-de\">Teatro infantil y familiar. Tiriticuentos: \u2018La gallina Marcelina\u2019 y \u2018La casita de chocolate\u2019 \/ \u201cGure oilo marimotroilo\u2019 eta \u2018Txokolatezko etxetxoa\u201d con Kollins Klown. Civivox Mendillorri, 12.30 horas (castellano) y 18.30 horas (euskera).<\/a> Entrada: 3 euros, previa inscripci\u00f3n en el 010, la red Civivox o <a href=\"http:\/\/www.pamplonaescultura.es\">www.pamplonaescultura.es<\/a><\/p>\n<p>Una f\u00e1bula y un cuento bien conocido. \u2018La gallina Marcelina\u2019 muestra que, para conseguir un resultado apetecible (degustar una suculenta tarta), hay que realizar algunos esfuerzos. Se contraponen los personajes positivos, que cargan con todo el trabajo (Marcelina y sus polluelos) a los negativos, que no est\u00e1n dispuestos a colaborar (don Perro y do\u00f1a Gata) y que no tienen acceso a la recompensa. En \u2018La casita de chocolate\u2019 el conflicto es m\u00e1s sutil y sugerente. Hansel y Gretel, los dos hermanos protagonistas, afrontan los riesgos que la vida les va presentando. Se ven obligados a abandonar la seguridad del hogar y enfrentarse a todo con sus propios recursos. Para p\u00fablico infantil mayor de 3 a\u00f1os.<\/p>\n<p><a href=\"https:\/\/www.pamplona.es\/actualidad\/eventos\/cinetag-todo-la-vez-en-todas-partes-casa-de-la-juventud\">#Cafeteando. Proyecci\u00f3n cinematogr\u00e1fica. \u2018Todo a la vez en todas partes\u2019, de Daniels. Casa de la Juventud<\/a>, 18 horas. Entrada libre, hasta completar el aforo<\/p>\n<p>Cuando una ruptura interdimensional altera la realidad, Evelyn, una inmigrante china en Estados Unidos, se ve envuelta en una aventura salvaje en la que solo ella puede salvar el mundo.<br \/>\nLos tags de la sesi\u00f3n, de los que se hablar\u00e1 en el coloquio posterior, son espacio, familia, nihilismo, existencialismo, absurdo, ciencia. El largometraje gan\u00f3 en 2022 siete premios Oscar, entre ellos, los de mejor pel\u00edcula y mejor direcci\u00f3n. Proyecci\u00f3n en versi\u00f3n original subtitulada el castellano.<\/p>\n<p><a href=\"https:\/\/www.pamplona.es\/actualidad\/eventos\/v-ciclo-aditech-de-cine-y-ciencia-proyeccion-cinematografica-la-naturaleza\">V Ciclo ADITECH de Cine y Ciencia. Proyecci\u00f3n cinematogr\u00e1fica. \u2018La naturaleza humana\u2019, de Adam Bolt. Civivox Condestable<\/a>, 19 horas. Entrada: 2 euros, previa inscripci\u00f3n en el 010, la red Civivox o <a href=\"http:\/\/www.pamplonaescultura.es\">www.pamplonaescultura.es<\/a><\/p>\n<p>La mayor revoluci\u00f3n del siglo XXI no es digital, es biol\u00f3gica. El desarrollo de la tecnolog\u00eda CRISPR abre una nueva puerta para curar enfermedades, reconstruir la biosfera o dise\u00f1ar a nuestros propios hijos. Proyecci\u00f3n en versi\u00f3n original con subt\u00edtulos en castellano. Presenta la pel\u00edcula, el catedr\u00e1tico de Microbiolog\u00eda de la UPNA y responsable de la Unidad de Patog\u00e9neses Microbiana en Navarrabiomed, \u00cd\u00f1igo Lasa.<br \/>\n<script async src=\"\/\/pagead2.googlesyndication.com\/pagead\/js\/adsbygoogle.js\"><\/script><br \/>\n<!-- Noticias La Guia de Pamplona --><br \/>\n<ins class=\"adsbygoogle\"\nstyle=\"display:block\"\ndata-ad-client=\"ca-pub-6943679897239327\"\ndata-ad-slot=\"7048180777\"\ndata-ad-format=\"auto\"><\/ins><br \/>\n<script>\n(adsbygoogle = window.adsbygoogle || []).push({});\n<\/script><\/p>\n<p>&nbsp;<\/p>\n<p>DOMINGO 8 DE OCTUBRE<\/p>\n<p><a href=\"https:\/\/www.pamplona.es\/actualidad\/eventos\/musica-de-domingo-concierto-duo-melomano-civivox-condestable\">M\u00fasica de domingo. Concierto. D\u00fao Mel\u00f3mano. Civivox Condestable<\/a>, 12 horas. Entrada libre, previa inscripci\u00f3n en el tel\u00e9fono 010, la red Civivox y <a href=\"http:\/\/www.pamplonaescultura.es\">www.pamplonaescultura.es<\/a><\/p>\n<p>El proyecto musical D\u00fao Mel\u00f3mano debe su nombre a su origen, ya que las dos integrantes que lo forman, la soprano Marta Heras y la guitarrista Sara Guerrero, se conocieron en el XVI Certamen Internacional Intercentros Mel\u00f3mano. Su repertorio gira en torno a obras de origen espa\u00f1ol para soprano y guitarra de autores como Lorenzo Palomo, Garc\u00eda Lorca, Graciano Tarrag\u00f3 o David del Puerto, as\u00ed como en arreglos de obras de renombre como las \u2018Siete Canciones Populares\u2019 de Manuel de Falla.<\/p>\n<p><a href=\"https:\/\/www.pamplona.es\/actualidad\/eventos\/vermuteando-por-pamplona\">Vermuteando. Actuaciones musicales en el barrio del Segundo Ensanche. Avenida de Carlos III, junto al monumento al Encierro<\/a>, 12.15 y 13.30 horas. Libre participaci\u00f3n<\/p>\n<p>Programa municipal que a\u00fana m\u00fasica y hosteler\u00eda en varios barrios de la ciudad, con la intenci\u00f3n de amenizar el tradicional verm\u00fa pamplon\u00e9s. En la avenida de Carlos III, junto al monumento al Encierro, a las 12:15 horas, actuar\u00e1 el coro Viva la M\u00fasica y, a las 13.30 horas, DJ Go&amp;Go.<\/p>\n<p><strong>\u00a0<\/strong><br \/>\n<script async src=\"\/\/pagead2.googlesyndication.com\/pagead\/js\/adsbygoogle.js\"><\/script><br \/>\n<!-- Noticias La Guia de Pamplona --><br \/>\n<ins class=\"adsbygoogle\"\nstyle=\"display:block\"\ndata-ad-client=\"ca-pub-6943679897239327\"\ndata-ad-slot=\"7048180777\"\ndata-ad-format=\"auto\"><\/ins><br \/>\n<script>\n(adsbygoogle = window.adsbygoogle || []).push({});\n<\/script><\/p>\n<p><strong>LUNES 9 DE OCTUBRE<\/strong><\/p>\n<p><a href=\"https:\/\/www.pamplona.es\/actualidad\/eventos\/heroinas-de-cine-proyeccion-cinematografica-cinco-lobitos-de-alauda-ruiz-de-azua\">Hero\u00ednas de cine. Proyecci\u00f3n cinematogr\u00e1fica. \u2018Cinco lobitos\u2019, de Alauda Ruiz de Az\u00faa. Civivox Iturrama<\/a>, 18 horas. Entrada libre, previa inscripci\u00f3n en el 010, la red Civivox y <a href=\"http:\/\/www.pamplonaescultura.es\">www.pamplonaescultura.es<\/a><\/p>\n<p>No le est\u00e1 siendo f\u00e1cil a Amaia enfrentarse a su reciente maternidad. Cuando su pareja tiene que ausentarse por motivos laborales, vuelve a casa de su ama y aita. Ah\u00ed se dar\u00e1 cuenta de que, adem\u00e1s de ser madre, sigue siendo hija. La multipremiada obra de Alauda Ruiz de Az\u00faa nos va a permitir diseccionar la maternidad desde m\u00faltiples prismas que emocionan, revuelven y conmueven. Pel\u00edcula recomendada para mayores de 18 a\u00f1os. Ciclo coordinado por Mar\u00eda Castej\u00f3n.<\/p>\n","protected":false},"excerpt":{"rendered":"","protected":false},"author":1,"featured_media":36074,"comment_status":"open","ping_status":"closed","sticky":false,"template":"","format":"standard","meta":{"footnotes":""},"categories":[2],"tags":[],"class_list":["post-47509","post","type-post","status-publish","format-standard","has-post-thumbnail","hentry","category-ayuntamiento-pamplona"],"yoast_head":"<!-- This site is optimized with the Yoast SEO plugin v27.3 - https:\/\/yoast.com\/product\/yoast-seo-wordpress\/ -->\n<title>Propuesta de actividades organizadas por el Ayuntamiento de Pamplona del 6 al 9 de octubre con plazas libres<\/title>\n<meta name=\"robots\" content=\"index, follow, max-snippet:-1, max-image-preview:large, max-video-preview:-1\" \/>\n<link rel=\"canonical\" href=\"https:\/\/www.laguiadepamplona.com\/actualidad\/propuesta-de-actividades-organizadas-por-el-ayuntamiento-de-pamplona-del-6-al-9-de-octubre-con-plazas-libres\/\" \/>\n<meta property=\"og:locale\" content=\"es_ES\" \/>\n<meta property=\"og:type\" content=\"article\" \/>\n<meta property=\"og:title\" content=\"Propuesta de actividades organizadas por el Ayuntamiento de Pamplona del 6 al 9 de octubre con plazas libres\" \/>\n<meta property=\"og:url\" content=\"https:\/\/www.laguiadepamplona.com\/actualidad\/propuesta-de-actividades-organizadas-por-el-ayuntamiento-de-pamplona-del-6-al-9-de-octubre-con-plazas-libres\/\" \/>\n<meta property=\"og:site_name\" content=\"La Gu\u00eda de Pamplona\" \/>\n<meta property=\"article:publisher\" content=\"https:\/\/www.facebook.com\/laguiadepamplonacom-133175176762273\/?ref=hl\" \/>\n<meta property=\"article:published_time\" content=\"2023-10-05T15:39:47+00:00\" \/>\n<meta property=\"og:image\" content=\"https:\/\/www.laguiadepamplona.com\/actualidad\/wp-content\/uploads\/2021\/08\/ayuntamiento-pamplona2.jpg\" \/>\n\t<meta property=\"og:image:width\" content=\"1920\" \/>\n\t<meta property=\"og:image:height\" content=\"1080\" \/>\n\t<meta property=\"og:image:type\" content=\"image\/jpeg\" \/>\n<meta name=\"author\" content=\"La Gu\u00eda de Pamplona\" \/>\n<meta name=\"twitter:card\" content=\"summary_large_image\" \/>\n<meta name=\"twitter:creator\" content=\"@LaGuiadPamplona\" \/>\n<meta name=\"twitter:site\" content=\"@LaGuiadPamplona\" \/>\n<meta name=\"twitter:label1\" content=\"Escrito por\" \/>\n\t<meta name=\"twitter:data1\" content=\"La Gu\u00eda de Pamplona\" \/>\n\t<meta name=\"twitter:label2\" content=\"Tiempo de lectura\" \/>\n\t<meta name=\"twitter:data2\" content=\"6 minutos\" \/>\n<script type=\"application\/ld+json\" class=\"yoast-schema-graph\">{\"@context\":\"https:\\\/\\\/schema.org\",\"@graph\":[{\"@type\":\"Article\",\"@id\":\"https:\\\/\\\/www.laguiadepamplona.com\\\/actualidad\\\/propuesta-de-actividades-organizadas-por-el-ayuntamiento-de-pamplona-del-6-al-9-de-octubre-con-plazas-libres\\\/#article\",\"isPartOf\":{\"@id\":\"https:\\\/\\\/www.laguiadepamplona.com\\\/actualidad\\\/propuesta-de-actividades-organizadas-por-el-ayuntamiento-de-pamplona-del-6-al-9-de-octubre-con-plazas-libres\\\/\"},\"author\":{\"name\":\"La Gu\u00eda de Pamplona\",\"@id\":\"https:\\\/\\\/www.laguiadepamplona.com\\\/actualidad\\\/#\\\/schema\\\/person\\\/efe887376f0213d4657c93adc50b1fdb\"},\"headline\":\"Propuesta de actividades organizadas por el Ayuntamiento de Pamplona del 6 al 9 de octubre con plazas libres\",\"datePublished\":\"2023-10-05T15:39:47+00:00\",\"mainEntityOfPage\":{\"@id\":\"https:\\\/\\\/www.laguiadepamplona.com\\\/actualidad\\\/propuesta-de-actividades-organizadas-por-el-ayuntamiento-de-pamplona-del-6-al-9-de-octubre-con-plazas-libres\\\/\"},\"wordCount\":1413,\"commentCount\":0,\"publisher\":{\"@id\":\"https:\\\/\\\/www.laguiadepamplona.com\\\/actualidad\\\/#organization\"},\"image\":{\"@id\":\"https:\\\/\\\/www.laguiadepamplona.com\\\/actualidad\\\/propuesta-de-actividades-organizadas-por-el-ayuntamiento-de-pamplona-del-6-al-9-de-octubre-con-plazas-libres\\\/#primaryimage\"},\"thumbnailUrl\":\"https:\\\/\\\/www.laguiadepamplona.com\\\/actualidad\\\/wp-content\\\/uploads\\\/2021\\\/08\\\/ayuntamiento-pamplona2.jpg\",\"articleSection\":[\"Ayto Pamplona\"],\"inLanguage\":\"es\",\"potentialAction\":[{\"@type\":\"CommentAction\",\"name\":\"Comment\",\"target\":[\"https:\\\/\\\/www.laguiadepamplona.com\\\/actualidad\\\/propuesta-de-actividades-organizadas-por-el-ayuntamiento-de-pamplona-del-6-al-9-de-octubre-con-plazas-libres\\\/#respond\"]}]},{\"@type\":\"WebPage\",\"@id\":\"https:\\\/\\\/www.laguiadepamplona.com\\\/actualidad\\\/propuesta-de-actividades-organizadas-por-el-ayuntamiento-de-pamplona-del-6-al-9-de-octubre-con-plazas-libres\\\/\",\"url\":\"https:\\\/\\\/www.laguiadepamplona.com\\\/actualidad\\\/propuesta-de-actividades-organizadas-por-el-ayuntamiento-de-pamplona-del-6-al-9-de-octubre-con-plazas-libres\\\/\",\"name\":\"Propuesta de actividades organizadas por el Ayuntamiento de Pamplona del 6 al 9 de octubre con plazas libres\",\"isPartOf\":{\"@id\":\"https:\\\/\\\/www.laguiadepamplona.com\\\/actualidad\\\/#website\"},\"primaryImageOfPage\":{\"@id\":\"https:\\\/\\\/www.laguiadepamplona.com\\\/actualidad\\\/propuesta-de-actividades-organizadas-por-el-ayuntamiento-de-pamplona-del-6-al-9-de-octubre-con-plazas-libres\\\/#primaryimage\"},\"image\":{\"@id\":\"https:\\\/\\\/www.laguiadepamplona.com\\\/actualidad\\\/propuesta-de-actividades-organizadas-por-el-ayuntamiento-de-pamplona-del-6-al-9-de-octubre-con-plazas-libres\\\/#primaryimage\"},\"thumbnailUrl\":\"https:\\\/\\\/www.laguiadepamplona.com\\\/actualidad\\\/wp-content\\\/uploads\\\/2021\\\/08\\\/ayuntamiento-pamplona2.jpg\",\"datePublished\":\"2023-10-05T15:39:47+00:00\",\"breadcrumb\":{\"@id\":\"https:\\\/\\\/www.laguiadepamplona.com\\\/actualidad\\\/propuesta-de-actividades-organizadas-por-el-ayuntamiento-de-pamplona-del-6-al-9-de-octubre-con-plazas-libres\\\/#breadcrumb\"},\"inLanguage\":\"es\",\"potentialAction\":[{\"@type\":\"ReadAction\",\"target\":[\"https:\\\/\\\/www.laguiadepamplona.com\\\/actualidad\\\/propuesta-de-actividades-organizadas-por-el-ayuntamiento-de-pamplona-del-6-al-9-de-octubre-con-plazas-libres\\\/\"]}]},{\"@type\":\"ImageObject\",\"inLanguage\":\"es\",\"@id\":\"https:\\\/\\\/www.laguiadepamplona.com\\\/actualidad\\\/propuesta-de-actividades-organizadas-por-el-ayuntamiento-de-pamplona-del-6-al-9-de-octubre-con-plazas-libres\\\/#primaryimage\",\"url\":\"https:\\\/\\\/www.laguiadepamplona.com\\\/actualidad\\\/wp-content\\\/uploads\\\/2021\\\/08\\\/ayuntamiento-pamplona2.jpg\",\"contentUrl\":\"https:\\\/\\\/www.laguiadepamplona.com\\\/actualidad\\\/wp-content\\\/uploads\\\/2021\\\/08\\\/ayuntamiento-pamplona2.jpg\",\"width\":1920,\"height\":1080,\"caption\":\"ayuntamiento pamplona\"},{\"@type\":\"BreadcrumbList\",\"@id\":\"https:\\\/\\\/www.laguiadepamplona.com\\\/actualidad\\\/propuesta-de-actividades-organizadas-por-el-ayuntamiento-de-pamplona-del-6-al-9-de-octubre-con-plazas-libres\\\/#breadcrumb\",\"itemListElement\":[{\"@type\":\"ListItem\",\"position\":1,\"name\":\"Portada\",\"item\":\"https:\\\/\\\/www.laguiadepamplona.com\\\/actualidad\\\/\"},{\"@type\":\"ListItem\",\"position\":2,\"name\":\"Propuesta de actividades organizadas por el Ayuntamiento de Pamplona del 6 al 9 de octubre con plazas libres\"}]},{\"@type\":\"WebSite\",\"@id\":\"https:\\\/\\\/www.laguiadepamplona.com\\\/actualidad\\\/#website\",\"url\":\"https:\\\/\\\/www.laguiadepamplona.com\\\/actualidad\\\/\",\"name\":\"La gu\u00eda de Pamplona\",\"description\":\"Noticias de Pamplona\",\"publisher\":{\"@id\":\"https:\\\/\\\/www.laguiadepamplona.com\\\/actualidad\\\/#organization\"},\"potentialAction\":[{\"@type\":\"SearchAction\",\"target\":{\"@type\":\"EntryPoint\",\"urlTemplate\":\"https:\\\/\\\/www.laguiadepamplona.com\\\/actualidad\\\/?s={search_term_string}\"},\"query-input\":{\"@type\":\"PropertyValueSpecification\",\"valueRequired\":true,\"valueName\":\"search_term_string\"}}],\"inLanguage\":\"es\"},{\"@type\":\"Organization\",\"@id\":\"https:\\\/\\\/www.laguiadepamplona.com\\\/actualidad\\\/#organization\",\"name\":\"La Gu\u00eda de Pamplona \\\/ Noticias\",\"url\":\"https:\\\/\\\/www.laguiadepamplona.com\\\/actualidad\\\/\",\"logo\":{\"@type\":\"ImageObject\",\"inLanguage\":\"es\",\"@id\":\"https:\\\/\\\/www.laguiadepamplona.com\\\/actualidad\\\/#\\\/schema\\\/logo\\\/image\\\/\",\"url\":\"https:\\\/\\\/www.laguiadepamplona.com\\\/actualidad\\\/wp-content\\\/uploads\\\/2018\\\/11\\\/logo-laguiadepamplona18-web1.png\",\"contentUrl\":\"https:\\\/\\\/www.laguiadepamplona.com\\\/actualidad\\\/wp-content\\\/uploads\\\/2018\\\/11\\\/logo-laguiadepamplona18-web1.png\",\"width\":600,\"height\":196,\"caption\":\"La Gu\u00eda de Pamplona \\\/ Noticias\"},\"image\":{\"@id\":\"https:\\\/\\\/www.laguiadepamplona.com\\\/actualidad\\\/#\\\/schema\\\/logo\\\/image\\\/\"},\"sameAs\":[\"https:\\\/\\\/www.facebook.com\\\/laguiadepamplonacom-133175176762273\\\/?ref=hl\",\"https:\\\/\\\/x.com\\\/LaGuiadPamplona\",\"https:\\\/\\\/www.instagram.com\\\/la_guia_de_pamplona\\\/\",\"https:\\\/\\\/www.youtube.com\\\/user\\\/laguiadepamplona\"]},{\"@type\":\"Person\",\"@id\":\"https:\\\/\\\/www.laguiadepamplona.com\\\/actualidad\\\/#\\\/schema\\\/person\\\/efe887376f0213d4657c93adc50b1fdb\",\"name\":\"La Gu\u00eda de Pamplona\",\"image\":{\"@type\":\"ImageObject\",\"inLanguage\":\"es\",\"@id\":\"https:\\\/\\\/secure.gravatar.com\\\/avatar\\\/b6992f131dc8d30ab0dff15446e9d346d9dbd95992de0fef795073f5ea83a81c?s=96&d=mm&r=g\",\"url\":\"https:\\\/\\\/secure.gravatar.com\\\/avatar\\\/b6992f131dc8d30ab0dff15446e9d346d9dbd95992de0fef795073f5ea83a81c?s=96&d=mm&r=g\",\"contentUrl\":\"https:\\\/\\\/secure.gravatar.com\\\/avatar\\\/b6992f131dc8d30ab0dff15446e9d346d9dbd95992de0fef795073f5ea83a81c?s=96&d=mm&r=g\",\"caption\":\"La Gu\u00eda de Pamplona\"}}]}<\/script>\n<!-- \/ Yoast SEO plugin. -->","yoast_head_json":{"title":"Propuesta de actividades organizadas por el Ayuntamiento de Pamplona del 6 al 9 de octubre con plazas libres","robots":{"index":"index","follow":"follow","max-snippet":"max-snippet:-1","max-image-preview":"max-image-preview:large","max-video-preview":"max-video-preview:-1"},"canonical":"https:\/\/www.laguiadepamplona.com\/actualidad\/propuesta-de-actividades-organizadas-por-el-ayuntamiento-de-pamplona-del-6-al-9-de-octubre-con-plazas-libres\/","og_locale":"es_ES","og_type":"article","og_title":"Propuesta de actividades organizadas por el Ayuntamiento de Pamplona del 6 al 9 de octubre con plazas libres","og_url":"https:\/\/www.laguiadepamplona.com\/actualidad\/propuesta-de-actividades-organizadas-por-el-ayuntamiento-de-pamplona-del-6-al-9-de-octubre-con-plazas-libres\/","og_site_name":"La Gu\u00eda de Pamplona","article_publisher":"https:\/\/www.facebook.com\/laguiadepamplonacom-133175176762273\/?ref=hl","article_published_time":"2023-10-05T15:39:47+00:00","og_image":[{"width":1920,"height":1080,"url":"https:\/\/www.laguiadepamplona.com\/actualidad\/wp-content\/uploads\/2021\/08\/ayuntamiento-pamplona2.jpg","type":"image\/jpeg"}],"author":"La Gu\u00eda de Pamplona","twitter_card":"summary_large_image","twitter_creator":"@LaGuiadPamplona","twitter_site":"@LaGuiadPamplona","twitter_misc":{"Escrito por":"La Gu\u00eda de Pamplona","Tiempo de lectura":"6 minutos"},"schema":{"@context":"https:\/\/schema.org","@graph":[{"@type":"Article","@id":"https:\/\/www.laguiadepamplona.com\/actualidad\/propuesta-de-actividades-organizadas-por-el-ayuntamiento-de-pamplona-del-6-al-9-de-octubre-con-plazas-libres\/#article","isPartOf":{"@id":"https:\/\/www.laguiadepamplona.com\/actualidad\/propuesta-de-actividades-organizadas-por-el-ayuntamiento-de-pamplona-del-6-al-9-de-octubre-con-plazas-libres\/"},"author":{"name":"La Gu\u00eda de Pamplona","@id":"https:\/\/www.laguiadepamplona.com\/actualidad\/#\/schema\/person\/efe887376f0213d4657c93adc50b1fdb"},"headline":"Propuesta de actividades organizadas por el Ayuntamiento de Pamplona del 6 al 9 de octubre con plazas libres","datePublished":"2023-10-05T15:39:47+00:00","mainEntityOfPage":{"@id":"https:\/\/www.laguiadepamplona.com\/actualidad\/propuesta-de-actividades-organizadas-por-el-ayuntamiento-de-pamplona-del-6-al-9-de-octubre-con-plazas-libres\/"},"wordCount":1413,"commentCount":0,"publisher":{"@id":"https:\/\/www.laguiadepamplona.com\/actualidad\/#organization"},"image":{"@id":"https:\/\/www.laguiadepamplona.com\/actualidad\/propuesta-de-actividades-organizadas-por-el-ayuntamiento-de-pamplona-del-6-al-9-de-octubre-con-plazas-libres\/#primaryimage"},"thumbnailUrl":"https:\/\/www.laguiadepamplona.com\/actualidad\/wp-content\/uploads\/2021\/08\/ayuntamiento-pamplona2.jpg","articleSection":["Ayto Pamplona"],"inLanguage":"es","potentialAction":[{"@type":"CommentAction","name":"Comment","target":["https:\/\/www.laguiadepamplona.com\/actualidad\/propuesta-de-actividades-organizadas-por-el-ayuntamiento-de-pamplona-del-6-al-9-de-octubre-con-plazas-libres\/#respond"]}]},{"@type":"WebPage","@id":"https:\/\/www.laguiadepamplona.com\/actualidad\/propuesta-de-actividades-organizadas-por-el-ayuntamiento-de-pamplona-del-6-al-9-de-octubre-con-plazas-libres\/","url":"https:\/\/www.laguiadepamplona.com\/actualidad\/propuesta-de-actividades-organizadas-por-el-ayuntamiento-de-pamplona-del-6-al-9-de-octubre-con-plazas-libres\/","name":"Propuesta de actividades organizadas por el Ayuntamiento de Pamplona del 6 al 9 de octubre con plazas libres","isPartOf":{"@id":"https:\/\/www.laguiadepamplona.com\/actualidad\/#website"},"primaryImageOfPage":{"@id":"https:\/\/www.laguiadepamplona.com\/actualidad\/propuesta-de-actividades-organizadas-por-el-ayuntamiento-de-pamplona-del-6-al-9-de-octubre-con-plazas-libres\/#primaryimage"},"image":{"@id":"https:\/\/www.laguiadepamplona.com\/actualidad\/propuesta-de-actividades-organizadas-por-el-ayuntamiento-de-pamplona-del-6-al-9-de-octubre-con-plazas-libres\/#primaryimage"},"thumbnailUrl":"https:\/\/www.laguiadepamplona.com\/actualidad\/wp-content\/uploads\/2021\/08\/ayuntamiento-pamplona2.jpg","datePublished":"2023-10-05T15:39:47+00:00","breadcrumb":{"@id":"https:\/\/www.laguiadepamplona.com\/actualidad\/propuesta-de-actividades-organizadas-por-el-ayuntamiento-de-pamplona-del-6-al-9-de-octubre-con-plazas-libres\/#breadcrumb"},"inLanguage":"es","potentialAction":[{"@type":"ReadAction","target":["https:\/\/www.laguiadepamplona.com\/actualidad\/propuesta-de-actividades-organizadas-por-el-ayuntamiento-de-pamplona-del-6-al-9-de-octubre-con-plazas-libres\/"]}]},{"@type":"ImageObject","inLanguage":"es","@id":"https:\/\/www.laguiadepamplona.com\/actualidad\/propuesta-de-actividades-organizadas-por-el-ayuntamiento-de-pamplona-del-6-al-9-de-octubre-con-plazas-libres\/#primaryimage","url":"https:\/\/www.laguiadepamplona.com\/actualidad\/wp-content\/uploads\/2021\/08\/ayuntamiento-pamplona2.jpg","contentUrl":"https:\/\/www.laguiadepamplona.com\/actualidad\/wp-content\/uploads\/2021\/08\/ayuntamiento-pamplona2.jpg","width":1920,"height":1080,"caption":"ayuntamiento pamplona"},{"@type":"BreadcrumbList","@id":"https:\/\/www.laguiadepamplona.com\/actualidad\/propuesta-de-actividades-organizadas-por-el-ayuntamiento-de-pamplona-del-6-al-9-de-octubre-con-plazas-libres\/#breadcrumb","itemListElement":[{"@type":"ListItem","position":1,"name":"Portada","item":"https:\/\/www.laguiadepamplona.com\/actualidad\/"},{"@type":"ListItem","position":2,"name":"Propuesta de actividades organizadas por el Ayuntamiento de Pamplona del 6 al 9 de octubre con plazas libres"}]},{"@type":"WebSite","@id":"https:\/\/www.laguiadepamplona.com\/actualidad\/#website","url":"https:\/\/www.laguiadepamplona.com\/actualidad\/","name":"La gu\u00eda de Pamplona","description":"Noticias de Pamplona","publisher":{"@id":"https:\/\/www.laguiadepamplona.com\/actualidad\/#organization"},"potentialAction":[{"@type":"SearchAction","target":{"@type":"EntryPoint","urlTemplate":"https:\/\/www.laguiadepamplona.com\/actualidad\/?s={search_term_string}"},"query-input":{"@type":"PropertyValueSpecification","valueRequired":true,"valueName":"search_term_string"}}],"inLanguage":"es"},{"@type":"Organization","@id":"https:\/\/www.laguiadepamplona.com\/actualidad\/#organization","name":"La Gu\u00eda de Pamplona \/ Noticias","url":"https:\/\/www.laguiadepamplona.com\/actualidad\/","logo":{"@type":"ImageObject","inLanguage":"es","@id":"https:\/\/www.laguiadepamplona.com\/actualidad\/#\/schema\/logo\/image\/","url":"https:\/\/www.laguiadepamplona.com\/actualidad\/wp-content\/uploads\/2018\/11\/logo-laguiadepamplona18-web1.png","contentUrl":"https:\/\/www.laguiadepamplona.com\/actualidad\/wp-content\/uploads\/2018\/11\/logo-laguiadepamplona18-web1.png","width":600,"height":196,"caption":"La Gu\u00eda de Pamplona \/ Noticias"},"image":{"@id":"https:\/\/www.laguiadepamplona.com\/actualidad\/#\/schema\/logo\/image\/"},"sameAs":["https:\/\/www.facebook.com\/laguiadepamplonacom-133175176762273\/?ref=hl","https:\/\/x.com\/LaGuiadPamplona","https:\/\/www.instagram.com\/la_guia_de_pamplona\/","https:\/\/www.youtube.com\/user\/laguiadepamplona"]},{"@type":"Person","@id":"https:\/\/www.laguiadepamplona.com\/actualidad\/#\/schema\/person\/efe887376f0213d4657c93adc50b1fdb","name":"La Gu\u00eda de Pamplona","image":{"@type":"ImageObject","inLanguage":"es","@id":"https:\/\/secure.gravatar.com\/avatar\/b6992f131dc8d30ab0dff15446e9d346d9dbd95992de0fef795073f5ea83a81c?s=96&d=mm&r=g","url":"https:\/\/secure.gravatar.com\/avatar\/b6992f131dc8d30ab0dff15446e9d346d9dbd95992de0fef795073f5ea83a81c?s=96&d=mm&r=g","contentUrl":"https:\/\/secure.gravatar.com\/avatar\/b6992f131dc8d30ab0dff15446e9d346d9dbd95992de0fef795073f5ea83a81c?s=96&d=mm&r=g","caption":"La Gu\u00eda de Pamplona"}}]}},"post_mailing_queue_ids":[],"_links":{"self":[{"href":"https:\/\/www.laguiadepamplona.com\/actualidad\/wp-json\/wp\/v2\/posts\/47509","targetHints":{"allow":["GET"]}}],"collection":[{"href":"https:\/\/www.laguiadepamplona.com\/actualidad\/wp-json\/wp\/v2\/posts"}],"about":[{"href":"https:\/\/www.laguiadepamplona.com\/actualidad\/wp-json\/wp\/v2\/types\/post"}],"author":[{"embeddable":true,"href":"https:\/\/www.laguiadepamplona.com\/actualidad\/wp-json\/wp\/v2\/users\/1"}],"replies":[{"embeddable":true,"href":"https:\/\/www.laguiadepamplona.com\/actualidad\/wp-json\/wp\/v2\/comments?post=47509"}],"version-history":[{"count":1,"href":"https:\/\/www.laguiadepamplona.com\/actualidad\/wp-json\/wp\/v2\/posts\/47509\/revisions"}],"predecessor-version":[{"id":47510,"href":"https:\/\/www.laguiadepamplona.com\/actualidad\/wp-json\/wp\/v2\/posts\/47509\/revisions\/47510"}],"wp:featuredmedia":[{"embeddable":true,"href":"https:\/\/www.laguiadepamplona.com\/actualidad\/wp-json\/wp\/v2\/media\/36074"}],"wp:attachment":[{"href":"https:\/\/www.laguiadepamplona.com\/actualidad\/wp-json\/wp\/v2\/media?parent=47509"}],"wp:term":[{"taxonomy":"category","embeddable":true,"href":"https:\/\/www.laguiadepamplona.com\/actualidad\/wp-json\/wp\/v2\/categories?post=47509"},{"taxonomy":"post_tag","embeddable":true,"href":"https:\/\/www.laguiadepamplona.com\/actualidad\/wp-json\/wp\/v2\/tags?post=47509"}],"curies":[{"name":"wp","href":"https:\/\/api.w.org\/{rel}","templated":true}]}}