{"id":47506,"date":"2023-10-05T17:37:37","date_gmt":"2023-10-05T15:37:37","guid":{"rendered":"https:\/\/www.laguiadepamplona.com\/actualidad\/?p=47506"},"modified":"2023-10-05T17:37:37","modified_gmt":"2023-10-05T15:37:37","slug":"el-consejo-municipal-de-las-personas-mayores-afronta-una-nueva-etapa-mas-participativa-con-representacion-de-ocho-asociaciones-y-de-ciudadania-activa","status":"publish","type":"post","link":"https:\/\/www.laguiadepamplona.com\/actualidad\/el-consejo-municipal-de-las-personas-mayores-afronta-una-nueva-etapa-mas-participativa-con-representacion-de-ocho-asociaciones-y-de-ciudadania-activa\/","title":{"rendered":"El Consejo Municipal de las Personas Mayores afronta una nueva etapa m\u00e1s participativa con representaci\u00f3n de ocho asociaciones y de ciudadan\u00eda activa"},"content":{"rendered":"<h3>El Consejo ha estrenado su nueva composici\u00f3n, a ra\u00edz de una reforma de su reglamento aprobada en el mes de abril<\/h3>\n<p><!--more--><\/p>\n<p>El Consejo Municipal de las Personas Mayores arranca este jueves la legislatura con una nueva composici\u00f3n, dando voz no solo a las asociaciones de mayores sino tambi\u00e9n a la ciudadan\u00eda en general. De hecho, el nuevo consejo cuenta con la representaci\u00f3n de ocho clubes y asociaciones y con cuatro ciudadanos particulares, inscritos en el Registro de Ciudadan\u00eda Activa y que han mostrado su inter\u00e9s por involucrarse en la mejora de la calidad de vida, la salud y las relaciones sociales de la poblaci\u00f3n mayor.<\/p>\n<p>La alcaldesa de Pamplona, Cristina Ibarrola, ha dado la bienvenida a todos los integrantes del Consejo Municipal de las Personas Mayores, en la celebraci\u00f3n de la su primera reuni\u00f3n en la Casa Consistorial, a la que tambi\u00e9n han acudido, como invitadas, algunas de las entidades y asociaciones de que trabajan con las personas mayores como Foro Social, Cruz Roja, Sedena, Voluntariado geri\u00e1trico y el Tel\u00e9fono de la Esperanza. En el encuentro, Ibarrola ha destacado el papel de este \u00f3rgano consultivo, que busca promover el intercambio, puesta en com\u00fan y adopci\u00f3n de soluciones ante las necesidades que se plantean con relaci\u00f3n a las personas mayores. En este sentido, la alcaldesa ha incidido en que la poblaci\u00f3n mayor es una prioridad de la acci\u00f3n municipal, sobre todo, ante el creciente envejecimiento de la poblaci\u00f3n, que supone afrontar distintos retos y adoptar medidas para cuidar y garantizar el bienestar de los mayores.<br \/>\n<script async src=\"\/\/pagead2.googlesyndication.com\/pagead\/js\/adsbygoogle.js\"><\/script><br \/>\n<!-- Noticias La Guia de Pamplona --><br \/>\n<ins class=\"adsbygoogle\"\nstyle=\"display:block\"\ndata-ad-client=\"ca-pub-6943679897239327\"\ndata-ad-slot=\"7048180777\"\ndata-ad-format=\"auto\"><\/ins><br \/>\n<script>\n(adsbygoogle = window.adsbygoogle || []).push({});\n<\/script><\/p>\n<p>Por de pronto, el Ayuntamiento tiene previsto elaborar el primer Plan de la Persona Mayor de Pamplona, con la colaboraci\u00f3n del Consejo Municipal, para abordar las demandas de la poblaci\u00f3n mayor. Adem\u00e1s, se va crear la figura del Defensor del Mayor, como canal de comunicaci\u00f3n e interlocuci\u00f3n entre la ciudadan\u00eda mayor y el Consistorio; y se est\u00e1n organizando nuevas redes de mayores para que puedan ofrecer en todos los barrios actividades pensadas para mayores de 65 a\u00f1os.<\/p>\n<p>En este sentido, la reuni\u00f3n de hoy ha servido para presentar a las asociaciones y ciudadan\u00eda activa los distintos programas que ofrece el Ayuntamiento para este grupo de poblaci\u00f3n. En concreto, se ha recordado la oferta del programa \u2018En Marcha\u2019, recientemente adjudicado y que ofrecer\u00e1 actividades deportivas y cognitivas para mayores de 65 a\u00f1os a partir de finales de octubre. Tambi\u00e9n se ha hecho hincapi\u00e9 en talleres y actividades organizadas en colaboraci\u00f3n con otras entidades como los talleres de bienestar desarrollados por el Tel\u00e9fono de la Esperanza, por ejemplo.<\/p>\n<p>Entre las propuestas de apoyo a la poblaci\u00f3n mayor, juega un papel fundamental la Red de Mayores. Apoyada por el Ayuntamiento de Pamplona, la red acoge a todas las personas que viven en los barrios adheridos: vecinos y vecinas, comercios, farmacias, y cualquier persona del barrio que est\u00e9 presente en la din\u00e1mica diaria de las personas mayores. Entre todos, crean una red en el barrio, que ofrecer apoyo y cuidado a las personas mayores, y est\u00e1n atentas a sus necesidades.\u00a0 En estas redes de barrio los comercios de proximidad son clave, porque son quienes mejor conocen a sus vecinos y sus rutinas, de forma que pueden estar atentos ante cualquier situaci\u00f3n de alarma que advierta de que las personas mayores no se encuentran bien o tienen alg\u00fan problema.<br \/>\n<script async src=\"\/\/pagead2.googlesyndication.com\/pagead\/js\/adsbygoogle.js\"><\/script><br \/>\n<!-- Noticias La Guia de Pamplona --><br \/>\n<ins class=\"adsbygoogle\"\nstyle=\"display:block\"\ndata-ad-client=\"ca-pub-6943679897239327\"\ndata-ad-slot=\"7048180777\"\ndata-ad-format=\"auto\"><\/ins><br \/>\n<script>\n(adsbygoogle = window.adsbygoogle || []).push({});\n<\/script><\/p>\n<p><strong>D\u00eda de la Persona Mayor, este s\u00e1bado<\/strong><\/p>\n<p>Con motivo del D\u00eda de la Persona Mayor, este s\u00e1bado el Ayuntamiento de Pamplona ha organizado un acto conmemorativo en la plaza F\u00e9lix Huarte, en el barrio de Iturrama. En \u00e9l se va a dar a conocer las redes de mayores de Iturrama repartiendo informaci\u00f3n, explicando en qu\u00e9 consisten y animando al vecindario a participar.<\/p>\n<p>El acto, al que se ha invitado a los integrantes del Consejo Municipal de las Personas Mayores, coincidir\u00e1 con la actividad \u2018Vermuteando\u2019, que llevar\u00e1 la m\u00fasica de La Pamplonesa a la hora del vermut a la plaza F\u00e9lix Huarte (a las 12.15 horas) y acoger\u00e1 un concierto de Ra\u00fal Vital (a las 13.30 horas) en el Boulevard Iturrama.<br \/>\n<script async src=\"\/\/pagead2.googlesyndication.com\/pagead\/js\/adsbygoogle.js\"><\/script><br \/>\n<!-- Noticias La Guia de Pamplona --><br \/>\n<ins class=\"adsbygoogle\"\nstyle=\"display:block\"\ndata-ad-client=\"ca-pub-6943679897239327\"\ndata-ad-slot=\"7048180777\"\ndata-ad-format=\"auto\"><\/ins><br \/>\n<script>\n(adsbygoogle = window.adsbygoogle || []).push({});\n<\/script><\/p>\n<p>&nbsp;<\/p>\n<h3>Miembros del Consejo Municipal de las Personas Mayores<\/h3>\n<ul>\n<li><strong>Presidencia<\/strong>: Carlos Salvador, concejal delegado de Relaciones Ciudadanas, Participaci\u00f3n y Mayores.<\/li>\n<li><strong>Vicepresidencia<\/strong>: M\u00aa Isabel D\u00edez D\u00edaz (representante de ciudadan\u00eda activa)<\/li>\n<li><strong>Secretar\u00eda<\/strong>: Maitane Urmeneta<\/li>\n<li><strong>Vocales de asociaciones<\/strong>:\n<ul>\n<li>Club de Jubilados y Pensionistas Orvina 1200<\/li>\n<li>Asociaci\u00f3n Aulas 3\u00aa Edad Padre Ciriano<\/li>\n<li>Asociaci\u00f3n Jubilados El Salvador<\/li>\n<li>Asociaci\u00f3n Mayores de Navarra Sancho el Mayor<\/li>\n<li>Asociaci\u00f3n Amigos de los Castillos de Navarra<\/li>\n<li>Asociaci\u00f3n de Mayores Lacarra<\/li>\n<li>Club de Jubilados Irubide<\/li>\n<li>Asociaci\u00f3n de Jubilados Pico de Orhi<\/li>\n<\/ul>\n<\/li>\n<li><strong>Vocales representantes de ciudadan\u00eda activa: \u00a0\u00a0\u00a0\u00a0\u00a0\u00a0\u00a0\u00a0\u00a0\u00a0\u00a0\u00a0\u00a0\u00a0\u00a0\u00a0\u00a0\u00a0\u00a0\u00a0\u00a0 <\/strong>\n<ul>\n<li>Mar\u00eda Isabel D\u00edez D\u00edaz<\/li>\n<li>Mar\u00eda Flor I\u00f1arrea G\u00f3mez<\/li>\n<li>Jos\u00e9 Mar\u00eda Roig Aldasoro<\/li>\n<li>Jaime Javier Mal\u00f3n Ferrer<\/li>\n<\/ul>\n<\/li>\n<li><strong>Representantes de los grupos municipales del Ayuntamiento de Pamplona:<\/strong>\n<ul>\n<li>UPN<\/li>\n<li>EH Bildu<\/li>\n<li>PSN<\/li>\n<li>PP<\/li>\n<li>Geroa Bai<\/li>\n<li>Contigo Zurekin<\/li>\n<\/ul>\n<\/li>\n<li>Dos vocales de instituciones vinculadas con el sector<\/li>\n<li>Una t\u00e9cnica municipal<\/li>\n<li>Representantes de las organizaciones sindicales\n<ul>\n<li>CCOO: Pedro V\u00e1zquez Marful y L\u00e1zaro Garc\u00eda Ant\u00f3n<\/li>\n<li>UGT: Guadalupe Yoldi Corera y Coro Gallinza Azn\u00e1rez<\/li>\n<\/ul>\n<\/li>\n<li>Direcci\u00f3n del \u00e1rea de Mayores del Ayuntamiento de Pamplona: Conchi Mateo<\/li>\n<\/ul>\n<p>&nbsp;<\/p>\n","protected":false},"excerpt":{"rendered":"<p>El Consejo ha estrenado su nueva composici\u00f3n, a ra\u00edz de una reforma de su reglamento aprobada en el mes de abril<\/p>\n","protected":false},"author":1,"featured_media":47507,"comment_status":"open","ping_status":"closed","sticky":false,"template":"","format":"standard","meta":{"footnotes":""},"categories":[2],"tags":[],"class_list":["post-47506","post","type-post","status-publish","format-standard","has-post-thumbnail","hentry","category-ayuntamiento-pamplona"],"yoast_head":"<!-- This site is optimized with the Yoast SEO plugin v27.3 - https:\/\/yoast.com\/product\/yoast-seo-wordpress\/ -->\n<title>El Consejo Municipal de las Personas Mayores afronta una nueva etapa m\u00e1s participativa con representaci\u00f3n de ocho asociaciones y de ciudadan\u00eda activa<\/title>\n<meta name=\"description\" content=\"El Consejo ha estrenado su nueva composici\u00f3n, a ra\u00edz de una reforma de su reglamento aprobada en el mes de abril\" \/>\n<meta name=\"robots\" content=\"index, follow, max-snippet:-1, max-image-preview:large, max-video-preview:-1\" \/>\n<link rel=\"canonical\" href=\"https:\/\/www.laguiadepamplona.com\/actualidad\/el-consejo-municipal-de-las-personas-mayores-afronta-una-nueva-etapa-mas-participativa-con-representacion-de-ocho-asociaciones-y-de-ciudadania-activa\/\" \/>\n<meta property=\"og:locale\" content=\"es_ES\" \/>\n<meta property=\"og:type\" content=\"article\" \/>\n<meta property=\"og:title\" content=\"El Consejo Municipal de las Personas Mayores afronta una nueva etapa m\u00e1s participativa con representaci\u00f3n de ocho asociaciones y de ciudadan\u00eda activa\" \/>\n<meta property=\"og:description\" content=\"El Consejo ha estrenado su nueva composici\u00f3n, a ra\u00edz de una reforma de su reglamento aprobada en el mes de abril\" \/>\n<meta property=\"og:url\" content=\"https:\/\/www.laguiadepamplona.com\/actualidad\/el-consejo-municipal-de-las-personas-mayores-afronta-una-nueva-etapa-mas-participativa-con-representacion-de-ocho-asociaciones-y-de-ciudadania-activa\/\" \/>\n<meta property=\"og:site_name\" content=\"La Gu\u00eda de Pamplona\" \/>\n<meta property=\"article:publisher\" content=\"https:\/\/www.facebook.com\/laguiadepamplonacom-133175176762273\/?ref=hl\" \/>\n<meta property=\"article:published_time\" content=\"2023-10-05T15:37:37+00:00\" \/>\n<meta property=\"og:image\" content=\"https:\/\/www.laguiadepamplona.com\/actualidad\/wp-content\/uploads\/2023\/10\/20231005consejodelaspersonasmayoresq5a2299_0.webp\" \/>\n\t<meta property=\"og:image:width\" content=\"1200\" \/>\n\t<meta property=\"og:image:height\" content=\"800\" \/>\n\t<meta property=\"og:image:type\" content=\"image\/webp\" \/>\n<meta name=\"author\" content=\"La Gu\u00eda de Pamplona\" \/>\n<meta name=\"twitter:card\" content=\"summary_large_image\" \/>\n<meta name=\"twitter:creator\" content=\"@LaGuiadPamplona\" \/>\n<meta name=\"twitter:site\" content=\"@LaGuiadPamplona\" \/>\n<meta name=\"twitter:label1\" content=\"Escrito por\" \/>\n\t<meta name=\"twitter:data1\" content=\"La Gu\u00eda de Pamplona\" \/>\n\t<meta name=\"twitter:label2\" content=\"Tiempo de lectura\" \/>\n\t<meta name=\"twitter:data2\" content=\"4 minutos\" \/>\n<script type=\"application\/ld+json\" class=\"yoast-schema-graph\">{\"@context\":\"https:\\\/\\\/schema.org\",\"@graph\":[{\"@type\":\"Article\",\"@id\":\"https:\\\/\\\/www.laguiadepamplona.com\\\/actualidad\\\/el-consejo-municipal-de-las-personas-mayores-afronta-una-nueva-etapa-mas-participativa-con-representacion-de-ocho-asociaciones-y-de-ciudadania-activa\\\/#article\",\"isPartOf\":{\"@id\":\"https:\\\/\\\/www.laguiadepamplona.com\\\/actualidad\\\/el-consejo-municipal-de-las-personas-mayores-afronta-una-nueva-etapa-mas-participativa-con-representacion-de-ocho-asociaciones-y-de-ciudadania-activa\\\/\"},\"author\":{\"name\":\"La Gu\u00eda de Pamplona\",\"@id\":\"https:\\\/\\\/www.laguiadepamplona.com\\\/actualidad\\\/#\\\/schema\\\/person\\\/efe887376f0213d4657c93adc50b1fdb\"},\"headline\":\"El Consejo Municipal de las Personas Mayores afronta una nueva etapa m\u00e1s participativa con representaci\u00f3n de ocho asociaciones y de ciudadan\u00eda activa\",\"datePublished\":\"2023-10-05T15:37:37+00:00\",\"mainEntityOfPage\":{\"@id\":\"https:\\\/\\\/www.laguiadepamplona.com\\\/actualidad\\\/el-consejo-municipal-de-las-personas-mayores-afronta-una-nueva-etapa-mas-participativa-con-representacion-de-ocho-asociaciones-y-de-ciudadania-activa\\\/\"},\"wordCount\":926,\"commentCount\":0,\"publisher\":{\"@id\":\"https:\\\/\\\/www.laguiadepamplona.com\\\/actualidad\\\/#organization\"},\"image\":{\"@id\":\"https:\\\/\\\/www.laguiadepamplona.com\\\/actualidad\\\/el-consejo-municipal-de-las-personas-mayores-afronta-una-nueva-etapa-mas-participativa-con-representacion-de-ocho-asociaciones-y-de-ciudadania-activa\\\/#primaryimage\"},\"thumbnailUrl\":\"https:\\\/\\\/www.laguiadepamplona.com\\\/actualidad\\\/wp-content\\\/uploads\\\/2023\\\/10\\\/20231005consejodelaspersonasmayoresq5a2299_0.webp\",\"articleSection\":[\"Ayto Pamplona\"],\"inLanguage\":\"es\",\"potentialAction\":[{\"@type\":\"CommentAction\",\"name\":\"Comment\",\"target\":[\"https:\\\/\\\/www.laguiadepamplona.com\\\/actualidad\\\/el-consejo-municipal-de-las-personas-mayores-afronta-una-nueva-etapa-mas-participativa-con-representacion-de-ocho-asociaciones-y-de-ciudadania-activa\\\/#respond\"]}]},{\"@type\":\"WebPage\",\"@id\":\"https:\\\/\\\/www.laguiadepamplona.com\\\/actualidad\\\/el-consejo-municipal-de-las-personas-mayores-afronta-una-nueva-etapa-mas-participativa-con-representacion-de-ocho-asociaciones-y-de-ciudadania-activa\\\/\",\"url\":\"https:\\\/\\\/www.laguiadepamplona.com\\\/actualidad\\\/el-consejo-municipal-de-las-personas-mayores-afronta-una-nueva-etapa-mas-participativa-con-representacion-de-ocho-asociaciones-y-de-ciudadania-activa\\\/\",\"name\":\"El Consejo Municipal de las Personas Mayores afronta una nueva etapa m\u00e1s participativa con representaci\u00f3n de ocho asociaciones y de ciudadan\u00eda activa\",\"isPartOf\":{\"@id\":\"https:\\\/\\\/www.laguiadepamplona.com\\\/actualidad\\\/#website\"},\"primaryImageOfPage\":{\"@id\":\"https:\\\/\\\/www.laguiadepamplona.com\\\/actualidad\\\/el-consejo-municipal-de-las-personas-mayores-afronta-una-nueva-etapa-mas-participativa-con-representacion-de-ocho-asociaciones-y-de-ciudadania-activa\\\/#primaryimage\"},\"image\":{\"@id\":\"https:\\\/\\\/www.laguiadepamplona.com\\\/actualidad\\\/el-consejo-municipal-de-las-personas-mayores-afronta-una-nueva-etapa-mas-participativa-con-representacion-de-ocho-asociaciones-y-de-ciudadania-activa\\\/#primaryimage\"},\"thumbnailUrl\":\"https:\\\/\\\/www.laguiadepamplona.com\\\/actualidad\\\/wp-content\\\/uploads\\\/2023\\\/10\\\/20231005consejodelaspersonasmayoresq5a2299_0.webp\",\"datePublished\":\"2023-10-05T15:37:37+00:00\",\"description\":\"El Consejo ha estrenado su nueva composici\u00f3n, a ra\u00edz de una reforma de su reglamento aprobada en el mes de abril\",\"breadcrumb\":{\"@id\":\"https:\\\/\\\/www.laguiadepamplona.com\\\/actualidad\\\/el-consejo-municipal-de-las-personas-mayores-afronta-una-nueva-etapa-mas-participativa-con-representacion-de-ocho-asociaciones-y-de-ciudadania-activa\\\/#breadcrumb\"},\"inLanguage\":\"es\",\"potentialAction\":[{\"@type\":\"ReadAction\",\"target\":[\"https:\\\/\\\/www.laguiadepamplona.com\\\/actualidad\\\/el-consejo-municipal-de-las-personas-mayores-afronta-una-nueva-etapa-mas-participativa-con-representacion-de-ocho-asociaciones-y-de-ciudadania-activa\\\/\"]}]},{\"@type\":\"ImageObject\",\"inLanguage\":\"es\",\"@id\":\"https:\\\/\\\/www.laguiadepamplona.com\\\/actualidad\\\/el-consejo-municipal-de-las-personas-mayores-afronta-una-nueva-etapa-mas-participativa-con-representacion-de-ocho-asociaciones-y-de-ciudadania-activa\\\/#primaryimage\",\"url\":\"https:\\\/\\\/www.laguiadepamplona.com\\\/actualidad\\\/wp-content\\\/uploads\\\/2023\\\/10\\\/20231005consejodelaspersonasmayoresq5a2299_0.webp\",\"contentUrl\":\"https:\\\/\\\/www.laguiadepamplona.com\\\/actualidad\\\/wp-content\\\/uploads\\\/2023\\\/10\\\/20231005consejodelaspersonasmayoresq5a2299_0.webp\",\"width\":1200,\"height\":800,\"caption\":\"consejo\"},{\"@type\":\"BreadcrumbList\",\"@id\":\"https:\\\/\\\/www.laguiadepamplona.com\\\/actualidad\\\/el-consejo-municipal-de-las-personas-mayores-afronta-una-nueva-etapa-mas-participativa-con-representacion-de-ocho-asociaciones-y-de-ciudadania-activa\\\/#breadcrumb\",\"itemListElement\":[{\"@type\":\"ListItem\",\"position\":1,\"name\":\"Portada\",\"item\":\"https:\\\/\\\/www.laguiadepamplona.com\\\/actualidad\\\/\"},{\"@type\":\"ListItem\",\"position\":2,\"name\":\"El Consejo Municipal de las Personas Mayores afronta una nueva etapa m\u00e1s participativa con representaci\u00f3n de ocho asociaciones y de ciudadan\u00eda activa\"}]},{\"@type\":\"WebSite\",\"@id\":\"https:\\\/\\\/www.laguiadepamplona.com\\\/actualidad\\\/#website\",\"url\":\"https:\\\/\\\/www.laguiadepamplona.com\\\/actualidad\\\/\",\"name\":\"La gu\u00eda de Pamplona\",\"description\":\"Noticias de Pamplona\",\"publisher\":{\"@id\":\"https:\\\/\\\/www.laguiadepamplona.com\\\/actualidad\\\/#organization\"},\"potentialAction\":[{\"@type\":\"SearchAction\",\"target\":{\"@type\":\"EntryPoint\",\"urlTemplate\":\"https:\\\/\\\/www.laguiadepamplona.com\\\/actualidad\\\/?s={search_term_string}\"},\"query-input\":{\"@type\":\"PropertyValueSpecification\",\"valueRequired\":true,\"valueName\":\"search_term_string\"}}],\"inLanguage\":\"es\"},{\"@type\":\"Organization\",\"@id\":\"https:\\\/\\\/www.laguiadepamplona.com\\\/actualidad\\\/#organization\",\"name\":\"La Gu\u00eda de Pamplona \\\/ Noticias\",\"url\":\"https:\\\/\\\/www.laguiadepamplona.com\\\/actualidad\\\/\",\"logo\":{\"@type\":\"ImageObject\",\"inLanguage\":\"es\",\"@id\":\"https:\\\/\\\/www.laguiadepamplona.com\\\/actualidad\\\/#\\\/schema\\\/logo\\\/image\\\/\",\"url\":\"https:\\\/\\\/www.laguiadepamplona.com\\\/actualidad\\\/wp-content\\\/uploads\\\/2018\\\/11\\\/logo-laguiadepamplona18-web1.png\",\"contentUrl\":\"https:\\\/\\\/www.laguiadepamplona.com\\\/actualidad\\\/wp-content\\\/uploads\\\/2018\\\/11\\\/logo-laguiadepamplona18-web1.png\",\"width\":600,\"height\":196,\"caption\":\"La Gu\u00eda de Pamplona \\\/ Noticias\"},\"image\":{\"@id\":\"https:\\\/\\\/www.laguiadepamplona.com\\\/actualidad\\\/#\\\/schema\\\/logo\\\/image\\\/\"},\"sameAs\":[\"https:\\\/\\\/www.facebook.com\\\/laguiadepamplonacom-133175176762273\\\/?ref=hl\",\"https:\\\/\\\/x.com\\\/LaGuiadPamplona\",\"https:\\\/\\\/www.instagram.com\\\/la_guia_de_pamplona\\\/\",\"https:\\\/\\\/www.youtube.com\\\/user\\\/laguiadepamplona\"]},{\"@type\":\"Person\",\"@id\":\"https:\\\/\\\/www.laguiadepamplona.com\\\/actualidad\\\/#\\\/schema\\\/person\\\/efe887376f0213d4657c93adc50b1fdb\",\"name\":\"La Gu\u00eda de Pamplona\",\"image\":{\"@type\":\"ImageObject\",\"inLanguage\":\"es\",\"@id\":\"https:\\\/\\\/secure.gravatar.com\\\/avatar\\\/b6992f131dc8d30ab0dff15446e9d346d9dbd95992de0fef795073f5ea83a81c?s=96&d=mm&r=g\",\"url\":\"https:\\\/\\\/secure.gravatar.com\\\/avatar\\\/b6992f131dc8d30ab0dff15446e9d346d9dbd95992de0fef795073f5ea83a81c?s=96&d=mm&r=g\",\"contentUrl\":\"https:\\\/\\\/secure.gravatar.com\\\/avatar\\\/b6992f131dc8d30ab0dff15446e9d346d9dbd95992de0fef795073f5ea83a81c?s=96&d=mm&r=g\",\"caption\":\"La Gu\u00eda de Pamplona\"}}]}<\/script>\n<!-- \/ Yoast SEO plugin. -->","yoast_head_json":{"title":"El Consejo Municipal de las Personas Mayores afronta una nueva etapa m\u00e1s participativa con representaci\u00f3n de ocho asociaciones y de ciudadan\u00eda activa","description":"El Consejo ha estrenado su nueva composici\u00f3n, a ra\u00edz de una reforma de su reglamento aprobada en el mes de abril","robots":{"index":"index","follow":"follow","max-snippet":"max-snippet:-1","max-image-preview":"max-image-preview:large","max-video-preview":"max-video-preview:-1"},"canonical":"https:\/\/www.laguiadepamplona.com\/actualidad\/el-consejo-municipal-de-las-personas-mayores-afronta-una-nueva-etapa-mas-participativa-con-representacion-de-ocho-asociaciones-y-de-ciudadania-activa\/","og_locale":"es_ES","og_type":"article","og_title":"El Consejo Municipal de las Personas Mayores afronta una nueva etapa m\u00e1s participativa con representaci\u00f3n de ocho asociaciones y de ciudadan\u00eda activa","og_description":"El Consejo ha estrenado su nueva composici\u00f3n, a ra\u00edz de una reforma de su reglamento aprobada en el mes de abril","og_url":"https:\/\/www.laguiadepamplona.com\/actualidad\/el-consejo-municipal-de-las-personas-mayores-afronta-una-nueva-etapa-mas-participativa-con-representacion-de-ocho-asociaciones-y-de-ciudadania-activa\/","og_site_name":"La Gu\u00eda de Pamplona","article_publisher":"https:\/\/www.facebook.com\/laguiadepamplonacom-133175176762273\/?ref=hl","article_published_time":"2023-10-05T15:37:37+00:00","og_image":[{"width":1200,"height":800,"url":"https:\/\/www.laguiadepamplona.com\/actualidad\/wp-content\/uploads\/2023\/10\/20231005consejodelaspersonasmayoresq5a2299_0.webp","type":"image\/webp"}],"author":"La Gu\u00eda de Pamplona","twitter_card":"summary_large_image","twitter_creator":"@LaGuiadPamplona","twitter_site":"@LaGuiadPamplona","twitter_misc":{"Escrito por":"La Gu\u00eda de Pamplona","Tiempo de lectura":"4 minutos"},"schema":{"@context":"https:\/\/schema.org","@graph":[{"@type":"Article","@id":"https:\/\/www.laguiadepamplona.com\/actualidad\/el-consejo-municipal-de-las-personas-mayores-afronta-una-nueva-etapa-mas-participativa-con-representacion-de-ocho-asociaciones-y-de-ciudadania-activa\/#article","isPartOf":{"@id":"https:\/\/www.laguiadepamplona.com\/actualidad\/el-consejo-municipal-de-las-personas-mayores-afronta-una-nueva-etapa-mas-participativa-con-representacion-de-ocho-asociaciones-y-de-ciudadania-activa\/"},"author":{"name":"La Gu\u00eda de Pamplona","@id":"https:\/\/www.laguiadepamplona.com\/actualidad\/#\/schema\/person\/efe887376f0213d4657c93adc50b1fdb"},"headline":"El Consejo Municipal de las Personas Mayores afronta una nueva etapa m\u00e1s participativa con representaci\u00f3n de ocho asociaciones y de ciudadan\u00eda activa","datePublished":"2023-10-05T15:37:37+00:00","mainEntityOfPage":{"@id":"https:\/\/www.laguiadepamplona.com\/actualidad\/el-consejo-municipal-de-las-personas-mayores-afronta-una-nueva-etapa-mas-participativa-con-representacion-de-ocho-asociaciones-y-de-ciudadania-activa\/"},"wordCount":926,"commentCount":0,"publisher":{"@id":"https:\/\/www.laguiadepamplona.com\/actualidad\/#organization"},"image":{"@id":"https:\/\/www.laguiadepamplona.com\/actualidad\/el-consejo-municipal-de-las-personas-mayores-afronta-una-nueva-etapa-mas-participativa-con-representacion-de-ocho-asociaciones-y-de-ciudadania-activa\/#primaryimage"},"thumbnailUrl":"https:\/\/www.laguiadepamplona.com\/actualidad\/wp-content\/uploads\/2023\/10\/20231005consejodelaspersonasmayoresq5a2299_0.webp","articleSection":["Ayto Pamplona"],"inLanguage":"es","potentialAction":[{"@type":"CommentAction","name":"Comment","target":["https:\/\/www.laguiadepamplona.com\/actualidad\/el-consejo-municipal-de-las-personas-mayores-afronta-una-nueva-etapa-mas-participativa-con-representacion-de-ocho-asociaciones-y-de-ciudadania-activa\/#respond"]}]},{"@type":"WebPage","@id":"https:\/\/www.laguiadepamplona.com\/actualidad\/el-consejo-municipal-de-las-personas-mayores-afronta-una-nueva-etapa-mas-participativa-con-representacion-de-ocho-asociaciones-y-de-ciudadania-activa\/","url":"https:\/\/www.laguiadepamplona.com\/actualidad\/el-consejo-municipal-de-las-personas-mayores-afronta-una-nueva-etapa-mas-participativa-con-representacion-de-ocho-asociaciones-y-de-ciudadania-activa\/","name":"El Consejo Municipal de las Personas Mayores afronta una nueva etapa m\u00e1s participativa con representaci\u00f3n de ocho asociaciones y de ciudadan\u00eda activa","isPartOf":{"@id":"https:\/\/www.laguiadepamplona.com\/actualidad\/#website"},"primaryImageOfPage":{"@id":"https:\/\/www.laguiadepamplona.com\/actualidad\/el-consejo-municipal-de-las-personas-mayores-afronta-una-nueva-etapa-mas-participativa-con-representacion-de-ocho-asociaciones-y-de-ciudadania-activa\/#primaryimage"},"image":{"@id":"https:\/\/www.laguiadepamplona.com\/actualidad\/el-consejo-municipal-de-las-personas-mayores-afronta-una-nueva-etapa-mas-participativa-con-representacion-de-ocho-asociaciones-y-de-ciudadania-activa\/#primaryimage"},"thumbnailUrl":"https:\/\/www.laguiadepamplona.com\/actualidad\/wp-content\/uploads\/2023\/10\/20231005consejodelaspersonasmayoresq5a2299_0.webp","datePublished":"2023-10-05T15:37:37+00:00","description":"El Consejo ha estrenado su nueva composici\u00f3n, a ra\u00edz de una reforma de su reglamento aprobada en el mes de abril","breadcrumb":{"@id":"https:\/\/www.laguiadepamplona.com\/actualidad\/el-consejo-municipal-de-las-personas-mayores-afronta-una-nueva-etapa-mas-participativa-con-representacion-de-ocho-asociaciones-y-de-ciudadania-activa\/#breadcrumb"},"inLanguage":"es","potentialAction":[{"@type":"ReadAction","target":["https:\/\/www.laguiadepamplona.com\/actualidad\/el-consejo-municipal-de-las-personas-mayores-afronta-una-nueva-etapa-mas-participativa-con-representacion-de-ocho-asociaciones-y-de-ciudadania-activa\/"]}]},{"@type":"ImageObject","inLanguage":"es","@id":"https:\/\/www.laguiadepamplona.com\/actualidad\/el-consejo-municipal-de-las-personas-mayores-afronta-una-nueva-etapa-mas-participativa-con-representacion-de-ocho-asociaciones-y-de-ciudadania-activa\/#primaryimage","url":"https:\/\/www.laguiadepamplona.com\/actualidad\/wp-content\/uploads\/2023\/10\/20231005consejodelaspersonasmayoresq5a2299_0.webp","contentUrl":"https:\/\/www.laguiadepamplona.com\/actualidad\/wp-content\/uploads\/2023\/10\/20231005consejodelaspersonasmayoresq5a2299_0.webp","width":1200,"height":800,"caption":"consejo"},{"@type":"BreadcrumbList","@id":"https:\/\/www.laguiadepamplona.com\/actualidad\/el-consejo-municipal-de-las-personas-mayores-afronta-una-nueva-etapa-mas-participativa-con-representacion-de-ocho-asociaciones-y-de-ciudadania-activa\/#breadcrumb","itemListElement":[{"@type":"ListItem","position":1,"name":"Portada","item":"https:\/\/www.laguiadepamplona.com\/actualidad\/"},{"@type":"ListItem","position":2,"name":"El Consejo Municipal de las Personas Mayores afronta una nueva etapa m\u00e1s participativa con representaci\u00f3n de ocho asociaciones y de ciudadan\u00eda activa"}]},{"@type":"WebSite","@id":"https:\/\/www.laguiadepamplona.com\/actualidad\/#website","url":"https:\/\/www.laguiadepamplona.com\/actualidad\/","name":"La gu\u00eda de Pamplona","description":"Noticias de Pamplona","publisher":{"@id":"https:\/\/www.laguiadepamplona.com\/actualidad\/#organization"},"potentialAction":[{"@type":"SearchAction","target":{"@type":"EntryPoint","urlTemplate":"https:\/\/www.laguiadepamplona.com\/actualidad\/?s={search_term_string}"},"query-input":{"@type":"PropertyValueSpecification","valueRequired":true,"valueName":"search_term_string"}}],"inLanguage":"es"},{"@type":"Organization","@id":"https:\/\/www.laguiadepamplona.com\/actualidad\/#organization","name":"La Gu\u00eda de Pamplona \/ Noticias","url":"https:\/\/www.laguiadepamplona.com\/actualidad\/","logo":{"@type":"ImageObject","inLanguage":"es","@id":"https:\/\/www.laguiadepamplona.com\/actualidad\/#\/schema\/logo\/image\/","url":"https:\/\/www.laguiadepamplona.com\/actualidad\/wp-content\/uploads\/2018\/11\/logo-laguiadepamplona18-web1.png","contentUrl":"https:\/\/www.laguiadepamplona.com\/actualidad\/wp-content\/uploads\/2018\/11\/logo-laguiadepamplona18-web1.png","width":600,"height":196,"caption":"La Gu\u00eda de Pamplona \/ Noticias"},"image":{"@id":"https:\/\/www.laguiadepamplona.com\/actualidad\/#\/schema\/logo\/image\/"},"sameAs":["https:\/\/www.facebook.com\/laguiadepamplonacom-133175176762273\/?ref=hl","https:\/\/x.com\/LaGuiadPamplona","https:\/\/www.instagram.com\/la_guia_de_pamplona\/","https:\/\/www.youtube.com\/user\/laguiadepamplona"]},{"@type":"Person","@id":"https:\/\/www.laguiadepamplona.com\/actualidad\/#\/schema\/person\/efe887376f0213d4657c93adc50b1fdb","name":"La Gu\u00eda de Pamplona","image":{"@type":"ImageObject","inLanguage":"es","@id":"https:\/\/secure.gravatar.com\/avatar\/b6992f131dc8d30ab0dff15446e9d346d9dbd95992de0fef795073f5ea83a81c?s=96&d=mm&r=g","url":"https:\/\/secure.gravatar.com\/avatar\/b6992f131dc8d30ab0dff15446e9d346d9dbd95992de0fef795073f5ea83a81c?s=96&d=mm&r=g","contentUrl":"https:\/\/secure.gravatar.com\/avatar\/b6992f131dc8d30ab0dff15446e9d346d9dbd95992de0fef795073f5ea83a81c?s=96&d=mm&r=g","caption":"La Gu\u00eda de Pamplona"}}]}},"post_mailing_queue_ids":[],"_links":{"self":[{"href":"https:\/\/www.laguiadepamplona.com\/actualidad\/wp-json\/wp\/v2\/posts\/47506","targetHints":{"allow":["GET"]}}],"collection":[{"href":"https:\/\/www.laguiadepamplona.com\/actualidad\/wp-json\/wp\/v2\/posts"}],"about":[{"href":"https:\/\/www.laguiadepamplona.com\/actualidad\/wp-json\/wp\/v2\/types\/post"}],"author":[{"embeddable":true,"href":"https:\/\/www.laguiadepamplona.com\/actualidad\/wp-json\/wp\/v2\/users\/1"}],"replies":[{"embeddable":true,"href":"https:\/\/www.laguiadepamplona.com\/actualidad\/wp-json\/wp\/v2\/comments?post=47506"}],"version-history":[{"count":1,"href":"https:\/\/www.laguiadepamplona.com\/actualidad\/wp-json\/wp\/v2\/posts\/47506\/revisions"}],"predecessor-version":[{"id":47508,"href":"https:\/\/www.laguiadepamplona.com\/actualidad\/wp-json\/wp\/v2\/posts\/47506\/revisions\/47508"}],"wp:featuredmedia":[{"embeddable":true,"href":"https:\/\/www.laguiadepamplona.com\/actualidad\/wp-json\/wp\/v2\/media\/47507"}],"wp:attachment":[{"href":"https:\/\/www.laguiadepamplona.com\/actualidad\/wp-json\/wp\/v2\/media?parent=47506"}],"wp:term":[{"taxonomy":"category","embeddable":true,"href":"https:\/\/www.laguiadepamplona.com\/actualidad\/wp-json\/wp\/v2\/categories?post=47506"},{"taxonomy":"post_tag","embeddable":true,"href":"https:\/\/www.laguiadepamplona.com\/actualidad\/wp-json\/wp\/v2\/tags?post=47506"}],"curies":[{"name":"wp","href":"https:\/\/api.w.org\/{rel}","templated":true}]}}