{"id":47503,"date":"2023-10-05T17:29:42","date_gmt":"2023-10-05T15:29:42","guid":{"rendered":"https:\/\/www.laguiadepamplona.com\/actualidad\/?p=47503"},"modified":"2023-10-05T17:29:42","modified_gmt":"2023-10-05T15:29:42","slug":"obras-de-referencia-de-los-fotografos-helena-almeida-y-chema-madoz-y-sus-procesos-creativos-al-descubierto-en-disenos-habitados","status":"publish","type":"post","link":"https:\/\/www.laguiadepamplona.com\/actualidad\/obras-de-referencia-de-los-fotografos-helena-almeida-y-chema-madoz-y-sus-procesos-creativos-al-descubierto-en-disenos-habitados\/","title":{"rendered":"Obras de referencia de los fot\u00f3grafos Helena Almeida y Chema Madoz y sus procesos creativos, al descubierto en \u2018Dise\u00f1os habitados\u2019"},"content":{"rendered":"<h3>La muestra recoge obras de la colecci\u00f3n de Foto Colectania y la Colecci\u00f3n de Arte Contempor\u00e1neo del Ayuntamiento de Pamplona<\/h3>\n<p><!--more--><\/p>\n<p>La primera planta de la Sala de Armas de la Ciudadela acoger\u00e1 hasta el 21 de enero una muestra que quiere reflejar el proceso creativo de dos consagrados artistas de la fotograf\u00eda con una mirada singular: la autora ya fallecida Helena Almeida y el madrile\u00f1o Chema Madoz. La exposici\u00f3n \u2018Dise\u00f1os habitados\u2019 propone una resonancia entre los trabajos de dos de los primeros autores que formaron parte de la colecci\u00f3n de Foto Colectania, un fondo que hoy re\u00fane m\u00e1s de 3.000 fotograf\u00edas.<\/p>\n<p>Esta ma\u00f1ana han presentado la muestra Clara Garc\u00eda-Vali\u00f1o, concejala de Cultura del Ayuntamiento de Pamplona y Pepe Font de Mora, director de la Fundaci\u00f3 Foto Colectania y comisario de la exposici\u00f3n. El t\u00edtulo de la muestra rinde homenaje a Helena Almeida, ya que es el que ten\u00eda la primera serie en la que la autora utiliz\u00f3 la fotograf\u00eda (\u2018Desenho habitado\u2019). Pero, adem\u00e1s, su estructura conceptual recupera el concepto renacentista de dise\u00f1o, ya que se refiere no s\u00f3lo a la creaci\u00f3n final sino tambi\u00e9n al proyecto y al proceso mental de trasladar lo imaginado por el artista a la obra.<\/p>\n<p>As\u00ed, la exposici\u00f3n muestra algunas claves de sus procesos creativos ya que ambos autores tienen en com\u00fan su preferencia por realizar bocetos; con l\u00e1piz y papel realizan esbozos que no siempre se convierten en obras finales. Almeida interviene a veces la obra con estudiadas pinceladas o trazos de l\u00e1piz en ejercicios de reflexi\u00f3n y teatralidad; Madoz dibuja en los cuadernos personales que ha ido guardando a lo largo de los a\u00f1os y que se pueden ver en la muestra, de forma que sus bocetos se convierten en objetos y sus objetos en im\u00e1genes con su caracter\u00edstico estilo. En esta exposici\u00f3n se ha querido resaltar el valor intr\u00ednseco de esos dibujos, meros y bocetos, cuyo resultado se expresan por medio de la fotograf\u00eda.<\/p>\n<p>Las obras proceden de la colecci\u00f3n de Foto Colectania, que refleja la diversidad de la fotograf\u00eda espa\u00f1ola y portuguesa -desde 1950 hasta la actualidad- a trav\u00e9s de un extenso conjunto de obras de cada uno de los fot\u00f3grafos representados. Junto a ellas, estableciendo un di\u00e1logo, se a\u00f1aden las dos obras de estos artistas que integran la Colecci\u00f3n de Arte Contempor\u00e1neo del Ayuntamiento de Pamplona.<\/p>\n<p>La exposici\u00f3n estar\u00e1 abierta a la visita en horario de martes a s\u00e1bado de 11.30 a 13.30 horas y de 18 a 20.30 horas; los domingos y festivos las salas abren de 11.30 y a 13.30 horas.<\/p>\n<p><strong>Dos mediometrajes documentales<\/strong><\/p>\n<p>En la sala tambi\u00e9n habr\u00e1 disponibles dos mediometrajes centrados en ambos fot\u00f3grafos. En formato video super 8 el documental \u2018Chema Madoz 2006\u2019 (35.33\u2019), del realizador Luis Mengs sobre una entrevista Borja Casani. Producido por Fundaci\u00f3n Telef\u00f3nica, parte de visitas repetidas al estudio del fot\u00f3grafo. La cinta recoge momentos de creaci\u00f3n cuando Madoz estaba ideando la obra de gran formato que presidi\u00f3 la exposici\u00f3n antol\u00f3gica que le dedico la esa fundaci\u00f3n.<\/p>\n<p>El segundo mediometraje, de 52\u2019 de duraci\u00f3n, es \u2018Pintura habitada\u2019, tambi\u00e9n del a\u00f1o 2006. Dirigido y grabado por Joana Ascensao, recoge la particular manera de construir de Helena Almeida acompa\u00f1ando las diferentes etapas y materiales involucrados en su proceso creativo, desde sus primeros estudios (dibujos o v\u00eddeos), hasta la exhibici\u00f3n de sus obras terminadas, combinando im\u00e1genes de archivo con material filmado entre febrero de 2004 y junio de 2006.<\/p>\n<p><strong>Los fot\u00f3grafos<\/strong><\/p>\n<p>Helena Almeida (Lisboa, 1934-2018) es una artista imprescindible en el panorama internacional del arte contempor\u00e1neo. Represent\u00f3 a Portugal en la Bienal de Venecia en dos ocasiones, en 1982 y 2005. Su pr\u00e1ctica art\u00edstica abarca la fotograf\u00eda, el v\u00eddeo y el dise\u00f1o, partiendo de un cuestionamiento permanente del lenguaje de la pintura. Dedic\u00f3 m\u00e1s de 40 a\u00f1os al estudio del cuerpo en acci\u00f3n, casi siempre el suyo. La artista siempre aparec\u00eda frente a la c\u00e1mara, pero insist\u00eda en que sus im\u00e1genes no eran autorretratos. Aunque se le ha asociado con los postulados del body-art, su trabajo va m\u00e1s all\u00e1 de la documentaci\u00f3n de performances.<\/p>\n<p>Chema Madoz (Madrid, 1958) es uno de los artistas espa\u00f1oles con mayor reconocimiento nacional e internacional de la fotograf\u00eda contempor\u00e1nea. El Museo Nacional Centro de Arte Reina Sof\u00eda le dedic\u00f3 en 1999 la primera muestra retrospectiva a un fot\u00f3grafo espa\u00f1ol vivo. En sus primeros trabajos de los a\u00f1os 80 todav\u00eda estaba presente la figura humana. A partir de los a\u00f1os 90, a ra\u00edz de una crisis creativa que provoc\u00f3 un giro en su trayectoria, Madoz comienza a prescindir de la idea del azar y la sustituye por la recreaci\u00f3n de im\u00e1genes mentales. Mantiene una cuidada iluminaci\u00f3n y simplicidad, pero deja de emplear los modelos y comienza a desarrollar el concepto de \u2018objetos construidos\u2019. Los bocetos presentes en la exposici\u00f3n pertenecen a esta segunda etapa.<\/p>\n<p><strong>Colecci\u00f3n de Arte Contempor\u00e1neo del Ayuntamiento de Pamplona<\/strong><\/p>\n<p>Dentro de \u2018Dise\u00f1os habitados\u2019 se integran, adem\u00e1s, dos obras de la Colecci\u00f3n de Arte Contempor\u00e1neo del Ayuntamiento de Pamplona. En concreto, se a\u00f1ade la obra de 2002 del fot\u00f3grafo madrile\u00f1o <a href=\"https:\/\/coleccionarte.pamplona.es\/verFicha.aspx?idioma=1\" target=\"_blank\" rel=\"noopener\">\u2018Sin t\u00edtulo\u2019<\/a>, un bromuro virado sobre papel comprado ese mismo a\u00f1o en la feria ARCO.<\/p>\n<p>Por su parte, la creadora Almeida est\u00e1 representada tambi\u00e9n en este fondo con otra creaci\u00f3n, <a href=\"https:\/\/coleccionarte.pamplona.es\/verFicha.aspx?idioma=1\" target=\"_blank\" rel=\"noopener\">\u2018Sin t\u00edtulo\u2019<\/a>, del a\u00f1o 2003, una copia a la gelatina de revelado qu\u00edmico sobre papel adquirida por el Ayuntamiento en esa misma feria, pero en el a\u00f1o 2008.<\/p>\n","protected":false},"excerpt":{"rendered":"<p>La muestra recoge obras de la colecci\u00f3n de Foto Colectania y la Colecci\u00f3n de Arte Contempor\u00e1neo del Ayuntamiento de Pamplona<\/p>\n","protected":false},"author":1,"featured_media":47504,"comment_status":"open","ping_status":"closed","sticky":false,"template":"","format":"standard","meta":{"footnotes":""},"categories":[2],"tags":[],"class_list":["post-47503","post","type-post","status-publish","format-standard","has-post-thumbnail","hentry","category-ayuntamiento-pamplona"],"yoast_head":"<!-- This site is optimized with the Yoast SEO plugin v27.3 - https:\/\/yoast.com\/product\/yoast-seo-wordpress\/ -->\n<title>Obras de referencia de los fot\u00f3grafos Helena Almeida y Chema Madoz y sus procesos creativos, al descubierto en \u2018Dise\u00f1os habitados\u2019<\/title>\n<meta name=\"description\" content=\"La muestra recoge obras de la colecci\u00f3n de Foto Colectania y la Colecci\u00f3n de Arte Contempor\u00e1neo del Ayuntamiento de Pamplona\" \/>\n<meta name=\"robots\" content=\"index, follow, max-snippet:-1, max-image-preview:large, max-video-preview:-1\" \/>\n<link rel=\"canonical\" href=\"https:\/\/www.laguiadepamplona.com\/actualidad\/obras-de-referencia-de-los-fotografos-helena-almeida-y-chema-madoz-y-sus-procesos-creativos-al-descubierto-en-disenos-habitados\/\" \/>\n<meta property=\"og:locale\" content=\"es_ES\" \/>\n<meta property=\"og:type\" content=\"article\" \/>\n<meta property=\"og:title\" content=\"Obras de referencia de los fot\u00f3grafos Helena Almeida y Chema Madoz y sus procesos creativos, al descubierto en \u2018Dise\u00f1os habitados\u2019\" \/>\n<meta property=\"og:description\" content=\"La muestra recoge obras de la colecci\u00f3n de Foto Colectania y la Colecci\u00f3n de Arte Contempor\u00e1neo del Ayuntamiento de Pamplona\" \/>\n<meta property=\"og:url\" content=\"https:\/\/www.laguiadepamplona.com\/actualidad\/obras-de-referencia-de-los-fotografos-helena-almeida-y-chema-madoz-y-sus-procesos-creativos-al-descubierto-en-disenos-habitados\/\" \/>\n<meta property=\"og:site_name\" content=\"La Gu\u00eda de Pamplona\" \/>\n<meta property=\"article:publisher\" content=\"https:\/\/www.facebook.com\/laguiadepamplonacom-133175176762273\/?ref=hl\" \/>\n<meta property=\"article:published_time\" content=\"2023-10-05T15:29:42+00:00\" \/>\n<meta property=\"og:image\" content=\"https:\/\/www.laguiadepamplona.com\/actualidad\/wp-content\/uploads\/2023\/10\/foto-expo-helena-almeida-chema-madoz.webp\" \/>\n\t<meta property=\"og:image:width\" content=\"1200\" \/>\n\t<meta property=\"og:image:height\" content=\"900\" \/>\n\t<meta property=\"og:image:type\" content=\"image\/webp\" \/>\n<meta name=\"author\" content=\"La Gu\u00eda de Pamplona\" \/>\n<meta name=\"twitter:card\" content=\"summary_large_image\" \/>\n<meta name=\"twitter:creator\" content=\"@LaGuiadPamplona\" \/>\n<meta name=\"twitter:site\" content=\"@LaGuiadPamplona\" \/>\n<meta name=\"twitter:label1\" content=\"Escrito por\" \/>\n\t<meta name=\"twitter:data1\" content=\"La Gu\u00eda de Pamplona\" \/>\n\t<meta name=\"twitter:label2\" content=\"Tiempo de lectura\" \/>\n\t<meta name=\"twitter:data2\" content=\"5 minutos\" \/>\n<script type=\"application\/ld+json\" class=\"yoast-schema-graph\">{\"@context\":\"https:\\\/\\\/schema.org\",\"@graph\":[{\"@type\":\"Article\",\"@id\":\"https:\\\/\\\/www.laguiadepamplona.com\\\/actualidad\\\/obras-de-referencia-de-los-fotografos-helena-almeida-y-chema-madoz-y-sus-procesos-creativos-al-descubierto-en-disenos-habitados\\\/#article\",\"isPartOf\":{\"@id\":\"https:\\\/\\\/www.laguiadepamplona.com\\\/actualidad\\\/obras-de-referencia-de-los-fotografos-helena-almeida-y-chema-madoz-y-sus-procesos-creativos-al-descubierto-en-disenos-habitados\\\/\"},\"author\":{\"name\":\"La Gu\u00eda de Pamplona\",\"@id\":\"https:\\\/\\\/www.laguiadepamplona.com\\\/actualidad\\\/#\\\/schema\\\/person\\\/efe887376f0213d4657c93adc50b1fdb\"},\"headline\":\"Obras de referencia de los fot\u00f3grafos Helena Almeida y Chema Madoz y sus procesos creativos, al descubierto en \u2018Dise\u00f1os habitados\u2019\",\"datePublished\":\"2023-10-05T15:29:42+00:00\",\"mainEntityOfPage\":{\"@id\":\"https:\\\/\\\/www.laguiadepamplona.com\\\/actualidad\\\/obras-de-referencia-de-los-fotografos-helena-almeida-y-chema-madoz-y-sus-procesos-creativos-al-descubierto-en-disenos-habitados\\\/\"},\"wordCount\":994,\"commentCount\":0,\"publisher\":{\"@id\":\"https:\\\/\\\/www.laguiadepamplona.com\\\/actualidad\\\/#organization\"},\"image\":{\"@id\":\"https:\\\/\\\/www.laguiadepamplona.com\\\/actualidad\\\/obras-de-referencia-de-los-fotografos-helena-almeida-y-chema-madoz-y-sus-procesos-creativos-al-descubierto-en-disenos-habitados\\\/#primaryimage\"},\"thumbnailUrl\":\"https:\\\/\\\/www.laguiadepamplona.com\\\/actualidad\\\/wp-content\\\/uploads\\\/2023\\\/10\\\/foto-expo-helena-almeida-chema-madoz.webp\",\"articleSection\":[\"Ayto Pamplona\"],\"inLanguage\":\"es\",\"potentialAction\":[{\"@type\":\"CommentAction\",\"name\":\"Comment\",\"target\":[\"https:\\\/\\\/www.laguiadepamplona.com\\\/actualidad\\\/obras-de-referencia-de-los-fotografos-helena-almeida-y-chema-madoz-y-sus-procesos-creativos-al-descubierto-en-disenos-habitados\\\/#respond\"]}]},{\"@type\":\"WebPage\",\"@id\":\"https:\\\/\\\/www.laguiadepamplona.com\\\/actualidad\\\/obras-de-referencia-de-los-fotografos-helena-almeida-y-chema-madoz-y-sus-procesos-creativos-al-descubierto-en-disenos-habitados\\\/\",\"url\":\"https:\\\/\\\/www.laguiadepamplona.com\\\/actualidad\\\/obras-de-referencia-de-los-fotografos-helena-almeida-y-chema-madoz-y-sus-procesos-creativos-al-descubierto-en-disenos-habitados\\\/\",\"name\":\"Obras de referencia de los fot\u00f3grafos Helena Almeida y Chema Madoz y sus procesos creativos, al descubierto en \u2018Dise\u00f1os habitados\u2019\",\"isPartOf\":{\"@id\":\"https:\\\/\\\/www.laguiadepamplona.com\\\/actualidad\\\/#website\"},\"primaryImageOfPage\":{\"@id\":\"https:\\\/\\\/www.laguiadepamplona.com\\\/actualidad\\\/obras-de-referencia-de-los-fotografos-helena-almeida-y-chema-madoz-y-sus-procesos-creativos-al-descubierto-en-disenos-habitados\\\/#primaryimage\"},\"image\":{\"@id\":\"https:\\\/\\\/www.laguiadepamplona.com\\\/actualidad\\\/obras-de-referencia-de-los-fotografos-helena-almeida-y-chema-madoz-y-sus-procesos-creativos-al-descubierto-en-disenos-habitados\\\/#primaryimage\"},\"thumbnailUrl\":\"https:\\\/\\\/www.laguiadepamplona.com\\\/actualidad\\\/wp-content\\\/uploads\\\/2023\\\/10\\\/foto-expo-helena-almeida-chema-madoz.webp\",\"datePublished\":\"2023-10-05T15:29:42+00:00\",\"description\":\"La muestra recoge obras de la colecci\u00f3n de Foto Colectania y la Colecci\u00f3n de Arte Contempor\u00e1neo del Ayuntamiento de Pamplona\",\"breadcrumb\":{\"@id\":\"https:\\\/\\\/www.laguiadepamplona.com\\\/actualidad\\\/obras-de-referencia-de-los-fotografos-helena-almeida-y-chema-madoz-y-sus-procesos-creativos-al-descubierto-en-disenos-habitados\\\/#breadcrumb\"},\"inLanguage\":\"es\",\"potentialAction\":[{\"@type\":\"ReadAction\",\"target\":[\"https:\\\/\\\/www.laguiadepamplona.com\\\/actualidad\\\/obras-de-referencia-de-los-fotografos-helena-almeida-y-chema-madoz-y-sus-procesos-creativos-al-descubierto-en-disenos-habitados\\\/\"]}]},{\"@type\":\"ImageObject\",\"inLanguage\":\"es\",\"@id\":\"https:\\\/\\\/www.laguiadepamplona.com\\\/actualidad\\\/obras-de-referencia-de-los-fotografos-helena-almeida-y-chema-madoz-y-sus-procesos-creativos-al-descubierto-en-disenos-habitados\\\/#primaryimage\",\"url\":\"https:\\\/\\\/www.laguiadepamplona.com\\\/actualidad\\\/wp-content\\\/uploads\\\/2023\\\/10\\\/foto-expo-helena-almeida-chema-madoz.webp\",\"contentUrl\":\"https:\\\/\\\/www.laguiadepamplona.com\\\/actualidad\\\/wp-content\\\/uploads\\\/2023\\\/10\\\/foto-expo-helena-almeida-chema-madoz.webp\",\"width\":1200,\"height\":900,\"caption\":\"foto expo helena almeida chema madoz\"},{\"@type\":\"BreadcrumbList\",\"@id\":\"https:\\\/\\\/www.laguiadepamplona.com\\\/actualidad\\\/obras-de-referencia-de-los-fotografos-helena-almeida-y-chema-madoz-y-sus-procesos-creativos-al-descubierto-en-disenos-habitados\\\/#breadcrumb\",\"itemListElement\":[{\"@type\":\"ListItem\",\"position\":1,\"name\":\"Portada\",\"item\":\"https:\\\/\\\/www.laguiadepamplona.com\\\/actualidad\\\/\"},{\"@type\":\"ListItem\",\"position\":2,\"name\":\"Obras de referencia de los fot\u00f3grafos Helena Almeida y Chema Madoz y sus procesos creativos, al descubierto en \u2018Dise\u00f1os habitados\u2019\"}]},{\"@type\":\"WebSite\",\"@id\":\"https:\\\/\\\/www.laguiadepamplona.com\\\/actualidad\\\/#website\",\"url\":\"https:\\\/\\\/www.laguiadepamplona.com\\\/actualidad\\\/\",\"name\":\"La gu\u00eda de Pamplona\",\"description\":\"Noticias de Pamplona\",\"publisher\":{\"@id\":\"https:\\\/\\\/www.laguiadepamplona.com\\\/actualidad\\\/#organization\"},\"potentialAction\":[{\"@type\":\"SearchAction\",\"target\":{\"@type\":\"EntryPoint\",\"urlTemplate\":\"https:\\\/\\\/www.laguiadepamplona.com\\\/actualidad\\\/?s={search_term_string}\"},\"query-input\":{\"@type\":\"PropertyValueSpecification\",\"valueRequired\":true,\"valueName\":\"search_term_string\"}}],\"inLanguage\":\"es\"},{\"@type\":\"Organization\",\"@id\":\"https:\\\/\\\/www.laguiadepamplona.com\\\/actualidad\\\/#organization\",\"name\":\"La Gu\u00eda de Pamplona \\\/ Noticias\",\"url\":\"https:\\\/\\\/www.laguiadepamplona.com\\\/actualidad\\\/\",\"logo\":{\"@type\":\"ImageObject\",\"inLanguage\":\"es\",\"@id\":\"https:\\\/\\\/www.laguiadepamplona.com\\\/actualidad\\\/#\\\/schema\\\/logo\\\/image\\\/\",\"url\":\"https:\\\/\\\/www.laguiadepamplona.com\\\/actualidad\\\/wp-content\\\/uploads\\\/2018\\\/11\\\/logo-laguiadepamplona18-web1.png\",\"contentUrl\":\"https:\\\/\\\/www.laguiadepamplona.com\\\/actualidad\\\/wp-content\\\/uploads\\\/2018\\\/11\\\/logo-laguiadepamplona18-web1.png\",\"width\":600,\"height\":196,\"caption\":\"La Gu\u00eda de Pamplona \\\/ Noticias\"},\"image\":{\"@id\":\"https:\\\/\\\/www.laguiadepamplona.com\\\/actualidad\\\/#\\\/schema\\\/logo\\\/image\\\/\"},\"sameAs\":[\"https:\\\/\\\/www.facebook.com\\\/laguiadepamplonacom-133175176762273\\\/?ref=hl\",\"https:\\\/\\\/x.com\\\/LaGuiadPamplona\",\"https:\\\/\\\/www.instagram.com\\\/la_guia_de_pamplona\\\/\",\"https:\\\/\\\/www.youtube.com\\\/user\\\/laguiadepamplona\"]},{\"@type\":\"Person\",\"@id\":\"https:\\\/\\\/www.laguiadepamplona.com\\\/actualidad\\\/#\\\/schema\\\/person\\\/efe887376f0213d4657c93adc50b1fdb\",\"name\":\"La Gu\u00eda de Pamplona\",\"image\":{\"@type\":\"ImageObject\",\"inLanguage\":\"es\",\"@id\":\"https:\\\/\\\/secure.gravatar.com\\\/avatar\\\/b6992f131dc8d30ab0dff15446e9d346d9dbd95992de0fef795073f5ea83a81c?s=96&d=mm&r=g\",\"url\":\"https:\\\/\\\/secure.gravatar.com\\\/avatar\\\/b6992f131dc8d30ab0dff15446e9d346d9dbd95992de0fef795073f5ea83a81c?s=96&d=mm&r=g\",\"contentUrl\":\"https:\\\/\\\/secure.gravatar.com\\\/avatar\\\/b6992f131dc8d30ab0dff15446e9d346d9dbd95992de0fef795073f5ea83a81c?s=96&d=mm&r=g\",\"caption\":\"La Gu\u00eda de Pamplona\"}}]}<\/script>\n<!-- \/ Yoast SEO plugin. -->","yoast_head_json":{"title":"Obras de referencia de los fot\u00f3grafos Helena Almeida y Chema Madoz y sus procesos creativos, al descubierto en \u2018Dise\u00f1os habitados\u2019","description":"La muestra recoge obras de la colecci\u00f3n de Foto Colectania y la Colecci\u00f3n de Arte Contempor\u00e1neo del Ayuntamiento de Pamplona","robots":{"index":"index","follow":"follow","max-snippet":"max-snippet:-1","max-image-preview":"max-image-preview:large","max-video-preview":"max-video-preview:-1"},"canonical":"https:\/\/www.laguiadepamplona.com\/actualidad\/obras-de-referencia-de-los-fotografos-helena-almeida-y-chema-madoz-y-sus-procesos-creativos-al-descubierto-en-disenos-habitados\/","og_locale":"es_ES","og_type":"article","og_title":"Obras de referencia de los fot\u00f3grafos Helena Almeida y Chema Madoz y sus procesos creativos, al descubierto en \u2018Dise\u00f1os habitados\u2019","og_description":"La muestra recoge obras de la colecci\u00f3n de Foto Colectania y la Colecci\u00f3n de Arte Contempor\u00e1neo del Ayuntamiento de Pamplona","og_url":"https:\/\/www.laguiadepamplona.com\/actualidad\/obras-de-referencia-de-los-fotografos-helena-almeida-y-chema-madoz-y-sus-procesos-creativos-al-descubierto-en-disenos-habitados\/","og_site_name":"La Gu\u00eda de Pamplona","article_publisher":"https:\/\/www.facebook.com\/laguiadepamplonacom-133175176762273\/?ref=hl","article_published_time":"2023-10-05T15:29:42+00:00","og_image":[{"width":1200,"height":900,"url":"https:\/\/www.laguiadepamplona.com\/actualidad\/wp-content\/uploads\/2023\/10\/foto-expo-helena-almeida-chema-madoz.webp","type":"image\/webp"}],"author":"La Gu\u00eda de Pamplona","twitter_card":"summary_large_image","twitter_creator":"@LaGuiadPamplona","twitter_site":"@LaGuiadPamplona","twitter_misc":{"Escrito por":"La Gu\u00eda de Pamplona","Tiempo de lectura":"5 minutos"},"schema":{"@context":"https:\/\/schema.org","@graph":[{"@type":"Article","@id":"https:\/\/www.laguiadepamplona.com\/actualidad\/obras-de-referencia-de-los-fotografos-helena-almeida-y-chema-madoz-y-sus-procesos-creativos-al-descubierto-en-disenos-habitados\/#article","isPartOf":{"@id":"https:\/\/www.laguiadepamplona.com\/actualidad\/obras-de-referencia-de-los-fotografos-helena-almeida-y-chema-madoz-y-sus-procesos-creativos-al-descubierto-en-disenos-habitados\/"},"author":{"name":"La Gu\u00eda de Pamplona","@id":"https:\/\/www.laguiadepamplona.com\/actualidad\/#\/schema\/person\/efe887376f0213d4657c93adc50b1fdb"},"headline":"Obras de referencia de los fot\u00f3grafos Helena Almeida y Chema Madoz y sus procesos creativos, al descubierto en \u2018Dise\u00f1os habitados\u2019","datePublished":"2023-10-05T15:29:42+00:00","mainEntityOfPage":{"@id":"https:\/\/www.laguiadepamplona.com\/actualidad\/obras-de-referencia-de-los-fotografos-helena-almeida-y-chema-madoz-y-sus-procesos-creativos-al-descubierto-en-disenos-habitados\/"},"wordCount":994,"commentCount":0,"publisher":{"@id":"https:\/\/www.laguiadepamplona.com\/actualidad\/#organization"},"image":{"@id":"https:\/\/www.laguiadepamplona.com\/actualidad\/obras-de-referencia-de-los-fotografos-helena-almeida-y-chema-madoz-y-sus-procesos-creativos-al-descubierto-en-disenos-habitados\/#primaryimage"},"thumbnailUrl":"https:\/\/www.laguiadepamplona.com\/actualidad\/wp-content\/uploads\/2023\/10\/foto-expo-helena-almeida-chema-madoz.webp","articleSection":["Ayto Pamplona"],"inLanguage":"es","potentialAction":[{"@type":"CommentAction","name":"Comment","target":["https:\/\/www.laguiadepamplona.com\/actualidad\/obras-de-referencia-de-los-fotografos-helena-almeida-y-chema-madoz-y-sus-procesos-creativos-al-descubierto-en-disenos-habitados\/#respond"]}]},{"@type":"WebPage","@id":"https:\/\/www.laguiadepamplona.com\/actualidad\/obras-de-referencia-de-los-fotografos-helena-almeida-y-chema-madoz-y-sus-procesos-creativos-al-descubierto-en-disenos-habitados\/","url":"https:\/\/www.laguiadepamplona.com\/actualidad\/obras-de-referencia-de-los-fotografos-helena-almeida-y-chema-madoz-y-sus-procesos-creativos-al-descubierto-en-disenos-habitados\/","name":"Obras de referencia de los fot\u00f3grafos Helena Almeida y Chema Madoz y sus procesos creativos, al descubierto en \u2018Dise\u00f1os habitados\u2019","isPartOf":{"@id":"https:\/\/www.laguiadepamplona.com\/actualidad\/#website"},"primaryImageOfPage":{"@id":"https:\/\/www.laguiadepamplona.com\/actualidad\/obras-de-referencia-de-los-fotografos-helena-almeida-y-chema-madoz-y-sus-procesos-creativos-al-descubierto-en-disenos-habitados\/#primaryimage"},"image":{"@id":"https:\/\/www.laguiadepamplona.com\/actualidad\/obras-de-referencia-de-los-fotografos-helena-almeida-y-chema-madoz-y-sus-procesos-creativos-al-descubierto-en-disenos-habitados\/#primaryimage"},"thumbnailUrl":"https:\/\/www.laguiadepamplona.com\/actualidad\/wp-content\/uploads\/2023\/10\/foto-expo-helena-almeida-chema-madoz.webp","datePublished":"2023-10-05T15:29:42+00:00","description":"La muestra recoge obras de la colecci\u00f3n de Foto Colectania y la Colecci\u00f3n de Arte Contempor\u00e1neo del Ayuntamiento de Pamplona","breadcrumb":{"@id":"https:\/\/www.laguiadepamplona.com\/actualidad\/obras-de-referencia-de-los-fotografos-helena-almeida-y-chema-madoz-y-sus-procesos-creativos-al-descubierto-en-disenos-habitados\/#breadcrumb"},"inLanguage":"es","potentialAction":[{"@type":"ReadAction","target":["https:\/\/www.laguiadepamplona.com\/actualidad\/obras-de-referencia-de-los-fotografos-helena-almeida-y-chema-madoz-y-sus-procesos-creativos-al-descubierto-en-disenos-habitados\/"]}]},{"@type":"ImageObject","inLanguage":"es","@id":"https:\/\/www.laguiadepamplona.com\/actualidad\/obras-de-referencia-de-los-fotografos-helena-almeida-y-chema-madoz-y-sus-procesos-creativos-al-descubierto-en-disenos-habitados\/#primaryimage","url":"https:\/\/www.laguiadepamplona.com\/actualidad\/wp-content\/uploads\/2023\/10\/foto-expo-helena-almeida-chema-madoz.webp","contentUrl":"https:\/\/www.laguiadepamplona.com\/actualidad\/wp-content\/uploads\/2023\/10\/foto-expo-helena-almeida-chema-madoz.webp","width":1200,"height":900,"caption":"foto expo helena almeida chema madoz"},{"@type":"BreadcrumbList","@id":"https:\/\/www.laguiadepamplona.com\/actualidad\/obras-de-referencia-de-los-fotografos-helena-almeida-y-chema-madoz-y-sus-procesos-creativos-al-descubierto-en-disenos-habitados\/#breadcrumb","itemListElement":[{"@type":"ListItem","position":1,"name":"Portada","item":"https:\/\/www.laguiadepamplona.com\/actualidad\/"},{"@type":"ListItem","position":2,"name":"Obras de referencia de los fot\u00f3grafos Helena Almeida y Chema Madoz y sus procesos creativos, al descubierto en \u2018Dise\u00f1os habitados\u2019"}]},{"@type":"WebSite","@id":"https:\/\/www.laguiadepamplona.com\/actualidad\/#website","url":"https:\/\/www.laguiadepamplona.com\/actualidad\/","name":"La gu\u00eda de Pamplona","description":"Noticias de Pamplona","publisher":{"@id":"https:\/\/www.laguiadepamplona.com\/actualidad\/#organization"},"potentialAction":[{"@type":"SearchAction","target":{"@type":"EntryPoint","urlTemplate":"https:\/\/www.laguiadepamplona.com\/actualidad\/?s={search_term_string}"},"query-input":{"@type":"PropertyValueSpecification","valueRequired":true,"valueName":"search_term_string"}}],"inLanguage":"es"},{"@type":"Organization","@id":"https:\/\/www.laguiadepamplona.com\/actualidad\/#organization","name":"La Gu\u00eda de Pamplona \/ Noticias","url":"https:\/\/www.laguiadepamplona.com\/actualidad\/","logo":{"@type":"ImageObject","inLanguage":"es","@id":"https:\/\/www.laguiadepamplona.com\/actualidad\/#\/schema\/logo\/image\/","url":"https:\/\/www.laguiadepamplona.com\/actualidad\/wp-content\/uploads\/2018\/11\/logo-laguiadepamplona18-web1.png","contentUrl":"https:\/\/www.laguiadepamplona.com\/actualidad\/wp-content\/uploads\/2018\/11\/logo-laguiadepamplona18-web1.png","width":600,"height":196,"caption":"La Gu\u00eda de Pamplona \/ Noticias"},"image":{"@id":"https:\/\/www.laguiadepamplona.com\/actualidad\/#\/schema\/logo\/image\/"},"sameAs":["https:\/\/www.facebook.com\/laguiadepamplonacom-133175176762273\/?ref=hl","https:\/\/x.com\/LaGuiadPamplona","https:\/\/www.instagram.com\/la_guia_de_pamplona\/","https:\/\/www.youtube.com\/user\/laguiadepamplona"]},{"@type":"Person","@id":"https:\/\/www.laguiadepamplona.com\/actualidad\/#\/schema\/person\/efe887376f0213d4657c93adc50b1fdb","name":"La Gu\u00eda de Pamplona","image":{"@type":"ImageObject","inLanguage":"es","@id":"https:\/\/secure.gravatar.com\/avatar\/b6992f131dc8d30ab0dff15446e9d346d9dbd95992de0fef795073f5ea83a81c?s=96&d=mm&r=g","url":"https:\/\/secure.gravatar.com\/avatar\/b6992f131dc8d30ab0dff15446e9d346d9dbd95992de0fef795073f5ea83a81c?s=96&d=mm&r=g","contentUrl":"https:\/\/secure.gravatar.com\/avatar\/b6992f131dc8d30ab0dff15446e9d346d9dbd95992de0fef795073f5ea83a81c?s=96&d=mm&r=g","caption":"La Gu\u00eda de Pamplona"}}]}},"post_mailing_queue_ids":[],"_links":{"self":[{"href":"https:\/\/www.laguiadepamplona.com\/actualidad\/wp-json\/wp\/v2\/posts\/47503","targetHints":{"allow":["GET"]}}],"collection":[{"href":"https:\/\/www.laguiadepamplona.com\/actualidad\/wp-json\/wp\/v2\/posts"}],"about":[{"href":"https:\/\/www.laguiadepamplona.com\/actualidad\/wp-json\/wp\/v2\/types\/post"}],"author":[{"embeddable":true,"href":"https:\/\/www.laguiadepamplona.com\/actualidad\/wp-json\/wp\/v2\/users\/1"}],"replies":[{"embeddable":true,"href":"https:\/\/www.laguiadepamplona.com\/actualidad\/wp-json\/wp\/v2\/comments?post=47503"}],"version-history":[{"count":1,"href":"https:\/\/www.laguiadepamplona.com\/actualidad\/wp-json\/wp\/v2\/posts\/47503\/revisions"}],"predecessor-version":[{"id":47505,"href":"https:\/\/www.laguiadepamplona.com\/actualidad\/wp-json\/wp\/v2\/posts\/47503\/revisions\/47505"}],"wp:featuredmedia":[{"embeddable":true,"href":"https:\/\/www.laguiadepamplona.com\/actualidad\/wp-json\/wp\/v2\/media\/47504"}],"wp:attachment":[{"href":"https:\/\/www.laguiadepamplona.com\/actualidad\/wp-json\/wp\/v2\/media?parent=47503"}],"wp:term":[{"taxonomy":"category","embeddable":true,"href":"https:\/\/www.laguiadepamplona.com\/actualidad\/wp-json\/wp\/v2\/categories?post=47503"},{"taxonomy":"post_tag","embeddable":true,"href":"https:\/\/www.laguiadepamplona.com\/actualidad\/wp-json\/wp\/v2\/tags?post=47503"}],"curies":[{"name":"wp","href":"https:\/\/api.w.org\/{rel}","templated":true}]}}