{"id":47500,"date":"2023-10-05T17:25:30","date_gmt":"2023-10-05T15:25:30","guid":{"rendered":"https:\/\/www.laguiadepamplona.com\/actualidad\/?p=47500"},"modified":"2023-10-05T17:25:30","modified_gmt":"2023-10-05T15:25:30","slug":"la-alcaldesa-de-pamplona-mantiene-un-encuentro-con-profesionales-de-aspace-navarra-y-familiares-de-ninos-y-ninas-con-paralisis-cerebral","status":"publish","type":"post","link":"https:\/\/www.laguiadepamplona.com\/actualidad\/la-alcaldesa-de-pamplona-mantiene-un-encuentro-con-profesionales-de-aspace-navarra-y-familiares-de-ninos-y-ninas-con-paralisis-cerebral\/","title":{"rendered":"La alcaldesa de Pamplona mantiene un encuentro con profesionales de ASPACE NAVARRA y familiares de ni\u00f1os y ni\u00f1as con par\u00e1lisis cerebral"},"content":{"rendered":"<h3>Ma\u00f1ana viernes 6 de octubre se celebra el D\u00eda Mundial de la Par\u00e1lisis Cerebral<\/h3>\n<p><!--more--><\/p>\n<p>La alcaldesa de Pamplona, Cristina Ibarrola, ha visitado esta ma\u00f1ana la sede de ASPACE en el barrio de Iturrama, en vispera de la celebraci\u00f3n ma\u00f1ana viernes del D\u00eda Mundial de la Par\u00e1lisis Cerebral. All\u00ed, ha mantenido un encuentro con profesionales de ASPACE y con familiares de ni\u00f1os y ni\u00f1as con par\u00e1lisis cerebral. En la reuni\u00f3n ha estado acompa\u00f1ada por el presidente de ASPACE Navarra, David Erice, el director general, Rafael Olleta y la directora del servicio SAOR (Servicio de Acogida, Orientaci\u00f3n y Rehabilitaci\u00f3n), Ana Abaurrea.<br \/>\n<script async src=\"\/\/pagead2.googlesyndication.com\/pagead\/js\/adsbygoogle.js\"><\/script><br \/>\n<!-- Noticias La Guia de Pamplona --><br \/>\n<ins class=\"adsbygoogle\"\nstyle=\"display:block\"\ndata-ad-client=\"ca-pub-6943679897239327\"\ndata-ad-slot=\"7048180777\"\ndata-ad-format=\"auto\"><\/ins><br \/>\n<script>\n(adsbygoogle = window.adsbygoogle || []).push({});\n<\/script><\/p>\n<p>Este a\u00f1o la sensibilizaci\u00f3n en torno a la par\u00e1lisis cerebral se centra en la atenci\u00f3n temprana para responder lo antes posible a las necesidades que presentan menores de 0 a 6 a\u00f1os con trastornos en su desarrollo. Reivindican que la atenci\u00f3n temprada deber\u00eda ser universal, gratuita, multidisciplinar y, en el caso de las grandes necesidades de apoyo, ofrecer un modelo mixto que permita construir apoyos en comunidad y facilitar la conciliaci\u00f3n a las familias. De ah\u00ed el lema \u2018He nacido para vivir la vida\u2019, elegido para este 6 de octubre, ya que es en la atenci\u00f3n temprana cuando los menores con par\u00e1lisis cerebral han de comenzar a recibir herramientas para su vida independiente.<\/p>\n<p>En el encuentro, se ha hablado de la posibilidad de colaborar para llevar a cabo acciones que den a conocer, tanto a profesionales como a la sociedad en general, el servicio de atenci\u00f3n temprana y su importancia. Asimismo, se ha puesto como ejemplo la idea de organizar charlas informativas en las escuelas infantiles municipales.<br \/>\n<script async src=\"\/\/pagead2.googlesyndication.com\/pagead\/js\/adsbygoogle.js\"><\/script><br \/>\n<!-- Noticias La Guia de Pamplona --><br \/>\n<ins class=\"adsbygoogle\"\nstyle=\"display:block\"\ndata-ad-client=\"ca-pub-6943679897239327\"\ndata-ad-slot=\"7048180777\"\ndata-ad-format=\"auto\"><\/ins><br \/>\n<script>\n(adsbygoogle = window.adsbygoogle || []).push({});\n<\/script><\/p>\n<p>Ma\u00f1ana viernes, ASPACE celebrar\u00e1 el D\u00eda Mundial de la Par\u00e1lisis Cerebral con un acto a mediod\u00eda en la Plaza Consistorial en el que intervendr\u00e1 el vicepresidente de ASPACE Navarra, Pablo Aldaz, y el vicealcalde de Pamplona, Carlos Salvador. Personas con par\u00e1lisis cerebral leer\u00e1n un manifiesto y, despu\u00e9s, se invitar\u00e1 a cualquier persona a poner su huella en un mural como acci\u00f3n para visibilizar el apoyo social.<\/p>\n","protected":false},"excerpt":{"rendered":"<p>Ma\u00f1ana viernes 6 de octubre se celebra el D\u00eda Mundial de la Par\u00e1lisis Cerebral<\/p>\n","protected":false},"author":1,"featured_media":47501,"comment_status":"open","ping_status":"closed","sticky":false,"template":"","format":"standard","meta":{"footnotes":""},"categories":[2],"tags":[],"class_list":["post-47500","post","type-post","status-publish","format-standard","has-post-thumbnail","hentry","category-ayuntamiento-pamplona"],"yoast_head":"<!-- This site is optimized with the Yoast SEO plugin v27.3 - https:\/\/yoast.com\/product\/yoast-seo-wordpress\/ -->\n<title>La alcaldesa de Pamplona mantiene un encuentro con profesionales de ASPACE NAVARRA y familiares de ni\u00f1os y ni\u00f1as con par\u00e1lisis cerebral<\/title>\n<meta name=\"description\" content=\"Ma\u00f1ana viernes 6 de octubre se celebra el D\u00eda Mundial de la Par\u00e1lisis Cerebral\" \/>\n<meta name=\"robots\" content=\"index, follow, max-snippet:-1, max-image-preview:large, max-video-preview:-1\" \/>\n<link rel=\"canonical\" href=\"https:\/\/www.laguiadepamplona.com\/actualidad\/la-alcaldesa-de-pamplona-mantiene-un-encuentro-con-profesionales-de-aspace-navarra-y-familiares-de-ninos-y-ninas-con-paralisis-cerebral\/\" \/>\n<meta property=\"og:locale\" content=\"es_ES\" \/>\n<meta property=\"og:type\" content=\"article\" \/>\n<meta property=\"og:title\" content=\"La alcaldesa de Pamplona mantiene un encuentro con profesionales de ASPACE NAVARRA y familiares de ni\u00f1os y ni\u00f1as con par\u00e1lisis cerebral\" \/>\n<meta property=\"og:description\" content=\"Ma\u00f1ana viernes 6 de octubre se celebra el D\u00eda Mundial de la Par\u00e1lisis Cerebral\" \/>\n<meta property=\"og:url\" content=\"https:\/\/www.laguiadepamplona.com\/actualidad\/la-alcaldesa-de-pamplona-mantiene-un-encuentro-con-profesionales-de-aspace-navarra-y-familiares-de-ninos-y-ninas-con-paralisis-cerebral\/\" \/>\n<meta property=\"og:site_name\" content=\"La Gu\u00eda de Pamplona\" \/>\n<meta property=\"article:publisher\" content=\"https:\/\/www.facebook.com\/laguiadepamplonacom-133175176762273\/?ref=hl\" \/>\n<meta property=\"article:published_time\" content=\"2023-10-05T15:25:30+00:00\" \/>\n<meta property=\"og:image\" content=\"https:\/\/www.laguiadepamplona.com\/actualidad\/wp-content\/uploads\/2023\/10\/20231005aspaceq5a2116.webp\" \/>\n\t<meta property=\"og:image:width\" content=\"1200\" \/>\n\t<meta property=\"og:image:height\" content=\"800\" \/>\n\t<meta property=\"og:image:type\" content=\"image\/webp\" \/>\n<meta name=\"author\" content=\"La Gu\u00eda de Pamplona\" \/>\n<meta name=\"twitter:card\" content=\"summary_large_image\" \/>\n<meta name=\"twitter:creator\" content=\"@LaGuiadPamplona\" \/>\n<meta name=\"twitter:site\" content=\"@LaGuiadPamplona\" \/>\n<meta name=\"twitter:label1\" content=\"Escrito por\" \/>\n\t<meta name=\"twitter:data1\" content=\"La Gu\u00eda de Pamplona\" \/>\n\t<meta name=\"twitter:label2\" content=\"Tiempo de lectura\" \/>\n\t<meta name=\"twitter:data2\" content=\"2 minutos\" \/>\n<script type=\"application\/ld+json\" class=\"yoast-schema-graph\">{\"@context\":\"https:\\\/\\\/schema.org\",\"@graph\":[{\"@type\":\"Article\",\"@id\":\"https:\\\/\\\/www.laguiadepamplona.com\\\/actualidad\\\/la-alcaldesa-de-pamplona-mantiene-un-encuentro-con-profesionales-de-aspace-navarra-y-familiares-de-ninos-y-ninas-con-paralisis-cerebral\\\/#article\",\"isPartOf\":{\"@id\":\"https:\\\/\\\/www.laguiadepamplona.com\\\/actualidad\\\/la-alcaldesa-de-pamplona-mantiene-un-encuentro-con-profesionales-de-aspace-navarra-y-familiares-de-ninos-y-ninas-con-paralisis-cerebral\\\/\"},\"author\":{\"name\":\"La Gu\u00eda de Pamplona\",\"@id\":\"https:\\\/\\\/www.laguiadepamplona.com\\\/actualidad\\\/#\\\/schema\\\/person\\\/efe887376f0213d4657c93adc50b1fdb\"},\"headline\":\"La alcaldesa de Pamplona mantiene un encuentro con profesionales de ASPACE NAVARRA y familiares de ni\u00f1os y ni\u00f1as con par\u00e1lisis cerebral\",\"datePublished\":\"2023-10-05T15:25:30+00:00\",\"mainEntityOfPage\":{\"@id\":\"https:\\\/\\\/www.laguiadepamplona.com\\\/actualidad\\\/la-alcaldesa-de-pamplona-mantiene-un-encuentro-con-profesionales-de-aspace-navarra-y-familiares-de-ninos-y-ninas-con-paralisis-cerebral\\\/\"},\"wordCount\":386,\"commentCount\":0,\"publisher\":{\"@id\":\"https:\\\/\\\/www.laguiadepamplona.com\\\/actualidad\\\/#organization\"},\"image\":{\"@id\":\"https:\\\/\\\/www.laguiadepamplona.com\\\/actualidad\\\/la-alcaldesa-de-pamplona-mantiene-un-encuentro-con-profesionales-de-aspace-navarra-y-familiares-de-ninos-y-ninas-con-paralisis-cerebral\\\/#primaryimage\"},\"thumbnailUrl\":\"https:\\\/\\\/www.laguiadepamplona.com\\\/actualidad\\\/wp-content\\\/uploads\\\/2023\\\/10\\\/20231005aspaceq5a2116.webp\",\"articleSection\":[\"Ayto Pamplona\"],\"inLanguage\":\"es\",\"potentialAction\":[{\"@type\":\"CommentAction\",\"name\":\"Comment\",\"target\":[\"https:\\\/\\\/www.laguiadepamplona.com\\\/actualidad\\\/la-alcaldesa-de-pamplona-mantiene-un-encuentro-con-profesionales-de-aspace-navarra-y-familiares-de-ninos-y-ninas-con-paralisis-cerebral\\\/#respond\"]}]},{\"@type\":\"WebPage\",\"@id\":\"https:\\\/\\\/www.laguiadepamplona.com\\\/actualidad\\\/la-alcaldesa-de-pamplona-mantiene-un-encuentro-con-profesionales-de-aspace-navarra-y-familiares-de-ninos-y-ninas-con-paralisis-cerebral\\\/\",\"url\":\"https:\\\/\\\/www.laguiadepamplona.com\\\/actualidad\\\/la-alcaldesa-de-pamplona-mantiene-un-encuentro-con-profesionales-de-aspace-navarra-y-familiares-de-ninos-y-ninas-con-paralisis-cerebral\\\/\",\"name\":\"La alcaldesa de Pamplona mantiene un encuentro con profesionales de ASPACE NAVARRA y familiares de ni\u00f1os y ni\u00f1as con par\u00e1lisis cerebral\",\"isPartOf\":{\"@id\":\"https:\\\/\\\/www.laguiadepamplona.com\\\/actualidad\\\/#website\"},\"primaryImageOfPage\":{\"@id\":\"https:\\\/\\\/www.laguiadepamplona.com\\\/actualidad\\\/la-alcaldesa-de-pamplona-mantiene-un-encuentro-con-profesionales-de-aspace-navarra-y-familiares-de-ninos-y-ninas-con-paralisis-cerebral\\\/#primaryimage\"},\"image\":{\"@id\":\"https:\\\/\\\/www.laguiadepamplona.com\\\/actualidad\\\/la-alcaldesa-de-pamplona-mantiene-un-encuentro-con-profesionales-de-aspace-navarra-y-familiares-de-ninos-y-ninas-con-paralisis-cerebral\\\/#primaryimage\"},\"thumbnailUrl\":\"https:\\\/\\\/www.laguiadepamplona.com\\\/actualidad\\\/wp-content\\\/uploads\\\/2023\\\/10\\\/20231005aspaceq5a2116.webp\",\"datePublished\":\"2023-10-05T15:25:30+00:00\",\"description\":\"Ma\u00f1ana viernes 6 de octubre se celebra el D\u00eda Mundial de la Par\u00e1lisis Cerebral\",\"breadcrumb\":{\"@id\":\"https:\\\/\\\/www.laguiadepamplona.com\\\/actualidad\\\/la-alcaldesa-de-pamplona-mantiene-un-encuentro-con-profesionales-de-aspace-navarra-y-familiares-de-ninos-y-ninas-con-paralisis-cerebral\\\/#breadcrumb\"},\"inLanguage\":\"es\",\"potentialAction\":[{\"@type\":\"ReadAction\",\"target\":[\"https:\\\/\\\/www.laguiadepamplona.com\\\/actualidad\\\/la-alcaldesa-de-pamplona-mantiene-un-encuentro-con-profesionales-de-aspace-navarra-y-familiares-de-ninos-y-ninas-con-paralisis-cerebral\\\/\"]}]},{\"@type\":\"ImageObject\",\"inLanguage\":\"es\",\"@id\":\"https:\\\/\\\/www.laguiadepamplona.com\\\/actualidad\\\/la-alcaldesa-de-pamplona-mantiene-un-encuentro-con-profesionales-de-aspace-navarra-y-familiares-de-ninos-y-ninas-con-paralisis-cerebral\\\/#primaryimage\",\"url\":\"https:\\\/\\\/www.laguiadepamplona.com\\\/actualidad\\\/wp-content\\\/uploads\\\/2023\\\/10\\\/20231005aspaceq5a2116.webp\",\"contentUrl\":\"https:\\\/\\\/www.laguiadepamplona.com\\\/actualidad\\\/wp-content\\\/uploads\\\/2023\\\/10\\\/20231005aspaceq5a2116.webp\",\"width\":1200,\"height\":800,\"caption\":\"aspace navarra\"},{\"@type\":\"BreadcrumbList\",\"@id\":\"https:\\\/\\\/www.laguiadepamplona.com\\\/actualidad\\\/la-alcaldesa-de-pamplona-mantiene-un-encuentro-con-profesionales-de-aspace-navarra-y-familiares-de-ninos-y-ninas-con-paralisis-cerebral\\\/#breadcrumb\",\"itemListElement\":[{\"@type\":\"ListItem\",\"position\":1,\"name\":\"Portada\",\"item\":\"https:\\\/\\\/www.laguiadepamplona.com\\\/actualidad\\\/\"},{\"@type\":\"ListItem\",\"position\":2,\"name\":\"La alcaldesa de Pamplona mantiene un encuentro con profesionales de ASPACE NAVARRA y familiares de ni\u00f1os y ni\u00f1as con par\u00e1lisis cerebral\"}]},{\"@type\":\"WebSite\",\"@id\":\"https:\\\/\\\/www.laguiadepamplona.com\\\/actualidad\\\/#website\",\"url\":\"https:\\\/\\\/www.laguiadepamplona.com\\\/actualidad\\\/\",\"name\":\"La gu\u00eda de Pamplona\",\"description\":\"Noticias de Pamplona\",\"publisher\":{\"@id\":\"https:\\\/\\\/www.laguiadepamplona.com\\\/actualidad\\\/#organization\"},\"potentialAction\":[{\"@type\":\"SearchAction\",\"target\":{\"@type\":\"EntryPoint\",\"urlTemplate\":\"https:\\\/\\\/www.laguiadepamplona.com\\\/actualidad\\\/?s={search_term_string}\"},\"query-input\":{\"@type\":\"PropertyValueSpecification\",\"valueRequired\":true,\"valueName\":\"search_term_string\"}}],\"inLanguage\":\"es\"},{\"@type\":\"Organization\",\"@id\":\"https:\\\/\\\/www.laguiadepamplona.com\\\/actualidad\\\/#organization\",\"name\":\"La Gu\u00eda de Pamplona \\\/ Noticias\",\"url\":\"https:\\\/\\\/www.laguiadepamplona.com\\\/actualidad\\\/\",\"logo\":{\"@type\":\"ImageObject\",\"inLanguage\":\"es\",\"@id\":\"https:\\\/\\\/www.laguiadepamplona.com\\\/actualidad\\\/#\\\/schema\\\/logo\\\/image\\\/\",\"url\":\"https:\\\/\\\/www.laguiadepamplona.com\\\/actualidad\\\/wp-content\\\/uploads\\\/2018\\\/11\\\/logo-laguiadepamplona18-web1.png\",\"contentUrl\":\"https:\\\/\\\/www.laguiadepamplona.com\\\/actualidad\\\/wp-content\\\/uploads\\\/2018\\\/11\\\/logo-laguiadepamplona18-web1.png\",\"width\":600,\"height\":196,\"caption\":\"La Gu\u00eda de Pamplona \\\/ Noticias\"},\"image\":{\"@id\":\"https:\\\/\\\/www.laguiadepamplona.com\\\/actualidad\\\/#\\\/schema\\\/logo\\\/image\\\/\"},\"sameAs\":[\"https:\\\/\\\/www.facebook.com\\\/laguiadepamplonacom-133175176762273\\\/?ref=hl\",\"https:\\\/\\\/x.com\\\/LaGuiadPamplona\",\"https:\\\/\\\/www.instagram.com\\\/la_guia_de_pamplona\\\/\",\"https:\\\/\\\/www.youtube.com\\\/user\\\/laguiadepamplona\"]},{\"@type\":\"Person\",\"@id\":\"https:\\\/\\\/www.laguiadepamplona.com\\\/actualidad\\\/#\\\/schema\\\/person\\\/efe887376f0213d4657c93adc50b1fdb\",\"name\":\"La Gu\u00eda de Pamplona\",\"image\":{\"@type\":\"ImageObject\",\"inLanguage\":\"es\",\"@id\":\"https:\\\/\\\/secure.gravatar.com\\\/avatar\\\/b6992f131dc8d30ab0dff15446e9d346d9dbd95992de0fef795073f5ea83a81c?s=96&d=mm&r=g\",\"url\":\"https:\\\/\\\/secure.gravatar.com\\\/avatar\\\/b6992f131dc8d30ab0dff15446e9d346d9dbd95992de0fef795073f5ea83a81c?s=96&d=mm&r=g\",\"contentUrl\":\"https:\\\/\\\/secure.gravatar.com\\\/avatar\\\/b6992f131dc8d30ab0dff15446e9d346d9dbd95992de0fef795073f5ea83a81c?s=96&d=mm&r=g\",\"caption\":\"La Gu\u00eda de Pamplona\"}}]}<\/script>\n<!-- \/ Yoast SEO plugin. -->","yoast_head_json":{"title":"La alcaldesa de Pamplona mantiene un encuentro con profesionales de ASPACE NAVARRA y familiares de ni\u00f1os y ni\u00f1as con par\u00e1lisis cerebral","description":"Ma\u00f1ana viernes 6 de octubre se celebra el D\u00eda Mundial de la Par\u00e1lisis Cerebral","robots":{"index":"index","follow":"follow","max-snippet":"max-snippet:-1","max-image-preview":"max-image-preview:large","max-video-preview":"max-video-preview:-1"},"canonical":"https:\/\/www.laguiadepamplona.com\/actualidad\/la-alcaldesa-de-pamplona-mantiene-un-encuentro-con-profesionales-de-aspace-navarra-y-familiares-de-ninos-y-ninas-con-paralisis-cerebral\/","og_locale":"es_ES","og_type":"article","og_title":"La alcaldesa de Pamplona mantiene un encuentro con profesionales de ASPACE NAVARRA y familiares de ni\u00f1os y ni\u00f1as con par\u00e1lisis cerebral","og_description":"Ma\u00f1ana viernes 6 de octubre se celebra el D\u00eda Mundial de la Par\u00e1lisis Cerebral","og_url":"https:\/\/www.laguiadepamplona.com\/actualidad\/la-alcaldesa-de-pamplona-mantiene-un-encuentro-con-profesionales-de-aspace-navarra-y-familiares-de-ninos-y-ninas-con-paralisis-cerebral\/","og_site_name":"La Gu\u00eda de Pamplona","article_publisher":"https:\/\/www.facebook.com\/laguiadepamplonacom-133175176762273\/?ref=hl","article_published_time":"2023-10-05T15:25:30+00:00","og_image":[{"width":1200,"height":800,"url":"https:\/\/www.laguiadepamplona.com\/actualidad\/wp-content\/uploads\/2023\/10\/20231005aspaceq5a2116.webp","type":"image\/webp"}],"author":"La Gu\u00eda de Pamplona","twitter_card":"summary_large_image","twitter_creator":"@LaGuiadPamplona","twitter_site":"@LaGuiadPamplona","twitter_misc":{"Escrito por":"La Gu\u00eda de Pamplona","Tiempo de lectura":"2 minutos"},"schema":{"@context":"https:\/\/schema.org","@graph":[{"@type":"Article","@id":"https:\/\/www.laguiadepamplona.com\/actualidad\/la-alcaldesa-de-pamplona-mantiene-un-encuentro-con-profesionales-de-aspace-navarra-y-familiares-de-ninos-y-ninas-con-paralisis-cerebral\/#article","isPartOf":{"@id":"https:\/\/www.laguiadepamplona.com\/actualidad\/la-alcaldesa-de-pamplona-mantiene-un-encuentro-con-profesionales-de-aspace-navarra-y-familiares-de-ninos-y-ninas-con-paralisis-cerebral\/"},"author":{"name":"La Gu\u00eda de Pamplona","@id":"https:\/\/www.laguiadepamplona.com\/actualidad\/#\/schema\/person\/efe887376f0213d4657c93adc50b1fdb"},"headline":"La alcaldesa de Pamplona mantiene un encuentro con profesionales de ASPACE NAVARRA y familiares de ni\u00f1os y ni\u00f1as con par\u00e1lisis cerebral","datePublished":"2023-10-05T15:25:30+00:00","mainEntityOfPage":{"@id":"https:\/\/www.laguiadepamplona.com\/actualidad\/la-alcaldesa-de-pamplona-mantiene-un-encuentro-con-profesionales-de-aspace-navarra-y-familiares-de-ninos-y-ninas-con-paralisis-cerebral\/"},"wordCount":386,"commentCount":0,"publisher":{"@id":"https:\/\/www.laguiadepamplona.com\/actualidad\/#organization"},"image":{"@id":"https:\/\/www.laguiadepamplona.com\/actualidad\/la-alcaldesa-de-pamplona-mantiene-un-encuentro-con-profesionales-de-aspace-navarra-y-familiares-de-ninos-y-ninas-con-paralisis-cerebral\/#primaryimage"},"thumbnailUrl":"https:\/\/www.laguiadepamplona.com\/actualidad\/wp-content\/uploads\/2023\/10\/20231005aspaceq5a2116.webp","articleSection":["Ayto Pamplona"],"inLanguage":"es","potentialAction":[{"@type":"CommentAction","name":"Comment","target":["https:\/\/www.laguiadepamplona.com\/actualidad\/la-alcaldesa-de-pamplona-mantiene-un-encuentro-con-profesionales-de-aspace-navarra-y-familiares-de-ninos-y-ninas-con-paralisis-cerebral\/#respond"]}]},{"@type":"WebPage","@id":"https:\/\/www.laguiadepamplona.com\/actualidad\/la-alcaldesa-de-pamplona-mantiene-un-encuentro-con-profesionales-de-aspace-navarra-y-familiares-de-ninos-y-ninas-con-paralisis-cerebral\/","url":"https:\/\/www.laguiadepamplona.com\/actualidad\/la-alcaldesa-de-pamplona-mantiene-un-encuentro-con-profesionales-de-aspace-navarra-y-familiares-de-ninos-y-ninas-con-paralisis-cerebral\/","name":"La alcaldesa de Pamplona mantiene un encuentro con profesionales de ASPACE NAVARRA y familiares de ni\u00f1os y ni\u00f1as con par\u00e1lisis cerebral","isPartOf":{"@id":"https:\/\/www.laguiadepamplona.com\/actualidad\/#website"},"primaryImageOfPage":{"@id":"https:\/\/www.laguiadepamplona.com\/actualidad\/la-alcaldesa-de-pamplona-mantiene-un-encuentro-con-profesionales-de-aspace-navarra-y-familiares-de-ninos-y-ninas-con-paralisis-cerebral\/#primaryimage"},"image":{"@id":"https:\/\/www.laguiadepamplona.com\/actualidad\/la-alcaldesa-de-pamplona-mantiene-un-encuentro-con-profesionales-de-aspace-navarra-y-familiares-de-ninos-y-ninas-con-paralisis-cerebral\/#primaryimage"},"thumbnailUrl":"https:\/\/www.laguiadepamplona.com\/actualidad\/wp-content\/uploads\/2023\/10\/20231005aspaceq5a2116.webp","datePublished":"2023-10-05T15:25:30+00:00","description":"Ma\u00f1ana viernes 6 de octubre se celebra el D\u00eda Mundial de la Par\u00e1lisis Cerebral","breadcrumb":{"@id":"https:\/\/www.laguiadepamplona.com\/actualidad\/la-alcaldesa-de-pamplona-mantiene-un-encuentro-con-profesionales-de-aspace-navarra-y-familiares-de-ninos-y-ninas-con-paralisis-cerebral\/#breadcrumb"},"inLanguage":"es","potentialAction":[{"@type":"ReadAction","target":["https:\/\/www.laguiadepamplona.com\/actualidad\/la-alcaldesa-de-pamplona-mantiene-un-encuentro-con-profesionales-de-aspace-navarra-y-familiares-de-ninos-y-ninas-con-paralisis-cerebral\/"]}]},{"@type":"ImageObject","inLanguage":"es","@id":"https:\/\/www.laguiadepamplona.com\/actualidad\/la-alcaldesa-de-pamplona-mantiene-un-encuentro-con-profesionales-de-aspace-navarra-y-familiares-de-ninos-y-ninas-con-paralisis-cerebral\/#primaryimage","url":"https:\/\/www.laguiadepamplona.com\/actualidad\/wp-content\/uploads\/2023\/10\/20231005aspaceq5a2116.webp","contentUrl":"https:\/\/www.laguiadepamplona.com\/actualidad\/wp-content\/uploads\/2023\/10\/20231005aspaceq5a2116.webp","width":1200,"height":800,"caption":"aspace navarra"},{"@type":"BreadcrumbList","@id":"https:\/\/www.laguiadepamplona.com\/actualidad\/la-alcaldesa-de-pamplona-mantiene-un-encuentro-con-profesionales-de-aspace-navarra-y-familiares-de-ninos-y-ninas-con-paralisis-cerebral\/#breadcrumb","itemListElement":[{"@type":"ListItem","position":1,"name":"Portada","item":"https:\/\/www.laguiadepamplona.com\/actualidad\/"},{"@type":"ListItem","position":2,"name":"La alcaldesa de Pamplona mantiene un encuentro con profesionales de ASPACE NAVARRA y familiares de ni\u00f1os y ni\u00f1as con par\u00e1lisis cerebral"}]},{"@type":"WebSite","@id":"https:\/\/www.laguiadepamplona.com\/actualidad\/#website","url":"https:\/\/www.laguiadepamplona.com\/actualidad\/","name":"La gu\u00eda de Pamplona","description":"Noticias de Pamplona","publisher":{"@id":"https:\/\/www.laguiadepamplona.com\/actualidad\/#organization"},"potentialAction":[{"@type":"SearchAction","target":{"@type":"EntryPoint","urlTemplate":"https:\/\/www.laguiadepamplona.com\/actualidad\/?s={search_term_string}"},"query-input":{"@type":"PropertyValueSpecification","valueRequired":true,"valueName":"search_term_string"}}],"inLanguage":"es"},{"@type":"Organization","@id":"https:\/\/www.laguiadepamplona.com\/actualidad\/#organization","name":"La Gu\u00eda de Pamplona \/ Noticias","url":"https:\/\/www.laguiadepamplona.com\/actualidad\/","logo":{"@type":"ImageObject","inLanguage":"es","@id":"https:\/\/www.laguiadepamplona.com\/actualidad\/#\/schema\/logo\/image\/","url":"https:\/\/www.laguiadepamplona.com\/actualidad\/wp-content\/uploads\/2018\/11\/logo-laguiadepamplona18-web1.png","contentUrl":"https:\/\/www.laguiadepamplona.com\/actualidad\/wp-content\/uploads\/2018\/11\/logo-laguiadepamplona18-web1.png","width":600,"height":196,"caption":"La Gu\u00eda de Pamplona \/ Noticias"},"image":{"@id":"https:\/\/www.laguiadepamplona.com\/actualidad\/#\/schema\/logo\/image\/"},"sameAs":["https:\/\/www.facebook.com\/laguiadepamplonacom-133175176762273\/?ref=hl","https:\/\/x.com\/LaGuiadPamplona","https:\/\/www.instagram.com\/la_guia_de_pamplona\/","https:\/\/www.youtube.com\/user\/laguiadepamplona"]},{"@type":"Person","@id":"https:\/\/www.laguiadepamplona.com\/actualidad\/#\/schema\/person\/efe887376f0213d4657c93adc50b1fdb","name":"La Gu\u00eda de Pamplona","image":{"@type":"ImageObject","inLanguage":"es","@id":"https:\/\/secure.gravatar.com\/avatar\/b6992f131dc8d30ab0dff15446e9d346d9dbd95992de0fef795073f5ea83a81c?s=96&d=mm&r=g","url":"https:\/\/secure.gravatar.com\/avatar\/b6992f131dc8d30ab0dff15446e9d346d9dbd95992de0fef795073f5ea83a81c?s=96&d=mm&r=g","contentUrl":"https:\/\/secure.gravatar.com\/avatar\/b6992f131dc8d30ab0dff15446e9d346d9dbd95992de0fef795073f5ea83a81c?s=96&d=mm&r=g","caption":"La Gu\u00eda de Pamplona"}}]}},"post_mailing_queue_ids":[],"_links":{"self":[{"href":"https:\/\/www.laguiadepamplona.com\/actualidad\/wp-json\/wp\/v2\/posts\/47500","targetHints":{"allow":["GET"]}}],"collection":[{"href":"https:\/\/www.laguiadepamplona.com\/actualidad\/wp-json\/wp\/v2\/posts"}],"about":[{"href":"https:\/\/www.laguiadepamplona.com\/actualidad\/wp-json\/wp\/v2\/types\/post"}],"author":[{"embeddable":true,"href":"https:\/\/www.laguiadepamplona.com\/actualidad\/wp-json\/wp\/v2\/users\/1"}],"replies":[{"embeddable":true,"href":"https:\/\/www.laguiadepamplona.com\/actualidad\/wp-json\/wp\/v2\/comments?post=47500"}],"version-history":[{"count":1,"href":"https:\/\/www.laguiadepamplona.com\/actualidad\/wp-json\/wp\/v2\/posts\/47500\/revisions"}],"predecessor-version":[{"id":47502,"href":"https:\/\/www.laguiadepamplona.com\/actualidad\/wp-json\/wp\/v2\/posts\/47500\/revisions\/47502"}],"wp:featuredmedia":[{"embeddable":true,"href":"https:\/\/www.laguiadepamplona.com\/actualidad\/wp-json\/wp\/v2\/media\/47501"}],"wp:attachment":[{"href":"https:\/\/www.laguiadepamplona.com\/actualidad\/wp-json\/wp\/v2\/media?parent=47500"}],"wp:term":[{"taxonomy":"category","embeddable":true,"href":"https:\/\/www.laguiadepamplona.com\/actualidad\/wp-json\/wp\/v2\/categories?post=47500"},{"taxonomy":"post_tag","embeddable":true,"href":"https:\/\/www.laguiadepamplona.com\/actualidad\/wp-json\/wp\/v2\/tags?post=47500"}],"curies":[{"name":"wp","href":"https:\/\/api.w.org\/{rel}","templated":true}]}}