{"id":47489,"date":"2023-10-04T17:34:34","date_gmt":"2023-10-04T15:34:34","guid":{"rendered":"https:\/\/www.laguiadepamplona.com\/actualidad\/?p=47489"},"modified":"2023-10-04T17:34:34","modified_gmt":"2023-10-04T15:34:34","slug":"el-ayuntamiento-de-pamplona-recibe-un-reconocimiento-nacional-por-sus-buenas-practicas-en-cooperacion-al-desarrollo-y-ciudadania-global","status":"publish","type":"post","link":"https:\/\/www.laguiadepamplona.com\/actualidad\/el-ayuntamiento-de-pamplona-recibe-un-reconocimiento-nacional-por-sus-buenas-practicas-en-cooperacion-al-desarrollo-y-ciudadania-global\/","title":{"rendered":"El Ayuntamiento de Pamplona recibe un reconocimiento nacional por sus buenas pr\u00e1cticas en Cooperaci\u00f3n al Desarrollo y Ciudadan\u00eda Global"},"content":{"rendered":"<h3>La FEMP y la AECID premian su convocatoria de subvenciones para proyectos de entidades y el ejemplo aportado: un trabajo de Medicus Mundi<\/h3>\n<p><!--more--><\/p>\n<p>El Ayuntamiento de Pamplona ha obtenido un reconocimiento a las buenas pr\u00e1cticas educativas para el desarrollo y ciudadan\u00eda global por parte de la Federaci\u00f3n Espa\u00f1ola de Municipios y Provincias (FEMP) y la Agencia Espa\u00f1ola de Cooperaci\u00f3n Internacional para el Desarrollo del Gobierno de Espa\u00f1a (AECID). Una placa que premia su esfuerzo como municipio en la convocatoria anual de subvenciones para entidades de Pamplona que trabajan en estos campos.<\/p>\n<p>La convocatoria nacional ten\u00eda como objetivo conocer y sistematizar experiencias locales alineadas con la Educaci\u00f3n para la Ciudadan\u00eda Global. Se buscaban propuestas de sensibilizaci\u00f3n, incidencia pol\u00edtica o movilizaci\u00f3n social, sostenibles y potencialmente replicables a mayor escala. Unas experiencias, recog\u00edan las bases, \u201cque est\u00e1n sirviendo para contribuir al desarrollo local, la convivencia y la construcci\u00f3n de una ciudadan\u00eda global comprometida y transformadora\u201d.<br \/>\n<script async src=\"\/\/pagead2.googlesyndication.com\/pagead\/js\/adsbygoogle.js\"><\/script><br \/>\n<!-- Noticias La Guia de Pamplona --><br \/>\n<ins class=\"adsbygoogle\"\nstyle=\"display:block\"\ndata-ad-client=\"ca-pub-6943679897239327\"\ndata-ad-slot=\"7048180777\"\ndata-ad-format=\"auto\"><\/ins><br \/>\n<script>\n(adsbygoogle = window.adsbygoogle || []).push({});\n<\/script><\/p>\n<p>La ciudad, a trav\u00e9s de su Programa Municipal de Cooperaci\u00f3n Internacional al Desarrollo presentaba a examen una de sus seis convocatorias p\u00fablicas de subvenciones para entidades que trabajan en este \u00e1mbito: concretamente la plurianual que mantiene con las entidades un compromiso de financiaci\u00f3n a tres a\u00f1os. Y como ejemplo, adjuntaba uno de los proyectos financiados, firmado por Medicus Mundi y correspondiente al ejercicio 2020. La ONGD propon\u00eda el an\u00e1lisis de la situaci\u00f3n de Educaci\u00f3n para la Ciudadan\u00eda Global en las asociaciones y entidades de Educaci\u00f3n No Formal de Pamplona, siempre centrada en la franja de 12-17 a\u00f1os.<\/p>\n<p>Este binomio, convocatoria p\u00fablica y proyecto, adem\u00e1s del manejo de la gesti\u00f3n y evoluci\u00f3n de resultados, han sido premiados por la FEMP y la AECID al centrar su inter\u00e9s en los procesos de conocimiento y de an\u00e1lisis cr\u00edtico de la realidad que vinculan la acci\u00f3n local a su dimensi\u00f3n global (la llamada \u201cacci\u00f3n glocal\u201d). Un pensamiento que, en definitiva, va encaminado a generar conciencias cr\u00edticas y contribuir al cambio de actitudes desde la acci\u00f3n de las pol\u00edticas de cooperaci\u00f3n internacional para el desarrollo.<br \/>\n<script async src=\"\/\/pagead2.googlesyndication.com\/pagead\/js\/adsbygoogle.js\"><\/script><br \/>\n<!-- Noticias La Guia de Pamplona --><br \/>\n<ins class=\"adsbygoogle\"\nstyle=\"display:block\"\ndata-ad-client=\"ca-pub-6943679897239327\"\ndata-ad-slot=\"7048180777\"\ndata-ad-format=\"auto\"><\/ins><br \/>\n<script>\n(adsbygoogle = window.adsbygoogle || []).push({});\n<\/script><\/p>\n<p>El Consistorio tiene una larga trayectoria de trabajo en cooperaci\u00f3n al desarrollo, tanto en los pa\u00edses del Sur, como en sensibilizaci\u00f3n dentro de la propia ciudad. En estos momentos el marco conceptual de reflexi\u00f3n y acciones municipales es el II Plan Director de Cooperaci\u00f3n Internacional al Desarrollo del Ayuntamiento de Pamplona, un documento que marca las l\u00edneas de actuaci\u00f3n municipales hasta 2025.<\/p>\n<p>Se mantienen desde hace d\u00e9cadas los compromisos de la ciudad de destinar un 0,7% de su presupuesto a cooperaci\u00f3n y de realizar acciones encaminadas a reducir las desigualdades existentes a nivel econ\u00f3mico, social y educativo en los pa\u00edses m\u00e1s desfavorecidos. Este Plan Director determina que en los pr\u00f3ximos a\u00f1os el 68% de la cuant\u00eda disponible para Cooperaci\u00f3n se dirigir\u00e1 a iniciativas de desarrollo humano; un 13% se destinar\u00e1 a acciones de educaci\u00f3n y sensibilizaci\u00f3n y un 7% a ayuda de emergencia.<\/p>\n","protected":false},"excerpt":{"rendered":"<p>La FEMP y la AECID premian su convocatoria de subvenciones para proyectos de entidades y el ejemplo aportado: un trabajo de Medicus Mundi<\/p>\n","protected":false},"author":1,"featured_media":47490,"comment_status":"open","ping_status":"closed","sticky":false,"template":"","format":"standard","meta":{"footnotes":""},"categories":[2],"tags":[],"class_list":["post-47489","post","type-post","status-publish","format-standard","has-post-thumbnail","hentry","category-ayuntamiento-pamplona"],"yoast_head":"<!-- This site is optimized with the Yoast SEO plugin v27.3 - https:\/\/yoast.com\/product\/yoast-seo-wordpress\/ -->\n<title>El Ayuntamiento de Pamplona recibe un reconocimiento nacional por sus buenas pr\u00e1cticas en Cooperaci\u00f3n al Desarrollo y Ciudadan\u00eda Global<\/title>\n<meta name=\"description\" content=\"La FEMP y la AECID premian su convocatoria de subvenciones para proyectos de entidades y el ejemplo aportado: un trabajo de Medicus Mundi\" \/>\n<meta name=\"robots\" content=\"index, follow, max-snippet:-1, max-image-preview:large, max-video-preview:-1\" \/>\n<link rel=\"canonical\" href=\"https:\/\/www.laguiadepamplona.com\/actualidad\/el-ayuntamiento-de-pamplona-recibe-un-reconocimiento-nacional-por-sus-buenas-practicas-en-cooperacion-al-desarrollo-y-ciudadania-global\/\" \/>\n<meta property=\"og:locale\" content=\"es_ES\" \/>\n<meta property=\"og:type\" content=\"article\" \/>\n<meta property=\"og:title\" content=\"El Ayuntamiento de Pamplona recibe un reconocimiento nacional por sus buenas pr\u00e1cticas en Cooperaci\u00f3n al Desarrollo y Ciudadan\u00eda Global\" \/>\n<meta property=\"og:description\" content=\"La FEMP y la AECID premian su convocatoria de subvenciones para proyectos de entidades y el ejemplo aportado: un trabajo de Medicus Mundi\" \/>\n<meta property=\"og:url\" content=\"https:\/\/www.laguiadepamplona.com\/actualidad\/el-ayuntamiento-de-pamplona-recibe-un-reconocimiento-nacional-por-sus-buenas-practicas-en-cooperacion-al-desarrollo-y-ciudadania-global\/\" \/>\n<meta property=\"og:site_name\" content=\"La Gu\u00eda de Pamplona\" \/>\n<meta property=\"article:publisher\" content=\"https:\/\/www.facebook.com\/laguiadepamplonacom-133175176762273\/?ref=hl\" \/>\n<meta property=\"article:published_time\" content=\"2023-10-04T15:34:34+00:00\" \/>\n<meta property=\"og:image\" content=\"https:\/\/www.laguiadepamplona.com\/actualidad\/wp-content\/uploads\/2023\/10\/23.10.04_reconocimiento_ayuntamiento.webp\" \/>\n\t<meta property=\"og:image:width\" content=\"1200\" \/>\n\t<meta property=\"og:image:height\" content=\"843\" \/>\n\t<meta property=\"og:image:type\" content=\"image\/webp\" \/>\n<meta name=\"author\" content=\"La Gu\u00eda de Pamplona\" \/>\n<meta name=\"twitter:card\" content=\"summary_large_image\" \/>\n<meta name=\"twitter:creator\" content=\"@LaGuiadPamplona\" \/>\n<meta name=\"twitter:site\" content=\"@LaGuiadPamplona\" \/>\n<meta name=\"twitter:label1\" content=\"Escrito por\" \/>\n\t<meta name=\"twitter:data1\" content=\"La Gu\u00eda de Pamplona\" \/>\n\t<meta name=\"twitter:label2\" content=\"Tiempo de lectura\" \/>\n\t<meta name=\"twitter:data2\" content=\"3 minutos\" \/>\n<script type=\"application\/ld+json\" class=\"yoast-schema-graph\">{\"@context\":\"https:\\\/\\\/schema.org\",\"@graph\":[{\"@type\":\"Article\",\"@id\":\"https:\\\/\\\/www.laguiadepamplona.com\\\/actualidad\\\/el-ayuntamiento-de-pamplona-recibe-un-reconocimiento-nacional-por-sus-buenas-practicas-en-cooperacion-al-desarrollo-y-ciudadania-global\\\/#article\",\"isPartOf\":{\"@id\":\"https:\\\/\\\/www.laguiadepamplona.com\\\/actualidad\\\/el-ayuntamiento-de-pamplona-recibe-un-reconocimiento-nacional-por-sus-buenas-practicas-en-cooperacion-al-desarrollo-y-ciudadania-global\\\/\"},\"author\":{\"name\":\"La Gu\u00eda de Pamplona\",\"@id\":\"https:\\\/\\\/www.laguiadepamplona.com\\\/actualidad\\\/#\\\/schema\\\/person\\\/efe887376f0213d4657c93adc50b1fdb\"},\"headline\":\"El Ayuntamiento de Pamplona recibe un reconocimiento nacional por sus buenas pr\u00e1cticas en Cooperaci\u00f3n al Desarrollo y Ciudadan\u00eda Global\",\"datePublished\":\"2023-10-04T15:34:34+00:00\",\"mainEntityOfPage\":{\"@id\":\"https:\\\/\\\/www.laguiadepamplona.com\\\/actualidad\\\/el-ayuntamiento-de-pamplona-recibe-un-reconocimiento-nacional-por-sus-buenas-practicas-en-cooperacion-al-desarrollo-y-ciudadania-global\\\/\"},\"wordCount\":552,\"commentCount\":0,\"publisher\":{\"@id\":\"https:\\\/\\\/www.laguiadepamplona.com\\\/actualidad\\\/#organization\"},\"image\":{\"@id\":\"https:\\\/\\\/www.laguiadepamplona.com\\\/actualidad\\\/el-ayuntamiento-de-pamplona-recibe-un-reconocimiento-nacional-por-sus-buenas-practicas-en-cooperacion-al-desarrollo-y-ciudadania-global\\\/#primaryimage\"},\"thumbnailUrl\":\"https:\\\/\\\/www.laguiadepamplona.com\\\/actualidad\\\/wp-content\\\/uploads\\\/2023\\\/10\\\/23.10.04_reconocimiento_ayuntamiento.webp\",\"articleSection\":[\"Ayto Pamplona\"],\"inLanguage\":\"es\",\"potentialAction\":[{\"@type\":\"CommentAction\",\"name\":\"Comment\",\"target\":[\"https:\\\/\\\/www.laguiadepamplona.com\\\/actualidad\\\/el-ayuntamiento-de-pamplona-recibe-un-reconocimiento-nacional-por-sus-buenas-practicas-en-cooperacion-al-desarrollo-y-ciudadania-global\\\/#respond\"]}]},{\"@type\":\"WebPage\",\"@id\":\"https:\\\/\\\/www.laguiadepamplona.com\\\/actualidad\\\/el-ayuntamiento-de-pamplona-recibe-un-reconocimiento-nacional-por-sus-buenas-practicas-en-cooperacion-al-desarrollo-y-ciudadania-global\\\/\",\"url\":\"https:\\\/\\\/www.laguiadepamplona.com\\\/actualidad\\\/el-ayuntamiento-de-pamplona-recibe-un-reconocimiento-nacional-por-sus-buenas-practicas-en-cooperacion-al-desarrollo-y-ciudadania-global\\\/\",\"name\":\"El Ayuntamiento de Pamplona recibe un reconocimiento nacional por sus buenas pr\u00e1cticas en Cooperaci\u00f3n al Desarrollo y Ciudadan\u00eda Global\",\"isPartOf\":{\"@id\":\"https:\\\/\\\/www.laguiadepamplona.com\\\/actualidad\\\/#website\"},\"primaryImageOfPage\":{\"@id\":\"https:\\\/\\\/www.laguiadepamplona.com\\\/actualidad\\\/el-ayuntamiento-de-pamplona-recibe-un-reconocimiento-nacional-por-sus-buenas-practicas-en-cooperacion-al-desarrollo-y-ciudadania-global\\\/#primaryimage\"},\"image\":{\"@id\":\"https:\\\/\\\/www.laguiadepamplona.com\\\/actualidad\\\/el-ayuntamiento-de-pamplona-recibe-un-reconocimiento-nacional-por-sus-buenas-practicas-en-cooperacion-al-desarrollo-y-ciudadania-global\\\/#primaryimage\"},\"thumbnailUrl\":\"https:\\\/\\\/www.laguiadepamplona.com\\\/actualidad\\\/wp-content\\\/uploads\\\/2023\\\/10\\\/23.10.04_reconocimiento_ayuntamiento.webp\",\"datePublished\":\"2023-10-04T15:34:34+00:00\",\"description\":\"La FEMP y la AECID premian su convocatoria de subvenciones para proyectos de entidades y el ejemplo aportado: un trabajo de Medicus Mundi\",\"breadcrumb\":{\"@id\":\"https:\\\/\\\/www.laguiadepamplona.com\\\/actualidad\\\/el-ayuntamiento-de-pamplona-recibe-un-reconocimiento-nacional-por-sus-buenas-practicas-en-cooperacion-al-desarrollo-y-ciudadania-global\\\/#breadcrumb\"},\"inLanguage\":\"es\",\"potentialAction\":[{\"@type\":\"ReadAction\",\"target\":[\"https:\\\/\\\/www.laguiadepamplona.com\\\/actualidad\\\/el-ayuntamiento-de-pamplona-recibe-un-reconocimiento-nacional-por-sus-buenas-practicas-en-cooperacion-al-desarrollo-y-ciudadania-global\\\/\"]}]},{\"@type\":\"ImageObject\",\"inLanguage\":\"es\",\"@id\":\"https:\\\/\\\/www.laguiadepamplona.com\\\/actualidad\\\/el-ayuntamiento-de-pamplona-recibe-un-reconocimiento-nacional-por-sus-buenas-practicas-en-cooperacion-al-desarrollo-y-ciudadania-global\\\/#primaryimage\",\"url\":\"https:\\\/\\\/www.laguiadepamplona.com\\\/actualidad\\\/wp-content\\\/uploads\\\/2023\\\/10\\\/23.10.04_reconocimiento_ayuntamiento.webp\",\"contentUrl\":\"https:\\\/\\\/www.laguiadepamplona.com\\\/actualidad\\\/wp-content\\\/uploads\\\/2023\\\/10\\\/23.10.04_reconocimiento_ayuntamiento.webp\",\"width\":1200,\"height\":843,\"caption\":\"reconocimiento ayuntamiento\"},{\"@type\":\"BreadcrumbList\",\"@id\":\"https:\\\/\\\/www.laguiadepamplona.com\\\/actualidad\\\/el-ayuntamiento-de-pamplona-recibe-un-reconocimiento-nacional-por-sus-buenas-practicas-en-cooperacion-al-desarrollo-y-ciudadania-global\\\/#breadcrumb\",\"itemListElement\":[{\"@type\":\"ListItem\",\"position\":1,\"name\":\"Portada\",\"item\":\"https:\\\/\\\/www.laguiadepamplona.com\\\/actualidad\\\/\"},{\"@type\":\"ListItem\",\"position\":2,\"name\":\"El Ayuntamiento de Pamplona recibe un reconocimiento nacional por sus buenas pr\u00e1cticas en Cooperaci\u00f3n al Desarrollo y Ciudadan\u00eda Global\"}]},{\"@type\":\"WebSite\",\"@id\":\"https:\\\/\\\/www.laguiadepamplona.com\\\/actualidad\\\/#website\",\"url\":\"https:\\\/\\\/www.laguiadepamplona.com\\\/actualidad\\\/\",\"name\":\"La gu\u00eda de Pamplona\",\"description\":\"Noticias de Pamplona\",\"publisher\":{\"@id\":\"https:\\\/\\\/www.laguiadepamplona.com\\\/actualidad\\\/#organization\"},\"potentialAction\":[{\"@type\":\"SearchAction\",\"target\":{\"@type\":\"EntryPoint\",\"urlTemplate\":\"https:\\\/\\\/www.laguiadepamplona.com\\\/actualidad\\\/?s={search_term_string}\"},\"query-input\":{\"@type\":\"PropertyValueSpecification\",\"valueRequired\":true,\"valueName\":\"search_term_string\"}}],\"inLanguage\":\"es\"},{\"@type\":\"Organization\",\"@id\":\"https:\\\/\\\/www.laguiadepamplona.com\\\/actualidad\\\/#organization\",\"name\":\"La Gu\u00eda de Pamplona \\\/ Noticias\",\"url\":\"https:\\\/\\\/www.laguiadepamplona.com\\\/actualidad\\\/\",\"logo\":{\"@type\":\"ImageObject\",\"inLanguage\":\"es\",\"@id\":\"https:\\\/\\\/www.laguiadepamplona.com\\\/actualidad\\\/#\\\/schema\\\/logo\\\/image\\\/\",\"url\":\"https:\\\/\\\/www.laguiadepamplona.com\\\/actualidad\\\/wp-content\\\/uploads\\\/2018\\\/11\\\/logo-laguiadepamplona18-web1.png\",\"contentUrl\":\"https:\\\/\\\/www.laguiadepamplona.com\\\/actualidad\\\/wp-content\\\/uploads\\\/2018\\\/11\\\/logo-laguiadepamplona18-web1.png\",\"width\":600,\"height\":196,\"caption\":\"La Gu\u00eda de Pamplona \\\/ Noticias\"},\"image\":{\"@id\":\"https:\\\/\\\/www.laguiadepamplona.com\\\/actualidad\\\/#\\\/schema\\\/logo\\\/image\\\/\"},\"sameAs\":[\"https:\\\/\\\/www.facebook.com\\\/laguiadepamplonacom-133175176762273\\\/?ref=hl\",\"https:\\\/\\\/x.com\\\/LaGuiadPamplona\",\"https:\\\/\\\/www.instagram.com\\\/la_guia_de_pamplona\\\/\",\"https:\\\/\\\/www.youtube.com\\\/user\\\/laguiadepamplona\"]},{\"@type\":\"Person\",\"@id\":\"https:\\\/\\\/www.laguiadepamplona.com\\\/actualidad\\\/#\\\/schema\\\/person\\\/efe887376f0213d4657c93adc50b1fdb\",\"name\":\"La Gu\u00eda de Pamplona\",\"image\":{\"@type\":\"ImageObject\",\"inLanguage\":\"es\",\"@id\":\"https:\\\/\\\/secure.gravatar.com\\\/avatar\\\/b6992f131dc8d30ab0dff15446e9d346d9dbd95992de0fef795073f5ea83a81c?s=96&d=mm&r=g\",\"url\":\"https:\\\/\\\/secure.gravatar.com\\\/avatar\\\/b6992f131dc8d30ab0dff15446e9d346d9dbd95992de0fef795073f5ea83a81c?s=96&d=mm&r=g\",\"contentUrl\":\"https:\\\/\\\/secure.gravatar.com\\\/avatar\\\/b6992f131dc8d30ab0dff15446e9d346d9dbd95992de0fef795073f5ea83a81c?s=96&d=mm&r=g\",\"caption\":\"La Gu\u00eda de Pamplona\"}}]}<\/script>\n<!-- \/ Yoast SEO plugin. -->","yoast_head_json":{"title":"El Ayuntamiento de Pamplona recibe un reconocimiento nacional por sus buenas pr\u00e1cticas en Cooperaci\u00f3n al Desarrollo y Ciudadan\u00eda Global","description":"La FEMP y la AECID premian su convocatoria de subvenciones para proyectos de entidades y el ejemplo aportado: un trabajo de Medicus Mundi","robots":{"index":"index","follow":"follow","max-snippet":"max-snippet:-1","max-image-preview":"max-image-preview:large","max-video-preview":"max-video-preview:-1"},"canonical":"https:\/\/www.laguiadepamplona.com\/actualidad\/el-ayuntamiento-de-pamplona-recibe-un-reconocimiento-nacional-por-sus-buenas-practicas-en-cooperacion-al-desarrollo-y-ciudadania-global\/","og_locale":"es_ES","og_type":"article","og_title":"El Ayuntamiento de Pamplona recibe un reconocimiento nacional por sus buenas pr\u00e1cticas en Cooperaci\u00f3n al Desarrollo y Ciudadan\u00eda Global","og_description":"La FEMP y la AECID premian su convocatoria de subvenciones para proyectos de entidades y el ejemplo aportado: un trabajo de Medicus Mundi","og_url":"https:\/\/www.laguiadepamplona.com\/actualidad\/el-ayuntamiento-de-pamplona-recibe-un-reconocimiento-nacional-por-sus-buenas-practicas-en-cooperacion-al-desarrollo-y-ciudadania-global\/","og_site_name":"La Gu\u00eda de Pamplona","article_publisher":"https:\/\/www.facebook.com\/laguiadepamplonacom-133175176762273\/?ref=hl","article_published_time":"2023-10-04T15:34:34+00:00","og_image":[{"width":1200,"height":843,"url":"https:\/\/www.laguiadepamplona.com\/actualidad\/wp-content\/uploads\/2023\/10\/23.10.04_reconocimiento_ayuntamiento.webp","type":"image\/webp"}],"author":"La Gu\u00eda de Pamplona","twitter_card":"summary_large_image","twitter_creator":"@LaGuiadPamplona","twitter_site":"@LaGuiadPamplona","twitter_misc":{"Escrito por":"La Gu\u00eda de Pamplona","Tiempo de lectura":"3 minutos"},"schema":{"@context":"https:\/\/schema.org","@graph":[{"@type":"Article","@id":"https:\/\/www.laguiadepamplona.com\/actualidad\/el-ayuntamiento-de-pamplona-recibe-un-reconocimiento-nacional-por-sus-buenas-practicas-en-cooperacion-al-desarrollo-y-ciudadania-global\/#article","isPartOf":{"@id":"https:\/\/www.laguiadepamplona.com\/actualidad\/el-ayuntamiento-de-pamplona-recibe-un-reconocimiento-nacional-por-sus-buenas-practicas-en-cooperacion-al-desarrollo-y-ciudadania-global\/"},"author":{"name":"La Gu\u00eda de Pamplona","@id":"https:\/\/www.laguiadepamplona.com\/actualidad\/#\/schema\/person\/efe887376f0213d4657c93adc50b1fdb"},"headline":"El Ayuntamiento de Pamplona recibe un reconocimiento nacional por sus buenas pr\u00e1cticas en Cooperaci\u00f3n al Desarrollo y Ciudadan\u00eda Global","datePublished":"2023-10-04T15:34:34+00:00","mainEntityOfPage":{"@id":"https:\/\/www.laguiadepamplona.com\/actualidad\/el-ayuntamiento-de-pamplona-recibe-un-reconocimiento-nacional-por-sus-buenas-practicas-en-cooperacion-al-desarrollo-y-ciudadania-global\/"},"wordCount":552,"commentCount":0,"publisher":{"@id":"https:\/\/www.laguiadepamplona.com\/actualidad\/#organization"},"image":{"@id":"https:\/\/www.laguiadepamplona.com\/actualidad\/el-ayuntamiento-de-pamplona-recibe-un-reconocimiento-nacional-por-sus-buenas-practicas-en-cooperacion-al-desarrollo-y-ciudadania-global\/#primaryimage"},"thumbnailUrl":"https:\/\/www.laguiadepamplona.com\/actualidad\/wp-content\/uploads\/2023\/10\/23.10.04_reconocimiento_ayuntamiento.webp","articleSection":["Ayto Pamplona"],"inLanguage":"es","potentialAction":[{"@type":"CommentAction","name":"Comment","target":["https:\/\/www.laguiadepamplona.com\/actualidad\/el-ayuntamiento-de-pamplona-recibe-un-reconocimiento-nacional-por-sus-buenas-practicas-en-cooperacion-al-desarrollo-y-ciudadania-global\/#respond"]}]},{"@type":"WebPage","@id":"https:\/\/www.laguiadepamplona.com\/actualidad\/el-ayuntamiento-de-pamplona-recibe-un-reconocimiento-nacional-por-sus-buenas-practicas-en-cooperacion-al-desarrollo-y-ciudadania-global\/","url":"https:\/\/www.laguiadepamplona.com\/actualidad\/el-ayuntamiento-de-pamplona-recibe-un-reconocimiento-nacional-por-sus-buenas-practicas-en-cooperacion-al-desarrollo-y-ciudadania-global\/","name":"El Ayuntamiento de Pamplona recibe un reconocimiento nacional por sus buenas pr\u00e1cticas en Cooperaci\u00f3n al Desarrollo y Ciudadan\u00eda Global","isPartOf":{"@id":"https:\/\/www.laguiadepamplona.com\/actualidad\/#website"},"primaryImageOfPage":{"@id":"https:\/\/www.laguiadepamplona.com\/actualidad\/el-ayuntamiento-de-pamplona-recibe-un-reconocimiento-nacional-por-sus-buenas-practicas-en-cooperacion-al-desarrollo-y-ciudadania-global\/#primaryimage"},"image":{"@id":"https:\/\/www.laguiadepamplona.com\/actualidad\/el-ayuntamiento-de-pamplona-recibe-un-reconocimiento-nacional-por-sus-buenas-practicas-en-cooperacion-al-desarrollo-y-ciudadania-global\/#primaryimage"},"thumbnailUrl":"https:\/\/www.laguiadepamplona.com\/actualidad\/wp-content\/uploads\/2023\/10\/23.10.04_reconocimiento_ayuntamiento.webp","datePublished":"2023-10-04T15:34:34+00:00","description":"La FEMP y la AECID premian su convocatoria de subvenciones para proyectos de entidades y el ejemplo aportado: un trabajo de Medicus Mundi","breadcrumb":{"@id":"https:\/\/www.laguiadepamplona.com\/actualidad\/el-ayuntamiento-de-pamplona-recibe-un-reconocimiento-nacional-por-sus-buenas-practicas-en-cooperacion-al-desarrollo-y-ciudadania-global\/#breadcrumb"},"inLanguage":"es","potentialAction":[{"@type":"ReadAction","target":["https:\/\/www.laguiadepamplona.com\/actualidad\/el-ayuntamiento-de-pamplona-recibe-un-reconocimiento-nacional-por-sus-buenas-practicas-en-cooperacion-al-desarrollo-y-ciudadania-global\/"]}]},{"@type":"ImageObject","inLanguage":"es","@id":"https:\/\/www.laguiadepamplona.com\/actualidad\/el-ayuntamiento-de-pamplona-recibe-un-reconocimiento-nacional-por-sus-buenas-practicas-en-cooperacion-al-desarrollo-y-ciudadania-global\/#primaryimage","url":"https:\/\/www.laguiadepamplona.com\/actualidad\/wp-content\/uploads\/2023\/10\/23.10.04_reconocimiento_ayuntamiento.webp","contentUrl":"https:\/\/www.laguiadepamplona.com\/actualidad\/wp-content\/uploads\/2023\/10\/23.10.04_reconocimiento_ayuntamiento.webp","width":1200,"height":843,"caption":"reconocimiento ayuntamiento"},{"@type":"BreadcrumbList","@id":"https:\/\/www.laguiadepamplona.com\/actualidad\/el-ayuntamiento-de-pamplona-recibe-un-reconocimiento-nacional-por-sus-buenas-practicas-en-cooperacion-al-desarrollo-y-ciudadania-global\/#breadcrumb","itemListElement":[{"@type":"ListItem","position":1,"name":"Portada","item":"https:\/\/www.laguiadepamplona.com\/actualidad\/"},{"@type":"ListItem","position":2,"name":"El Ayuntamiento de Pamplona recibe un reconocimiento nacional por sus buenas pr\u00e1cticas en Cooperaci\u00f3n al Desarrollo y Ciudadan\u00eda Global"}]},{"@type":"WebSite","@id":"https:\/\/www.laguiadepamplona.com\/actualidad\/#website","url":"https:\/\/www.laguiadepamplona.com\/actualidad\/","name":"La gu\u00eda de Pamplona","description":"Noticias de Pamplona","publisher":{"@id":"https:\/\/www.laguiadepamplona.com\/actualidad\/#organization"},"potentialAction":[{"@type":"SearchAction","target":{"@type":"EntryPoint","urlTemplate":"https:\/\/www.laguiadepamplona.com\/actualidad\/?s={search_term_string}"},"query-input":{"@type":"PropertyValueSpecification","valueRequired":true,"valueName":"search_term_string"}}],"inLanguage":"es"},{"@type":"Organization","@id":"https:\/\/www.laguiadepamplona.com\/actualidad\/#organization","name":"La Gu\u00eda de Pamplona \/ Noticias","url":"https:\/\/www.laguiadepamplona.com\/actualidad\/","logo":{"@type":"ImageObject","inLanguage":"es","@id":"https:\/\/www.laguiadepamplona.com\/actualidad\/#\/schema\/logo\/image\/","url":"https:\/\/www.laguiadepamplona.com\/actualidad\/wp-content\/uploads\/2018\/11\/logo-laguiadepamplona18-web1.png","contentUrl":"https:\/\/www.laguiadepamplona.com\/actualidad\/wp-content\/uploads\/2018\/11\/logo-laguiadepamplona18-web1.png","width":600,"height":196,"caption":"La Gu\u00eda de Pamplona \/ Noticias"},"image":{"@id":"https:\/\/www.laguiadepamplona.com\/actualidad\/#\/schema\/logo\/image\/"},"sameAs":["https:\/\/www.facebook.com\/laguiadepamplonacom-133175176762273\/?ref=hl","https:\/\/x.com\/LaGuiadPamplona","https:\/\/www.instagram.com\/la_guia_de_pamplona\/","https:\/\/www.youtube.com\/user\/laguiadepamplona"]},{"@type":"Person","@id":"https:\/\/www.laguiadepamplona.com\/actualidad\/#\/schema\/person\/efe887376f0213d4657c93adc50b1fdb","name":"La Gu\u00eda de Pamplona","image":{"@type":"ImageObject","inLanguage":"es","@id":"https:\/\/secure.gravatar.com\/avatar\/b6992f131dc8d30ab0dff15446e9d346d9dbd95992de0fef795073f5ea83a81c?s=96&d=mm&r=g","url":"https:\/\/secure.gravatar.com\/avatar\/b6992f131dc8d30ab0dff15446e9d346d9dbd95992de0fef795073f5ea83a81c?s=96&d=mm&r=g","contentUrl":"https:\/\/secure.gravatar.com\/avatar\/b6992f131dc8d30ab0dff15446e9d346d9dbd95992de0fef795073f5ea83a81c?s=96&d=mm&r=g","caption":"La Gu\u00eda de Pamplona"}}]}},"post_mailing_queue_ids":[],"_links":{"self":[{"href":"https:\/\/www.laguiadepamplona.com\/actualidad\/wp-json\/wp\/v2\/posts\/47489","targetHints":{"allow":["GET"]}}],"collection":[{"href":"https:\/\/www.laguiadepamplona.com\/actualidad\/wp-json\/wp\/v2\/posts"}],"about":[{"href":"https:\/\/www.laguiadepamplona.com\/actualidad\/wp-json\/wp\/v2\/types\/post"}],"author":[{"embeddable":true,"href":"https:\/\/www.laguiadepamplona.com\/actualidad\/wp-json\/wp\/v2\/users\/1"}],"replies":[{"embeddable":true,"href":"https:\/\/www.laguiadepamplona.com\/actualidad\/wp-json\/wp\/v2\/comments?post=47489"}],"version-history":[{"count":1,"href":"https:\/\/www.laguiadepamplona.com\/actualidad\/wp-json\/wp\/v2\/posts\/47489\/revisions"}],"predecessor-version":[{"id":47491,"href":"https:\/\/www.laguiadepamplona.com\/actualidad\/wp-json\/wp\/v2\/posts\/47489\/revisions\/47491"}],"wp:featuredmedia":[{"embeddable":true,"href":"https:\/\/www.laguiadepamplona.com\/actualidad\/wp-json\/wp\/v2\/media\/47490"}],"wp:attachment":[{"href":"https:\/\/www.laguiadepamplona.com\/actualidad\/wp-json\/wp\/v2\/media?parent=47489"}],"wp:term":[{"taxonomy":"category","embeddable":true,"href":"https:\/\/www.laguiadepamplona.com\/actualidad\/wp-json\/wp\/v2\/categories?post=47489"},{"taxonomy":"post_tag","embeddable":true,"href":"https:\/\/www.laguiadepamplona.com\/actualidad\/wp-json\/wp\/v2\/tags?post=47489"}],"curies":[{"name":"wp","href":"https:\/\/api.w.org\/{rel}","templated":true}]}}