{"id":47486,"date":"2023-10-04T17:32:31","date_gmt":"2023-10-04T15:32:31","guid":{"rendered":"https:\/\/www.laguiadepamplona.com\/actualidad\/?p=47486"},"modified":"2023-10-04T17:32:31","modified_gmt":"2023-10-04T15:32:31","slug":"una-exposicion-fotografica-muestra-en-el-museo-de-educacion-ambiental-la-evolucion-de-los-rios-de-pamplona","status":"publish","type":"post","link":"https:\/\/www.laguiadepamplona.com\/actualidad\/una-exposicion-fotografica-muestra-en-el-museo-de-educacion-ambiental-la-evolucion-de-los-rios-de-pamplona\/","title":{"rendered":"Una exposici\u00f3n fotogr\u00e1fica muestra en el Museo de Educaci\u00f3n Ambiental la evoluci\u00f3n de los r\u00edos de Pamplona"},"content":{"rendered":"<h3>Las im\u00e1genes las han facilitado el Archivo Municipal de Pamplona, el archivo de la UPNA y los fot\u00f3grafos I\u00f1aki Vergara P\u00e9rez y Daniel Garc\u00eda Mina<\/h3>\n<p><!--more--><\/p>\n<p>Fotograf\u00edas de ayer y de hoy, antiguas y actuales, muestran la evoluci\u00f3n de los r\u00edos de Pamplona en una exposici\u00f3n que se puede visitar hasta el pr\u00f3ximo 29 de diciembre en el Museo de Educaci\u00f3n Ambiental. Ocho grandes paneles y doce fotograf\u00edas invitan al p\u00fablico a descubrir los r\u00edos Arga, Sadar y Elorz, a trav\u00e9s de una selecci\u00f3n de im\u00e1genes con las que se pretende acercar a la ciudadan\u00eda a esos r\u00edos, ejes vertebradores de Pamplona y principales espacios naturales de la ciudad.<br \/>\n<script async src=\"\/\/pagead2.googlesyndication.com\/pagead\/js\/adsbygoogle.js\"><\/script><br \/>\n<!-- Noticias La Guia de Pamplona --><br \/>\n<ins class=\"adsbygoogle\"\nstyle=\"display:block\"\ndata-ad-client=\"ca-pub-6943679897239327\"\ndata-ad-slot=\"7048180777\"\ndata-ad-format=\"auto\"><\/ins><br \/>\n<script>\n(adsbygoogle = window.adsbygoogle || []).push({});\n<\/script><\/p>\n<p>La muestra integra im\u00e1genes de la fototeca del Archivo Municipal del Ayuntamiento de Pamplona, del archivo de la Universidad P\u00fablica de Navarra y de los archivos personales de los fot\u00f3grafos I\u00f1aki Vergara P\u00e9rez y Daniel Garc\u00eda Mina, que han colaborado con esta iniciativa. La combinaci\u00f3n de fotos hist\u00f3ricas y actuales permite dividir la exposici\u00f3n en diferentes tem\u00e1ticas, analizando aspectos como la fauna, los usos del r\u00edo, el patrimonio hist\u00f3rico-cultural en su entorno y los eventos extraordinarios que acoge dentro de la relaci\u00f3n del r\u00edo con la ciudad y con sus habitantes.<\/p>\n<p>Esta exposici\u00f3n forma parte de la programaci\u00f3n trimestral de la Escuela de Sostenibilidad organizada por el Ayuntamiento de Pamplona entre los meses de octubre y diciembre. Un gran n\u00famero de las actividades propuestas tienen que ver con la sensibilizaci\u00f3n sobre los entornos fluviales de la ciudad, enmarc\u00e1ndose as\u00ed en el proyecto RUNA 2025, que tiene como objetivo la renaturalizaci\u00f3n de los entornos de los r\u00edos, a trav\u00e9s de diferentes actuaciones.<br \/>\n<script async src=\"\/\/pagead2.googlesyndication.com\/pagead\/js\/adsbygoogle.js\"><\/script><br \/>\n<!-- Noticias La Guia de Pamplona --><br \/>\n<ins class=\"adsbygoogle\"\nstyle=\"display:block\"\ndata-ad-client=\"ca-pub-6943679897239327\"\ndata-ad-slot=\"7048180777\"\ndata-ad-format=\"auto\"><\/ins><br \/>\n<script>\n(adsbygoogle = window.adsbygoogle || []).push({});\n<\/script><\/p>\n<p>El proyecto RUNA 2025 ha obtenido 2,7 millones de euros en la convocatoria de ayudas de la Fundaci\u00f3n Biodiversidad del Ministerio para la Transici\u00f3n Ecol\u00f3gica y el Reto Demogr\u00e1fico (MITECO), en el marco del Plan de Recuperaci\u00f3n, Transformaci\u00f3n y Resiliencia, financiado por la Uni\u00f3n Europea y los fondos Next Generation EU. La Escuela de Sostenibilidad y las acciones de sensibilizaci\u00f3n se incluyen tambi\u00e9n en los compromisos de la Agenda Urbana Pamplona 2023 y en la Estrategia Go Green Pamplona.<\/p>\n","protected":false},"excerpt":{"rendered":"<p>Las im\u00e1genes las han facilitado el Archivo Municipal de Pamplona, el archivo de la UPNA y los fot\u00f3grafos I\u00f1aki Vergara P\u00e9rez y Daniel Garc\u00eda Mina<\/p>\n","protected":false},"author":1,"featured_media":47487,"comment_status":"open","ping_status":"closed","sticky":false,"template":"","format":"standard","meta":{"footnotes":""},"categories":[2],"tags":[],"class_list":["post-47486","post","type-post","status-publish","format-standard","has-post-thumbnail","hentry","category-ayuntamiento-pamplona"],"yoast_head":"<!-- This site is optimized with the Yoast SEO plugin v27.3 - https:\/\/yoast.com\/product\/yoast-seo-wordpress\/ -->\n<title>Una exposici\u00f3n fotogr\u00e1fica muestra en el Museo de Educaci\u00f3n Ambiental la evoluci\u00f3n de los r\u00edos de Pamplona<\/title>\n<meta name=\"robots\" content=\"index, follow, max-snippet:-1, max-image-preview:large, max-video-preview:-1\" \/>\n<link rel=\"canonical\" href=\"https:\/\/www.laguiadepamplona.com\/actualidad\/una-exposicion-fotografica-muestra-en-el-museo-de-educacion-ambiental-la-evolucion-de-los-rios-de-pamplona\/\" \/>\n<meta property=\"og:locale\" content=\"es_ES\" \/>\n<meta property=\"og:type\" content=\"article\" \/>\n<meta property=\"og:title\" content=\"Una exposici\u00f3n fotogr\u00e1fica muestra en el Museo de Educaci\u00f3n Ambiental la evoluci\u00f3n de los r\u00edos de Pamplona\" \/>\n<meta property=\"og:description\" content=\"Las im\u00e1genes las han facilitado el Archivo Municipal de Pamplona, el archivo de la UPNA y los fot\u00f3grafos I\u00f1aki Vergara P\u00e9rez y Daniel Garc\u00eda Mina\" \/>\n<meta property=\"og:url\" content=\"https:\/\/www.laguiadepamplona.com\/actualidad\/una-exposicion-fotografica-muestra-en-el-museo-de-educacion-ambiental-la-evolucion-de-los-rios-de-pamplona\/\" \/>\n<meta property=\"og:site_name\" content=\"La Gu\u00eda de Pamplona\" \/>\n<meta property=\"article:publisher\" content=\"https:\/\/www.facebook.com\/laguiadepamplonacom-133175176762273\/?ref=hl\" \/>\n<meta property=\"article:published_time\" content=\"2023-10-04T15:32:31+00:00\" \/>\n<meta property=\"og:image\" content=\"https:\/\/www.laguiadepamplona.com\/actualidad\/wp-content\/uploads\/2023\/10\/fotografia-expo-rios.webp\" \/>\n\t<meta property=\"og:image:width\" content=\"1200\" \/>\n\t<meta property=\"og:image:height\" content=\"748\" \/>\n\t<meta property=\"og:image:type\" content=\"image\/webp\" \/>\n<meta name=\"author\" content=\"La Gu\u00eda de Pamplona\" \/>\n<meta name=\"twitter:card\" content=\"summary_large_image\" \/>\n<meta name=\"twitter:creator\" content=\"@LaGuiadPamplona\" \/>\n<meta name=\"twitter:site\" content=\"@LaGuiadPamplona\" \/>\n<meta name=\"twitter:label1\" content=\"Escrito por\" \/>\n\t<meta name=\"twitter:data1\" content=\"La Gu\u00eda de Pamplona\" \/>\n\t<meta name=\"twitter:label2\" content=\"Tiempo de lectura\" \/>\n\t<meta name=\"twitter:data2\" content=\"2 minutos\" \/>\n<script type=\"application\/ld+json\" class=\"yoast-schema-graph\">{\"@context\":\"https:\\\/\\\/schema.org\",\"@graph\":[{\"@type\":\"Article\",\"@id\":\"https:\\\/\\\/www.laguiadepamplona.com\\\/actualidad\\\/una-exposicion-fotografica-muestra-en-el-museo-de-educacion-ambiental-la-evolucion-de-los-rios-de-pamplona\\\/#article\",\"isPartOf\":{\"@id\":\"https:\\\/\\\/www.laguiadepamplona.com\\\/actualidad\\\/una-exposicion-fotografica-muestra-en-el-museo-de-educacion-ambiental-la-evolucion-de-los-rios-de-pamplona\\\/\"},\"author\":{\"name\":\"La Gu\u00eda de Pamplona\",\"@id\":\"https:\\\/\\\/www.laguiadepamplona.com\\\/actualidad\\\/#\\\/schema\\\/person\\\/efe887376f0213d4657c93adc50b1fdb\"},\"headline\":\"Una exposici\u00f3n fotogr\u00e1fica muestra en el Museo de Educaci\u00f3n Ambiental la evoluci\u00f3n de los r\u00edos de Pamplona\",\"datePublished\":\"2023-10-04T15:32:31+00:00\",\"mainEntityOfPage\":{\"@id\":\"https:\\\/\\\/www.laguiadepamplona.com\\\/actualidad\\\/una-exposicion-fotografica-muestra-en-el-museo-de-educacion-ambiental-la-evolucion-de-los-rios-de-pamplona\\\/\"},\"wordCount\":415,\"commentCount\":0,\"publisher\":{\"@id\":\"https:\\\/\\\/www.laguiadepamplona.com\\\/actualidad\\\/#organization\"},\"image\":{\"@id\":\"https:\\\/\\\/www.laguiadepamplona.com\\\/actualidad\\\/una-exposicion-fotografica-muestra-en-el-museo-de-educacion-ambiental-la-evolucion-de-los-rios-de-pamplona\\\/#primaryimage\"},\"thumbnailUrl\":\"https:\\\/\\\/www.laguiadepamplona.com\\\/actualidad\\\/wp-content\\\/uploads\\\/2023\\\/10\\\/fotografia-expo-rios.webp\",\"articleSection\":[\"Ayto Pamplona\"],\"inLanguage\":\"es\",\"potentialAction\":[{\"@type\":\"CommentAction\",\"name\":\"Comment\",\"target\":[\"https:\\\/\\\/www.laguiadepamplona.com\\\/actualidad\\\/una-exposicion-fotografica-muestra-en-el-museo-de-educacion-ambiental-la-evolucion-de-los-rios-de-pamplona\\\/#respond\"]}]},{\"@type\":\"WebPage\",\"@id\":\"https:\\\/\\\/www.laguiadepamplona.com\\\/actualidad\\\/una-exposicion-fotografica-muestra-en-el-museo-de-educacion-ambiental-la-evolucion-de-los-rios-de-pamplona\\\/\",\"url\":\"https:\\\/\\\/www.laguiadepamplona.com\\\/actualidad\\\/una-exposicion-fotografica-muestra-en-el-museo-de-educacion-ambiental-la-evolucion-de-los-rios-de-pamplona\\\/\",\"name\":\"Una exposici\u00f3n fotogr\u00e1fica muestra en el Museo de Educaci\u00f3n Ambiental la evoluci\u00f3n de los r\u00edos de Pamplona\",\"isPartOf\":{\"@id\":\"https:\\\/\\\/www.laguiadepamplona.com\\\/actualidad\\\/#website\"},\"primaryImageOfPage\":{\"@id\":\"https:\\\/\\\/www.laguiadepamplona.com\\\/actualidad\\\/una-exposicion-fotografica-muestra-en-el-museo-de-educacion-ambiental-la-evolucion-de-los-rios-de-pamplona\\\/#primaryimage\"},\"image\":{\"@id\":\"https:\\\/\\\/www.laguiadepamplona.com\\\/actualidad\\\/una-exposicion-fotografica-muestra-en-el-museo-de-educacion-ambiental-la-evolucion-de-los-rios-de-pamplona\\\/#primaryimage\"},\"thumbnailUrl\":\"https:\\\/\\\/www.laguiadepamplona.com\\\/actualidad\\\/wp-content\\\/uploads\\\/2023\\\/10\\\/fotografia-expo-rios.webp\",\"datePublished\":\"2023-10-04T15:32:31+00:00\",\"breadcrumb\":{\"@id\":\"https:\\\/\\\/www.laguiadepamplona.com\\\/actualidad\\\/una-exposicion-fotografica-muestra-en-el-museo-de-educacion-ambiental-la-evolucion-de-los-rios-de-pamplona\\\/#breadcrumb\"},\"inLanguage\":\"es\",\"potentialAction\":[{\"@type\":\"ReadAction\",\"target\":[\"https:\\\/\\\/www.laguiadepamplona.com\\\/actualidad\\\/una-exposicion-fotografica-muestra-en-el-museo-de-educacion-ambiental-la-evolucion-de-los-rios-de-pamplona\\\/\"]}]},{\"@type\":\"ImageObject\",\"inLanguage\":\"es\",\"@id\":\"https:\\\/\\\/www.laguiadepamplona.com\\\/actualidad\\\/una-exposicion-fotografica-muestra-en-el-museo-de-educacion-ambiental-la-evolucion-de-los-rios-de-pamplona\\\/#primaryimage\",\"url\":\"https:\\\/\\\/www.laguiadepamplona.com\\\/actualidad\\\/wp-content\\\/uploads\\\/2023\\\/10\\\/fotografia-expo-rios.webp\",\"contentUrl\":\"https:\\\/\\\/www.laguiadepamplona.com\\\/actualidad\\\/wp-content\\\/uploads\\\/2023\\\/10\\\/fotografia-expo-rios.webp\",\"width\":1200,\"height\":748,\"caption\":\"fotograf\u00eda expo r\u00edos\"},{\"@type\":\"BreadcrumbList\",\"@id\":\"https:\\\/\\\/www.laguiadepamplona.com\\\/actualidad\\\/una-exposicion-fotografica-muestra-en-el-museo-de-educacion-ambiental-la-evolucion-de-los-rios-de-pamplona\\\/#breadcrumb\",\"itemListElement\":[{\"@type\":\"ListItem\",\"position\":1,\"name\":\"Portada\",\"item\":\"https:\\\/\\\/www.laguiadepamplona.com\\\/actualidad\\\/\"},{\"@type\":\"ListItem\",\"position\":2,\"name\":\"Una exposici\u00f3n fotogr\u00e1fica muestra en el Museo de Educaci\u00f3n Ambiental la evoluci\u00f3n de los r\u00edos de Pamplona\"}]},{\"@type\":\"WebSite\",\"@id\":\"https:\\\/\\\/www.laguiadepamplona.com\\\/actualidad\\\/#website\",\"url\":\"https:\\\/\\\/www.laguiadepamplona.com\\\/actualidad\\\/\",\"name\":\"La gu\u00eda de Pamplona\",\"description\":\"Noticias de Pamplona\",\"publisher\":{\"@id\":\"https:\\\/\\\/www.laguiadepamplona.com\\\/actualidad\\\/#organization\"},\"potentialAction\":[{\"@type\":\"SearchAction\",\"target\":{\"@type\":\"EntryPoint\",\"urlTemplate\":\"https:\\\/\\\/www.laguiadepamplona.com\\\/actualidad\\\/?s={search_term_string}\"},\"query-input\":{\"@type\":\"PropertyValueSpecification\",\"valueRequired\":true,\"valueName\":\"search_term_string\"}}],\"inLanguage\":\"es\"},{\"@type\":\"Organization\",\"@id\":\"https:\\\/\\\/www.laguiadepamplona.com\\\/actualidad\\\/#organization\",\"name\":\"La Gu\u00eda de Pamplona \\\/ Noticias\",\"url\":\"https:\\\/\\\/www.laguiadepamplona.com\\\/actualidad\\\/\",\"logo\":{\"@type\":\"ImageObject\",\"inLanguage\":\"es\",\"@id\":\"https:\\\/\\\/www.laguiadepamplona.com\\\/actualidad\\\/#\\\/schema\\\/logo\\\/image\\\/\",\"url\":\"https:\\\/\\\/www.laguiadepamplona.com\\\/actualidad\\\/wp-content\\\/uploads\\\/2018\\\/11\\\/logo-laguiadepamplona18-web1.png\",\"contentUrl\":\"https:\\\/\\\/www.laguiadepamplona.com\\\/actualidad\\\/wp-content\\\/uploads\\\/2018\\\/11\\\/logo-laguiadepamplona18-web1.png\",\"width\":600,\"height\":196,\"caption\":\"La Gu\u00eda de Pamplona \\\/ Noticias\"},\"image\":{\"@id\":\"https:\\\/\\\/www.laguiadepamplona.com\\\/actualidad\\\/#\\\/schema\\\/logo\\\/image\\\/\"},\"sameAs\":[\"https:\\\/\\\/www.facebook.com\\\/laguiadepamplonacom-133175176762273\\\/?ref=hl\",\"https:\\\/\\\/x.com\\\/LaGuiadPamplona\",\"https:\\\/\\\/www.instagram.com\\\/la_guia_de_pamplona\\\/\",\"https:\\\/\\\/www.youtube.com\\\/user\\\/laguiadepamplona\"]},{\"@type\":\"Person\",\"@id\":\"https:\\\/\\\/www.laguiadepamplona.com\\\/actualidad\\\/#\\\/schema\\\/person\\\/efe887376f0213d4657c93adc50b1fdb\",\"name\":\"La Gu\u00eda de Pamplona\",\"image\":{\"@type\":\"ImageObject\",\"inLanguage\":\"es\",\"@id\":\"https:\\\/\\\/secure.gravatar.com\\\/avatar\\\/b6992f131dc8d30ab0dff15446e9d346d9dbd95992de0fef795073f5ea83a81c?s=96&d=mm&r=g\",\"url\":\"https:\\\/\\\/secure.gravatar.com\\\/avatar\\\/b6992f131dc8d30ab0dff15446e9d346d9dbd95992de0fef795073f5ea83a81c?s=96&d=mm&r=g\",\"contentUrl\":\"https:\\\/\\\/secure.gravatar.com\\\/avatar\\\/b6992f131dc8d30ab0dff15446e9d346d9dbd95992de0fef795073f5ea83a81c?s=96&d=mm&r=g\",\"caption\":\"La Gu\u00eda de Pamplona\"}}]}<\/script>\n<!-- \/ Yoast SEO plugin. -->","yoast_head_json":{"title":"Una exposici\u00f3n fotogr\u00e1fica muestra en el Museo de Educaci\u00f3n Ambiental la evoluci\u00f3n de los r\u00edos de Pamplona","robots":{"index":"index","follow":"follow","max-snippet":"max-snippet:-1","max-image-preview":"max-image-preview:large","max-video-preview":"max-video-preview:-1"},"canonical":"https:\/\/www.laguiadepamplona.com\/actualidad\/una-exposicion-fotografica-muestra-en-el-museo-de-educacion-ambiental-la-evolucion-de-los-rios-de-pamplona\/","og_locale":"es_ES","og_type":"article","og_title":"Una exposici\u00f3n fotogr\u00e1fica muestra en el Museo de Educaci\u00f3n Ambiental la evoluci\u00f3n de los r\u00edos de Pamplona","og_description":"Las im\u00e1genes las han facilitado el Archivo Municipal de Pamplona, el archivo de la UPNA y los fot\u00f3grafos I\u00f1aki Vergara P\u00e9rez y Daniel Garc\u00eda Mina","og_url":"https:\/\/www.laguiadepamplona.com\/actualidad\/una-exposicion-fotografica-muestra-en-el-museo-de-educacion-ambiental-la-evolucion-de-los-rios-de-pamplona\/","og_site_name":"La Gu\u00eda de Pamplona","article_publisher":"https:\/\/www.facebook.com\/laguiadepamplonacom-133175176762273\/?ref=hl","article_published_time":"2023-10-04T15:32:31+00:00","og_image":[{"width":1200,"height":748,"url":"https:\/\/www.laguiadepamplona.com\/actualidad\/wp-content\/uploads\/2023\/10\/fotografia-expo-rios.webp","type":"image\/webp"}],"author":"La Gu\u00eda de Pamplona","twitter_card":"summary_large_image","twitter_creator":"@LaGuiadPamplona","twitter_site":"@LaGuiadPamplona","twitter_misc":{"Escrito por":"La Gu\u00eda de Pamplona","Tiempo de lectura":"2 minutos"},"schema":{"@context":"https:\/\/schema.org","@graph":[{"@type":"Article","@id":"https:\/\/www.laguiadepamplona.com\/actualidad\/una-exposicion-fotografica-muestra-en-el-museo-de-educacion-ambiental-la-evolucion-de-los-rios-de-pamplona\/#article","isPartOf":{"@id":"https:\/\/www.laguiadepamplona.com\/actualidad\/una-exposicion-fotografica-muestra-en-el-museo-de-educacion-ambiental-la-evolucion-de-los-rios-de-pamplona\/"},"author":{"name":"La Gu\u00eda de Pamplona","@id":"https:\/\/www.laguiadepamplona.com\/actualidad\/#\/schema\/person\/efe887376f0213d4657c93adc50b1fdb"},"headline":"Una exposici\u00f3n fotogr\u00e1fica muestra en el Museo de Educaci\u00f3n Ambiental la evoluci\u00f3n de los r\u00edos de Pamplona","datePublished":"2023-10-04T15:32:31+00:00","mainEntityOfPage":{"@id":"https:\/\/www.laguiadepamplona.com\/actualidad\/una-exposicion-fotografica-muestra-en-el-museo-de-educacion-ambiental-la-evolucion-de-los-rios-de-pamplona\/"},"wordCount":415,"commentCount":0,"publisher":{"@id":"https:\/\/www.laguiadepamplona.com\/actualidad\/#organization"},"image":{"@id":"https:\/\/www.laguiadepamplona.com\/actualidad\/una-exposicion-fotografica-muestra-en-el-museo-de-educacion-ambiental-la-evolucion-de-los-rios-de-pamplona\/#primaryimage"},"thumbnailUrl":"https:\/\/www.laguiadepamplona.com\/actualidad\/wp-content\/uploads\/2023\/10\/fotografia-expo-rios.webp","articleSection":["Ayto Pamplona"],"inLanguage":"es","potentialAction":[{"@type":"CommentAction","name":"Comment","target":["https:\/\/www.laguiadepamplona.com\/actualidad\/una-exposicion-fotografica-muestra-en-el-museo-de-educacion-ambiental-la-evolucion-de-los-rios-de-pamplona\/#respond"]}]},{"@type":"WebPage","@id":"https:\/\/www.laguiadepamplona.com\/actualidad\/una-exposicion-fotografica-muestra-en-el-museo-de-educacion-ambiental-la-evolucion-de-los-rios-de-pamplona\/","url":"https:\/\/www.laguiadepamplona.com\/actualidad\/una-exposicion-fotografica-muestra-en-el-museo-de-educacion-ambiental-la-evolucion-de-los-rios-de-pamplona\/","name":"Una exposici\u00f3n fotogr\u00e1fica muestra en el Museo de Educaci\u00f3n Ambiental la evoluci\u00f3n de los r\u00edos de Pamplona","isPartOf":{"@id":"https:\/\/www.laguiadepamplona.com\/actualidad\/#website"},"primaryImageOfPage":{"@id":"https:\/\/www.laguiadepamplona.com\/actualidad\/una-exposicion-fotografica-muestra-en-el-museo-de-educacion-ambiental-la-evolucion-de-los-rios-de-pamplona\/#primaryimage"},"image":{"@id":"https:\/\/www.laguiadepamplona.com\/actualidad\/una-exposicion-fotografica-muestra-en-el-museo-de-educacion-ambiental-la-evolucion-de-los-rios-de-pamplona\/#primaryimage"},"thumbnailUrl":"https:\/\/www.laguiadepamplona.com\/actualidad\/wp-content\/uploads\/2023\/10\/fotografia-expo-rios.webp","datePublished":"2023-10-04T15:32:31+00:00","breadcrumb":{"@id":"https:\/\/www.laguiadepamplona.com\/actualidad\/una-exposicion-fotografica-muestra-en-el-museo-de-educacion-ambiental-la-evolucion-de-los-rios-de-pamplona\/#breadcrumb"},"inLanguage":"es","potentialAction":[{"@type":"ReadAction","target":["https:\/\/www.laguiadepamplona.com\/actualidad\/una-exposicion-fotografica-muestra-en-el-museo-de-educacion-ambiental-la-evolucion-de-los-rios-de-pamplona\/"]}]},{"@type":"ImageObject","inLanguage":"es","@id":"https:\/\/www.laguiadepamplona.com\/actualidad\/una-exposicion-fotografica-muestra-en-el-museo-de-educacion-ambiental-la-evolucion-de-los-rios-de-pamplona\/#primaryimage","url":"https:\/\/www.laguiadepamplona.com\/actualidad\/wp-content\/uploads\/2023\/10\/fotografia-expo-rios.webp","contentUrl":"https:\/\/www.laguiadepamplona.com\/actualidad\/wp-content\/uploads\/2023\/10\/fotografia-expo-rios.webp","width":1200,"height":748,"caption":"fotograf\u00eda expo r\u00edos"},{"@type":"BreadcrumbList","@id":"https:\/\/www.laguiadepamplona.com\/actualidad\/una-exposicion-fotografica-muestra-en-el-museo-de-educacion-ambiental-la-evolucion-de-los-rios-de-pamplona\/#breadcrumb","itemListElement":[{"@type":"ListItem","position":1,"name":"Portada","item":"https:\/\/www.laguiadepamplona.com\/actualidad\/"},{"@type":"ListItem","position":2,"name":"Una exposici\u00f3n fotogr\u00e1fica muestra en el Museo de Educaci\u00f3n Ambiental la evoluci\u00f3n de los r\u00edos de Pamplona"}]},{"@type":"WebSite","@id":"https:\/\/www.laguiadepamplona.com\/actualidad\/#website","url":"https:\/\/www.laguiadepamplona.com\/actualidad\/","name":"La gu\u00eda de Pamplona","description":"Noticias de Pamplona","publisher":{"@id":"https:\/\/www.laguiadepamplona.com\/actualidad\/#organization"},"potentialAction":[{"@type":"SearchAction","target":{"@type":"EntryPoint","urlTemplate":"https:\/\/www.laguiadepamplona.com\/actualidad\/?s={search_term_string}"},"query-input":{"@type":"PropertyValueSpecification","valueRequired":true,"valueName":"search_term_string"}}],"inLanguage":"es"},{"@type":"Organization","@id":"https:\/\/www.laguiadepamplona.com\/actualidad\/#organization","name":"La Gu\u00eda de Pamplona \/ Noticias","url":"https:\/\/www.laguiadepamplona.com\/actualidad\/","logo":{"@type":"ImageObject","inLanguage":"es","@id":"https:\/\/www.laguiadepamplona.com\/actualidad\/#\/schema\/logo\/image\/","url":"https:\/\/www.laguiadepamplona.com\/actualidad\/wp-content\/uploads\/2018\/11\/logo-laguiadepamplona18-web1.png","contentUrl":"https:\/\/www.laguiadepamplona.com\/actualidad\/wp-content\/uploads\/2018\/11\/logo-laguiadepamplona18-web1.png","width":600,"height":196,"caption":"La Gu\u00eda de Pamplona \/ Noticias"},"image":{"@id":"https:\/\/www.laguiadepamplona.com\/actualidad\/#\/schema\/logo\/image\/"},"sameAs":["https:\/\/www.facebook.com\/laguiadepamplonacom-133175176762273\/?ref=hl","https:\/\/x.com\/LaGuiadPamplona","https:\/\/www.instagram.com\/la_guia_de_pamplona\/","https:\/\/www.youtube.com\/user\/laguiadepamplona"]},{"@type":"Person","@id":"https:\/\/www.laguiadepamplona.com\/actualidad\/#\/schema\/person\/efe887376f0213d4657c93adc50b1fdb","name":"La Gu\u00eda de Pamplona","image":{"@type":"ImageObject","inLanguage":"es","@id":"https:\/\/secure.gravatar.com\/avatar\/b6992f131dc8d30ab0dff15446e9d346d9dbd95992de0fef795073f5ea83a81c?s=96&d=mm&r=g","url":"https:\/\/secure.gravatar.com\/avatar\/b6992f131dc8d30ab0dff15446e9d346d9dbd95992de0fef795073f5ea83a81c?s=96&d=mm&r=g","contentUrl":"https:\/\/secure.gravatar.com\/avatar\/b6992f131dc8d30ab0dff15446e9d346d9dbd95992de0fef795073f5ea83a81c?s=96&d=mm&r=g","caption":"La Gu\u00eda de Pamplona"}}]}},"post_mailing_queue_ids":[],"_links":{"self":[{"href":"https:\/\/www.laguiadepamplona.com\/actualidad\/wp-json\/wp\/v2\/posts\/47486","targetHints":{"allow":["GET"]}}],"collection":[{"href":"https:\/\/www.laguiadepamplona.com\/actualidad\/wp-json\/wp\/v2\/posts"}],"about":[{"href":"https:\/\/www.laguiadepamplona.com\/actualidad\/wp-json\/wp\/v2\/types\/post"}],"author":[{"embeddable":true,"href":"https:\/\/www.laguiadepamplona.com\/actualidad\/wp-json\/wp\/v2\/users\/1"}],"replies":[{"embeddable":true,"href":"https:\/\/www.laguiadepamplona.com\/actualidad\/wp-json\/wp\/v2\/comments?post=47486"}],"version-history":[{"count":1,"href":"https:\/\/www.laguiadepamplona.com\/actualidad\/wp-json\/wp\/v2\/posts\/47486\/revisions"}],"predecessor-version":[{"id":47488,"href":"https:\/\/www.laguiadepamplona.com\/actualidad\/wp-json\/wp\/v2\/posts\/47486\/revisions\/47488"}],"wp:featuredmedia":[{"embeddable":true,"href":"https:\/\/www.laguiadepamplona.com\/actualidad\/wp-json\/wp\/v2\/media\/47487"}],"wp:attachment":[{"href":"https:\/\/www.laguiadepamplona.com\/actualidad\/wp-json\/wp\/v2\/media?parent=47486"}],"wp:term":[{"taxonomy":"category","embeddable":true,"href":"https:\/\/www.laguiadepamplona.com\/actualidad\/wp-json\/wp\/v2\/categories?post=47486"},{"taxonomy":"post_tag","embeddable":true,"href":"https:\/\/www.laguiadepamplona.com\/actualidad\/wp-json\/wp\/v2\/tags?post=47486"}],"curies":[{"name":"wp","href":"https:\/\/api.w.org\/{rel}","templated":true}]}}