{"id":47478,"date":"2023-10-03T17:53:00","date_gmt":"2023-10-03T15:53:00","guid":{"rendered":"https:\/\/www.laguiadepamplona.com\/actualidad\/?p=47478"},"modified":"2023-10-03T17:53:00","modified_gmt":"2023-10-03T15:53:00","slug":"el-pleno-debatira-dos-modificaciones-del-presupuesto-prorrogado-de-2023-para-incluir-16-millones-de-euros-para-diferentes-proyectos-procedentes-de-fondos-europeos","status":"publish","type":"post","link":"https:\/\/www.laguiadepamplona.com\/actualidad\/el-pleno-debatira-dos-modificaciones-del-presupuesto-prorrogado-de-2023-para-incluir-16-millones-de-euros-para-diferentes-proyectos-procedentes-de-fondos-europeos\/","title":{"rendered":"El Pleno debatir\u00e1 dos modificaciones del presupuesto prorrogado de 2023 para incluir 1,6 millones de euros para diferentes proyectos procedentes de fondos europeos"},"content":{"rendered":"<h3>Se trata de inversiones en la modernizaci\u00f3n de servicios sociales, ampliar el servicio de bicis el\u00e9ctricas o generar aparcamientos disuasorios, entre otros<\/h3>\n<p><!--more--><\/p>\n<p>La Comisi\u00f3n de Presidencia ha conocido esta ma\u00f1ana dos expedientes de generaci\u00f3n de cr\u00e9dito en el presupuesto prorrogado de 2023, por valor de 1.665.911 euros, vinculados a proyectos financiados con subvenciones europeas de los fondos Next Generation EU. Esas inversiones est\u00e1n relacionadas, por una parte, con la modernizaci\u00f3n digital de servicios sociales y, por otra, con el proyecto de carril bici de Landaben, la ampliaci\u00f3n del servicio de bicis el\u00e9ctricas, los aparcamientos disuasorios o diversas actuaciones entornos sensibles. Estos dos expedientes se debatir\u00e1n en el Pleno del pr\u00f3ximo jueves.<br \/>\n<script async src=\"\/\/pagead2.googlesyndication.com\/pagead\/js\/adsbygoogle.js\"><\/script><br \/>\n<!-- Noticias La Guia de Pamplona --><br \/>\n<ins class=\"adsbygoogle\"\nstyle=\"display:block\"\ndata-ad-client=\"ca-pub-6943679897239327\"\ndata-ad-slot=\"7048180777\"\ndata-ad-format=\"auto\"><\/ins><br \/>\n<script>\n(adsbygoogle = window.adsbygoogle || []).push({});\n<\/script><\/p>\n<p>El primer expediente incluye una modificaci\u00f3n de cr\u00e9dito de 205.743 euros, de una subvenci\u00f3n total de 215.901,06 euros, para la modernizaci\u00f3n digital de servicios sociales, de los que ya se han invertido. Se trata de inversiones en elementos de soporte f\u00edsico de sistemas inform\u00e1ticos y elementos inform\u00e1ticos estructurales. En concreto, se ir\u00e1n adquiriendo tablets, tel\u00e9fonos m\u00f3viles o equipamientos tanto de infraestructura de red o servidores como para dotar a las salas de conferencias del material necesario para reuniones y dem\u00e1s.<\/p>\n<p>El segundo expediente recoge 1,4 millones de euros vinculados a la convocatoria de fondos Next Generation EU relacionadas con la movilidad y las zonas de bajas emisiones. Se concedieron al Ayuntamiento 6,3 millones de euros para ejecutar inversiones entre 2023 y 2025. El expediente plasma 700.000 euros para la ampliaci\u00f3n del servicio de alquiler de bicicletas el\u00e9ctricas. Se dotar\u00e1 al servicio de 20 nuevas bases y de 240 bicicletas m\u00e1s. Este presupuesto servir\u00e1 para afrontar el primer pago de la ampliaci\u00f3n. Otros 25.168 euros se invertir\u00e1n en la redacci\u00f3n y obra de un carril bici que conecte la calle Miluze con el barrio de San Jorge a trav\u00e9s del pol\u00edgono de Landaben.<br \/>\n<script async src=\"\/\/pagead2.googlesyndication.com\/pagead\/js\/adsbygoogle.js\"><\/script><br \/>\n<!-- Noticias La Guia de Pamplona --><br \/>\n<ins class=\"adsbygoogle\"\nstyle=\"display:block\"\ndata-ad-client=\"ca-pub-6943679897239327\"\ndata-ad-slot=\"7048180777\"\ndata-ad-format=\"auto\"><\/ins><br \/>\n<script>\n(adsbygoogle = window.adsbygoogle || []).push({});\n<\/script><\/p>\n<p>Adem\u00e1s, se prev\u00e9 un gasto de 530.000 euros para adquirir los elementos necesarios para implantar nuevos aparcamientos disuasorios videovigilados en Txantrea, Azpilaga\u00f1a, San Juan y Lezkairu. La idea es que este dinero sirva para el suministro y acopio de instalaciones de cara a ejecutar las obras para adecuar esos aparcamientos en 2024. Por \u00faltimo, se incluyen 205.000 euros para actuaciones en entornos sensibles. Se acometer\u00e1n diferentes trabajos para mejorar la seguridad y el tr\u00e1nsito peatonal en los alrededores del CPEIP Azpilaga\u00f1a, del colegio Jesuitas Pamplona y la escuela infantil Ninia Etxea, y de la Casa de la Juventud.<\/p>\n","protected":false},"excerpt":{"rendered":"<p>Se trata de inversiones en la modernizaci\u00f3n de servicios sociales, ampliar el servicio de bicis el\u00e9ctricas o generar aparcamientos disuasorios, entre otros<\/p>\n","protected":false},"author":1,"featured_media":42333,"comment_status":"open","ping_status":"closed","sticky":false,"template":"","format":"standard","meta":{"footnotes":""},"categories":[2],"tags":[],"class_list":["post-47478","post","type-post","status-publish","format-standard","has-post-thumbnail","hentry","category-ayuntamiento-pamplona"],"yoast_head":"<!-- This site is optimized with the Yoast SEO plugin v27.3 - https:\/\/yoast.com\/product\/yoast-seo-wordpress\/ -->\n<title>El Pleno debatir\u00e1 dos modificaciones del presupuesto prorrogado de 2023 para incluir 1,6 millones de euros para diferentes proyectos procedentes de fondos europeos<\/title>\n<meta name=\"description\" content=\"Se trata de inversiones en la modernizaci\u00f3n de servicios sociales, ampliar el servicio de bicis el\u00e9ctricas o generar aparcamientos disuasorios, entre otros\" \/>\n<meta name=\"robots\" content=\"index, follow, max-snippet:-1, max-image-preview:large, max-video-preview:-1\" \/>\n<link rel=\"canonical\" href=\"https:\/\/www.laguiadepamplona.com\/actualidad\/el-pleno-debatira-dos-modificaciones-del-presupuesto-prorrogado-de-2023-para-incluir-16-millones-de-euros-para-diferentes-proyectos-procedentes-de-fondos-europeos\/\" \/>\n<meta property=\"og:locale\" content=\"es_ES\" \/>\n<meta property=\"og:type\" content=\"article\" \/>\n<meta property=\"og:title\" content=\"El Pleno debatir\u00e1 dos modificaciones del presupuesto prorrogado de 2023 para incluir 1,6 millones de euros para diferentes proyectos procedentes de fondos europeos\" \/>\n<meta property=\"og:description\" content=\"Se trata de inversiones en la modernizaci\u00f3n de servicios sociales, ampliar el servicio de bicis el\u00e9ctricas o generar aparcamientos disuasorios, entre otros\" \/>\n<meta property=\"og:url\" content=\"https:\/\/www.laguiadepamplona.com\/actualidad\/el-pleno-debatira-dos-modificaciones-del-presupuesto-prorrogado-de-2023-para-incluir-16-millones-de-euros-para-diferentes-proyectos-procedentes-de-fondos-europeos\/\" \/>\n<meta property=\"og:site_name\" content=\"La Gu\u00eda de Pamplona\" \/>\n<meta property=\"article:publisher\" content=\"https:\/\/www.facebook.com\/laguiadepamplonacom-133175176762273\/?ref=hl\" \/>\n<meta property=\"article:published_time\" content=\"2023-10-03T15:53:00+00:00\" \/>\n<meta property=\"og:image\" content=\"https:\/\/www.laguiadepamplona.com\/actualidad\/wp-content\/uploads\/2022\/11\/papeles_0.webp\" \/>\n\t<meta property=\"og:image:width\" content=\"1920\" \/>\n\t<meta property=\"og:image:height\" content=\"1280\" \/>\n\t<meta property=\"og:image:type\" content=\"image\/webp\" \/>\n<meta name=\"author\" content=\"La Gu\u00eda de Pamplona\" \/>\n<meta name=\"twitter:card\" content=\"summary_large_image\" \/>\n<meta name=\"twitter:creator\" content=\"@LaGuiadPamplona\" \/>\n<meta name=\"twitter:site\" content=\"@LaGuiadPamplona\" \/>\n<meta name=\"twitter:label1\" content=\"Escrito por\" \/>\n\t<meta name=\"twitter:data1\" content=\"La Gu\u00eda de Pamplona\" \/>\n\t<meta name=\"twitter:label2\" content=\"Tiempo de lectura\" \/>\n\t<meta name=\"twitter:data2\" content=\"2 minutos\" \/>\n<script type=\"application\/ld+json\" class=\"yoast-schema-graph\">{\"@context\":\"https:\\\/\\\/schema.org\",\"@graph\":[{\"@type\":\"Article\",\"@id\":\"https:\\\/\\\/www.laguiadepamplona.com\\\/actualidad\\\/el-pleno-debatira-dos-modificaciones-del-presupuesto-prorrogado-de-2023-para-incluir-16-millones-de-euros-para-diferentes-proyectos-procedentes-de-fondos-europeos\\\/#article\",\"isPartOf\":{\"@id\":\"https:\\\/\\\/www.laguiadepamplona.com\\\/actualidad\\\/el-pleno-debatira-dos-modificaciones-del-presupuesto-prorrogado-de-2023-para-incluir-16-millones-de-euros-para-diferentes-proyectos-procedentes-de-fondos-europeos\\\/\"},\"author\":{\"name\":\"La Gu\u00eda de Pamplona\",\"@id\":\"https:\\\/\\\/www.laguiadepamplona.com\\\/actualidad\\\/#\\\/schema\\\/person\\\/efe887376f0213d4657c93adc50b1fdb\"},\"headline\":\"El Pleno debatir\u00e1 dos modificaciones del presupuesto prorrogado de 2023 para incluir 1,6 millones de euros para diferentes proyectos procedentes de fondos europeos\",\"datePublished\":\"2023-10-03T15:53:00+00:00\",\"mainEntityOfPage\":{\"@id\":\"https:\\\/\\\/www.laguiadepamplona.com\\\/actualidad\\\/el-pleno-debatira-dos-modificaciones-del-presupuesto-prorrogado-de-2023-para-incluir-16-millones-de-euros-para-diferentes-proyectos-procedentes-de-fondos-europeos\\\/\"},\"wordCount\":443,\"commentCount\":0,\"publisher\":{\"@id\":\"https:\\\/\\\/www.laguiadepamplona.com\\\/actualidad\\\/#organization\"},\"image\":{\"@id\":\"https:\\\/\\\/www.laguiadepamplona.com\\\/actualidad\\\/el-pleno-debatira-dos-modificaciones-del-presupuesto-prorrogado-de-2023-para-incluir-16-millones-de-euros-para-diferentes-proyectos-procedentes-de-fondos-europeos\\\/#primaryimage\"},\"thumbnailUrl\":\"https:\\\/\\\/www.laguiadepamplona.com\\\/actualidad\\\/wp-content\\\/uploads\\\/2022\\\/11\\\/papeles_0.webp\",\"articleSection\":[\"Ayto Pamplona\"],\"inLanguage\":\"es\",\"potentialAction\":[{\"@type\":\"CommentAction\",\"name\":\"Comment\",\"target\":[\"https:\\\/\\\/www.laguiadepamplona.com\\\/actualidad\\\/el-pleno-debatira-dos-modificaciones-del-presupuesto-prorrogado-de-2023-para-incluir-16-millones-de-euros-para-diferentes-proyectos-procedentes-de-fondos-europeos\\\/#respond\"]}]},{\"@type\":\"WebPage\",\"@id\":\"https:\\\/\\\/www.laguiadepamplona.com\\\/actualidad\\\/el-pleno-debatira-dos-modificaciones-del-presupuesto-prorrogado-de-2023-para-incluir-16-millones-de-euros-para-diferentes-proyectos-procedentes-de-fondos-europeos\\\/\",\"url\":\"https:\\\/\\\/www.laguiadepamplona.com\\\/actualidad\\\/el-pleno-debatira-dos-modificaciones-del-presupuesto-prorrogado-de-2023-para-incluir-16-millones-de-euros-para-diferentes-proyectos-procedentes-de-fondos-europeos\\\/\",\"name\":\"El Pleno debatir\u00e1 dos modificaciones del presupuesto prorrogado de 2023 para incluir 1,6 millones de euros para diferentes proyectos procedentes de fondos europeos\",\"isPartOf\":{\"@id\":\"https:\\\/\\\/www.laguiadepamplona.com\\\/actualidad\\\/#website\"},\"primaryImageOfPage\":{\"@id\":\"https:\\\/\\\/www.laguiadepamplona.com\\\/actualidad\\\/el-pleno-debatira-dos-modificaciones-del-presupuesto-prorrogado-de-2023-para-incluir-16-millones-de-euros-para-diferentes-proyectos-procedentes-de-fondos-europeos\\\/#primaryimage\"},\"image\":{\"@id\":\"https:\\\/\\\/www.laguiadepamplona.com\\\/actualidad\\\/el-pleno-debatira-dos-modificaciones-del-presupuesto-prorrogado-de-2023-para-incluir-16-millones-de-euros-para-diferentes-proyectos-procedentes-de-fondos-europeos\\\/#primaryimage\"},\"thumbnailUrl\":\"https:\\\/\\\/www.laguiadepamplona.com\\\/actualidad\\\/wp-content\\\/uploads\\\/2022\\\/11\\\/papeles_0.webp\",\"datePublished\":\"2023-10-03T15:53:00+00:00\",\"description\":\"Se trata de inversiones en la modernizaci\u00f3n de servicios sociales, ampliar el servicio de bicis el\u00e9ctricas o generar aparcamientos disuasorios, entre otros\",\"breadcrumb\":{\"@id\":\"https:\\\/\\\/www.laguiadepamplona.com\\\/actualidad\\\/el-pleno-debatira-dos-modificaciones-del-presupuesto-prorrogado-de-2023-para-incluir-16-millones-de-euros-para-diferentes-proyectos-procedentes-de-fondos-europeos\\\/#breadcrumb\"},\"inLanguage\":\"es\",\"potentialAction\":[{\"@type\":\"ReadAction\",\"target\":[\"https:\\\/\\\/www.laguiadepamplona.com\\\/actualidad\\\/el-pleno-debatira-dos-modificaciones-del-presupuesto-prorrogado-de-2023-para-incluir-16-millones-de-euros-para-diferentes-proyectos-procedentes-de-fondos-europeos\\\/\"]}]},{\"@type\":\"ImageObject\",\"inLanguage\":\"es\",\"@id\":\"https:\\\/\\\/www.laguiadepamplona.com\\\/actualidad\\\/el-pleno-debatira-dos-modificaciones-del-presupuesto-prorrogado-de-2023-para-incluir-16-millones-de-euros-para-diferentes-proyectos-procedentes-de-fondos-europeos\\\/#primaryimage\",\"url\":\"https:\\\/\\\/www.laguiadepamplona.com\\\/actualidad\\\/wp-content\\\/uploads\\\/2022\\\/11\\\/papeles_0.webp\",\"contentUrl\":\"https:\\\/\\\/www.laguiadepamplona.com\\\/actualidad\\\/wp-content\\\/uploads\\\/2022\\\/11\\\/papeles_0.webp\",\"width\":1920,\"height\":1280},{\"@type\":\"BreadcrumbList\",\"@id\":\"https:\\\/\\\/www.laguiadepamplona.com\\\/actualidad\\\/el-pleno-debatira-dos-modificaciones-del-presupuesto-prorrogado-de-2023-para-incluir-16-millones-de-euros-para-diferentes-proyectos-procedentes-de-fondos-europeos\\\/#breadcrumb\",\"itemListElement\":[{\"@type\":\"ListItem\",\"position\":1,\"name\":\"Portada\",\"item\":\"https:\\\/\\\/www.laguiadepamplona.com\\\/actualidad\\\/\"},{\"@type\":\"ListItem\",\"position\":2,\"name\":\"El Pleno debatir\u00e1 dos modificaciones del presupuesto prorrogado de 2023 para incluir 1,6 millones de euros para diferentes proyectos procedentes de fondos europeos\"}]},{\"@type\":\"WebSite\",\"@id\":\"https:\\\/\\\/www.laguiadepamplona.com\\\/actualidad\\\/#website\",\"url\":\"https:\\\/\\\/www.laguiadepamplona.com\\\/actualidad\\\/\",\"name\":\"La gu\u00eda de Pamplona\",\"description\":\"Noticias de Pamplona\",\"publisher\":{\"@id\":\"https:\\\/\\\/www.laguiadepamplona.com\\\/actualidad\\\/#organization\"},\"potentialAction\":[{\"@type\":\"SearchAction\",\"target\":{\"@type\":\"EntryPoint\",\"urlTemplate\":\"https:\\\/\\\/www.laguiadepamplona.com\\\/actualidad\\\/?s={search_term_string}\"},\"query-input\":{\"@type\":\"PropertyValueSpecification\",\"valueRequired\":true,\"valueName\":\"search_term_string\"}}],\"inLanguage\":\"es\"},{\"@type\":\"Organization\",\"@id\":\"https:\\\/\\\/www.laguiadepamplona.com\\\/actualidad\\\/#organization\",\"name\":\"La Gu\u00eda de Pamplona \\\/ Noticias\",\"url\":\"https:\\\/\\\/www.laguiadepamplona.com\\\/actualidad\\\/\",\"logo\":{\"@type\":\"ImageObject\",\"inLanguage\":\"es\",\"@id\":\"https:\\\/\\\/www.laguiadepamplona.com\\\/actualidad\\\/#\\\/schema\\\/logo\\\/image\\\/\",\"url\":\"https:\\\/\\\/www.laguiadepamplona.com\\\/actualidad\\\/wp-content\\\/uploads\\\/2018\\\/11\\\/logo-laguiadepamplona18-web1.png\",\"contentUrl\":\"https:\\\/\\\/www.laguiadepamplona.com\\\/actualidad\\\/wp-content\\\/uploads\\\/2018\\\/11\\\/logo-laguiadepamplona18-web1.png\",\"width\":600,\"height\":196,\"caption\":\"La Gu\u00eda de Pamplona \\\/ Noticias\"},\"image\":{\"@id\":\"https:\\\/\\\/www.laguiadepamplona.com\\\/actualidad\\\/#\\\/schema\\\/logo\\\/image\\\/\"},\"sameAs\":[\"https:\\\/\\\/www.facebook.com\\\/laguiadepamplonacom-133175176762273\\\/?ref=hl\",\"https:\\\/\\\/x.com\\\/LaGuiadPamplona\",\"https:\\\/\\\/www.instagram.com\\\/la_guia_de_pamplona\\\/\",\"https:\\\/\\\/www.youtube.com\\\/user\\\/laguiadepamplona\"]},{\"@type\":\"Person\",\"@id\":\"https:\\\/\\\/www.laguiadepamplona.com\\\/actualidad\\\/#\\\/schema\\\/person\\\/efe887376f0213d4657c93adc50b1fdb\",\"name\":\"La Gu\u00eda de Pamplona\",\"image\":{\"@type\":\"ImageObject\",\"inLanguage\":\"es\",\"@id\":\"https:\\\/\\\/secure.gravatar.com\\\/avatar\\\/b6992f131dc8d30ab0dff15446e9d346d9dbd95992de0fef795073f5ea83a81c?s=96&d=mm&r=g\",\"url\":\"https:\\\/\\\/secure.gravatar.com\\\/avatar\\\/b6992f131dc8d30ab0dff15446e9d346d9dbd95992de0fef795073f5ea83a81c?s=96&d=mm&r=g\",\"contentUrl\":\"https:\\\/\\\/secure.gravatar.com\\\/avatar\\\/b6992f131dc8d30ab0dff15446e9d346d9dbd95992de0fef795073f5ea83a81c?s=96&d=mm&r=g\",\"caption\":\"La Gu\u00eda de Pamplona\"}}]}<\/script>\n<!-- \/ Yoast SEO plugin. -->","yoast_head_json":{"title":"El Pleno debatir\u00e1 dos modificaciones del presupuesto prorrogado de 2023 para incluir 1,6 millones de euros para diferentes proyectos procedentes de fondos europeos","description":"Se trata de inversiones en la modernizaci\u00f3n de servicios sociales, ampliar el servicio de bicis el\u00e9ctricas o generar aparcamientos disuasorios, entre otros","robots":{"index":"index","follow":"follow","max-snippet":"max-snippet:-1","max-image-preview":"max-image-preview:large","max-video-preview":"max-video-preview:-1"},"canonical":"https:\/\/www.laguiadepamplona.com\/actualidad\/el-pleno-debatira-dos-modificaciones-del-presupuesto-prorrogado-de-2023-para-incluir-16-millones-de-euros-para-diferentes-proyectos-procedentes-de-fondos-europeos\/","og_locale":"es_ES","og_type":"article","og_title":"El Pleno debatir\u00e1 dos modificaciones del presupuesto prorrogado de 2023 para incluir 1,6 millones de euros para diferentes proyectos procedentes de fondos europeos","og_description":"Se trata de inversiones en la modernizaci\u00f3n de servicios sociales, ampliar el servicio de bicis el\u00e9ctricas o generar aparcamientos disuasorios, entre otros","og_url":"https:\/\/www.laguiadepamplona.com\/actualidad\/el-pleno-debatira-dos-modificaciones-del-presupuesto-prorrogado-de-2023-para-incluir-16-millones-de-euros-para-diferentes-proyectos-procedentes-de-fondos-europeos\/","og_site_name":"La Gu\u00eda de Pamplona","article_publisher":"https:\/\/www.facebook.com\/laguiadepamplonacom-133175176762273\/?ref=hl","article_published_time":"2023-10-03T15:53:00+00:00","og_image":[{"width":1920,"height":1280,"url":"https:\/\/www.laguiadepamplona.com\/actualidad\/wp-content\/uploads\/2022\/11\/papeles_0.webp","type":"image\/webp"}],"author":"La Gu\u00eda de Pamplona","twitter_card":"summary_large_image","twitter_creator":"@LaGuiadPamplona","twitter_site":"@LaGuiadPamplona","twitter_misc":{"Escrito por":"La Gu\u00eda de Pamplona","Tiempo de lectura":"2 minutos"},"schema":{"@context":"https:\/\/schema.org","@graph":[{"@type":"Article","@id":"https:\/\/www.laguiadepamplona.com\/actualidad\/el-pleno-debatira-dos-modificaciones-del-presupuesto-prorrogado-de-2023-para-incluir-16-millones-de-euros-para-diferentes-proyectos-procedentes-de-fondos-europeos\/#article","isPartOf":{"@id":"https:\/\/www.laguiadepamplona.com\/actualidad\/el-pleno-debatira-dos-modificaciones-del-presupuesto-prorrogado-de-2023-para-incluir-16-millones-de-euros-para-diferentes-proyectos-procedentes-de-fondos-europeos\/"},"author":{"name":"La Gu\u00eda de Pamplona","@id":"https:\/\/www.laguiadepamplona.com\/actualidad\/#\/schema\/person\/efe887376f0213d4657c93adc50b1fdb"},"headline":"El Pleno debatir\u00e1 dos modificaciones del presupuesto prorrogado de 2023 para incluir 1,6 millones de euros para diferentes proyectos procedentes de fondos europeos","datePublished":"2023-10-03T15:53:00+00:00","mainEntityOfPage":{"@id":"https:\/\/www.laguiadepamplona.com\/actualidad\/el-pleno-debatira-dos-modificaciones-del-presupuesto-prorrogado-de-2023-para-incluir-16-millones-de-euros-para-diferentes-proyectos-procedentes-de-fondos-europeos\/"},"wordCount":443,"commentCount":0,"publisher":{"@id":"https:\/\/www.laguiadepamplona.com\/actualidad\/#organization"},"image":{"@id":"https:\/\/www.laguiadepamplona.com\/actualidad\/el-pleno-debatira-dos-modificaciones-del-presupuesto-prorrogado-de-2023-para-incluir-16-millones-de-euros-para-diferentes-proyectos-procedentes-de-fondos-europeos\/#primaryimage"},"thumbnailUrl":"https:\/\/www.laguiadepamplona.com\/actualidad\/wp-content\/uploads\/2022\/11\/papeles_0.webp","articleSection":["Ayto Pamplona"],"inLanguage":"es","potentialAction":[{"@type":"CommentAction","name":"Comment","target":["https:\/\/www.laguiadepamplona.com\/actualidad\/el-pleno-debatira-dos-modificaciones-del-presupuesto-prorrogado-de-2023-para-incluir-16-millones-de-euros-para-diferentes-proyectos-procedentes-de-fondos-europeos\/#respond"]}]},{"@type":"WebPage","@id":"https:\/\/www.laguiadepamplona.com\/actualidad\/el-pleno-debatira-dos-modificaciones-del-presupuesto-prorrogado-de-2023-para-incluir-16-millones-de-euros-para-diferentes-proyectos-procedentes-de-fondos-europeos\/","url":"https:\/\/www.laguiadepamplona.com\/actualidad\/el-pleno-debatira-dos-modificaciones-del-presupuesto-prorrogado-de-2023-para-incluir-16-millones-de-euros-para-diferentes-proyectos-procedentes-de-fondos-europeos\/","name":"El Pleno debatir\u00e1 dos modificaciones del presupuesto prorrogado de 2023 para incluir 1,6 millones de euros para diferentes proyectos procedentes de fondos europeos","isPartOf":{"@id":"https:\/\/www.laguiadepamplona.com\/actualidad\/#website"},"primaryImageOfPage":{"@id":"https:\/\/www.laguiadepamplona.com\/actualidad\/el-pleno-debatira-dos-modificaciones-del-presupuesto-prorrogado-de-2023-para-incluir-16-millones-de-euros-para-diferentes-proyectos-procedentes-de-fondos-europeos\/#primaryimage"},"image":{"@id":"https:\/\/www.laguiadepamplona.com\/actualidad\/el-pleno-debatira-dos-modificaciones-del-presupuesto-prorrogado-de-2023-para-incluir-16-millones-de-euros-para-diferentes-proyectos-procedentes-de-fondos-europeos\/#primaryimage"},"thumbnailUrl":"https:\/\/www.laguiadepamplona.com\/actualidad\/wp-content\/uploads\/2022\/11\/papeles_0.webp","datePublished":"2023-10-03T15:53:00+00:00","description":"Se trata de inversiones en la modernizaci\u00f3n de servicios sociales, ampliar el servicio de bicis el\u00e9ctricas o generar aparcamientos disuasorios, entre otros","breadcrumb":{"@id":"https:\/\/www.laguiadepamplona.com\/actualidad\/el-pleno-debatira-dos-modificaciones-del-presupuesto-prorrogado-de-2023-para-incluir-16-millones-de-euros-para-diferentes-proyectos-procedentes-de-fondos-europeos\/#breadcrumb"},"inLanguage":"es","potentialAction":[{"@type":"ReadAction","target":["https:\/\/www.laguiadepamplona.com\/actualidad\/el-pleno-debatira-dos-modificaciones-del-presupuesto-prorrogado-de-2023-para-incluir-16-millones-de-euros-para-diferentes-proyectos-procedentes-de-fondos-europeos\/"]}]},{"@type":"ImageObject","inLanguage":"es","@id":"https:\/\/www.laguiadepamplona.com\/actualidad\/el-pleno-debatira-dos-modificaciones-del-presupuesto-prorrogado-de-2023-para-incluir-16-millones-de-euros-para-diferentes-proyectos-procedentes-de-fondos-europeos\/#primaryimage","url":"https:\/\/www.laguiadepamplona.com\/actualidad\/wp-content\/uploads\/2022\/11\/papeles_0.webp","contentUrl":"https:\/\/www.laguiadepamplona.com\/actualidad\/wp-content\/uploads\/2022\/11\/papeles_0.webp","width":1920,"height":1280},{"@type":"BreadcrumbList","@id":"https:\/\/www.laguiadepamplona.com\/actualidad\/el-pleno-debatira-dos-modificaciones-del-presupuesto-prorrogado-de-2023-para-incluir-16-millones-de-euros-para-diferentes-proyectos-procedentes-de-fondos-europeos\/#breadcrumb","itemListElement":[{"@type":"ListItem","position":1,"name":"Portada","item":"https:\/\/www.laguiadepamplona.com\/actualidad\/"},{"@type":"ListItem","position":2,"name":"El Pleno debatir\u00e1 dos modificaciones del presupuesto prorrogado de 2023 para incluir 1,6 millones de euros para diferentes proyectos procedentes de fondos europeos"}]},{"@type":"WebSite","@id":"https:\/\/www.laguiadepamplona.com\/actualidad\/#website","url":"https:\/\/www.laguiadepamplona.com\/actualidad\/","name":"La gu\u00eda de Pamplona","description":"Noticias de Pamplona","publisher":{"@id":"https:\/\/www.laguiadepamplona.com\/actualidad\/#organization"},"potentialAction":[{"@type":"SearchAction","target":{"@type":"EntryPoint","urlTemplate":"https:\/\/www.laguiadepamplona.com\/actualidad\/?s={search_term_string}"},"query-input":{"@type":"PropertyValueSpecification","valueRequired":true,"valueName":"search_term_string"}}],"inLanguage":"es"},{"@type":"Organization","@id":"https:\/\/www.laguiadepamplona.com\/actualidad\/#organization","name":"La Gu\u00eda de Pamplona \/ Noticias","url":"https:\/\/www.laguiadepamplona.com\/actualidad\/","logo":{"@type":"ImageObject","inLanguage":"es","@id":"https:\/\/www.laguiadepamplona.com\/actualidad\/#\/schema\/logo\/image\/","url":"https:\/\/www.laguiadepamplona.com\/actualidad\/wp-content\/uploads\/2018\/11\/logo-laguiadepamplona18-web1.png","contentUrl":"https:\/\/www.laguiadepamplona.com\/actualidad\/wp-content\/uploads\/2018\/11\/logo-laguiadepamplona18-web1.png","width":600,"height":196,"caption":"La Gu\u00eda de Pamplona \/ Noticias"},"image":{"@id":"https:\/\/www.laguiadepamplona.com\/actualidad\/#\/schema\/logo\/image\/"},"sameAs":["https:\/\/www.facebook.com\/laguiadepamplonacom-133175176762273\/?ref=hl","https:\/\/x.com\/LaGuiadPamplona","https:\/\/www.instagram.com\/la_guia_de_pamplona\/","https:\/\/www.youtube.com\/user\/laguiadepamplona"]},{"@type":"Person","@id":"https:\/\/www.laguiadepamplona.com\/actualidad\/#\/schema\/person\/efe887376f0213d4657c93adc50b1fdb","name":"La Gu\u00eda de Pamplona","image":{"@type":"ImageObject","inLanguage":"es","@id":"https:\/\/secure.gravatar.com\/avatar\/b6992f131dc8d30ab0dff15446e9d346d9dbd95992de0fef795073f5ea83a81c?s=96&d=mm&r=g","url":"https:\/\/secure.gravatar.com\/avatar\/b6992f131dc8d30ab0dff15446e9d346d9dbd95992de0fef795073f5ea83a81c?s=96&d=mm&r=g","contentUrl":"https:\/\/secure.gravatar.com\/avatar\/b6992f131dc8d30ab0dff15446e9d346d9dbd95992de0fef795073f5ea83a81c?s=96&d=mm&r=g","caption":"La Gu\u00eda de Pamplona"}}]}},"post_mailing_queue_ids":[],"_links":{"self":[{"href":"https:\/\/www.laguiadepamplona.com\/actualidad\/wp-json\/wp\/v2\/posts\/47478","targetHints":{"allow":["GET"]}}],"collection":[{"href":"https:\/\/www.laguiadepamplona.com\/actualidad\/wp-json\/wp\/v2\/posts"}],"about":[{"href":"https:\/\/www.laguiadepamplona.com\/actualidad\/wp-json\/wp\/v2\/types\/post"}],"author":[{"embeddable":true,"href":"https:\/\/www.laguiadepamplona.com\/actualidad\/wp-json\/wp\/v2\/users\/1"}],"replies":[{"embeddable":true,"href":"https:\/\/www.laguiadepamplona.com\/actualidad\/wp-json\/wp\/v2\/comments?post=47478"}],"version-history":[{"count":1,"href":"https:\/\/www.laguiadepamplona.com\/actualidad\/wp-json\/wp\/v2\/posts\/47478\/revisions"}],"predecessor-version":[{"id":47479,"href":"https:\/\/www.laguiadepamplona.com\/actualidad\/wp-json\/wp\/v2\/posts\/47478\/revisions\/47479"}],"wp:featuredmedia":[{"embeddable":true,"href":"https:\/\/www.laguiadepamplona.com\/actualidad\/wp-json\/wp\/v2\/media\/42333"}],"wp:attachment":[{"href":"https:\/\/www.laguiadepamplona.com\/actualidad\/wp-json\/wp\/v2\/media?parent=47478"}],"wp:term":[{"taxonomy":"category","embeddable":true,"href":"https:\/\/www.laguiadepamplona.com\/actualidad\/wp-json\/wp\/v2\/categories?post=47478"},{"taxonomy":"post_tag","embeddable":true,"href":"https:\/\/www.laguiadepamplona.com\/actualidad\/wp-json\/wp\/v2\/tags?post=47478"}],"curies":[{"name":"wp","href":"https:\/\/api.w.org\/{rel}","templated":true}]}}