{"id":47471,"date":"2023-10-02T19:14:38","date_gmt":"2023-10-02T17:14:38","guid":{"rendered":"https:\/\/www.laguiadepamplona.com\/actualidad\/?p=47471"},"modified":"2023-10-02T19:14:38","modified_gmt":"2023-10-02T17:14:38","slug":"la-alcaldesa-cristina-ibarrola-felicita-a-maria-luisa-san-juan-suarez-que-hoy-cumple-100-anos","status":"publish","type":"post","link":"https:\/\/www.laguiadepamplona.com\/actualidad\/la-alcaldesa-cristina-ibarrola-felicita-a-maria-luisa-san-juan-suarez-que-hoy-cumple-100-anos\/","title":{"rendered":"La alcaldesa Cristina Ibarrola felicita a Mar\u00eda Luisa San Juan Su\u00e1rez, que hoy cumple 100 a\u00f1os"},"content":{"rendered":"<h3>La centenaria, natural de Vitoria, lleva 71 a\u00f1os viviendo en Pamplona<\/h3>\n<p><!--more--><\/p>\n<p>La alcaldesa de Pamplona, Cristina Ibarrola, ha felicitado a Mar\u00eda Luisa San Juan Su\u00e1rez, que hoy cumple 100 a\u00f1os. Natural de Vitoria, Mar\u00eda Luisa lleva siete d\u00e9cadas residiendo en la capital navarra. Hasta su domicilio del barrio de Rochapea se ha trasladado la alcaldesa, para felicitarle en persona y regalarle un ramo de flores, un pa\u00f1uelico de San Ferm\u00edn, un alfiler con el escudo de la ciudad y un libro de Pamplona.<br \/>\n<script async src=\"\/\/pagead2.googlesyndication.com\/pagead\/js\/adsbygoogle.js\"><\/script><br \/>\n<!-- Noticias La Guia de Pamplona --><br \/>\n<ins class=\"adsbygoogle\"\nstyle=\"display:block\"\ndata-ad-client=\"ca-pub-6943679897239327\"\ndata-ad-slot=\"7048180777\"\ndata-ad-format=\"auto\"><\/ins><br \/>\n<script>\n(adsbygoogle = window.adsbygoogle || []).push({});\n<\/script><\/p>\n<p>A lo largo de sus cien a\u00f1os de vida, Mar\u00eda Luisa San Juan ha residido en diferentes lugares de la zona norte de Espa\u00f1a, de la mano de su padre, interventor en los Ferrocarriles del Norte. Debido al trabajo de su progenitor, toda la familia vivi\u00f3 en Ordu\u00f1a, Palencia, Miranda de Ebro, Gij\u00f3n, Le\u00f3n, Ir\u00fan y, de nuevo, Miranda de Ebro, donde conoci\u00f3 al que fue su marido, Justo Rold\u00e1n, tambi\u00e9n ferroviario. Con \u00e9l se cas\u00f3 en 1947 y juntos vivieron en Llodio y Bilbao antes de recalar en Pamplona, en 1952.<\/p>\n<p>Fue en la capital navarra donde se asent\u00f3 la familia, que ya contaba con un hijo Carlos (1950) y donde naci\u00f3 el segundo, Jos\u00e9 Ignacio (1959). Tal y como resalta su familia, Mar\u00eda Luisa San Juan se ha dedicado durante toda la vida a cuidar de la familia y ha velado por proporcionar a sus hijos una buena educaci\u00f3n. Entre sus aficiones, destaca el cine y hacer punto, si bien hace ya a\u00f1os que tuvo que dejar aparcadas las agujas. Su movilidad reducida le impide salir a la calle, pero sigue al tanto de la actualidad, a trav\u00e9s de la prensa, que lee cada d\u00eda, y la televisi\u00f3n.<br \/>\n<script async src=\"\/\/pagead2.googlesyndication.com\/pagead\/js\/adsbygoogle.js\"><\/script><br \/>\n<!-- Noticias La Guia de Pamplona --><br \/>\n<ins class=\"adsbygoogle\"\nstyle=\"display:block\"\ndata-ad-client=\"ca-pub-6943679897239327\"\ndata-ad-slot=\"7048180777\"\ndata-ad-format=\"auto\"><\/ins><br \/>\n<script>\n(adsbygoogle = window.adsbygoogle || []).push({});\n<\/script><\/p>\n<p>Desde el fallecimiento de su marido en 2009, despu\u00e9s de 62 a\u00f1os de matrimonio, Mar\u00eda Luisa San Juan ha estado especialmente arropada por sus hijos Carlos y Jos\u00e9 Ignacio, sus nueras, Mayte Ezponda e Isabel Larequi; sus cinco nietos, Daniel, Elisa, Miguel, Pablo e Irene; y sus tres biznietos, Patricia, Alicia y Unax.<\/p>\n","protected":false},"excerpt":{"rendered":"<p>La centenaria, natural de Vitoria, lleva 71 a\u00f1os viviendo en Pamplona<\/p>\n","protected":false},"author":1,"featured_media":47472,"comment_status":"open","ping_status":"closed","sticky":false,"template":"","format":"standard","meta":{"footnotes":""},"categories":[2],"tags":[],"class_list":["post-47471","post","type-post","status-publish","format-standard","has-post-thumbnail","hentry","category-ayuntamiento-pamplona"],"yoast_head":"<!-- This site is optimized with the Yoast SEO plugin v27.3 - https:\/\/yoast.com\/product\/yoast-seo-wordpress\/ -->\n<title>La alcaldesa Cristina Ibarrola felicita a Mar\u00eda Luisa San Juan Su\u00e1rez, que hoy cumple 100 a\u00f1os<\/title>\n<meta name=\"description\" content=\"La centenaria, natural de Vitoria, lleva 71 a\u00f1os viviendo en Pamplona\" \/>\n<meta name=\"robots\" content=\"index, follow, max-snippet:-1, max-image-preview:large, max-video-preview:-1\" \/>\n<link rel=\"canonical\" href=\"https:\/\/www.laguiadepamplona.com\/actualidad\/la-alcaldesa-cristina-ibarrola-felicita-a-maria-luisa-san-juan-suarez-que-hoy-cumple-100-anos\/\" \/>\n<meta property=\"og:locale\" content=\"es_ES\" \/>\n<meta property=\"og:type\" content=\"article\" \/>\n<meta property=\"og:title\" content=\"La alcaldesa Cristina Ibarrola felicita a Mar\u00eda Luisa San Juan Su\u00e1rez, que hoy cumple 100 a\u00f1os\" \/>\n<meta property=\"og:description\" content=\"La centenaria, natural de Vitoria, lleva 71 a\u00f1os viviendo en Pamplona\" \/>\n<meta property=\"og:url\" content=\"https:\/\/www.laguiadepamplona.com\/actualidad\/la-alcaldesa-cristina-ibarrola-felicita-a-maria-luisa-san-juan-suarez-que-hoy-cumple-100-anos\/\" \/>\n<meta property=\"og:site_name\" content=\"La Gu\u00eda de Pamplona\" \/>\n<meta property=\"article:publisher\" content=\"https:\/\/www.facebook.com\/laguiadepamplonacom-133175176762273\/?ref=hl\" \/>\n<meta property=\"article:published_time\" content=\"2023-10-02T17:14:38+00:00\" \/>\n<meta property=\"og:image\" content=\"https:\/\/www.laguiadepamplona.com\/actualidad\/wp-content\/uploads\/2023\/10\/centenariamaluisasanjuansuareze5a0081.webp\" \/>\n\t<meta property=\"og:image:width\" content=\"1200\" \/>\n\t<meta property=\"og:image:height\" content=\"800\" \/>\n\t<meta property=\"og:image:type\" content=\"image\/webp\" \/>\n<meta name=\"author\" content=\"La Gu\u00eda de Pamplona\" \/>\n<meta name=\"twitter:card\" content=\"summary_large_image\" \/>\n<meta name=\"twitter:creator\" content=\"@LaGuiadPamplona\" \/>\n<meta name=\"twitter:site\" content=\"@LaGuiadPamplona\" \/>\n<meta name=\"twitter:label1\" content=\"Escrito por\" \/>\n\t<meta name=\"twitter:data1\" content=\"La Gu\u00eda de Pamplona\" \/>\n\t<meta name=\"twitter:label2\" content=\"Tiempo de lectura\" \/>\n\t<meta name=\"twitter:data2\" content=\"2 minutos\" \/>\n<script type=\"application\/ld+json\" class=\"yoast-schema-graph\">{\"@context\":\"https:\\\/\\\/schema.org\",\"@graph\":[{\"@type\":\"Article\",\"@id\":\"https:\\\/\\\/www.laguiadepamplona.com\\\/actualidad\\\/la-alcaldesa-cristina-ibarrola-felicita-a-maria-luisa-san-juan-suarez-que-hoy-cumple-100-anos\\\/#article\",\"isPartOf\":{\"@id\":\"https:\\\/\\\/www.laguiadepamplona.com\\\/actualidad\\\/la-alcaldesa-cristina-ibarrola-felicita-a-maria-luisa-san-juan-suarez-que-hoy-cumple-100-anos\\\/\"},\"author\":{\"name\":\"La Gu\u00eda de Pamplona\",\"@id\":\"https:\\\/\\\/www.laguiadepamplona.com\\\/actualidad\\\/#\\\/schema\\\/person\\\/efe887376f0213d4657c93adc50b1fdb\"},\"headline\":\"La alcaldesa Cristina Ibarrola felicita a Mar\u00eda Luisa San Juan Su\u00e1rez, que hoy cumple 100 a\u00f1os\",\"datePublished\":\"2023-10-02T17:14:38+00:00\",\"mainEntityOfPage\":{\"@id\":\"https:\\\/\\\/www.laguiadepamplona.com\\\/actualidad\\\/la-alcaldesa-cristina-ibarrola-felicita-a-maria-luisa-san-juan-suarez-que-hoy-cumple-100-anos\\\/\"},\"wordCount\":372,\"commentCount\":0,\"publisher\":{\"@id\":\"https:\\\/\\\/www.laguiadepamplona.com\\\/actualidad\\\/#organization\"},\"image\":{\"@id\":\"https:\\\/\\\/www.laguiadepamplona.com\\\/actualidad\\\/la-alcaldesa-cristina-ibarrola-felicita-a-maria-luisa-san-juan-suarez-que-hoy-cumple-100-anos\\\/#primaryimage\"},\"thumbnailUrl\":\"https:\\\/\\\/www.laguiadepamplona.com\\\/actualidad\\\/wp-content\\\/uploads\\\/2023\\\/10\\\/centenariamaluisasanjuansuareze5a0081.webp\",\"articleSection\":[\"Ayto Pamplona\"],\"inLanguage\":\"es\",\"potentialAction\":[{\"@type\":\"CommentAction\",\"name\":\"Comment\",\"target\":[\"https:\\\/\\\/www.laguiadepamplona.com\\\/actualidad\\\/la-alcaldesa-cristina-ibarrola-felicita-a-maria-luisa-san-juan-suarez-que-hoy-cumple-100-anos\\\/#respond\"]}]},{\"@type\":\"WebPage\",\"@id\":\"https:\\\/\\\/www.laguiadepamplona.com\\\/actualidad\\\/la-alcaldesa-cristina-ibarrola-felicita-a-maria-luisa-san-juan-suarez-que-hoy-cumple-100-anos\\\/\",\"url\":\"https:\\\/\\\/www.laguiadepamplona.com\\\/actualidad\\\/la-alcaldesa-cristina-ibarrola-felicita-a-maria-luisa-san-juan-suarez-que-hoy-cumple-100-anos\\\/\",\"name\":\"La alcaldesa Cristina Ibarrola felicita a Mar\u00eda Luisa San Juan Su\u00e1rez, que hoy cumple 100 a\u00f1os\",\"isPartOf\":{\"@id\":\"https:\\\/\\\/www.laguiadepamplona.com\\\/actualidad\\\/#website\"},\"primaryImageOfPage\":{\"@id\":\"https:\\\/\\\/www.laguiadepamplona.com\\\/actualidad\\\/la-alcaldesa-cristina-ibarrola-felicita-a-maria-luisa-san-juan-suarez-que-hoy-cumple-100-anos\\\/#primaryimage\"},\"image\":{\"@id\":\"https:\\\/\\\/www.laguiadepamplona.com\\\/actualidad\\\/la-alcaldesa-cristina-ibarrola-felicita-a-maria-luisa-san-juan-suarez-que-hoy-cumple-100-anos\\\/#primaryimage\"},\"thumbnailUrl\":\"https:\\\/\\\/www.laguiadepamplona.com\\\/actualidad\\\/wp-content\\\/uploads\\\/2023\\\/10\\\/centenariamaluisasanjuansuareze5a0081.webp\",\"datePublished\":\"2023-10-02T17:14:38+00:00\",\"description\":\"La centenaria, natural de Vitoria, lleva 71 a\u00f1os viviendo en Pamplona\",\"breadcrumb\":{\"@id\":\"https:\\\/\\\/www.laguiadepamplona.com\\\/actualidad\\\/la-alcaldesa-cristina-ibarrola-felicita-a-maria-luisa-san-juan-suarez-que-hoy-cumple-100-anos\\\/#breadcrumb\"},\"inLanguage\":\"es\",\"potentialAction\":[{\"@type\":\"ReadAction\",\"target\":[\"https:\\\/\\\/www.laguiadepamplona.com\\\/actualidad\\\/la-alcaldesa-cristina-ibarrola-felicita-a-maria-luisa-san-juan-suarez-que-hoy-cumple-100-anos\\\/\"]}]},{\"@type\":\"ImageObject\",\"inLanguage\":\"es\",\"@id\":\"https:\\\/\\\/www.laguiadepamplona.com\\\/actualidad\\\/la-alcaldesa-cristina-ibarrola-felicita-a-maria-luisa-san-juan-suarez-que-hoy-cumple-100-anos\\\/#primaryimage\",\"url\":\"https:\\\/\\\/www.laguiadepamplona.com\\\/actualidad\\\/wp-content\\\/uploads\\\/2023\\\/10\\\/centenariamaluisasanjuansuareze5a0081.webp\",\"contentUrl\":\"https:\\\/\\\/www.laguiadepamplona.com\\\/actualidad\\\/wp-content\\\/uploads\\\/2023\\\/10\\\/centenariamaluisasanjuansuareze5a0081.webp\",\"width\":1200,\"height\":800},{\"@type\":\"BreadcrumbList\",\"@id\":\"https:\\\/\\\/www.laguiadepamplona.com\\\/actualidad\\\/la-alcaldesa-cristina-ibarrola-felicita-a-maria-luisa-san-juan-suarez-que-hoy-cumple-100-anos\\\/#breadcrumb\",\"itemListElement\":[{\"@type\":\"ListItem\",\"position\":1,\"name\":\"Portada\",\"item\":\"https:\\\/\\\/www.laguiadepamplona.com\\\/actualidad\\\/\"},{\"@type\":\"ListItem\",\"position\":2,\"name\":\"La alcaldesa Cristina Ibarrola felicita a Mar\u00eda Luisa San Juan Su\u00e1rez, que hoy cumple 100 a\u00f1os\"}]},{\"@type\":\"WebSite\",\"@id\":\"https:\\\/\\\/www.laguiadepamplona.com\\\/actualidad\\\/#website\",\"url\":\"https:\\\/\\\/www.laguiadepamplona.com\\\/actualidad\\\/\",\"name\":\"La gu\u00eda de Pamplona\",\"description\":\"Noticias de Pamplona\",\"publisher\":{\"@id\":\"https:\\\/\\\/www.laguiadepamplona.com\\\/actualidad\\\/#organization\"},\"potentialAction\":[{\"@type\":\"SearchAction\",\"target\":{\"@type\":\"EntryPoint\",\"urlTemplate\":\"https:\\\/\\\/www.laguiadepamplona.com\\\/actualidad\\\/?s={search_term_string}\"},\"query-input\":{\"@type\":\"PropertyValueSpecification\",\"valueRequired\":true,\"valueName\":\"search_term_string\"}}],\"inLanguage\":\"es\"},{\"@type\":\"Organization\",\"@id\":\"https:\\\/\\\/www.laguiadepamplona.com\\\/actualidad\\\/#organization\",\"name\":\"La Gu\u00eda de Pamplona \\\/ Noticias\",\"url\":\"https:\\\/\\\/www.laguiadepamplona.com\\\/actualidad\\\/\",\"logo\":{\"@type\":\"ImageObject\",\"inLanguage\":\"es\",\"@id\":\"https:\\\/\\\/www.laguiadepamplona.com\\\/actualidad\\\/#\\\/schema\\\/logo\\\/image\\\/\",\"url\":\"https:\\\/\\\/www.laguiadepamplona.com\\\/actualidad\\\/wp-content\\\/uploads\\\/2018\\\/11\\\/logo-laguiadepamplona18-web1.png\",\"contentUrl\":\"https:\\\/\\\/www.laguiadepamplona.com\\\/actualidad\\\/wp-content\\\/uploads\\\/2018\\\/11\\\/logo-laguiadepamplona18-web1.png\",\"width\":600,\"height\":196,\"caption\":\"La Gu\u00eda de Pamplona \\\/ Noticias\"},\"image\":{\"@id\":\"https:\\\/\\\/www.laguiadepamplona.com\\\/actualidad\\\/#\\\/schema\\\/logo\\\/image\\\/\"},\"sameAs\":[\"https:\\\/\\\/www.facebook.com\\\/laguiadepamplonacom-133175176762273\\\/?ref=hl\",\"https:\\\/\\\/x.com\\\/LaGuiadPamplona\",\"https:\\\/\\\/www.instagram.com\\\/la_guia_de_pamplona\\\/\",\"https:\\\/\\\/www.youtube.com\\\/user\\\/laguiadepamplona\"]},{\"@type\":\"Person\",\"@id\":\"https:\\\/\\\/www.laguiadepamplona.com\\\/actualidad\\\/#\\\/schema\\\/person\\\/efe887376f0213d4657c93adc50b1fdb\",\"name\":\"La Gu\u00eda de Pamplona\",\"image\":{\"@type\":\"ImageObject\",\"inLanguage\":\"es\",\"@id\":\"https:\\\/\\\/secure.gravatar.com\\\/avatar\\\/b6992f131dc8d30ab0dff15446e9d346d9dbd95992de0fef795073f5ea83a81c?s=96&d=mm&r=g\",\"url\":\"https:\\\/\\\/secure.gravatar.com\\\/avatar\\\/b6992f131dc8d30ab0dff15446e9d346d9dbd95992de0fef795073f5ea83a81c?s=96&d=mm&r=g\",\"contentUrl\":\"https:\\\/\\\/secure.gravatar.com\\\/avatar\\\/b6992f131dc8d30ab0dff15446e9d346d9dbd95992de0fef795073f5ea83a81c?s=96&d=mm&r=g\",\"caption\":\"La Gu\u00eda de Pamplona\"}}]}<\/script>\n<!-- \/ Yoast SEO plugin. -->","yoast_head_json":{"title":"La alcaldesa Cristina Ibarrola felicita a Mar\u00eda Luisa San Juan Su\u00e1rez, que hoy cumple 100 a\u00f1os","description":"La centenaria, natural de Vitoria, lleva 71 a\u00f1os viviendo en Pamplona","robots":{"index":"index","follow":"follow","max-snippet":"max-snippet:-1","max-image-preview":"max-image-preview:large","max-video-preview":"max-video-preview:-1"},"canonical":"https:\/\/www.laguiadepamplona.com\/actualidad\/la-alcaldesa-cristina-ibarrola-felicita-a-maria-luisa-san-juan-suarez-que-hoy-cumple-100-anos\/","og_locale":"es_ES","og_type":"article","og_title":"La alcaldesa Cristina Ibarrola felicita a Mar\u00eda Luisa San Juan Su\u00e1rez, que hoy cumple 100 a\u00f1os","og_description":"La centenaria, natural de Vitoria, lleva 71 a\u00f1os viviendo en Pamplona","og_url":"https:\/\/www.laguiadepamplona.com\/actualidad\/la-alcaldesa-cristina-ibarrola-felicita-a-maria-luisa-san-juan-suarez-que-hoy-cumple-100-anos\/","og_site_name":"La Gu\u00eda de Pamplona","article_publisher":"https:\/\/www.facebook.com\/laguiadepamplonacom-133175176762273\/?ref=hl","article_published_time":"2023-10-02T17:14:38+00:00","og_image":[{"width":1200,"height":800,"url":"https:\/\/www.laguiadepamplona.com\/actualidad\/wp-content\/uploads\/2023\/10\/centenariamaluisasanjuansuareze5a0081.webp","type":"image\/webp"}],"author":"La Gu\u00eda de Pamplona","twitter_card":"summary_large_image","twitter_creator":"@LaGuiadPamplona","twitter_site":"@LaGuiadPamplona","twitter_misc":{"Escrito por":"La Gu\u00eda de Pamplona","Tiempo de lectura":"2 minutos"},"schema":{"@context":"https:\/\/schema.org","@graph":[{"@type":"Article","@id":"https:\/\/www.laguiadepamplona.com\/actualidad\/la-alcaldesa-cristina-ibarrola-felicita-a-maria-luisa-san-juan-suarez-que-hoy-cumple-100-anos\/#article","isPartOf":{"@id":"https:\/\/www.laguiadepamplona.com\/actualidad\/la-alcaldesa-cristina-ibarrola-felicita-a-maria-luisa-san-juan-suarez-que-hoy-cumple-100-anos\/"},"author":{"name":"La Gu\u00eda de Pamplona","@id":"https:\/\/www.laguiadepamplona.com\/actualidad\/#\/schema\/person\/efe887376f0213d4657c93adc50b1fdb"},"headline":"La alcaldesa Cristina Ibarrola felicita a Mar\u00eda Luisa San Juan Su\u00e1rez, que hoy cumple 100 a\u00f1os","datePublished":"2023-10-02T17:14:38+00:00","mainEntityOfPage":{"@id":"https:\/\/www.laguiadepamplona.com\/actualidad\/la-alcaldesa-cristina-ibarrola-felicita-a-maria-luisa-san-juan-suarez-que-hoy-cumple-100-anos\/"},"wordCount":372,"commentCount":0,"publisher":{"@id":"https:\/\/www.laguiadepamplona.com\/actualidad\/#organization"},"image":{"@id":"https:\/\/www.laguiadepamplona.com\/actualidad\/la-alcaldesa-cristina-ibarrola-felicita-a-maria-luisa-san-juan-suarez-que-hoy-cumple-100-anos\/#primaryimage"},"thumbnailUrl":"https:\/\/www.laguiadepamplona.com\/actualidad\/wp-content\/uploads\/2023\/10\/centenariamaluisasanjuansuareze5a0081.webp","articleSection":["Ayto Pamplona"],"inLanguage":"es","potentialAction":[{"@type":"CommentAction","name":"Comment","target":["https:\/\/www.laguiadepamplona.com\/actualidad\/la-alcaldesa-cristina-ibarrola-felicita-a-maria-luisa-san-juan-suarez-que-hoy-cumple-100-anos\/#respond"]}]},{"@type":"WebPage","@id":"https:\/\/www.laguiadepamplona.com\/actualidad\/la-alcaldesa-cristina-ibarrola-felicita-a-maria-luisa-san-juan-suarez-que-hoy-cumple-100-anos\/","url":"https:\/\/www.laguiadepamplona.com\/actualidad\/la-alcaldesa-cristina-ibarrola-felicita-a-maria-luisa-san-juan-suarez-que-hoy-cumple-100-anos\/","name":"La alcaldesa Cristina Ibarrola felicita a Mar\u00eda Luisa San Juan Su\u00e1rez, que hoy cumple 100 a\u00f1os","isPartOf":{"@id":"https:\/\/www.laguiadepamplona.com\/actualidad\/#website"},"primaryImageOfPage":{"@id":"https:\/\/www.laguiadepamplona.com\/actualidad\/la-alcaldesa-cristina-ibarrola-felicita-a-maria-luisa-san-juan-suarez-que-hoy-cumple-100-anos\/#primaryimage"},"image":{"@id":"https:\/\/www.laguiadepamplona.com\/actualidad\/la-alcaldesa-cristina-ibarrola-felicita-a-maria-luisa-san-juan-suarez-que-hoy-cumple-100-anos\/#primaryimage"},"thumbnailUrl":"https:\/\/www.laguiadepamplona.com\/actualidad\/wp-content\/uploads\/2023\/10\/centenariamaluisasanjuansuareze5a0081.webp","datePublished":"2023-10-02T17:14:38+00:00","description":"La centenaria, natural de Vitoria, lleva 71 a\u00f1os viviendo en Pamplona","breadcrumb":{"@id":"https:\/\/www.laguiadepamplona.com\/actualidad\/la-alcaldesa-cristina-ibarrola-felicita-a-maria-luisa-san-juan-suarez-que-hoy-cumple-100-anos\/#breadcrumb"},"inLanguage":"es","potentialAction":[{"@type":"ReadAction","target":["https:\/\/www.laguiadepamplona.com\/actualidad\/la-alcaldesa-cristina-ibarrola-felicita-a-maria-luisa-san-juan-suarez-que-hoy-cumple-100-anos\/"]}]},{"@type":"ImageObject","inLanguage":"es","@id":"https:\/\/www.laguiadepamplona.com\/actualidad\/la-alcaldesa-cristina-ibarrola-felicita-a-maria-luisa-san-juan-suarez-que-hoy-cumple-100-anos\/#primaryimage","url":"https:\/\/www.laguiadepamplona.com\/actualidad\/wp-content\/uploads\/2023\/10\/centenariamaluisasanjuansuareze5a0081.webp","contentUrl":"https:\/\/www.laguiadepamplona.com\/actualidad\/wp-content\/uploads\/2023\/10\/centenariamaluisasanjuansuareze5a0081.webp","width":1200,"height":800},{"@type":"BreadcrumbList","@id":"https:\/\/www.laguiadepamplona.com\/actualidad\/la-alcaldesa-cristina-ibarrola-felicita-a-maria-luisa-san-juan-suarez-que-hoy-cumple-100-anos\/#breadcrumb","itemListElement":[{"@type":"ListItem","position":1,"name":"Portada","item":"https:\/\/www.laguiadepamplona.com\/actualidad\/"},{"@type":"ListItem","position":2,"name":"La alcaldesa Cristina Ibarrola felicita a Mar\u00eda Luisa San Juan Su\u00e1rez, que hoy cumple 100 a\u00f1os"}]},{"@type":"WebSite","@id":"https:\/\/www.laguiadepamplona.com\/actualidad\/#website","url":"https:\/\/www.laguiadepamplona.com\/actualidad\/","name":"La gu\u00eda de Pamplona","description":"Noticias de Pamplona","publisher":{"@id":"https:\/\/www.laguiadepamplona.com\/actualidad\/#organization"},"potentialAction":[{"@type":"SearchAction","target":{"@type":"EntryPoint","urlTemplate":"https:\/\/www.laguiadepamplona.com\/actualidad\/?s={search_term_string}"},"query-input":{"@type":"PropertyValueSpecification","valueRequired":true,"valueName":"search_term_string"}}],"inLanguage":"es"},{"@type":"Organization","@id":"https:\/\/www.laguiadepamplona.com\/actualidad\/#organization","name":"La Gu\u00eda de Pamplona \/ Noticias","url":"https:\/\/www.laguiadepamplona.com\/actualidad\/","logo":{"@type":"ImageObject","inLanguage":"es","@id":"https:\/\/www.laguiadepamplona.com\/actualidad\/#\/schema\/logo\/image\/","url":"https:\/\/www.laguiadepamplona.com\/actualidad\/wp-content\/uploads\/2018\/11\/logo-laguiadepamplona18-web1.png","contentUrl":"https:\/\/www.laguiadepamplona.com\/actualidad\/wp-content\/uploads\/2018\/11\/logo-laguiadepamplona18-web1.png","width":600,"height":196,"caption":"La Gu\u00eda de Pamplona \/ Noticias"},"image":{"@id":"https:\/\/www.laguiadepamplona.com\/actualidad\/#\/schema\/logo\/image\/"},"sameAs":["https:\/\/www.facebook.com\/laguiadepamplonacom-133175176762273\/?ref=hl","https:\/\/x.com\/LaGuiadPamplona","https:\/\/www.instagram.com\/la_guia_de_pamplona\/","https:\/\/www.youtube.com\/user\/laguiadepamplona"]},{"@type":"Person","@id":"https:\/\/www.laguiadepamplona.com\/actualidad\/#\/schema\/person\/efe887376f0213d4657c93adc50b1fdb","name":"La Gu\u00eda de Pamplona","image":{"@type":"ImageObject","inLanguage":"es","@id":"https:\/\/secure.gravatar.com\/avatar\/b6992f131dc8d30ab0dff15446e9d346d9dbd95992de0fef795073f5ea83a81c?s=96&d=mm&r=g","url":"https:\/\/secure.gravatar.com\/avatar\/b6992f131dc8d30ab0dff15446e9d346d9dbd95992de0fef795073f5ea83a81c?s=96&d=mm&r=g","contentUrl":"https:\/\/secure.gravatar.com\/avatar\/b6992f131dc8d30ab0dff15446e9d346d9dbd95992de0fef795073f5ea83a81c?s=96&d=mm&r=g","caption":"La Gu\u00eda de Pamplona"}}]}},"post_mailing_queue_ids":[],"_links":{"self":[{"href":"https:\/\/www.laguiadepamplona.com\/actualidad\/wp-json\/wp\/v2\/posts\/47471","targetHints":{"allow":["GET"]}}],"collection":[{"href":"https:\/\/www.laguiadepamplona.com\/actualidad\/wp-json\/wp\/v2\/posts"}],"about":[{"href":"https:\/\/www.laguiadepamplona.com\/actualidad\/wp-json\/wp\/v2\/types\/post"}],"author":[{"embeddable":true,"href":"https:\/\/www.laguiadepamplona.com\/actualidad\/wp-json\/wp\/v2\/users\/1"}],"replies":[{"embeddable":true,"href":"https:\/\/www.laguiadepamplona.com\/actualidad\/wp-json\/wp\/v2\/comments?post=47471"}],"version-history":[{"count":1,"href":"https:\/\/www.laguiadepamplona.com\/actualidad\/wp-json\/wp\/v2\/posts\/47471\/revisions"}],"predecessor-version":[{"id":47473,"href":"https:\/\/www.laguiadepamplona.com\/actualidad\/wp-json\/wp\/v2\/posts\/47471\/revisions\/47473"}],"wp:featuredmedia":[{"embeddable":true,"href":"https:\/\/www.laguiadepamplona.com\/actualidad\/wp-json\/wp\/v2\/media\/47472"}],"wp:attachment":[{"href":"https:\/\/www.laguiadepamplona.com\/actualidad\/wp-json\/wp\/v2\/media?parent=47471"}],"wp:term":[{"taxonomy":"category","embeddable":true,"href":"https:\/\/www.laguiadepamplona.com\/actualidad\/wp-json\/wp\/v2\/categories?post=47471"},{"taxonomy":"post_tag","embeddable":true,"href":"https:\/\/www.laguiadepamplona.com\/actualidad\/wp-json\/wp\/v2\/tags?post=47471"}],"curies":[{"name":"wp","href":"https:\/\/api.w.org\/{rel}","templated":true}]}}