{"id":47458,"date":"2023-10-02T13:40:58","date_gmt":"2023-10-02T11:40:58","guid":{"rendered":"https:\/\/www.laguiadepamplona.com\/actualidad\/?p=47458"},"modified":"2023-10-02T13:40:58","modified_gmt":"2023-10-02T11:40:58","slug":"pamplona-organiza-visitas-guiadas-a-la-exposicion-del-privilegio-de-la-union-a-vida-de-paz-et-concordia-para-los-fines-de-semana-de-octubre-y-noviembre","status":"publish","type":"post","link":"https:\/\/www.laguiadepamplona.com\/actualidad\/pamplona-organiza-visitas-guiadas-a-la-exposicion-del-privilegio-de-la-union-a-vida-de-paz-et-concordia-para-los-fines-de-semana-de-octubre-y-noviembre\/","title":{"rendered":"Pamplona organiza visitas guiadas a la exposici\u00f3n del Privilegio de la Uni\u00f3n \u2018A vida de paz et concordia\u2019 para los fines de semana de octubre y noviembre"},"content":{"rendered":"<h3>Este martes se abren las inscripciones para las visitas, en castellano y euskera, a trav\u00e9s del tel\u00e9fono de atenci\u00f3n ciudadana 010<\/h3>\n<p><!--more--><\/p>\n<p>El Ayuntamiento de Pamplona ha organizado una serie de visitas guiadas a la exposici\u00f3n \u2018A vida de paz et concordia\u2019, que acoge el Palacio de Condestable con motivo del 600 aniversario del Privilegio de la Uni\u00f3n. Las visitas gratuitas se celebrar\u00e1n los fines de semana de octubre y de noviembre, en castellano y euskera, y arrancar\u00e1n este mismo s\u00e1bado, d\u00eda 7. Las inscripciones se abrir\u00e1n este mismo martes, a trav\u00e9s del tel\u00e9fono municipal de atenci\u00f3n ciudadana 010 (948420100).<br \/>\n<script async src=\"\/\/pagead2.googlesyndication.com\/pagead\/js\/adsbygoogle.js\"><\/script><br \/>\n<!-- Noticias La Guia de Pamplona --><br \/>\n<ins class=\"adsbygoogle\"\nstyle=\"display:block\"\ndata-ad-client=\"ca-pub-6943679897239327\"\ndata-ad-slot=\"7048180777\"\ndata-ad-format=\"auto\"><\/ins><br \/>\n<script>\n(adsbygoogle = window.adsbygoogle || []).push({});\n<\/script><\/p>\n<p>Se trata de visitas de una hora de duraci\u00f3n, aproximadamente, en la que se ofrecer\u00e1 una explicaci\u00f3n sobre lo que supuso el Privilegio de la Uni\u00f3n para la ciudad y se analizar\u00e1n los distintos elementos y documentos que componen la muestra, procedentes del patrimonio municipal y del Archivo Municipal de Pamplona. Adem\u00e1s, incluye un documento de 1092, cedido para la ocasi\u00f3n por el Archivo de la Catedral de Pamplona y que constituye el documento m\u00e1s antiguo de los que se exponen. Se han organizado 16 visitas en castellano, los s\u00e1bados a las 18 horas y los domingos a las 12 horas, y ocho en euskera, los s\u00e1bados a las 12 horas. Est\u00e1 previsto que puedan acudir hasta 20 personas en cada una de las visitas, si bien, si se completan, se habilitar\u00e1 una lista de espera con las personas interesadas por si surgieran vacante.<\/p>\n<p>La muestra, que se encuentra en la Sala G\u00f3tica del Palacio de Condestable, ha recibido ya a 2.541 visitantes, desde su inauguraci\u00f3n el pasado 6 de septiembre, lo que demuestra el inter\u00e9s de la ciudadan\u00eda de Pamplona por conocer sus or\u00edgenes. La exposici\u00f3n podr\u00e1 visitarse libremente hasta el 30 de noviembre.<\/p>\n<p>El elemento m\u00e1s destacado de la muestra es el propio Privilegio de la Uni\u00f3n, en torno al cual gira toda la exposici\u00f3n. Es un documento de gran formato y de un importante valor testimonial. Entre los elementos que componen la muestra destaca un retrato del rey Carlos III de 1923, que decora el Sal\u00f3n de Plenos del Ayuntamiento, varios pergaminos que recogen privilegios y concesiones reales, pleitos, sentencias y otras disposiciones, de los siglos XI y XII (en el caso de los m\u00e1s antiguos), representaciones del escudo de Pamplona \u2018dise\u00f1ado\u2019 por Carlos III en el propio Privilegio, en varios soportes y materiales, o el sello del burgo de San Miguel, que se cre\u00eda perdido, y que tras un trabajo de identificaci\u00f3n y catalogaci\u00f3n ha podido ser reintegrado al documento del cual formaba parte.<br \/>\n<script async src=\"\/\/pagead2.googlesyndication.com\/pagead\/js\/adsbygoogle.js\"><\/script><br \/>\n<!-- Noticias La Guia de Pamplona --><br \/>\n<ins class=\"adsbygoogle\"\nstyle=\"display:block\"\ndata-ad-client=\"ca-pub-6943679897239327\"\ndata-ad-slot=\"7048180777\"\ndata-ad-format=\"auto\"><\/ins><br \/>\n<script>\n(adsbygoogle = window.adsbygoogle || []).push({});\n<\/script><\/p>\n<p>&nbsp;<\/p>\n<h3>Visitas Guiadas a la Exposici\u00f3n\u00a0 \u2018A vida de paz et concordia\u2019<\/h3>\n<ul>\n<li><strong>Cu\u00e1ndo<\/strong>\n<ul>\n<li>S\u00e1bados y domingos de octubre y noviembre<\/li>\n<\/ul>\n<\/li>\n<li><strong>Por idiomas<\/strong>\n<ul>\n<li>En castellano: s\u00e1bados a las 18 horas y domingos a las 12 horas<\/li>\n<li>En euskera: s\u00e1bados a las 12 horas<\/li>\n<\/ul>\n<\/li>\n<li><strong>Inscripci\u00f3n<\/strong>\n<ul>\n<li>A trav\u00e9s del tel\u00e9fono de atenci\u00f3n ciudadana 010 (948420100)<\/li>\n<\/ul>\n<\/li>\n<\/ul>\n","protected":false},"excerpt":{"rendered":"<p>Este martes se abren las inscripciones para las visitas, en castellano y euskera, a trav\u00e9s del tel\u00e9fono de atenci\u00f3n ciudadana 010<\/p>\n","protected":false},"author":1,"featured_media":47459,"comment_status":"open","ping_status":"closed","sticky":false,"template":"","format":"standard","meta":{"footnotes":""},"categories":[2],"tags":[],"class_list":["post-47458","post","type-post","status-publish","format-standard","has-post-thumbnail","hentry","category-ayuntamiento-pamplona"],"yoast_head":"<!-- This site is optimized with the Yoast SEO plugin v27.5 - https:\/\/yoast.com\/product\/yoast-seo-wordpress\/ -->\n<title>Pamplona organiza visitas guiadas a la exposici\u00f3n del Privilegio de la Uni\u00f3n \u2018A vida de paz et concordia\u2019 para los fines de semana de octubre y noviembre<\/title>\n<meta name=\"description\" content=\"Este martes se abren las inscripciones para las visitas, en castellano y euskera, a trav\u00e9s del tel\u00e9fono de atenci\u00f3n ciudadana 010\" \/>\n<meta name=\"robots\" content=\"index, follow, max-snippet:-1, max-image-preview:large, max-video-preview:-1\" \/>\n<link rel=\"canonical\" href=\"https:\/\/www.laguiadepamplona.com\/actualidad\/pamplona-organiza-visitas-guiadas-a-la-exposicion-del-privilegio-de-la-union-a-vida-de-paz-et-concordia-para-los-fines-de-semana-de-octubre-y-noviembre\/\" \/>\n<meta property=\"og:locale\" content=\"es_ES\" \/>\n<meta property=\"og:type\" content=\"article\" \/>\n<meta property=\"og:title\" content=\"Pamplona organiza visitas guiadas a la exposici\u00f3n del Privilegio de la Uni\u00f3n \u2018A vida de paz et concordia\u2019 para los fines de semana de octubre y noviembre\" \/>\n<meta property=\"og:description\" content=\"Este martes se abren las inscripciones para las visitas, en castellano y euskera, a trav\u00e9s del tel\u00e9fono de atenci\u00f3n ciudadana 010\" \/>\n<meta property=\"og:url\" content=\"https:\/\/www.laguiadepamplona.com\/actualidad\/pamplona-organiza-visitas-guiadas-a-la-exposicion-del-privilegio-de-la-union-a-vida-de-paz-et-concordia-para-los-fines-de-semana-de-octubre-y-noviembre\/\" \/>\n<meta property=\"og:site_name\" content=\"La Gu\u00eda de Pamplona\" \/>\n<meta property=\"article:publisher\" content=\"https:\/\/www.facebook.com\/laguiadepamplonacom-133175176762273\/?ref=hl\" \/>\n<meta property=\"article:published_time\" content=\"2023-10-02T11:40:58+00:00\" \/>\n<meta property=\"og:image\" content=\"https:\/\/www.laguiadepamplona.com\/actualidad\/wp-content\/uploads\/2023\/10\/EXPO-CONDESTABLE_E5A7178.webp\" \/>\n\t<meta property=\"og:image:width\" content=\"1200\" \/>\n\t<meta property=\"og:image:height\" content=\"800\" \/>\n\t<meta property=\"og:image:type\" content=\"image\/webp\" \/>\n<meta name=\"author\" content=\"La Gu\u00eda de Pamplona\" \/>\n<meta name=\"twitter:card\" content=\"summary_large_image\" \/>\n<meta name=\"twitter:creator\" content=\"@LaGuiadPamplona\" \/>\n<meta name=\"twitter:site\" content=\"@LaGuiadPamplona\" \/>\n<meta name=\"twitter:label1\" content=\"Escrito por\" \/>\n\t<meta name=\"twitter:data1\" content=\"La Gu\u00eda de Pamplona\" \/>\n\t<meta name=\"twitter:label2\" content=\"Tiempo de lectura\" \/>\n\t<meta name=\"twitter:data2\" content=\"3 minutos\" \/>\n<script type=\"application\/ld+json\" class=\"yoast-schema-graph\">{\"@context\":\"https:\\\/\\\/schema.org\",\"@graph\":[{\"@type\":\"Article\",\"@id\":\"https:\\\/\\\/www.laguiadepamplona.com\\\/actualidad\\\/pamplona-organiza-visitas-guiadas-a-la-exposicion-del-privilegio-de-la-union-a-vida-de-paz-et-concordia-para-los-fines-de-semana-de-octubre-y-noviembre\\\/#article\",\"isPartOf\":{\"@id\":\"https:\\\/\\\/www.laguiadepamplona.com\\\/actualidad\\\/pamplona-organiza-visitas-guiadas-a-la-exposicion-del-privilegio-de-la-union-a-vida-de-paz-et-concordia-para-los-fines-de-semana-de-octubre-y-noviembre\\\/\"},\"author\":{\"name\":\"La Gu\u00eda de Pamplona\",\"@id\":\"https:\\\/\\\/www.laguiadepamplona.com\\\/actualidad\\\/#\\\/schema\\\/person\\\/efe887376f0213d4657c93adc50b1fdb\"},\"headline\":\"Pamplona organiza visitas guiadas a la exposici\u00f3n del Privilegio de la Uni\u00f3n \u2018A vida de paz et concordia\u2019 para los fines de semana de octubre y noviembre\",\"datePublished\":\"2023-10-02T11:40:58+00:00\",\"mainEntityOfPage\":{\"@id\":\"https:\\\/\\\/www.laguiadepamplona.com\\\/actualidad\\\/pamplona-organiza-visitas-guiadas-a-la-exposicion-del-privilegio-de-la-union-a-vida-de-paz-et-concordia-para-los-fines-de-semana-de-octubre-y-noviembre\\\/\"},\"wordCount\":534,\"commentCount\":0,\"publisher\":{\"@id\":\"https:\\\/\\\/www.laguiadepamplona.com\\\/actualidad\\\/#organization\"},\"image\":{\"@id\":\"https:\\\/\\\/www.laguiadepamplona.com\\\/actualidad\\\/pamplona-organiza-visitas-guiadas-a-la-exposicion-del-privilegio-de-la-union-a-vida-de-paz-et-concordia-para-los-fines-de-semana-de-octubre-y-noviembre\\\/#primaryimage\"},\"thumbnailUrl\":\"https:\\\/\\\/www.laguiadepamplona.com\\\/actualidad\\\/wp-content\\\/uploads\\\/2023\\\/10\\\/EXPO-CONDESTABLE_E5A7178.webp\",\"articleSection\":[\"Ayto Pamplona\"],\"inLanguage\":\"es\",\"potentialAction\":[{\"@type\":\"CommentAction\",\"name\":\"Comment\",\"target\":[\"https:\\\/\\\/www.laguiadepamplona.com\\\/actualidad\\\/pamplona-organiza-visitas-guiadas-a-la-exposicion-del-privilegio-de-la-union-a-vida-de-paz-et-concordia-para-los-fines-de-semana-de-octubre-y-noviembre\\\/#respond\"]}]},{\"@type\":\"WebPage\",\"@id\":\"https:\\\/\\\/www.laguiadepamplona.com\\\/actualidad\\\/pamplona-organiza-visitas-guiadas-a-la-exposicion-del-privilegio-de-la-union-a-vida-de-paz-et-concordia-para-los-fines-de-semana-de-octubre-y-noviembre\\\/\",\"url\":\"https:\\\/\\\/www.laguiadepamplona.com\\\/actualidad\\\/pamplona-organiza-visitas-guiadas-a-la-exposicion-del-privilegio-de-la-union-a-vida-de-paz-et-concordia-para-los-fines-de-semana-de-octubre-y-noviembre\\\/\",\"name\":\"Pamplona organiza visitas guiadas a la exposici\u00f3n del Privilegio de la Uni\u00f3n \u2018A vida de paz et concordia\u2019 para los fines de semana de octubre y noviembre\",\"isPartOf\":{\"@id\":\"https:\\\/\\\/www.laguiadepamplona.com\\\/actualidad\\\/#website\"},\"primaryImageOfPage\":{\"@id\":\"https:\\\/\\\/www.laguiadepamplona.com\\\/actualidad\\\/pamplona-organiza-visitas-guiadas-a-la-exposicion-del-privilegio-de-la-union-a-vida-de-paz-et-concordia-para-los-fines-de-semana-de-octubre-y-noviembre\\\/#primaryimage\"},\"image\":{\"@id\":\"https:\\\/\\\/www.laguiadepamplona.com\\\/actualidad\\\/pamplona-organiza-visitas-guiadas-a-la-exposicion-del-privilegio-de-la-union-a-vida-de-paz-et-concordia-para-los-fines-de-semana-de-octubre-y-noviembre\\\/#primaryimage\"},\"thumbnailUrl\":\"https:\\\/\\\/www.laguiadepamplona.com\\\/actualidad\\\/wp-content\\\/uploads\\\/2023\\\/10\\\/EXPO-CONDESTABLE_E5A7178.webp\",\"datePublished\":\"2023-10-02T11:40:58+00:00\",\"description\":\"Este martes se abren las inscripciones para las visitas, en castellano y euskera, a trav\u00e9s del tel\u00e9fono de atenci\u00f3n ciudadana 010\",\"breadcrumb\":{\"@id\":\"https:\\\/\\\/www.laguiadepamplona.com\\\/actualidad\\\/pamplona-organiza-visitas-guiadas-a-la-exposicion-del-privilegio-de-la-union-a-vida-de-paz-et-concordia-para-los-fines-de-semana-de-octubre-y-noviembre\\\/#breadcrumb\"},\"inLanguage\":\"es\",\"potentialAction\":[{\"@type\":\"ReadAction\",\"target\":[\"https:\\\/\\\/www.laguiadepamplona.com\\\/actualidad\\\/pamplona-organiza-visitas-guiadas-a-la-exposicion-del-privilegio-de-la-union-a-vida-de-paz-et-concordia-para-los-fines-de-semana-de-octubre-y-noviembre\\\/\"]}]},{\"@type\":\"ImageObject\",\"inLanguage\":\"es\",\"@id\":\"https:\\\/\\\/www.laguiadepamplona.com\\\/actualidad\\\/pamplona-organiza-visitas-guiadas-a-la-exposicion-del-privilegio-de-la-union-a-vida-de-paz-et-concordia-para-los-fines-de-semana-de-octubre-y-noviembre\\\/#primaryimage\",\"url\":\"https:\\\/\\\/www.laguiadepamplona.com\\\/actualidad\\\/wp-content\\\/uploads\\\/2023\\\/10\\\/EXPO-CONDESTABLE_E5A7178.webp\",\"contentUrl\":\"https:\\\/\\\/www.laguiadepamplona.com\\\/actualidad\\\/wp-content\\\/uploads\\\/2023\\\/10\\\/EXPO-CONDESTABLE_E5A7178.webp\",\"width\":1200,\"height\":800},{\"@type\":\"BreadcrumbList\",\"@id\":\"https:\\\/\\\/www.laguiadepamplona.com\\\/actualidad\\\/pamplona-organiza-visitas-guiadas-a-la-exposicion-del-privilegio-de-la-union-a-vida-de-paz-et-concordia-para-los-fines-de-semana-de-octubre-y-noviembre\\\/#breadcrumb\",\"itemListElement\":[{\"@type\":\"ListItem\",\"position\":1,\"name\":\"Portada\",\"item\":\"https:\\\/\\\/www.laguiadepamplona.com\\\/actualidad\\\/\"},{\"@type\":\"ListItem\",\"position\":2,\"name\":\"Pamplona organiza visitas guiadas a la exposici\u00f3n del Privilegio de la Uni\u00f3n \u2018A vida de paz et concordia\u2019 para los fines de semana de octubre y noviembre\"}]},{\"@type\":\"WebSite\",\"@id\":\"https:\\\/\\\/www.laguiadepamplona.com\\\/actualidad\\\/#website\",\"url\":\"https:\\\/\\\/www.laguiadepamplona.com\\\/actualidad\\\/\",\"name\":\"La gu\u00eda de Pamplona\",\"description\":\"Noticias de Pamplona\",\"publisher\":{\"@id\":\"https:\\\/\\\/www.laguiadepamplona.com\\\/actualidad\\\/#organization\"},\"potentialAction\":[{\"@type\":\"SearchAction\",\"target\":{\"@type\":\"EntryPoint\",\"urlTemplate\":\"https:\\\/\\\/www.laguiadepamplona.com\\\/actualidad\\\/?s={search_term_string}\"},\"query-input\":{\"@type\":\"PropertyValueSpecification\",\"valueRequired\":true,\"valueName\":\"search_term_string\"}}],\"inLanguage\":\"es\"},{\"@type\":\"Organization\",\"@id\":\"https:\\\/\\\/www.laguiadepamplona.com\\\/actualidad\\\/#organization\",\"name\":\"La Gu\u00eda de Pamplona \\\/ Noticias\",\"url\":\"https:\\\/\\\/www.laguiadepamplona.com\\\/actualidad\\\/\",\"logo\":{\"@type\":\"ImageObject\",\"inLanguage\":\"es\",\"@id\":\"https:\\\/\\\/www.laguiadepamplona.com\\\/actualidad\\\/#\\\/schema\\\/logo\\\/image\\\/\",\"url\":\"https:\\\/\\\/www.laguiadepamplona.com\\\/actualidad\\\/wp-content\\\/uploads\\\/2018\\\/11\\\/logo-laguiadepamplona18-web1.png\",\"contentUrl\":\"https:\\\/\\\/www.laguiadepamplona.com\\\/actualidad\\\/wp-content\\\/uploads\\\/2018\\\/11\\\/logo-laguiadepamplona18-web1.png\",\"width\":600,\"height\":196,\"caption\":\"La Gu\u00eda de Pamplona \\\/ Noticias\"},\"image\":{\"@id\":\"https:\\\/\\\/www.laguiadepamplona.com\\\/actualidad\\\/#\\\/schema\\\/logo\\\/image\\\/\"},\"sameAs\":[\"https:\\\/\\\/www.facebook.com\\\/laguiadepamplonacom-133175176762273\\\/?ref=hl\",\"https:\\\/\\\/x.com\\\/LaGuiadPamplona\",\"https:\\\/\\\/www.instagram.com\\\/la_guia_de_pamplona\\\/\",\"https:\\\/\\\/www.youtube.com\\\/user\\\/laguiadepamplona\"]},{\"@type\":\"Person\",\"@id\":\"https:\\\/\\\/www.laguiadepamplona.com\\\/actualidad\\\/#\\\/schema\\\/person\\\/efe887376f0213d4657c93adc50b1fdb\",\"name\":\"La Gu\u00eda de Pamplona\",\"image\":{\"@type\":\"ImageObject\",\"inLanguage\":\"es\",\"@id\":\"https:\\\/\\\/secure.gravatar.com\\\/avatar\\\/b6992f131dc8d30ab0dff15446e9d346d9dbd95992de0fef795073f5ea83a81c?s=96&d=mm&r=g\",\"url\":\"https:\\\/\\\/secure.gravatar.com\\\/avatar\\\/b6992f131dc8d30ab0dff15446e9d346d9dbd95992de0fef795073f5ea83a81c?s=96&d=mm&r=g\",\"contentUrl\":\"https:\\\/\\\/secure.gravatar.com\\\/avatar\\\/b6992f131dc8d30ab0dff15446e9d346d9dbd95992de0fef795073f5ea83a81c?s=96&d=mm&r=g\",\"caption\":\"La Gu\u00eda de Pamplona\"}}]}<\/script>\n<!-- \/ Yoast SEO plugin. -->","yoast_head_json":{"title":"Pamplona organiza visitas guiadas a la exposici\u00f3n del Privilegio de la Uni\u00f3n \u2018A vida de paz et concordia\u2019 para los fines de semana de octubre y noviembre","description":"Este martes se abren las inscripciones para las visitas, en castellano y euskera, a trav\u00e9s del tel\u00e9fono de atenci\u00f3n ciudadana 010","robots":{"index":"index","follow":"follow","max-snippet":"max-snippet:-1","max-image-preview":"max-image-preview:large","max-video-preview":"max-video-preview:-1"},"canonical":"https:\/\/www.laguiadepamplona.com\/actualidad\/pamplona-organiza-visitas-guiadas-a-la-exposicion-del-privilegio-de-la-union-a-vida-de-paz-et-concordia-para-los-fines-de-semana-de-octubre-y-noviembre\/","og_locale":"es_ES","og_type":"article","og_title":"Pamplona organiza visitas guiadas a la exposici\u00f3n del Privilegio de la Uni\u00f3n \u2018A vida de paz et concordia\u2019 para los fines de semana de octubre y noviembre","og_description":"Este martes se abren las inscripciones para las visitas, en castellano y euskera, a trav\u00e9s del tel\u00e9fono de atenci\u00f3n ciudadana 010","og_url":"https:\/\/www.laguiadepamplona.com\/actualidad\/pamplona-organiza-visitas-guiadas-a-la-exposicion-del-privilegio-de-la-union-a-vida-de-paz-et-concordia-para-los-fines-de-semana-de-octubre-y-noviembre\/","og_site_name":"La Gu\u00eda de Pamplona","article_publisher":"https:\/\/www.facebook.com\/laguiadepamplonacom-133175176762273\/?ref=hl","article_published_time":"2023-10-02T11:40:58+00:00","og_image":[{"width":1200,"height":800,"url":"https:\/\/www.laguiadepamplona.com\/actualidad\/wp-content\/uploads\/2023\/10\/EXPO-CONDESTABLE_E5A7178.webp","type":"image\/webp"}],"author":"La Gu\u00eda de Pamplona","twitter_card":"summary_large_image","twitter_creator":"@LaGuiadPamplona","twitter_site":"@LaGuiadPamplona","twitter_misc":{"Escrito por":"La Gu\u00eda de Pamplona","Tiempo de lectura":"3 minutos"},"schema":{"@context":"https:\/\/schema.org","@graph":[{"@type":"Article","@id":"https:\/\/www.laguiadepamplona.com\/actualidad\/pamplona-organiza-visitas-guiadas-a-la-exposicion-del-privilegio-de-la-union-a-vida-de-paz-et-concordia-para-los-fines-de-semana-de-octubre-y-noviembre\/#article","isPartOf":{"@id":"https:\/\/www.laguiadepamplona.com\/actualidad\/pamplona-organiza-visitas-guiadas-a-la-exposicion-del-privilegio-de-la-union-a-vida-de-paz-et-concordia-para-los-fines-de-semana-de-octubre-y-noviembre\/"},"author":{"name":"La Gu\u00eda de Pamplona","@id":"https:\/\/www.laguiadepamplona.com\/actualidad\/#\/schema\/person\/efe887376f0213d4657c93adc50b1fdb"},"headline":"Pamplona organiza visitas guiadas a la exposici\u00f3n del Privilegio de la Uni\u00f3n \u2018A vida de paz et concordia\u2019 para los fines de semana de octubre y noviembre","datePublished":"2023-10-02T11:40:58+00:00","mainEntityOfPage":{"@id":"https:\/\/www.laguiadepamplona.com\/actualidad\/pamplona-organiza-visitas-guiadas-a-la-exposicion-del-privilegio-de-la-union-a-vida-de-paz-et-concordia-para-los-fines-de-semana-de-octubre-y-noviembre\/"},"wordCount":534,"commentCount":0,"publisher":{"@id":"https:\/\/www.laguiadepamplona.com\/actualidad\/#organization"},"image":{"@id":"https:\/\/www.laguiadepamplona.com\/actualidad\/pamplona-organiza-visitas-guiadas-a-la-exposicion-del-privilegio-de-la-union-a-vida-de-paz-et-concordia-para-los-fines-de-semana-de-octubre-y-noviembre\/#primaryimage"},"thumbnailUrl":"https:\/\/www.laguiadepamplona.com\/actualidad\/wp-content\/uploads\/2023\/10\/EXPO-CONDESTABLE_E5A7178.webp","articleSection":["Ayto Pamplona"],"inLanguage":"es","potentialAction":[{"@type":"CommentAction","name":"Comment","target":["https:\/\/www.laguiadepamplona.com\/actualidad\/pamplona-organiza-visitas-guiadas-a-la-exposicion-del-privilegio-de-la-union-a-vida-de-paz-et-concordia-para-los-fines-de-semana-de-octubre-y-noviembre\/#respond"]}]},{"@type":"WebPage","@id":"https:\/\/www.laguiadepamplona.com\/actualidad\/pamplona-organiza-visitas-guiadas-a-la-exposicion-del-privilegio-de-la-union-a-vida-de-paz-et-concordia-para-los-fines-de-semana-de-octubre-y-noviembre\/","url":"https:\/\/www.laguiadepamplona.com\/actualidad\/pamplona-organiza-visitas-guiadas-a-la-exposicion-del-privilegio-de-la-union-a-vida-de-paz-et-concordia-para-los-fines-de-semana-de-octubre-y-noviembre\/","name":"Pamplona organiza visitas guiadas a la exposici\u00f3n del Privilegio de la Uni\u00f3n \u2018A vida de paz et concordia\u2019 para los fines de semana de octubre y noviembre","isPartOf":{"@id":"https:\/\/www.laguiadepamplona.com\/actualidad\/#website"},"primaryImageOfPage":{"@id":"https:\/\/www.laguiadepamplona.com\/actualidad\/pamplona-organiza-visitas-guiadas-a-la-exposicion-del-privilegio-de-la-union-a-vida-de-paz-et-concordia-para-los-fines-de-semana-de-octubre-y-noviembre\/#primaryimage"},"image":{"@id":"https:\/\/www.laguiadepamplona.com\/actualidad\/pamplona-organiza-visitas-guiadas-a-la-exposicion-del-privilegio-de-la-union-a-vida-de-paz-et-concordia-para-los-fines-de-semana-de-octubre-y-noviembre\/#primaryimage"},"thumbnailUrl":"https:\/\/www.laguiadepamplona.com\/actualidad\/wp-content\/uploads\/2023\/10\/EXPO-CONDESTABLE_E5A7178.webp","datePublished":"2023-10-02T11:40:58+00:00","description":"Este martes se abren las inscripciones para las visitas, en castellano y euskera, a trav\u00e9s del tel\u00e9fono de atenci\u00f3n ciudadana 010","breadcrumb":{"@id":"https:\/\/www.laguiadepamplona.com\/actualidad\/pamplona-organiza-visitas-guiadas-a-la-exposicion-del-privilegio-de-la-union-a-vida-de-paz-et-concordia-para-los-fines-de-semana-de-octubre-y-noviembre\/#breadcrumb"},"inLanguage":"es","potentialAction":[{"@type":"ReadAction","target":["https:\/\/www.laguiadepamplona.com\/actualidad\/pamplona-organiza-visitas-guiadas-a-la-exposicion-del-privilegio-de-la-union-a-vida-de-paz-et-concordia-para-los-fines-de-semana-de-octubre-y-noviembre\/"]}]},{"@type":"ImageObject","inLanguage":"es","@id":"https:\/\/www.laguiadepamplona.com\/actualidad\/pamplona-organiza-visitas-guiadas-a-la-exposicion-del-privilegio-de-la-union-a-vida-de-paz-et-concordia-para-los-fines-de-semana-de-octubre-y-noviembre\/#primaryimage","url":"https:\/\/www.laguiadepamplona.com\/actualidad\/wp-content\/uploads\/2023\/10\/EXPO-CONDESTABLE_E5A7178.webp","contentUrl":"https:\/\/www.laguiadepamplona.com\/actualidad\/wp-content\/uploads\/2023\/10\/EXPO-CONDESTABLE_E5A7178.webp","width":1200,"height":800},{"@type":"BreadcrumbList","@id":"https:\/\/www.laguiadepamplona.com\/actualidad\/pamplona-organiza-visitas-guiadas-a-la-exposicion-del-privilegio-de-la-union-a-vida-de-paz-et-concordia-para-los-fines-de-semana-de-octubre-y-noviembre\/#breadcrumb","itemListElement":[{"@type":"ListItem","position":1,"name":"Portada","item":"https:\/\/www.laguiadepamplona.com\/actualidad\/"},{"@type":"ListItem","position":2,"name":"Pamplona organiza visitas guiadas a la exposici\u00f3n del Privilegio de la Uni\u00f3n \u2018A vida de paz et concordia\u2019 para los fines de semana de octubre y noviembre"}]},{"@type":"WebSite","@id":"https:\/\/www.laguiadepamplona.com\/actualidad\/#website","url":"https:\/\/www.laguiadepamplona.com\/actualidad\/","name":"La gu\u00eda de Pamplona","description":"Noticias de Pamplona","publisher":{"@id":"https:\/\/www.laguiadepamplona.com\/actualidad\/#organization"},"potentialAction":[{"@type":"SearchAction","target":{"@type":"EntryPoint","urlTemplate":"https:\/\/www.laguiadepamplona.com\/actualidad\/?s={search_term_string}"},"query-input":{"@type":"PropertyValueSpecification","valueRequired":true,"valueName":"search_term_string"}}],"inLanguage":"es"},{"@type":"Organization","@id":"https:\/\/www.laguiadepamplona.com\/actualidad\/#organization","name":"La Gu\u00eda de Pamplona \/ Noticias","url":"https:\/\/www.laguiadepamplona.com\/actualidad\/","logo":{"@type":"ImageObject","inLanguage":"es","@id":"https:\/\/www.laguiadepamplona.com\/actualidad\/#\/schema\/logo\/image\/","url":"https:\/\/www.laguiadepamplona.com\/actualidad\/wp-content\/uploads\/2018\/11\/logo-laguiadepamplona18-web1.png","contentUrl":"https:\/\/www.laguiadepamplona.com\/actualidad\/wp-content\/uploads\/2018\/11\/logo-laguiadepamplona18-web1.png","width":600,"height":196,"caption":"La Gu\u00eda de Pamplona \/ Noticias"},"image":{"@id":"https:\/\/www.laguiadepamplona.com\/actualidad\/#\/schema\/logo\/image\/"},"sameAs":["https:\/\/www.facebook.com\/laguiadepamplonacom-133175176762273\/?ref=hl","https:\/\/x.com\/LaGuiadPamplona","https:\/\/www.instagram.com\/la_guia_de_pamplona\/","https:\/\/www.youtube.com\/user\/laguiadepamplona"]},{"@type":"Person","@id":"https:\/\/www.laguiadepamplona.com\/actualidad\/#\/schema\/person\/efe887376f0213d4657c93adc50b1fdb","name":"La Gu\u00eda de Pamplona","image":{"@type":"ImageObject","inLanguage":"es","@id":"https:\/\/secure.gravatar.com\/avatar\/b6992f131dc8d30ab0dff15446e9d346d9dbd95992de0fef795073f5ea83a81c?s=96&d=mm&r=g","url":"https:\/\/secure.gravatar.com\/avatar\/b6992f131dc8d30ab0dff15446e9d346d9dbd95992de0fef795073f5ea83a81c?s=96&d=mm&r=g","contentUrl":"https:\/\/secure.gravatar.com\/avatar\/b6992f131dc8d30ab0dff15446e9d346d9dbd95992de0fef795073f5ea83a81c?s=96&d=mm&r=g","caption":"La Gu\u00eda de Pamplona"}}]}},"post_mailing_queue_ids":[],"_links":{"self":[{"href":"https:\/\/www.laguiadepamplona.com\/actualidad\/wp-json\/wp\/v2\/posts\/47458","targetHints":{"allow":["GET"]}}],"collection":[{"href":"https:\/\/www.laguiadepamplona.com\/actualidad\/wp-json\/wp\/v2\/posts"}],"about":[{"href":"https:\/\/www.laguiadepamplona.com\/actualidad\/wp-json\/wp\/v2\/types\/post"}],"author":[{"embeddable":true,"href":"https:\/\/www.laguiadepamplona.com\/actualidad\/wp-json\/wp\/v2\/users\/1"}],"replies":[{"embeddable":true,"href":"https:\/\/www.laguiadepamplona.com\/actualidad\/wp-json\/wp\/v2\/comments?post=47458"}],"version-history":[{"count":1,"href":"https:\/\/www.laguiadepamplona.com\/actualidad\/wp-json\/wp\/v2\/posts\/47458\/revisions"}],"predecessor-version":[{"id":47460,"href":"https:\/\/www.laguiadepamplona.com\/actualidad\/wp-json\/wp\/v2\/posts\/47458\/revisions\/47460"}],"wp:featuredmedia":[{"embeddable":true,"href":"https:\/\/www.laguiadepamplona.com\/actualidad\/wp-json\/wp\/v2\/media\/47459"}],"wp:attachment":[{"href":"https:\/\/www.laguiadepamplona.com\/actualidad\/wp-json\/wp\/v2\/media?parent=47458"}],"wp:term":[{"taxonomy":"category","embeddable":true,"href":"https:\/\/www.laguiadepamplona.com\/actualidad\/wp-json\/wp\/v2\/categories?post=47458"},{"taxonomy":"post_tag","embeddable":true,"href":"https:\/\/www.laguiadepamplona.com\/actualidad\/wp-json\/wp\/v2\/tags?post=47458"}],"curies":[{"name":"wp","href":"https:\/\/api.w.org\/{rel}","templated":true}]}}